{"id":114507,"date":"2025-01-16T07:12:19","date_gmt":"2025-01-16T04:12:19","guid":{"rendered":"https:\/\/buletin.de\/bucuresti\/?p=114507"},"modified":"2025-01-24T19:23:15","modified_gmt":"2025-01-24T16:23:15","slug":"omerta-in-jurul-directorului-de-la-cultura-care-intimideaza-jurnalisti-nici-o-reactie-de-la-ciolacu-si-intotero","status":"publish","type":"post","link":"https:\/\/buletin.de\/bucuresti\/omerta-in-jurul-directorului-de-la-cultura-care-intimideaza-jurnalisti-nici-o-reactie-de-la-ciolacu-si-intotero\/","title":{"rendered":"\u201eOmerta\u201c guvernamental\u0103 din jurul \u0219efului de la Cultur\u0103 care avizeaz\u0103 demol\u0103rile cl\u0103dirilor de patrimoniu din Capital\u0103. Nici o reac\u021bie de la \u0219efii s\u0103i, Ciolacu \u0219i Intotero"},"content":{"rendered":"\n<p><strong>Ministrul \u00een subordinea c\u0103reia se afl\u0103 Drago\u0219 Fr\u0103sineanu evit\u0103, de aproape o s\u0103pt\u0103m\u00e2n\u0103, s\u0103 aib\u0103 o reac\u021bie \u00een cazul intimid\u0103rii de c\u0103tre acesta a jurnali\u0219tilor Buletin de Bucure\u0219ti. \u00cen ciuda insisten\u021belor redac\u021biei, Natalia Intotero nu a reac\u021bionat \u00een nici un fel cu privire la ac\u021biunile \u0219efului de la Cultur\u0103. <\/strong><\/p>\n\n\n\n<p><strong>Acesta ocup\u0103 fotoliul de director de aproape 10 ani, iar institu\u021bia pe care o conduce are ultimul cuv\u00e2nt cu privire la demol\u0103rile imobilelor de patrimoniu sau a cl\u0103dirilor aflate \u00een zone protejate. <\/strong><\/p>\n\n\n\n<p>Joia trecut\u0103, Drago\u0219 Fr\u0103sineanu, directorul Direc\u021biei pentru Cultur\u0103 a Municipiului Bucure\u0219ti (DCMB), i-a transmis reporterului Buletin de Bucure\u0219ti, \u00eentr-o discu\u021bie la sediul institu\u021biei, c\u0103 este prea t\u00e2n\u0103r s\u0103 se bage \u201e\u00een astfel de lucruri\u201d.<\/p>\n\n\n\n<p>Drago\u0219 Fr\u0103sineanu a sus\u021binut c\u0103 articolul \u201e<a href=\"https:\/\/buletin.de\/bucuresti\/ironie-amara-institutia-responsabila-cu-protejarea-patrimoniului-are-aparate-de-aer-conditionat-ilegale-pe-cladirea-monument-istoric-in-care-functioneaza\/?fbclid=IwY2xjawHs0RhleHRuA2FlbQIxMQABHbCD2DZmCSCziMyLm2C8Ei2HkOg5Mnj3V1Q_z1iLvgiuprr9AGoqooVp8A_aem_rLqXq2K5ocH-yGU9rEheAQ\" target=\"_blank\" rel=\"noreferrer noopener\">Ironie amar\u0103: institu\u0163ia responsabil\u0103 cu protejarea patrimoniului are aparate de aer condi\u021bionat ilegale pe cl\u0103direa monument istoric \u00een care func\u0163ioneaz\u0103\u201d&nbsp;<\/a>ar fi \u201e<em>o lucr\u0103tur\u0103 at\u00e2t de prost f\u0103cut\u0103<\/em>\u201d \u0219i \u201e<em>o comand\u0103<\/em>\u201d \u00eempotriva lui.<\/p>\n\n\n\n<blockquote class=\"wp-block-quote is-layout-flow wp-block-quote-is-layout-flow\">\n<p>\u201eTu e\u0219ti o verig\u0103 printre ultimele. Chiar sacrificat\u0103, din p\u0103cate. \u0218i \u00eemi pare r\u0103u. Mare grij\u0103, te rog,\u00a0<strong>nu e cazul s\u0103-\u021bi distrugi via\u021ba<\/strong>!\u201d &#8211; Drago\u0219 Fr\u0103sineanu, c\u0103tre jurnalistul Buletin de Bucure\u0219ti<\/p>\n<\/blockquote>\n\n\n\n<p>O alt\u0103 angajat\u0103 a institu\u021biei publice, participant\u0103 la discu\u021bie, a insistat pe faptul c\u0103 DCMB \u00eel va da \u00een judecat\u0103 pe jurnalist \u201e<strong>pe persoan\u0103 fizic\u0103, \u00een\u021belegi?<\/strong>\u201d.<\/p>\n\n\n\n<p>\u00cen finalul discu\u021biei, Drago\u0219 Fr\u0103sineanu a precizat c\u0103 din moment ce \u0219i sediul Asocia\u021biei Funky Citizens, publisherul Buletin de Bucure\u0219ti, este \u00eentr-o zon\u0103 protejat\u0103, sigur poate fi g\u0103sit ceva \u00een neregul\u0103 la un control.<\/p>\n\n\n\n<blockquote class=\"wp-block-quote is-layout-flow wp-block-quote-is-layout-flow\">\n<p><em>\u201e<\/em>E at\u00e2t de simplu de aflat, chiar a\u0219 merge acum, de curiozitate, s\u0103 facem o constatare la fa\u021ba locului, s\u0103 chem \u0219i Poli\u021bia Local\u0103 \u0219i ISC-ul (Inspectoratul de Stat \u00een Construc\u021bii \u2013 n. red.) \u0219i s\u0103 vedem cum sunte\u021bi voi versus noi, c\u0103 voi ne-a\u021bi incriminat pe noi \u00een fel \u0219i chip\u2026<\/p>\n\n\n\n<p><strong>Dac\u0103 g\u0103sesc un d-\u0103sta schimbat (un \u00eentrerup\u0103tor \u2013 n. red.), e jale<\/strong>. \u0218i am dreptul \u0103sta. Nu o lua ca pe o amenin\u021bare, e o glum\u0103. Astea sunt infrac\u021biuni \u0219i c\u00e2nd afli de ele trebuie s\u0103 dai curs\u2026\u201d &#8211; Drago\u0219 Fr\u0103sineanu<\/p>\n<\/blockquote>\n\n\n\n<p>Pe parcursul dialogului, directorul DCMB a mai precizat c\u0103 va reclama organiza\u021bia la institu\u021biile de la care a ob\u021binut granturi de finan\u021bare.<\/p>\n\n\n\n<p>\u201e<strong>\u0218tii c\u00e2t de u\u0219or este s\u0103 faci r\u0103u \u00een lumea asta?<\/strong>\u201d, a afirmat Drago\u0219 Fr\u0103sineanu.<\/p>\n\n\n\n<p>CITE\u0218TE \u0218I: <strong><a href=\"https:\/\/buletin.de\/bucuresti\/seful-directiei-pentru-cultura-din-capitala-dragos-frasineanu-catre-reporterul-buletin-de-bucuresti-maine-sunt-la-voi-la-usa-cu-politie-si-procuratura-nu-e-cazul-sa-ti-distrugi-viata\/\" target=\"_blank\" rel=\"noreferrer noopener\">\u0218eful Direc\u021biei pentru Cultur\u0103 din Capital\u0103, Drago\u0219 Fr\u0103sineanu, c\u0103tre reporterul Buletin de Bucure\u0219ti: \u201eM\u00e2ine sunt la voi la u\u0219\u0103, cu poli\u021bie \u0219i procuratur\u0103. Nu e cazul s\u0103-\u021bi distrugi via\u021ba\u201d<\/a><\/strong><\/p>\n\n\n\n<h2 class=\"wp-block-heading\" id=\"h-omerta-in-jurul-\u0219efului-de-la-cultura\">\u201eOmerta\u201c \u00een jurul \u0219efului de la Cultur\u0103<\/h2>\n\n\n\n<p><strong>Direc\u021bia pentru Cultur\u0103 a Municipiului Bucure\u0219ti este o institu\u021bie aflat\u0103 \u00een subordinea direct\u0103 a Ministerului Culturii. <\/strong><\/p>\n\n\n\n<p><strong>Directorul DCMB este, practic, reprezentantul ministrului \u00een teritoriu. <a href=\"https:\/\/campaniamea.declic.ro\/petitions\/demisia-directorului-directiei-pentru-cultura-bucuresti\">Are statut de \u201eautoritate\u201d c\u00e2nd vine vorba despre demol\u0103rile imobilelor de patrimoniu sau a cl\u0103dirilor aflate \u00een zone protejate.<\/a><\/strong><\/p>\n\n\n\n<p>Prin urmare, Buletin de Bucure\u0219ti a \u00eencercat s\u0103 afle care este pozi\u021bia noului ministru al Culturii, Natalia Intotero, cu privire la cele afirmate de reprezentantului s\u0103u \u00een Bucure\u0219ti, Drago\u0219 Fr\u0103sineanu. <\/p>\n\n\n\n<p>Intotero ocup\u0103 func\u021bia de aproape o lun\u0103, dup\u0103 ce, \u00een prealabil, \u00een Guvernul Ciolacu 1 a ocupat fotoliu de ministru al Muncii.<\/p>\n\n\n\n<p>Mai \u00eent\u00e2i am sunat-o. Nici un r\u0103spuns. Apoi am trimis o solicitare oficial\u0103 pe adresa cabinetului s\u0103u de la Ministerul Culturii, dar \u0219i pe adresa Biroului de Pres\u0103, cu urm\u0103torul con\u021binut: \u201eV\u0103 rug\u0103m s\u0103 ne comunica\u021bi care este pozi\u021bia Ministerului Culturii fa\u021b\u0103 de comportamentul acestui director de institu\u021bie public\u0103.\u201d<\/p>\n\n\n\n<p>Abia miercuri, un reprezentant al Direc\u021biei de Comunicare ne-a transmis doar c\u0103 solicitarea noastr\u0103 a fost primit\u0103, dar \u201eeste \u00eenc\u0103 \u00een lucru\u201d.<\/p>\n\n\n\n<p><strong>\u00centre timp, am mai sunat-o de c\u00e2teva ori pe Natalia Intotero \u0219i i-am trimis \u0219i un mesaj pe WhatsApp. P\u00e2n\u0103 acum, nu am primit nici un r\u0103spuns.<\/strong><\/p>\n\n\n\n<p><strong>L-am contactat, tot prin WhatsApp, \u0219i pe premierul Marcel Ciolacu, pe considerentul c\u0103 Direc\u021bia pentru Cultur\u0103 a Municipiului Bucure\u0219ti este, implicit, o institu\u021bie \u00een subordinea Guvernului. Nu am primit, de asemenea, nici un r\u0103spuns. <\/strong><\/p>\n\n\n\n<p>Mai mult, Marcel Ciolacu \u0219i-a setat aplica\u021bia de WhatsApp s\u0103 \u0219tearg\u0103 toate mesajele dup\u0103 24 de ore.<\/p>\n\n\n\n<h2 class=\"wp-block-heading\" id=\"h-cine-il-sus\u021bine-pe-drago\u0219-frasineanu\">Cine \u00eel sus\u021bine pe Drago\u0219 Fr\u0103sineanu<\/h2>\n\n\n\n<p><strong>Buletin de Bucure\u0219ti a descoperit c\u0103 so\u021bia directorului Direc\u021biei pentru Cultur\u0103 a Municipiului Bucure\u0219ti, Mihaela Fr\u0103sineanu, este consilier de stat \u00een Cancelaria prim-ministrului Marcel Ciolacu. <\/strong><\/p>\n\n\n\n<figure class=\"wp-block-image size-large\"><img fetchpriority=\"high\" decoding=\"async\" width=\"900\" height=\"600\" src=\"data:image\/gif;base64,R0lGODlhAQABAAAAACH5BAEKAAEALAAAAAABAAEAAAICTAEAOw==\" data-src=\"https:\/\/buletin.de\/bucuresti\/wp-content\/uploads\/ID283017_INQUAM_Photos_Malina_Norocea-900x600.jpg\" alt=\"\" class=\"wp-image-114527 lazyload\" data-sizes=\"auto\" data-srcset=\"https:\/\/buletin.de\/bucuresti\/wp-content\/uploads\/ID283017_INQUAM_Photos_Malina_Norocea-900x600.jpg 900w, https:\/\/buletin.de\/bucuresti\/wp-content\/uploads\/ID283017_INQUAM_Photos_Malina_Norocea-300x200.jpg 300w, https:\/\/buletin.de\/bucuresti\/wp-content\/uploads\/ID283017_INQUAM_Photos_Malina_Norocea-768x512.jpg 768w, https:\/\/buletin.de\/bucuresti\/wp-content\/uploads\/ID283017_INQUAM_Photos_Malina_Norocea-1536x1024.jpg 1536w, https:\/\/buletin.de\/bucuresti\/wp-content\/uploads\/ID283017_INQUAM_Photos_Malina_Norocea-1600x1066.jpg 1600w, https:\/\/buletin.de\/bucuresti\/wp-content\/uploads\/ID283017_INQUAM_Photos_Malina_Norocea-1100x733.jpg 1100w, https:\/\/buletin.de\/bucuresti\/wp-content\/uploads\/ID283017_INQUAM_Photos_Malina_Norocea-600x400.jpg 600w, https:\/\/buletin.de\/bucuresti\/wp-content\/uploads\/ID283017_INQUAM_Photos_Malina_Norocea-20x13.jpg 20w, https:\/\/buletin.de\/bucuresti\/wp-content\/uploads\/ID283017_INQUAM_Photos_Malina_Norocea.jpg 2000w\" sizes=\"(max-width: 900px) 100vw, 900px\" \/><figcaption class=\"wp-element-caption\">Mihaela Fr\u0103sineanu, la conferinta de presa pe tema masurilor din domeniile Agricultura, respectiv Mediu, Ape si Paduri din programul de guvernare al PSD pentru perioada 2025 &#8211; 2028, Bucuresti, 14 noiembrie 2024. FOTO: Inquam Photos\/M\u0103lina Norocea<\/figcaption><\/figure>\n\n\n\n<p>Cei doi so\u021bi au \u201ecrescut\u201d \u00eempreun\u0103 \u00een aparatul de stat, de la func\u021bionari la Prim\u0103ria Sectorului 3, condus\u0103 de Robert Negoi\u021b\u0103, p\u00e2n\u0103 la func\u021biile guvernamentale de azi.<\/p>\n\n\n\n<p>Mihaela Fr\u0103sineanu a avut func\u021bii mai importante dec\u00e2t so\u021bul ei: a mai fost secretar general adjunct \u00een Ministerul Mediului \u0219i directoare \u00een Compania Na\u0163ional\u0103 de Administrare a Infrastructurii Rutiere S.A  &#8211; de unde a \u00eencasat peste 130.000 de euro \u00een urma unei hot\u0103r\u00e2ri judec\u0103tore\u0219ti.<\/p>\n\n\n\n<p>CITE\u0218TE \u0218I: <strong><a href=\"https:\/\/buletin.de\/bucuresti\/frasineanu-de-la-directia-pentru-cultura-absolvent-de-geografie-cariera-de-functionar-presarata-de-controverse-sotia-consilier-de-stat-la-cancelaria-lui-marcel-ciolacu\/\" target=\"_blank\" rel=\"noreferrer noopener\">Fr\u0103sineanu de la Direc\u021bia pentru Cultur\u0103, absolvent de Geografie, carier\u0103 de func\u021bionar pres\u0103rat\u0103 de controverse. So\u021bia, consilier de stat la Cancelaria lui Marcel Ciolacu<\/a><\/strong><\/p>\n\n\n\n<h2 class=\"wp-block-heading\" id=\"h-ce-i-a-starnit-supararea-\u0219efului-de-la-cultura\">Ce i-a st\u00e2rnit sup\u0103rarea \u0219efului de la Cultur\u0103<\/h2>\n\n\n\n<p><strong>Buletin de Bucure\u0219ti&nbsp;<\/strong>a publicat miercuri, 8 ianuarie, un articol cu privire la faptul c\u0103 pe fa\u021bada cl\u0103dirii sunt montate f\u0103r\u0103 autoriza\u021bie de construire aparate de climatizare.<\/p>\n\n\n\n<p>Poli\u021bia Local\u0103 a transmis, \u00eentr-un r\u0103spuns oferit unui cet\u0103\u021bean care a sesizat situa\u021bia, c\u0103 imobilul din strada Sf\u00e2ntul \u0218tefan nr. 2 \u201ese afl\u0103 amplasat \u00een perimetrul Zonei Construite Protejate nr. 37\u201d, potrivit&nbsp;<a href=\"https:\/\/storage.googleapis.com\/evt_patrimoniu_prod\/fwwo959ioy7iu0l7wtcwpi174dun?GoogleAccessId=cloudvision-api%40urbyapp-com.iam.gserviceaccount.com&amp;Expires=1736470853&amp;Signature=YcvyIkV%2FQcXfHXHqe5F2lWESRZvKTZoEgPgkipxjSiqwpvmejg5TjverG%2BMWHb8acylPSNNfs%2F83u4Bx0w6NN4GShZFHqW0jHKRFye3doLii0ueA57x%2B1J6%2F%2BJMW2UBK0V0zxnrHzv2oCu11bkGM2ETHjxC7uejATfUmuYrZ9HT2aHcVgGqMGrq1YRp4RGIx%2BE8AOQxXX1Q2fREhpQvv4b97KY5yJ3eH%2F7viNyyMcAK8ArC0%2BVfvx6e3JPiRiISFRiQOb8rHElj%2Bl3vno5JhSxT8ffwQjuyx9MqskCLvisWcstOR26CE%2F6Lc58t6PKf0%2FnDgdjb0JxKyCKP9GuNK4w%3D%3D&amp;response-content-disposition=inline%3B+filename%3D%22LMI-B.pdf%22%3B+filename%2A%3DUTF-8%27%27LMI-B.pdf&amp;response-content-type=application%2Fpdf\">Listei Monumentelor Istorice<\/a>.<\/p>\n\n\n\n<p>Iar legea 50\/1991, invocat\u0103 de poli\u021bi\u0219tii locali, men\u021bioneaz\u0103 c\u0103 \u201e<em>lucr\u0103rile de construire, reconstruire, extindere, reparare, consolidare, protejare, restaurare, conservare, precum \u0219i&nbsp;<strong>orice alte lucr\u0103ri, indiferent de valoarea lor,&nbsp;<\/strong>care urmeaz\u0103 s\u0103 fie efectuate la toate categoriile de monumente istorice prev\u0103zute de lege \u2013 monumente, ansambluri, situri \u2013 inclusiv la anexele acestora, identificate \u00een acela\u0219i imobil \u2013 teren \u0219i\/sau construc\u021bii, la construc\u021bii&nbsp;<strong>amplasate \u00een zone de protec\u021bie a monumentelor \u0219i \u00een zone construite protejate<\/strong>, stabilite potrivit legii, ori la construc\u021bii cu valoare arhitectural\u0103 sau istoric\u0103 deosebit\u0103, stabilite prin documenta\u021bii de urbanism aprobate<\/em>\u201d executate f\u0103r\u0103 autoriza\u021bie de construire constituie&nbsp;<strong>infrac\u021biuni&nbsp;<\/strong>\u0219i&nbsp;<strong>se pedepsesc cu \u00eenchisoare de la 3 luni la un an sau cu amend\u0103<\/strong>.<\/p>\n\n\n\n<p>CITE\u0218TE \u0218I: <a href=\"https:\/\/buletin.de\/bucuresti\/ironie-amara-institutia-responsabila-cu-protejarea-patrimoniului-are-aparate-de-aer-conditionat-ilegale-pe-cladirea-monument-istoric-in-care-functioneaza\/?fbclid=IwY2xjawHs0RhleHRuA2FlbQIxMQABHbCD2DZmCSCziMyLm2C8Ei2HkOg5Mnj3V1Q_z1iLvgiuprr9AGoqooVp8A_aem_rLqXq2K5ocH-yGU9rEheAQ\" target=\"_blank\" rel=\"noreferrer noopener\"><strong>Ironie amar\u0103: institu\u0163ia responsabil\u0103 cu protejarea patrimoniului are aparate de aer condi\u021bionat ilegale pe cl\u0103direa monument istoric \u00een care func\u0163ioneaz\u0103<\/strong><\/a><\/p>\n\n\n\n<h2 class=\"wp-block-heading\" id=\"h-directorul-recidivist\">Directorul recidivist<\/h2>\n\n\n\n<p><strong>Drago\u0219 Fr\u0103sineanu este \u201erecidivist\u201d c\u00e2nd vine vorba de atitudinea controversat\u0103 fa\u021b\u0103 de jurnali\u0219ti.<\/strong><\/p>\n\n\n\n<p>Dup\u0103 ce Buletin de Bucure\u0219ti a publicat articolul \u201e<a href=\"https:\/\/buletin.de\/bucuresti\/seful-directiei-pentru-cultura-din-capitala-dragos-frasineanu-catre-reporterul-buletin-de-bucuresti-maine-sunt-la-voi-la-usa-cu-politie-si-procuratura-nu-e-cazul-sa-ti-distrugi-viata\/\" target=\"_blank\" rel=\"noreferrer noopener\">\u0218eful Direc\u021biei pentru Cultur\u0103 din Capital\u0103, Drago\u0219 Fr\u0103sineanu, c\u0103tre reporterul Buletin de Bucure\u0219ti: \u201eM\u00e2ine sunt la voi la u\u0219\u0103, cu poli\u021bie \u0219i procuratur\u0103. Nu e cazul s\u0103-\u021bi distrugi via\u021ba<\/a>\u201d, Alexandra T\u0103n\u0103sescu, fost\u0103 jurnalist\u0103 Pro TV, a scris despre faptul c\u0103 a trecut printr-o situa\u021bie similar\u0103.<\/p>\n\n\n\n<blockquote class=\"wp-block-quote is-layout-flow wp-block-quote-is-layout-flow\">\n<p>Am p\u0103\u021bit acela\u0219i lucru cu personajul Drago\u0219 Fr\u0103sineanu, dup\u0103 ce am f\u0103cut la&nbsp;<a href=\"https:\/\/www.facebook.com\/StirileProTV?__cft__[0]=AZWZqcPzs3X_tfPqFf2XqF_zY-V3MJfR6-3MR1cRnYr5VKtz8zQ-eeYbYqjeAbOp_uaN7Oa7fTyMnsTnH9jFDZ1ZQ-L6hqw0PpaE2iD5o3hS5P-3RMlIqeFXxHrTtjSVPh7i4IFhvuvo_cB4b8GnmCl-tcRFzU-mEYfvKiQvn8D_LreWyVbuCSjIfcuDLFXl2tJGhbhb0JOXm5oOt-mUxnc6ShKd8CO-KYMGOiBt-S2kdA&amp;__tn__=R]-R\" target=\"_blank\" rel=\"noreferrer noopener\">StirileProTV<\/a>&nbsp;mai multe materiale despre autoriza\u021bii ilegale semnate de el. Am primit amenin\u021b\u0103ri at\u00e2t la telefon, c\u00e2t \u0219i pe adresa redac\u021biei\u201d &#8211; Alexandra T\u0103n\u0103sescu, jurnalist Cultura la dub\u0103, fost jurnalist Pro TV<\/p>\n<\/blockquote>\n\n\n\n<p><strong><em>Editor: C\u0103t\u0103lin Dosca\u0219<\/em><\/strong><\/p>\n\n\n\n<p><strong>CITE\u0218TE \u0218I:&nbsp;<a href=\"https:\/\/buletin.de\/bucuresti\/directorul-directiei-pentru-cultura-bucuresti-a-mai-amenintat-jurnalisti-cazul-pro-tv-reactiile-opiniei-publice\/\">Directorul Direc\u021biei pentru Cultur\u0103 Bucure\u0219ti a mai amenin\u021bat jurnali\u0219ti. Cazul Pro TV. Reac\u021biile opiniei publice<\/a><\/strong><\/p>\n","protected":false},"excerpt":{"rendered":"<p>Ministrul \u00een subordinea c\u0103reia se afl\u0103 Drago\u0219 Fr\u0103sineanu evit\u0103, de aproape o s\u0103pt\u0103m\u00e2n\u0103, s\u0103 aib\u0103 o reac\u021bie \u00een cazul intimid\u0103rii de c\u0103tre acesta a jurnali\u0219tilor Buletin de Bucure\u0219ti. \u00cen ciuda insisten\u021belor redac\u021biei, Natalia Intotero nu a reac\u021bionat \u00een nici un fel cu privire la ac\u021biunile \u0219efului de la Cultur\u0103. Acesta ocup\u0103 fotoliul de director de [&hellip;]<\/p>\n","protected":false},"author":60,"featured_media":114517,"comment_status":"closed","ping_status":"open","sticky":false,"template":"","format":"standard","meta":{"_acf_changed":false,"inline_featured_image":false,"ngg_post_thumbnail":0,"footnotes":""},"categories":[6994,5762,9025],"tags":[18247,13673,9,18248,3177,2275,15927,18251,18249,229,18250],"ppma_author":[22582],"class_list":["post-114507","post","type-post","status-publish","format-standard","has-post-thumbnail","hentry","category-stiri-2","category-main","category-politic","tag-aparate-de-aer-conditionat","tag-autorizatie-de-construire","tag-bucuresti","tag-directia-pentru-cultura-a-municipiului-bucuresti","tag-ministerul-culturii","tag-monumente-istorice","tag-patrimoniu-bucuresti","tag-piata-sfantul-stefan","tag-politia-locala-a-municipiului-bucuresti","tag-sector-2","tag-zone-construite-protejate"],"acf":[],"yoast_head":"<!-- This site is optimized with the Yoast SEO Premium plugin v25.3 (Yoast SEO v27.4) - https:\/\/yoast.com\/product\/yoast-seo-premium-wordpress\/ -->\n<title>\u201eOmerta\u201c guvernamental\u0103 din jurul \u0219efului de la Cultur\u0103 care avizeaz\u0103 demol\u0103rile cl\u0103dirilor de patrimoniu din Capital\u0103. Nici o reac\u021bie de la \u0219efii s\u0103i, Ciolacu \u0219i Intotero - Buletin de Bucure\u0219ti<\/title>\n<meta name=\"description\" content=\"Omerta \u00een jurul \u0219efului de la Cultur\u0103 care intimideaz\u0103 jurnali\u0219ti. Nici o reac\u021bie de la premierul Ciolacu \u0219i ministrul Culturii.\" \/>\n<meta name=\"robots\" content=\"index, follow, max-snippet:-1, max-image-preview:large, max-video-preview:-1\" \/>\n<link rel=\"canonical\" href=\"https:\/\/buletin.de\/bucuresti\/omerta-in-jurul-directorului-de-la-cultura-care-intimideaza-jurnalisti-nici-o-reactie-de-la-ciolacu-si-intotero\/\" \/>\n<meta property=\"og:locale\" content=\"en_GB\" \/>\n<meta property=\"og:type\" content=\"article\" \/>\n<meta property=\"og:title\" content=\"\u201eOmerta\u201c guvernamental\u0103 din jurul \u0219efului de la Cultur\u0103 care avizeaz\u0103 demol\u0103rile cl\u0103dirilor de patrimoniu din Capital\u0103. Nici o reac\u021bie de la \u0219efii s\u0103i, Ciolacu \u0219i Intotero\" \/>\n<meta property=\"og:description\" content=\"Omerta \u00een jurul \u0219efului de la Cultur\u0103 care intimideaz\u0103 jurnali\u0219ti. Nici o reac\u021bie de la premierul Ciolacu \u0219i ministrul Culturii.\" \/>\n<meta property=\"og:url\" content=\"https:\/\/buletin.de\/bucuresti\/omerta-in-jurul-directorului-de-la-cultura-care-intimideaza-jurnalisti-nici-o-reactie-de-la-ciolacu-si-intotero\/\" \/>\n<meta property=\"og:site_name\" content=\"Buletin de Bucure\u0219ti\" \/>\n<meta property=\"article:publisher\" content=\"https:\/\/www.facebook.com\/buletin.de.buc\" \/>\n<meta property=\"article:published_time\" content=\"2025-01-16T04:12:19+00:00\" \/>\n<meta property=\"article:modified_time\" content=\"2025-01-24T16:23:15+00:00\" \/>\n<meta property=\"og:image\" content=\"https:\/\/buletin.de\/bucuresti\/wp-content\/uploads\/intoterofrasineanu.jpg\" \/>\n\t<meta property=\"og:image:width\" content=\"1280\" \/>\n\t<meta property=\"og:image:height\" content=\"720\" \/>\n\t<meta property=\"og:image:type\" content=\"image\/jpeg\" \/>\n<meta name=\"author\" content=\"R\u0103zvan Chiru\u021b\u0103\" \/>\n<meta name=\"twitter:card\" content=\"summary_large_image\" \/>\n<meta name=\"twitter:label1\" content=\"Written by\" \/>\n\t<meta name=\"twitter:data1\" content=\"R\u0103zvan Chiru\u021b\u0103\" \/>\n\t<meta name=\"twitter:label2\" content=\"Estimated reading time\" \/>\n\t<meta name=\"twitter:data2\" content=\"5 minutes\" \/>\n<script type=\"application\/ld+json\" class=\"yoast-schema-graph\">{\"@context\":\"https:\\\/\\\/schema.org\",\"@graph\":[{\"@type\":\"Article\",\"@id\":\"https:\\\/\\\/buletin.de\\\/bucuresti\\\/omerta-in-jurul-directorului-de-la-cultura-care-intimideaza-jurnalisti-nici-o-reactie-de-la-ciolacu-si-intotero\\\/#article\",\"isPartOf\":{\"@id\":\"https:\\\/\\\/buletin.de\\\/bucuresti\\\/omerta-in-jurul-directorului-de-la-cultura-care-intimideaza-jurnalisti-nici-o-reactie-de-la-ciolacu-si-intotero\\\/\"},\"author\":{\"name\":\"R\u0103zvan Chiru\u021b\u0103\",\"@id\":\"https:\\\/\\\/buletin.de\\\/bucuresti\\\/#\\\/schema\\\/person\\\/a76df728dfc913795a9d90e346b253bb\"},\"headline\":\"\u201eOmerta\u201c guvernamental\u0103 din jurul \u0219efului de la Cultur\u0103 care avizeaz\u0103 demol\u0103rile cl\u0103dirilor de patrimoniu din Capital\u0103. Nici o reac\u021bie de la \u0219efii s\u0103i, Ciolacu \u0219i Intotero\",\"datePublished\":\"2025-01-16T04:12:19+00:00\",\"dateModified\":\"2025-01-24T16:23:15+00:00\",\"mainEntityOfPage\":{\"@id\":\"https:\\\/\\\/buletin.de\\\/bucuresti\\\/omerta-in-jurul-directorului-de-la-cultura-care-intimideaza-jurnalisti-nici-o-reactie-de-la-ciolacu-si-intotero\\\/\"},\"wordCount\":1395,\"publisher\":{\"@id\":\"https:\\\/\\\/buletin.de\\\/bucuresti\\\/#organization\"},\"image\":{\"@id\":\"https:\\\/\\\/buletin.de\\\/bucuresti\\\/omerta-in-jurul-directorului-de-la-cultura-care-intimideaza-jurnalisti-nici-o-reactie-de-la-ciolacu-si-intotero\\\/#primaryimage\"},\"thumbnailUrl\":\"https:\\\/\\\/buletin.de\\\/bucuresti\\\/wp-content\\\/uploads\\\/intoterofrasineanu.jpg\",\"keywords\":[\"aparate de aer conditionat\",\"autorizatie de construire\",\"bucuresti\",\"directia pentru cultura a municipiului bucuresti\",\"ministerul culturii\",\"monumente istorice\",\"patrimoniu bucuresti\",\"piata sfantul stefan\",\"politia locala a municipiului bucuresti\",\"Sector 2\",\"zone construite protejate\"],\"articleSection\":[\"Articole\",\"Main\",\"Politic\"],\"inLanguage\":\"en-GB\",\"copyrightYear\":\"2025\",\"copyrightHolder\":{\"@id\":\"https:\\\/\\\/buletin.de\\\/bucuresti\\\/#organization\"}},{\"@type\":\"WebPage\",\"@id\":\"https:\\\/\\\/buletin.de\\\/bucuresti\\\/omerta-in-jurul-directorului-de-la-cultura-care-intimideaza-jurnalisti-nici-o-reactie-de-la-ciolacu-si-intotero\\\/\",\"url\":\"https:\\\/\\\/buletin.de\\\/bucuresti\\\/omerta-in-jurul-directorului-de-la-cultura-care-intimideaza-jurnalisti-nici-o-reactie-de-la-ciolacu-si-intotero\\\/\",\"name\":\"\u201eOmerta\u201c guvernamental\u0103 din jurul \u0219efului de la Cultur\u0103 care avizeaz\u0103 demol\u0103rile cl\u0103dirilor de patrimoniu din Capital\u0103. Nici o reac\u021bie de la \u0219efii s\u0103i, Ciolacu \u0219i Intotero - Buletin de Bucure\u0219ti\",\"isPartOf\":{\"@id\":\"https:\\\/\\\/buletin.de\\\/bucuresti\\\/#website\"},\"primaryImageOfPage\":{\"@id\":\"https:\\\/\\\/buletin.de\\\/bucuresti\\\/omerta-in-jurul-directorului-de-la-cultura-care-intimideaza-jurnalisti-nici-o-reactie-de-la-ciolacu-si-intotero\\\/#primaryimage\"},\"image\":{\"@id\":\"https:\\\/\\\/buletin.de\\\/bucuresti\\\/omerta-in-jurul-directorului-de-la-cultura-care-intimideaza-jurnalisti-nici-o-reactie-de-la-ciolacu-si-intotero\\\/#primaryimage\"},\"thumbnailUrl\":\"https:\\\/\\\/buletin.de\\\/bucuresti\\\/wp-content\\\/uploads\\\/intoterofrasineanu.jpg\",\"datePublished\":\"2025-01-16T04:12:19+00:00\",\"dateModified\":\"2025-01-24T16:23:15+00:00\",\"description\":\"Omerta \u00een jurul \u0219efului de la Cultur\u0103 care intimideaz\u0103 jurnali\u0219ti. Nici o reac\u021bie de la premierul Ciolacu \u0219i ministrul Culturii.\",\"breadcrumb\":{\"@id\":\"https:\\\/\\\/buletin.de\\\/bucuresti\\\/omerta-in-jurul-directorului-de-la-cultura-care-intimideaza-jurnalisti-nici-o-reactie-de-la-ciolacu-si-intotero\\\/#breadcrumb\"},\"inLanguage\":\"en-GB\",\"potentialAction\":[{\"@type\":\"ReadAction\",\"target\":[\"https:\\\/\\\/buletin.de\\\/bucuresti\\\/omerta-in-jurul-directorului-de-la-cultura-care-intimideaza-jurnalisti-nici-o-reactie-de-la-ciolacu-si-intotero\\\/\"]}]},{\"@type\":\"ImageObject\",\"inLanguage\":\"en-GB\",\"@id\":\"https:\\\/\\\/buletin.de\\\/bucuresti\\\/omerta-in-jurul-directorului-de-la-cultura-care-intimideaza-jurnalisti-nici-o-reactie-de-la-ciolacu-si-intotero\\\/#primaryimage\",\"url\":\"https:\\\/\\\/buletin.de\\\/bucuresti\\\/wp-content\\\/uploads\\\/intoterofrasineanu.jpg\",\"contentUrl\":\"https:\\\/\\\/buletin.de\\\/bucuresti\\\/wp-content\\\/uploads\\\/intoterofrasineanu.jpg\",\"width\":1280,\"height\":720,\"caption\":\"Omerta \u00een jurul directorului de la Cultur\u0103. Intotore evit\u0103 o reac\u021bie. Colaj BdB, cu fotografii de pe FB Intotero \u0219i Fr\u0103sineanu\"},{\"@type\":\"BreadcrumbList\",\"@id\":\"https:\\\/\\\/buletin.de\\\/bucuresti\\\/omerta-in-jurul-directorului-de-la-cultura-care-intimideaza-jurnalisti-nici-o-reactie-de-la-ciolacu-si-intotero\\\/#breadcrumb\",\"itemListElement\":[{\"@type\":\"ListItem\",\"position\":1,\"name\":\"Acas\u0103\",\"item\":\"https:\\\/\\\/buletin.de\\\/bucuresti\\\/\"},{\"@type\":\"ListItem\",\"position\":2,\"name\":\"\u201eOmerta\u201c guvernamental\u0103 din jurul \u0219efului de la Cultur\u0103 care avizeaz\u0103 demol\u0103rile cl\u0103dirilor de patrimoniu din Capital\u0103. Nici o reac\u021bie de la \u0219efii s\u0103i, Ciolacu \u0219i Intotero\"}]},{\"@type\":\"WebSite\",\"@id\":\"https:\\\/\\\/buletin.de\\\/bucuresti\\\/#website\",\"url\":\"https:\\\/\\\/buletin.de\\\/bucuresti\\\/\",\"name\":\"Buletin de Bucure\u0219ti\",\"description\":\"\u0218tiri \u0219i investiga\u021bii esen\u021biale din capital\u0103\",\"publisher\":{\"@id\":\"https:\\\/\\\/buletin.de\\\/bucuresti\\\/#organization\"},\"potentialAction\":[{\"@type\":\"SearchAction\",\"target\":{\"@type\":\"EntryPoint\",\"urlTemplate\":\"https:\\\/\\\/buletin.de\\\/bucuresti\\\/?s={search_term_string}\"},\"query-input\":{\"@type\":\"PropertyValueSpecification\",\"valueRequired\":true,\"valueName\":\"search_term_string\"}}],\"inLanguage\":\"en-GB\"},{\"@type\":\"Organization\",\"@id\":\"https:\\\/\\\/buletin.de\\\/bucuresti\\\/#organization\",\"name\":\"Buletin de Bucure\u0219ti\",\"url\":\"https:\\\/\\\/buletin.de\\\/bucuresti\\\/\",\"logo\":{\"@type\":\"ImageObject\",\"inLanguage\":\"en-GB\",\"@id\":\"https:\\\/\\\/buletin.de\\\/bucuresti\\\/#\\\/schema\\\/logo\\\/image\\\/\",\"url\":\"https:\\\/\\\/buletin.de\\\/bucuresti\\\/wp-content\\\/uploads\\\/logo-bdb-full-wide-vernil-transparent.png\",\"contentUrl\":\"https:\\\/\\\/buletin.de\\\/bucuresti\\\/wp-content\\\/uploads\\\/logo-bdb-full-wide-vernil-transparent.png\",\"width\":1782,\"height\":626,\"caption\":\"Buletin de Bucure\u0219ti\"},\"image\":{\"@id\":\"https:\\\/\\\/buletin.de\\\/bucuresti\\\/#\\\/schema\\\/logo\\\/image\\\/\"},\"sameAs\":[\"https:\\\/\\\/www.facebook.com\\\/buletin.de.buc\",\"https:\\\/\\\/www.instagram.com\\\/buletinde.bucuresti\\\/\"]},{\"@type\":\"Person\",\"@id\":\"https:\\\/\\\/buletin.de\\\/bucuresti\\\/#\\\/schema\\\/person\\\/a76df728dfc913795a9d90e346b253bb\",\"name\":\"R\u0103zvan Chiru\u021b\u0103\",\"image\":{\"@type\":\"ImageObject\",\"inLanguage\":\"en-GB\",\"@id\":\"https:\\\/\\\/buletin.de\\\/bucuresti\\\/wp-content\\\/uploads\\\/Razvan-Chiruta-96x96.jpge7143b996fd4241fbd6ee1f6b6b7b267\",\"url\":\"https:\\\/\\\/buletin.de\\\/bucuresti\\\/wp-content\\\/uploads\\\/Razvan-Chiruta-96x96.jpg\",\"contentUrl\":\"https:\\\/\\\/buletin.de\\\/bucuresti\\\/wp-content\\\/uploads\\\/Razvan-Chiruta-96x96.jpg\",\"caption\":\"R\u0103zvan Chiru\u021b\u0103\"},\"description\":\"R\u0103zvan Chiru\u021b\u0103 este redactor-\u0219ef adjunct din iulie 2024. A fost redactor-\u0219ef al PRESShub \u00eentre 2022 \u0219i iunie 2024. Anterior, a fost redactor-\u0219ef al Newsweek Rom\u00e2nia, din 2018 p\u00e2n\u0103 \u00een 2021, \u0219i al cotidianului Rom\u00e2nia liber\u0103, \u00eentre 2015 \u0219i 2017. Este absolvent de Jurnalism, \u00een cadrul Universit\u0103\u021bii \u201eAl.I.Cuza\u201d din Ia\u0219i, \u0219i a urmat un master \u00een Managementul institu\u021biilor mass-media (f\u0103r\u0103 diserta\u021bie) la Facultatea de Jurnalism \u0219i \u0218tiin\u021bele Comunic\u0103rii din cadrul Universit\u0103\u021bii din Bucure\u0219ti. \u0218i-a \u00eenceput cariera la Opinia studen\u021beasc\u0103, cunoscuta \u0219coal\u0103 de pres\u0103 din Ia\u0219i. A lucrat \u00een presa local\u0103, apoi a devenit corespondent pentru Ia\u0219i al cotidianului Evenimentul Zilei. Din 2004, a coordonat pentru \u0219ase luni sec\u021bia de coresponden\u021bi a Evenimentului Zilei. A mai lucrat la s\u0103pt\u0103m\u00e2nalul Prezent \u0219i a colaborat cu revistele Dilema Veche \u0219i Suplimentul de Cultur\u0103. Este co-autor \u00een volumele \u201eMass-media \u0219i democra\u021bia \u00een Rom\u00e2nia post-comunist\u0103\u201d (ed. a II-a), Ed. Institutul European, Ia\u0219i, 2013, \u0219i \u201eCOVID - 19. Dimensiuni ale gestionarii pandemiei\u201d, Editura Junimea, Ia\u0219i, 2020.\",\"url\":\"https:\\\/\\\/buletin.de\\\/bucuresti\\\/author\\\/razvan-chiruta\\\/\"}]}<\/script>\n<!-- \/ Yoast SEO Premium plugin. -->","yoast_head_json":{"title":"\u201eOmerta\u201c guvernamental\u0103 din jurul \u0219efului de la Cultur\u0103 care avizeaz\u0103 demol\u0103rile cl\u0103dirilor de patrimoniu din Capital\u0103. Nici o reac\u021bie de la \u0219efii s\u0103i, Ciolacu \u0219i Intotero - Buletin de Bucure\u0219ti","description":"Omerta \u00een jurul \u0219efului de la Cultur\u0103 care intimideaz\u0103 jurnali\u0219ti. Nici o reac\u021bie de la premierul Ciolacu \u0219i ministrul Culturii.","robots":{"index":"index","follow":"follow","max-snippet":"max-snippet:-1","max-image-preview":"max-image-preview:large","max-video-preview":"max-video-preview:-1"},"canonical":"https:\/\/buletin.de\/bucuresti\/omerta-in-jurul-directorului-de-la-cultura-care-intimideaza-jurnalisti-nici-o-reactie-de-la-ciolacu-si-intotero\/","og_locale":"en_GB","og_type":"article","og_title":"\u201eOmerta\u201c guvernamental\u0103 din jurul \u0219efului de la Cultur\u0103 care avizeaz\u0103 demol\u0103rile cl\u0103dirilor de patrimoniu din Capital\u0103. Nici o reac\u021bie de la \u0219efii s\u0103i, Ciolacu \u0219i Intotero","og_description":"Omerta \u00een jurul \u0219efului de la Cultur\u0103 care intimideaz\u0103 jurnali\u0219ti. Nici o reac\u021bie de la premierul Ciolacu \u0219i ministrul Culturii.","og_url":"https:\/\/buletin.de\/bucuresti\/omerta-in-jurul-directorului-de-la-cultura-care-intimideaza-jurnalisti-nici-o-reactie-de-la-ciolacu-si-intotero\/","og_site_name":"Buletin de Bucure\u0219ti","article_publisher":"https:\/\/www.facebook.com\/buletin.de.buc","article_published_time":"2025-01-16T04:12:19+00:00","article_modified_time":"2025-01-24T16:23:15+00:00","og_image":[{"width":1280,"height":720,"url":"https:\/\/buletin.de\/bucuresti\/wp-content\/uploads\/intoterofrasineanu.jpg","type":"image\/jpeg"}],"author":"R\u0103zvan Chiru\u021b\u0103","twitter_card":"summary_large_image","twitter_misc":{"Written by":"R\u0103zvan Chiru\u021b\u0103","Estimated reading time":"5 minutes"},"schema":{"@context":"https:\/\/schema.org","@graph":[{"@type":"Article","@id":"https:\/\/buletin.de\/bucuresti\/omerta-in-jurul-directorului-de-la-cultura-care-intimideaza-jurnalisti-nici-o-reactie-de-la-ciolacu-si-intotero\/#article","isPartOf":{"@id":"https:\/\/buletin.de\/bucuresti\/omerta-in-jurul-directorului-de-la-cultura-care-intimideaza-jurnalisti-nici-o-reactie-de-la-ciolacu-si-intotero\/"},"author":{"name":"R\u0103zvan Chiru\u021b\u0103","@id":"https:\/\/buletin.de\/bucuresti\/#\/schema\/person\/a76df728dfc913795a9d90e346b253bb"},"headline":"\u201eOmerta\u201c guvernamental\u0103 din jurul \u0219efului de la Cultur\u0103 care avizeaz\u0103 demol\u0103rile cl\u0103dirilor de patrimoniu din Capital\u0103. Nici o reac\u021bie de la \u0219efii s\u0103i, Ciolacu \u0219i Intotero","datePublished":"2025-01-16T04:12:19+00:00","dateModified":"2025-01-24T16:23:15+00:00","mainEntityOfPage":{"@id":"https:\/\/buletin.de\/bucuresti\/omerta-in-jurul-directorului-de-la-cultura-care-intimideaza-jurnalisti-nici-o-reactie-de-la-ciolacu-si-intotero\/"},"wordCount":1395,"publisher":{"@id":"https:\/\/buletin.de\/bucuresti\/#organization"},"image":{"@id":"https:\/\/buletin.de\/bucuresti\/omerta-in-jurul-directorului-de-la-cultura-care-intimideaza-jurnalisti-nici-o-reactie-de-la-ciolacu-si-intotero\/#primaryimage"},"thumbnailUrl":"https:\/\/buletin.de\/bucuresti\/wp-content\/uploads\/intoterofrasineanu.jpg","keywords":["aparate de aer conditionat","autorizatie de construire","bucuresti","directia pentru cultura a municipiului bucuresti","ministerul culturii","monumente istorice","patrimoniu bucuresti","piata sfantul stefan","politia locala a municipiului bucuresti","Sector 2","zone construite protejate"],"articleSection":["Articole","Main","Politic"],"inLanguage":"en-GB","copyrightYear":"2025","copyrightHolder":{"@id":"https:\/\/buletin.de\/bucuresti\/#organization"}},{"@type":"WebPage","@id":"https:\/\/buletin.de\/bucuresti\/omerta-in-jurul-directorului-de-la-cultura-care-intimideaza-jurnalisti-nici-o-reactie-de-la-ciolacu-si-intotero\/","url":"https:\/\/buletin.de\/bucuresti\/omerta-in-jurul-directorului-de-la-cultura-care-intimideaza-jurnalisti-nici-o-reactie-de-la-ciolacu-si-intotero\/","name":"\u201eOmerta\u201c guvernamental\u0103 din jurul \u0219efului de la Cultur\u0103 care avizeaz\u0103 demol\u0103rile cl\u0103dirilor de patrimoniu din Capital\u0103. Nici o reac\u021bie de la \u0219efii s\u0103i, Ciolacu \u0219i Intotero - Buletin de Bucure\u0219ti","isPartOf":{"@id":"https:\/\/buletin.de\/bucuresti\/#website"},"primaryImageOfPage":{"@id":"https:\/\/buletin.de\/bucuresti\/omerta-in-jurul-directorului-de-la-cultura-care-intimideaza-jurnalisti-nici-o-reactie-de-la-ciolacu-si-intotero\/#primaryimage"},"image":{"@id":"https:\/\/buletin.de\/bucuresti\/omerta-in-jurul-directorului-de-la-cultura-care-intimideaza-jurnalisti-nici-o-reactie-de-la-ciolacu-si-intotero\/#primaryimage"},"thumbnailUrl":"https:\/\/buletin.de\/bucuresti\/wp-content\/uploads\/intoterofrasineanu.jpg","datePublished":"2025-01-16T04:12:19+00:00","dateModified":"2025-01-24T16:23:15+00:00","description":"Omerta \u00een jurul \u0219efului de la Cultur\u0103 care intimideaz\u0103 jurnali\u0219ti. Nici o reac\u021bie de la premierul Ciolacu \u0219i ministrul Culturii.","breadcrumb":{"@id":"https:\/\/buletin.de\/bucuresti\/omerta-in-jurul-directorului-de-la-cultura-care-intimideaza-jurnalisti-nici-o-reactie-de-la-ciolacu-si-intotero\/#breadcrumb"},"inLanguage":"en-GB","potentialAction":[{"@type":"ReadAction","target":["https:\/\/buletin.de\/bucuresti\/omerta-in-jurul-directorului-de-la-cultura-care-intimideaza-jurnalisti-nici-o-reactie-de-la-ciolacu-si-intotero\/"]}]},{"@type":"ImageObject","inLanguage":"en-GB","@id":"https:\/\/buletin.de\/bucuresti\/omerta-in-jurul-directorului-de-la-cultura-care-intimideaza-jurnalisti-nici-o-reactie-de-la-ciolacu-si-intotero\/#primaryimage","url":"https:\/\/buletin.de\/bucuresti\/wp-content\/uploads\/intoterofrasineanu.jpg","contentUrl":"https:\/\/buletin.de\/bucuresti\/wp-content\/uploads\/intoterofrasineanu.jpg","width":1280,"height":720,"caption":"Omerta \u00een jurul directorului de la Cultur\u0103. Intotore evit\u0103 o reac\u021bie. Colaj BdB, cu fotografii de pe FB Intotero \u0219i Fr\u0103sineanu"},{"@type":"BreadcrumbList","@id":"https:\/\/buletin.de\/bucuresti\/omerta-in-jurul-directorului-de-la-cultura-care-intimideaza-jurnalisti-nici-o-reactie-de-la-ciolacu-si-intotero\/#breadcrumb","itemListElement":[{"@type":"ListItem","position":1,"name":"Acas\u0103","item":"https:\/\/buletin.de\/bucuresti\/"},{"@type":"ListItem","position":2,"name":"\u201eOmerta\u201c guvernamental\u0103 din jurul \u0219efului de la Cultur\u0103 care avizeaz\u0103 demol\u0103rile cl\u0103dirilor de patrimoniu din Capital\u0103. Nici o reac\u021bie de la \u0219efii s\u0103i, Ciolacu \u0219i Intotero"}]},{"@type":"WebSite","@id":"https:\/\/buletin.de\/bucuresti\/#website","url":"https:\/\/buletin.de\/bucuresti\/","name":"Buletin de Bucure\u0219ti","description":"\u0218tiri \u0219i investiga\u021bii esen\u021biale din capital\u0103","publisher":{"@id":"https:\/\/buletin.de\/bucuresti\/#organization"},"potentialAction":[{"@type":"SearchAction","target":{"@type":"EntryPoint","urlTemplate":"https:\/\/buletin.de\/bucuresti\/?s={search_term_string}"},"query-input":{"@type":"PropertyValueSpecification","valueRequired":true,"valueName":"search_term_string"}}],"inLanguage":"en-GB"},{"@type":"Organization","@id":"https:\/\/buletin.de\/bucuresti\/#organization","name":"Buletin de Bucure\u0219ti","url":"https:\/\/buletin.de\/bucuresti\/","logo":{"@type":"ImageObject","inLanguage":"en-GB","@id":"https:\/\/buletin.de\/bucuresti\/#\/schema\/logo\/image\/","url":"https:\/\/buletin.de\/bucuresti\/wp-content\/uploads\/logo-bdb-full-wide-vernil-transparent.png","contentUrl":"https:\/\/buletin.de\/bucuresti\/wp-content\/uploads\/logo-bdb-full-wide-vernil-transparent.png","width":1782,"height":626,"caption":"Buletin de Bucure\u0219ti"},"image":{"@id":"https:\/\/buletin.de\/bucuresti\/#\/schema\/logo\/image\/"},"sameAs":["https:\/\/www.facebook.com\/buletin.de.buc","https:\/\/www.instagram.com\/buletinde.bucuresti\/"]},{"@type":"Person","@id":"https:\/\/buletin.de\/bucuresti\/#\/schema\/person\/a76df728dfc913795a9d90e346b253bb","name":"R\u0103zvan Chiru\u021b\u0103","image":{"@type":"ImageObject","inLanguage":"en-GB","@id":"https:\/\/buletin.de\/bucuresti\/wp-content\/uploads\/Razvan-Chiruta-96x96.jpge7143b996fd4241fbd6ee1f6b6b7b267","url":"https:\/\/buletin.de\/bucuresti\/wp-content\/uploads\/Razvan-Chiruta-96x96.jpg","contentUrl":"https:\/\/buletin.de\/bucuresti\/wp-content\/uploads\/Razvan-Chiruta-96x96.jpg","caption":"R\u0103zvan Chiru\u021b\u0103"},"description":"R\u0103zvan Chiru\u021b\u0103 este redactor-\u0219ef adjunct din iulie 2024. A fost redactor-\u0219ef al PRESShub \u00eentre 2022 \u0219i iunie 2024. Anterior, a fost redactor-\u0219ef al Newsweek Rom\u00e2nia, din 2018 p\u00e2n\u0103 \u00een 2021, \u0219i al cotidianului Rom\u00e2nia liber\u0103, \u00eentre 2015 \u0219i 2017. Este absolvent de Jurnalism, \u00een cadrul Universit\u0103\u021bii \u201eAl.I.Cuza\u201d din Ia\u0219i, \u0219i a urmat un master \u00een Managementul institu\u021biilor mass-media (f\u0103r\u0103 diserta\u021bie) la Facultatea de Jurnalism \u0219i \u0218tiin\u021bele Comunic\u0103rii din cadrul Universit\u0103\u021bii din Bucure\u0219ti. \u0218i-a \u00eenceput cariera la Opinia studen\u021beasc\u0103, cunoscuta \u0219coal\u0103 de pres\u0103 din Ia\u0219i. A lucrat \u00een presa local\u0103, apoi a devenit corespondent pentru Ia\u0219i al cotidianului Evenimentul Zilei. Din 2004, a coordonat pentru \u0219ase luni sec\u021bia de coresponden\u021bi a Evenimentului Zilei. A mai lucrat la s\u0103pt\u0103m\u00e2nalul Prezent \u0219i a colaborat cu revistele Dilema Veche \u0219i Suplimentul de Cultur\u0103. Este co-autor \u00een volumele \u201eMass-media \u0219i democra\u021bia \u00een Rom\u00e2nia post-comunist\u0103\u201d (ed. a II-a), Ed. Institutul European, Ia\u0219i, 2013, \u0219i \u201eCOVID - 19. Dimensiuni ale gestionarii pandemiei\u201d, Editura Junimea, Ia\u0219i, 2020.","url":"https:\/\/buletin.de\/bucuresti\/author\/razvan-chiruta\/"}]}},"authors":[{"term_id":22582,"user_id":60,"is_guest":0,"slug":"razvan-chiruta","display_name":"R\u0103zvan Chiru\u021b\u0103","avatar_url":"https:\/\/buletin.de\/bucuresti\/wp-content\/uploads\/Razvan-Chiruta-96x96.jpg","0":null,"1":"","2":"","3":"","4":"","5":"","6":"","7":"","8":""}],"_links":{"self":[{"href":"https:\/\/buletin.de\/bucuresti\/wp-json\/wp\/v2\/posts\/114507","targetHints":{"allow":["GET"]}}],"collection":[{"href":"https:\/\/buletin.de\/bucuresti\/wp-json\/wp\/v2\/posts"}],"about":[{"href":"https:\/\/buletin.de\/bucuresti\/wp-json\/wp\/v2\/types\/post"}],"author":[{"embeddable":true,"href":"https:\/\/buletin.de\/bucuresti\/wp-json\/wp\/v2\/users\/60"}],"replies":[{"embeddable":true,"href":"https:\/\/buletin.de\/bucuresti\/wp-json\/wp\/v2\/comments?post=114507"}],"version-history":[{"count":10,"href":"https:\/\/buletin.de\/bucuresti\/wp-json\/wp\/v2\/posts\/114507\/revisions"}],"predecessor-version":[{"id":114552,"href":"https:\/\/buletin.de\/bucuresti\/wp-json\/wp\/v2\/posts\/114507\/revisions\/114552"}],"wp:featuredmedia":[{"embeddable":true,"href":"https:\/\/buletin.de\/bucuresti\/wp-json\/wp\/v2\/media\/114517"}],"wp:attachment":[{"href":"https:\/\/buletin.de\/bucuresti\/wp-json\/wp\/v2\/media?parent=114507"}],"wp:term":[{"taxonomy":"category","embeddable":true,"href":"https:\/\/buletin.de\/bucuresti\/wp-json\/wp\/v2\/categories?post=114507"},{"taxonomy":"post_tag","embeddable":true,"href":"https:\/\/buletin.de\/bucuresti\/wp-json\/wp\/v2\/tags?post=114507"},{"taxonomy":"author","embeddable":true,"href":"https:\/\/buletin.de\/bucuresti\/wp-json\/wp\/v2\/ppma_author?post=114507"}],"curies":[{"name":"wp","href":"https:\/\/api.w.org\/{rel}","templated":true}]}}