{"id":114464,"date":"2025-01-16T07:00:00","date_gmt":"2025-01-16T04:00:00","guid":{"rendered":"https:\/\/buletin.de\/bucuresti\/?p=114464"},"modified":"2025-01-16T06:52:54","modified_gmt":"2025-01-16T03:52:54","slug":"meteo-bucuresti-cer-senin-si-temperaturi-de-pana-la-8-9-grade","status":"publish","type":"post","link":"https:\/\/buletin.de\/bucuresti\/meteo-bucuresti-cer-senin-si-temperaturi-de-pana-la-8-9-grade\/","title":{"rendered":"Meteo Bucure\u0219ti | Cer senin \u0219i temperaturi peste limita de \u00eenghe\u021b"},"content":{"rendered":"\n<p><strong>Meteo Bucure\u0219ti. <a href=\"https:\/\/www.meteoromania.ro\/\">Administra\u021bia Na\u021bional\u0103 de Meteorologie<\/a> are ve\u0219ti bune, pentru bucure\u0219teni, la sf\u00e2r\u0219it de s\u0103pt\u0103m\u00e2n\u0103. Vor fi temperaturi de p\u00e2n\u0103 la 8 grade, \u00een Capital\u0103.<\/strong><\/p>\n\n\n\n<p><strong>Vineri, 17 ianuarie,<\/strong> vremea se va men\u021bine predominant frumoas\u0103, cu valori termice, mai ales la amiaz\u0103, peste mediile normale, specifice datei. Cerul va fi variabil, iar v\u00e2ntul va sufla slab \u0219i moderat. Temperatura maxim\u0103 se va situa \u00een jurul valorii de 8 grade, iar cea minim\u0103 va fi de -5\u2026-2 grade.<\/p>\n\n\n\n<h2 class=\"wp-block-heading\" id=\"h-meteo-bucure\u0219ti-cer-senin-\u0219i-sambata-\u0219i-duminica\">Meteo Bucure\u0219ti. Cer senin \u0219i s\u00e2mb\u0103t\u0103 \u0219i duminic\u0103<\/h2>\n\n\n\n<p><strong>S\u00e2mb\u0103t\u0103, 18 ianuarie,<\/strong> vremea va fi frumoas\u0103, iar valorile termice, ziua, se vor men\u021bine mai ridicate, fa\u021b\u0103 de cele specifice acestei date. Cerul va fi mai mult senin, iar v\u00e2ntul va sufla slab p\u00e2n\u0103 la moderat. Temperatura maxim\u0103 va fi de 7\u20268 grade, iar cea minim\u0103 de -4\u2026-2 grade. Noaptea vor fi condi\u021bii de cea\u021b\u0103.<\/p>\n\n\n\n<p><strong>Duminic\u0103, 19 ianuarie,<\/strong> vremea se va men\u021bine frumoas\u0103, cu valori termice, \u00eendeosebi pe timpul zilei, mai ridicate dec\u00e2t \u00een mod obi\u0219nuit, la aceast\u0103 dat\u0103. Cerul va fi mai mult senin, iar v\u00e2ntul va sufla slab, p\u00e2n\u0103 la moderat. Temperatura maxim\u0103 va fi de 8\u20269 grade, iar cea minim\u0103 de -4\u2026-2 grade. Diminea\u021ba \u0219i noaptea vor fi condi\u021bii de cea\u021b\u0103.<\/p>\n\n\n\n<p>Pentru s\u0103pt\u0103m\u00e2na viitoare, meteorologii anun\u021b\u0103 c\u0103 valorile termice se vor situa, \u00een continuare, peste normele climatologice, specifice acestei perioade din an, cu maxime de p\u00e2n\u0103 la 7-8 grade. Probabilitatea pentru precipita\u021bii va fi redus\u0103.<\/p>\n\n\n\n<p><strong>CITE\u0218TE \u0218I:<\/strong> <a href=\"https:\/\/buletin.de\/bucuresti\/cafeneaua-muzeu-dedicata-comunismului-din-capitala-se-muta\/\"><strong>Cafeneaua muzeu dedicat\u0103 comunismului, din Capital\u0103, se mut\u0103<\/strong><\/a><\/p>\n","protected":false},"excerpt":{"rendered":"<p>Meteo Bucure\u0219ti. Administra\u021bia Na\u021bional\u0103 de Meteorologie are ve\u0219ti bune, pentru bucure\u0219teni, la sf\u00e2r\u0219it de s\u0103pt\u0103m\u00e2n\u0103. Vor fi temperaturi de p\u00e2n\u0103 la 8 grade, \u00een Capital\u0103. Vineri, 17 ianuarie, vremea se va men\u021bine predominant frumoas\u0103, cu valori termice, mai ales la amiaz\u0103, peste mediile normale, specifice datei. Cerul va fi variabil, iar v\u00e2ntul va sufla slab [&hellip;]<\/p>\n","protected":false},"author":49,"featured_media":114488,"comment_status":"closed","ping_status":"open","sticky":false,"template":"","format":"standard","meta":{"_acf_changed":false,"inline_featured_image":false,"ngg_post_thumbnail":0,"footnotes":""},"categories":[6994,1,62],"tags":[4314,5928,987,10452],"ppma_author":[22574],"class_list":["post-114464","post","type-post","status-publish","format-standard","has-post-thumbnail","hentry","category-stiri-2","category-diverse","category-stiri","tag-anm","tag-anm-prognoza-meteo","tag-meteo-bucuresti","tag-temperaturi-bucuresti"],"acf":[],"yoast_head":"<!-- This site is optimized with the Yoast SEO Premium plugin v25.3 (Yoast SEO v27.4) - https:\/\/yoast.com\/product\/yoast-seo-premium-wordpress\/ -->\n<title>Meteo Bucure\u0219ti | Cer senin \u0219i temperaturi peste limita de \u00eenghe\u021b - Buletin de Bucure\u0219ti<\/title>\n<meta name=\"description\" content=\"Meteo Bucure\u0219ti. Administra\u021bia Na\u021bional\u0103 de Meteorologie are ve\u0219ti bune, pentru bucure\u0219teni, la sf\u00e2r\u0219it de s\u0103pt\u0103m\u00e2n\u0103.\" \/>\n<meta name=\"robots\" content=\"index, follow, max-snippet:-1, max-image-preview:large, max-video-preview:-1\" \/>\n<link rel=\"canonical\" href=\"https:\/\/buletin.de\/bucuresti\/meteo-bucuresti-cer-senin-si-temperaturi-de-pana-la-8-9-grade\/\" \/>\n<meta property=\"og:locale\" content=\"en_GB\" \/>\n<meta property=\"og:type\" content=\"article\" \/>\n<meta property=\"og:title\" content=\"Meteo Bucure\u0219ti | Cer senin \u0219i temperaturi peste limita de \u00eenghe\u021b\" \/>\n<meta property=\"og:description\" content=\"Meteo Bucure\u0219ti. Administra\u021bia Na\u021bional\u0103 de Meteorologie are ve\u0219ti bune, pentru bucure\u0219teni, la sf\u00e2r\u0219it de s\u0103pt\u0103m\u00e2n\u0103.\" \/>\n<meta property=\"og:url\" content=\"https:\/\/buletin.de\/bucuresti\/meteo-bucuresti-cer-senin-si-temperaturi-de-pana-la-8-9-grade\/\" \/>\n<meta property=\"og:site_name\" content=\"Buletin de Bucure\u0219ti\" \/>\n<meta property=\"article:publisher\" content=\"https:\/\/www.facebook.com\/buletin.de.buc\" \/>\n<meta property=\"article:published_time\" content=\"2025-01-16T04:00:00+00:00\" \/>\n<meta property=\"og:image\" content=\"https:\/\/buletin.de\/bucuresti\/wp-content\/uploads\/unirii-dambovita-1-1.jpg\" \/>\n\t<meta property=\"og:image:width\" content=\"2000\" \/>\n\t<meta property=\"og:image:height\" content=\"1125\" \/>\n\t<meta property=\"og:image:type\" content=\"image\/jpeg\" \/>\n<meta name=\"author\" content=\"Diana Matei\" \/>\n<meta name=\"twitter:card\" content=\"summary_large_image\" \/>\n<meta name=\"twitter:label1\" content=\"Written by\" \/>\n\t<meta name=\"twitter:data1\" content=\"Diana Matei\" \/>\n\t<meta name=\"twitter:label2\" content=\"Estimated reading time\" \/>\n\t<meta name=\"twitter:data2\" content=\"2 minutes\" \/>\n<script type=\"application\/ld+json\" class=\"yoast-schema-graph\">{\"@context\":\"https:\\\/\\\/schema.org\",\"@graph\":[{\"@type\":\"Article\",\"@id\":\"https:\\\/\\\/buletin.de\\\/bucuresti\\\/meteo-bucuresti-cer-senin-si-temperaturi-de-pana-la-8-9-grade\\\/#article\",\"isPartOf\":{\"@id\":\"https:\\\/\\\/buletin.de\\\/bucuresti\\\/meteo-bucuresti-cer-senin-si-temperaturi-de-pana-la-8-9-grade\\\/\"},\"author\":{\"name\":\"Diana Matei\",\"@id\":\"https:\\\/\\\/buletin.de\\\/bucuresti\\\/#\\\/schema\\\/person\\\/7e46040573290777280a0835d81ea4ea\"},\"headline\":\"Meteo Bucure\u0219ti | Cer senin \u0219i temperaturi peste limita de \u00eenghe\u021b\",\"datePublished\":\"2025-01-16T04:00:00+00:00\",\"mainEntityOfPage\":{\"@id\":\"https:\\\/\\\/buletin.de\\\/bucuresti\\\/meteo-bucuresti-cer-senin-si-temperaturi-de-pana-la-8-9-grade\\\/\"},\"wordCount\":284,\"publisher\":{\"@id\":\"https:\\\/\\\/buletin.de\\\/bucuresti\\\/#organization\"},\"image\":{\"@id\":\"https:\\\/\\\/buletin.de\\\/bucuresti\\\/meteo-bucuresti-cer-senin-si-temperaturi-de-pana-la-8-9-grade\\\/#primaryimage\"},\"thumbnailUrl\":\"https:\\\/\\\/buletin.de\\\/bucuresti\\\/wp-content\\\/uploads\\\/unirii-dambovita-1-1.jpg\",\"keywords\":[\"anm\",\"anm prognoza meteo\",\"meteo bucuresti\",\"temperaturi Bucuresti\"],\"articleSection\":[\"Articole\",\"Diverse\",\"\u0218tiri\"],\"inLanguage\":\"en-GB\",\"copyrightYear\":\"2025\",\"copyrightHolder\":{\"@id\":\"https:\\\/\\\/buletin.de\\\/bucuresti\\\/#organization\"}},{\"@type\":\"WebPage\",\"@id\":\"https:\\\/\\\/buletin.de\\\/bucuresti\\\/meteo-bucuresti-cer-senin-si-temperaturi-de-pana-la-8-9-grade\\\/\",\"url\":\"https:\\\/\\\/buletin.de\\\/bucuresti\\\/meteo-bucuresti-cer-senin-si-temperaturi-de-pana-la-8-9-grade\\\/\",\"name\":\"Meteo Bucure\u0219ti | Cer senin \u0219i temperaturi peste limita de \u00eenghe\u021b - Buletin de Bucure\u0219ti\",\"isPartOf\":{\"@id\":\"https:\\\/\\\/buletin.de\\\/bucuresti\\\/#website\"},\"primaryImageOfPage\":{\"@id\":\"https:\\\/\\\/buletin.de\\\/bucuresti\\\/meteo-bucuresti-cer-senin-si-temperaturi-de-pana-la-8-9-grade\\\/#primaryimage\"},\"image\":{\"@id\":\"https:\\\/\\\/buletin.de\\\/bucuresti\\\/meteo-bucuresti-cer-senin-si-temperaturi-de-pana-la-8-9-grade\\\/#primaryimage\"},\"thumbnailUrl\":\"https:\\\/\\\/buletin.de\\\/bucuresti\\\/wp-content\\\/uploads\\\/unirii-dambovita-1-1.jpg\",\"datePublished\":\"2025-01-16T04:00:00+00:00\",\"description\":\"Meteo Bucure\u0219ti. Administra\u021bia Na\u021bional\u0103 de Meteorologie are ve\u0219ti bune, pentru bucure\u0219teni, la sf\u00e2r\u0219it de s\u0103pt\u0103m\u00e2n\u0103.\",\"breadcrumb\":{\"@id\":\"https:\\\/\\\/buletin.de\\\/bucuresti\\\/meteo-bucuresti-cer-senin-si-temperaturi-de-pana-la-8-9-grade\\\/#breadcrumb\"},\"inLanguage\":\"en-GB\",\"potentialAction\":[{\"@type\":\"ReadAction\",\"target\":[\"https:\\\/\\\/buletin.de\\\/bucuresti\\\/meteo-bucuresti-cer-senin-si-temperaturi-de-pana-la-8-9-grade\\\/\"]}]},{\"@type\":\"ImageObject\",\"inLanguage\":\"en-GB\",\"@id\":\"https:\\\/\\\/buletin.de\\\/bucuresti\\\/meteo-bucuresti-cer-senin-si-temperaturi-de-pana-la-8-9-grade\\\/#primaryimage\",\"url\":\"https:\\\/\\\/buletin.de\\\/bucuresti\\\/wp-content\\\/uploads\\\/unirii-dambovita-1-1.jpg\",\"contentUrl\":\"https:\\\/\\\/buletin.de\\\/bucuresti\\\/wp-content\\\/uploads\\\/unirii-dambovita-1-1.jpg\",\"width\":2000,\"height\":1125,\"caption\":\"Cer senin \u0219i temperaturi de p\u00e2n\u0103 la 8 grade, \u00een weekend, la Bucure\u0219ti\"},{\"@type\":\"BreadcrumbList\",\"@id\":\"https:\\\/\\\/buletin.de\\\/bucuresti\\\/meteo-bucuresti-cer-senin-si-temperaturi-de-pana-la-8-9-grade\\\/#breadcrumb\",\"itemListElement\":[{\"@type\":\"ListItem\",\"position\":1,\"name\":\"Acas\u0103\",\"item\":\"https:\\\/\\\/buletin.de\\\/bucuresti\\\/\"},{\"@type\":\"ListItem\",\"position\":2,\"name\":\"Meteo Bucure\u0219ti | Cer senin \u0219i temperaturi peste limita de \u00eenghe\u021b\"}]},{\"@type\":\"WebSite\",\"@id\":\"https:\\\/\\\/buletin.de\\\/bucuresti\\\/#website\",\"url\":\"https:\\\/\\\/buletin.de\\\/bucuresti\\\/\",\"name\":\"Buletin de Bucure\u0219ti\",\"description\":\"\u0218tiri \u0219i investiga\u021bii esen\u021biale din capital\u0103\",\"publisher\":{\"@id\":\"https:\\\/\\\/buletin.de\\\/bucuresti\\\/#organization\"},\"potentialAction\":[{\"@type\":\"SearchAction\",\"target\":{\"@type\":\"EntryPoint\",\"urlTemplate\":\"https:\\\/\\\/buletin.de\\\/bucuresti\\\/?s={search_term_string}\"},\"query-input\":{\"@type\":\"PropertyValueSpecification\",\"valueRequired\":true,\"valueName\":\"search_term_string\"}}],\"inLanguage\":\"en-GB\"},{\"@type\":\"Organization\",\"@id\":\"https:\\\/\\\/buletin.de\\\/bucuresti\\\/#organization\",\"name\":\"Buletin de Bucure\u0219ti\",\"url\":\"https:\\\/\\\/buletin.de\\\/bucuresti\\\/\",\"logo\":{\"@type\":\"ImageObject\",\"inLanguage\":\"en-GB\",\"@id\":\"https:\\\/\\\/buletin.de\\\/bucuresti\\\/#\\\/schema\\\/logo\\\/image\\\/\",\"url\":\"https:\\\/\\\/buletin.de\\\/bucuresti\\\/wp-content\\\/uploads\\\/logo-bdb-full-wide-vernil-transparent.png\",\"contentUrl\":\"https:\\\/\\\/buletin.de\\\/bucuresti\\\/wp-content\\\/uploads\\\/logo-bdb-full-wide-vernil-transparent.png\",\"width\":1782,\"height\":626,\"caption\":\"Buletin de Bucure\u0219ti\"},\"image\":{\"@id\":\"https:\\\/\\\/buletin.de\\\/bucuresti\\\/#\\\/schema\\\/logo\\\/image\\\/\"},\"sameAs\":[\"https:\\\/\\\/www.facebook.com\\\/buletin.de.buc\",\"https:\\\/\\\/www.instagram.com\\\/buletinde.bucuresti\\\/\"]},{\"@type\":\"Person\",\"@id\":\"https:\\\/\\\/buletin.de\\\/bucuresti\\\/#\\\/schema\\\/person\\\/7e46040573290777280a0835d81ea4ea\",\"name\":\"Diana Matei\",\"image\":{\"@type\":\"ImageObject\",\"inLanguage\":\"en-GB\",\"@id\":\"https:\\\/\\\/buletin.de\\\/bucuresti\\\/wp-content\\\/uploads\\\/9-2-96x96.jpg1e8590b30871d70e62ebcdaf2eff570c\",\"url\":\"https:\\\/\\\/buletin.de\\\/bucuresti\\\/wp-content\\\/uploads\\\/9-2-96x96.jpg\",\"contentUrl\":\"https:\\\/\\\/buletin.de\\\/bucuresti\\\/wp-content\\\/uploads\\\/9-2-96x96.jpg\",\"caption\":\"Diana Matei\"},\"url\":\"https:\\\/\\\/buletin.de\\\/bucuresti\\\/author\\\/dianamatei\\\/\"}]}<\/script>\n<!-- \/ Yoast SEO Premium plugin. -->","yoast_head_json":{"title":"Meteo Bucure\u0219ti | Cer senin \u0219i temperaturi peste limita de \u00eenghe\u021b - Buletin de Bucure\u0219ti","description":"Meteo Bucure\u0219ti. Administra\u021bia Na\u021bional\u0103 de Meteorologie are ve\u0219ti bune, pentru bucure\u0219teni, la sf\u00e2r\u0219it de s\u0103pt\u0103m\u00e2n\u0103.","robots":{"index":"index","follow":"follow","max-snippet":"max-snippet:-1","max-image-preview":"max-image-preview:large","max-video-preview":"max-video-preview:-1"},"canonical":"https:\/\/buletin.de\/bucuresti\/meteo-bucuresti-cer-senin-si-temperaturi-de-pana-la-8-9-grade\/","og_locale":"en_GB","og_type":"article","og_title":"Meteo Bucure\u0219ti | Cer senin \u0219i temperaturi peste limita de \u00eenghe\u021b","og_description":"Meteo Bucure\u0219ti. Administra\u021bia Na\u021bional\u0103 de Meteorologie are ve\u0219ti bune, pentru bucure\u0219teni, la sf\u00e2r\u0219it de s\u0103pt\u0103m\u00e2n\u0103.","og_url":"https:\/\/buletin.de\/bucuresti\/meteo-bucuresti-cer-senin-si-temperaturi-de-pana-la-8-9-grade\/","og_site_name":"Buletin de Bucure\u0219ti","article_publisher":"https:\/\/www.facebook.com\/buletin.de.buc","article_published_time":"2025-01-16T04:00:00+00:00","og_image":[{"width":2000,"height":1125,"url":"https:\/\/buletin.de\/bucuresti\/wp-content\/uploads\/unirii-dambovita-1-1.jpg","type":"image\/jpeg"}],"author":"Diana Matei","twitter_card":"summary_large_image","twitter_misc":{"Written by":"Diana Matei","Estimated reading time":"2 minutes"},"schema":{"@context":"https:\/\/schema.org","@graph":[{"@type":"Article","@id":"https:\/\/buletin.de\/bucuresti\/meteo-bucuresti-cer-senin-si-temperaturi-de-pana-la-8-9-grade\/#article","isPartOf":{"@id":"https:\/\/buletin.de\/bucuresti\/meteo-bucuresti-cer-senin-si-temperaturi-de-pana-la-8-9-grade\/"},"author":{"name":"Diana Matei","@id":"https:\/\/buletin.de\/bucuresti\/#\/schema\/person\/7e46040573290777280a0835d81ea4ea"},"headline":"Meteo Bucure\u0219ti | Cer senin \u0219i temperaturi peste limita de \u00eenghe\u021b","datePublished":"2025-01-16T04:00:00+00:00","mainEntityOfPage":{"@id":"https:\/\/buletin.de\/bucuresti\/meteo-bucuresti-cer-senin-si-temperaturi-de-pana-la-8-9-grade\/"},"wordCount":284,"publisher":{"@id":"https:\/\/buletin.de\/bucuresti\/#organization"},"image":{"@id":"https:\/\/buletin.de\/bucuresti\/meteo-bucuresti-cer-senin-si-temperaturi-de-pana-la-8-9-grade\/#primaryimage"},"thumbnailUrl":"https:\/\/buletin.de\/bucuresti\/wp-content\/uploads\/unirii-dambovita-1-1.jpg","keywords":["anm","anm prognoza meteo","meteo bucuresti","temperaturi Bucuresti"],"articleSection":["Articole","Diverse","\u0218tiri"],"inLanguage":"en-GB","copyrightYear":"2025","copyrightHolder":{"@id":"https:\/\/buletin.de\/bucuresti\/#organization"}},{"@type":"WebPage","@id":"https:\/\/buletin.de\/bucuresti\/meteo-bucuresti-cer-senin-si-temperaturi-de-pana-la-8-9-grade\/","url":"https:\/\/buletin.de\/bucuresti\/meteo-bucuresti-cer-senin-si-temperaturi-de-pana-la-8-9-grade\/","name":"Meteo Bucure\u0219ti | Cer senin \u0219i temperaturi peste limita de \u00eenghe\u021b - Buletin de Bucure\u0219ti","isPartOf":{"@id":"https:\/\/buletin.de\/bucuresti\/#website"},"primaryImageOfPage":{"@id":"https:\/\/buletin.de\/bucuresti\/meteo-bucuresti-cer-senin-si-temperaturi-de-pana-la-8-9-grade\/#primaryimage"},"image":{"@id":"https:\/\/buletin.de\/bucuresti\/meteo-bucuresti-cer-senin-si-temperaturi-de-pana-la-8-9-grade\/#primaryimage"},"thumbnailUrl":"https:\/\/buletin.de\/bucuresti\/wp-content\/uploads\/unirii-dambovita-1-1.jpg","datePublished":"2025-01-16T04:00:00+00:00","description":"Meteo Bucure\u0219ti. Administra\u021bia Na\u021bional\u0103 de Meteorologie are ve\u0219ti bune, pentru bucure\u0219teni, la sf\u00e2r\u0219it de s\u0103pt\u0103m\u00e2n\u0103.","breadcrumb":{"@id":"https:\/\/buletin.de\/bucuresti\/meteo-bucuresti-cer-senin-si-temperaturi-de-pana-la-8-9-grade\/#breadcrumb"},"inLanguage":"en-GB","potentialAction":[{"@type":"ReadAction","target":["https:\/\/buletin.de\/bucuresti\/meteo-bucuresti-cer-senin-si-temperaturi-de-pana-la-8-9-grade\/"]}]},{"@type":"ImageObject","inLanguage":"en-GB","@id":"https:\/\/buletin.de\/bucuresti\/meteo-bucuresti-cer-senin-si-temperaturi-de-pana-la-8-9-grade\/#primaryimage","url":"https:\/\/buletin.de\/bucuresti\/wp-content\/uploads\/unirii-dambovita-1-1.jpg","contentUrl":"https:\/\/buletin.de\/bucuresti\/wp-content\/uploads\/unirii-dambovita-1-1.jpg","width":2000,"height":1125,"caption":"Cer senin \u0219i temperaturi de p\u00e2n\u0103 la 8 grade, \u00een weekend, la Bucure\u0219ti"},{"@type":"BreadcrumbList","@id":"https:\/\/buletin.de\/bucuresti\/meteo-bucuresti-cer-senin-si-temperaturi-de-pana-la-8-9-grade\/#breadcrumb","itemListElement":[{"@type":"ListItem","position":1,"name":"Acas\u0103","item":"https:\/\/buletin.de\/bucuresti\/"},{"@type":"ListItem","position":2,"name":"Meteo Bucure\u0219ti | Cer senin \u0219i temperaturi peste limita de \u00eenghe\u021b"}]},{"@type":"WebSite","@id":"https:\/\/buletin.de\/bucuresti\/#website","url":"https:\/\/buletin.de\/bucuresti\/","name":"Buletin de Bucure\u0219ti","description":"\u0218tiri \u0219i investiga\u021bii esen\u021biale din capital\u0103","publisher":{"@id":"https:\/\/buletin.de\/bucuresti\/#organization"},"potentialAction":[{"@type":"SearchAction","target":{"@type":"EntryPoint","urlTemplate":"https:\/\/buletin.de\/bucuresti\/?s={search_term_string}"},"query-input":{"@type":"PropertyValueSpecification","valueRequired":true,"valueName":"search_term_string"}}],"inLanguage":"en-GB"},{"@type":"Organization","@id":"https:\/\/buletin.de\/bucuresti\/#organization","name":"Buletin de Bucure\u0219ti","url":"https:\/\/buletin.de\/bucuresti\/","logo":{"@type":"ImageObject","inLanguage":"en-GB","@id":"https:\/\/buletin.de\/bucuresti\/#\/schema\/logo\/image\/","url":"https:\/\/buletin.de\/bucuresti\/wp-content\/uploads\/logo-bdb-full-wide-vernil-transparent.png","contentUrl":"https:\/\/buletin.de\/bucuresti\/wp-content\/uploads\/logo-bdb-full-wide-vernil-transparent.png","width":1782,"height":626,"caption":"Buletin de Bucure\u0219ti"},"image":{"@id":"https:\/\/buletin.de\/bucuresti\/#\/schema\/logo\/image\/"},"sameAs":["https:\/\/www.facebook.com\/buletin.de.buc","https:\/\/www.instagram.com\/buletinde.bucuresti\/"]},{"@type":"Person","@id":"https:\/\/buletin.de\/bucuresti\/#\/schema\/person\/7e46040573290777280a0835d81ea4ea","name":"Diana Matei","image":{"@type":"ImageObject","inLanguage":"en-GB","@id":"https:\/\/buletin.de\/bucuresti\/wp-content\/uploads\/9-2-96x96.jpg1e8590b30871d70e62ebcdaf2eff570c","url":"https:\/\/buletin.de\/bucuresti\/wp-content\/uploads\/9-2-96x96.jpg","contentUrl":"https:\/\/buletin.de\/bucuresti\/wp-content\/uploads\/9-2-96x96.jpg","caption":"Diana Matei"},"url":"https:\/\/buletin.de\/bucuresti\/author\/dianamatei\/"}]}},"authors":[{"term_id":22574,"user_id":49,"is_guest":0,"slug":"dianamatei","display_name":"Diana Matei","avatar_url":"https:\/\/buletin.de\/bucuresti\/wp-content\/uploads\/9-2-96x96.jpg","0":null,"1":"","2":"","3":"","4":"","5":"","6":"","7":"","8":""}],"_links":{"self":[{"href":"https:\/\/buletin.de\/bucuresti\/wp-json\/wp\/v2\/posts\/114464","targetHints":{"allow":["GET"]}}],"collection":[{"href":"https:\/\/buletin.de\/bucuresti\/wp-json\/wp\/v2\/posts"}],"about":[{"href":"https:\/\/buletin.de\/bucuresti\/wp-json\/wp\/v2\/types\/post"}],"author":[{"embeddable":true,"href":"https:\/\/buletin.de\/bucuresti\/wp-json\/wp\/v2\/users\/49"}],"replies":[{"embeddable":true,"href":"https:\/\/buletin.de\/bucuresti\/wp-json\/wp\/v2\/comments?post=114464"}],"version-history":[{"count":4,"href":"https:\/\/buletin.de\/bucuresti\/wp-json\/wp\/v2\/posts\/114464\/revisions"}],"predecessor-version":[{"id":114524,"href":"https:\/\/buletin.de\/bucuresti\/wp-json\/wp\/v2\/posts\/114464\/revisions\/114524"}],"wp:featuredmedia":[{"embeddable":true,"href":"https:\/\/buletin.de\/bucuresti\/wp-json\/wp\/v2\/media\/114488"}],"wp:attachment":[{"href":"https:\/\/buletin.de\/bucuresti\/wp-json\/wp\/v2\/media?parent=114464"}],"wp:term":[{"taxonomy":"category","embeddable":true,"href":"https:\/\/buletin.de\/bucuresti\/wp-json\/wp\/v2\/categories?post=114464"},{"taxonomy":"post_tag","embeddable":true,"href":"https:\/\/buletin.de\/bucuresti\/wp-json\/wp\/v2\/tags?post=114464"},{"taxonomy":"author","embeddable":true,"href":"https:\/\/buletin.de\/bucuresti\/wp-json\/wp\/v2\/ppma_author?post=114464"}],"curies":[{"name":"wp","href":"https:\/\/api.w.org\/{rel}","templated":true}]}}