{"id":114375,"date":"2025-01-15T12:13:28","date_gmt":"2025-01-15T09:13:28","guid":{"rendered":"https:\/\/buletin.de\/bucuresti\/?p=114375"},"modified":"2025-01-15T18:17:54","modified_gmt":"2025-01-15T15:17:54","slug":"datornicii-din-sectorul-1-nu-au-vrut-sa-beneficieze-de-amnistia-fiscala-au-fost-sterse-doar-2-milioane-de-lei-dintr-o-estimare-de-77-de-milioane","status":"publish","type":"post","link":"https:\/\/buletin.de\/bucuresti\/datornicii-din-sectorul-1-nu-au-vrut-sa-beneficieze-de-amnistia-fiscala-au-fost-sterse-doar-2-milioane-de-lei-dintr-o-estimare-de-77-de-milioane\/","title":{"rendered":"Datornicii din Sectorul 1 nu au vrut s\u0103 beneficieze de amnistia fiscal\u0103. Au fost \u0219terse doar 2 milioane de lei dintr-o estimare de 77 de milioane"},"content":{"rendered":"\n<p><strong>Consiliul Local al Sectorului 1 a acceptat, la finalul anului, \u0219tergerea a p\u00e2n\u0103 la jum\u0103tate din restan\u021bele pe care cet\u0103\u021benii le aveau c\u0103tre bugetul local. Datornicii din Sectorul 1 nu s-au gr\u0103bit s\u0103 beneficieze de aceast\u0103 aministie fiscal\u0103. <\/strong><\/p>\n\n\n\n<h2 class=\"wp-block-heading\" id=\"h-primaria-era-dispusa-sa-renun\u021be-la-77-milioane-de-lei\">Prim\u0103ria era dispus\u0103 s\u0103 renun\u021be la 77 milioane de lei<\/h2>\n\n\n\n<p>P\u00e2n\u0103 la jum\u0103tate din impozitele nepl\u0103tite de c\u0103tre cet\u0103\u021beni \u0219i firme p\u00e2n\u0103 la data de 31 august urmau s\u0103 fie dup\u0103 decizia Consiliul Local al Sectorului 1 din decembrie. Estimarea Prim\u0103riei era c\u0103 \u00een aceast\u0103 amnistie fiscal\u0103 se \u00eencadreaz\u0103 restan\u021be de peste 77 de milioane de lei. <\/p>\n\n\n\n<p><a href=\"https:\/\/primariasector1.ro\/wp-content\/uploads\/2024\/12\/225.2024_AN.pdf\" target=\"_blank\" rel=\"noreferrer noopener\">Hot\u0103r\u00e2rea adoptat\u0103 <\/a>\u00een urm\u0103 cu o lun\u0103 prevedea anularea a\u00a0<strong>50% din datoria principal\u0103<\/strong>, dac\u0103 restan\u021ba c\u0103tre bugetul local este mai mic\u0103 de 5.000 de lei, sau a\u00a0<strong>25% din restan\u021b\u0103<\/strong>, dac\u0103 datoria este mai mare de 5.000 de lei.<\/p>\n\n\n\n<p>\u00cen acela\u0219i timp,&nbsp;<strong>se anulau toate penaliz\u0103rile&nbsp;<\/strong>aplicate p\u00e2n\u0103 la 31 august pentru impozitele nepl\u0103tite de cet\u0103\u021benii \u0219i firmele din Sectorul 1 c\u0103tre bugetul local.<\/p>\n\n\n\n<p>\u201eScopul hot\u0103r\u00e2rii Consiliului Local este de a determina stimularea achit\u0103rii voluntare de c\u0103tre debitori a obliga\u0163iilor fiseale principale restante la bugetul local al Sectorului 1, maximizarea \u00eencas\u0103rilor bugetare, diminuarea arieratelor bugetare \u015fi stimularea mediului economic.<\/p>\n\n\n\n<p>Impactul economic: consider\u0103m c\u0103 este unul pozitiv, duc\u00e2nd la stimularea mediului economic, mai ales \u00een cazul persoanelor juridice, care au restan\u0163e \u0219i pot beneficia de anularea obliga\u0163iilor accesorii aferente pentru care s-a \u00eemplinit scaden\u0163a sau termenul de plata p\u00e2n\u0103 la data de 31 august 2024 inclusiv.<\/p>\n\n\n\n<p>De asemenea, prin aplicarea procedurii un aspect esen\u0163ial este \u0219i faptul c\u0103 aceasta poate duce \u0219i la revitalizarea \u0219i evitarea deschiderii procedurii insolven\u0163ei, \u00een cazul debitorilor persoane juridice\u201d, era justificarea inclus\u0103 \u00een referatul de aprobare, semnat \u0219i de c\u0103tre primarul George Tu\u021b\u0103.<\/p>\n\n\n\n<p>Propunerea a fost respins\u0103 de c\u0103tre consilierii locali ai USR, care <strong>s-au ab\u021binut de la vot, invoc\u00e2nd faptul c\u0103 nu este normal ca prin aceast\u0103 amnistie fiscal\u0103 s\u0103 fie anulate \u0219i datoriile persoanelor fizice \u0219i juridice, nu doar penaliz\u0103rile aferente restan\u021belor.<\/strong><\/p>\n\n\n\n<p>CITE\u0218TE \u0218I: <strong><a href=\"https:\/\/buletin.de\/bucuresti\/consiliul-local-al-sectorului-1-sterge-77-milioane-de-lei-din-impozitele-neplatite-de-catre-cetateni-si-firme-cine-sunt-beneficiarii\/\">Consiliul Local al Sectorului 1 \u0219terge 77 milioane de lei din impozitele nepl\u0103tite de c\u0103tre cet\u0103\u021beni \u0219i firme. Cine sunt beneficiarii<\/a><\/strong><\/p>\n\n\n\n<h2 class=\"wp-block-heading\" id=\"h-datornicii-din-sectorul-1-au-preferat-sa-ramana-restan\u021bieri\">Datornicii din Sectorul 1 au preferat s\u0103 r\u0103m\u00e2n\u0103 restan\u021bieri<\/h2>\n\n\n\n<p><strong>Estim\u0103rile Prim\u0103riei s-au dovedit a fi prea optmiste. \u00cen final, doar un num\u0103r mic dintre datornicii din Sectorul 1 au apelat la aceast\u0103 facilitate. <\/strong>Cererile pentru <\/p>\n\n\n\n<p>\u201eTotalul obliga\u021biilor bugetare de anulat \u00een urma solicit\u0103rilor debitorilor depuse conform Hot\u0103r\u00e2rii Consiliului Local Sector 1 nr. 225\/12.12.2024 este urm\u0103torul: la persoane fizice suma de <strong><mark style=\"background-color:rgba(0, 0, 0, 0)\" class=\"has-inline-color has-vivid-red-color\">1.907.577 de lei<\/mark><\/strong>, reprezent\u00e2nd debite principale \u0219i major\u0103rile de \u00eent\u00e2rziere\u201d, se arat\u0103 \u00eentr-un r\u0103spuns oferit de Prim\u0103ria Sectorului 1, la cererea Buletin de Bucure\u0219ti. <\/p>\n\n\n\n<p>Astfel, doar mai pu\u021bin de <strong><mark style=\"background-color:rgba(0, 0, 0, 0)\" class=\"has-inline-color has-vivid-red-color\">2,5%<\/mark><\/strong> din total\u0103 restan\u021belor ce puteau fi \u0219terse vor fi anulate prin cereri ale cet\u0103\u021benilor.<\/p>\n\n\n\n<p>Cea mai mare datorie pe care o persoan\u0103 fizic\u0103 ce locuie\u0219te \u00een Sectorul 1 o are fa\u021b\u0103 de bugetul local este de <strong><mark style=\"background-color:rgba(0, 0, 0, 0)\" class=\"has-inline-color has-vivid-red-color\">1,284 milioane de lei<\/mark><\/strong>. <\/p>\n\n\n\n<p>Primii 20 de restan\u021biei au \u00een total datorii de <strong><mark style=\"background-color:rgba(0, 0, 0, 0)\" class=\"has-inline-color has-vivid-red-color\">6.683.191 de lei<\/mark><\/strong>. <\/p>\n\n\n\n<p><strong>CITE\u0218TE \u0218I:&nbsp;<\/strong><a href=\"https:\/\/buletin.de\/bucuresti\/frasineanu-de-la-directia-pentru-cultura-absolvent-de-geografie-cariera-de-functionar-presarata-de-controverse-sotia-consilier-de-stat-la-cancelaria-lui-marcel-ciolacu\/\"><strong>Fr\u0103sineanu de la Direc\u021bia pentru Cultur\u0103, absolvent de Geografie, carier\u0103 de func\u021bionar pres\u0103rat\u0103 de controverse. So\u021bia, consilier de stat la Cancelaria lui Marcel Ciolacu<\/strong><\/a><br><\/p>\n","protected":false},"excerpt":{"rendered":"<p>Consiliul Local al Sectorului 1 a acceptat, la finalul anului, \u0219tergerea a p\u00e2n\u0103 la jum\u0103tate din restan\u021bele pe care cet\u0103\u021benii le aveau c\u0103tre bugetul local. Datornicii din Sectorul 1 nu s-au gr\u0103bit s\u0103 beneficieze de aceast\u0103 aministie fiscal\u0103. Prim\u0103ria era dispus\u0103 s\u0103 renun\u021be la 77 milioane de lei P\u00e2n\u0103 la jum\u0103tate din impozitele nepl\u0103tite de [&hellip;]<\/p>\n","protected":false},"author":60,"featured_media":114379,"comment_status":"closed","ping_status":"open","sticky":false,"template":"","format":"standard","meta":{"_acf_changed":false,"inline_featured_image":false,"ngg_post_thumbnail":0,"footnotes":""},"categories":[6994,5762,24],"tags":[18412,18413,17886,12014,3673,17888,18414,269],"ppma_author":[22582],"class_list":["post-114375","post","type-post","status-publish","format-standard","has-post-thumbnail","hentry","category-stiri-2","category-main","category-primarie","tag-amnistie","tag-amnistie-fiscala","tag-anulare-datorii","tag-consiliul-local-al-sectorului-1","tag-datorii-istorice","tag-datorii-populatie","tag-datornici","tag-primaria-sectorului-1"],"acf":[],"yoast_head":"<!-- This site is optimized with the Yoast SEO Premium plugin v25.3 (Yoast SEO v27.4) - https:\/\/yoast.com\/product\/yoast-seo-premium-wordpress\/ -->\n<title>Datornicii din Sectorul 1 nu au vrut s\u0103 beneficieze de amnistia fiscal\u0103. Au fost \u0219terse doar 2 milioane de lei dintr-o estimare de 77 de milioane - Buletin de Bucure\u0219ti<\/title>\n<meta name=\"description\" content=\"Datornicii din Sectorul 1 nu au vrut s\u0103 beneficieze de amnistia fiscal\u0103. Au fost \u0219terse doar 2 milioane de lei din 77.\" \/>\n<meta name=\"robots\" content=\"index, follow, max-snippet:-1, max-image-preview:large, max-video-preview:-1\" \/>\n<link rel=\"canonical\" href=\"https:\/\/buletin.de\/bucuresti\/datornicii-din-sectorul-1-nu-au-vrut-sa-beneficieze-de-amnistia-fiscala-au-fost-sterse-doar-2-milioane-de-lei-dintr-o-estimare-de-77-de-milioane\/\" \/>\n<meta property=\"og:locale\" content=\"en_GB\" \/>\n<meta property=\"og:type\" content=\"article\" \/>\n<meta property=\"og:title\" content=\"Datornicii din Sectorul 1 nu au vrut s\u0103 beneficieze de amnistia fiscal\u0103. Au fost \u0219terse doar 2 milioane de lei dintr-o estimare de 77 de milioane\" \/>\n<meta property=\"og:description\" content=\"Datornicii din Sectorul 1 nu au vrut s\u0103 beneficieze de amnistia fiscal\u0103. Au fost \u0219terse doar 2 milioane de lei din 77.\" \/>\n<meta property=\"og:url\" content=\"https:\/\/buletin.de\/bucuresti\/datornicii-din-sectorul-1-nu-au-vrut-sa-beneficieze-de-amnistia-fiscala-au-fost-sterse-doar-2-milioane-de-lei-dintr-o-estimare-de-77-de-milioane\/\" \/>\n<meta property=\"og:site_name\" content=\"Buletin de Bucure\u0219ti\" \/>\n<meta property=\"article:publisher\" content=\"https:\/\/www.facebook.com\/buletin.de.buc\" \/>\n<meta property=\"article:published_time\" content=\"2025-01-15T09:13:28+00:00\" \/>\n<meta property=\"article:modified_time\" content=\"2025-01-15T15:17:54+00:00\" \/>\n<meta property=\"og:image\" content=\"https:\/\/buletin.de\/bucuresti\/wp-content\/uploads\/primariasectorului1.jpg\" \/>\n\t<meta property=\"og:image:width\" content=\"1600\" \/>\n\t<meta property=\"og:image:height\" content=\"1200\" \/>\n\t<meta property=\"og:image:type\" content=\"image\/jpeg\" \/>\n<meta name=\"author\" content=\"R\u0103zvan Chiru\u021b\u0103\" \/>\n<meta name=\"twitter:card\" content=\"summary_large_image\" \/>\n<meta name=\"twitter:label1\" content=\"Written by\" \/>\n\t<meta name=\"twitter:data1\" content=\"R\u0103zvan Chiru\u021b\u0103\" \/>\n\t<meta name=\"twitter:label2\" content=\"Estimated reading time\" \/>\n\t<meta name=\"twitter:data2\" content=\"3 minutes\" \/>\n<script type=\"application\/ld+json\" class=\"yoast-schema-graph\">{\"@context\":\"https:\\\/\\\/schema.org\",\"@graph\":[{\"@type\":\"Article\",\"@id\":\"https:\\\/\\\/buletin.de\\\/bucuresti\\\/datornicii-din-sectorul-1-nu-au-vrut-sa-beneficieze-de-amnistia-fiscala-au-fost-sterse-doar-2-milioane-de-lei-dintr-o-estimare-de-77-de-milioane\\\/#article\",\"isPartOf\":{\"@id\":\"https:\\\/\\\/buletin.de\\\/bucuresti\\\/datornicii-din-sectorul-1-nu-au-vrut-sa-beneficieze-de-amnistia-fiscala-au-fost-sterse-doar-2-milioane-de-lei-dintr-o-estimare-de-77-de-milioane\\\/\"},\"author\":{\"name\":\"R\u0103zvan Chiru\u021b\u0103\",\"@id\":\"https:\\\/\\\/buletin.de\\\/bucuresti\\\/#\\\/schema\\\/person\\\/a76df728dfc913795a9d90e346b253bb\"},\"headline\":\"Datornicii din Sectorul 1 nu au vrut s\u0103 beneficieze de amnistia fiscal\u0103. Au fost \u0219terse doar 2 milioane de lei dintr-o estimare de 77 de milioane\",\"datePublished\":\"2025-01-15T09:13:28+00:00\",\"dateModified\":\"2025-01-15T15:17:54+00:00\",\"mainEntityOfPage\":{\"@id\":\"https:\\\/\\\/buletin.de\\\/bucuresti\\\/datornicii-din-sectorul-1-nu-au-vrut-sa-beneficieze-de-amnistia-fiscala-au-fost-sterse-doar-2-milioane-de-lei-dintr-o-estimare-de-77-de-milioane\\\/\"},\"wordCount\":591,\"publisher\":{\"@id\":\"https:\\\/\\\/buletin.de\\\/bucuresti\\\/#organization\"},\"image\":{\"@id\":\"https:\\\/\\\/buletin.de\\\/bucuresti\\\/datornicii-din-sectorul-1-nu-au-vrut-sa-beneficieze-de-amnistia-fiscala-au-fost-sterse-doar-2-milioane-de-lei-dintr-o-estimare-de-77-de-milioane\\\/#primaryimage\"},\"thumbnailUrl\":\"https:\\\/\\\/buletin.de\\\/bucuresti\\\/wp-content\\\/uploads\\\/primariasectorului1.jpg\",\"keywords\":[\"amnistie\",\"amnistie fiscala\",\"anulare datorii\",\"Consiliul Local al Sectorului 1\",\"datorii istorice\",\"datorii populatie\",\"datornici\",\"primaria sectorului 1\"],\"articleSection\":[\"Articole\",\"Main\",\"Prim\u0103rie\"],\"inLanguage\":\"en-GB\",\"copyrightYear\":\"2025\",\"copyrightHolder\":{\"@id\":\"https:\\\/\\\/buletin.de\\\/bucuresti\\\/#organization\"}},{\"@type\":\"WebPage\",\"@id\":\"https:\\\/\\\/buletin.de\\\/bucuresti\\\/datornicii-din-sectorul-1-nu-au-vrut-sa-beneficieze-de-amnistia-fiscala-au-fost-sterse-doar-2-milioane-de-lei-dintr-o-estimare-de-77-de-milioane\\\/\",\"url\":\"https:\\\/\\\/buletin.de\\\/bucuresti\\\/datornicii-din-sectorul-1-nu-au-vrut-sa-beneficieze-de-amnistia-fiscala-au-fost-sterse-doar-2-milioane-de-lei-dintr-o-estimare-de-77-de-milioane\\\/\",\"name\":\"Datornicii din Sectorul 1 nu au vrut s\u0103 beneficieze de amnistia fiscal\u0103. Au fost \u0219terse doar 2 milioane de lei dintr-o estimare de 77 de milioane - Buletin de Bucure\u0219ti\",\"isPartOf\":{\"@id\":\"https:\\\/\\\/buletin.de\\\/bucuresti\\\/#website\"},\"primaryImageOfPage\":{\"@id\":\"https:\\\/\\\/buletin.de\\\/bucuresti\\\/datornicii-din-sectorul-1-nu-au-vrut-sa-beneficieze-de-amnistia-fiscala-au-fost-sterse-doar-2-milioane-de-lei-dintr-o-estimare-de-77-de-milioane\\\/#primaryimage\"},\"image\":{\"@id\":\"https:\\\/\\\/buletin.de\\\/bucuresti\\\/datornicii-din-sectorul-1-nu-au-vrut-sa-beneficieze-de-amnistia-fiscala-au-fost-sterse-doar-2-milioane-de-lei-dintr-o-estimare-de-77-de-milioane\\\/#primaryimage\"},\"thumbnailUrl\":\"https:\\\/\\\/buletin.de\\\/bucuresti\\\/wp-content\\\/uploads\\\/primariasectorului1.jpg\",\"datePublished\":\"2025-01-15T09:13:28+00:00\",\"dateModified\":\"2025-01-15T15:17:54+00:00\",\"description\":\"Datornicii din Sectorul 1 nu au vrut s\u0103 beneficieze de amnistia fiscal\u0103. Au fost \u0219terse doar 2 milioane de lei din 77.\",\"breadcrumb\":{\"@id\":\"https:\\\/\\\/buletin.de\\\/bucuresti\\\/datornicii-din-sectorul-1-nu-au-vrut-sa-beneficieze-de-amnistia-fiscala-au-fost-sterse-doar-2-milioane-de-lei-dintr-o-estimare-de-77-de-milioane\\\/#breadcrumb\"},\"inLanguage\":\"en-GB\",\"potentialAction\":[{\"@type\":\"ReadAction\",\"target\":[\"https:\\\/\\\/buletin.de\\\/bucuresti\\\/datornicii-din-sectorul-1-nu-au-vrut-sa-beneficieze-de-amnistia-fiscala-au-fost-sterse-doar-2-milioane-de-lei-dintr-o-estimare-de-77-de-milioane\\\/\"]}]},{\"@type\":\"ImageObject\",\"inLanguage\":\"en-GB\",\"@id\":\"https:\\\/\\\/buletin.de\\\/bucuresti\\\/datornicii-din-sectorul-1-nu-au-vrut-sa-beneficieze-de-amnistia-fiscala-au-fost-sterse-doar-2-milioane-de-lei-dintr-o-estimare-de-77-de-milioane\\\/#primaryimage\",\"url\":\"https:\\\/\\\/buletin.de\\\/bucuresti\\\/wp-content\\\/uploads\\\/primariasectorului1.jpg\",\"contentUrl\":\"https:\\\/\\\/buletin.de\\\/bucuresti\\\/wp-content\\\/uploads\\\/primariasectorului1.jpg\",\"width\":1600,\"height\":1200,\"caption\":\"Datornicii din Sectorul 1 nu au vrut s\u0103 beneficieze de amnistia fiscal\u0103. Foto Prim\u0103ria Sectorului 1\"},{\"@type\":\"BreadcrumbList\",\"@id\":\"https:\\\/\\\/buletin.de\\\/bucuresti\\\/datornicii-din-sectorul-1-nu-au-vrut-sa-beneficieze-de-amnistia-fiscala-au-fost-sterse-doar-2-milioane-de-lei-dintr-o-estimare-de-77-de-milioane\\\/#breadcrumb\",\"itemListElement\":[{\"@type\":\"ListItem\",\"position\":1,\"name\":\"Acas\u0103\",\"item\":\"https:\\\/\\\/buletin.de\\\/bucuresti\\\/\"},{\"@type\":\"ListItem\",\"position\":2,\"name\":\"Datornicii din Sectorul 1 nu au vrut s\u0103 beneficieze de amnistia fiscal\u0103. Au fost \u0219terse doar 2 milioane de lei dintr-o estimare de 77 de milioane\"}]},{\"@type\":\"WebSite\",\"@id\":\"https:\\\/\\\/buletin.de\\\/bucuresti\\\/#website\",\"url\":\"https:\\\/\\\/buletin.de\\\/bucuresti\\\/\",\"name\":\"Buletin de Bucure\u0219ti\",\"description\":\"\u0218tiri \u0219i investiga\u021bii esen\u021biale din capital\u0103\",\"publisher\":{\"@id\":\"https:\\\/\\\/buletin.de\\\/bucuresti\\\/#organization\"},\"potentialAction\":[{\"@type\":\"SearchAction\",\"target\":{\"@type\":\"EntryPoint\",\"urlTemplate\":\"https:\\\/\\\/buletin.de\\\/bucuresti\\\/?s={search_term_string}\"},\"query-input\":{\"@type\":\"PropertyValueSpecification\",\"valueRequired\":true,\"valueName\":\"search_term_string\"}}],\"inLanguage\":\"en-GB\"},{\"@type\":\"Organization\",\"@id\":\"https:\\\/\\\/buletin.de\\\/bucuresti\\\/#organization\",\"name\":\"Buletin de Bucure\u0219ti\",\"url\":\"https:\\\/\\\/buletin.de\\\/bucuresti\\\/\",\"logo\":{\"@type\":\"ImageObject\",\"inLanguage\":\"en-GB\",\"@id\":\"https:\\\/\\\/buletin.de\\\/bucuresti\\\/#\\\/schema\\\/logo\\\/image\\\/\",\"url\":\"https:\\\/\\\/buletin.de\\\/bucuresti\\\/wp-content\\\/uploads\\\/logo-bdb-full-wide-vernil-transparent.png\",\"contentUrl\":\"https:\\\/\\\/buletin.de\\\/bucuresti\\\/wp-content\\\/uploads\\\/logo-bdb-full-wide-vernil-transparent.png\",\"width\":1782,\"height\":626,\"caption\":\"Buletin de Bucure\u0219ti\"},\"image\":{\"@id\":\"https:\\\/\\\/buletin.de\\\/bucuresti\\\/#\\\/schema\\\/logo\\\/image\\\/\"},\"sameAs\":[\"https:\\\/\\\/www.facebook.com\\\/buletin.de.buc\",\"https:\\\/\\\/www.instagram.com\\\/buletinde.bucuresti\\\/\"]},{\"@type\":\"Person\",\"@id\":\"https:\\\/\\\/buletin.de\\\/bucuresti\\\/#\\\/schema\\\/person\\\/a76df728dfc913795a9d90e346b253bb\",\"name\":\"R\u0103zvan Chiru\u021b\u0103\",\"image\":{\"@type\":\"ImageObject\",\"inLanguage\":\"en-GB\",\"@id\":\"https:\\\/\\\/buletin.de\\\/bucuresti\\\/wp-content\\\/uploads\\\/Razvan-Chiruta-96x96.jpge7143b996fd4241fbd6ee1f6b6b7b267\",\"url\":\"https:\\\/\\\/buletin.de\\\/bucuresti\\\/wp-content\\\/uploads\\\/Razvan-Chiruta-96x96.jpg\",\"contentUrl\":\"https:\\\/\\\/buletin.de\\\/bucuresti\\\/wp-content\\\/uploads\\\/Razvan-Chiruta-96x96.jpg\",\"caption\":\"R\u0103zvan Chiru\u021b\u0103\"},\"description\":\"R\u0103zvan Chiru\u021b\u0103 este redactor-\u0219ef adjunct din iulie 2024. A fost redactor-\u0219ef al PRESShub \u00eentre 2022 \u0219i iunie 2024. Anterior, a fost redactor-\u0219ef al Newsweek Rom\u00e2nia, din 2018 p\u00e2n\u0103 \u00een 2021, \u0219i al cotidianului Rom\u00e2nia liber\u0103, \u00eentre 2015 \u0219i 2017. Este absolvent de Jurnalism, \u00een cadrul Universit\u0103\u021bii \u201eAl.I.Cuza\u201d din Ia\u0219i, \u0219i a urmat un master \u00een Managementul institu\u021biilor mass-media (f\u0103r\u0103 diserta\u021bie) la Facultatea de Jurnalism \u0219i \u0218tiin\u021bele Comunic\u0103rii din cadrul Universit\u0103\u021bii din Bucure\u0219ti. \u0218i-a \u00eenceput cariera la Opinia studen\u021beasc\u0103, cunoscuta \u0219coal\u0103 de pres\u0103 din Ia\u0219i. A lucrat \u00een presa local\u0103, apoi a devenit corespondent pentru Ia\u0219i al cotidianului Evenimentul Zilei. Din 2004, a coordonat pentru \u0219ase luni sec\u021bia de coresponden\u021bi a Evenimentului Zilei. A mai lucrat la s\u0103pt\u0103m\u00e2nalul Prezent \u0219i a colaborat cu revistele Dilema Veche \u0219i Suplimentul de Cultur\u0103. Este co-autor \u00een volumele \u201eMass-media \u0219i democra\u021bia \u00een Rom\u00e2nia post-comunist\u0103\u201d (ed. a II-a), Ed. Institutul European, Ia\u0219i, 2013, \u0219i \u201eCOVID - 19. Dimensiuni ale gestionarii pandemiei\u201d, Editura Junimea, Ia\u0219i, 2020.\",\"url\":\"https:\\\/\\\/buletin.de\\\/bucuresti\\\/author\\\/razvan-chiruta\\\/\"}]}<\/script>\n<!-- \/ Yoast SEO Premium plugin. -->","yoast_head_json":{"title":"Datornicii din Sectorul 1 nu au vrut s\u0103 beneficieze de amnistia fiscal\u0103. Au fost \u0219terse doar 2 milioane de lei dintr-o estimare de 77 de milioane - Buletin de Bucure\u0219ti","description":"Datornicii din Sectorul 1 nu au vrut s\u0103 beneficieze de amnistia fiscal\u0103. Au fost \u0219terse doar 2 milioane de lei din 77.","robots":{"index":"index","follow":"follow","max-snippet":"max-snippet:-1","max-image-preview":"max-image-preview:large","max-video-preview":"max-video-preview:-1"},"canonical":"https:\/\/buletin.de\/bucuresti\/datornicii-din-sectorul-1-nu-au-vrut-sa-beneficieze-de-amnistia-fiscala-au-fost-sterse-doar-2-milioane-de-lei-dintr-o-estimare-de-77-de-milioane\/","og_locale":"en_GB","og_type":"article","og_title":"Datornicii din Sectorul 1 nu au vrut s\u0103 beneficieze de amnistia fiscal\u0103. Au fost \u0219terse doar 2 milioane de lei dintr-o estimare de 77 de milioane","og_description":"Datornicii din Sectorul 1 nu au vrut s\u0103 beneficieze de amnistia fiscal\u0103. Au fost \u0219terse doar 2 milioane de lei din 77.","og_url":"https:\/\/buletin.de\/bucuresti\/datornicii-din-sectorul-1-nu-au-vrut-sa-beneficieze-de-amnistia-fiscala-au-fost-sterse-doar-2-milioane-de-lei-dintr-o-estimare-de-77-de-milioane\/","og_site_name":"Buletin de Bucure\u0219ti","article_publisher":"https:\/\/www.facebook.com\/buletin.de.buc","article_published_time":"2025-01-15T09:13:28+00:00","article_modified_time":"2025-01-15T15:17:54+00:00","og_image":[{"width":1600,"height":1200,"url":"https:\/\/buletin.de\/bucuresti\/wp-content\/uploads\/primariasectorului1.jpg","type":"image\/jpeg"}],"author":"R\u0103zvan Chiru\u021b\u0103","twitter_card":"summary_large_image","twitter_misc":{"Written by":"R\u0103zvan Chiru\u021b\u0103","Estimated reading time":"3 minutes"},"schema":{"@context":"https:\/\/schema.org","@graph":[{"@type":"Article","@id":"https:\/\/buletin.de\/bucuresti\/datornicii-din-sectorul-1-nu-au-vrut-sa-beneficieze-de-amnistia-fiscala-au-fost-sterse-doar-2-milioane-de-lei-dintr-o-estimare-de-77-de-milioane\/#article","isPartOf":{"@id":"https:\/\/buletin.de\/bucuresti\/datornicii-din-sectorul-1-nu-au-vrut-sa-beneficieze-de-amnistia-fiscala-au-fost-sterse-doar-2-milioane-de-lei-dintr-o-estimare-de-77-de-milioane\/"},"author":{"name":"R\u0103zvan Chiru\u021b\u0103","@id":"https:\/\/buletin.de\/bucuresti\/#\/schema\/person\/a76df728dfc913795a9d90e346b253bb"},"headline":"Datornicii din Sectorul 1 nu au vrut s\u0103 beneficieze de amnistia fiscal\u0103. Au fost \u0219terse doar 2 milioane de lei dintr-o estimare de 77 de milioane","datePublished":"2025-01-15T09:13:28+00:00","dateModified":"2025-01-15T15:17:54+00:00","mainEntityOfPage":{"@id":"https:\/\/buletin.de\/bucuresti\/datornicii-din-sectorul-1-nu-au-vrut-sa-beneficieze-de-amnistia-fiscala-au-fost-sterse-doar-2-milioane-de-lei-dintr-o-estimare-de-77-de-milioane\/"},"wordCount":591,"publisher":{"@id":"https:\/\/buletin.de\/bucuresti\/#organization"},"image":{"@id":"https:\/\/buletin.de\/bucuresti\/datornicii-din-sectorul-1-nu-au-vrut-sa-beneficieze-de-amnistia-fiscala-au-fost-sterse-doar-2-milioane-de-lei-dintr-o-estimare-de-77-de-milioane\/#primaryimage"},"thumbnailUrl":"https:\/\/buletin.de\/bucuresti\/wp-content\/uploads\/primariasectorului1.jpg","keywords":["amnistie","amnistie fiscala","anulare datorii","Consiliul Local al Sectorului 1","datorii istorice","datorii populatie","datornici","primaria sectorului 1"],"articleSection":["Articole","Main","Prim\u0103rie"],"inLanguage":"en-GB","copyrightYear":"2025","copyrightHolder":{"@id":"https:\/\/buletin.de\/bucuresti\/#organization"}},{"@type":"WebPage","@id":"https:\/\/buletin.de\/bucuresti\/datornicii-din-sectorul-1-nu-au-vrut-sa-beneficieze-de-amnistia-fiscala-au-fost-sterse-doar-2-milioane-de-lei-dintr-o-estimare-de-77-de-milioane\/","url":"https:\/\/buletin.de\/bucuresti\/datornicii-din-sectorul-1-nu-au-vrut-sa-beneficieze-de-amnistia-fiscala-au-fost-sterse-doar-2-milioane-de-lei-dintr-o-estimare-de-77-de-milioane\/","name":"Datornicii din Sectorul 1 nu au vrut s\u0103 beneficieze de amnistia fiscal\u0103. Au fost \u0219terse doar 2 milioane de lei dintr-o estimare de 77 de milioane - Buletin de Bucure\u0219ti","isPartOf":{"@id":"https:\/\/buletin.de\/bucuresti\/#website"},"primaryImageOfPage":{"@id":"https:\/\/buletin.de\/bucuresti\/datornicii-din-sectorul-1-nu-au-vrut-sa-beneficieze-de-amnistia-fiscala-au-fost-sterse-doar-2-milioane-de-lei-dintr-o-estimare-de-77-de-milioane\/#primaryimage"},"image":{"@id":"https:\/\/buletin.de\/bucuresti\/datornicii-din-sectorul-1-nu-au-vrut-sa-beneficieze-de-amnistia-fiscala-au-fost-sterse-doar-2-milioane-de-lei-dintr-o-estimare-de-77-de-milioane\/#primaryimage"},"thumbnailUrl":"https:\/\/buletin.de\/bucuresti\/wp-content\/uploads\/primariasectorului1.jpg","datePublished":"2025-01-15T09:13:28+00:00","dateModified":"2025-01-15T15:17:54+00:00","description":"Datornicii din Sectorul 1 nu au vrut s\u0103 beneficieze de amnistia fiscal\u0103. Au fost \u0219terse doar 2 milioane de lei din 77.","breadcrumb":{"@id":"https:\/\/buletin.de\/bucuresti\/datornicii-din-sectorul-1-nu-au-vrut-sa-beneficieze-de-amnistia-fiscala-au-fost-sterse-doar-2-milioane-de-lei-dintr-o-estimare-de-77-de-milioane\/#breadcrumb"},"inLanguage":"en-GB","potentialAction":[{"@type":"ReadAction","target":["https:\/\/buletin.de\/bucuresti\/datornicii-din-sectorul-1-nu-au-vrut-sa-beneficieze-de-amnistia-fiscala-au-fost-sterse-doar-2-milioane-de-lei-dintr-o-estimare-de-77-de-milioane\/"]}]},{"@type":"ImageObject","inLanguage":"en-GB","@id":"https:\/\/buletin.de\/bucuresti\/datornicii-din-sectorul-1-nu-au-vrut-sa-beneficieze-de-amnistia-fiscala-au-fost-sterse-doar-2-milioane-de-lei-dintr-o-estimare-de-77-de-milioane\/#primaryimage","url":"https:\/\/buletin.de\/bucuresti\/wp-content\/uploads\/primariasectorului1.jpg","contentUrl":"https:\/\/buletin.de\/bucuresti\/wp-content\/uploads\/primariasectorului1.jpg","width":1600,"height":1200,"caption":"Datornicii din Sectorul 1 nu au vrut s\u0103 beneficieze de amnistia fiscal\u0103. Foto Prim\u0103ria Sectorului 1"},{"@type":"BreadcrumbList","@id":"https:\/\/buletin.de\/bucuresti\/datornicii-din-sectorul-1-nu-au-vrut-sa-beneficieze-de-amnistia-fiscala-au-fost-sterse-doar-2-milioane-de-lei-dintr-o-estimare-de-77-de-milioane\/#breadcrumb","itemListElement":[{"@type":"ListItem","position":1,"name":"Acas\u0103","item":"https:\/\/buletin.de\/bucuresti\/"},{"@type":"ListItem","position":2,"name":"Datornicii din Sectorul 1 nu au vrut s\u0103 beneficieze de amnistia fiscal\u0103. Au fost \u0219terse doar 2 milioane de lei dintr-o estimare de 77 de milioane"}]},{"@type":"WebSite","@id":"https:\/\/buletin.de\/bucuresti\/#website","url":"https:\/\/buletin.de\/bucuresti\/","name":"Buletin de Bucure\u0219ti","description":"\u0218tiri \u0219i investiga\u021bii esen\u021biale din capital\u0103","publisher":{"@id":"https:\/\/buletin.de\/bucuresti\/#organization"},"potentialAction":[{"@type":"SearchAction","target":{"@type":"EntryPoint","urlTemplate":"https:\/\/buletin.de\/bucuresti\/?s={search_term_string}"},"query-input":{"@type":"PropertyValueSpecification","valueRequired":true,"valueName":"search_term_string"}}],"inLanguage":"en-GB"},{"@type":"Organization","@id":"https:\/\/buletin.de\/bucuresti\/#organization","name":"Buletin de Bucure\u0219ti","url":"https:\/\/buletin.de\/bucuresti\/","logo":{"@type":"ImageObject","inLanguage":"en-GB","@id":"https:\/\/buletin.de\/bucuresti\/#\/schema\/logo\/image\/","url":"https:\/\/buletin.de\/bucuresti\/wp-content\/uploads\/logo-bdb-full-wide-vernil-transparent.png","contentUrl":"https:\/\/buletin.de\/bucuresti\/wp-content\/uploads\/logo-bdb-full-wide-vernil-transparent.png","width":1782,"height":626,"caption":"Buletin de Bucure\u0219ti"},"image":{"@id":"https:\/\/buletin.de\/bucuresti\/#\/schema\/logo\/image\/"},"sameAs":["https:\/\/www.facebook.com\/buletin.de.buc","https:\/\/www.instagram.com\/buletinde.bucuresti\/"]},{"@type":"Person","@id":"https:\/\/buletin.de\/bucuresti\/#\/schema\/person\/a76df728dfc913795a9d90e346b253bb","name":"R\u0103zvan Chiru\u021b\u0103","image":{"@type":"ImageObject","inLanguage":"en-GB","@id":"https:\/\/buletin.de\/bucuresti\/wp-content\/uploads\/Razvan-Chiruta-96x96.jpge7143b996fd4241fbd6ee1f6b6b7b267","url":"https:\/\/buletin.de\/bucuresti\/wp-content\/uploads\/Razvan-Chiruta-96x96.jpg","contentUrl":"https:\/\/buletin.de\/bucuresti\/wp-content\/uploads\/Razvan-Chiruta-96x96.jpg","caption":"R\u0103zvan Chiru\u021b\u0103"},"description":"R\u0103zvan Chiru\u021b\u0103 este redactor-\u0219ef adjunct din iulie 2024. A fost redactor-\u0219ef al PRESShub \u00eentre 2022 \u0219i iunie 2024. Anterior, a fost redactor-\u0219ef al Newsweek Rom\u00e2nia, din 2018 p\u00e2n\u0103 \u00een 2021, \u0219i al cotidianului Rom\u00e2nia liber\u0103, \u00eentre 2015 \u0219i 2017. Este absolvent de Jurnalism, \u00een cadrul Universit\u0103\u021bii \u201eAl.I.Cuza\u201d din Ia\u0219i, \u0219i a urmat un master \u00een Managementul institu\u021biilor mass-media (f\u0103r\u0103 diserta\u021bie) la Facultatea de Jurnalism \u0219i \u0218tiin\u021bele Comunic\u0103rii din cadrul Universit\u0103\u021bii din Bucure\u0219ti. \u0218i-a \u00eenceput cariera la Opinia studen\u021beasc\u0103, cunoscuta \u0219coal\u0103 de pres\u0103 din Ia\u0219i. A lucrat \u00een presa local\u0103, apoi a devenit corespondent pentru Ia\u0219i al cotidianului Evenimentul Zilei. Din 2004, a coordonat pentru \u0219ase luni sec\u021bia de coresponden\u021bi a Evenimentului Zilei. A mai lucrat la s\u0103pt\u0103m\u00e2nalul Prezent \u0219i a colaborat cu revistele Dilema Veche \u0219i Suplimentul de Cultur\u0103. Este co-autor \u00een volumele \u201eMass-media \u0219i democra\u021bia \u00een Rom\u00e2nia post-comunist\u0103\u201d (ed. a II-a), Ed. Institutul European, Ia\u0219i, 2013, \u0219i \u201eCOVID - 19. Dimensiuni ale gestionarii pandemiei\u201d, Editura Junimea, Ia\u0219i, 2020.","url":"https:\/\/buletin.de\/bucuresti\/author\/razvan-chiruta\/"}]}},"authors":[{"term_id":22582,"user_id":60,"is_guest":0,"slug":"razvan-chiruta","display_name":"R\u0103zvan Chiru\u021b\u0103","avatar_url":"https:\/\/buletin.de\/bucuresti\/wp-content\/uploads\/Razvan-Chiruta-96x96.jpg","0":null,"1":"","2":"","3":"","4":"","5":"","6":"","7":"","8":""}],"_links":{"self":[{"href":"https:\/\/buletin.de\/bucuresti\/wp-json\/wp\/v2\/posts\/114375","targetHints":{"allow":["GET"]}}],"collection":[{"href":"https:\/\/buletin.de\/bucuresti\/wp-json\/wp\/v2\/posts"}],"about":[{"href":"https:\/\/buletin.de\/bucuresti\/wp-json\/wp\/v2\/types\/post"}],"author":[{"embeddable":true,"href":"https:\/\/buletin.de\/bucuresti\/wp-json\/wp\/v2\/users\/60"}],"replies":[{"embeddable":true,"href":"https:\/\/buletin.de\/bucuresti\/wp-json\/wp\/v2\/comments?post=114375"}],"version-history":[{"count":7,"href":"https:\/\/buletin.de\/bucuresti\/wp-json\/wp\/v2\/posts\/114375\/revisions"}],"predecessor-version":[{"id":114409,"href":"https:\/\/buletin.de\/bucuresti\/wp-json\/wp\/v2\/posts\/114375\/revisions\/114409"}],"wp:featuredmedia":[{"embeddable":true,"href":"https:\/\/buletin.de\/bucuresti\/wp-json\/wp\/v2\/media\/114379"}],"wp:attachment":[{"href":"https:\/\/buletin.de\/bucuresti\/wp-json\/wp\/v2\/media?parent=114375"}],"wp:term":[{"taxonomy":"category","embeddable":true,"href":"https:\/\/buletin.de\/bucuresti\/wp-json\/wp\/v2\/categories?post=114375"},{"taxonomy":"post_tag","embeddable":true,"href":"https:\/\/buletin.de\/bucuresti\/wp-json\/wp\/v2\/tags?post=114375"},{"taxonomy":"author","embeddable":true,"href":"https:\/\/buletin.de\/bucuresti\/wp-json\/wp\/v2\/ppma_author?post=114375"}],"curies":[{"name":"wp","href":"https:\/\/api.w.org\/{rel}","templated":true}]}}