{"id":114328,"date":"2025-01-15T05:07:00","date_gmt":"2025-01-15T02:07:00","guid":{"rendered":"https:\/\/buletin.de\/bucuresti\/?p=114328"},"modified":"2025-01-15T01:15:00","modified_gmt":"2025-01-14T22:15:00","slug":"ziua-culturii-nationale-2","status":"publish","type":"post","link":"https:\/\/buletin.de\/bucuresti\/ziua-culturii-nationale-2\/","title":{"rendered":"Ziua Culturii Na\u0163ionale, s\u0103rb\u0103torit\u0103 \u00een Bucure\u015fti prin spectacole, ateliere \u015fi dezbateri"},"content":{"rendered":"\n<p><strong>Ziua Culturii Na\u0163ionale este s\u0103rb\u0103torit\u0103 \u00een institu\u0163iile de cultur\u0103 din \u00eentregul Bucure\u015fti prin lans\u0103ri de carte, de fotografie, ateliere de crea\u021bie, dezbateri \u0219i spectacole.<\/strong> <strong>Manifest\u0103rile culturale vor avea loc p\u00e2n\u0103 pe 23 ianuarie. <\/strong><br><br>Institu\u021biile de cultur\u0103 vor avea urm\u0103toarele programe:<\/p>\n\n\n\n<h2 class=\"wp-block-heading\" id=\"h-muzeul-na\u021bional-al-literaturii-romane-nbsp\"><strong>MUZEUL NA\u021aIONAL AL LITERATURII ROM\u00c2NE<\/strong>&nbsp;<\/h2>\n\n\n\n<p><strong><em>15 ianuarie<\/em><\/strong><\/p>\n\n\n\n<ul class=\"wp-block-list\">\n<li><strong><em><em>\u00eentre<\/em><\/em> 11<em>:00 \u0219i 13:00<\/em>&nbsp;<\/strong>&#8211; <strong>atelierul \u201eEminescu \u00een benzi desenate<\/strong>\u201d, coordonat de Mihai Gr\u0103jdeanu, la Ceain\u0103ria MNLR (situat\u0103 pe strada Nicolae Cre\u021bulescu nr. 8);<\/li>\n\n\n\n<li><em><strong>\u00eentre orele 10:00 \u0219i 12:00<\/strong><\/em>, \u00een Aula Academiei Rom\u00e2ne (Calea Victoriei 125) &#8211; <strong>expozi\u021bia foto-documentar\u0103 \u201eIdentitate rom\u00e2neasc\u0103\/identitate european\u0103\u201d;<\/strong><\/li>\n\n\n\n<li><em><strong><em>\u00eentre<\/em> orele 14:00 \u0219i 15:30<\/strong><\/em>, \u00een mansarda MNLR (strada Nicolae Cre\u021bulescu nr. 8) va avea loc&nbsp;<strong>dezbaterea \u201eG. C\u0103linescu. Editor \u0219i monograf al lui Mihai Eminescu\u201d<\/strong>, eveniment realizat \u00een parteneriat cu Institutul de Istorie \u015fi Teorie literar\u0103 \u201eG. C\u0103linescu\u201d al Academiei Rom\u00e2ne;<\/li>\n\n\n\n<li><em><strong><em><em>\u00eentre<\/em> <\/em>16:00 la ora 18:00<\/strong><\/em>, la sediul MNLR se va derula&nbsp;<strong>\u201eGala tinerilor scriitori \/Cartea de poezie a anului 2024\u201d<\/strong>.<\/li>\n\n\n\n<li><strong><em>de la ora 17:00 la ora 18:00<\/em>,<\/strong> \u00een&nbsp;Aula Bibliotecii Centrale Universitare \u201eCarol I\u201d (Calea Victoriei nr. 88) va avea loc o&nbsp;<strong>\u201eSerat\u0103 eminescian\u0103\u201d<\/strong>. Interpreteaz\u0103 Arlinda Morava \u0219i Claudiu Bleon\u021b. Acompaniaz\u0103 la pian Adriana Alexandru.<\/li>\n<\/ul>\n\n\n\n<p>Vizitarea expozi\u021biei de baz\u0103 a MNLR (situat pe strada Nicolae Cre\u021bulescu 8), precum \u0219i a Caselor memoriale ale MNLR este gratuit\u0103.<\/p>\n\n\n\n<h2 class=\"wp-block-heading\" id=\"h-biblioteca-metropolitana-bucure\u0219ti-nbsp\"><strong>BIBLIOTECA METROPOLITAN\u0102 BUCURE\u0218TI<\/strong>&nbsp;<\/h2>\n\n\n\n<p><em><strong>15 ianuarie<\/strong><\/em><\/p>\n\n\n\n<ul class=\"wp-block-list\">\n<li>de la ora 17:30, arti\u0219tii proiectului \u201eOpera la bibliotec\u0103\u201d vor interpreta  lucr\u0103ri ale unor creatori rom\u00e2ni: Mihai Eminescu, Ciprian Porumbescu, \u0218erban Nichifor, Sabin Pautza, Gherase Dendrino, Marcel Dragomir, \u00een Sala Auditorium, Sediul Central (strada Tache Ionescu nr. 4).<\/li>\n\n\n\n<li>se vor desf\u0103\u0219ura \u00een filialele BMB&nbsp;<strong>expozi\u021bii de carte \u0219i pictur\u0103<\/strong>&nbsp;dedicate lui Mihai Eminescu, o dezbatere privind opera sa (\u00een cadrul Cenaclului Literar AntiM),&nbsp;<strong>ateliere de lectur\u0103, minirecital de poezie, atelier de scriere caligrafic\u0103&nbsp;<\/strong>(cu texte din opera lui Eminescu),&nbsp;<strong>expozi\u021bie cu desene<\/strong>&nbsp;, <strong>sesiune de lectur\u0103<\/strong>.<\/li>\n<\/ul>\n\n\n\n<h2 class=\"wp-block-heading\" id=\"h-muzeul-municipiului-bucure\u0219ti-nbsp\"><strong>MUZEUL MUNICIPIULUI BUCURE\u0218TI<\/strong>&nbsp;<\/h2>\n\n\n\n<p><em><strong>15 ianuarie <\/strong><\/em><\/p>\n\n\n\n<ul class=\"wp-block-list\">\n<li><em>\u00eentre orele 19:00 \u2013 21:30<\/em>, la sediul Institutului Cultural Rom\u00e2n &#8211; Pia\u021ba Belgrave nr. 1, Londra SW1X 8PH, Marea Britanie, are loc&nbsp;<strong>vernisajul expozi\u021biei \u201eBucure\u0219ti: H\u0103r\u021bi \u00een mi\u0219care\u201d \/ \u201eBucharest: Moving Maps\u201d<\/strong>.<\/li>\n<\/ul>\n\n\n\n<p><em><strong>16 ianuarie<\/strong><\/em><\/p>\n\n\n\n<ul class=\"wp-block-list\">\n<li><em>de la&nbsp;ora 19.00<\/em>, tot la&nbsp;Casa Memorial\u0103 Dinu Lipatti&nbsp;va avea loc&nbsp;<strong>Recitalul&nbsp;vioar\u0103 &#8211; pian,<\/strong><em>&nbsp;<\/em>sus\u021binut de violonistul MIHAI MANG\u00ceR &#8211; Laureat cu Marele Premiu al Concursului Interna\u021bional Remember Enescu (Edi\u021bia a XXI-a, 2023) \u0219i pianista&nbsp;Verona&nbsp;Maier.&nbsp;Violonistul Mihai Mang\u00eer va c\u00e2nta pe vioara Paul Kohl, care i-a apar\u021binut maestrului George Enescu.<\/li>\n<\/ul>\n\n\n\n<p><em><strong>18 ianuarie <\/strong><\/em><\/p>\n\n\n\n<ul class=\"wp-block-list\">\n<li><em>de la&nbsp;ora 18.00<\/em>  Casa Dinu Lipatti&nbsp; va g\u0103zdui&nbsp;<strong>recitalul de excep\u021bie<\/strong>&nbsp;organizat \u00een parteneriat&nbsp;cu&nbsp;Asocia\u021bia Sonus Animae.<\/li>\n<\/ul>\n\n\n\n<p><strong><em>19 ianuarie<\/em><\/strong><\/p>\n\n\n\n<ul class=\"wp-block-list\">\n<li><em>de la ora 11.00,<\/em>&nbsp;Muzeul V\u00e2rstelor &#8211; Casa Filipescu Cesianu&nbsp;g\u0103zduie\u0219te&nbsp;<strong>atelierul&nbsp;pentru copii dedicat descoperirii lumii bucure\u0219tene \u00een care a tr\u0103it Mihai Eminescu<\/strong>. Atelierul este sus\u021binut de scriitoarea Miruna Lepu\u0219 \u0219i se adreseaz\u0103 copiilor cu v\u00e2rste cuprinse \u00eentre 10 \u0219i 14 ani.<\/li>\n<\/ul>\n\n\n\n<p><em><strong>20 ianuarie<\/strong>,<\/em><\/p>\n\n\n\n<ul class=\"wp-block-list\">\n<li><em>de la&nbsp;ora 18.00<\/em>, la Palatul Su\u021bu (Bd. Ion C. Br\u0103tianu, nr 2), se va desf\u0103\u0219ura&nbsp;<strong>spectacolul \u201eEminescu, forever\u201d,<\/strong>&nbsp;sus\u021binut de soprana Arlinda Morava, acompaniat\u0103 la pian de Adriana&nbsp;Alexandru, cu participarea actri\u021bei Theodora Stanciu. Invitat special: interpretul Iosif Preda.&nbsp;Repertoriul va fi alc\u0103tuit din \u00eendr\u0103gite melodii de muzic\u0103 balcanic\u0103, roman\u021be, arii celebre.<\/li>\n<\/ul>\n\n\n\n<p><em><strong>23 ianuarie<\/strong> <\/em><\/p>\n\n\n\n<ul class=\"wp-block-list\">\n<li><em>de la ora 18.30<\/em>, va avea loc&nbsp;<strong>recitalul&nbsp;<\/strong>organizat \u00een parteneriat Asocia\u021bia Sonus Animae&nbsp;&#8211;&nbsp;<strong>\u201eBentoiu &amp; Enescu &#8211; Muzica rom\u00e2neasc\u0103 \u00een context european\u201d<\/strong><em>,&nbsp;<\/em>cu Irina Nanushi &#8211; vioar\u0103 \u0219i Elena Anca &#8211; pian.<\/li>\n<\/ul>\n\n\n\n<h2 class=\"wp-block-heading\" id=\"h-creart-nbsp\"><strong>CREART<\/strong>&nbsp;<\/h2>\n\n\n\n<p><em><strong>15 ianuarie<\/strong><\/em><\/p>\n\n\n\n<ul class=\"wp-block-list\">\n<li><em>de la ora 19.00<\/em>, la sala Teatrelli,&nbsp;<strong>spectacolul \u201eAplauze pentru poet\u2026 pe scen\u0103\u201d<\/strong>, cu Emilia Popescu \u0219i Mihai M\u0103laimare. Cei doi actori vor recita din crea\u0163ia poe\u0163ilor clasici \u015fi moderni rom\u00e2ni, de la Eminescu, p\u00e2n\u0103 la Marin Sorescu, Nichita St\u0103nescu sau Emil Brumaru.<\/li>\n<\/ul>\n\n\n\n<p><strong>CITE\u0218TE \u0218I:<\/strong> <a href=\"https:\/\/buletin.de\/bucuresti\/fetita-cu-chibrituri\/\">Premier\u0103 la Teatrul Ion Creang\u0103, de Ziua Culturii Na\u021bionale. Spectacolul \u201eFeti\u021ba cu chibrituri\u201d se joac\u0103 pe 15 ianuarie<\/a><\/p>\n\n\n\n<h2 class=\"wp-block-heading\" id=\"h-ziua-culturii-nationale-sarbatorita-in-toate-institu\u021biile-de-cultura-bucure\u0219tene\">Ziua Culturii Na\u0163ionale, s\u0103rb\u0103torit\u0103 \u00een toate institu\u021biile de cultur\u0103 bucure\u0219tene<\/h2>\n\n\n\n<h2 class=\"wp-block-heading\" id=\"h-arcub-hanul-gabroveni\"><strong><a href=\"https:\/\/arcub.ro\/\">ARCUB <\/a>\u2013 HANUL GABROVENI<\/strong>\u00a0<\/h2>\n\n\n\n<p><em><strong>15 ianuarie<\/strong><\/em><\/p>\n\n\n\n<ul class=\"wp-block-list\">\n<li><em>de la ora 18:00,&nbsp;<\/em>&nbsp;<strong>atelier de jonglerii \u201ecu rime cu \u0219i f\u0103r\u0103 noim\u0103\u201d<\/strong>, sus\u021binut de scriitoarea Carmen Tiderle, c\u00e2\u0219tig\u0103toare a Premiului Copiilor C\u0103rturino pentru cartea \u201eCornute cosmonaute \u0219i alte 116 nonsensuri\u201d.<\/li>\n<\/ul>\n\n\n\n<p>Participarea la acest atelier este inclus\u0103 \u00een pre\u021bul biletelor de intrare \u00een expozi\u021bia \u201eAbracadabra \u2013 Secretele magiei\u201d. Programul de vizitare a expozi\u021biei \u201eAbracadabra \u2013 Secretele magiei\u201d este:<\/p>\n\n\n\n<ul class=\"wp-block-list\">\n<li>de miercuri p\u00e2n\u0103 vineri, \u00eentre orele 10:00 \u0219i 17:00 (ultima intrare \u2013 ora 16:00);<\/li>\n\n\n\n<li>s\u00e2mb\u0103t\u0103 \u0219i duminic\u0103, \u00een intervalul 10:00-19:00.<\/li>\n<\/ul>\n\n\n\n<h2 class=\"wp-block-heading\" id=\"h-centrul-de-cultura-palatele-brancovene\u0219ti-de-la-por\u021bile-bucure\u0219tiului-nbsp\"><strong>Centrul de Cultur\u0103 \u201ePALATELE BR\u00c2NCOVENE\u0218TI DE LA POR\u021aILE BUCURE\u0218TIULUI\u201d<\/strong>&nbsp;<\/h2>\n\n\n\n<p><em><strong>18 ianuarie<\/strong><\/em><\/p>\n\n\n\n<p><em>de la ora 14:00 la ora 17:00,<\/em>&nbsp;la&nbsp;Sala Scoar\u021belor din Palat&nbsp;<strong>lansarea de carte<\/strong>&nbsp;cu versuri antologice \u2013 \u201eCel\u0103lalt fel de a privi lumea\u201d, de Octavian Soviany;<\/p>\n\n\n\n<p><em><strong>19 ianuarie<\/strong><\/em><\/p>\n\n\n\n<ul class=\"wp-block-list\">\n<li><em>de la ora 14:00 la ora 16:00<\/em>&nbsp; va g\u0103zdui &nbsp;proiectul&nbsp;<strong>\u201eMuzic\u0103 \u0219i poezie<\/strong>\u201d, sus\u021binut de tineri interpre\u021bi de la \u0219coli \u0219i colegii de muzic\u0103.<\/li>\n<\/ul>\n\n\n\n<h2 class=\"wp-block-heading\" id=\"h-centrul-metropolitan-de-educa\u021bie-\u0219i-cultura-ioan-i-dalles-nbsp\"><strong>CENTRUL METROPOLITAN DE EDUCA\u021aIE \u0218I CULTUR\u0102 IOAN I.DALLES<\/strong>&nbsp;<\/h2>\n\n\n\n<p><strong>1<em>7 ianuarie<\/em><\/strong><em> <\/em><\/p>\n\n\n\n<ul class=\"wp-block-list\">\n<li><em>de la ora 18:00,<\/em>&nbsp;<strong>spectacolul de muzic\u0103 \u0219i poezie \u201eEminescu\u201d<\/strong>.<\/li>\n<\/ul>\n\n\n\n<p>Ziua Culturii Na\u0163ionale a fost stabilit\u0103, prin lege, \u00eencep\u00e2nd cu 2011, la 15 ianuarie, marc\u00e2nd ziua na\u0219terii poetului Mihai Eminescu (1850-1889). Anul acesta se \u00eemplinesc 175 de ani de la na\u0219terea sa.<\/p>\n\n\n\n<p><strong>CITE\u0218TE \u0218I:<\/strong>  <a href=\"https:\/\/buletin.de\/bucuresti\/frasineanu-de-la-directia-pentru-cultura-absolvent-de-geografie-cariera-de-functionar-presarata-de-controverse-sotia-consilier-de-stat-la-cancelaria-lui-marcel-ciolacu\/\">Fr\u0103sineanu de la Direc\u021bia pentru Cultur\u0103, absolvent de Geografie, carier\u0103 de func\u021bionar pres\u0103rat\u0103 de controverse. So\u021bia, consilier de stat la Cancelaria lui Marcel Ciolacu<\/a><\/p>\n\n\n\n<p><\/p>\n","protected":false},"excerpt":{"rendered":"<p>Ziua Culturii Na\u0163ionale este s\u0103rb\u0103torit\u0103 \u00een institu\u0163iile de cultur\u0103 din \u00eentregul Bucure\u015fti prin lans\u0103ri de carte, de fotografie, ateliere de crea\u021bie, dezbateri \u0219i spectacole. Manifest\u0103rile culturale vor avea loc p\u00e2n\u0103 pe 23 ianuarie. Institu\u021biile de cultur\u0103 vor avea urm\u0103toarele programe: MUZEUL NA\u021aIONAL AL LITERATURII ROM\u00c2NE&nbsp; 15 ianuarie Vizitarea expozi\u021biei de baz\u0103 a MNLR (situat pe [&hellip;]<\/p>\n","protected":false},"author":49,"featured_media":114336,"comment_status":"closed","ping_status":"open","sticky":false,"template":"","format":"standard","meta":{"_acf_changed":false,"inline_featured_image":false,"ngg_post_thumbnail":0,"footnotes":""},"categories":[6994,81,5762],"tags":[7022,88,18406,9068],"ppma_author":[22574],"class_list":["post-114328","post","type-post","status-publish","format-standard","has-post-thumbnail","hentry","category-stiri-2","category-cultura","category-main","tag-biblioteca-metropolitana","tag-creart","tag-muzeul-national-al-literaturii-romane-2","tag-ziua-culturii-nationale"],"acf":[],"yoast_head":"<!-- This site is optimized with the Yoast SEO Premium plugin v25.3 (Yoast SEO v27.4) - https:\/\/yoast.com\/product\/yoast-seo-premium-wordpress\/ -->\n<title>Ziua Culturii Na\u0163ionale, s\u0103rb\u0103torit\u0103 \u00een Bucure\u015fti prin spectacole, ateliere \u015fi dezbateri - Buletin de Bucure\u0219ti<\/title>\n<meta name=\"description\" content=\"Ziua Culturii Na\u0163ionale este s\u0103rb\u0103torit\u0103 ast\u0103zi \u015fi \u00een institu\u021biile de cultur\u0103 subordonate Prim\u0103riei Municipiului Bucure\u0219ti.\" \/>\n<meta name=\"robots\" content=\"index, follow, max-snippet:-1, max-image-preview:large, max-video-preview:-1\" \/>\n<link rel=\"canonical\" href=\"https:\/\/buletin.de\/bucuresti\/ziua-culturii-nationale-2\/\" \/>\n<meta property=\"og:locale\" content=\"en_GB\" \/>\n<meta property=\"og:type\" content=\"article\" \/>\n<meta property=\"og:title\" content=\"Ziua Culturii Na\u0163ionale, s\u0103rb\u0103torit\u0103 \u00een Bucure\u015fti prin spectacole, ateliere \u015fi dezbateri\" \/>\n<meta property=\"og:description\" content=\"Ziua Culturii Na\u0163ionale este s\u0103rb\u0103torit\u0103 ast\u0103zi \u015fi \u00een institu\u021biile de cultur\u0103 subordonate Prim\u0103riei Municipiului Bucure\u0219ti.\" \/>\n<meta property=\"og:url\" content=\"https:\/\/buletin.de\/bucuresti\/ziua-culturii-nationale-2\/\" \/>\n<meta property=\"og:site_name\" content=\"Buletin de Bucure\u0219ti\" \/>\n<meta property=\"article:publisher\" content=\"https:\/\/www.facebook.com\/buletin.de.buc\" \/>\n<meta property=\"article:published_time\" content=\"2025-01-15T02:07:00+00:00\" \/>\n<meta property=\"og:image\" content=\"https:\/\/buletin.de\/bucuresti\/wp-content\/uploads\/eminescu.png\" \/>\n\t<meta property=\"og:image:width\" content=\"646\" \/>\n\t<meta property=\"og:image:height\" content=\"486\" \/>\n\t<meta property=\"og:image:type\" content=\"image\/png\" \/>\n<meta name=\"author\" content=\"Diana Matei\" \/>\n<meta name=\"twitter:card\" content=\"summary_large_image\" \/>\n<meta name=\"twitter:label1\" content=\"Written by\" \/>\n\t<meta name=\"twitter:data1\" content=\"Diana Matei\" \/>\n\t<meta name=\"twitter:label2\" content=\"Estimated reading time\" \/>\n\t<meta name=\"twitter:data2\" content=\"4 minutes\" \/>\n<script type=\"application\/ld+json\" class=\"yoast-schema-graph\">{\"@context\":\"https:\\\/\\\/schema.org\",\"@graph\":[{\"@type\":\"Article\",\"@id\":\"https:\\\/\\\/buletin.de\\\/bucuresti\\\/ziua-culturii-nationale-2\\\/#article\",\"isPartOf\":{\"@id\":\"https:\\\/\\\/buletin.de\\\/bucuresti\\\/ziua-culturii-nationale-2\\\/\"},\"author\":{\"name\":\"Diana Matei\",\"@id\":\"https:\\\/\\\/buletin.de\\\/bucuresti\\\/#\\\/schema\\\/person\\\/7e46040573290777280a0835d81ea4ea\"},\"headline\":\"Ziua Culturii Na\u0163ionale, s\u0103rb\u0103torit\u0103 \u00een Bucure\u015fti prin spectacole, ateliere \u015fi dezbateri\",\"datePublished\":\"2025-01-15T02:07:00+00:00\",\"mainEntityOfPage\":{\"@id\":\"https:\\\/\\\/buletin.de\\\/bucuresti\\\/ziua-culturii-nationale-2\\\/\"},\"wordCount\":974,\"publisher\":{\"@id\":\"https:\\\/\\\/buletin.de\\\/bucuresti\\\/#organization\"},\"image\":{\"@id\":\"https:\\\/\\\/buletin.de\\\/bucuresti\\\/ziua-culturii-nationale-2\\\/#primaryimage\"},\"thumbnailUrl\":\"https:\\\/\\\/buletin.de\\\/bucuresti\\\/wp-content\\\/uploads\\\/eminescu.png\",\"keywords\":[\"biblioteca metropolitana\",\"creart\",\"Muzeul National al Literaturii Romane\",\"Ziua Culturii Nationale\"],\"articleSection\":[\"Articole\",\"Cultur\u0103\",\"Main\"],\"inLanguage\":\"en-GB\",\"copyrightYear\":\"2025\",\"copyrightHolder\":{\"@id\":\"https:\\\/\\\/buletin.de\\\/bucuresti\\\/#organization\"}},{\"@type\":\"WebPage\",\"@id\":\"https:\\\/\\\/buletin.de\\\/bucuresti\\\/ziua-culturii-nationale-2\\\/\",\"url\":\"https:\\\/\\\/buletin.de\\\/bucuresti\\\/ziua-culturii-nationale-2\\\/\",\"name\":\"Ziua Culturii Na\u0163ionale, s\u0103rb\u0103torit\u0103 \u00een Bucure\u015fti prin spectacole, ateliere \u015fi dezbateri - Buletin de Bucure\u0219ti\",\"isPartOf\":{\"@id\":\"https:\\\/\\\/buletin.de\\\/bucuresti\\\/#website\"},\"primaryImageOfPage\":{\"@id\":\"https:\\\/\\\/buletin.de\\\/bucuresti\\\/ziua-culturii-nationale-2\\\/#primaryimage\"},\"image\":{\"@id\":\"https:\\\/\\\/buletin.de\\\/bucuresti\\\/ziua-culturii-nationale-2\\\/#primaryimage\"},\"thumbnailUrl\":\"https:\\\/\\\/buletin.de\\\/bucuresti\\\/wp-content\\\/uploads\\\/eminescu.png\",\"datePublished\":\"2025-01-15T02:07:00+00:00\",\"description\":\"Ziua Culturii Na\u0163ionale este s\u0103rb\u0103torit\u0103 ast\u0103zi \u015fi \u00een institu\u021biile de cultur\u0103 subordonate Prim\u0103riei Municipiului Bucure\u0219ti.\",\"breadcrumb\":{\"@id\":\"https:\\\/\\\/buletin.de\\\/bucuresti\\\/ziua-culturii-nationale-2\\\/#breadcrumb\"},\"inLanguage\":\"en-GB\",\"potentialAction\":[{\"@type\":\"ReadAction\",\"target\":[\"https:\\\/\\\/buletin.de\\\/bucuresti\\\/ziua-culturii-nationale-2\\\/\"]}]},{\"@type\":\"ImageObject\",\"inLanguage\":\"en-GB\",\"@id\":\"https:\\\/\\\/buletin.de\\\/bucuresti\\\/ziua-culturii-nationale-2\\\/#primaryimage\",\"url\":\"https:\\\/\\\/buletin.de\\\/bucuresti\\\/wp-content\\\/uploads\\\/eminescu.png\",\"contentUrl\":\"https:\\\/\\\/buletin.de\\\/bucuresti\\\/wp-content\\\/uploads\\\/eminescu.png\",\"width\":646,\"height\":486},{\"@type\":\"BreadcrumbList\",\"@id\":\"https:\\\/\\\/buletin.de\\\/bucuresti\\\/ziua-culturii-nationale-2\\\/#breadcrumb\",\"itemListElement\":[{\"@type\":\"ListItem\",\"position\":1,\"name\":\"Acas\u0103\",\"item\":\"https:\\\/\\\/buletin.de\\\/bucuresti\\\/\"},{\"@type\":\"ListItem\",\"position\":2,\"name\":\"Ziua Culturii Na\u0163ionale, s\u0103rb\u0103torit\u0103 \u00een Bucure\u015fti prin spectacole, ateliere \u015fi dezbateri\"}]},{\"@type\":\"WebSite\",\"@id\":\"https:\\\/\\\/buletin.de\\\/bucuresti\\\/#website\",\"url\":\"https:\\\/\\\/buletin.de\\\/bucuresti\\\/\",\"name\":\"Buletin de Bucure\u0219ti\",\"description\":\"\u0218tiri \u0219i investiga\u021bii esen\u021biale din capital\u0103\",\"publisher\":{\"@id\":\"https:\\\/\\\/buletin.de\\\/bucuresti\\\/#organization\"},\"potentialAction\":[{\"@type\":\"SearchAction\",\"target\":{\"@type\":\"EntryPoint\",\"urlTemplate\":\"https:\\\/\\\/buletin.de\\\/bucuresti\\\/?s={search_term_string}\"},\"query-input\":{\"@type\":\"PropertyValueSpecification\",\"valueRequired\":true,\"valueName\":\"search_term_string\"}}],\"inLanguage\":\"en-GB\"},{\"@type\":\"Organization\",\"@id\":\"https:\\\/\\\/buletin.de\\\/bucuresti\\\/#organization\",\"name\":\"Buletin de Bucure\u0219ti\",\"url\":\"https:\\\/\\\/buletin.de\\\/bucuresti\\\/\",\"logo\":{\"@type\":\"ImageObject\",\"inLanguage\":\"en-GB\",\"@id\":\"https:\\\/\\\/buletin.de\\\/bucuresti\\\/#\\\/schema\\\/logo\\\/image\\\/\",\"url\":\"https:\\\/\\\/buletin.de\\\/bucuresti\\\/wp-content\\\/uploads\\\/logo-bdb-full-wide-vernil-transparent.png\",\"contentUrl\":\"https:\\\/\\\/buletin.de\\\/bucuresti\\\/wp-content\\\/uploads\\\/logo-bdb-full-wide-vernil-transparent.png\",\"width\":1782,\"height\":626,\"caption\":\"Buletin de Bucure\u0219ti\"},\"image\":{\"@id\":\"https:\\\/\\\/buletin.de\\\/bucuresti\\\/#\\\/schema\\\/logo\\\/image\\\/\"},\"sameAs\":[\"https:\\\/\\\/www.facebook.com\\\/buletin.de.buc\",\"https:\\\/\\\/www.instagram.com\\\/buletinde.bucuresti\\\/\"]},{\"@type\":\"Person\",\"@id\":\"https:\\\/\\\/buletin.de\\\/bucuresti\\\/#\\\/schema\\\/person\\\/7e46040573290777280a0835d81ea4ea\",\"name\":\"Diana Matei\",\"image\":{\"@type\":\"ImageObject\",\"inLanguage\":\"en-GB\",\"@id\":\"https:\\\/\\\/buletin.de\\\/bucuresti\\\/wp-content\\\/uploads\\\/9-2-96x96.jpg1e8590b30871d70e62ebcdaf2eff570c\",\"url\":\"https:\\\/\\\/buletin.de\\\/bucuresti\\\/wp-content\\\/uploads\\\/9-2-96x96.jpg\",\"contentUrl\":\"https:\\\/\\\/buletin.de\\\/bucuresti\\\/wp-content\\\/uploads\\\/9-2-96x96.jpg\",\"caption\":\"Diana Matei\"},\"url\":\"https:\\\/\\\/buletin.de\\\/bucuresti\\\/author\\\/dianamatei\\\/\"}]}<\/script>\n<!-- \/ Yoast SEO Premium plugin. -->","yoast_head_json":{"title":"Ziua Culturii Na\u0163ionale, s\u0103rb\u0103torit\u0103 \u00een Bucure\u015fti prin spectacole, ateliere \u015fi dezbateri - Buletin de Bucure\u0219ti","description":"Ziua Culturii Na\u0163ionale este s\u0103rb\u0103torit\u0103 ast\u0103zi \u015fi \u00een institu\u021biile de cultur\u0103 subordonate Prim\u0103riei Municipiului Bucure\u0219ti.","robots":{"index":"index","follow":"follow","max-snippet":"max-snippet:-1","max-image-preview":"max-image-preview:large","max-video-preview":"max-video-preview:-1"},"canonical":"https:\/\/buletin.de\/bucuresti\/ziua-culturii-nationale-2\/","og_locale":"en_GB","og_type":"article","og_title":"Ziua Culturii Na\u0163ionale, s\u0103rb\u0103torit\u0103 \u00een Bucure\u015fti prin spectacole, ateliere \u015fi dezbateri","og_description":"Ziua Culturii Na\u0163ionale este s\u0103rb\u0103torit\u0103 ast\u0103zi \u015fi \u00een institu\u021biile de cultur\u0103 subordonate Prim\u0103riei Municipiului Bucure\u0219ti.","og_url":"https:\/\/buletin.de\/bucuresti\/ziua-culturii-nationale-2\/","og_site_name":"Buletin de Bucure\u0219ti","article_publisher":"https:\/\/www.facebook.com\/buletin.de.buc","article_published_time":"2025-01-15T02:07:00+00:00","og_image":[{"width":646,"height":486,"url":"https:\/\/buletin.de\/bucuresti\/wp-content\/uploads\/eminescu.png","type":"image\/png"}],"author":"Diana Matei","twitter_card":"summary_large_image","twitter_misc":{"Written by":"Diana Matei","Estimated reading time":"4 minutes"},"schema":{"@context":"https:\/\/schema.org","@graph":[{"@type":"Article","@id":"https:\/\/buletin.de\/bucuresti\/ziua-culturii-nationale-2\/#article","isPartOf":{"@id":"https:\/\/buletin.de\/bucuresti\/ziua-culturii-nationale-2\/"},"author":{"name":"Diana Matei","@id":"https:\/\/buletin.de\/bucuresti\/#\/schema\/person\/7e46040573290777280a0835d81ea4ea"},"headline":"Ziua Culturii Na\u0163ionale, s\u0103rb\u0103torit\u0103 \u00een Bucure\u015fti prin spectacole, ateliere \u015fi dezbateri","datePublished":"2025-01-15T02:07:00+00:00","mainEntityOfPage":{"@id":"https:\/\/buletin.de\/bucuresti\/ziua-culturii-nationale-2\/"},"wordCount":974,"publisher":{"@id":"https:\/\/buletin.de\/bucuresti\/#organization"},"image":{"@id":"https:\/\/buletin.de\/bucuresti\/ziua-culturii-nationale-2\/#primaryimage"},"thumbnailUrl":"https:\/\/buletin.de\/bucuresti\/wp-content\/uploads\/eminescu.png","keywords":["biblioteca metropolitana","creart","Muzeul National al Literaturii Romane","Ziua Culturii Nationale"],"articleSection":["Articole","Cultur\u0103","Main"],"inLanguage":"en-GB","copyrightYear":"2025","copyrightHolder":{"@id":"https:\/\/buletin.de\/bucuresti\/#organization"}},{"@type":"WebPage","@id":"https:\/\/buletin.de\/bucuresti\/ziua-culturii-nationale-2\/","url":"https:\/\/buletin.de\/bucuresti\/ziua-culturii-nationale-2\/","name":"Ziua Culturii Na\u0163ionale, s\u0103rb\u0103torit\u0103 \u00een Bucure\u015fti prin spectacole, ateliere \u015fi dezbateri - Buletin de Bucure\u0219ti","isPartOf":{"@id":"https:\/\/buletin.de\/bucuresti\/#website"},"primaryImageOfPage":{"@id":"https:\/\/buletin.de\/bucuresti\/ziua-culturii-nationale-2\/#primaryimage"},"image":{"@id":"https:\/\/buletin.de\/bucuresti\/ziua-culturii-nationale-2\/#primaryimage"},"thumbnailUrl":"https:\/\/buletin.de\/bucuresti\/wp-content\/uploads\/eminescu.png","datePublished":"2025-01-15T02:07:00+00:00","description":"Ziua Culturii Na\u0163ionale este s\u0103rb\u0103torit\u0103 ast\u0103zi \u015fi \u00een institu\u021biile de cultur\u0103 subordonate Prim\u0103riei Municipiului Bucure\u0219ti.","breadcrumb":{"@id":"https:\/\/buletin.de\/bucuresti\/ziua-culturii-nationale-2\/#breadcrumb"},"inLanguage":"en-GB","potentialAction":[{"@type":"ReadAction","target":["https:\/\/buletin.de\/bucuresti\/ziua-culturii-nationale-2\/"]}]},{"@type":"ImageObject","inLanguage":"en-GB","@id":"https:\/\/buletin.de\/bucuresti\/ziua-culturii-nationale-2\/#primaryimage","url":"https:\/\/buletin.de\/bucuresti\/wp-content\/uploads\/eminescu.png","contentUrl":"https:\/\/buletin.de\/bucuresti\/wp-content\/uploads\/eminescu.png","width":646,"height":486},{"@type":"BreadcrumbList","@id":"https:\/\/buletin.de\/bucuresti\/ziua-culturii-nationale-2\/#breadcrumb","itemListElement":[{"@type":"ListItem","position":1,"name":"Acas\u0103","item":"https:\/\/buletin.de\/bucuresti\/"},{"@type":"ListItem","position":2,"name":"Ziua Culturii Na\u0163ionale, s\u0103rb\u0103torit\u0103 \u00een Bucure\u015fti prin spectacole, ateliere \u015fi dezbateri"}]},{"@type":"WebSite","@id":"https:\/\/buletin.de\/bucuresti\/#website","url":"https:\/\/buletin.de\/bucuresti\/","name":"Buletin de Bucure\u0219ti","description":"\u0218tiri \u0219i investiga\u021bii esen\u021biale din capital\u0103","publisher":{"@id":"https:\/\/buletin.de\/bucuresti\/#organization"},"potentialAction":[{"@type":"SearchAction","target":{"@type":"EntryPoint","urlTemplate":"https:\/\/buletin.de\/bucuresti\/?s={search_term_string}"},"query-input":{"@type":"PropertyValueSpecification","valueRequired":true,"valueName":"search_term_string"}}],"inLanguage":"en-GB"},{"@type":"Organization","@id":"https:\/\/buletin.de\/bucuresti\/#organization","name":"Buletin de Bucure\u0219ti","url":"https:\/\/buletin.de\/bucuresti\/","logo":{"@type":"ImageObject","inLanguage":"en-GB","@id":"https:\/\/buletin.de\/bucuresti\/#\/schema\/logo\/image\/","url":"https:\/\/buletin.de\/bucuresti\/wp-content\/uploads\/logo-bdb-full-wide-vernil-transparent.png","contentUrl":"https:\/\/buletin.de\/bucuresti\/wp-content\/uploads\/logo-bdb-full-wide-vernil-transparent.png","width":1782,"height":626,"caption":"Buletin de Bucure\u0219ti"},"image":{"@id":"https:\/\/buletin.de\/bucuresti\/#\/schema\/logo\/image\/"},"sameAs":["https:\/\/www.facebook.com\/buletin.de.buc","https:\/\/www.instagram.com\/buletinde.bucuresti\/"]},{"@type":"Person","@id":"https:\/\/buletin.de\/bucuresti\/#\/schema\/person\/7e46040573290777280a0835d81ea4ea","name":"Diana Matei","image":{"@type":"ImageObject","inLanguage":"en-GB","@id":"https:\/\/buletin.de\/bucuresti\/wp-content\/uploads\/9-2-96x96.jpg1e8590b30871d70e62ebcdaf2eff570c","url":"https:\/\/buletin.de\/bucuresti\/wp-content\/uploads\/9-2-96x96.jpg","contentUrl":"https:\/\/buletin.de\/bucuresti\/wp-content\/uploads\/9-2-96x96.jpg","caption":"Diana Matei"},"url":"https:\/\/buletin.de\/bucuresti\/author\/dianamatei\/"}]}},"authors":[{"term_id":22574,"user_id":49,"is_guest":0,"slug":"dianamatei","display_name":"Diana Matei","avatar_url":"https:\/\/buletin.de\/bucuresti\/wp-content\/uploads\/9-2-96x96.jpg","0":null,"1":"","2":"","3":"","4":"","5":"","6":"","7":"","8":""}],"_links":{"self":[{"href":"https:\/\/buletin.de\/bucuresti\/wp-json\/wp\/v2\/posts\/114328","targetHints":{"allow":["GET"]}}],"collection":[{"href":"https:\/\/buletin.de\/bucuresti\/wp-json\/wp\/v2\/posts"}],"about":[{"href":"https:\/\/buletin.de\/bucuresti\/wp-json\/wp\/v2\/types\/post"}],"author":[{"embeddable":true,"href":"https:\/\/buletin.de\/bucuresti\/wp-json\/wp\/v2\/users\/49"}],"replies":[{"embeddable":true,"href":"https:\/\/buletin.de\/bucuresti\/wp-json\/wp\/v2\/comments?post=114328"}],"version-history":[{"count":2,"href":"https:\/\/buletin.de\/bucuresti\/wp-json\/wp\/v2\/posts\/114328\/revisions"}],"predecessor-version":[{"id":114337,"href":"https:\/\/buletin.de\/bucuresti\/wp-json\/wp\/v2\/posts\/114328\/revisions\/114337"}],"wp:featuredmedia":[{"embeddable":true,"href":"https:\/\/buletin.de\/bucuresti\/wp-json\/wp\/v2\/media\/114336"}],"wp:attachment":[{"href":"https:\/\/buletin.de\/bucuresti\/wp-json\/wp\/v2\/media?parent=114328"}],"wp:term":[{"taxonomy":"category","embeddable":true,"href":"https:\/\/buletin.de\/bucuresti\/wp-json\/wp\/v2\/categories?post=114328"},{"taxonomy":"post_tag","embeddable":true,"href":"https:\/\/buletin.de\/bucuresti\/wp-json\/wp\/v2\/tags?post=114328"},{"taxonomy":"author","embeddable":true,"href":"https:\/\/buletin.de\/bucuresti\/wp-json\/wp\/v2\/ppma_author?post=114328"}],"curies":[{"name":"wp","href":"https:\/\/api.w.org\/{rel}","templated":true}]}}