{"id":114319,"date":"2025-01-15T05:55:00","date_gmt":"2025-01-15T02:55:00","guid":{"rendered":"https:\/\/buletin.de\/bucuresti\/?p=114319"},"modified":"2025-01-15T10:14:40","modified_gmt":"2025-01-15T07:14:40","slug":"cine-va-construi-lotul-ii-din-calea-ferata-bucuresti-giurgiu","status":"publish","type":"post","link":"https:\/\/buletin.de\/bucuresti\/cine-va-construi-lotul-ii-din-calea-ferata-bucuresti-giurgiu\/","title":{"rendered":"Cine va construi lotul II din calea ferat\u0103 Bucure\u0219ti-Giurgiu. O asociere de dou\u0103 companii a c\u00e2\u0219tigat licita\u021bia"},"content":{"rendered":"\n<p><strong>O asociere de dou\u0103 companii va proiecta \u0219i executa lucr\u0103rile de modernizare a lotului II din calea ferat\u0103 Bucure\u0219ti-Giurgiu, dintre sta\u021biile CF Bucure\u0219ti Nord-Jilava-Giurgiu Nord-Giurgiu Nord Frontier\u0103. Anun\u021bul a fost f\u0103cut de <a href=\"https:\/\/www.facebook.com\/photo?fbid=1120960886483158&amp;set=a.590755112837074&amp;locale=ro_RO\" target=\"_blank\" rel=\"noreferrer noopener\">Compania Na\u021bional\u0103 de C\u0103i Ferate CFR SA.<\/a><\/strong><\/p>\n\n\n\n<p>Administratorul infrastructurii feroviare a anun\u021bat c\u0103 a fost desemnat\u0103 <strong>Asocierea Railworks, format\u0103 din Arcada Company (lider asociere) \u0219i Alstom Transport SA (asociat), <\/strong>drept c\u00e2\u015ftig\u0103toare a procedurii de licita\u0163ie public\u0103, pentru proiectarea \u015fi execu\u0163ia lucr\u0103rilor.<\/p>\n\n\n\n<p>Oferta financiar\u0103 depus\u0103 de aceast\u0103 asociere de dou\u0103 companii a fost de peste <strong>2,1 miliarde de lei <\/strong>(2.108.256.817,28 de lei) f\u0103r\u0103 TVA. Contractul s-a atribuit dup\u0103 criteriul cel mai bun raport calitate-pre\u021b. Valoarea total\u0103 estimat\u0103 a achizi\u021biei publice era de 2.259.457.149,97 lei, f\u0103r\u0103 TVA. Contractul va fi \u00eencheiat dup\u0103 ce se termin\u0103 perioada de depunere a contesta\u021biilor.<\/p>\n\n\n\n<p>Suma pentru realizarea acestui proiect va fi asigurat\u0103 din fonduri nerambursabile (CEF) \u0219i bugetul de stat. Perioada de elaborarea a proiectului tehnic \u0219i execu\u021bia lucr\u0103rilor va fi de 36 de luni. Dintre acestea, \u0219ase luni proiectare \u0219i 30 de luni execu\u021bie.<\/p>\n\n\n\n<p>Linia de cale ferat\u0103 pe traseul Bucure\u015fti Progresu \u2013 Jilava \u2013 Giurgiu Nord \u2013 Giurgiu Nord Frontier\u0103 (Lotul 2),  are o lungime de 93,45 km (f\u0103r\u0103 intervalul Vidra \u2013 Comana, inclus \u00een Lotul 1). Proiectul include lucr\u0103ri de electrificare \u0219i semnalizare.<\/p>\n\n\n\n<h2 class=\"wp-block-heading\" id=\"h-obiectivele-investi\u021biei-pe-lotul-2-din-calea-ferata-bucure\u0219ti-giurgiu-sunt\">Obiectivele investi\u021biei pe lotul 2 din calea ferat\u0103 Bucure\u0219ti-Giurgiu sunt:<\/h2>\n\n\n\n<ul class=\"wp-block-list\">\n<li>reducerea timpului de c\u0103l\u0103torie, prin cre\u0219terea vitezei de circula\u021bie pe \u00eentregul tronson;<\/li>\n\n\n\n<li>cre\u0219terea gradului de siguran\u021b\u0103 feroviar\u0103;<\/li>\n\n\n\n<li>\u00eembun\u0103t\u0103\u021birea confortului \u00een timpul c\u0103l\u0103toriei, gestion\u00e2nd \u00een acela\u0219i timp reducerea emisiilor de poluan\u021bi \u0219i impactul negativ asupra mediului;<\/li>\n\n\n\n<li>atragerea c\u0103l\u0103torilor \u0219i a transportatorilor de m\u0103rfuri de la traficul auto c\u0103tre traficul feroviar pe ruta CF Bucure\u0219ti Nord \u2013 Jilava \u2013 Giurgiu Nord \u2013 Giurgiu Nord Frontier\u0103.<\/li>\n<\/ul>\n\n\n\n<p>Linia de cale ferat\u0103 Bucure\u0219ti Nord \u2013 Giurgiu Nord Frontier\u0103 preia traficul interna\u021bional european de pe cele dou\u0103 Coridoare centrale de pe teritoriul Rom\u00e2niei \u0219i face leg\u0103tura \u00eentre Coridorul Rhin &#8211; Dun\u0103re \u0219i \u021b\u0103rile din sud-estul Europei (Bulgaria, Grecia, Turcia). Drumul traverseaz\u0103 Dun\u0103rii pe Podul Prieteniei, \u00een sectorul de grani\u021b\u0103 dintre Rom\u00e2nia \u0219i Bulgaria.<\/p>\n\n\n\n<p><strong>CITE\u0218TE \u0218I:<\/strong> <a href=\"https:\/\/buletin.de\/bucuresti\/cinci-ani-de-detentie-pentru-elevul-care-a-injunghiat-o-pe-profesoara-de-japoneza-tanarul-isi-premeditase-atacul\/\"><strong>Cinci ani de deten\u021bie pentru elevul care a \u00eenjunghiat-o pe profesoara de japonez\u0103. T\u00e2n\u0103rul \u00ee\u015fi premeditase atacul<\/strong><\/a><\/p>\n\n\n\n<p><\/p>\n","protected":false},"excerpt":{"rendered":"<p>O asociere de dou\u0103 companii va proiecta \u0219i executa lucr\u0103rile de modernizare a lotului II din calea ferat\u0103 Bucure\u0219ti-Giurgiu, dintre sta\u021biile CF Bucure\u0219ti Nord-Jilava-Giurgiu Nord-Giurgiu Nord Frontier\u0103. Anun\u021bul a fost f\u0103cut de Compania Na\u021bional\u0103 de C\u0103i Ferate CFR SA. Administratorul infrastructurii feroviare a anun\u021bat c\u0103 a fost desemnat\u0103 Asocierea Railworks, format\u0103 din Arcada Company (lider [&hellip;]<\/p>\n","protected":false},"author":49,"featured_media":114326,"comment_status":"closed","ping_status":"open","sticky":false,"template":"","format":"standard","meta":{"_acf_changed":false,"inline_featured_image":false,"ngg_post_thumbnail":0,"footnotes":""},"categories":[6994,5762,650],"tags":[1264,18405,599],"ppma_author":[22574],"class_list":["post-114319","post","type-post","status-publish","format-standard","has-post-thumbnail","hentry","category-stiri-2","category-main","category-transport","tag-alstom","tag-calea-ferata-bucuresti-giurgiu","tag-cfr"],"acf":[],"yoast_head":"<!-- This site is optimized with the Yoast SEO Premium plugin v25.3 (Yoast SEO v27.4) - https:\/\/yoast.com\/product\/yoast-seo-premium-wordpress\/ -->\n<title>Cine va construi lotul II din calea ferat\u0103 Bucure\u0219ti-Giurgiu. O asociere de dou\u0103 companii a c\u00e2\u0219tigat licita\u021bia - Buletin de Bucure\u0219ti<\/title>\n<meta name=\"description\" content=\"Cine va construi lotul II din calea ferat\u0103 Bucure\u0219ti-Giurgiu. O asociere de dou\u0103 companii a c\u00e2\u0219tigat licita\u021bia.\" \/>\n<meta name=\"robots\" content=\"index, follow, max-snippet:-1, max-image-preview:large, max-video-preview:-1\" \/>\n<link rel=\"canonical\" href=\"https:\/\/buletin.de\/bucuresti\/cine-va-construi-lotul-ii-din-calea-ferata-bucuresti-giurgiu\/\" \/>\n<meta property=\"og:locale\" content=\"en_GB\" \/>\n<meta property=\"og:type\" content=\"article\" \/>\n<meta property=\"og:title\" content=\"Cine va construi lotul II din calea ferat\u0103 Bucure\u0219ti-Giurgiu. O asociere de dou\u0103 companii a c\u00e2\u0219tigat licita\u021bia\" \/>\n<meta property=\"og:description\" content=\"Cine va construi lotul II din calea ferat\u0103 Bucure\u0219ti-Giurgiu. O asociere de dou\u0103 companii a c\u00e2\u0219tigat licita\u021bia.\" \/>\n<meta property=\"og:url\" content=\"https:\/\/buletin.de\/bucuresti\/cine-va-construi-lotul-ii-din-calea-ferata-bucuresti-giurgiu\/\" \/>\n<meta property=\"og:site_name\" content=\"Buletin de Bucure\u0219ti\" \/>\n<meta property=\"article:publisher\" content=\"https:\/\/www.facebook.com\/buletin.de.buc\" \/>\n<meta property=\"article:published_time\" content=\"2025-01-15T02:55:00+00:00\" \/>\n<meta property=\"article:modified_time\" content=\"2025-01-15T07:14:40+00:00\" \/>\n<meta property=\"og:image\" content=\"https:\/\/buletin.de\/bucuresti\/wp-content\/uploads\/473703628_1120960893149824_3060964112327194764_n.jpg\" \/>\n\t<meta property=\"og:image:width\" content=\"2000\" \/>\n\t<meta property=\"og:image:height\" content=\"1677\" \/>\n\t<meta property=\"og:image:type\" content=\"image\/jpeg\" \/>\n<meta name=\"author\" content=\"Diana Matei\" \/>\n<meta name=\"twitter:card\" content=\"summary_large_image\" \/>\n<meta name=\"twitter:label1\" content=\"Written by\" \/>\n\t<meta name=\"twitter:data1\" content=\"Diana Matei\" \/>\n\t<meta name=\"twitter:label2\" content=\"Estimated reading time\" \/>\n\t<meta name=\"twitter:data2\" content=\"2 minutes\" \/>\n<script type=\"application\/ld+json\" class=\"yoast-schema-graph\">{\"@context\":\"https:\\\/\\\/schema.org\",\"@graph\":[{\"@type\":\"Article\",\"@id\":\"https:\\\/\\\/buletin.de\\\/bucuresti\\\/cine-va-construi-lotul-ii-din-calea-ferata-bucuresti-giurgiu\\\/#article\",\"isPartOf\":{\"@id\":\"https:\\\/\\\/buletin.de\\\/bucuresti\\\/cine-va-construi-lotul-ii-din-calea-ferata-bucuresti-giurgiu\\\/\"},\"author\":{\"name\":\"Diana Matei\",\"@id\":\"https:\\\/\\\/buletin.de\\\/bucuresti\\\/#\\\/schema\\\/person\\\/7e46040573290777280a0835d81ea4ea\"},\"headline\":\"Cine va construi lotul II din calea ferat\u0103 Bucure\u0219ti-Giurgiu. O asociere de dou\u0103 companii a c\u00e2\u0219tigat licita\u021bia\",\"datePublished\":\"2025-01-15T02:55:00+00:00\",\"dateModified\":\"2025-01-15T07:14:40+00:00\",\"mainEntityOfPage\":{\"@id\":\"https:\\\/\\\/buletin.de\\\/bucuresti\\\/cine-va-construi-lotul-ii-din-calea-ferata-bucuresti-giurgiu\\\/\"},\"wordCount\":415,\"publisher\":{\"@id\":\"https:\\\/\\\/buletin.de\\\/bucuresti\\\/#organization\"},\"image\":{\"@id\":\"https:\\\/\\\/buletin.de\\\/bucuresti\\\/cine-va-construi-lotul-ii-din-calea-ferata-bucuresti-giurgiu\\\/#primaryimage\"},\"thumbnailUrl\":\"https:\\\/\\\/buletin.de\\\/bucuresti\\\/wp-content\\\/uploads\\\/473703628_1120960893149824_3060964112327194764_n.jpg\",\"keywords\":[\"alstom\",\"calea ferat\u0103 Bucure\u0219ti-Giurgiu\",\"cfr\"],\"articleSection\":[\"Articole\",\"Main\",\"Transport\"],\"inLanguage\":\"en-GB\",\"copyrightYear\":\"2025\",\"copyrightHolder\":{\"@id\":\"https:\\\/\\\/buletin.de\\\/bucuresti\\\/#organization\"}},{\"@type\":\"WebPage\",\"@id\":\"https:\\\/\\\/buletin.de\\\/bucuresti\\\/cine-va-construi-lotul-ii-din-calea-ferata-bucuresti-giurgiu\\\/\",\"url\":\"https:\\\/\\\/buletin.de\\\/bucuresti\\\/cine-va-construi-lotul-ii-din-calea-ferata-bucuresti-giurgiu\\\/\",\"name\":\"Cine va construi lotul II din calea ferat\u0103 Bucure\u0219ti-Giurgiu. O asociere de dou\u0103 companii a c\u00e2\u0219tigat licita\u021bia - Buletin de Bucure\u0219ti\",\"isPartOf\":{\"@id\":\"https:\\\/\\\/buletin.de\\\/bucuresti\\\/#website\"},\"primaryImageOfPage\":{\"@id\":\"https:\\\/\\\/buletin.de\\\/bucuresti\\\/cine-va-construi-lotul-ii-din-calea-ferata-bucuresti-giurgiu\\\/#primaryimage\"},\"image\":{\"@id\":\"https:\\\/\\\/buletin.de\\\/bucuresti\\\/cine-va-construi-lotul-ii-din-calea-ferata-bucuresti-giurgiu\\\/#primaryimage\"},\"thumbnailUrl\":\"https:\\\/\\\/buletin.de\\\/bucuresti\\\/wp-content\\\/uploads\\\/473703628_1120960893149824_3060964112327194764_n.jpg\",\"datePublished\":\"2025-01-15T02:55:00+00:00\",\"dateModified\":\"2025-01-15T07:14:40+00:00\",\"description\":\"Cine va construi lotul II din calea ferat\u0103 Bucure\u0219ti-Giurgiu. O asociere de dou\u0103 companii a c\u00e2\u0219tigat licita\u021bia.\",\"breadcrumb\":{\"@id\":\"https:\\\/\\\/buletin.de\\\/bucuresti\\\/cine-va-construi-lotul-ii-din-calea-ferata-bucuresti-giurgiu\\\/#breadcrumb\"},\"inLanguage\":\"en-GB\",\"potentialAction\":[{\"@type\":\"ReadAction\",\"target\":[\"https:\\\/\\\/buletin.de\\\/bucuresti\\\/cine-va-construi-lotul-ii-din-calea-ferata-bucuresti-giurgiu\\\/\"]}]},{\"@type\":\"ImageObject\",\"inLanguage\":\"en-GB\",\"@id\":\"https:\\\/\\\/buletin.de\\\/bucuresti\\\/cine-va-construi-lotul-ii-din-calea-ferata-bucuresti-giurgiu\\\/#primaryimage\",\"url\":\"https:\\\/\\\/buletin.de\\\/bucuresti\\\/wp-content\\\/uploads\\\/473703628_1120960893149824_3060964112327194764_n.jpg\",\"contentUrl\":\"https:\\\/\\\/buletin.de\\\/bucuresti\\\/wp-content\\\/uploads\\\/473703628_1120960893149824_3060964112327194764_n.jpg\",\"width\":2000,\"height\":1677,\"caption\":\"Cine va construi calea ferat\u0103 Bucure\u0219ti-Giurgiu, etapa a doua. O asociere de dou\u0103 companii a c\u00e2\u0219tigat licita\u021bia public\u0103. FOTO: Facebook\\\/CFR Infrastructura\"},{\"@type\":\"BreadcrumbList\",\"@id\":\"https:\\\/\\\/buletin.de\\\/bucuresti\\\/cine-va-construi-lotul-ii-din-calea-ferata-bucuresti-giurgiu\\\/#breadcrumb\",\"itemListElement\":[{\"@type\":\"ListItem\",\"position\":1,\"name\":\"Acas\u0103\",\"item\":\"https:\\\/\\\/buletin.de\\\/bucuresti\\\/\"},{\"@type\":\"ListItem\",\"position\":2,\"name\":\"Cine va construi lotul II din calea ferat\u0103 Bucure\u0219ti-Giurgiu. O asociere de dou\u0103 companii a c\u00e2\u0219tigat licita\u021bia\"}]},{\"@type\":\"WebSite\",\"@id\":\"https:\\\/\\\/buletin.de\\\/bucuresti\\\/#website\",\"url\":\"https:\\\/\\\/buletin.de\\\/bucuresti\\\/\",\"name\":\"Buletin de Bucure\u0219ti\",\"description\":\"\u0218tiri \u0219i investiga\u021bii esen\u021biale din capital\u0103\",\"publisher\":{\"@id\":\"https:\\\/\\\/buletin.de\\\/bucuresti\\\/#organization\"},\"potentialAction\":[{\"@type\":\"SearchAction\",\"target\":{\"@type\":\"EntryPoint\",\"urlTemplate\":\"https:\\\/\\\/buletin.de\\\/bucuresti\\\/?s={search_term_string}\"},\"query-input\":{\"@type\":\"PropertyValueSpecification\",\"valueRequired\":true,\"valueName\":\"search_term_string\"}}],\"inLanguage\":\"en-GB\"},{\"@type\":\"Organization\",\"@id\":\"https:\\\/\\\/buletin.de\\\/bucuresti\\\/#organization\",\"name\":\"Buletin de Bucure\u0219ti\",\"url\":\"https:\\\/\\\/buletin.de\\\/bucuresti\\\/\",\"logo\":{\"@type\":\"ImageObject\",\"inLanguage\":\"en-GB\",\"@id\":\"https:\\\/\\\/buletin.de\\\/bucuresti\\\/#\\\/schema\\\/logo\\\/image\\\/\",\"url\":\"https:\\\/\\\/buletin.de\\\/bucuresti\\\/wp-content\\\/uploads\\\/logo-bdb-full-wide-vernil-transparent.png\",\"contentUrl\":\"https:\\\/\\\/buletin.de\\\/bucuresti\\\/wp-content\\\/uploads\\\/logo-bdb-full-wide-vernil-transparent.png\",\"width\":1782,\"height\":626,\"caption\":\"Buletin de Bucure\u0219ti\"},\"image\":{\"@id\":\"https:\\\/\\\/buletin.de\\\/bucuresti\\\/#\\\/schema\\\/logo\\\/image\\\/\"},\"sameAs\":[\"https:\\\/\\\/www.facebook.com\\\/buletin.de.buc\",\"https:\\\/\\\/www.instagram.com\\\/buletinde.bucuresti\\\/\"]},{\"@type\":\"Person\",\"@id\":\"https:\\\/\\\/buletin.de\\\/bucuresti\\\/#\\\/schema\\\/person\\\/7e46040573290777280a0835d81ea4ea\",\"name\":\"Diana Matei\",\"image\":{\"@type\":\"ImageObject\",\"inLanguage\":\"en-GB\",\"@id\":\"https:\\\/\\\/buletin.de\\\/bucuresti\\\/wp-content\\\/uploads\\\/9-2-96x96.jpg1e8590b30871d70e62ebcdaf2eff570c\",\"url\":\"https:\\\/\\\/buletin.de\\\/bucuresti\\\/wp-content\\\/uploads\\\/9-2-96x96.jpg\",\"contentUrl\":\"https:\\\/\\\/buletin.de\\\/bucuresti\\\/wp-content\\\/uploads\\\/9-2-96x96.jpg\",\"caption\":\"Diana Matei\"},\"url\":\"https:\\\/\\\/buletin.de\\\/bucuresti\\\/author\\\/dianamatei\\\/\"}]}<\/script>\n<!-- \/ Yoast SEO Premium plugin. -->","yoast_head_json":{"title":"Cine va construi lotul II din calea ferat\u0103 Bucure\u0219ti-Giurgiu. O asociere de dou\u0103 companii a c\u00e2\u0219tigat licita\u021bia - Buletin de Bucure\u0219ti","description":"Cine va construi lotul II din calea ferat\u0103 Bucure\u0219ti-Giurgiu. O asociere de dou\u0103 companii a c\u00e2\u0219tigat licita\u021bia.","robots":{"index":"index","follow":"follow","max-snippet":"max-snippet:-1","max-image-preview":"max-image-preview:large","max-video-preview":"max-video-preview:-1"},"canonical":"https:\/\/buletin.de\/bucuresti\/cine-va-construi-lotul-ii-din-calea-ferata-bucuresti-giurgiu\/","og_locale":"en_GB","og_type":"article","og_title":"Cine va construi lotul II din calea ferat\u0103 Bucure\u0219ti-Giurgiu. O asociere de dou\u0103 companii a c\u00e2\u0219tigat licita\u021bia","og_description":"Cine va construi lotul II din calea ferat\u0103 Bucure\u0219ti-Giurgiu. O asociere de dou\u0103 companii a c\u00e2\u0219tigat licita\u021bia.","og_url":"https:\/\/buletin.de\/bucuresti\/cine-va-construi-lotul-ii-din-calea-ferata-bucuresti-giurgiu\/","og_site_name":"Buletin de Bucure\u0219ti","article_publisher":"https:\/\/www.facebook.com\/buletin.de.buc","article_published_time":"2025-01-15T02:55:00+00:00","article_modified_time":"2025-01-15T07:14:40+00:00","og_image":[{"width":2000,"height":1677,"url":"https:\/\/buletin.de\/bucuresti\/wp-content\/uploads\/473703628_1120960893149824_3060964112327194764_n.jpg","type":"image\/jpeg"}],"author":"Diana Matei","twitter_card":"summary_large_image","twitter_misc":{"Written by":"Diana Matei","Estimated reading time":"2 minutes"},"schema":{"@context":"https:\/\/schema.org","@graph":[{"@type":"Article","@id":"https:\/\/buletin.de\/bucuresti\/cine-va-construi-lotul-ii-din-calea-ferata-bucuresti-giurgiu\/#article","isPartOf":{"@id":"https:\/\/buletin.de\/bucuresti\/cine-va-construi-lotul-ii-din-calea-ferata-bucuresti-giurgiu\/"},"author":{"name":"Diana Matei","@id":"https:\/\/buletin.de\/bucuresti\/#\/schema\/person\/7e46040573290777280a0835d81ea4ea"},"headline":"Cine va construi lotul II din calea ferat\u0103 Bucure\u0219ti-Giurgiu. O asociere de dou\u0103 companii a c\u00e2\u0219tigat licita\u021bia","datePublished":"2025-01-15T02:55:00+00:00","dateModified":"2025-01-15T07:14:40+00:00","mainEntityOfPage":{"@id":"https:\/\/buletin.de\/bucuresti\/cine-va-construi-lotul-ii-din-calea-ferata-bucuresti-giurgiu\/"},"wordCount":415,"publisher":{"@id":"https:\/\/buletin.de\/bucuresti\/#organization"},"image":{"@id":"https:\/\/buletin.de\/bucuresti\/cine-va-construi-lotul-ii-din-calea-ferata-bucuresti-giurgiu\/#primaryimage"},"thumbnailUrl":"https:\/\/buletin.de\/bucuresti\/wp-content\/uploads\/473703628_1120960893149824_3060964112327194764_n.jpg","keywords":["alstom","calea ferat\u0103 Bucure\u0219ti-Giurgiu","cfr"],"articleSection":["Articole","Main","Transport"],"inLanguage":"en-GB","copyrightYear":"2025","copyrightHolder":{"@id":"https:\/\/buletin.de\/bucuresti\/#organization"}},{"@type":"WebPage","@id":"https:\/\/buletin.de\/bucuresti\/cine-va-construi-lotul-ii-din-calea-ferata-bucuresti-giurgiu\/","url":"https:\/\/buletin.de\/bucuresti\/cine-va-construi-lotul-ii-din-calea-ferata-bucuresti-giurgiu\/","name":"Cine va construi lotul II din calea ferat\u0103 Bucure\u0219ti-Giurgiu. O asociere de dou\u0103 companii a c\u00e2\u0219tigat licita\u021bia - Buletin de Bucure\u0219ti","isPartOf":{"@id":"https:\/\/buletin.de\/bucuresti\/#website"},"primaryImageOfPage":{"@id":"https:\/\/buletin.de\/bucuresti\/cine-va-construi-lotul-ii-din-calea-ferata-bucuresti-giurgiu\/#primaryimage"},"image":{"@id":"https:\/\/buletin.de\/bucuresti\/cine-va-construi-lotul-ii-din-calea-ferata-bucuresti-giurgiu\/#primaryimage"},"thumbnailUrl":"https:\/\/buletin.de\/bucuresti\/wp-content\/uploads\/473703628_1120960893149824_3060964112327194764_n.jpg","datePublished":"2025-01-15T02:55:00+00:00","dateModified":"2025-01-15T07:14:40+00:00","description":"Cine va construi lotul II din calea ferat\u0103 Bucure\u0219ti-Giurgiu. O asociere de dou\u0103 companii a c\u00e2\u0219tigat licita\u021bia.","breadcrumb":{"@id":"https:\/\/buletin.de\/bucuresti\/cine-va-construi-lotul-ii-din-calea-ferata-bucuresti-giurgiu\/#breadcrumb"},"inLanguage":"en-GB","potentialAction":[{"@type":"ReadAction","target":["https:\/\/buletin.de\/bucuresti\/cine-va-construi-lotul-ii-din-calea-ferata-bucuresti-giurgiu\/"]}]},{"@type":"ImageObject","inLanguage":"en-GB","@id":"https:\/\/buletin.de\/bucuresti\/cine-va-construi-lotul-ii-din-calea-ferata-bucuresti-giurgiu\/#primaryimage","url":"https:\/\/buletin.de\/bucuresti\/wp-content\/uploads\/473703628_1120960893149824_3060964112327194764_n.jpg","contentUrl":"https:\/\/buletin.de\/bucuresti\/wp-content\/uploads\/473703628_1120960893149824_3060964112327194764_n.jpg","width":2000,"height":1677,"caption":"Cine va construi calea ferat\u0103 Bucure\u0219ti-Giurgiu, etapa a doua. O asociere de dou\u0103 companii a c\u00e2\u0219tigat licita\u021bia public\u0103. FOTO: Facebook\/CFR Infrastructura"},{"@type":"BreadcrumbList","@id":"https:\/\/buletin.de\/bucuresti\/cine-va-construi-lotul-ii-din-calea-ferata-bucuresti-giurgiu\/#breadcrumb","itemListElement":[{"@type":"ListItem","position":1,"name":"Acas\u0103","item":"https:\/\/buletin.de\/bucuresti\/"},{"@type":"ListItem","position":2,"name":"Cine va construi lotul II din calea ferat\u0103 Bucure\u0219ti-Giurgiu. O asociere de dou\u0103 companii a c\u00e2\u0219tigat licita\u021bia"}]},{"@type":"WebSite","@id":"https:\/\/buletin.de\/bucuresti\/#website","url":"https:\/\/buletin.de\/bucuresti\/","name":"Buletin de Bucure\u0219ti","description":"\u0218tiri \u0219i investiga\u021bii esen\u021biale din capital\u0103","publisher":{"@id":"https:\/\/buletin.de\/bucuresti\/#organization"},"potentialAction":[{"@type":"SearchAction","target":{"@type":"EntryPoint","urlTemplate":"https:\/\/buletin.de\/bucuresti\/?s={search_term_string}"},"query-input":{"@type":"PropertyValueSpecification","valueRequired":true,"valueName":"search_term_string"}}],"inLanguage":"en-GB"},{"@type":"Organization","@id":"https:\/\/buletin.de\/bucuresti\/#organization","name":"Buletin de Bucure\u0219ti","url":"https:\/\/buletin.de\/bucuresti\/","logo":{"@type":"ImageObject","inLanguage":"en-GB","@id":"https:\/\/buletin.de\/bucuresti\/#\/schema\/logo\/image\/","url":"https:\/\/buletin.de\/bucuresti\/wp-content\/uploads\/logo-bdb-full-wide-vernil-transparent.png","contentUrl":"https:\/\/buletin.de\/bucuresti\/wp-content\/uploads\/logo-bdb-full-wide-vernil-transparent.png","width":1782,"height":626,"caption":"Buletin de Bucure\u0219ti"},"image":{"@id":"https:\/\/buletin.de\/bucuresti\/#\/schema\/logo\/image\/"},"sameAs":["https:\/\/www.facebook.com\/buletin.de.buc","https:\/\/www.instagram.com\/buletinde.bucuresti\/"]},{"@type":"Person","@id":"https:\/\/buletin.de\/bucuresti\/#\/schema\/person\/7e46040573290777280a0835d81ea4ea","name":"Diana Matei","image":{"@type":"ImageObject","inLanguage":"en-GB","@id":"https:\/\/buletin.de\/bucuresti\/wp-content\/uploads\/9-2-96x96.jpg1e8590b30871d70e62ebcdaf2eff570c","url":"https:\/\/buletin.de\/bucuresti\/wp-content\/uploads\/9-2-96x96.jpg","contentUrl":"https:\/\/buletin.de\/bucuresti\/wp-content\/uploads\/9-2-96x96.jpg","caption":"Diana Matei"},"url":"https:\/\/buletin.de\/bucuresti\/author\/dianamatei\/"}]}},"authors":[{"term_id":22574,"user_id":49,"is_guest":0,"slug":"dianamatei","display_name":"Diana Matei","avatar_url":"https:\/\/buletin.de\/bucuresti\/wp-content\/uploads\/9-2-96x96.jpg","0":null,"1":"","2":"","3":"","4":"","5":"","6":"","7":"","8":""}],"_links":{"self":[{"href":"https:\/\/buletin.de\/bucuresti\/wp-json\/wp\/v2\/posts\/114319","targetHints":{"allow":["GET"]}}],"collection":[{"href":"https:\/\/buletin.de\/bucuresti\/wp-json\/wp\/v2\/posts"}],"about":[{"href":"https:\/\/buletin.de\/bucuresti\/wp-json\/wp\/v2\/types\/post"}],"author":[{"embeddable":true,"href":"https:\/\/buletin.de\/bucuresti\/wp-json\/wp\/v2\/users\/49"}],"replies":[{"embeddable":true,"href":"https:\/\/buletin.de\/bucuresti\/wp-json\/wp\/v2\/comments?post=114319"}],"version-history":[{"count":3,"href":"https:\/\/buletin.de\/bucuresti\/wp-json\/wp\/v2\/posts\/114319\/revisions"}],"predecessor-version":[{"id":114352,"href":"https:\/\/buletin.de\/bucuresti\/wp-json\/wp\/v2\/posts\/114319\/revisions\/114352"}],"wp:featuredmedia":[{"embeddable":true,"href":"https:\/\/buletin.de\/bucuresti\/wp-json\/wp\/v2\/media\/114326"}],"wp:attachment":[{"href":"https:\/\/buletin.de\/bucuresti\/wp-json\/wp\/v2\/media?parent=114319"}],"wp:term":[{"taxonomy":"category","embeddable":true,"href":"https:\/\/buletin.de\/bucuresti\/wp-json\/wp\/v2\/categories?post=114319"},{"taxonomy":"post_tag","embeddable":true,"href":"https:\/\/buletin.de\/bucuresti\/wp-json\/wp\/v2\/tags?post=114319"},{"taxonomy":"author","embeddable":true,"href":"https:\/\/buletin.de\/bucuresti\/wp-json\/wp\/v2\/ppma_author?post=114319"}],"curies":[{"name":"wp","href":"https:\/\/api.w.org\/{rel}","templated":true}]}}