{"id":114308,"date":"2025-01-14T18:18:12","date_gmt":"2025-01-14T15:18:12","guid":{"rendered":"https:\/\/buletin.de\/bucuresti\/?p=114308"},"modified":"2025-01-14T18:18:13","modified_gmt":"2025-01-14T15:18:13","slug":"primele-masuri-anuntate-pentru-campania-antidrog-in-scoli-posibil-centru-de-dezintoxicare-la-colentina-sau-obregia","status":"publish","type":"post","link":"https:\/\/buletin.de\/bucuresti\/primele-masuri-anuntate-pentru-campania-antidrog-in-scoli-posibil-centru-de-dezintoxicare-la-colentina-sau-obregia\/","title":{"rendered":"Primele m\u0103suri anun\u0163ate pentru campania antidrog \u00een \u015fcoli. Posibil centru de dezintoxicare la Colentina sau Obregia"},"content":{"rendered":"\n<p><strong>Primarul general Nicu\u015for Dan a anun\u0163at c\u0103 vor fi luate primele m\u0103suri dup\u0103 ce \u00eentrebarea a treia de la referendum, cea privitoare la educa\u0163ia antidrog \u00een \u015fcoli, a trecut de votul bucure\u015ftenilor. <\/strong><\/p>\n\n\n\n<p><strong>Mai exact, vor fi luate m\u0103suri pe modelul islandez, pentru c\u0103, spune primarul, \u201eaceast\u0103 \u0163ar\u0103 nordic\u0103 are rezultate semnificative \u00een domeniu\u201d. Este vorba de \u201eo serie de programe de combatere \u0219i prevenire a consumului de droguri \u00een r\u00e2ndul tinerilor\u201d.<\/strong><\/p>\n\n\n\n<p>Nicu\u015for Dan transmite c\u0103 \u00eenc\u0103 din luna octombrie este aplicat\u0103 \u00een liceele bucure\u015ftene un chestionar menit s\u0103 identifice factorii de risc \u015fi cei care contribuie la prevenirea consumului de substan\u0163e \u00een r\u00e2ndul tinerilor. La finalul lui 2024 fuseser\u0103 deja aplicate peste 8000 de chestionare \u00een cele 62 de licee\/colegii cu care Direc\u021bia General\u0103 de Asisten\u021b\u0103 Social\u0103 a Municipiului Bucure\u0219ti a \u00eencheiat un acord de parteneriat. <\/p>\n\n\n\n<p>Pe baza acestor chestionare va fi \u00eentocmit, \u00een urm\u0103toarele luni, un <strong>raport la nivelul Capitalei<\/strong>, care va scoate la iveal\u0103 situa\u0163ia actual\u0103. Asta, desigur, \u00een m\u0103sura \u00een care elevii chestiona\u0163i au r\u0103spuns sincer.<\/p>\n\n\n\n<blockquote class=\"wp-block-quote is-layout-flow wp-block-quote-is-layout-flow\">\n<p>Inten\u021bion\u0103m ca acest raport s\u0103 fie adus at\u00e2t la cuno\u0219tin\u021ba institu\u021biilor cu responsabilit\u0103\u021bi \u00een domeniu, c\u00e2t \u0219i a publicului larg, chiar \u00een prim\u0103vara aceasta, \u00een cadrul unei conferin\u021be la care vor fi invita\u021bi s\u0103 participe \u0219i partenerii islandezi.<\/p>\n<\/blockquote>\n\n\n\n<p><strong>Primele m\u0103suri dup\u0103 validarea referendumului<\/strong>. De asemenea, fiecare unitate de \u00eenv\u0103\u021b\u0103m\u00e2nt participant\u0103 va primi un raport individual, pentru a vedea care este situa\u021bia propriilor elevi \u00een raport cu media din Bucure\u0219ti. Ulterior, pe baza acestor rapoarte individuale se va putea ac\u021biona punctual, la nivel de liceu\/colegiu.<\/p>\n\n\n\n<p>Totodat\u0103, Nicu\u015for Dan transmite c\u0103 este analizat\u0103 \u015fi posibilitatea construirii unei <strong><mark style=\"background-color:rgba(0, 0, 0, 0)\" class=\"has-inline-color has-vivid-red-color\">unit\u0103\u021bi medicale destinate celor dependen\u021bi<\/mark><\/strong>, unde ace\u0219tia s\u0103 poat\u0103 beneficia de tratamente adecvate \u0219i consiliere psihologic\u0103. <\/p>\n\n\n\n<p>Acest centru se poate edifica pe spa\u021biile care apar\u021bin unor spitale precum spitalul Colentina sau Obregia, transmite primarul, \u00eentr-o <a href=\"https:\/\/www.facebook.com\/NicusorDan.ro\/posts\/pfbid02xxnHN4z32ja5yujk8Y2hET9RrxZ6X9rsFUcTBJq8QvkEMqUs7GiFEd9rMCzdBE25l\">postare pe Facebook<\/a>.<\/p>\n\n\n\n<p><strong>CITE\u015eTE \u015eI:<\/strong> <a href=\"https:\/\/buletin.de\/bucuresti\/chestionare-privind-consumul-de-droguri-in-scoli-distribuite-pe-grupurile-de-whatsapp-ale-parintilor\/\">Chestionare privind consumul de droguri \u00een \u015fcoli, distribuite pe grupurile de WhatsApp ale p\u0103rin\u0163ilor<\/a><br><\/p>\n\n\n\n<p><\/p>\n","protected":false},"excerpt":{"rendered":"<p>Primarul general Nicu\u015for Dan a anun\u0163at c\u0103 vor fi luate primele m\u0103suri dup\u0103 ce \u00eentrebarea a treia de la referendum, cea privitoare la educa\u0163ia antidrog \u00een \u015fcoli, a trecut de votul bucure\u015ftenilor. Mai exact, vor fi luate m\u0103suri pe modelul islandez, pentru c\u0103, spune primarul, \u201eaceast\u0103 \u0163ar\u0103 nordic\u0103 are rezultate semnificative \u00een domeniu\u201d. Este vorba [&hellip;]<\/p>\n","protected":false},"author":8,"featured_media":114309,"comment_status":"closed","ping_status":"open","sticky":false,"template":"","format":"standard","meta":{"_acf_changed":false,"inline_featured_image":false,"ngg_post_thumbnail":0,"footnotes":""},"categories":[6994,3421,9026,5762,9025,24,4],"tags":[18401,7422,18399,18400,16041],"ppma_author":[22586],"class_list":["post-114308","post","type-post","status-publish","format-standard","has-post-thumbnail","hentry","category-stiri-2","category-educatie","category-eveniment","category-main","category-politic","category-primarie","category-sanatate","tag-centru-dezintoxicare-colentina-sau-obregia","tag-chestionare","tag-droguri-licee-bucuresti","tag-masuri-antidrog","tag-referendum-bucuresti"],"acf":[],"yoast_head":"<!-- This site is optimized with the Yoast SEO Premium plugin v25.3 (Yoast SEO v27.4) - https:\/\/yoast.com\/product\/yoast-seo-premium-wordpress\/ -->\n<title>Primele m\u0103suri anun\u0163ate pentru campania antidrog \u00een \u015fcoli. Posibil centru de dezintoxicare la Colentina sau Obregia - Buletin de Bucure\u0219ti<\/title>\n<meta name=\"description\" content=\"Primarul general Nicu\u015for Dan a anun\u0163at c\u0103 vor fi luate primele m\u0103suri dup\u0103 ce \u00eentrebarea a treia de la referendum a trecut de vot.\" \/>\n<meta name=\"robots\" content=\"index, follow, max-snippet:-1, max-image-preview:large, max-video-preview:-1\" \/>\n<link rel=\"canonical\" href=\"https:\/\/buletin.de\/bucuresti\/primele-masuri-anuntate-pentru-campania-antidrog-in-scoli-posibil-centru-de-dezintoxicare-la-colentina-sau-obregia\/\" \/>\n<meta property=\"og:locale\" content=\"en_GB\" \/>\n<meta property=\"og:type\" content=\"article\" \/>\n<meta property=\"og:title\" content=\"Primele m\u0103suri anun\u0163ate pentru campania antidrog \u00een \u015fcoli. Posibil centru de dezintoxicare la Colentina sau Obregia\" \/>\n<meta property=\"og:description\" content=\"Primarul general Nicu\u015for Dan a anun\u0163at c\u0103 vor fi luate primele m\u0103suri dup\u0103 ce \u00eentrebarea a treia de la referendum a trecut de vot.\" \/>\n<meta property=\"og:url\" content=\"https:\/\/buletin.de\/bucuresti\/primele-masuri-anuntate-pentru-campania-antidrog-in-scoli-posibil-centru-de-dezintoxicare-la-colentina-sau-obregia\/\" \/>\n<meta property=\"og:site_name\" content=\"Buletin de Bucure\u0219ti\" \/>\n<meta property=\"article:publisher\" content=\"https:\/\/www.facebook.com\/buletin.de.buc\" \/>\n<meta property=\"article:published_time\" content=\"2025-01-14T15:18:12+00:00\" \/>\n<meta property=\"article:modified_time\" content=\"2025-01-14T15:18:13+00:00\" \/>\n<meta property=\"og:image\" content=\"https:\/\/buletin.de\/bucuresti\/wp-content\/uploads\/jz8kqkwyka4.jpg\" \/>\n\t<meta property=\"og:image:width\" content=\"1600\" \/>\n\t<meta property=\"og:image:height\" content=\"1067\" \/>\n\t<meta property=\"og:image:type\" content=\"image\/jpeg\" \/>\n<meta name=\"author\" content=\"Ionu\u021b Lepa\" \/>\n<meta name=\"twitter:card\" content=\"summary_large_image\" \/>\n<meta name=\"twitter:label1\" content=\"Written by\" \/>\n\t<meta name=\"twitter:data1\" content=\"Ionu\u021b Lepa\" \/>\n\t<meta name=\"twitter:label2\" content=\"Estimated reading time\" \/>\n\t<meta name=\"twitter:data2\" content=\"2 minutes\" \/>\n<script type=\"application\/ld+json\" class=\"yoast-schema-graph\">{\"@context\":\"https:\\\/\\\/schema.org\",\"@graph\":[{\"@type\":\"Article\",\"@id\":\"https:\\\/\\\/buletin.de\\\/bucuresti\\\/primele-masuri-anuntate-pentru-campania-antidrog-in-scoli-posibil-centru-de-dezintoxicare-la-colentina-sau-obregia\\\/#article\",\"isPartOf\":{\"@id\":\"https:\\\/\\\/buletin.de\\\/bucuresti\\\/primele-masuri-anuntate-pentru-campania-antidrog-in-scoli-posibil-centru-de-dezintoxicare-la-colentina-sau-obregia\\\/\"},\"author\":{\"name\":\"Ionu\u021b Lepa\",\"@id\":\"https:\\\/\\\/buletin.de\\\/bucuresti\\\/#\\\/schema\\\/person\\\/5272b8a057b33890940b57b837fc4ce6\"},\"headline\":\"Primele m\u0103suri anun\u0163ate pentru campania antidrog \u00een \u015fcoli. Posibil centru de dezintoxicare la Colentina sau Obregia\",\"datePublished\":\"2025-01-14T15:18:12+00:00\",\"dateModified\":\"2025-01-14T15:18:13+00:00\",\"mainEntityOfPage\":{\"@id\":\"https:\\\/\\\/buletin.de\\\/bucuresti\\\/primele-masuri-anuntate-pentru-campania-antidrog-in-scoli-posibil-centru-de-dezintoxicare-la-colentina-sau-obregia\\\/\"},\"wordCount\":379,\"publisher\":{\"@id\":\"https:\\\/\\\/buletin.de\\\/bucuresti\\\/#organization\"},\"image\":{\"@id\":\"https:\\\/\\\/buletin.de\\\/bucuresti\\\/primele-masuri-anuntate-pentru-campania-antidrog-in-scoli-posibil-centru-de-dezintoxicare-la-colentina-sau-obregia\\\/#primaryimage\"},\"thumbnailUrl\":\"https:\\\/\\\/buletin.de\\\/bucuresti\\\/wp-content\\\/uploads\\\/jz8kqkwyka4.jpg\",\"keywords\":[\"centru dezintoxicare colentina sau obregia\",\"chestionare\",\"droguri licee bucuresti\",\"masuri antidrog\",\"referendum bucuresti\"],\"articleSection\":[\"Articole\",\"Educa\u021bie\",\"Eveniment\",\"Main\",\"Politic\",\"Prim\u0103rie\",\"S\u0103n\u0103tate\"],\"inLanguage\":\"en-GB\",\"copyrightYear\":\"2025\",\"copyrightHolder\":{\"@id\":\"https:\\\/\\\/buletin.de\\\/bucuresti\\\/#organization\"}},{\"@type\":\"WebPage\",\"@id\":\"https:\\\/\\\/buletin.de\\\/bucuresti\\\/primele-masuri-anuntate-pentru-campania-antidrog-in-scoli-posibil-centru-de-dezintoxicare-la-colentina-sau-obregia\\\/\",\"url\":\"https:\\\/\\\/buletin.de\\\/bucuresti\\\/primele-masuri-anuntate-pentru-campania-antidrog-in-scoli-posibil-centru-de-dezintoxicare-la-colentina-sau-obregia\\\/\",\"name\":\"Primele m\u0103suri anun\u0163ate pentru campania antidrog \u00een \u015fcoli. Posibil centru de dezintoxicare la Colentina sau Obregia - Buletin de Bucure\u0219ti\",\"isPartOf\":{\"@id\":\"https:\\\/\\\/buletin.de\\\/bucuresti\\\/#website\"},\"primaryImageOfPage\":{\"@id\":\"https:\\\/\\\/buletin.de\\\/bucuresti\\\/primele-masuri-anuntate-pentru-campania-antidrog-in-scoli-posibil-centru-de-dezintoxicare-la-colentina-sau-obregia\\\/#primaryimage\"},\"image\":{\"@id\":\"https:\\\/\\\/buletin.de\\\/bucuresti\\\/primele-masuri-anuntate-pentru-campania-antidrog-in-scoli-posibil-centru-de-dezintoxicare-la-colentina-sau-obregia\\\/#primaryimage\"},\"thumbnailUrl\":\"https:\\\/\\\/buletin.de\\\/bucuresti\\\/wp-content\\\/uploads\\\/jz8kqkwyka4.jpg\",\"datePublished\":\"2025-01-14T15:18:12+00:00\",\"dateModified\":\"2025-01-14T15:18:13+00:00\",\"description\":\"Primarul general Nicu\u015for Dan a anun\u0163at c\u0103 vor fi luate primele m\u0103suri dup\u0103 ce \u00eentrebarea a treia de la referendum a trecut de vot.\",\"breadcrumb\":{\"@id\":\"https:\\\/\\\/buletin.de\\\/bucuresti\\\/primele-masuri-anuntate-pentru-campania-antidrog-in-scoli-posibil-centru-de-dezintoxicare-la-colentina-sau-obregia\\\/#breadcrumb\"},\"inLanguage\":\"en-GB\",\"potentialAction\":[{\"@type\":\"ReadAction\",\"target\":[\"https:\\\/\\\/buletin.de\\\/bucuresti\\\/primele-masuri-anuntate-pentru-campania-antidrog-in-scoli-posibil-centru-de-dezintoxicare-la-colentina-sau-obregia\\\/\"]}]},{\"@type\":\"ImageObject\",\"inLanguage\":\"en-GB\",\"@id\":\"https:\\\/\\\/buletin.de\\\/bucuresti\\\/primele-masuri-anuntate-pentru-campania-antidrog-in-scoli-posibil-centru-de-dezintoxicare-la-colentina-sau-obregia\\\/#primaryimage\",\"url\":\"https:\\\/\\\/buletin.de\\\/bucuresti\\\/wp-content\\\/uploads\\\/jz8kqkwyka4.jpg\",\"contentUrl\":\"https:\\\/\\\/buletin.de\\\/bucuresti\\\/wp-content\\\/uploads\\\/jz8kqkwyka4.jpg\",\"width\":1600,\"height\":1067,\"caption\":\"Primele m\u0103suri dup\u0103 validarea referendumului. FOTO: unsplash.com\"},{\"@type\":\"BreadcrumbList\",\"@id\":\"https:\\\/\\\/buletin.de\\\/bucuresti\\\/primele-masuri-anuntate-pentru-campania-antidrog-in-scoli-posibil-centru-de-dezintoxicare-la-colentina-sau-obregia\\\/#breadcrumb\",\"itemListElement\":[{\"@type\":\"ListItem\",\"position\":1,\"name\":\"Acas\u0103\",\"item\":\"https:\\\/\\\/buletin.de\\\/bucuresti\\\/\"},{\"@type\":\"ListItem\",\"position\":2,\"name\":\"Primele m\u0103suri anun\u0163ate pentru campania antidrog \u00een \u015fcoli. Posibil centru de dezintoxicare la Colentina sau Obregia\"}]},{\"@type\":\"WebSite\",\"@id\":\"https:\\\/\\\/buletin.de\\\/bucuresti\\\/#website\",\"url\":\"https:\\\/\\\/buletin.de\\\/bucuresti\\\/\",\"name\":\"Buletin de Bucure\u0219ti\",\"description\":\"\u0218tiri \u0219i investiga\u021bii esen\u021biale din capital\u0103\",\"publisher\":{\"@id\":\"https:\\\/\\\/buletin.de\\\/bucuresti\\\/#organization\"},\"potentialAction\":[{\"@type\":\"SearchAction\",\"target\":{\"@type\":\"EntryPoint\",\"urlTemplate\":\"https:\\\/\\\/buletin.de\\\/bucuresti\\\/?s={search_term_string}\"},\"query-input\":{\"@type\":\"PropertyValueSpecification\",\"valueRequired\":true,\"valueName\":\"search_term_string\"}}],\"inLanguage\":\"en-GB\"},{\"@type\":\"Organization\",\"@id\":\"https:\\\/\\\/buletin.de\\\/bucuresti\\\/#organization\",\"name\":\"Buletin de Bucure\u0219ti\",\"url\":\"https:\\\/\\\/buletin.de\\\/bucuresti\\\/\",\"logo\":{\"@type\":\"ImageObject\",\"inLanguage\":\"en-GB\",\"@id\":\"https:\\\/\\\/buletin.de\\\/bucuresti\\\/#\\\/schema\\\/logo\\\/image\\\/\",\"url\":\"https:\\\/\\\/buletin.de\\\/bucuresti\\\/wp-content\\\/uploads\\\/logo-bdb-full-wide-vernil-transparent.png\",\"contentUrl\":\"https:\\\/\\\/buletin.de\\\/bucuresti\\\/wp-content\\\/uploads\\\/logo-bdb-full-wide-vernil-transparent.png\",\"width\":1782,\"height\":626,\"caption\":\"Buletin de Bucure\u0219ti\"},\"image\":{\"@id\":\"https:\\\/\\\/buletin.de\\\/bucuresti\\\/#\\\/schema\\\/logo\\\/image\\\/\"},\"sameAs\":[\"https:\\\/\\\/www.facebook.com\\\/buletin.de.buc\",\"https:\\\/\\\/www.instagram.com\\\/buletinde.bucuresti\\\/\"]},{\"@type\":\"Person\",\"@id\":\"https:\\\/\\\/buletin.de\\\/bucuresti\\\/#\\\/schema\\\/person\\\/5272b8a057b33890940b57b837fc4ce6\",\"name\":\"Ionu\u021b Lepa\",\"image\":{\"@type\":\"ImageObject\",\"inLanguage\":\"en-GB\",\"@id\":\"https:\\\/\\\/buletin.de\\\/bucuresti\\\/wp-content\\\/uploads\\\/Ionut-Lepa-96x96.jpg5c4e4d9e049808799a8821652d2410a4\",\"url\":\"https:\\\/\\\/buletin.de\\\/bucuresti\\\/wp-content\\\/uploads\\\/Ionut-Lepa-96x96.jpg\",\"contentUrl\":\"https:\\\/\\\/buletin.de\\\/bucuresti\\\/wp-content\\\/uploads\\\/Ionut-Lepa-96x96.jpg\",\"caption\":\"Ionu\u021b Lepa\"},\"url\":\"https:\\\/\\\/buletin.de\\\/bucuresti\\\/author\\\/ionutlepa\\\/\"}]}<\/script>\n<!-- \/ Yoast SEO Premium plugin. -->","yoast_head_json":{"title":"Primele m\u0103suri anun\u0163ate pentru campania antidrog \u00een \u015fcoli. Posibil centru de dezintoxicare la Colentina sau Obregia - Buletin de Bucure\u0219ti","description":"Primarul general Nicu\u015for Dan a anun\u0163at c\u0103 vor fi luate primele m\u0103suri dup\u0103 ce \u00eentrebarea a treia de la referendum a trecut de vot.","robots":{"index":"index","follow":"follow","max-snippet":"max-snippet:-1","max-image-preview":"max-image-preview:large","max-video-preview":"max-video-preview:-1"},"canonical":"https:\/\/buletin.de\/bucuresti\/primele-masuri-anuntate-pentru-campania-antidrog-in-scoli-posibil-centru-de-dezintoxicare-la-colentina-sau-obregia\/","og_locale":"en_GB","og_type":"article","og_title":"Primele m\u0103suri anun\u0163ate pentru campania antidrog \u00een \u015fcoli. Posibil centru de dezintoxicare la Colentina sau Obregia","og_description":"Primarul general Nicu\u015for Dan a anun\u0163at c\u0103 vor fi luate primele m\u0103suri dup\u0103 ce \u00eentrebarea a treia de la referendum a trecut de vot.","og_url":"https:\/\/buletin.de\/bucuresti\/primele-masuri-anuntate-pentru-campania-antidrog-in-scoli-posibil-centru-de-dezintoxicare-la-colentina-sau-obregia\/","og_site_name":"Buletin de Bucure\u0219ti","article_publisher":"https:\/\/www.facebook.com\/buletin.de.buc","article_published_time":"2025-01-14T15:18:12+00:00","article_modified_time":"2025-01-14T15:18:13+00:00","og_image":[{"width":1600,"height":1067,"url":"https:\/\/buletin.de\/bucuresti\/wp-content\/uploads\/jz8kqkwyka4.jpg","type":"image\/jpeg"}],"author":"Ionu\u021b Lepa","twitter_card":"summary_large_image","twitter_misc":{"Written by":"Ionu\u021b Lepa","Estimated reading time":"2 minutes"},"schema":{"@context":"https:\/\/schema.org","@graph":[{"@type":"Article","@id":"https:\/\/buletin.de\/bucuresti\/primele-masuri-anuntate-pentru-campania-antidrog-in-scoli-posibil-centru-de-dezintoxicare-la-colentina-sau-obregia\/#article","isPartOf":{"@id":"https:\/\/buletin.de\/bucuresti\/primele-masuri-anuntate-pentru-campania-antidrog-in-scoli-posibil-centru-de-dezintoxicare-la-colentina-sau-obregia\/"},"author":{"name":"Ionu\u021b Lepa","@id":"https:\/\/buletin.de\/bucuresti\/#\/schema\/person\/5272b8a057b33890940b57b837fc4ce6"},"headline":"Primele m\u0103suri anun\u0163ate pentru campania antidrog \u00een \u015fcoli. Posibil centru de dezintoxicare la Colentina sau Obregia","datePublished":"2025-01-14T15:18:12+00:00","dateModified":"2025-01-14T15:18:13+00:00","mainEntityOfPage":{"@id":"https:\/\/buletin.de\/bucuresti\/primele-masuri-anuntate-pentru-campania-antidrog-in-scoli-posibil-centru-de-dezintoxicare-la-colentina-sau-obregia\/"},"wordCount":379,"publisher":{"@id":"https:\/\/buletin.de\/bucuresti\/#organization"},"image":{"@id":"https:\/\/buletin.de\/bucuresti\/primele-masuri-anuntate-pentru-campania-antidrog-in-scoli-posibil-centru-de-dezintoxicare-la-colentina-sau-obregia\/#primaryimage"},"thumbnailUrl":"https:\/\/buletin.de\/bucuresti\/wp-content\/uploads\/jz8kqkwyka4.jpg","keywords":["centru dezintoxicare colentina sau obregia","chestionare","droguri licee bucuresti","masuri antidrog","referendum bucuresti"],"articleSection":["Articole","Educa\u021bie","Eveniment","Main","Politic","Prim\u0103rie","S\u0103n\u0103tate"],"inLanguage":"en-GB","copyrightYear":"2025","copyrightHolder":{"@id":"https:\/\/buletin.de\/bucuresti\/#organization"}},{"@type":"WebPage","@id":"https:\/\/buletin.de\/bucuresti\/primele-masuri-anuntate-pentru-campania-antidrog-in-scoli-posibil-centru-de-dezintoxicare-la-colentina-sau-obregia\/","url":"https:\/\/buletin.de\/bucuresti\/primele-masuri-anuntate-pentru-campania-antidrog-in-scoli-posibil-centru-de-dezintoxicare-la-colentina-sau-obregia\/","name":"Primele m\u0103suri anun\u0163ate pentru campania antidrog \u00een \u015fcoli. Posibil centru de dezintoxicare la Colentina sau Obregia - Buletin de Bucure\u0219ti","isPartOf":{"@id":"https:\/\/buletin.de\/bucuresti\/#website"},"primaryImageOfPage":{"@id":"https:\/\/buletin.de\/bucuresti\/primele-masuri-anuntate-pentru-campania-antidrog-in-scoli-posibil-centru-de-dezintoxicare-la-colentina-sau-obregia\/#primaryimage"},"image":{"@id":"https:\/\/buletin.de\/bucuresti\/primele-masuri-anuntate-pentru-campania-antidrog-in-scoli-posibil-centru-de-dezintoxicare-la-colentina-sau-obregia\/#primaryimage"},"thumbnailUrl":"https:\/\/buletin.de\/bucuresti\/wp-content\/uploads\/jz8kqkwyka4.jpg","datePublished":"2025-01-14T15:18:12+00:00","dateModified":"2025-01-14T15:18:13+00:00","description":"Primarul general Nicu\u015for Dan a anun\u0163at c\u0103 vor fi luate primele m\u0103suri dup\u0103 ce \u00eentrebarea a treia de la referendum a trecut de vot.","breadcrumb":{"@id":"https:\/\/buletin.de\/bucuresti\/primele-masuri-anuntate-pentru-campania-antidrog-in-scoli-posibil-centru-de-dezintoxicare-la-colentina-sau-obregia\/#breadcrumb"},"inLanguage":"en-GB","potentialAction":[{"@type":"ReadAction","target":["https:\/\/buletin.de\/bucuresti\/primele-masuri-anuntate-pentru-campania-antidrog-in-scoli-posibil-centru-de-dezintoxicare-la-colentina-sau-obregia\/"]}]},{"@type":"ImageObject","inLanguage":"en-GB","@id":"https:\/\/buletin.de\/bucuresti\/primele-masuri-anuntate-pentru-campania-antidrog-in-scoli-posibil-centru-de-dezintoxicare-la-colentina-sau-obregia\/#primaryimage","url":"https:\/\/buletin.de\/bucuresti\/wp-content\/uploads\/jz8kqkwyka4.jpg","contentUrl":"https:\/\/buletin.de\/bucuresti\/wp-content\/uploads\/jz8kqkwyka4.jpg","width":1600,"height":1067,"caption":"Primele m\u0103suri dup\u0103 validarea referendumului. FOTO: unsplash.com"},{"@type":"BreadcrumbList","@id":"https:\/\/buletin.de\/bucuresti\/primele-masuri-anuntate-pentru-campania-antidrog-in-scoli-posibil-centru-de-dezintoxicare-la-colentina-sau-obregia\/#breadcrumb","itemListElement":[{"@type":"ListItem","position":1,"name":"Acas\u0103","item":"https:\/\/buletin.de\/bucuresti\/"},{"@type":"ListItem","position":2,"name":"Primele m\u0103suri anun\u0163ate pentru campania antidrog \u00een \u015fcoli. Posibil centru de dezintoxicare la Colentina sau Obregia"}]},{"@type":"WebSite","@id":"https:\/\/buletin.de\/bucuresti\/#website","url":"https:\/\/buletin.de\/bucuresti\/","name":"Buletin de Bucure\u0219ti","description":"\u0218tiri \u0219i investiga\u021bii esen\u021biale din capital\u0103","publisher":{"@id":"https:\/\/buletin.de\/bucuresti\/#organization"},"potentialAction":[{"@type":"SearchAction","target":{"@type":"EntryPoint","urlTemplate":"https:\/\/buletin.de\/bucuresti\/?s={search_term_string}"},"query-input":{"@type":"PropertyValueSpecification","valueRequired":true,"valueName":"search_term_string"}}],"inLanguage":"en-GB"},{"@type":"Organization","@id":"https:\/\/buletin.de\/bucuresti\/#organization","name":"Buletin de Bucure\u0219ti","url":"https:\/\/buletin.de\/bucuresti\/","logo":{"@type":"ImageObject","inLanguage":"en-GB","@id":"https:\/\/buletin.de\/bucuresti\/#\/schema\/logo\/image\/","url":"https:\/\/buletin.de\/bucuresti\/wp-content\/uploads\/logo-bdb-full-wide-vernil-transparent.png","contentUrl":"https:\/\/buletin.de\/bucuresti\/wp-content\/uploads\/logo-bdb-full-wide-vernil-transparent.png","width":1782,"height":626,"caption":"Buletin de Bucure\u0219ti"},"image":{"@id":"https:\/\/buletin.de\/bucuresti\/#\/schema\/logo\/image\/"},"sameAs":["https:\/\/www.facebook.com\/buletin.de.buc","https:\/\/www.instagram.com\/buletinde.bucuresti\/"]},{"@type":"Person","@id":"https:\/\/buletin.de\/bucuresti\/#\/schema\/person\/5272b8a057b33890940b57b837fc4ce6","name":"Ionu\u021b Lepa","image":{"@type":"ImageObject","inLanguage":"en-GB","@id":"https:\/\/buletin.de\/bucuresti\/wp-content\/uploads\/Ionut-Lepa-96x96.jpg5c4e4d9e049808799a8821652d2410a4","url":"https:\/\/buletin.de\/bucuresti\/wp-content\/uploads\/Ionut-Lepa-96x96.jpg","contentUrl":"https:\/\/buletin.de\/bucuresti\/wp-content\/uploads\/Ionut-Lepa-96x96.jpg","caption":"Ionu\u021b Lepa"},"url":"https:\/\/buletin.de\/bucuresti\/author\/ionutlepa\/"}]}},"authors":[{"term_id":22586,"user_id":8,"is_guest":0,"slug":"ionutlepa","display_name":"Ionu\u021b Lepa","avatar_url":"https:\/\/buletin.de\/bucuresti\/wp-content\/uploads\/Ionut-Lepa-96x96.jpg","0":null,"1":"","2":"","3":"","4":"","5":"","6":"","7":"","8":""}],"_links":{"self":[{"href":"https:\/\/buletin.de\/bucuresti\/wp-json\/wp\/v2\/posts\/114308","targetHints":{"allow":["GET"]}}],"collection":[{"href":"https:\/\/buletin.de\/bucuresti\/wp-json\/wp\/v2\/posts"}],"about":[{"href":"https:\/\/buletin.de\/bucuresti\/wp-json\/wp\/v2\/types\/post"}],"author":[{"embeddable":true,"href":"https:\/\/buletin.de\/bucuresti\/wp-json\/wp\/v2\/users\/8"}],"replies":[{"embeddable":true,"href":"https:\/\/buletin.de\/bucuresti\/wp-json\/wp\/v2\/comments?post=114308"}],"version-history":[{"count":1,"href":"https:\/\/buletin.de\/bucuresti\/wp-json\/wp\/v2\/posts\/114308\/revisions"}],"predecessor-version":[{"id":114310,"href":"https:\/\/buletin.de\/bucuresti\/wp-json\/wp\/v2\/posts\/114308\/revisions\/114310"}],"wp:featuredmedia":[{"embeddable":true,"href":"https:\/\/buletin.de\/bucuresti\/wp-json\/wp\/v2\/media\/114309"}],"wp:attachment":[{"href":"https:\/\/buletin.de\/bucuresti\/wp-json\/wp\/v2\/media?parent=114308"}],"wp:term":[{"taxonomy":"category","embeddable":true,"href":"https:\/\/buletin.de\/bucuresti\/wp-json\/wp\/v2\/categories?post=114308"},{"taxonomy":"post_tag","embeddable":true,"href":"https:\/\/buletin.de\/bucuresti\/wp-json\/wp\/v2\/tags?post=114308"},{"taxonomy":"author","embeddable":true,"href":"https:\/\/buletin.de\/bucuresti\/wp-json\/wp\/v2\/ppma_author?post=114308"}],"curies":[{"name":"wp","href":"https:\/\/api.w.org\/{rel}","templated":true}]}}