{"id":114067,"date":"2025-01-13T06:00:00","date_gmt":"2025-01-13T03:00:00","guid":{"rendered":"https:\/\/buletin.de\/bucuresti\/?p=114067"},"modified":"2025-03-23T17:34:39","modified_gmt":"2025-03-23T14:34:39","slug":"tiriac-nu-mai-construieste-sala-polivalenta-in-otopeni-nu-o-mai-fac-chiar-daca-am-bani","status":"publish","type":"post","link":"https:\/\/buletin.de\/bucuresti\/tiriac-nu-mai-construieste-sala-polivalenta-in-otopeni-nu-o-mai-fac-chiar-daca-am-bani\/","title":{"rendered":"\u021airiac nu mai construie\u0219te sal\u0103 polivalent\u0103 \u00een Otopeni. \u201eNu o mai fac, chiar dac\u0103 am bani!\u201d"},"content":{"rendered":"\n<p><strong>Ion \u021airiac promitea anul trecut c\u0103 va investi \u00eentr-o sal\u0103 polivalent\u0103 modern\u0103, de minimum, 15.000 de locuri, \u00een Otopeni. Proiectul ar fi costat 100 de milioane de euro, potrivit omului de afaceri. Acum a anun\u021bat c\u0103 s-a r\u0103zg\u00e2ndit.<\/strong><\/p>\n\n\n\n<p>\u201eSala e gata \u00een doi ani! Nu conteaz\u0103 c\u0103 \u00eenc\u0103 n-au \u00eenceput lucr\u0103rile\u201d, anun\u021ba Ion \u021airiac \u00een prim\u0103vara lui 2024. Era doar continuarea mai multor declara\u021bii f\u0103cute de miliardar \u00een ultimii ani despre inten\u021bia sa de a ridica\u00a0un complex polisportiv, numit \u021airiac City, scria \u00een toamn\u0103 <a href=\"https:\/\/golazo.ro\/ion-tiriac-sala-polivalenta-otopeni-marcel-ciolacu-113154\" target=\"_blank\" rel=\"noreferrer noopener\">Golazo<\/a>.<\/p>\n\n\n\n<p>Complexul ar fi urmat s\u0103 mai cuprind\u0103, pe l\u00e2ng\u0103 sala polivalent\u0103, pentru sporturi cu mingea, \u0219i un bazin de \u00eenot care s\u0103 poarte numele Cameliei Potec, o sal\u0103 de gimnastic\u0103 numit\u0103 Nadia Com\u0103neci, o academie de tenis cu 30 de terenuri \u0219amd.\u00a0<\/p>\n\n\n\n<p>\u021airiac City ar fi urmat s\u0103 fie amplasat l\u00e2ng\u0103 Aeroportul Interna\u021bional \u201eHenry Coand\u0103\u201d, acolo unde omul de afaceri are deja un patinoar acoperit. <\/p>\n\n\n\n<p>CITE\u0218TE \u0218I: <strong><a href=\"https:\/\/buletin.de\/bucuresti\/un-cameraman-al-b1-tv-a-fost-lovit-de-protestari-la-mitingul-aur-din-bucuresti-masina-vandalizata\/\" target=\"_blank\" rel=\"noreferrer noopener\">Un cameraman al B1 TV a fost lovit de protestari, la mitingul AUR din Bucure\u0219ti. Ma\u0219ina, vandalizat\u0103<\/a><\/strong><\/p>\n\n\n\n<h2 class=\"wp-block-heading\" id=\"h-de-ce-nu-mai-construie\u0219te-\u021biriac-o-sala-polivalenta-in-otopeni\">De ce nu mai construie\u0219te \u021airiac o sal\u0103 polivalent\u0103 \u00een Otopeni<\/h2>\n\n\n\n<p>Ion \u021airiac spera s\u0103 primeasc\u0103 un ajutor de la stat, \u00een sensul \u00een care s\u0103 primeasc\u0103 terenul de la Prim\u0103ria Otopeni, iar guvernul s\u0103 se ocupe de infrastructura rutier\u0103 \u0219i de utilit\u0103\u021bi. <\/p>\n\n\n\n<p>\u201eDomnul \u0162iriac a venit cu o solicitare pentru infrastructura \u00een domeniul sportului. Mi-a spus: \u00abMarcele, tu nu vezi c\u0103 noi nu avem o sal\u0103 polivalent\u0103 \u00een Bucure\u015fti?\u00bb. Sunt receptiv la astfel de ini\u021biative.\u00a0Cred c\u0103 putem \u00eempreun\u0103, pe un proiect pe care domnul \u0162iriac dore\u015fte s\u0103-l finan\u0163eze, s\u0103 facem excep\u0163ii fiscale. A\u015fa func\u0163ioneaz\u0103 un stat modern\u201d\u00a0, declara, \u00een octombrie anul trecut, \u0219i premierul Marcel Ciolacu. <\/p>\n\n\n\n<p>Dar totul a r\u0103mas \u00een stadiul de proiect. A\u0219a c\u0103 omul de afaceri s-a sup\u0103rat. <\/p>\n\n\n\n<p>\u201eDomnule, eu am un buget acolo. Am investit, dar nu conteaz\u0103.\u00a0Am peste 50 de milioane de euro pe care Funda\u021bia mi le-a dat pentru o sal\u0103 polivalent\u0103. <\/p>\n\n\n\n<p>Dar nu o mai fac! Nu mai fac sala, chiar dac\u0103 am bani peste poate. \u0218i arena de tenis nu o mai fac acoperit\u0103\u201d, a declarat, \u00een acest weekend, Ion \u021airiac pentru <a href=\"https:\/\/www.gsp.ro\/sporturi\/tenis\/planul-lui-ion-tiriac-pentru-bucuresti-772054.html\" target=\"_blank\" rel=\"noreferrer noopener\">Gazeta Sporturilor<\/a>. <\/p>\n\n\n\n<p><strong>Omul de afaceri a sus\u021binut c\u0103 primarul din Otopeni, Silviu Gheorghe, nu l-a sus\u021binut. \u0218i nici premierul Marcel Ciolacu nu s-a \u021binut de cuv\u00e2nt.<\/strong><\/p>\n\n\n\n<p>\u201ePrimarul din Otopeni, s\u0103racul, zice c\u0103 n-are bani s\u0103 \u00eengrijeasc\u0103 bazinul care e acolo. Dac\u0103 facem o sal\u0103 polivalent\u0103, ne trebuie un teren pentru trei mii de parkinguri. Alea sunt alte \u0219ase hectare, \u0219apte hectare\u201d, a men\u021bionat Ion \u021airiac.<\/p>\n\n\n\n<p>CITE\u0218TE \u0218I: <strong><a href=\"https:\/\/buletin.de\/bucuresti\/miting-aur-in-bucuresti-turul-doi-inapoi-se-cere-demisia-lui-iohannis\/\" target=\"_blank\" rel=\"noreferrer noopener\">Miting AUR \u00een Bucure\u0219ti: \u201eTurul doi, \u00eenapoi!\u201d Se cere demisia lui Iohannis<\/a><\/strong><\/p>\n\n\n\n<p><br><\/p>\n","protected":false},"excerpt":{"rendered":"<p>Ion \u021airiac promitea anul trecut c\u0103 va investi \u00eentr-o sal\u0103 polivalent\u0103 modern\u0103, de minimum, 15.000 de locuri, \u00een Otopeni. Proiectul ar fi costat 100 de milioane de euro, potrivit omului de afaceri. Acum a anun\u021bat c\u0103 s-a r\u0103zg\u00e2ndit. \u201eSala e gata \u00een doi ani! Nu conteaz\u0103 c\u0103 \u00eenc\u0103 n-au \u00eenceput lucr\u0103rile\u201d, anun\u021ba Ion \u021airiac \u00een [&hellip;]<\/p>\n","protected":false},"author":60,"featured_media":114070,"comment_status":"closed","ping_status":"open","sticky":false,"template":"","format":"standard","meta":{"_acf_changed":false,"inline_featured_image":false,"ngg_post_thumbnail":0,"footnotes":""},"categories":[6994,1,5762],"tags":[6697,20039,20038,6855,7511],"ppma_author":[22582],"class_list":["post-114067","post","type-post","status-publish","format-standard","has-post-thumbnail","hentry","category-stiri-2","category-diverse","category-main","tag-aeroportul-otopeni","tag-otopeni-tiriac","tag-polivalenta-otopeni","tag-sala-polivalenta","tag-tiriac"],"acf":[],"yoast_head":"<!-- This site is optimized with the Yoast SEO Premium plugin v25.3 (Yoast SEO v27.5) - https:\/\/yoast.com\/product\/yoast-seo-premium-wordpress\/ -->\n<title>\u021airiac nu mai construie\u0219te sal\u0103 polivalent\u0103 \u00een Otopeni. \u201eNu o mai fac, chiar dac\u0103 am bani!\u201d - Buletin de Bucure\u0219ti<\/title>\n<meta name=\"description\" content=\"Ion \u021airiac promitea anul trecut c\u0103 va investi \u00eentr-o sal\u0103 polivalent\u0103 modern\u0103, de minimum, 15.000 de locuri, \u00een Otopeni.\" \/>\n<meta name=\"robots\" content=\"index, follow, max-snippet:-1, max-image-preview:large, max-video-preview:-1\" \/>\n<link rel=\"canonical\" href=\"https:\/\/buletin.de\/bucuresti\/tiriac-nu-mai-construieste-sala-polivalenta-in-otopeni-nu-o-mai-fac-chiar-daca-am-bani\/\" \/>\n<meta property=\"og:locale\" content=\"en_GB\" \/>\n<meta property=\"og:type\" content=\"article\" \/>\n<meta property=\"og:title\" content=\"\u021airiac nu mai construie\u0219te sal\u0103 polivalent\u0103 \u00een Otopeni. \u201eNu o mai fac, chiar dac\u0103 am bani!\u201d\" \/>\n<meta property=\"og:description\" content=\"Ion \u021airiac promitea anul trecut c\u0103 va investi \u00eentr-o sal\u0103 polivalent\u0103 modern\u0103, de minimum, 15.000 de locuri, \u00een Otopeni.\" \/>\n<meta property=\"og:url\" content=\"https:\/\/buletin.de\/bucuresti\/tiriac-nu-mai-construieste-sala-polivalenta-in-otopeni-nu-o-mai-fac-chiar-daca-am-bani\/\" \/>\n<meta property=\"og:site_name\" content=\"Buletin de Bucure\u0219ti\" \/>\n<meta property=\"article:publisher\" content=\"https:\/\/www.facebook.com\/buletin.de.buc\" \/>\n<meta property=\"article:published_time\" content=\"2025-01-13T03:00:00+00:00\" \/>\n<meta property=\"article:modified_time\" content=\"2025-03-23T14:34:39+00:00\" \/>\n<meta property=\"og:image\" content=\"https:\/\/buletin.de\/bucuresti\/wp-content\/uploads\/tiriac_INQUAM_Photos_Cristi_Vescan.jpg\" \/>\n\t<meta property=\"og:image:width\" content=\"1200\" \/>\n\t<meta property=\"og:image:height\" content=\"801\" \/>\n\t<meta property=\"og:image:type\" content=\"image\/jpeg\" \/>\n<meta name=\"author\" content=\"R\u0103zvan Chiru\u021b\u0103\" \/>\n<meta name=\"twitter:card\" content=\"summary_large_image\" \/>\n<meta name=\"twitter:label1\" content=\"Written by\" \/>\n\t<meta name=\"twitter:data1\" content=\"R\u0103zvan Chiru\u021b\u0103\" \/>\n\t<meta name=\"twitter:label2\" content=\"Estimated reading time\" \/>\n\t<meta name=\"twitter:data2\" content=\"3 minutes\" \/>\n<script type=\"application\/ld+json\" class=\"yoast-schema-graph\">{\"@context\":\"https:\\\/\\\/schema.org\",\"@graph\":[{\"@type\":\"Article\",\"@id\":\"https:\\\/\\\/buletin.de\\\/bucuresti\\\/tiriac-nu-mai-construieste-sala-polivalenta-in-otopeni-nu-o-mai-fac-chiar-daca-am-bani\\\/#article\",\"isPartOf\":{\"@id\":\"https:\\\/\\\/buletin.de\\\/bucuresti\\\/tiriac-nu-mai-construieste-sala-polivalenta-in-otopeni-nu-o-mai-fac-chiar-daca-am-bani\\\/\"},\"author\":{\"name\":\"R\u0103zvan Chiru\u021b\u0103\",\"@id\":\"https:\\\/\\\/buletin.de\\\/bucuresti\\\/#\\\/schema\\\/person\\\/a76df728dfc913795a9d90e346b253bb\"},\"headline\":\"\u021airiac nu mai construie\u0219te sal\u0103 polivalent\u0103 \u00een Otopeni. \u201eNu o mai fac, chiar dac\u0103 am bani!\u201d\",\"datePublished\":\"2025-01-13T03:00:00+00:00\",\"dateModified\":\"2025-03-23T14:34:39+00:00\",\"mainEntityOfPage\":{\"@id\":\"https:\\\/\\\/buletin.de\\\/bucuresti\\\/tiriac-nu-mai-construieste-sala-polivalenta-in-otopeni-nu-o-mai-fac-chiar-daca-am-bani\\\/\"},\"wordCount\":482,\"publisher\":{\"@id\":\"https:\\\/\\\/buletin.de\\\/bucuresti\\\/#organization\"},\"image\":{\"@id\":\"https:\\\/\\\/buletin.de\\\/bucuresti\\\/tiriac-nu-mai-construieste-sala-polivalenta-in-otopeni-nu-o-mai-fac-chiar-daca-am-bani\\\/#primaryimage\"},\"thumbnailUrl\":\"https:\\\/\\\/buletin.de\\\/bucuresti\\\/wp-content\\\/uploads\\\/tiriac_INQUAM_Photos_Cristi_Vescan.jpg\",\"keywords\":[\"Aeroportul Otopeni\",\"otopeni tiriac\",\"polivalenta otopeni\",\"sala polivalenta\",\"tiriac\"],\"articleSection\":[\"Articole\",\"Diverse\",\"Main\"],\"inLanguage\":\"en-GB\",\"copyrightYear\":\"2025\",\"copyrightHolder\":{\"@id\":\"https:\\\/\\\/buletin.de\\\/bucuresti\\\/#organization\"}},{\"@type\":\"WebPage\",\"@id\":\"https:\\\/\\\/buletin.de\\\/bucuresti\\\/tiriac-nu-mai-construieste-sala-polivalenta-in-otopeni-nu-o-mai-fac-chiar-daca-am-bani\\\/\",\"url\":\"https:\\\/\\\/buletin.de\\\/bucuresti\\\/tiriac-nu-mai-construieste-sala-polivalenta-in-otopeni-nu-o-mai-fac-chiar-daca-am-bani\\\/\",\"name\":\"\u021airiac nu mai construie\u0219te sal\u0103 polivalent\u0103 \u00een Otopeni. \u201eNu o mai fac, chiar dac\u0103 am bani!\u201d - Buletin de Bucure\u0219ti\",\"isPartOf\":{\"@id\":\"https:\\\/\\\/buletin.de\\\/bucuresti\\\/#website\"},\"primaryImageOfPage\":{\"@id\":\"https:\\\/\\\/buletin.de\\\/bucuresti\\\/tiriac-nu-mai-construieste-sala-polivalenta-in-otopeni-nu-o-mai-fac-chiar-daca-am-bani\\\/#primaryimage\"},\"image\":{\"@id\":\"https:\\\/\\\/buletin.de\\\/bucuresti\\\/tiriac-nu-mai-construieste-sala-polivalenta-in-otopeni-nu-o-mai-fac-chiar-daca-am-bani\\\/#primaryimage\"},\"thumbnailUrl\":\"https:\\\/\\\/buletin.de\\\/bucuresti\\\/wp-content\\\/uploads\\\/tiriac_INQUAM_Photos_Cristi_Vescan.jpg\",\"datePublished\":\"2025-01-13T03:00:00+00:00\",\"dateModified\":\"2025-03-23T14:34:39+00:00\",\"description\":\"Ion \u021airiac promitea anul trecut c\u0103 va investi \u00eentr-o sal\u0103 polivalent\u0103 modern\u0103, de minimum, 15.000 de locuri, \u00een Otopeni.\",\"breadcrumb\":{\"@id\":\"https:\\\/\\\/buletin.de\\\/bucuresti\\\/tiriac-nu-mai-construieste-sala-polivalenta-in-otopeni-nu-o-mai-fac-chiar-daca-am-bani\\\/#breadcrumb\"},\"inLanguage\":\"en-GB\",\"potentialAction\":[{\"@type\":\"ReadAction\",\"target\":[\"https:\\\/\\\/buletin.de\\\/bucuresti\\\/tiriac-nu-mai-construieste-sala-polivalenta-in-otopeni-nu-o-mai-fac-chiar-daca-am-bani\\\/\"]}]},{\"@type\":\"ImageObject\",\"inLanguage\":\"en-GB\",\"@id\":\"https:\\\/\\\/buletin.de\\\/bucuresti\\\/tiriac-nu-mai-construieste-sala-polivalenta-in-otopeni-nu-o-mai-fac-chiar-daca-am-bani\\\/#primaryimage\",\"url\":\"https:\\\/\\\/buletin.de\\\/bucuresti\\\/wp-content\\\/uploads\\\/tiriac_INQUAM_Photos_Cristi_Vescan.jpg\",\"contentUrl\":\"https:\\\/\\\/buletin.de\\\/bucuresti\\\/wp-content\\\/uploads\\\/tiriac_INQUAM_Photos_Cristi_Vescan.jpg\",\"width\":1200,\"height\":801,\"caption\":\"\u021airiac nu mai construie\u0219te sal\u0103 polivalent\u0103 \u00een Otopeni. Foto: Inquam Photos \\\/ Cristi Vescan.\"},{\"@type\":\"BreadcrumbList\",\"@id\":\"https:\\\/\\\/buletin.de\\\/bucuresti\\\/tiriac-nu-mai-construieste-sala-polivalenta-in-otopeni-nu-o-mai-fac-chiar-daca-am-bani\\\/#breadcrumb\",\"itemListElement\":[{\"@type\":\"ListItem\",\"position\":1,\"name\":\"Acas\u0103\",\"item\":\"https:\\\/\\\/buletin.de\\\/bucuresti\\\/\"},{\"@type\":\"ListItem\",\"position\":2,\"name\":\"\u021airiac nu mai construie\u0219te sal\u0103 polivalent\u0103 \u00een Otopeni. \u201eNu o mai fac, chiar dac\u0103 am bani!\u201d\"}]},{\"@type\":\"WebSite\",\"@id\":\"https:\\\/\\\/buletin.de\\\/bucuresti\\\/#website\",\"url\":\"https:\\\/\\\/buletin.de\\\/bucuresti\\\/\",\"name\":\"Buletin de Bucure\u0219ti\",\"description\":\"\u0218tiri \u0219i investiga\u021bii esen\u021biale din capital\u0103\",\"publisher\":{\"@id\":\"https:\\\/\\\/buletin.de\\\/bucuresti\\\/#organization\"},\"potentialAction\":[{\"@type\":\"SearchAction\",\"target\":{\"@type\":\"EntryPoint\",\"urlTemplate\":\"https:\\\/\\\/buletin.de\\\/bucuresti\\\/?s={search_term_string}\"},\"query-input\":{\"@type\":\"PropertyValueSpecification\",\"valueRequired\":true,\"valueName\":\"search_term_string\"}}],\"inLanguage\":\"en-GB\"},{\"@type\":\"Organization\",\"@id\":\"https:\\\/\\\/buletin.de\\\/bucuresti\\\/#organization\",\"name\":\"Buletin de Bucure\u0219ti\",\"url\":\"https:\\\/\\\/buletin.de\\\/bucuresti\\\/\",\"logo\":{\"@type\":\"ImageObject\",\"inLanguage\":\"en-GB\",\"@id\":\"https:\\\/\\\/buletin.de\\\/bucuresti\\\/#\\\/schema\\\/logo\\\/image\\\/\",\"url\":\"https:\\\/\\\/buletin.de\\\/bucuresti\\\/wp-content\\\/uploads\\\/logo-bdb-full-wide-vernil-transparent.png\",\"contentUrl\":\"https:\\\/\\\/buletin.de\\\/bucuresti\\\/wp-content\\\/uploads\\\/logo-bdb-full-wide-vernil-transparent.png\",\"width\":1782,\"height\":626,\"caption\":\"Buletin de Bucure\u0219ti\"},\"image\":{\"@id\":\"https:\\\/\\\/buletin.de\\\/bucuresti\\\/#\\\/schema\\\/logo\\\/image\\\/\"},\"sameAs\":[\"https:\\\/\\\/www.facebook.com\\\/buletin.de.buc\",\"https:\\\/\\\/www.instagram.com\\\/buletinde.bucuresti\\\/\"]},{\"@type\":\"Person\",\"@id\":\"https:\\\/\\\/buletin.de\\\/bucuresti\\\/#\\\/schema\\\/person\\\/a76df728dfc913795a9d90e346b253bb\",\"name\":\"R\u0103zvan Chiru\u021b\u0103\",\"image\":{\"@type\":\"ImageObject\",\"inLanguage\":\"en-GB\",\"@id\":\"https:\\\/\\\/buletin.de\\\/bucuresti\\\/wp-content\\\/uploads\\\/Razvan-Chiruta-96x96.jpge7143b996fd4241fbd6ee1f6b6b7b267\",\"url\":\"https:\\\/\\\/buletin.de\\\/bucuresti\\\/wp-content\\\/uploads\\\/Razvan-Chiruta-96x96.jpg\",\"contentUrl\":\"https:\\\/\\\/buletin.de\\\/bucuresti\\\/wp-content\\\/uploads\\\/Razvan-Chiruta-96x96.jpg\",\"caption\":\"R\u0103zvan Chiru\u021b\u0103\"},\"description\":\"R\u0103zvan Chiru\u021b\u0103 este redactor-\u0219ef adjunct din iulie 2024. A fost redactor-\u0219ef al PRESShub \u00eentre 2022 \u0219i iunie 2024. Anterior, a fost redactor-\u0219ef al Newsweek Rom\u00e2nia, din 2018 p\u00e2n\u0103 \u00een 2021, \u0219i al cotidianului Rom\u00e2nia liber\u0103, \u00eentre 2015 \u0219i 2017. Este absolvent de Jurnalism, \u00een cadrul Universit\u0103\u021bii \u201eAl.I.Cuza\u201d din Ia\u0219i, \u0219i a urmat un master \u00een Managementul institu\u021biilor mass-media (f\u0103r\u0103 diserta\u021bie) la Facultatea de Jurnalism \u0219i \u0218tiin\u021bele Comunic\u0103rii din cadrul Universit\u0103\u021bii din Bucure\u0219ti. \u0218i-a \u00eenceput cariera la Opinia studen\u021beasc\u0103, cunoscuta \u0219coal\u0103 de pres\u0103 din Ia\u0219i. A lucrat \u00een presa local\u0103, apoi a devenit corespondent pentru Ia\u0219i al cotidianului Evenimentul Zilei. Din 2004, a coordonat pentru \u0219ase luni sec\u021bia de coresponden\u021bi a Evenimentului Zilei. A mai lucrat la s\u0103pt\u0103m\u00e2nalul Prezent \u0219i a colaborat cu revistele Dilema Veche \u0219i Suplimentul de Cultur\u0103. Este co-autor \u00een volumele \u201eMass-media \u0219i democra\u021bia \u00een Rom\u00e2nia post-comunist\u0103\u201d (ed. a II-a), Ed. Institutul European, Ia\u0219i, 2013, \u0219i \u201eCOVID - 19. Dimensiuni ale gestionarii pandemiei\u201d, Editura Junimea, Ia\u0219i, 2020.\",\"url\":\"https:\\\/\\\/buletin.de\\\/bucuresti\\\/author\\\/razvan-chiruta\\\/\"}]}<\/script>\n<!-- \/ Yoast SEO Premium plugin. -->","yoast_head_json":{"title":"\u021airiac nu mai construie\u0219te sal\u0103 polivalent\u0103 \u00een Otopeni. \u201eNu o mai fac, chiar dac\u0103 am bani!\u201d - Buletin de Bucure\u0219ti","description":"Ion \u021airiac promitea anul trecut c\u0103 va investi \u00eentr-o sal\u0103 polivalent\u0103 modern\u0103, de minimum, 15.000 de locuri, \u00een Otopeni.","robots":{"index":"index","follow":"follow","max-snippet":"max-snippet:-1","max-image-preview":"max-image-preview:large","max-video-preview":"max-video-preview:-1"},"canonical":"https:\/\/buletin.de\/bucuresti\/tiriac-nu-mai-construieste-sala-polivalenta-in-otopeni-nu-o-mai-fac-chiar-daca-am-bani\/","og_locale":"en_GB","og_type":"article","og_title":"\u021airiac nu mai construie\u0219te sal\u0103 polivalent\u0103 \u00een Otopeni. \u201eNu o mai fac, chiar dac\u0103 am bani!\u201d","og_description":"Ion \u021airiac promitea anul trecut c\u0103 va investi \u00eentr-o sal\u0103 polivalent\u0103 modern\u0103, de minimum, 15.000 de locuri, \u00een Otopeni.","og_url":"https:\/\/buletin.de\/bucuresti\/tiriac-nu-mai-construieste-sala-polivalenta-in-otopeni-nu-o-mai-fac-chiar-daca-am-bani\/","og_site_name":"Buletin de Bucure\u0219ti","article_publisher":"https:\/\/www.facebook.com\/buletin.de.buc","article_published_time":"2025-01-13T03:00:00+00:00","article_modified_time":"2025-03-23T14:34:39+00:00","og_image":[{"width":1200,"height":801,"url":"https:\/\/buletin.de\/bucuresti\/wp-content\/uploads\/tiriac_INQUAM_Photos_Cristi_Vescan.jpg","type":"image\/jpeg"}],"author":"R\u0103zvan Chiru\u021b\u0103","twitter_card":"summary_large_image","twitter_misc":{"Written by":"R\u0103zvan Chiru\u021b\u0103","Estimated reading time":"3 minutes"},"schema":{"@context":"https:\/\/schema.org","@graph":[{"@type":"Article","@id":"https:\/\/buletin.de\/bucuresti\/tiriac-nu-mai-construieste-sala-polivalenta-in-otopeni-nu-o-mai-fac-chiar-daca-am-bani\/#article","isPartOf":{"@id":"https:\/\/buletin.de\/bucuresti\/tiriac-nu-mai-construieste-sala-polivalenta-in-otopeni-nu-o-mai-fac-chiar-daca-am-bani\/"},"author":{"name":"R\u0103zvan Chiru\u021b\u0103","@id":"https:\/\/buletin.de\/bucuresti\/#\/schema\/person\/a76df728dfc913795a9d90e346b253bb"},"headline":"\u021airiac nu mai construie\u0219te sal\u0103 polivalent\u0103 \u00een Otopeni. \u201eNu o mai fac, chiar dac\u0103 am bani!\u201d","datePublished":"2025-01-13T03:00:00+00:00","dateModified":"2025-03-23T14:34:39+00:00","mainEntityOfPage":{"@id":"https:\/\/buletin.de\/bucuresti\/tiriac-nu-mai-construieste-sala-polivalenta-in-otopeni-nu-o-mai-fac-chiar-daca-am-bani\/"},"wordCount":482,"publisher":{"@id":"https:\/\/buletin.de\/bucuresti\/#organization"},"image":{"@id":"https:\/\/buletin.de\/bucuresti\/tiriac-nu-mai-construieste-sala-polivalenta-in-otopeni-nu-o-mai-fac-chiar-daca-am-bani\/#primaryimage"},"thumbnailUrl":"https:\/\/buletin.de\/bucuresti\/wp-content\/uploads\/tiriac_INQUAM_Photos_Cristi_Vescan.jpg","keywords":["Aeroportul Otopeni","otopeni tiriac","polivalenta otopeni","sala polivalenta","tiriac"],"articleSection":["Articole","Diverse","Main"],"inLanguage":"en-GB","copyrightYear":"2025","copyrightHolder":{"@id":"https:\/\/buletin.de\/bucuresti\/#organization"}},{"@type":"WebPage","@id":"https:\/\/buletin.de\/bucuresti\/tiriac-nu-mai-construieste-sala-polivalenta-in-otopeni-nu-o-mai-fac-chiar-daca-am-bani\/","url":"https:\/\/buletin.de\/bucuresti\/tiriac-nu-mai-construieste-sala-polivalenta-in-otopeni-nu-o-mai-fac-chiar-daca-am-bani\/","name":"\u021airiac nu mai construie\u0219te sal\u0103 polivalent\u0103 \u00een Otopeni. \u201eNu o mai fac, chiar dac\u0103 am bani!\u201d - Buletin de Bucure\u0219ti","isPartOf":{"@id":"https:\/\/buletin.de\/bucuresti\/#website"},"primaryImageOfPage":{"@id":"https:\/\/buletin.de\/bucuresti\/tiriac-nu-mai-construieste-sala-polivalenta-in-otopeni-nu-o-mai-fac-chiar-daca-am-bani\/#primaryimage"},"image":{"@id":"https:\/\/buletin.de\/bucuresti\/tiriac-nu-mai-construieste-sala-polivalenta-in-otopeni-nu-o-mai-fac-chiar-daca-am-bani\/#primaryimage"},"thumbnailUrl":"https:\/\/buletin.de\/bucuresti\/wp-content\/uploads\/tiriac_INQUAM_Photos_Cristi_Vescan.jpg","datePublished":"2025-01-13T03:00:00+00:00","dateModified":"2025-03-23T14:34:39+00:00","description":"Ion \u021airiac promitea anul trecut c\u0103 va investi \u00eentr-o sal\u0103 polivalent\u0103 modern\u0103, de minimum, 15.000 de locuri, \u00een Otopeni.","breadcrumb":{"@id":"https:\/\/buletin.de\/bucuresti\/tiriac-nu-mai-construieste-sala-polivalenta-in-otopeni-nu-o-mai-fac-chiar-daca-am-bani\/#breadcrumb"},"inLanguage":"en-GB","potentialAction":[{"@type":"ReadAction","target":["https:\/\/buletin.de\/bucuresti\/tiriac-nu-mai-construieste-sala-polivalenta-in-otopeni-nu-o-mai-fac-chiar-daca-am-bani\/"]}]},{"@type":"ImageObject","inLanguage":"en-GB","@id":"https:\/\/buletin.de\/bucuresti\/tiriac-nu-mai-construieste-sala-polivalenta-in-otopeni-nu-o-mai-fac-chiar-daca-am-bani\/#primaryimage","url":"https:\/\/buletin.de\/bucuresti\/wp-content\/uploads\/tiriac_INQUAM_Photos_Cristi_Vescan.jpg","contentUrl":"https:\/\/buletin.de\/bucuresti\/wp-content\/uploads\/tiriac_INQUAM_Photos_Cristi_Vescan.jpg","width":1200,"height":801,"caption":"\u021airiac nu mai construie\u0219te sal\u0103 polivalent\u0103 \u00een Otopeni. Foto: Inquam Photos \/ Cristi Vescan."},{"@type":"BreadcrumbList","@id":"https:\/\/buletin.de\/bucuresti\/tiriac-nu-mai-construieste-sala-polivalenta-in-otopeni-nu-o-mai-fac-chiar-daca-am-bani\/#breadcrumb","itemListElement":[{"@type":"ListItem","position":1,"name":"Acas\u0103","item":"https:\/\/buletin.de\/bucuresti\/"},{"@type":"ListItem","position":2,"name":"\u021airiac nu mai construie\u0219te sal\u0103 polivalent\u0103 \u00een Otopeni. \u201eNu o mai fac, chiar dac\u0103 am bani!\u201d"}]},{"@type":"WebSite","@id":"https:\/\/buletin.de\/bucuresti\/#website","url":"https:\/\/buletin.de\/bucuresti\/","name":"Buletin de Bucure\u0219ti","description":"\u0218tiri \u0219i investiga\u021bii esen\u021biale din capital\u0103","publisher":{"@id":"https:\/\/buletin.de\/bucuresti\/#organization"},"potentialAction":[{"@type":"SearchAction","target":{"@type":"EntryPoint","urlTemplate":"https:\/\/buletin.de\/bucuresti\/?s={search_term_string}"},"query-input":{"@type":"PropertyValueSpecification","valueRequired":true,"valueName":"search_term_string"}}],"inLanguage":"en-GB"},{"@type":"Organization","@id":"https:\/\/buletin.de\/bucuresti\/#organization","name":"Buletin de Bucure\u0219ti","url":"https:\/\/buletin.de\/bucuresti\/","logo":{"@type":"ImageObject","inLanguage":"en-GB","@id":"https:\/\/buletin.de\/bucuresti\/#\/schema\/logo\/image\/","url":"https:\/\/buletin.de\/bucuresti\/wp-content\/uploads\/logo-bdb-full-wide-vernil-transparent.png","contentUrl":"https:\/\/buletin.de\/bucuresti\/wp-content\/uploads\/logo-bdb-full-wide-vernil-transparent.png","width":1782,"height":626,"caption":"Buletin de Bucure\u0219ti"},"image":{"@id":"https:\/\/buletin.de\/bucuresti\/#\/schema\/logo\/image\/"},"sameAs":["https:\/\/www.facebook.com\/buletin.de.buc","https:\/\/www.instagram.com\/buletinde.bucuresti\/"]},{"@type":"Person","@id":"https:\/\/buletin.de\/bucuresti\/#\/schema\/person\/a76df728dfc913795a9d90e346b253bb","name":"R\u0103zvan Chiru\u021b\u0103","image":{"@type":"ImageObject","inLanguage":"en-GB","@id":"https:\/\/buletin.de\/bucuresti\/wp-content\/uploads\/Razvan-Chiruta-96x96.jpge7143b996fd4241fbd6ee1f6b6b7b267","url":"https:\/\/buletin.de\/bucuresti\/wp-content\/uploads\/Razvan-Chiruta-96x96.jpg","contentUrl":"https:\/\/buletin.de\/bucuresti\/wp-content\/uploads\/Razvan-Chiruta-96x96.jpg","caption":"R\u0103zvan Chiru\u021b\u0103"},"description":"R\u0103zvan Chiru\u021b\u0103 este redactor-\u0219ef adjunct din iulie 2024. A fost redactor-\u0219ef al PRESShub \u00eentre 2022 \u0219i iunie 2024. Anterior, a fost redactor-\u0219ef al Newsweek Rom\u00e2nia, din 2018 p\u00e2n\u0103 \u00een 2021, \u0219i al cotidianului Rom\u00e2nia liber\u0103, \u00eentre 2015 \u0219i 2017. Este absolvent de Jurnalism, \u00een cadrul Universit\u0103\u021bii \u201eAl.I.Cuza\u201d din Ia\u0219i, \u0219i a urmat un master \u00een Managementul institu\u021biilor mass-media (f\u0103r\u0103 diserta\u021bie) la Facultatea de Jurnalism \u0219i \u0218tiin\u021bele Comunic\u0103rii din cadrul Universit\u0103\u021bii din Bucure\u0219ti. \u0218i-a \u00eenceput cariera la Opinia studen\u021beasc\u0103, cunoscuta \u0219coal\u0103 de pres\u0103 din Ia\u0219i. A lucrat \u00een presa local\u0103, apoi a devenit corespondent pentru Ia\u0219i al cotidianului Evenimentul Zilei. Din 2004, a coordonat pentru \u0219ase luni sec\u021bia de coresponden\u021bi a Evenimentului Zilei. A mai lucrat la s\u0103pt\u0103m\u00e2nalul Prezent \u0219i a colaborat cu revistele Dilema Veche \u0219i Suplimentul de Cultur\u0103. Este co-autor \u00een volumele \u201eMass-media \u0219i democra\u021bia \u00een Rom\u00e2nia post-comunist\u0103\u201d (ed. a II-a), Ed. Institutul European, Ia\u0219i, 2013, \u0219i \u201eCOVID - 19. Dimensiuni ale gestionarii pandemiei\u201d, Editura Junimea, Ia\u0219i, 2020.","url":"https:\/\/buletin.de\/bucuresti\/author\/razvan-chiruta\/"}]}},"authors":[{"term_id":22582,"user_id":60,"is_guest":0,"slug":"razvan-chiruta","display_name":"R\u0103zvan Chiru\u021b\u0103","avatar_url":"https:\/\/buletin.de\/bucuresti\/wp-content\/uploads\/Razvan-Chiruta-96x96.jpg","0":null,"1":"","2":"","3":"","4":"","5":"","6":"","7":"","8":""}],"_links":{"self":[{"href":"https:\/\/buletin.de\/bucuresti\/wp-json\/wp\/v2\/posts\/114067","targetHints":{"allow":["GET"]}}],"collection":[{"href":"https:\/\/buletin.de\/bucuresti\/wp-json\/wp\/v2\/posts"}],"about":[{"href":"https:\/\/buletin.de\/bucuresti\/wp-json\/wp\/v2\/types\/post"}],"author":[{"embeddable":true,"href":"https:\/\/buletin.de\/bucuresti\/wp-json\/wp\/v2\/users\/60"}],"replies":[{"embeddable":true,"href":"https:\/\/buletin.de\/bucuresti\/wp-json\/wp\/v2\/comments?post=114067"}],"version-history":[{"count":2,"href":"https:\/\/buletin.de\/bucuresti\/wp-json\/wp\/v2\/posts\/114067\/revisions"}],"predecessor-version":[{"id":114069,"href":"https:\/\/buletin.de\/bucuresti\/wp-json\/wp\/v2\/posts\/114067\/revisions\/114069"}],"wp:featuredmedia":[{"embeddable":true,"href":"https:\/\/buletin.de\/bucuresti\/wp-json\/wp\/v2\/media\/114070"}],"wp:attachment":[{"href":"https:\/\/buletin.de\/bucuresti\/wp-json\/wp\/v2\/media?parent=114067"}],"wp:term":[{"taxonomy":"category","embeddable":true,"href":"https:\/\/buletin.de\/bucuresti\/wp-json\/wp\/v2\/categories?post=114067"},{"taxonomy":"post_tag","embeddable":true,"href":"https:\/\/buletin.de\/bucuresti\/wp-json\/wp\/v2\/tags?post=114067"},{"taxonomy":"author","embeddable":true,"href":"https:\/\/buletin.de\/bucuresti\/wp-json\/wp\/v2\/ppma_author?post=114067"}],"curies":[{"name":"wp","href":"https:\/\/api.w.org\/{rel}","templated":true}]}}