{"id":113613,"date":"2025-01-10T05:51:00","date_gmt":"2025-01-10T02:51:00","guid":{"rendered":"https:\/\/buletin.de\/bucuresti\/?p=113613"},"modified":"2025-01-10T13:02:33","modified_gmt":"2025-01-10T10:02:33","slug":"catedrala-mantuirii-neamului-va-fi-sfintita-la-final-de-octombrie-2025-dupa-acea-data-va-ramane-deschisa-publicului","status":"publish","type":"post","link":"https:\/\/buletin.de\/bucuresti\/catedrala-mantuirii-neamului-va-fi-sfintita-la-final-de-octombrie-2025-dupa-acea-data-va-ramane-deschisa-publicului\/","title":{"rendered":"Catedrala M\u00e2ntuirii Neamului va fi sfin\u021bit\u0103 la final de octombrie 2025. C\u00e2nd va fi deschis\u0103 publicului"},"content":{"rendered":"\n<p><strong>Catedrala M\u00e2ntuirii Neamului va fi sfin\u021bit\u0103 duminic\u0103, 26 octombrie 2025, de Patriarhul Ecumenic Bartolomeu I al Constantinopolului \u0219i de Patriarhul Daniel al Bisericii Ortodoxe Rom\u00e2ne, anun\u0163\u0103 <a href=\"https:\/\/basilica.ro\/patriarhul-ecumenic-si-patriarhul-romaniei-vor-sfinti-catedrala-nationala-in-luna-octombrie\/\">basilica.ro<\/a>, agen\u0163ia de pres\u0103 a BOR. <\/strong><\/p>\n\n\n\n<p>Evenimentul are loc pentru a marca Centenarul Patriarhiei Rom\u00e2ne.&nbsp;<a href=\"https:\/\/basilica.ro\/tag\/centenar-2025\/\">\u00cen 2025<\/a>&nbsp;se \u00eemplinesc 140 de ani de c\u00e2nd Bisericii Ortodoxe Rom\u00e2ne i-a fost recunoscut statutul de Biseric\u0103 Autocefal\u0103 \u0219i 100 de ani de c\u00e2nd a fost ridicat\u0103 la rangul de Patriarhie.<\/p>\n\n\n\n<h2 class=\"wp-block-heading\" id=\"h-catedrala-mantuirii-neamului-va-fi-sfin\u021bita-\u0219i-deschisa-publicului\">Catedrala M\u00e2ntuirii Neamului va fi sfin\u021bit\u0103 \u0219i deschis\u0103 publicului<\/h2>\n\n\n\n<p>Dup\u0103 sfin\u021birea din acest an, Catedrala Na\u021bional\u0103 va r\u0103m\u00e2ne deschis\u0103 pentru enoria\u015fi.<\/p>\n\n\n\n<p>\u201eVa fi permanent deschis\u0103 \u00eenchin\u0103torilor \u0219i va avea un program liturgic deosebit, inclusiv la s\u0103rb\u0103toarea Sf\u00e2ntului Cuvios Dimitrie cel Nou, Ocrotitorul Bucure\u0219tilor, de luni, 27 octombrie 2025\u201d,&nbsp;<a href=\"https:\/\/www.trinitas.tv\/evenimentele-anului-centenar-2025-in-patriarhia-romana\/\">a confirmat<\/a>&nbsp;P\u0103rintele Ionu\u021b Corduneanu, Vicar Administrativ Patriarhal, pentru Trinitas TV.<\/p>\n\n\n\n<p>Lucr\u0103rile de construc\u021bie sunt aproape finalizate,&nbsp;<a href=\"https:\/\/basilica.ro\/lucrarile-la-catedrala-nationala-retrospectiva-anului-2024-si-perspectiva-pentru-2025\/\">anul acesta urm\u00e2nd<\/a>&nbsp;s\u0103 fie instalat\u0103 crucea pe turla mare, s\u0103 fie terminate instala\u021biile interioare, montarea vitraliilor exterioare \u0219i structura de rezisten\u021b\u0103 a porticurilor de la intrarea principal\u0103.<\/p>\n\n\n\n<p>Lucr\u0103rile de pictur\u0103 continu\u0103 \u0219i ele, sub supravegherea atent\u0103 a P\u0103rintelui Patriarh Daniel, urm\u00e2nd un plan iconografic care respect\u0103 tradi\u021bia bizantin\u0103 \u0219i se desf\u0103\u0219oar\u0103 pe o suprafa\u021b\u0103 total\u0103 de 25.000 de metri p\u0103tra\u021bi. Catapeteasma pictat\u0103 \u00een mozaic, de peste 400 de metri p\u0103tra\u021bi, este cea mai mare de acest fel din lumea ortodox\u0103.<\/p>\n\n\n\n<p><strong>CITE\u015eTE \u015eI:<\/strong> <a href=\"https:\/\/buletin.de\/bucuresti\/cine-a-dat-2-milioane-de-euro-pentru-catedrala-mantuirii-neamului-george-tuta-acuza-pe-clotilde-armand-armand-ideea-a-apartinut-coalitiei-care-l-sustine-pe-tuta\/\"><strong>Cine a dat 2 milioane de euro pentru Catedrala M\u00e2ntuirii Neamului? George Tu\u021b\u0103 acuz\u0103 pe Clotilde Armand. Armand: Ideea a apar\u021binut coali\u021biei care-l sus\u021bine pe Tu\u021b\u0103<\/strong><\/a><\/p>\n\n\n\n<p>\u00cen 2018, la Centenarul Marii Uniri, Patriarhul Ecumenic \u0219i Patriarhul Rom\u00e2niei au sfin\u021bit altarul sf\u00e2ntului l\u0103ca\u0219. \u00cen Sf\u00e2nta Mas\u0103 a fost \u00eencorporat\u0103 atunci lista cu numele tuturor eroilor rom\u00e2ni cunoscu\u021bi din istorie (aproximativ\u00a0<a href=\"https:\/\/basilica.ro\/ce-moaste-de-sfinti-romani-se-afla-in-sfanta-masa-a-catedralei-nationale\/\">350.000<\/a>), pentru a marca \u00een mod simbolic actul de construire a catedralei ca o jertf\u0103 istoric\u0103 a \u00eentregului popor rom\u00e2n pentru credin\u021b\u0103, independen\u021b\u0103 na\u021bional\u0103 \u0219i libertate \u00eentru Dumnezeu.<\/p>\n\n\n\n<p><strong>CITE\u015eTE \u00ceNTREGUL ARTICOL PE<\/strong> <a href=\"https:\/\/basilica.ro\/patriarhul-ecumenic-si-patriarhul-romaniei-vor-sfinti-catedrala-nationala-in-luna-octombrie\/\">basilica.ro<\/a>.<\/p>\n\n\n\n<p><a href=\"https:\/\/basilica.ro\/wp-content\/uploads\/2018\/11\/Sfintire-Catedrala-Mantuirii-114.jpg\"><\/a><\/p>\n","protected":false},"excerpt":{"rendered":"<p>Catedrala M\u00e2ntuirii Neamului va fi sfin\u021bit\u0103 duminic\u0103, 26 octombrie 2025, de Patriarhul Ecumenic Bartolomeu I al Constantinopolului \u0219i de Patriarhul Daniel al Bisericii Ortodoxe Rom\u00e2ne, anun\u0163\u0103 basilica.ro, agen\u0163ia de pres\u0103 a BOR. Evenimentul are loc pentru a marca Centenarul Patriarhiei Rom\u00e2ne.&nbsp;\u00cen 2025&nbsp;se \u00eemplinesc 140 de ani de c\u00e2nd Bisericii Ortodoxe Rom\u00e2ne i-a fost recunoscut statutul [&hellip;]<\/p>\n","protected":false},"author":1,"featured_media":113614,"comment_status":"closed","ping_status":"open","sticky":false,"template":"","format":"standard","meta":{"_acf_changed":false,"inline_featured_image":false,"ngg_post_thumbnail":0,"footnotes":""},"categories":[6994,1,5762],"tags":[344,18296,18294,14001,18295],"ppma_author":[22583],"class_list":["post-113613","post","type-post","status-publish","format-standard","has-post-thumbnail","hentry","category-stiri-2","category-diverse","category-main","tag-catedrala-mantuirii-neamului","tag-catedrala-mantuirii-neamului-deschisa-2025","tag-inaugurare-catedrala-nationala","tag-patriarhul-daniel","tag-patriarhul-ecumenic-bartolomeu"],"acf":[],"yoast_head":"<!-- This site is optimized with the Yoast SEO Premium plugin v25.3 (Yoast SEO v27.5) - https:\/\/yoast.com\/product\/yoast-seo-premium-wordpress\/ -->\n<title>Catedrala M\u00e2ntuirii Neamului va fi sfin\u021bit\u0103 la final de octombrie 2025. C\u00e2nd va fi deschis\u0103 publicului - Buletin de Bucure\u0219ti<\/title>\n<meta name=\"description\" content=\"Catedrala M\u00e2ntuirii Neamului va fi sfin\u021bit\u0103 pe 26 octombrie 2025, de Patriarhul Ecumenic Bartolomeu \u015fi Patriarhul Daniel\" \/>\n<meta name=\"robots\" content=\"index, follow, max-snippet:-1, max-image-preview:large, max-video-preview:-1\" \/>\n<link rel=\"canonical\" href=\"https:\/\/buletin.de\/bucuresti\/catedrala-mantuirii-neamului-va-fi-sfintita-la-final-de-octombrie-2025-dupa-acea-data-va-ramane-deschisa-publicului\/\" \/>\n<meta property=\"og:locale\" content=\"en_GB\" \/>\n<meta property=\"og:type\" content=\"article\" \/>\n<meta property=\"og:title\" content=\"Catedrala M\u00e2ntuirii Neamului va fi sfin\u021bit\u0103 la final de octombrie 2025. C\u00e2nd va fi deschis\u0103 publicului\" \/>\n<meta property=\"og:description\" content=\"Catedrala M\u00e2ntuirii Neamului va fi sfin\u021bit\u0103 pe 26 octombrie 2025, de Patriarhul Ecumenic Bartolomeu \u015fi Patriarhul Daniel\" \/>\n<meta property=\"og:url\" content=\"https:\/\/buletin.de\/bucuresti\/catedrala-mantuirii-neamului-va-fi-sfintita-la-final-de-octombrie-2025-dupa-acea-data-va-ramane-deschisa-publicului\/\" \/>\n<meta property=\"og:site_name\" content=\"Buletin de Bucure\u0219ti\" \/>\n<meta property=\"article:publisher\" content=\"https:\/\/www.facebook.com\/buletin.de.buc\" \/>\n<meta property=\"article:published_time\" content=\"2025-01-10T02:51:00+00:00\" \/>\n<meta property=\"article:modified_time\" content=\"2025-01-10T10:02:33+00:00\" \/>\n<meta property=\"og:image\" content=\"https:\/\/buletin.de\/bucuresti\/wp-content\/uploads\/WhatsApp-Image-2024-10-13-at-08.04.39-2-e1736448659846.jpeg\" \/>\n\t<meta property=\"og:image:width\" content=\"2000\" \/>\n\t<meta property=\"og:image:height\" content=\"987\" \/>\n\t<meta property=\"og:image:type\" content=\"image\/jpeg\" \/>\n<meta name=\"author\" content=\"Redac\u021bia Buletin de Bucure\u0219ti\" \/>\n<meta name=\"twitter:card\" content=\"summary_large_image\" \/>\n<meta name=\"twitter:label1\" content=\"Written by\" \/>\n\t<meta name=\"twitter:data1\" content=\"Redac\u021bia Buletin de Bucure\u0219ti\" \/>\n\t<meta name=\"twitter:label2\" content=\"Estimated reading time\" \/>\n\t<meta name=\"twitter:data2\" content=\"2 minutes\" \/>\n<script type=\"application\/ld+json\" class=\"yoast-schema-graph\">{\"@context\":\"https:\\\/\\\/schema.org\",\"@graph\":[{\"@type\":\"Article\",\"@id\":\"https:\\\/\\\/buletin.de\\\/bucuresti\\\/catedrala-mantuirii-neamului-va-fi-sfintita-la-final-de-octombrie-2025-dupa-acea-data-va-ramane-deschisa-publicului\\\/#article\",\"isPartOf\":{\"@id\":\"https:\\\/\\\/buletin.de\\\/bucuresti\\\/catedrala-mantuirii-neamului-va-fi-sfintita-la-final-de-octombrie-2025-dupa-acea-data-va-ramane-deschisa-publicului\\\/\"},\"author\":{\"name\":\"Redac\u021bia Buletin de Bucure\u0219ti\",\"@id\":\"https:\\\/\\\/buletin.de\\\/bucuresti\\\/#\\\/schema\\\/person\\\/2bbcf854e5f2419a13804af574d06ab1\"},\"headline\":\"Catedrala M\u00e2ntuirii Neamului va fi sfin\u021bit\u0103 la final de octombrie 2025. C\u00e2nd va fi deschis\u0103 publicului\",\"datePublished\":\"2025-01-10T02:51:00+00:00\",\"dateModified\":\"2025-01-10T10:02:33+00:00\",\"mainEntityOfPage\":{\"@id\":\"https:\\\/\\\/buletin.de\\\/bucuresti\\\/catedrala-mantuirii-neamului-va-fi-sfintita-la-final-de-octombrie-2025-dupa-acea-data-va-ramane-deschisa-publicului\\\/\"},\"wordCount\":376,\"publisher\":{\"@id\":\"https:\\\/\\\/buletin.de\\\/bucuresti\\\/#organization\"},\"image\":{\"@id\":\"https:\\\/\\\/buletin.de\\\/bucuresti\\\/catedrala-mantuirii-neamului-va-fi-sfintita-la-final-de-octombrie-2025-dupa-acea-data-va-ramane-deschisa-publicului\\\/#primaryimage\"},\"thumbnailUrl\":\"https:\\\/\\\/buletin.de\\\/bucuresti\\\/wp-content\\\/uploads\\\/WhatsApp-Image-2024-10-13-at-08.04.39-2-e1736448659846.jpeg\",\"keywords\":[\"catedrala mantuirii neamului\",\"catedrala mantuirii neamului deschisa 2025\",\"inaugurare catedrala nationala\",\"patriarhul daniel\",\"patriarhul ecumenic bartolomeu\"],\"articleSection\":[\"Articole\",\"Diverse\",\"Main\"],\"inLanguage\":\"en-GB\",\"copyrightYear\":\"2025\",\"copyrightHolder\":{\"@id\":\"https:\\\/\\\/buletin.de\\\/bucuresti\\\/#organization\"}},{\"@type\":\"WebPage\",\"@id\":\"https:\\\/\\\/buletin.de\\\/bucuresti\\\/catedrala-mantuirii-neamului-va-fi-sfintita-la-final-de-octombrie-2025-dupa-acea-data-va-ramane-deschisa-publicului\\\/\",\"url\":\"https:\\\/\\\/buletin.de\\\/bucuresti\\\/catedrala-mantuirii-neamului-va-fi-sfintita-la-final-de-octombrie-2025-dupa-acea-data-va-ramane-deschisa-publicului\\\/\",\"name\":\"Catedrala M\u00e2ntuirii Neamului va fi sfin\u021bit\u0103 la final de octombrie 2025. C\u00e2nd va fi deschis\u0103 publicului - Buletin de Bucure\u0219ti\",\"isPartOf\":{\"@id\":\"https:\\\/\\\/buletin.de\\\/bucuresti\\\/#website\"},\"primaryImageOfPage\":{\"@id\":\"https:\\\/\\\/buletin.de\\\/bucuresti\\\/catedrala-mantuirii-neamului-va-fi-sfintita-la-final-de-octombrie-2025-dupa-acea-data-va-ramane-deschisa-publicului\\\/#primaryimage\"},\"image\":{\"@id\":\"https:\\\/\\\/buletin.de\\\/bucuresti\\\/catedrala-mantuirii-neamului-va-fi-sfintita-la-final-de-octombrie-2025-dupa-acea-data-va-ramane-deschisa-publicului\\\/#primaryimage\"},\"thumbnailUrl\":\"https:\\\/\\\/buletin.de\\\/bucuresti\\\/wp-content\\\/uploads\\\/WhatsApp-Image-2024-10-13-at-08.04.39-2-e1736448659846.jpeg\",\"datePublished\":\"2025-01-10T02:51:00+00:00\",\"dateModified\":\"2025-01-10T10:02:33+00:00\",\"description\":\"Catedrala M\u00e2ntuirii Neamului va fi sfin\u021bit\u0103 pe 26 octombrie 2025, de Patriarhul Ecumenic Bartolomeu \u015fi Patriarhul Daniel\",\"breadcrumb\":{\"@id\":\"https:\\\/\\\/buletin.de\\\/bucuresti\\\/catedrala-mantuirii-neamului-va-fi-sfintita-la-final-de-octombrie-2025-dupa-acea-data-va-ramane-deschisa-publicului\\\/#breadcrumb\"},\"inLanguage\":\"en-GB\",\"potentialAction\":[{\"@type\":\"ReadAction\",\"target\":[\"https:\\\/\\\/buletin.de\\\/bucuresti\\\/catedrala-mantuirii-neamului-va-fi-sfintita-la-final-de-octombrie-2025-dupa-acea-data-va-ramane-deschisa-publicului\\\/\"]}]},{\"@type\":\"ImageObject\",\"inLanguage\":\"en-GB\",\"@id\":\"https:\\\/\\\/buletin.de\\\/bucuresti\\\/catedrala-mantuirii-neamului-va-fi-sfintita-la-final-de-octombrie-2025-dupa-acea-data-va-ramane-deschisa-publicului\\\/#primaryimage\",\"url\":\"https:\\\/\\\/buletin.de\\\/bucuresti\\\/wp-content\\\/uploads\\\/WhatsApp-Image-2024-10-13-at-08.04.39-2-e1736448659846.jpeg\",\"contentUrl\":\"https:\\\/\\\/buletin.de\\\/bucuresti\\\/wp-content\\\/uploads\\\/WhatsApp-Image-2024-10-13-at-08.04.39-2-e1736448659846.jpeg\",\"width\":2000,\"height\":987,\"caption\":\"Catedrala M\u00e2ntuirii Neamului. FOTO: Ionu\u0163 Lepa\"},{\"@type\":\"BreadcrumbList\",\"@id\":\"https:\\\/\\\/buletin.de\\\/bucuresti\\\/catedrala-mantuirii-neamului-va-fi-sfintita-la-final-de-octombrie-2025-dupa-acea-data-va-ramane-deschisa-publicului\\\/#breadcrumb\",\"itemListElement\":[{\"@type\":\"ListItem\",\"position\":1,\"name\":\"Acas\u0103\",\"item\":\"https:\\\/\\\/buletin.de\\\/bucuresti\\\/\"},{\"@type\":\"ListItem\",\"position\":2,\"name\":\"Catedrala M\u00e2ntuirii Neamului va fi sfin\u021bit\u0103 la final de octombrie 2025. C\u00e2nd va fi deschis\u0103 publicului\"}]},{\"@type\":\"WebSite\",\"@id\":\"https:\\\/\\\/buletin.de\\\/bucuresti\\\/#website\",\"url\":\"https:\\\/\\\/buletin.de\\\/bucuresti\\\/\",\"name\":\"Buletin de Bucure\u0219ti\",\"description\":\"\u0218tiri \u0219i investiga\u021bii esen\u021biale din capital\u0103\",\"publisher\":{\"@id\":\"https:\\\/\\\/buletin.de\\\/bucuresti\\\/#organization\"},\"potentialAction\":[{\"@type\":\"SearchAction\",\"target\":{\"@type\":\"EntryPoint\",\"urlTemplate\":\"https:\\\/\\\/buletin.de\\\/bucuresti\\\/?s={search_term_string}\"},\"query-input\":{\"@type\":\"PropertyValueSpecification\",\"valueRequired\":true,\"valueName\":\"search_term_string\"}}],\"inLanguage\":\"en-GB\"},{\"@type\":\"Organization\",\"@id\":\"https:\\\/\\\/buletin.de\\\/bucuresti\\\/#organization\",\"name\":\"Buletin de Bucure\u0219ti\",\"url\":\"https:\\\/\\\/buletin.de\\\/bucuresti\\\/\",\"logo\":{\"@type\":\"ImageObject\",\"inLanguage\":\"en-GB\",\"@id\":\"https:\\\/\\\/buletin.de\\\/bucuresti\\\/#\\\/schema\\\/logo\\\/image\\\/\",\"url\":\"https:\\\/\\\/buletin.de\\\/bucuresti\\\/wp-content\\\/uploads\\\/logo-bdb-full-wide-vernil-transparent.png\",\"contentUrl\":\"https:\\\/\\\/buletin.de\\\/bucuresti\\\/wp-content\\\/uploads\\\/logo-bdb-full-wide-vernil-transparent.png\",\"width\":1782,\"height\":626,\"caption\":\"Buletin de Bucure\u0219ti\"},\"image\":{\"@id\":\"https:\\\/\\\/buletin.de\\\/bucuresti\\\/#\\\/schema\\\/logo\\\/image\\\/\"},\"sameAs\":[\"https:\\\/\\\/www.facebook.com\\\/buletin.de.buc\",\"https:\\\/\\\/www.instagram.com\\\/buletinde.bucuresti\\\/\"]},{\"@type\":\"Person\",\"@id\":\"https:\\\/\\\/buletin.de\\\/bucuresti\\\/#\\\/schema\\\/person\\\/2bbcf854e5f2419a13804af574d06ab1\",\"name\":\"Redac\u021bia Buletin de Bucure\u0219ti\",\"image\":{\"@type\":\"ImageObject\",\"inLanguage\":\"en-GB\",\"@id\":\"https:\\\/\\\/secure.gravatar.com\\\/avatar\\\/18c5342381ed1a08620e6280424e3e5efc958618f5d67c522c9e44c1bc6f9226?s=96&d=monsterid&r=g60c7cd0ad92c68c049fcd4bb3504d609\",\"url\":\"https:\\\/\\\/secure.gravatar.com\\\/avatar\\\/18c5342381ed1a08620e6280424e3e5efc958618f5d67c522c9e44c1bc6f9226?s=96&d=monsterid&r=g\",\"contentUrl\":\"https:\\\/\\\/secure.gravatar.com\\\/avatar\\\/18c5342381ed1a08620e6280424e3e5efc958618f5d67c522c9e44c1bc6f9226?s=96&d=monsterid&r=g\",\"caption\":\"Redac\u021bia Buletin de Bucure\u0219ti\"},\"description\":\"Buletin de Bucure\u0219ti exist\u0103 din vara anului 2019.\",\"url\":\"https:\\\/\\\/buletin.de\\\/bucuresti\\\/author\\\/adminbuletin\\\/\"}]}<\/script>\n<!-- \/ Yoast SEO Premium plugin. -->","yoast_head_json":{"title":"Catedrala M\u00e2ntuirii Neamului va fi sfin\u021bit\u0103 la final de octombrie 2025. C\u00e2nd va fi deschis\u0103 publicului - Buletin de Bucure\u0219ti","description":"Catedrala M\u00e2ntuirii Neamului va fi sfin\u021bit\u0103 pe 26 octombrie 2025, de Patriarhul Ecumenic Bartolomeu \u015fi Patriarhul Daniel","robots":{"index":"index","follow":"follow","max-snippet":"max-snippet:-1","max-image-preview":"max-image-preview:large","max-video-preview":"max-video-preview:-1"},"canonical":"https:\/\/buletin.de\/bucuresti\/catedrala-mantuirii-neamului-va-fi-sfintita-la-final-de-octombrie-2025-dupa-acea-data-va-ramane-deschisa-publicului\/","og_locale":"en_GB","og_type":"article","og_title":"Catedrala M\u00e2ntuirii Neamului va fi sfin\u021bit\u0103 la final de octombrie 2025. C\u00e2nd va fi deschis\u0103 publicului","og_description":"Catedrala M\u00e2ntuirii Neamului va fi sfin\u021bit\u0103 pe 26 octombrie 2025, de Patriarhul Ecumenic Bartolomeu \u015fi Patriarhul Daniel","og_url":"https:\/\/buletin.de\/bucuresti\/catedrala-mantuirii-neamului-va-fi-sfintita-la-final-de-octombrie-2025-dupa-acea-data-va-ramane-deschisa-publicului\/","og_site_name":"Buletin de Bucure\u0219ti","article_publisher":"https:\/\/www.facebook.com\/buletin.de.buc","article_published_time":"2025-01-10T02:51:00+00:00","article_modified_time":"2025-01-10T10:02:33+00:00","og_image":[{"width":2000,"height":987,"url":"https:\/\/buletin.de\/bucuresti\/wp-content\/uploads\/WhatsApp-Image-2024-10-13-at-08.04.39-2-e1736448659846.jpeg","type":"image\/jpeg"}],"author":"Redac\u021bia Buletin de Bucure\u0219ti","twitter_card":"summary_large_image","twitter_misc":{"Written by":"Redac\u021bia Buletin de Bucure\u0219ti","Estimated reading time":"2 minutes"},"schema":{"@context":"https:\/\/schema.org","@graph":[{"@type":"Article","@id":"https:\/\/buletin.de\/bucuresti\/catedrala-mantuirii-neamului-va-fi-sfintita-la-final-de-octombrie-2025-dupa-acea-data-va-ramane-deschisa-publicului\/#article","isPartOf":{"@id":"https:\/\/buletin.de\/bucuresti\/catedrala-mantuirii-neamului-va-fi-sfintita-la-final-de-octombrie-2025-dupa-acea-data-va-ramane-deschisa-publicului\/"},"author":{"name":"Redac\u021bia Buletin de Bucure\u0219ti","@id":"https:\/\/buletin.de\/bucuresti\/#\/schema\/person\/2bbcf854e5f2419a13804af574d06ab1"},"headline":"Catedrala M\u00e2ntuirii Neamului va fi sfin\u021bit\u0103 la final de octombrie 2025. C\u00e2nd va fi deschis\u0103 publicului","datePublished":"2025-01-10T02:51:00+00:00","dateModified":"2025-01-10T10:02:33+00:00","mainEntityOfPage":{"@id":"https:\/\/buletin.de\/bucuresti\/catedrala-mantuirii-neamului-va-fi-sfintita-la-final-de-octombrie-2025-dupa-acea-data-va-ramane-deschisa-publicului\/"},"wordCount":376,"publisher":{"@id":"https:\/\/buletin.de\/bucuresti\/#organization"},"image":{"@id":"https:\/\/buletin.de\/bucuresti\/catedrala-mantuirii-neamului-va-fi-sfintita-la-final-de-octombrie-2025-dupa-acea-data-va-ramane-deschisa-publicului\/#primaryimage"},"thumbnailUrl":"https:\/\/buletin.de\/bucuresti\/wp-content\/uploads\/WhatsApp-Image-2024-10-13-at-08.04.39-2-e1736448659846.jpeg","keywords":["catedrala mantuirii neamului","catedrala mantuirii neamului deschisa 2025","inaugurare catedrala nationala","patriarhul daniel","patriarhul ecumenic bartolomeu"],"articleSection":["Articole","Diverse","Main"],"inLanguage":"en-GB","copyrightYear":"2025","copyrightHolder":{"@id":"https:\/\/buletin.de\/bucuresti\/#organization"}},{"@type":"WebPage","@id":"https:\/\/buletin.de\/bucuresti\/catedrala-mantuirii-neamului-va-fi-sfintita-la-final-de-octombrie-2025-dupa-acea-data-va-ramane-deschisa-publicului\/","url":"https:\/\/buletin.de\/bucuresti\/catedrala-mantuirii-neamului-va-fi-sfintita-la-final-de-octombrie-2025-dupa-acea-data-va-ramane-deschisa-publicului\/","name":"Catedrala M\u00e2ntuirii Neamului va fi sfin\u021bit\u0103 la final de octombrie 2025. C\u00e2nd va fi deschis\u0103 publicului - Buletin de Bucure\u0219ti","isPartOf":{"@id":"https:\/\/buletin.de\/bucuresti\/#website"},"primaryImageOfPage":{"@id":"https:\/\/buletin.de\/bucuresti\/catedrala-mantuirii-neamului-va-fi-sfintita-la-final-de-octombrie-2025-dupa-acea-data-va-ramane-deschisa-publicului\/#primaryimage"},"image":{"@id":"https:\/\/buletin.de\/bucuresti\/catedrala-mantuirii-neamului-va-fi-sfintita-la-final-de-octombrie-2025-dupa-acea-data-va-ramane-deschisa-publicului\/#primaryimage"},"thumbnailUrl":"https:\/\/buletin.de\/bucuresti\/wp-content\/uploads\/WhatsApp-Image-2024-10-13-at-08.04.39-2-e1736448659846.jpeg","datePublished":"2025-01-10T02:51:00+00:00","dateModified":"2025-01-10T10:02:33+00:00","description":"Catedrala M\u00e2ntuirii Neamului va fi sfin\u021bit\u0103 pe 26 octombrie 2025, de Patriarhul Ecumenic Bartolomeu \u015fi Patriarhul Daniel","breadcrumb":{"@id":"https:\/\/buletin.de\/bucuresti\/catedrala-mantuirii-neamului-va-fi-sfintita-la-final-de-octombrie-2025-dupa-acea-data-va-ramane-deschisa-publicului\/#breadcrumb"},"inLanguage":"en-GB","potentialAction":[{"@type":"ReadAction","target":["https:\/\/buletin.de\/bucuresti\/catedrala-mantuirii-neamului-va-fi-sfintita-la-final-de-octombrie-2025-dupa-acea-data-va-ramane-deschisa-publicului\/"]}]},{"@type":"ImageObject","inLanguage":"en-GB","@id":"https:\/\/buletin.de\/bucuresti\/catedrala-mantuirii-neamului-va-fi-sfintita-la-final-de-octombrie-2025-dupa-acea-data-va-ramane-deschisa-publicului\/#primaryimage","url":"https:\/\/buletin.de\/bucuresti\/wp-content\/uploads\/WhatsApp-Image-2024-10-13-at-08.04.39-2-e1736448659846.jpeg","contentUrl":"https:\/\/buletin.de\/bucuresti\/wp-content\/uploads\/WhatsApp-Image-2024-10-13-at-08.04.39-2-e1736448659846.jpeg","width":2000,"height":987,"caption":"Catedrala M\u00e2ntuirii Neamului. FOTO: Ionu\u0163 Lepa"},{"@type":"BreadcrumbList","@id":"https:\/\/buletin.de\/bucuresti\/catedrala-mantuirii-neamului-va-fi-sfintita-la-final-de-octombrie-2025-dupa-acea-data-va-ramane-deschisa-publicului\/#breadcrumb","itemListElement":[{"@type":"ListItem","position":1,"name":"Acas\u0103","item":"https:\/\/buletin.de\/bucuresti\/"},{"@type":"ListItem","position":2,"name":"Catedrala M\u00e2ntuirii Neamului va fi sfin\u021bit\u0103 la final de octombrie 2025. C\u00e2nd va fi deschis\u0103 publicului"}]},{"@type":"WebSite","@id":"https:\/\/buletin.de\/bucuresti\/#website","url":"https:\/\/buletin.de\/bucuresti\/","name":"Buletin de Bucure\u0219ti","description":"\u0218tiri \u0219i investiga\u021bii esen\u021biale din capital\u0103","publisher":{"@id":"https:\/\/buletin.de\/bucuresti\/#organization"},"potentialAction":[{"@type":"SearchAction","target":{"@type":"EntryPoint","urlTemplate":"https:\/\/buletin.de\/bucuresti\/?s={search_term_string}"},"query-input":{"@type":"PropertyValueSpecification","valueRequired":true,"valueName":"search_term_string"}}],"inLanguage":"en-GB"},{"@type":"Organization","@id":"https:\/\/buletin.de\/bucuresti\/#organization","name":"Buletin de Bucure\u0219ti","url":"https:\/\/buletin.de\/bucuresti\/","logo":{"@type":"ImageObject","inLanguage":"en-GB","@id":"https:\/\/buletin.de\/bucuresti\/#\/schema\/logo\/image\/","url":"https:\/\/buletin.de\/bucuresti\/wp-content\/uploads\/logo-bdb-full-wide-vernil-transparent.png","contentUrl":"https:\/\/buletin.de\/bucuresti\/wp-content\/uploads\/logo-bdb-full-wide-vernil-transparent.png","width":1782,"height":626,"caption":"Buletin de Bucure\u0219ti"},"image":{"@id":"https:\/\/buletin.de\/bucuresti\/#\/schema\/logo\/image\/"},"sameAs":["https:\/\/www.facebook.com\/buletin.de.buc","https:\/\/www.instagram.com\/buletinde.bucuresti\/"]},{"@type":"Person","@id":"https:\/\/buletin.de\/bucuresti\/#\/schema\/person\/2bbcf854e5f2419a13804af574d06ab1","name":"Redac\u021bia Buletin de Bucure\u0219ti","image":{"@type":"ImageObject","inLanguage":"en-GB","@id":"https:\/\/secure.gravatar.com\/avatar\/18c5342381ed1a08620e6280424e3e5efc958618f5d67c522c9e44c1bc6f9226?s=96&d=monsterid&r=g60c7cd0ad92c68c049fcd4bb3504d609","url":"https:\/\/secure.gravatar.com\/avatar\/18c5342381ed1a08620e6280424e3e5efc958618f5d67c522c9e44c1bc6f9226?s=96&d=monsterid&r=g","contentUrl":"https:\/\/secure.gravatar.com\/avatar\/18c5342381ed1a08620e6280424e3e5efc958618f5d67c522c9e44c1bc6f9226?s=96&d=monsterid&r=g","caption":"Redac\u021bia Buletin de Bucure\u0219ti"},"description":"Buletin de Bucure\u0219ti exist\u0103 din vara anului 2019.","url":"https:\/\/buletin.de\/bucuresti\/author\/adminbuletin\/"}]}},"authors":[{"term_id":22583,"user_id":1,"is_guest":0,"slug":"adminbuletin","display_name":"Redac\u021bia Buletin de Bucure\u0219ti","avatar_url":"https:\/\/secure.gravatar.com\/avatar\/18c5342381ed1a08620e6280424e3e5efc958618f5d67c522c9e44c1bc6f9226?s=96&d=monsterid&r=g","0":null,"1":"","2":"","3":"","4":"","5":"","6":"","7":"","8":""}],"_links":{"self":[{"href":"https:\/\/buletin.de\/bucuresti\/wp-json\/wp\/v2\/posts\/113613","targetHints":{"allow":["GET"]}}],"collection":[{"href":"https:\/\/buletin.de\/bucuresti\/wp-json\/wp\/v2\/posts"}],"about":[{"href":"https:\/\/buletin.de\/bucuresti\/wp-json\/wp\/v2\/types\/post"}],"author":[{"embeddable":true,"href":"https:\/\/buletin.de\/bucuresti\/wp-json\/wp\/v2\/users\/1"}],"replies":[{"embeddable":true,"href":"https:\/\/buletin.de\/bucuresti\/wp-json\/wp\/v2\/comments?post=113613"}],"version-history":[{"count":5,"href":"https:\/\/buletin.de\/bucuresti\/wp-json\/wp\/v2\/posts\/113613\/revisions"}],"predecessor-version":[{"id":113682,"href":"https:\/\/buletin.de\/bucuresti\/wp-json\/wp\/v2\/posts\/113613\/revisions\/113682"}],"wp:featuredmedia":[{"embeddable":true,"href":"https:\/\/buletin.de\/bucuresti\/wp-json\/wp\/v2\/media\/113614"}],"wp:attachment":[{"href":"https:\/\/buletin.de\/bucuresti\/wp-json\/wp\/v2\/media?parent=113613"}],"wp:term":[{"taxonomy":"category","embeddable":true,"href":"https:\/\/buletin.de\/bucuresti\/wp-json\/wp\/v2\/categories?post=113613"},{"taxonomy":"post_tag","embeddable":true,"href":"https:\/\/buletin.de\/bucuresti\/wp-json\/wp\/v2\/tags?post=113613"},{"taxonomy":"author","embeddable":true,"href":"https:\/\/buletin.de\/bucuresti\/wp-json\/wp\/v2\/ppma_author?post=113613"}],"curies":[{"name":"wp","href":"https:\/\/api.w.org\/{rel}","templated":true}]}}