{"id":113556,"date":"2025-01-13T04:27:00","date_gmt":"2025-01-13T01:27:00","guid":{"rendered":"https:\/\/buletin.de\/bucuresti\/?p=113556"},"modified":"2025-01-13T01:21:43","modified_gmt":"2025-01-12T22:21:43","slug":"ocazia-zilei-culturii-nationale","status":"publish","type":"post","link":"https:\/\/buletin.de\/bucuresti\/ocazia-zilei-culturii-nationale\/","title":{"rendered":"Concerte extraordinare cu ocazia Zilei Culturii Na\u0163ionale"},"content":{"rendered":"\n<p><strong><a href=\"https:\/\/www.opereta.ro\/\" target=\"_blank\" rel=\"noreferrer noopener\">Teatrul Na\u0163ional de Operet\u0103 \u015fi Musical \u201eIon Dacian\u201d <\/a>prezint\u0103 recitalul \u201eRom\u00e2nia \u00een s\u0103rb\u0103toare\u201d pe 15<br>ianuarie. Evenimentul are loc cu ocazia Zilei Culturii Na\u0163ionale.<\/strong><\/p>\n\n\n\n<p>Spectacolul este programat la ora 19:00, \u00een Opereta Lounge. Biletele sunt deja disponibile pe <strong>Ticketstore.ro <\/strong>sau la casa de bilete a institu\u0163iei, din Bd. Octavian Goga nr 1.<\/p>\n\n\n\n<p>Recitalul \u201eRom\u00e2nia \u00een s\u0103rb\u0103toare\u201d, dedicat Zilei Culturii Na\u021bionale, aduce \u00een prim-plan momente artistice<br>de excep\u021bie, \u00eempletite cu o autentic\u0103 muzic\u0103 rom\u00e2neasc\u0103. <\/p>\n\n\n\n<blockquote class=\"wp-block-quote is-layout-flow wp-block-quote-is-layout-flow\">\n<p>V\u0103 invit\u0103m s\u0103 celebr\u0103m \u00eempreun\u0103 bog\u0103\u021bia cultural\u0103 a Rom\u00e2niei, \u00eentr-un recital ce surprinde esen\u021ba identit\u0103\u021bii noastre artistice<\/p>\n\n\n\n<p><em>Managerul Radu Petrovici <\/em><\/p>\n<\/blockquote>\n\n\n\n<p><strong>CITE\u0218TE \u0218I:<\/strong> <a href=\"https:\/\/buletin.de\/bucuresti\/compania-aeriana-wizz-air\/\"><strong>Compania Wizz Air zboar\u0103, din nou, spre Tel Aviv din Bucure\u0219ti \u0219i Ia\u0219i<\/strong><\/a><\/p>\n\n\n\n<h2 class=\"wp-block-heading\" id=\"h-corul-madrigal-canta-ocazia-zilei-culturii-nationale\">Corul Madrigal c\u00e2nt\u0103 ocazia Zilei Culturii Na\u0163ionale<\/h2>\n\n\n\n<p><strong>Tot cu ocazia Zilei Culturii Nationale, mar\u021bi, 14 ianuarie, de la ora 19:00, Corul Na\u021bional de Camer\u0103 \u201eMadrigal \u2013 Marin Constantin\u201d invit\u0103 publicul la Concertul Extraordinar \u201eMADRIGAL \u2013 DESPRE CULTUR\u0102\u201d, la Aula Magna a Palatului Patriarhiei.<\/strong><\/p>\n\n\n\n<p>Concertul Extraordinar <strong>\u201eMADRIGAL \u2013 DESPRE CULTUR\u0102\u201d<\/strong> este structurat ca o c\u0103l\u0103torie prin crea\u021bia rom\u00e2neasc\u0103 a secolelor XVII \u2013 XX \u0219i prezint\u0103 publicului o colec\u021bie de lucr\u0103ri reprezentative din patrimoniul cultural na\u021bional.<br>Invita\u021bii speciali ai Corului Madrigal sunt actorii Victoria Cocia\u0219, Claudiu Istodor \u0219i Adrian Titieni.<\/p>\n\n\n\n<p>Repertoriul Concertului Extraordinar \u201eDespre Cultur\u0103\u201d con\u021bine at\u00e2t lucr\u0103ri de muzic\u0103 veche rom\u00e2neasc\u0103, cum sunt cele din \u201eCodex Caioni\u201d (seria culeas\u0103 de c\u0103lug\u0103rul franciscan transilvan Ion C\u0103ianu \u0219i prelucrat\u0103 de Constantin R\u00eep\u0103 sau fragmente din celebrul \u201eFlorilegiu Bizantin\u201d structurat de maestrul Marin Constantin), c\u00e2t \u0219i lucr\u0103ri moderne \u0219i de inspira\u021bie folcloric\u0103, semnate de Mihail Jora, Alexandru Pa\u0219canu, Paul Constantinescu, Marin Constantin, Cornelia T\u0103utu sau Corneliu Cezar. De asemenea, sunt \u0219i texte emblematice semnate de Titu Maiorescu, Emil Cioran \u0219i Zoe Dumitrescu-Bu\u0219ulenga.<\/p>\n\n\n\n<p>Conceptul evenimentului este semnat de Emil Pantelimon, design-ul de lumini este coordonat de Mircea Mitroi, iar regia de sunet de Gabriel Sc\u00eerlet. La pian interpreteaz\u0103 Abel Corban.<\/p>\n\n\n\n<p> \u00cen 2025, Corul Madrigal s\u0103rb\u0103tore\u0219te 100 de ani de la na\u0219terea fondatorului s\u0103u, Marin Constantin (1925 \u2013 2011), printr-o serie ampl\u0103 de proiecte \u0219i evenimente culturale, care se vor desf\u0103\u0219ura pe tot parcursul anului.<\/p>\n\n\n\n<p><strong>CITE\u0218TE \u0218I:<\/strong> <a href=\"https:\/\/buletin.de\/bucuresti\/productii-independente-de-teatru-la-palatul-bragadiru\/\"><strong>Produc\u021bii independente de teatru la Palatul Bragadiru, la \u00eenceput de an<\/strong><\/a><\/p>\n","protected":false},"excerpt":{"rendered":"<p>Teatrul Na\u0163ional de Operet\u0103 \u015fi Musical \u201eIon Dacian\u201d prezint\u0103 recitalul \u201eRom\u00e2nia \u00een s\u0103rb\u0103toare\u201d pe 15ianuarie. Evenimentul are loc cu ocazia Zilei Culturii Na\u0163ionale. Spectacolul este programat la ora 19:00, \u00een Opereta Lounge. Biletele sunt deja disponibile pe Ticketstore.ro sau la casa de bilete a institu\u0163iei, din Bd. Octavian Goga nr 1. Recitalul \u201eRom\u00e2nia \u00een s\u0103rb\u0103toare\u201d, [&hellip;]<\/p>\n","protected":false},"author":49,"featured_media":113568,"comment_status":"closed","ping_status":"open","sticky":false,"template":"","format":"standard","meta":{"_acf_changed":false,"inline_featured_image":false,"ngg_post_thumbnail":0,"footnotes":""},"categories":[6994,81,5762],"tags":[18285,18286,8961,9068],"ppma_author":[22574],"class_list":["post-113556","post","type-post","status-publish","format-standard","has-post-thumbnail","hentry","category-stiri-2","category-cultura","category-main","tag-corul-madrigal","tag-romania-in-sarbatoare","tag-teatrul-national-de-opereta-si-musical-ion-dacian","tag-ziua-culturii-nationale"],"acf":[],"yoast_head":"<!-- This site is optimized with the Yoast SEO Premium plugin v25.3 (Yoast SEO v27.5) - https:\/\/yoast.com\/product\/yoast-seo-premium-wordpress\/ -->\n<title>Concerte extraordinare cu ocazia Zilei Culturii Na\u0163ionale - Buletin de Bucure\u0219ti<\/title>\n<meta name=\"description\" content=\"Teatrul Na\u0163ional de Operet\u0103 prezint\u0103 recitalul \u201eRom\u00e2nia \u00een s\u0103rb\u0103toare\u201d pe 15ianuarie. Evenimentul are loc cu ocazia Zilei Culturii Na\u0163ionale.\" \/>\n<meta name=\"robots\" content=\"index, follow, max-snippet:-1, max-image-preview:large, max-video-preview:-1\" \/>\n<link rel=\"canonical\" href=\"https:\/\/buletin.de\/bucuresti\/ocazia-zilei-culturii-nationale\/\" \/>\n<meta property=\"og:locale\" content=\"en_GB\" \/>\n<meta property=\"og:type\" content=\"article\" \/>\n<meta property=\"og:title\" content=\"Concerte extraordinare cu ocazia Zilei Culturii Na\u0163ionale\" \/>\n<meta property=\"og:description\" content=\"Teatrul Na\u0163ional de Operet\u0103 prezint\u0103 recitalul \u201eRom\u00e2nia \u00een s\u0103rb\u0103toare\u201d pe 15ianuarie. Evenimentul are loc cu ocazia Zilei Culturii Na\u0163ionale.\" \/>\n<meta property=\"og:url\" content=\"https:\/\/buletin.de\/bucuresti\/ocazia-zilei-culturii-nationale\/\" \/>\n<meta property=\"og:site_name\" content=\"Buletin de Bucure\u0219ti\" \/>\n<meta property=\"article:publisher\" content=\"https:\/\/www.facebook.com\/buletin.de.buc\" \/>\n<meta property=\"article:published_time\" content=\"2025-01-13T01:27:00+00:00\" \/>\n<meta property=\"og:image\" content=\"https:\/\/buletin.de\/bucuresti\/wp-content\/uploads\/1562227930.jpg\" \/>\n\t<meta property=\"og:image:width\" content=\"800\" \/>\n\t<meta property=\"og:image:height\" content=\"451\" \/>\n\t<meta property=\"og:image:type\" content=\"image\/jpeg\" \/>\n<meta name=\"author\" content=\"Diana Matei\" \/>\n<meta name=\"twitter:card\" content=\"summary_large_image\" \/>\n<meta name=\"twitter:label1\" content=\"Written by\" \/>\n\t<meta name=\"twitter:data1\" content=\"Diana Matei\" \/>\n\t<meta name=\"twitter:label2\" content=\"Estimated reading time\" \/>\n\t<meta name=\"twitter:data2\" content=\"2 minutes\" \/>\n<script type=\"application\/ld+json\" class=\"yoast-schema-graph\">{\"@context\":\"https:\\\/\\\/schema.org\",\"@graph\":[{\"@type\":\"Article\",\"@id\":\"https:\\\/\\\/buletin.de\\\/bucuresti\\\/ocazia-zilei-culturii-nationale\\\/#article\",\"isPartOf\":{\"@id\":\"https:\\\/\\\/buletin.de\\\/bucuresti\\\/ocazia-zilei-culturii-nationale\\\/\"},\"author\":{\"name\":\"Diana Matei\",\"@id\":\"https:\\\/\\\/buletin.de\\\/bucuresti\\\/#\\\/schema\\\/person\\\/7e46040573290777280a0835d81ea4ea\"},\"headline\":\"Concerte extraordinare cu ocazia Zilei Culturii Na\u0163ionale\",\"datePublished\":\"2025-01-13T01:27:00+00:00\",\"mainEntityOfPage\":{\"@id\":\"https:\\\/\\\/buletin.de\\\/bucuresti\\\/ocazia-zilei-culturii-nationale\\\/\"},\"wordCount\":400,\"publisher\":{\"@id\":\"https:\\\/\\\/buletin.de\\\/bucuresti\\\/#organization\"},\"image\":{\"@id\":\"https:\\\/\\\/buletin.de\\\/bucuresti\\\/ocazia-zilei-culturii-nationale\\\/#primaryimage\"},\"thumbnailUrl\":\"https:\\\/\\\/buletin.de\\\/bucuresti\\\/wp-content\\\/uploads\\\/1562227930.jpg\",\"keywords\":[\"Corul Madrigal\",\"Rom\u00e2nia \u00een s\u0103rb\u0103toare\",\"Teatrul Na\u0163ional de Operet\u0103 \u015fi Musical Ion Dacian\",\"Ziua Culturii Nationale\"],\"articleSection\":[\"Articole\",\"Cultur\u0103\",\"Main\"],\"inLanguage\":\"en-GB\",\"copyrightYear\":\"2025\",\"copyrightHolder\":{\"@id\":\"https:\\\/\\\/buletin.de\\\/bucuresti\\\/#organization\"}},{\"@type\":\"WebPage\",\"@id\":\"https:\\\/\\\/buletin.de\\\/bucuresti\\\/ocazia-zilei-culturii-nationale\\\/\",\"url\":\"https:\\\/\\\/buletin.de\\\/bucuresti\\\/ocazia-zilei-culturii-nationale\\\/\",\"name\":\"Concerte extraordinare cu ocazia Zilei Culturii Na\u0163ionale - Buletin de Bucure\u0219ti\",\"isPartOf\":{\"@id\":\"https:\\\/\\\/buletin.de\\\/bucuresti\\\/#website\"},\"primaryImageOfPage\":{\"@id\":\"https:\\\/\\\/buletin.de\\\/bucuresti\\\/ocazia-zilei-culturii-nationale\\\/#primaryimage\"},\"image\":{\"@id\":\"https:\\\/\\\/buletin.de\\\/bucuresti\\\/ocazia-zilei-culturii-nationale\\\/#primaryimage\"},\"thumbnailUrl\":\"https:\\\/\\\/buletin.de\\\/bucuresti\\\/wp-content\\\/uploads\\\/1562227930.jpg\",\"datePublished\":\"2025-01-13T01:27:00+00:00\",\"description\":\"Teatrul Na\u0163ional de Operet\u0103 prezint\u0103 recitalul \u201eRom\u00e2nia \u00een s\u0103rb\u0103toare\u201d pe 15ianuarie. Evenimentul are loc cu ocazia Zilei Culturii Na\u0163ionale.\",\"breadcrumb\":{\"@id\":\"https:\\\/\\\/buletin.de\\\/bucuresti\\\/ocazia-zilei-culturii-nationale\\\/#breadcrumb\"},\"inLanguage\":\"en-GB\",\"potentialAction\":[{\"@type\":\"ReadAction\",\"target\":[\"https:\\\/\\\/buletin.de\\\/bucuresti\\\/ocazia-zilei-culturii-nationale\\\/\"]}]},{\"@type\":\"ImageObject\",\"inLanguage\":\"en-GB\",\"@id\":\"https:\\\/\\\/buletin.de\\\/bucuresti\\\/ocazia-zilei-culturii-nationale\\\/#primaryimage\",\"url\":\"https:\\\/\\\/buletin.de\\\/bucuresti\\\/wp-content\\\/uploads\\\/1562227930.jpg\",\"contentUrl\":\"https:\\\/\\\/buletin.de\\\/bucuresti\\\/wp-content\\\/uploads\\\/1562227930.jpg\",\"width\":800,\"height\":451,\"caption\":\"Concerte extraordinare cu ocazia Zilei Culturii Na\u0163ionale. FOTO: Arhiva\"},{\"@type\":\"BreadcrumbList\",\"@id\":\"https:\\\/\\\/buletin.de\\\/bucuresti\\\/ocazia-zilei-culturii-nationale\\\/#breadcrumb\",\"itemListElement\":[{\"@type\":\"ListItem\",\"position\":1,\"name\":\"Acas\u0103\",\"item\":\"https:\\\/\\\/buletin.de\\\/bucuresti\\\/\"},{\"@type\":\"ListItem\",\"position\":2,\"name\":\"Concerte extraordinare cu ocazia Zilei Culturii Na\u0163ionale\"}]},{\"@type\":\"WebSite\",\"@id\":\"https:\\\/\\\/buletin.de\\\/bucuresti\\\/#website\",\"url\":\"https:\\\/\\\/buletin.de\\\/bucuresti\\\/\",\"name\":\"Buletin de Bucure\u0219ti\",\"description\":\"\u0218tiri \u0219i investiga\u021bii esen\u021biale din capital\u0103\",\"publisher\":{\"@id\":\"https:\\\/\\\/buletin.de\\\/bucuresti\\\/#organization\"},\"potentialAction\":[{\"@type\":\"SearchAction\",\"target\":{\"@type\":\"EntryPoint\",\"urlTemplate\":\"https:\\\/\\\/buletin.de\\\/bucuresti\\\/?s={search_term_string}\"},\"query-input\":{\"@type\":\"PropertyValueSpecification\",\"valueRequired\":true,\"valueName\":\"search_term_string\"}}],\"inLanguage\":\"en-GB\"},{\"@type\":\"Organization\",\"@id\":\"https:\\\/\\\/buletin.de\\\/bucuresti\\\/#organization\",\"name\":\"Buletin de Bucure\u0219ti\",\"url\":\"https:\\\/\\\/buletin.de\\\/bucuresti\\\/\",\"logo\":{\"@type\":\"ImageObject\",\"inLanguage\":\"en-GB\",\"@id\":\"https:\\\/\\\/buletin.de\\\/bucuresti\\\/#\\\/schema\\\/logo\\\/image\\\/\",\"url\":\"https:\\\/\\\/buletin.de\\\/bucuresti\\\/wp-content\\\/uploads\\\/logo-bdb-full-wide-vernil-transparent.png\",\"contentUrl\":\"https:\\\/\\\/buletin.de\\\/bucuresti\\\/wp-content\\\/uploads\\\/logo-bdb-full-wide-vernil-transparent.png\",\"width\":1782,\"height\":626,\"caption\":\"Buletin de Bucure\u0219ti\"},\"image\":{\"@id\":\"https:\\\/\\\/buletin.de\\\/bucuresti\\\/#\\\/schema\\\/logo\\\/image\\\/\"},\"sameAs\":[\"https:\\\/\\\/www.facebook.com\\\/buletin.de.buc\",\"https:\\\/\\\/www.instagram.com\\\/buletinde.bucuresti\\\/\"]},{\"@type\":\"Person\",\"@id\":\"https:\\\/\\\/buletin.de\\\/bucuresti\\\/#\\\/schema\\\/person\\\/7e46040573290777280a0835d81ea4ea\",\"name\":\"Diana Matei\",\"image\":{\"@type\":\"ImageObject\",\"inLanguage\":\"en-GB\",\"@id\":\"https:\\\/\\\/buletin.de\\\/bucuresti\\\/wp-content\\\/uploads\\\/9-2-96x96.jpg1e8590b30871d70e62ebcdaf2eff570c\",\"url\":\"https:\\\/\\\/buletin.de\\\/bucuresti\\\/wp-content\\\/uploads\\\/9-2-96x96.jpg\",\"contentUrl\":\"https:\\\/\\\/buletin.de\\\/bucuresti\\\/wp-content\\\/uploads\\\/9-2-96x96.jpg\",\"caption\":\"Diana Matei\"},\"url\":\"https:\\\/\\\/buletin.de\\\/bucuresti\\\/author\\\/dianamatei\\\/\"}]}<\/script>\n<!-- \/ Yoast SEO Premium plugin. -->","yoast_head_json":{"title":"Concerte extraordinare cu ocazia Zilei Culturii Na\u0163ionale - Buletin de Bucure\u0219ti","description":"Teatrul Na\u0163ional de Operet\u0103 prezint\u0103 recitalul \u201eRom\u00e2nia \u00een s\u0103rb\u0103toare\u201d pe 15ianuarie. Evenimentul are loc cu ocazia Zilei Culturii Na\u0163ionale.","robots":{"index":"index","follow":"follow","max-snippet":"max-snippet:-1","max-image-preview":"max-image-preview:large","max-video-preview":"max-video-preview:-1"},"canonical":"https:\/\/buletin.de\/bucuresti\/ocazia-zilei-culturii-nationale\/","og_locale":"en_GB","og_type":"article","og_title":"Concerte extraordinare cu ocazia Zilei Culturii Na\u0163ionale","og_description":"Teatrul Na\u0163ional de Operet\u0103 prezint\u0103 recitalul \u201eRom\u00e2nia \u00een s\u0103rb\u0103toare\u201d pe 15ianuarie. Evenimentul are loc cu ocazia Zilei Culturii Na\u0163ionale.","og_url":"https:\/\/buletin.de\/bucuresti\/ocazia-zilei-culturii-nationale\/","og_site_name":"Buletin de Bucure\u0219ti","article_publisher":"https:\/\/www.facebook.com\/buletin.de.buc","article_published_time":"2025-01-13T01:27:00+00:00","og_image":[{"width":800,"height":451,"url":"https:\/\/buletin.de\/bucuresti\/wp-content\/uploads\/1562227930.jpg","type":"image\/jpeg"}],"author":"Diana Matei","twitter_card":"summary_large_image","twitter_misc":{"Written by":"Diana Matei","Estimated reading time":"2 minutes"},"schema":{"@context":"https:\/\/schema.org","@graph":[{"@type":"Article","@id":"https:\/\/buletin.de\/bucuresti\/ocazia-zilei-culturii-nationale\/#article","isPartOf":{"@id":"https:\/\/buletin.de\/bucuresti\/ocazia-zilei-culturii-nationale\/"},"author":{"name":"Diana Matei","@id":"https:\/\/buletin.de\/bucuresti\/#\/schema\/person\/7e46040573290777280a0835d81ea4ea"},"headline":"Concerte extraordinare cu ocazia Zilei Culturii Na\u0163ionale","datePublished":"2025-01-13T01:27:00+00:00","mainEntityOfPage":{"@id":"https:\/\/buletin.de\/bucuresti\/ocazia-zilei-culturii-nationale\/"},"wordCount":400,"publisher":{"@id":"https:\/\/buletin.de\/bucuresti\/#organization"},"image":{"@id":"https:\/\/buletin.de\/bucuresti\/ocazia-zilei-culturii-nationale\/#primaryimage"},"thumbnailUrl":"https:\/\/buletin.de\/bucuresti\/wp-content\/uploads\/1562227930.jpg","keywords":["Corul Madrigal","Rom\u00e2nia \u00een s\u0103rb\u0103toare","Teatrul Na\u0163ional de Operet\u0103 \u015fi Musical Ion Dacian","Ziua Culturii Nationale"],"articleSection":["Articole","Cultur\u0103","Main"],"inLanguage":"en-GB","copyrightYear":"2025","copyrightHolder":{"@id":"https:\/\/buletin.de\/bucuresti\/#organization"}},{"@type":"WebPage","@id":"https:\/\/buletin.de\/bucuresti\/ocazia-zilei-culturii-nationale\/","url":"https:\/\/buletin.de\/bucuresti\/ocazia-zilei-culturii-nationale\/","name":"Concerte extraordinare cu ocazia Zilei Culturii Na\u0163ionale - Buletin de Bucure\u0219ti","isPartOf":{"@id":"https:\/\/buletin.de\/bucuresti\/#website"},"primaryImageOfPage":{"@id":"https:\/\/buletin.de\/bucuresti\/ocazia-zilei-culturii-nationale\/#primaryimage"},"image":{"@id":"https:\/\/buletin.de\/bucuresti\/ocazia-zilei-culturii-nationale\/#primaryimage"},"thumbnailUrl":"https:\/\/buletin.de\/bucuresti\/wp-content\/uploads\/1562227930.jpg","datePublished":"2025-01-13T01:27:00+00:00","description":"Teatrul Na\u0163ional de Operet\u0103 prezint\u0103 recitalul \u201eRom\u00e2nia \u00een s\u0103rb\u0103toare\u201d pe 15ianuarie. Evenimentul are loc cu ocazia Zilei Culturii Na\u0163ionale.","breadcrumb":{"@id":"https:\/\/buletin.de\/bucuresti\/ocazia-zilei-culturii-nationale\/#breadcrumb"},"inLanguage":"en-GB","potentialAction":[{"@type":"ReadAction","target":["https:\/\/buletin.de\/bucuresti\/ocazia-zilei-culturii-nationale\/"]}]},{"@type":"ImageObject","inLanguage":"en-GB","@id":"https:\/\/buletin.de\/bucuresti\/ocazia-zilei-culturii-nationale\/#primaryimage","url":"https:\/\/buletin.de\/bucuresti\/wp-content\/uploads\/1562227930.jpg","contentUrl":"https:\/\/buletin.de\/bucuresti\/wp-content\/uploads\/1562227930.jpg","width":800,"height":451,"caption":"Concerte extraordinare cu ocazia Zilei Culturii Na\u0163ionale. FOTO: Arhiva"},{"@type":"BreadcrumbList","@id":"https:\/\/buletin.de\/bucuresti\/ocazia-zilei-culturii-nationale\/#breadcrumb","itemListElement":[{"@type":"ListItem","position":1,"name":"Acas\u0103","item":"https:\/\/buletin.de\/bucuresti\/"},{"@type":"ListItem","position":2,"name":"Concerte extraordinare cu ocazia Zilei Culturii Na\u0163ionale"}]},{"@type":"WebSite","@id":"https:\/\/buletin.de\/bucuresti\/#website","url":"https:\/\/buletin.de\/bucuresti\/","name":"Buletin de Bucure\u0219ti","description":"\u0218tiri \u0219i investiga\u021bii esen\u021biale din capital\u0103","publisher":{"@id":"https:\/\/buletin.de\/bucuresti\/#organization"},"potentialAction":[{"@type":"SearchAction","target":{"@type":"EntryPoint","urlTemplate":"https:\/\/buletin.de\/bucuresti\/?s={search_term_string}"},"query-input":{"@type":"PropertyValueSpecification","valueRequired":true,"valueName":"search_term_string"}}],"inLanguage":"en-GB"},{"@type":"Organization","@id":"https:\/\/buletin.de\/bucuresti\/#organization","name":"Buletin de Bucure\u0219ti","url":"https:\/\/buletin.de\/bucuresti\/","logo":{"@type":"ImageObject","inLanguage":"en-GB","@id":"https:\/\/buletin.de\/bucuresti\/#\/schema\/logo\/image\/","url":"https:\/\/buletin.de\/bucuresti\/wp-content\/uploads\/logo-bdb-full-wide-vernil-transparent.png","contentUrl":"https:\/\/buletin.de\/bucuresti\/wp-content\/uploads\/logo-bdb-full-wide-vernil-transparent.png","width":1782,"height":626,"caption":"Buletin de Bucure\u0219ti"},"image":{"@id":"https:\/\/buletin.de\/bucuresti\/#\/schema\/logo\/image\/"},"sameAs":["https:\/\/www.facebook.com\/buletin.de.buc","https:\/\/www.instagram.com\/buletinde.bucuresti\/"]},{"@type":"Person","@id":"https:\/\/buletin.de\/bucuresti\/#\/schema\/person\/7e46040573290777280a0835d81ea4ea","name":"Diana Matei","image":{"@type":"ImageObject","inLanguage":"en-GB","@id":"https:\/\/buletin.de\/bucuresti\/wp-content\/uploads\/9-2-96x96.jpg1e8590b30871d70e62ebcdaf2eff570c","url":"https:\/\/buletin.de\/bucuresti\/wp-content\/uploads\/9-2-96x96.jpg","contentUrl":"https:\/\/buletin.de\/bucuresti\/wp-content\/uploads\/9-2-96x96.jpg","caption":"Diana Matei"},"url":"https:\/\/buletin.de\/bucuresti\/author\/dianamatei\/"}]}},"authors":[{"term_id":22574,"user_id":49,"is_guest":0,"slug":"dianamatei","display_name":"Diana Matei","avatar_url":"https:\/\/buletin.de\/bucuresti\/wp-content\/uploads\/9-2-96x96.jpg","0":null,"1":"","2":"","3":"","4":"","5":"","6":"","7":"","8":""}],"_links":{"self":[{"href":"https:\/\/buletin.de\/bucuresti\/wp-json\/wp\/v2\/posts\/113556","targetHints":{"allow":["GET"]}}],"collection":[{"href":"https:\/\/buletin.de\/bucuresti\/wp-json\/wp\/v2\/posts"}],"about":[{"href":"https:\/\/buletin.de\/bucuresti\/wp-json\/wp\/v2\/types\/post"}],"author":[{"embeddable":true,"href":"https:\/\/buletin.de\/bucuresti\/wp-json\/wp\/v2\/users\/49"}],"replies":[{"embeddable":true,"href":"https:\/\/buletin.de\/bucuresti\/wp-json\/wp\/v2\/comments?post=113556"}],"version-history":[{"count":3,"href":"https:\/\/buletin.de\/bucuresti\/wp-json\/wp\/v2\/posts\/113556\/revisions"}],"predecessor-version":[{"id":114085,"href":"https:\/\/buletin.de\/bucuresti\/wp-json\/wp\/v2\/posts\/113556\/revisions\/114085"}],"wp:featuredmedia":[{"embeddable":true,"href":"https:\/\/buletin.de\/bucuresti\/wp-json\/wp\/v2\/media\/113568"}],"wp:attachment":[{"href":"https:\/\/buletin.de\/bucuresti\/wp-json\/wp\/v2\/media?parent=113556"}],"wp:term":[{"taxonomy":"category","embeddable":true,"href":"https:\/\/buletin.de\/bucuresti\/wp-json\/wp\/v2\/categories?post=113556"},{"taxonomy":"post_tag","embeddable":true,"href":"https:\/\/buletin.de\/bucuresti\/wp-json\/wp\/v2\/tags?post=113556"},{"taxonomy":"author","embeddable":true,"href":"https:\/\/buletin.de\/bucuresti\/wp-json\/wp\/v2\/ppma_author?post=113556"}],"curies":[{"name":"wp","href":"https:\/\/api.w.org\/{rel}","templated":true}]}}