{"id":113467,"date":"2025-01-09T06:23:00","date_gmt":"2025-01-09T03:23:00","guid":{"rendered":"https:\/\/buletin.de\/bucuresti\/?p=113467"},"modified":"2025-01-08T23:54:24","modified_gmt":"2025-01-08T20:54:24","slug":"primele-concerte-din-stagiunea-simfonica-a-filarmonicii-george-enescu-din-acest-an-aduc-doi-invitati-speciali-pe-9-si-10-ianuarie","status":"publish","type":"post","link":"https:\/\/buletin.de\/bucuresti\/primele-concerte-din-stagiunea-simfonica-a-filarmonicii-george-enescu-din-acest-an-aduc-doi-invitati-speciali-pe-9-si-10-ianuarie\/","title":{"rendered":"Primele concerte din Stagiunea Simfonic\u0103 a Filarmonicii George Enescu din acest an aduc doi invita\u021bi speciali, pe 9 \u0219i 10 ianuarie"},"content":{"rendered":"\n<p><strong>Stagiunea Simfonic\u0103 George Enescu \u00eencepe concertele de anul acesta cu doi invita\u021bi speciali, care vor urca pe scena Ateneului Rom\u00e2n pe 9 \u0219i 10 ianuarie. Orchestra Filarmonicii George Enescu \u00eei va avea al\u0103turi pe renumitul dirijor Lionel Bringuier \u0219i ca solist\u0103 pe celebra violonist\u0103 Sayaka Shoji.<\/strong><\/p>\n\n\n\n<p>Programul concertelor cuprinde: Concertul \u00een re major pentru vioar\u0103 \u0219i orchestr\u0103, op. 77 de Johannes Brahms, Marea de Claude Debussy \u0219i Valsul de Maurice Ravel, conform unui comunicat al Filarmonicii \u201eGeorge Enescu\u201d din Capital\u0103.<\/p>\n\n\n\n<p>Biletele sunt disponibile \u00een num\u0103r limitat pe linkul <a href=\"http:\/\/bilete.fge.org.ro\">bilete.fge.org.ro<\/a> sau pe platforma <a href=\"http:\/\/oveit.com\">oveit.com<\/a>.<\/p>\n\n\n\n<p><strong>CITE\u0218TE \u0218I:&nbsp;<a href=\"https:\/\/buletin.de\/bucuresti\/productii-independente-de-teatru-la-palatul-bragadiru\/\">Produc\u021bii independente de teatru la Palatul Bragadiru, la \u00eenceput de an<\/a><\/strong><\/p>\n\n\n\n<h2 class=\"wp-block-heading\" id=\"h-primele-concerte-din-stagiunea-simfonica-a-filarmonicii-george-enescu-din-acest-an-cine-sunt-invita\u021bii-speciali\"><strong>Primele concerte din Stagiunea Simfonic\u0103 a Filarmonicii George Enescu din acest an. Cine sunt invita\u021bii speciali<\/strong><\/h2>\n\n\n\n<p><strong>Lionel Bringuier este Dirijor Principal al Orchestrei Filarmonice din Nisa \u0219i va prelua rolul de Director Muzical al Orchestrei Filarmonice Regale din Li\u00e8ge \u00een stagiunea 2025\/2026.&nbsp;<\/strong><\/p>\n\n\n\n<p>Anterior, a fost Director Muzical al Tonhalle-Orchester Z\u00fcrich (2014\u20132018) \u0219i a colaborat cu Orquesta Sinf\u00f3nica de Castilla y Le\u00f3n, Orchestre de Bretagne, Ensemble Orchestral de Paris \u0219i Los Angeles Philharmonic.<\/p>\n\n\n\n<p>Bringuier a dirijat ansambluri de renume interna\u021bional, inclusiv Los Angeles Philharmonic \u0219i BBC National Orchestra of Wales, \u0219i a realizat \u00eenregistr\u0103ri al\u0103turi de arti\u0219ti precum Yuja Wang, Nelson Freire \u0219i fra\u021bii Renaud \u0219i Gautier Capu\u00e7on.<\/p>\n\n\n\n<p><strong>Violonista japonez\u0103 Sayaka Shoji, c\u00e2\u0219tig\u0103toare a Concursului Paganini \u00een 1999, a concertat al\u0103turi de dirijori renumi\u021bi, precum Zubin Mehta, Lorin Maazel \u0219i Mariss Jansons.&nbsp;<\/strong><\/p>\n\n\n\n<p>Ea a colaborat cu orchestre prestigioase, inclusiv Berliner Philharmoniker, Wiener Philharmoniker \u0219i New York Philharmonic.<\/p>\n\n\n\n<p>Pe l\u00e2ng\u0103 cariera sa muzical\u0103, Shoji este \u0219i artist\u0103 multidisciplinar\u0103, cunoscut\u0103 pentru proiectul Synesthesia, care combin\u0103 muzica cu arta vizual\u0103<\/p>\n\n\n\n<p>Ea c\u00e2nt\u0103 la un Stradivarius \u201eRecamier\u201d din 1729 \u0219i a fost recunoscut\u0103 \u00een 2012 de Nikkei Business drept una dintre cele mai influente persoane pentru viitorul Japoniei, c\u00e2\u0219tig\u00e2nd \u00een 2016 Premiul de Art\u0103 Mainichi.<\/p>\n\n\n\n<p><strong>CITE\u0218TE \u0218I: <a href=\"https:\/\/buletin.de\/bucuresti\/opera-nationala-bucuresti-incepe-noul-an-cu-una-dintre-cele-mai-ascultate-opere-din-lume\/\">Opera Na\u021bional\u0103 Bucure\u0219ti \u00eencepe noul an cu una dintre cele mai ascultate opere din lume: \u201eLa Traviata\u201dde Verdi<\/a><\/strong><\/p>\n","protected":false},"excerpt":{"rendered":"<p>Stagiunea Simfonic\u0103 George Enescu \u00eencepe concertele de anul acesta cu doi invita\u021bi speciali, care vor urca pe scena Ateneului Rom\u00e2n pe 9 \u0219i 10 ianuarie. Orchestra Filarmonicii George Enescu \u00eei va avea al\u0103turi pe renumitul dirijor Lionel Bringuier \u0219i ca solist\u0103 pe celebra violonist\u0103 Sayaka Shoji. Programul concertelor cuprinde: Concertul \u00een re major pentru vioar\u0103 [&hellip;]<\/p>\n","protected":false},"author":59,"featured_media":113476,"comment_status":"closed","ping_status":"open","sticky":false,"template":"","format":"standard","meta":{"_acf_changed":false,"inline_featured_image":false,"ngg_post_thumbnail":0,"footnotes":""},"categories":[6994,81,62],"tags":[5349,9,2054,2697,1689,1383,6801,18265],"ppma_author":[22572],"class_list":["post-113467","post","type-post","status-publish","format-standard","has-post-thumbnail","hentry","category-stiri-2","category-cultura","category-stiri","tag-ateneu","tag-bucuresti","tag-capitala","tag-concert","tag-cultura","tag-dirijor","tag-george-enescu","tag-orchestra"],"acf":[],"yoast_head":"<!-- This site is optimized with the Yoast SEO Premium plugin v25.3 (Yoast SEO v27.5) - https:\/\/yoast.com\/product\/yoast-seo-premium-wordpress\/ -->\n<title>Primele concerte din Stagiunea Simfonic\u0103 a Filarmonicii George Enescu din acest an aduc doi invita\u021bi speciali, pe 9 \u0219i 10 ianuarie - Buletin de Bucure\u0219ti<\/title>\n<meta name=\"description\" content=\"Primele concerte din Stagiunea Simfonic\u0103 a Filarmonicii George Enescu din acest an aduc doi invita\u021bi speciali, pe 9 \u0219i 10 ianuarie.\" \/>\n<meta name=\"robots\" content=\"index, follow, max-snippet:-1, max-image-preview:large, max-video-preview:-1\" \/>\n<link rel=\"canonical\" href=\"https:\/\/buletin.de\/bucuresti\/primele-concerte-din-stagiunea-simfonica-a-filarmonicii-george-enescu-din-acest-an-aduc-doi-invitati-speciali-pe-9-si-10-ianuarie\/\" \/>\n<meta property=\"og:locale\" content=\"en_GB\" \/>\n<meta property=\"og:type\" content=\"article\" \/>\n<meta property=\"og:title\" content=\"Primele concerte din Stagiunea Simfonic\u0103 a Filarmonicii George Enescu din acest an aduc doi invita\u021bi speciali, pe 9 \u0219i 10 ianuarie\" \/>\n<meta property=\"og:description\" content=\"Primele concerte din Stagiunea Simfonic\u0103 a Filarmonicii George Enescu din acest an aduc doi invita\u021bi speciali, pe 9 \u0219i 10 ianuarie.\" \/>\n<meta property=\"og:url\" content=\"https:\/\/buletin.de\/bucuresti\/primele-concerte-din-stagiunea-simfonica-a-filarmonicii-george-enescu-din-acest-an-aduc-doi-invitati-speciali-pe-9-si-10-ianuarie\/\" \/>\n<meta property=\"og:site_name\" content=\"Buletin de Bucure\u0219ti\" \/>\n<meta property=\"article:publisher\" content=\"https:\/\/www.facebook.com\/buletin.de.buc\" \/>\n<meta property=\"article:published_time\" content=\"2025-01-09T03:23:00+00:00\" \/>\n<meta property=\"og:image\" content=\"https:\/\/buletin.de\/bucuresti\/wp-content\/uploads\/filarmonica-900x675.png\" \/>\n\t<meta property=\"og:image:width\" content=\"900\" \/>\n\t<meta property=\"og:image:height\" content=\"675\" \/>\n\t<meta property=\"og:image:type\" content=\"image\/png\" \/>\n<meta name=\"author\" content=\"C\u0103t\u0103lin Anghel-Dimache\" \/>\n<meta name=\"twitter:card\" content=\"summary_large_image\" \/>\n<meta name=\"twitter:label1\" content=\"Written by\" \/>\n\t<meta name=\"twitter:data1\" content=\"C\u0103t\u0103lin Anghel-Dimache\" \/>\n\t<meta name=\"twitter:label2\" content=\"Estimated reading time\" \/>\n\t<meta name=\"twitter:data2\" content=\"2 minutes\" \/>\n<script type=\"application\/ld+json\" class=\"yoast-schema-graph\">{\"@context\":\"https:\\\/\\\/schema.org\",\"@graph\":[{\"@type\":\"Article\",\"@id\":\"https:\\\/\\\/buletin.de\\\/bucuresti\\\/primele-concerte-din-stagiunea-simfonica-a-filarmonicii-george-enescu-din-acest-an-aduc-doi-invitati-speciali-pe-9-si-10-ianuarie\\\/#article\",\"isPartOf\":{\"@id\":\"https:\\\/\\\/buletin.de\\\/bucuresti\\\/primele-concerte-din-stagiunea-simfonica-a-filarmonicii-george-enescu-din-acest-an-aduc-doi-invitati-speciali-pe-9-si-10-ianuarie\\\/\"},\"author\":{\"name\":\"C\u0103t\u0103lin Anghel-Dimache\",\"@id\":\"https:\\\/\\\/buletin.de\\\/bucuresti\\\/#\\\/schema\\\/person\\\/0ac9db30080482be87c7386a30f98796\"},\"headline\":\"Primele concerte din Stagiunea Simfonic\u0103 a Filarmonicii George Enescu din acest an aduc doi invita\u021bi speciali, pe 9 \u0219i 10 ianuarie\",\"datePublished\":\"2025-01-09T03:23:00+00:00\",\"mainEntityOfPage\":{\"@id\":\"https:\\\/\\\/buletin.de\\\/bucuresti\\\/primele-concerte-din-stagiunea-simfonica-a-filarmonicii-george-enescu-din-acest-an-aduc-doi-invitati-speciali-pe-9-si-10-ianuarie\\\/\"},\"wordCount\":373,\"publisher\":{\"@id\":\"https:\\\/\\\/buletin.de\\\/bucuresti\\\/#organization\"},\"image\":{\"@id\":\"https:\\\/\\\/buletin.de\\\/bucuresti\\\/primele-concerte-din-stagiunea-simfonica-a-filarmonicii-george-enescu-din-acest-an-aduc-doi-invitati-speciali-pe-9-si-10-ianuarie\\\/#primaryimage\"},\"thumbnailUrl\":\"https:\\\/\\\/buletin.de\\\/bucuresti\\\/wp-content\\\/uploads\\\/filarmonica.png\",\"keywords\":[\"ateneu\",\"bucuresti\",\"Capitala\",\"concert\",\"cultura\",\"dirijor\",\"george enescu\",\"orchestra\"],\"articleSection\":[\"Articole\",\"Cultur\u0103\",\"\u0218tiri\"],\"inLanguage\":\"en-GB\",\"copyrightYear\":\"2025\",\"copyrightHolder\":{\"@id\":\"https:\\\/\\\/buletin.de\\\/bucuresti\\\/#organization\"}},{\"@type\":\"WebPage\",\"@id\":\"https:\\\/\\\/buletin.de\\\/bucuresti\\\/primele-concerte-din-stagiunea-simfonica-a-filarmonicii-george-enescu-din-acest-an-aduc-doi-invitati-speciali-pe-9-si-10-ianuarie\\\/\",\"url\":\"https:\\\/\\\/buletin.de\\\/bucuresti\\\/primele-concerte-din-stagiunea-simfonica-a-filarmonicii-george-enescu-din-acest-an-aduc-doi-invitati-speciali-pe-9-si-10-ianuarie\\\/\",\"name\":\"Primele concerte din Stagiunea Simfonic\u0103 a Filarmonicii George Enescu din acest an aduc doi invita\u021bi speciali, pe 9 \u0219i 10 ianuarie - Buletin de Bucure\u0219ti\",\"isPartOf\":{\"@id\":\"https:\\\/\\\/buletin.de\\\/bucuresti\\\/#website\"},\"primaryImageOfPage\":{\"@id\":\"https:\\\/\\\/buletin.de\\\/bucuresti\\\/primele-concerte-din-stagiunea-simfonica-a-filarmonicii-george-enescu-din-acest-an-aduc-doi-invitati-speciali-pe-9-si-10-ianuarie\\\/#primaryimage\"},\"image\":{\"@id\":\"https:\\\/\\\/buletin.de\\\/bucuresti\\\/primele-concerte-din-stagiunea-simfonica-a-filarmonicii-george-enescu-din-acest-an-aduc-doi-invitati-speciali-pe-9-si-10-ianuarie\\\/#primaryimage\"},\"thumbnailUrl\":\"https:\\\/\\\/buletin.de\\\/bucuresti\\\/wp-content\\\/uploads\\\/filarmonica.png\",\"datePublished\":\"2025-01-09T03:23:00+00:00\",\"description\":\"Primele concerte din Stagiunea Simfonic\u0103 a Filarmonicii George Enescu din acest an aduc doi invita\u021bi speciali, pe 9 \u0219i 10 ianuarie.\",\"breadcrumb\":{\"@id\":\"https:\\\/\\\/buletin.de\\\/bucuresti\\\/primele-concerte-din-stagiunea-simfonica-a-filarmonicii-george-enescu-din-acest-an-aduc-doi-invitati-speciali-pe-9-si-10-ianuarie\\\/#breadcrumb\"},\"inLanguage\":\"en-GB\",\"potentialAction\":[{\"@type\":\"ReadAction\",\"target\":[\"https:\\\/\\\/buletin.de\\\/bucuresti\\\/primele-concerte-din-stagiunea-simfonica-a-filarmonicii-george-enescu-din-acest-an-aduc-doi-invitati-speciali-pe-9-si-10-ianuarie\\\/\"]}]},{\"@type\":\"ImageObject\",\"inLanguage\":\"en-GB\",\"@id\":\"https:\\\/\\\/buletin.de\\\/bucuresti\\\/primele-concerte-din-stagiunea-simfonica-a-filarmonicii-george-enescu-din-acest-an-aduc-doi-invitati-speciali-pe-9-si-10-ianuarie\\\/#primaryimage\",\"url\":\"https:\\\/\\\/buletin.de\\\/bucuresti\\\/wp-content\\\/uploads\\\/filarmonica.png\",\"contentUrl\":\"https:\\\/\\\/buletin.de\\\/bucuresti\\\/wp-content\\\/uploads\\\/filarmonica.png\",\"width\":1600,\"height\":1200,\"caption\":\"Primele concerte din Stagiunea Simfonic\u0103 a Filarmonicii George Enescu din acest an aduce doi invita\u021bi speciali. FOTO: Filarmonica \u201eGeorge Enescu\u201d\"},{\"@type\":\"BreadcrumbList\",\"@id\":\"https:\\\/\\\/buletin.de\\\/bucuresti\\\/primele-concerte-din-stagiunea-simfonica-a-filarmonicii-george-enescu-din-acest-an-aduc-doi-invitati-speciali-pe-9-si-10-ianuarie\\\/#breadcrumb\",\"itemListElement\":[{\"@type\":\"ListItem\",\"position\":1,\"name\":\"Acas\u0103\",\"item\":\"https:\\\/\\\/buletin.de\\\/bucuresti\\\/\"},{\"@type\":\"ListItem\",\"position\":2,\"name\":\"Primele concerte din Stagiunea Simfonic\u0103 a Filarmonicii George Enescu din acest an aduc doi invita\u021bi speciali, pe 9 \u0219i 10 ianuarie\"}]},{\"@type\":\"WebSite\",\"@id\":\"https:\\\/\\\/buletin.de\\\/bucuresti\\\/#website\",\"url\":\"https:\\\/\\\/buletin.de\\\/bucuresti\\\/\",\"name\":\"Buletin de Bucure\u0219ti\",\"description\":\"\u0218tiri \u0219i investiga\u021bii esen\u021biale din capital\u0103\",\"publisher\":{\"@id\":\"https:\\\/\\\/buletin.de\\\/bucuresti\\\/#organization\"},\"potentialAction\":[{\"@type\":\"SearchAction\",\"target\":{\"@type\":\"EntryPoint\",\"urlTemplate\":\"https:\\\/\\\/buletin.de\\\/bucuresti\\\/?s={search_term_string}\"},\"query-input\":{\"@type\":\"PropertyValueSpecification\",\"valueRequired\":true,\"valueName\":\"search_term_string\"}}],\"inLanguage\":\"en-GB\"},{\"@type\":\"Organization\",\"@id\":\"https:\\\/\\\/buletin.de\\\/bucuresti\\\/#organization\",\"name\":\"Buletin de Bucure\u0219ti\",\"url\":\"https:\\\/\\\/buletin.de\\\/bucuresti\\\/\",\"logo\":{\"@type\":\"ImageObject\",\"inLanguage\":\"en-GB\",\"@id\":\"https:\\\/\\\/buletin.de\\\/bucuresti\\\/#\\\/schema\\\/logo\\\/image\\\/\",\"url\":\"https:\\\/\\\/buletin.de\\\/bucuresti\\\/wp-content\\\/uploads\\\/logo-bdb-full-wide-vernil-transparent.png\",\"contentUrl\":\"https:\\\/\\\/buletin.de\\\/bucuresti\\\/wp-content\\\/uploads\\\/logo-bdb-full-wide-vernil-transparent.png\",\"width\":1782,\"height\":626,\"caption\":\"Buletin de Bucure\u0219ti\"},\"image\":{\"@id\":\"https:\\\/\\\/buletin.de\\\/bucuresti\\\/#\\\/schema\\\/logo\\\/image\\\/\"},\"sameAs\":[\"https:\\\/\\\/www.facebook.com\\\/buletin.de.buc\",\"https:\\\/\\\/www.instagram.com\\\/buletinde.bucuresti\\\/\"]},{\"@type\":\"Person\",\"@id\":\"https:\\\/\\\/buletin.de\\\/bucuresti\\\/#\\\/schema\\\/person\\\/0ac9db30080482be87c7386a30f98796\",\"name\":\"C\u0103t\u0103lin Anghel-Dimache\",\"image\":{\"@type\":\"ImageObject\",\"inLanguage\":\"en-GB\",\"@id\":\"https:\\\/\\\/buletin.de\\\/bucuresti\\\/wp-content\\\/uploads\\\/Catalin-Anghel-Dimache-96x96.jpgbd9e43c5b25186d5b8e917ac61ad86c4\",\"url\":\"https:\\\/\\\/buletin.de\\\/bucuresti\\\/wp-content\\\/uploads\\\/Catalin-Anghel-Dimache-96x96.jpg\",\"contentUrl\":\"https:\\\/\\\/buletin.de\\\/bucuresti\\\/wp-content\\\/uploads\\\/Catalin-Anghel-Dimache-96x96.jpg\",\"caption\":\"C\u0103t\u0103lin Anghel-Dimache\"},\"description\":\"A absolvit Facultatea de Jurnalism \u0219i \u0218tiin\u021bele Comunic\u0103rii a Universit\u0103\u021bii din Bucure\u0219ti \u00een 2024. Scrie despre mediu \u0219i teme sociale, dar \u0219i despre cum se reflect\u0103 ele \u00een via\u021ba cotidian\u0103 a bucure\u0219tenilor, cu un ochi atent la pove\u0219tile personale din spatele titlurilor. N\u0103scut \u0219i crescut \u00een Bucure\u0219ti, a f\u0103cut un pas c\u0103tre presa local\u0103, din pasiune pentru ora\u0219ul s\u0103u \u0219i oamenii din el.\",\"url\":\"https:\\\/\\\/buletin.de\\\/bucuresti\\\/author\\\/catalin-anghel-dimache\\\/\"}]}<\/script>\n<!-- \/ Yoast SEO Premium plugin. -->","yoast_head_json":{"title":"Primele concerte din Stagiunea Simfonic\u0103 a Filarmonicii George Enescu din acest an aduc doi invita\u021bi speciali, pe 9 \u0219i 10 ianuarie - Buletin de Bucure\u0219ti","description":"Primele concerte din Stagiunea Simfonic\u0103 a Filarmonicii George Enescu din acest an aduc doi invita\u021bi speciali, pe 9 \u0219i 10 ianuarie.","robots":{"index":"index","follow":"follow","max-snippet":"max-snippet:-1","max-image-preview":"max-image-preview:large","max-video-preview":"max-video-preview:-1"},"canonical":"https:\/\/buletin.de\/bucuresti\/primele-concerte-din-stagiunea-simfonica-a-filarmonicii-george-enescu-din-acest-an-aduc-doi-invitati-speciali-pe-9-si-10-ianuarie\/","og_locale":"en_GB","og_type":"article","og_title":"Primele concerte din Stagiunea Simfonic\u0103 a Filarmonicii George Enescu din acest an aduc doi invita\u021bi speciali, pe 9 \u0219i 10 ianuarie","og_description":"Primele concerte din Stagiunea Simfonic\u0103 a Filarmonicii George Enescu din acest an aduc doi invita\u021bi speciali, pe 9 \u0219i 10 ianuarie.","og_url":"https:\/\/buletin.de\/bucuresti\/primele-concerte-din-stagiunea-simfonica-a-filarmonicii-george-enescu-din-acest-an-aduc-doi-invitati-speciali-pe-9-si-10-ianuarie\/","og_site_name":"Buletin de Bucure\u0219ti","article_publisher":"https:\/\/www.facebook.com\/buletin.de.buc","article_published_time":"2025-01-09T03:23:00+00:00","og_image":[{"width":900,"height":675,"url":"https:\/\/buletin.de\/bucuresti\/wp-content\/uploads\/filarmonica-900x675.png","type":"image\/png"}],"author":"C\u0103t\u0103lin Anghel-Dimache","twitter_card":"summary_large_image","twitter_misc":{"Written by":"C\u0103t\u0103lin Anghel-Dimache","Estimated reading time":"2 minutes"},"schema":{"@context":"https:\/\/schema.org","@graph":[{"@type":"Article","@id":"https:\/\/buletin.de\/bucuresti\/primele-concerte-din-stagiunea-simfonica-a-filarmonicii-george-enescu-din-acest-an-aduc-doi-invitati-speciali-pe-9-si-10-ianuarie\/#article","isPartOf":{"@id":"https:\/\/buletin.de\/bucuresti\/primele-concerte-din-stagiunea-simfonica-a-filarmonicii-george-enescu-din-acest-an-aduc-doi-invitati-speciali-pe-9-si-10-ianuarie\/"},"author":{"name":"C\u0103t\u0103lin Anghel-Dimache","@id":"https:\/\/buletin.de\/bucuresti\/#\/schema\/person\/0ac9db30080482be87c7386a30f98796"},"headline":"Primele concerte din Stagiunea Simfonic\u0103 a Filarmonicii George Enescu din acest an aduc doi invita\u021bi speciali, pe 9 \u0219i 10 ianuarie","datePublished":"2025-01-09T03:23:00+00:00","mainEntityOfPage":{"@id":"https:\/\/buletin.de\/bucuresti\/primele-concerte-din-stagiunea-simfonica-a-filarmonicii-george-enescu-din-acest-an-aduc-doi-invitati-speciali-pe-9-si-10-ianuarie\/"},"wordCount":373,"publisher":{"@id":"https:\/\/buletin.de\/bucuresti\/#organization"},"image":{"@id":"https:\/\/buletin.de\/bucuresti\/primele-concerte-din-stagiunea-simfonica-a-filarmonicii-george-enescu-din-acest-an-aduc-doi-invitati-speciali-pe-9-si-10-ianuarie\/#primaryimage"},"thumbnailUrl":"https:\/\/buletin.de\/bucuresti\/wp-content\/uploads\/filarmonica.png","keywords":["ateneu","bucuresti","Capitala","concert","cultura","dirijor","george enescu","orchestra"],"articleSection":["Articole","Cultur\u0103","\u0218tiri"],"inLanguage":"en-GB","copyrightYear":"2025","copyrightHolder":{"@id":"https:\/\/buletin.de\/bucuresti\/#organization"}},{"@type":"WebPage","@id":"https:\/\/buletin.de\/bucuresti\/primele-concerte-din-stagiunea-simfonica-a-filarmonicii-george-enescu-din-acest-an-aduc-doi-invitati-speciali-pe-9-si-10-ianuarie\/","url":"https:\/\/buletin.de\/bucuresti\/primele-concerte-din-stagiunea-simfonica-a-filarmonicii-george-enescu-din-acest-an-aduc-doi-invitati-speciali-pe-9-si-10-ianuarie\/","name":"Primele concerte din Stagiunea Simfonic\u0103 a Filarmonicii George Enescu din acest an aduc doi invita\u021bi speciali, pe 9 \u0219i 10 ianuarie - Buletin de Bucure\u0219ti","isPartOf":{"@id":"https:\/\/buletin.de\/bucuresti\/#website"},"primaryImageOfPage":{"@id":"https:\/\/buletin.de\/bucuresti\/primele-concerte-din-stagiunea-simfonica-a-filarmonicii-george-enescu-din-acest-an-aduc-doi-invitati-speciali-pe-9-si-10-ianuarie\/#primaryimage"},"image":{"@id":"https:\/\/buletin.de\/bucuresti\/primele-concerte-din-stagiunea-simfonica-a-filarmonicii-george-enescu-din-acest-an-aduc-doi-invitati-speciali-pe-9-si-10-ianuarie\/#primaryimage"},"thumbnailUrl":"https:\/\/buletin.de\/bucuresti\/wp-content\/uploads\/filarmonica.png","datePublished":"2025-01-09T03:23:00+00:00","description":"Primele concerte din Stagiunea Simfonic\u0103 a Filarmonicii George Enescu din acest an aduc doi invita\u021bi speciali, pe 9 \u0219i 10 ianuarie.","breadcrumb":{"@id":"https:\/\/buletin.de\/bucuresti\/primele-concerte-din-stagiunea-simfonica-a-filarmonicii-george-enescu-din-acest-an-aduc-doi-invitati-speciali-pe-9-si-10-ianuarie\/#breadcrumb"},"inLanguage":"en-GB","potentialAction":[{"@type":"ReadAction","target":["https:\/\/buletin.de\/bucuresti\/primele-concerte-din-stagiunea-simfonica-a-filarmonicii-george-enescu-din-acest-an-aduc-doi-invitati-speciali-pe-9-si-10-ianuarie\/"]}]},{"@type":"ImageObject","inLanguage":"en-GB","@id":"https:\/\/buletin.de\/bucuresti\/primele-concerte-din-stagiunea-simfonica-a-filarmonicii-george-enescu-din-acest-an-aduc-doi-invitati-speciali-pe-9-si-10-ianuarie\/#primaryimage","url":"https:\/\/buletin.de\/bucuresti\/wp-content\/uploads\/filarmonica.png","contentUrl":"https:\/\/buletin.de\/bucuresti\/wp-content\/uploads\/filarmonica.png","width":1600,"height":1200,"caption":"Primele concerte din Stagiunea Simfonic\u0103 a Filarmonicii George Enescu din acest an aduce doi invita\u021bi speciali. FOTO: Filarmonica \u201eGeorge Enescu\u201d"},{"@type":"BreadcrumbList","@id":"https:\/\/buletin.de\/bucuresti\/primele-concerte-din-stagiunea-simfonica-a-filarmonicii-george-enescu-din-acest-an-aduc-doi-invitati-speciali-pe-9-si-10-ianuarie\/#breadcrumb","itemListElement":[{"@type":"ListItem","position":1,"name":"Acas\u0103","item":"https:\/\/buletin.de\/bucuresti\/"},{"@type":"ListItem","position":2,"name":"Primele concerte din Stagiunea Simfonic\u0103 a Filarmonicii George Enescu din acest an aduc doi invita\u021bi speciali, pe 9 \u0219i 10 ianuarie"}]},{"@type":"WebSite","@id":"https:\/\/buletin.de\/bucuresti\/#website","url":"https:\/\/buletin.de\/bucuresti\/","name":"Buletin de Bucure\u0219ti","description":"\u0218tiri \u0219i investiga\u021bii esen\u021biale din capital\u0103","publisher":{"@id":"https:\/\/buletin.de\/bucuresti\/#organization"},"potentialAction":[{"@type":"SearchAction","target":{"@type":"EntryPoint","urlTemplate":"https:\/\/buletin.de\/bucuresti\/?s={search_term_string}"},"query-input":{"@type":"PropertyValueSpecification","valueRequired":true,"valueName":"search_term_string"}}],"inLanguage":"en-GB"},{"@type":"Organization","@id":"https:\/\/buletin.de\/bucuresti\/#organization","name":"Buletin de Bucure\u0219ti","url":"https:\/\/buletin.de\/bucuresti\/","logo":{"@type":"ImageObject","inLanguage":"en-GB","@id":"https:\/\/buletin.de\/bucuresti\/#\/schema\/logo\/image\/","url":"https:\/\/buletin.de\/bucuresti\/wp-content\/uploads\/logo-bdb-full-wide-vernil-transparent.png","contentUrl":"https:\/\/buletin.de\/bucuresti\/wp-content\/uploads\/logo-bdb-full-wide-vernil-transparent.png","width":1782,"height":626,"caption":"Buletin de Bucure\u0219ti"},"image":{"@id":"https:\/\/buletin.de\/bucuresti\/#\/schema\/logo\/image\/"},"sameAs":["https:\/\/www.facebook.com\/buletin.de.buc","https:\/\/www.instagram.com\/buletinde.bucuresti\/"]},{"@type":"Person","@id":"https:\/\/buletin.de\/bucuresti\/#\/schema\/person\/0ac9db30080482be87c7386a30f98796","name":"C\u0103t\u0103lin Anghel-Dimache","image":{"@type":"ImageObject","inLanguage":"en-GB","@id":"https:\/\/buletin.de\/bucuresti\/wp-content\/uploads\/Catalin-Anghel-Dimache-96x96.jpgbd9e43c5b25186d5b8e917ac61ad86c4","url":"https:\/\/buletin.de\/bucuresti\/wp-content\/uploads\/Catalin-Anghel-Dimache-96x96.jpg","contentUrl":"https:\/\/buletin.de\/bucuresti\/wp-content\/uploads\/Catalin-Anghel-Dimache-96x96.jpg","caption":"C\u0103t\u0103lin Anghel-Dimache"},"description":"A absolvit Facultatea de Jurnalism \u0219i \u0218tiin\u021bele Comunic\u0103rii a Universit\u0103\u021bii din Bucure\u0219ti \u00een 2024. Scrie despre mediu \u0219i teme sociale, dar \u0219i despre cum se reflect\u0103 ele \u00een via\u021ba cotidian\u0103 a bucure\u0219tenilor, cu un ochi atent la pove\u0219tile personale din spatele titlurilor. N\u0103scut \u0219i crescut \u00een Bucure\u0219ti, a f\u0103cut un pas c\u0103tre presa local\u0103, din pasiune pentru ora\u0219ul s\u0103u \u0219i oamenii din el.","url":"https:\/\/buletin.de\/bucuresti\/author\/catalin-anghel-dimache\/"}]}},"authors":[{"term_id":22572,"user_id":59,"is_guest":0,"slug":"catalin-anghel-dimache","display_name":"C\u0103t\u0103lin Anghel-Dimache","avatar_url":"https:\/\/buletin.de\/bucuresti\/wp-content\/uploads\/Catalin-Anghel-Dimache-96x96.jpg","0":null,"1":"","2":"","3":"","4":"","5":"","6":"","7":"","8":""}],"_links":{"self":[{"href":"https:\/\/buletin.de\/bucuresti\/wp-json\/wp\/v2\/posts\/113467","targetHints":{"allow":["GET"]}}],"collection":[{"href":"https:\/\/buletin.de\/bucuresti\/wp-json\/wp\/v2\/posts"}],"about":[{"href":"https:\/\/buletin.de\/bucuresti\/wp-json\/wp\/v2\/types\/post"}],"author":[{"embeddable":true,"href":"https:\/\/buletin.de\/bucuresti\/wp-json\/wp\/v2\/users\/59"}],"replies":[{"embeddable":true,"href":"https:\/\/buletin.de\/bucuresti\/wp-json\/wp\/v2\/comments?post=113467"}],"version-history":[{"count":3,"href":"https:\/\/buletin.de\/bucuresti\/wp-json\/wp\/v2\/posts\/113467\/revisions"}],"predecessor-version":[{"id":113497,"href":"https:\/\/buletin.de\/bucuresti\/wp-json\/wp\/v2\/posts\/113467\/revisions\/113497"}],"wp:featuredmedia":[{"embeddable":true,"href":"https:\/\/buletin.de\/bucuresti\/wp-json\/wp\/v2\/media\/113476"}],"wp:attachment":[{"href":"https:\/\/buletin.de\/bucuresti\/wp-json\/wp\/v2\/media?parent=113467"}],"wp:term":[{"taxonomy":"category","embeddable":true,"href":"https:\/\/buletin.de\/bucuresti\/wp-json\/wp\/v2\/categories?post=113467"},{"taxonomy":"post_tag","embeddable":true,"href":"https:\/\/buletin.de\/bucuresti\/wp-json\/wp\/v2\/tags?post=113467"},{"taxonomy":"author","embeddable":true,"href":"https:\/\/buletin.de\/bucuresti\/wp-json\/wp\/v2\/ppma_author?post=113467"}],"curies":[{"name":"wp","href":"https:\/\/api.w.org\/{rel}","templated":true}]}}