{"id":113355,"date":"2025-01-08T12:31:05","date_gmt":"2025-01-08T09:31:05","guid":{"rendered":"https:\/\/buletin.de\/bucuresti\/?p=113355"},"modified":"2025-01-08T12:31:06","modified_gmt":"2025-01-08T09:31:06","slug":"sala-palatului","status":"publish","type":"post","link":"https:\/\/buletin.de\/bucuresti\/sala-palatului\/","title":{"rendered":"Povestea fascinant\u0103 a lui Harry Potter, \u00een aceast\u0103 sear\u0103, la Sala Palatului"},"content":{"rendered":"\n<p><strong>Povestea fabuloas\u0103 a lui Harry Potter va fi readus\u0103 la via\u021b\u0103, \u00een aceast\u0103 sear\u0103 la Sala Palatului. \u201eHogwarts Magic Symphony\u201d, program sus\u021binut de Lords of the Sound Symphony Orchestra, \u00eencepe la ora 19:30, potrivit site-ului <a href=\"https:\/\/salapalatului.ro\/event\/lords-of-the-sound-hogwarts-magic-symphony\/\">salapalatului.ro.<\/a><\/strong><\/p>\n\n\n\n<p>Spectacolul parcurge \u00eentreaga c\u0103l\u0103torie din universul magic al lui Harry Potter: \u00abde la prima c\u0103l\u0103torie cu Hogwarts Express, p\u00e2n\u0103 la b\u0103t\u0103liile epice \u00eempotriva for\u021belor \u00eentunericului\u00bb.<\/p>\n\n\n\n<p>Muzica live \u0219i proiec\u021biile video vor da o mai mare greutate spectacolului, spun organizatorii.<\/p>\n\n\n\n<blockquote class=\"wp-block-quote is-layout-flow wp-block-quote-is-layout-flow\">\n<p>V\u0103 a\u0219teapt\u0103 un spectacol vizual grandios, care va crea o atmosfer\u0103 de basm unic\u0103, iar efectele speciale de lumini \u0219i proiec\u021biile video vor ad\u0103uga \u0219i mai mult\u0103 magie \u0219i emo\u021bie serii. \u00cen plus, v\u0103 preg\u0103tim multe surprize care vor transforma aceast\u0103 sear\u0103 \u00eentr-o experien\u021b\u0103 cu adev\u0103rat de neuitat. Cine \u0219tie, poate chiar profesorul Dumbledore va fi prezent la concert, pentru a retr\u0103i aceste momente magice \u00eempreun\u0103 cu voi?<\/p>\n<\/blockquote>\n\n\n\n<p>Tot organizatorii spun c\u0103 \u201eHogwarts Magic Symphony\u201d, povestea fascinant\u0103 a lui Harry Potter, este un spectacol \u00een care fiecare spectator devine parte din poveste. <strong>Concertul are loc cu casa \u00eenchis\u0103.<\/strong><\/p>\n\n\n\n<p><strong>CITE\u0218TE \u0218I:<\/strong> <a href=\"https:\/\/buletin.de\/bucuresti\/productii-independente-de-teatru-la-palatul-bragadiru\/\">Produc\u021bii independente de teatru la Palatul Bragadiru, la \u00eenceput de an<\/a><\/p>\n\n\n\n<h2 class=\"wp-block-heading\" id=\"h-concertele-anului-2025-o-serie-de-arti\u0219ti-consacra\u021bi-vin-in-capitala\">Concertele anului 2025. O serie de arti\u0219ti consacra\u021bi vin \u00een Capital\u0103<\/h2>\n\n\n\n<p><strong>IANUARIE<\/strong><\/p>\n\n\n\n<p><strong>Pe 11 ianuarie,<\/strong>&nbsp;Ateneul Rom\u00e2n ii a\u0219teapt\u0103 pe bucure\u0219teni la concertul aniversar \u00een care se celebreaz\u0103 200 de ani de la na\u015fterea lui Johann Strauss II. Evenimentul va avea loc \u00een cadrul celei de-a XXII-a edi\u0163ii a Festivalului Johann Strauss.<\/p>\n\n\n\n<p><strong>Pe 20 ianuarie<\/strong>, tot la Ateneul Roman,&nbsp;<strong>Duke Ellington Orchestra&nbsp;<\/strong>va marca 100 de ani de existen\u0163\u0103, cu un concert special,&nbsp;<strong>de la ora 19:00.<\/strong><\/p>\n\n\n\n<p><strong>FEBRUARIE<\/strong><\/p>\n\n\n\n<p><strong>\u201eO Sear\u0103 a Dragostei cu Proconsul\u201d&nbsp;<\/strong>este concertul programat de Sf\u00e2ntul Valentin,&nbsp;<strong>pe 14 februarie,<\/strong>&nbsp;la Circul Metropolitan din Bucure\u015fti,&nbsp;<strong>de la ora 20:00.<\/strong><\/p>\n\n\n\n<p><strong>Pe 21 februarie,<\/strong>&nbsp;<strong>Irina Rimes<\/strong>&nbsp;va reveni la Sala Palatului cu spectacolul \u201eSufrageria Irinei\u201d. Orchestra Filarmonicii Strauss din Viena concerteaz\u0103 la Ateneul Rom\u00e2n&nbsp;<strong>pe 24 februarie, de la ora 19:00.<\/strong><\/p>\n\n\n\n<p><strong>Trupa Bosquito<\/strong>&nbsp;aniverseaz\u0103 25 de ani de activitate printr-un concert special, la Sala Palatului,&nbsp;<strong>pe 25 februarie<\/strong>, care \u00eencepe<strong>&nbsp;la ora 19:00.<\/strong><\/p>\n\n\n\n<p><strong>Pe 27 februarie,<\/strong>&nbsp;artistul de stand-up comedy<strong>&nbsp;Jimmy Carr&nbsp;<\/strong>revine \u00een Rom\u00e2nia la Sala Palatului, cu turneul \u201eLaughs Funny\u201d,&nbsp;<strong>de la ora 20:00.<\/strong><\/p>\n\n\n\n<p><strong>Pe 28 februarie,<\/strong>&nbsp;forma\u0163ia<strong>&nbsp;Robin and the Backstabbers&nbsp;<\/strong>va sus\u0163ine primul s\u0103u concert la Sala Palatului. Intitulat \u201eRitualul Prim\u0103verii\u201d, evenimentul va cuprinde cele mai cunoscute piese ale trupei, reorchestrate \u015fi interpretate electro-simfonic al\u0103turi de AltOrchestra. Concertul \u00eencepe<strong>&nbsp;la ora 19:30.<\/strong><\/p>\n\n\n\n<p><strong>CITE\u0218TE \u0218I:<\/strong> <a href=\"https:\/\/buletin.de\/bucuresti\/opera-nationala-bucuresti-incepe-noul-an-cu-una-dintre-cele-mai-ascultate-opere-din-lume\/\">Opera Na\u021bional\u0103 Bucure\u0219ti \u00eencepe noul an cu una dintre cele mai ascultate opere din lume: \u201eLa Traviata\u201dde Verdi<\/a><\/p>\n\n\n\n<h3 class=\"wp-block-heading\" id=\"h-concerte-in-primavara-lui-2025\">Concerte \u00een prim\u0103vara lui 2025  <\/h3>\n\n\n\n<p><strong>Pe 1 martie,&nbsp;<\/strong>spectacolul&nbsp;<strong>\u201ePIAF! The Show\u201d,<\/strong>&nbsp;\u00een interpretarea extraordinar\u0103 a lui Nathalie Lermitte, revine \u00een Rom\u00e2nia pe 1 martie, la Circul Metropolitan Bucure\u015fti,&nbsp;<strong>de la ora 19:00.<\/strong>&nbsp;Evenimentul aniverseaz\u0103 110 ani de la na\u015fterea lui Edith Piaf.<\/p>\n\n\n\n<p><strong>CiTYMAGiA Festival,<\/strong>&nbsp;un concept nou de festival, format din art\u0103 imersiv\u0103, show-uri vizuale \u015fi muzic\u0103, propune, pe 8 martie, un lineup spectaculos format din John Newman, Willy William, Smiley, Andi Moisescu (DJ \u2013 set). Spectacolul \u00eencepe&nbsp;<strong>la ora 19:00.<\/strong><\/p>\n\n\n\n<p><strong>Pe 12 martie,<\/strong>&nbsp;forma\u0163ia&nbsp;<strong>Holograf&nbsp;<\/strong>aduce \u201eSingur\u201d pe scena S\u0103lii Palatului,&nbsp;<strong>de la ora 19:00.<\/strong><\/p>\n\n\n\n<p><strong>Mircea Baniciu&nbsp;<\/strong>revine tot pe scena S\u0103lii Palatului,<strong>&nbsp;pe 24 martie,<\/strong>&nbsp;\u00eentr-un concert emblematic dedicat eternei muze \u2013 femeia, intitulat \u201eE\u015farf\u0103 \u00een dar\u201d,&nbsp;<strong>de la 19:30.<\/strong>&nbsp;Tot pe 24 martie, Godsmack, P.O.D. &amp; Drowning Pool c\u00e2nt\u0103, la Bucure\u015fti, la Hala Laminor, la edi\u0163ia a doua a minifestivalului \u2013 Fire Club.<\/p>\n\n\n\n<p><strong>Richard Clayderman&nbsp;<\/strong>revine cu un concert excep\u0163ional, ce va avea loc pe 25 martie, la Sala Palatului,&nbsp;<strong>de la ora 19:30.<\/strong><\/p>\n\n\n\n<p><strong>APRILIE<\/strong><\/p>\n\n\n\n<p><strong>Tarja Turunen<\/strong>&nbsp;se reune\u015fte cu Marko Hietala, ambii din Nightwish \u015fi vor concerta la Sala Palatului,<strong>&nbsp;pe 1 aprilie,<\/strong>&nbsp;\u00een cadrul turneului \u201eLiving the dream together tour 2025\u201d,&nbsp;<strong>de la ora 20:00.<\/strong><\/p>\n\n\n\n<p><strong>Hooverphonic<\/strong>&nbsp;c\u00e2nt\u0103<strong>&nbsp;pe 9 aprilie,&nbsp;<\/strong>la Arenele Romane din Bucure\u015fti, \u00een cort \u00eenc\u0103lzit. Trupa s\u0103rb\u0103tore\u015fte \u00een turneu 25 de ani de la lansarea albumului \u201eThe Magnificent Tree\u201d,&nbsp;<strong>de la ora 19:00.<\/strong><\/p>\n\n\n\n<p>Pe 10 aprilie, de la ora 21,00, forma\u0163ia&nbsp;<strong>3 Sud Est&nbsp;<\/strong>va sus\u0163ine un concert extraordinar la Hard Rock Cafe.<\/p>\n\n\n\n<p><strong>MAI<\/strong><\/p>\n\n\n\n<p><strong>Warhaus,<\/strong>&nbsp;proiectul solo al lui Maarten Devoldere, solistul forma\u0163iei Balthazar, va putea fi ascultat&nbsp;<strong>pe 13 mai<\/strong>&nbsp;la Arenele Romane.<\/p>\n\n\n\n<p><strong>Pe 17 mai,<\/strong>&nbsp;de la ora 19:30, celebra trup\u0103&nbsp;<strong>Gipsy Kings<\/strong>&nbsp;by Diego Baliardo va sus\u0163ine un concert special la Arenele Romane. Concertul face parte din turneul mondial \u201eBack To The Origins\u201d.<\/p>\n\n\n\n<p>Tot la Arenele Romane,&nbsp;<strong>pe 23 mai,<\/strong>&nbsp;concerteaz\u0103 \u015fi trupa&nbsp;<strong>B.U.G. Mafia<\/strong>,&nbsp;<strong>de la ora 10:00.<\/strong><\/p>\n\n\n\n<p><strong>Trooper<\/strong>&nbsp;va sus\u0163ine, la Arenele Romane, un concert aniversar&nbsp;<strong>pe 30 mai,<\/strong>&nbsp;cu ocazia \u00eemplinirii a 30 de ani de existen\u0163\u0103,&nbsp;<strong>de la ora 19:00.<\/strong><\/p>\n\n\n\n<p><strong>Cutting Crew&nbsp;<\/strong>vine pentru prima dat\u0103 \u00een Rom\u00e2nia&nbsp;<strong>pe 31 mai,<\/strong>&nbsp;pentru un show memorabil, tot la Arenele Romane,&nbsp;<strong>de la ora 19:00.<\/strong><\/p>\n\n\n\n<p><strong>CITE\u0218TE \u0218I:<\/strong> <a href=\"https:\/\/buletin.de\/bucuresti\/adaposturile-aspa-isi-reiau-programul-de-vizite-pentru-adoptii\/\">Ad\u0103posturile ASPA \u00ee\u0219i reiau programul de vizite pentru adop\u021bii<\/a><\/p>\n\n\n\n<h3 class=\"wp-block-heading\" id=\"h-vara-lui-2025-cu-muzica-\u0219i-concerte\">Vara lui 2025, cu muzic\u0103 \u0219i concerte<\/h3>\n\n\n\n<p><strong>IUNIE<\/strong><\/p>\n\n\n\n<p><strong>Matteo Bocelli,<\/strong>&nbsp;fiul celebrului tenor Andrea Bocelli, va sus\u0163ine un concert la Sala Palatului pe 10 iunie, cu \u00eencepere&nbsp;<strong>de la ora 19:00.<\/strong><\/p>\n\n\n\n<p><strong>Trupa The Hu&nbsp;<\/strong>revine \u00een Rom\u00e2nia cu un concert ce face parte din turneul mondial \u201eIncarnation World Tour\u201d. Evenimentul este programat pentru 26 iunie la Arenele Romane.<\/p>\n\n\n\n<p><strong>Vi\u0163a de Vie&nbsp;<\/strong>concerteaz\u0103 pe 28 iunie, de la ora 18:00, la Arenele Romane.<\/p>\n\n\n\n<p><strong>&nbsp;IULIE<\/strong><\/p>\n\n\n\n<p>Celebrii chitari\u015fti Joe Satriani \u015fi Steve Vai vin cu noua lor trup\u0103 \u2013 SatchVai Band \u2013 pe 23 iulie, la Arenele Romane din Capital\u0103. Show-ul face parte din turneul \u201eSurfing With The Hydra\u201d.<\/p>\n\n\n\n<p><strong>CITE\u0218TE \u0218I:<\/strong> <a href=\"https:\/\/buletin.de\/bucuresti\/cati-kilometri-din-a0-se-deschid-in-2025-previziuni-pro-infrastructura-pentru-autostrazi\/\">C\u00e2\u021bi kilometri din Autostrada Capitalei se deschid \u00een 2025. Previziuni Pro Infrastructura \u0219i pentru A7 Bucure\u0219ti-Moldova<\/a><\/p>\n\n\n\n<h3 class=\"wp-block-heading\" id=\"h-concerte-in-toamna-\u0219i-iarna-2025\">Concerte \u00een toamna \u0219i iarna 2025<\/h3>\n\n\n\n<p><strong>SEPTEMBRIE<\/strong><\/p>\n\n\n\n<p><strong>Unforgettable Festival<\/strong>&nbsp;revine \u00een 2025 cu o nou\u0103 edi\u0163ie. Data exact\u0103 a evenimentului nu a fost \u00eenc\u0103 stabilit\u0103, \u00eens\u0103 se cunoa\u015fte c\u0103 va avea loc \u00een luna septembrie.<\/p>\n\n\n\n<p><strong>DECEMBRIE<\/strong><\/p>\n\n\n\n<p><strong>Till Lindemann,<\/strong>&nbsp;solistul trupei Rammstein, va sus\u0163ine un concert&nbsp;<strong>pe 4 decembrie<\/strong>&nbsp;la Romexpo, \u00een cadrul turneului \u201eMeine Welt\u201d. Evenimentul \u00eencepe la&nbsp;<strong>ora 17:00.<\/strong><\/p>\n\n\n\n<p><strong>Pe 11 decembrie,&nbsp;<\/strong>Sala Palatului din Bucure\u015fti va g\u0103zdui concertul extraordinar al tenorului Jonas Kaufmann, de la&nbsp;<strong>ora 19:30.<\/strong><\/p>\n\n\n\n<p><strong>CITE\u0218TE \u0218I:<\/strong> <a href=\"https:\/\/buletin.de\/bucuresti\/3-milioane-de-lei-pentru-renovarea-arhivei-bnr-de-la-sediul-central-din-bucuresti\/\">3 milioane de lei pentru renovarea arhivei BNR, de la sediul central din Bucure\u0219ti<\/a><\/p>\n\n\n\n<p><\/p>\n","protected":false},"excerpt":{"rendered":"<p>Povestea fabuloas\u0103 a lui Harry Potter va fi readus\u0103 la via\u021b\u0103, \u00een aceast\u0103 sear\u0103 la Sala Palatului. \u201eHogwarts Magic Symphony\u201d, program sus\u021binut de Lords of the Sound Symphony Orchestra, \u00eencepe la ora 19:30, potrivit site-ului salapalatului.ro. Spectacolul parcurge \u00eentreaga c\u0103l\u0103torie din universul magic al lui Harry Potter: \u00abde la prima c\u0103l\u0103torie cu Hogwarts Express, p\u00e2n\u0103 [&hellip;]<\/p>\n","protected":false},"author":49,"featured_media":113357,"comment_status":"closed","ping_status":"open","sticky":false,"template":"","format":"standard","meta":{"_acf_changed":false,"inline_featured_image":false,"ngg_post_thumbnail":0,"footnotes":""},"categories":[6994,81,62],"tags":[17966,10901,18238,7414],"ppma_author":[22574],"class_list":["post-113355","post","type-post","status-publish","format-standard","has-post-thumbnail","hentry","category-stiri-2","category-cultura","category-stiri","tag-concerte-2025","tag-harry-potter","tag-hogwarts-magic-symphony","tag-sala-palatului"],"acf":[],"yoast_head":"<!-- This site is optimized with the Yoast SEO Premium plugin v25.3 (Yoast SEO v27.5) - https:\/\/yoast.com\/product\/yoast-seo-premium-wordpress\/ -->\n<title>Povestea fascinant\u0103 a lui Harry Potter, \u00een aceast\u0103 sear\u0103, la Sala Palatului - Buletin de Bucure\u0219ti<\/title>\n<meta name=\"description\" content=\"Sala Palatului. Povestea lui Harry Potter, sustinuta de \u201eHogwarts Magic Symphony\u201d, incepe la ora 19:30, la Sala Palatului.\" \/>\n<meta name=\"robots\" content=\"index, follow, max-snippet:-1, max-image-preview:large, max-video-preview:-1\" \/>\n<link rel=\"canonical\" href=\"https:\/\/buletin.de\/bucuresti\/sala-palatului\/\" \/>\n<meta property=\"og:locale\" content=\"en_GB\" \/>\n<meta property=\"og:type\" content=\"article\" \/>\n<meta property=\"og:title\" content=\"Povestea fascinant\u0103 a lui Harry Potter, \u00een aceast\u0103 sear\u0103, la Sala Palatului\" \/>\n<meta property=\"og:description\" content=\"Sala Palatului. Povestea lui Harry Potter, sustinuta de \u201eHogwarts Magic Symphony\u201d, incepe la ora 19:30, la Sala Palatului.\" \/>\n<meta property=\"og:url\" content=\"https:\/\/buletin.de\/bucuresti\/sala-palatului\/\" \/>\n<meta property=\"og:site_name\" content=\"Buletin de Bucure\u0219ti\" \/>\n<meta property=\"article:publisher\" content=\"https:\/\/www.facebook.com\/buletin.de.buc\" \/>\n<meta property=\"article:published_time\" content=\"2025-01-08T09:31:05+00:00\" \/>\n<meta property=\"article:modified_time\" content=\"2025-01-08T09:31:06+00:00\" \/>\n<meta property=\"og:image\" content=\"https:\/\/buletin.de\/bucuresti\/wp-content\/uploads\/Yz0xJmhhc2g9MTQ1MzliN2Y4YWI0MzcwM2E4NWQ4YWVhMjE0YmEzOWQ.thumb_.jpg\" \/>\n\t<meta property=\"og:image:width\" content=\"1200\" \/>\n\t<meta property=\"og:image:height\" content=\"630\" \/>\n\t<meta property=\"og:image:type\" content=\"image\/jpeg\" \/>\n<meta name=\"author\" content=\"Diana Matei\" \/>\n<meta name=\"twitter:card\" content=\"summary_large_image\" \/>\n<meta name=\"twitter:label1\" content=\"Written by\" \/>\n\t<meta name=\"twitter:data1\" content=\"Diana Matei\" \/>\n\t<meta name=\"twitter:label2\" content=\"Estimated reading time\" \/>\n\t<meta name=\"twitter:data2\" content=\"5 minutes\" \/>\n<script type=\"application\/ld+json\" class=\"yoast-schema-graph\">{\"@context\":\"https:\\\/\\\/schema.org\",\"@graph\":[{\"@type\":\"Article\",\"@id\":\"https:\\\/\\\/buletin.de\\\/bucuresti\\\/sala-palatului\\\/#article\",\"isPartOf\":{\"@id\":\"https:\\\/\\\/buletin.de\\\/bucuresti\\\/sala-palatului\\\/\"},\"author\":{\"name\":\"Diana Matei\",\"@id\":\"https:\\\/\\\/buletin.de\\\/bucuresti\\\/#\\\/schema\\\/person\\\/7e46040573290777280a0835d81ea4ea\"},\"headline\":\"Povestea fascinant\u0103 a lui Harry Potter, \u00een aceast\u0103 sear\u0103, la Sala Palatului\",\"datePublished\":\"2025-01-08T09:31:05+00:00\",\"dateModified\":\"2025-01-08T09:31:06+00:00\",\"mainEntityOfPage\":{\"@id\":\"https:\\\/\\\/buletin.de\\\/bucuresti\\\/sala-palatului\\\/\"},\"wordCount\":1128,\"publisher\":{\"@id\":\"https:\\\/\\\/buletin.de\\\/bucuresti\\\/#organization\"},\"image\":{\"@id\":\"https:\\\/\\\/buletin.de\\\/bucuresti\\\/sala-palatului\\\/#primaryimage\"},\"thumbnailUrl\":\"https:\\\/\\\/buletin.de\\\/bucuresti\\\/wp-content\\\/uploads\\\/Yz0xJmhhc2g9MTQ1MzliN2Y4YWI0MzcwM2E4NWQ4YWVhMjE0YmEzOWQ.thumb_.jpg\",\"keywords\":[\"Concerte 2025\",\"Harry Potter\",\"Hogwarts Magic Symphony\",\"Sala Palatului\"],\"articleSection\":[\"Articole\",\"Cultur\u0103\",\"\u0218tiri\"],\"inLanguage\":\"en-GB\",\"copyrightYear\":\"2025\",\"copyrightHolder\":{\"@id\":\"https:\\\/\\\/buletin.de\\\/bucuresti\\\/#organization\"}},{\"@type\":\"WebPage\",\"@id\":\"https:\\\/\\\/buletin.de\\\/bucuresti\\\/sala-palatului\\\/\",\"url\":\"https:\\\/\\\/buletin.de\\\/bucuresti\\\/sala-palatului\\\/\",\"name\":\"Povestea fascinant\u0103 a lui Harry Potter, \u00een aceast\u0103 sear\u0103, la Sala Palatului - Buletin de Bucure\u0219ti\",\"isPartOf\":{\"@id\":\"https:\\\/\\\/buletin.de\\\/bucuresti\\\/#website\"},\"primaryImageOfPage\":{\"@id\":\"https:\\\/\\\/buletin.de\\\/bucuresti\\\/sala-palatului\\\/#primaryimage\"},\"image\":{\"@id\":\"https:\\\/\\\/buletin.de\\\/bucuresti\\\/sala-palatului\\\/#primaryimage\"},\"thumbnailUrl\":\"https:\\\/\\\/buletin.de\\\/bucuresti\\\/wp-content\\\/uploads\\\/Yz0xJmhhc2g9MTQ1MzliN2Y4YWI0MzcwM2E4NWQ4YWVhMjE0YmEzOWQ.thumb_.jpg\",\"datePublished\":\"2025-01-08T09:31:05+00:00\",\"dateModified\":\"2025-01-08T09:31:06+00:00\",\"description\":\"Sala Palatului. Povestea lui Harry Potter, sustinuta de \u201eHogwarts Magic Symphony\u201d, incepe la ora 19:30, la Sala Palatului.\",\"breadcrumb\":{\"@id\":\"https:\\\/\\\/buletin.de\\\/bucuresti\\\/sala-palatului\\\/#breadcrumb\"},\"inLanguage\":\"en-GB\",\"potentialAction\":[{\"@type\":\"ReadAction\",\"target\":[\"https:\\\/\\\/buletin.de\\\/bucuresti\\\/sala-palatului\\\/\"]}]},{\"@type\":\"ImageObject\",\"inLanguage\":\"en-GB\",\"@id\":\"https:\\\/\\\/buletin.de\\\/bucuresti\\\/sala-palatului\\\/#primaryimage\",\"url\":\"https:\\\/\\\/buletin.de\\\/bucuresti\\\/wp-content\\\/uploads\\\/Yz0xJmhhc2g9MTQ1MzliN2Y4YWI0MzcwM2E4NWQ4YWVhMjE0YmEzOWQ.thumb_.jpg\",\"contentUrl\":\"https:\\\/\\\/buletin.de\\\/bucuresti\\\/wp-content\\\/uploads\\\/Yz0xJmhhc2g9MTQ1MzliN2Y4YWI0MzcwM2E4NWQ4YWVhMjE0YmEzOWQ.thumb_.jpg\",\"width\":1200,\"height\":630,\"caption\":\"Povestea fascinant\u0103 a lui Harry Potter, \u00een aceast\u0103 sear\u0103, la Sala Palatului. FOTO: Digi24\"},{\"@type\":\"BreadcrumbList\",\"@id\":\"https:\\\/\\\/buletin.de\\\/bucuresti\\\/sala-palatului\\\/#breadcrumb\",\"itemListElement\":[{\"@type\":\"ListItem\",\"position\":1,\"name\":\"Acas\u0103\",\"item\":\"https:\\\/\\\/buletin.de\\\/bucuresti\\\/\"},{\"@type\":\"ListItem\",\"position\":2,\"name\":\"Povestea fascinant\u0103 a lui Harry Potter, \u00een aceast\u0103 sear\u0103, la Sala Palatului\"}]},{\"@type\":\"WebSite\",\"@id\":\"https:\\\/\\\/buletin.de\\\/bucuresti\\\/#website\",\"url\":\"https:\\\/\\\/buletin.de\\\/bucuresti\\\/\",\"name\":\"Buletin de Bucure\u0219ti\",\"description\":\"\u0218tiri \u0219i investiga\u021bii esen\u021biale din capital\u0103\",\"publisher\":{\"@id\":\"https:\\\/\\\/buletin.de\\\/bucuresti\\\/#organization\"},\"potentialAction\":[{\"@type\":\"SearchAction\",\"target\":{\"@type\":\"EntryPoint\",\"urlTemplate\":\"https:\\\/\\\/buletin.de\\\/bucuresti\\\/?s={search_term_string}\"},\"query-input\":{\"@type\":\"PropertyValueSpecification\",\"valueRequired\":true,\"valueName\":\"search_term_string\"}}],\"inLanguage\":\"en-GB\"},{\"@type\":\"Organization\",\"@id\":\"https:\\\/\\\/buletin.de\\\/bucuresti\\\/#organization\",\"name\":\"Buletin de Bucure\u0219ti\",\"url\":\"https:\\\/\\\/buletin.de\\\/bucuresti\\\/\",\"logo\":{\"@type\":\"ImageObject\",\"inLanguage\":\"en-GB\",\"@id\":\"https:\\\/\\\/buletin.de\\\/bucuresti\\\/#\\\/schema\\\/logo\\\/image\\\/\",\"url\":\"https:\\\/\\\/buletin.de\\\/bucuresti\\\/wp-content\\\/uploads\\\/logo-bdb-full-wide-vernil-transparent.png\",\"contentUrl\":\"https:\\\/\\\/buletin.de\\\/bucuresti\\\/wp-content\\\/uploads\\\/logo-bdb-full-wide-vernil-transparent.png\",\"width\":1782,\"height\":626,\"caption\":\"Buletin de Bucure\u0219ti\"},\"image\":{\"@id\":\"https:\\\/\\\/buletin.de\\\/bucuresti\\\/#\\\/schema\\\/logo\\\/image\\\/\"},\"sameAs\":[\"https:\\\/\\\/www.facebook.com\\\/buletin.de.buc\",\"https:\\\/\\\/www.instagram.com\\\/buletinde.bucuresti\\\/\"]},{\"@type\":\"Person\",\"@id\":\"https:\\\/\\\/buletin.de\\\/bucuresti\\\/#\\\/schema\\\/person\\\/7e46040573290777280a0835d81ea4ea\",\"name\":\"Diana Matei\",\"image\":{\"@type\":\"ImageObject\",\"inLanguage\":\"en-GB\",\"@id\":\"https:\\\/\\\/buletin.de\\\/bucuresti\\\/wp-content\\\/uploads\\\/9-2-96x96.jpg1e8590b30871d70e62ebcdaf2eff570c\",\"url\":\"https:\\\/\\\/buletin.de\\\/bucuresti\\\/wp-content\\\/uploads\\\/9-2-96x96.jpg\",\"contentUrl\":\"https:\\\/\\\/buletin.de\\\/bucuresti\\\/wp-content\\\/uploads\\\/9-2-96x96.jpg\",\"caption\":\"Diana Matei\"},\"url\":\"https:\\\/\\\/buletin.de\\\/bucuresti\\\/author\\\/dianamatei\\\/\"}]}<\/script>\n<!-- \/ Yoast SEO Premium plugin. -->","yoast_head_json":{"title":"Povestea fascinant\u0103 a lui Harry Potter, \u00een aceast\u0103 sear\u0103, la Sala Palatului - Buletin de Bucure\u0219ti","description":"Sala Palatului. Povestea lui Harry Potter, sustinuta de \u201eHogwarts Magic Symphony\u201d, incepe la ora 19:30, la Sala Palatului.","robots":{"index":"index","follow":"follow","max-snippet":"max-snippet:-1","max-image-preview":"max-image-preview:large","max-video-preview":"max-video-preview:-1"},"canonical":"https:\/\/buletin.de\/bucuresti\/sala-palatului\/","og_locale":"en_GB","og_type":"article","og_title":"Povestea fascinant\u0103 a lui Harry Potter, \u00een aceast\u0103 sear\u0103, la Sala Palatului","og_description":"Sala Palatului. Povestea lui Harry Potter, sustinuta de \u201eHogwarts Magic Symphony\u201d, incepe la ora 19:30, la Sala Palatului.","og_url":"https:\/\/buletin.de\/bucuresti\/sala-palatului\/","og_site_name":"Buletin de Bucure\u0219ti","article_publisher":"https:\/\/www.facebook.com\/buletin.de.buc","article_published_time":"2025-01-08T09:31:05+00:00","article_modified_time":"2025-01-08T09:31:06+00:00","og_image":[{"width":1200,"height":630,"url":"https:\/\/buletin.de\/bucuresti\/wp-content\/uploads\/Yz0xJmhhc2g9MTQ1MzliN2Y4YWI0MzcwM2E4NWQ4YWVhMjE0YmEzOWQ.thumb_.jpg","type":"image\/jpeg"}],"author":"Diana Matei","twitter_card":"summary_large_image","twitter_misc":{"Written by":"Diana Matei","Estimated reading time":"5 minutes"},"schema":{"@context":"https:\/\/schema.org","@graph":[{"@type":"Article","@id":"https:\/\/buletin.de\/bucuresti\/sala-palatului\/#article","isPartOf":{"@id":"https:\/\/buletin.de\/bucuresti\/sala-palatului\/"},"author":{"name":"Diana Matei","@id":"https:\/\/buletin.de\/bucuresti\/#\/schema\/person\/7e46040573290777280a0835d81ea4ea"},"headline":"Povestea fascinant\u0103 a lui Harry Potter, \u00een aceast\u0103 sear\u0103, la Sala Palatului","datePublished":"2025-01-08T09:31:05+00:00","dateModified":"2025-01-08T09:31:06+00:00","mainEntityOfPage":{"@id":"https:\/\/buletin.de\/bucuresti\/sala-palatului\/"},"wordCount":1128,"publisher":{"@id":"https:\/\/buletin.de\/bucuresti\/#organization"},"image":{"@id":"https:\/\/buletin.de\/bucuresti\/sala-palatului\/#primaryimage"},"thumbnailUrl":"https:\/\/buletin.de\/bucuresti\/wp-content\/uploads\/Yz0xJmhhc2g9MTQ1MzliN2Y4YWI0MzcwM2E4NWQ4YWVhMjE0YmEzOWQ.thumb_.jpg","keywords":["Concerte 2025","Harry Potter","Hogwarts Magic Symphony","Sala Palatului"],"articleSection":["Articole","Cultur\u0103","\u0218tiri"],"inLanguage":"en-GB","copyrightYear":"2025","copyrightHolder":{"@id":"https:\/\/buletin.de\/bucuresti\/#organization"}},{"@type":"WebPage","@id":"https:\/\/buletin.de\/bucuresti\/sala-palatului\/","url":"https:\/\/buletin.de\/bucuresti\/sala-palatului\/","name":"Povestea fascinant\u0103 a lui Harry Potter, \u00een aceast\u0103 sear\u0103, la Sala Palatului - Buletin de Bucure\u0219ti","isPartOf":{"@id":"https:\/\/buletin.de\/bucuresti\/#website"},"primaryImageOfPage":{"@id":"https:\/\/buletin.de\/bucuresti\/sala-palatului\/#primaryimage"},"image":{"@id":"https:\/\/buletin.de\/bucuresti\/sala-palatului\/#primaryimage"},"thumbnailUrl":"https:\/\/buletin.de\/bucuresti\/wp-content\/uploads\/Yz0xJmhhc2g9MTQ1MzliN2Y4YWI0MzcwM2E4NWQ4YWVhMjE0YmEzOWQ.thumb_.jpg","datePublished":"2025-01-08T09:31:05+00:00","dateModified":"2025-01-08T09:31:06+00:00","description":"Sala Palatului. Povestea lui Harry Potter, sustinuta de \u201eHogwarts Magic Symphony\u201d, incepe la ora 19:30, la Sala Palatului.","breadcrumb":{"@id":"https:\/\/buletin.de\/bucuresti\/sala-palatului\/#breadcrumb"},"inLanguage":"en-GB","potentialAction":[{"@type":"ReadAction","target":["https:\/\/buletin.de\/bucuresti\/sala-palatului\/"]}]},{"@type":"ImageObject","inLanguage":"en-GB","@id":"https:\/\/buletin.de\/bucuresti\/sala-palatului\/#primaryimage","url":"https:\/\/buletin.de\/bucuresti\/wp-content\/uploads\/Yz0xJmhhc2g9MTQ1MzliN2Y4YWI0MzcwM2E4NWQ4YWVhMjE0YmEzOWQ.thumb_.jpg","contentUrl":"https:\/\/buletin.de\/bucuresti\/wp-content\/uploads\/Yz0xJmhhc2g9MTQ1MzliN2Y4YWI0MzcwM2E4NWQ4YWVhMjE0YmEzOWQ.thumb_.jpg","width":1200,"height":630,"caption":"Povestea fascinant\u0103 a lui Harry Potter, \u00een aceast\u0103 sear\u0103, la Sala Palatului. FOTO: Digi24"},{"@type":"BreadcrumbList","@id":"https:\/\/buletin.de\/bucuresti\/sala-palatului\/#breadcrumb","itemListElement":[{"@type":"ListItem","position":1,"name":"Acas\u0103","item":"https:\/\/buletin.de\/bucuresti\/"},{"@type":"ListItem","position":2,"name":"Povestea fascinant\u0103 a lui Harry Potter, \u00een aceast\u0103 sear\u0103, la Sala Palatului"}]},{"@type":"WebSite","@id":"https:\/\/buletin.de\/bucuresti\/#website","url":"https:\/\/buletin.de\/bucuresti\/","name":"Buletin de Bucure\u0219ti","description":"\u0218tiri \u0219i investiga\u021bii esen\u021biale din capital\u0103","publisher":{"@id":"https:\/\/buletin.de\/bucuresti\/#organization"},"potentialAction":[{"@type":"SearchAction","target":{"@type":"EntryPoint","urlTemplate":"https:\/\/buletin.de\/bucuresti\/?s={search_term_string}"},"query-input":{"@type":"PropertyValueSpecification","valueRequired":true,"valueName":"search_term_string"}}],"inLanguage":"en-GB"},{"@type":"Organization","@id":"https:\/\/buletin.de\/bucuresti\/#organization","name":"Buletin de Bucure\u0219ti","url":"https:\/\/buletin.de\/bucuresti\/","logo":{"@type":"ImageObject","inLanguage":"en-GB","@id":"https:\/\/buletin.de\/bucuresti\/#\/schema\/logo\/image\/","url":"https:\/\/buletin.de\/bucuresti\/wp-content\/uploads\/logo-bdb-full-wide-vernil-transparent.png","contentUrl":"https:\/\/buletin.de\/bucuresti\/wp-content\/uploads\/logo-bdb-full-wide-vernil-transparent.png","width":1782,"height":626,"caption":"Buletin de Bucure\u0219ti"},"image":{"@id":"https:\/\/buletin.de\/bucuresti\/#\/schema\/logo\/image\/"},"sameAs":["https:\/\/www.facebook.com\/buletin.de.buc","https:\/\/www.instagram.com\/buletinde.bucuresti\/"]},{"@type":"Person","@id":"https:\/\/buletin.de\/bucuresti\/#\/schema\/person\/7e46040573290777280a0835d81ea4ea","name":"Diana Matei","image":{"@type":"ImageObject","inLanguage":"en-GB","@id":"https:\/\/buletin.de\/bucuresti\/wp-content\/uploads\/9-2-96x96.jpg1e8590b30871d70e62ebcdaf2eff570c","url":"https:\/\/buletin.de\/bucuresti\/wp-content\/uploads\/9-2-96x96.jpg","contentUrl":"https:\/\/buletin.de\/bucuresti\/wp-content\/uploads\/9-2-96x96.jpg","caption":"Diana Matei"},"url":"https:\/\/buletin.de\/bucuresti\/author\/dianamatei\/"}]}},"authors":[{"term_id":22574,"user_id":49,"is_guest":0,"slug":"dianamatei","display_name":"Diana Matei","avatar_url":"https:\/\/buletin.de\/bucuresti\/wp-content\/uploads\/9-2-96x96.jpg","0":null,"1":"","2":"","3":"","4":"","5":"","6":"","7":"","8":""}],"_links":{"self":[{"href":"https:\/\/buletin.de\/bucuresti\/wp-json\/wp\/v2\/posts\/113355","targetHints":{"allow":["GET"]}}],"collection":[{"href":"https:\/\/buletin.de\/bucuresti\/wp-json\/wp\/v2\/posts"}],"about":[{"href":"https:\/\/buletin.de\/bucuresti\/wp-json\/wp\/v2\/types\/post"}],"author":[{"embeddable":true,"href":"https:\/\/buletin.de\/bucuresti\/wp-json\/wp\/v2\/users\/49"}],"replies":[{"embeddable":true,"href":"https:\/\/buletin.de\/bucuresti\/wp-json\/wp\/v2\/comments?post=113355"}],"version-history":[{"count":2,"href":"https:\/\/buletin.de\/bucuresti\/wp-json\/wp\/v2\/posts\/113355\/revisions"}],"predecessor-version":[{"id":113362,"href":"https:\/\/buletin.de\/bucuresti\/wp-json\/wp\/v2\/posts\/113355\/revisions\/113362"}],"wp:featuredmedia":[{"embeddable":true,"href":"https:\/\/buletin.de\/bucuresti\/wp-json\/wp\/v2\/media\/113357"}],"wp:attachment":[{"href":"https:\/\/buletin.de\/bucuresti\/wp-json\/wp\/v2\/media?parent=113355"}],"wp:term":[{"taxonomy":"category","embeddable":true,"href":"https:\/\/buletin.de\/bucuresti\/wp-json\/wp\/v2\/categories?post=113355"},{"taxonomy":"post_tag","embeddable":true,"href":"https:\/\/buletin.de\/bucuresti\/wp-json\/wp\/v2\/tags?post=113355"},{"taxonomy":"author","embeddable":true,"href":"https:\/\/buletin.de\/bucuresti\/wp-json\/wp\/v2\/ppma_author?post=113355"}],"curies":[{"name":"wp","href":"https:\/\/api.w.org\/{rel}","templated":true}]}}