{"id":113099,"date":"2025-01-06T11:54:32","date_gmt":"2025-01-06T08:54:32","guid":{"rendered":"https:\/\/buletin.de\/bucuresti\/?p=113099"},"modified":"2025-01-06T17:05:30","modified_gmt":"2025-01-06T14:05:30","slug":"stalpisori-retractabili-pe-calea-victoriei-pentru-restrictionarea-traficului-cand-sunt-evenimente-de-tipul-strazi-deschise","status":"publish","type":"post","link":"https:\/\/buletin.de\/bucuresti\/stalpisori-retractabili-pe-calea-victoriei-pentru-restrictionarea-traficului-cand-sunt-evenimente-de-tipul-strazi-deschise\/","title":{"rendered":"St\u00e2lpi\u015fori retractabili pe Calea Victoriei, pentru restric\u0163ionarea traficului c\u00e2nd sunt evenimente de tipul \u201eStr\u0103zi Deschise\u201d"},"content":{"rendered":"\n<p><strong>O licita\u0163ie pentru studiu de fezabilitate, pentru st\u00e2lpi\u015fori retractabili, a fost lansat\u0103 de Administra\u0163ia Str\u0103zilor, institu\u0163ie aflat\u0103 \u00een subordinea Prim\u0103riei Generale, scriu jurnali\u015ftii <a href=\"https:\/\/economedia.ro\/administratia-strazilor-bucuresti-analizeaza-blocarea-circulatiei-rutiere-cu-stalpi-retractabili-pe-toata-calea-victoriei-in-cadrul-evenimentelor-de-tip-strazi-deschise.html\">Economedia<\/a>. St\u00e2lpi\u015forii ar urma s\u0103 fie folosi\u0163i pe Calea Victoriei, pentru blocarea temporar\u0103 a circula\u0163iei rutiere, la evenimente cultural-artistice. <\/strong><\/p>\n\n\n\n<p>Studiul de fezabilitate cost\u0103 844.000 de lei \u015fi ar trebui finalizat \u00een cel mult un an, arat\u0103 publica\u0163ia citat\u0103. Cel mai mult conteaz\u0103 componenta financiar\u0103, \u00een atribuirea contractului pentru studiul de fezabilitate (40%). Suma de 844.000 de lei ar urma s\u0103 vin\u0103 de la bugetul local, arat\u0103 anun\u0163ul publicat pe SEAP.<\/p>\n\n\n\n<p>\u201eAdministra\u021bia Str\u0103zilor Bucure\u0219ti dore\u0219te s\u0103 achizi\u021bioneze servicii de elaborare a unui studiu de fezabilitate pentru implementarea unui sistem inteligent de management pentru restric\u021bionarea temporar\u0103, pe perioada evenimentelor cultural-artistice \u0219i educa\u021bionale (Str\u0103zi Deschise) a traficului rutier cu st\u00e2lpi retractabili pe Calea Victoriei, \u00eentre Pia\u021ba Victoriei \u0219i Pod Na\u021biunile Unite\u201d, este descrierea proiectului.<\/p>\n\n\n\n<p><em>Administratia Strazilor Bucuresti doreste sa achizitioneze servicii de elaborare a unui studiu de fezabilitate pentru implementarea unui sistem inteligent de management pentru restrictionarea temporara, pe perioada evenimentelor cultural-artistice si educationale (Strazi Deschise) a traficului rutier cu stalpi retractabili pe Calea Victoriei, intre Piata Victoriei si Pod Natiunile Unite. Potrivit prevederilor art. 160 din Legea nr. 98\/2016, modificata si completata prin OUG nr. 107\/2017, autoritatea contractanta stabileste 1 termen &#8211; limita in care va asigura raspunsul clar si complet la solicitarile de clarificare\/informatii suplimentare ale ofertantilor astfel : &#8211; in cazul in care solicitarea de clarificare\/informatii suplimentare este incarcata \u00een SEAP \u00een cadrul termenului-limita de 7 zile \u00eenainte de data limita pentru depunerea ofertelor, autoritatea contractanta va raspunde la solicitarile de clarificari \u00eenainte de data limita de depunere a ofertelor cu 4 zile<\/em>, se mai arat\u0103 \u00een anun\u0163ul din Sistemul Electronic de Achizi\u0163ii Publice (SEAP).<br><\/p>\n\n\n\n<p>Acest tip de evenimente se desf\u0103\u0219oar\u0103 deja de mai mul\u021bi ani, vara, \u00een general \u00een zilele de weekend. P\u00e2n\u0103 acum, circula\u021bia era blocat\u0103 prin cordoane de poli\u021bie \u00een sec\u021biunea dintre Muzeul de Art\u0103 \u0219i Podul Na\u021biunilor Unite. Acum \u00eens\u0103, potrivit proiectului citat, se analizeaz\u0103 blocarea circula\u021biei pe toat\u0103 lungimea C\u0103ii Victoria, \u00eencep\u00e2nd de la Pia\u021ba Victoriei.<\/p>\n\n\n\n<p>\u00cen cadrul evenimentelor de tip \u201eStr\u0103zi Deschise\u201d, p\u00e2n\u0103 acum, intersec\u021biile erau l\u0103sate libere traficului rutier. De asemenea, \u00een weekend, dup\u0103 miezul nop\u021bii p\u00e2n\u0103 diminea\u021ba, traficul rutier era l\u0103sat liber pe toat\u0103 lungimea C\u0103ii Victoriei.<\/p>\n\n\n\n<p>CITE\u015eTE \u015eI: <a href=\"https:\/\/buletin.de\/bucuresti\/peste-un-milion-de-participanti-la-strazi-deschise-in-2024\/\">Peste un milion de participan\u0163i la \u201eStr\u0103zi Deschise\u201d, \u00een 2024<\/a><br><\/p>\n","protected":false},"excerpt":{"rendered":"<p>O licita\u0163ie pentru studiu de fezabilitate, pentru st\u00e2lpi\u015fori retractabili, a fost lansat\u0103 de Administra\u0163ia Str\u0103zilor, institu\u0163ie aflat\u0103 \u00een subordinea Prim\u0103riei Generale, scriu jurnali\u015ftii Economedia. St\u00e2lpi\u015forii ar urma s\u0103 fie folosi\u0163i pe Calea Victoriei, pentru blocarea temporar\u0103 a circula\u0163iei rutiere, la evenimente cultural-artistice. Studiul de fezabilitate cost\u0103 844.000 de lei \u015fi ar trebui finalizat \u00een cel [&hellip;]<\/p>\n","protected":false},"author":1,"featured_media":113104,"comment_status":"closed","ping_status":"open","sticky":false,"template":"","format":"standard","meta":{"_acf_changed":false,"inline_featured_image":false,"ngg_post_thumbnail":0,"footnotes":""},"categories":[6994,5762,24,650],"tags":[18201,2794],"ppma_author":[22583],"class_list":["post-113099","post","type-post","status-publish","format-standard","has-post-thumbnail","hentry","category-stiri-2","category-main","category-primarie","category-transport","tag-stalpisori-retractabili-calea-victoriei","tag-strazi-deschise"],"acf":[],"yoast_head":"<!-- This site is optimized with the Yoast SEO Premium plugin v25.3 (Yoast SEO v27.4) - https:\/\/yoast.com\/product\/yoast-seo-premium-wordpress\/ -->\n<title>St\u00e2lpi\u015fori retractabili pe Calea Victoriei, pentru restric\u0163ionarea traficului c\u00e2nd sunt evenimente de tipul \u201eStr\u0103zi Deschise\u201d - Buletin de Bucure\u0219ti<\/title>\n<meta name=\"description\" content=\"O licita\u0163ie pentru studiu de fezabilitate, pentru st\u00e2lpi\u015fori retractabili, a fost lansat\u0103 de Administra\u0163ia Str\u0103zilor\" \/>\n<meta name=\"robots\" content=\"index, follow, max-snippet:-1, max-image-preview:large, max-video-preview:-1\" \/>\n<link rel=\"canonical\" href=\"https:\/\/buletin.de\/bucuresti\/stalpisori-retractabili-pe-calea-victoriei-pentru-restrictionarea-traficului-cand-sunt-evenimente-de-tipul-strazi-deschise\/\" \/>\n<meta property=\"og:locale\" content=\"en_GB\" \/>\n<meta property=\"og:type\" content=\"article\" \/>\n<meta property=\"og:title\" content=\"St\u00e2lpi\u015fori retractabili pe Calea Victoriei, pentru restric\u0163ionarea traficului c\u00e2nd sunt evenimente de tipul \u201eStr\u0103zi Deschise\u201d\" \/>\n<meta property=\"og:description\" content=\"O licita\u0163ie pentru studiu de fezabilitate, pentru st\u00e2lpi\u015fori retractabili, a fost lansat\u0103 de Administra\u0163ia Str\u0103zilor\" \/>\n<meta property=\"og:url\" content=\"https:\/\/buletin.de\/bucuresti\/stalpisori-retractabili-pe-calea-victoriei-pentru-restrictionarea-traficului-cand-sunt-evenimente-de-tipul-strazi-deschise\/\" \/>\n<meta property=\"og:site_name\" content=\"Buletin de Bucure\u0219ti\" \/>\n<meta property=\"article:publisher\" content=\"https:\/\/www.facebook.com\/buletin.de.buc\" \/>\n<meta property=\"article:published_time\" content=\"2025-01-06T08:54:32+00:00\" \/>\n<meta property=\"article:modified_time\" content=\"2025-01-06T14:05:30+00:00\" \/>\n<meta property=\"og:image\" content=\"https:\/\/buletin.de\/bucuresti\/wp-content\/uploads\/bolarzi-retractabili.jpg\" \/>\n\t<meta property=\"og:image:width\" content=\"768\" \/>\n\t<meta property=\"og:image:height\" content=\"500\" \/>\n\t<meta property=\"og:image:type\" content=\"image\/jpeg\" \/>\n<meta name=\"author\" content=\"Redac\u021bia Buletin de Bucure\u0219ti\" \/>\n<meta name=\"twitter:card\" content=\"summary_large_image\" \/>\n<meta name=\"twitter:label1\" content=\"Written by\" \/>\n\t<meta name=\"twitter:data1\" content=\"Redac\u021bia Buletin de Bucure\u0219ti\" \/>\n\t<meta name=\"twitter:label2\" content=\"Estimated reading time\" \/>\n\t<meta name=\"twitter:data2\" content=\"2 minutes\" \/>\n<script type=\"application\/ld+json\" class=\"yoast-schema-graph\">{\"@context\":\"https:\\\/\\\/schema.org\",\"@graph\":[{\"@type\":\"Article\",\"@id\":\"https:\\\/\\\/buletin.de\\\/bucuresti\\\/stalpisori-retractabili-pe-calea-victoriei-pentru-restrictionarea-traficului-cand-sunt-evenimente-de-tipul-strazi-deschise\\\/#article\",\"isPartOf\":{\"@id\":\"https:\\\/\\\/buletin.de\\\/bucuresti\\\/stalpisori-retractabili-pe-calea-victoriei-pentru-restrictionarea-traficului-cand-sunt-evenimente-de-tipul-strazi-deschise\\\/\"},\"author\":{\"name\":\"Redac\u021bia Buletin de Bucure\u0219ti\",\"@id\":\"https:\\\/\\\/buletin.de\\\/bucuresti\\\/#\\\/schema\\\/person\\\/2bbcf854e5f2419a13804af574d06ab1\"},\"headline\":\"St\u00e2lpi\u015fori retractabili pe Calea Victoriei, pentru restric\u0163ionarea traficului c\u00e2nd sunt evenimente de tipul \u201eStr\u0103zi Deschise\u201d\",\"datePublished\":\"2025-01-06T08:54:32+00:00\",\"dateModified\":\"2025-01-06T14:05:30+00:00\",\"mainEntityOfPage\":{\"@id\":\"https:\\\/\\\/buletin.de\\\/bucuresti\\\/stalpisori-retractabili-pe-calea-victoriei-pentru-restrictionarea-traficului-cand-sunt-evenimente-de-tipul-strazi-deschise\\\/\"},\"wordCount\":451,\"publisher\":{\"@id\":\"https:\\\/\\\/buletin.de\\\/bucuresti\\\/#organization\"},\"image\":{\"@id\":\"https:\\\/\\\/buletin.de\\\/bucuresti\\\/stalpisori-retractabili-pe-calea-victoriei-pentru-restrictionarea-traficului-cand-sunt-evenimente-de-tipul-strazi-deschise\\\/#primaryimage\"},\"thumbnailUrl\":\"https:\\\/\\\/buletin.de\\\/bucuresti\\\/wp-content\\\/uploads\\\/bolarzi-retractabili.jpg\",\"keywords\":[\"stalpisori retractabili calea victoriei\",\"strazi deschise\"],\"articleSection\":[\"Articole\",\"Main\",\"Prim\u0103rie\",\"Transport\"],\"inLanguage\":\"en-GB\",\"copyrightYear\":\"2025\",\"copyrightHolder\":{\"@id\":\"https:\\\/\\\/buletin.de\\\/bucuresti\\\/#organization\"}},{\"@type\":\"WebPage\",\"@id\":\"https:\\\/\\\/buletin.de\\\/bucuresti\\\/stalpisori-retractabili-pe-calea-victoriei-pentru-restrictionarea-traficului-cand-sunt-evenimente-de-tipul-strazi-deschise\\\/\",\"url\":\"https:\\\/\\\/buletin.de\\\/bucuresti\\\/stalpisori-retractabili-pe-calea-victoriei-pentru-restrictionarea-traficului-cand-sunt-evenimente-de-tipul-strazi-deschise\\\/\",\"name\":\"St\u00e2lpi\u015fori retractabili pe Calea Victoriei, pentru restric\u0163ionarea traficului c\u00e2nd sunt evenimente de tipul \u201eStr\u0103zi Deschise\u201d - Buletin de Bucure\u0219ti\",\"isPartOf\":{\"@id\":\"https:\\\/\\\/buletin.de\\\/bucuresti\\\/#website\"},\"primaryImageOfPage\":{\"@id\":\"https:\\\/\\\/buletin.de\\\/bucuresti\\\/stalpisori-retractabili-pe-calea-victoriei-pentru-restrictionarea-traficului-cand-sunt-evenimente-de-tipul-strazi-deschise\\\/#primaryimage\"},\"image\":{\"@id\":\"https:\\\/\\\/buletin.de\\\/bucuresti\\\/stalpisori-retractabili-pe-calea-victoriei-pentru-restrictionarea-traficului-cand-sunt-evenimente-de-tipul-strazi-deschise\\\/#primaryimage\"},\"thumbnailUrl\":\"https:\\\/\\\/buletin.de\\\/bucuresti\\\/wp-content\\\/uploads\\\/bolarzi-retractabili.jpg\",\"datePublished\":\"2025-01-06T08:54:32+00:00\",\"dateModified\":\"2025-01-06T14:05:30+00:00\",\"description\":\"O licita\u0163ie pentru studiu de fezabilitate, pentru st\u00e2lpi\u015fori retractabili, a fost lansat\u0103 de Administra\u0163ia Str\u0103zilor\",\"breadcrumb\":{\"@id\":\"https:\\\/\\\/buletin.de\\\/bucuresti\\\/stalpisori-retractabili-pe-calea-victoriei-pentru-restrictionarea-traficului-cand-sunt-evenimente-de-tipul-strazi-deschise\\\/#breadcrumb\"},\"inLanguage\":\"en-GB\",\"potentialAction\":[{\"@type\":\"ReadAction\",\"target\":[\"https:\\\/\\\/buletin.de\\\/bucuresti\\\/stalpisori-retractabili-pe-calea-victoriei-pentru-restrictionarea-traficului-cand-sunt-evenimente-de-tipul-strazi-deschise\\\/\"]}]},{\"@type\":\"ImageObject\",\"inLanguage\":\"en-GB\",\"@id\":\"https:\\\/\\\/buletin.de\\\/bucuresti\\\/stalpisori-retractabili-pe-calea-victoriei-pentru-restrictionarea-traficului-cand-sunt-evenimente-de-tipul-strazi-deschise\\\/#primaryimage\",\"url\":\"https:\\\/\\\/buletin.de\\\/bucuresti\\\/wp-content\\\/uploads\\\/bolarzi-retractabili.jpg\",\"contentUrl\":\"https:\\\/\\\/buletin.de\\\/bucuresti\\\/wp-content\\\/uploads\\\/bolarzi-retractabili.jpg\",\"width\":768,\"height\":500,\"caption\":\"St\u00e2lpi\u015fori retractabili. FOTO: drivewaydefense.ca\"},{\"@type\":\"BreadcrumbList\",\"@id\":\"https:\\\/\\\/buletin.de\\\/bucuresti\\\/stalpisori-retractabili-pe-calea-victoriei-pentru-restrictionarea-traficului-cand-sunt-evenimente-de-tipul-strazi-deschise\\\/#breadcrumb\",\"itemListElement\":[{\"@type\":\"ListItem\",\"position\":1,\"name\":\"Acas\u0103\",\"item\":\"https:\\\/\\\/buletin.de\\\/bucuresti\\\/\"},{\"@type\":\"ListItem\",\"position\":2,\"name\":\"St\u00e2lpi\u015fori retractabili pe Calea Victoriei, pentru restric\u0163ionarea traficului c\u00e2nd sunt evenimente de tipul \u201eStr\u0103zi Deschise\u201d\"}]},{\"@type\":\"WebSite\",\"@id\":\"https:\\\/\\\/buletin.de\\\/bucuresti\\\/#website\",\"url\":\"https:\\\/\\\/buletin.de\\\/bucuresti\\\/\",\"name\":\"Buletin de Bucure\u0219ti\",\"description\":\"\u0218tiri \u0219i investiga\u021bii esen\u021biale din capital\u0103\",\"publisher\":{\"@id\":\"https:\\\/\\\/buletin.de\\\/bucuresti\\\/#organization\"},\"potentialAction\":[{\"@type\":\"SearchAction\",\"target\":{\"@type\":\"EntryPoint\",\"urlTemplate\":\"https:\\\/\\\/buletin.de\\\/bucuresti\\\/?s={search_term_string}\"},\"query-input\":{\"@type\":\"PropertyValueSpecification\",\"valueRequired\":true,\"valueName\":\"search_term_string\"}}],\"inLanguage\":\"en-GB\"},{\"@type\":\"Organization\",\"@id\":\"https:\\\/\\\/buletin.de\\\/bucuresti\\\/#organization\",\"name\":\"Buletin de Bucure\u0219ti\",\"url\":\"https:\\\/\\\/buletin.de\\\/bucuresti\\\/\",\"logo\":{\"@type\":\"ImageObject\",\"inLanguage\":\"en-GB\",\"@id\":\"https:\\\/\\\/buletin.de\\\/bucuresti\\\/#\\\/schema\\\/logo\\\/image\\\/\",\"url\":\"https:\\\/\\\/buletin.de\\\/bucuresti\\\/wp-content\\\/uploads\\\/logo-bdb-full-wide-vernil-transparent.png\",\"contentUrl\":\"https:\\\/\\\/buletin.de\\\/bucuresti\\\/wp-content\\\/uploads\\\/logo-bdb-full-wide-vernil-transparent.png\",\"width\":1782,\"height\":626,\"caption\":\"Buletin de Bucure\u0219ti\"},\"image\":{\"@id\":\"https:\\\/\\\/buletin.de\\\/bucuresti\\\/#\\\/schema\\\/logo\\\/image\\\/\"},\"sameAs\":[\"https:\\\/\\\/www.facebook.com\\\/buletin.de.buc\",\"https:\\\/\\\/www.instagram.com\\\/buletinde.bucuresti\\\/\"]},{\"@type\":\"Person\",\"@id\":\"https:\\\/\\\/buletin.de\\\/bucuresti\\\/#\\\/schema\\\/person\\\/2bbcf854e5f2419a13804af574d06ab1\",\"name\":\"Redac\u021bia Buletin de Bucure\u0219ti\",\"image\":{\"@type\":\"ImageObject\",\"inLanguage\":\"en-GB\",\"@id\":\"https:\\\/\\\/secure.gravatar.com\\\/avatar\\\/18c5342381ed1a08620e6280424e3e5efc958618f5d67c522c9e44c1bc6f9226?s=96&d=monsterid&r=g60c7cd0ad92c68c049fcd4bb3504d609\",\"url\":\"https:\\\/\\\/secure.gravatar.com\\\/avatar\\\/18c5342381ed1a08620e6280424e3e5efc958618f5d67c522c9e44c1bc6f9226?s=96&d=monsterid&r=g\",\"contentUrl\":\"https:\\\/\\\/secure.gravatar.com\\\/avatar\\\/18c5342381ed1a08620e6280424e3e5efc958618f5d67c522c9e44c1bc6f9226?s=96&d=monsterid&r=g\",\"caption\":\"Redac\u021bia Buletin de Bucure\u0219ti\"},\"description\":\"Buletin de Bucure\u0219ti exist\u0103 din vara anului 2019.\",\"url\":\"https:\\\/\\\/buletin.de\\\/bucuresti\\\/author\\\/adminbuletin\\\/\"}]}<\/script>\n<!-- \/ Yoast SEO Premium plugin. -->","yoast_head_json":{"title":"St\u00e2lpi\u015fori retractabili pe Calea Victoriei, pentru restric\u0163ionarea traficului c\u00e2nd sunt evenimente de tipul \u201eStr\u0103zi Deschise\u201d - Buletin de Bucure\u0219ti","description":"O licita\u0163ie pentru studiu de fezabilitate, pentru st\u00e2lpi\u015fori retractabili, a fost lansat\u0103 de Administra\u0163ia Str\u0103zilor","robots":{"index":"index","follow":"follow","max-snippet":"max-snippet:-1","max-image-preview":"max-image-preview:large","max-video-preview":"max-video-preview:-1"},"canonical":"https:\/\/buletin.de\/bucuresti\/stalpisori-retractabili-pe-calea-victoriei-pentru-restrictionarea-traficului-cand-sunt-evenimente-de-tipul-strazi-deschise\/","og_locale":"en_GB","og_type":"article","og_title":"St\u00e2lpi\u015fori retractabili pe Calea Victoriei, pentru restric\u0163ionarea traficului c\u00e2nd sunt evenimente de tipul \u201eStr\u0103zi Deschise\u201d","og_description":"O licita\u0163ie pentru studiu de fezabilitate, pentru st\u00e2lpi\u015fori retractabili, a fost lansat\u0103 de Administra\u0163ia Str\u0103zilor","og_url":"https:\/\/buletin.de\/bucuresti\/stalpisori-retractabili-pe-calea-victoriei-pentru-restrictionarea-traficului-cand-sunt-evenimente-de-tipul-strazi-deschise\/","og_site_name":"Buletin de Bucure\u0219ti","article_publisher":"https:\/\/www.facebook.com\/buletin.de.buc","article_published_time":"2025-01-06T08:54:32+00:00","article_modified_time":"2025-01-06T14:05:30+00:00","og_image":[{"width":768,"height":500,"url":"https:\/\/buletin.de\/bucuresti\/wp-content\/uploads\/bolarzi-retractabili.jpg","type":"image\/jpeg"}],"author":"Redac\u021bia Buletin de Bucure\u0219ti","twitter_card":"summary_large_image","twitter_misc":{"Written by":"Redac\u021bia Buletin de Bucure\u0219ti","Estimated reading time":"2 minutes"},"schema":{"@context":"https:\/\/schema.org","@graph":[{"@type":"Article","@id":"https:\/\/buletin.de\/bucuresti\/stalpisori-retractabili-pe-calea-victoriei-pentru-restrictionarea-traficului-cand-sunt-evenimente-de-tipul-strazi-deschise\/#article","isPartOf":{"@id":"https:\/\/buletin.de\/bucuresti\/stalpisori-retractabili-pe-calea-victoriei-pentru-restrictionarea-traficului-cand-sunt-evenimente-de-tipul-strazi-deschise\/"},"author":{"name":"Redac\u021bia Buletin de Bucure\u0219ti","@id":"https:\/\/buletin.de\/bucuresti\/#\/schema\/person\/2bbcf854e5f2419a13804af574d06ab1"},"headline":"St\u00e2lpi\u015fori retractabili pe Calea Victoriei, pentru restric\u0163ionarea traficului c\u00e2nd sunt evenimente de tipul \u201eStr\u0103zi Deschise\u201d","datePublished":"2025-01-06T08:54:32+00:00","dateModified":"2025-01-06T14:05:30+00:00","mainEntityOfPage":{"@id":"https:\/\/buletin.de\/bucuresti\/stalpisori-retractabili-pe-calea-victoriei-pentru-restrictionarea-traficului-cand-sunt-evenimente-de-tipul-strazi-deschise\/"},"wordCount":451,"publisher":{"@id":"https:\/\/buletin.de\/bucuresti\/#organization"},"image":{"@id":"https:\/\/buletin.de\/bucuresti\/stalpisori-retractabili-pe-calea-victoriei-pentru-restrictionarea-traficului-cand-sunt-evenimente-de-tipul-strazi-deschise\/#primaryimage"},"thumbnailUrl":"https:\/\/buletin.de\/bucuresti\/wp-content\/uploads\/bolarzi-retractabili.jpg","keywords":["stalpisori retractabili calea victoriei","strazi deschise"],"articleSection":["Articole","Main","Prim\u0103rie","Transport"],"inLanguage":"en-GB","copyrightYear":"2025","copyrightHolder":{"@id":"https:\/\/buletin.de\/bucuresti\/#organization"}},{"@type":"WebPage","@id":"https:\/\/buletin.de\/bucuresti\/stalpisori-retractabili-pe-calea-victoriei-pentru-restrictionarea-traficului-cand-sunt-evenimente-de-tipul-strazi-deschise\/","url":"https:\/\/buletin.de\/bucuresti\/stalpisori-retractabili-pe-calea-victoriei-pentru-restrictionarea-traficului-cand-sunt-evenimente-de-tipul-strazi-deschise\/","name":"St\u00e2lpi\u015fori retractabili pe Calea Victoriei, pentru restric\u0163ionarea traficului c\u00e2nd sunt evenimente de tipul \u201eStr\u0103zi Deschise\u201d - Buletin de Bucure\u0219ti","isPartOf":{"@id":"https:\/\/buletin.de\/bucuresti\/#website"},"primaryImageOfPage":{"@id":"https:\/\/buletin.de\/bucuresti\/stalpisori-retractabili-pe-calea-victoriei-pentru-restrictionarea-traficului-cand-sunt-evenimente-de-tipul-strazi-deschise\/#primaryimage"},"image":{"@id":"https:\/\/buletin.de\/bucuresti\/stalpisori-retractabili-pe-calea-victoriei-pentru-restrictionarea-traficului-cand-sunt-evenimente-de-tipul-strazi-deschise\/#primaryimage"},"thumbnailUrl":"https:\/\/buletin.de\/bucuresti\/wp-content\/uploads\/bolarzi-retractabili.jpg","datePublished":"2025-01-06T08:54:32+00:00","dateModified":"2025-01-06T14:05:30+00:00","description":"O licita\u0163ie pentru studiu de fezabilitate, pentru st\u00e2lpi\u015fori retractabili, a fost lansat\u0103 de Administra\u0163ia Str\u0103zilor","breadcrumb":{"@id":"https:\/\/buletin.de\/bucuresti\/stalpisori-retractabili-pe-calea-victoriei-pentru-restrictionarea-traficului-cand-sunt-evenimente-de-tipul-strazi-deschise\/#breadcrumb"},"inLanguage":"en-GB","potentialAction":[{"@type":"ReadAction","target":["https:\/\/buletin.de\/bucuresti\/stalpisori-retractabili-pe-calea-victoriei-pentru-restrictionarea-traficului-cand-sunt-evenimente-de-tipul-strazi-deschise\/"]}]},{"@type":"ImageObject","inLanguage":"en-GB","@id":"https:\/\/buletin.de\/bucuresti\/stalpisori-retractabili-pe-calea-victoriei-pentru-restrictionarea-traficului-cand-sunt-evenimente-de-tipul-strazi-deschise\/#primaryimage","url":"https:\/\/buletin.de\/bucuresti\/wp-content\/uploads\/bolarzi-retractabili.jpg","contentUrl":"https:\/\/buletin.de\/bucuresti\/wp-content\/uploads\/bolarzi-retractabili.jpg","width":768,"height":500,"caption":"St\u00e2lpi\u015fori retractabili. FOTO: drivewaydefense.ca"},{"@type":"BreadcrumbList","@id":"https:\/\/buletin.de\/bucuresti\/stalpisori-retractabili-pe-calea-victoriei-pentru-restrictionarea-traficului-cand-sunt-evenimente-de-tipul-strazi-deschise\/#breadcrumb","itemListElement":[{"@type":"ListItem","position":1,"name":"Acas\u0103","item":"https:\/\/buletin.de\/bucuresti\/"},{"@type":"ListItem","position":2,"name":"St\u00e2lpi\u015fori retractabili pe Calea Victoriei, pentru restric\u0163ionarea traficului c\u00e2nd sunt evenimente de tipul \u201eStr\u0103zi Deschise\u201d"}]},{"@type":"WebSite","@id":"https:\/\/buletin.de\/bucuresti\/#website","url":"https:\/\/buletin.de\/bucuresti\/","name":"Buletin de Bucure\u0219ti","description":"\u0218tiri \u0219i investiga\u021bii esen\u021biale din capital\u0103","publisher":{"@id":"https:\/\/buletin.de\/bucuresti\/#organization"},"potentialAction":[{"@type":"SearchAction","target":{"@type":"EntryPoint","urlTemplate":"https:\/\/buletin.de\/bucuresti\/?s={search_term_string}"},"query-input":{"@type":"PropertyValueSpecification","valueRequired":true,"valueName":"search_term_string"}}],"inLanguage":"en-GB"},{"@type":"Organization","@id":"https:\/\/buletin.de\/bucuresti\/#organization","name":"Buletin de Bucure\u0219ti","url":"https:\/\/buletin.de\/bucuresti\/","logo":{"@type":"ImageObject","inLanguage":"en-GB","@id":"https:\/\/buletin.de\/bucuresti\/#\/schema\/logo\/image\/","url":"https:\/\/buletin.de\/bucuresti\/wp-content\/uploads\/logo-bdb-full-wide-vernil-transparent.png","contentUrl":"https:\/\/buletin.de\/bucuresti\/wp-content\/uploads\/logo-bdb-full-wide-vernil-transparent.png","width":1782,"height":626,"caption":"Buletin de Bucure\u0219ti"},"image":{"@id":"https:\/\/buletin.de\/bucuresti\/#\/schema\/logo\/image\/"},"sameAs":["https:\/\/www.facebook.com\/buletin.de.buc","https:\/\/www.instagram.com\/buletinde.bucuresti\/"]},{"@type":"Person","@id":"https:\/\/buletin.de\/bucuresti\/#\/schema\/person\/2bbcf854e5f2419a13804af574d06ab1","name":"Redac\u021bia Buletin de Bucure\u0219ti","image":{"@type":"ImageObject","inLanguage":"en-GB","@id":"https:\/\/secure.gravatar.com\/avatar\/18c5342381ed1a08620e6280424e3e5efc958618f5d67c522c9e44c1bc6f9226?s=96&d=monsterid&r=g60c7cd0ad92c68c049fcd4bb3504d609","url":"https:\/\/secure.gravatar.com\/avatar\/18c5342381ed1a08620e6280424e3e5efc958618f5d67c522c9e44c1bc6f9226?s=96&d=monsterid&r=g","contentUrl":"https:\/\/secure.gravatar.com\/avatar\/18c5342381ed1a08620e6280424e3e5efc958618f5d67c522c9e44c1bc6f9226?s=96&d=monsterid&r=g","caption":"Redac\u021bia Buletin de Bucure\u0219ti"},"description":"Buletin de Bucure\u0219ti exist\u0103 din vara anului 2019.","url":"https:\/\/buletin.de\/bucuresti\/author\/adminbuletin\/"}]}},"authors":[{"term_id":22583,"user_id":1,"is_guest":0,"slug":"adminbuletin","display_name":"Redac\u021bia Buletin de Bucure\u0219ti","avatar_url":"https:\/\/secure.gravatar.com\/avatar\/18c5342381ed1a08620e6280424e3e5efc958618f5d67c522c9e44c1bc6f9226?s=96&d=monsterid&r=g","0":null,"1":"","2":"","3":"","4":"","5":"","6":"","7":"","8":""}],"_links":{"self":[{"href":"https:\/\/buletin.de\/bucuresti\/wp-json\/wp\/v2\/posts\/113099","targetHints":{"allow":["GET"]}}],"collection":[{"href":"https:\/\/buletin.de\/bucuresti\/wp-json\/wp\/v2\/posts"}],"about":[{"href":"https:\/\/buletin.de\/bucuresti\/wp-json\/wp\/v2\/types\/post"}],"author":[{"embeddable":true,"href":"https:\/\/buletin.de\/bucuresti\/wp-json\/wp\/v2\/users\/1"}],"replies":[{"embeddable":true,"href":"https:\/\/buletin.de\/bucuresti\/wp-json\/wp\/v2\/comments?post=113099"}],"version-history":[{"count":2,"href":"https:\/\/buletin.de\/bucuresti\/wp-json\/wp\/v2\/posts\/113099\/revisions"}],"predecessor-version":[{"id":113112,"href":"https:\/\/buletin.de\/bucuresti\/wp-json\/wp\/v2\/posts\/113099\/revisions\/113112"}],"wp:featuredmedia":[{"embeddable":true,"href":"https:\/\/buletin.de\/bucuresti\/wp-json\/wp\/v2\/media\/113104"}],"wp:attachment":[{"href":"https:\/\/buletin.de\/bucuresti\/wp-json\/wp\/v2\/media?parent=113099"}],"wp:term":[{"taxonomy":"category","embeddable":true,"href":"https:\/\/buletin.de\/bucuresti\/wp-json\/wp\/v2\/categories?post=113099"},{"taxonomy":"post_tag","embeddable":true,"href":"https:\/\/buletin.de\/bucuresti\/wp-json\/wp\/v2\/tags?post=113099"},{"taxonomy":"author","embeddable":true,"href":"https:\/\/buletin.de\/bucuresti\/wp-json\/wp\/v2\/ppma_author?post=113099"}],"curies":[{"name":"wp","href":"https:\/\/api.w.org\/{rel}","templated":true}]}}