{"id":113015,"date":"2025-01-05T11:03:14","date_gmt":"2025-01-05T08:03:14","guid":{"rendered":"https:\/\/buletin.de\/bucuresti\/?p=113015"},"modified":"2025-01-06T19:22:54","modified_gmt":"2025-01-06T16:22:54","slug":"radare-fixe-de-pe-autostrazile-a1-si-a2-programul-premergator-al-sistemului-e-sigur-a-inceput-pe-3-ianuarie","status":"publish","type":"post","link":"https:\/\/buletin.de\/bucuresti\/radare-fixe-de-pe-autostrazile-a1-si-a2-programul-premergator-al-sistemului-e-sigur-a-inceput-pe-3-ianuarie\/","title":{"rendered":"\u201eRadare fixe\u201d pe autostr\u0103zile A1 \u015fi A2. Programul premerg\u0103tor al sistemului e-SIGUR a \u00eenceput pe 1 ianuarie"},"content":{"rendered":"\n<p><strong>Poli\u0163ia Rutier\u0103 a montat \u201eradare fixe\u201d pe autostr\u0103zile A1 \u015fi A2, dar \u015fi \u00een jude\u0163ul Vrancea. Momentan, nu sunt folosite camerele CNAIR, ci sunt camere TRUCAM puse pe trepied, care \u00eenregistreaz\u0103 traficul \u015fi m\u0103soar\u0103 viteza autoturismelor. <\/strong><\/p>\n\n\n\n<p><strong>Ulterior, poli\u0163i\u015fti desemna\u0163i \u00een acest program studiaz\u0103 imaginile, afl\u0103 cine au fost \u015foferii care au dep\u0103\u015fit viteza legal\u0103 \u015fi le trimit amenzi acas\u0103. Camerele au \u00eenceput s\u0103 fie folosite astfel de pe data de 1 ianuarie. <\/strong><\/p>\n\n\n\n<p>Potrivit surselor citate, camerele \u00een cauz\u0103 \u00eenregistreaz\u0103 p\u00e2n\u0103 \u00ee\u015fi ating capacitatea de stocare. Ulterior, se descarc\u0103 \u00eenregistr\u0103rile \u015fi sunt vizate abaterile la regimul de vitez\u0103. <\/p>\n\n\n\n<p>Pentru cele identificate se intr\u0103 pe circuitul de sanc\u0163ionare \u00een lips\u0103 &#8211; sunt trimise notific\u0103ri c\u0103tre proprietarii autovehiculelor pe baza num\u0103rului de \u00eenmatriculare, pentru a comunica cine a condus \u00een acel moment autovehiculul. Odat\u0103 identificat \u015foferul, \u00eei este trimis\u0103 amenda corespunz\u0103toare.<\/p>\n\n\n\n<p>Sistemul de \u201eradare fixe\u201d, cu camere pe trepied, este deja func\u0163ional de pe data de 1 ianuarie. Deocamdat\u0103, este un program-pilot care vizeaz\u0103 autostr\u0103zile Bucure\u015fti-Pite\u015fti \u015fi Bucure\u015fti-Constan\u0163a \u015fi jude\u0163ul Vrancea, \u00een zonele cu risc ridicat, dar va fi extins odat\u0103 cu implementarea programului e-Sigur.<\/p>\n\n\n\n<figure class=\"wp-block-video\"><video height=\"720\" style=\"aspect-ratio: 1280 \/ 720;\" width=\"1280\" controls src=\"https:\/\/buletin.de\/bucuresti\/wp-content\/uploads\/Comisar-sef-de-politie-Bogdan-Oproiu-Directia-Rutiera-Trim-Trim.mp4\"><\/video><figcaption class=\"wp-element-caption\">Comisar-\u0219ef de poli\u021bie Bogdan Oproiu &#8211; Direc\u021bia Rutier\u0103<\/figcaption><\/figure>\n\n\n\n<h2 class=\"wp-block-heading\" id=\"h-radare-fixe-pe-autostrazile-a1-si-a2\">\u201eRadare fixe\u201d pe autostr\u0103zile A1 \u015fi A2<\/h2>\n\n\n\n<p><strong>e-SIGUR va fi un sistem \u00een parteneriat al Poli\u0163iei Rutiere cu CNAIR. Vor fi folosite camere care vor \u00eenregistra mai multe date \u00een afar\u0103 de viteza cu care ruleaz\u0103 autoturismele. \u00cenc\u0103 de la jum\u0103tatea lui 2023, CNAIR anun\u0163a c\u0103 a <a href=\"https:\/\/www.cnadnr.ro\/en\/node\/12351\">lanseaz\u0103 licita\u0163ia pentru servicii de consultan\u0163\u0103<\/a> pentru implementarea acestui program.<\/strong><\/p>\n\n\n\n<p>Sistemul e-SIGUR este reglementat prin lege \u00eenc\u0103 de la finalul lui 2022. O serie de \u00eenc\u0103lc\u0103ri ale legii vor putea fi identificate \u015fi sanc\u0163ionate, odat\u0103 cu implementarea proiectului:<\/p>\n\n\n\n<ul class=\"wp-block-list\">\n<li>&nbsp;posibila \u00eenc\u0103lcare a normelor de circula\u021bie pe drumurile publice sau posibila prezen\u021b\u0103 \u00een trafic a unor vehicule supuse confisc\u0103rii, c\u0103utate potrivit legii, sau care pot fi utilizate ca prob\u0103 \u00eentr-o procedur\u0103 judiciar\u0103;<\/li>\n\n\n\n<li>posibila prezen\u021b\u0103 \u00een trafic a unor vehicule care circul\u0103 f\u0103r\u0103 achitarea tarifului de utilizare \u0219i a tarifului de trecere pe re\u021beaua de drumuri.<\/li>\n\n\n\n<li>limita maxim\u0103 admis\u0103 de vitez\u0103 pentru categoria de vehicul pe un anumit sector de drum;<\/li>\n\n\n\n<li>interdic\u021bia sau restric\u021bia de a conduce un vehicul pe o band\u0103 a sensului de deplasare;<\/li>\n\n\n\n<li>semnifica\u021bia culorii ro\u0219ii a semaforului;<\/li>\n\n\n\n<li>interdic\u021bia de a conduce pe drumurile publice un vehicul a c\u0103rui \u00eenmatriculare este suspendat\u0103;<\/li>\n\n\n\n<li>&nbsp;trecerea la nivel cu calea ferat\u0103;<\/li>\n\n\n\n<li>interdic\u021bia de a adopta un comportament agresiv \u00een conducerea vehiculelor pe drumurile publice.<\/li>\n<\/ul>\n\n\n\n<p><strong>CITE\u015eTE \u015eI:<\/strong> <a href=\"https:\/\/buletin.de\/bucuresti\/video-imaginile-cu-femeia-care-a-incendiat-un-autoturism-in-sectorul-3-dupa-ce-a-fost-data-afara-de-la-serviciu\/\"><strong>VIDEO | Imaginile cu femeia care a incendiat un autoturism \u00een Sectorul 3, dup\u0103 ce a fost dat\u0103 afar\u0103 de la serviciu<\/strong><\/a><br><\/p>\n","protected":false},"excerpt":{"rendered":"<p>Poli\u0163ia Rutier\u0103 a montat \u201eradare fixe\u201d pe autostr\u0103zile A1 \u015fi A2, dar \u015fi \u00een jude\u0163ul Vrancea. Momentan, nu sunt folosite camerele CNAIR, ci sunt camere TRUCAM puse pe trepied, care \u00eenregistreaz\u0103 traficul \u015fi m\u0103soar\u0103 viteza autoturismelor. Ulterior, poli\u0163i\u015fti desemna\u0163i \u00een acest program studiaz\u0103 imaginile, afl\u0103 cine au fost \u015foferii care au dep\u0103\u015fit viteza legal\u0103 \u015fi [&hellip;]<\/p>\n","protected":false},"author":8,"featured_media":113016,"comment_status":"closed","ping_status":"open","sticky":false,"template":"","format":"standard","meta":{"_acf_changed":false,"inline_featured_image":false,"ngg_post_thumbnail":0,"footnotes":""},"categories":[6994,62,650],"tags":[3032,984,18175,4056,18174,18173],"ppma_author":[22586],"class_list":["post-113015","post","type-post","status-publish","format-standard","has-post-thumbnail","hentry","category-stiri-2","category-stiri","category-transport","tag-a1","tag-a2","tag-e-sigur","tag-politia-rutiera","tag-radare-fixe-autostrazi","tag-trucam"],"acf":[],"yoast_head":"<!-- This site is optimized with the Yoast SEO Premium plugin v25.3 (Yoast SEO v27.5) - https:\/\/yoast.com\/product\/yoast-seo-premium-wordpress\/ -->\n<title>\u201eRadare fixe\u201d pe autostr\u0103zile A1 \u015fi A2. Programul premerg\u0103tor al sistemului e-SIGUR a \u00eenceput pe 1 ianuarie - Buletin de Bucure\u0219ti<\/title>\n<meta name=\"description\" content=\"Poli\u0163ia Rutier\u0103 a montat \u201eradare fixe\u201d pe autostr\u0103zile A1 \u015fi A2. Momentan, nu sunt folosite camerele CNAIR, ci sunt camere puse pe trepied.\" \/>\n<meta name=\"robots\" content=\"index, follow, max-snippet:-1, max-image-preview:large, max-video-preview:-1\" \/>\n<link rel=\"canonical\" href=\"https:\/\/buletin.de\/bucuresti\/radare-fixe-de-pe-autostrazile-a1-si-a2-programul-premergator-al-sistemului-e-sigur-a-inceput-pe-3-ianuarie\/\" \/>\n<meta property=\"og:locale\" content=\"en_GB\" \/>\n<meta property=\"og:type\" content=\"article\" \/>\n<meta property=\"og:title\" content=\"\u201eRadare fixe\u201d pe autostr\u0103zile A1 \u015fi A2. Programul premerg\u0103tor al sistemului e-SIGUR a \u00eenceput pe 1 ianuarie\" \/>\n<meta property=\"og:description\" content=\"Poli\u0163ia Rutier\u0103 a montat \u201eradare fixe\u201d pe autostr\u0103zile A1 \u015fi A2. Momentan, nu sunt folosite camerele CNAIR, ci sunt camere puse pe trepied.\" \/>\n<meta property=\"og:url\" content=\"https:\/\/buletin.de\/bucuresti\/radare-fixe-de-pe-autostrazile-a1-si-a2-programul-premergator-al-sistemului-e-sigur-a-inceput-pe-3-ianuarie\/\" \/>\n<meta property=\"og:site_name\" content=\"Buletin de Bucure\u0219ti\" \/>\n<meta property=\"article:publisher\" content=\"https:\/\/www.facebook.com\/buletin.de.buc\" \/>\n<meta property=\"article:published_time\" content=\"2025-01-05T08:03:14+00:00\" \/>\n<meta property=\"article:modified_time\" content=\"2025-01-06T16:22:54+00:00\" \/>\n<meta property=\"og:image\" content=\"https:\/\/buletin.de\/bucuresti\/wp-content\/uploads\/masini-politie-fb-politia-romana.jpg\" \/>\n\t<meta property=\"og:image:width\" content=\"1440\" \/>\n\t<meta property=\"og:image:height\" content=\"960\" \/>\n\t<meta property=\"og:image:type\" content=\"image\/jpeg\" \/>\n<meta name=\"author\" content=\"Ionu\u021b Lepa\" \/>\n<meta name=\"twitter:card\" content=\"summary_large_image\" \/>\n<meta name=\"twitter:label1\" content=\"Written by\" \/>\n\t<meta name=\"twitter:data1\" content=\"Ionu\u021b Lepa\" \/>\n\t<meta name=\"twitter:label2\" content=\"Estimated reading time\" \/>\n\t<meta name=\"twitter:data2\" content=\"3 minutes\" \/>\n<script type=\"application\/ld+json\" class=\"yoast-schema-graph\">{\"@context\":\"https:\\\/\\\/schema.org\",\"@graph\":[{\"@type\":\"Article\",\"@id\":\"https:\\\/\\\/buletin.de\\\/bucuresti\\\/radare-fixe-de-pe-autostrazile-a1-si-a2-programul-premergator-al-sistemului-e-sigur-a-inceput-pe-3-ianuarie\\\/#article\",\"isPartOf\":{\"@id\":\"https:\\\/\\\/buletin.de\\\/bucuresti\\\/radare-fixe-de-pe-autostrazile-a1-si-a2-programul-premergator-al-sistemului-e-sigur-a-inceput-pe-3-ianuarie\\\/\"},\"author\":{\"name\":\"Ionu\u021b Lepa\",\"@id\":\"https:\\\/\\\/buletin.de\\\/bucuresti\\\/#\\\/schema\\\/person\\\/5272b8a057b33890940b57b837fc4ce6\"},\"headline\":\"\u201eRadare fixe\u201d pe autostr\u0103zile A1 \u015fi A2. Programul premerg\u0103tor al sistemului e-SIGUR a \u00eenceput pe 1 ianuarie\",\"datePublished\":\"2025-01-05T08:03:14+00:00\",\"dateModified\":\"2025-01-06T16:22:54+00:00\",\"mainEntityOfPage\":{\"@id\":\"https:\\\/\\\/buletin.de\\\/bucuresti\\\/radare-fixe-de-pe-autostrazile-a1-si-a2-programul-premergator-al-sistemului-e-sigur-a-inceput-pe-3-ianuarie\\\/\"},\"wordCount\":483,\"publisher\":{\"@id\":\"https:\\\/\\\/buletin.de\\\/bucuresti\\\/#organization\"},\"image\":{\"@id\":\"https:\\\/\\\/buletin.de\\\/bucuresti\\\/radare-fixe-de-pe-autostrazile-a1-si-a2-programul-premergator-al-sistemului-e-sigur-a-inceput-pe-3-ianuarie\\\/#primaryimage\"},\"thumbnailUrl\":\"https:\\\/\\\/buletin.de\\\/bucuresti\\\/wp-content\\\/uploads\\\/masini-politie-fb-politia-romana.jpg\",\"keywords\":[\"a1\",\"a2\",\"e-sigur\",\"politia rutiera\",\"radare fixe autostrazi\",\"trucam\"],\"articleSection\":[\"Articole\",\"\u0218tiri\",\"Transport\"],\"inLanguage\":\"en-GB\",\"copyrightYear\":\"2025\",\"copyrightHolder\":{\"@id\":\"https:\\\/\\\/buletin.de\\\/bucuresti\\\/#organization\"}},{\"@type\":\"WebPage\",\"@id\":\"https:\\\/\\\/buletin.de\\\/bucuresti\\\/radare-fixe-de-pe-autostrazile-a1-si-a2-programul-premergator-al-sistemului-e-sigur-a-inceput-pe-3-ianuarie\\\/\",\"url\":\"https:\\\/\\\/buletin.de\\\/bucuresti\\\/radare-fixe-de-pe-autostrazile-a1-si-a2-programul-premergator-al-sistemului-e-sigur-a-inceput-pe-3-ianuarie\\\/\",\"name\":\"\u201eRadare fixe\u201d pe autostr\u0103zile A1 \u015fi A2. Programul premerg\u0103tor al sistemului e-SIGUR a \u00eenceput pe 1 ianuarie - Buletin de Bucure\u0219ti\",\"isPartOf\":{\"@id\":\"https:\\\/\\\/buletin.de\\\/bucuresti\\\/#website\"},\"primaryImageOfPage\":{\"@id\":\"https:\\\/\\\/buletin.de\\\/bucuresti\\\/radare-fixe-de-pe-autostrazile-a1-si-a2-programul-premergator-al-sistemului-e-sigur-a-inceput-pe-3-ianuarie\\\/#primaryimage\"},\"image\":{\"@id\":\"https:\\\/\\\/buletin.de\\\/bucuresti\\\/radare-fixe-de-pe-autostrazile-a1-si-a2-programul-premergator-al-sistemului-e-sigur-a-inceput-pe-3-ianuarie\\\/#primaryimage\"},\"thumbnailUrl\":\"https:\\\/\\\/buletin.de\\\/bucuresti\\\/wp-content\\\/uploads\\\/masini-politie-fb-politia-romana.jpg\",\"datePublished\":\"2025-01-05T08:03:14+00:00\",\"dateModified\":\"2025-01-06T16:22:54+00:00\",\"description\":\"Poli\u0163ia Rutier\u0103 a montat \u201eradare fixe\u201d pe autostr\u0103zile A1 \u015fi A2. Momentan, nu sunt folosite camerele CNAIR, ci sunt camere puse pe trepied.\",\"breadcrumb\":{\"@id\":\"https:\\\/\\\/buletin.de\\\/bucuresti\\\/radare-fixe-de-pe-autostrazile-a1-si-a2-programul-premergator-al-sistemului-e-sigur-a-inceput-pe-3-ianuarie\\\/#breadcrumb\"},\"inLanguage\":\"en-GB\",\"potentialAction\":[{\"@type\":\"ReadAction\",\"target\":[\"https:\\\/\\\/buletin.de\\\/bucuresti\\\/radare-fixe-de-pe-autostrazile-a1-si-a2-programul-premergator-al-sistemului-e-sigur-a-inceput-pe-3-ianuarie\\\/\"]}]},{\"@type\":\"ImageObject\",\"inLanguage\":\"en-GB\",\"@id\":\"https:\\\/\\\/buletin.de\\\/bucuresti\\\/radare-fixe-de-pe-autostrazile-a1-si-a2-programul-premergator-al-sistemului-e-sigur-a-inceput-pe-3-ianuarie\\\/#primaryimage\",\"url\":\"https:\\\/\\\/buletin.de\\\/bucuresti\\\/wp-content\\\/uploads\\\/masini-politie-fb-politia-romana.jpg\",\"contentUrl\":\"https:\\\/\\\/buletin.de\\\/bucuresti\\\/wp-content\\\/uploads\\\/masini-politie-fb-politia-romana.jpg\",\"width\":1440,\"height\":960,\"caption\":\"\u201eRadare fixe\u201d pe autostr\u0103zile A1 \u015fi A2. FOTO: FB \\\/ Poli\u0163ia Rom\u00e2n\u0103\"},{\"@type\":\"BreadcrumbList\",\"@id\":\"https:\\\/\\\/buletin.de\\\/bucuresti\\\/radare-fixe-de-pe-autostrazile-a1-si-a2-programul-premergator-al-sistemului-e-sigur-a-inceput-pe-3-ianuarie\\\/#breadcrumb\",\"itemListElement\":[{\"@type\":\"ListItem\",\"position\":1,\"name\":\"Acas\u0103\",\"item\":\"https:\\\/\\\/buletin.de\\\/bucuresti\\\/\"},{\"@type\":\"ListItem\",\"position\":2,\"name\":\"\u201eRadare fixe\u201d pe autostr\u0103zile A1 \u015fi A2. Programul premerg\u0103tor al sistemului e-SIGUR a \u00eenceput pe 1 ianuarie\"}]},{\"@type\":\"WebSite\",\"@id\":\"https:\\\/\\\/buletin.de\\\/bucuresti\\\/#website\",\"url\":\"https:\\\/\\\/buletin.de\\\/bucuresti\\\/\",\"name\":\"Buletin de Bucure\u0219ti\",\"description\":\"\u0218tiri \u0219i investiga\u021bii esen\u021biale din capital\u0103\",\"publisher\":{\"@id\":\"https:\\\/\\\/buletin.de\\\/bucuresti\\\/#organization\"},\"potentialAction\":[{\"@type\":\"SearchAction\",\"target\":{\"@type\":\"EntryPoint\",\"urlTemplate\":\"https:\\\/\\\/buletin.de\\\/bucuresti\\\/?s={search_term_string}\"},\"query-input\":{\"@type\":\"PropertyValueSpecification\",\"valueRequired\":true,\"valueName\":\"search_term_string\"}}],\"inLanguage\":\"en-GB\"},{\"@type\":\"Organization\",\"@id\":\"https:\\\/\\\/buletin.de\\\/bucuresti\\\/#organization\",\"name\":\"Buletin de Bucure\u0219ti\",\"url\":\"https:\\\/\\\/buletin.de\\\/bucuresti\\\/\",\"logo\":{\"@type\":\"ImageObject\",\"inLanguage\":\"en-GB\",\"@id\":\"https:\\\/\\\/buletin.de\\\/bucuresti\\\/#\\\/schema\\\/logo\\\/image\\\/\",\"url\":\"https:\\\/\\\/buletin.de\\\/bucuresti\\\/wp-content\\\/uploads\\\/logo-bdb-full-wide-vernil-transparent.png\",\"contentUrl\":\"https:\\\/\\\/buletin.de\\\/bucuresti\\\/wp-content\\\/uploads\\\/logo-bdb-full-wide-vernil-transparent.png\",\"width\":1782,\"height\":626,\"caption\":\"Buletin de Bucure\u0219ti\"},\"image\":{\"@id\":\"https:\\\/\\\/buletin.de\\\/bucuresti\\\/#\\\/schema\\\/logo\\\/image\\\/\"},\"sameAs\":[\"https:\\\/\\\/www.facebook.com\\\/buletin.de.buc\",\"https:\\\/\\\/www.instagram.com\\\/buletinde.bucuresti\\\/\"]},{\"@type\":\"Person\",\"@id\":\"https:\\\/\\\/buletin.de\\\/bucuresti\\\/#\\\/schema\\\/person\\\/5272b8a057b33890940b57b837fc4ce6\",\"name\":\"Ionu\u021b Lepa\",\"image\":{\"@type\":\"ImageObject\",\"inLanguage\":\"en-GB\",\"@id\":\"https:\\\/\\\/buletin.de\\\/bucuresti\\\/wp-content\\\/uploads\\\/Ionut-Lepa-96x96.jpg5c4e4d9e049808799a8821652d2410a4\",\"url\":\"https:\\\/\\\/buletin.de\\\/bucuresti\\\/wp-content\\\/uploads\\\/Ionut-Lepa-96x96.jpg\",\"contentUrl\":\"https:\\\/\\\/buletin.de\\\/bucuresti\\\/wp-content\\\/uploads\\\/Ionut-Lepa-96x96.jpg\",\"caption\":\"Ionu\u021b Lepa\"},\"url\":\"https:\\\/\\\/buletin.de\\\/bucuresti\\\/author\\\/ionutlepa\\\/\"}]}<\/script>\n<!-- \/ Yoast SEO Premium plugin. -->","yoast_head_json":{"title":"\u201eRadare fixe\u201d pe autostr\u0103zile A1 \u015fi A2. Programul premerg\u0103tor al sistemului e-SIGUR a \u00eenceput pe 1 ianuarie - Buletin de Bucure\u0219ti","description":"Poli\u0163ia Rutier\u0103 a montat \u201eradare fixe\u201d pe autostr\u0103zile A1 \u015fi A2. Momentan, nu sunt folosite camerele CNAIR, ci sunt camere puse pe trepied.","robots":{"index":"index","follow":"follow","max-snippet":"max-snippet:-1","max-image-preview":"max-image-preview:large","max-video-preview":"max-video-preview:-1"},"canonical":"https:\/\/buletin.de\/bucuresti\/radare-fixe-de-pe-autostrazile-a1-si-a2-programul-premergator-al-sistemului-e-sigur-a-inceput-pe-3-ianuarie\/","og_locale":"en_GB","og_type":"article","og_title":"\u201eRadare fixe\u201d pe autostr\u0103zile A1 \u015fi A2. Programul premerg\u0103tor al sistemului e-SIGUR a \u00eenceput pe 1 ianuarie","og_description":"Poli\u0163ia Rutier\u0103 a montat \u201eradare fixe\u201d pe autostr\u0103zile A1 \u015fi A2. Momentan, nu sunt folosite camerele CNAIR, ci sunt camere puse pe trepied.","og_url":"https:\/\/buletin.de\/bucuresti\/radare-fixe-de-pe-autostrazile-a1-si-a2-programul-premergator-al-sistemului-e-sigur-a-inceput-pe-3-ianuarie\/","og_site_name":"Buletin de Bucure\u0219ti","article_publisher":"https:\/\/www.facebook.com\/buletin.de.buc","article_published_time":"2025-01-05T08:03:14+00:00","article_modified_time":"2025-01-06T16:22:54+00:00","og_image":[{"width":1440,"height":960,"url":"https:\/\/buletin.de\/bucuresti\/wp-content\/uploads\/masini-politie-fb-politia-romana.jpg","type":"image\/jpeg"}],"author":"Ionu\u021b Lepa","twitter_card":"summary_large_image","twitter_misc":{"Written by":"Ionu\u021b Lepa","Estimated reading time":"3 minutes"},"schema":{"@context":"https:\/\/schema.org","@graph":[{"@type":"Article","@id":"https:\/\/buletin.de\/bucuresti\/radare-fixe-de-pe-autostrazile-a1-si-a2-programul-premergator-al-sistemului-e-sigur-a-inceput-pe-3-ianuarie\/#article","isPartOf":{"@id":"https:\/\/buletin.de\/bucuresti\/radare-fixe-de-pe-autostrazile-a1-si-a2-programul-premergator-al-sistemului-e-sigur-a-inceput-pe-3-ianuarie\/"},"author":{"name":"Ionu\u021b Lepa","@id":"https:\/\/buletin.de\/bucuresti\/#\/schema\/person\/5272b8a057b33890940b57b837fc4ce6"},"headline":"\u201eRadare fixe\u201d pe autostr\u0103zile A1 \u015fi A2. Programul premerg\u0103tor al sistemului e-SIGUR a \u00eenceput pe 1 ianuarie","datePublished":"2025-01-05T08:03:14+00:00","dateModified":"2025-01-06T16:22:54+00:00","mainEntityOfPage":{"@id":"https:\/\/buletin.de\/bucuresti\/radare-fixe-de-pe-autostrazile-a1-si-a2-programul-premergator-al-sistemului-e-sigur-a-inceput-pe-3-ianuarie\/"},"wordCount":483,"publisher":{"@id":"https:\/\/buletin.de\/bucuresti\/#organization"},"image":{"@id":"https:\/\/buletin.de\/bucuresti\/radare-fixe-de-pe-autostrazile-a1-si-a2-programul-premergator-al-sistemului-e-sigur-a-inceput-pe-3-ianuarie\/#primaryimage"},"thumbnailUrl":"https:\/\/buletin.de\/bucuresti\/wp-content\/uploads\/masini-politie-fb-politia-romana.jpg","keywords":["a1","a2","e-sigur","politia rutiera","radare fixe autostrazi","trucam"],"articleSection":["Articole","\u0218tiri","Transport"],"inLanguage":"en-GB","copyrightYear":"2025","copyrightHolder":{"@id":"https:\/\/buletin.de\/bucuresti\/#organization"}},{"@type":"WebPage","@id":"https:\/\/buletin.de\/bucuresti\/radare-fixe-de-pe-autostrazile-a1-si-a2-programul-premergator-al-sistemului-e-sigur-a-inceput-pe-3-ianuarie\/","url":"https:\/\/buletin.de\/bucuresti\/radare-fixe-de-pe-autostrazile-a1-si-a2-programul-premergator-al-sistemului-e-sigur-a-inceput-pe-3-ianuarie\/","name":"\u201eRadare fixe\u201d pe autostr\u0103zile A1 \u015fi A2. Programul premerg\u0103tor al sistemului e-SIGUR a \u00eenceput pe 1 ianuarie - Buletin de Bucure\u0219ti","isPartOf":{"@id":"https:\/\/buletin.de\/bucuresti\/#website"},"primaryImageOfPage":{"@id":"https:\/\/buletin.de\/bucuresti\/radare-fixe-de-pe-autostrazile-a1-si-a2-programul-premergator-al-sistemului-e-sigur-a-inceput-pe-3-ianuarie\/#primaryimage"},"image":{"@id":"https:\/\/buletin.de\/bucuresti\/radare-fixe-de-pe-autostrazile-a1-si-a2-programul-premergator-al-sistemului-e-sigur-a-inceput-pe-3-ianuarie\/#primaryimage"},"thumbnailUrl":"https:\/\/buletin.de\/bucuresti\/wp-content\/uploads\/masini-politie-fb-politia-romana.jpg","datePublished":"2025-01-05T08:03:14+00:00","dateModified":"2025-01-06T16:22:54+00:00","description":"Poli\u0163ia Rutier\u0103 a montat \u201eradare fixe\u201d pe autostr\u0103zile A1 \u015fi A2. Momentan, nu sunt folosite camerele CNAIR, ci sunt camere puse pe trepied.","breadcrumb":{"@id":"https:\/\/buletin.de\/bucuresti\/radare-fixe-de-pe-autostrazile-a1-si-a2-programul-premergator-al-sistemului-e-sigur-a-inceput-pe-3-ianuarie\/#breadcrumb"},"inLanguage":"en-GB","potentialAction":[{"@type":"ReadAction","target":["https:\/\/buletin.de\/bucuresti\/radare-fixe-de-pe-autostrazile-a1-si-a2-programul-premergator-al-sistemului-e-sigur-a-inceput-pe-3-ianuarie\/"]}]},{"@type":"ImageObject","inLanguage":"en-GB","@id":"https:\/\/buletin.de\/bucuresti\/radare-fixe-de-pe-autostrazile-a1-si-a2-programul-premergator-al-sistemului-e-sigur-a-inceput-pe-3-ianuarie\/#primaryimage","url":"https:\/\/buletin.de\/bucuresti\/wp-content\/uploads\/masini-politie-fb-politia-romana.jpg","contentUrl":"https:\/\/buletin.de\/bucuresti\/wp-content\/uploads\/masini-politie-fb-politia-romana.jpg","width":1440,"height":960,"caption":"\u201eRadare fixe\u201d pe autostr\u0103zile A1 \u015fi A2. FOTO: FB \/ Poli\u0163ia Rom\u00e2n\u0103"},{"@type":"BreadcrumbList","@id":"https:\/\/buletin.de\/bucuresti\/radare-fixe-de-pe-autostrazile-a1-si-a2-programul-premergator-al-sistemului-e-sigur-a-inceput-pe-3-ianuarie\/#breadcrumb","itemListElement":[{"@type":"ListItem","position":1,"name":"Acas\u0103","item":"https:\/\/buletin.de\/bucuresti\/"},{"@type":"ListItem","position":2,"name":"\u201eRadare fixe\u201d pe autostr\u0103zile A1 \u015fi A2. Programul premerg\u0103tor al sistemului e-SIGUR a \u00eenceput pe 1 ianuarie"}]},{"@type":"WebSite","@id":"https:\/\/buletin.de\/bucuresti\/#website","url":"https:\/\/buletin.de\/bucuresti\/","name":"Buletin de Bucure\u0219ti","description":"\u0218tiri \u0219i investiga\u021bii esen\u021biale din capital\u0103","publisher":{"@id":"https:\/\/buletin.de\/bucuresti\/#organization"},"potentialAction":[{"@type":"SearchAction","target":{"@type":"EntryPoint","urlTemplate":"https:\/\/buletin.de\/bucuresti\/?s={search_term_string}"},"query-input":{"@type":"PropertyValueSpecification","valueRequired":true,"valueName":"search_term_string"}}],"inLanguage":"en-GB"},{"@type":"Organization","@id":"https:\/\/buletin.de\/bucuresti\/#organization","name":"Buletin de Bucure\u0219ti","url":"https:\/\/buletin.de\/bucuresti\/","logo":{"@type":"ImageObject","inLanguage":"en-GB","@id":"https:\/\/buletin.de\/bucuresti\/#\/schema\/logo\/image\/","url":"https:\/\/buletin.de\/bucuresti\/wp-content\/uploads\/logo-bdb-full-wide-vernil-transparent.png","contentUrl":"https:\/\/buletin.de\/bucuresti\/wp-content\/uploads\/logo-bdb-full-wide-vernil-transparent.png","width":1782,"height":626,"caption":"Buletin de Bucure\u0219ti"},"image":{"@id":"https:\/\/buletin.de\/bucuresti\/#\/schema\/logo\/image\/"},"sameAs":["https:\/\/www.facebook.com\/buletin.de.buc","https:\/\/www.instagram.com\/buletinde.bucuresti\/"]},{"@type":"Person","@id":"https:\/\/buletin.de\/bucuresti\/#\/schema\/person\/5272b8a057b33890940b57b837fc4ce6","name":"Ionu\u021b Lepa","image":{"@type":"ImageObject","inLanguage":"en-GB","@id":"https:\/\/buletin.de\/bucuresti\/wp-content\/uploads\/Ionut-Lepa-96x96.jpg5c4e4d9e049808799a8821652d2410a4","url":"https:\/\/buletin.de\/bucuresti\/wp-content\/uploads\/Ionut-Lepa-96x96.jpg","contentUrl":"https:\/\/buletin.de\/bucuresti\/wp-content\/uploads\/Ionut-Lepa-96x96.jpg","caption":"Ionu\u021b Lepa"},"url":"https:\/\/buletin.de\/bucuresti\/author\/ionutlepa\/"}]}},"authors":[{"term_id":22586,"user_id":8,"is_guest":0,"slug":"ionutlepa","display_name":"Ionu\u021b Lepa","avatar_url":"https:\/\/buletin.de\/bucuresti\/wp-content\/uploads\/Ionut-Lepa-96x96.jpg","0":null,"1":"","2":"","3":"","4":"","5":"","6":"","7":"","8":""}],"_links":{"self":[{"href":"https:\/\/buletin.de\/bucuresti\/wp-json\/wp\/v2\/posts\/113015","targetHints":{"allow":["GET"]}}],"collection":[{"href":"https:\/\/buletin.de\/bucuresti\/wp-json\/wp\/v2\/posts"}],"about":[{"href":"https:\/\/buletin.de\/bucuresti\/wp-json\/wp\/v2\/types\/post"}],"author":[{"embeddable":true,"href":"https:\/\/buletin.de\/bucuresti\/wp-json\/wp\/v2\/users\/8"}],"replies":[{"embeddable":true,"href":"https:\/\/buletin.de\/bucuresti\/wp-json\/wp\/v2\/comments?post=113015"}],"version-history":[{"count":6,"href":"https:\/\/buletin.de\/bucuresti\/wp-json\/wp\/v2\/posts\/113015\/revisions"}],"predecessor-version":[{"id":113143,"href":"https:\/\/buletin.de\/bucuresti\/wp-json\/wp\/v2\/posts\/113015\/revisions\/113143"}],"wp:featuredmedia":[{"embeddable":true,"href":"https:\/\/buletin.de\/bucuresti\/wp-json\/wp\/v2\/media\/113016"}],"wp:attachment":[{"href":"https:\/\/buletin.de\/bucuresti\/wp-json\/wp\/v2\/media?parent=113015"}],"wp:term":[{"taxonomy":"category","embeddable":true,"href":"https:\/\/buletin.de\/bucuresti\/wp-json\/wp\/v2\/categories?post=113015"},{"taxonomy":"post_tag","embeddable":true,"href":"https:\/\/buletin.de\/bucuresti\/wp-json\/wp\/v2\/tags?post=113015"},{"taxonomy":"author","embeddable":true,"href":"https:\/\/buletin.de\/bucuresti\/wp-json\/wp\/v2\/ppma_author?post=113015"}],"curies":[{"name":"wp","href":"https:\/\/api.w.org\/{rel}","templated":true}]}}