{"id":11294,"date":"2020-08-31T18:06:56","date_gmt":"2020-08-31T15:06:56","guid":{"rendered":"https:\/\/buletin.de\/bucuresti\/?p=11294"},"modified":"2020-08-31T18:06:56","modified_gmt":"2020-08-31T15:06:56","slug":"buletin-de-candidat-bogdan-toba-buftea","status":"publish","type":"post","link":"https:\/\/buletin.de\/bucuresti\/buletin-de-candidat-bogdan-toba-buftea\/","title":{"rendered":"Buletin de candidat: Bogdan Tob\u0103, Buftea"},"content":{"rendered":"\n<p><\/p>\n\n\n\n<figure class=\"wp-block-image size-large\"><img fetchpriority=\"high\" decoding=\"async\" width=\"900\" height=\"900\" src=\"data:image\/gif;base64,R0lGODlhAQABAAAAACH5BAEKAAEALAAAAAABAAEAAAICTAEAOw==\" data-src=\"https:\/\/buletin.de\/bucuresti\/wp-content\/uploads\/EU0Q3293pt-bufteapatratfara-text-2-900x900.jpg\" alt=\"\" class=\"wp-image-11296 lazyload\" data-sizes=\"auto\" data-srcset=\"https:\/\/buletin.de\/bucuresti\/wp-content\/uploads\/EU0Q3293pt-bufteapatratfara-text-2-900x900.jpg 900w, https:\/\/buletin.de\/bucuresti\/wp-content\/uploads\/EU0Q3293pt-bufteapatratfara-text-2-300x300.jpg 300w, https:\/\/buletin.de\/bucuresti\/wp-content\/uploads\/EU0Q3293pt-bufteapatratfara-text-2-100x100.jpg 100w, https:\/\/buletin.de\/bucuresti\/wp-content\/uploads\/EU0Q3293pt-bufteapatratfara-text-2-600x600.jpg 600w, https:\/\/buletin.de\/bucuresti\/wp-content\/uploads\/EU0Q3293pt-bufteapatratfara-text-2-150x150.jpg 150w, https:\/\/buletin.de\/bucuresti\/wp-content\/uploads\/EU0Q3293pt-bufteapatratfara-text-2-768x768.jpg 768w, https:\/\/buletin.de\/bucuresti\/wp-content\/uploads\/EU0Q3293pt-bufteapatratfara-text-2-1536x1536.jpg 1536w, https:\/\/buletin.de\/bucuresti\/wp-content\/uploads\/EU0Q3293pt-bufteapatratfara-text-2-2048x2048.jpg 2048w, https:\/\/buletin.de\/bucuresti\/wp-content\/uploads\/EU0Q3293pt-bufteapatratfara-text-2-1060x1060.jpg 1060w, https:\/\/buletin.de\/bucuresti\/wp-content\/uploads\/EU0Q3293pt-bufteapatratfara-text-2-550x550.jpg 550w, https:\/\/buletin.de\/bucuresti\/wp-content\/uploads\/EU0Q3293pt-bufteapatratfara-text-2-500x500.jpg 500w, https:\/\/buletin.de\/bucuresti\/wp-content\/uploads\/EU0Q3293pt-bufteapatratfara-text-2-1920x1920.jpg 1920w, https:\/\/buletin.de\/bucuresti\/wp-content\/uploads\/EU0Q3293pt-bufteapatratfara-text-2-1080x1080.jpg 1080w\" sizes=\"(max-width: 900px) 100vw, 900px\" \/><\/figure>\n\n\n\n<h3 class=\"wp-block-heading\"><strong>Care este ocupa\u021bia dumneavoastr\u0103 actual\u0103?<\/strong><\/h3>\n\n\n\n<p>Asociat \u0219i angajat \u00eentr-o firm\u0103 de contabilitate \u0219i asociat \u0219i administrator \u00eentr-o firm\u0103 de \u00eenchirieri schele metalice.<\/p>\n\n\n\n<h3 class=\"wp-block-heading\"><strong>Ce activitate politic\u0103 a\u021bi avut \u00een trecut?<\/strong><\/h3>\n\n\n\n<p>Am candidat independent pentru Consiliul Local Buftea \u00een 2016 \u0219i am ob\u021binut func\u021bia de consilier local, invalidat\u0103 ulterior, pe motiv c\u0103 nu am desemnat mandatar financiar.<\/p>\n\n\n\n<h3 class=\"wp-block-heading\"><strong>A\u021bi fost vreodat\u0103 parte a altui partid politic dec\u00e2t cel actual?<\/strong><\/h3>\n\n\n\n<p>Dup\u0103 alegerile locale din 2016 am intrat \u00een USR \u00eenc\u0103 de la \u00eenfiin\u021bare \u0219i am fost fondatorul filialei locale USR Buftea. Dup\u0103 doi ani, \u00een filial\u0103 s-a \u00eenscris un grup mare de membri, unii dintre ei rude, vecini, colegi de serviciu, care m-au exclus din partid. Am contestat decizia, iar Comisia Jude\u021bean\u0103 de Arbitraj a USR Ilfov mi-a dat dreptate \u0219i m-a repus \u00een drepturi, dar imediat am demisionat \u0219i am luat decizia s\u0103 candidez independent la locale 2020.<\/p>\n\n\n\n<h3 class=\"wp-block-heading\"><strong>Identifica\u021bi 5 probleme majore ale ora\u0219ului Buftea:\u00a0<\/strong><\/h3>\n\n\n\n<ol class=\"wp-block-list\"><li>Infrastructura \u0219colar\u0103. Lipsa unei cre\u0219e, \u00een ora\u0219 nefiind niciuna. Mai e mare nevoie de \u00eenc\u0103 o gr\u0103dini\u021b\u0103 cu program prelungit \u0219i de o \u0219coal\u0103 nou\u0103.&nbsp;<\/li><li>Apa potabil\u0103 furnizat\u0103 de compania RAJA Constan\u021ba e de o calitate extrem de proast\u0103, iar pre\u021bul e cel mai mare din \u021bar\u0103, 10 lei\/mc.&nbsp;<\/li><li>Lipsa locurilor de petrecere a timpului liber<\/li><li>To\u021bi consilierii locali voteaz\u0103 \u00een unanimitate proiectele primarului, f\u0103r\u0103 dezbateri, f\u0103r\u0103 alte propuneri, ceea duce ora\u0219ul \u00eentr-o singur\u0103 direc\u021bie\u2026 unde vrea primarul, nu unde are nevoie comunitatea.&nbsp;<\/li><li>Ora\u0219ul nu se dezvolt\u0103. Nu se construiesc locuin\u021be, nu exist\u0103 proiecte mari, nu vin companii care s\u0103 investeasc\u0103.<\/li><\/ol>\n\n\n\n<h3 class=\"wp-block-heading\"><strong>Identifica\u021bi 5 aspecte pozitive ale ora\u0219ului Buftea<\/strong>:<\/h3>\n\n\n\n<ol class=\"wp-block-list\"><li>A\u0219ezarea geografic\u0103, pe r\u00e2ul Colentina, 3 lacuri, 3 p\u0103duri.&nbsp;&nbsp;<\/li><li>Istoria \u0219i tradi\u021bia. Domeniul \u0218tirbey, monumente istorice, Studiourile Buftea, foste mari fabrici, de vat\u0103, de conserve, primul ora\u0219 din Ilfov.<\/li><li>Gara Buftea. Putem ajunge rapid \u00een mijlocul capitalei, sau chiar pe Valea Prahovei.&nbsp;<\/li><li>Lipsa aglomera\u021biei urbane \u0219i dezvolt\u0103rii haotice<\/li><li>O mul\u021bime de oameni de valoare. <\/li><\/ol>\n\n\n\n<h3 class=\"wp-block-heading\"><strong>Prezenta\u021bi, pe scurt, principalele 5 proiecte pentru Buftea<\/strong>:<\/h3>\n\n\n\n<ol class=\"wp-block-list\"><li>Implicarea \u00eentregii comunit\u0103\u021bi \u00een educa\u021bie <em>&#8211; <\/em>E obligatoriu ca to\u021bi cet\u0103\u021benii s\u0103 ne implic\u0103m \u00een educa\u021bia din comunitate, c\u0103ci, mai devreme sau mai t\u00e2rziu, lipsa ei ne va afecta pe to\u021bi<\/li><li>Transparen\u021b\u0103 \u0219i comunicare \u00een administra\u021bia public\u0103, c\u0103ci lipsa lor duce la tensiuni \u0219i nesiguran\u021b\u0103<\/li><li>Apa curat\u0103 la pre\u021b decent<em>&#8211; <\/em>Vom pune compania RAJA in slujba comunit\u0103\u021bii, nu invers, cum e acum!<\/li><li>Siguran\u021ba public\u0103 \u0219i bun sim\u021b <em>&#8211;<\/em><strong><em> <\/em><\/strong>Pentru o via\u021b\u0103 mai bun\u0103, pentru un ora\u0219 civilizat \u0219i pentru confortul nostru, avem nevoie s\u0103 impunem bunul sim\u021b in Buftea<\/li><li>Locuri de petrecut timpul liber<strong> <\/strong><strong><em>&#8211;<\/em><\/strong><em> <\/em>Sunt pasionat de natur\u0103, fac sport, am copii, particip la ac\u021biuni civice. Ca primar, ar fi imposibil s\u0103 ignor capitolul acesta. Buftea e binecuv\u00e2ntat\u0103 cu 3 p\u0103duri \u0219i 3 lacuri superbe, plus Domeniul \u0218tirbey \u0219i Pepiniera\u2026 trebuie s\u0103 ne bucur\u0103m cu adev\u0103rat de aceste resurse.<\/li><\/ol>\n\n\n\n<h3 class=\"wp-block-heading\"><strong>Care este cel mai de pre\u021b lucru al dumneavoastr\u0103?<\/strong><\/h3>\n\n\n\n<p>Reputa\u021bia pe care mi-am construit-o \u00een Buftea<\/p>\n\n\n\n<h3 class=\"wp-block-heading\"><strong>C\u00e2t aprecia\u021bi c\u0103 ar \u00eensuma (aproximativ) averea dumneavoastr\u0103 expirmat\u0103 \u00een lei?<\/strong><\/h3>\n\n\n\n<p>Apartamentul plus un teren, valoare total\u0103 \u00een jur de 200 000 lei.<\/p>\n\n\n\n<h3 class=\"wp-block-heading\"><strong>Care este hobby-ul dumneavoastr\u0103?<\/strong><\/h3>\n\n\n\n<p>C\u00e2nt la tobe \u00eentr-o trup\u0103 rock, \u0219i nu datorit\u0103 numelui, ascult mult\u0103 muzic\u0103 \u0219i practic triatlonul, un sport care include probe de \u00eenot, ciclism, alergare, pe distan\u021be lungi. <\/p>\n\n\n\n<h3 class=\"wp-block-heading\"><strong>Care este scriitorul preferat al dumneavoastr\u0103?<\/strong><\/h3>\n\n\n\n<p>Probabil Marin Preda, pe care l-am citit \u00een adolescen\u021b\u0103 \u0219i mi-a r\u0103mas la inim\u0103.<\/p>\n\n\n\n<h3 class=\"wp-block-heading\"><strong>Ce fel de muzic\u0103 prefera\u021bi?<\/strong><\/h3>\n\n\n\n<p>Rock. Sunt un nostalgic al rockului alternativ din anii 90, dar \u0219i al metalului din anii 80-90. \u00cens\u0103 ascult \u0219i cele mai noi trupe de rock, fiind la curent cu tot ce apare.<\/p>\n\n\n\n<h3 class=\"wp-block-heading\"><strong>Care este filmul dumneavoastr\u0103 preferat? Dar serial?<\/strong><\/h3>\n\n\n\n<p>Man on the moon.&nbsp;<br>La seriale nu m\u0103 uit din lips\u0103 de timp, dar tot m-a ag\u0103\u021bat \u00een starea de urgen\u021b\u0103 Losers, pe Netflix. Un mic serial despre c\u00e2teva pove\u0219ti adev\u0103rate, cu sportivi care au \u0219tiut s\u0103 piard\u0103 \u0219i s\u0103 renasc\u0103.<\/p>\n\n\n\n<h3 class=\"wp-block-heading\"><strong>Care este ultima carte pe care a\u021bi citit-o?&nbsp;<\/strong><\/h3>\n\n\n\n<p>Tocmai am terminat \u201cM\u0103n\u00e2nc\u0103 \u0219i alearg\u0103\u201d a unui celebru alerg\u0103tor de ultra maratoane \u0219i am \u00eenceput The Iron War, despre o rivalitate din triatlon, unde doi sportivi au parcurs um\u0103r la um\u0103r, 9 ore de competi\u021bie la 40 de grade. <\/p>\n\n\n\n<h3 class=\"wp-block-heading\"><strong>Care este locul preferat din Buftea? De ce?<\/strong><\/h3>\n\n\n\n<p>\u00cen fa\u021ba Casei de Cultur\u0103, exact \u00een centrul ora\u0219ului. Este o cl\u0103dire mare, cu mult\u0103 activitate pe vremuri, eu cresc\u00e2nd \u0219i locuind \u0219i acum vis-a-vis. Acolo m-am jucat, \u00een ea am petrecut mult timp, acolo am stat sear\u0103 de sear\u0103 \u00een adolescen\u021b\u0103 cu ga\u0219ca de rockeri pe sc\u0103ri, acolo ies \u0219i acum cu copiii mei.&nbsp;<\/p>\n\n\n\n<h3 class=\"wp-block-heading\"><strong>Cu ce v\u0103 deplasa\u021bi \u00een Buftea? Ave\u021bi biciclet\u0103?<\/strong><\/h3>\n\n\n\n<p>Sunt un \u00eemp\u0103timit al bicicletelor \u0219i m\u0103 deplasez aproape mereu cu bicicleta, inclusiv la job, inclusiv spre Bucure\u0219ti, cu ma\u0219ina circul\u00e2nd doar c\u00e2nd sunt cu copiii.<\/p>\n\n\n\n<h3 class=\"wp-block-heading\"><strong>Ce lipse\u0219te \u0219colilor din Buftea?<\/strong><\/h3>\n\n\n\n<ul class=\"wp-block-list\"><li>Sisteme de ventilatie a aerului \u00een s\u0103lile de clas\u0103.<\/li><li>Gard nou la&nbsp; \u0218coala Nr. 1, cu trotuar nou aferent.<\/li><li>Toalete moderne \u00een toate unit\u0103\u021bile de \u00eenv\u0103\u021b\u0103m\u00e2nt,&nbsp; refacute de la 0.<\/li><li>Asigurarea de la buget a meselor din gr\u0103dini\u021be, f\u0103r\u0103 s\u0103 mai pl\u0103teasc\u0103 p\u0103rin\u021bii.<\/li><li>Educa\u021bie gratis, unit\u0103\u021bi de \u00eenv\u0103\u021b\u0103m\u00e2nt dotate, zero lei de la p\u0103rin\u021bi.<\/li><li>Combaterea abandonului \u0219colar \u2013 avem nevoie de bufteni educa\u021bi!<\/li><li>Construc\u021bia urgent\u0103 a unei cre\u0219e, dar \u0219i a unei gradini\u021be.<\/li><li>Cabinete medicale \u00een toate unit\u0103\u021bile de \u00eenv\u0103\u021b\u0103m\u00e2nt.<\/li><li>Transparen\u021b\u0103 in \u0219coli, comunicare si implicarea parin\u021bilor in procesul decizional.<\/li><li>Clasa de cinematografie, men\u021bin\u00e2nd tradi\u021bia ora\u0219ului, la Liceul Barbu Stirbey.<\/li><\/ul>\n\n\n\n<h3 class=\"wp-block-heading\"><strong>Cum ve\u021bi asigura dezbaterile publice pe bugete?&nbsp;<\/strong><\/h3>\n\n\n\n<p>De\u021bin o pagin\u0103 personal\u0103 de Facebook urm\u0103rit\u0103 de 5000 de Bufteni \u0219i mai administrez un grup Local Buftea, cu aproape 9000 de bufteni, \u0219i o pagin\u0103 Expresul De Buftea, urm\u0103rit\u0103 de aproape 8000 de oameni. O s\u0103 fie u\u0219or s\u0103 comunic\u0103m \u0219i s\u0103 dezbatem. \u00cen plus \u0219edin\u021bele Consiliului Local Buftea vor fi transmise video \u00een direct.<\/p>\n\n\n\n<p>Voi insista pentru implicarea cet\u0103\u021benilor \u00een procesul decisional \u0219i vom organiza adun\u0103ri publice nu doar in campanii electorale!&nbsp; Dezbateri lunare organizate \u00een Prim\u0103rie, online, sau punctual, \u00een ora\u0219, pe proiecte ce urmeaz\u0103 a fi supuse votului in consiliu.<\/p>\n\n\n\n<p>Iar dezbaterea bugetului va fi evenimentul anului, respect\u00e2nd legea, public\u00e2nd \u00een timp propunerea de buget, \u0219i solicit\u00e2nd cet\u0103\u021benilor s\u0103 vin\u0103 cu propuneri \u0219i proiecte. <br><\/p>\n","protected":false},"excerpt":{"rendered":"<p>Care este ocupa\u021bia dumneavoastr\u0103 actual\u0103? Asociat \u0219i angajat \u00eentr-o firm\u0103 de contabilitate \u0219i asociat \u0219i administrator \u00eentr-o firm\u0103 de \u00eenchirieri schele metalice. Ce activitate politic\u0103 a\u021bi avut \u00een trecut? Am candidat independent pentru Consiliul Local Buftea \u00een 2016 \u0219i am ob\u021binut func\u021bia de consilier local, invalidat\u0103 ulterior, pe motiv c\u0103 nu am desemnat mandatar financiar. [&hellip;]<\/p>\n","protected":false},"author":17,"featured_media":11295,"comment_status":"closed","ping_status":"open","sticky":false,"template":"","format":"standard","meta":{"_acf_changed":false,"inline_featured_image":false,"ngg_post_thumbnail":0,"footnotes":""},"categories":[1113],"tags":[1507,1425],"ppma_author":[22576],"class_list":["post-11294","post","type-post","status-publish","format-standard","has-post-thumbnail","hentry","category-locale-2020","tag-buletin-de-candidat","tag-buftea"],"acf":[],"yoast_head":"<!-- This site is optimized with the Yoast SEO Premium plugin v25.3 (Yoast SEO v27.4) - https:\/\/yoast.com\/product\/yoast-seo-premium-wordpress\/ -->\n<title>Buletin de candidat: Bogdan Tob\u0103, Buftea - Buletin de Bucure\u0219ti<\/title>\n<meta name=\"robots\" content=\"index, follow, max-snippet:-1, max-image-preview:large, max-video-preview:-1\" \/>\n<link rel=\"canonical\" href=\"https:\/\/buletin.de\/bucuresti\/buletin-de-candidat-bogdan-toba-buftea\/\" \/>\n<meta property=\"og:locale\" content=\"en_GB\" \/>\n<meta property=\"og:type\" content=\"article\" \/>\n<meta property=\"og:title\" content=\"Buletin de candidat: Bogdan Tob\u0103, Buftea\" \/>\n<meta property=\"og:description\" content=\"Care este ocupa\u021bia dumneavoastr\u0103 actual\u0103? Asociat \u0219i angajat \u00eentr-o firm\u0103 de contabilitate \u0219i asociat \u0219i administrator \u00eentr-o firm\u0103 de \u00eenchirieri schele metalice. Ce activitate politic\u0103 a\u021bi avut \u00een trecut? Am candidat independent pentru Consiliul Local Buftea \u00een 2016 \u0219i am ob\u021binut func\u021bia de consilier local, invalidat\u0103 ulterior, pe motiv c\u0103 nu am desemnat mandatar financiar. [&hellip;]\" \/>\n<meta property=\"og:url\" content=\"https:\/\/buletin.de\/bucuresti\/buletin-de-candidat-bogdan-toba-buftea\/\" \/>\n<meta property=\"og:site_name\" content=\"Buletin de Bucure\u0219ti\" \/>\n<meta property=\"article:publisher\" content=\"https:\/\/www.facebook.com\/buletin.de.buc\" \/>\n<meta property=\"article:published_time\" content=\"2020-08-31T15:06:56+00:00\" \/>\n<meta property=\"og:image\" content=\"https:\/\/buletin.de\/bucuresti\/wp-content\/uploads\/dcdcd125-4674-4db6-9ae5-0662f798cba5.jpg\" \/>\n\t<meta property=\"og:image:width\" content=\"1600\" \/>\n\t<meta property=\"og:image:height\" content=\"1066\" \/>\n\t<meta property=\"og:image:type\" content=\"image\/jpeg\" \/>\n<meta name=\"author\" content=\"Florin R\u00e2\u0219teiu\" \/>\n<meta name=\"twitter:card\" content=\"summary_large_image\" \/>\n<meta name=\"twitter:label1\" content=\"Written by\" \/>\n\t<meta name=\"twitter:data1\" content=\"Florin R\u00e2\u0219teiu\" \/>\n\t<meta name=\"twitter:label2\" content=\"Estimated reading time\" \/>\n\t<meta name=\"twitter:data2\" content=\"6 minutes\" \/>\n<script type=\"application\/ld+json\" class=\"yoast-schema-graph\">{\"@context\":\"https:\\\/\\\/schema.org\",\"@graph\":[{\"@type\":\"Article\",\"@id\":\"https:\\\/\\\/buletin.de\\\/bucuresti\\\/buletin-de-candidat-bogdan-toba-buftea\\\/#article\",\"isPartOf\":{\"@id\":\"https:\\\/\\\/buletin.de\\\/bucuresti\\\/buletin-de-candidat-bogdan-toba-buftea\\\/\"},\"author\":{\"name\":\"Florin R\u00e2\u0219teiu\",\"@id\":\"https:\\\/\\\/buletin.de\\\/bucuresti\\\/#\\\/schema\\\/person\\\/b0686d7a8b666c6afc78239777fd8a89\"},\"headline\":\"Buletin de candidat: Bogdan Tob\u0103, Buftea\",\"datePublished\":\"2020-08-31T15:06:56+00:00\",\"mainEntityOfPage\":{\"@id\":\"https:\\\/\\\/buletin.de\\\/bucuresti\\\/buletin-de-candidat-bogdan-toba-buftea\\\/\"},\"wordCount\":1135,\"publisher\":{\"@id\":\"https:\\\/\\\/buletin.de\\\/bucuresti\\\/#organization\"},\"image\":{\"@id\":\"https:\\\/\\\/buletin.de\\\/bucuresti\\\/buletin-de-candidat-bogdan-toba-buftea\\\/#primaryimage\"},\"thumbnailUrl\":\"https:\\\/\\\/buletin.de\\\/bucuresti\\\/wp-content\\\/uploads\\\/dcdcd125-4674-4db6-9ae5-0662f798cba5.jpg\",\"keywords\":[\"#Buletin de candidat\",\"buftea\"],\"articleSection\":[\"Locale 2020\"],\"inLanguage\":\"en-GB\",\"copyrightYear\":\"2020\",\"copyrightHolder\":{\"@id\":\"https:\\\/\\\/buletin.de\\\/bucuresti\\\/#organization\"}},{\"@type\":\"WebPage\",\"@id\":\"https:\\\/\\\/buletin.de\\\/bucuresti\\\/buletin-de-candidat-bogdan-toba-buftea\\\/\",\"url\":\"https:\\\/\\\/buletin.de\\\/bucuresti\\\/buletin-de-candidat-bogdan-toba-buftea\\\/\",\"name\":\"Buletin de candidat: Bogdan Tob\u0103, Buftea - Buletin de Bucure\u0219ti\",\"isPartOf\":{\"@id\":\"https:\\\/\\\/buletin.de\\\/bucuresti\\\/#website\"},\"primaryImageOfPage\":{\"@id\":\"https:\\\/\\\/buletin.de\\\/bucuresti\\\/buletin-de-candidat-bogdan-toba-buftea\\\/#primaryimage\"},\"image\":{\"@id\":\"https:\\\/\\\/buletin.de\\\/bucuresti\\\/buletin-de-candidat-bogdan-toba-buftea\\\/#primaryimage\"},\"thumbnailUrl\":\"https:\\\/\\\/buletin.de\\\/bucuresti\\\/wp-content\\\/uploads\\\/dcdcd125-4674-4db6-9ae5-0662f798cba5.jpg\",\"datePublished\":\"2020-08-31T15:06:56+00:00\",\"breadcrumb\":{\"@id\":\"https:\\\/\\\/buletin.de\\\/bucuresti\\\/buletin-de-candidat-bogdan-toba-buftea\\\/#breadcrumb\"},\"inLanguage\":\"en-GB\",\"potentialAction\":[{\"@type\":\"ReadAction\",\"target\":[\"https:\\\/\\\/buletin.de\\\/bucuresti\\\/buletin-de-candidat-bogdan-toba-buftea\\\/\"]}]},{\"@type\":\"ImageObject\",\"inLanguage\":\"en-GB\",\"@id\":\"https:\\\/\\\/buletin.de\\\/bucuresti\\\/buletin-de-candidat-bogdan-toba-buftea\\\/#primaryimage\",\"url\":\"https:\\\/\\\/buletin.de\\\/bucuresti\\\/wp-content\\\/uploads\\\/dcdcd125-4674-4db6-9ae5-0662f798cba5.jpg\",\"contentUrl\":\"https:\\\/\\\/buletin.de\\\/bucuresti\\\/wp-content\\\/uploads\\\/dcdcd125-4674-4db6-9ae5-0662f798cba5.jpg\",\"width\":1600,\"height\":1066},{\"@type\":\"BreadcrumbList\",\"@id\":\"https:\\\/\\\/buletin.de\\\/bucuresti\\\/buletin-de-candidat-bogdan-toba-buftea\\\/#breadcrumb\",\"itemListElement\":[{\"@type\":\"ListItem\",\"position\":1,\"name\":\"Acas\u0103\",\"item\":\"https:\\\/\\\/buletin.de\\\/bucuresti\\\/\"},{\"@type\":\"ListItem\",\"position\":2,\"name\":\"Buletin de candidat: Bogdan Tob\u0103, Buftea\"}]},{\"@type\":\"WebSite\",\"@id\":\"https:\\\/\\\/buletin.de\\\/bucuresti\\\/#website\",\"url\":\"https:\\\/\\\/buletin.de\\\/bucuresti\\\/\",\"name\":\"Buletin de Bucure\u0219ti\",\"description\":\"\u0218tiri \u0219i investiga\u021bii esen\u021biale din capital\u0103\",\"publisher\":{\"@id\":\"https:\\\/\\\/buletin.de\\\/bucuresti\\\/#organization\"},\"potentialAction\":[{\"@type\":\"SearchAction\",\"target\":{\"@type\":\"EntryPoint\",\"urlTemplate\":\"https:\\\/\\\/buletin.de\\\/bucuresti\\\/?s={search_term_string}\"},\"query-input\":{\"@type\":\"PropertyValueSpecification\",\"valueRequired\":true,\"valueName\":\"search_term_string\"}}],\"inLanguage\":\"en-GB\"},{\"@type\":\"Organization\",\"@id\":\"https:\\\/\\\/buletin.de\\\/bucuresti\\\/#organization\",\"name\":\"Buletin de Bucure\u0219ti\",\"url\":\"https:\\\/\\\/buletin.de\\\/bucuresti\\\/\",\"logo\":{\"@type\":\"ImageObject\",\"inLanguage\":\"en-GB\",\"@id\":\"https:\\\/\\\/buletin.de\\\/bucuresti\\\/#\\\/schema\\\/logo\\\/image\\\/\",\"url\":\"https:\\\/\\\/buletin.de\\\/bucuresti\\\/wp-content\\\/uploads\\\/logo-bdb-full-wide-vernil-transparent.png\",\"contentUrl\":\"https:\\\/\\\/buletin.de\\\/bucuresti\\\/wp-content\\\/uploads\\\/logo-bdb-full-wide-vernil-transparent.png\",\"width\":1782,\"height\":626,\"caption\":\"Buletin de Bucure\u0219ti\"},\"image\":{\"@id\":\"https:\\\/\\\/buletin.de\\\/bucuresti\\\/#\\\/schema\\\/logo\\\/image\\\/\"},\"sameAs\":[\"https:\\\/\\\/www.facebook.com\\\/buletin.de.buc\",\"https:\\\/\\\/www.instagram.com\\\/buletinde.bucuresti\\\/\"]},{\"@type\":\"Person\",\"@id\":\"https:\\\/\\\/buletin.de\\\/bucuresti\\\/#\\\/schema\\\/person\\\/b0686d7a8b666c6afc78239777fd8a89\",\"name\":\"Florin R\u00e2\u0219teiu\",\"image\":{\"@type\":\"ImageObject\",\"inLanguage\":\"en-GB\",\"@id\":\"https:\\\/\\\/buletin.de\\\/bucuresti\\\/wp-content\\\/uploads\\\/Florin-Rasteiu-96x96.jpgf0a6fe28453aa12f0a60e4d0a2e3a78c\",\"url\":\"https:\\\/\\\/buletin.de\\\/bucuresti\\\/wp-content\\\/uploads\\\/Florin-Rasteiu-96x96.jpg\",\"contentUrl\":\"https:\\\/\\\/buletin.de\\\/bucuresti\\\/wp-content\\\/uploads\\\/Florin-Rasteiu-96x96.jpg\",\"caption\":\"Florin R\u00e2\u0219teiu\"},\"description\":\"Jurnalist de investiga\u021bie. Lucreaz\u0103 de aproape 6 ani la Buletin de Bucure\u0219ti, unde a publicat articole care scot la suprafa\u021b\u0103 corup\u021bia din Capital\u0103. Analizeaz\u0103 baze de date zilnic \u0219i scoate pove\u0219ti din exceluri pline de cifre. Pune reflectorul pe adev\u0103r cu fiecare ocazie. A c\u00e2\u0219tigat premiul I la categoria Pres\u0103 Local\u0103 \u00een 2025 \u0219i locul al II-lea la aceea\u0219i categorie \u00een 2024 \u00een cadrul Premiilor Superscrieri pentru jurnalism independent.\",\"url\":\"https:\\\/\\\/buletin.de\\\/bucuresti\\\/author\\\/florinrasteiu\\\/\"}]}<\/script>\n<!-- \/ Yoast SEO Premium plugin. -->","yoast_head_json":{"title":"Buletin de candidat: Bogdan Tob\u0103, Buftea - Buletin de Bucure\u0219ti","robots":{"index":"index","follow":"follow","max-snippet":"max-snippet:-1","max-image-preview":"max-image-preview:large","max-video-preview":"max-video-preview:-1"},"canonical":"https:\/\/buletin.de\/bucuresti\/buletin-de-candidat-bogdan-toba-buftea\/","og_locale":"en_GB","og_type":"article","og_title":"Buletin de candidat: Bogdan Tob\u0103, Buftea","og_description":"Care este ocupa\u021bia dumneavoastr\u0103 actual\u0103? Asociat \u0219i angajat \u00eentr-o firm\u0103 de contabilitate \u0219i asociat \u0219i administrator \u00eentr-o firm\u0103 de \u00eenchirieri schele metalice. Ce activitate politic\u0103 a\u021bi avut \u00een trecut? Am candidat independent pentru Consiliul Local Buftea \u00een 2016 \u0219i am ob\u021binut func\u021bia de consilier local, invalidat\u0103 ulterior, pe motiv c\u0103 nu am desemnat mandatar financiar. [&hellip;]","og_url":"https:\/\/buletin.de\/bucuresti\/buletin-de-candidat-bogdan-toba-buftea\/","og_site_name":"Buletin de Bucure\u0219ti","article_publisher":"https:\/\/www.facebook.com\/buletin.de.buc","article_published_time":"2020-08-31T15:06:56+00:00","og_image":[{"width":1600,"height":1066,"url":"https:\/\/buletin.de\/bucuresti\/wp-content\/uploads\/dcdcd125-4674-4db6-9ae5-0662f798cba5.jpg","type":"image\/jpeg"}],"author":"Florin R\u00e2\u0219teiu","twitter_card":"summary_large_image","twitter_misc":{"Written by":"Florin R\u00e2\u0219teiu","Estimated reading time":"6 minutes"},"schema":{"@context":"https:\/\/schema.org","@graph":[{"@type":"Article","@id":"https:\/\/buletin.de\/bucuresti\/buletin-de-candidat-bogdan-toba-buftea\/#article","isPartOf":{"@id":"https:\/\/buletin.de\/bucuresti\/buletin-de-candidat-bogdan-toba-buftea\/"},"author":{"name":"Florin R\u00e2\u0219teiu","@id":"https:\/\/buletin.de\/bucuresti\/#\/schema\/person\/b0686d7a8b666c6afc78239777fd8a89"},"headline":"Buletin de candidat: Bogdan Tob\u0103, Buftea","datePublished":"2020-08-31T15:06:56+00:00","mainEntityOfPage":{"@id":"https:\/\/buletin.de\/bucuresti\/buletin-de-candidat-bogdan-toba-buftea\/"},"wordCount":1135,"publisher":{"@id":"https:\/\/buletin.de\/bucuresti\/#organization"},"image":{"@id":"https:\/\/buletin.de\/bucuresti\/buletin-de-candidat-bogdan-toba-buftea\/#primaryimage"},"thumbnailUrl":"https:\/\/buletin.de\/bucuresti\/wp-content\/uploads\/dcdcd125-4674-4db6-9ae5-0662f798cba5.jpg","keywords":["#Buletin de candidat","buftea"],"articleSection":["Locale 2020"],"inLanguage":"en-GB","copyrightYear":"2020","copyrightHolder":{"@id":"https:\/\/buletin.de\/bucuresti\/#organization"}},{"@type":"WebPage","@id":"https:\/\/buletin.de\/bucuresti\/buletin-de-candidat-bogdan-toba-buftea\/","url":"https:\/\/buletin.de\/bucuresti\/buletin-de-candidat-bogdan-toba-buftea\/","name":"Buletin de candidat: Bogdan Tob\u0103, Buftea - Buletin de Bucure\u0219ti","isPartOf":{"@id":"https:\/\/buletin.de\/bucuresti\/#website"},"primaryImageOfPage":{"@id":"https:\/\/buletin.de\/bucuresti\/buletin-de-candidat-bogdan-toba-buftea\/#primaryimage"},"image":{"@id":"https:\/\/buletin.de\/bucuresti\/buletin-de-candidat-bogdan-toba-buftea\/#primaryimage"},"thumbnailUrl":"https:\/\/buletin.de\/bucuresti\/wp-content\/uploads\/dcdcd125-4674-4db6-9ae5-0662f798cba5.jpg","datePublished":"2020-08-31T15:06:56+00:00","breadcrumb":{"@id":"https:\/\/buletin.de\/bucuresti\/buletin-de-candidat-bogdan-toba-buftea\/#breadcrumb"},"inLanguage":"en-GB","potentialAction":[{"@type":"ReadAction","target":["https:\/\/buletin.de\/bucuresti\/buletin-de-candidat-bogdan-toba-buftea\/"]}]},{"@type":"ImageObject","inLanguage":"en-GB","@id":"https:\/\/buletin.de\/bucuresti\/buletin-de-candidat-bogdan-toba-buftea\/#primaryimage","url":"https:\/\/buletin.de\/bucuresti\/wp-content\/uploads\/dcdcd125-4674-4db6-9ae5-0662f798cba5.jpg","contentUrl":"https:\/\/buletin.de\/bucuresti\/wp-content\/uploads\/dcdcd125-4674-4db6-9ae5-0662f798cba5.jpg","width":1600,"height":1066},{"@type":"BreadcrumbList","@id":"https:\/\/buletin.de\/bucuresti\/buletin-de-candidat-bogdan-toba-buftea\/#breadcrumb","itemListElement":[{"@type":"ListItem","position":1,"name":"Acas\u0103","item":"https:\/\/buletin.de\/bucuresti\/"},{"@type":"ListItem","position":2,"name":"Buletin de candidat: Bogdan Tob\u0103, Buftea"}]},{"@type":"WebSite","@id":"https:\/\/buletin.de\/bucuresti\/#website","url":"https:\/\/buletin.de\/bucuresti\/","name":"Buletin de Bucure\u0219ti","description":"\u0218tiri \u0219i investiga\u021bii esen\u021biale din capital\u0103","publisher":{"@id":"https:\/\/buletin.de\/bucuresti\/#organization"},"potentialAction":[{"@type":"SearchAction","target":{"@type":"EntryPoint","urlTemplate":"https:\/\/buletin.de\/bucuresti\/?s={search_term_string}"},"query-input":{"@type":"PropertyValueSpecification","valueRequired":true,"valueName":"search_term_string"}}],"inLanguage":"en-GB"},{"@type":"Organization","@id":"https:\/\/buletin.de\/bucuresti\/#organization","name":"Buletin de Bucure\u0219ti","url":"https:\/\/buletin.de\/bucuresti\/","logo":{"@type":"ImageObject","inLanguage":"en-GB","@id":"https:\/\/buletin.de\/bucuresti\/#\/schema\/logo\/image\/","url":"https:\/\/buletin.de\/bucuresti\/wp-content\/uploads\/logo-bdb-full-wide-vernil-transparent.png","contentUrl":"https:\/\/buletin.de\/bucuresti\/wp-content\/uploads\/logo-bdb-full-wide-vernil-transparent.png","width":1782,"height":626,"caption":"Buletin de Bucure\u0219ti"},"image":{"@id":"https:\/\/buletin.de\/bucuresti\/#\/schema\/logo\/image\/"},"sameAs":["https:\/\/www.facebook.com\/buletin.de.buc","https:\/\/www.instagram.com\/buletinde.bucuresti\/"]},{"@type":"Person","@id":"https:\/\/buletin.de\/bucuresti\/#\/schema\/person\/b0686d7a8b666c6afc78239777fd8a89","name":"Florin R\u00e2\u0219teiu","image":{"@type":"ImageObject","inLanguage":"en-GB","@id":"https:\/\/buletin.de\/bucuresti\/wp-content\/uploads\/Florin-Rasteiu-96x96.jpgf0a6fe28453aa12f0a60e4d0a2e3a78c","url":"https:\/\/buletin.de\/bucuresti\/wp-content\/uploads\/Florin-Rasteiu-96x96.jpg","contentUrl":"https:\/\/buletin.de\/bucuresti\/wp-content\/uploads\/Florin-Rasteiu-96x96.jpg","caption":"Florin R\u00e2\u0219teiu"},"description":"Jurnalist de investiga\u021bie. Lucreaz\u0103 de aproape 6 ani la Buletin de Bucure\u0219ti, unde a publicat articole care scot la suprafa\u021b\u0103 corup\u021bia din Capital\u0103. Analizeaz\u0103 baze de date zilnic \u0219i scoate pove\u0219ti din exceluri pline de cifre. Pune reflectorul pe adev\u0103r cu fiecare ocazie. A c\u00e2\u0219tigat premiul I la categoria Pres\u0103 Local\u0103 \u00een 2025 \u0219i locul al II-lea la aceea\u0219i categorie \u00een 2024 \u00een cadrul Premiilor Superscrieri pentru jurnalism independent.","url":"https:\/\/buletin.de\/bucuresti\/author\/florinrasteiu\/"}]}},"authors":[{"term_id":22576,"user_id":17,"is_guest":0,"slug":"florinrasteiu","display_name":"Florin R\u00e2\u0219teiu","avatar_url":"https:\/\/buletin.de\/bucuresti\/wp-content\/uploads\/Florin-Rasteiu-96x96.jpg","0":null,"1":"","2":"","3":"","4":"","5":"","6":"","7":"","8":""}],"_links":{"self":[{"href":"https:\/\/buletin.de\/bucuresti\/wp-json\/wp\/v2\/posts\/11294","targetHints":{"allow":["GET"]}}],"collection":[{"href":"https:\/\/buletin.de\/bucuresti\/wp-json\/wp\/v2\/posts"}],"about":[{"href":"https:\/\/buletin.de\/bucuresti\/wp-json\/wp\/v2\/types\/post"}],"author":[{"embeddable":true,"href":"https:\/\/buletin.de\/bucuresti\/wp-json\/wp\/v2\/users\/17"}],"replies":[{"embeddable":true,"href":"https:\/\/buletin.de\/bucuresti\/wp-json\/wp\/v2\/comments?post=11294"}],"version-history":[{"count":2,"href":"https:\/\/buletin.de\/bucuresti\/wp-json\/wp\/v2\/posts\/11294\/revisions"}],"predecessor-version":[{"id":11386,"href":"https:\/\/buletin.de\/bucuresti\/wp-json\/wp\/v2\/posts\/11294\/revisions\/11386"}],"wp:featuredmedia":[{"embeddable":true,"href":"https:\/\/buletin.de\/bucuresti\/wp-json\/wp\/v2\/media\/11295"}],"wp:attachment":[{"href":"https:\/\/buletin.de\/bucuresti\/wp-json\/wp\/v2\/media?parent=11294"}],"wp:term":[{"taxonomy":"category","embeddable":true,"href":"https:\/\/buletin.de\/bucuresti\/wp-json\/wp\/v2\/categories?post=11294"},{"taxonomy":"post_tag","embeddable":true,"href":"https:\/\/buletin.de\/bucuresti\/wp-json\/wp\/v2\/tags?post=11294"},{"taxonomy":"author","embeddable":true,"href":"https:\/\/buletin.de\/bucuresti\/wp-json\/wp\/v2\/ppma_author?post=11294"}],"curies":[{"name":"wp","href":"https:\/\/api.w.org\/{rel}","templated":true}]}}