{"id":112798,"date":"2025-01-03T09:07:22","date_gmt":"2025-01-03T06:07:22","guid":{"rendered":"https:\/\/buletin.de\/bucuresti\/?p=112798"},"modified":"2025-01-03T11:36:44","modified_gmt":"2025-01-03T08:36:44","slug":"stb-cumpara-sisteme-de-climatizare-in-valoare-de-peste-trei-milioane-de-euro","status":"publish","type":"post","link":"https:\/\/buletin.de\/bucuresti\/stb-cumpara-sisteme-de-climatizare-in-valoare-de-peste-trei-milioane-de-euro\/","title":{"rendered":"STB cump\u0103r\u0103 sisteme de climatizare \u00een valoare de peste trei milioane de euro"},"content":{"rendered":"\n<p><strong>Societatea de Transport Bucure\u0219ti (STB) a lansat, chiar \u00een Ajunul Cr\u0103ciunului, <a href=\"https:\/\/e-licitatie.ro\/pub\/notices\/c-notice\/v2\/view\/100188619\">licita\u021bia<\/a> pentru achizi\u021bia de sisteme de climatizare pentru c\u00e2teva tramvaie. Din documenta\u021bia tehnic\u0103 reiese c\u0103 institu\u021bia care asigur\u0103 transportul suprateran \u00een Capital\u0103 ar urma s\u0103 doteze cu sisteme de climatizare \u00eenc\u0103 cel mult nou\u0103 tramvaie de tipul Bucur LF, dup\u0103 cum arat\u0103 \u0219i jurnali\u0219tii de la <strong><a href=\"https:\/\/clubferoviar.ro\/tramvaie-bucur-lf-climatizare\/\">Club Feroviar<\/a>.<\/strong> Contractul ar urma s\u0103 coste peste 16 milioane de lei, adic\u0103 mai bine de trei milioane de euro.  <\/strong><\/p>\n\n\n\n<p>\u00cen documenta\u021bia tehnic\u0103, num\u0103rul de tramvaie care ar urma s\u0103 beneficieze de aceste noi sisteme de climatizare este vag. Estim\u0103rile Societ\u0103\u021bii de Transport Bucure\u0219ti arat\u0103 c\u0103, <strong>\u00een cel mai r\u0103u caz, doar trei tramvaie Bucur LF vor beneficia de instala\u021bii de climatizare, iar num\u0103rul maxim ar fi de nou\u0103 tramvaie<\/strong>.<\/p>\n\n\n\n<p><strong>CITE\u0218TE \u0218I:<\/strong> <a href=\"https:\/\/buletin.de\/bucuresti\/doar-doua-treimi-din-mijloacele-de-transport-in-comun-din-bucuresti-au-aer-conditionat-cum-motiveaza-oficialii\/\">Doar dou\u0103 treimi din mijloacele de transport \u00een comun din Bucure\u015fti au aer condi\u0163ionat. Cum motiveaz\u0103 oficialii<\/a><\/p>\n\n\n\n<p>De asemenea, din anun\u021bul publicat de STB pe Sistemul Electronic de Achizi\u021bii Publice (SEAP) reiese c\u0103 termenul-limit\u0103 pentru primirea ofertelor sau a cererilor de participare este 11 februarie 2025, iar oferta trebuie s\u0103 fie valabil\u0103 p\u00e2n\u0103 pe 11 mai 2025.<\/p>\n\n\n\n<p>Societatea din subordinea Prim\u0103riei Generale aduce \u00een vederea posibililor ofertan\u021bi \u0219i c\u0103, la evaluarea ofertelor, pre\u021bul (componenta financiar\u0103) va conta \u00een propor\u021bie de 90%, restul punctajului urm\u00e2nd a fi acordat pentru termenul de livrare a produselor. Ofertan\u021bii vor fi obliga\u021bi s\u0103 men\u021bioneze \u00een modelul de contract termenul de livrare maxim ce nu poate fi dep\u0103\u0219it.<\/p>\n\n\n\n<p><strong>CITE\u015eTE \u015eI:<\/strong>&nbsp;<a href=\"https:\/\/buletin.de\/bucuresti\/un-aer-conditionat-prost-montat-cauza-incendiului-la-tramvaiul-din-zona-eroii-revolutiei-din-noiembrie\/\">Un aer condi\u021bionat prost montat, cauza incendiului la tramvaiul din zona Eroii Revolu\u021biei, din noiembrie<\/a><\/p>\n\n\n\n<h2 class=\"wp-block-heading\" id=\"h-60-dintre-tramvaie-le-stb-nu-au-sisteme-de-climatizare\"><strong><strong>60% dintre tramvaie<\/strong><\/strong>le STB nu au sisteme de climatizare<\/h2>\n\n\n\n<p>\u00cen vara lui 2024, aproximativ 28% din parcul auto al STB circula f\u0103r\u0103 aer condi\u0163ionat, au transmis oficialii \u00eentr-un r\u0103spuns pentru jurnali\u015ftii de la\u00a0<a href=\"https:\/\/hotnews.ro\/de-ce-primaria-capitalei-si-stb-nu-pun-aer-conditionat-pe-tramvaiele-troleibuzele-si-autobuzele-vechi-ce-a-luat-foc-1781139\">Hotnews<\/a>. Motivul este c\u0103 acele mijloace de transport \u00een comun sunt prea vechi ca s\u0103 se justifice o modernizare de zeci de mii de euro. De altfel, \u00een unele cazuri, au existat incendii.<\/p>\n\n\n\n<p>Mai precis, potrivit sursei citate, nu au aer condi\u0163ionat aproximativ o cincime dintre autobuze, <strong>60% dintre tramvaie<\/strong> \u015fi 15% dintre troleibuze. Din 2017 p\u00e2n\u0103 \u00een 2021 au fost dotate cu aer condi\u021bionat&nbsp; 150 de autobuze, 96 de troleibuze \u0219i 25 de tramvaie, conform STB. Programul s-a oprit \u00eens\u0103 \u00een 2021.&nbsp;<\/p>\n\n\n\n<p>\u00cenc\u0103 din mandatul Gabrielei Firea, Societatea de Transport Bucure\u015fti a atribuit un contract de peste 16 milioane de lei, ce viza dotarea cu aer condi\u0163ionat a 46 de tramvaie. \u00cen 14 luni ar fi trebuit ca toate aceste mijloace de transport \u00een comun s\u0103 fie modernizate. Municipalitatea a renun\u021bat \u00eens\u0103 dup\u0103 25 de tramvaie, ceea ce a dus la un cost de circa 350.000 lei\/tramvai.&nbsp;<\/p>\n\n\n\n<p><strong>CITE\u0218TE \u0218I:<\/strong><a href=\"https:\/\/buletin.de\/bucuresti\/biletele-online\/\"> CFR | Biletele online nu sunt disponibile pentru studen\u021bi<\/a><\/p>\n\n\n\n<p>Din 2017 p\u00e2n\u0103 \u00een 2021 au fost dotate cu aer condi\u021bionat&nbsp; 150 de autobuze, 96 de troleibuze \u0219i 25 de tramvaie, conform STB. Programul s-a oprit \u00eens\u0103 \u00een 2021.&nbsp;<\/p>\n\n\n\n<p>\u201eDin ra\u021biuni de eficien\u021b\u0103 tehnico-economice programul nu a continuat, \u00eentruc\u00e2t vechimea \u0219i uzura mare a parcului circulant nu mai justific\u0103 aceast\u0103 investi\u021bie. Este nejustificat de scump montarea unui sistem de climatizare nou pe mijloace de transport vechi, uzate fizic si moral\u201d, arat\u0103 r\u0103spunsul dat \u00een var\u0103 de municipalitate.\u00a0<\/p>\n\n\n\n<p><br><\/p>\n","protected":false},"excerpt":{"rendered":"<p>Societatea de Transport Bucure\u0219ti (STB) a lansat, chiar \u00een Ajunul Cr\u0103ciunului, licita\u021bia pentru achizi\u021bia de sisteme de climatizare pentru c\u00e2teva tramvaie. Din documenta\u021bia tehnic\u0103 reiese c\u0103 institu\u021bia care asigur\u0103 transportul suprateran \u00een Capital\u0103 ar urma s\u0103 doteze cu sisteme de climatizare \u00eenc\u0103 cel mult nou\u0103 tramvaie de tipul Bucur LF, dup\u0103 cum arat\u0103 \u0219i jurnali\u0219tii [&hellip;]<\/p>\n","protected":false},"author":17,"featured_media":112800,"comment_status":"closed","ping_status":"open","sticky":false,"template":"","format":"standard","meta":{"_acf_changed":false,"inline_featured_image":false,"ngg_post_thumbnail":0,"footnotes":""},"categories":[6994,5762,24,650],"tags":[2063,2054,3014,13369,18116,402,399,18117],"ppma_author":[22576],"class_list":["post-112798","post","type-post","status-publish","format-standard","has-post-thumbnail","hentry","category-stiri-2","category-main","category-primarie","category-transport","tag-bucuresti-2","tag-capitala","tag-licitatie-2","tag-sisteme-de-climatizare","tag-societatea-de-transport-bucuresti-2","tag-stb","tag-tramvaie","tag-tramvaie-bucur-lf"],"acf":[],"yoast_head":"<!-- This site is optimized with the Yoast SEO Premium plugin v25.3 (Yoast SEO v27.4) - https:\/\/yoast.com\/product\/yoast-seo-premium-wordpress\/ -->\n<title>STB cump\u0103r\u0103 sisteme de climatizare \u00een valoare de peste trei milioane de euro - Buletin de Bucure\u0219ti<\/title>\n<meta name=\"description\" content=\"STB a lansat, chiar \u00een Ajunul Cr\u0103ciunului, licita\u021bia pentru achizi\u021bia de sisteme de climatizare pentru mai multe tramvaie\" \/>\n<meta name=\"robots\" content=\"index, follow, max-snippet:-1, max-image-preview:large, max-video-preview:-1\" \/>\n<link rel=\"canonical\" href=\"https:\/\/buletin.de\/bucuresti\/stb-cumpara-sisteme-de-climatizare-in-valoare-de-peste-trei-milioane-de-euro\/\" \/>\n<meta property=\"og:locale\" content=\"en_GB\" \/>\n<meta property=\"og:type\" content=\"article\" \/>\n<meta property=\"og:title\" content=\"STB cump\u0103r\u0103 sisteme de climatizare \u00een valoare de peste trei milioane de euro\" \/>\n<meta property=\"og:description\" content=\"STB a lansat, chiar \u00een Ajunul Cr\u0103ciunului, licita\u021bia pentru achizi\u021bia de sisteme de climatizare pentru mai multe tramvaie\" \/>\n<meta property=\"og:url\" content=\"https:\/\/buletin.de\/bucuresti\/stb-cumpara-sisteme-de-climatizare-in-valoare-de-peste-trei-milioane-de-euro\/\" \/>\n<meta property=\"og:site_name\" content=\"Buletin de Bucure\u0219ti\" \/>\n<meta property=\"article:publisher\" content=\"https:\/\/www.facebook.com\/buletin.de.buc\" \/>\n<meta property=\"article:published_time\" content=\"2025-01-03T06:07:22+00:00\" \/>\n<meta property=\"article:modified_time\" content=\"2025-01-03T08:36:44+00:00\" \/>\n<meta property=\"og:image\" content=\"https:\/\/buletin.de\/bucuresti\/wp-content\/uploads\/tramvai-7-1.jpeg\" \/>\n\t<meta property=\"og:image:width\" content=\"1024\" \/>\n\t<meta property=\"og:image:height\" content=\"768\" \/>\n\t<meta property=\"og:image:type\" content=\"image\/jpeg\" \/>\n<meta name=\"author\" content=\"Florin R\u00e2\u0219teiu\" \/>\n<meta name=\"twitter:card\" content=\"summary_large_image\" \/>\n<meta name=\"twitter:label1\" content=\"Written by\" \/>\n\t<meta name=\"twitter:data1\" content=\"Florin R\u00e2\u0219teiu\" \/>\n\t<meta name=\"twitter:label2\" content=\"Estimated reading time\" \/>\n\t<meta name=\"twitter:data2\" content=\"3 minutes\" \/>\n<script type=\"application\/ld+json\" class=\"yoast-schema-graph\">{\"@context\":\"https:\\\/\\\/schema.org\",\"@graph\":[{\"@type\":\"Article\",\"@id\":\"https:\\\/\\\/buletin.de\\\/bucuresti\\\/stb-cumpara-sisteme-de-climatizare-in-valoare-de-peste-trei-milioane-de-euro\\\/#article\",\"isPartOf\":{\"@id\":\"https:\\\/\\\/buletin.de\\\/bucuresti\\\/stb-cumpara-sisteme-de-climatizare-in-valoare-de-peste-trei-milioane-de-euro\\\/\"},\"author\":{\"name\":\"Florin R\u00e2\u0219teiu\",\"@id\":\"https:\\\/\\\/buletin.de\\\/bucuresti\\\/#\\\/schema\\\/person\\\/b0686d7a8b666c6afc78239777fd8a89\"},\"headline\":\"STB cump\u0103r\u0103 sisteme de climatizare \u00een valoare de peste trei milioane de euro\",\"datePublished\":\"2025-01-03T06:07:22+00:00\",\"dateModified\":\"2025-01-03T08:36:44+00:00\",\"mainEntityOfPage\":{\"@id\":\"https:\\\/\\\/buletin.de\\\/bucuresti\\\/stb-cumpara-sisteme-de-climatizare-in-valoare-de-peste-trei-milioane-de-euro\\\/\"},\"wordCount\":572,\"publisher\":{\"@id\":\"https:\\\/\\\/buletin.de\\\/bucuresti\\\/#organization\"},\"image\":{\"@id\":\"https:\\\/\\\/buletin.de\\\/bucuresti\\\/stb-cumpara-sisteme-de-climatizare-in-valoare-de-peste-trei-milioane-de-euro\\\/#primaryimage\"},\"thumbnailUrl\":\"https:\\\/\\\/buletin.de\\\/bucuresti\\\/wp-content\\\/uploads\\\/tramvai-7-1.jpeg\",\"keywords\":[\"Bucure\u0219ti\",\"Capitala\",\"licita\u021bie\",\"sisteme de climatizare\",\"Societatea de Transport Bucure\u0219ti\",\"stb\",\"tramvaie\",\"Tramvaie Bucur LF\"],\"articleSection\":[\"Articole\",\"Main\",\"Prim\u0103rie\",\"Transport\"],\"inLanguage\":\"en-GB\",\"copyrightYear\":\"2025\",\"copyrightHolder\":{\"@id\":\"https:\\\/\\\/buletin.de\\\/bucuresti\\\/#organization\"}},{\"@type\":\"WebPage\",\"@id\":\"https:\\\/\\\/buletin.de\\\/bucuresti\\\/stb-cumpara-sisteme-de-climatizare-in-valoare-de-peste-trei-milioane-de-euro\\\/\",\"url\":\"https:\\\/\\\/buletin.de\\\/bucuresti\\\/stb-cumpara-sisteme-de-climatizare-in-valoare-de-peste-trei-milioane-de-euro\\\/\",\"name\":\"STB cump\u0103r\u0103 sisteme de climatizare \u00een valoare de peste trei milioane de euro - Buletin de Bucure\u0219ti\",\"isPartOf\":{\"@id\":\"https:\\\/\\\/buletin.de\\\/bucuresti\\\/#website\"},\"primaryImageOfPage\":{\"@id\":\"https:\\\/\\\/buletin.de\\\/bucuresti\\\/stb-cumpara-sisteme-de-climatizare-in-valoare-de-peste-trei-milioane-de-euro\\\/#primaryimage\"},\"image\":{\"@id\":\"https:\\\/\\\/buletin.de\\\/bucuresti\\\/stb-cumpara-sisteme-de-climatizare-in-valoare-de-peste-trei-milioane-de-euro\\\/#primaryimage\"},\"thumbnailUrl\":\"https:\\\/\\\/buletin.de\\\/bucuresti\\\/wp-content\\\/uploads\\\/tramvai-7-1.jpeg\",\"datePublished\":\"2025-01-03T06:07:22+00:00\",\"dateModified\":\"2025-01-03T08:36:44+00:00\",\"description\":\"STB a lansat, chiar \u00een Ajunul Cr\u0103ciunului, licita\u021bia pentru achizi\u021bia de sisteme de climatizare pentru mai multe tramvaie\",\"breadcrumb\":{\"@id\":\"https:\\\/\\\/buletin.de\\\/bucuresti\\\/stb-cumpara-sisteme-de-climatizare-in-valoare-de-peste-trei-milioane-de-euro\\\/#breadcrumb\"},\"inLanguage\":\"en-GB\",\"potentialAction\":[{\"@type\":\"ReadAction\",\"target\":[\"https:\\\/\\\/buletin.de\\\/bucuresti\\\/stb-cumpara-sisteme-de-climatizare-in-valoare-de-peste-trei-milioane-de-euro\\\/\"]}]},{\"@type\":\"ImageObject\",\"inLanguage\":\"en-GB\",\"@id\":\"https:\\\/\\\/buletin.de\\\/bucuresti\\\/stb-cumpara-sisteme-de-climatizare-in-valoare-de-peste-trei-milioane-de-euro\\\/#primaryimage\",\"url\":\"https:\\\/\\\/buletin.de\\\/bucuresti\\\/wp-content\\\/uploads\\\/tramvai-7-1.jpeg\",\"contentUrl\":\"https:\\\/\\\/buletin.de\\\/bucuresti\\\/wp-content\\\/uploads\\\/tramvai-7-1.jpeg\",\"width\":1024,\"height\":768,\"caption\":\"Mijloacele STB circul\u0103 ca \u00eentr-o zi de duminic\u0103, pe 24 ianuarie.FOTO: Arhiva\"},{\"@type\":\"BreadcrumbList\",\"@id\":\"https:\\\/\\\/buletin.de\\\/bucuresti\\\/stb-cumpara-sisteme-de-climatizare-in-valoare-de-peste-trei-milioane-de-euro\\\/#breadcrumb\",\"itemListElement\":[{\"@type\":\"ListItem\",\"position\":1,\"name\":\"Acas\u0103\",\"item\":\"https:\\\/\\\/buletin.de\\\/bucuresti\\\/\"},{\"@type\":\"ListItem\",\"position\":2,\"name\":\"STB cump\u0103r\u0103 sisteme de climatizare \u00een valoare de peste trei milioane de euro\"}]},{\"@type\":\"WebSite\",\"@id\":\"https:\\\/\\\/buletin.de\\\/bucuresti\\\/#website\",\"url\":\"https:\\\/\\\/buletin.de\\\/bucuresti\\\/\",\"name\":\"Buletin de Bucure\u0219ti\",\"description\":\"\u0218tiri \u0219i investiga\u021bii esen\u021biale din capital\u0103\",\"publisher\":{\"@id\":\"https:\\\/\\\/buletin.de\\\/bucuresti\\\/#organization\"},\"potentialAction\":[{\"@type\":\"SearchAction\",\"target\":{\"@type\":\"EntryPoint\",\"urlTemplate\":\"https:\\\/\\\/buletin.de\\\/bucuresti\\\/?s={search_term_string}\"},\"query-input\":{\"@type\":\"PropertyValueSpecification\",\"valueRequired\":true,\"valueName\":\"search_term_string\"}}],\"inLanguage\":\"en-GB\"},{\"@type\":\"Organization\",\"@id\":\"https:\\\/\\\/buletin.de\\\/bucuresti\\\/#organization\",\"name\":\"Buletin de Bucure\u0219ti\",\"url\":\"https:\\\/\\\/buletin.de\\\/bucuresti\\\/\",\"logo\":{\"@type\":\"ImageObject\",\"inLanguage\":\"en-GB\",\"@id\":\"https:\\\/\\\/buletin.de\\\/bucuresti\\\/#\\\/schema\\\/logo\\\/image\\\/\",\"url\":\"https:\\\/\\\/buletin.de\\\/bucuresti\\\/wp-content\\\/uploads\\\/logo-bdb-full-wide-vernil-transparent.png\",\"contentUrl\":\"https:\\\/\\\/buletin.de\\\/bucuresti\\\/wp-content\\\/uploads\\\/logo-bdb-full-wide-vernil-transparent.png\",\"width\":1782,\"height\":626,\"caption\":\"Buletin de Bucure\u0219ti\"},\"image\":{\"@id\":\"https:\\\/\\\/buletin.de\\\/bucuresti\\\/#\\\/schema\\\/logo\\\/image\\\/\"},\"sameAs\":[\"https:\\\/\\\/www.facebook.com\\\/buletin.de.buc\",\"https:\\\/\\\/www.instagram.com\\\/buletinde.bucuresti\\\/\"]},{\"@type\":\"Person\",\"@id\":\"https:\\\/\\\/buletin.de\\\/bucuresti\\\/#\\\/schema\\\/person\\\/b0686d7a8b666c6afc78239777fd8a89\",\"name\":\"Florin R\u00e2\u0219teiu\",\"image\":{\"@type\":\"ImageObject\",\"inLanguage\":\"en-GB\",\"@id\":\"https:\\\/\\\/buletin.de\\\/bucuresti\\\/wp-content\\\/uploads\\\/Florin-Rasteiu-96x96.jpgf0a6fe28453aa12f0a60e4d0a2e3a78c\",\"url\":\"https:\\\/\\\/buletin.de\\\/bucuresti\\\/wp-content\\\/uploads\\\/Florin-Rasteiu-96x96.jpg\",\"contentUrl\":\"https:\\\/\\\/buletin.de\\\/bucuresti\\\/wp-content\\\/uploads\\\/Florin-Rasteiu-96x96.jpg\",\"caption\":\"Florin R\u00e2\u0219teiu\"},\"description\":\"Jurnalist de investiga\u021bie. Lucreaz\u0103 de aproape 6 ani la Buletin de Bucure\u0219ti, unde a publicat articole care scot la suprafa\u021b\u0103 corup\u021bia din Capital\u0103. Analizeaz\u0103 baze de date zilnic \u0219i scoate pove\u0219ti din exceluri pline de cifre. Pune reflectorul pe adev\u0103r cu fiecare ocazie. A c\u00e2\u0219tigat premiul I la categoria Pres\u0103 Local\u0103 \u00een 2025 \u0219i locul al II-lea la aceea\u0219i categorie \u00een 2024 \u00een cadrul Premiilor Superscrieri pentru jurnalism independent.\",\"url\":\"https:\\\/\\\/buletin.de\\\/bucuresti\\\/author\\\/florinrasteiu\\\/\"}]}<\/script>\n<!-- \/ Yoast SEO Premium plugin. -->","yoast_head_json":{"title":"STB cump\u0103r\u0103 sisteme de climatizare \u00een valoare de peste trei milioane de euro - Buletin de Bucure\u0219ti","description":"STB a lansat, chiar \u00een Ajunul Cr\u0103ciunului, licita\u021bia pentru achizi\u021bia de sisteme de climatizare pentru mai multe tramvaie","robots":{"index":"index","follow":"follow","max-snippet":"max-snippet:-1","max-image-preview":"max-image-preview:large","max-video-preview":"max-video-preview:-1"},"canonical":"https:\/\/buletin.de\/bucuresti\/stb-cumpara-sisteme-de-climatizare-in-valoare-de-peste-trei-milioane-de-euro\/","og_locale":"en_GB","og_type":"article","og_title":"STB cump\u0103r\u0103 sisteme de climatizare \u00een valoare de peste trei milioane de euro","og_description":"STB a lansat, chiar \u00een Ajunul Cr\u0103ciunului, licita\u021bia pentru achizi\u021bia de sisteme de climatizare pentru mai multe tramvaie","og_url":"https:\/\/buletin.de\/bucuresti\/stb-cumpara-sisteme-de-climatizare-in-valoare-de-peste-trei-milioane-de-euro\/","og_site_name":"Buletin de Bucure\u0219ti","article_publisher":"https:\/\/www.facebook.com\/buletin.de.buc","article_published_time":"2025-01-03T06:07:22+00:00","article_modified_time":"2025-01-03T08:36:44+00:00","og_image":[{"width":1024,"height":768,"url":"https:\/\/buletin.de\/bucuresti\/wp-content\/uploads\/tramvai-7-1.jpeg","type":"image\/jpeg"}],"author":"Florin R\u00e2\u0219teiu","twitter_card":"summary_large_image","twitter_misc":{"Written by":"Florin R\u00e2\u0219teiu","Estimated reading time":"3 minutes"},"schema":{"@context":"https:\/\/schema.org","@graph":[{"@type":"Article","@id":"https:\/\/buletin.de\/bucuresti\/stb-cumpara-sisteme-de-climatizare-in-valoare-de-peste-trei-milioane-de-euro\/#article","isPartOf":{"@id":"https:\/\/buletin.de\/bucuresti\/stb-cumpara-sisteme-de-climatizare-in-valoare-de-peste-trei-milioane-de-euro\/"},"author":{"name":"Florin R\u00e2\u0219teiu","@id":"https:\/\/buletin.de\/bucuresti\/#\/schema\/person\/b0686d7a8b666c6afc78239777fd8a89"},"headline":"STB cump\u0103r\u0103 sisteme de climatizare \u00een valoare de peste trei milioane de euro","datePublished":"2025-01-03T06:07:22+00:00","dateModified":"2025-01-03T08:36:44+00:00","mainEntityOfPage":{"@id":"https:\/\/buletin.de\/bucuresti\/stb-cumpara-sisteme-de-climatizare-in-valoare-de-peste-trei-milioane-de-euro\/"},"wordCount":572,"publisher":{"@id":"https:\/\/buletin.de\/bucuresti\/#organization"},"image":{"@id":"https:\/\/buletin.de\/bucuresti\/stb-cumpara-sisteme-de-climatizare-in-valoare-de-peste-trei-milioane-de-euro\/#primaryimage"},"thumbnailUrl":"https:\/\/buletin.de\/bucuresti\/wp-content\/uploads\/tramvai-7-1.jpeg","keywords":["Bucure\u0219ti","Capitala","licita\u021bie","sisteme de climatizare","Societatea de Transport Bucure\u0219ti","stb","tramvaie","Tramvaie Bucur LF"],"articleSection":["Articole","Main","Prim\u0103rie","Transport"],"inLanguage":"en-GB","copyrightYear":"2025","copyrightHolder":{"@id":"https:\/\/buletin.de\/bucuresti\/#organization"}},{"@type":"WebPage","@id":"https:\/\/buletin.de\/bucuresti\/stb-cumpara-sisteme-de-climatizare-in-valoare-de-peste-trei-milioane-de-euro\/","url":"https:\/\/buletin.de\/bucuresti\/stb-cumpara-sisteme-de-climatizare-in-valoare-de-peste-trei-milioane-de-euro\/","name":"STB cump\u0103r\u0103 sisteme de climatizare \u00een valoare de peste trei milioane de euro - Buletin de Bucure\u0219ti","isPartOf":{"@id":"https:\/\/buletin.de\/bucuresti\/#website"},"primaryImageOfPage":{"@id":"https:\/\/buletin.de\/bucuresti\/stb-cumpara-sisteme-de-climatizare-in-valoare-de-peste-trei-milioane-de-euro\/#primaryimage"},"image":{"@id":"https:\/\/buletin.de\/bucuresti\/stb-cumpara-sisteme-de-climatizare-in-valoare-de-peste-trei-milioane-de-euro\/#primaryimage"},"thumbnailUrl":"https:\/\/buletin.de\/bucuresti\/wp-content\/uploads\/tramvai-7-1.jpeg","datePublished":"2025-01-03T06:07:22+00:00","dateModified":"2025-01-03T08:36:44+00:00","description":"STB a lansat, chiar \u00een Ajunul Cr\u0103ciunului, licita\u021bia pentru achizi\u021bia de sisteme de climatizare pentru mai multe tramvaie","breadcrumb":{"@id":"https:\/\/buletin.de\/bucuresti\/stb-cumpara-sisteme-de-climatizare-in-valoare-de-peste-trei-milioane-de-euro\/#breadcrumb"},"inLanguage":"en-GB","potentialAction":[{"@type":"ReadAction","target":["https:\/\/buletin.de\/bucuresti\/stb-cumpara-sisteme-de-climatizare-in-valoare-de-peste-trei-milioane-de-euro\/"]}]},{"@type":"ImageObject","inLanguage":"en-GB","@id":"https:\/\/buletin.de\/bucuresti\/stb-cumpara-sisteme-de-climatizare-in-valoare-de-peste-trei-milioane-de-euro\/#primaryimage","url":"https:\/\/buletin.de\/bucuresti\/wp-content\/uploads\/tramvai-7-1.jpeg","contentUrl":"https:\/\/buletin.de\/bucuresti\/wp-content\/uploads\/tramvai-7-1.jpeg","width":1024,"height":768,"caption":"Mijloacele STB circul\u0103 ca \u00eentr-o zi de duminic\u0103, pe 24 ianuarie.FOTO: Arhiva"},{"@type":"BreadcrumbList","@id":"https:\/\/buletin.de\/bucuresti\/stb-cumpara-sisteme-de-climatizare-in-valoare-de-peste-trei-milioane-de-euro\/#breadcrumb","itemListElement":[{"@type":"ListItem","position":1,"name":"Acas\u0103","item":"https:\/\/buletin.de\/bucuresti\/"},{"@type":"ListItem","position":2,"name":"STB cump\u0103r\u0103 sisteme de climatizare \u00een valoare de peste trei milioane de euro"}]},{"@type":"WebSite","@id":"https:\/\/buletin.de\/bucuresti\/#website","url":"https:\/\/buletin.de\/bucuresti\/","name":"Buletin de Bucure\u0219ti","description":"\u0218tiri \u0219i investiga\u021bii esen\u021biale din capital\u0103","publisher":{"@id":"https:\/\/buletin.de\/bucuresti\/#organization"},"potentialAction":[{"@type":"SearchAction","target":{"@type":"EntryPoint","urlTemplate":"https:\/\/buletin.de\/bucuresti\/?s={search_term_string}"},"query-input":{"@type":"PropertyValueSpecification","valueRequired":true,"valueName":"search_term_string"}}],"inLanguage":"en-GB"},{"@type":"Organization","@id":"https:\/\/buletin.de\/bucuresti\/#organization","name":"Buletin de Bucure\u0219ti","url":"https:\/\/buletin.de\/bucuresti\/","logo":{"@type":"ImageObject","inLanguage":"en-GB","@id":"https:\/\/buletin.de\/bucuresti\/#\/schema\/logo\/image\/","url":"https:\/\/buletin.de\/bucuresti\/wp-content\/uploads\/logo-bdb-full-wide-vernil-transparent.png","contentUrl":"https:\/\/buletin.de\/bucuresti\/wp-content\/uploads\/logo-bdb-full-wide-vernil-transparent.png","width":1782,"height":626,"caption":"Buletin de Bucure\u0219ti"},"image":{"@id":"https:\/\/buletin.de\/bucuresti\/#\/schema\/logo\/image\/"},"sameAs":["https:\/\/www.facebook.com\/buletin.de.buc","https:\/\/www.instagram.com\/buletinde.bucuresti\/"]},{"@type":"Person","@id":"https:\/\/buletin.de\/bucuresti\/#\/schema\/person\/b0686d7a8b666c6afc78239777fd8a89","name":"Florin R\u00e2\u0219teiu","image":{"@type":"ImageObject","inLanguage":"en-GB","@id":"https:\/\/buletin.de\/bucuresti\/wp-content\/uploads\/Florin-Rasteiu-96x96.jpgf0a6fe28453aa12f0a60e4d0a2e3a78c","url":"https:\/\/buletin.de\/bucuresti\/wp-content\/uploads\/Florin-Rasteiu-96x96.jpg","contentUrl":"https:\/\/buletin.de\/bucuresti\/wp-content\/uploads\/Florin-Rasteiu-96x96.jpg","caption":"Florin R\u00e2\u0219teiu"},"description":"Jurnalist de investiga\u021bie. Lucreaz\u0103 de aproape 6 ani la Buletin de Bucure\u0219ti, unde a publicat articole care scot la suprafa\u021b\u0103 corup\u021bia din Capital\u0103. Analizeaz\u0103 baze de date zilnic \u0219i scoate pove\u0219ti din exceluri pline de cifre. Pune reflectorul pe adev\u0103r cu fiecare ocazie. A c\u00e2\u0219tigat premiul I la categoria Pres\u0103 Local\u0103 \u00een 2025 \u0219i locul al II-lea la aceea\u0219i categorie \u00een 2024 \u00een cadrul Premiilor Superscrieri pentru jurnalism independent.","url":"https:\/\/buletin.de\/bucuresti\/author\/florinrasteiu\/"}]}},"authors":[{"term_id":22576,"user_id":17,"is_guest":0,"slug":"florinrasteiu","display_name":"Florin R\u00e2\u0219teiu","avatar_url":"https:\/\/buletin.de\/bucuresti\/wp-content\/uploads\/Florin-Rasteiu-96x96.jpg","0":null,"1":"","2":"","3":"","4":"","5":"","6":"","7":"","8":""}],"_links":{"self":[{"href":"https:\/\/buletin.de\/bucuresti\/wp-json\/wp\/v2\/posts\/112798","targetHints":{"allow":["GET"]}}],"collection":[{"href":"https:\/\/buletin.de\/bucuresti\/wp-json\/wp\/v2\/posts"}],"about":[{"href":"https:\/\/buletin.de\/bucuresti\/wp-json\/wp\/v2\/types\/post"}],"author":[{"embeddable":true,"href":"https:\/\/buletin.de\/bucuresti\/wp-json\/wp\/v2\/users\/17"}],"replies":[{"embeddable":true,"href":"https:\/\/buletin.de\/bucuresti\/wp-json\/wp\/v2\/comments?post=112798"}],"version-history":[{"count":4,"href":"https:\/\/buletin.de\/bucuresti\/wp-json\/wp\/v2\/posts\/112798\/revisions"}],"predecessor-version":[{"id":112804,"href":"https:\/\/buletin.de\/bucuresti\/wp-json\/wp\/v2\/posts\/112798\/revisions\/112804"}],"wp:featuredmedia":[{"embeddable":true,"href":"https:\/\/buletin.de\/bucuresti\/wp-json\/wp\/v2\/media\/112800"}],"wp:attachment":[{"href":"https:\/\/buletin.de\/bucuresti\/wp-json\/wp\/v2\/media?parent=112798"}],"wp:term":[{"taxonomy":"category","embeddable":true,"href":"https:\/\/buletin.de\/bucuresti\/wp-json\/wp\/v2\/categories?post=112798"},{"taxonomy":"post_tag","embeddable":true,"href":"https:\/\/buletin.de\/bucuresti\/wp-json\/wp\/v2\/tags?post=112798"},{"taxonomy":"author","embeddable":true,"href":"https:\/\/buletin.de\/bucuresti\/wp-json\/wp\/v2\/ppma_author?post=112798"}],"curies":[{"name":"wp","href":"https:\/\/api.w.org\/{rel}","templated":true}]}}