{"id":112419,"date":"2024-12-29T06:06:00","date_gmt":"2024-12-29T03:06:00","guid":{"rendered":"https:\/\/buletin.de\/bucuresti\/?p=112419"},"modified":"2024-12-28T18:26:40","modified_gmt":"2024-12-28T15:26:40","slug":"o-serie-de-artisti","status":"publish","type":"post","link":"https:\/\/buletin.de\/bucuresti\/o-serie-de-artisti\/","title":{"rendered":"Concertele anului 2025. O serie de arti\u0219ti consacra\u021bi vin \u00een Capital\u0103"},"content":{"rendered":"\n<p><strong>Anul 2025 aduce o serie de arti\u0219ti, \u00een fa\u021ba publicului bucure\u0219tean, potrivit <a href=\"https:\/\/agerpres.ro\/cultura-media\/2024\/12\/28\/anul-2025---bogat-in-evenimente-muzicale-artisti-renumiti-vor-concerta-la-bucuresti--1408532\">Agerpres.<\/a> De-a lungul anului vor fi concerte cu arti\u015fti interna\u0163ionali \u015fi trupe precum Richard Clayderman \u015fi Rammstein, dar nu lipsesc nici c\u00e2nt\u0103re\u0163ii autohtoni <\/strong><\/p>\n\n\n\n<p>Concertele sunt programate, pe toat\u0103 perioada anului, dup\u0103 cum urmeaz\u0103:<\/p>\n\n\n\n<p><strong>IANUARIE<\/strong><\/p>\n\n\n\n<p><strong>Pe 8 ianuarie,<\/strong> are loc concertul <strong>\u201eHogwarts Magic Symphony\u201d,<\/strong> universul lui Harry Potter, <strong>de la ora 19:30. <\/strong>Spectatorii vor vedea de la prima c\u0103l\u0103torie cu Hogwarts Express, p\u00e2n\u0103 la b\u0103t\u0103liile \u00eempotriva for\u0163elor \u00eentunericului.<\/p>\n\n\n\n<p><strong>Pe 11 ianuarie,<\/strong> Ateneul Rom\u00e2n ii a\u0219teapt\u0103 pe bucure\u0219teni la concertul aniversar \u00een care se celebreaz\u0103 200 de ani de la na\u015fterea lui Johann Strauss II. Evenimentul va avea loc \u00een cadrul celei de-a XXII-a edi\u0163ii a Festivalului Johann Strauss. <\/p>\n\n\n\n<p><strong>Pe 20 ianuarie<\/strong>, tot la Ateneul Roman, <strong>Duke Ellington Orchestra <\/strong>va marca 100 de ani de existen\u0163\u0103, cu un concert special, <strong>de la ora 19:00.<\/strong><\/p>\n\n\n\n<p><strong>FEBRUARIE<\/strong><\/p>\n\n\n\n<p><strong>\u201eO Sear\u0103 a Dragostei cu Proconsul\u201d <\/strong>este concertul programat de Sf\u00e2ntul Valentin, <strong>pe 14 februarie,<\/strong> la Circul Metropolitan din Bucure\u015fti, <strong>de la ora 20:00.<\/strong><\/p>\n\n\n\n<p><strong>Pe 21 februarie,<\/strong> <strong>Irina Rimes<\/strong> va reveni la Sala Palatului cu spectacolul \u201eSufrageria Irinei\u201d. Orchestra Filarmonicii Strauss din Viena concerteaz\u0103 la Ateneul Rom\u00e2n <strong>pe 24 februarie, de la ora 19:00.<\/strong><\/p>\n\n\n\n<p><strong>Trupa Bosquito<\/strong> aniverseaz\u0103 25 de ani de activitate printr-un concert special, la Sala Palatului, <strong>pe 25 februarie<\/strong>, care \u00eencepe<strong> la ora 19:00.<\/strong><\/p>\n\n\n\n<p><strong>Pe 27 februarie,<\/strong> artistul de stand-up comedy<strong> Jimmy Carr <\/strong>revine \u00een Rom\u00e2nia la Sala Palatului, cu turneul \u201eLaughs Funny\u201d, <strong>de la ora 20:00.<\/strong><\/p>\n\n\n\n<p><strong>Pe 28 februarie,<\/strong> forma\u0163ia<strong> Robin and the Backstabbers <\/strong>va sus\u0163ine primul s\u0103u concert la Sala Palatului. Intitulat \u201eRitualul Prim\u0103verii\u201d, evenimentul va cuprinde cele mai cunoscute piese ale trupei, reorchestrate \u015fi interpretate electro-simfonic al\u0103turi de AltOrchestra. Concertul \u00eencepe<strong> la ora 19:30.<\/strong><\/p>\n\n\n\n<p><strong>CITE\u0218TE \u0218I:<\/strong> <a href=\"https:\/\/buletin.de\/bucuresti\/bilantul-pentru-anul-2024\/\">Bilan\u0163ul ASPA Bucure\u015fti pentru 2024: aproape 2200 de c\u00e2ini du\u015fi \u00een ad\u0103posturi<\/a><\/p>\n\n\n\n<h3 class=\"wp-block-heading\" id=\"h-concerte-in-primavara-lui-2025-o-serie-de-arti\u0219ti-consacra\u021bi-vin-in-capitala\">Concerte \u00een prim\u0103vara lui 2025. O serie de arti\u0219ti consacra\u021bi vin \u00een Capital\u0103<\/h3>\n\n\n\n<p><strong>MARTIE<\/strong><\/p>\n\n\n\n<p><strong>Pe 1 martie, <\/strong>spectacolul <strong>\u201ePIAF! The Show\u201d,<\/strong> \u00een interpretarea extraordinar\u0103 a lui Nathalie Lermitte, revine \u00een Rom\u00e2nia pe 1 martie, la Circul Metropolitan Bucure\u015fti, <strong>de la ora 19:00.<\/strong> Evenimentul aniverseaz\u0103 110 ani de la na\u015fterea lui Edith Piaf.<\/p>\n\n\n\n<p><strong>CiTYMAGiA Festival,<\/strong> un concept nou de festival, format din art\u0103 imersiv\u0103, show-uri vizuale \u015fi muzic\u0103, propune, pe 8 martie, un lineup spectaculos format din John Newman, Willy William, Smiley, Andi Moisescu (DJ \u2013 set). Spectacolul \u00eencepe <strong>la ora 19:00.<\/strong><\/p>\n\n\n\n<p><strong>Pe 12 martie,<\/strong> forma\u0163ia <strong>Holograf <\/strong>aduce \u201eSingur\u201d pe scena S\u0103lii Palatului, <strong>de la ora 19:00.<\/strong><\/p>\n\n\n\n<p><strong>Mircea Baniciu <\/strong>revine tot pe scena S\u0103lii Palatului,<strong> pe 24 martie,<\/strong> \u00eentr-un concert emblematic dedicat eternei muze \u2013 femeia, intitulat \u201eE\u015farf\u0103 \u00een dar\u201d, <strong>de la 19:30.<\/strong> Tot pe 24 martie, Godsmack, P.O.D. &amp; Drowning Pool c\u00e2nt\u0103, la Bucure\u015fti, la Hala Laminor, la edi\u0163ia a doua a minifestivalului \u2013 Fire Club.<\/p>\n\n\n\n<p><strong>Richard Clayderman <\/strong>revine cu un concert excep\u0163ional, ce va avea loc pe 25 martie, la Sala Palatului, <strong>de la ora 19:30.<\/strong><\/p>\n\n\n\n<p><strong>APRILIE<\/strong><\/p>\n\n\n\n<p><strong>Tarja Turunen<\/strong> se reune\u015fte cu Marko Hietala, ambii din Nightwish \u015fi vor concerta la Sala Palatului,<strong> pe 1 aprilie,<\/strong> \u00een cadrul turneului \u201eLiving the dream together tour 2025\u201d, <strong>de la ora 20:00.<\/strong><\/p>\n\n\n\n<p><strong>Hooverphonic<\/strong> c\u00e2nt\u0103<strong> pe 9 aprilie, <\/strong>la Arenele Romane din Bucure\u015fti, \u00een cort \u00eenc\u0103lzit. Trupa s\u0103rb\u0103tore\u015fte \u00een turneu 25 de ani de la lansarea albumului \u201eThe Magnificent Tree\u201d, <strong>de la ora 19:00.<\/strong><\/p>\n\n\n\n<p>Pe 10 aprilie, de la ora 21,00, forma\u0163ia <strong>3 Sud Est <\/strong>va sus\u0163ine un concert extraordinar la Hard Rock Cafe.<\/p>\n\n\n\n<p><strong>MAI<\/strong><\/p>\n\n\n\n<p><strong>Warhaus,<\/strong> proiectul solo al lui Maarten Devoldere, solistul forma\u0163iei Balthazar, va putea fi ascultat <strong>pe 13 mai<\/strong> la Arenele Romane.<\/p>\n\n\n\n<p><strong>Pe 17 mai,<\/strong> de la ora 19:30, celebra trup\u0103 <strong>Gipsy Kings<\/strong> by Diego Baliardo va sus\u0163ine un concert special la Arenele Romane. Concertul face parte din turneul mondial \u201eBack To The Origins\u201d.<\/p>\n\n\n\n<p>Tot la Arenele Romane, <strong>pe 23 mai,<\/strong> concerteaz\u0103 \u015fi trupa <strong>B.U.G. Mafia<\/strong>, <strong>de la ora 10:00.<\/strong><\/p>\n\n\n\n<p><strong>Trooper<\/strong> va sus\u0163ine, la Arenele Romane, un concert aniversar <strong>pe 30 mai,<\/strong> cu ocazia \u00eemplinirii a 30 de ani de existen\u0163\u0103, <strong>de la ora 19:00.<\/strong><\/p>\n\n\n\n<p><strong>Cutting Crew <\/strong>vine pentru prima dat\u0103 \u00een Rom\u00e2nia <strong>pe 31 mai,<\/strong> pentru un show memorabil, tot la Arenele Romane, <strong>de la ora 19:00.<\/strong><\/p>\n\n\n\n<p><strong>CITE\u0218TE \u0218I:<\/strong> <a href=\"https:\/\/buletin.de\/bucuresti\/peste-500-de-kilograme-de-petarde-si-artificii-ilegale-confiscate-de-politia-capitalei-amenzi-si-dosare-penale\/\">Peste 500 de kilograme de petarde \u015fi artificii ilegale, confiscate de Poli\u0163ia Capitalei. Amenzi \u015fi dosare penale<\/a><\/p>\n\n\n\n<h3 class=\"wp-block-heading\" id=\"h-vara-lui-2025-cu-muzica-\u0219i-concerte\">Vara lui 2025, cu muzic\u0103 \u0219i concerte<\/h3>\n\n\n\n<p> <strong>IUNIE<\/strong><\/p>\n\n\n\n<p><strong>Matteo Bocelli,<\/strong> fiul celebrului tenor Andrea Bocelli, va sus\u0163ine un concert la Sala Palatului pe 10 iunie, cu \u00eencepere <strong>de la ora 19:00.<\/strong><\/p>\n\n\n\n<p><strong>Trupa The Hu <\/strong>revine \u00een Rom\u00e2nia cu un concert ce face parte din turneul mondial \u201eIncarnation World Tour\u201d. Evenimentul este programat pentru 26 iunie la Arenele Romane.<\/p>\n\n\n\n<p><strong>Vi\u0163a de Vie <\/strong>concerteaz\u0103 pe 28 iunie, de la ora 18:00, la Arenele Romane. <\/p>\n\n\n\n<p><strong>&nbsp;IULIE<\/strong><\/p>\n\n\n\n<p>Celebrii chitari\u015fti Joe Satriani \u015fi Steve Vai vin cu noua lor trup\u0103 \u2013 SatchVai Band \u2013 pe 23 iulie, la Arenele Romane din Capital\u0103. Show-ul face parte din turneul \u201eSurfing With The Hydra\u201d.<\/p>\n\n\n\n<p><strong>CITE\u0218TE \u0218I:<\/strong>  <a href=\"https:\/\/buletin.de\/bucuresti\/nicusor-dan-vorbeste-despre-posibilii-succesori-daca-va-ajunge-la-cotroceni-primarii-de-sector-vor-fi-primii-care-vor-dori\/\">Nicu\u015for Dan vorbe\u015fte despre posibilii succesori, dac\u0103 va ajunge la Cotroceni. \u201ePrimarii de sector vor fi primii care vor dori\u201d<\/a><\/p>\n\n\n\n<h3 class=\"wp-block-heading\" id=\"h-concerte-in-toamna-\u0219i-iarna-2025\">Concerte \u00een toamna \u0219i iarna 2025<\/h3>\n\n\n\n<p><strong>SEPTEMBRIE<\/strong><\/p>\n\n\n\n<p><strong>Unforgettable Festival<\/strong> revine \u00een 2025 cu o nou\u0103 edi\u0163ie. Data exact\u0103 a evenimentului nu a fost \u00eenc\u0103 stabilit\u0103, \u00eens\u0103 se cunoa\u015fte c\u0103 va avea loc \u00een luna septembrie.<\/p>\n\n\n\n<p><strong>DECEMBRIE<\/strong><\/p>\n\n\n\n<p><strong>Till Lindemann,<\/strong> solistul trupei Rammstein, va sus\u0163ine un concert <strong>pe 4 decembrie<\/strong> la Romexpo, \u00een cadrul turneului \u201eMeine Welt\u201d. Evenimentul \u00eencepe la <strong>ora 17:00.<\/strong><\/p>\n\n\n\n<p><strong>Pe 11 decembrie, <\/strong>Sala Palatului din Bucure\u015fti va g\u0103zdui concertul extraordinar al tenorului Jonas Kaufmann, de la <strong>ora 19:30.<\/strong><\/p>\n\n\n\n<p><strong>CITE\u0218TE \u0218I:<\/strong> <a href=\"https:\/\/buletin.de\/bucuresti\/scandalurile-imobiliare-2024\/\">Scandalurile imobiliare 2024 | R\u0103zboiul One United cu ONG-urile, clanul Vasiloi \u0219i \u021beapa Nordis<\/a><\/p>\n\n\n\n<p><\/p>\n\n\n\n<p><\/p>\n","protected":false},"excerpt":{"rendered":"<p>Anul 2025 aduce o serie de arti\u0219ti, \u00een fa\u021ba publicului bucure\u0219tean, potrivit Agerpres. De-a lungul anului vor fi concerte cu arti\u015fti interna\u0163ionali \u015fi trupe precum Richard Clayderman \u015fi Rammstein, dar nu lipsesc nici c\u00e2nt\u0103re\u0163ii autohtoni Concertele sunt programate, pe toat\u0103 perioada anului, dup\u0103 cum urmeaz\u0103: IANUARIE Pe 8 ianuarie, are loc concertul \u201eHogwarts Magic Symphony\u201d, [&hellip;]<\/p>\n","protected":false},"author":49,"featured_media":112302,"comment_status":"closed","ping_status":"open","sticky":false,"template":"","format":"standard","meta":{"_acf_changed":false,"inline_featured_image":false,"ngg_post_thumbnail":0,"footnotes":""},"categories":[6994,81,62],"tags":[17967,17975,17966,17977,17969,17976,7414,17968],"ppma_author":[22574],"class_list":["post-112419","post","type-post","status-publish","format-standard","has-post-thumbnail","hentry","category-stiri-2","category-cultura","category-stiri","tag-b-u-g-mafia","tag-clayderman","tag-concerte-2025","tag-concerte-2025-bucuresti","tag-matteo-bocelli","tag-rammstein","tag-sala-palatului","tag-trooper"],"acf":[],"yoast_head":"<!-- This site is optimized with the Yoast SEO Premium plugin v25.3 (Yoast SEO v27.5) - https:\/\/yoast.com\/product\/yoast-seo-premium-wordpress\/ -->\n<title>Concertele anului 2025. O serie de arti\u0219ti consacra\u021bi vin \u00een Capital\u0103 - Buletin de Bucure\u0219ti<\/title>\n<meta name=\"description\" content=\"O serie de arti\u0219ti. Anul 2025 aduce o serie de arti\u0219ti, \u00een fa\u021ba publicului bucure\u0219tean. Duke Ellington Orchestra, Trupa Bosquito.\" \/>\n<meta name=\"robots\" content=\"index, follow, max-snippet:-1, max-image-preview:large, max-video-preview:-1\" \/>\n<link rel=\"canonical\" href=\"https:\/\/buletin.de\/bucuresti\/o-serie-de-artisti\/\" \/>\n<meta property=\"og:locale\" content=\"en_GB\" \/>\n<meta property=\"og:type\" content=\"article\" \/>\n<meta property=\"og:title\" content=\"Concertele anului 2025. O serie de arti\u0219ti consacra\u021bi vin \u00een Capital\u0103\" \/>\n<meta property=\"og:description\" content=\"O serie de arti\u0219ti. Anul 2025 aduce o serie de arti\u0219ti, \u00een fa\u021ba publicului bucure\u0219tean. Duke Ellington Orchestra, Trupa Bosquito.\" \/>\n<meta property=\"og:url\" content=\"https:\/\/buletin.de\/bucuresti\/o-serie-de-artisti\/\" \/>\n<meta property=\"og:site_name\" content=\"Buletin de Bucure\u0219ti\" \/>\n<meta property=\"article:publisher\" content=\"https:\/\/www.facebook.com\/buletin.de.buc\" \/>\n<meta property=\"article:published_time\" content=\"2024-12-29T03:06:00+00:00\" \/>\n<meta property=\"og:image\" content=\"https:\/\/buletin.de\/bucuresti\/wp-content\/uploads\/concerteps3.jpg\" \/>\n\t<meta property=\"og:image:width\" content=\"1080\" \/>\n\t<meta property=\"og:image:height\" content=\"720\" \/>\n\t<meta property=\"og:image:type\" content=\"image\/jpeg\" \/>\n<meta name=\"author\" content=\"Diana Matei\" \/>\n<meta name=\"twitter:card\" content=\"summary_large_image\" \/>\n<meta name=\"twitter:label1\" content=\"Written by\" \/>\n\t<meta name=\"twitter:data1\" content=\"Diana Matei\" \/>\n\t<meta name=\"twitter:label2\" content=\"Estimated reading time\" \/>\n\t<meta name=\"twitter:data2\" content=\"5 minutes\" \/>\n<script type=\"application\/ld+json\" class=\"yoast-schema-graph\">{\"@context\":\"https:\\\/\\\/schema.org\",\"@graph\":[{\"@type\":\"Article\",\"@id\":\"https:\\\/\\\/buletin.de\\\/bucuresti\\\/o-serie-de-artisti\\\/#article\",\"isPartOf\":{\"@id\":\"https:\\\/\\\/buletin.de\\\/bucuresti\\\/o-serie-de-artisti\\\/\"},\"author\":{\"name\":\"Diana Matei\",\"@id\":\"https:\\\/\\\/buletin.de\\\/bucuresti\\\/#\\\/schema\\\/person\\\/7e46040573290777280a0835d81ea4ea\"},\"headline\":\"Concertele anului 2025. O serie de arti\u0219ti consacra\u021bi vin \u00een Capital\u0103\",\"datePublished\":\"2024-12-29T03:06:00+00:00\",\"mainEntityOfPage\":{\"@id\":\"https:\\\/\\\/buletin.de\\\/bucuresti\\\/o-serie-de-artisti\\\/\"},\"wordCount\":936,\"publisher\":{\"@id\":\"https:\\\/\\\/buletin.de\\\/bucuresti\\\/#organization\"},\"image\":{\"@id\":\"https:\\\/\\\/buletin.de\\\/bucuresti\\\/o-serie-de-artisti\\\/#primaryimage\"},\"thumbnailUrl\":\"https:\\\/\\\/buletin.de\\\/bucuresti\\\/wp-content\\\/uploads\\\/concerteps3.jpg\",\"keywords\":[\"B.U.G. Mafia\",\"clayderman\",\"Concerte 2025\",\"concerte 2025 bucuresti\",\"Matteo Bocelli\",\"rammstein\",\"Sala Palatului\",\"Trooper\"],\"articleSection\":[\"Articole\",\"Cultur\u0103\",\"\u0218tiri\"],\"inLanguage\":\"en-GB\",\"copyrightYear\":\"2024\",\"copyrightHolder\":{\"@id\":\"https:\\\/\\\/buletin.de\\\/bucuresti\\\/#organization\"}},{\"@type\":\"WebPage\",\"@id\":\"https:\\\/\\\/buletin.de\\\/bucuresti\\\/o-serie-de-artisti\\\/\",\"url\":\"https:\\\/\\\/buletin.de\\\/bucuresti\\\/o-serie-de-artisti\\\/\",\"name\":\"Concertele anului 2025. O serie de arti\u0219ti consacra\u021bi vin \u00een Capital\u0103 - Buletin de Bucure\u0219ti\",\"isPartOf\":{\"@id\":\"https:\\\/\\\/buletin.de\\\/bucuresti\\\/#website\"},\"primaryImageOfPage\":{\"@id\":\"https:\\\/\\\/buletin.de\\\/bucuresti\\\/o-serie-de-artisti\\\/#primaryimage\"},\"image\":{\"@id\":\"https:\\\/\\\/buletin.de\\\/bucuresti\\\/o-serie-de-artisti\\\/#primaryimage\"},\"thumbnailUrl\":\"https:\\\/\\\/buletin.de\\\/bucuresti\\\/wp-content\\\/uploads\\\/concerteps3.jpg\",\"datePublished\":\"2024-12-29T03:06:00+00:00\",\"description\":\"O serie de arti\u0219ti. Anul 2025 aduce o serie de arti\u0219ti, \u00een fa\u021ba publicului bucure\u0219tean. Duke Ellington Orchestra, Trupa Bosquito.\",\"breadcrumb\":{\"@id\":\"https:\\\/\\\/buletin.de\\\/bucuresti\\\/o-serie-de-artisti\\\/#breadcrumb\"},\"inLanguage\":\"en-GB\",\"potentialAction\":[{\"@type\":\"ReadAction\",\"target\":[\"https:\\\/\\\/buletin.de\\\/bucuresti\\\/o-serie-de-artisti\\\/\"]}]},{\"@type\":\"ImageObject\",\"inLanguage\":\"en-GB\",\"@id\":\"https:\\\/\\\/buletin.de\\\/bucuresti\\\/o-serie-de-artisti\\\/#primaryimage\",\"url\":\"https:\\\/\\\/buletin.de\\\/bucuresti\\\/wp-content\\\/uploads\\\/concerteps3.jpg\",\"contentUrl\":\"https:\\\/\\\/buletin.de\\\/bucuresti\\\/wp-content\\\/uploads\\\/concerteps3.jpg\",\"width\":1080,\"height\":720,\"caption\":\"Concertele anului 2025. O serie de arti\u0219ti consacra\u021bi vin \u00een Capital\u0103. FOTO: Arhiva\"},{\"@type\":\"BreadcrumbList\",\"@id\":\"https:\\\/\\\/buletin.de\\\/bucuresti\\\/o-serie-de-artisti\\\/#breadcrumb\",\"itemListElement\":[{\"@type\":\"ListItem\",\"position\":1,\"name\":\"Acas\u0103\",\"item\":\"https:\\\/\\\/buletin.de\\\/bucuresti\\\/\"},{\"@type\":\"ListItem\",\"position\":2,\"name\":\"Concertele anului 2025. O serie de arti\u0219ti consacra\u021bi vin \u00een Capital\u0103\"}]},{\"@type\":\"WebSite\",\"@id\":\"https:\\\/\\\/buletin.de\\\/bucuresti\\\/#website\",\"url\":\"https:\\\/\\\/buletin.de\\\/bucuresti\\\/\",\"name\":\"Buletin de Bucure\u0219ti\",\"description\":\"\u0218tiri \u0219i investiga\u021bii esen\u021biale din capital\u0103\",\"publisher\":{\"@id\":\"https:\\\/\\\/buletin.de\\\/bucuresti\\\/#organization\"},\"potentialAction\":[{\"@type\":\"SearchAction\",\"target\":{\"@type\":\"EntryPoint\",\"urlTemplate\":\"https:\\\/\\\/buletin.de\\\/bucuresti\\\/?s={search_term_string}\"},\"query-input\":{\"@type\":\"PropertyValueSpecification\",\"valueRequired\":true,\"valueName\":\"search_term_string\"}}],\"inLanguage\":\"en-GB\"},{\"@type\":\"Organization\",\"@id\":\"https:\\\/\\\/buletin.de\\\/bucuresti\\\/#organization\",\"name\":\"Buletin de Bucure\u0219ti\",\"url\":\"https:\\\/\\\/buletin.de\\\/bucuresti\\\/\",\"logo\":{\"@type\":\"ImageObject\",\"inLanguage\":\"en-GB\",\"@id\":\"https:\\\/\\\/buletin.de\\\/bucuresti\\\/#\\\/schema\\\/logo\\\/image\\\/\",\"url\":\"https:\\\/\\\/buletin.de\\\/bucuresti\\\/wp-content\\\/uploads\\\/logo-bdb-full-wide-vernil-transparent.png\",\"contentUrl\":\"https:\\\/\\\/buletin.de\\\/bucuresti\\\/wp-content\\\/uploads\\\/logo-bdb-full-wide-vernil-transparent.png\",\"width\":1782,\"height\":626,\"caption\":\"Buletin de Bucure\u0219ti\"},\"image\":{\"@id\":\"https:\\\/\\\/buletin.de\\\/bucuresti\\\/#\\\/schema\\\/logo\\\/image\\\/\"},\"sameAs\":[\"https:\\\/\\\/www.facebook.com\\\/buletin.de.buc\",\"https:\\\/\\\/www.instagram.com\\\/buletinde.bucuresti\\\/\"]},{\"@type\":\"Person\",\"@id\":\"https:\\\/\\\/buletin.de\\\/bucuresti\\\/#\\\/schema\\\/person\\\/7e46040573290777280a0835d81ea4ea\",\"name\":\"Diana Matei\",\"image\":{\"@type\":\"ImageObject\",\"inLanguage\":\"en-GB\",\"@id\":\"https:\\\/\\\/buletin.de\\\/bucuresti\\\/wp-content\\\/uploads\\\/9-2-96x96.jpg1e8590b30871d70e62ebcdaf2eff570c\",\"url\":\"https:\\\/\\\/buletin.de\\\/bucuresti\\\/wp-content\\\/uploads\\\/9-2-96x96.jpg\",\"contentUrl\":\"https:\\\/\\\/buletin.de\\\/bucuresti\\\/wp-content\\\/uploads\\\/9-2-96x96.jpg\",\"caption\":\"Diana Matei\"},\"url\":\"https:\\\/\\\/buletin.de\\\/bucuresti\\\/author\\\/dianamatei\\\/\"}]}<\/script>\n<!-- \/ Yoast SEO Premium plugin. -->","yoast_head_json":{"title":"Concertele anului 2025. O serie de arti\u0219ti consacra\u021bi vin \u00een Capital\u0103 - Buletin de Bucure\u0219ti","description":"O serie de arti\u0219ti. Anul 2025 aduce o serie de arti\u0219ti, \u00een fa\u021ba publicului bucure\u0219tean. Duke Ellington Orchestra, Trupa Bosquito.","robots":{"index":"index","follow":"follow","max-snippet":"max-snippet:-1","max-image-preview":"max-image-preview:large","max-video-preview":"max-video-preview:-1"},"canonical":"https:\/\/buletin.de\/bucuresti\/o-serie-de-artisti\/","og_locale":"en_GB","og_type":"article","og_title":"Concertele anului 2025. O serie de arti\u0219ti consacra\u021bi vin \u00een Capital\u0103","og_description":"O serie de arti\u0219ti. Anul 2025 aduce o serie de arti\u0219ti, \u00een fa\u021ba publicului bucure\u0219tean. Duke Ellington Orchestra, Trupa Bosquito.","og_url":"https:\/\/buletin.de\/bucuresti\/o-serie-de-artisti\/","og_site_name":"Buletin de Bucure\u0219ti","article_publisher":"https:\/\/www.facebook.com\/buletin.de.buc","article_published_time":"2024-12-29T03:06:00+00:00","og_image":[{"width":1080,"height":720,"url":"https:\/\/buletin.de\/bucuresti\/wp-content\/uploads\/concerteps3.jpg","type":"image\/jpeg"}],"author":"Diana Matei","twitter_card":"summary_large_image","twitter_misc":{"Written by":"Diana Matei","Estimated reading time":"5 minutes"},"schema":{"@context":"https:\/\/schema.org","@graph":[{"@type":"Article","@id":"https:\/\/buletin.de\/bucuresti\/o-serie-de-artisti\/#article","isPartOf":{"@id":"https:\/\/buletin.de\/bucuresti\/o-serie-de-artisti\/"},"author":{"name":"Diana Matei","@id":"https:\/\/buletin.de\/bucuresti\/#\/schema\/person\/7e46040573290777280a0835d81ea4ea"},"headline":"Concertele anului 2025. O serie de arti\u0219ti consacra\u021bi vin \u00een Capital\u0103","datePublished":"2024-12-29T03:06:00+00:00","mainEntityOfPage":{"@id":"https:\/\/buletin.de\/bucuresti\/o-serie-de-artisti\/"},"wordCount":936,"publisher":{"@id":"https:\/\/buletin.de\/bucuresti\/#organization"},"image":{"@id":"https:\/\/buletin.de\/bucuresti\/o-serie-de-artisti\/#primaryimage"},"thumbnailUrl":"https:\/\/buletin.de\/bucuresti\/wp-content\/uploads\/concerteps3.jpg","keywords":["B.U.G. Mafia","clayderman","Concerte 2025","concerte 2025 bucuresti","Matteo Bocelli","rammstein","Sala Palatului","Trooper"],"articleSection":["Articole","Cultur\u0103","\u0218tiri"],"inLanguage":"en-GB","copyrightYear":"2024","copyrightHolder":{"@id":"https:\/\/buletin.de\/bucuresti\/#organization"}},{"@type":"WebPage","@id":"https:\/\/buletin.de\/bucuresti\/o-serie-de-artisti\/","url":"https:\/\/buletin.de\/bucuresti\/o-serie-de-artisti\/","name":"Concertele anului 2025. O serie de arti\u0219ti consacra\u021bi vin \u00een Capital\u0103 - Buletin de Bucure\u0219ti","isPartOf":{"@id":"https:\/\/buletin.de\/bucuresti\/#website"},"primaryImageOfPage":{"@id":"https:\/\/buletin.de\/bucuresti\/o-serie-de-artisti\/#primaryimage"},"image":{"@id":"https:\/\/buletin.de\/bucuresti\/o-serie-de-artisti\/#primaryimage"},"thumbnailUrl":"https:\/\/buletin.de\/bucuresti\/wp-content\/uploads\/concerteps3.jpg","datePublished":"2024-12-29T03:06:00+00:00","description":"O serie de arti\u0219ti. Anul 2025 aduce o serie de arti\u0219ti, \u00een fa\u021ba publicului bucure\u0219tean. Duke Ellington Orchestra, Trupa Bosquito.","breadcrumb":{"@id":"https:\/\/buletin.de\/bucuresti\/o-serie-de-artisti\/#breadcrumb"},"inLanguage":"en-GB","potentialAction":[{"@type":"ReadAction","target":["https:\/\/buletin.de\/bucuresti\/o-serie-de-artisti\/"]}]},{"@type":"ImageObject","inLanguage":"en-GB","@id":"https:\/\/buletin.de\/bucuresti\/o-serie-de-artisti\/#primaryimage","url":"https:\/\/buletin.de\/bucuresti\/wp-content\/uploads\/concerteps3.jpg","contentUrl":"https:\/\/buletin.de\/bucuresti\/wp-content\/uploads\/concerteps3.jpg","width":1080,"height":720,"caption":"Concertele anului 2025. O serie de arti\u0219ti consacra\u021bi vin \u00een Capital\u0103. FOTO: Arhiva"},{"@type":"BreadcrumbList","@id":"https:\/\/buletin.de\/bucuresti\/o-serie-de-artisti\/#breadcrumb","itemListElement":[{"@type":"ListItem","position":1,"name":"Acas\u0103","item":"https:\/\/buletin.de\/bucuresti\/"},{"@type":"ListItem","position":2,"name":"Concertele anului 2025. O serie de arti\u0219ti consacra\u021bi vin \u00een Capital\u0103"}]},{"@type":"WebSite","@id":"https:\/\/buletin.de\/bucuresti\/#website","url":"https:\/\/buletin.de\/bucuresti\/","name":"Buletin de Bucure\u0219ti","description":"\u0218tiri \u0219i investiga\u021bii esen\u021biale din capital\u0103","publisher":{"@id":"https:\/\/buletin.de\/bucuresti\/#organization"},"potentialAction":[{"@type":"SearchAction","target":{"@type":"EntryPoint","urlTemplate":"https:\/\/buletin.de\/bucuresti\/?s={search_term_string}"},"query-input":{"@type":"PropertyValueSpecification","valueRequired":true,"valueName":"search_term_string"}}],"inLanguage":"en-GB"},{"@type":"Organization","@id":"https:\/\/buletin.de\/bucuresti\/#organization","name":"Buletin de Bucure\u0219ti","url":"https:\/\/buletin.de\/bucuresti\/","logo":{"@type":"ImageObject","inLanguage":"en-GB","@id":"https:\/\/buletin.de\/bucuresti\/#\/schema\/logo\/image\/","url":"https:\/\/buletin.de\/bucuresti\/wp-content\/uploads\/logo-bdb-full-wide-vernil-transparent.png","contentUrl":"https:\/\/buletin.de\/bucuresti\/wp-content\/uploads\/logo-bdb-full-wide-vernil-transparent.png","width":1782,"height":626,"caption":"Buletin de Bucure\u0219ti"},"image":{"@id":"https:\/\/buletin.de\/bucuresti\/#\/schema\/logo\/image\/"},"sameAs":["https:\/\/www.facebook.com\/buletin.de.buc","https:\/\/www.instagram.com\/buletinde.bucuresti\/"]},{"@type":"Person","@id":"https:\/\/buletin.de\/bucuresti\/#\/schema\/person\/7e46040573290777280a0835d81ea4ea","name":"Diana Matei","image":{"@type":"ImageObject","inLanguage":"en-GB","@id":"https:\/\/buletin.de\/bucuresti\/wp-content\/uploads\/9-2-96x96.jpg1e8590b30871d70e62ebcdaf2eff570c","url":"https:\/\/buletin.de\/bucuresti\/wp-content\/uploads\/9-2-96x96.jpg","contentUrl":"https:\/\/buletin.de\/bucuresti\/wp-content\/uploads\/9-2-96x96.jpg","caption":"Diana Matei"},"url":"https:\/\/buletin.de\/bucuresti\/author\/dianamatei\/"}]}},"authors":[{"term_id":22574,"user_id":49,"is_guest":0,"slug":"dianamatei","display_name":"Diana Matei","avatar_url":"https:\/\/buletin.de\/bucuresti\/wp-content\/uploads\/9-2-96x96.jpg","0":null,"1":"","2":"","3":"","4":"","5":"","6":"","7":"","8":""}],"_links":{"self":[{"href":"https:\/\/buletin.de\/bucuresti\/wp-json\/wp\/v2\/posts\/112419","targetHints":{"allow":["GET"]}}],"collection":[{"href":"https:\/\/buletin.de\/bucuresti\/wp-json\/wp\/v2\/posts"}],"about":[{"href":"https:\/\/buletin.de\/bucuresti\/wp-json\/wp\/v2\/types\/post"}],"author":[{"embeddable":true,"href":"https:\/\/buletin.de\/bucuresti\/wp-json\/wp\/v2\/users\/49"}],"replies":[{"embeddable":true,"href":"https:\/\/buletin.de\/bucuresti\/wp-json\/wp\/v2\/comments?post=112419"}],"version-history":[{"count":2,"href":"https:\/\/buletin.de\/bucuresti\/wp-json\/wp\/v2\/posts\/112419\/revisions"}],"predecessor-version":[{"id":112433,"href":"https:\/\/buletin.de\/bucuresti\/wp-json\/wp\/v2\/posts\/112419\/revisions\/112433"}],"wp:featuredmedia":[{"embeddable":true,"href":"https:\/\/buletin.de\/bucuresti\/wp-json\/wp\/v2\/media\/112302"}],"wp:attachment":[{"href":"https:\/\/buletin.de\/bucuresti\/wp-json\/wp\/v2\/media?parent=112419"}],"wp:term":[{"taxonomy":"category","embeddable":true,"href":"https:\/\/buletin.de\/bucuresti\/wp-json\/wp\/v2\/categories?post=112419"},{"taxonomy":"post_tag","embeddable":true,"href":"https:\/\/buletin.de\/bucuresti\/wp-json\/wp\/v2\/tags?post=112419"},{"taxonomy":"author","embeddable":true,"href":"https:\/\/buletin.de\/bucuresti\/wp-json\/wp\/v2\/ppma_author?post=112419"}],"curies":[{"name":"wp","href":"https:\/\/api.w.org\/{rel}","templated":true}]}}