{"id":11237,"date":"2020-08-27T12:02:37","date_gmt":"2020-08-27T09:02:37","guid":{"rendered":"https:\/\/buletin.de\/bucuresti\/?p=11237"},"modified":"2020-09-15T17:05:10","modified_gmt":"2020-09-15T14:05:10","slug":"de-la-picturi-pe-fata-la-picturi-murale-daniel-florea-da-90-mii-de-euro-pe-grafitti-unei-firme-care-organizeaza-petreceri","status":"publish","type":"post","link":"https:\/\/buletin.de\/bucuresti\/de-la-picturi-pe-fata-la-picturi-murale-daniel-florea-da-90-mii-de-euro-pe-grafitti-unei-firme-care-organizeaza-petreceri\/","title":{"rendered":"De la picturi pe fa\u021b\u0103 la picturi murale. Daniel Florea d\u0103 90 mii de EURO pe grafitti unei firme care organizeaz\u0103 petreceri"},"content":{"rendered":"\n<div class=\"wp-block-group\"><div class=\"wp-block-group__inner-container is-layout-flow wp-block-group-is-layout-flow\">\n<div class=\"wp-block-image\"><figure class=\"aligncenter size-large is-resized\"><a href=\"https:\/\/activecitizensfund.ro\" target=\"_blank\" rel=\"noopener noreferrer\"><img fetchpriority=\"high\" decoding=\"async\" src=\"data:image\/gif;base64,R0lGODlhAQABAAAAACH5BAEKAAEALAAAAAABAAEAAAICTAEAOw==\" data-src=\"https:\/\/buletin.de\/bucuresti\/wp-content\/uploads\/Active-citizens-fund@4x-1-900x316.png\" alt=\"\" class=\"wp-image-11980 lazyload\" width=\"450\" height=\"158\" data-sizes=\"auto\" data-srcset=\"https:\/\/buletin.de\/bucuresti\/wp-content\/uploads\/Active-citizens-fund@4x-1-900x316.png 900w, https:\/\/buletin.de\/bucuresti\/wp-content\/uploads\/Active-citizens-fund@4x-1-300x105.png 300w, https:\/\/buletin.de\/bucuresti\/wp-content\/uploads\/Active-citizens-fund@4x-1-768x270.png 768w, https:\/\/buletin.de\/bucuresti\/wp-content\/uploads\/Active-citizens-fund@4x-1-1536x539.png 1536w, https:\/\/buletin.de\/bucuresti\/wp-content\/uploads\/Active-citizens-fund@4x-1-2048x719.png 2048w, https:\/\/buletin.de\/bucuresti\/wp-content\/uploads\/Active-citizens-fund@4x-1-1060x372.png 1060w, https:\/\/buletin.de\/bucuresti\/wp-content\/uploads\/Active-citizens-fund@4x-1-550x193.png 550w, https:\/\/buletin.de\/bucuresti\/wp-content\/uploads\/Active-citizens-fund@4x-1-1425x500.png 1425w, https:\/\/buletin.de\/bucuresti\/wp-content\/uploads\/Active-citizens-fund@4x-1-1920x674.png 1920w, https:\/\/buletin.de\/bucuresti\/wp-content\/uploads\/Active-citizens-fund@4x-1-600x211.png 600w\" sizes=\"(max-width: 450px) 100vw, 450px\" \/><\/a><\/figure><\/div>\n\n\n\n<div style=\"height:20px\" aria-hidden=\"true\" class=\"wp-block-spacer\"><\/div>\n<\/div><\/div>\n\n\n\n<p><strong>\u00cen doar jum\u0103tate de zi, primarul Daniel Florea a cheltuit 90.000 de EURO pe &#8230; graffiti. \u0218apte unit\u0103\u021bi \u0219colare din sectorul 5 urmeaz\u0103 s\u0103 fie pictate de o firm\u0103 care organizeaz\u0103 petreceri \u0219i evenimente, care are un singur angajat \u0219i care \u00een 2019 avea datorii de 100 mii de lei. Patronul Effect Tim ne-a spus c\u0103 are experien\u021b\u0103 \u0219i c\u0103 ceea ce \u00eel recomand\u0103 pentru graffiti este faptul c\u0103 la petreceri se ocup\u0103 de picturi pe fa\u021b\u0103. Aceea\u0219i firm\u0103 a furnizat anul acesta Centrului Cultural din sectorul 5 servicii de fotografie, programe de magie \u0219i corturi.<\/strong><\/p>\n\n\n\n<p>Nu doar elevii \u0219i\nprofesorii se preg\u0103tesc de \u00eenceperea \u0219colii. Primarul sectorului 5, Daniel\nFlorea, a cheltuit ieri, \u00een doar jum\u0103tate de zi, 90 mii de EURO pentru ca \u0219apte\nunit\u0103\u021bi \u0219colare s\u0103 fie pictate cu graffiti. Pre\u021bul pl\u0103tit pe metru p\u0103trat se\n\u00eencadreaz\u0103 \u00een media pie\u021bei \u2013 640 lei. <strong>Cea mai scump\u0103 pictur\u0103 mural\u0103 a fost cea\npentru \u0218coala Gimnazial\u0103 nr. 128 \u2013 100 mii de lei, adic\u0103 aproximativ 21 mii de\nEURO.<\/strong> \u0218coala nr. 136, \u0218coala nr. 2, Liceul Teoretic \u0218tefan Odobleja, \u0218coala\nGeorge C\u0103linescu, Liceul Ion Barbu \u0219i Gr\u0103dini\u021ba nr. 34 sunt celelalte unit\u0103\u021bi\ncare vor avea parte de o schimbare de fa\u021bad\u0103. Patronul firmei c\u00e2\u0219tig\u0103toare ne-a\nspus c\u0103 \u00een aproximativ o lun\u0103 ar trebui s\u0103 fie gata.<\/p>\n\n\n\n<p>Firma care a primit 90 mii de EURO de la Daniel Florea pentru graffiti se nume\u0219te Effect Tim \u0219i se prezint\u0103 ca fiind \u201e<em>o echip\u0103 d\u0103ruit\u0103, profesionist\u0103 unde oferim servicii de Picturi Murale &#8211; Graffiti- Street Art pe pere\u021bi interiori sau exteriori de mici sau mari dimensiuni<\/em>.\u201d Numele de scen\u0103 a firmei Effect Tim este \u201eTrupa lui Bilu\u021b\u0103\u201d. Conform paginii de Facebook, Trupa lui Bilu\u021b\u0103 se ocup\u0103 de petreceri pentru copii, ateliere de ol\u0103rit, botezuri, dar \u0219i de \u00eenchirieri de ma\u0219ini de fum pentru KanalD sau de baruri de vat\u0103 de zah\u0103r pentru Untold. <\/p>\n\n\n\n<figure class=\"wp-block-image size-large is-resized\"><img decoding=\"async\" src=\"data:image\/gif;base64,R0lGODlhAQABAAAAACH5BAEKAAEALAAAAAABAAEAAAICTAEAOw==\" data-src=\"https:\/\/buletin.de\/bucuresti\/wp-content\/uploads\/Screenshot_9-1-900x543.png\" alt=\"\" class=\"wp-image-11239 lazyload\" width=\"900\" height=\"543\" data-sizes=\"auto\" data-srcset=\"https:\/\/buletin.de\/bucuresti\/wp-content\/uploads\/Screenshot_9-1-900x543.png 900w, https:\/\/buletin.de\/bucuresti\/wp-content\/uploads\/Screenshot_9-1-600x362.png 600w, https:\/\/buletin.de\/bucuresti\/wp-content\/uploads\/Screenshot_9-1-300x181.png 300w, https:\/\/buletin.de\/bucuresti\/wp-content\/uploads\/Screenshot_9-1-768x463.png 768w, https:\/\/buletin.de\/bucuresti\/wp-content\/uploads\/Screenshot_9-1-1060x639.png 1060w, https:\/\/buletin.de\/bucuresti\/wp-content\/uploads\/Screenshot_9-1-550x332.png 550w, https:\/\/buletin.de\/bucuresti\/wp-content\/uploads\/Screenshot_9-1-829x500.png 829w, https:\/\/buletin.de\/bucuresti\/wp-content\/uploads\/Screenshot_9-1.png 1327w\" sizes=\"(max-width: 900px) 100vw, 900px\" \/><figcaption>Facebook Trupa lui Bilu\u021b\u0103<\/figcaption><\/figure>\n\n\n\n<p><\/p>\n\n\n\n<figure class=\"wp-block-image size-large is-resized\"><img decoding=\"async\" src=\"data:image\/gif;base64,R0lGODlhAQABAAAAACH5BAEKAAEALAAAAAABAAEAAAICTAEAOw==\" data-src=\"https:\/\/buletin.de\/bucuresti\/wp-content\/uploads\/Screenshot_1-24-900x444.png\" alt=\"\" class=\"wp-image-11238 lazyload\" width=\"900\" height=\"444\" data-sizes=\"auto\" data-srcset=\"https:\/\/buletin.de\/bucuresti\/wp-content\/uploads\/Screenshot_1-24-900x444.png 900w, https:\/\/buletin.de\/bucuresti\/wp-content\/uploads\/Screenshot_1-24-600x296.png 600w, https:\/\/buletin.de\/bucuresti\/wp-content\/uploads\/Screenshot_1-24-300x148.png 300w, https:\/\/buletin.de\/bucuresti\/wp-content\/uploads\/Screenshot_1-24-768x379.png 768w, https:\/\/buletin.de\/bucuresti\/wp-content\/uploads\/Screenshot_1-24-1060x523.png 1060w, https:\/\/buletin.de\/bucuresti\/wp-content\/uploads\/Screenshot_1-24-550x271.png 550w, https:\/\/buletin.de\/bucuresti\/wp-content\/uploads\/Screenshot_1-24-1014x500.png 1014w, https:\/\/buletin.de\/bucuresti\/wp-content\/uploads\/Screenshot_1-24.png 1415w\" sizes=\"(max-width: 900px) 100vw, 900px\" \/><figcaption> Facebook Trupa lui Bilu\u021b\u0103 <\/figcaption><\/figure>\n\n\n\n<p>Am luat leg\u0103tura cu reprezentantul firmei ca s\u0103 afl\u0103m ce experien\u021b\u0103 are \u00een realizare de picturi murale. El ne-a garantat c\u0103 organizarea de evenimente \u0219i realizarea de graffiti fac parte din acela\u0219i domeniu pentru c\u0103 ambele implic\u0103 o parte artistic\u0103. <strong>La petreceri, Effect Tim se ocup\u0103 de picturi pe fa\u021b\u0103, deci tot a\u0219a va picta \u0219i \u0219colile din sectorul 5.<\/strong><\/p>\n\n\n\n<blockquote class=\"wp-block-quote is-layout-flow wp-block-quote-is-layout-flow\"><p>\u201e\u021aine tot de domeniul nostru, c\u0103 noi facem \u0219i picturi pe fa\u021b\u0103, avem \u0219i partea asta artistic\u0103.\u201d <\/p><cite>Reprezentant Effect Tim<\/cite><\/blockquote>\n\n\n\n<p>Effect Tim,\naceea\u0219i care urmeaz\u0103 s\u0103 picteze \u0219apte \u0219coli din sectorul 5 \u0219i care organizeaz\u0103\n\u0219i petreceri, are un singur angajat, iar domeniul principal de activitate este\ncomer\u021bul cu am\u0103nuntul \u00een magazine nespecializate, cu v\u00e2nzare predominant\u0103 de\nproduse alimentare, b\u0103uturi \u0219i tutun. Conform Ministerului Finan\u021belor, \u00een 2019 avea\ndatorii de 108.283 lei. <\/p>\n\n\n\n<p>Effect Tim nu e la prima colaborare cu institu\u021bii publice din sectorul 5. Anul acesta Centrul Cultural \u0218tefan Iordache a beneficiat de programe de magie, animatori, servicii de fotografie \u0219i corturi, toate de la firma cu un singur angajat. Toate au costat 60 mii de lei.<\/p>\n\n\n\n<p>Primarul Daniel Florea nu ne-a r\u0103spuns p\u00e2n\u0103 la momentul public\u0103rii.<\/p>\n\n\n\n<p>Surs\u0103 cover foto: Facebook Daniel Florea<\/p>\n\n\n\n<div style=\"height:40px\" aria-hidden=\"true\" class=\"wp-block-spacer\"><\/div>\n\n\n\n<style>\n.disclaimerACF {\ndisplay: block;\nmax-width: 550px;\nmargin-top:-10px;\nmargin-left:auto;\nmargin-right:auto;\n}\n<\/style>\n\n\n\n<p class=\"disclaimerACF has-small-font-size\">Acest articol face parte din <strong><a href=\"https:\/\/buletin.de\/bucuresti\/buletin-de-bucuresti-in-pandemie\/\" data-type=\"URL\" data-id=\"https:\/\/buletin.de\/bucuresti\/buletin-de-bucuresti-in-pandemie\/\" target=\"_blank\" rel=\"noreferrer noopener\">\u201eBuletin de Bucure\u0219ti \u00een pandemie&#8221;<\/a>, <\/strong>o serie \u00een care investig\u0103m achizi\u021biile publice din jude\u021bul Ilfov \u0219i Bucure\u0219ti, \u00een contextul pandemiei Covid-19<\/p>\n\n\n\n<p class=\"has-text-align-left disclaimerACF\" style=\"font-size:12px\"><em>Proiect derulat de Asocia\u021bia Funky Citizens cu sprijinul financiar <a rel=\"noreferrer noopener\" aria-label=\"Active Citizens Fund Rom\u00e2nia (opens in a new tab)\" href=\"https:\/\/activecitizensfund.ro\" target=\"_blank\">Active Citizens Fund Rom\u00e2nia<\/a>, program finan\u021bat de Islanda, Liechtenstein \u0219i Norvegia prin Granturile SEE 2014-2021. Con\u021binutul acestui material nu reprezint\u0103 \u00een mod necesar pozi\u021bia oficial\u0103 a Granturilor SEE \u0219i Norvegiene 2014-2021; pentru mai multe informa\u021bii accesa\u021bi <a href=\"http:\/\/www.eeagrants.org\">www.eeagrants.org<\/a>. Informa\u021bii suplimentare pot fi g\u0103site pe paginile web&nbsp;<a href=\"http:\/\/www.activecitizensfund.ro\/\">www.activecitizensfund.ro<\/a>&nbsp;\u0219i&nbsp;<a href=\"http:\/\/www.eeagrants.org\/\">www.eeagrants.org<\/a>.<\/em><\/p>\n\n\n\n<p class=\"has-text-align-center\"><strong>Lucr\u0103m \u00eempreun\u0103 pentru o Europ\u0103&nbsp;<span style=\"color:#009b75\" class=\"has-inline-color\">verde<\/span>,&nbsp;<span style=\"color:#df4d3e\">competitiv\u0103<\/span>&nbsp;\u0219i&nbsp;<span style=\"color:#006ca7\">incluziv\u0103<\/span><\/strong>.<\/p>\n\n\n\n<p class=\"has-text-align-center\">Proiect derulat de<\/p>\n\n\n\n<div style=\"margin-top: -30px;\" class=\"wp-block-image\"><figure class=\"aligncenter size-large is-resized\"><img decoding=\"async\" src=\"data:image\/gif;base64,R0lGODlhAQABAAAAACH5BAEKAAEALAAAAAABAAEAAAICTAEAOw==\" data-src=\"https:\/\/buletin.de\/bucuresti\/wp-content\/uploads\/logo-funky-citizens-2016-1.png\" alt=\"\" class=\"wp-image-10395 lazyload\" width=\"200\" height=\"NaN\" data-sizes=\"auto\" data-srcset=\"https:\/\/buletin.de\/bucuresti\/wp-content\/uploads\/logo-funky-citizens-2016-1.png 650w, https:\/\/buletin.de\/bucuresti\/wp-content\/uploads\/logo-funky-citizens-2016-1-600x277.png 600w, https:\/\/buletin.de\/bucuresti\/wp-content\/uploads\/logo-funky-citizens-2016-1-300x138.png 300w, https:\/\/buletin.de\/bucuresti\/wp-content\/uploads\/logo-funky-citizens-2016-1-550x254.png 550w\" sizes=\"(max-width: 650px) 100vw, 650px\" \/><\/figure><\/div>\n","protected":false},"excerpt":{"rendered":"<p>\u00cen doar jum\u0103tate de zi, primarul Daniel Florea a cheltuit 90.000 de EURO pe &#8230; graffiti. \u0218apte unit\u0103\u021bi \u0219colare din sectorul 5 urmeaz\u0103 s\u0103 fie pictate de o firm\u0103 care organizeaz\u0103 petreceri \u0219i evenimente, care are un singur angajat \u0219i care \u00een 2019 avea datorii de 100 mii de lei. Patronul Effect Tim ne-a spus [&hellip;]<\/p>\n","protected":false},"author":6,"featured_media":11242,"comment_status":"closed","ping_status":"open","sticky":false,"template":"","format":"standard","meta":{"_acf_changed":false,"inline_featured_image":false,"ngg_post_thumbnail":0,"footnotes":""},"categories":[1585,24,62],"tags":[176,221,1502,1503,188],"ppma_author":[22588],"class_list":["post-11237","post","type-post","status-publish","format-standard","has-post-thumbnail","hentry","category-buletin-de-bucuresti-in-pandemie","category-primarie","category-stiri","tag-achizitii","tag-daniel-florea","tag-graffiti","tag-scoli-sector-5","tag-sector-5"],"acf":[],"yoast_head":"<!-- This site is optimized with the Yoast SEO Premium plugin v25.3 (Yoast SEO v27.4) - https:\/\/yoast.com\/product\/yoast-seo-premium-wordpress\/ -->\n<title>De la picturi pe fa\u021b\u0103 la picturi murale. Daniel Florea d\u0103 90 mii de EURO pe grafitti unei firme care organizeaz\u0103 petreceri - Buletin de Bucure\u0219ti<\/title>\n<meta name=\"robots\" content=\"index, follow, max-snippet:-1, max-image-preview:large, max-video-preview:-1\" \/>\n<link rel=\"canonical\" href=\"https:\/\/buletin.de\/bucuresti\/de-la-picturi-pe-fata-la-picturi-murale-daniel-florea-da-90-mii-de-euro-pe-grafitti-unei-firme-care-organizeaza-petreceri\/\" \/>\n<meta property=\"og:locale\" content=\"en_GB\" \/>\n<meta property=\"og:type\" content=\"article\" \/>\n<meta property=\"og:title\" content=\"De la picturi pe fa\u021b\u0103 la picturi murale. Daniel Florea d\u0103 90 mii de EURO pe grafitti unei firme care organizeaz\u0103 petreceri\" \/>\n<meta property=\"og:description\" content=\"\u00cen doar jum\u0103tate de zi, primarul Daniel Florea a cheltuit 90.000 de EURO pe &#8230; graffiti. \u0218apte unit\u0103\u021bi \u0219colare din sectorul 5 urmeaz\u0103 s\u0103 fie pictate de o firm\u0103 care organizeaz\u0103 petreceri \u0219i evenimente, care are un singur angajat \u0219i care \u00een 2019 avea datorii de 100 mii de lei. Patronul Effect Tim ne-a spus [&hellip;]\" \/>\n<meta property=\"og:url\" content=\"https:\/\/buletin.de\/bucuresti\/de-la-picturi-pe-fata-la-picturi-murale-daniel-florea-da-90-mii-de-euro-pe-grafitti-unei-firme-care-organizeaza-petreceri\/\" \/>\n<meta property=\"og:site_name\" content=\"Buletin de Bucure\u0219ti\" \/>\n<meta property=\"article:publisher\" content=\"https:\/\/www.facebook.com\/buletin.de.buc\" \/>\n<meta property=\"article:published_time\" content=\"2020-08-27T09:02:37+00:00\" \/>\n<meta property=\"article:modified_time\" content=\"2020-09-15T14:05:10+00:00\" \/>\n<meta property=\"og:image\" content=\"https:\/\/buletin.de\/bucuresti\/wp-content\/uploads\/87775473_2515081822099275_5686464780676628480_o-1.jpg\" \/>\n\t<meta property=\"og:image:width\" content=\"1600\" \/>\n\t<meta property=\"og:image:height\" content=\"1066\" \/>\n\t<meta property=\"og:image:type\" content=\"image\/jpeg\" \/>\n<meta name=\"author\" content=\"Bianca Albu\" \/>\n<meta name=\"twitter:card\" content=\"summary_large_image\" \/>\n<meta name=\"twitter:label1\" content=\"Written by\" \/>\n\t<meta name=\"twitter:data1\" content=\"Bianca Albu\" \/>\n\t<meta name=\"twitter:label2\" content=\"Estimated reading time\" \/>\n\t<meta name=\"twitter:data2\" content=\"3 minutes\" \/>\n<script type=\"application\/ld+json\" class=\"yoast-schema-graph\">{\"@context\":\"https:\\\/\\\/schema.org\",\"@graph\":[{\"@type\":\"Article\",\"@id\":\"https:\\\/\\\/buletin.de\\\/bucuresti\\\/de-la-picturi-pe-fata-la-picturi-murale-daniel-florea-da-90-mii-de-euro-pe-grafitti-unei-firme-care-organizeaza-petreceri\\\/#article\",\"isPartOf\":{\"@id\":\"https:\\\/\\\/buletin.de\\\/bucuresti\\\/de-la-picturi-pe-fata-la-picturi-murale-daniel-florea-da-90-mii-de-euro-pe-grafitti-unei-firme-care-organizeaza-petreceri\\\/\"},\"author\":{\"name\":\"Bianca Albu\",\"@id\":\"https:\\\/\\\/buletin.de\\\/bucuresti\\\/#\\\/schema\\\/person\\\/295dc2228d2dc79294d636619468dc7f\"},\"headline\":\"De la picturi pe fa\u021b\u0103 la picturi murale. Daniel Florea d\u0103 90 mii de EURO pe grafitti unei firme care organizeaz\u0103 petreceri\",\"datePublished\":\"2020-08-27T09:02:37+00:00\",\"dateModified\":\"2020-09-15T14:05:10+00:00\",\"mainEntityOfPage\":{\"@id\":\"https:\\\/\\\/buletin.de\\\/bucuresti\\\/de-la-picturi-pe-fata-la-picturi-murale-daniel-florea-da-90-mii-de-euro-pe-grafitti-unei-firme-care-organizeaza-petreceri\\\/\"},\"wordCount\":547,\"publisher\":{\"@id\":\"https:\\\/\\\/buletin.de\\\/bucuresti\\\/#organization\"},\"image\":{\"@id\":\"https:\\\/\\\/buletin.de\\\/bucuresti\\\/de-la-picturi-pe-fata-la-picturi-murale-daniel-florea-da-90-mii-de-euro-pe-grafitti-unei-firme-care-organizeaza-petreceri\\\/#primaryimage\"},\"thumbnailUrl\":\"https:\\\/\\\/buletin.de\\\/bucuresti\\\/wp-content\\\/uploads\\\/87775473_2515081822099275_5686464780676628480_o-1.jpg\",\"keywords\":[\"achizitii\",\"daniel florea\",\"graffiti\",\"scoli sector 5\",\"Sector 5\"],\"articleSection\":[\"Buletin de Bucure\u0219ti \u00een pandemie\",\"Prim\u0103rie\",\"\u0218tiri\"],\"inLanguage\":\"en-GB\",\"copyrightYear\":\"2020\",\"copyrightHolder\":{\"@id\":\"https:\\\/\\\/buletin.de\\\/bucuresti\\\/#organization\"}},{\"@type\":\"WebPage\",\"@id\":\"https:\\\/\\\/buletin.de\\\/bucuresti\\\/de-la-picturi-pe-fata-la-picturi-murale-daniel-florea-da-90-mii-de-euro-pe-grafitti-unei-firme-care-organizeaza-petreceri\\\/\",\"url\":\"https:\\\/\\\/buletin.de\\\/bucuresti\\\/de-la-picturi-pe-fata-la-picturi-murale-daniel-florea-da-90-mii-de-euro-pe-grafitti-unei-firme-care-organizeaza-petreceri\\\/\",\"name\":\"De la picturi pe fa\u021b\u0103 la picturi murale. Daniel Florea d\u0103 90 mii de EURO pe grafitti unei firme care organizeaz\u0103 petreceri - Buletin de Bucure\u0219ti\",\"isPartOf\":{\"@id\":\"https:\\\/\\\/buletin.de\\\/bucuresti\\\/#website\"},\"primaryImageOfPage\":{\"@id\":\"https:\\\/\\\/buletin.de\\\/bucuresti\\\/de-la-picturi-pe-fata-la-picturi-murale-daniel-florea-da-90-mii-de-euro-pe-grafitti-unei-firme-care-organizeaza-petreceri\\\/#primaryimage\"},\"image\":{\"@id\":\"https:\\\/\\\/buletin.de\\\/bucuresti\\\/de-la-picturi-pe-fata-la-picturi-murale-daniel-florea-da-90-mii-de-euro-pe-grafitti-unei-firme-care-organizeaza-petreceri\\\/#primaryimage\"},\"thumbnailUrl\":\"https:\\\/\\\/buletin.de\\\/bucuresti\\\/wp-content\\\/uploads\\\/87775473_2515081822099275_5686464780676628480_o-1.jpg\",\"datePublished\":\"2020-08-27T09:02:37+00:00\",\"dateModified\":\"2020-09-15T14:05:10+00:00\",\"breadcrumb\":{\"@id\":\"https:\\\/\\\/buletin.de\\\/bucuresti\\\/de-la-picturi-pe-fata-la-picturi-murale-daniel-florea-da-90-mii-de-euro-pe-grafitti-unei-firme-care-organizeaza-petreceri\\\/#breadcrumb\"},\"inLanguage\":\"en-GB\",\"potentialAction\":[{\"@type\":\"ReadAction\",\"target\":[\"https:\\\/\\\/buletin.de\\\/bucuresti\\\/de-la-picturi-pe-fata-la-picturi-murale-daniel-florea-da-90-mii-de-euro-pe-grafitti-unei-firme-care-organizeaza-petreceri\\\/\"]}]},{\"@type\":\"ImageObject\",\"inLanguage\":\"en-GB\",\"@id\":\"https:\\\/\\\/buletin.de\\\/bucuresti\\\/de-la-picturi-pe-fata-la-picturi-murale-daniel-florea-da-90-mii-de-euro-pe-grafitti-unei-firme-care-organizeaza-petreceri\\\/#primaryimage\",\"url\":\"https:\\\/\\\/buletin.de\\\/bucuresti\\\/wp-content\\\/uploads\\\/87775473_2515081822099275_5686464780676628480_o-1.jpg\",\"contentUrl\":\"https:\\\/\\\/buletin.de\\\/bucuresti\\\/wp-content\\\/uploads\\\/87775473_2515081822099275_5686464780676628480_o-1.jpg\",\"width\":1600,\"height\":1066},{\"@type\":\"BreadcrumbList\",\"@id\":\"https:\\\/\\\/buletin.de\\\/bucuresti\\\/de-la-picturi-pe-fata-la-picturi-murale-daniel-florea-da-90-mii-de-euro-pe-grafitti-unei-firme-care-organizeaza-petreceri\\\/#breadcrumb\",\"itemListElement\":[{\"@type\":\"ListItem\",\"position\":1,\"name\":\"Acas\u0103\",\"item\":\"https:\\\/\\\/buletin.de\\\/bucuresti\\\/\"},{\"@type\":\"ListItem\",\"position\":2,\"name\":\"De la picturi pe fa\u021b\u0103 la picturi murale. Daniel Florea d\u0103 90 mii de EURO pe grafitti unei firme care organizeaz\u0103 petreceri\"}]},{\"@type\":\"WebSite\",\"@id\":\"https:\\\/\\\/buletin.de\\\/bucuresti\\\/#website\",\"url\":\"https:\\\/\\\/buletin.de\\\/bucuresti\\\/\",\"name\":\"Buletin de Bucure\u0219ti\",\"description\":\"\u0218tiri \u0219i investiga\u021bii esen\u021biale din capital\u0103\",\"publisher\":{\"@id\":\"https:\\\/\\\/buletin.de\\\/bucuresti\\\/#organization\"},\"potentialAction\":[{\"@type\":\"SearchAction\",\"target\":{\"@type\":\"EntryPoint\",\"urlTemplate\":\"https:\\\/\\\/buletin.de\\\/bucuresti\\\/?s={search_term_string}\"},\"query-input\":{\"@type\":\"PropertyValueSpecification\",\"valueRequired\":true,\"valueName\":\"search_term_string\"}}],\"inLanguage\":\"en-GB\"},{\"@type\":\"Organization\",\"@id\":\"https:\\\/\\\/buletin.de\\\/bucuresti\\\/#organization\",\"name\":\"Buletin de Bucure\u0219ti\",\"url\":\"https:\\\/\\\/buletin.de\\\/bucuresti\\\/\",\"logo\":{\"@type\":\"ImageObject\",\"inLanguage\":\"en-GB\",\"@id\":\"https:\\\/\\\/buletin.de\\\/bucuresti\\\/#\\\/schema\\\/logo\\\/image\\\/\",\"url\":\"https:\\\/\\\/buletin.de\\\/bucuresti\\\/wp-content\\\/uploads\\\/logo-bdb-full-wide-vernil-transparent.png\",\"contentUrl\":\"https:\\\/\\\/buletin.de\\\/bucuresti\\\/wp-content\\\/uploads\\\/logo-bdb-full-wide-vernil-transparent.png\",\"width\":1782,\"height\":626,\"caption\":\"Buletin de Bucure\u0219ti\"},\"image\":{\"@id\":\"https:\\\/\\\/buletin.de\\\/bucuresti\\\/#\\\/schema\\\/logo\\\/image\\\/\"},\"sameAs\":[\"https:\\\/\\\/www.facebook.com\\\/buletin.de.buc\",\"https:\\\/\\\/www.instagram.com\\\/buletinde.bucuresti\\\/\"]},{\"@type\":\"Person\",\"@id\":\"https:\\\/\\\/buletin.de\\\/bucuresti\\\/#\\\/schema\\\/person\\\/295dc2228d2dc79294d636619468dc7f\",\"name\":\"Bianca Albu\",\"image\":{\"@type\":\"ImageObject\",\"inLanguage\":\"en-GB\",\"@id\":\"https:\\\/\\\/secure.gravatar.com\\\/avatar\\\/3df2e34e20f529e6fd7be4311ee1f7c4ec4aa886971590baf6fa214b15743516?s=96&d=monsterid&r=gf541c715eeec409ce8101252a3c0d8a7\",\"url\":\"https:\\\/\\\/secure.gravatar.com\\\/avatar\\\/3df2e34e20f529e6fd7be4311ee1f7c4ec4aa886971590baf6fa214b15743516?s=96&d=monsterid&r=g\",\"contentUrl\":\"https:\\\/\\\/secure.gravatar.com\\\/avatar\\\/3df2e34e20f529e6fd7be4311ee1f7c4ec4aa886971590baf6fa214b15743516?s=96&d=monsterid&r=g\",\"caption\":\"Bianca Albu\"},\"description\":\"Reporter\",\"url\":\"https:\\\/\\\/buletin.de\\\/bucuresti\\\/author\\\/biancaalbu\\\/\"}]}<\/script>\n<!-- \/ Yoast SEO Premium plugin. -->","yoast_head_json":{"title":"De la picturi pe fa\u021b\u0103 la picturi murale. Daniel Florea d\u0103 90 mii de EURO pe grafitti unei firme care organizeaz\u0103 petreceri - Buletin de Bucure\u0219ti","robots":{"index":"index","follow":"follow","max-snippet":"max-snippet:-1","max-image-preview":"max-image-preview:large","max-video-preview":"max-video-preview:-1"},"canonical":"https:\/\/buletin.de\/bucuresti\/de-la-picturi-pe-fata-la-picturi-murale-daniel-florea-da-90-mii-de-euro-pe-grafitti-unei-firme-care-organizeaza-petreceri\/","og_locale":"en_GB","og_type":"article","og_title":"De la picturi pe fa\u021b\u0103 la picturi murale. Daniel Florea d\u0103 90 mii de EURO pe grafitti unei firme care organizeaz\u0103 petreceri","og_description":"\u00cen doar jum\u0103tate de zi, primarul Daniel Florea a cheltuit 90.000 de EURO pe &#8230; graffiti. \u0218apte unit\u0103\u021bi \u0219colare din sectorul 5 urmeaz\u0103 s\u0103 fie pictate de o firm\u0103 care organizeaz\u0103 petreceri \u0219i evenimente, care are un singur angajat \u0219i care \u00een 2019 avea datorii de 100 mii de lei. Patronul Effect Tim ne-a spus [&hellip;]","og_url":"https:\/\/buletin.de\/bucuresti\/de-la-picturi-pe-fata-la-picturi-murale-daniel-florea-da-90-mii-de-euro-pe-grafitti-unei-firme-care-organizeaza-petreceri\/","og_site_name":"Buletin de Bucure\u0219ti","article_publisher":"https:\/\/www.facebook.com\/buletin.de.buc","article_published_time":"2020-08-27T09:02:37+00:00","article_modified_time":"2020-09-15T14:05:10+00:00","og_image":[{"width":1600,"height":1066,"url":"https:\/\/buletin.de\/bucuresti\/wp-content\/uploads\/87775473_2515081822099275_5686464780676628480_o-1.jpg","type":"image\/jpeg"}],"author":"Bianca Albu","twitter_card":"summary_large_image","twitter_misc":{"Written by":"Bianca Albu","Estimated reading time":"3 minutes"},"schema":{"@context":"https:\/\/schema.org","@graph":[{"@type":"Article","@id":"https:\/\/buletin.de\/bucuresti\/de-la-picturi-pe-fata-la-picturi-murale-daniel-florea-da-90-mii-de-euro-pe-grafitti-unei-firme-care-organizeaza-petreceri\/#article","isPartOf":{"@id":"https:\/\/buletin.de\/bucuresti\/de-la-picturi-pe-fata-la-picturi-murale-daniel-florea-da-90-mii-de-euro-pe-grafitti-unei-firme-care-organizeaza-petreceri\/"},"author":{"name":"Bianca Albu","@id":"https:\/\/buletin.de\/bucuresti\/#\/schema\/person\/295dc2228d2dc79294d636619468dc7f"},"headline":"De la picturi pe fa\u021b\u0103 la picturi murale. Daniel Florea d\u0103 90 mii de EURO pe grafitti unei firme care organizeaz\u0103 petreceri","datePublished":"2020-08-27T09:02:37+00:00","dateModified":"2020-09-15T14:05:10+00:00","mainEntityOfPage":{"@id":"https:\/\/buletin.de\/bucuresti\/de-la-picturi-pe-fata-la-picturi-murale-daniel-florea-da-90-mii-de-euro-pe-grafitti-unei-firme-care-organizeaza-petreceri\/"},"wordCount":547,"publisher":{"@id":"https:\/\/buletin.de\/bucuresti\/#organization"},"image":{"@id":"https:\/\/buletin.de\/bucuresti\/de-la-picturi-pe-fata-la-picturi-murale-daniel-florea-da-90-mii-de-euro-pe-grafitti-unei-firme-care-organizeaza-petreceri\/#primaryimage"},"thumbnailUrl":"https:\/\/buletin.de\/bucuresti\/wp-content\/uploads\/87775473_2515081822099275_5686464780676628480_o-1.jpg","keywords":["achizitii","daniel florea","graffiti","scoli sector 5","Sector 5"],"articleSection":["Buletin de Bucure\u0219ti \u00een pandemie","Prim\u0103rie","\u0218tiri"],"inLanguage":"en-GB","copyrightYear":"2020","copyrightHolder":{"@id":"https:\/\/buletin.de\/bucuresti\/#organization"}},{"@type":"WebPage","@id":"https:\/\/buletin.de\/bucuresti\/de-la-picturi-pe-fata-la-picturi-murale-daniel-florea-da-90-mii-de-euro-pe-grafitti-unei-firme-care-organizeaza-petreceri\/","url":"https:\/\/buletin.de\/bucuresti\/de-la-picturi-pe-fata-la-picturi-murale-daniel-florea-da-90-mii-de-euro-pe-grafitti-unei-firme-care-organizeaza-petreceri\/","name":"De la picturi pe fa\u021b\u0103 la picturi murale. Daniel Florea d\u0103 90 mii de EURO pe grafitti unei firme care organizeaz\u0103 petreceri - Buletin de Bucure\u0219ti","isPartOf":{"@id":"https:\/\/buletin.de\/bucuresti\/#website"},"primaryImageOfPage":{"@id":"https:\/\/buletin.de\/bucuresti\/de-la-picturi-pe-fata-la-picturi-murale-daniel-florea-da-90-mii-de-euro-pe-grafitti-unei-firme-care-organizeaza-petreceri\/#primaryimage"},"image":{"@id":"https:\/\/buletin.de\/bucuresti\/de-la-picturi-pe-fata-la-picturi-murale-daniel-florea-da-90-mii-de-euro-pe-grafitti-unei-firme-care-organizeaza-petreceri\/#primaryimage"},"thumbnailUrl":"https:\/\/buletin.de\/bucuresti\/wp-content\/uploads\/87775473_2515081822099275_5686464780676628480_o-1.jpg","datePublished":"2020-08-27T09:02:37+00:00","dateModified":"2020-09-15T14:05:10+00:00","breadcrumb":{"@id":"https:\/\/buletin.de\/bucuresti\/de-la-picturi-pe-fata-la-picturi-murale-daniel-florea-da-90-mii-de-euro-pe-grafitti-unei-firme-care-organizeaza-petreceri\/#breadcrumb"},"inLanguage":"en-GB","potentialAction":[{"@type":"ReadAction","target":["https:\/\/buletin.de\/bucuresti\/de-la-picturi-pe-fata-la-picturi-murale-daniel-florea-da-90-mii-de-euro-pe-grafitti-unei-firme-care-organizeaza-petreceri\/"]}]},{"@type":"ImageObject","inLanguage":"en-GB","@id":"https:\/\/buletin.de\/bucuresti\/de-la-picturi-pe-fata-la-picturi-murale-daniel-florea-da-90-mii-de-euro-pe-grafitti-unei-firme-care-organizeaza-petreceri\/#primaryimage","url":"https:\/\/buletin.de\/bucuresti\/wp-content\/uploads\/87775473_2515081822099275_5686464780676628480_o-1.jpg","contentUrl":"https:\/\/buletin.de\/bucuresti\/wp-content\/uploads\/87775473_2515081822099275_5686464780676628480_o-1.jpg","width":1600,"height":1066},{"@type":"BreadcrumbList","@id":"https:\/\/buletin.de\/bucuresti\/de-la-picturi-pe-fata-la-picturi-murale-daniel-florea-da-90-mii-de-euro-pe-grafitti-unei-firme-care-organizeaza-petreceri\/#breadcrumb","itemListElement":[{"@type":"ListItem","position":1,"name":"Acas\u0103","item":"https:\/\/buletin.de\/bucuresti\/"},{"@type":"ListItem","position":2,"name":"De la picturi pe fa\u021b\u0103 la picturi murale. Daniel Florea d\u0103 90 mii de EURO pe grafitti unei firme care organizeaz\u0103 petreceri"}]},{"@type":"WebSite","@id":"https:\/\/buletin.de\/bucuresti\/#website","url":"https:\/\/buletin.de\/bucuresti\/","name":"Buletin de Bucure\u0219ti","description":"\u0218tiri \u0219i investiga\u021bii esen\u021biale din capital\u0103","publisher":{"@id":"https:\/\/buletin.de\/bucuresti\/#organization"},"potentialAction":[{"@type":"SearchAction","target":{"@type":"EntryPoint","urlTemplate":"https:\/\/buletin.de\/bucuresti\/?s={search_term_string}"},"query-input":{"@type":"PropertyValueSpecification","valueRequired":true,"valueName":"search_term_string"}}],"inLanguage":"en-GB"},{"@type":"Organization","@id":"https:\/\/buletin.de\/bucuresti\/#organization","name":"Buletin de Bucure\u0219ti","url":"https:\/\/buletin.de\/bucuresti\/","logo":{"@type":"ImageObject","inLanguage":"en-GB","@id":"https:\/\/buletin.de\/bucuresti\/#\/schema\/logo\/image\/","url":"https:\/\/buletin.de\/bucuresti\/wp-content\/uploads\/logo-bdb-full-wide-vernil-transparent.png","contentUrl":"https:\/\/buletin.de\/bucuresti\/wp-content\/uploads\/logo-bdb-full-wide-vernil-transparent.png","width":1782,"height":626,"caption":"Buletin de Bucure\u0219ti"},"image":{"@id":"https:\/\/buletin.de\/bucuresti\/#\/schema\/logo\/image\/"},"sameAs":["https:\/\/www.facebook.com\/buletin.de.buc","https:\/\/www.instagram.com\/buletinde.bucuresti\/"]},{"@type":"Person","@id":"https:\/\/buletin.de\/bucuresti\/#\/schema\/person\/295dc2228d2dc79294d636619468dc7f","name":"Bianca Albu","image":{"@type":"ImageObject","inLanguage":"en-GB","@id":"https:\/\/secure.gravatar.com\/avatar\/3df2e34e20f529e6fd7be4311ee1f7c4ec4aa886971590baf6fa214b15743516?s=96&d=monsterid&r=gf541c715eeec409ce8101252a3c0d8a7","url":"https:\/\/secure.gravatar.com\/avatar\/3df2e34e20f529e6fd7be4311ee1f7c4ec4aa886971590baf6fa214b15743516?s=96&d=monsterid&r=g","contentUrl":"https:\/\/secure.gravatar.com\/avatar\/3df2e34e20f529e6fd7be4311ee1f7c4ec4aa886971590baf6fa214b15743516?s=96&d=monsterid&r=g","caption":"Bianca Albu"},"description":"Reporter","url":"https:\/\/buletin.de\/bucuresti\/author\/biancaalbu\/"}]}},"authors":[{"term_id":22588,"user_id":6,"is_guest":0,"slug":"biancaalbu","display_name":"Bianca Albu","avatar_url":"https:\/\/secure.gravatar.com\/avatar\/3df2e34e20f529e6fd7be4311ee1f7c4ec4aa886971590baf6fa214b15743516?s=96&d=monsterid&r=g","0":null,"1":"","2":"","3":"","4":"","5":"","6":"","7":"","8":""}],"_links":{"self":[{"href":"https:\/\/buletin.de\/bucuresti\/wp-json\/wp\/v2\/posts\/11237","targetHints":{"allow":["GET"]}}],"collection":[{"href":"https:\/\/buletin.de\/bucuresti\/wp-json\/wp\/v2\/posts"}],"about":[{"href":"https:\/\/buletin.de\/bucuresti\/wp-json\/wp\/v2\/types\/post"}],"author":[{"embeddable":true,"href":"https:\/\/buletin.de\/bucuresti\/wp-json\/wp\/v2\/users\/6"}],"replies":[{"embeddable":true,"href":"https:\/\/buletin.de\/bucuresti\/wp-json\/wp\/v2\/comments?post=11237"}],"version-history":[{"count":7,"href":"https:\/\/buletin.de\/bucuresti\/wp-json\/wp\/v2\/posts\/11237\/revisions"}],"predecessor-version":[{"id":12056,"href":"https:\/\/buletin.de\/bucuresti\/wp-json\/wp\/v2\/posts\/11237\/revisions\/12056"}],"wp:featuredmedia":[{"embeddable":true,"href":"https:\/\/buletin.de\/bucuresti\/wp-json\/wp\/v2\/media\/11242"}],"wp:attachment":[{"href":"https:\/\/buletin.de\/bucuresti\/wp-json\/wp\/v2\/media?parent=11237"}],"wp:term":[{"taxonomy":"category","embeddable":true,"href":"https:\/\/buletin.de\/bucuresti\/wp-json\/wp\/v2\/categories?post=11237"},{"taxonomy":"post_tag","embeddable":true,"href":"https:\/\/buletin.de\/bucuresti\/wp-json\/wp\/v2\/tags?post=11237"},{"taxonomy":"author","embeddable":true,"href":"https:\/\/buletin.de\/bucuresti\/wp-json\/wp\/v2\/ppma_author?post=11237"}],"curies":[{"name":"wp","href":"https:\/\/api.w.org\/{rel}","templated":true}]}}