{"id":112293,"date":"2024-12-27T16:21:43","date_gmt":"2024-12-27T13:21:43","guid":{"rendered":"https:\/\/buletin.de\/bucuresti\/?p=112293"},"modified":"2024-12-27T16:21:55","modified_gmt":"2024-12-27T13:21:55","slug":"sistemul-de-taxare-al-stb-in-mentenanta-cum-sunt-afectati-calatorii","status":"publish","type":"post","link":"https:\/\/buletin.de\/bucuresti\/sistemul-de-taxare-al-stb-in-mentenanta-cum-sunt-afectati-calatorii\/","title":{"rendered":"Sistemul de taxare al STB, \u00een mentenan\u0163\u0103. Cum sunt afecta\u0163i c\u0103l\u0103torii"},"content":{"rendered":"\n<p><strong>Sistemul de taxare al STB este supus unor <strong> lucr\u0103ri de mentenan\u0163\u0103 \u015fi modernizare<\/strong>, \u00een perioada 27 decembrie-7 ianuarie, anun\u021b\u0103 <strong>Societatea de Transport Bucure\u015fti<\/strong>. Drept urmare, pasagerii nu vor mai putea utiliza anumite facilit\u0103\u0163i, precum re\u00eenc\u0103rcarea online a titlurilor de c\u0103l\u0103torie.<\/strong><\/p>\n\n\n\n<p>Mai precis, <a href=\"https:\/\/www.facebook.com\/SocietateaDeTransportBucurestiSTBSA\/posts\/pfbid0K6Svoo4FsaSNgzpQ1UtTrL4Bamo7s8XCD2myo7prV8kd9ycyBP8A5j3nuCQJtEsCl?__cft__[0]=AZW6xT3ej_MUIlmsGIDSihHRBK47U9kg7YyLbKZt8vFi8vSXK3j24vAAr8bm3pwhBxNKQRZHuLddi7cUXXvUjKMzJMEc2Ee4E6C_itIbJhWTQcDBQaMSdS6y-X6o_JOjaeXwIMwfuDNAJEU-_prk7nUrmvQBWtVFw-sPXv27ZMg04Ksz658ufl0mITTT5mVXLLMlKevKDU-32vrloRoDBjty&amp;__tn__=%2CO%2CP-R\">compania<\/a> transmite c\u0103 urm\u0103toarele func\u0163ionalit\u0103\u0163i vor fi <mark style=\"background-color:rgba(0, 0, 0, 0)\" class=\"has-inline-color has-vivid-red-color\"><strong>indisponibile<\/strong><\/mark> \u00een intervalul 27 decembrie-7 ianuarie:<\/p>\n\n\n\n<ul class=\"wp-block-list\">\n<li>emiterea cardurilor Activ nominale;<\/li>\n\n\n\n<li>translatarea \u0219i preschimbarea titlurilor de c\u0103l\u0103torie;<\/li>\n\n\n\n<li>re\u00eenc\u0103rcarea online a titlurilor de c\u0103l\u0103torie, at\u00e2t pe platforma https:\/\/online.stbsa.ro\/, c\u00e2t \u0219i prin terminalele e-chio\u0219c.<\/li>\n<\/ul>\n\n\n\n<p><strong>Pe durata lucr\u0103rilor, pasagerii pot folosi metode alternative pentru plata c\u0103l\u0103toriei, precum:<\/strong><\/p>\n\n\n\n<ul class=\"wp-block-list\">\n<li>plata prin SMS;<\/li>\n\n\n\n<li>aplica\u021bia 24Pay;<\/li>\n\n\n\n<li>plata contactless cu cardul bancar, direct la validator.<\/li>\n<\/ul>\n\n\n\n<p>Sistemul automat de taxare se bazeaz\u0103 pe tehnologia cardurilor de transport contactless \u0219i este realizat astfel \u00eenc\u00e2t s\u0103 asigure o informare corect\u0103 a c\u0103l\u0103torilor \u0219i un timp scurt pentru validarea cardurilor.<\/p>\n\n\n\n<p><strong>CITE\u015eTE \u015eI: <a href=\"https:\/\/buletin.de\/bucuresti\/investigatiile-buletin-de-bucuresti-din-2024-clanul-sarmanilor-risipa-primarilor-sau-cartile-lui-calin-georgescu\/\">Investiga\u021biile Buletin de Bucure\u0219ti din 2024: Clanul S\u0103rmanilor, risipa primarilor sau c\u0103r\u021bile lui C\u0103lin Georgescu<\/a><\/strong><\/p>\n\n\n\n<h2 class=\"wp-block-heading\" id=\"h-program-special-stb-de-sarbatori\">Program special STB de s\u0103rb\u0103tori<\/h2>\n\n\n\n<p>Mijloacele de transport \u00een comun au program special \u00een perioada s\u0103rb\u0103torilor de iarn\u0103. Concret, vehiculele STB vor func\u0163iona dup\u0103 programul de weekend, dup\u0103 cum urmeaz\u0103:<\/p>\n\n\n\n<p><strong>Program corespunz\u0103tor unei zile de duminic\u0103<\/strong><\/p>\n\n\n\n<ul class=\"wp-block-list\">\n<li>27 decembrie 2024<\/li>\n\n\n\n<li>29 decembrie 2024<\/li>\n\n\n\n<li>30 decembrie 2024<\/li>\n\n\n\n<li>31 decembrie 2024<\/li>\n\n\n\n<li><strong>1 ianuarie 2025<\/strong>&nbsp;\u2013&nbsp;\u00een prima parte a zilei, parcul circulant este redus corespunz\u0103tor cererii;<\/li>\n\n\n\n<li>2 ianuarie 2025<\/li>\n\n\n\n<li>3 ianuarie 2025<\/li>\n\n\n\n<li>5 ianuarie 2025<\/li>\n\n\n\n<li>6 ianuarie 2025<\/li>\n\n\n\n<li>7 ianuarie 2025.<\/li>\n<\/ul>\n\n\n\n<p><strong>Program corespunz\u0103tor unei zile de s\u00e2mb\u0103t\u0103<\/strong><\/p>\n\n\n\n<ul class=\"wp-block-list\">\n<li>28 decembrie 2024<\/li>\n\n\n\n<li>4 ianuarie 2025<\/li>\n<\/ul>\n\n\n\n<p>\u00cen acest interval, se vor desf\u0103\u015fura \u015fi lucr\u0103rile de modernizare \u015fi mentenan\u0163\u0103 la sistemul de taxare al STB SA.<\/p>\n\n\n\n<p>\u00cen plus, o linie special\u0103 de autobuz pentru noaptea de Revelion va fi \u00eenfiin\u021bat\u0103 de Asocia\u021bia de Dezvoltare Intercomunitar\u0103 pentru Transport Public Bucure\u0219ti \u2013 Ilfov (TPBI). Este vorba despre linia de autobuz N41, \u00eentre Pia\u021ba Presei \u0219i Ghencea.<\/p>\n\n\n\n<p><strong>CITE\u015eTE \u015eI:<\/strong> <strong><a href=\"https:\/\/buletin.de\/bucuresti\/linie-speciala-de-autobuz-pentru-noaptea-de-revelion-programul-pe-31-decembrie-si-1-ianuarie\/\">Linie special\u0103 de autobuz pentru noaptea de Revelion. Programul pe 31 decembrie \u0219i 1 ianuarie<\/a><\/strong><\/p>\n","protected":false},"excerpt":{"rendered":"<p>Sistemul de taxare al STB este supus unor lucr\u0103ri de mentenan\u0163\u0103 \u015fi modernizare, \u00een perioada 27 decembrie-7 ianuarie, anun\u021b\u0103 Societatea de Transport Bucure\u015fti. Drept urmare, pasagerii nu vor mai putea utiliza anumite facilit\u0103\u0163i, precum re\u00eenc\u0103rcarea online a titlurilor de c\u0103l\u0103torie. Mai precis, compania transmite c\u0103 urm\u0103toarele func\u0163ionalit\u0103\u0163i vor fi indisponibile \u00een intervalul 27 decembrie-7 ianuarie: [&hellip;]<\/p>\n","protected":false},"author":55,"featured_media":112295,"comment_status":"closed","ping_status":"open","sticky":false,"template":"","format":"standard","meta":{"_acf_changed":false,"inline_featured_image":false,"ngg_post_thumbnail":0,"footnotes":""},"categories":[6994,62,650],"tags":[17939,17942,2199,17923,17938,17941,17937,402,11561],"ppma_author":[22573],"class_list":["post-112293","post","type-post","status-publish","format-standard","has-post-thumbnail","hentry","category-stiri-2","category-stiri","category-transport","tag-carduri-stb","tag-linie-speciala-de-revelion","tag-mentenanta","tag-n41","tag-plata-calatoriei-stb","tag-program-special-de-sarbatori","tag-sistem-automat-de-taxare","tag-stb","tag-validatoare"],"acf":[],"yoast_head":"<!-- This site is optimized with the Yoast SEO Premium plugin v25.3 (Yoast SEO v27.4) - https:\/\/yoast.com\/product\/yoast-seo-premium-wordpress\/ -->\n<title>Sistemul de taxare al STB, \u00een mentenan\u0163\u0103. Cum sunt afecta\u0163i c\u0103l\u0103torii - Buletin de Bucure\u0219ti<\/title>\n<meta name=\"description\" content=\"Sistemul de taxare al STB este supus unor lucr\u0103ri de mentenan\u0163\u0103 \u015fi modernizare, \u00een perioada 27 decembrie-7 ianuarie.\" \/>\n<meta name=\"robots\" content=\"index, follow, max-snippet:-1, max-image-preview:large, max-video-preview:-1\" \/>\n<link rel=\"canonical\" href=\"https:\/\/buletin.de\/bucuresti\/sistemul-de-taxare-al-stb-in-mentenanta-cum-sunt-afectati-calatorii\/\" \/>\n<meta property=\"og:locale\" content=\"en_GB\" \/>\n<meta property=\"og:type\" content=\"article\" \/>\n<meta property=\"og:title\" content=\"Sistemul de taxare al STB, \u00een mentenan\u0163\u0103. Cum sunt afecta\u0163i c\u0103l\u0103torii\" \/>\n<meta property=\"og:description\" content=\"Sistemul de taxare al STB este supus unor lucr\u0103ri de mentenan\u0163\u0103 \u015fi modernizare, \u00een perioada 27 decembrie-7 ianuarie.\" \/>\n<meta property=\"og:url\" content=\"https:\/\/buletin.de\/bucuresti\/sistemul-de-taxare-al-stb-in-mentenanta-cum-sunt-afectati-calatorii\/\" \/>\n<meta property=\"og:site_name\" content=\"Buletin de Bucure\u0219ti\" \/>\n<meta property=\"article:publisher\" content=\"https:\/\/www.facebook.com\/buletin.de.buc\" \/>\n<meta property=\"article:published_time\" content=\"2024-12-27T13:21:43+00:00\" \/>\n<meta property=\"article:modified_time\" content=\"2024-12-27T13:21:55+00:00\" \/>\n<meta property=\"og:image\" content=\"https:\/\/buletin.de\/bucuresti\/wp-content\/uploads\/440572520_898418845630068_3822002206287654260_n-1.jpg\" \/>\n\t<meta property=\"og:image:width\" content=\"1193\" \/>\n\t<meta property=\"og:image:height\" content=\"604\" \/>\n\t<meta property=\"og:image:type\" content=\"image\/jpeg\" \/>\n<meta name=\"author\" content=\"Andreea Tudor\" \/>\n<meta name=\"twitter:card\" content=\"summary_large_image\" \/>\n<meta name=\"twitter:label1\" content=\"Written by\" \/>\n\t<meta name=\"twitter:data1\" content=\"Andreea Tudor\" \/>\n\t<meta name=\"twitter:label2\" content=\"Estimated reading time\" \/>\n\t<meta name=\"twitter:data2\" content=\"2 minutes\" \/>\n<script type=\"application\/ld+json\" class=\"yoast-schema-graph\">{\"@context\":\"https:\\\/\\\/schema.org\",\"@graph\":[{\"@type\":\"Article\",\"@id\":\"https:\\\/\\\/buletin.de\\\/bucuresti\\\/sistemul-de-taxare-al-stb-in-mentenanta-cum-sunt-afectati-calatorii\\\/#article\",\"isPartOf\":{\"@id\":\"https:\\\/\\\/buletin.de\\\/bucuresti\\\/sistemul-de-taxare-al-stb-in-mentenanta-cum-sunt-afectati-calatorii\\\/\"},\"author\":{\"name\":\"Andreea Tudor\",\"@id\":\"https:\\\/\\\/buletin.de\\\/bucuresti\\\/#\\\/schema\\\/person\\\/150590659efde715459d159da012f501\"},\"headline\":\"Sistemul de taxare al STB, \u00een mentenan\u0163\u0103. Cum sunt afecta\u0163i c\u0103l\u0103torii\",\"datePublished\":\"2024-12-27T13:21:43+00:00\",\"dateModified\":\"2024-12-27T13:21:55+00:00\",\"mainEntityOfPage\":{\"@id\":\"https:\\\/\\\/buletin.de\\\/bucuresti\\\/sistemul-de-taxare-al-stb-in-mentenanta-cum-sunt-afectati-calatorii\\\/\"},\"wordCount\":355,\"publisher\":{\"@id\":\"https:\\\/\\\/buletin.de\\\/bucuresti\\\/#organization\"},\"image\":{\"@id\":\"https:\\\/\\\/buletin.de\\\/bucuresti\\\/sistemul-de-taxare-al-stb-in-mentenanta-cum-sunt-afectati-calatorii\\\/#primaryimage\"},\"thumbnailUrl\":\"https:\\\/\\\/buletin.de\\\/bucuresti\\\/wp-content\\\/uploads\\\/440572520_898418845630068_3822002206287654260_n-1.jpg\",\"keywords\":[\"carduri stb\",\"linie speciala de Revelion\",\"mentenanta\",\"n41\",\"plata calatoriei stb\",\"program special de sarbatori\",\"sistem automat de taxare\",\"stb\",\"validatoare\"],\"articleSection\":[\"Articole\",\"\u0218tiri\",\"Transport\"],\"inLanguage\":\"en-GB\",\"copyrightYear\":\"2024\",\"copyrightHolder\":{\"@id\":\"https:\\\/\\\/buletin.de\\\/bucuresti\\\/#organization\"}},{\"@type\":\"WebPage\",\"@id\":\"https:\\\/\\\/buletin.de\\\/bucuresti\\\/sistemul-de-taxare-al-stb-in-mentenanta-cum-sunt-afectati-calatorii\\\/\",\"url\":\"https:\\\/\\\/buletin.de\\\/bucuresti\\\/sistemul-de-taxare-al-stb-in-mentenanta-cum-sunt-afectati-calatorii\\\/\",\"name\":\"Sistemul de taxare al STB, \u00een mentenan\u0163\u0103. Cum sunt afecta\u0163i c\u0103l\u0103torii - Buletin de Bucure\u0219ti\",\"isPartOf\":{\"@id\":\"https:\\\/\\\/buletin.de\\\/bucuresti\\\/#website\"},\"primaryImageOfPage\":{\"@id\":\"https:\\\/\\\/buletin.de\\\/bucuresti\\\/sistemul-de-taxare-al-stb-in-mentenanta-cum-sunt-afectati-calatorii\\\/#primaryimage\"},\"image\":{\"@id\":\"https:\\\/\\\/buletin.de\\\/bucuresti\\\/sistemul-de-taxare-al-stb-in-mentenanta-cum-sunt-afectati-calatorii\\\/#primaryimage\"},\"thumbnailUrl\":\"https:\\\/\\\/buletin.de\\\/bucuresti\\\/wp-content\\\/uploads\\\/440572520_898418845630068_3822002206287654260_n-1.jpg\",\"datePublished\":\"2024-12-27T13:21:43+00:00\",\"dateModified\":\"2024-12-27T13:21:55+00:00\",\"description\":\"Sistemul de taxare al STB este supus unor lucr\u0103ri de mentenan\u0163\u0103 \u015fi modernizare, \u00een perioada 27 decembrie-7 ianuarie.\",\"breadcrumb\":{\"@id\":\"https:\\\/\\\/buletin.de\\\/bucuresti\\\/sistemul-de-taxare-al-stb-in-mentenanta-cum-sunt-afectati-calatorii\\\/#breadcrumb\"},\"inLanguage\":\"en-GB\",\"potentialAction\":[{\"@type\":\"ReadAction\",\"target\":[\"https:\\\/\\\/buletin.de\\\/bucuresti\\\/sistemul-de-taxare-al-stb-in-mentenanta-cum-sunt-afectati-calatorii\\\/\"]}]},{\"@type\":\"ImageObject\",\"inLanguage\":\"en-GB\",\"@id\":\"https:\\\/\\\/buletin.de\\\/bucuresti\\\/sistemul-de-taxare-al-stb-in-mentenanta-cum-sunt-afectati-calatorii\\\/#primaryimage\",\"url\":\"https:\\\/\\\/buletin.de\\\/bucuresti\\\/wp-content\\\/uploads\\\/440572520_898418845630068_3822002206287654260_n-1.jpg\",\"contentUrl\":\"https:\\\/\\\/buletin.de\\\/bucuresti\\\/wp-content\\\/uploads\\\/440572520_898418845630068_3822002206287654260_n-1.jpg\",\"width\":1193,\"height\":604,\"caption\":\"Sistemul automat de taxare al STB, \u00een mentenan\u0163\u0103. Foto: STB SA\"},{\"@type\":\"BreadcrumbList\",\"@id\":\"https:\\\/\\\/buletin.de\\\/bucuresti\\\/sistemul-de-taxare-al-stb-in-mentenanta-cum-sunt-afectati-calatorii\\\/#breadcrumb\",\"itemListElement\":[{\"@type\":\"ListItem\",\"position\":1,\"name\":\"Acas\u0103\",\"item\":\"https:\\\/\\\/buletin.de\\\/bucuresti\\\/\"},{\"@type\":\"ListItem\",\"position\":2,\"name\":\"Sistemul de taxare al STB, \u00een mentenan\u0163\u0103. Cum sunt afecta\u0163i c\u0103l\u0103torii\"}]},{\"@type\":\"WebSite\",\"@id\":\"https:\\\/\\\/buletin.de\\\/bucuresti\\\/#website\",\"url\":\"https:\\\/\\\/buletin.de\\\/bucuresti\\\/\",\"name\":\"Buletin de Bucure\u0219ti\",\"description\":\"\u0218tiri \u0219i investiga\u021bii esen\u021biale din capital\u0103\",\"publisher\":{\"@id\":\"https:\\\/\\\/buletin.de\\\/bucuresti\\\/#organization\"},\"potentialAction\":[{\"@type\":\"SearchAction\",\"target\":{\"@type\":\"EntryPoint\",\"urlTemplate\":\"https:\\\/\\\/buletin.de\\\/bucuresti\\\/?s={search_term_string}\"},\"query-input\":{\"@type\":\"PropertyValueSpecification\",\"valueRequired\":true,\"valueName\":\"search_term_string\"}}],\"inLanguage\":\"en-GB\"},{\"@type\":\"Organization\",\"@id\":\"https:\\\/\\\/buletin.de\\\/bucuresti\\\/#organization\",\"name\":\"Buletin de Bucure\u0219ti\",\"url\":\"https:\\\/\\\/buletin.de\\\/bucuresti\\\/\",\"logo\":{\"@type\":\"ImageObject\",\"inLanguage\":\"en-GB\",\"@id\":\"https:\\\/\\\/buletin.de\\\/bucuresti\\\/#\\\/schema\\\/logo\\\/image\\\/\",\"url\":\"https:\\\/\\\/buletin.de\\\/bucuresti\\\/wp-content\\\/uploads\\\/logo-bdb-full-wide-vernil-transparent.png\",\"contentUrl\":\"https:\\\/\\\/buletin.de\\\/bucuresti\\\/wp-content\\\/uploads\\\/logo-bdb-full-wide-vernil-transparent.png\",\"width\":1782,\"height\":626,\"caption\":\"Buletin de Bucure\u0219ti\"},\"image\":{\"@id\":\"https:\\\/\\\/buletin.de\\\/bucuresti\\\/#\\\/schema\\\/logo\\\/image\\\/\"},\"sameAs\":[\"https:\\\/\\\/www.facebook.com\\\/buletin.de.buc\",\"https:\\\/\\\/www.instagram.com\\\/buletinde.bucuresti\\\/\"]},{\"@type\":\"Person\",\"@id\":\"https:\\\/\\\/buletin.de\\\/bucuresti\\\/#\\\/schema\\\/person\\\/150590659efde715459d159da012f501\",\"name\":\"Andreea Tudor\",\"image\":{\"@type\":\"ImageObject\",\"inLanguage\":\"en-GB\",\"@id\":\"https:\\\/\\\/secure.gravatar.com\\\/avatar\\\/a88705a186ab0b67f3349bcbced506c09e37256fbaad0e7f3bd1a79b4599f589?s=96&d=monsterid&r=g79290610aa1a65c2b86eebc2ca5aee8f\",\"url\":\"https:\\\/\\\/secure.gravatar.com\\\/avatar\\\/a88705a186ab0b67f3349bcbced506c09e37256fbaad0e7f3bd1a79b4599f589?s=96&d=monsterid&r=g\",\"contentUrl\":\"https:\\\/\\\/secure.gravatar.com\\\/avatar\\\/a88705a186ab0b67f3349bcbced506c09e37256fbaad0e7f3bd1a79b4599f589?s=96&d=monsterid&r=g\",\"caption\":\"Andreea Tudor\"},\"description\":\"N\u0103scut\u0103 \u0219i crescut\u0103 \u00een Bucure\u0219ti, sus\u021bin\u0103toare a presei independente. A\u0219a am ajuns redactor la Buletin de Bucure\u0219ti. Fiind eu, \u00eens\u0103mi, parte a sistemului de \u00eenv\u0103\u021b\u0103m\u00e2nt rom\u00e2nesc \u0219i pasionat\u0103 de domeniul social, pun sub lup\u0103 tot ceea ce se \u00eent\u00e2mpl\u0103 \u00een sfera educa\u021biei. Cred cu t\u0103rie c\u0103 presa \u201epentru cet\u0103\u021beni\u201d este presa independent\u0103. Oamenii au nevoie de o informare corect\u0103 pentru a \u00een\u021belege pe deplin ce se \u00eent\u00e2mpl\u0103 \u00een jurul lor \u0219i pentru a lua ac\u021biune \u00eempotriva nedrept\u0103\u021bilor.\",\"url\":\"https:\\\/\\\/buletin.de\\\/bucuresti\\\/author\\\/andreeatudor\\\/\"}]}<\/script>\n<!-- \/ Yoast SEO Premium plugin. -->","yoast_head_json":{"title":"Sistemul de taxare al STB, \u00een mentenan\u0163\u0103. Cum sunt afecta\u0163i c\u0103l\u0103torii - Buletin de Bucure\u0219ti","description":"Sistemul de taxare al STB este supus unor lucr\u0103ri de mentenan\u0163\u0103 \u015fi modernizare, \u00een perioada 27 decembrie-7 ianuarie.","robots":{"index":"index","follow":"follow","max-snippet":"max-snippet:-1","max-image-preview":"max-image-preview:large","max-video-preview":"max-video-preview:-1"},"canonical":"https:\/\/buletin.de\/bucuresti\/sistemul-de-taxare-al-stb-in-mentenanta-cum-sunt-afectati-calatorii\/","og_locale":"en_GB","og_type":"article","og_title":"Sistemul de taxare al STB, \u00een mentenan\u0163\u0103. Cum sunt afecta\u0163i c\u0103l\u0103torii","og_description":"Sistemul de taxare al STB este supus unor lucr\u0103ri de mentenan\u0163\u0103 \u015fi modernizare, \u00een perioada 27 decembrie-7 ianuarie.","og_url":"https:\/\/buletin.de\/bucuresti\/sistemul-de-taxare-al-stb-in-mentenanta-cum-sunt-afectati-calatorii\/","og_site_name":"Buletin de Bucure\u0219ti","article_publisher":"https:\/\/www.facebook.com\/buletin.de.buc","article_published_time":"2024-12-27T13:21:43+00:00","article_modified_time":"2024-12-27T13:21:55+00:00","og_image":[{"width":1193,"height":604,"url":"https:\/\/buletin.de\/bucuresti\/wp-content\/uploads\/440572520_898418845630068_3822002206287654260_n-1.jpg","type":"image\/jpeg"}],"author":"Andreea Tudor","twitter_card":"summary_large_image","twitter_misc":{"Written by":"Andreea Tudor","Estimated reading time":"2 minutes"},"schema":{"@context":"https:\/\/schema.org","@graph":[{"@type":"Article","@id":"https:\/\/buletin.de\/bucuresti\/sistemul-de-taxare-al-stb-in-mentenanta-cum-sunt-afectati-calatorii\/#article","isPartOf":{"@id":"https:\/\/buletin.de\/bucuresti\/sistemul-de-taxare-al-stb-in-mentenanta-cum-sunt-afectati-calatorii\/"},"author":{"name":"Andreea Tudor","@id":"https:\/\/buletin.de\/bucuresti\/#\/schema\/person\/150590659efde715459d159da012f501"},"headline":"Sistemul de taxare al STB, \u00een mentenan\u0163\u0103. Cum sunt afecta\u0163i c\u0103l\u0103torii","datePublished":"2024-12-27T13:21:43+00:00","dateModified":"2024-12-27T13:21:55+00:00","mainEntityOfPage":{"@id":"https:\/\/buletin.de\/bucuresti\/sistemul-de-taxare-al-stb-in-mentenanta-cum-sunt-afectati-calatorii\/"},"wordCount":355,"publisher":{"@id":"https:\/\/buletin.de\/bucuresti\/#organization"},"image":{"@id":"https:\/\/buletin.de\/bucuresti\/sistemul-de-taxare-al-stb-in-mentenanta-cum-sunt-afectati-calatorii\/#primaryimage"},"thumbnailUrl":"https:\/\/buletin.de\/bucuresti\/wp-content\/uploads\/440572520_898418845630068_3822002206287654260_n-1.jpg","keywords":["carduri stb","linie speciala de Revelion","mentenanta","n41","plata calatoriei stb","program special de sarbatori","sistem automat de taxare","stb","validatoare"],"articleSection":["Articole","\u0218tiri","Transport"],"inLanguage":"en-GB","copyrightYear":"2024","copyrightHolder":{"@id":"https:\/\/buletin.de\/bucuresti\/#organization"}},{"@type":"WebPage","@id":"https:\/\/buletin.de\/bucuresti\/sistemul-de-taxare-al-stb-in-mentenanta-cum-sunt-afectati-calatorii\/","url":"https:\/\/buletin.de\/bucuresti\/sistemul-de-taxare-al-stb-in-mentenanta-cum-sunt-afectati-calatorii\/","name":"Sistemul de taxare al STB, \u00een mentenan\u0163\u0103. Cum sunt afecta\u0163i c\u0103l\u0103torii - Buletin de Bucure\u0219ti","isPartOf":{"@id":"https:\/\/buletin.de\/bucuresti\/#website"},"primaryImageOfPage":{"@id":"https:\/\/buletin.de\/bucuresti\/sistemul-de-taxare-al-stb-in-mentenanta-cum-sunt-afectati-calatorii\/#primaryimage"},"image":{"@id":"https:\/\/buletin.de\/bucuresti\/sistemul-de-taxare-al-stb-in-mentenanta-cum-sunt-afectati-calatorii\/#primaryimage"},"thumbnailUrl":"https:\/\/buletin.de\/bucuresti\/wp-content\/uploads\/440572520_898418845630068_3822002206287654260_n-1.jpg","datePublished":"2024-12-27T13:21:43+00:00","dateModified":"2024-12-27T13:21:55+00:00","description":"Sistemul de taxare al STB este supus unor lucr\u0103ri de mentenan\u0163\u0103 \u015fi modernizare, \u00een perioada 27 decembrie-7 ianuarie.","breadcrumb":{"@id":"https:\/\/buletin.de\/bucuresti\/sistemul-de-taxare-al-stb-in-mentenanta-cum-sunt-afectati-calatorii\/#breadcrumb"},"inLanguage":"en-GB","potentialAction":[{"@type":"ReadAction","target":["https:\/\/buletin.de\/bucuresti\/sistemul-de-taxare-al-stb-in-mentenanta-cum-sunt-afectati-calatorii\/"]}]},{"@type":"ImageObject","inLanguage":"en-GB","@id":"https:\/\/buletin.de\/bucuresti\/sistemul-de-taxare-al-stb-in-mentenanta-cum-sunt-afectati-calatorii\/#primaryimage","url":"https:\/\/buletin.de\/bucuresti\/wp-content\/uploads\/440572520_898418845630068_3822002206287654260_n-1.jpg","contentUrl":"https:\/\/buletin.de\/bucuresti\/wp-content\/uploads\/440572520_898418845630068_3822002206287654260_n-1.jpg","width":1193,"height":604,"caption":"Sistemul automat de taxare al STB, \u00een mentenan\u0163\u0103. Foto: STB SA"},{"@type":"BreadcrumbList","@id":"https:\/\/buletin.de\/bucuresti\/sistemul-de-taxare-al-stb-in-mentenanta-cum-sunt-afectati-calatorii\/#breadcrumb","itemListElement":[{"@type":"ListItem","position":1,"name":"Acas\u0103","item":"https:\/\/buletin.de\/bucuresti\/"},{"@type":"ListItem","position":2,"name":"Sistemul de taxare al STB, \u00een mentenan\u0163\u0103. Cum sunt afecta\u0163i c\u0103l\u0103torii"}]},{"@type":"WebSite","@id":"https:\/\/buletin.de\/bucuresti\/#website","url":"https:\/\/buletin.de\/bucuresti\/","name":"Buletin de Bucure\u0219ti","description":"\u0218tiri \u0219i investiga\u021bii esen\u021biale din capital\u0103","publisher":{"@id":"https:\/\/buletin.de\/bucuresti\/#organization"},"potentialAction":[{"@type":"SearchAction","target":{"@type":"EntryPoint","urlTemplate":"https:\/\/buletin.de\/bucuresti\/?s={search_term_string}"},"query-input":{"@type":"PropertyValueSpecification","valueRequired":true,"valueName":"search_term_string"}}],"inLanguage":"en-GB"},{"@type":"Organization","@id":"https:\/\/buletin.de\/bucuresti\/#organization","name":"Buletin de Bucure\u0219ti","url":"https:\/\/buletin.de\/bucuresti\/","logo":{"@type":"ImageObject","inLanguage":"en-GB","@id":"https:\/\/buletin.de\/bucuresti\/#\/schema\/logo\/image\/","url":"https:\/\/buletin.de\/bucuresti\/wp-content\/uploads\/logo-bdb-full-wide-vernil-transparent.png","contentUrl":"https:\/\/buletin.de\/bucuresti\/wp-content\/uploads\/logo-bdb-full-wide-vernil-transparent.png","width":1782,"height":626,"caption":"Buletin de Bucure\u0219ti"},"image":{"@id":"https:\/\/buletin.de\/bucuresti\/#\/schema\/logo\/image\/"},"sameAs":["https:\/\/www.facebook.com\/buletin.de.buc","https:\/\/www.instagram.com\/buletinde.bucuresti\/"]},{"@type":"Person","@id":"https:\/\/buletin.de\/bucuresti\/#\/schema\/person\/150590659efde715459d159da012f501","name":"Andreea Tudor","image":{"@type":"ImageObject","inLanguage":"en-GB","@id":"https:\/\/secure.gravatar.com\/avatar\/a88705a186ab0b67f3349bcbced506c09e37256fbaad0e7f3bd1a79b4599f589?s=96&d=monsterid&r=g79290610aa1a65c2b86eebc2ca5aee8f","url":"https:\/\/secure.gravatar.com\/avatar\/a88705a186ab0b67f3349bcbced506c09e37256fbaad0e7f3bd1a79b4599f589?s=96&d=monsterid&r=g","contentUrl":"https:\/\/secure.gravatar.com\/avatar\/a88705a186ab0b67f3349bcbced506c09e37256fbaad0e7f3bd1a79b4599f589?s=96&d=monsterid&r=g","caption":"Andreea Tudor"},"description":"N\u0103scut\u0103 \u0219i crescut\u0103 \u00een Bucure\u0219ti, sus\u021bin\u0103toare a presei independente. A\u0219a am ajuns redactor la Buletin de Bucure\u0219ti. Fiind eu, \u00eens\u0103mi, parte a sistemului de \u00eenv\u0103\u021b\u0103m\u00e2nt rom\u00e2nesc \u0219i pasionat\u0103 de domeniul social, pun sub lup\u0103 tot ceea ce se \u00eent\u00e2mpl\u0103 \u00een sfera educa\u021biei. Cred cu t\u0103rie c\u0103 presa \u201epentru cet\u0103\u021beni\u201d este presa independent\u0103. Oamenii au nevoie de o informare corect\u0103 pentru a \u00een\u021belege pe deplin ce se \u00eent\u00e2mpl\u0103 \u00een jurul lor \u0219i pentru a lua ac\u021biune \u00eempotriva nedrept\u0103\u021bilor.","url":"https:\/\/buletin.de\/bucuresti\/author\/andreeatudor\/"}]}},"authors":[{"term_id":22573,"user_id":55,"is_guest":0,"slug":"andreeatudor","display_name":"Andreea Tudor","avatar_url":"https:\/\/secure.gravatar.com\/avatar\/a88705a186ab0b67f3349bcbced506c09e37256fbaad0e7f3bd1a79b4599f589?s=96&d=monsterid&r=g","0":null,"1":"","2":"","3":"","4":"","5":"","6":"","7":"","8":""}],"_links":{"self":[{"href":"https:\/\/buletin.de\/bucuresti\/wp-json\/wp\/v2\/posts\/112293","targetHints":{"allow":["GET"]}}],"collection":[{"href":"https:\/\/buletin.de\/bucuresti\/wp-json\/wp\/v2\/posts"}],"about":[{"href":"https:\/\/buletin.de\/bucuresti\/wp-json\/wp\/v2\/types\/post"}],"author":[{"embeddable":true,"href":"https:\/\/buletin.de\/bucuresti\/wp-json\/wp\/v2\/users\/55"}],"replies":[{"embeddable":true,"href":"https:\/\/buletin.de\/bucuresti\/wp-json\/wp\/v2\/comments?post=112293"}],"version-history":[{"count":4,"href":"https:\/\/buletin.de\/bucuresti\/wp-json\/wp\/v2\/posts\/112293\/revisions"}],"predecessor-version":[{"id":112300,"href":"https:\/\/buletin.de\/bucuresti\/wp-json\/wp\/v2\/posts\/112293\/revisions\/112300"}],"wp:featuredmedia":[{"embeddable":true,"href":"https:\/\/buletin.de\/bucuresti\/wp-json\/wp\/v2\/media\/112295"}],"wp:attachment":[{"href":"https:\/\/buletin.de\/bucuresti\/wp-json\/wp\/v2\/media?parent=112293"}],"wp:term":[{"taxonomy":"category","embeddable":true,"href":"https:\/\/buletin.de\/bucuresti\/wp-json\/wp\/v2\/categories?post=112293"},{"taxonomy":"post_tag","embeddable":true,"href":"https:\/\/buletin.de\/bucuresti\/wp-json\/wp\/v2\/tags?post=112293"},{"taxonomy":"author","embeddable":true,"href":"https:\/\/buletin.de\/bucuresti\/wp-json\/wp\/v2\/ppma_author?post=112293"}],"curies":[{"name":"wp","href":"https:\/\/api.w.org\/{rel}","templated":true}]}}