{"id":11223,"date":"2020-08-27T08:53:02","date_gmt":"2020-08-27T05:53:02","guid":{"rendered":"https:\/\/buletin.de\/bucuresti\/?p=11223"},"modified":"2020-08-27T09:07:12","modified_gmt":"2020-08-27T06:07:12","slug":"iohannis-institutiile-de-cultura-si-restaurantele-se-vor-putea-deschide-de-la-1-septembrie-cu-anumite-conditii","status":"publish","type":"post","link":"https:\/\/buletin.de\/bucuresti\/iohannis-institutiile-de-cultura-si-restaurantele-se-vor-putea-deschide-de-la-1-septembrie-cu-anumite-conditii\/","title":{"rendered":"Iohannis | Institu\u021biile de cultur\u0103 \u0219i restaurantele se vor putea deschide de la 1 septembrie. Cu anumite condi\u021bii"},"content":{"rendered":"\n<p><strong>Pre\u0219edintele Rom\u00e2niei, Klaus Iohannis a anun\u021bat c\u0103 institu\u021biile de cultur\u0103 \u0219i restaurantele amenajate \u00een spa\u021bii \u00eenchise se vor putea deschide de la 1 septembrie. Un set de reguli dup\u0103 care vor func\u021biona dar \u0219i algoritmul prin care autorit\u0103\u021bile locale pot decide re\u00eenchiderea lor urmeaz\u0103 s\u0103 fie stabilit \u00een zilele urm\u0103toare.<\/strong><\/p>\n\n\n\n<figure class=\"wp-block-embed-youtube wp-block-embed is-type-video is-provider-youtube wp-embed-aspect-16-9 wp-has-aspect-ratio\"><div class=\"wp-block-embed__wrapper\">\n<div class=\"jlvid_container\"><iframe title=\"Conferin\u021b\u0103 de pres\u0103 sus\u021binut\u0103 la Palatul Cotroceni (26.08.2020)\" width=\"1200\" height=\"675\" src=\"https:\/\/www.youtube.com\/embed\/gEDGcXBO1L4?feature=oembed\" frameborder=\"0\" allow=\"accelerometer; autoplay; clipboard-write; encrypted-media; gyroscope; picture-in-picture; web-share\" allowfullscreen><\/iframe><\/div>\n<\/div><\/figure>\n\n\n\n<p>Klaus Iohannis a spus c\u0103 este vorba de dou\u0103 sectoare importante a c\u0103ror func\u021bionare trebuie reluat\u0103 c\u00e2t mai repede, at\u00e2t c\u00e2t se poate \u0219i cum se poate, \u00een condi\u021bii de siguran\u021b\u0103. Primul e cel cultural, cinematografe, s\u0103li de concerte, teatru iar cel de-al doilea HORECA. <\/p>\n\n\n\n<p>&#8220;Teatrele \u0219i cinematografele, s\u0103lile de spectacol \u00een general se vor putea deschide, probabil \u00eencep\u00e2nd cu 1 septembrie.  Sigur, \u00een condi\u021bii speciale de siguran\u021b\u0103, vor trebui l\u0103sate locuri libere \u00eentre spectatori, toat\u0103 lumea s\u0103 poarte masc\u0103. Trebuie respectate anumite condi\u021bii speciale, care vor fi stabilite de speciali\u0219ti. (&#8230;) Ce-am fi f\u0103r\u0103 cultur\u0103?&#8221;, a declarat Klaus Iohannis.<\/p>\n\n\n\n<p>Sectorul HORECA \u00ee\u0219i va putea relua, deasemenea, activitate \u00een interior, \u00een anumite condi\u021bii. Se vor elabora \u0219i \u00een acest caz reguli de distan\u021bare social\u0103. <\/p>\n\n\n\n<p>Aceast\u0103 relaxare va fi \u00eens\u0103 aplicat\u0103 zonal, \u00een func\u021bie de anumite criterii stabilite de speciali\u0219ti, legate de num\u0103rul de \u00eemboln\u0103viri COVID-19.<\/p>\n\n\n\n<p>&#8220;Speciali\u0219tii vor stabili, probabil m\u00e2ine, un prag, o cifr\u0103 care descrie riscul de infectare, iar acolo unde acest prag va fi dep\u0103\u0219it, \u00een plan local, prin decizia Comisiei Jude\u021bene, se va restric\u021biona activitatea restaurantelor \u00een interior&#8221;, a mai spus Pre\u0219edintele Rom\u00e2niei.<\/p>\n\n\n\n<p>Restaurantele au fost \u00eenchise pe tot teritoriul Rom\u00e2niei, \u00een luna martie, o dat\u0103 cu intrarea \u00een stare de urgen\u021b\u0103. Patronatele din HORECA au cerut de nenum\u0103rate ori Guvernului s\u0103 ridice aceast\u0103 restric\u021bie din cauza pierderilor uria\u0219e suferite. Abia dup\u0103 \u00eent\u00e2lnirea de ast\u0103zi, \u00eentre prim-ministrul Ludovic Orban \u0219i reprezenta\u021bii HORECA, cei din urm\u0103 au primit un r\u0103spuns pozitiv.<\/p>\n","protected":false},"excerpt":{"rendered":"<p>Pre\u0219edintele Rom\u00e2niei, Klaus Iohannis a anun\u021bat c\u0103 institu\u021biile de cultur\u0103 \u0219i restaurantele amenajate \u00een spa\u021bii \u00eenchise se vor putea deschide de la 1 septembrie. Un set de reguli dup\u0103 care vor func\u021biona dar \u0219i algoritmul prin care autorit\u0103\u021bile locale pot decide re\u00eenchiderea lor urmeaz\u0103 s\u0103 fie stabilit \u00een zilele urm\u0103toare. Klaus Iohannis a spus c\u0103 [&hellip;]<\/p>\n","protected":false},"author":18,"featured_media":11227,"comment_status":"closed","ping_status":"open","sticky":false,"template":"","format":"standard","meta":{"_acf_changed":false,"inline_featured_image":false,"ngg_post_thumbnail":0,"footnotes":""},"categories":[1],"tags":[],"ppma_author":[22579],"class_list":["post-11223","post","type-post","status-publish","format-standard","has-post-thumbnail","hentry","category-diverse"],"acf":[],"yoast_head":"<!-- This site is optimized with the Yoast SEO Premium plugin v25.3 (Yoast SEO v27.4) - https:\/\/yoast.com\/product\/yoast-seo-premium-wordpress\/ -->\n<title>Iohannis | Institu\u021biile de cultur\u0103 \u0219i restaurantele se vor putea deschide de la 1 septembrie. Cu anumite condi\u021bii - Buletin de Bucure\u0219ti<\/title>\n<meta name=\"robots\" content=\"index, follow, max-snippet:-1, max-image-preview:large, max-video-preview:-1\" \/>\n<link rel=\"canonical\" href=\"https:\/\/buletin.de\/bucuresti\/iohannis-institutiile-de-cultura-si-restaurantele-se-vor-putea-deschide-de-la-1-septembrie-cu-anumite-conditii\/\" \/>\n<meta property=\"og:locale\" content=\"en_GB\" \/>\n<meta property=\"og:type\" content=\"article\" \/>\n<meta property=\"og:title\" content=\"Iohannis | Institu\u021biile de cultur\u0103 \u0219i restaurantele se vor putea deschide de la 1 septembrie. Cu anumite condi\u021bii\" \/>\n<meta property=\"og:description\" content=\"Pre\u0219edintele Rom\u00e2niei, Klaus Iohannis a anun\u021bat c\u0103 institu\u021biile de cultur\u0103 \u0219i restaurantele amenajate \u00een spa\u021bii \u00eenchise se vor putea deschide de la 1 septembrie. Un set de reguli dup\u0103 care vor func\u021biona dar \u0219i algoritmul prin care autorit\u0103\u021bile locale pot decide re\u00eenchiderea lor urmeaz\u0103 s\u0103 fie stabilit \u00een zilele urm\u0103toare. Klaus Iohannis a spus c\u0103 [&hellip;]\" \/>\n<meta property=\"og:url\" content=\"https:\/\/buletin.de\/bucuresti\/iohannis-institutiile-de-cultura-si-restaurantele-se-vor-putea-deschide-de-la-1-septembrie-cu-anumite-conditii\/\" \/>\n<meta property=\"og:site_name\" content=\"Buletin de Bucure\u0219ti\" \/>\n<meta property=\"article:publisher\" content=\"https:\/\/www.facebook.com\/buletin.de.buc\" \/>\n<meta property=\"article:published_time\" content=\"2020-08-27T05:53:02+00:00\" \/>\n<meta property=\"article:modified_time\" content=\"2020-08-27T06:07:12+00:00\" \/>\n<meta property=\"og:image\" content=\"https:\/\/buletin.de\/bucuresti\/wp-content\/uploads\/iohannis.png\" \/>\n\t<meta property=\"og:image:width\" content=\"1366\" \/>\n\t<meta property=\"og:image:height\" content=\"768\" \/>\n\t<meta property=\"og:image:type\" content=\"image\/png\" \/>\n<meta name=\"author\" content=\"Teodora Stroe\" \/>\n<meta name=\"twitter:card\" content=\"summary_large_image\" \/>\n<meta name=\"twitter:label1\" content=\"Written by\" \/>\n\t<meta name=\"twitter:data1\" content=\"Teodora Stroe\" \/>\n\t<meta name=\"twitter:label2\" content=\"Estimated reading time\" \/>\n\t<meta name=\"twitter:data2\" content=\"2 minutes\" \/>\n<script type=\"application\/ld+json\" class=\"yoast-schema-graph\">{\"@context\":\"https:\\\/\\\/schema.org\",\"@graph\":[{\"@type\":\"Article\",\"@id\":\"https:\\\/\\\/buletin.de\\\/bucuresti\\\/iohannis-institutiile-de-cultura-si-restaurantele-se-vor-putea-deschide-de-la-1-septembrie-cu-anumite-conditii\\\/#article\",\"isPartOf\":{\"@id\":\"https:\\\/\\\/buletin.de\\\/bucuresti\\\/iohannis-institutiile-de-cultura-si-restaurantele-se-vor-putea-deschide-de-la-1-septembrie-cu-anumite-conditii\\\/\"},\"author\":{\"name\":\"Teodora Stroe\",\"@id\":\"https:\\\/\\\/buletin.de\\\/bucuresti\\\/#\\\/schema\\\/person\\\/d369d7ddc775abece205795e0b804614\"},\"headline\":\"Iohannis | Institu\u021biile de cultur\u0103 \u0219i restaurantele se vor putea deschide de la 1 septembrie. Cu anumite condi\u021bii\",\"datePublished\":\"2020-08-27T05:53:02+00:00\",\"dateModified\":\"2020-08-27T06:07:12+00:00\",\"mainEntityOfPage\":{\"@id\":\"https:\\\/\\\/buletin.de\\\/bucuresti\\\/iohannis-institutiile-de-cultura-si-restaurantele-se-vor-putea-deschide-de-la-1-septembrie-cu-anumite-conditii\\\/\"},\"wordCount\":364,\"publisher\":{\"@id\":\"https:\\\/\\\/buletin.de\\\/bucuresti\\\/#organization\"},\"image\":{\"@id\":\"https:\\\/\\\/buletin.de\\\/bucuresti\\\/iohannis-institutiile-de-cultura-si-restaurantele-se-vor-putea-deschide-de-la-1-septembrie-cu-anumite-conditii\\\/#primaryimage\"},\"thumbnailUrl\":\"https:\\\/\\\/buletin.de\\\/bucuresti\\\/wp-content\\\/uploads\\\/iohannis.png\",\"articleSection\":[\"Diverse\"],\"inLanguage\":\"en-GB\",\"copyrightYear\":\"2020\",\"copyrightHolder\":{\"@id\":\"https:\\\/\\\/buletin.de\\\/bucuresti\\\/#organization\"}},{\"@type\":\"WebPage\",\"@id\":\"https:\\\/\\\/buletin.de\\\/bucuresti\\\/iohannis-institutiile-de-cultura-si-restaurantele-se-vor-putea-deschide-de-la-1-septembrie-cu-anumite-conditii\\\/\",\"url\":\"https:\\\/\\\/buletin.de\\\/bucuresti\\\/iohannis-institutiile-de-cultura-si-restaurantele-se-vor-putea-deschide-de-la-1-septembrie-cu-anumite-conditii\\\/\",\"name\":\"Iohannis | Institu\u021biile de cultur\u0103 \u0219i restaurantele se vor putea deschide de la 1 septembrie. Cu anumite condi\u021bii - Buletin de Bucure\u0219ti\",\"isPartOf\":{\"@id\":\"https:\\\/\\\/buletin.de\\\/bucuresti\\\/#website\"},\"primaryImageOfPage\":{\"@id\":\"https:\\\/\\\/buletin.de\\\/bucuresti\\\/iohannis-institutiile-de-cultura-si-restaurantele-se-vor-putea-deschide-de-la-1-septembrie-cu-anumite-conditii\\\/#primaryimage\"},\"image\":{\"@id\":\"https:\\\/\\\/buletin.de\\\/bucuresti\\\/iohannis-institutiile-de-cultura-si-restaurantele-se-vor-putea-deschide-de-la-1-septembrie-cu-anumite-conditii\\\/#primaryimage\"},\"thumbnailUrl\":\"https:\\\/\\\/buletin.de\\\/bucuresti\\\/wp-content\\\/uploads\\\/iohannis.png\",\"datePublished\":\"2020-08-27T05:53:02+00:00\",\"dateModified\":\"2020-08-27T06:07:12+00:00\",\"breadcrumb\":{\"@id\":\"https:\\\/\\\/buletin.de\\\/bucuresti\\\/iohannis-institutiile-de-cultura-si-restaurantele-se-vor-putea-deschide-de-la-1-septembrie-cu-anumite-conditii\\\/#breadcrumb\"},\"inLanguage\":\"en-GB\",\"potentialAction\":[{\"@type\":\"ReadAction\",\"target\":[\"https:\\\/\\\/buletin.de\\\/bucuresti\\\/iohannis-institutiile-de-cultura-si-restaurantele-se-vor-putea-deschide-de-la-1-septembrie-cu-anumite-conditii\\\/\"]}]},{\"@type\":\"ImageObject\",\"inLanguage\":\"en-GB\",\"@id\":\"https:\\\/\\\/buletin.de\\\/bucuresti\\\/iohannis-institutiile-de-cultura-si-restaurantele-se-vor-putea-deschide-de-la-1-septembrie-cu-anumite-conditii\\\/#primaryimage\",\"url\":\"https:\\\/\\\/buletin.de\\\/bucuresti\\\/wp-content\\\/uploads\\\/iohannis.png\",\"contentUrl\":\"https:\\\/\\\/buletin.de\\\/bucuresti\\\/wp-content\\\/uploads\\\/iohannis.png\",\"width\":1366,\"height\":768},{\"@type\":\"BreadcrumbList\",\"@id\":\"https:\\\/\\\/buletin.de\\\/bucuresti\\\/iohannis-institutiile-de-cultura-si-restaurantele-se-vor-putea-deschide-de-la-1-septembrie-cu-anumite-conditii\\\/#breadcrumb\",\"itemListElement\":[{\"@type\":\"ListItem\",\"position\":1,\"name\":\"Acas\u0103\",\"item\":\"https:\\\/\\\/buletin.de\\\/bucuresti\\\/\"},{\"@type\":\"ListItem\",\"position\":2,\"name\":\"Iohannis | Institu\u021biile de cultur\u0103 \u0219i restaurantele se vor putea deschide de la 1 septembrie. Cu anumite condi\u021bii\"}]},{\"@type\":\"WebSite\",\"@id\":\"https:\\\/\\\/buletin.de\\\/bucuresti\\\/#website\",\"url\":\"https:\\\/\\\/buletin.de\\\/bucuresti\\\/\",\"name\":\"Buletin de Bucure\u0219ti\",\"description\":\"\u0218tiri \u0219i investiga\u021bii esen\u021biale din capital\u0103\",\"publisher\":{\"@id\":\"https:\\\/\\\/buletin.de\\\/bucuresti\\\/#organization\"},\"potentialAction\":[{\"@type\":\"SearchAction\",\"target\":{\"@type\":\"EntryPoint\",\"urlTemplate\":\"https:\\\/\\\/buletin.de\\\/bucuresti\\\/?s={search_term_string}\"},\"query-input\":{\"@type\":\"PropertyValueSpecification\",\"valueRequired\":true,\"valueName\":\"search_term_string\"}}],\"inLanguage\":\"en-GB\"},{\"@type\":\"Organization\",\"@id\":\"https:\\\/\\\/buletin.de\\\/bucuresti\\\/#organization\",\"name\":\"Buletin de Bucure\u0219ti\",\"url\":\"https:\\\/\\\/buletin.de\\\/bucuresti\\\/\",\"logo\":{\"@type\":\"ImageObject\",\"inLanguage\":\"en-GB\",\"@id\":\"https:\\\/\\\/buletin.de\\\/bucuresti\\\/#\\\/schema\\\/logo\\\/image\\\/\",\"url\":\"https:\\\/\\\/buletin.de\\\/bucuresti\\\/wp-content\\\/uploads\\\/logo-bdb-full-wide-vernil-transparent.png\",\"contentUrl\":\"https:\\\/\\\/buletin.de\\\/bucuresti\\\/wp-content\\\/uploads\\\/logo-bdb-full-wide-vernil-transparent.png\",\"width\":1782,\"height\":626,\"caption\":\"Buletin de Bucure\u0219ti\"},\"image\":{\"@id\":\"https:\\\/\\\/buletin.de\\\/bucuresti\\\/#\\\/schema\\\/logo\\\/image\\\/\"},\"sameAs\":[\"https:\\\/\\\/www.facebook.com\\\/buletin.de.buc\",\"https:\\\/\\\/www.instagram.com\\\/buletinde.bucuresti\\\/\"]},{\"@type\":\"Person\",\"@id\":\"https:\\\/\\\/buletin.de\\\/bucuresti\\\/#\\\/schema\\\/person\\\/d369d7ddc775abece205795e0b804614\",\"name\":\"Teodora Stroe\",\"image\":{\"@type\":\"ImageObject\",\"inLanguage\":\"en-GB\",\"@id\":\"https:\\\/\\\/secure.gravatar.com\\\/avatar\\\/2560b4cd9f5f1bc100b123158e657d75584bd1c3e1d9c69285720b9457c1b78d?s=96&d=monsterid&r=gc104800242ba5f2d78dd5d7dc4df08b6\",\"url\":\"https:\\\/\\\/secure.gravatar.com\\\/avatar\\\/2560b4cd9f5f1bc100b123158e657d75584bd1c3e1d9c69285720b9457c1b78d?s=96&d=monsterid&r=g\",\"contentUrl\":\"https:\\\/\\\/secure.gravatar.com\\\/avatar\\\/2560b4cd9f5f1bc100b123158e657d75584bd1c3e1d9c69285720b9457c1b78d?s=96&d=monsterid&r=g\",\"caption\":\"Teodora Stroe\"},\"url\":\"https:\\\/\\\/buletin.de\\\/bucuresti\\\/author\\\/simonacarlugea\\\/\"}]}<\/script>\n<!-- \/ Yoast SEO Premium plugin. -->","yoast_head_json":{"title":"Iohannis | Institu\u021biile de cultur\u0103 \u0219i restaurantele se vor putea deschide de la 1 septembrie. Cu anumite condi\u021bii - Buletin de Bucure\u0219ti","robots":{"index":"index","follow":"follow","max-snippet":"max-snippet:-1","max-image-preview":"max-image-preview:large","max-video-preview":"max-video-preview:-1"},"canonical":"https:\/\/buletin.de\/bucuresti\/iohannis-institutiile-de-cultura-si-restaurantele-se-vor-putea-deschide-de-la-1-septembrie-cu-anumite-conditii\/","og_locale":"en_GB","og_type":"article","og_title":"Iohannis | Institu\u021biile de cultur\u0103 \u0219i restaurantele se vor putea deschide de la 1 septembrie. Cu anumite condi\u021bii","og_description":"Pre\u0219edintele Rom\u00e2niei, Klaus Iohannis a anun\u021bat c\u0103 institu\u021biile de cultur\u0103 \u0219i restaurantele amenajate \u00een spa\u021bii \u00eenchise se vor putea deschide de la 1 septembrie. Un set de reguli dup\u0103 care vor func\u021biona dar \u0219i algoritmul prin care autorit\u0103\u021bile locale pot decide re\u00eenchiderea lor urmeaz\u0103 s\u0103 fie stabilit \u00een zilele urm\u0103toare. Klaus Iohannis a spus c\u0103 [&hellip;]","og_url":"https:\/\/buletin.de\/bucuresti\/iohannis-institutiile-de-cultura-si-restaurantele-se-vor-putea-deschide-de-la-1-septembrie-cu-anumite-conditii\/","og_site_name":"Buletin de Bucure\u0219ti","article_publisher":"https:\/\/www.facebook.com\/buletin.de.buc","article_published_time":"2020-08-27T05:53:02+00:00","article_modified_time":"2020-08-27T06:07:12+00:00","og_image":[{"width":1366,"height":768,"url":"https:\/\/buletin.de\/bucuresti\/wp-content\/uploads\/iohannis.png","type":"image\/png"}],"author":"Teodora Stroe","twitter_card":"summary_large_image","twitter_misc":{"Written by":"Teodora Stroe","Estimated reading time":"2 minutes"},"schema":{"@context":"https:\/\/schema.org","@graph":[{"@type":"Article","@id":"https:\/\/buletin.de\/bucuresti\/iohannis-institutiile-de-cultura-si-restaurantele-se-vor-putea-deschide-de-la-1-septembrie-cu-anumite-conditii\/#article","isPartOf":{"@id":"https:\/\/buletin.de\/bucuresti\/iohannis-institutiile-de-cultura-si-restaurantele-se-vor-putea-deschide-de-la-1-septembrie-cu-anumite-conditii\/"},"author":{"name":"Teodora Stroe","@id":"https:\/\/buletin.de\/bucuresti\/#\/schema\/person\/d369d7ddc775abece205795e0b804614"},"headline":"Iohannis | Institu\u021biile de cultur\u0103 \u0219i restaurantele se vor putea deschide de la 1 septembrie. Cu anumite condi\u021bii","datePublished":"2020-08-27T05:53:02+00:00","dateModified":"2020-08-27T06:07:12+00:00","mainEntityOfPage":{"@id":"https:\/\/buletin.de\/bucuresti\/iohannis-institutiile-de-cultura-si-restaurantele-se-vor-putea-deschide-de-la-1-septembrie-cu-anumite-conditii\/"},"wordCount":364,"publisher":{"@id":"https:\/\/buletin.de\/bucuresti\/#organization"},"image":{"@id":"https:\/\/buletin.de\/bucuresti\/iohannis-institutiile-de-cultura-si-restaurantele-se-vor-putea-deschide-de-la-1-septembrie-cu-anumite-conditii\/#primaryimage"},"thumbnailUrl":"https:\/\/buletin.de\/bucuresti\/wp-content\/uploads\/iohannis.png","articleSection":["Diverse"],"inLanguage":"en-GB","copyrightYear":"2020","copyrightHolder":{"@id":"https:\/\/buletin.de\/bucuresti\/#organization"}},{"@type":"WebPage","@id":"https:\/\/buletin.de\/bucuresti\/iohannis-institutiile-de-cultura-si-restaurantele-se-vor-putea-deschide-de-la-1-septembrie-cu-anumite-conditii\/","url":"https:\/\/buletin.de\/bucuresti\/iohannis-institutiile-de-cultura-si-restaurantele-se-vor-putea-deschide-de-la-1-septembrie-cu-anumite-conditii\/","name":"Iohannis | Institu\u021biile de cultur\u0103 \u0219i restaurantele se vor putea deschide de la 1 septembrie. Cu anumite condi\u021bii - Buletin de Bucure\u0219ti","isPartOf":{"@id":"https:\/\/buletin.de\/bucuresti\/#website"},"primaryImageOfPage":{"@id":"https:\/\/buletin.de\/bucuresti\/iohannis-institutiile-de-cultura-si-restaurantele-se-vor-putea-deschide-de-la-1-septembrie-cu-anumite-conditii\/#primaryimage"},"image":{"@id":"https:\/\/buletin.de\/bucuresti\/iohannis-institutiile-de-cultura-si-restaurantele-se-vor-putea-deschide-de-la-1-septembrie-cu-anumite-conditii\/#primaryimage"},"thumbnailUrl":"https:\/\/buletin.de\/bucuresti\/wp-content\/uploads\/iohannis.png","datePublished":"2020-08-27T05:53:02+00:00","dateModified":"2020-08-27T06:07:12+00:00","breadcrumb":{"@id":"https:\/\/buletin.de\/bucuresti\/iohannis-institutiile-de-cultura-si-restaurantele-se-vor-putea-deschide-de-la-1-septembrie-cu-anumite-conditii\/#breadcrumb"},"inLanguage":"en-GB","potentialAction":[{"@type":"ReadAction","target":["https:\/\/buletin.de\/bucuresti\/iohannis-institutiile-de-cultura-si-restaurantele-se-vor-putea-deschide-de-la-1-septembrie-cu-anumite-conditii\/"]}]},{"@type":"ImageObject","inLanguage":"en-GB","@id":"https:\/\/buletin.de\/bucuresti\/iohannis-institutiile-de-cultura-si-restaurantele-se-vor-putea-deschide-de-la-1-septembrie-cu-anumite-conditii\/#primaryimage","url":"https:\/\/buletin.de\/bucuresti\/wp-content\/uploads\/iohannis.png","contentUrl":"https:\/\/buletin.de\/bucuresti\/wp-content\/uploads\/iohannis.png","width":1366,"height":768},{"@type":"BreadcrumbList","@id":"https:\/\/buletin.de\/bucuresti\/iohannis-institutiile-de-cultura-si-restaurantele-se-vor-putea-deschide-de-la-1-septembrie-cu-anumite-conditii\/#breadcrumb","itemListElement":[{"@type":"ListItem","position":1,"name":"Acas\u0103","item":"https:\/\/buletin.de\/bucuresti\/"},{"@type":"ListItem","position":2,"name":"Iohannis | Institu\u021biile de cultur\u0103 \u0219i restaurantele se vor putea deschide de la 1 septembrie. Cu anumite condi\u021bii"}]},{"@type":"WebSite","@id":"https:\/\/buletin.de\/bucuresti\/#website","url":"https:\/\/buletin.de\/bucuresti\/","name":"Buletin de Bucure\u0219ti","description":"\u0218tiri \u0219i investiga\u021bii esen\u021biale din capital\u0103","publisher":{"@id":"https:\/\/buletin.de\/bucuresti\/#organization"},"potentialAction":[{"@type":"SearchAction","target":{"@type":"EntryPoint","urlTemplate":"https:\/\/buletin.de\/bucuresti\/?s={search_term_string}"},"query-input":{"@type":"PropertyValueSpecification","valueRequired":true,"valueName":"search_term_string"}}],"inLanguage":"en-GB"},{"@type":"Organization","@id":"https:\/\/buletin.de\/bucuresti\/#organization","name":"Buletin de Bucure\u0219ti","url":"https:\/\/buletin.de\/bucuresti\/","logo":{"@type":"ImageObject","inLanguage":"en-GB","@id":"https:\/\/buletin.de\/bucuresti\/#\/schema\/logo\/image\/","url":"https:\/\/buletin.de\/bucuresti\/wp-content\/uploads\/logo-bdb-full-wide-vernil-transparent.png","contentUrl":"https:\/\/buletin.de\/bucuresti\/wp-content\/uploads\/logo-bdb-full-wide-vernil-transparent.png","width":1782,"height":626,"caption":"Buletin de Bucure\u0219ti"},"image":{"@id":"https:\/\/buletin.de\/bucuresti\/#\/schema\/logo\/image\/"},"sameAs":["https:\/\/www.facebook.com\/buletin.de.buc","https:\/\/www.instagram.com\/buletinde.bucuresti\/"]},{"@type":"Person","@id":"https:\/\/buletin.de\/bucuresti\/#\/schema\/person\/d369d7ddc775abece205795e0b804614","name":"Teodora Stroe","image":{"@type":"ImageObject","inLanguage":"en-GB","@id":"https:\/\/secure.gravatar.com\/avatar\/2560b4cd9f5f1bc100b123158e657d75584bd1c3e1d9c69285720b9457c1b78d?s=96&d=monsterid&r=gc104800242ba5f2d78dd5d7dc4df08b6","url":"https:\/\/secure.gravatar.com\/avatar\/2560b4cd9f5f1bc100b123158e657d75584bd1c3e1d9c69285720b9457c1b78d?s=96&d=monsterid&r=g","contentUrl":"https:\/\/secure.gravatar.com\/avatar\/2560b4cd9f5f1bc100b123158e657d75584bd1c3e1d9c69285720b9457c1b78d?s=96&d=monsterid&r=g","caption":"Teodora Stroe"},"url":"https:\/\/buletin.de\/bucuresti\/author\/simonacarlugea\/"}]}},"authors":[{"term_id":22579,"user_id":18,"is_guest":0,"slug":"simonacarlugea","display_name":"Teodora Stroe","avatar_url":"https:\/\/secure.gravatar.com\/avatar\/2560b4cd9f5f1bc100b123158e657d75584bd1c3e1d9c69285720b9457c1b78d?s=96&d=monsterid&r=g","0":null,"1":"","2":"","3":"","4":"","5":"","6":"","7":"","8":""}],"_links":{"self":[{"href":"https:\/\/buletin.de\/bucuresti\/wp-json\/wp\/v2\/posts\/11223","targetHints":{"allow":["GET"]}}],"collection":[{"href":"https:\/\/buletin.de\/bucuresti\/wp-json\/wp\/v2\/posts"}],"about":[{"href":"https:\/\/buletin.de\/bucuresti\/wp-json\/wp\/v2\/types\/post"}],"author":[{"embeddable":true,"href":"https:\/\/buletin.de\/bucuresti\/wp-json\/wp\/v2\/users\/18"}],"replies":[{"embeddable":true,"href":"https:\/\/buletin.de\/bucuresti\/wp-json\/wp\/v2\/comments?post=11223"}],"version-history":[{"count":4,"href":"https:\/\/buletin.de\/bucuresti\/wp-json\/wp\/v2\/posts\/11223\/revisions"}],"predecessor-version":[{"id":11236,"href":"https:\/\/buletin.de\/bucuresti\/wp-json\/wp\/v2\/posts\/11223\/revisions\/11236"}],"wp:featuredmedia":[{"embeddable":true,"href":"https:\/\/buletin.de\/bucuresti\/wp-json\/wp\/v2\/media\/11227"}],"wp:attachment":[{"href":"https:\/\/buletin.de\/bucuresti\/wp-json\/wp\/v2\/media?parent=11223"}],"wp:term":[{"taxonomy":"category","embeddable":true,"href":"https:\/\/buletin.de\/bucuresti\/wp-json\/wp\/v2\/categories?post=11223"},{"taxonomy":"post_tag","embeddable":true,"href":"https:\/\/buletin.de\/bucuresti\/wp-json\/wp\/v2\/tags?post=11223"},{"taxonomy":"author","embeddable":true,"href":"https:\/\/buletin.de\/bucuresti\/wp-json\/wp\/v2\/ppma_author?post=11223"}],"curies":[{"name":"wp","href":"https:\/\/api.w.org\/{rel}","templated":true}]}}