{"id":112143,"date":"2024-12-25T10:53:41","date_gmt":"2024-12-25T07:53:41","guid":{"rendered":"https:\/\/buletin.de\/bucuresti\/?p=112143"},"modified":"2024-12-25T10:55:07","modified_gmt":"2024-12-25T07:55:07","slug":"vremea-de-craciun-ploaie-si-vant-puternic","status":"publish","type":"post","link":"https:\/\/buletin.de\/bucuresti\/vremea-de-craciun-ploaie-si-vant-puternic\/","title":{"rendered":"Vremea de Cr\u0103ciun: ploaie \u0219i v\u00e2nt puternic"},"content":{"rendered":"\n<p>Vremea \u00een ziua de Cr\u0103ciun se va men\u021bine \u00eenchis\u0103 \u0219i va ploua \u00een cea mai mare parte a intervalului. V\u00e2ntul va<br><strong>avea intensific\u0103ri, cu rafale de 55-60 km\/h, iar pe parcursul zilei posibil \u0219i de 70 km\/h, potrivit <a href=\"https:\/\/www.meteoromania.ro\/vremea\/starea-vremii-romania\/\" target=\"_blank\" rel=\"noreferrer noopener\">Administra\u021biei Na\u021bionale de Meteorologie<\/a>. <\/strong><\/p>\n\n\n\n<p>Temperatura maxim\u0103 va fi de 6-7 grade, iar cea minim\u0103 de 2-3 grade.<\/p>\n\n\n\n<p>CITE\u0218TE \u0218I:<strong><a href=\"https:\/\/buletin.de\/bucuresti\/sarbatorile-in-bucurestiul-comunist-desi-azi-este-craciunul-mi-am-lasat-masina-la-coada-la-benzina-apoi-am-stat-la-rand-la-lamai\/\" target=\"_blank\" rel=\"noreferrer noopener\"> S\u0103rb\u0103torile \u00een Bucure\u0219tiul comunist | \u201eDe\u015fi azi este Cr\u0103ciunul, mi-am l\u0103sat ma\u015fina la coad\u0103 la benzin\u0103. Apoi am stat la r\u00e2nd la l\u0103m\u00e2i\u201d<\/a><\/strong><\/p>\n\n\n\n<h2 class=\"wp-block-heading\" id=\"h-vremea-de-craciun-\u0219i-de-revelion-se-incalze\u0219te-dupa-28-decembrie\">Vremea de Cr\u0103ciun \u0219i de Revelion: se \u00eenc\u0103lze\u0219te dup\u0103 28 decembrie<\/h2>\n\n\n\n<p><strong>Valorile termice diurne vor fi \u00een sc\u0103dere de la o zi la alta, de la o medie regional\u0103 de 8 grade, p\u00e2n\u0103 spre 3 grade.<\/strong><\/p>\n\n\n\n<p>\u00cencep\u00e2nd cu data de 28 decembrie, temperaturile maxime vor avea o tendin\u021b\u0103 de cre\u0219tere treptat\u0103, cu o<br>probabilitate de r\u0103cire u\u0219oar\u0103 spre sf\u00e2r\u0219itul intervalului de prognoz\u0103, astfel c\u0103 acestea, mediate<br>regional, se vor situa \u00eentre 4 \u0219i 7 grade, arat\u0103 ANM.<\/p>\n\n\n\n<p>Regimul termic nocturn va fi carcterizat de o sc\u0103dere a valorilor de temperatur\u0103, \u00eenc\u0103 din prima noapte a intervalului de anticipa\u021bie p\u00e2n\u0103 \u00een data de 28 decembrie, de la o medie de 4 grade, p\u00e2n\u0103 spre -2 grade. <\/p>\n\n\n\n<p>Ulterior, vor fi alternan\u021be mici de la o noapte la alta, astfel c\u0103 media temperaturilor minime va fi de -3\u2026-2 grade.<\/p>\n\n\n\n<p>Vor fi precipita\u021bii \u00een intervalul 23 \u2013 27 decembrie, pe arii extinse \u00een primele patru zile c\u00e2nd local vor fi \u0219i cantit\u0103\u021bi \u00eensemnate, apoi \u00een restr\u00e2ngere ca arie \u0219i \u00een diminuare ca intensitate. <\/p>\n\n\n\n<p><strong>O probabilitate mai mare pentru apari\u021bia acestora va fi \u00eencep\u00e2nd cu data de 3 ianuarie.<\/strong><\/p>\n\n\n\n<p>CITE\u0218TE \u0218I: <\/p>\n\n\n\n<p><strong><a href=\"https:\/\/buletin.de\/bucuresti\/cand-ajunge-mos-craciun-in-bucuresti-urmarit-in-timp-real-de-armata-americana\/\" target=\"_blank\" rel=\"noreferrer noopener\">C\u00e2nd ajunge Mo\u0219 Cr\u0103ciun \u00een Bucure\u0219ti. Urm\u0103rit \u00een timp real de armata american\u0103<\/a><\/strong><\/p>\n\n\n\n<p><strong><a href=\"https:\/\/buletin.de\/bucuresti\/sarbatorile-in-bucurestiul-comunist-20-decembrie-lumea-stie-ce-traim-noi-acum\/\">S\u0103rb\u0103torile \u00een Bucure\u0219tiul comunist | 20 Decembrie:&nbsp; \u201eLumea \u0219tie ce tr\u0103im noi acum?\u201d<\/a><\/strong><\/p>\n\n\n\n<p><a href=\"https:\/\/buletin.de\/bucuresti\/sarbatorile-in-bucurestiul-comunist-21-decembrie-langa-statia-de-metrou-spre-coltea-intalnim-o-pata-de-sange-s-a-tras-in-copii-unul-a-cazut-chiar-acolo\/\"><strong>S\u0103rb\u0103torile \u00een Bucure\u0219tiul comunist | 21 Decembrie:&nbsp; \u201eL\u00e2ng\u0103 sta\u021bia de metrou spre Col\u021bea \u00eent\u00e2lnim o pat\u0103 de s\u00e2nge. S-a tras \u00een copii, unul a c\u0103zut chiar acolo\u201d<\/strong><\/a><\/p>\n\n\n\n<p><a href=\"https:\/\/buletin.de\/bucuresti\/sarbatorile-in-bucurestiul-comunist-22-decembrie-va-invinge-revolutia-sau-cei-devotati-dictatorului\/\"><strong>S\u0103rb\u0103torile \u00een Bucure\u0219tiul comunist | 22 Decembrie: \u201eVa \u00eenvinge revolu\u021bia sau cei devota\u021bi dictatorului?\u201d<\/strong><\/a><\/p>\n\n\n\n<p><strong><a href=\"https:\/\/buletin.de\/bucuresti\/sarbatorile-in-bucurestiul-comunist-23-decembrie-comportarea-bisericii-ortodoxe-romane-este-o-rusine-pentru-neamul-romanesc\/\" target=\"_blank\" rel=\"noreferrer noopener\">S\u0103rb\u0103torile \u00een Bucure\u0219tiul comunist | 23 decembrie: \u201eComportarea Bisericii Ortodoxe Rom\u00e2ne este o ru\u0219ine pentru neamul rom\u00e2nesc\u201d<\/a><\/strong><\/p>\n\n\n\n<p><strong><a href=\"https:\/\/buletin.de\/bucuresti\/sarbatorile-in-bucurestiul-comunist-n-am-stiut-pe-24-decembrie-1989-ca-exista-un-scenariu-regizat-dur-de-acapatorii-puterii-care-au-trimis-la-moarte-sute-de-oameni\/\">S\u0103rb\u0103torile \u00een Bucure\u0219tiul comunist | \u201eN-am \u0219tiut pe 24 decembrie 1989 c\u0103 exista un scenariu regizat dur de acapatorii puterii, care au trimis la moarte sute de oameni\u201d<\/a><\/strong><\/p>\n","protected":false},"excerpt":{"rendered":"<p>Vremea \u00een ziua de Cr\u0103ciun se va men\u021bine \u00eenchis\u0103 \u0219i va ploua \u00een cea mai mare parte a intervalului. V\u00e2ntul vaavea intensific\u0103ri, cu rafale de 55-60 km\/h, iar pe parcursul zilei posibil \u0219i de 70 km\/h, potrivit Administra\u021biei Na\u021bionale de Meteorologie. Temperatura maxim\u0103 va fi de 6-7 grade, iar cea minim\u0103 de 2-3 grade. CITE\u0218TE [&hellip;]<\/p>\n","protected":false},"author":1,"featured_media":112144,"comment_status":"closed","ping_status":"open","sticky":false,"template":"","format":"standard","meta":{"_acf_changed":false,"inline_featured_image":false,"ngg_post_thumbnail":0,"footnotes":""},"categories":[6994,1,62],"tags":[419,17909,17910,17908],"ppma_author":[22583],"class_list":["post-112143","post","type-post","status-publish","format-standard","has-post-thumbnail","hentry","category-stiri-2","category-diverse","category-stiri","tag-craciun","tag-meteo-craciun","tag-temperaturi-de-craciun","tag-vremea-de-craciun"],"acf":[],"yoast_head":"<!-- This site is optimized with the Yoast SEO Premium plugin v25.3 (Yoast SEO v27.5) - https:\/\/yoast.com\/product\/yoast-seo-premium-wordpress\/ -->\n<title>Vremea de Cr\u0103ciun: ploaie \u0219i v\u00e2nt puternic - Buletin de Bucure\u0219ti<\/title>\n<meta name=\"description\" content=\"Vremea \u00een ziua de Cr\u0103ciun se va men\u021bine \u00eenchis\u0103 \u0219i va ploua \u00een cea mai mare parte a intervalului. V\u00e2ntul va avea rafale de 55-60 km\/h.\" \/>\n<meta name=\"robots\" content=\"index, follow, max-snippet:-1, max-image-preview:large, max-video-preview:-1\" \/>\n<link rel=\"canonical\" href=\"https:\/\/buletin.de\/bucuresti\/vremea-de-craciun-ploaie-si-vant-puternic\/\" \/>\n<meta property=\"og:locale\" content=\"en_GB\" \/>\n<meta property=\"og:type\" content=\"article\" \/>\n<meta property=\"og:title\" content=\"Vremea de Cr\u0103ciun: ploaie \u0219i v\u00e2nt puternic\" \/>\n<meta property=\"og:description\" content=\"Vremea \u00een ziua de Cr\u0103ciun se va men\u021bine \u00eenchis\u0103 \u0219i va ploua \u00een cea mai mare parte a intervalului. V\u00e2ntul va avea rafale de 55-60 km\/h.\" \/>\n<meta property=\"og:url\" content=\"https:\/\/buletin.de\/bucuresti\/vremea-de-craciun-ploaie-si-vant-puternic\/\" \/>\n<meta property=\"og:site_name\" content=\"Buletin de Bucure\u0219ti\" \/>\n<meta property=\"article:publisher\" content=\"https:\/\/www.facebook.com\/buletin.de.buc\" \/>\n<meta property=\"article:published_time\" content=\"2024-12-25T07:53:41+00:00\" \/>\n<meta property=\"article:modified_time\" content=\"2024-12-25T07:55:07+00:00\" \/>\n<meta property=\"og:image\" content=\"https:\/\/buletin.de\/bucuresti\/wp-content\/uploads\/Vremea-de-Craciun-pexels.jpg\" \/>\n\t<meta property=\"og:image:width\" content=\"1200\" \/>\n\t<meta property=\"og:image:height\" content=\"716\" \/>\n\t<meta property=\"og:image:type\" content=\"image\/jpeg\" \/>\n<meta name=\"author\" content=\"Redac\u021bia Buletin de Bucure\u0219ti\" \/>\n<meta name=\"twitter:card\" content=\"summary_large_image\" \/>\n<meta name=\"twitter:label1\" content=\"Written by\" \/>\n\t<meta name=\"twitter:data1\" content=\"Redac\u021bia Buletin de Bucure\u0219ti\" \/>\n\t<meta name=\"twitter:label2\" content=\"Estimated reading time\" \/>\n\t<meta name=\"twitter:data2\" content=\"2 minutes\" \/>\n<script type=\"application\/ld+json\" class=\"yoast-schema-graph\">{\"@context\":\"https:\\\/\\\/schema.org\",\"@graph\":[{\"@type\":\"Article\",\"@id\":\"https:\\\/\\\/buletin.de\\\/bucuresti\\\/vremea-de-craciun-ploaie-si-vant-puternic\\\/#article\",\"isPartOf\":{\"@id\":\"https:\\\/\\\/buletin.de\\\/bucuresti\\\/vremea-de-craciun-ploaie-si-vant-puternic\\\/\"},\"author\":{\"name\":\"Redac\u021bia Buletin de Bucure\u0219ti\",\"@id\":\"https:\\\/\\\/buletin.de\\\/bucuresti\\\/#\\\/schema\\\/person\\\/2bbcf854e5f2419a13804af574d06ab1\"},\"headline\":\"Vremea de Cr\u0103ciun: ploaie \u0219i v\u00e2nt puternic\",\"datePublished\":\"2024-12-25T07:53:41+00:00\",\"dateModified\":\"2024-12-25T07:55:07+00:00\",\"mainEntityOfPage\":{\"@id\":\"https:\\\/\\\/buletin.de\\\/bucuresti\\\/vremea-de-craciun-ploaie-si-vant-puternic\\\/\"},\"wordCount\":436,\"publisher\":{\"@id\":\"https:\\\/\\\/buletin.de\\\/bucuresti\\\/#organization\"},\"image\":{\"@id\":\"https:\\\/\\\/buletin.de\\\/bucuresti\\\/vremea-de-craciun-ploaie-si-vant-puternic\\\/#primaryimage\"},\"thumbnailUrl\":\"https:\\\/\\\/buletin.de\\\/bucuresti\\\/wp-content\\\/uploads\\\/Vremea-de-Craciun-pexels.jpg\",\"keywords\":[\"craciun\",\"meteo craciun\",\"temperaturi de craciun\",\"vremea de craciun\"],\"articleSection\":[\"Articole\",\"Diverse\",\"\u0218tiri\"],\"inLanguage\":\"en-GB\",\"copyrightYear\":\"2024\",\"copyrightHolder\":{\"@id\":\"https:\\\/\\\/buletin.de\\\/bucuresti\\\/#organization\"}},{\"@type\":\"WebPage\",\"@id\":\"https:\\\/\\\/buletin.de\\\/bucuresti\\\/vremea-de-craciun-ploaie-si-vant-puternic\\\/\",\"url\":\"https:\\\/\\\/buletin.de\\\/bucuresti\\\/vremea-de-craciun-ploaie-si-vant-puternic\\\/\",\"name\":\"Vremea de Cr\u0103ciun: ploaie \u0219i v\u00e2nt puternic - Buletin de Bucure\u0219ti\",\"isPartOf\":{\"@id\":\"https:\\\/\\\/buletin.de\\\/bucuresti\\\/#website\"},\"primaryImageOfPage\":{\"@id\":\"https:\\\/\\\/buletin.de\\\/bucuresti\\\/vremea-de-craciun-ploaie-si-vant-puternic\\\/#primaryimage\"},\"image\":{\"@id\":\"https:\\\/\\\/buletin.de\\\/bucuresti\\\/vremea-de-craciun-ploaie-si-vant-puternic\\\/#primaryimage\"},\"thumbnailUrl\":\"https:\\\/\\\/buletin.de\\\/bucuresti\\\/wp-content\\\/uploads\\\/Vremea-de-Craciun-pexels.jpg\",\"datePublished\":\"2024-12-25T07:53:41+00:00\",\"dateModified\":\"2024-12-25T07:55:07+00:00\",\"description\":\"Vremea \u00een ziua de Cr\u0103ciun se va men\u021bine \u00eenchis\u0103 \u0219i va ploua \u00een cea mai mare parte a intervalului. V\u00e2ntul va avea rafale de 55-60 km\\\/h.\",\"breadcrumb\":{\"@id\":\"https:\\\/\\\/buletin.de\\\/bucuresti\\\/vremea-de-craciun-ploaie-si-vant-puternic\\\/#breadcrumb\"},\"inLanguage\":\"en-GB\",\"potentialAction\":[{\"@type\":\"ReadAction\",\"target\":[\"https:\\\/\\\/buletin.de\\\/bucuresti\\\/vremea-de-craciun-ploaie-si-vant-puternic\\\/\"]}]},{\"@type\":\"ImageObject\",\"inLanguage\":\"en-GB\",\"@id\":\"https:\\\/\\\/buletin.de\\\/bucuresti\\\/vremea-de-craciun-ploaie-si-vant-puternic\\\/#primaryimage\",\"url\":\"https:\\\/\\\/buletin.de\\\/bucuresti\\\/wp-content\\\/uploads\\\/Vremea-de-Craciun-pexels.jpg\",\"contentUrl\":\"https:\\\/\\\/buletin.de\\\/bucuresti\\\/wp-content\\\/uploads\\\/Vremea-de-Craciun-pexels.jpg\",\"width\":1200,\"height\":716,\"caption\":\"METEO | Vremea se r\u0103ce\u0219te \u00een weekend, la Bucure\u0219ti. Temperaturile scad mai ales noaptea. FOTO: Pexels\"},{\"@type\":\"BreadcrumbList\",\"@id\":\"https:\\\/\\\/buletin.de\\\/bucuresti\\\/vremea-de-craciun-ploaie-si-vant-puternic\\\/#breadcrumb\",\"itemListElement\":[{\"@type\":\"ListItem\",\"position\":1,\"name\":\"Acas\u0103\",\"item\":\"https:\\\/\\\/buletin.de\\\/bucuresti\\\/\"},{\"@type\":\"ListItem\",\"position\":2,\"name\":\"Vremea de Cr\u0103ciun: ploaie \u0219i v\u00e2nt puternic\"}]},{\"@type\":\"WebSite\",\"@id\":\"https:\\\/\\\/buletin.de\\\/bucuresti\\\/#website\",\"url\":\"https:\\\/\\\/buletin.de\\\/bucuresti\\\/\",\"name\":\"Buletin de Bucure\u0219ti\",\"description\":\"\u0218tiri \u0219i investiga\u021bii esen\u021biale din capital\u0103\",\"publisher\":{\"@id\":\"https:\\\/\\\/buletin.de\\\/bucuresti\\\/#organization\"},\"potentialAction\":[{\"@type\":\"SearchAction\",\"target\":{\"@type\":\"EntryPoint\",\"urlTemplate\":\"https:\\\/\\\/buletin.de\\\/bucuresti\\\/?s={search_term_string}\"},\"query-input\":{\"@type\":\"PropertyValueSpecification\",\"valueRequired\":true,\"valueName\":\"search_term_string\"}}],\"inLanguage\":\"en-GB\"},{\"@type\":\"Organization\",\"@id\":\"https:\\\/\\\/buletin.de\\\/bucuresti\\\/#organization\",\"name\":\"Buletin de Bucure\u0219ti\",\"url\":\"https:\\\/\\\/buletin.de\\\/bucuresti\\\/\",\"logo\":{\"@type\":\"ImageObject\",\"inLanguage\":\"en-GB\",\"@id\":\"https:\\\/\\\/buletin.de\\\/bucuresti\\\/#\\\/schema\\\/logo\\\/image\\\/\",\"url\":\"https:\\\/\\\/buletin.de\\\/bucuresti\\\/wp-content\\\/uploads\\\/logo-bdb-full-wide-vernil-transparent.png\",\"contentUrl\":\"https:\\\/\\\/buletin.de\\\/bucuresti\\\/wp-content\\\/uploads\\\/logo-bdb-full-wide-vernil-transparent.png\",\"width\":1782,\"height\":626,\"caption\":\"Buletin de Bucure\u0219ti\"},\"image\":{\"@id\":\"https:\\\/\\\/buletin.de\\\/bucuresti\\\/#\\\/schema\\\/logo\\\/image\\\/\"},\"sameAs\":[\"https:\\\/\\\/www.facebook.com\\\/buletin.de.buc\",\"https:\\\/\\\/www.instagram.com\\\/buletinde.bucuresti\\\/\"]},{\"@type\":\"Person\",\"@id\":\"https:\\\/\\\/buletin.de\\\/bucuresti\\\/#\\\/schema\\\/person\\\/2bbcf854e5f2419a13804af574d06ab1\",\"name\":\"Redac\u021bia Buletin de Bucure\u0219ti\",\"image\":{\"@type\":\"ImageObject\",\"inLanguage\":\"en-GB\",\"@id\":\"https:\\\/\\\/secure.gravatar.com\\\/avatar\\\/18c5342381ed1a08620e6280424e3e5efc958618f5d67c522c9e44c1bc6f9226?s=96&d=monsterid&r=g60c7cd0ad92c68c049fcd4bb3504d609\",\"url\":\"https:\\\/\\\/secure.gravatar.com\\\/avatar\\\/18c5342381ed1a08620e6280424e3e5efc958618f5d67c522c9e44c1bc6f9226?s=96&d=monsterid&r=g\",\"contentUrl\":\"https:\\\/\\\/secure.gravatar.com\\\/avatar\\\/18c5342381ed1a08620e6280424e3e5efc958618f5d67c522c9e44c1bc6f9226?s=96&d=monsterid&r=g\",\"caption\":\"Redac\u021bia Buletin de Bucure\u0219ti\"},\"description\":\"Buletin de Bucure\u0219ti exist\u0103 din vara anului 2019.\",\"url\":\"https:\\\/\\\/buletin.de\\\/bucuresti\\\/author\\\/adminbuletin\\\/\"}]}<\/script>\n<!-- \/ Yoast SEO Premium plugin. -->","yoast_head_json":{"title":"Vremea de Cr\u0103ciun: ploaie \u0219i v\u00e2nt puternic - Buletin de Bucure\u0219ti","description":"Vremea \u00een ziua de Cr\u0103ciun se va men\u021bine \u00eenchis\u0103 \u0219i va ploua \u00een cea mai mare parte a intervalului. V\u00e2ntul va avea rafale de 55-60 km\/h.","robots":{"index":"index","follow":"follow","max-snippet":"max-snippet:-1","max-image-preview":"max-image-preview:large","max-video-preview":"max-video-preview:-1"},"canonical":"https:\/\/buletin.de\/bucuresti\/vremea-de-craciun-ploaie-si-vant-puternic\/","og_locale":"en_GB","og_type":"article","og_title":"Vremea de Cr\u0103ciun: ploaie \u0219i v\u00e2nt puternic","og_description":"Vremea \u00een ziua de Cr\u0103ciun se va men\u021bine \u00eenchis\u0103 \u0219i va ploua \u00een cea mai mare parte a intervalului. V\u00e2ntul va avea rafale de 55-60 km\/h.","og_url":"https:\/\/buletin.de\/bucuresti\/vremea-de-craciun-ploaie-si-vant-puternic\/","og_site_name":"Buletin de Bucure\u0219ti","article_publisher":"https:\/\/www.facebook.com\/buletin.de.buc","article_published_time":"2024-12-25T07:53:41+00:00","article_modified_time":"2024-12-25T07:55:07+00:00","og_image":[{"width":1200,"height":716,"url":"https:\/\/buletin.de\/bucuresti\/wp-content\/uploads\/Vremea-de-Craciun-pexels.jpg","type":"image\/jpeg"}],"author":"Redac\u021bia Buletin de Bucure\u0219ti","twitter_card":"summary_large_image","twitter_misc":{"Written by":"Redac\u021bia Buletin de Bucure\u0219ti","Estimated reading time":"2 minutes"},"schema":{"@context":"https:\/\/schema.org","@graph":[{"@type":"Article","@id":"https:\/\/buletin.de\/bucuresti\/vremea-de-craciun-ploaie-si-vant-puternic\/#article","isPartOf":{"@id":"https:\/\/buletin.de\/bucuresti\/vremea-de-craciun-ploaie-si-vant-puternic\/"},"author":{"name":"Redac\u021bia Buletin de Bucure\u0219ti","@id":"https:\/\/buletin.de\/bucuresti\/#\/schema\/person\/2bbcf854e5f2419a13804af574d06ab1"},"headline":"Vremea de Cr\u0103ciun: ploaie \u0219i v\u00e2nt puternic","datePublished":"2024-12-25T07:53:41+00:00","dateModified":"2024-12-25T07:55:07+00:00","mainEntityOfPage":{"@id":"https:\/\/buletin.de\/bucuresti\/vremea-de-craciun-ploaie-si-vant-puternic\/"},"wordCount":436,"publisher":{"@id":"https:\/\/buletin.de\/bucuresti\/#organization"},"image":{"@id":"https:\/\/buletin.de\/bucuresti\/vremea-de-craciun-ploaie-si-vant-puternic\/#primaryimage"},"thumbnailUrl":"https:\/\/buletin.de\/bucuresti\/wp-content\/uploads\/Vremea-de-Craciun-pexels.jpg","keywords":["craciun","meteo craciun","temperaturi de craciun","vremea de craciun"],"articleSection":["Articole","Diverse","\u0218tiri"],"inLanguage":"en-GB","copyrightYear":"2024","copyrightHolder":{"@id":"https:\/\/buletin.de\/bucuresti\/#organization"}},{"@type":"WebPage","@id":"https:\/\/buletin.de\/bucuresti\/vremea-de-craciun-ploaie-si-vant-puternic\/","url":"https:\/\/buletin.de\/bucuresti\/vremea-de-craciun-ploaie-si-vant-puternic\/","name":"Vremea de Cr\u0103ciun: ploaie \u0219i v\u00e2nt puternic - Buletin de Bucure\u0219ti","isPartOf":{"@id":"https:\/\/buletin.de\/bucuresti\/#website"},"primaryImageOfPage":{"@id":"https:\/\/buletin.de\/bucuresti\/vremea-de-craciun-ploaie-si-vant-puternic\/#primaryimage"},"image":{"@id":"https:\/\/buletin.de\/bucuresti\/vremea-de-craciun-ploaie-si-vant-puternic\/#primaryimage"},"thumbnailUrl":"https:\/\/buletin.de\/bucuresti\/wp-content\/uploads\/Vremea-de-Craciun-pexels.jpg","datePublished":"2024-12-25T07:53:41+00:00","dateModified":"2024-12-25T07:55:07+00:00","description":"Vremea \u00een ziua de Cr\u0103ciun se va men\u021bine \u00eenchis\u0103 \u0219i va ploua \u00een cea mai mare parte a intervalului. V\u00e2ntul va avea rafale de 55-60 km\/h.","breadcrumb":{"@id":"https:\/\/buletin.de\/bucuresti\/vremea-de-craciun-ploaie-si-vant-puternic\/#breadcrumb"},"inLanguage":"en-GB","potentialAction":[{"@type":"ReadAction","target":["https:\/\/buletin.de\/bucuresti\/vremea-de-craciun-ploaie-si-vant-puternic\/"]}]},{"@type":"ImageObject","inLanguage":"en-GB","@id":"https:\/\/buletin.de\/bucuresti\/vremea-de-craciun-ploaie-si-vant-puternic\/#primaryimage","url":"https:\/\/buletin.de\/bucuresti\/wp-content\/uploads\/Vremea-de-Craciun-pexels.jpg","contentUrl":"https:\/\/buletin.de\/bucuresti\/wp-content\/uploads\/Vremea-de-Craciun-pexels.jpg","width":1200,"height":716,"caption":"METEO | Vremea se r\u0103ce\u0219te \u00een weekend, la Bucure\u0219ti. Temperaturile scad mai ales noaptea. FOTO: Pexels"},{"@type":"BreadcrumbList","@id":"https:\/\/buletin.de\/bucuresti\/vremea-de-craciun-ploaie-si-vant-puternic\/#breadcrumb","itemListElement":[{"@type":"ListItem","position":1,"name":"Acas\u0103","item":"https:\/\/buletin.de\/bucuresti\/"},{"@type":"ListItem","position":2,"name":"Vremea de Cr\u0103ciun: ploaie \u0219i v\u00e2nt puternic"}]},{"@type":"WebSite","@id":"https:\/\/buletin.de\/bucuresti\/#website","url":"https:\/\/buletin.de\/bucuresti\/","name":"Buletin de Bucure\u0219ti","description":"\u0218tiri \u0219i investiga\u021bii esen\u021biale din capital\u0103","publisher":{"@id":"https:\/\/buletin.de\/bucuresti\/#organization"},"potentialAction":[{"@type":"SearchAction","target":{"@type":"EntryPoint","urlTemplate":"https:\/\/buletin.de\/bucuresti\/?s={search_term_string}"},"query-input":{"@type":"PropertyValueSpecification","valueRequired":true,"valueName":"search_term_string"}}],"inLanguage":"en-GB"},{"@type":"Organization","@id":"https:\/\/buletin.de\/bucuresti\/#organization","name":"Buletin de Bucure\u0219ti","url":"https:\/\/buletin.de\/bucuresti\/","logo":{"@type":"ImageObject","inLanguage":"en-GB","@id":"https:\/\/buletin.de\/bucuresti\/#\/schema\/logo\/image\/","url":"https:\/\/buletin.de\/bucuresti\/wp-content\/uploads\/logo-bdb-full-wide-vernil-transparent.png","contentUrl":"https:\/\/buletin.de\/bucuresti\/wp-content\/uploads\/logo-bdb-full-wide-vernil-transparent.png","width":1782,"height":626,"caption":"Buletin de Bucure\u0219ti"},"image":{"@id":"https:\/\/buletin.de\/bucuresti\/#\/schema\/logo\/image\/"},"sameAs":["https:\/\/www.facebook.com\/buletin.de.buc","https:\/\/www.instagram.com\/buletinde.bucuresti\/"]},{"@type":"Person","@id":"https:\/\/buletin.de\/bucuresti\/#\/schema\/person\/2bbcf854e5f2419a13804af574d06ab1","name":"Redac\u021bia Buletin de Bucure\u0219ti","image":{"@type":"ImageObject","inLanguage":"en-GB","@id":"https:\/\/secure.gravatar.com\/avatar\/18c5342381ed1a08620e6280424e3e5efc958618f5d67c522c9e44c1bc6f9226?s=96&d=monsterid&r=g60c7cd0ad92c68c049fcd4bb3504d609","url":"https:\/\/secure.gravatar.com\/avatar\/18c5342381ed1a08620e6280424e3e5efc958618f5d67c522c9e44c1bc6f9226?s=96&d=monsterid&r=g","contentUrl":"https:\/\/secure.gravatar.com\/avatar\/18c5342381ed1a08620e6280424e3e5efc958618f5d67c522c9e44c1bc6f9226?s=96&d=monsterid&r=g","caption":"Redac\u021bia Buletin de Bucure\u0219ti"},"description":"Buletin de Bucure\u0219ti exist\u0103 din vara anului 2019.","url":"https:\/\/buletin.de\/bucuresti\/author\/adminbuletin\/"}]}},"authors":[{"term_id":22583,"user_id":1,"is_guest":0,"slug":"adminbuletin","display_name":"Redac\u021bia Buletin de Bucure\u0219ti","avatar_url":"https:\/\/secure.gravatar.com\/avatar\/18c5342381ed1a08620e6280424e3e5efc958618f5d67c522c9e44c1bc6f9226?s=96&d=monsterid&r=g","0":null,"1":"","2":"","3":"","4":"","5":"","6":"","7":"","8":""}],"_links":{"self":[{"href":"https:\/\/buletin.de\/bucuresti\/wp-json\/wp\/v2\/posts\/112143","targetHints":{"allow":["GET"]}}],"collection":[{"href":"https:\/\/buletin.de\/bucuresti\/wp-json\/wp\/v2\/posts"}],"about":[{"href":"https:\/\/buletin.de\/bucuresti\/wp-json\/wp\/v2\/types\/post"}],"author":[{"embeddable":true,"href":"https:\/\/buletin.de\/bucuresti\/wp-json\/wp\/v2\/users\/1"}],"replies":[{"embeddable":true,"href":"https:\/\/buletin.de\/bucuresti\/wp-json\/wp\/v2\/comments?post=112143"}],"version-history":[{"count":2,"href":"https:\/\/buletin.de\/bucuresti\/wp-json\/wp\/v2\/posts\/112143\/revisions"}],"predecessor-version":[{"id":112147,"href":"https:\/\/buletin.de\/bucuresti\/wp-json\/wp\/v2\/posts\/112143\/revisions\/112147"}],"wp:featuredmedia":[{"embeddable":true,"href":"https:\/\/buletin.de\/bucuresti\/wp-json\/wp\/v2\/media\/112144"}],"wp:attachment":[{"href":"https:\/\/buletin.de\/bucuresti\/wp-json\/wp\/v2\/media?parent=112143"}],"wp:term":[{"taxonomy":"category","embeddable":true,"href":"https:\/\/buletin.de\/bucuresti\/wp-json\/wp\/v2\/categories?post=112143"},{"taxonomy":"post_tag","embeddable":true,"href":"https:\/\/buletin.de\/bucuresti\/wp-json\/wp\/v2\/tags?post=112143"},{"taxonomy":"author","embeddable":true,"href":"https:\/\/buletin.de\/bucuresti\/wp-json\/wp\/v2\/ppma_author?post=112143"}],"curies":[{"name":"wp","href":"https:\/\/api.w.org\/{rel}","templated":true}]}}