{"id":11191,"date":"2020-08-26T19:49:06","date_gmt":"2020-08-26T16:49:06","guid":{"rendered":"https:\/\/buletin.de\/bucuresti\/?p=11191"},"modified":"2020-08-31T16:52:58","modified_gmt":"2020-08-31T13:52:58","slug":"cu-o-zi-inainte-de-primele-simptome-covid-19-robert-negoita-a-vorbit-la-o-conferinta-fara-masca-nu-ma-pot-concentra-cu-chestia-asta-pe-fata","status":"publish","type":"post","link":"https:\/\/buletin.de\/bucuresti\/cu-o-zi-inainte-de-primele-simptome-covid-19-robert-negoita-a-vorbit-la-o-conferinta-fara-masca-nu-ma-pot-concentra-cu-chestia-asta-pe-fata\/","title":{"rendered":"Cu o zi \u00eenainte de primele simptome COVID-19, Robert Negoi\u021b\u0103 a vorbit la o conferin\u021b\u0103 f\u0103r\u0103 masc\u0103: \u201eNu m\u0103 pot concentra cu chestia asta pe fa\u021b\u0103\u201d"},"content":{"rendered":"\n<p><strong>Primarul sectorului 3, Robert Negoi\u021b\u0103, a participat la o conferin\u021b\u0103 de pres\u0103 cu mai mul\u021bi invita\u021bi cu doar dou\u0103 zile \u00eenainte s\u0103 anun\u021be c\u0103 a fost depistat pozitiv cu virusul Sars-CoV-2. Atunci c\u00e2nd i-a fost pasat microfonul el \u0219i-a dat jos masca pe motiv c\u0103 nu se poate concentra \u201ecu chestia asta pe fa\u021b\u0103, chiar dac\u0103 este util\u0103\u201d. El apare f\u0103r\u0103 masc\u0103 \u0219i \u00eentr-o poz\u0103 \u00eentr-un spa\u021biu \u00eenchis unde au fost expuse proiecte.<\/strong><\/p>\n\n\n\n<p>Primarul sectorului 3, Robert Negoi\u021b\u0103, a anun\u021bat ast\u0103zi pe Facebook c\u0103 a fost depistat pozitiv cu virusul Sars-CoV-2. El a spus c\u0103 a \u00eenceput s\u0103 se simt\u0103 r\u0103u asear\u0103, av\u00e2nd \u201e<em>o durere de cap ce nu a cedat pe parcursul nop\u021bii \u0219i o stare general\u0103 de sl\u0103biciune \u0219i mole\u0219eal\u0103<\/em>\u201d. <\/p>\n\n\n\n<p>\u00cen urm\u0103 cu dou\u0103 zile Robert Negoi\u021b\u0103 a participat la o conferin\u021b\u0103 de pres\u0103 pentru anun\u021barea c\u00e2\u0219tig\u0103torilor proiectelor \u00eenscrise la Concursul interna\u021bional de solu\u021bii \u201e<em>Reclaiming the River<\/em>\u201d, organizat de Ordinul Arhitec\u021bilor din Rom\u00e2nia (OAR). Proiectele au fost afi\u0219ate \u00een spa\u021biu \u00eenchis, \u00een s\u0103lile de atelier din cadrul Facult\u0103\u021bii de Arhitectur\u0103 Ion Mincu. Primarul sectorului 3 apare, cu doar o zi \u00eenainte s\u0103 aib\u0103 simptome de COVID-19, \u00eentr-o poz\u0103 Agerpres \u00eentr-unul dintre aceste ateliere f\u0103r\u0103 masc\u0103. Conferin\u021ba, \u00een schimb, s-a \u021binut \u00eentr-o curte interioar\u0103.<\/p>\n\n\n\n<p><strong>Atunci c\u00e2nd primarul Negoi\u021b\u0103 prime\u0219te cuv\u00e2ntul el \u00ee\u0219i d\u0103 masca jos. Microfonul la care a vorbit f\u0103r\u0103 masc\u0103 cu dou\u0103 zile \u00eenainte s\u0103 fie depistat pozitiv cu noul coronavirus a fost folosit de mai multe persoane prezente la conferin\u021b\u0103.<\/strong><\/p>\n\n\n\n<blockquote class=\"wp-block-quote is-layout-flow wp-block-quote-is-layout-flow\"><p>\u201e\u00cemi permite\u021bi s\u0103 vorbesc f\u0103r\u0103 masc\u0103 dup\u0103 o s\u0103 mi-o pun imediat. Nu m\u0103 pot concentra cu chestia asta pe fa\u021b\u0103, \u00eemi este foarte greu s\u0103 m\u0103 obi\u0219nuiesc, chiar dac\u0103 este util\u0103, \u0219tim cu to\u021bii treaba asta.\u201d<\/p><cite>Robert Negoi\u021b\u0103<\/cite><\/blockquote>\n\n\n\n<p><\/p>\n\n\n\n<figure class=\"wp-block-image size-large is-resized\"><img fetchpriority=\"high\" decoding=\"async\" src=\"data:image\/gif;base64,R0lGODlhAQABAAAAACH5BAEKAAEALAAAAAABAAEAAAICTAEAOw==\" data-src=\"https:\/\/buletin.de\/bucuresti\/wp-content\/uploads\/BeFunky-collage-2-1-900x500.png\" alt=\"\" class=\"wp-image-11220 lazyload\" width=\"900\" height=\"500\" data-sizes=\"auto\" data-srcset=\"https:\/\/buletin.de\/bucuresti\/wp-content\/uploads\/BeFunky-collage-2-1-900x500.png 900w, https:\/\/buletin.de\/bucuresti\/wp-content\/uploads\/BeFunky-collage-2-1-600x333.png 600w, https:\/\/buletin.de\/bucuresti\/wp-content\/uploads\/BeFunky-collage-2-1-300x167.png 300w, https:\/\/buletin.de\/bucuresti\/wp-content\/uploads\/BeFunky-collage-2-1-768x426.png 768w, https:\/\/buletin.de\/bucuresti\/wp-content\/uploads\/BeFunky-collage-2-1-1536x853.png 1536w, https:\/\/buletin.de\/bucuresti\/wp-content\/uploads\/BeFunky-collage-2-1-2048x1137.png 2048w, https:\/\/buletin.de\/bucuresti\/wp-content\/uploads\/BeFunky-collage-2-1-1060x588.png 1060w, https:\/\/buletin.de\/bucuresti\/wp-content\/uploads\/BeFunky-collage-2-1-550x305.png 550w, https:\/\/buletin.de\/bucuresti\/wp-content\/uploads\/BeFunky-collage-2-1-901x500.png 901w, https:\/\/buletin.de\/bucuresti\/wp-content\/uploads\/BeFunky-collage-2-1-1920x1066.png 1920w, https:\/\/buletin.de\/bucuresti\/wp-content\/uploads\/BeFunky-collage-2-1-1945x1080.png 1945w\" sizes=\"(max-width: 900px) 100vw, 900px\" \/><figcaption>Video OAR Concursuri<\/figcaption><\/figure>\n\n\n\n<p>O persoan\u0103 care a fost prezent\u0103 la eveniment ne-a spus c\u0103 primarul sectorului 3 a fost \u00een contact cu juriul concursului \u0219i cu echipa OAR. Mai mult, ea ne-a spus c\u0103 unii dintre c\u00e2\u0219tig\u0103tori au fost prezen\u021bi la conferin\u021b\u0103 cu famiile lor. <\/p>\n\n\n\n<p>L-am sunat pe Robert Negoi\u021b\u0103 de mai multe ori \u00eens\u0103 nu ne-a r\u0103spuns.<\/p>\n\n\n\n<figure class=\"wp-block-image size-large is-resized\"><img decoding=\"async\" src=\"data:image\/gif;base64,R0lGODlhAQABAAAAACH5BAEKAAEALAAAAAABAAEAAAICTAEAOw==\" data-src=\"https:\/\/buletin.de\/bucuresti\/wp-content\/uploads\/118457612_3506838892671486_8017612256423487854_o-900x675.jpg\" alt=\"\" class=\"wp-image-11201 lazyload\" width=\"900\" height=\"675\" data-sizes=\"auto\" data-srcset=\"https:\/\/buletin.de\/bucuresti\/wp-content\/uploads\/118457612_3506838892671486_8017612256423487854_o-900x675.jpg 900w, https:\/\/buletin.de\/bucuresti\/wp-content\/uploads\/118457612_3506838892671486_8017612256423487854_o-600x450.jpg 600w, https:\/\/buletin.de\/bucuresti\/wp-content\/uploads\/118457612_3506838892671486_8017612256423487854_o-300x225.jpg 300w, https:\/\/buletin.de\/bucuresti\/wp-content\/uploads\/118457612_3506838892671486_8017612256423487854_o-768x576.jpg 768w, https:\/\/buletin.de\/bucuresti\/wp-content\/uploads\/118457612_3506838892671486_8017612256423487854_o-1060x795.jpg 1060w, https:\/\/buletin.de\/bucuresti\/wp-content\/uploads\/118457612_3506838892671486_8017612256423487854_o-550x413.jpg 550w, https:\/\/buletin.de\/bucuresti\/wp-content\/uploads\/118457612_3506838892671486_8017612256423487854_o-666x500.jpg 666w, https:\/\/buletin.de\/bucuresti\/wp-content\/uploads\/118457612_3506838892671486_8017612256423487854_o.jpg 1125w\" sizes=\"(max-width: 900px) 100vw, 900px\" \/><figcaption>Facebook Robert Negoita <\/figcaption><\/figure>\n\n\n\n<iframe src=\"https:\/\/www.facebook.com\/plugins\/post.php?href=https%3A%2F%2Fwww.facebook.com%2FRobert.Negoita%2Fposts%2F3513300812025294&#038;width=500\" width=\"500\" height=\"270\" style=\"border:none;overflow:hidden\" scrolling=\"no\" frameborder=\"0\" allowTransparency=\"true\" allow=\"encrypted-media\"><\/iframe>\n\n\n\n<p><\/p>\n","protected":false},"excerpt":{"rendered":"<p>Primarul sectorului 3, Robert Negoi\u021b\u0103, a participat la o conferin\u021b\u0103 de pres\u0103 cu mai mul\u021bi invita\u021bi cu doar dou\u0103 zile \u00eenainte s\u0103 anun\u021be c\u0103 a fost depistat pozitiv cu virusul Sars-CoV-2. Atunci c\u00e2nd i-a fost pasat microfonul el \u0219i-a dat jos masca pe motiv c\u0103 nu se poate concentra \u201ecu chestia asta pe fa\u021b\u0103, chiar [&hellip;]<\/p>\n","protected":false},"author":6,"featured_media":11201,"comment_status":"closed","ping_status":"open","sticky":false,"template":"","format":"standard","meta":{"_acf_changed":false,"inline_featured_image":false,"ngg_post_thumbnail":0,"footnotes":""},"categories":[996,24,4,62],"tags":[643,220,440],"ppma_author":[22588],"class_list":["post-11191","post","type-post","status-publish","format-standard","has-post-thumbnail","hentry","category-covid-19","category-primarie","category-sanatate","category-stiri","tag-covid19","tag-robert-negoita","tag-sector-3"],"acf":[],"yoast_head":"<!-- This site is optimized with the Yoast SEO Premium plugin v25.3 (Yoast SEO v27.4) - https:\/\/yoast.com\/product\/yoast-seo-premium-wordpress\/ -->\n<title>Cu o zi \u00eenainte de primele simptome COVID-19, Robert Negoi\u021b\u0103 a vorbit la o conferin\u021b\u0103 f\u0103r\u0103 masc\u0103: \u201eNu m\u0103 pot concentra cu chestia asta pe fa\u021b\u0103\u201d - Buletin de Bucure\u0219ti<\/title>\n<meta name=\"robots\" content=\"index, follow, max-snippet:-1, max-image-preview:large, max-video-preview:-1\" \/>\n<link rel=\"canonical\" href=\"https:\/\/buletin.de\/bucuresti\/cu-o-zi-inainte-de-primele-simptome-covid-19-robert-negoita-a-vorbit-la-o-conferinta-fara-masca-nu-ma-pot-concentra-cu-chestia-asta-pe-fata\/\" \/>\n<meta property=\"og:locale\" content=\"en_GB\" \/>\n<meta property=\"og:type\" content=\"article\" \/>\n<meta property=\"og:title\" content=\"Cu o zi \u00eenainte de primele simptome COVID-19, Robert Negoi\u021b\u0103 a vorbit la o conferin\u021b\u0103 f\u0103r\u0103 masc\u0103: \u201eNu m\u0103 pot concentra cu chestia asta pe fa\u021b\u0103\u201d\" \/>\n<meta property=\"og:description\" content=\"Primarul sectorului 3, Robert Negoi\u021b\u0103, a participat la o conferin\u021b\u0103 de pres\u0103 cu mai mul\u021bi invita\u021bi cu doar dou\u0103 zile \u00eenainte s\u0103 anun\u021be c\u0103 a fost depistat pozitiv cu virusul Sars-CoV-2. Atunci c\u00e2nd i-a fost pasat microfonul el \u0219i-a dat jos masca pe motiv c\u0103 nu se poate concentra \u201ecu chestia asta pe fa\u021b\u0103, chiar [&hellip;]\" \/>\n<meta property=\"og:url\" content=\"https:\/\/buletin.de\/bucuresti\/cu-o-zi-inainte-de-primele-simptome-covid-19-robert-negoita-a-vorbit-la-o-conferinta-fara-masca-nu-ma-pot-concentra-cu-chestia-asta-pe-fata\/\" \/>\n<meta property=\"og:site_name\" content=\"Buletin de Bucure\u0219ti\" \/>\n<meta property=\"article:publisher\" content=\"https:\/\/www.facebook.com\/buletin.de.buc\" \/>\n<meta property=\"article:published_time\" content=\"2020-08-26T16:49:06+00:00\" \/>\n<meta property=\"article:modified_time\" content=\"2020-08-31T13:52:58+00:00\" \/>\n<meta property=\"og:image\" content=\"https:\/\/buletin.de\/bucuresti\/wp-content\/uploads\/118457612_3506838892671486_8017612256423487854_o.jpg\" \/>\n\t<meta property=\"og:image:width\" content=\"1125\" \/>\n\t<meta property=\"og:image:height\" content=\"844\" \/>\n\t<meta property=\"og:image:type\" content=\"image\/jpeg\" \/>\n<meta name=\"author\" content=\"Bianca Albu\" \/>\n<meta name=\"twitter:card\" content=\"summary_large_image\" \/>\n<meta name=\"twitter:label1\" content=\"Written by\" \/>\n\t<meta name=\"twitter:data1\" content=\"Bianca Albu\" \/>\n\t<meta name=\"twitter:label2\" content=\"Estimated reading time\" \/>\n\t<meta name=\"twitter:data2\" content=\"2 minutes\" \/>\n<script type=\"application\/ld+json\" class=\"yoast-schema-graph\">{\"@context\":\"https:\\\/\\\/schema.org\",\"@graph\":[{\"@type\":\"Article\",\"@id\":\"https:\\\/\\\/buletin.de\\\/bucuresti\\\/cu-o-zi-inainte-de-primele-simptome-covid-19-robert-negoita-a-vorbit-la-o-conferinta-fara-masca-nu-ma-pot-concentra-cu-chestia-asta-pe-fata\\\/#article\",\"isPartOf\":{\"@id\":\"https:\\\/\\\/buletin.de\\\/bucuresti\\\/cu-o-zi-inainte-de-primele-simptome-covid-19-robert-negoita-a-vorbit-la-o-conferinta-fara-masca-nu-ma-pot-concentra-cu-chestia-asta-pe-fata\\\/\"},\"author\":{\"name\":\"Bianca Albu\",\"@id\":\"https:\\\/\\\/buletin.de\\\/bucuresti\\\/#\\\/schema\\\/person\\\/295dc2228d2dc79294d636619468dc7f\"},\"headline\":\"Cu o zi \u00eenainte de primele simptome COVID-19, Robert Negoi\u021b\u0103 a vorbit la o conferin\u021b\u0103 f\u0103r\u0103 masc\u0103: \u201eNu m\u0103 pot concentra cu chestia asta pe fa\u021b\u0103\u201d\",\"datePublished\":\"2020-08-26T16:49:06+00:00\",\"dateModified\":\"2020-08-31T13:52:58+00:00\",\"mainEntityOfPage\":{\"@id\":\"https:\\\/\\\/buletin.de\\\/bucuresti\\\/cu-o-zi-inainte-de-primele-simptome-covid-19-robert-negoita-a-vorbit-la-o-conferinta-fara-masca-nu-ma-pot-concentra-cu-chestia-asta-pe-fata\\\/\"},\"wordCount\":405,\"publisher\":{\"@id\":\"https:\\\/\\\/buletin.de\\\/bucuresti\\\/#organization\"},\"image\":{\"@id\":\"https:\\\/\\\/buletin.de\\\/bucuresti\\\/cu-o-zi-inainte-de-primele-simptome-covid-19-robert-negoita-a-vorbit-la-o-conferinta-fara-masca-nu-ma-pot-concentra-cu-chestia-asta-pe-fata\\\/#primaryimage\"},\"thumbnailUrl\":\"https:\\\/\\\/buletin.de\\\/bucuresti\\\/wp-content\\\/uploads\\\/118457612_3506838892671486_8017612256423487854_o.jpg\",\"keywords\":[\"covid19\",\"robert negoita\",\"Sector 3\"],\"articleSection\":[\"Covid-19\",\"Prim\u0103rie\",\"S\u0103n\u0103tate\",\"\u0218tiri\"],\"inLanguage\":\"en-GB\",\"copyrightYear\":\"2020\",\"copyrightHolder\":{\"@id\":\"https:\\\/\\\/buletin.de\\\/bucuresti\\\/#organization\"}},{\"@type\":\"WebPage\",\"@id\":\"https:\\\/\\\/buletin.de\\\/bucuresti\\\/cu-o-zi-inainte-de-primele-simptome-covid-19-robert-negoita-a-vorbit-la-o-conferinta-fara-masca-nu-ma-pot-concentra-cu-chestia-asta-pe-fata\\\/\",\"url\":\"https:\\\/\\\/buletin.de\\\/bucuresti\\\/cu-o-zi-inainte-de-primele-simptome-covid-19-robert-negoita-a-vorbit-la-o-conferinta-fara-masca-nu-ma-pot-concentra-cu-chestia-asta-pe-fata\\\/\",\"name\":\"Cu o zi \u00eenainte de primele simptome COVID-19, Robert Negoi\u021b\u0103 a vorbit la o conferin\u021b\u0103 f\u0103r\u0103 masc\u0103: \u201eNu m\u0103 pot concentra cu chestia asta pe fa\u021b\u0103\u201d - Buletin de Bucure\u0219ti\",\"isPartOf\":{\"@id\":\"https:\\\/\\\/buletin.de\\\/bucuresti\\\/#website\"},\"primaryImageOfPage\":{\"@id\":\"https:\\\/\\\/buletin.de\\\/bucuresti\\\/cu-o-zi-inainte-de-primele-simptome-covid-19-robert-negoita-a-vorbit-la-o-conferinta-fara-masca-nu-ma-pot-concentra-cu-chestia-asta-pe-fata\\\/#primaryimage\"},\"image\":{\"@id\":\"https:\\\/\\\/buletin.de\\\/bucuresti\\\/cu-o-zi-inainte-de-primele-simptome-covid-19-robert-negoita-a-vorbit-la-o-conferinta-fara-masca-nu-ma-pot-concentra-cu-chestia-asta-pe-fata\\\/#primaryimage\"},\"thumbnailUrl\":\"https:\\\/\\\/buletin.de\\\/bucuresti\\\/wp-content\\\/uploads\\\/118457612_3506838892671486_8017612256423487854_o.jpg\",\"datePublished\":\"2020-08-26T16:49:06+00:00\",\"dateModified\":\"2020-08-31T13:52:58+00:00\",\"breadcrumb\":{\"@id\":\"https:\\\/\\\/buletin.de\\\/bucuresti\\\/cu-o-zi-inainte-de-primele-simptome-covid-19-robert-negoita-a-vorbit-la-o-conferinta-fara-masca-nu-ma-pot-concentra-cu-chestia-asta-pe-fata\\\/#breadcrumb\"},\"inLanguage\":\"en-GB\",\"potentialAction\":[{\"@type\":\"ReadAction\",\"target\":[\"https:\\\/\\\/buletin.de\\\/bucuresti\\\/cu-o-zi-inainte-de-primele-simptome-covid-19-robert-negoita-a-vorbit-la-o-conferinta-fara-masca-nu-ma-pot-concentra-cu-chestia-asta-pe-fata\\\/\"]}]},{\"@type\":\"ImageObject\",\"inLanguage\":\"en-GB\",\"@id\":\"https:\\\/\\\/buletin.de\\\/bucuresti\\\/cu-o-zi-inainte-de-primele-simptome-covid-19-robert-negoita-a-vorbit-la-o-conferinta-fara-masca-nu-ma-pot-concentra-cu-chestia-asta-pe-fata\\\/#primaryimage\",\"url\":\"https:\\\/\\\/buletin.de\\\/bucuresti\\\/wp-content\\\/uploads\\\/118457612_3506838892671486_8017612256423487854_o.jpg\",\"contentUrl\":\"https:\\\/\\\/buletin.de\\\/bucuresti\\\/wp-content\\\/uploads\\\/118457612_3506838892671486_8017612256423487854_o.jpg\",\"width\":1125,\"height\":844},{\"@type\":\"BreadcrumbList\",\"@id\":\"https:\\\/\\\/buletin.de\\\/bucuresti\\\/cu-o-zi-inainte-de-primele-simptome-covid-19-robert-negoita-a-vorbit-la-o-conferinta-fara-masca-nu-ma-pot-concentra-cu-chestia-asta-pe-fata\\\/#breadcrumb\",\"itemListElement\":[{\"@type\":\"ListItem\",\"position\":1,\"name\":\"Acas\u0103\",\"item\":\"https:\\\/\\\/buletin.de\\\/bucuresti\\\/\"},{\"@type\":\"ListItem\",\"position\":2,\"name\":\"Cu o zi \u00eenainte de primele simptome COVID-19, Robert Negoi\u021b\u0103 a vorbit la o conferin\u021b\u0103 f\u0103r\u0103 masc\u0103: \u201eNu m\u0103 pot concentra cu chestia asta pe fa\u021b\u0103\u201d\"}]},{\"@type\":\"WebSite\",\"@id\":\"https:\\\/\\\/buletin.de\\\/bucuresti\\\/#website\",\"url\":\"https:\\\/\\\/buletin.de\\\/bucuresti\\\/\",\"name\":\"Buletin de Bucure\u0219ti\",\"description\":\"\u0218tiri \u0219i investiga\u021bii esen\u021biale din capital\u0103\",\"publisher\":{\"@id\":\"https:\\\/\\\/buletin.de\\\/bucuresti\\\/#organization\"},\"potentialAction\":[{\"@type\":\"SearchAction\",\"target\":{\"@type\":\"EntryPoint\",\"urlTemplate\":\"https:\\\/\\\/buletin.de\\\/bucuresti\\\/?s={search_term_string}\"},\"query-input\":{\"@type\":\"PropertyValueSpecification\",\"valueRequired\":true,\"valueName\":\"search_term_string\"}}],\"inLanguage\":\"en-GB\"},{\"@type\":\"Organization\",\"@id\":\"https:\\\/\\\/buletin.de\\\/bucuresti\\\/#organization\",\"name\":\"Buletin de Bucure\u0219ti\",\"url\":\"https:\\\/\\\/buletin.de\\\/bucuresti\\\/\",\"logo\":{\"@type\":\"ImageObject\",\"inLanguage\":\"en-GB\",\"@id\":\"https:\\\/\\\/buletin.de\\\/bucuresti\\\/#\\\/schema\\\/logo\\\/image\\\/\",\"url\":\"https:\\\/\\\/buletin.de\\\/bucuresti\\\/wp-content\\\/uploads\\\/logo-bdb-full-wide-vernil-transparent.png\",\"contentUrl\":\"https:\\\/\\\/buletin.de\\\/bucuresti\\\/wp-content\\\/uploads\\\/logo-bdb-full-wide-vernil-transparent.png\",\"width\":1782,\"height\":626,\"caption\":\"Buletin de Bucure\u0219ti\"},\"image\":{\"@id\":\"https:\\\/\\\/buletin.de\\\/bucuresti\\\/#\\\/schema\\\/logo\\\/image\\\/\"},\"sameAs\":[\"https:\\\/\\\/www.facebook.com\\\/buletin.de.buc\",\"https:\\\/\\\/www.instagram.com\\\/buletinde.bucuresti\\\/\"]},{\"@type\":\"Person\",\"@id\":\"https:\\\/\\\/buletin.de\\\/bucuresti\\\/#\\\/schema\\\/person\\\/295dc2228d2dc79294d636619468dc7f\",\"name\":\"Bianca Albu\",\"image\":{\"@type\":\"ImageObject\",\"inLanguage\":\"en-GB\",\"@id\":\"https:\\\/\\\/secure.gravatar.com\\\/avatar\\\/3df2e34e20f529e6fd7be4311ee1f7c4ec4aa886971590baf6fa214b15743516?s=96&d=monsterid&r=gf541c715eeec409ce8101252a3c0d8a7\",\"url\":\"https:\\\/\\\/secure.gravatar.com\\\/avatar\\\/3df2e34e20f529e6fd7be4311ee1f7c4ec4aa886971590baf6fa214b15743516?s=96&d=monsterid&r=g\",\"contentUrl\":\"https:\\\/\\\/secure.gravatar.com\\\/avatar\\\/3df2e34e20f529e6fd7be4311ee1f7c4ec4aa886971590baf6fa214b15743516?s=96&d=monsterid&r=g\",\"caption\":\"Bianca Albu\"},\"description\":\"Reporter\",\"url\":\"https:\\\/\\\/buletin.de\\\/bucuresti\\\/author\\\/biancaalbu\\\/\"}]}<\/script>\n<!-- \/ Yoast SEO Premium plugin. -->","yoast_head_json":{"title":"Cu o zi \u00eenainte de primele simptome COVID-19, Robert Negoi\u021b\u0103 a vorbit la o conferin\u021b\u0103 f\u0103r\u0103 masc\u0103: \u201eNu m\u0103 pot concentra cu chestia asta pe fa\u021b\u0103\u201d - Buletin de Bucure\u0219ti","robots":{"index":"index","follow":"follow","max-snippet":"max-snippet:-1","max-image-preview":"max-image-preview:large","max-video-preview":"max-video-preview:-1"},"canonical":"https:\/\/buletin.de\/bucuresti\/cu-o-zi-inainte-de-primele-simptome-covid-19-robert-negoita-a-vorbit-la-o-conferinta-fara-masca-nu-ma-pot-concentra-cu-chestia-asta-pe-fata\/","og_locale":"en_GB","og_type":"article","og_title":"Cu o zi \u00eenainte de primele simptome COVID-19, Robert Negoi\u021b\u0103 a vorbit la o conferin\u021b\u0103 f\u0103r\u0103 masc\u0103: \u201eNu m\u0103 pot concentra cu chestia asta pe fa\u021b\u0103\u201d","og_description":"Primarul sectorului 3, Robert Negoi\u021b\u0103, a participat la o conferin\u021b\u0103 de pres\u0103 cu mai mul\u021bi invita\u021bi cu doar dou\u0103 zile \u00eenainte s\u0103 anun\u021be c\u0103 a fost depistat pozitiv cu virusul Sars-CoV-2. Atunci c\u00e2nd i-a fost pasat microfonul el \u0219i-a dat jos masca pe motiv c\u0103 nu se poate concentra \u201ecu chestia asta pe fa\u021b\u0103, chiar [&hellip;]","og_url":"https:\/\/buletin.de\/bucuresti\/cu-o-zi-inainte-de-primele-simptome-covid-19-robert-negoita-a-vorbit-la-o-conferinta-fara-masca-nu-ma-pot-concentra-cu-chestia-asta-pe-fata\/","og_site_name":"Buletin de Bucure\u0219ti","article_publisher":"https:\/\/www.facebook.com\/buletin.de.buc","article_published_time":"2020-08-26T16:49:06+00:00","article_modified_time":"2020-08-31T13:52:58+00:00","og_image":[{"width":1125,"height":844,"url":"https:\/\/buletin.de\/bucuresti\/wp-content\/uploads\/118457612_3506838892671486_8017612256423487854_o.jpg","type":"image\/jpeg"}],"author":"Bianca Albu","twitter_card":"summary_large_image","twitter_misc":{"Written by":"Bianca Albu","Estimated reading time":"2 minutes"},"schema":{"@context":"https:\/\/schema.org","@graph":[{"@type":"Article","@id":"https:\/\/buletin.de\/bucuresti\/cu-o-zi-inainte-de-primele-simptome-covid-19-robert-negoita-a-vorbit-la-o-conferinta-fara-masca-nu-ma-pot-concentra-cu-chestia-asta-pe-fata\/#article","isPartOf":{"@id":"https:\/\/buletin.de\/bucuresti\/cu-o-zi-inainte-de-primele-simptome-covid-19-robert-negoita-a-vorbit-la-o-conferinta-fara-masca-nu-ma-pot-concentra-cu-chestia-asta-pe-fata\/"},"author":{"name":"Bianca Albu","@id":"https:\/\/buletin.de\/bucuresti\/#\/schema\/person\/295dc2228d2dc79294d636619468dc7f"},"headline":"Cu o zi \u00eenainte de primele simptome COVID-19, Robert Negoi\u021b\u0103 a vorbit la o conferin\u021b\u0103 f\u0103r\u0103 masc\u0103: \u201eNu m\u0103 pot concentra cu chestia asta pe fa\u021b\u0103\u201d","datePublished":"2020-08-26T16:49:06+00:00","dateModified":"2020-08-31T13:52:58+00:00","mainEntityOfPage":{"@id":"https:\/\/buletin.de\/bucuresti\/cu-o-zi-inainte-de-primele-simptome-covid-19-robert-negoita-a-vorbit-la-o-conferinta-fara-masca-nu-ma-pot-concentra-cu-chestia-asta-pe-fata\/"},"wordCount":405,"publisher":{"@id":"https:\/\/buletin.de\/bucuresti\/#organization"},"image":{"@id":"https:\/\/buletin.de\/bucuresti\/cu-o-zi-inainte-de-primele-simptome-covid-19-robert-negoita-a-vorbit-la-o-conferinta-fara-masca-nu-ma-pot-concentra-cu-chestia-asta-pe-fata\/#primaryimage"},"thumbnailUrl":"https:\/\/buletin.de\/bucuresti\/wp-content\/uploads\/118457612_3506838892671486_8017612256423487854_o.jpg","keywords":["covid19","robert negoita","Sector 3"],"articleSection":["Covid-19","Prim\u0103rie","S\u0103n\u0103tate","\u0218tiri"],"inLanguage":"en-GB","copyrightYear":"2020","copyrightHolder":{"@id":"https:\/\/buletin.de\/bucuresti\/#organization"}},{"@type":"WebPage","@id":"https:\/\/buletin.de\/bucuresti\/cu-o-zi-inainte-de-primele-simptome-covid-19-robert-negoita-a-vorbit-la-o-conferinta-fara-masca-nu-ma-pot-concentra-cu-chestia-asta-pe-fata\/","url":"https:\/\/buletin.de\/bucuresti\/cu-o-zi-inainte-de-primele-simptome-covid-19-robert-negoita-a-vorbit-la-o-conferinta-fara-masca-nu-ma-pot-concentra-cu-chestia-asta-pe-fata\/","name":"Cu o zi \u00eenainte de primele simptome COVID-19, Robert Negoi\u021b\u0103 a vorbit la o conferin\u021b\u0103 f\u0103r\u0103 masc\u0103: \u201eNu m\u0103 pot concentra cu chestia asta pe fa\u021b\u0103\u201d - Buletin de Bucure\u0219ti","isPartOf":{"@id":"https:\/\/buletin.de\/bucuresti\/#website"},"primaryImageOfPage":{"@id":"https:\/\/buletin.de\/bucuresti\/cu-o-zi-inainte-de-primele-simptome-covid-19-robert-negoita-a-vorbit-la-o-conferinta-fara-masca-nu-ma-pot-concentra-cu-chestia-asta-pe-fata\/#primaryimage"},"image":{"@id":"https:\/\/buletin.de\/bucuresti\/cu-o-zi-inainte-de-primele-simptome-covid-19-robert-negoita-a-vorbit-la-o-conferinta-fara-masca-nu-ma-pot-concentra-cu-chestia-asta-pe-fata\/#primaryimage"},"thumbnailUrl":"https:\/\/buletin.de\/bucuresti\/wp-content\/uploads\/118457612_3506838892671486_8017612256423487854_o.jpg","datePublished":"2020-08-26T16:49:06+00:00","dateModified":"2020-08-31T13:52:58+00:00","breadcrumb":{"@id":"https:\/\/buletin.de\/bucuresti\/cu-o-zi-inainte-de-primele-simptome-covid-19-robert-negoita-a-vorbit-la-o-conferinta-fara-masca-nu-ma-pot-concentra-cu-chestia-asta-pe-fata\/#breadcrumb"},"inLanguage":"en-GB","potentialAction":[{"@type":"ReadAction","target":["https:\/\/buletin.de\/bucuresti\/cu-o-zi-inainte-de-primele-simptome-covid-19-robert-negoita-a-vorbit-la-o-conferinta-fara-masca-nu-ma-pot-concentra-cu-chestia-asta-pe-fata\/"]}]},{"@type":"ImageObject","inLanguage":"en-GB","@id":"https:\/\/buletin.de\/bucuresti\/cu-o-zi-inainte-de-primele-simptome-covid-19-robert-negoita-a-vorbit-la-o-conferinta-fara-masca-nu-ma-pot-concentra-cu-chestia-asta-pe-fata\/#primaryimage","url":"https:\/\/buletin.de\/bucuresti\/wp-content\/uploads\/118457612_3506838892671486_8017612256423487854_o.jpg","contentUrl":"https:\/\/buletin.de\/bucuresti\/wp-content\/uploads\/118457612_3506838892671486_8017612256423487854_o.jpg","width":1125,"height":844},{"@type":"BreadcrumbList","@id":"https:\/\/buletin.de\/bucuresti\/cu-o-zi-inainte-de-primele-simptome-covid-19-robert-negoita-a-vorbit-la-o-conferinta-fara-masca-nu-ma-pot-concentra-cu-chestia-asta-pe-fata\/#breadcrumb","itemListElement":[{"@type":"ListItem","position":1,"name":"Acas\u0103","item":"https:\/\/buletin.de\/bucuresti\/"},{"@type":"ListItem","position":2,"name":"Cu o zi \u00eenainte de primele simptome COVID-19, Robert Negoi\u021b\u0103 a vorbit la o conferin\u021b\u0103 f\u0103r\u0103 masc\u0103: \u201eNu m\u0103 pot concentra cu chestia asta pe fa\u021b\u0103\u201d"}]},{"@type":"WebSite","@id":"https:\/\/buletin.de\/bucuresti\/#website","url":"https:\/\/buletin.de\/bucuresti\/","name":"Buletin de Bucure\u0219ti","description":"\u0218tiri \u0219i investiga\u021bii esen\u021biale din capital\u0103","publisher":{"@id":"https:\/\/buletin.de\/bucuresti\/#organization"},"potentialAction":[{"@type":"SearchAction","target":{"@type":"EntryPoint","urlTemplate":"https:\/\/buletin.de\/bucuresti\/?s={search_term_string}"},"query-input":{"@type":"PropertyValueSpecification","valueRequired":true,"valueName":"search_term_string"}}],"inLanguage":"en-GB"},{"@type":"Organization","@id":"https:\/\/buletin.de\/bucuresti\/#organization","name":"Buletin de Bucure\u0219ti","url":"https:\/\/buletin.de\/bucuresti\/","logo":{"@type":"ImageObject","inLanguage":"en-GB","@id":"https:\/\/buletin.de\/bucuresti\/#\/schema\/logo\/image\/","url":"https:\/\/buletin.de\/bucuresti\/wp-content\/uploads\/logo-bdb-full-wide-vernil-transparent.png","contentUrl":"https:\/\/buletin.de\/bucuresti\/wp-content\/uploads\/logo-bdb-full-wide-vernil-transparent.png","width":1782,"height":626,"caption":"Buletin de Bucure\u0219ti"},"image":{"@id":"https:\/\/buletin.de\/bucuresti\/#\/schema\/logo\/image\/"},"sameAs":["https:\/\/www.facebook.com\/buletin.de.buc","https:\/\/www.instagram.com\/buletinde.bucuresti\/"]},{"@type":"Person","@id":"https:\/\/buletin.de\/bucuresti\/#\/schema\/person\/295dc2228d2dc79294d636619468dc7f","name":"Bianca Albu","image":{"@type":"ImageObject","inLanguage":"en-GB","@id":"https:\/\/secure.gravatar.com\/avatar\/3df2e34e20f529e6fd7be4311ee1f7c4ec4aa886971590baf6fa214b15743516?s=96&d=monsterid&r=gf541c715eeec409ce8101252a3c0d8a7","url":"https:\/\/secure.gravatar.com\/avatar\/3df2e34e20f529e6fd7be4311ee1f7c4ec4aa886971590baf6fa214b15743516?s=96&d=monsterid&r=g","contentUrl":"https:\/\/secure.gravatar.com\/avatar\/3df2e34e20f529e6fd7be4311ee1f7c4ec4aa886971590baf6fa214b15743516?s=96&d=monsterid&r=g","caption":"Bianca Albu"},"description":"Reporter","url":"https:\/\/buletin.de\/bucuresti\/author\/biancaalbu\/"}]}},"authors":[{"term_id":22588,"user_id":6,"is_guest":0,"slug":"biancaalbu","display_name":"Bianca Albu","avatar_url":"https:\/\/secure.gravatar.com\/avatar\/3df2e34e20f529e6fd7be4311ee1f7c4ec4aa886971590baf6fa214b15743516?s=96&d=monsterid&r=g","0":null,"1":"","2":"","3":"","4":"","5":"","6":"","7":"","8":""}],"_links":{"self":[{"href":"https:\/\/buletin.de\/bucuresti\/wp-json\/wp\/v2\/posts\/11191","targetHints":{"allow":["GET"]}}],"collection":[{"href":"https:\/\/buletin.de\/bucuresti\/wp-json\/wp\/v2\/posts"}],"about":[{"href":"https:\/\/buletin.de\/bucuresti\/wp-json\/wp\/v2\/types\/post"}],"author":[{"embeddable":true,"href":"https:\/\/buletin.de\/bucuresti\/wp-json\/wp\/v2\/users\/6"}],"replies":[{"embeddable":true,"href":"https:\/\/buletin.de\/bucuresti\/wp-json\/wp\/v2\/comments?post=11191"}],"version-history":[{"count":11,"href":"https:\/\/buletin.de\/bucuresti\/wp-json\/wp\/v2\/posts\/11191\/revisions"}],"predecessor-version":[{"id":11231,"href":"https:\/\/buletin.de\/bucuresti\/wp-json\/wp\/v2\/posts\/11191\/revisions\/11231"}],"wp:featuredmedia":[{"embeddable":true,"href":"https:\/\/buletin.de\/bucuresti\/wp-json\/wp\/v2\/media\/11201"}],"wp:attachment":[{"href":"https:\/\/buletin.de\/bucuresti\/wp-json\/wp\/v2\/media?parent=11191"}],"wp:term":[{"taxonomy":"category","embeddable":true,"href":"https:\/\/buletin.de\/bucuresti\/wp-json\/wp\/v2\/categories?post=11191"},{"taxonomy":"post_tag","embeddable":true,"href":"https:\/\/buletin.de\/bucuresti\/wp-json\/wp\/v2\/tags?post=11191"},{"taxonomy":"author","embeddable":true,"href":"https:\/\/buletin.de\/bucuresti\/wp-json\/wp\/v2\/ppma_author?post=11191"}],"curies":[{"name":"wp","href":"https:\/\/api.w.org\/{rel}","templated":true}]}}