{"id":111647,"date":"2024-12-21T11:54:40","date_gmt":"2024-12-21T08:54:40","guid":{"rendered":"https:\/\/buletin.de\/bucuresti\/?p=111647"},"modified":"2024-12-21T11:54:41","modified_gmt":"2024-12-21T08:54:41","slug":"13-intersectii-vor-fi-semaforizate","status":"publish","type":"post","link":"https:\/\/buletin.de\/bucuresti\/13-intersectii-vor-fi-semaforizate\/","title":{"rendered":"Bucure\u0219ti | 13 intersec\u021bii vor fi semaforizate. Proiectul cost\u0103 peste 3 milioane de euro"},"content":{"rendered":"\n<p><strong>13 intersec\u021bii vor fi semaforizate \u00een Bucure\u0219ti. De asemenea, vor fi automatizate \u0219i treceri de pietoni importante din Capital\u0103, unde exist\u0103 risc de accidente. Consiliul General al Municipiului Bucure\u0219ti a aprobat indicatorii tehnico-economici.<\/strong><\/p>\n\n\n\n<p>Potrivit <a href=\"https:\/\/doc.pmb.ro\/consiliu\/sedinte\/541\/oz\/12384.pdf\">hot\u0103r\u00e2rii,<\/a> proiectul cost\u0103 15, 2 milioane de lei, pu\u021bin peste 3 milioane de euro \u0219i trebuie implementat \u00een trei luni.<\/p>\n\n\n\n<p>Prim\u0103ria Municipiului Bucure\u0219ti precizeaz\u0103 c\u0103 Intersec\u021biile vor fi dotate cu dispozitive acustice pentru nev\u0103z\u0103tori \u0219i cu camere video.<\/p>\n\n\n\n<figure class=\"wp-block-image size-full is-resized\"><img fetchpriority=\"high\" decoding=\"async\" width=\"691\" height=\"449\" src=\"data:image\/gif;base64,R0lGODlhAQABAAAAACH5BAEKAAEALAAAAAABAAEAAAICTAEAOw==\" data-src=\"https:\/\/buletin.de\/bucuresti\/wp-content\/uploads\/Screenshot-2024-12-20-at-21.50.54-2.png\" alt=\"\" class=\"wp-image-111652 lazyload\" style=\"width:840px;height:auto\" data-sizes=\"auto\" data-srcset=\"https:\/\/buletin.de\/bucuresti\/wp-content\/uploads\/Screenshot-2024-12-20-at-21.50.54-2.png 691w, https:\/\/buletin.de\/bucuresti\/wp-content\/uploads\/Screenshot-2024-12-20-at-21.50.54-2-300x195.png 300w, https:\/\/buletin.de\/bucuresti\/wp-content\/uploads\/Screenshot-2024-12-20-at-21.50.54-2-600x390.png 600w, https:\/\/buletin.de\/bucuresti\/wp-content\/uploads\/Screenshot-2024-12-20-at-21.50.54-2-20x13.png 20w\" sizes=\"(max-width: 691px) 100vw, 691px\" \/><\/figure>\n\n\n\n<figure class=\"wp-block-gallery has-nested-images columns-default is-cropped wp-block-gallery-1 is-layout-flex wp-block-gallery-is-layout-flex\">\n<figure class=\"wp-block-image size-large\"><img decoding=\"async\" width=\"678\" height=\"255\" data-id=\"111648\" src=\"data:image\/gif;base64,R0lGODlhAQABAAAAACH5BAEKAAEALAAAAAABAAEAAAICTAEAOw==\" data-src=\"https:\/\/buletin.de\/bucuresti\/wp-content\/uploads\/Screenshot-2024-12-20-at-21.51.07.png\" alt=\"13 intersec\u021bii vor fi semaforizate. Unde sunt amplasate\" class=\"wp-image-111648 lazyload\" data-sizes=\"auto\" data-srcset=\"https:\/\/buletin.de\/bucuresti\/wp-content\/uploads\/Screenshot-2024-12-20-at-21.51.07.png 678w, https:\/\/buletin.de\/bucuresti\/wp-content\/uploads\/Screenshot-2024-12-20-at-21.51.07-300x113.png 300w, https:\/\/buletin.de\/bucuresti\/wp-content\/uploads\/Screenshot-2024-12-20-at-21.51.07-600x226.png 600w, https:\/\/buletin.de\/bucuresti\/wp-content\/uploads\/Screenshot-2024-12-20-at-21.51.07-20x8.png 20w\" sizes=\"(max-width: 678px) 100vw, 678px\" \/><figcaption class=\"wp-element-caption\">13 intersec\u021bii vor fi semaforizate. Unde sunt amplasate<\/figcaption><\/figure>\n<\/figure>\n\n\n\n<p>Cinci dintre cele 13 intersec\u021bii \u0219i treceri ce urmeaz\u0103 a fi semaforizate se afl\u0103 pe trasee de fibr\u0103 optic\u0103 existente, cu posibilitate de integrare \u00een BTMS ( Sistemul de Management al Traficului). Acestea sunt:<\/p>\n\n\n\n<ul class=\"wp-block-list\">\n<li>Bd lancu de Hunedoara nr. 25 x Str. Clop\u0103tarii Vechi x Str. Mexic;<\/li>\n\n\n\n<li>Gara de Nord &#8211; Ministerul Transporturilor Poarta G;<\/li>\n\n\n\n<li>Dinicu Golescu nr. 35;<\/li>\n\n\n\n<li>\u0218os. Mihai Bravu x Str. Laborator;<\/li>\n\n\n\n<li>Calea Doroban\u021bilor x Str. Washington.<\/li>\n<\/ul>\n\n\n\n<p><strong>Celelalte opt intersec\u021bii care vor avea echipamente compatibile cu sistemul BTMS, pentru o integrare ulterioar\u0103 sunt:<\/strong><\/p>\n\n\n\n<ul class=\"wp-block-list\">\n<li>Str. Constantin Istrate x Str. 11 lunie x Str. Mitropolit Nifon x B-dul M\u0103r\u0103\u0219e\u0219ti;<\/li>\n\n\n\n<li>Str. Nicolae Caramfil x Str. G-ral. St. Burileanu;<\/li>\n\n\n\n<li>Str. Cpt.Av. Alex. \u0218erb\u0103nescu x Str. G-ral. St. Burileanu;<\/li>\n\n\n\n<li>Bd. Uverturii x Str. Drept\u0103\u021bii;<\/li>\n\n\n\n<li>Str. Apusului x Str. Ghirlandei;<\/li>\n\n\n\n<li>Drumul Taberei x Acces parc Moghioro\u0219;<\/li>\n\n\n\n<li>Bd. 1 Mai x Str. Sibiu;<\/li>\n\n\n\n<li>Bd. 1 Mai x Str. Constantin Titel Petrescu.<\/li>\n<\/ul>\n\n\n\n<p><strong>CITE\u0218TE \u0218I:<\/strong> <a href=\"https:\/\/buletin.de\/bucuresti\/wp-admin\/post.php?post=111647&amp;action=edit\">Sectorul 1 este executat silit pentru 124 de milioane de lei, din litigii cu Romprest. Scandal cu privire la comisia care trebuie s\u0103 verifice situa\u021bia execut\u0103rilor<\/a><\/p>\n\n\n\n<h3 class=\"wp-block-heading\" id=\"h-13-intersec\u021bii-vor-fi-semaforizate-unde-sunt-amplasate-in-vestul-capitalei\">13 intersec\u021bii vor fi semaforizate. Unde sunt amplasate \u00een Vestul Capitalei<\/h3>\n\n\n\n<p><strong>La jum\u0103tatea acestui an, Prim\u0103ria Capitalei anun\u021b\u0103 c\u0103 alte opt intersec\u021bii au fost integrate \u00een sistemul de management al traficului. Anun\u021bul a fost f\u0103cut de Prim\u0103ria Capitalei.<\/strong><\/p>\n\n\n\n<p>Autoritatea local\u0103, prin Administra\u021bia Str\u0103zilor Bucure\u0219ti, a finalizat lucr\u0103rile de modernizare \u0219i integrare \u00een BTMS (BUCHAREST TRAFFIC MANAGEMENT SYSTEM) pentru semafoarele de pe axa Bd. Camil Ressu \u2013 Bd. Theodor Pallady.<\/p>\n\n\n\n<p>Cele opt intersec\u021bii sunt:<\/p>\n\n\n\n<ul class=\"wp-block-list\">\n<li>Str. Jean Steriadi.<\/li>\n\n\n\n<li>Bd. Camil Ressu cu \u0218oseaua Mihai Bravu;<\/li>\n\n\n\n<li>Str. Dristorului;<\/li>\n\n\n\n<li>Str. Liviu Rebreanu;<\/li>\n\n\n\n<li>Str. Fizicienilor;<\/li>\n\n\n\n<li>Bd. Nicolae Grigorescu;<\/li>\n\n\n\n<li>Str. Ilioara;<\/li>\n\n\n\n<li>Bd. Theodor Pallady cu Bd. 1 Decembrie 1918.<\/li>\n<\/ul>\n\n\n\n<p>Sistemul de management al traficului presupune:<\/p>\n\n\n\n<ul class=\"wp-block-list\">\n<li>controlul traficului urban;<\/li>\n\n\n\n<li>sistem de supraveghere video;<\/li>\n\n\n\n<li>management al vehiculelor de transport public \u0219i al vehiculelor speciale (Ambulan\u021b\u0103, Poli\u021bie, Pompieri);<\/li>\n\n\n\n<li>re\u021bea de comunica\u021bii prin fibr\u0103 optic\u0103.<\/li>\n<\/ul>\n\n\n\n<p><strong>CITE\u0218TE \u0218I:<\/strong> <a href=\"https:\/\/buletin.de\/bucuresti\/al-cincilea-tren-de-metrou-alstom-a-ajuns-la-bucuresti\/\"><strong>Al cincilea tren de metrou Alstom a ajuns la Bucure\u0219ti<\/strong><\/a><\/p>\n\n\n\n<p><\/p>\n","protected":false},"excerpt":{"rendered":"<p>13 intersec\u021bii vor fi semaforizate \u00een Bucure\u0219ti. De asemenea, vor fi automatizate \u0219i treceri de pietoni importante din Capital\u0103, unde exist\u0103 risc de accidente. Consiliul General al Municipiului Bucure\u0219ti a aprobat indicatorii tehnico-economici. Potrivit hot\u0103r\u00e2rii, proiectul cost\u0103 15, 2 milioane de lei, pu\u021bin peste 3 milioane de euro \u0219i trebuie implementat \u00een trei luni. Prim\u0103ria [&hellip;]<\/p>\n","protected":false},"author":49,"featured_media":111653,"comment_status":"closed","ping_status":"open","sticky":false,"template":"","format":"standard","meta":{"_acf_changed":false,"inline_featured_image":false,"ngg_post_thumbnail":0,"footnotes":""},"categories":[6994,24,62],"tags":[148,6537,104,4673],"ppma_author":[22574],"class_list":["post-111647","post","type-post","status-publish","format-standard","has-post-thumbnail","hentry","category-stiri-2","category-primarie","category-stiri","tag-cgmb","tag-intersectii-semaforizate","tag-pmb","tag-treceri-de-pietoni"],"acf":[],"yoast_head":"<!-- This site is optimized with the Yoast SEO Premium plugin v25.3 (Yoast SEO v27.5) - https:\/\/yoast.com\/product\/yoast-seo-premium-wordpress\/ -->\n<title>Bucure\u0219ti | 13 intersec\u021bii vor fi semaforizate. Proiectul cost\u0103 peste 3 milioane de euro - Buletin de Bucure\u0219ti<\/title>\n<meta name=\"description\" content=\"13 intersec\u021bii vor fi semaforizate \u00een Bucure\u0219ti. De asemenea, vor fi automatizate \u0219i treceri de pietoni importante din Capital\u0103.\" \/>\n<meta name=\"robots\" content=\"index, follow, max-snippet:-1, max-image-preview:large, max-video-preview:-1\" \/>\n<link rel=\"canonical\" href=\"https:\/\/buletin.de\/bucuresti\/13-intersectii-vor-fi-semaforizate\/\" \/>\n<meta property=\"og:locale\" content=\"en_GB\" \/>\n<meta property=\"og:type\" content=\"article\" \/>\n<meta property=\"og:title\" content=\"Bucure\u0219ti | 13 intersec\u021bii vor fi semaforizate. Proiectul cost\u0103 peste 3 milioane de euro\" \/>\n<meta property=\"og:description\" content=\"13 intersec\u021bii vor fi semaforizate \u00een Bucure\u0219ti. De asemenea, vor fi automatizate \u0219i treceri de pietoni importante din Capital\u0103.\" \/>\n<meta property=\"og:url\" content=\"https:\/\/buletin.de\/bucuresti\/13-intersectii-vor-fi-semaforizate\/\" \/>\n<meta property=\"og:site_name\" content=\"Buletin de Bucure\u0219ti\" \/>\n<meta property=\"article:publisher\" content=\"https:\/\/www.facebook.com\/buletin.de.buc\" \/>\n<meta property=\"article:published_time\" content=\"2024-12-21T08:54:40+00:00\" \/>\n<meta property=\"article:modified_time\" content=\"2024-12-21T08:54:41+00:00\" \/>\n<meta property=\"og:image\" content=\"https:\/\/buletin.de\/bucuresti\/wp-content\/uploads\/470908609_18129318850385573_1382811144673283268_n.jpg\" \/>\n\t<meta property=\"og:image:width\" content=\"1440\" \/>\n\t<meta property=\"og:image:height\" content=\"959\" \/>\n\t<meta property=\"og:image:type\" content=\"image\/jpeg\" \/>\n<meta name=\"author\" content=\"Diana Matei\" \/>\n<meta name=\"twitter:card\" content=\"summary_large_image\" \/>\n<meta name=\"twitter:label1\" content=\"Written by\" \/>\n\t<meta name=\"twitter:data1\" content=\"Diana Matei\" \/>\n\t<meta name=\"twitter:label2\" content=\"Estimated reading time\" \/>\n\t<meta name=\"twitter:data2\" content=\"3 minutes\" \/>\n<script type=\"application\/ld+json\" class=\"yoast-schema-graph\">{\"@context\":\"https:\\\/\\\/schema.org\",\"@graph\":[{\"@type\":\"Article\",\"@id\":\"https:\\\/\\\/buletin.de\\\/bucuresti\\\/13-intersectii-vor-fi-semaforizate\\\/#article\",\"isPartOf\":{\"@id\":\"https:\\\/\\\/buletin.de\\\/bucuresti\\\/13-intersectii-vor-fi-semaforizate\\\/\"},\"author\":{\"name\":\"Diana Matei\",\"@id\":\"https:\\\/\\\/buletin.de\\\/bucuresti\\\/#\\\/schema\\\/person\\\/7e46040573290777280a0835d81ea4ea\"},\"headline\":\"Bucure\u0219ti | 13 intersec\u021bii vor fi semaforizate. Proiectul cost\u0103 peste 3 milioane de euro\",\"datePublished\":\"2024-12-21T08:54:40+00:00\",\"dateModified\":\"2024-12-21T08:54:41+00:00\",\"mainEntityOfPage\":{\"@id\":\"https:\\\/\\\/buletin.de\\\/bucuresti\\\/13-intersectii-vor-fi-semaforizate\\\/\"},\"wordCount\":439,\"publisher\":{\"@id\":\"https:\\\/\\\/buletin.de\\\/bucuresti\\\/#organization\"},\"image\":{\"@id\":\"https:\\\/\\\/buletin.de\\\/bucuresti\\\/13-intersectii-vor-fi-semaforizate\\\/#primaryimage\"},\"thumbnailUrl\":\"https:\\\/\\\/buletin.de\\\/bucuresti\\\/wp-content\\\/uploads\\\/470908609_18129318850385573_1382811144673283268_n.jpg\",\"keywords\":[\"cgmb\",\"intersectii semaforizate\",\"pmb\",\"treceri de pietoni\"],\"articleSection\":[\"Articole\",\"Prim\u0103rie\",\"\u0218tiri\"],\"inLanguage\":\"en-GB\",\"copyrightYear\":\"2024\",\"copyrightHolder\":{\"@id\":\"https:\\\/\\\/buletin.de\\\/bucuresti\\\/#organization\"}},{\"@type\":\"WebPage\",\"@id\":\"https:\\\/\\\/buletin.de\\\/bucuresti\\\/13-intersectii-vor-fi-semaforizate\\\/\",\"url\":\"https:\\\/\\\/buletin.de\\\/bucuresti\\\/13-intersectii-vor-fi-semaforizate\\\/\",\"name\":\"Bucure\u0219ti | 13 intersec\u021bii vor fi semaforizate. Proiectul cost\u0103 peste 3 milioane de euro - Buletin de Bucure\u0219ti\",\"isPartOf\":{\"@id\":\"https:\\\/\\\/buletin.de\\\/bucuresti\\\/#website\"},\"primaryImageOfPage\":{\"@id\":\"https:\\\/\\\/buletin.de\\\/bucuresti\\\/13-intersectii-vor-fi-semaforizate\\\/#primaryimage\"},\"image\":{\"@id\":\"https:\\\/\\\/buletin.de\\\/bucuresti\\\/13-intersectii-vor-fi-semaforizate\\\/#primaryimage\"},\"thumbnailUrl\":\"https:\\\/\\\/buletin.de\\\/bucuresti\\\/wp-content\\\/uploads\\\/470908609_18129318850385573_1382811144673283268_n.jpg\",\"datePublished\":\"2024-12-21T08:54:40+00:00\",\"dateModified\":\"2024-12-21T08:54:41+00:00\",\"description\":\"13 intersec\u021bii vor fi semaforizate \u00een Bucure\u0219ti. De asemenea, vor fi automatizate \u0219i treceri de pietoni importante din Capital\u0103.\",\"breadcrumb\":{\"@id\":\"https:\\\/\\\/buletin.de\\\/bucuresti\\\/13-intersectii-vor-fi-semaforizate\\\/#breadcrumb\"},\"inLanguage\":\"en-GB\",\"potentialAction\":[{\"@type\":\"ReadAction\",\"target\":[\"https:\\\/\\\/buletin.de\\\/bucuresti\\\/13-intersectii-vor-fi-semaforizate\\\/\"]}]},{\"@type\":\"ImageObject\",\"inLanguage\":\"en-GB\",\"@id\":\"https:\\\/\\\/buletin.de\\\/bucuresti\\\/13-intersectii-vor-fi-semaforizate\\\/#primaryimage\",\"url\":\"https:\\\/\\\/buletin.de\\\/bucuresti\\\/wp-content\\\/uploads\\\/470908609_18129318850385573_1382811144673283268_n.jpg\",\"contentUrl\":\"https:\\\/\\\/buletin.de\\\/bucuresti\\\/wp-content\\\/uploads\\\/470908609_18129318850385573_1382811144673283268_n.jpg\",\"width\":1440,\"height\":959,\"caption\":\"13 intersec\u021bii din Capitale vor fi semaforizate. Proiectul cost\u0103 peste 3 milioane de euro. FOTO: Facebook\\\/Nicu\u0219or Dan\"},{\"@type\":\"BreadcrumbList\",\"@id\":\"https:\\\/\\\/buletin.de\\\/bucuresti\\\/13-intersectii-vor-fi-semaforizate\\\/#breadcrumb\",\"itemListElement\":[{\"@type\":\"ListItem\",\"position\":1,\"name\":\"Acas\u0103\",\"item\":\"https:\\\/\\\/buletin.de\\\/bucuresti\\\/\"},{\"@type\":\"ListItem\",\"position\":2,\"name\":\"Bucure\u0219ti | 13 intersec\u021bii vor fi semaforizate. Proiectul cost\u0103 peste 3 milioane de euro\"}]},{\"@type\":\"WebSite\",\"@id\":\"https:\\\/\\\/buletin.de\\\/bucuresti\\\/#website\",\"url\":\"https:\\\/\\\/buletin.de\\\/bucuresti\\\/\",\"name\":\"Buletin de Bucure\u0219ti\",\"description\":\"\u0218tiri \u0219i investiga\u021bii esen\u021biale din capital\u0103\",\"publisher\":{\"@id\":\"https:\\\/\\\/buletin.de\\\/bucuresti\\\/#organization\"},\"potentialAction\":[{\"@type\":\"SearchAction\",\"target\":{\"@type\":\"EntryPoint\",\"urlTemplate\":\"https:\\\/\\\/buletin.de\\\/bucuresti\\\/?s={search_term_string}\"},\"query-input\":{\"@type\":\"PropertyValueSpecification\",\"valueRequired\":true,\"valueName\":\"search_term_string\"}}],\"inLanguage\":\"en-GB\"},{\"@type\":\"Organization\",\"@id\":\"https:\\\/\\\/buletin.de\\\/bucuresti\\\/#organization\",\"name\":\"Buletin de Bucure\u0219ti\",\"url\":\"https:\\\/\\\/buletin.de\\\/bucuresti\\\/\",\"logo\":{\"@type\":\"ImageObject\",\"inLanguage\":\"en-GB\",\"@id\":\"https:\\\/\\\/buletin.de\\\/bucuresti\\\/#\\\/schema\\\/logo\\\/image\\\/\",\"url\":\"https:\\\/\\\/buletin.de\\\/bucuresti\\\/wp-content\\\/uploads\\\/logo-bdb-full-wide-vernil-transparent.png\",\"contentUrl\":\"https:\\\/\\\/buletin.de\\\/bucuresti\\\/wp-content\\\/uploads\\\/logo-bdb-full-wide-vernil-transparent.png\",\"width\":1782,\"height\":626,\"caption\":\"Buletin de Bucure\u0219ti\"},\"image\":{\"@id\":\"https:\\\/\\\/buletin.de\\\/bucuresti\\\/#\\\/schema\\\/logo\\\/image\\\/\"},\"sameAs\":[\"https:\\\/\\\/www.facebook.com\\\/buletin.de.buc\",\"https:\\\/\\\/www.instagram.com\\\/buletinde.bucuresti\\\/\"]},{\"@type\":\"Person\",\"@id\":\"https:\\\/\\\/buletin.de\\\/bucuresti\\\/#\\\/schema\\\/person\\\/7e46040573290777280a0835d81ea4ea\",\"name\":\"Diana Matei\",\"image\":{\"@type\":\"ImageObject\",\"inLanguage\":\"en-GB\",\"@id\":\"https:\\\/\\\/buletin.de\\\/bucuresti\\\/wp-content\\\/uploads\\\/9-2-96x96.jpg1e8590b30871d70e62ebcdaf2eff570c\",\"url\":\"https:\\\/\\\/buletin.de\\\/bucuresti\\\/wp-content\\\/uploads\\\/9-2-96x96.jpg\",\"contentUrl\":\"https:\\\/\\\/buletin.de\\\/bucuresti\\\/wp-content\\\/uploads\\\/9-2-96x96.jpg\",\"caption\":\"Diana Matei\"},\"url\":\"https:\\\/\\\/buletin.de\\\/bucuresti\\\/author\\\/dianamatei\\\/\"}]}<\/script>\n<!-- \/ Yoast SEO Premium plugin. -->","yoast_head_json":{"title":"Bucure\u0219ti | 13 intersec\u021bii vor fi semaforizate. Proiectul cost\u0103 peste 3 milioane de euro - Buletin de Bucure\u0219ti","description":"13 intersec\u021bii vor fi semaforizate \u00een Bucure\u0219ti. De asemenea, vor fi automatizate \u0219i treceri de pietoni importante din Capital\u0103.","robots":{"index":"index","follow":"follow","max-snippet":"max-snippet:-1","max-image-preview":"max-image-preview:large","max-video-preview":"max-video-preview:-1"},"canonical":"https:\/\/buletin.de\/bucuresti\/13-intersectii-vor-fi-semaforizate\/","og_locale":"en_GB","og_type":"article","og_title":"Bucure\u0219ti | 13 intersec\u021bii vor fi semaforizate. Proiectul cost\u0103 peste 3 milioane de euro","og_description":"13 intersec\u021bii vor fi semaforizate \u00een Bucure\u0219ti. De asemenea, vor fi automatizate \u0219i treceri de pietoni importante din Capital\u0103.","og_url":"https:\/\/buletin.de\/bucuresti\/13-intersectii-vor-fi-semaforizate\/","og_site_name":"Buletin de Bucure\u0219ti","article_publisher":"https:\/\/www.facebook.com\/buletin.de.buc","article_published_time":"2024-12-21T08:54:40+00:00","article_modified_time":"2024-12-21T08:54:41+00:00","og_image":[{"width":1440,"height":959,"url":"https:\/\/buletin.de\/bucuresti\/wp-content\/uploads\/470908609_18129318850385573_1382811144673283268_n.jpg","type":"image\/jpeg"}],"author":"Diana Matei","twitter_card":"summary_large_image","twitter_misc":{"Written by":"Diana Matei","Estimated reading time":"3 minutes"},"schema":{"@context":"https:\/\/schema.org","@graph":[{"@type":"Article","@id":"https:\/\/buletin.de\/bucuresti\/13-intersectii-vor-fi-semaforizate\/#article","isPartOf":{"@id":"https:\/\/buletin.de\/bucuresti\/13-intersectii-vor-fi-semaforizate\/"},"author":{"name":"Diana Matei","@id":"https:\/\/buletin.de\/bucuresti\/#\/schema\/person\/7e46040573290777280a0835d81ea4ea"},"headline":"Bucure\u0219ti | 13 intersec\u021bii vor fi semaforizate. Proiectul cost\u0103 peste 3 milioane de euro","datePublished":"2024-12-21T08:54:40+00:00","dateModified":"2024-12-21T08:54:41+00:00","mainEntityOfPage":{"@id":"https:\/\/buletin.de\/bucuresti\/13-intersectii-vor-fi-semaforizate\/"},"wordCount":439,"publisher":{"@id":"https:\/\/buletin.de\/bucuresti\/#organization"},"image":{"@id":"https:\/\/buletin.de\/bucuresti\/13-intersectii-vor-fi-semaforizate\/#primaryimage"},"thumbnailUrl":"https:\/\/buletin.de\/bucuresti\/wp-content\/uploads\/470908609_18129318850385573_1382811144673283268_n.jpg","keywords":["cgmb","intersectii semaforizate","pmb","treceri de pietoni"],"articleSection":["Articole","Prim\u0103rie","\u0218tiri"],"inLanguage":"en-GB","copyrightYear":"2024","copyrightHolder":{"@id":"https:\/\/buletin.de\/bucuresti\/#organization"}},{"@type":"WebPage","@id":"https:\/\/buletin.de\/bucuresti\/13-intersectii-vor-fi-semaforizate\/","url":"https:\/\/buletin.de\/bucuresti\/13-intersectii-vor-fi-semaforizate\/","name":"Bucure\u0219ti | 13 intersec\u021bii vor fi semaforizate. Proiectul cost\u0103 peste 3 milioane de euro - Buletin de Bucure\u0219ti","isPartOf":{"@id":"https:\/\/buletin.de\/bucuresti\/#website"},"primaryImageOfPage":{"@id":"https:\/\/buletin.de\/bucuresti\/13-intersectii-vor-fi-semaforizate\/#primaryimage"},"image":{"@id":"https:\/\/buletin.de\/bucuresti\/13-intersectii-vor-fi-semaforizate\/#primaryimage"},"thumbnailUrl":"https:\/\/buletin.de\/bucuresti\/wp-content\/uploads\/470908609_18129318850385573_1382811144673283268_n.jpg","datePublished":"2024-12-21T08:54:40+00:00","dateModified":"2024-12-21T08:54:41+00:00","description":"13 intersec\u021bii vor fi semaforizate \u00een Bucure\u0219ti. De asemenea, vor fi automatizate \u0219i treceri de pietoni importante din Capital\u0103.","breadcrumb":{"@id":"https:\/\/buletin.de\/bucuresti\/13-intersectii-vor-fi-semaforizate\/#breadcrumb"},"inLanguage":"en-GB","potentialAction":[{"@type":"ReadAction","target":["https:\/\/buletin.de\/bucuresti\/13-intersectii-vor-fi-semaforizate\/"]}]},{"@type":"ImageObject","inLanguage":"en-GB","@id":"https:\/\/buletin.de\/bucuresti\/13-intersectii-vor-fi-semaforizate\/#primaryimage","url":"https:\/\/buletin.de\/bucuresti\/wp-content\/uploads\/470908609_18129318850385573_1382811144673283268_n.jpg","contentUrl":"https:\/\/buletin.de\/bucuresti\/wp-content\/uploads\/470908609_18129318850385573_1382811144673283268_n.jpg","width":1440,"height":959,"caption":"13 intersec\u021bii din Capitale vor fi semaforizate. Proiectul cost\u0103 peste 3 milioane de euro. FOTO: Facebook\/Nicu\u0219or Dan"},{"@type":"BreadcrumbList","@id":"https:\/\/buletin.de\/bucuresti\/13-intersectii-vor-fi-semaforizate\/#breadcrumb","itemListElement":[{"@type":"ListItem","position":1,"name":"Acas\u0103","item":"https:\/\/buletin.de\/bucuresti\/"},{"@type":"ListItem","position":2,"name":"Bucure\u0219ti | 13 intersec\u021bii vor fi semaforizate. Proiectul cost\u0103 peste 3 milioane de euro"}]},{"@type":"WebSite","@id":"https:\/\/buletin.de\/bucuresti\/#website","url":"https:\/\/buletin.de\/bucuresti\/","name":"Buletin de Bucure\u0219ti","description":"\u0218tiri \u0219i investiga\u021bii esen\u021biale din capital\u0103","publisher":{"@id":"https:\/\/buletin.de\/bucuresti\/#organization"},"potentialAction":[{"@type":"SearchAction","target":{"@type":"EntryPoint","urlTemplate":"https:\/\/buletin.de\/bucuresti\/?s={search_term_string}"},"query-input":{"@type":"PropertyValueSpecification","valueRequired":true,"valueName":"search_term_string"}}],"inLanguage":"en-GB"},{"@type":"Organization","@id":"https:\/\/buletin.de\/bucuresti\/#organization","name":"Buletin de Bucure\u0219ti","url":"https:\/\/buletin.de\/bucuresti\/","logo":{"@type":"ImageObject","inLanguage":"en-GB","@id":"https:\/\/buletin.de\/bucuresti\/#\/schema\/logo\/image\/","url":"https:\/\/buletin.de\/bucuresti\/wp-content\/uploads\/logo-bdb-full-wide-vernil-transparent.png","contentUrl":"https:\/\/buletin.de\/bucuresti\/wp-content\/uploads\/logo-bdb-full-wide-vernil-transparent.png","width":1782,"height":626,"caption":"Buletin de Bucure\u0219ti"},"image":{"@id":"https:\/\/buletin.de\/bucuresti\/#\/schema\/logo\/image\/"},"sameAs":["https:\/\/www.facebook.com\/buletin.de.buc","https:\/\/www.instagram.com\/buletinde.bucuresti\/"]},{"@type":"Person","@id":"https:\/\/buletin.de\/bucuresti\/#\/schema\/person\/7e46040573290777280a0835d81ea4ea","name":"Diana Matei","image":{"@type":"ImageObject","inLanguage":"en-GB","@id":"https:\/\/buletin.de\/bucuresti\/wp-content\/uploads\/9-2-96x96.jpg1e8590b30871d70e62ebcdaf2eff570c","url":"https:\/\/buletin.de\/bucuresti\/wp-content\/uploads\/9-2-96x96.jpg","contentUrl":"https:\/\/buletin.de\/bucuresti\/wp-content\/uploads\/9-2-96x96.jpg","caption":"Diana Matei"},"url":"https:\/\/buletin.de\/bucuresti\/author\/dianamatei\/"}]}},"authors":[{"term_id":22574,"user_id":49,"is_guest":0,"slug":"dianamatei","display_name":"Diana Matei","avatar_url":"https:\/\/buletin.de\/bucuresti\/wp-content\/uploads\/9-2-96x96.jpg","0":null,"1":"","2":"","3":"","4":"","5":"","6":"","7":"","8":""}],"_links":{"self":[{"href":"https:\/\/buletin.de\/bucuresti\/wp-json\/wp\/v2\/posts\/111647","targetHints":{"allow":["GET"]}}],"collection":[{"href":"https:\/\/buletin.de\/bucuresti\/wp-json\/wp\/v2\/posts"}],"about":[{"href":"https:\/\/buletin.de\/bucuresti\/wp-json\/wp\/v2\/types\/post"}],"author":[{"embeddable":true,"href":"https:\/\/buletin.de\/bucuresti\/wp-json\/wp\/v2\/users\/49"}],"replies":[{"embeddable":true,"href":"https:\/\/buletin.de\/bucuresti\/wp-json\/wp\/v2\/comments?post=111647"}],"version-history":[{"count":2,"href":"https:\/\/buletin.de\/bucuresti\/wp-json\/wp\/v2\/posts\/111647\/revisions"}],"predecessor-version":[{"id":111701,"href":"https:\/\/buletin.de\/bucuresti\/wp-json\/wp\/v2\/posts\/111647\/revisions\/111701"}],"wp:featuredmedia":[{"embeddable":true,"href":"https:\/\/buletin.de\/bucuresti\/wp-json\/wp\/v2\/media\/111653"}],"wp:attachment":[{"href":"https:\/\/buletin.de\/bucuresti\/wp-json\/wp\/v2\/media?parent=111647"}],"wp:term":[{"taxonomy":"category","embeddable":true,"href":"https:\/\/buletin.de\/bucuresti\/wp-json\/wp\/v2\/categories?post=111647"},{"taxonomy":"post_tag","embeddable":true,"href":"https:\/\/buletin.de\/bucuresti\/wp-json\/wp\/v2\/tags?post=111647"},{"taxonomy":"author","embeddable":true,"href":"https:\/\/buletin.de\/bucuresti\/wp-json\/wp\/v2\/ppma_author?post=111647"}],"curies":[{"name":"wp","href":"https:\/\/api.w.org\/{rel}","templated":true}]}}