{"id":111234,"date":"2024-12-18T15:38:01","date_gmt":"2024-12-18T12:38:01","guid":{"rendered":"https:\/\/buletin.de\/bucuresti\/?p=111234"},"modified":"2024-12-28T09:03:00","modified_gmt":"2024-12-28T06:03:00","slug":"fotovideo-placa-de-beton-prabusita-pe-un-santier-din-bucuresti","status":"publish","type":"post","link":"https:\/\/buletin.de\/bucuresti\/fotovideo-placa-de-beton-prabusita-pe-un-santier-din-bucuresti\/","title":{"rendered":"FOTO+VIDEO | Plac\u0103 de beton pr\u0103bu\u0219it\u0103 pe un \u0219antier din Bucure\u0219ti. Un muncitor a murit"},"content":{"rendered":"\n<p><strong>Inspectoratul pentru Situa\u021bii de Urgen\u021b\u0103 a intervenit pe Calea Floreasca, \u00een Sectorul 1, dup\u0103 ce o plac\u0103 de beton de dimensiuni impresionante s-a pr\u0103bu\u0219it pe un \u0219antier. Placa a c\u0103zut peste un utilaj, \u00een care se afla o persoan\u0103.<\/strong><\/p>\n\n\n\n<h2 class=\"wp-block-heading\" id=\"h-update-muncitorul-prins-sub-beton-a-decedat\">UPDATE: Muncitorul prins sub beton a decedat<\/h2>\n\n\n\n<p>Persoana a fost extras\u0103 \u0219i, din p\u0103cate, a fost declarat\u0103 decedat\u0103.<\/p>\n\n\n\n<p>\u201eInterven\u021bia a fost complex\u0103 cu un grad ridicat de dificultate din cauza dimensiunilor pl\u0103cii de beton.<br>Accesul c\u0103tre utilaj s-a realizat prin decuparea par\u021bial\u0103 \u0219i etapizat\u0103 a pl\u0103cii de beton, pompierii au ac\u021bionat pentru descarcerarea \u0219i extragerea victimei\u201d, a transmis ISU.<\/p>\n\n\n\n<hr class=\"wp-block-separator has-alpha-channel-opacity\"\/>\n\n\n\n<p>\u201eAc\u021bion\u0103m pentru deblocarea \u0219i extragerea de sub placa de beton a unui utilaj, \u00een care s-ar afla \u0219i <strong>o persoan\u0103 surprins\u0103.<\/strong><\/p>\n\n\n\n<p>Utilajul efectua lucr\u0103ri la nivelul -1, c\u00e2nd a fost surprins de <strong>o plac\u0103 de beton de aproximativ 200 mp<\/strong>.<\/p>\n\n\n\n<p>Pentru gestionarea situa\u021biei de urgen\u021b\u0103 intervenim cu: 2 autospeciale de stingere, Deta\u0219amentul Special de Salvatori, 1 autospecial\u0103 de descarcerare, 1 autospecial\u0103 de interven\u021bie \u0219i salvare de la \u00een\u0103l\u021bime, containerul multirisc \u0219i 2 echipaje SMURD\u201d, a transmis <a href=\"https:\/\/isubif.ro\/local\/\" target=\"_blank\" rel=\"noreferrer noopener\">ISU B-IF<\/a>.<\/p>\n\n\n\n<p>CITE\u0218TE \u0218I: <strong><a href=\"https:\/\/buletin.de\/bucuresti\/un-nou-tronson-din-a7-autostrada-care-leaga-bucuresti-de-moldova-va-fi-dat-in-circulatie-scriosteanu-probabil-vineri\/\" target=\"_blank\" rel=\"noreferrer noopener\">Un nou tronson din A7, autostrada care leag\u0103 Bucure\u0219ti de Moldova, va fi dat \u00een circula\u021bie. Ce mai este de f\u0103cut<\/a><\/strong><\/p>\n\n\n\n<figure class=\"wp-block-image size-large\"><img fetchpriority=\"high\" decoding=\"async\" width=\"900\" height=\"506\" src=\"data:image\/gif;base64,R0lGODlhAQABAAAAACH5BAEKAAEALAAAAAABAAEAAAICTAEAOw==\" data-src=\"https:\/\/buletin.de\/bucuresti\/wp-content\/uploads\/placabeton1-900x506.jpeg\" alt=\"Plac\u0103 de beton, pr\u0103bu\u0219it\u0103 pe un \u0219antier din Bucure\u0219ti. Foto ISU B-IF\" class=\"wp-image-111241 lazyload\" data-sizes=\"auto\" data-srcset=\"https:\/\/buletin.de\/bucuresti\/wp-content\/uploads\/placabeton1-900x506.jpeg 900w, https:\/\/buletin.de\/bucuresti\/wp-content\/uploads\/placabeton1-300x169.jpeg 300w, https:\/\/buletin.de\/bucuresti\/wp-content\/uploads\/placabeton1-768x432.jpeg 768w, https:\/\/buletin.de\/bucuresti\/wp-content\/uploads\/placabeton1-1536x864.jpeg 1536w, https:\/\/buletin.de\/bucuresti\/wp-content\/uploads\/placabeton1-1100x619.jpeg 1100w, https:\/\/buletin.de\/bucuresti\/wp-content\/uploads\/placabeton1-600x338.jpeg 600w, https:\/\/buletin.de\/bucuresti\/wp-content\/uploads\/placabeton1-20x11.jpeg 20w, https:\/\/buletin.de\/bucuresti\/wp-content\/uploads\/placabeton1.jpeg 1600w\" sizes=\"(max-width: 900px) 100vw, 900px\" \/><figcaption class=\"wp-element-caption\">Echipele de interven\u021bie lucreaz\u0103 pe \u0219antierul din Bucure\u0219ti. Foto ISU B-IF<\/figcaption><\/figure>\n\n\n\n<figure class=\"wp-block-video\"><video height=\"480\" style=\"aspect-ratio: 848 \/ 480;\" width=\"848\" controls src=\"https:\/\/buletin.de\/bucuresti\/wp-content\/uploads\/placabeton.mp4\"><\/video><figcaption class=\"wp-element-caption\">O persoan\u0103 aflat\u0103 \u00een utilaj a fost prins sub plac\u0103. VIDEO ISU B-IF<\/figcaption><\/figure>\n\n\n\n<p><\/p>\n","protected":false},"excerpt":{"rendered":"<p>Inspectoratul pentru Situa\u021bii de Urgen\u021b\u0103 a intervenit pe Calea Floreasca, \u00een Sectorul 1, dup\u0103 ce o plac\u0103 de beton de dimensiuni impresionante s-a pr\u0103bu\u0219it pe un \u0219antier. Placa a c\u0103zut peste un utilaj, \u00een care se afla o persoan\u0103. UPDATE: Muncitorul prins sub beton a decedat Persoana a fost extras\u0103 \u0219i, din p\u0103cate, a fost [&hellip;]<\/p>\n","protected":false},"author":1,"featured_media":111235,"comment_status":"closed","ping_status":"open","sticky":false,"template":"","format":"standard","meta":{"_acf_changed":false,"inline_featured_image":false,"ngg_post_thumbnail":0,"footnotes":""},"categories":[6994,9026,62],"tags":[17772,6348,17771,436],"ppma_author":[22583],"class_list":["post-111234","post","type-post","status-publish","format-standard","has-post-thumbnail","hentry","category-stiri-2","category-eveniment","category-stiri","tag-accident-santier","tag-calea-floreasca","tag-placa-beton","tag-santier"],"acf":[],"yoast_head":"<!-- This site is optimized with the Yoast SEO Premium plugin v25.3 (Yoast SEO v27.4) - https:\/\/yoast.com\/product\/yoast-seo-premium-wordpress\/ -->\n<title>FOTO+VIDEO | Plac\u0103 de beton pr\u0103bu\u0219it\u0103 pe un \u0219antier din Bucure\u0219ti. Un muncitor a murit - Buletin de Bucure\u0219ti<\/title>\n<meta name=\"description\" content=\"Inspectoratul pentru Situa\u021bii de Urgen\u021b\u0103 a intervent pe Calea Floreasca, \u00een Sectorul 1, dup\u0103 ce o plac\u0103 de beton s-a pr\u0103bu\u0219it.\" \/>\n<meta name=\"robots\" content=\"index, follow, max-snippet:-1, max-image-preview:large, max-video-preview:-1\" \/>\n<link rel=\"canonical\" href=\"https:\/\/buletin.de\/bucuresti\/fotovideo-placa-de-beton-prabusita-pe-un-santier-din-bucuresti\/\" \/>\n<meta property=\"og:locale\" content=\"en_GB\" \/>\n<meta property=\"og:type\" content=\"article\" \/>\n<meta property=\"og:title\" content=\"FOTO+VIDEO | Plac\u0103 de beton pr\u0103bu\u0219it\u0103 pe un \u0219antier din Bucure\u0219ti. Un muncitor a murit\" \/>\n<meta property=\"og:description\" content=\"Inspectoratul pentru Situa\u021bii de Urgen\u021b\u0103 a intervent pe Calea Floreasca, \u00een Sectorul 1, dup\u0103 ce o plac\u0103 de beton s-a pr\u0103bu\u0219it.\" \/>\n<meta property=\"og:url\" content=\"https:\/\/buletin.de\/bucuresti\/fotovideo-placa-de-beton-prabusita-pe-un-santier-din-bucuresti\/\" \/>\n<meta property=\"og:site_name\" content=\"Buletin de Bucure\u0219ti\" \/>\n<meta property=\"article:publisher\" content=\"https:\/\/www.facebook.com\/buletin.de.buc\" \/>\n<meta property=\"article:published_time\" content=\"2024-12-18T12:38:01+00:00\" \/>\n<meta property=\"article:modified_time\" content=\"2024-12-28T06:03:00+00:00\" \/>\n<meta property=\"og:image\" content=\"https:\/\/buletin.de\/bucuresti\/wp-content\/uploads\/placabeton.jpeg\" \/>\n\t<meta property=\"og:image:width\" content=\"1600\" \/>\n\t<meta property=\"og:image:height\" content=\"900\" \/>\n\t<meta property=\"og:image:type\" content=\"image\/jpeg\" \/>\n<meta name=\"author\" content=\"Redac\u021bia Buletin de Bucure\u0219ti\" \/>\n<meta name=\"twitter:card\" content=\"summary_large_image\" \/>\n<meta name=\"twitter:label1\" content=\"Written by\" \/>\n\t<meta name=\"twitter:data1\" content=\"Redac\u021bia Buletin de Bucure\u0219ti\" \/>\n\t<meta name=\"twitter:label2\" content=\"Estimated reading time\" \/>\n\t<meta name=\"twitter:data2\" content=\"2 minutes\" \/>\n<script type=\"application\/ld+json\" class=\"yoast-schema-graph\">{\"@context\":\"https:\\\/\\\/schema.org\",\"@graph\":[{\"@type\":\"Article\",\"@id\":\"https:\\\/\\\/buletin.de\\\/bucuresti\\\/fotovideo-placa-de-beton-prabusita-pe-un-santier-din-bucuresti\\\/#article\",\"isPartOf\":{\"@id\":\"https:\\\/\\\/buletin.de\\\/bucuresti\\\/fotovideo-placa-de-beton-prabusita-pe-un-santier-din-bucuresti\\\/\"},\"author\":{\"name\":\"Redac\u021bia Buletin de Bucure\u0219ti\",\"@id\":\"https:\\\/\\\/buletin.de\\\/bucuresti\\\/#\\\/schema\\\/person\\\/2bbcf854e5f2419a13804af574d06ab1\"},\"headline\":\"FOTO+VIDEO | Plac\u0103 de beton pr\u0103bu\u0219it\u0103 pe un \u0219antier din Bucure\u0219ti. Un muncitor a murit\",\"datePublished\":\"2024-12-18T12:38:01+00:00\",\"dateModified\":\"2024-12-28T06:03:00+00:00\",\"mainEntityOfPage\":{\"@id\":\"https:\\\/\\\/buletin.de\\\/bucuresti\\\/fotovideo-placa-de-beton-prabusita-pe-un-santier-din-bucuresti\\\/\"},\"wordCount\":261,\"publisher\":{\"@id\":\"https:\\\/\\\/buletin.de\\\/bucuresti\\\/#organization\"},\"image\":{\"@id\":\"https:\\\/\\\/buletin.de\\\/bucuresti\\\/fotovideo-placa-de-beton-prabusita-pe-un-santier-din-bucuresti\\\/#primaryimage\"},\"thumbnailUrl\":\"https:\\\/\\\/buletin.de\\\/bucuresti\\\/wp-content\\\/uploads\\\/placabeton.jpeg\",\"keywords\":[\"accident santier\",\"calea floreasca\",\"placa beton\",\"santier\"],\"articleSection\":[\"Articole\",\"Eveniment\",\"\u0218tiri\"],\"inLanguage\":\"en-GB\",\"copyrightYear\":\"2024\",\"copyrightHolder\":{\"@id\":\"https:\\\/\\\/buletin.de\\\/bucuresti\\\/#organization\"}},{\"@type\":\"WebPage\",\"@id\":\"https:\\\/\\\/buletin.de\\\/bucuresti\\\/fotovideo-placa-de-beton-prabusita-pe-un-santier-din-bucuresti\\\/\",\"url\":\"https:\\\/\\\/buletin.de\\\/bucuresti\\\/fotovideo-placa-de-beton-prabusita-pe-un-santier-din-bucuresti\\\/\",\"name\":\"FOTO+VIDEO | Plac\u0103 de beton pr\u0103bu\u0219it\u0103 pe un \u0219antier din Bucure\u0219ti. Un muncitor a murit - Buletin de Bucure\u0219ti\",\"isPartOf\":{\"@id\":\"https:\\\/\\\/buletin.de\\\/bucuresti\\\/#website\"},\"primaryImageOfPage\":{\"@id\":\"https:\\\/\\\/buletin.de\\\/bucuresti\\\/fotovideo-placa-de-beton-prabusita-pe-un-santier-din-bucuresti\\\/#primaryimage\"},\"image\":{\"@id\":\"https:\\\/\\\/buletin.de\\\/bucuresti\\\/fotovideo-placa-de-beton-prabusita-pe-un-santier-din-bucuresti\\\/#primaryimage\"},\"thumbnailUrl\":\"https:\\\/\\\/buletin.de\\\/bucuresti\\\/wp-content\\\/uploads\\\/placabeton.jpeg\",\"datePublished\":\"2024-12-18T12:38:01+00:00\",\"dateModified\":\"2024-12-28T06:03:00+00:00\",\"description\":\"Inspectoratul pentru Situa\u021bii de Urgen\u021b\u0103 a intervent pe Calea Floreasca, \u00een Sectorul 1, dup\u0103 ce o plac\u0103 de beton s-a pr\u0103bu\u0219it.\",\"breadcrumb\":{\"@id\":\"https:\\\/\\\/buletin.de\\\/bucuresti\\\/fotovideo-placa-de-beton-prabusita-pe-un-santier-din-bucuresti\\\/#breadcrumb\"},\"inLanguage\":\"en-GB\",\"potentialAction\":[{\"@type\":\"ReadAction\",\"target\":[\"https:\\\/\\\/buletin.de\\\/bucuresti\\\/fotovideo-placa-de-beton-prabusita-pe-un-santier-din-bucuresti\\\/\"]}]},{\"@type\":\"ImageObject\",\"inLanguage\":\"en-GB\",\"@id\":\"https:\\\/\\\/buletin.de\\\/bucuresti\\\/fotovideo-placa-de-beton-prabusita-pe-un-santier-din-bucuresti\\\/#primaryimage\",\"url\":\"https:\\\/\\\/buletin.de\\\/bucuresti\\\/wp-content\\\/uploads\\\/placabeton.jpeg\",\"contentUrl\":\"https:\\\/\\\/buletin.de\\\/bucuresti\\\/wp-content\\\/uploads\\\/placabeton.jpeg\",\"width\":1600,\"height\":900,\"caption\":\"Plac\u0103 de beton, pr\u0103bu\u0219it\u0103 pe un \u0219antier din Bucure\u0219ti. Foto ISU\"},{\"@type\":\"BreadcrumbList\",\"@id\":\"https:\\\/\\\/buletin.de\\\/bucuresti\\\/fotovideo-placa-de-beton-prabusita-pe-un-santier-din-bucuresti\\\/#breadcrumb\",\"itemListElement\":[{\"@type\":\"ListItem\",\"position\":1,\"name\":\"Acas\u0103\",\"item\":\"https:\\\/\\\/buletin.de\\\/bucuresti\\\/\"},{\"@type\":\"ListItem\",\"position\":2,\"name\":\"FOTO+VIDEO | Plac\u0103 de beton pr\u0103bu\u0219it\u0103 pe un \u0219antier din Bucure\u0219ti. Un muncitor a murit\"}]},{\"@type\":\"WebSite\",\"@id\":\"https:\\\/\\\/buletin.de\\\/bucuresti\\\/#website\",\"url\":\"https:\\\/\\\/buletin.de\\\/bucuresti\\\/\",\"name\":\"Buletin de Bucure\u0219ti\",\"description\":\"\u0218tiri \u0219i investiga\u021bii esen\u021biale din capital\u0103\",\"publisher\":{\"@id\":\"https:\\\/\\\/buletin.de\\\/bucuresti\\\/#organization\"},\"potentialAction\":[{\"@type\":\"SearchAction\",\"target\":{\"@type\":\"EntryPoint\",\"urlTemplate\":\"https:\\\/\\\/buletin.de\\\/bucuresti\\\/?s={search_term_string}\"},\"query-input\":{\"@type\":\"PropertyValueSpecification\",\"valueRequired\":true,\"valueName\":\"search_term_string\"}}],\"inLanguage\":\"en-GB\"},{\"@type\":\"Organization\",\"@id\":\"https:\\\/\\\/buletin.de\\\/bucuresti\\\/#organization\",\"name\":\"Buletin de Bucure\u0219ti\",\"url\":\"https:\\\/\\\/buletin.de\\\/bucuresti\\\/\",\"logo\":{\"@type\":\"ImageObject\",\"inLanguage\":\"en-GB\",\"@id\":\"https:\\\/\\\/buletin.de\\\/bucuresti\\\/#\\\/schema\\\/logo\\\/image\\\/\",\"url\":\"https:\\\/\\\/buletin.de\\\/bucuresti\\\/wp-content\\\/uploads\\\/logo-bdb-full-wide-vernil-transparent.png\",\"contentUrl\":\"https:\\\/\\\/buletin.de\\\/bucuresti\\\/wp-content\\\/uploads\\\/logo-bdb-full-wide-vernil-transparent.png\",\"width\":1782,\"height\":626,\"caption\":\"Buletin de Bucure\u0219ti\"},\"image\":{\"@id\":\"https:\\\/\\\/buletin.de\\\/bucuresti\\\/#\\\/schema\\\/logo\\\/image\\\/\"},\"sameAs\":[\"https:\\\/\\\/www.facebook.com\\\/buletin.de.buc\",\"https:\\\/\\\/www.instagram.com\\\/buletinde.bucuresti\\\/\"]},{\"@type\":\"Person\",\"@id\":\"https:\\\/\\\/buletin.de\\\/bucuresti\\\/#\\\/schema\\\/person\\\/2bbcf854e5f2419a13804af574d06ab1\",\"name\":\"Redac\u021bia Buletin de Bucure\u0219ti\",\"image\":{\"@type\":\"ImageObject\",\"inLanguage\":\"en-GB\",\"@id\":\"https:\\\/\\\/secure.gravatar.com\\\/avatar\\\/18c5342381ed1a08620e6280424e3e5efc958618f5d67c522c9e44c1bc6f9226?s=96&d=monsterid&r=g60c7cd0ad92c68c049fcd4bb3504d609\",\"url\":\"https:\\\/\\\/secure.gravatar.com\\\/avatar\\\/18c5342381ed1a08620e6280424e3e5efc958618f5d67c522c9e44c1bc6f9226?s=96&d=monsterid&r=g\",\"contentUrl\":\"https:\\\/\\\/secure.gravatar.com\\\/avatar\\\/18c5342381ed1a08620e6280424e3e5efc958618f5d67c522c9e44c1bc6f9226?s=96&d=monsterid&r=g\",\"caption\":\"Redac\u021bia Buletin de Bucure\u0219ti\"},\"description\":\"Buletin de Bucure\u0219ti exist\u0103 din vara anului 2019.\",\"url\":\"https:\\\/\\\/buletin.de\\\/bucuresti\\\/author\\\/adminbuletin\\\/\"}]}<\/script>\n<!-- \/ Yoast SEO Premium plugin. -->","yoast_head_json":{"title":"FOTO+VIDEO | Plac\u0103 de beton pr\u0103bu\u0219it\u0103 pe un \u0219antier din Bucure\u0219ti. Un muncitor a murit - Buletin de Bucure\u0219ti","description":"Inspectoratul pentru Situa\u021bii de Urgen\u021b\u0103 a intervent pe Calea Floreasca, \u00een Sectorul 1, dup\u0103 ce o plac\u0103 de beton s-a pr\u0103bu\u0219it.","robots":{"index":"index","follow":"follow","max-snippet":"max-snippet:-1","max-image-preview":"max-image-preview:large","max-video-preview":"max-video-preview:-1"},"canonical":"https:\/\/buletin.de\/bucuresti\/fotovideo-placa-de-beton-prabusita-pe-un-santier-din-bucuresti\/","og_locale":"en_GB","og_type":"article","og_title":"FOTO+VIDEO | Plac\u0103 de beton pr\u0103bu\u0219it\u0103 pe un \u0219antier din Bucure\u0219ti. Un muncitor a murit","og_description":"Inspectoratul pentru Situa\u021bii de Urgen\u021b\u0103 a intervent pe Calea Floreasca, \u00een Sectorul 1, dup\u0103 ce o plac\u0103 de beton s-a pr\u0103bu\u0219it.","og_url":"https:\/\/buletin.de\/bucuresti\/fotovideo-placa-de-beton-prabusita-pe-un-santier-din-bucuresti\/","og_site_name":"Buletin de Bucure\u0219ti","article_publisher":"https:\/\/www.facebook.com\/buletin.de.buc","article_published_time":"2024-12-18T12:38:01+00:00","article_modified_time":"2024-12-28T06:03:00+00:00","og_image":[{"width":1600,"height":900,"url":"https:\/\/buletin.de\/bucuresti\/wp-content\/uploads\/placabeton.jpeg","type":"image\/jpeg"}],"author":"Redac\u021bia Buletin de Bucure\u0219ti","twitter_card":"summary_large_image","twitter_misc":{"Written by":"Redac\u021bia Buletin de Bucure\u0219ti","Estimated reading time":"2 minutes"},"schema":{"@context":"https:\/\/schema.org","@graph":[{"@type":"Article","@id":"https:\/\/buletin.de\/bucuresti\/fotovideo-placa-de-beton-prabusita-pe-un-santier-din-bucuresti\/#article","isPartOf":{"@id":"https:\/\/buletin.de\/bucuresti\/fotovideo-placa-de-beton-prabusita-pe-un-santier-din-bucuresti\/"},"author":{"name":"Redac\u021bia Buletin de Bucure\u0219ti","@id":"https:\/\/buletin.de\/bucuresti\/#\/schema\/person\/2bbcf854e5f2419a13804af574d06ab1"},"headline":"FOTO+VIDEO | Plac\u0103 de beton pr\u0103bu\u0219it\u0103 pe un \u0219antier din Bucure\u0219ti. Un muncitor a murit","datePublished":"2024-12-18T12:38:01+00:00","dateModified":"2024-12-28T06:03:00+00:00","mainEntityOfPage":{"@id":"https:\/\/buletin.de\/bucuresti\/fotovideo-placa-de-beton-prabusita-pe-un-santier-din-bucuresti\/"},"wordCount":261,"publisher":{"@id":"https:\/\/buletin.de\/bucuresti\/#organization"},"image":{"@id":"https:\/\/buletin.de\/bucuresti\/fotovideo-placa-de-beton-prabusita-pe-un-santier-din-bucuresti\/#primaryimage"},"thumbnailUrl":"https:\/\/buletin.de\/bucuresti\/wp-content\/uploads\/placabeton.jpeg","keywords":["accident santier","calea floreasca","placa beton","santier"],"articleSection":["Articole","Eveniment","\u0218tiri"],"inLanguage":"en-GB","copyrightYear":"2024","copyrightHolder":{"@id":"https:\/\/buletin.de\/bucuresti\/#organization"}},{"@type":"WebPage","@id":"https:\/\/buletin.de\/bucuresti\/fotovideo-placa-de-beton-prabusita-pe-un-santier-din-bucuresti\/","url":"https:\/\/buletin.de\/bucuresti\/fotovideo-placa-de-beton-prabusita-pe-un-santier-din-bucuresti\/","name":"FOTO+VIDEO | Plac\u0103 de beton pr\u0103bu\u0219it\u0103 pe un \u0219antier din Bucure\u0219ti. Un muncitor a murit - Buletin de Bucure\u0219ti","isPartOf":{"@id":"https:\/\/buletin.de\/bucuresti\/#website"},"primaryImageOfPage":{"@id":"https:\/\/buletin.de\/bucuresti\/fotovideo-placa-de-beton-prabusita-pe-un-santier-din-bucuresti\/#primaryimage"},"image":{"@id":"https:\/\/buletin.de\/bucuresti\/fotovideo-placa-de-beton-prabusita-pe-un-santier-din-bucuresti\/#primaryimage"},"thumbnailUrl":"https:\/\/buletin.de\/bucuresti\/wp-content\/uploads\/placabeton.jpeg","datePublished":"2024-12-18T12:38:01+00:00","dateModified":"2024-12-28T06:03:00+00:00","description":"Inspectoratul pentru Situa\u021bii de Urgen\u021b\u0103 a intervent pe Calea Floreasca, \u00een Sectorul 1, dup\u0103 ce o plac\u0103 de beton s-a pr\u0103bu\u0219it.","breadcrumb":{"@id":"https:\/\/buletin.de\/bucuresti\/fotovideo-placa-de-beton-prabusita-pe-un-santier-din-bucuresti\/#breadcrumb"},"inLanguage":"en-GB","potentialAction":[{"@type":"ReadAction","target":["https:\/\/buletin.de\/bucuresti\/fotovideo-placa-de-beton-prabusita-pe-un-santier-din-bucuresti\/"]}]},{"@type":"ImageObject","inLanguage":"en-GB","@id":"https:\/\/buletin.de\/bucuresti\/fotovideo-placa-de-beton-prabusita-pe-un-santier-din-bucuresti\/#primaryimage","url":"https:\/\/buletin.de\/bucuresti\/wp-content\/uploads\/placabeton.jpeg","contentUrl":"https:\/\/buletin.de\/bucuresti\/wp-content\/uploads\/placabeton.jpeg","width":1600,"height":900,"caption":"Plac\u0103 de beton, pr\u0103bu\u0219it\u0103 pe un \u0219antier din Bucure\u0219ti. Foto ISU"},{"@type":"BreadcrumbList","@id":"https:\/\/buletin.de\/bucuresti\/fotovideo-placa-de-beton-prabusita-pe-un-santier-din-bucuresti\/#breadcrumb","itemListElement":[{"@type":"ListItem","position":1,"name":"Acas\u0103","item":"https:\/\/buletin.de\/bucuresti\/"},{"@type":"ListItem","position":2,"name":"FOTO+VIDEO | Plac\u0103 de beton pr\u0103bu\u0219it\u0103 pe un \u0219antier din Bucure\u0219ti. Un muncitor a murit"}]},{"@type":"WebSite","@id":"https:\/\/buletin.de\/bucuresti\/#website","url":"https:\/\/buletin.de\/bucuresti\/","name":"Buletin de Bucure\u0219ti","description":"\u0218tiri \u0219i investiga\u021bii esen\u021biale din capital\u0103","publisher":{"@id":"https:\/\/buletin.de\/bucuresti\/#organization"},"potentialAction":[{"@type":"SearchAction","target":{"@type":"EntryPoint","urlTemplate":"https:\/\/buletin.de\/bucuresti\/?s={search_term_string}"},"query-input":{"@type":"PropertyValueSpecification","valueRequired":true,"valueName":"search_term_string"}}],"inLanguage":"en-GB"},{"@type":"Organization","@id":"https:\/\/buletin.de\/bucuresti\/#organization","name":"Buletin de Bucure\u0219ti","url":"https:\/\/buletin.de\/bucuresti\/","logo":{"@type":"ImageObject","inLanguage":"en-GB","@id":"https:\/\/buletin.de\/bucuresti\/#\/schema\/logo\/image\/","url":"https:\/\/buletin.de\/bucuresti\/wp-content\/uploads\/logo-bdb-full-wide-vernil-transparent.png","contentUrl":"https:\/\/buletin.de\/bucuresti\/wp-content\/uploads\/logo-bdb-full-wide-vernil-transparent.png","width":1782,"height":626,"caption":"Buletin de Bucure\u0219ti"},"image":{"@id":"https:\/\/buletin.de\/bucuresti\/#\/schema\/logo\/image\/"},"sameAs":["https:\/\/www.facebook.com\/buletin.de.buc","https:\/\/www.instagram.com\/buletinde.bucuresti\/"]},{"@type":"Person","@id":"https:\/\/buletin.de\/bucuresti\/#\/schema\/person\/2bbcf854e5f2419a13804af574d06ab1","name":"Redac\u021bia Buletin de Bucure\u0219ti","image":{"@type":"ImageObject","inLanguage":"en-GB","@id":"https:\/\/secure.gravatar.com\/avatar\/18c5342381ed1a08620e6280424e3e5efc958618f5d67c522c9e44c1bc6f9226?s=96&d=monsterid&r=g60c7cd0ad92c68c049fcd4bb3504d609","url":"https:\/\/secure.gravatar.com\/avatar\/18c5342381ed1a08620e6280424e3e5efc958618f5d67c522c9e44c1bc6f9226?s=96&d=monsterid&r=g","contentUrl":"https:\/\/secure.gravatar.com\/avatar\/18c5342381ed1a08620e6280424e3e5efc958618f5d67c522c9e44c1bc6f9226?s=96&d=monsterid&r=g","caption":"Redac\u021bia Buletin de Bucure\u0219ti"},"description":"Buletin de Bucure\u0219ti exist\u0103 din vara anului 2019.","url":"https:\/\/buletin.de\/bucuresti\/author\/adminbuletin\/"}]}},"authors":[{"term_id":22583,"user_id":1,"is_guest":0,"slug":"adminbuletin","display_name":"Redac\u021bia Buletin de Bucure\u0219ti","avatar_url":"https:\/\/secure.gravatar.com\/avatar\/18c5342381ed1a08620e6280424e3e5efc958618f5d67c522c9e44c1bc6f9226?s=96&d=monsterid&r=g","0":null,"1":"","2":"","3":"","4":"","5":"","6":"","7":"","8":""}],"_links":{"self":[{"href":"https:\/\/buletin.de\/bucuresti\/wp-json\/wp\/v2\/posts\/111234","targetHints":{"allow":["GET"]}}],"collection":[{"href":"https:\/\/buletin.de\/bucuresti\/wp-json\/wp\/v2\/posts"}],"about":[{"href":"https:\/\/buletin.de\/bucuresti\/wp-json\/wp\/v2\/types\/post"}],"author":[{"embeddable":true,"href":"https:\/\/buletin.de\/bucuresti\/wp-json\/wp\/v2\/users\/1"}],"replies":[{"embeddable":true,"href":"https:\/\/buletin.de\/bucuresti\/wp-json\/wp\/v2\/comments?post=111234"}],"version-history":[{"count":8,"href":"https:\/\/buletin.de\/bucuresti\/wp-json\/wp\/v2\/posts\/111234\/revisions"}],"predecessor-version":[{"id":112357,"href":"https:\/\/buletin.de\/bucuresti\/wp-json\/wp\/v2\/posts\/111234\/revisions\/112357"}],"wp:featuredmedia":[{"embeddable":true,"href":"https:\/\/buletin.de\/bucuresti\/wp-json\/wp\/v2\/media\/111235"}],"wp:attachment":[{"href":"https:\/\/buletin.de\/bucuresti\/wp-json\/wp\/v2\/media?parent=111234"}],"wp:term":[{"taxonomy":"category","embeddable":true,"href":"https:\/\/buletin.de\/bucuresti\/wp-json\/wp\/v2\/categories?post=111234"},{"taxonomy":"post_tag","embeddable":true,"href":"https:\/\/buletin.de\/bucuresti\/wp-json\/wp\/v2\/tags?post=111234"},{"taxonomy":"author","embeddable":true,"href":"https:\/\/buletin.de\/bucuresti\/wp-json\/wp\/v2\/ppma_author?post=111234"}],"curies":[{"name":"wp","href":"https:\/\/api.w.org\/{rel}","templated":true}]}}