{"id":110873,"date":"2024-12-15T18:25:45","date_gmt":"2024-12-15T15:25:45","guid":{"rendered":"https:\/\/buletin.de\/bucuresti\/?p=110873"},"modified":"2024-12-15T18:54:55","modified_gmt":"2024-12-15T15:54:55","slug":"pantograf-rupt-la-un-tramvai-de-pe-linia-19-circulatia-a-fost-blocata","status":"publish","type":"post","link":"https:\/\/buletin.de\/bucuresti\/pantograf-rupt-la-un-tramvai-de-pe-linia-19-circulatia-a-fost-blocata\/","title":{"rendered":"Pantograf rupt la un tramvai de pe linia 19. Circula\u021bia a fost blocat\u0103"},"content":{"rendered":"\n<p><strong>Circula\u021bia tramvaielor pe bulevardul Liviu Rebreanu din estul Capitalei a fost blocat\u0103 duminic\u0103 dup\u0103 amiaz\u0103 din cauza unui pantograf rupt, noteaz\u0103 <a href=\"https:\/\/clubferoviar.ro\/pantograf-rupt-tramvai-linia-19\/\" target=\"_blank\" rel=\"noreferrer noopener\">Club Feroviar.<\/a><\/strong><\/p>\n\n\n\n<p>Partea superioar\u0103 a pantografului, care face leg\u0103tura cu linia de contact, a zburat pur \u0219i simplu pe l\u00e2ng\u0103 tramvaiul V3A al liniei 19 \u0219i a ajuns pe calea de rulare, a\u0219a cum a observ at reporterul Club Feroviar aflat \u00een vehiculul operat de Societatea de Transport Bucure\u0219ti.<\/p>\n\n\n\n<p>Incidentul s-a \u00eent\u00e2mplat c\u00e2nd tramvaiul, aflat pe sensul de circula\u021bie spre cap\u0103tul de linie de la Chimopar, a \u00eenceput s\u0103 fr\u00e2neze la intrarea \u00een sta\u021bia Pod Lacuri din cartierul Titan. <\/p>\n\n\n\n<p>Dup\u0103 ce a contatat c\u0103 s-a rupt pantograful, vatmanul a anun\u021bat c\u0103l\u0103torii s\u0103 coboare din vehicul, dup\u0103 care s-a dus s\u0103 recupereze piesa lips\u0103, a\u0219a cum se poate observa \u0219i din imaginile al\u0103turate.<\/p>\n\n\n\n<p>CITE\u0218TE \u0218I:<strong><a href=\"https:\/\/buletin.de\/bucuresti\/tramvaiul-lui-mos-craciun-s-a-plimbat-prin-bucuresti-cu-300-de-copii\/\" target=\"_blank\" rel=\"noreferrer noopener\"> Tramvaiul lui Mo\u0219 Cr\u0103ciun s-a plimbat prin Bucure\u0219ti, cu 300 de copii<\/a><\/strong><\/p>\n\n\n\n<h2 class=\"wp-block-heading\" id=\"h-pantograf-rupt-anun\u021bat-oficial-dupa-o-ora\">Pantograf rupt, anun\u021bat oficial dup\u0103 o or\u0103<\/h2>\n\n\n\n<p>Incidentul a fost anun\u021bat printr-o\u00a0<a href=\"https:\/\/x.com\/Clienti_stbsa\/status\/1868291720468922504\" target=\"_blank\" rel=\"noreferrer noopener\">postare<\/a>\u00a0de pe pagina oficial\u0103 de X a STB abia la mai bine de o or\u0103 de la producerea lui: <\/p>\n\n\n\n<p>\u201eLiniile 19 \u0219i 23 \u2013 blocate pe Str. Liviu Rebreanu, \u00een zona sta\u021biei Pod Lacuri, pe ambele sensuri. Cauza: incident tehnic\u201d. <\/p>\n\n\n\n<p>Ulterior, cei de la STB au revenit cu o nou\u0103\u00a0postare, pe aceea\u0219i re\u021bea de socializare: \u201dLiniile 19 si 23 func\u021bioneaz\u0103 normal pe Str. Liviu Rebreanu de la ora 15:45\u201d.<\/p>\n\n\n\n<p>CITE\u0218TE \u0218I:\u00a0<strong><a href=\"https:\/\/buletin.de\/bucuresti\/consiliul-local-al-sectorului-1-sterge-77-milioane-de-lei-din-impozitele-neplatite-de-catre-cetateni-si-firme-cine-sunt-beneficiarii\/\" target=\"_blank\" rel=\"noreferrer noopener\">Consiliul Local al Sectorului 1 \u0219terge 77 milioane de lei din impozitele nepl\u0103tite de c\u0103tre cet\u0103\u021beni \u0219i firme. Cine sunt beneficiarii<\/a><\/strong><\/p>\n\n\n\n<p>STB are un parc de 527 de tramvaie, din care o treime sunt mai vechi de 20 de ani, dep\u0103\u0219indu-\u0219i cu mult durata de folosire. A reu\u0219it s\u0103 cumpere doar 100 de tramvaie noi, iar alte 50 vor fi modernizate la Uzina de Repara\u021bii \u201eAtelierele Centrale\u201d.<\/p>\n\n\n\n<p>CITE\u0218TE \u0218I: <strong><a href=\"https:\/\/buletin.de\/bucuresti\/cine-sunt-noii-viceprimari-ai-sectorului-6-ion-tanasuica-fostul-rege-al-economatelor-angajament-cu-securitatea-din-detentie-i\/\" target=\"_blank\" rel=\"noreferrer noopener\">Cine sunt noii viceprimari ai Sectorului 6. Ion T\u0103n\u0103suic\u0103, fostul \u201erege al economatelor\u201d, Angajament cu Securitatea, din deten\u021bie (I)<\/a><\/strong><\/p>\n","protected":false},"excerpt":{"rendered":"<p>Circula\u021bia tramvaielor pe bulevardul Liviu Rebreanu din estul Capitalei a fost blocat\u0103 duminic\u0103 dup\u0103 amiaz\u0103 din cauza unui pantograf rupt, noteaz\u0103 Club Feroviar. Partea superioar\u0103 a pantografului, care face leg\u0103tura cu linia de contact, a zburat pur \u0219i simplu pe l\u00e2ng\u0103 tramvaiul V3A al liniei 19 \u0219i a ajuns pe calea de rulare, a\u0219a cum [&hellip;]<\/p>\n","protected":false},"author":1,"featured_media":110874,"comment_status":"closed","ping_status":"open","sticky":false,"template":"","format":"standard","meta":{"_acf_changed":false,"inline_featured_image":false,"ngg_post_thumbnail":0,"footnotes":""},"categories":[6994,9026,62],"tags":[4175,17690,17689,402,564],"ppma_author":[22583],"class_list":["post-110873","post","type-post","status-publish","format-standard","has-post-thumbnail","hentry","category-stiri-2","category-eveniment","category-stiri","tag-circulatie-blocata","tag-incident-tramvai","tag-pantograf-rupt","tag-stb","tag-tramvai"],"acf":[],"yoast_head":"<!-- This site is optimized with the Yoast SEO Premium plugin v25.3 (Yoast SEO v27.4) - https:\/\/yoast.com\/product\/yoast-seo-premium-wordpress\/ -->\n<title>Pantograf rupt la un tramvai de pe linia 19. Circula\u021bia a fost blocat\u0103 - Buletin de Bucure\u0219ti<\/title>\n<meta name=\"description\" content=\"Circula\u021bia tramvaielor pe bulevardul Liviu Rebreanu din estul Capitalei a fost blocat\u0103 duminic\u0103 dup\u0103 amiaz\u0103 din cauza unui pantograf rupt.\" \/>\n<meta name=\"robots\" content=\"index, follow, max-snippet:-1, max-image-preview:large, max-video-preview:-1\" \/>\n<link rel=\"canonical\" href=\"https:\/\/buletin.de\/bucuresti\/pantograf-rupt-la-un-tramvai-de-pe-linia-19-circulatia-a-fost-blocata\/\" \/>\n<meta property=\"og:locale\" content=\"en_GB\" \/>\n<meta property=\"og:type\" content=\"article\" \/>\n<meta property=\"og:title\" content=\"Pantograf rupt la un tramvai de pe linia 19. Circula\u021bia a fost blocat\u0103\" \/>\n<meta property=\"og:description\" content=\"Circula\u021bia tramvaielor pe bulevardul Liviu Rebreanu din estul Capitalei a fost blocat\u0103 duminic\u0103 dup\u0103 amiaz\u0103 din cauza unui pantograf rupt.\" \/>\n<meta property=\"og:url\" content=\"https:\/\/buletin.de\/bucuresti\/pantograf-rupt-la-un-tramvai-de-pe-linia-19-circulatia-a-fost-blocata\/\" \/>\n<meta property=\"og:site_name\" content=\"Buletin de Bucure\u0219ti\" \/>\n<meta property=\"article:publisher\" content=\"https:\/\/www.facebook.com\/buletin.de.buc\" \/>\n<meta property=\"article:published_time\" content=\"2024-12-15T15:25:45+00:00\" \/>\n<meta property=\"article:modified_time\" content=\"2024-12-15T15:54:55+00:00\" \/>\n<meta property=\"og:image\" content=\"https:\/\/buletin.de\/bucuresti\/wp-content\/uploads\/pantograf.png\" \/>\n\t<meta property=\"og:image:width\" content=\"1200\" \/>\n\t<meta property=\"og:image:height\" content=\"895\" \/>\n\t<meta property=\"og:image:type\" content=\"image\/png\" \/>\n<meta name=\"author\" content=\"Redac\u021bia Buletin de Bucure\u0219ti\" \/>\n<meta name=\"twitter:card\" content=\"summary_large_image\" \/>\n<meta name=\"twitter:label1\" content=\"Written by\" \/>\n\t<meta name=\"twitter:data1\" content=\"Redac\u021bia Buletin de Bucure\u0219ti\" \/>\n\t<meta name=\"twitter:label2\" content=\"Estimated reading time\" \/>\n\t<meta name=\"twitter:data2\" content=\"2 minutes\" \/>\n<script type=\"application\/ld+json\" class=\"yoast-schema-graph\">{\"@context\":\"https:\\\/\\\/schema.org\",\"@graph\":[{\"@type\":\"Article\",\"@id\":\"https:\\\/\\\/buletin.de\\\/bucuresti\\\/pantograf-rupt-la-un-tramvai-de-pe-linia-19-circulatia-a-fost-blocata\\\/#article\",\"isPartOf\":{\"@id\":\"https:\\\/\\\/buletin.de\\\/bucuresti\\\/pantograf-rupt-la-un-tramvai-de-pe-linia-19-circulatia-a-fost-blocata\\\/\"},\"author\":{\"name\":\"Redac\u021bia Buletin de Bucure\u0219ti\",\"@id\":\"https:\\\/\\\/buletin.de\\\/bucuresti\\\/#\\\/schema\\\/person\\\/2bbcf854e5f2419a13804af574d06ab1\"},\"headline\":\"Pantograf rupt la un tramvai de pe linia 19. Circula\u021bia a fost blocat\u0103\",\"datePublished\":\"2024-12-15T15:25:45+00:00\",\"dateModified\":\"2024-12-15T15:54:55+00:00\",\"mainEntityOfPage\":{\"@id\":\"https:\\\/\\\/buletin.de\\\/bucuresti\\\/pantograf-rupt-la-un-tramvai-de-pe-linia-19-circulatia-a-fost-blocata\\\/\"},\"wordCount\":356,\"publisher\":{\"@id\":\"https:\\\/\\\/buletin.de\\\/bucuresti\\\/#organization\"},\"image\":{\"@id\":\"https:\\\/\\\/buletin.de\\\/bucuresti\\\/pantograf-rupt-la-un-tramvai-de-pe-linia-19-circulatia-a-fost-blocata\\\/#primaryimage\"},\"thumbnailUrl\":\"https:\\\/\\\/buletin.de\\\/bucuresti\\\/wp-content\\\/uploads\\\/pantograf.png\",\"keywords\":[\"circulatie blocata\",\"incident tramvai\",\"pantograf rupt\",\"stb\",\"tramvai\"],\"articleSection\":[\"Articole\",\"Eveniment\",\"\u0218tiri\"],\"inLanguage\":\"en-GB\",\"copyrightYear\":\"2024\",\"copyrightHolder\":{\"@id\":\"https:\\\/\\\/buletin.de\\\/bucuresti\\\/#organization\"}},{\"@type\":\"WebPage\",\"@id\":\"https:\\\/\\\/buletin.de\\\/bucuresti\\\/pantograf-rupt-la-un-tramvai-de-pe-linia-19-circulatia-a-fost-blocata\\\/\",\"url\":\"https:\\\/\\\/buletin.de\\\/bucuresti\\\/pantograf-rupt-la-un-tramvai-de-pe-linia-19-circulatia-a-fost-blocata\\\/\",\"name\":\"Pantograf rupt la un tramvai de pe linia 19. Circula\u021bia a fost blocat\u0103 - Buletin de Bucure\u0219ti\",\"isPartOf\":{\"@id\":\"https:\\\/\\\/buletin.de\\\/bucuresti\\\/#website\"},\"primaryImageOfPage\":{\"@id\":\"https:\\\/\\\/buletin.de\\\/bucuresti\\\/pantograf-rupt-la-un-tramvai-de-pe-linia-19-circulatia-a-fost-blocata\\\/#primaryimage\"},\"image\":{\"@id\":\"https:\\\/\\\/buletin.de\\\/bucuresti\\\/pantograf-rupt-la-un-tramvai-de-pe-linia-19-circulatia-a-fost-blocata\\\/#primaryimage\"},\"thumbnailUrl\":\"https:\\\/\\\/buletin.de\\\/bucuresti\\\/wp-content\\\/uploads\\\/pantograf.png\",\"datePublished\":\"2024-12-15T15:25:45+00:00\",\"dateModified\":\"2024-12-15T15:54:55+00:00\",\"description\":\"Circula\u021bia tramvaielor pe bulevardul Liviu Rebreanu din estul Capitalei a fost blocat\u0103 duminic\u0103 dup\u0103 amiaz\u0103 din cauza unui pantograf rupt.\",\"breadcrumb\":{\"@id\":\"https:\\\/\\\/buletin.de\\\/bucuresti\\\/pantograf-rupt-la-un-tramvai-de-pe-linia-19-circulatia-a-fost-blocata\\\/#breadcrumb\"},\"inLanguage\":\"en-GB\",\"potentialAction\":[{\"@type\":\"ReadAction\",\"target\":[\"https:\\\/\\\/buletin.de\\\/bucuresti\\\/pantograf-rupt-la-un-tramvai-de-pe-linia-19-circulatia-a-fost-blocata\\\/\"]}]},{\"@type\":\"ImageObject\",\"inLanguage\":\"en-GB\",\"@id\":\"https:\\\/\\\/buletin.de\\\/bucuresti\\\/pantograf-rupt-la-un-tramvai-de-pe-linia-19-circulatia-a-fost-blocata\\\/#primaryimage\",\"url\":\"https:\\\/\\\/buletin.de\\\/bucuresti\\\/wp-content\\\/uploads\\\/pantograf.png\",\"contentUrl\":\"https:\\\/\\\/buletin.de\\\/bucuresti\\\/wp-content\\\/uploads\\\/pantograf.png\",\"width\":1200,\"height\":895,\"caption\":\"Pantograf rupt la un tramvai de pe linia 19. Foto Club Feroviar\"},{\"@type\":\"BreadcrumbList\",\"@id\":\"https:\\\/\\\/buletin.de\\\/bucuresti\\\/pantograf-rupt-la-un-tramvai-de-pe-linia-19-circulatia-a-fost-blocata\\\/#breadcrumb\",\"itemListElement\":[{\"@type\":\"ListItem\",\"position\":1,\"name\":\"Acas\u0103\",\"item\":\"https:\\\/\\\/buletin.de\\\/bucuresti\\\/\"},{\"@type\":\"ListItem\",\"position\":2,\"name\":\"Pantograf rupt la un tramvai de pe linia 19. Circula\u021bia a fost blocat\u0103\"}]},{\"@type\":\"WebSite\",\"@id\":\"https:\\\/\\\/buletin.de\\\/bucuresti\\\/#website\",\"url\":\"https:\\\/\\\/buletin.de\\\/bucuresti\\\/\",\"name\":\"Buletin de Bucure\u0219ti\",\"description\":\"\u0218tiri \u0219i investiga\u021bii esen\u021biale din capital\u0103\",\"publisher\":{\"@id\":\"https:\\\/\\\/buletin.de\\\/bucuresti\\\/#organization\"},\"potentialAction\":[{\"@type\":\"SearchAction\",\"target\":{\"@type\":\"EntryPoint\",\"urlTemplate\":\"https:\\\/\\\/buletin.de\\\/bucuresti\\\/?s={search_term_string}\"},\"query-input\":{\"@type\":\"PropertyValueSpecification\",\"valueRequired\":true,\"valueName\":\"search_term_string\"}}],\"inLanguage\":\"en-GB\"},{\"@type\":\"Organization\",\"@id\":\"https:\\\/\\\/buletin.de\\\/bucuresti\\\/#organization\",\"name\":\"Buletin de Bucure\u0219ti\",\"url\":\"https:\\\/\\\/buletin.de\\\/bucuresti\\\/\",\"logo\":{\"@type\":\"ImageObject\",\"inLanguage\":\"en-GB\",\"@id\":\"https:\\\/\\\/buletin.de\\\/bucuresti\\\/#\\\/schema\\\/logo\\\/image\\\/\",\"url\":\"https:\\\/\\\/buletin.de\\\/bucuresti\\\/wp-content\\\/uploads\\\/logo-bdb-full-wide-vernil-transparent.png\",\"contentUrl\":\"https:\\\/\\\/buletin.de\\\/bucuresti\\\/wp-content\\\/uploads\\\/logo-bdb-full-wide-vernil-transparent.png\",\"width\":1782,\"height\":626,\"caption\":\"Buletin de Bucure\u0219ti\"},\"image\":{\"@id\":\"https:\\\/\\\/buletin.de\\\/bucuresti\\\/#\\\/schema\\\/logo\\\/image\\\/\"},\"sameAs\":[\"https:\\\/\\\/www.facebook.com\\\/buletin.de.buc\",\"https:\\\/\\\/www.instagram.com\\\/buletinde.bucuresti\\\/\"]},{\"@type\":\"Person\",\"@id\":\"https:\\\/\\\/buletin.de\\\/bucuresti\\\/#\\\/schema\\\/person\\\/2bbcf854e5f2419a13804af574d06ab1\",\"name\":\"Redac\u021bia Buletin de Bucure\u0219ti\",\"image\":{\"@type\":\"ImageObject\",\"inLanguage\":\"en-GB\",\"@id\":\"https:\\\/\\\/secure.gravatar.com\\\/avatar\\\/18c5342381ed1a08620e6280424e3e5efc958618f5d67c522c9e44c1bc6f9226?s=96&d=monsterid&r=g60c7cd0ad92c68c049fcd4bb3504d609\",\"url\":\"https:\\\/\\\/secure.gravatar.com\\\/avatar\\\/18c5342381ed1a08620e6280424e3e5efc958618f5d67c522c9e44c1bc6f9226?s=96&d=monsterid&r=g\",\"contentUrl\":\"https:\\\/\\\/secure.gravatar.com\\\/avatar\\\/18c5342381ed1a08620e6280424e3e5efc958618f5d67c522c9e44c1bc6f9226?s=96&d=monsterid&r=g\",\"caption\":\"Redac\u021bia Buletin de Bucure\u0219ti\"},\"description\":\"Buletin de Bucure\u0219ti exist\u0103 din vara anului 2019.\",\"url\":\"https:\\\/\\\/buletin.de\\\/bucuresti\\\/author\\\/adminbuletin\\\/\"}]}<\/script>\n<!-- \/ Yoast SEO Premium plugin. -->","yoast_head_json":{"title":"Pantograf rupt la un tramvai de pe linia 19. Circula\u021bia a fost blocat\u0103 - Buletin de Bucure\u0219ti","description":"Circula\u021bia tramvaielor pe bulevardul Liviu Rebreanu din estul Capitalei a fost blocat\u0103 duminic\u0103 dup\u0103 amiaz\u0103 din cauza unui pantograf rupt.","robots":{"index":"index","follow":"follow","max-snippet":"max-snippet:-1","max-image-preview":"max-image-preview:large","max-video-preview":"max-video-preview:-1"},"canonical":"https:\/\/buletin.de\/bucuresti\/pantograf-rupt-la-un-tramvai-de-pe-linia-19-circulatia-a-fost-blocata\/","og_locale":"en_GB","og_type":"article","og_title":"Pantograf rupt la un tramvai de pe linia 19. Circula\u021bia a fost blocat\u0103","og_description":"Circula\u021bia tramvaielor pe bulevardul Liviu Rebreanu din estul Capitalei a fost blocat\u0103 duminic\u0103 dup\u0103 amiaz\u0103 din cauza unui pantograf rupt.","og_url":"https:\/\/buletin.de\/bucuresti\/pantograf-rupt-la-un-tramvai-de-pe-linia-19-circulatia-a-fost-blocata\/","og_site_name":"Buletin de Bucure\u0219ti","article_publisher":"https:\/\/www.facebook.com\/buletin.de.buc","article_published_time":"2024-12-15T15:25:45+00:00","article_modified_time":"2024-12-15T15:54:55+00:00","og_image":[{"width":1200,"height":895,"url":"https:\/\/buletin.de\/bucuresti\/wp-content\/uploads\/pantograf.png","type":"image\/png"}],"author":"Redac\u021bia Buletin de Bucure\u0219ti","twitter_card":"summary_large_image","twitter_misc":{"Written by":"Redac\u021bia Buletin de Bucure\u0219ti","Estimated reading time":"2 minutes"},"schema":{"@context":"https:\/\/schema.org","@graph":[{"@type":"Article","@id":"https:\/\/buletin.de\/bucuresti\/pantograf-rupt-la-un-tramvai-de-pe-linia-19-circulatia-a-fost-blocata\/#article","isPartOf":{"@id":"https:\/\/buletin.de\/bucuresti\/pantograf-rupt-la-un-tramvai-de-pe-linia-19-circulatia-a-fost-blocata\/"},"author":{"name":"Redac\u021bia Buletin de Bucure\u0219ti","@id":"https:\/\/buletin.de\/bucuresti\/#\/schema\/person\/2bbcf854e5f2419a13804af574d06ab1"},"headline":"Pantograf rupt la un tramvai de pe linia 19. Circula\u021bia a fost blocat\u0103","datePublished":"2024-12-15T15:25:45+00:00","dateModified":"2024-12-15T15:54:55+00:00","mainEntityOfPage":{"@id":"https:\/\/buletin.de\/bucuresti\/pantograf-rupt-la-un-tramvai-de-pe-linia-19-circulatia-a-fost-blocata\/"},"wordCount":356,"publisher":{"@id":"https:\/\/buletin.de\/bucuresti\/#organization"},"image":{"@id":"https:\/\/buletin.de\/bucuresti\/pantograf-rupt-la-un-tramvai-de-pe-linia-19-circulatia-a-fost-blocata\/#primaryimage"},"thumbnailUrl":"https:\/\/buletin.de\/bucuresti\/wp-content\/uploads\/pantograf.png","keywords":["circulatie blocata","incident tramvai","pantograf rupt","stb","tramvai"],"articleSection":["Articole","Eveniment","\u0218tiri"],"inLanguage":"en-GB","copyrightYear":"2024","copyrightHolder":{"@id":"https:\/\/buletin.de\/bucuresti\/#organization"}},{"@type":"WebPage","@id":"https:\/\/buletin.de\/bucuresti\/pantograf-rupt-la-un-tramvai-de-pe-linia-19-circulatia-a-fost-blocata\/","url":"https:\/\/buletin.de\/bucuresti\/pantograf-rupt-la-un-tramvai-de-pe-linia-19-circulatia-a-fost-blocata\/","name":"Pantograf rupt la un tramvai de pe linia 19. Circula\u021bia a fost blocat\u0103 - Buletin de Bucure\u0219ti","isPartOf":{"@id":"https:\/\/buletin.de\/bucuresti\/#website"},"primaryImageOfPage":{"@id":"https:\/\/buletin.de\/bucuresti\/pantograf-rupt-la-un-tramvai-de-pe-linia-19-circulatia-a-fost-blocata\/#primaryimage"},"image":{"@id":"https:\/\/buletin.de\/bucuresti\/pantograf-rupt-la-un-tramvai-de-pe-linia-19-circulatia-a-fost-blocata\/#primaryimage"},"thumbnailUrl":"https:\/\/buletin.de\/bucuresti\/wp-content\/uploads\/pantograf.png","datePublished":"2024-12-15T15:25:45+00:00","dateModified":"2024-12-15T15:54:55+00:00","description":"Circula\u021bia tramvaielor pe bulevardul Liviu Rebreanu din estul Capitalei a fost blocat\u0103 duminic\u0103 dup\u0103 amiaz\u0103 din cauza unui pantograf rupt.","breadcrumb":{"@id":"https:\/\/buletin.de\/bucuresti\/pantograf-rupt-la-un-tramvai-de-pe-linia-19-circulatia-a-fost-blocata\/#breadcrumb"},"inLanguage":"en-GB","potentialAction":[{"@type":"ReadAction","target":["https:\/\/buletin.de\/bucuresti\/pantograf-rupt-la-un-tramvai-de-pe-linia-19-circulatia-a-fost-blocata\/"]}]},{"@type":"ImageObject","inLanguage":"en-GB","@id":"https:\/\/buletin.de\/bucuresti\/pantograf-rupt-la-un-tramvai-de-pe-linia-19-circulatia-a-fost-blocata\/#primaryimage","url":"https:\/\/buletin.de\/bucuresti\/wp-content\/uploads\/pantograf.png","contentUrl":"https:\/\/buletin.de\/bucuresti\/wp-content\/uploads\/pantograf.png","width":1200,"height":895,"caption":"Pantograf rupt la un tramvai de pe linia 19. Foto Club Feroviar"},{"@type":"BreadcrumbList","@id":"https:\/\/buletin.de\/bucuresti\/pantograf-rupt-la-un-tramvai-de-pe-linia-19-circulatia-a-fost-blocata\/#breadcrumb","itemListElement":[{"@type":"ListItem","position":1,"name":"Acas\u0103","item":"https:\/\/buletin.de\/bucuresti\/"},{"@type":"ListItem","position":2,"name":"Pantograf rupt la un tramvai de pe linia 19. Circula\u021bia a fost blocat\u0103"}]},{"@type":"WebSite","@id":"https:\/\/buletin.de\/bucuresti\/#website","url":"https:\/\/buletin.de\/bucuresti\/","name":"Buletin de Bucure\u0219ti","description":"\u0218tiri \u0219i investiga\u021bii esen\u021biale din capital\u0103","publisher":{"@id":"https:\/\/buletin.de\/bucuresti\/#organization"},"potentialAction":[{"@type":"SearchAction","target":{"@type":"EntryPoint","urlTemplate":"https:\/\/buletin.de\/bucuresti\/?s={search_term_string}"},"query-input":{"@type":"PropertyValueSpecification","valueRequired":true,"valueName":"search_term_string"}}],"inLanguage":"en-GB"},{"@type":"Organization","@id":"https:\/\/buletin.de\/bucuresti\/#organization","name":"Buletin de Bucure\u0219ti","url":"https:\/\/buletin.de\/bucuresti\/","logo":{"@type":"ImageObject","inLanguage":"en-GB","@id":"https:\/\/buletin.de\/bucuresti\/#\/schema\/logo\/image\/","url":"https:\/\/buletin.de\/bucuresti\/wp-content\/uploads\/logo-bdb-full-wide-vernil-transparent.png","contentUrl":"https:\/\/buletin.de\/bucuresti\/wp-content\/uploads\/logo-bdb-full-wide-vernil-transparent.png","width":1782,"height":626,"caption":"Buletin de Bucure\u0219ti"},"image":{"@id":"https:\/\/buletin.de\/bucuresti\/#\/schema\/logo\/image\/"},"sameAs":["https:\/\/www.facebook.com\/buletin.de.buc","https:\/\/www.instagram.com\/buletinde.bucuresti\/"]},{"@type":"Person","@id":"https:\/\/buletin.de\/bucuresti\/#\/schema\/person\/2bbcf854e5f2419a13804af574d06ab1","name":"Redac\u021bia Buletin de Bucure\u0219ti","image":{"@type":"ImageObject","inLanguage":"en-GB","@id":"https:\/\/secure.gravatar.com\/avatar\/18c5342381ed1a08620e6280424e3e5efc958618f5d67c522c9e44c1bc6f9226?s=96&d=monsterid&r=g60c7cd0ad92c68c049fcd4bb3504d609","url":"https:\/\/secure.gravatar.com\/avatar\/18c5342381ed1a08620e6280424e3e5efc958618f5d67c522c9e44c1bc6f9226?s=96&d=monsterid&r=g","contentUrl":"https:\/\/secure.gravatar.com\/avatar\/18c5342381ed1a08620e6280424e3e5efc958618f5d67c522c9e44c1bc6f9226?s=96&d=monsterid&r=g","caption":"Redac\u021bia Buletin de Bucure\u0219ti"},"description":"Buletin de Bucure\u0219ti exist\u0103 din vara anului 2019.","url":"https:\/\/buletin.de\/bucuresti\/author\/adminbuletin\/"}]}},"authors":[{"term_id":22583,"user_id":1,"is_guest":0,"slug":"adminbuletin","display_name":"Redac\u021bia Buletin de Bucure\u0219ti","avatar_url":"https:\/\/secure.gravatar.com\/avatar\/18c5342381ed1a08620e6280424e3e5efc958618f5d67c522c9e44c1bc6f9226?s=96&d=monsterid&r=g","0":null,"1":"","2":"","3":"","4":"","5":"","6":"","7":"","8":""}],"_links":{"self":[{"href":"https:\/\/buletin.de\/bucuresti\/wp-json\/wp\/v2\/posts\/110873","targetHints":{"allow":["GET"]}}],"collection":[{"href":"https:\/\/buletin.de\/bucuresti\/wp-json\/wp\/v2\/posts"}],"about":[{"href":"https:\/\/buletin.de\/bucuresti\/wp-json\/wp\/v2\/types\/post"}],"author":[{"embeddable":true,"href":"https:\/\/buletin.de\/bucuresti\/wp-json\/wp\/v2\/users\/1"}],"replies":[{"embeddable":true,"href":"https:\/\/buletin.de\/bucuresti\/wp-json\/wp\/v2\/comments?post=110873"}],"version-history":[{"count":5,"href":"https:\/\/buletin.de\/bucuresti\/wp-json\/wp\/v2\/posts\/110873\/revisions"}],"predecessor-version":[{"id":110882,"href":"https:\/\/buletin.de\/bucuresti\/wp-json\/wp\/v2\/posts\/110873\/revisions\/110882"}],"wp:featuredmedia":[{"embeddable":true,"href":"https:\/\/buletin.de\/bucuresti\/wp-json\/wp\/v2\/media\/110874"}],"wp:attachment":[{"href":"https:\/\/buletin.de\/bucuresti\/wp-json\/wp\/v2\/media?parent=110873"}],"wp:term":[{"taxonomy":"category","embeddable":true,"href":"https:\/\/buletin.de\/bucuresti\/wp-json\/wp\/v2\/categories?post=110873"},{"taxonomy":"post_tag","embeddable":true,"href":"https:\/\/buletin.de\/bucuresti\/wp-json\/wp\/v2\/tags?post=110873"},{"taxonomy":"author","embeddable":true,"href":"https:\/\/buletin.de\/bucuresti\/wp-json\/wp\/v2\/ppma_author?post=110873"}],"curies":[{"name":"wp","href":"https:\/\/api.w.org\/{rel}","templated":true}]}}