{"id":11076,"date":"2020-08-27T08:00:57","date_gmt":"2020-08-27T05:00:57","guid":{"rendered":"https:\/\/buletin.de\/bucuresti\/?p=11076"},"modified":"2020-08-27T16:44:14","modified_gmt":"2020-08-27T13:44:14","slug":"donarea-de-plasma-pentru-tratarea-covid-19-greoaie-pentru-peste-50-dintre-potentialii-donatori","status":"publish","type":"post","link":"https:\/\/buletin.de\/bucuresti\/donarea-de-plasma-pentru-tratarea-covid-19-greoaie-pentru-peste-50-dintre-potentialii-donatori\/","title":{"rendered":"Donarea de plasm\u0103 pentru tratarea Covid-19, greoaie pentru peste 50% dintre poten\u021bialii donatori"},"content":{"rendered":"\n<p><strong>Peste jum\u0103tate dintre poten\u021bialii donatori de plasm\u0103 pentru bolnavii Covid-19 ar pot fi exclu\u0219i din procesul de donare din motive financiare, \u00een ciuda faptului c\u0103 Ministerul S\u0103n\u0103t\u0103\u021bii a relaxat recent criteriile de eligibilitate.<\/strong><\/p>\n\n\n\n<p>P\u00e2n\u0103 pe 11 august, \u00een Rom\u00e2nia au avut loc 279 de dona\u021bii de plasm\u0103 convalescent\u0103 care au folosit la tratamentul a 0,12% bolnavi de coronavirus, conform lui Florin Hozoc, CEO Besmax Pharma Distribution, firma care a donat 18 echipamente de plasmafarez\u0103 \u0219i 6.000 de kituri de recoltare spitalelor din \u021bar\u0103.&nbsp;<\/p>\n\n\n\n<p>Prin compara\u021bie, \u00een Statele Unite ale Americii, unde tratamentul cu plasm\u0103 a fost oficial autorizat ca tratament pentru COVID-19, 1,2% americani infecta\u021bi au primit tratamentul cu plasm\u0103, o pondere de 10 ori mai mare.<\/p>\n\n\n\n<p>Plasma celor infecta\u021bi cu COVID-19, numit\u0103 \u0219i plasm\u0103 convalescent\u0103, con\u021bine anticorpi anti SARS-CoV-2 (COVID-19), proteine produse de sistemul imunitar pentru a neutraliza virusul. <a href=\"https:\/\/www.reuters.com\/article\/us-health-coronavirus-science\/convalescent-plasma-lowers-covid-19-death-risk-exposure-to-common-cold-may-limit-disease-severity-idUSKCN2512LI?fbclid=IwAR3fZR0s1t_N4W54xHPz5d3gAc_ZbIGwsm7CaKlsjFhhI8y3InQdcTFlnys\">Studii<\/a> recente arat\u0103 c\u0103 tratamentul cu plasm\u0103 poate reduce rata mortalit\u0103\u021bii \u00een cazurile critice de COVID-19 la jum\u0103tate. Nu exist\u0103 \u00eenc\u0103 studii definitive care s\u0103 demonstreze c\u0103 acest tratament duce la vindecare, \u00eens\u0103 transfuzia de astfel de plasm\u0103 poate ajuta sistemului imunitar al altor pacien\u021bi infecta\u021bi \u00een lupta cu virusul, dar \u0219i sistemului na\u021bional de s\u0103n\u0103tate, p\u00e2n\u0103 la dezvoltarea unui vaccin.<\/p>\n\n\n\n<p>Cele 279 de dona\u021bii din Rom\u00e2nia \u00een 17 dintre cele 18 loca\u021bii din \u021bar\u0103 dotate de Besmax Pharma cu echipamente de plasmafarez\u0103 sunt pu\u021bine raportate la num\u0103rul total de poten\u021biali donatori.&nbsp;<\/p>\n\n\n\n<p>Dintre loca\u021biile dotate de Besmex Pharma, 12 nu au f\u0103cut nici m\u0103car o donare pe s\u0103pt\u0103m\u00e2n\u0103 \u00een perioada 29 mai-11 august.<\/p>\n\n\n\n<div class=\"flourish-embed\" data-src=\"story\/529637\"><script src=\"https:\/\/public.flourish.studio\/resources\/embed.js\"><\/script><\/div>\n\n\n\n<p><\/p>\n\n\n\n<p>Prin Ordinul nr. 1421 din 10 august, Ministerul S\u0103n\u0103t\u0103\u021bii a modificat condi\u021biile de eligibilitate pentru donatorii de plasm\u0103, aliniind metodologia cu ghidul elaborat de Comisia European\u0103. Astfel, acum orice persoan\u0103 care are anticorpi anti SARS-CoV-2 \u00een concentra\u021bie suficient de crescut\u0103 poate dona plasm\u0103.<\/p>\n\n\n\n<p>\u00cen momentul de fa\u021b\u0103, \u00een Rom\u00e2nia persoanele pot veni s\u0103 doneze la 28 de zile dup\u0103 un test RT-PCR pozitiv sau la 14 zile dup\u0103 un test cu rezultat negativ; aceste perioade fost stabilite \u00een baza unor studii care arat\u0103 c\u0103 acesta e num\u0103rul de zile care asigur\u0103 c\u0103 donatorul nu mai este contagios.&nbsp;<\/p>\n\n\n\n<p>Modific\u0103rile vin \u00eens\u0103 dup\u0103 trei luni \u00een care Besmex Pharma, sus\u021binut\u0103 de alte asocia\u021bii de pacien\u021bi cu boli cronice, a solicitat \u00een mod repetat Ministerului S\u0103n\u0103t\u0103\u021bii s\u0103 modifice metodologia pentru dona\u021biile de plasm\u0103 \u0219i s\u0103 promoveze aceast\u0103 procedur\u0103. \u00cenainte de 10 august, pentru a dona plasm\u0103 convalescent\u0103 \u00een Rom\u00e2nia, era necesar\u0103 dovada medical\u0103 c\u0103 donatorul a fost internat \u00een spital \u0219i vindecat de COVID-19 cu minim dou\u0103 teste negative RT-PCR.<\/p>\n\n\n\n<p>Ordinul Ministerului S\u0103n\u0103t\u0103\u021bii u\u0219ureaz\u0103 procesul pentru poten\u021bialii donatori de plasm\u0103, dar nu merge \u00eendeajuns de departe, afirm\u0103 Florin Hozoc.<\/p>\n\n\n\n<blockquote class=\"wp-block-quote is-layout-flow wp-block-quote-is-layout-flow\"><p>\u201eR\u0103m\u00e2ne \u00een afara procedurii de donare o foarte mare parte din popula\u021bie care are anticorpi.\u201d<\/p><cite> Florin Hozoc<\/cite><\/blockquote>\n\n\n\n<p>Acesta se refer\u0103 la persoanele care au stat \u00een izolare sau \u00een carantin\u0103 deoarece au luat contact cu persoane confirmate pozitiv prin teste RT-PCR, dar care nu au fost testate la r\u00e2ndul lor deoarece nu au prezentat simptome. \u201eSunt acei oameni pe care Rom\u00e2nia nu a avut capacitatea s\u0103-i testeze.\u201d<\/p>\n\n\n\n<p>Conform ordinului Ministrului S\u0103n\u0103t\u0103\u021bii,  persoanele asimptomatice, neconfirmate printr-un test RT-PCR pozitiv, pot deveni donatori de plasm\u0103 convalescent\u0103 doar dac\u0103 \u00ee\u0219i fac voluntar un test pentru a determina cantitatea de anticorpi.<\/p>\n\n\n\n<blockquote class=\"wp-block-quote is-layout-flow wp-block-quote-is-layout-flow\"><p>\u201eEstim\u0103rile \u0219i experien\u021ba \u0219i \u00een Statele Unite \u0219i \u00een \u021b\u0103rile din Uniunea European\u0103 arat\u0103 c\u0103 ace\u0219tia sunt de dou\u0103-trei ori mai mul\u021bi dec\u00e2t cei care au fost confirma\u021bi prin RT-PCR. Ori pe ace\u0219tia \u00eei pui s\u0103 pl\u0103teasc\u0103 din buzunarul lor ca s\u0103 ajung\u0103 la donare. Evident c\u0103 lucrul \u0103sta e destul de dificil.\u201d<\/p><cite>Florin Hozoc<\/cite><\/blockquote>\n\n\n\n<div class=\"flourish-embed flourish-hierarchy\" data-src=\"visualisation\/3568364\"><script src=\"https:\/\/public.flourish.studio\/resources\/embed.js\"><\/script><\/div>\n\n\n\n<p>Conform ghidului european, statul ar trebui s\u0103 \u00eei testeze pentru anticorpi pe cei care au stat \u00een izolare deoarece au luat contact cu persoane confirmate pozitiv cu noul coronavirus.<\/p>\n\n\n\n<p>\u201eCulmea, statul \u00eei are \u00een baza de date pentru c\u0103 toate DSP-urile \u00eei urm\u0103resc pe cei izola\u021bi s\u0103 respecte izolarea. \u00cei avem pe to\u021bi putem s\u0103 le facem lor testele de anticorpi invit\u00e2ndu-i s\u0103 vin\u0103 la centrul de transfuzie, s\u0103 li se recolteze prob\u0103, s\u0103 fac\u0103 testele de anticorpi \u0219i, dac\u0103 se dovede\u0219te c\u0103 au anticorpi, s\u0103 le recolt\u0103m plasma. Nu facem treaba asta\u201d, spune Hozoc.<\/p>\n\n\n\n<p>Statisticile interna\u021bionale arat\u0103 c\u0103 dac\u0103 ar fi s\u0103 fie testa\u021bi to\u021bi cei care au stat \u00een izolare, s-ar dovedi c\u0103 aproximativ 30% au anticorpi \u00een concentra\u021bia necesar\u0103 pentru a dona plasm\u0103.<\/p>\n\n\n\n<blockquote class=\"wp-block-quote is-layout-flow wp-block-quote-is-layout-flow\"><p>\u201eNormal, nu to\u021bi o s\u0103-\u021bi vin\u0103 to\u021bi la donare. Dar o parte dintre ei va veni. Important este s\u0103 nu-i opre\u0219ti\u201d<\/p><cite>Florin Hozoc<\/cite><\/blockquote>\n\n\n\n<h3 class=\"wp-block-heading\">Rom\u00e2nia, absent\u0103 pe scena european\u0103<\/h3>\n\n\n\n<p>\u00cen lipsa unui vaccin, Uniunea European\u0103 aloc\u0103 tot mai mult resurse pentru dezvoltarea terapiei cu plasm\u0103 convalescent\u0103 \u00een statele membre.<\/p>\n\n\n\n<p>P\u00e2n\u0103 acum, Comisia European\u0103 a <a href=\"https:\/\/ec.europa.eu\/info\/live-work-travel-eu\/health\/coronavirus-response\/emergency-support-instrument_en\">alocat<\/a> 40 de milioane de euro pentru a finan\u021ba achizi\u021bia de echipamente \u0219i kituri de plasmaferez\u0103 \u00een statele membre, \u0219i a ini\u021biat Platforma pentru Plasm\u0103 Convalescent\u0103 pentru a evalua eficien\u021ba tratamentului cu plasm\u0103 pentru bolnavii infecta\u021bi cu COVID-19 \u00een UE.&nbsp;<\/p>\n\n\n\n<p>Rom\u00e2nia este absent\u0103 din ambele proiecte.<\/p>\n\n\n\n<p>Dup\u0103 trei luni, Hozoc r\u0103m\u00e2ne \u00een continuare responsabil autoproclamat cu prezen\u021ba tratamentului cu plasm\u0103 \u00een discursul public \u00een Rom\u00e2nia.<\/p>\n\n\n\n<p>\u201eMi-am luat sarcina asta pentru c\u0103 v\u0103d c\u0103 al\u021bii nu ies. A\u0219 fi vrut s\u0103 v\u0103d doi-trei medici care s\u0103 devin\u0103 lideri \u00een toat\u0103 povestea asta. Asuma\u021bi-v\u0103! Dac\u0103 mi\u0219ca\u021bi lucrurile, s-ar putea s\u0103 salva\u021bi ni\u0219te vie\u021bi\u201d, spune Hozoc.<br><\/p>\n","protected":false},"excerpt":{"rendered":"<p>Peste jum\u0103tate dintre poten\u021bialii donatori de plasm\u0103 pentru bolnavii Covid-19 ar pot fi exclu\u0219i din procesul de donare din motive financiare, \u00een ciuda faptului c\u0103 Ministerul S\u0103n\u0103t\u0103\u021bii a relaxat recent criteriile de eligibilitate. P\u00e2n\u0103 pe 11 august, \u00een Rom\u00e2nia au avut loc 279 de dona\u021bii de plasm\u0103 convalescent\u0103 care au folosit la tratamentul a 0,12% [&hellip;]<\/p>\n","protected":false},"author":15,"featured_media":11095,"comment_status":"closed","ping_status":"open","sticky":false,"template":"","format":"standard","meta":{"_acf_changed":false,"inline_featured_image":false,"ngg_post_thumbnail":0,"footnotes":""},"categories":[996,4],"tags":[1499,1284,643,1023,1498,1035,1117,1022,1118],"ppma_author":[22592],"class_list":["post-11076","post","type-post","status-publish","format-standard","has-post-thumbnail","hentry","category-covid-19","category-sanatate","tag-besmax-pharma","tag-coronvirus","tag-covid19","tag-donatie-plasma-coronavirus","tag-florin-hozoc","tag-infografic","tag-plasma","tag-plasma-covid19","tag-plasmafereza"],"acf":[],"yoast_head":"<!-- This site is optimized with the Yoast SEO Premium plugin v25.3 (Yoast SEO v27.4) - https:\/\/yoast.com\/product\/yoast-seo-premium-wordpress\/ -->\n<title>Donarea de plasm\u0103 pentru tratarea Covid-19, greoaie pentru peste 50% dintre poten\u021bialii donatori - Buletin de Bucure\u0219ti<\/title>\n<meta name=\"robots\" content=\"index, follow, max-snippet:-1, max-image-preview:large, max-video-preview:-1\" \/>\n<link rel=\"canonical\" href=\"https:\/\/buletin.de\/bucuresti\/donarea-de-plasma-pentru-tratarea-covid-19-greoaie-pentru-peste-50-dintre-potentialii-donatori\/\" \/>\n<meta property=\"og:locale\" content=\"en_GB\" \/>\n<meta property=\"og:type\" content=\"article\" \/>\n<meta property=\"og:title\" content=\"Donarea de plasm\u0103 pentru tratarea Covid-19, greoaie pentru peste 50% dintre poten\u021bialii donatori\" \/>\n<meta property=\"og:description\" content=\"Peste jum\u0103tate dintre poten\u021bialii donatori de plasm\u0103 pentru bolnavii Covid-19 ar pot fi exclu\u0219i din procesul de donare din motive financiare, \u00een ciuda faptului c\u0103 Ministerul S\u0103n\u0103t\u0103\u021bii a relaxat recent criteriile de eligibilitate. P\u00e2n\u0103 pe 11 august, \u00een Rom\u00e2nia au avut loc 279 de dona\u021bii de plasm\u0103 convalescent\u0103 care au folosit la tratamentul a 0,12% [&hellip;]\" \/>\n<meta property=\"og:url\" content=\"https:\/\/buletin.de\/bucuresti\/donarea-de-plasma-pentru-tratarea-covid-19-greoaie-pentru-peste-50-dintre-potentialii-donatori\/\" \/>\n<meta property=\"og:site_name\" content=\"Buletin de Bucure\u0219ti\" \/>\n<meta property=\"article:publisher\" content=\"https:\/\/www.facebook.com\/buletin.de.buc\" \/>\n<meta property=\"article:published_time\" content=\"2020-08-27T05:00:57+00:00\" \/>\n<meta property=\"article:modified_time\" content=\"2020-08-27T13:44:14+00:00\" \/>\n<meta property=\"og:image\" content=\"https:\/\/buletin.de\/bucuresti\/wp-content\/uploads\/Screen-Shot-2020-08-25-at-19.49.03.png\" \/>\n\t<meta property=\"og:image:width\" content=\"2076\" \/>\n\t<meta property=\"og:image:height\" content=\"948\" \/>\n\t<meta property=\"og:image:type\" content=\"image\/png\" \/>\n<meta name=\"author\" content=\"Irina Anghel\" \/>\n<meta name=\"twitter:card\" content=\"summary_large_image\" \/>\n<meta name=\"twitter:label1\" content=\"Written by\" \/>\n\t<meta name=\"twitter:data1\" content=\"Irina Anghel\" \/>\n\t<meta name=\"twitter:label2\" content=\"Estimated reading time\" \/>\n\t<meta name=\"twitter:data2\" content=\"5 minutes\" \/>\n<script type=\"application\/ld+json\" class=\"yoast-schema-graph\">{\"@context\":\"https:\\\/\\\/schema.org\",\"@graph\":[{\"@type\":\"Article\",\"@id\":\"https:\\\/\\\/buletin.de\\\/bucuresti\\\/donarea-de-plasma-pentru-tratarea-covid-19-greoaie-pentru-peste-50-dintre-potentialii-donatori\\\/#article\",\"isPartOf\":{\"@id\":\"https:\\\/\\\/buletin.de\\\/bucuresti\\\/donarea-de-plasma-pentru-tratarea-covid-19-greoaie-pentru-peste-50-dintre-potentialii-donatori\\\/\"},\"author\":{\"name\":\"Irina Anghel\",\"@id\":\"https:\\\/\\\/buletin.de\\\/bucuresti\\\/#\\\/schema\\\/person\\\/7a01591ad05c4d2c7261fe7f0383d2af\"},\"headline\":\"Donarea de plasm\u0103 pentru tratarea Covid-19, greoaie pentru peste 50% dintre poten\u021bialii donatori\",\"datePublished\":\"2020-08-27T05:00:57+00:00\",\"dateModified\":\"2020-08-27T13:44:14+00:00\",\"mainEntityOfPage\":{\"@id\":\"https:\\\/\\\/buletin.de\\\/bucuresti\\\/donarea-de-plasma-pentru-tratarea-covid-19-greoaie-pentru-peste-50-dintre-potentialii-donatori\\\/\"},\"wordCount\":979,\"publisher\":{\"@id\":\"https:\\\/\\\/buletin.de\\\/bucuresti\\\/#organization\"},\"image\":{\"@id\":\"https:\\\/\\\/buletin.de\\\/bucuresti\\\/donarea-de-plasma-pentru-tratarea-covid-19-greoaie-pentru-peste-50-dintre-potentialii-donatori\\\/#primaryimage\"},\"thumbnailUrl\":\"https:\\\/\\\/buletin.de\\\/bucuresti\\\/wp-content\\\/uploads\\\/Screen-Shot-2020-08-25-at-19.49.03.png\",\"keywords\":[\"besmax pharma\",\"coronvirus\",\"covid19\",\"donatie plasma coronavirus\",\"florin hozoc\",\"infografic\",\"plasma\",\"plasma covid19\",\"plasmafereza\"],\"articleSection\":[\"Covid-19\",\"S\u0103n\u0103tate\"],\"inLanguage\":\"en-GB\",\"copyrightYear\":\"2020\",\"copyrightHolder\":{\"@id\":\"https:\\\/\\\/buletin.de\\\/bucuresti\\\/#organization\"}},{\"@type\":\"WebPage\",\"@id\":\"https:\\\/\\\/buletin.de\\\/bucuresti\\\/donarea-de-plasma-pentru-tratarea-covid-19-greoaie-pentru-peste-50-dintre-potentialii-donatori\\\/\",\"url\":\"https:\\\/\\\/buletin.de\\\/bucuresti\\\/donarea-de-plasma-pentru-tratarea-covid-19-greoaie-pentru-peste-50-dintre-potentialii-donatori\\\/\",\"name\":\"Donarea de plasm\u0103 pentru tratarea Covid-19, greoaie pentru peste 50% dintre poten\u021bialii donatori - Buletin de Bucure\u0219ti\",\"isPartOf\":{\"@id\":\"https:\\\/\\\/buletin.de\\\/bucuresti\\\/#website\"},\"primaryImageOfPage\":{\"@id\":\"https:\\\/\\\/buletin.de\\\/bucuresti\\\/donarea-de-plasma-pentru-tratarea-covid-19-greoaie-pentru-peste-50-dintre-potentialii-donatori\\\/#primaryimage\"},\"image\":{\"@id\":\"https:\\\/\\\/buletin.de\\\/bucuresti\\\/donarea-de-plasma-pentru-tratarea-covid-19-greoaie-pentru-peste-50-dintre-potentialii-donatori\\\/#primaryimage\"},\"thumbnailUrl\":\"https:\\\/\\\/buletin.de\\\/bucuresti\\\/wp-content\\\/uploads\\\/Screen-Shot-2020-08-25-at-19.49.03.png\",\"datePublished\":\"2020-08-27T05:00:57+00:00\",\"dateModified\":\"2020-08-27T13:44:14+00:00\",\"breadcrumb\":{\"@id\":\"https:\\\/\\\/buletin.de\\\/bucuresti\\\/donarea-de-plasma-pentru-tratarea-covid-19-greoaie-pentru-peste-50-dintre-potentialii-donatori\\\/#breadcrumb\"},\"inLanguage\":\"en-GB\",\"potentialAction\":[{\"@type\":\"ReadAction\",\"target\":[\"https:\\\/\\\/buletin.de\\\/bucuresti\\\/donarea-de-plasma-pentru-tratarea-covid-19-greoaie-pentru-peste-50-dintre-potentialii-donatori\\\/\"]}]},{\"@type\":\"ImageObject\",\"inLanguage\":\"en-GB\",\"@id\":\"https:\\\/\\\/buletin.de\\\/bucuresti\\\/donarea-de-plasma-pentru-tratarea-covid-19-greoaie-pentru-peste-50-dintre-potentialii-donatori\\\/#primaryimage\",\"url\":\"https:\\\/\\\/buletin.de\\\/bucuresti\\\/wp-content\\\/uploads\\\/Screen-Shot-2020-08-25-at-19.49.03.png\",\"contentUrl\":\"https:\\\/\\\/buletin.de\\\/bucuresti\\\/wp-content\\\/uploads\\\/Screen-Shot-2020-08-25-at-19.49.03.png\",\"width\":2076,\"height\":948},{\"@type\":\"BreadcrumbList\",\"@id\":\"https:\\\/\\\/buletin.de\\\/bucuresti\\\/donarea-de-plasma-pentru-tratarea-covid-19-greoaie-pentru-peste-50-dintre-potentialii-donatori\\\/#breadcrumb\",\"itemListElement\":[{\"@type\":\"ListItem\",\"position\":1,\"name\":\"Acas\u0103\",\"item\":\"https:\\\/\\\/buletin.de\\\/bucuresti\\\/\"},{\"@type\":\"ListItem\",\"position\":2,\"name\":\"Donarea de plasm\u0103 pentru tratarea Covid-19, greoaie pentru peste 50% dintre poten\u021bialii donatori\"}]},{\"@type\":\"WebSite\",\"@id\":\"https:\\\/\\\/buletin.de\\\/bucuresti\\\/#website\",\"url\":\"https:\\\/\\\/buletin.de\\\/bucuresti\\\/\",\"name\":\"Buletin de Bucure\u0219ti\",\"description\":\"\u0218tiri \u0219i investiga\u021bii esen\u021biale din capital\u0103\",\"publisher\":{\"@id\":\"https:\\\/\\\/buletin.de\\\/bucuresti\\\/#organization\"},\"potentialAction\":[{\"@type\":\"SearchAction\",\"target\":{\"@type\":\"EntryPoint\",\"urlTemplate\":\"https:\\\/\\\/buletin.de\\\/bucuresti\\\/?s={search_term_string}\"},\"query-input\":{\"@type\":\"PropertyValueSpecification\",\"valueRequired\":true,\"valueName\":\"search_term_string\"}}],\"inLanguage\":\"en-GB\"},{\"@type\":\"Organization\",\"@id\":\"https:\\\/\\\/buletin.de\\\/bucuresti\\\/#organization\",\"name\":\"Buletin de Bucure\u0219ti\",\"url\":\"https:\\\/\\\/buletin.de\\\/bucuresti\\\/\",\"logo\":{\"@type\":\"ImageObject\",\"inLanguage\":\"en-GB\",\"@id\":\"https:\\\/\\\/buletin.de\\\/bucuresti\\\/#\\\/schema\\\/logo\\\/image\\\/\",\"url\":\"https:\\\/\\\/buletin.de\\\/bucuresti\\\/wp-content\\\/uploads\\\/logo-bdb-full-wide-vernil-transparent.png\",\"contentUrl\":\"https:\\\/\\\/buletin.de\\\/bucuresti\\\/wp-content\\\/uploads\\\/logo-bdb-full-wide-vernil-transparent.png\",\"width\":1782,\"height\":626,\"caption\":\"Buletin de Bucure\u0219ti\"},\"image\":{\"@id\":\"https:\\\/\\\/buletin.de\\\/bucuresti\\\/#\\\/schema\\\/logo\\\/image\\\/\"},\"sameAs\":[\"https:\\\/\\\/www.facebook.com\\\/buletin.de.buc\",\"https:\\\/\\\/www.instagram.com\\\/buletinde.bucuresti\\\/\"]},{\"@type\":\"Person\",\"@id\":\"https:\\\/\\\/buletin.de\\\/bucuresti\\\/#\\\/schema\\\/person\\\/7a01591ad05c4d2c7261fe7f0383d2af\",\"name\":\"Irina Anghel\",\"image\":{\"@type\":\"ImageObject\",\"inLanguage\":\"en-GB\",\"@id\":\"https:\\\/\\\/secure.gravatar.com\\\/avatar\\\/e7d429cbd0c7fe915f817961c0ffb96b407bc87e15aa35cee85f77146f8cce7e?s=96&d=monsterid&r=g693374df2a66e3f4935d210ea15b95ff\",\"url\":\"https:\\\/\\\/secure.gravatar.com\\\/avatar\\\/e7d429cbd0c7fe915f817961c0ffb96b407bc87e15aa35cee85f77146f8cce7e?s=96&d=monsterid&r=g\",\"contentUrl\":\"https:\\\/\\\/secure.gravatar.com\\\/avatar\\\/e7d429cbd0c7fe915f817961c0ffb96b407bc87e15aa35cee85f77146f8cce7e?s=96&d=monsterid&r=g\",\"caption\":\"Irina Anghel\"},\"url\":\"https:\\\/\\\/buletin.de\\\/bucuresti\\\/author\\\/irina\\\/\"}]}<\/script>\n<!-- \/ Yoast SEO Premium plugin. -->","yoast_head_json":{"title":"Donarea de plasm\u0103 pentru tratarea Covid-19, greoaie pentru peste 50% dintre poten\u021bialii donatori - Buletin de Bucure\u0219ti","robots":{"index":"index","follow":"follow","max-snippet":"max-snippet:-1","max-image-preview":"max-image-preview:large","max-video-preview":"max-video-preview:-1"},"canonical":"https:\/\/buletin.de\/bucuresti\/donarea-de-plasma-pentru-tratarea-covid-19-greoaie-pentru-peste-50-dintre-potentialii-donatori\/","og_locale":"en_GB","og_type":"article","og_title":"Donarea de plasm\u0103 pentru tratarea Covid-19, greoaie pentru peste 50% dintre poten\u021bialii donatori","og_description":"Peste jum\u0103tate dintre poten\u021bialii donatori de plasm\u0103 pentru bolnavii Covid-19 ar pot fi exclu\u0219i din procesul de donare din motive financiare, \u00een ciuda faptului c\u0103 Ministerul S\u0103n\u0103t\u0103\u021bii a relaxat recent criteriile de eligibilitate. P\u00e2n\u0103 pe 11 august, \u00een Rom\u00e2nia au avut loc 279 de dona\u021bii de plasm\u0103 convalescent\u0103 care au folosit la tratamentul a 0,12% [&hellip;]","og_url":"https:\/\/buletin.de\/bucuresti\/donarea-de-plasma-pentru-tratarea-covid-19-greoaie-pentru-peste-50-dintre-potentialii-donatori\/","og_site_name":"Buletin de Bucure\u0219ti","article_publisher":"https:\/\/www.facebook.com\/buletin.de.buc","article_published_time":"2020-08-27T05:00:57+00:00","article_modified_time":"2020-08-27T13:44:14+00:00","og_image":[{"width":2076,"height":948,"url":"https:\/\/buletin.de\/bucuresti\/wp-content\/uploads\/Screen-Shot-2020-08-25-at-19.49.03.png","type":"image\/png"}],"author":"Irina Anghel","twitter_card":"summary_large_image","twitter_misc":{"Written by":"Irina Anghel","Estimated reading time":"5 minutes"},"schema":{"@context":"https:\/\/schema.org","@graph":[{"@type":"Article","@id":"https:\/\/buletin.de\/bucuresti\/donarea-de-plasma-pentru-tratarea-covid-19-greoaie-pentru-peste-50-dintre-potentialii-donatori\/#article","isPartOf":{"@id":"https:\/\/buletin.de\/bucuresti\/donarea-de-plasma-pentru-tratarea-covid-19-greoaie-pentru-peste-50-dintre-potentialii-donatori\/"},"author":{"name":"Irina Anghel","@id":"https:\/\/buletin.de\/bucuresti\/#\/schema\/person\/7a01591ad05c4d2c7261fe7f0383d2af"},"headline":"Donarea de plasm\u0103 pentru tratarea Covid-19, greoaie pentru peste 50% dintre poten\u021bialii donatori","datePublished":"2020-08-27T05:00:57+00:00","dateModified":"2020-08-27T13:44:14+00:00","mainEntityOfPage":{"@id":"https:\/\/buletin.de\/bucuresti\/donarea-de-plasma-pentru-tratarea-covid-19-greoaie-pentru-peste-50-dintre-potentialii-donatori\/"},"wordCount":979,"publisher":{"@id":"https:\/\/buletin.de\/bucuresti\/#organization"},"image":{"@id":"https:\/\/buletin.de\/bucuresti\/donarea-de-plasma-pentru-tratarea-covid-19-greoaie-pentru-peste-50-dintre-potentialii-donatori\/#primaryimage"},"thumbnailUrl":"https:\/\/buletin.de\/bucuresti\/wp-content\/uploads\/Screen-Shot-2020-08-25-at-19.49.03.png","keywords":["besmax pharma","coronvirus","covid19","donatie plasma coronavirus","florin hozoc","infografic","plasma","plasma covid19","plasmafereza"],"articleSection":["Covid-19","S\u0103n\u0103tate"],"inLanguage":"en-GB","copyrightYear":"2020","copyrightHolder":{"@id":"https:\/\/buletin.de\/bucuresti\/#organization"}},{"@type":"WebPage","@id":"https:\/\/buletin.de\/bucuresti\/donarea-de-plasma-pentru-tratarea-covid-19-greoaie-pentru-peste-50-dintre-potentialii-donatori\/","url":"https:\/\/buletin.de\/bucuresti\/donarea-de-plasma-pentru-tratarea-covid-19-greoaie-pentru-peste-50-dintre-potentialii-donatori\/","name":"Donarea de plasm\u0103 pentru tratarea Covid-19, greoaie pentru peste 50% dintre poten\u021bialii donatori - Buletin de Bucure\u0219ti","isPartOf":{"@id":"https:\/\/buletin.de\/bucuresti\/#website"},"primaryImageOfPage":{"@id":"https:\/\/buletin.de\/bucuresti\/donarea-de-plasma-pentru-tratarea-covid-19-greoaie-pentru-peste-50-dintre-potentialii-donatori\/#primaryimage"},"image":{"@id":"https:\/\/buletin.de\/bucuresti\/donarea-de-plasma-pentru-tratarea-covid-19-greoaie-pentru-peste-50-dintre-potentialii-donatori\/#primaryimage"},"thumbnailUrl":"https:\/\/buletin.de\/bucuresti\/wp-content\/uploads\/Screen-Shot-2020-08-25-at-19.49.03.png","datePublished":"2020-08-27T05:00:57+00:00","dateModified":"2020-08-27T13:44:14+00:00","breadcrumb":{"@id":"https:\/\/buletin.de\/bucuresti\/donarea-de-plasma-pentru-tratarea-covid-19-greoaie-pentru-peste-50-dintre-potentialii-donatori\/#breadcrumb"},"inLanguage":"en-GB","potentialAction":[{"@type":"ReadAction","target":["https:\/\/buletin.de\/bucuresti\/donarea-de-plasma-pentru-tratarea-covid-19-greoaie-pentru-peste-50-dintre-potentialii-donatori\/"]}]},{"@type":"ImageObject","inLanguage":"en-GB","@id":"https:\/\/buletin.de\/bucuresti\/donarea-de-plasma-pentru-tratarea-covid-19-greoaie-pentru-peste-50-dintre-potentialii-donatori\/#primaryimage","url":"https:\/\/buletin.de\/bucuresti\/wp-content\/uploads\/Screen-Shot-2020-08-25-at-19.49.03.png","contentUrl":"https:\/\/buletin.de\/bucuresti\/wp-content\/uploads\/Screen-Shot-2020-08-25-at-19.49.03.png","width":2076,"height":948},{"@type":"BreadcrumbList","@id":"https:\/\/buletin.de\/bucuresti\/donarea-de-plasma-pentru-tratarea-covid-19-greoaie-pentru-peste-50-dintre-potentialii-donatori\/#breadcrumb","itemListElement":[{"@type":"ListItem","position":1,"name":"Acas\u0103","item":"https:\/\/buletin.de\/bucuresti\/"},{"@type":"ListItem","position":2,"name":"Donarea de plasm\u0103 pentru tratarea Covid-19, greoaie pentru peste 50% dintre poten\u021bialii donatori"}]},{"@type":"WebSite","@id":"https:\/\/buletin.de\/bucuresti\/#website","url":"https:\/\/buletin.de\/bucuresti\/","name":"Buletin de Bucure\u0219ti","description":"\u0218tiri \u0219i investiga\u021bii esen\u021biale din capital\u0103","publisher":{"@id":"https:\/\/buletin.de\/bucuresti\/#organization"},"potentialAction":[{"@type":"SearchAction","target":{"@type":"EntryPoint","urlTemplate":"https:\/\/buletin.de\/bucuresti\/?s={search_term_string}"},"query-input":{"@type":"PropertyValueSpecification","valueRequired":true,"valueName":"search_term_string"}}],"inLanguage":"en-GB"},{"@type":"Organization","@id":"https:\/\/buletin.de\/bucuresti\/#organization","name":"Buletin de Bucure\u0219ti","url":"https:\/\/buletin.de\/bucuresti\/","logo":{"@type":"ImageObject","inLanguage":"en-GB","@id":"https:\/\/buletin.de\/bucuresti\/#\/schema\/logo\/image\/","url":"https:\/\/buletin.de\/bucuresti\/wp-content\/uploads\/logo-bdb-full-wide-vernil-transparent.png","contentUrl":"https:\/\/buletin.de\/bucuresti\/wp-content\/uploads\/logo-bdb-full-wide-vernil-transparent.png","width":1782,"height":626,"caption":"Buletin de Bucure\u0219ti"},"image":{"@id":"https:\/\/buletin.de\/bucuresti\/#\/schema\/logo\/image\/"},"sameAs":["https:\/\/www.facebook.com\/buletin.de.buc","https:\/\/www.instagram.com\/buletinde.bucuresti\/"]},{"@type":"Person","@id":"https:\/\/buletin.de\/bucuresti\/#\/schema\/person\/7a01591ad05c4d2c7261fe7f0383d2af","name":"Irina Anghel","image":{"@type":"ImageObject","inLanguage":"en-GB","@id":"https:\/\/secure.gravatar.com\/avatar\/e7d429cbd0c7fe915f817961c0ffb96b407bc87e15aa35cee85f77146f8cce7e?s=96&d=monsterid&r=g693374df2a66e3f4935d210ea15b95ff","url":"https:\/\/secure.gravatar.com\/avatar\/e7d429cbd0c7fe915f817961c0ffb96b407bc87e15aa35cee85f77146f8cce7e?s=96&d=monsterid&r=g","contentUrl":"https:\/\/secure.gravatar.com\/avatar\/e7d429cbd0c7fe915f817961c0ffb96b407bc87e15aa35cee85f77146f8cce7e?s=96&d=monsterid&r=g","caption":"Irina Anghel"},"url":"https:\/\/buletin.de\/bucuresti\/author\/irina\/"}]}},"authors":[{"term_id":22592,"user_id":15,"is_guest":0,"slug":"irina","display_name":"Irina Anghel","avatar_url":"https:\/\/secure.gravatar.com\/avatar\/e7d429cbd0c7fe915f817961c0ffb96b407bc87e15aa35cee85f77146f8cce7e?s=96&d=monsterid&r=g","0":null,"1":"","2":"","3":"","4":"","5":"","6":"","7":"","8":""}],"_links":{"self":[{"href":"https:\/\/buletin.de\/bucuresti\/wp-json\/wp\/v2\/posts\/11076","targetHints":{"allow":["GET"]}}],"collection":[{"href":"https:\/\/buletin.de\/bucuresti\/wp-json\/wp\/v2\/posts"}],"about":[{"href":"https:\/\/buletin.de\/bucuresti\/wp-json\/wp\/v2\/types\/post"}],"author":[{"embeddable":true,"href":"https:\/\/buletin.de\/bucuresti\/wp-json\/wp\/v2\/users\/15"}],"replies":[{"embeddable":true,"href":"https:\/\/buletin.de\/bucuresti\/wp-json\/wp\/v2\/comments?post=11076"}],"version-history":[{"count":17,"href":"https:\/\/buletin.de\/bucuresti\/wp-json\/wp\/v2\/posts\/11076\/revisions"}],"predecessor-version":[{"id":11261,"href":"https:\/\/buletin.de\/bucuresti\/wp-json\/wp\/v2\/posts\/11076\/revisions\/11261"}],"wp:featuredmedia":[{"embeddable":true,"href":"https:\/\/buletin.de\/bucuresti\/wp-json\/wp\/v2\/media\/11095"}],"wp:attachment":[{"href":"https:\/\/buletin.de\/bucuresti\/wp-json\/wp\/v2\/media?parent=11076"}],"wp:term":[{"taxonomy":"category","embeddable":true,"href":"https:\/\/buletin.de\/bucuresti\/wp-json\/wp\/v2\/categories?post=11076"},{"taxonomy":"post_tag","embeddable":true,"href":"https:\/\/buletin.de\/bucuresti\/wp-json\/wp\/v2\/tags?post=11076"},{"taxonomy":"author","embeddable":true,"href":"https:\/\/buletin.de\/bucuresti\/wp-json\/wp\/v2\/ppma_author?post=11076"}],"curies":[{"name":"wp","href":"https:\/\/api.w.org\/{rel}","templated":true}]}}