{"id":110559,"date":"2024-12-13T19:05:57","date_gmt":"2024-12-13T16:05:57","guid":{"rendered":"https:\/\/buletin.de\/bucuresti\/?p=110559"},"modified":"2024-12-13T19:07:49","modified_gmt":"2024-12-13T16:07:49","slug":"mos-craciun-ajunge-la-targul-de-craciun-bucuresti","status":"publish","type":"post","link":"https:\/\/buletin.de\/bucuresti\/mos-craciun-ajunge-la-targul-de-craciun-bucuresti\/","title":{"rendered":"Mo\u0219 Cr\u0103ciun ajunge la T\u00e2rgul de Cr\u0103ciun Bucure\u0219ti"},"content":{"rendered":"\n<p><strong>Mo\u0219 Cr\u0103ciun ajunge la T\u00e2rgul de Cr\u0103ciun Bucure\u0219ti, s\u00e2mb\u0103t\u0103, 14 decembrie, de la ora 17:00. \u0218i va fi prezent acolo 11 zile.  <\/strong><\/p>\n\n\n\n<p>Cei mici  \u00eel pot vedea pe Mo\u0219 Cr\u0103ciun, \u00een casa sa din T\u00e2rgul de Cr\u0103ciun Bucure\u0219ti, \u00een urm\u0103toarele zile:<\/p>\n\n\n\n<ul class=\"wp-block-list\">\n<li><strong>14 decembrie <\/strong>\u2013 \u00eentre orele 17:00 \u2013 22:00;<\/li>\n\n\n\n<li><strong>15, 21, 22 decembrie<\/strong> \u2013 \u00een intervalele orare 10:00 \u2013 13:00 \/ 17:00 \u2013 22:00;<\/li>\n\n\n\n<li>16 \u2013 20 decembrie &#8211; \u00een intervalele orare 12:00 \u2013 14:00 \/ 17:00 \u2013 22:00;<\/li>\n\n\n\n<li>23, 24 decembrie &#8211; \u00een intervalele orare 12:00 \u2013 14:00 \/ 17:00 \u2013 22:00.<\/li>\n<\/ul>\n\n\n\n<p><strong>Pe 12 \u0219i 13 decembrie<\/strong>, \u00eencep\u00e2nd cu ora 18:00, \u00een Casa lui Mo\u0219 Cr\u0103ciun vor avea loc ateliere de lectur\u0103, creativitate, joc \u0219i joac\u0103. Aici, cei mici sunt a\u0219tepta\u021bi zilnic, al\u0103turi de p\u0103rin\u021bi \u0219i bunici, pentru a descoperi \u201eMagia scrisorilor de Cr\u0103ciun\u201d, programul fiind: <\/p>\n\n\n\n<ul class=\"wp-block-list\">\n<li>luni-vineri -12:00 \u2013 14:00 \/ 17:00 \u2013 22:00; <\/li>\n\n\n\n<li>s\u00e2mb\u0103t\u0103-duminic\u0103-10:00 \u2013 13:00 \/ 17:00 \u2013 22:00.<\/li>\n\n\n\n<li>PROGRAM DE VIZITARE \u2013 T\u00c2RGUL DE CR\u0102CIUN BUCURE\u015eTI 2024<\/li>\n<\/ul>\n\n\n\n<p>Cea de-a 17-a edi\u021bie a T\u00e2rgului de Cr\u0103ciun Bucure\u0219ti are loc \u00een Pia\u021ba Constitu\u021biei, p\u00e2n\u0103 pe 26 decembrie 2024, zilnic \u2013 de luni p\u00e2n\u0103 vineri, \u00een intervalul orar 12:00 \u2013 22:00, inclusiv \u00een zilele de Cr\u0103ciun (25 \u0219i 26 decembrie), iar s\u00e2mb\u0103t\u0103 \u0219i duminic\u0103, \u00eentre orele 10:00 \u2013 22:00. Intrarea este liber\u0103.<\/p>\n\n\n\n<p><strong>CITE\u0218TE \u0218I:<\/strong> <a href=\"https:\/\/buletin.de\/bucuresti\/startul-in-sectorul-5\/\"><strong>Un program de tip before and afterschool, ia startul \u00een Sectorul 5, la \u00eenceputul anului viitor<\/strong><\/a><\/p>\n\n\n\n<h3 class=\"wp-block-heading\" id=\"h-programul-artistic\"> PROGRAMUL ARTISTIC<\/h3>\n\n\n\n<p><strong>13 decembrie<\/strong>, dup\u0103 ora 19:00, vor avea loc concertele <\/p>\n\n\n\n<ul class=\"wp-block-list\">\n<li>BERE GRATIS \u0219i  \u2013 Cristi Minculescu;<\/li>\n\n\n\n<li>Valter &amp; Boro.<\/li>\n<\/ul>\n\n\n\n<p><strong>S\u00e2mb\u0103t\u0103, 14 decembrie,<\/strong> de la ora 18:30, pe scen\u0103 vor urca;<\/p>\n\n\n\n<ul class=\"wp-block-list\">\n<li>Trupa \u201eAryma\u201d \u0219i Corul de copii \u201eMeloritm\u201d;<\/li>\n\n\n\n<li>Picii lu\u2019 Soreasca;<\/li>\n\n\n\n<li>\u201eWinter Love\u201d by Zina Ghi\u0163ulescu \u015fi Alexandru Iordache;<\/li>\n\n\n\n<li>Bosquito.<\/li>\n<\/ul>\n\n\n\n<p><strong>Duminic\u0103, 15 decembrie<\/strong>, \u00eencep\u00e2nd cu ora 18:30, vizitatorii se vor putea bucura de muzica oferit\u0103 de Opereta Stars, XMAS Classics by Daniel Laz\u0103r \u015fi Ioana Uruc, Cosmin Sele\u015fi Orchestra \u0219i Marius Mihalache Band.<\/p>\n\n\n\n<p>Pe 24 decembrie, va avea loc Concertul extraordinar de Cr\u0103ciun \u201eSILENT NIGHT\u201d, cu Orchestra Metropolitan\u0103 Bucure\u015fti \u2013 dirijor Daniel Jinga \u0219i cu soli\u015ftii: Monica Anghel, Marcel Pavel, Lumini\u0163a Anghel, Andrei Laz\u0103r, Nico, Sanda Lado\u015fi, Iordache Basalic.<\/p>\n\n\n\n<p><strong>Regulament de participare \u0219i acces:&nbsp;<\/strong><a href=\"https:\/\/www.creart.ro\/regulament-targul-de-craciun-bucuresti-2024\" target=\"_blank\" rel=\"noreferrer noopener\">https:\/\/www.creart.ro\/regulament-targul-de-craciun-bucuresti-2024<\/a><\/p>\n\n\n\n<p><strong>Restric\u021bii de circula\u021bie<\/strong>:&nbsp;<a href=\"https:\/\/www.creart.ro\/restrictii-trafic-pentru-targul-de-craciun-bucuresti-2024\" target=\"_blank\" rel=\"noreferrer noopener\">https:\/\/www.creart.ro\/restrictii-trafic-pentru-targul-de-craciun-bucuresti-2024<\/a><\/p>\n\n\n\n<p><strong>Mijloace de transport c\u0103tre T\u00e2rgul de Cr\u0103ciun Bucure\u0219ti &#8211; Pia\u021ba Constitu\u021biei:<\/strong>&nbsp;<a href=\"https:\/\/www.creart.ro\/transport-pentru-targul-de-craciun-bucuresti-2024\" target=\"_blank\" rel=\"noreferrer noopener\">https:\/\/www.creart.ro\/transport-pentru-targul-de-craciun-bucuresti-2024<\/a><\/p>\n\n\n\n<p><strong>CITE\u0218TE \u0218I:<\/strong> <a href=\"https:\/\/buletin.de\/bucuresti\/gheorghe-ursu\/\"><strong>Se va rejudeca dosarul asasin\u0103rii inginerului Gheorghe Ursu. Inculpa\u021bii fuseser\u0103 achita\u021bi<\/strong><\/a><\/p>\n","protected":false},"excerpt":{"rendered":"<p>Mo\u0219 Cr\u0103ciun ajunge la T\u00e2rgul de Cr\u0103ciun Bucure\u0219ti, s\u00e2mb\u0103t\u0103, 14 decembrie, de la ora 17:00. \u0218i va fi prezent acolo 11 zile. Cei mici \u00eel pot vedea pe Mo\u0219 Cr\u0103ciun, \u00een casa sa din T\u00e2rgul de Cr\u0103ciun Bucure\u0219ti, \u00een urm\u0103toarele zile: Pe 12 \u0219i 13 decembrie, \u00eencep\u00e2nd cu ora 18:00, \u00een Casa lui Mo\u0219 Cr\u0103ciun [&hellip;]<\/p>\n","protected":false},"author":49,"featured_media":110573,"comment_status":"closed","ping_status":"open","sticky":false,"template":"","format":"standard","meta":{"_acf_changed":false,"inline_featured_image":false,"ngg_post_thumbnail":0,"footnotes":""},"categories":[6994,1,62],"tags":[17643,17642,4828,7601,416],"ppma_author":[22574],"class_list":["post-110559","post","type-post","status-publish","format-standard","has-post-thumbnail","hentry","category-stiri-2","category-diverse","category-stiri","tag-bere-gratis","tag-casa-lui-mos-craciun","tag-iris","tag-mos-craciun","tag-targul-de-craciun"],"acf":[],"yoast_head":"<!-- This site is optimized with the Yoast SEO Premium plugin v25.3 (Yoast SEO v27.5) - https:\/\/yoast.com\/product\/yoast-seo-premium-wordpress\/ -->\n<title>Mo\u0219 Cr\u0103ciun ajunge la T\u00e2rgul de Cr\u0103ciun Bucure\u0219ti - Buletin de Bucure\u0219ti<\/title>\n<meta name=\"description\" content=\"Mo\u0219 Cr\u0103ciun ajunge la T\u00e2rgul de Cr\u0103ciun Bucure\u0219ti, s\u00e2mb\u0103t\u0103, 14 decembrie, de la ora 17:00. \u0218i va fi prezent acolo 11 zile.\" \/>\n<meta name=\"robots\" content=\"index, follow, max-snippet:-1, max-image-preview:large, max-video-preview:-1\" \/>\n<link rel=\"canonical\" href=\"https:\/\/buletin.de\/bucuresti\/mos-craciun-ajunge-la-targul-de-craciun-bucuresti\/\" \/>\n<meta property=\"og:locale\" content=\"en_GB\" \/>\n<meta property=\"og:type\" content=\"article\" \/>\n<meta property=\"og:title\" content=\"Mo\u0219 Cr\u0103ciun ajunge la T\u00e2rgul de Cr\u0103ciun Bucure\u0219ti\" \/>\n<meta property=\"og:description\" content=\"Mo\u0219 Cr\u0103ciun ajunge la T\u00e2rgul de Cr\u0103ciun Bucure\u0219ti, s\u00e2mb\u0103t\u0103, 14 decembrie, de la ora 17:00. \u0218i va fi prezent acolo 11 zile.\" \/>\n<meta property=\"og:url\" content=\"https:\/\/buletin.de\/bucuresti\/mos-craciun-ajunge-la-targul-de-craciun-bucuresti\/\" \/>\n<meta property=\"og:site_name\" content=\"Buletin de Bucure\u0219ti\" \/>\n<meta property=\"article:publisher\" content=\"https:\/\/www.facebook.com\/buletin.de.buc\" \/>\n<meta property=\"article:published_time\" content=\"2024-12-13T16:05:57+00:00\" \/>\n<meta property=\"article:modified_time\" content=\"2024-12-13T16:07:49+00:00\" \/>\n<meta property=\"og:image\" content=\"https:\/\/buletin.de\/bucuresti\/wp-content\/uploads\/1-54-1.jpg\" \/>\n\t<meta property=\"og:image:width\" content=\"1600\" \/>\n\t<meta property=\"og:image:height\" content=\"1067\" \/>\n\t<meta property=\"og:image:type\" content=\"image\/jpeg\" \/>\n<meta name=\"author\" content=\"Diana Matei\" \/>\n<meta name=\"twitter:card\" content=\"summary_large_image\" \/>\n<meta name=\"twitter:label1\" content=\"Written by\" \/>\n\t<meta name=\"twitter:data1\" content=\"Diana Matei\" \/>\n\t<meta name=\"twitter:label2\" content=\"Estimated reading time\" \/>\n\t<meta name=\"twitter:data2\" content=\"2 minutes\" \/>\n<script type=\"application\/ld+json\" class=\"yoast-schema-graph\">{\"@context\":\"https:\\\/\\\/schema.org\",\"@graph\":[{\"@type\":\"Article\",\"@id\":\"https:\\\/\\\/buletin.de\\\/bucuresti\\\/mos-craciun-ajunge-la-targul-de-craciun-bucuresti\\\/#article\",\"isPartOf\":{\"@id\":\"https:\\\/\\\/buletin.de\\\/bucuresti\\\/mos-craciun-ajunge-la-targul-de-craciun-bucuresti\\\/\"},\"author\":{\"name\":\"Diana Matei\",\"@id\":\"https:\\\/\\\/buletin.de\\\/bucuresti\\\/#\\\/schema\\\/person\\\/7e46040573290777280a0835d81ea4ea\"},\"headline\":\"Mo\u0219 Cr\u0103ciun ajunge la T\u00e2rgul de Cr\u0103ciun Bucure\u0219ti\",\"datePublished\":\"2024-12-13T16:05:57+00:00\",\"dateModified\":\"2024-12-13T16:07:49+00:00\",\"mainEntityOfPage\":{\"@id\":\"https:\\\/\\\/buletin.de\\\/bucuresti\\\/mos-craciun-ajunge-la-targul-de-craciun-bucuresti\\\/\"},\"wordCount\":398,\"publisher\":{\"@id\":\"https:\\\/\\\/buletin.de\\\/bucuresti\\\/#organization\"},\"image\":{\"@id\":\"https:\\\/\\\/buletin.de\\\/bucuresti\\\/mos-craciun-ajunge-la-targul-de-craciun-bucuresti\\\/#primaryimage\"},\"thumbnailUrl\":\"https:\\\/\\\/buletin.de\\\/bucuresti\\\/wp-content\\\/uploads\\\/1-54-1.jpg\",\"keywords\":[\"BERE GRATIS\",\"Casa lui Mos Craciun\",\"IRIS\",\"Mos Craciun\",\"targul de craciun\"],\"articleSection\":[\"Articole\",\"Diverse\",\"\u0218tiri\"],\"inLanguage\":\"en-GB\",\"copyrightYear\":\"2024\",\"copyrightHolder\":{\"@id\":\"https:\\\/\\\/buletin.de\\\/bucuresti\\\/#organization\"}},{\"@type\":\"WebPage\",\"@id\":\"https:\\\/\\\/buletin.de\\\/bucuresti\\\/mos-craciun-ajunge-la-targul-de-craciun-bucuresti\\\/\",\"url\":\"https:\\\/\\\/buletin.de\\\/bucuresti\\\/mos-craciun-ajunge-la-targul-de-craciun-bucuresti\\\/\",\"name\":\"Mo\u0219 Cr\u0103ciun ajunge la T\u00e2rgul de Cr\u0103ciun Bucure\u0219ti - Buletin de Bucure\u0219ti\",\"isPartOf\":{\"@id\":\"https:\\\/\\\/buletin.de\\\/bucuresti\\\/#website\"},\"primaryImageOfPage\":{\"@id\":\"https:\\\/\\\/buletin.de\\\/bucuresti\\\/mos-craciun-ajunge-la-targul-de-craciun-bucuresti\\\/#primaryimage\"},\"image\":{\"@id\":\"https:\\\/\\\/buletin.de\\\/bucuresti\\\/mos-craciun-ajunge-la-targul-de-craciun-bucuresti\\\/#primaryimage\"},\"thumbnailUrl\":\"https:\\\/\\\/buletin.de\\\/bucuresti\\\/wp-content\\\/uploads\\\/1-54-1.jpg\",\"datePublished\":\"2024-12-13T16:05:57+00:00\",\"dateModified\":\"2024-12-13T16:07:49+00:00\",\"description\":\"Mo\u0219 Cr\u0103ciun ajunge la T\u00e2rgul de Cr\u0103ciun Bucure\u0219ti, s\u00e2mb\u0103t\u0103, 14 decembrie, de la ora 17:00. \u0218i va fi prezent acolo 11 zile.\",\"breadcrumb\":{\"@id\":\"https:\\\/\\\/buletin.de\\\/bucuresti\\\/mos-craciun-ajunge-la-targul-de-craciun-bucuresti\\\/#breadcrumb\"},\"inLanguage\":\"en-GB\",\"potentialAction\":[{\"@type\":\"ReadAction\",\"target\":[\"https:\\\/\\\/buletin.de\\\/bucuresti\\\/mos-craciun-ajunge-la-targul-de-craciun-bucuresti\\\/\"]}]},{\"@type\":\"ImageObject\",\"inLanguage\":\"en-GB\",\"@id\":\"https:\\\/\\\/buletin.de\\\/bucuresti\\\/mos-craciun-ajunge-la-targul-de-craciun-bucuresti\\\/#primaryimage\",\"url\":\"https:\\\/\\\/buletin.de\\\/bucuresti\\\/wp-content\\\/uploads\\\/1-54-1.jpg\",\"contentUrl\":\"https:\\\/\\\/buletin.de\\\/bucuresti\\\/wp-content\\\/uploads\\\/1-54-1.jpg\",\"width\":1600,\"height\":1067,\"caption\":\"Mo\u0219 Cr\u0103ciun ajunge la T\u00e2rgul de Cr\u0103ciun Bucure\u0219ti. FOTO:\"},{\"@type\":\"BreadcrumbList\",\"@id\":\"https:\\\/\\\/buletin.de\\\/bucuresti\\\/mos-craciun-ajunge-la-targul-de-craciun-bucuresti\\\/#breadcrumb\",\"itemListElement\":[{\"@type\":\"ListItem\",\"position\":1,\"name\":\"Acas\u0103\",\"item\":\"https:\\\/\\\/buletin.de\\\/bucuresti\\\/\"},{\"@type\":\"ListItem\",\"position\":2,\"name\":\"Mo\u0219 Cr\u0103ciun ajunge la T\u00e2rgul de Cr\u0103ciun Bucure\u0219ti\"}]},{\"@type\":\"WebSite\",\"@id\":\"https:\\\/\\\/buletin.de\\\/bucuresti\\\/#website\",\"url\":\"https:\\\/\\\/buletin.de\\\/bucuresti\\\/\",\"name\":\"Buletin de Bucure\u0219ti\",\"description\":\"\u0218tiri \u0219i investiga\u021bii esen\u021biale din capital\u0103\",\"publisher\":{\"@id\":\"https:\\\/\\\/buletin.de\\\/bucuresti\\\/#organization\"},\"potentialAction\":[{\"@type\":\"SearchAction\",\"target\":{\"@type\":\"EntryPoint\",\"urlTemplate\":\"https:\\\/\\\/buletin.de\\\/bucuresti\\\/?s={search_term_string}\"},\"query-input\":{\"@type\":\"PropertyValueSpecification\",\"valueRequired\":true,\"valueName\":\"search_term_string\"}}],\"inLanguage\":\"en-GB\"},{\"@type\":\"Organization\",\"@id\":\"https:\\\/\\\/buletin.de\\\/bucuresti\\\/#organization\",\"name\":\"Buletin de Bucure\u0219ti\",\"url\":\"https:\\\/\\\/buletin.de\\\/bucuresti\\\/\",\"logo\":{\"@type\":\"ImageObject\",\"inLanguage\":\"en-GB\",\"@id\":\"https:\\\/\\\/buletin.de\\\/bucuresti\\\/#\\\/schema\\\/logo\\\/image\\\/\",\"url\":\"https:\\\/\\\/buletin.de\\\/bucuresti\\\/wp-content\\\/uploads\\\/logo-bdb-full-wide-vernil-transparent.png\",\"contentUrl\":\"https:\\\/\\\/buletin.de\\\/bucuresti\\\/wp-content\\\/uploads\\\/logo-bdb-full-wide-vernil-transparent.png\",\"width\":1782,\"height\":626,\"caption\":\"Buletin de Bucure\u0219ti\"},\"image\":{\"@id\":\"https:\\\/\\\/buletin.de\\\/bucuresti\\\/#\\\/schema\\\/logo\\\/image\\\/\"},\"sameAs\":[\"https:\\\/\\\/www.facebook.com\\\/buletin.de.buc\",\"https:\\\/\\\/www.instagram.com\\\/buletinde.bucuresti\\\/\"]},{\"@type\":\"Person\",\"@id\":\"https:\\\/\\\/buletin.de\\\/bucuresti\\\/#\\\/schema\\\/person\\\/7e46040573290777280a0835d81ea4ea\",\"name\":\"Diana Matei\",\"image\":{\"@type\":\"ImageObject\",\"inLanguage\":\"en-GB\",\"@id\":\"https:\\\/\\\/buletin.de\\\/bucuresti\\\/wp-content\\\/uploads\\\/9-2-96x96.jpg1e8590b30871d70e62ebcdaf2eff570c\",\"url\":\"https:\\\/\\\/buletin.de\\\/bucuresti\\\/wp-content\\\/uploads\\\/9-2-96x96.jpg\",\"contentUrl\":\"https:\\\/\\\/buletin.de\\\/bucuresti\\\/wp-content\\\/uploads\\\/9-2-96x96.jpg\",\"caption\":\"Diana Matei\"},\"url\":\"https:\\\/\\\/buletin.de\\\/bucuresti\\\/author\\\/dianamatei\\\/\"}]}<\/script>\n<!-- \/ Yoast SEO Premium plugin. -->","yoast_head_json":{"title":"Mo\u0219 Cr\u0103ciun ajunge la T\u00e2rgul de Cr\u0103ciun Bucure\u0219ti - Buletin de Bucure\u0219ti","description":"Mo\u0219 Cr\u0103ciun ajunge la T\u00e2rgul de Cr\u0103ciun Bucure\u0219ti, s\u00e2mb\u0103t\u0103, 14 decembrie, de la ora 17:00. \u0218i va fi prezent acolo 11 zile.","robots":{"index":"index","follow":"follow","max-snippet":"max-snippet:-1","max-image-preview":"max-image-preview:large","max-video-preview":"max-video-preview:-1"},"canonical":"https:\/\/buletin.de\/bucuresti\/mos-craciun-ajunge-la-targul-de-craciun-bucuresti\/","og_locale":"en_GB","og_type":"article","og_title":"Mo\u0219 Cr\u0103ciun ajunge la T\u00e2rgul de Cr\u0103ciun Bucure\u0219ti","og_description":"Mo\u0219 Cr\u0103ciun ajunge la T\u00e2rgul de Cr\u0103ciun Bucure\u0219ti, s\u00e2mb\u0103t\u0103, 14 decembrie, de la ora 17:00. \u0218i va fi prezent acolo 11 zile.","og_url":"https:\/\/buletin.de\/bucuresti\/mos-craciun-ajunge-la-targul-de-craciun-bucuresti\/","og_site_name":"Buletin de Bucure\u0219ti","article_publisher":"https:\/\/www.facebook.com\/buletin.de.buc","article_published_time":"2024-12-13T16:05:57+00:00","article_modified_time":"2024-12-13T16:07:49+00:00","og_image":[{"width":1600,"height":1067,"url":"https:\/\/buletin.de\/bucuresti\/wp-content\/uploads\/1-54-1.jpg","type":"image\/jpeg"}],"author":"Diana Matei","twitter_card":"summary_large_image","twitter_misc":{"Written by":"Diana Matei","Estimated reading time":"2 minutes"},"schema":{"@context":"https:\/\/schema.org","@graph":[{"@type":"Article","@id":"https:\/\/buletin.de\/bucuresti\/mos-craciun-ajunge-la-targul-de-craciun-bucuresti\/#article","isPartOf":{"@id":"https:\/\/buletin.de\/bucuresti\/mos-craciun-ajunge-la-targul-de-craciun-bucuresti\/"},"author":{"name":"Diana Matei","@id":"https:\/\/buletin.de\/bucuresti\/#\/schema\/person\/7e46040573290777280a0835d81ea4ea"},"headline":"Mo\u0219 Cr\u0103ciun ajunge la T\u00e2rgul de Cr\u0103ciun Bucure\u0219ti","datePublished":"2024-12-13T16:05:57+00:00","dateModified":"2024-12-13T16:07:49+00:00","mainEntityOfPage":{"@id":"https:\/\/buletin.de\/bucuresti\/mos-craciun-ajunge-la-targul-de-craciun-bucuresti\/"},"wordCount":398,"publisher":{"@id":"https:\/\/buletin.de\/bucuresti\/#organization"},"image":{"@id":"https:\/\/buletin.de\/bucuresti\/mos-craciun-ajunge-la-targul-de-craciun-bucuresti\/#primaryimage"},"thumbnailUrl":"https:\/\/buletin.de\/bucuresti\/wp-content\/uploads\/1-54-1.jpg","keywords":["BERE GRATIS","Casa lui Mos Craciun","IRIS","Mos Craciun","targul de craciun"],"articleSection":["Articole","Diverse","\u0218tiri"],"inLanguage":"en-GB","copyrightYear":"2024","copyrightHolder":{"@id":"https:\/\/buletin.de\/bucuresti\/#organization"}},{"@type":"WebPage","@id":"https:\/\/buletin.de\/bucuresti\/mos-craciun-ajunge-la-targul-de-craciun-bucuresti\/","url":"https:\/\/buletin.de\/bucuresti\/mos-craciun-ajunge-la-targul-de-craciun-bucuresti\/","name":"Mo\u0219 Cr\u0103ciun ajunge la T\u00e2rgul de Cr\u0103ciun Bucure\u0219ti - Buletin de Bucure\u0219ti","isPartOf":{"@id":"https:\/\/buletin.de\/bucuresti\/#website"},"primaryImageOfPage":{"@id":"https:\/\/buletin.de\/bucuresti\/mos-craciun-ajunge-la-targul-de-craciun-bucuresti\/#primaryimage"},"image":{"@id":"https:\/\/buletin.de\/bucuresti\/mos-craciun-ajunge-la-targul-de-craciun-bucuresti\/#primaryimage"},"thumbnailUrl":"https:\/\/buletin.de\/bucuresti\/wp-content\/uploads\/1-54-1.jpg","datePublished":"2024-12-13T16:05:57+00:00","dateModified":"2024-12-13T16:07:49+00:00","description":"Mo\u0219 Cr\u0103ciun ajunge la T\u00e2rgul de Cr\u0103ciun Bucure\u0219ti, s\u00e2mb\u0103t\u0103, 14 decembrie, de la ora 17:00. \u0218i va fi prezent acolo 11 zile.","breadcrumb":{"@id":"https:\/\/buletin.de\/bucuresti\/mos-craciun-ajunge-la-targul-de-craciun-bucuresti\/#breadcrumb"},"inLanguage":"en-GB","potentialAction":[{"@type":"ReadAction","target":["https:\/\/buletin.de\/bucuresti\/mos-craciun-ajunge-la-targul-de-craciun-bucuresti\/"]}]},{"@type":"ImageObject","inLanguage":"en-GB","@id":"https:\/\/buletin.de\/bucuresti\/mos-craciun-ajunge-la-targul-de-craciun-bucuresti\/#primaryimage","url":"https:\/\/buletin.de\/bucuresti\/wp-content\/uploads\/1-54-1.jpg","contentUrl":"https:\/\/buletin.de\/bucuresti\/wp-content\/uploads\/1-54-1.jpg","width":1600,"height":1067,"caption":"Mo\u0219 Cr\u0103ciun ajunge la T\u00e2rgul de Cr\u0103ciun Bucure\u0219ti. FOTO:"},{"@type":"BreadcrumbList","@id":"https:\/\/buletin.de\/bucuresti\/mos-craciun-ajunge-la-targul-de-craciun-bucuresti\/#breadcrumb","itemListElement":[{"@type":"ListItem","position":1,"name":"Acas\u0103","item":"https:\/\/buletin.de\/bucuresti\/"},{"@type":"ListItem","position":2,"name":"Mo\u0219 Cr\u0103ciun ajunge la T\u00e2rgul de Cr\u0103ciun Bucure\u0219ti"}]},{"@type":"WebSite","@id":"https:\/\/buletin.de\/bucuresti\/#website","url":"https:\/\/buletin.de\/bucuresti\/","name":"Buletin de Bucure\u0219ti","description":"\u0218tiri \u0219i investiga\u021bii esen\u021biale din capital\u0103","publisher":{"@id":"https:\/\/buletin.de\/bucuresti\/#organization"},"potentialAction":[{"@type":"SearchAction","target":{"@type":"EntryPoint","urlTemplate":"https:\/\/buletin.de\/bucuresti\/?s={search_term_string}"},"query-input":{"@type":"PropertyValueSpecification","valueRequired":true,"valueName":"search_term_string"}}],"inLanguage":"en-GB"},{"@type":"Organization","@id":"https:\/\/buletin.de\/bucuresti\/#organization","name":"Buletin de Bucure\u0219ti","url":"https:\/\/buletin.de\/bucuresti\/","logo":{"@type":"ImageObject","inLanguage":"en-GB","@id":"https:\/\/buletin.de\/bucuresti\/#\/schema\/logo\/image\/","url":"https:\/\/buletin.de\/bucuresti\/wp-content\/uploads\/logo-bdb-full-wide-vernil-transparent.png","contentUrl":"https:\/\/buletin.de\/bucuresti\/wp-content\/uploads\/logo-bdb-full-wide-vernil-transparent.png","width":1782,"height":626,"caption":"Buletin de Bucure\u0219ti"},"image":{"@id":"https:\/\/buletin.de\/bucuresti\/#\/schema\/logo\/image\/"},"sameAs":["https:\/\/www.facebook.com\/buletin.de.buc","https:\/\/www.instagram.com\/buletinde.bucuresti\/"]},{"@type":"Person","@id":"https:\/\/buletin.de\/bucuresti\/#\/schema\/person\/7e46040573290777280a0835d81ea4ea","name":"Diana Matei","image":{"@type":"ImageObject","inLanguage":"en-GB","@id":"https:\/\/buletin.de\/bucuresti\/wp-content\/uploads\/9-2-96x96.jpg1e8590b30871d70e62ebcdaf2eff570c","url":"https:\/\/buletin.de\/bucuresti\/wp-content\/uploads\/9-2-96x96.jpg","contentUrl":"https:\/\/buletin.de\/bucuresti\/wp-content\/uploads\/9-2-96x96.jpg","caption":"Diana Matei"},"url":"https:\/\/buletin.de\/bucuresti\/author\/dianamatei\/"}]}},"authors":[{"term_id":22574,"user_id":49,"is_guest":0,"slug":"dianamatei","display_name":"Diana Matei","avatar_url":"https:\/\/buletin.de\/bucuresti\/wp-content\/uploads\/9-2-96x96.jpg","0":null,"1":"","2":"","3":"","4":"","5":"","6":"","7":"","8":""}],"_links":{"self":[{"href":"https:\/\/buletin.de\/bucuresti\/wp-json\/wp\/v2\/posts\/110559","targetHints":{"allow":["GET"]}}],"collection":[{"href":"https:\/\/buletin.de\/bucuresti\/wp-json\/wp\/v2\/posts"}],"about":[{"href":"https:\/\/buletin.de\/bucuresti\/wp-json\/wp\/v2\/types\/post"}],"author":[{"embeddable":true,"href":"https:\/\/buletin.de\/bucuresti\/wp-json\/wp\/v2\/users\/49"}],"replies":[{"embeddable":true,"href":"https:\/\/buletin.de\/bucuresti\/wp-json\/wp\/v2\/comments?post=110559"}],"version-history":[{"count":3,"href":"https:\/\/buletin.de\/bucuresti\/wp-json\/wp\/v2\/posts\/110559\/revisions"}],"predecessor-version":[{"id":110726,"href":"https:\/\/buletin.de\/bucuresti\/wp-json\/wp\/v2\/posts\/110559\/revisions\/110726"}],"wp:featuredmedia":[{"embeddable":true,"href":"https:\/\/buletin.de\/bucuresti\/wp-json\/wp\/v2\/media\/110573"}],"wp:attachment":[{"href":"https:\/\/buletin.de\/bucuresti\/wp-json\/wp\/v2\/media?parent=110559"}],"wp:term":[{"taxonomy":"category","embeddable":true,"href":"https:\/\/buletin.de\/bucuresti\/wp-json\/wp\/v2\/categories?post=110559"},{"taxonomy":"post_tag","embeddable":true,"href":"https:\/\/buletin.de\/bucuresti\/wp-json\/wp\/v2\/tags?post=110559"},{"taxonomy":"author","embeddable":true,"href":"https:\/\/buletin.de\/bucuresti\/wp-json\/wp\/v2\/ppma_author?post=110559"}],"curies":[{"name":"wp","href":"https:\/\/api.w.org\/{rel}","templated":true}]}}