{"id":110550,"date":"2024-12-12T16:59:03","date_gmt":"2024-12-12T13:59:03","guid":{"rendered":"https:\/\/buletin.de\/bucuresti\/?p=110550"},"modified":"2024-12-13T10:11:04","modified_gmt":"2024-12-13T07:11:04","slug":"dosarul-asasinarii-inginerului-ursu","status":"publish","type":"post","link":"https:\/\/buletin.de\/bucuresti\/dosarul-asasinarii-inginerului-ursu\/","title":{"rendered":"Se va rejudeca dosarul asasin\u0103rii inginerului Ursu. Inculpa\u021bii fuseser\u0103 achita\u021bi"},"content":{"rendered":"\n<p><strong>Dosarul asasin\u0103rii inginerului Ursu se va rejudeca, potrivit unui comunicat de pres\u0103 al Parchetului General.  M\u0103sura a fost luat\u0103 dup\u0103 ce Curtea Suprem\u0103 a admis cererea extraordinar\u0103 de revizuire formulat\u0103 de fiul s\u0103u, Andrei Ursu, \u0219i de procurorii din Parchetul General.<\/strong><\/p>\n\n\n\n<p>Cererea de revizuire a hot\u0103r\u00e2rii de achitare a inculpa\u021bilor trimi\u0219i \u00een judecat\u0103 de P\u00ceCCJ \u2013 Sec\u021bia parchetelor militare \u00een aceast\u0103 cauz\u0103 se bazeaz\u0103 pe fapte sau \u00eemprejur\u0103ri care nu au fost cunoscute la solu\u021bionarea cauzei.<\/p>\n\n\n\n<p>Prin sentin\u021ba penal\u0103 a Cur\u021bii de Apel Bucure\u0219ti din data de 9 mai 2024 \u00een acest dosar, a fost respins\u0103 cererea de revizuire declarat\u0103 de Ministerul Public pe 1 noiembrie 2023.<\/p>\n\n\n\n<p><strong>CITE\u0218TE \u0218I:<\/strong> <strong>&nbsp;<a href=\"https:\/\/buletin.de\/bucuresti\/tortionarii-disidentului-gheorghe-ursu-raman-liberi-curtea-de-apel-bucuresti-a-respins-calea-de-atac-a-procurorilor-si-urmasilor\/\">Tor\u0163ionarii disidentului Gheorghe Ursu r\u0103m\u00e2n liberi. Curtea de Apel Bucure\u015fti a respins calea de atac a procurorilor \u015fi urma\u015filor<\/a><\/strong><\/p>\n\n\n\n<h3 class=\"wp-block-heading\" id=\"h-ultima-\u0219ansa-pentru-dreptate-decizia-iccj-cu-privire-la-tor\u021bionarii-inginerului-disident\">\u201eUltima \u0219ans\u0103 pentru dreptate\u201d. Decizia ICCJ cu privire la tor\u021bionarii inginerului-disident <\/h3>\n\n\n\n<p><strong>Hot\u0103r\u00e2rea instan\u0163ei are loc \u00een contextul \u00een care fo\u015ftii ofi\u0163eri de Securitate, Marin P\u00eervulescu \u015fi Vasile Hodi\u015f, au fost&nbsp;<a href=\"https:\/\/buletin.de\/bucuresti\/tortionarii-inginerului-disident-gheorghe-ursu-au-fost-achitati-dupa-cutremurul-din-77-el-a-aratat-ca-planurile-de-consolidare-a-capitalei-au-fost-sistate-prematur\/\">achita\u0163i definitiv \u00een iulie 2023<\/a>. At\u00e2t copiii disidentului ucis, Andrei \u015fi Olga Ursu, c\u00e2t \u015fi Parchetul General au depus o cerere de revizuire a sentin\u0163ei.<\/strong><\/p>\n\n\n\n<p><strong>Andrei Ursu transmitea atunci pentru Buletin de Bucure\u015fti c\u0103 \u00eenc\u0103 mai sper\u0103 c\u0103 \u201eexist\u0103 oameni cu coloan\u0103 vertebral\u0103 \u00een justi\u021bie\u201d , \u00een ciuda experien\u0163elor dezam\u0103gitoare din s\u0103lile de judecat\u0103.<\/strong><\/p>\n\n\n\n<p>\u00cen mai 2024, Curtea de Apel Bucure\u015fti a respins revizuirea cererii deciziei de achitare, a\u015fa cum a scris Buletin de Bucure\u015fti<a href=\"https:\/\/buletin.de\/bucuresti\/tortionarii-disidentului-gheorghe-ursu-raman-liberi-curtea-de-apel-bucuresti-a-respins-calea-de-atac-a-procurorilor-si-urmasilor\/\">&nbsp;aici<\/a>.<\/p>\n\n\n\n<h2 class=\"wp-block-heading\" id=\"h-dosarul-asasinarii-inginerului-ursu-\u0219i-coloana-vertebrala-a-justitiei\">Dosarul asasin\u0103rii inginerului Ursu \u0219i coloana vertebral\u0103 a justi\u0163iei<\/h2>\n\n\n\n<p><strong><mark style=\"background-color:rgba(0, 0, 0, 0)\" class=\"has-inline-color has-vivid-red-color\">Duminic\u0103, 17 noiembrie, s-au  \u00eemplinit 39 de ani de la moartea disidentului Gheorghe Ursu.<\/mark><\/strong><\/p>\n\n\n\n<p>Familia sa lupt\u0103 de mai bine de trei decenii pentru a se face dreptate \u00een dosarul asasin\u0103rii inginerului Ursu, demersurile fiind \u00eencepute chiar dup\u0103 Revolu\u021bia din decembrie 1989, dup\u0103 cum poveste\u0219te Simona Deleanu, doctor \u00een istorie al Universit\u0103\u021bii Bucure\u0219ti,<a href=\"https:\/\/www.contributors.ro\/nu-e-niciodata-prea-tarziu-pentru-dreptate-cazul-gheorghe-ursu\/\">\u00a0aici<\/a>.<\/p>\n\n\n\n<p>Totu\u0219i, Andrei Ursu m\u0103rturisea c\u0103 nu \u0219i-a pierdut speran\u021ba c\u0103 tor\u021bionarii tat\u0103lui s\u0103u, fo\u0219ti ofi\u021beri de Securitate, vor fi pedepsi\u021bi.<\/p>\n\n\n\n<blockquote class=\"wp-block-quote is-layout-flow wp-block-quote-is-layout-flow\">\n<p class=\"has-medium-font-size\">Speran\u021ba moare ultima. Sper\u0103m c\u0103 exist\u0103 oameni cu coloana vertebral\u0103, totu\u0219i, \u00een justi\u021bia rom\u00e2n\u0103, de\u0219i din deciziile care s-au luat \u00een cazul nostru, marea majoritate a judec\u0103torilor par c\u0103 sunt efectiv aservi\u021bi intereselor fostei dictaturi sau ale Securit\u0103\u021bii.<\/p>\n<\/blockquote>\n\n\n\n<p>Fiul inginerului-disident Gheorghe Ursu a explicat c\u0103 declara\u021bia sa se bazeaz\u0103 at\u00e2t pe deciziile instan\u021bei, c\u00e2t \u0219i pe experien\u021ba numeroaselor \u0219edin\u021be de judecat\u0103 la care a participat.<\/p>\n\n\n\n<p>\u201eAu venit martori ai ap\u0103r\u0103rii, securi\u0219ti, generali de securitate \u0219i de SRI, care au r\u0103mas \u00een SRI p\u00e2n\u0103 recent, ale c\u0103ror depozi\u021bii au fost ascultate cu foarte mare aten\u021bie de c\u0103tre instan\u021ba de judecat\u0103, \u00een mod flagrant diferit fa\u021b\u0103 de cum au ascultat depozi\u021biile martorilor no\u0219tri, ai victimelor.<\/p>\n\n\n\n<p><strong>\u00cen cazul victimelor, erau plictisi\u021bi sau nu au consemnat \u00een \u00eentregime declara\u021biile. Erau agasa\u021bi de relat\u0103rile victimelor despre tratamentele la care au fost supuse de c\u0103tre Securitate \u00een anii \u201980<\/strong>.<\/p>\n\n\n\n<p>Ori pe securi\u015fti i-au ascultat cu mare aten\u0163ie. Nu numai at\u00e2t, dar i-au citat \u00een deciziile de achitare. Dau un exemplu, din<a href=\"http:\/\/cnsas.ro\/documente\/cadrele_securitatii\/MALUREANU%20VASILE.pdf\">&nbsp;<strong>Vasile M\u0103lureanu<\/strong><\/a>, un fost maior, colonel de Securitate, cu o istorie. A fost g\u0103sit c\u0103 a \u00eenc\u0103lcat flagrant drepturile omului de c\u0103tre&nbsp;<a href=\"http:\/\/www.cnsas.ro\/documente\/monitoare\/2007\/Malureanu%20Vasile.pdf\">CNSAS<\/a>&nbsp;(Consiliul Na\u021bional pentru Studierea Arhivelor Securit\u0103\u021bii).<\/p>\n\n\n\n<p>\u0218i totu\u0219i a fost general \u00een SRI p\u00e2n\u0103 recent \u0219i invitat la televiziuni p\u00e2n\u0103 recent. A r\u0103mas un st\u00e2lp al dezinform\u0103rii despre rolul securit\u0103\u021bii \u0219i al represiunii, a c\u0103rui depozi\u021bie, m\u0103rturie de la proces a fost citat\u0103 mot-a-mot de c\u0103tre instan\u021ba de judecat\u0103, de c\u0103tre judec\u0103toarea Valerica Voica.<\/p>\n\n\n\n<p>Acest fapt mi se pare foarte semnificativ despre modul cum se raporteaz\u0103 ace\u0219ti judec\u0103tori la ac\u021biunile Securit\u0103\u021bii. Ei iau de bune relat\u0103rile evident mincionoase, dezinformatoare ale securi\u0219tilor \u0219i pe baza lor \u0219i-au fundamentat deciziile de achitare, care evident spun: \u201eNu a existat represiune, nu a existat nici m\u0103car o rela\u021bie de adversitate \u00eentre Securitate \u0219i opozan\u021bi\u201d, a declarat Andrei Ursu, pentru Buletin de Bucure\u0219ti.<\/p>\n\n\n\n<p>\u015ei<a href=\"https:\/\/www.facebook.com\/reriseorg\/posts\/pfbid02EuyYH1YamRsjh5EMsnvSKQm4WR1riu282fwdVFuFUBsFVCkDpmruMSTRU58MgPZHl?__cft__[0]=AZXT-PbVFVH76oHW3405A5sWSV49HxPCtJBG2tjjie8liweFUGfjgqM5Zq3L_n92pkbgZ2GrvV0NDAIw0rvHSIbRNSd0odWCKrDi2DyIRN_Iu4kp-vdVE_4cBfc9_Nxln4m46s-KsA513azoympsOHTLZMKiI8s_tDKwZKg21f2Ang&amp;__tn__=%2CO%2CP-R\">&nbsp;Asocia\u0163ia pentru Reducerea Riscului Seismic \u2013 Re: Rise<\/a>&nbsp;subliniaz\u0103 importan\u0163a pedepsirii celor vinova\u0163i ca un semnal de alarm\u0103 pentru viitor: \u201eNu este o lupt\u0103 dus\u0103 pentru tat\u0103l s\u0103u, ci o lupt\u0103 pentru noi to\u021bi\u201d. <\/p>\n\n\n\n<p><strong>CITE\u0218TE \u0218I:<\/strong> <strong><a href=\"https:\/\/buletin.de\/bucuresti\/reportaj-cutremurul-nestiut-spectacolul-de-teatru-care-reconstituie-sedinta-care-ne-a-alterat-prezentul\/\">REPORTAJ | \u201eCutremurul ne\u0219tiut\u201d, spectacolul de teatru care reconstituie \u0219edin\u021ba care ne-a alterat prezentul<\/a><\/strong><\/p>\n\n\n\n<h2 class=\"wp-block-heading\" id=\"h-eroul-ne\u0219tiut-al-luptei-impotriva-riscului-seismic\">Eroul ne\u0219tiut al luptei \u00eempotriva riscului seismic<\/h2>\n\n\n\n<p><a href=\"https:\/\/buletin.de\/bucuresti\/tortionarii-inginerului-disident-gheorghe-ursu-au-fost-achitati-dupa-cutremurul-din-77-el-a-aratat-ca-planurile-de-consolidare-a-capitalei-au-fost-sistate-prematur\/\">Inginerul Gheorghe Ursu a fost \u0219eful de proiect al consolid\u0103rii Blocului Patria, dup\u0103 cutremurul din martie 1977.&nbsp;<\/a>El a pl\u0103tit cu via\u021ba dup\u0103 ce a ar\u0103tat c\u0103 planurile de consolidare a imobilelor r\u0103mase \u00een picioare, \u0219i a\u0219a minimale, au fost modificate la ordinul direct al lui Nicolae Ceau\u0219escu, care a dispus practic sistarea prematur\u0103 a repara\u021biilor.<\/p>\n\n\n\n<p>Cuv\u00e2ntul de ordine, venit de sus, a fost sa se redea cl\u0103dirilor capacitatea portant\u0103 de dinainte de cutremur. La nici o lun\u0103 dup\u0103 avizarea proiectelor sobre, minimale, o nou\u0103 comisie, condus\u0103 de Inspectorul General de Stat in Construc\u021bii, Mircea Georgescu, a realizat aviz\u0103rile, anul\u00e2nd avizele anterioare, exercit\u00e2nd presiuni asupra \u0219efilor de proiect\u201d. \u2013 &nbsp;SCRISOAREA LUI GHEORGHE URSU C\u0102TRE RADIO EUROPA LIBER\u0102. (SURSA:&nbsp;<a href=\"https:\/\/sites.google.com\/rerise.org\/memorialul\/home?authuser=0\">MEMORIALUL LUI URSU<\/a>)<\/p>\n\n\n\n<p><a href=\"https:\/\/sites.google.com\/rerise.org\/memorialul\/home?authuser=0\"><strong>Dup\u0103 ce a fost turnat de subordona\u021bii s\u0103i, care au i-au furat jurnalul personal \u0219i l-au predat Securit\u0103\u021bii, este \u00eencarcerat.&nbsp;<\/strong><\/a>Tot cu acesta ocazie, Securitatea descoper\u0103 c\u0103 el este autorul scrisorii, lucru care a \u00eensemnat practic condamnarea sa la moarte.<\/p>\n\n\n\n<p>\u00cen data de 17 noiembrie 1985, dup\u0103 zile de tortur\u0103 \u00een care a refuzat constant s\u0103-\u0219i toarne apropia\u021bii, Gheorghe Ursu moare la Spitalul Penitenciar Jilava.<\/p>\n\n\n\n<p><strong>CITE\u0218TE \u0218I:<\/strong> <a href=\"https:\/\/buletin.de\/bucuresti\/frauda-cu-terenuri-de-aproape-14-milioane-de-euro-in-zone-strategice-din-bucuresti-si-ilfov-saisprezece-persoane-retinute\/\"><strong>Fraud\u0103 cu terenuri de aproape 14 milioane de euro, \u00een \u201ezone strategice\u201d din Bucure\u015fti \u015fi Ilfov. \u015eaisprezece persoane re\u0163inute<\/strong><\/a><\/p>\n\n\n\n<p><\/p>\n\n\n\n<p><\/p>\n\n\n\n<p><\/p>\n","protected":false},"excerpt":{"rendered":"<p>Dosarul asasin\u0103rii inginerului Ursu se va rejudeca, potrivit unui comunicat de pres\u0103 al Parchetului General. M\u0103sura a fost luat\u0103 dup\u0103 ce Curtea Suprem\u0103 a admis cererea extraordinar\u0103 de revizuire formulat\u0103 de fiul s\u0103u, Andrei Ursu, \u0219i de procurorii din Parchetul General. Cererea de revizuire a hot\u0103r\u00e2rii de achitare a inculpa\u021bilor trimi\u0219i \u00een judecat\u0103 de P\u00ceCCJ [&hellip;]<\/p>\n","protected":false},"author":49,"featured_media":110552,"comment_status":"closed","ping_status":"open","sticky":false,"template":"","format":"standard","meta":{"_acf_changed":false,"inline_featured_image":false,"ngg_post_thumbnail":0,"footnotes":""},"categories":[6994,9026,5762],"tags":[17637,3337,2579,17636,17635],"ppma_author":[22574],"class_list":["post-110550","post","type-post","status-publish","format-standard","has-post-thumbnail","hentry","category-stiri-2","category-eveniment","category-main","tag-decizie-iccj","tag-gheorghe-ursu","tag-iccj","tag-marin-parvulescu","tag-vasile-hodis"],"acf":[],"yoast_head":"<!-- This site is optimized with the Yoast SEO Premium plugin v25.3 (Yoast SEO v27.5) - https:\/\/yoast.com\/product\/yoast-seo-premium-wordpress\/ -->\n<title>Se va rejudeca dosarul asasin\u0103rii inginerului Ursu. Inculpa\u021bii fuseser\u0103 achita\u021bi - Buletin de Bucure\u0219ti<\/title>\n<meta name=\"description\" content=\"Gheorghe Ursu. Se reia dosarul asasin\u0103rii inginerului Gheorghe Ursu. Inculpa\u021bii fuseser\u0103 achita\u021bi in 2019.\" \/>\n<meta name=\"robots\" content=\"index, follow, max-snippet:-1, max-image-preview:large, max-video-preview:-1\" \/>\n<link rel=\"canonical\" href=\"https:\/\/buletin.de\/bucuresti\/dosarul-asasinarii-inginerului-ursu\/\" \/>\n<meta property=\"og:locale\" content=\"en_GB\" \/>\n<meta property=\"og:type\" content=\"article\" \/>\n<meta property=\"og:title\" content=\"Se va rejudeca dosarul asasin\u0103rii inginerului Ursu. Inculpa\u021bii fuseser\u0103 achita\u021bi\" \/>\n<meta property=\"og:description\" content=\"Gheorghe Ursu. Se reia dosarul asasin\u0103rii inginerului Gheorghe Ursu. Inculpa\u021bii fuseser\u0103 achita\u021bi in 2019.\" \/>\n<meta property=\"og:url\" content=\"https:\/\/buletin.de\/bucuresti\/dosarul-asasinarii-inginerului-ursu\/\" \/>\n<meta property=\"og:site_name\" content=\"Buletin de Bucure\u0219ti\" \/>\n<meta property=\"article:publisher\" content=\"https:\/\/www.facebook.com\/buletin.de.buc\" \/>\n<meta property=\"article:published_time\" content=\"2024-12-12T13:59:03+00:00\" \/>\n<meta property=\"article:modified_time\" content=\"2024-12-13T07:11:04+00:00\" \/>\n<meta property=\"og:image\" content=\"https:\/\/buletin.de\/bucuresti\/wp-content\/uploads\/Screenshot-2021-12-11-at-11.51.23-1068x652-1-1.jpg\" \/>\n\t<meta property=\"og:image:width\" content=\"1068\" \/>\n\t<meta property=\"og:image:height\" content=\"652\" \/>\n\t<meta property=\"og:image:type\" content=\"image\/jpeg\" \/>\n<meta name=\"author\" content=\"Diana Matei\" \/>\n<meta name=\"twitter:card\" content=\"summary_large_image\" \/>\n<meta name=\"twitter:label1\" content=\"Written by\" \/>\n\t<meta name=\"twitter:data1\" content=\"Diana Matei\" \/>\n\t<meta name=\"twitter:label2\" content=\"Estimated reading time\" \/>\n\t<meta name=\"twitter:data2\" content=\"4 minutes\" \/>\n<script type=\"application\/ld+json\" class=\"yoast-schema-graph\">{\"@context\":\"https:\\\/\\\/schema.org\",\"@graph\":[{\"@type\":\"Article\",\"@id\":\"https:\\\/\\\/buletin.de\\\/bucuresti\\\/dosarul-asasinarii-inginerului-ursu\\\/#article\",\"isPartOf\":{\"@id\":\"https:\\\/\\\/buletin.de\\\/bucuresti\\\/dosarul-asasinarii-inginerului-ursu\\\/\"},\"author\":{\"name\":\"Diana Matei\",\"@id\":\"https:\\\/\\\/buletin.de\\\/bucuresti\\\/#\\\/schema\\\/person\\\/7e46040573290777280a0835d81ea4ea\"},\"headline\":\"Se va rejudeca dosarul asasin\u0103rii inginerului Ursu. Inculpa\u021bii fuseser\u0103 achita\u021bi\",\"datePublished\":\"2024-12-12T13:59:03+00:00\",\"dateModified\":\"2024-12-13T07:11:04+00:00\",\"mainEntityOfPage\":{\"@id\":\"https:\\\/\\\/buletin.de\\\/bucuresti\\\/dosarul-asasinarii-inginerului-ursu\\\/\"},\"wordCount\":1048,\"publisher\":{\"@id\":\"https:\\\/\\\/buletin.de\\\/bucuresti\\\/#organization\"},\"image\":{\"@id\":\"https:\\\/\\\/buletin.de\\\/bucuresti\\\/dosarul-asasinarii-inginerului-ursu\\\/#primaryimage\"},\"thumbnailUrl\":\"https:\\\/\\\/buletin.de\\\/bucuresti\\\/wp-content\\\/uploads\\\/Screenshot-2021-12-11-at-11.51.23-1068x652-1-1.jpg\",\"keywords\":[\"decizie ICCJ\",\"gheorghe ursu\",\"ICCJ\",\"Marin P\u00e2rvulescu\",\"Vasile Hodi\u015f\"],\"articleSection\":[\"Articole\",\"Eveniment\",\"Main\"],\"inLanguage\":\"en-GB\",\"copyrightYear\":\"2024\",\"copyrightHolder\":{\"@id\":\"https:\\\/\\\/buletin.de\\\/bucuresti\\\/#organization\"}},{\"@type\":\"WebPage\",\"@id\":\"https:\\\/\\\/buletin.de\\\/bucuresti\\\/dosarul-asasinarii-inginerului-ursu\\\/\",\"url\":\"https:\\\/\\\/buletin.de\\\/bucuresti\\\/dosarul-asasinarii-inginerului-ursu\\\/\",\"name\":\"Se va rejudeca dosarul asasin\u0103rii inginerului Ursu. Inculpa\u021bii fuseser\u0103 achita\u021bi - Buletin de Bucure\u0219ti\",\"isPartOf\":{\"@id\":\"https:\\\/\\\/buletin.de\\\/bucuresti\\\/#website\"},\"primaryImageOfPage\":{\"@id\":\"https:\\\/\\\/buletin.de\\\/bucuresti\\\/dosarul-asasinarii-inginerului-ursu\\\/#primaryimage\"},\"image\":{\"@id\":\"https:\\\/\\\/buletin.de\\\/bucuresti\\\/dosarul-asasinarii-inginerului-ursu\\\/#primaryimage\"},\"thumbnailUrl\":\"https:\\\/\\\/buletin.de\\\/bucuresti\\\/wp-content\\\/uploads\\\/Screenshot-2021-12-11-at-11.51.23-1068x652-1-1.jpg\",\"datePublished\":\"2024-12-12T13:59:03+00:00\",\"dateModified\":\"2024-12-13T07:11:04+00:00\",\"description\":\"Gheorghe Ursu. Se reia dosarul asasin\u0103rii inginerului Gheorghe Ursu. Inculpa\u021bii fuseser\u0103 achita\u021bi in 2019.\",\"breadcrumb\":{\"@id\":\"https:\\\/\\\/buletin.de\\\/bucuresti\\\/dosarul-asasinarii-inginerului-ursu\\\/#breadcrumb\"},\"inLanguage\":\"en-GB\",\"potentialAction\":[{\"@type\":\"ReadAction\",\"target\":[\"https:\\\/\\\/buletin.de\\\/bucuresti\\\/dosarul-asasinarii-inginerului-ursu\\\/\"]}]},{\"@type\":\"ImageObject\",\"inLanguage\":\"en-GB\",\"@id\":\"https:\\\/\\\/buletin.de\\\/bucuresti\\\/dosarul-asasinarii-inginerului-ursu\\\/#primaryimage\",\"url\":\"https:\\\/\\\/buletin.de\\\/bucuresti\\\/wp-content\\\/uploads\\\/Screenshot-2021-12-11-at-11.51.23-1068x652-1-1.jpg\",\"contentUrl\":\"https:\\\/\\\/buletin.de\\\/bucuresti\\\/wp-content\\\/uploads\\\/Screenshot-2021-12-11-at-11.51.23-1068x652-1-1.jpg\",\"width\":1068,\"height\":652,\"caption\":\"Se reia dosarul asasin\u0103rii inginerului Gheorghe Ursu. Inculpa\u021bii fuseser\u0103 achita\u021bi. FOTO: Arhiva\"},{\"@type\":\"BreadcrumbList\",\"@id\":\"https:\\\/\\\/buletin.de\\\/bucuresti\\\/dosarul-asasinarii-inginerului-ursu\\\/#breadcrumb\",\"itemListElement\":[{\"@type\":\"ListItem\",\"position\":1,\"name\":\"Acas\u0103\",\"item\":\"https:\\\/\\\/buletin.de\\\/bucuresti\\\/\"},{\"@type\":\"ListItem\",\"position\":2,\"name\":\"Se va rejudeca dosarul asasin\u0103rii inginerului Ursu. Inculpa\u021bii fuseser\u0103 achita\u021bi\"}]},{\"@type\":\"WebSite\",\"@id\":\"https:\\\/\\\/buletin.de\\\/bucuresti\\\/#website\",\"url\":\"https:\\\/\\\/buletin.de\\\/bucuresti\\\/\",\"name\":\"Buletin de Bucure\u0219ti\",\"description\":\"\u0218tiri \u0219i investiga\u021bii esen\u021biale din capital\u0103\",\"publisher\":{\"@id\":\"https:\\\/\\\/buletin.de\\\/bucuresti\\\/#organization\"},\"potentialAction\":[{\"@type\":\"SearchAction\",\"target\":{\"@type\":\"EntryPoint\",\"urlTemplate\":\"https:\\\/\\\/buletin.de\\\/bucuresti\\\/?s={search_term_string}\"},\"query-input\":{\"@type\":\"PropertyValueSpecification\",\"valueRequired\":true,\"valueName\":\"search_term_string\"}}],\"inLanguage\":\"en-GB\"},{\"@type\":\"Organization\",\"@id\":\"https:\\\/\\\/buletin.de\\\/bucuresti\\\/#organization\",\"name\":\"Buletin de Bucure\u0219ti\",\"url\":\"https:\\\/\\\/buletin.de\\\/bucuresti\\\/\",\"logo\":{\"@type\":\"ImageObject\",\"inLanguage\":\"en-GB\",\"@id\":\"https:\\\/\\\/buletin.de\\\/bucuresti\\\/#\\\/schema\\\/logo\\\/image\\\/\",\"url\":\"https:\\\/\\\/buletin.de\\\/bucuresti\\\/wp-content\\\/uploads\\\/logo-bdb-full-wide-vernil-transparent.png\",\"contentUrl\":\"https:\\\/\\\/buletin.de\\\/bucuresti\\\/wp-content\\\/uploads\\\/logo-bdb-full-wide-vernil-transparent.png\",\"width\":1782,\"height\":626,\"caption\":\"Buletin de Bucure\u0219ti\"},\"image\":{\"@id\":\"https:\\\/\\\/buletin.de\\\/bucuresti\\\/#\\\/schema\\\/logo\\\/image\\\/\"},\"sameAs\":[\"https:\\\/\\\/www.facebook.com\\\/buletin.de.buc\",\"https:\\\/\\\/www.instagram.com\\\/buletinde.bucuresti\\\/\"]},{\"@type\":\"Person\",\"@id\":\"https:\\\/\\\/buletin.de\\\/bucuresti\\\/#\\\/schema\\\/person\\\/7e46040573290777280a0835d81ea4ea\",\"name\":\"Diana Matei\",\"image\":{\"@type\":\"ImageObject\",\"inLanguage\":\"en-GB\",\"@id\":\"https:\\\/\\\/buletin.de\\\/bucuresti\\\/wp-content\\\/uploads\\\/9-2-96x96.jpg1e8590b30871d70e62ebcdaf2eff570c\",\"url\":\"https:\\\/\\\/buletin.de\\\/bucuresti\\\/wp-content\\\/uploads\\\/9-2-96x96.jpg\",\"contentUrl\":\"https:\\\/\\\/buletin.de\\\/bucuresti\\\/wp-content\\\/uploads\\\/9-2-96x96.jpg\",\"caption\":\"Diana Matei\"},\"url\":\"https:\\\/\\\/buletin.de\\\/bucuresti\\\/author\\\/dianamatei\\\/\"}]}<\/script>\n<!-- \/ Yoast SEO Premium plugin. -->","yoast_head_json":{"title":"Se va rejudeca dosarul asasin\u0103rii inginerului Ursu. Inculpa\u021bii fuseser\u0103 achita\u021bi - Buletin de Bucure\u0219ti","description":"Gheorghe Ursu. Se reia dosarul asasin\u0103rii inginerului Gheorghe Ursu. Inculpa\u021bii fuseser\u0103 achita\u021bi in 2019.","robots":{"index":"index","follow":"follow","max-snippet":"max-snippet:-1","max-image-preview":"max-image-preview:large","max-video-preview":"max-video-preview:-1"},"canonical":"https:\/\/buletin.de\/bucuresti\/dosarul-asasinarii-inginerului-ursu\/","og_locale":"en_GB","og_type":"article","og_title":"Se va rejudeca dosarul asasin\u0103rii inginerului Ursu. Inculpa\u021bii fuseser\u0103 achita\u021bi","og_description":"Gheorghe Ursu. Se reia dosarul asasin\u0103rii inginerului Gheorghe Ursu. Inculpa\u021bii fuseser\u0103 achita\u021bi in 2019.","og_url":"https:\/\/buletin.de\/bucuresti\/dosarul-asasinarii-inginerului-ursu\/","og_site_name":"Buletin de Bucure\u0219ti","article_publisher":"https:\/\/www.facebook.com\/buletin.de.buc","article_published_time":"2024-12-12T13:59:03+00:00","article_modified_time":"2024-12-13T07:11:04+00:00","og_image":[{"width":1068,"height":652,"url":"https:\/\/buletin.de\/bucuresti\/wp-content\/uploads\/Screenshot-2021-12-11-at-11.51.23-1068x652-1-1.jpg","type":"image\/jpeg"}],"author":"Diana Matei","twitter_card":"summary_large_image","twitter_misc":{"Written by":"Diana Matei","Estimated reading time":"4 minutes"},"schema":{"@context":"https:\/\/schema.org","@graph":[{"@type":"Article","@id":"https:\/\/buletin.de\/bucuresti\/dosarul-asasinarii-inginerului-ursu\/#article","isPartOf":{"@id":"https:\/\/buletin.de\/bucuresti\/dosarul-asasinarii-inginerului-ursu\/"},"author":{"name":"Diana Matei","@id":"https:\/\/buletin.de\/bucuresti\/#\/schema\/person\/7e46040573290777280a0835d81ea4ea"},"headline":"Se va rejudeca dosarul asasin\u0103rii inginerului Ursu. Inculpa\u021bii fuseser\u0103 achita\u021bi","datePublished":"2024-12-12T13:59:03+00:00","dateModified":"2024-12-13T07:11:04+00:00","mainEntityOfPage":{"@id":"https:\/\/buletin.de\/bucuresti\/dosarul-asasinarii-inginerului-ursu\/"},"wordCount":1048,"publisher":{"@id":"https:\/\/buletin.de\/bucuresti\/#organization"},"image":{"@id":"https:\/\/buletin.de\/bucuresti\/dosarul-asasinarii-inginerului-ursu\/#primaryimage"},"thumbnailUrl":"https:\/\/buletin.de\/bucuresti\/wp-content\/uploads\/Screenshot-2021-12-11-at-11.51.23-1068x652-1-1.jpg","keywords":["decizie ICCJ","gheorghe ursu","ICCJ","Marin P\u00e2rvulescu","Vasile Hodi\u015f"],"articleSection":["Articole","Eveniment","Main"],"inLanguage":"en-GB","copyrightYear":"2024","copyrightHolder":{"@id":"https:\/\/buletin.de\/bucuresti\/#organization"}},{"@type":"WebPage","@id":"https:\/\/buletin.de\/bucuresti\/dosarul-asasinarii-inginerului-ursu\/","url":"https:\/\/buletin.de\/bucuresti\/dosarul-asasinarii-inginerului-ursu\/","name":"Se va rejudeca dosarul asasin\u0103rii inginerului Ursu. Inculpa\u021bii fuseser\u0103 achita\u021bi - Buletin de Bucure\u0219ti","isPartOf":{"@id":"https:\/\/buletin.de\/bucuresti\/#website"},"primaryImageOfPage":{"@id":"https:\/\/buletin.de\/bucuresti\/dosarul-asasinarii-inginerului-ursu\/#primaryimage"},"image":{"@id":"https:\/\/buletin.de\/bucuresti\/dosarul-asasinarii-inginerului-ursu\/#primaryimage"},"thumbnailUrl":"https:\/\/buletin.de\/bucuresti\/wp-content\/uploads\/Screenshot-2021-12-11-at-11.51.23-1068x652-1-1.jpg","datePublished":"2024-12-12T13:59:03+00:00","dateModified":"2024-12-13T07:11:04+00:00","description":"Gheorghe Ursu. Se reia dosarul asasin\u0103rii inginerului Gheorghe Ursu. Inculpa\u021bii fuseser\u0103 achita\u021bi in 2019.","breadcrumb":{"@id":"https:\/\/buletin.de\/bucuresti\/dosarul-asasinarii-inginerului-ursu\/#breadcrumb"},"inLanguage":"en-GB","potentialAction":[{"@type":"ReadAction","target":["https:\/\/buletin.de\/bucuresti\/dosarul-asasinarii-inginerului-ursu\/"]}]},{"@type":"ImageObject","inLanguage":"en-GB","@id":"https:\/\/buletin.de\/bucuresti\/dosarul-asasinarii-inginerului-ursu\/#primaryimage","url":"https:\/\/buletin.de\/bucuresti\/wp-content\/uploads\/Screenshot-2021-12-11-at-11.51.23-1068x652-1-1.jpg","contentUrl":"https:\/\/buletin.de\/bucuresti\/wp-content\/uploads\/Screenshot-2021-12-11-at-11.51.23-1068x652-1-1.jpg","width":1068,"height":652,"caption":"Se reia dosarul asasin\u0103rii inginerului Gheorghe Ursu. Inculpa\u021bii fuseser\u0103 achita\u021bi. FOTO: Arhiva"},{"@type":"BreadcrumbList","@id":"https:\/\/buletin.de\/bucuresti\/dosarul-asasinarii-inginerului-ursu\/#breadcrumb","itemListElement":[{"@type":"ListItem","position":1,"name":"Acas\u0103","item":"https:\/\/buletin.de\/bucuresti\/"},{"@type":"ListItem","position":2,"name":"Se va rejudeca dosarul asasin\u0103rii inginerului Ursu. Inculpa\u021bii fuseser\u0103 achita\u021bi"}]},{"@type":"WebSite","@id":"https:\/\/buletin.de\/bucuresti\/#website","url":"https:\/\/buletin.de\/bucuresti\/","name":"Buletin de Bucure\u0219ti","description":"\u0218tiri \u0219i investiga\u021bii esen\u021biale din capital\u0103","publisher":{"@id":"https:\/\/buletin.de\/bucuresti\/#organization"},"potentialAction":[{"@type":"SearchAction","target":{"@type":"EntryPoint","urlTemplate":"https:\/\/buletin.de\/bucuresti\/?s={search_term_string}"},"query-input":{"@type":"PropertyValueSpecification","valueRequired":true,"valueName":"search_term_string"}}],"inLanguage":"en-GB"},{"@type":"Organization","@id":"https:\/\/buletin.de\/bucuresti\/#organization","name":"Buletin de Bucure\u0219ti","url":"https:\/\/buletin.de\/bucuresti\/","logo":{"@type":"ImageObject","inLanguage":"en-GB","@id":"https:\/\/buletin.de\/bucuresti\/#\/schema\/logo\/image\/","url":"https:\/\/buletin.de\/bucuresti\/wp-content\/uploads\/logo-bdb-full-wide-vernil-transparent.png","contentUrl":"https:\/\/buletin.de\/bucuresti\/wp-content\/uploads\/logo-bdb-full-wide-vernil-transparent.png","width":1782,"height":626,"caption":"Buletin de Bucure\u0219ti"},"image":{"@id":"https:\/\/buletin.de\/bucuresti\/#\/schema\/logo\/image\/"},"sameAs":["https:\/\/www.facebook.com\/buletin.de.buc","https:\/\/www.instagram.com\/buletinde.bucuresti\/"]},{"@type":"Person","@id":"https:\/\/buletin.de\/bucuresti\/#\/schema\/person\/7e46040573290777280a0835d81ea4ea","name":"Diana Matei","image":{"@type":"ImageObject","inLanguage":"en-GB","@id":"https:\/\/buletin.de\/bucuresti\/wp-content\/uploads\/9-2-96x96.jpg1e8590b30871d70e62ebcdaf2eff570c","url":"https:\/\/buletin.de\/bucuresti\/wp-content\/uploads\/9-2-96x96.jpg","contentUrl":"https:\/\/buletin.de\/bucuresti\/wp-content\/uploads\/9-2-96x96.jpg","caption":"Diana Matei"},"url":"https:\/\/buletin.de\/bucuresti\/author\/dianamatei\/"}]}},"authors":[{"term_id":22574,"user_id":49,"is_guest":0,"slug":"dianamatei","display_name":"Diana Matei","avatar_url":"https:\/\/buletin.de\/bucuresti\/wp-content\/uploads\/9-2-96x96.jpg","0":null,"1":"","2":"","3":"","4":"","5":"","6":"","7":"","8":""}],"_links":{"self":[{"href":"https:\/\/buletin.de\/bucuresti\/wp-json\/wp\/v2\/posts\/110550","targetHints":{"allow":["GET"]}}],"collection":[{"href":"https:\/\/buletin.de\/bucuresti\/wp-json\/wp\/v2\/posts"}],"about":[{"href":"https:\/\/buletin.de\/bucuresti\/wp-json\/wp\/v2\/types\/post"}],"author":[{"embeddable":true,"href":"https:\/\/buletin.de\/bucuresti\/wp-json\/wp\/v2\/users\/49"}],"replies":[{"embeddable":true,"href":"https:\/\/buletin.de\/bucuresti\/wp-json\/wp\/v2\/comments?post=110550"}],"version-history":[{"count":5,"href":"https:\/\/buletin.de\/bucuresti\/wp-json\/wp\/v2\/posts\/110550\/revisions"}],"predecessor-version":[{"id":110623,"href":"https:\/\/buletin.de\/bucuresti\/wp-json\/wp\/v2\/posts\/110550\/revisions\/110623"}],"wp:featuredmedia":[{"embeddable":true,"href":"https:\/\/buletin.de\/bucuresti\/wp-json\/wp\/v2\/media\/110552"}],"wp:attachment":[{"href":"https:\/\/buletin.de\/bucuresti\/wp-json\/wp\/v2\/media?parent=110550"}],"wp:term":[{"taxonomy":"category","embeddable":true,"href":"https:\/\/buletin.de\/bucuresti\/wp-json\/wp\/v2\/categories?post=110550"},{"taxonomy":"post_tag","embeddable":true,"href":"https:\/\/buletin.de\/bucuresti\/wp-json\/wp\/v2\/tags?post=110550"},{"taxonomy":"author","embeddable":true,"href":"https:\/\/buletin.de\/bucuresti\/wp-json\/wp\/v2\/ppma_author?post=110550"}],"curies":[{"name":"wp","href":"https:\/\/api.w.org\/{rel}","templated":true}]}}