{"id":110422,"date":"2024-12-11T17:00:45","date_gmt":"2024-12-11T14:00:45","guid":{"rendered":"https:\/\/buletin.de\/bucuresti\/?p=110422"},"modified":"2024-12-19T19:22:02","modified_gmt":"2024-12-19T16:22:02","slug":"clotilde-armand-a-pierdut-definitiv-procesul-cu-agentia-nationala-de-integritate-voi-ataca-decizia-de-astazi-la-instantele-europene","status":"publish","type":"post","link":"https:\/\/buletin.de\/bucuresti\/clotilde-armand-a-pierdut-definitiv-procesul-cu-agentia-nationala-de-integritate-voi-ataca-decizia-de-astazi-la-instantele-europene\/","title":{"rendered":"Clotilde Armand a pierdut definitiv procesul cu Agen\u021bia Na\u021bional\u0103 de Integritate. \u201eVoi ataca decizia la instan\u021bele europene\u201d"},"content":{"rendered":"\n<p><strong>Clotilde Armand a pierdut, \u00een decembrie, procesul pe care i l-a deschis Agen\u021bia Na\u021bional\u0103 de Integritate (ANI). \u00cenalta Curte de Casa\u021bie \u0219i Justi\u021bie (ICCJ) a respins, miercuri, recursul f\u0103cut de fostul primar al Sectorului 1.<\/strong><\/p>\n\n\n\n<p><strong>ANI a acuzat-o \u00een 2022 pe Clotilde Armand de incompatibilitate \u0219i conflict de interese pentru c\u0103 s-ar fi numit, ilegal, manager la un proiect cu fonduri europene implementat de Prim\u0103ria Sectorului 1, pe care o conducea la acea vreme. Clotilde Armand a declarat c\u0103 urmeaz\u0103 s\u0103 atace decizia ICCJ la instan\u021bele europene. <\/strong><\/p>\n\n\n\n<blockquote class=\"wp-block-quote is-layout-flow wp-block-quote-is-layout-flow\">\n<p class=\"has-medium-font-size\">Respinge recursul declarat de recurenta-reclamant\u0103 Clotilde Marie Brigitte Armand \u00eempotriva sentin\u0163ei nr. 389 din 11 martie 2024 pronun\u0163ate de Curtea de Apel Bucure\u015fti \u2013 Sec\u0163ia a IX-a contencios administrativ \u015fi fiscal \u015fi recursul declarat de recurenta reclamant\u0103 \u00eempotriva aceleia\u015fi sentin\u0163e, \u00een ceea ce prive\u015fte solu\u0163ia de respingere a cererii de sesizare a Cur\u0163ii Constitu\u0163ionale, ca nefondate. Definitiv\u0103.&nbsp;<\/p>\n<\/blockquote>\n\n\n\n<p><strong>Dup\u0103 ce Clotilde Armand a pierdut procesul la Curtea Suprem\u0103 din Rom\u00e2nia, aceasta a publicat pe Facebook un mesaj \u00een care acuz\u0103 Partidul Social Democrat (PSD) c\u0103 ar fi intervenit \u00een decizia magistra\u0163ilor. <\/strong><\/p>\n\n\n\n<p><strong>Mai mult, Armand sus\u021bine \u0219i c\u0103 sunt sute de primari PSD \u0219i PNL \u201e<em>care<\/em> <em>beneficiaz\u0103 de acelea\u0219i condi\u021bii<\/em>\u201d.<\/strong><\/p>\n\n\n\n<p>\u201e\u00cen cazul meu nimeni nu poate spune care este prejudiciul cauzat de fapta \u00een spe\u021b\u0103. Nici m\u0103car procurorii sau inspectorii ANI. Este un dosar at\u00e2t de caraghios \u00eenc\u00e2t a fost nevoie de patru procurori s\u0103 fie schimba\u021bi p\u00e2n\u0103 c\u00e2nd PSD a g\u0103sit unul care s\u0103 execute ordinele. <\/p>\n\n\n\n<p>Prefectul \u0219i directorii departamentelor juridic \u0219i economic din prim\u0103rie au semnat pentru legalitatea acelor dispozi\u021bii declarate acum cu probleme. <\/p>\n\n\n\n<p>O mascarad\u0103. Sunt sute de primari PSD-PNL care beneficiaz\u0103 de acelea\u0219i condi\u021bii\u201d, se arat\u0103 \u00een r\u0103spunsul publicat de Clotilde Armand pe Facebook.<\/p>\n\n\n\n<p>\u00cen \u00eencheierea mesajului publicat pe Facebook, fostul primar de sector sus\u021bine c\u0103 urmeaz\u0103 s\u0103 atace decizia luat\u0103 de ICCJ la instan\u021bele europene.<\/p>\n\n\n\n<p><strong>Clotilde Armand a fost aleas\u0103 senator pe listele Uniunii Salva\u021bi Rom\u00e2nia (USR) la alegerile parlamentare de pe 1 decembrie. \u00cens\u0103, decizia venit\u0103 ast\u0103zi, 11 decembrie, ar putea s\u0103 o \u00eempiedice s\u0103 ocupe fotoliul de senator \u00een noul legislativ pentru c\u0103 ANI a cerut ca, timp de 3 ani, fostul primar al Sectorului 1 s\u0103 nu poat\u0103 ocupa vreo func\u021bie public\u0103.<\/strong><\/p>\n\n\n\n<p>\u00cen 2022, <a href=\"https:\/\/integritate.eu\/\">Agen\u021bia Na\u021bional\u0103 de Integritate<\/a> a sesizat at\u00e2t Parchetul \u0219i Institu\u021bia Prefectului cu privire la cazul Clotilde Armand.<\/p>\n\n\n\n<p>Dup\u0103 ce informa\u021bia a ajuns \u00een spa\u021biul public a \u00eenceput un \u00eentreg conflict \u00eentre ANI \u0219i fostul primar de Sector. Clotilde Armand a acuzat Agen\u021bia de Integritate c\u0103 nu a fost \u00een\u0219tiin\u021bat\u0103 despre aceast\u0103 incompatibilitate, iar, \u00een replic\u0103, aceasta a venit cu dovezi care ar\u0103tau c\u0103 ceruse acces la dosar, \u00eens\u0103 nu i s-ar fi oferit.<\/p>\n\n\n\n<h2 class=\"wp-block-heading\" id=\"h-clotilde-armand-a-pierdut-vlad-voiculescu-a-confirmat-ca-mandatul-de-senator-revine-urmatorului-candidat-usr\">Clotilde Armand a pierdut. Vlad Voiculescu a confirmat c\u0103 mandatul de Senator revine urm\u0103torului candidat USR<\/h2>\n\n\n\n<p><strong>Pre\u015fedintele USR Bucure\u015fti, Vlad Voiculescu, confirm\u0103 c\u0103 Armand \u00ee\u015fi pierde mandatul de senator. Acesta va reveni urm\u0103torului de pe list\u0103. Practic, locul \u00een Senat \u00eei va reveni Simonei-Elena Sp\u0103taru.<\/strong><\/p>\n\n\n\n<p>\u201e<strong>Am luat la cuno\u0219tin\u021b\u0103 decizia I.C.C.J. pronun\u021bat\u0103 ast\u0103zi prin care s-a respins recursul formulat de dna Clotilde Armand \u00een contencios-administrativ \u00eempotriva raportului ANI.<\/strong><\/p>\n\n\n\n<p>Pentru claritate, decizia de azi nu este pronun\u021bat\u0103 de o instan\u021b\u0103 penal\u0103, nici nu confer\u0103 caracter penal conduitei dnei Armand, nefiind vorba de o ,,condamnare\u201d a acesteia.<\/p>\n\n\n\n<p><strong>Este pronun\u021bat\u0103 de o instan\u021b\u0103 de contencios administrativ iar analiza instan\u021bei se refer\u0103 exclusiv la aspecte de natur\u0103 administrativ\u0103 \u0219i nu penal\u0103.<\/strong><\/p>\n\n\n\n<p>\u00cen orice caz, dat fiind c\u0103 aceast\u0103 hot\u0103r\u00e2re este definitiv\u0103, va fi pus\u0103 \u00een executare \u00een sensul c\u0103 dna Clotilde Armand nu-\u0219i va putea prelua mandatul de parlamentar \u00eentruc\u00e2t, de la data r\u0103m\u00e2nerii definitive \u015fi irevocabile a hot\u0103r\u00e2rii judec\u0103tore\u015fti de confirmare a existen\u0163ei unui conflict de interese sau a unei st\u0103ri de incompatibilitate, opereaz\u0103 interdic\u021bia de a mai ocupa o func\u021bie public\u0103, printre care \u0219i cea de parlamentar, pentru o perioad\u0103 de 3 ani. <\/p>\n\n\n\n<p>Astfel, mandatul va fi preluat de urm\u0103torul candidat aflat pe lista USR la alegerile Bucure\u0219ti pentru Senat.<\/p>\n\n\n\n<p><strong>Pentru mine, o nedreptate r\u0103m\u00e2ne o nedreptate.<\/strong><\/p>\n\n\n\n<p>Demersurile administrative la care face referire ANI au fost validate at\u00e2t de func\u021bionarii din interiorul Prim\u0103riei Sectorului 1 c\u00e2t \u0219i de prefectur\u0103. <\/p>\n\n\n\n<p>Cu toate astea, singura persoan\u0103 h\u0103r\u021buit\u0103 de func\u021bionarii ANI este Clotilde Armand. Clotilde Armand este pentru mine un simbol al integrit\u0103\u021bii \u0219i al curajului \u00een fa\u021ba unui sistem corupt \u0219i ostil schimb\u0103rii. Clotilde a luptat pentru transparen\u021b\u0103, pentru dreptate, \u00eempotriva jafului din banul public. \u00cen aceast\u0103 lupt\u0103, nu de pu\u021bine ori, a deranjat interesele unor mafio\u021bi \u0219i ale unor politicieni din buzunarele acestora.<\/p>\n\n\n\n<p><strong><em>Dup\u0103 publicarea motivar\u0103rii I.C.C.J., vom ini\u021bia noi demersuri judiciare<\/em><\/strong>\u201d, <\/p>\n\n\n\n<p><strong>CITE\u0218TE \u0218I: <\/strong><\/p>\n\n\n\n<ul class=\"wp-block-list\">\n<li><a href=\"https:\/\/buletin.de\/bucuresti\/clotilde-armand-contrazice-ani-a-solicitat-sa-vada-dosarul-in-iulie\/\">Clotilde Armand contrazice ANI. A solicitat s\u0103 vad\u0103 dosarul, \u00een iulie<\/a><\/li>\n\n\n\n<li><a href=\"https:\/\/buletin.de\/bucuresti\/ani-vine-cu-precizari-clotilde-armand-a-fost-instiintata-in-iulie-cu-privire-la-incompatibilitatea-in-care-se-afla-nu-a-cerut-acces-la-dosar\/\">ANI vine cu preciz\u0103ri. Clotilde Armand a fost \u00een\u0219tiin\u021bat\u0103 \u00een iulie cu privire la incompatibilitatea \u00een care se afl\u0103. Nu a cerut acces la dosar<\/a><\/li>\n<\/ul>\n","protected":false},"excerpt":{"rendered":"<p>Clotilde Armand a pierdut, \u00een decembrie, procesul pe care i l-a deschis Agen\u021bia Na\u021bional\u0103 de Integritate (ANI). \u00cenalta Curte de Casa\u021bie \u0219i Justi\u021bie (ICCJ) a respins, miercuri, recursul f\u0103cut de fostul primar al Sectorului 1. ANI a acuzat-o \u00een 2022 pe Clotilde Armand de incompatibilitate \u0219i conflict de interese pentru c\u0103 s-ar fi numit, ilegal, [&hellip;]<\/p>\n","protected":false},"author":17,"featured_media":96750,"comment_status":"closed","ping_status":"open","sticky":false,"template":"","format":"standard","meta":{"_acf_changed":false,"inline_featured_image":false,"ngg_post_thumbnail":0,"footnotes":""},"categories":[6994,9026,5762,9025],"tags":[17603,2800,1487,2579,4720,225,4739],"ppma_author":[22576],"class_list":["post-110422","post","type-post","status-publish","format-standard","has-post-thumbnail","hentry","category-stiri-2","category-eveniment","category-main","category-politic","tag-agentia-nationala-de-integritate-3","tag-ani","tag-clotilde-armand","tag-iccj","tag-incompatibilitate","tag-primar","tag-primaria-sectorului-1-2"],"acf":[],"yoast_head":"<!-- This site is optimized with the Yoast SEO Premium plugin v25.3 (Yoast SEO v27.4) - https:\/\/yoast.com\/product\/yoast-seo-premium-wordpress\/ -->\n<title>Clotilde Armand a pierdut definitiv procesul cu Agen\u021bia Na\u021bional\u0103 de Integritate. \u201eVoi ataca decizia la instan\u021bele europene\u201d - Buletin de Bucure\u0219ti<\/title>\n<meta name=\"description\" content=\"Clotilde Armand a pierdut, \u00een decembrie, procesul pe care i l-a deschis Agen\u021bia Na\u021bional\u0103 de Integritate (ANI).\" \/>\n<meta name=\"robots\" content=\"index, follow, max-snippet:-1, max-image-preview:large, max-video-preview:-1\" \/>\n<link rel=\"canonical\" href=\"https:\/\/buletin.de\/bucuresti\/clotilde-armand-a-pierdut-definitiv-procesul-cu-agentia-nationala-de-integritate-voi-ataca-decizia-de-astazi-la-instantele-europene\/\" \/>\n<meta property=\"og:locale\" content=\"en_GB\" \/>\n<meta property=\"og:type\" content=\"article\" \/>\n<meta property=\"og:title\" content=\"Clotilde Armand a pierdut definitiv procesul cu Agen\u021bia Na\u021bional\u0103 de Integritate. \u201eVoi ataca decizia la instan\u021bele europene\u201d\" \/>\n<meta property=\"og:description\" content=\"Clotilde Armand a pierdut, \u00een decembrie, procesul pe care i l-a deschis Agen\u021bia Na\u021bional\u0103 de Integritate (ANI).\" \/>\n<meta property=\"og:url\" content=\"https:\/\/buletin.de\/bucuresti\/clotilde-armand-a-pierdut-definitiv-procesul-cu-agentia-nationala-de-integritate-voi-ataca-decizia-de-astazi-la-instantele-europene\/\" \/>\n<meta property=\"og:site_name\" content=\"Buletin de Bucure\u0219ti\" \/>\n<meta property=\"article:publisher\" content=\"https:\/\/www.facebook.com\/buletin.de.buc\" \/>\n<meta property=\"article:published_time\" content=\"2024-12-11T14:00:45+00:00\" \/>\n<meta property=\"article:modified_time\" content=\"2024-12-19T16:22:02+00:00\" \/>\n<meta property=\"og:image\" content=\"https:\/\/buletin.de\/bucuresti\/wp-content\/uploads\/Clotilde-Armand-badge-USR-INQUAM_Photos_Octav_Ganea.jpg\" \/>\n\t<meta property=\"og:image:width\" content=\"2000\" \/>\n\t<meta property=\"og:image:height\" content=\"1333\" \/>\n\t<meta property=\"og:image:type\" content=\"image\/jpeg\" \/>\n<meta name=\"author\" content=\"Florin R\u00e2\u0219teiu\" \/>\n<meta name=\"twitter:card\" content=\"summary_large_image\" \/>\n<meta name=\"twitter:label1\" content=\"Written by\" \/>\n\t<meta name=\"twitter:data1\" content=\"Florin R\u00e2\u0219teiu\" \/>\n\t<meta name=\"twitter:label2\" content=\"Estimated reading time\" \/>\n\t<meta name=\"twitter:data2\" content=\"4 minutes\" \/>\n<script type=\"application\/ld+json\" class=\"yoast-schema-graph\">{\"@context\":\"https:\\\/\\\/schema.org\",\"@graph\":[{\"@type\":\"Article\",\"@id\":\"https:\\\/\\\/buletin.de\\\/bucuresti\\\/clotilde-armand-a-pierdut-definitiv-procesul-cu-agentia-nationala-de-integritate-voi-ataca-decizia-de-astazi-la-instantele-europene\\\/#article\",\"isPartOf\":{\"@id\":\"https:\\\/\\\/buletin.de\\\/bucuresti\\\/clotilde-armand-a-pierdut-definitiv-procesul-cu-agentia-nationala-de-integritate-voi-ataca-decizia-de-astazi-la-instantele-europene\\\/\"},\"author\":{\"name\":\"Florin R\u00e2\u0219teiu\",\"@id\":\"https:\\\/\\\/buletin.de\\\/bucuresti\\\/#\\\/schema\\\/person\\\/b0686d7a8b666c6afc78239777fd8a89\"},\"headline\":\"Clotilde Armand a pierdut definitiv procesul cu Agen\u021bia Na\u021bional\u0103 de Integritate. \u201eVoi ataca decizia la instan\u021bele europene\u201d\",\"datePublished\":\"2024-12-11T14:00:45+00:00\",\"dateModified\":\"2024-12-19T16:22:02+00:00\",\"mainEntityOfPage\":{\"@id\":\"https:\\\/\\\/buletin.de\\\/bucuresti\\\/clotilde-armand-a-pierdut-definitiv-procesul-cu-agentia-nationala-de-integritate-voi-ataca-decizia-de-astazi-la-instantele-europene\\\/\"},\"wordCount\":897,\"publisher\":{\"@id\":\"https:\\\/\\\/buletin.de\\\/bucuresti\\\/#organization\"},\"image\":{\"@id\":\"https:\\\/\\\/buletin.de\\\/bucuresti\\\/clotilde-armand-a-pierdut-definitiv-procesul-cu-agentia-nationala-de-integritate-voi-ataca-decizia-de-astazi-la-instantele-europene\\\/#primaryimage\"},\"thumbnailUrl\":\"https:\\\/\\\/buletin.de\\\/bucuresti\\\/wp-content\\\/uploads\\\/Clotilde-Armand-badge-USR-INQUAM_Photos_Octav_Ganea.jpg\",\"keywords\":[\"Agen\u021bia Na\u021bional\u0103 de Integritate\",\"ani\",\"clotilde armand\",\"ICCJ\",\"incompatibilitate\",\"primar\",\"Prim\u0103ria Sectorului 1\"],\"articleSection\":[\"Articole\",\"Eveniment\",\"Main\",\"Politic\"],\"inLanguage\":\"en-GB\",\"copyrightYear\":\"2024\",\"copyrightHolder\":{\"@id\":\"https:\\\/\\\/buletin.de\\\/bucuresti\\\/#organization\"}},{\"@type\":\"WebPage\",\"@id\":\"https:\\\/\\\/buletin.de\\\/bucuresti\\\/clotilde-armand-a-pierdut-definitiv-procesul-cu-agentia-nationala-de-integritate-voi-ataca-decizia-de-astazi-la-instantele-europene\\\/\",\"url\":\"https:\\\/\\\/buletin.de\\\/bucuresti\\\/clotilde-armand-a-pierdut-definitiv-procesul-cu-agentia-nationala-de-integritate-voi-ataca-decizia-de-astazi-la-instantele-europene\\\/\",\"name\":\"Clotilde Armand a pierdut definitiv procesul cu Agen\u021bia Na\u021bional\u0103 de Integritate. \u201eVoi ataca decizia la instan\u021bele europene\u201d - Buletin de Bucure\u0219ti\",\"isPartOf\":{\"@id\":\"https:\\\/\\\/buletin.de\\\/bucuresti\\\/#website\"},\"primaryImageOfPage\":{\"@id\":\"https:\\\/\\\/buletin.de\\\/bucuresti\\\/clotilde-armand-a-pierdut-definitiv-procesul-cu-agentia-nationala-de-integritate-voi-ataca-decizia-de-astazi-la-instantele-europene\\\/#primaryimage\"},\"image\":{\"@id\":\"https:\\\/\\\/buletin.de\\\/bucuresti\\\/clotilde-armand-a-pierdut-definitiv-procesul-cu-agentia-nationala-de-integritate-voi-ataca-decizia-de-astazi-la-instantele-europene\\\/#primaryimage\"},\"thumbnailUrl\":\"https:\\\/\\\/buletin.de\\\/bucuresti\\\/wp-content\\\/uploads\\\/Clotilde-Armand-badge-USR-INQUAM_Photos_Octav_Ganea.jpg\",\"datePublished\":\"2024-12-11T14:00:45+00:00\",\"dateModified\":\"2024-12-19T16:22:02+00:00\",\"description\":\"Clotilde Armand a pierdut, \u00een decembrie, procesul pe care i l-a deschis Agen\u021bia Na\u021bional\u0103 de Integritate (ANI).\",\"breadcrumb\":{\"@id\":\"https:\\\/\\\/buletin.de\\\/bucuresti\\\/clotilde-armand-a-pierdut-definitiv-procesul-cu-agentia-nationala-de-integritate-voi-ataca-decizia-de-astazi-la-instantele-europene\\\/#breadcrumb\"},\"inLanguage\":\"en-GB\",\"potentialAction\":[{\"@type\":\"ReadAction\",\"target\":[\"https:\\\/\\\/buletin.de\\\/bucuresti\\\/clotilde-armand-a-pierdut-definitiv-procesul-cu-agentia-nationala-de-integritate-voi-ataca-decizia-de-astazi-la-instantele-europene\\\/\"]}]},{\"@type\":\"ImageObject\",\"inLanguage\":\"en-GB\",\"@id\":\"https:\\\/\\\/buletin.de\\\/bucuresti\\\/clotilde-armand-a-pierdut-definitiv-procesul-cu-agentia-nationala-de-integritate-voi-ataca-decizia-de-astazi-la-instantele-europene\\\/#primaryimage\",\"url\":\"https:\\\/\\\/buletin.de\\\/bucuresti\\\/wp-content\\\/uploads\\\/Clotilde-Armand-badge-USR-INQUAM_Photos_Octav_Ganea.jpg\",\"contentUrl\":\"https:\\\/\\\/buletin.de\\\/bucuresti\\\/wp-content\\\/uploads\\\/Clotilde-Armand-badge-USR-INQUAM_Photos_Octav_Ganea.jpg\",\"width\":2000,\"height\":1333,\"caption\":\"Clotilde Armand pierde procesul cu ANI. Surs\u0103 Foto: INQUAM \\\/ Octav Ganea\"},{\"@type\":\"BreadcrumbList\",\"@id\":\"https:\\\/\\\/buletin.de\\\/bucuresti\\\/clotilde-armand-a-pierdut-definitiv-procesul-cu-agentia-nationala-de-integritate-voi-ataca-decizia-de-astazi-la-instantele-europene\\\/#breadcrumb\",\"itemListElement\":[{\"@type\":\"ListItem\",\"position\":1,\"name\":\"Acas\u0103\",\"item\":\"https:\\\/\\\/buletin.de\\\/bucuresti\\\/\"},{\"@type\":\"ListItem\",\"position\":2,\"name\":\"Clotilde Armand a pierdut definitiv procesul cu Agen\u021bia Na\u021bional\u0103 de Integritate. \u201eVoi ataca decizia la instan\u021bele europene\u201d\"}]},{\"@type\":\"WebSite\",\"@id\":\"https:\\\/\\\/buletin.de\\\/bucuresti\\\/#website\",\"url\":\"https:\\\/\\\/buletin.de\\\/bucuresti\\\/\",\"name\":\"Buletin de Bucure\u0219ti\",\"description\":\"\u0218tiri \u0219i investiga\u021bii esen\u021biale din capital\u0103\",\"publisher\":{\"@id\":\"https:\\\/\\\/buletin.de\\\/bucuresti\\\/#organization\"},\"potentialAction\":[{\"@type\":\"SearchAction\",\"target\":{\"@type\":\"EntryPoint\",\"urlTemplate\":\"https:\\\/\\\/buletin.de\\\/bucuresti\\\/?s={search_term_string}\"},\"query-input\":{\"@type\":\"PropertyValueSpecification\",\"valueRequired\":true,\"valueName\":\"search_term_string\"}}],\"inLanguage\":\"en-GB\"},{\"@type\":\"Organization\",\"@id\":\"https:\\\/\\\/buletin.de\\\/bucuresti\\\/#organization\",\"name\":\"Buletin de Bucure\u0219ti\",\"url\":\"https:\\\/\\\/buletin.de\\\/bucuresti\\\/\",\"logo\":{\"@type\":\"ImageObject\",\"inLanguage\":\"en-GB\",\"@id\":\"https:\\\/\\\/buletin.de\\\/bucuresti\\\/#\\\/schema\\\/logo\\\/image\\\/\",\"url\":\"https:\\\/\\\/buletin.de\\\/bucuresti\\\/wp-content\\\/uploads\\\/logo-bdb-full-wide-vernil-transparent.png\",\"contentUrl\":\"https:\\\/\\\/buletin.de\\\/bucuresti\\\/wp-content\\\/uploads\\\/logo-bdb-full-wide-vernil-transparent.png\",\"width\":1782,\"height\":626,\"caption\":\"Buletin de Bucure\u0219ti\"},\"image\":{\"@id\":\"https:\\\/\\\/buletin.de\\\/bucuresti\\\/#\\\/schema\\\/logo\\\/image\\\/\"},\"sameAs\":[\"https:\\\/\\\/www.facebook.com\\\/buletin.de.buc\",\"https:\\\/\\\/www.instagram.com\\\/buletinde.bucuresti\\\/\"]},{\"@type\":\"Person\",\"@id\":\"https:\\\/\\\/buletin.de\\\/bucuresti\\\/#\\\/schema\\\/person\\\/b0686d7a8b666c6afc78239777fd8a89\",\"name\":\"Florin R\u00e2\u0219teiu\",\"image\":{\"@type\":\"ImageObject\",\"inLanguage\":\"en-GB\",\"@id\":\"https:\\\/\\\/buletin.de\\\/bucuresti\\\/wp-content\\\/uploads\\\/Florin-Rasteiu-96x96.jpgf0a6fe28453aa12f0a60e4d0a2e3a78c\",\"url\":\"https:\\\/\\\/buletin.de\\\/bucuresti\\\/wp-content\\\/uploads\\\/Florin-Rasteiu-96x96.jpg\",\"contentUrl\":\"https:\\\/\\\/buletin.de\\\/bucuresti\\\/wp-content\\\/uploads\\\/Florin-Rasteiu-96x96.jpg\",\"caption\":\"Florin R\u00e2\u0219teiu\"},\"description\":\"Jurnalist de investiga\u021bie. Lucreaz\u0103 de aproape 6 ani la Buletin de Bucure\u0219ti, unde a publicat articole care scot la suprafa\u021b\u0103 corup\u021bia din Capital\u0103. Analizeaz\u0103 baze de date zilnic \u0219i scoate pove\u0219ti din exceluri pline de cifre. Pune reflectorul pe adev\u0103r cu fiecare ocazie. A c\u00e2\u0219tigat premiul I la categoria Pres\u0103 Local\u0103 \u00een 2025 \u0219i locul al II-lea la aceea\u0219i categorie \u00een 2024 \u00een cadrul Premiilor Superscrieri pentru jurnalism independent.\",\"url\":\"https:\\\/\\\/buletin.de\\\/bucuresti\\\/author\\\/florinrasteiu\\\/\"}]}<\/script>\n<!-- \/ Yoast SEO Premium plugin. -->","yoast_head_json":{"title":"Clotilde Armand a pierdut definitiv procesul cu Agen\u021bia Na\u021bional\u0103 de Integritate. \u201eVoi ataca decizia la instan\u021bele europene\u201d - Buletin de Bucure\u0219ti","description":"Clotilde Armand a pierdut, \u00een decembrie, procesul pe care i l-a deschis Agen\u021bia Na\u021bional\u0103 de Integritate (ANI).","robots":{"index":"index","follow":"follow","max-snippet":"max-snippet:-1","max-image-preview":"max-image-preview:large","max-video-preview":"max-video-preview:-1"},"canonical":"https:\/\/buletin.de\/bucuresti\/clotilde-armand-a-pierdut-definitiv-procesul-cu-agentia-nationala-de-integritate-voi-ataca-decizia-de-astazi-la-instantele-europene\/","og_locale":"en_GB","og_type":"article","og_title":"Clotilde Armand a pierdut definitiv procesul cu Agen\u021bia Na\u021bional\u0103 de Integritate. \u201eVoi ataca decizia la instan\u021bele europene\u201d","og_description":"Clotilde Armand a pierdut, \u00een decembrie, procesul pe care i l-a deschis Agen\u021bia Na\u021bional\u0103 de Integritate (ANI).","og_url":"https:\/\/buletin.de\/bucuresti\/clotilde-armand-a-pierdut-definitiv-procesul-cu-agentia-nationala-de-integritate-voi-ataca-decizia-de-astazi-la-instantele-europene\/","og_site_name":"Buletin de Bucure\u0219ti","article_publisher":"https:\/\/www.facebook.com\/buletin.de.buc","article_published_time":"2024-12-11T14:00:45+00:00","article_modified_time":"2024-12-19T16:22:02+00:00","og_image":[{"width":2000,"height":1333,"url":"https:\/\/buletin.de\/bucuresti\/wp-content\/uploads\/Clotilde-Armand-badge-USR-INQUAM_Photos_Octav_Ganea.jpg","type":"image\/jpeg"}],"author":"Florin R\u00e2\u0219teiu","twitter_card":"summary_large_image","twitter_misc":{"Written by":"Florin R\u00e2\u0219teiu","Estimated reading time":"4 minutes"},"schema":{"@context":"https:\/\/schema.org","@graph":[{"@type":"Article","@id":"https:\/\/buletin.de\/bucuresti\/clotilde-armand-a-pierdut-definitiv-procesul-cu-agentia-nationala-de-integritate-voi-ataca-decizia-de-astazi-la-instantele-europene\/#article","isPartOf":{"@id":"https:\/\/buletin.de\/bucuresti\/clotilde-armand-a-pierdut-definitiv-procesul-cu-agentia-nationala-de-integritate-voi-ataca-decizia-de-astazi-la-instantele-europene\/"},"author":{"name":"Florin R\u00e2\u0219teiu","@id":"https:\/\/buletin.de\/bucuresti\/#\/schema\/person\/b0686d7a8b666c6afc78239777fd8a89"},"headline":"Clotilde Armand a pierdut definitiv procesul cu Agen\u021bia Na\u021bional\u0103 de Integritate. \u201eVoi ataca decizia la instan\u021bele europene\u201d","datePublished":"2024-12-11T14:00:45+00:00","dateModified":"2024-12-19T16:22:02+00:00","mainEntityOfPage":{"@id":"https:\/\/buletin.de\/bucuresti\/clotilde-armand-a-pierdut-definitiv-procesul-cu-agentia-nationala-de-integritate-voi-ataca-decizia-de-astazi-la-instantele-europene\/"},"wordCount":897,"publisher":{"@id":"https:\/\/buletin.de\/bucuresti\/#organization"},"image":{"@id":"https:\/\/buletin.de\/bucuresti\/clotilde-armand-a-pierdut-definitiv-procesul-cu-agentia-nationala-de-integritate-voi-ataca-decizia-de-astazi-la-instantele-europene\/#primaryimage"},"thumbnailUrl":"https:\/\/buletin.de\/bucuresti\/wp-content\/uploads\/Clotilde-Armand-badge-USR-INQUAM_Photos_Octav_Ganea.jpg","keywords":["Agen\u021bia Na\u021bional\u0103 de Integritate","ani","clotilde armand","ICCJ","incompatibilitate","primar","Prim\u0103ria Sectorului 1"],"articleSection":["Articole","Eveniment","Main","Politic"],"inLanguage":"en-GB","copyrightYear":"2024","copyrightHolder":{"@id":"https:\/\/buletin.de\/bucuresti\/#organization"}},{"@type":"WebPage","@id":"https:\/\/buletin.de\/bucuresti\/clotilde-armand-a-pierdut-definitiv-procesul-cu-agentia-nationala-de-integritate-voi-ataca-decizia-de-astazi-la-instantele-europene\/","url":"https:\/\/buletin.de\/bucuresti\/clotilde-armand-a-pierdut-definitiv-procesul-cu-agentia-nationala-de-integritate-voi-ataca-decizia-de-astazi-la-instantele-europene\/","name":"Clotilde Armand a pierdut definitiv procesul cu Agen\u021bia Na\u021bional\u0103 de Integritate. \u201eVoi ataca decizia la instan\u021bele europene\u201d - Buletin de Bucure\u0219ti","isPartOf":{"@id":"https:\/\/buletin.de\/bucuresti\/#website"},"primaryImageOfPage":{"@id":"https:\/\/buletin.de\/bucuresti\/clotilde-armand-a-pierdut-definitiv-procesul-cu-agentia-nationala-de-integritate-voi-ataca-decizia-de-astazi-la-instantele-europene\/#primaryimage"},"image":{"@id":"https:\/\/buletin.de\/bucuresti\/clotilde-armand-a-pierdut-definitiv-procesul-cu-agentia-nationala-de-integritate-voi-ataca-decizia-de-astazi-la-instantele-europene\/#primaryimage"},"thumbnailUrl":"https:\/\/buletin.de\/bucuresti\/wp-content\/uploads\/Clotilde-Armand-badge-USR-INQUAM_Photos_Octav_Ganea.jpg","datePublished":"2024-12-11T14:00:45+00:00","dateModified":"2024-12-19T16:22:02+00:00","description":"Clotilde Armand a pierdut, \u00een decembrie, procesul pe care i l-a deschis Agen\u021bia Na\u021bional\u0103 de Integritate (ANI).","breadcrumb":{"@id":"https:\/\/buletin.de\/bucuresti\/clotilde-armand-a-pierdut-definitiv-procesul-cu-agentia-nationala-de-integritate-voi-ataca-decizia-de-astazi-la-instantele-europene\/#breadcrumb"},"inLanguage":"en-GB","potentialAction":[{"@type":"ReadAction","target":["https:\/\/buletin.de\/bucuresti\/clotilde-armand-a-pierdut-definitiv-procesul-cu-agentia-nationala-de-integritate-voi-ataca-decizia-de-astazi-la-instantele-europene\/"]}]},{"@type":"ImageObject","inLanguage":"en-GB","@id":"https:\/\/buletin.de\/bucuresti\/clotilde-armand-a-pierdut-definitiv-procesul-cu-agentia-nationala-de-integritate-voi-ataca-decizia-de-astazi-la-instantele-europene\/#primaryimage","url":"https:\/\/buletin.de\/bucuresti\/wp-content\/uploads\/Clotilde-Armand-badge-USR-INQUAM_Photos_Octav_Ganea.jpg","contentUrl":"https:\/\/buletin.de\/bucuresti\/wp-content\/uploads\/Clotilde-Armand-badge-USR-INQUAM_Photos_Octav_Ganea.jpg","width":2000,"height":1333,"caption":"Clotilde Armand pierde procesul cu ANI. Surs\u0103 Foto: INQUAM \/ Octav Ganea"},{"@type":"BreadcrumbList","@id":"https:\/\/buletin.de\/bucuresti\/clotilde-armand-a-pierdut-definitiv-procesul-cu-agentia-nationala-de-integritate-voi-ataca-decizia-de-astazi-la-instantele-europene\/#breadcrumb","itemListElement":[{"@type":"ListItem","position":1,"name":"Acas\u0103","item":"https:\/\/buletin.de\/bucuresti\/"},{"@type":"ListItem","position":2,"name":"Clotilde Armand a pierdut definitiv procesul cu Agen\u021bia Na\u021bional\u0103 de Integritate. \u201eVoi ataca decizia la instan\u021bele europene\u201d"}]},{"@type":"WebSite","@id":"https:\/\/buletin.de\/bucuresti\/#website","url":"https:\/\/buletin.de\/bucuresti\/","name":"Buletin de Bucure\u0219ti","description":"\u0218tiri \u0219i investiga\u021bii esen\u021biale din capital\u0103","publisher":{"@id":"https:\/\/buletin.de\/bucuresti\/#organization"},"potentialAction":[{"@type":"SearchAction","target":{"@type":"EntryPoint","urlTemplate":"https:\/\/buletin.de\/bucuresti\/?s={search_term_string}"},"query-input":{"@type":"PropertyValueSpecification","valueRequired":true,"valueName":"search_term_string"}}],"inLanguage":"en-GB"},{"@type":"Organization","@id":"https:\/\/buletin.de\/bucuresti\/#organization","name":"Buletin de Bucure\u0219ti","url":"https:\/\/buletin.de\/bucuresti\/","logo":{"@type":"ImageObject","inLanguage":"en-GB","@id":"https:\/\/buletin.de\/bucuresti\/#\/schema\/logo\/image\/","url":"https:\/\/buletin.de\/bucuresti\/wp-content\/uploads\/logo-bdb-full-wide-vernil-transparent.png","contentUrl":"https:\/\/buletin.de\/bucuresti\/wp-content\/uploads\/logo-bdb-full-wide-vernil-transparent.png","width":1782,"height":626,"caption":"Buletin de Bucure\u0219ti"},"image":{"@id":"https:\/\/buletin.de\/bucuresti\/#\/schema\/logo\/image\/"},"sameAs":["https:\/\/www.facebook.com\/buletin.de.buc","https:\/\/www.instagram.com\/buletinde.bucuresti\/"]},{"@type":"Person","@id":"https:\/\/buletin.de\/bucuresti\/#\/schema\/person\/b0686d7a8b666c6afc78239777fd8a89","name":"Florin R\u00e2\u0219teiu","image":{"@type":"ImageObject","inLanguage":"en-GB","@id":"https:\/\/buletin.de\/bucuresti\/wp-content\/uploads\/Florin-Rasteiu-96x96.jpgf0a6fe28453aa12f0a60e4d0a2e3a78c","url":"https:\/\/buletin.de\/bucuresti\/wp-content\/uploads\/Florin-Rasteiu-96x96.jpg","contentUrl":"https:\/\/buletin.de\/bucuresti\/wp-content\/uploads\/Florin-Rasteiu-96x96.jpg","caption":"Florin R\u00e2\u0219teiu"},"description":"Jurnalist de investiga\u021bie. Lucreaz\u0103 de aproape 6 ani la Buletin de Bucure\u0219ti, unde a publicat articole care scot la suprafa\u021b\u0103 corup\u021bia din Capital\u0103. Analizeaz\u0103 baze de date zilnic \u0219i scoate pove\u0219ti din exceluri pline de cifre. Pune reflectorul pe adev\u0103r cu fiecare ocazie. A c\u00e2\u0219tigat premiul I la categoria Pres\u0103 Local\u0103 \u00een 2025 \u0219i locul al II-lea la aceea\u0219i categorie \u00een 2024 \u00een cadrul Premiilor Superscrieri pentru jurnalism independent.","url":"https:\/\/buletin.de\/bucuresti\/author\/florinrasteiu\/"}]}},"authors":[{"term_id":22576,"user_id":17,"is_guest":0,"slug":"florinrasteiu","display_name":"Florin R\u00e2\u0219teiu","avatar_url":"https:\/\/buletin.de\/bucuresti\/wp-content\/uploads\/Florin-Rasteiu-96x96.jpg","0":null,"1":"","2":"","3":"","4":"","5":"","6":"","7":"","8":""}],"_links":{"self":[{"href":"https:\/\/buletin.de\/bucuresti\/wp-json\/wp\/v2\/posts\/110422","targetHints":{"allow":["GET"]}}],"collection":[{"href":"https:\/\/buletin.de\/bucuresti\/wp-json\/wp\/v2\/posts"}],"about":[{"href":"https:\/\/buletin.de\/bucuresti\/wp-json\/wp\/v2\/types\/post"}],"author":[{"embeddable":true,"href":"https:\/\/buletin.de\/bucuresti\/wp-json\/wp\/v2\/users\/17"}],"replies":[{"embeddable":true,"href":"https:\/\/buletin.de\/bucuresti\/wp-json\/wp\/v2\/comments?post=110422"}],"version-history":[{"count":5,"href":"https:\/\/buletin.de\/bucuresti\/wp-json\/wp\/v2\/posts\/110422\/revisions"}],"predecessor-version":[{"id":111471,"href":"https:\/\/buletin.de\/bucuresti\/wp-json\/wp\/v2\/posts\/110422\/revisions\/111471"}],"wp:featuredmedia":[{"embeddable":true,"href":"https:\/\/buletin.de\/bucuresti\/wp-json\/wp\/v2\/media\/96750"}],"wp:attachment":[{"href":"https:\/\/buletin.de\/bucuresti\/wp-json\/wp\/v2\/media?parent=110422"}],"wp:term":[{"taxonomy":"category","embeddable":true,"href":"https:\/\/buletin.de\/bucuresti\/wp-json\/wp\/v2\/categories?post=110422"},{"taxonomy":"post_tag","embeddable":true,"href":"https:\/\/buletin.de\/bucuresti\/wp-json\/wp\/v2\/tags?post=110422"},{"taxonomy":"author","embeddable":true,"href":"https:\/\/buletin.de\/bucuresti\/wp-json\/wp\/v2\/ppma_author?post=110422"}],"curies":[{"name":"wp","href":"https:\/\/api.w.org\/{rel}","templated":true}]}}