{"id":110410,"date":"2024-12-11T16:40:29","date_gmt":"2024-12-11T13:40:29","guid":{"rendered":"https:\/\/buletin.de\/bucuresti\/?p=110410"},"modified":"2025-04-23T18:36:25","modified_gmt":"2025-04-23T15:36:25","slug":"raspunsul-primariei-sector-4-dat-celor-115-000-soferi-afectati-de-taxa-de-540-lei-pentru-parcare-edilii-vorbesc-de-o-facilitate","status":"publish","type":"post","link":"https:\/\/buletin.de\/bucuresti\/raspunsul-primariei-sector-4-dat-celor-115-000-soferi-afectati-de-taxa-de-540-lei-pentru-parcare-edilii-vorbesc-de-o-facilitate\/","title":{"rendered":"R\u0103spunsul Prim\u0103riei Sector 4 dat celor 115.000 \u015foferi afecta\u0163i de taxa de 540 lei pentru parcare. Edilii vorbesc de o \u201efacilitate\u201d"},"content":{"rendered":"\n<p><strong>Prim\u0103ria Sectorului 4 sus\u021bine c\u0103 taxa de 540 de lei pentru parcare, ce urmeaz\u0103 s\u0103 fie impus\u0103 cet\u0103\u0163enilor care au ma\u015fini, dar nu \u015fi loc de parcare, ofer\u0103 \u201eposibilitatea acces\u0103rii parcajelor publice ori a spa\u021biilor similare acestora\u201d. \u00centr-un comunicat trimis presei, institu\u021bia vorbe\u0219te despre o \u201efacilitate\u201d care de fapt ar iefini parcarea \u00een sector.<\/strong><\/p>\n\n\n\n<p>Totu\u0219i, \u00een r\u0103spunsul dat, nu sunt l\u0103murite \u00eentreb\u0103rile care vin din partea cet\u0103\u0163enilor cu privire la anumite excep\u0163ii ce nu sunt explicate \u00een proiectul ini\u0163ial sau <a href=\"https:\/\/www.reddit.com\/r\/bucuresti\/comments\/1hboukf\/noua_taxa_de_dezvoltare_urbana_sector_4_marca\/\" target=\"_blank\" rel=\"noreferrer noopener\">cele care privesc aspecte de legalitate<\/a>.<\/p>\n\n\n\n<hr class=\"wp-block-separator has-alpha-channel-opacity\"\/>\n\n\n\n<p><strong>UPDATE<\/strong>: Proiectul a trecut cu 16 voturi pentru, 9 \u00eempotriv\u0103 \u015fi 1 ab\u0163inere, dup\u0103 o or\u0103 de dezbateri aprinse \u00een care consilierii USR \u015fi AUR au \u00eencercat s\u0103 aduc\u0103 contraargumente.<\/p>\n\n\n\n<hr class=\"wp-block-separator has-alpha-channel-opacity\"\/>\n\n\n\n<h2 class=\"wp-block-heading\" id=\"h-cum-justifica-primaria-sector-4-taxa-de-540-lei-pentru-parcare\">Cum justific\u0103 Prim\u0103ria Sector 4 taxa de 540 lei pentru parcare<\/h2>\n\n\n\n<p>Institu\u0163ia scoate \u00een fa\u0163\u0103 c\u0103 ar crea, astfel, un \u201eavantaj\u201d pentru c\u0103 locuitorii vor putea s\u0103 parcheze mai ieftin, pe baza acestei taxe de 540 de lei, \u00een toate parc\u0103rile publice ori spa\u0163iile similare acestora din sector. <\/p>\n\n\n\n<p>\u00cen prezent, abonamentele lunare pentru astfel de parc\u0103ri cost\u0103 60 de lei, ceea ce \u00eenseamn\u0103 720 de lei pe an. Cu noua tax\u0103, afirm\u0103 Prim\u0103ria Sector 4, cet\u0103\u0163enii care ar vrea s\u0103 parcheze \u00een aceste spa\u0163ii ar pl\u0103ti mai pu\u0163in &#8211; 540, fa\u0163\u0103 de 720 de lei.<\/p>\n\n\n\n<p>Problema este c\u0103 aceast\u0103 tax\u0103 vizeaz\u0103  peste 100.000 de ma\u015fini, iar locuri de parcare publice \u00een care acestea pot parca sunt pu\u021bin peste 20.000, dac\u0103 lu\u0103m \u00een calcul \u0219i cele planificate. <\/p>\n\n\n\n<figure class=\"wp-block-image size-full\"><img fetchpriority=\"high\" decoding=\"async\" width=\"732\" height=\"767\" src=\"data:image\/gif;base64,R0lGODlhAQABAAAAACH5BAEKAAEALAAAAAABAAEAAAICTAEAOw==\" data-src=\"https:\/\/buletin.de\/bucuresti\/wp-content\/uploads\/nr-locuri-parcare-s4.png\" alt=\"tax\u0103 de 540 de lei\" class=\"wp-image-110361 lazyload\" data-sizes=\"auto\" data-srcset=\"https:\/\/buletin.de\/bucuresti\/wp-content\/uploads\/nr-locuri-parcare-s4.png 732w, https:\/\/buletin.de\/bucuresti\/wp-content\/uploads\/nr-locuri-parcare-s4-286x300.png 286w, https:\/\/buletin.de\/bucuresti\/wp-content\/uploads\/nr-locuri-parcare-s4-24x24.png 24w, https:\/\/buletin.de\/bucuresti\/wp-content\/uploads\/nr-locuri-parcare-s4-600x629.png 600w, https:\/\/buletin.de\/bucuresti\/wp-content\/uploads\/nr-locuri-parcare-s4-20x21.png 20w\" sizes=\"(max-width: 732px) 100vw, 732px\" \/><figcaption class=\"wp-element-caption\">Num\u0103rul de locuri de parcare din Sectorul 4, \u00een decembrie 2024. Sursa: PHCL<\/figcaption><\/figure>\n\n\n\n<p>Proiectul privitor la introducerea noii taxe intr\u0103 la votul Consiliului Local m\u00e2ine, 12 decembrie. PSD \u015fi PNL au destule voturi \u00eenc\u00e2t s\u0103 treac\u0103 acest proiect \u015fi s\u0103 \u00eel transforme \u00een Hot\u0103r\u00e2re de Consiliu Local. \u00cen acest caz, ar deveni realitate de la 1 ianuarie 2025.<\/p>\n\n\n\n<p><strong>CITE\u015eTE \u015eI:<\/strong> <a href=\"https:\/\/buletin.de\/bucuresti\/sector-4-taxa-de-540-de-lei-pentru-cei-care-au-masina-dar-nu-au-loc-de-parcare\/\"><strong>Sector 4 | Tax\u0103 de 540 de lei pentru cei care au ma\u015fin\u0103, dar nu au loc de parcare<\/strong><\/a><br><\/p>\n\n\n\n<h2 class=\"wp-block-heading\" id=\"h-raspunsul-integral-al-primariei-sector-4\">R\u0103spunsul integral al Prim\u0103riei Sector 4:<\/h2>\n\n\n\n<p>Posesorii de autoturisme \u00eenmatriculate \u00een Sectorul 4, care nu de\u021bin \u00een momentul de fa\u021b\u0103 un loc de parcare, <strong>ar putea avea posibilitatea acces\u0103rii parcajelor publice ori a spa\u021biilor similare acestora, \u00een care sta\u021bionarea vehiculelor nu este restric\u021bionat\u0103. Pentru aceast\u0103 facilitate, de\u021bin\u0103torii ma\u0219inilor vor putea achita o tax\u0103 anual\u0103 redus\u0103 la 540 de lei, fa\u021b\u0103 de 720 de lei, c\u00e2t pl\u0103teau p\u00e2n\u0103 acum \u00een fiecare an, \u00een baza abonamentelor lunare \u00een valoare de 60 de lei<\/strong>.<\/p>\n\n\n\n<p>Proiectul de hot\u0103r\u00e2re prin care noul regulament, ce s-a aflat \u0219i \u00een procedur\u0103 de transparen\u021b\u0103 public\u0103 \u00een ultimele 30 de zile, va fi supus votului Consiliului Local al Sectorului 4, \u00een \u0219edin\u021ba ordinar\u0103 de m\u00e2ine, 12 decembrie a.c.<\/p>\n\n\n\n<p>Dac\u0103 va fi adoptat, <strong>noul regulament se va adresa celor aproximativ 115.000 de autoturisme, pentru care posesorii acestora nu de\u021bin, sub nicio form\u0103 juridic\u0103, un loc de parcare<\/strong>. \u00cen momentul de fa\u021b\u0103, ace\u0219tia au doar posibilitatea de a parca \u00een parc\u0103rile publice amenajate la marginea bulevardelor, pentru care costul utiliz\u0103rii parc\u0103rii este de 60 de lei lunar, cu obligativitatea de a folosi doar parcajul din zona pentru care a fost eliberat abonamentul.<\/p>\n\n\n\n<p><strong>Conform noului regulament, ca urmare a achit\u0103rii sumei de 540 de lei anual, posesorilor autovehiculelor le-ar reveni de plat\u0103 o sum\u0103 lunar\u0103 de 45 de lei, cu posibilitatea de a-\u0219i parca autoturismul oriunde \u00een sector, \u00een toate parc\u0103rile publice sau \u00een spa\u021bii similare acestora, \u00een care sta\u021bionarea ma\u0219inilor nu este interzis\u0103.<\/strong><\/p>\n\n\n\n<p>Noul regulament prevede o serie de excep\u021bii de la aplicabilitatea sa, care vizeaz\u0103 urm\u0103toarele categorii de persoane:<br>\u2981 De\u021bin terenuri sau propriet\u0103\u021bi private cu destina\u021bia de parcaje conform autoriza\u021biilor de construire sau documenta\u021biilor de urbanism, \u00een condi\u021bii legale.<br>\u2981 De\u021bin contracte de \u00eenchiriere\/comodat valabile pe durata \u00eentregului an pentru locuri de parcare \u00een parc\u0103ri publice.<br>\u2981 De\u021bin contracte de \u00eenchiriere\/comodat valabile pe durata \u00eentregului an pentru locuri de parcare \u00een parc\u0103ri private.<br>\u2981 De\u021bin abonamente anuale achitate pentru locuri de parcare publice, gestionate de Direc\u021bia Mobilitate Urban\u0103 Sector 4.<br>\u2981 Persoanele fizice \u0219i juridice care se \u00eencadreaz\u0103 \u00een categoriile prev\u0103zute de legisla\u021bia \u00een vigoare privind scutirile de taxe \u0219i impozite locale, \u00een conformitate cu prevederile art. 485 din Legea nr. 227\/2015 privind Codul fiscal.<\/p>\n\n\n\n<p><strong>Pe m\u0103sur\u0103 ce de\u021bin\u0103torul de autovehicul dob\u00e2nde\u0219te un loc de parcare \u00een cursul anului, acesta va avea dreptul de a solicita restituirea frac\u021biei din suma achitat\u0103, &nbsp;propor\u021bional cu perioada r\u0103mas\u0103 din an, pentru care de\u021bine loc de parcare.<\/strong><\/p>\n\n\n\n<p>Noul regulament ar putea intra \u00een vigoare \u00eencep\u00e2nd cu data de 1 ianuarie 2025 \u0219i se va aplica pentru o perioad\u0103 maxim\u0103 de 10 ani, timp \u00een care Sectorul 4 al Municipiului Bucure\u0219ti va implementa cel mai &nbsp;amplu program de dezvoltare urban\u0103 \u00een urma c\u0103ruia sunt planificate \u00eenfiin\u021barea de noi zone de parcare, modernizarea infrastructurii rutiere, proiecte de mobilitate urban\u0103 \u0219i alte activit\u0103\u021bi care contribuie la \u00eembun\u0103t\u0103\u021birea mediului urban.<\/p>\n\n\n\n<p>Mai exact, conform noii strategii, \u00een urm\u0103torii 10 ani, vor fi amenajate un num\u0103r de aproximativ 115.000 noi locuri de parcare, care vor echilibra raportul dintre num\u0103rul ma\u0219inilor \u00eenmatriculate \u00een Sectorul 4 \u0219i num\u0103rul locurilor de parcare disponibile, astfel \u00eenc\u00e2t s\u0103 fie evitate situa\u021biile \u00een care autoturismele sunt parcate \u00een zone nepermise, pe spa\u021bii verzi, pe trotuare sau la col\u021b de strad\u0103, fiind un real pericol pentru traficul rutier \u0219i cel pietonal.<\/p>\n\n\n\n<p><strong>CITE\u015eTE \u015eI:<\/strong> <a href=\"https:\/\/buletin.de\/bucuresti\/proiect-de-peste-6-milioane-de-lei-pentru-cartierul-justitiei-cat-ar-dura-constructia\/\"><strong>Proiect de peste 6 miliarde de lei pentru Cartierul Justi\u021biei. C\u00e2t ar dura construc\u0163ia<\/strong><\/a><br><\/p>\n","protected":false},"excerpt":{"rendered":"<p>Prim\u0103ria Sectorului 4 sus\u021bine c\u0103 taxa de 540 de lei pentru parcare, ce urmeaz\u0103 s\u0103 fie impus\u0103 cet\u0103\u0163enilor care au ma\u015fini, dar nu \u015fi loc de parcare, ofer\u0103 \u201eposibilitatea acces\u0103rii parcajelor publice ori a spa\u021biilor similare acestora\u201d. \u00centr-un comunicat trimis presei, institu\u021bia vorbe\u0219te despre o \u201efacilitate\u201d care de fapt ar iefini parcarea \u00een sector. Totu\u0219i, [&hellip;]<\/p>\n","protected":false},"author":8,"featured_media":110425,"comment_status":"closed","ping_status":"open","sticky":false,"template":"","format":"standard","meta":{"_acf_changed":false,"inline_featured_image":false,"ngg_post_thumbnail":0,"footnotes":""},"categories":[6994,5762,24,650],"tags":[1204,9027,765,17602,17601],"ppma_author":[22586],"class_list":["post-110410","post","type-post","status-publish","format-standard","has-post-thumbnail","hentry","category-stiri-2","category-main","category-primarie","category-transport","tag-daniel-baluta","tag-primaria-sectorului-4-2","tag-sector-4","tag-taxa-parcare-540-lei","tag-taxa-parcare-s4"],"acf":[],"yoast_head":"<!-- This site is optimized with the Yoast SEO Premium plugin v25.3 (Yoast SEO v27.4) - https:\/\/yoast.com\/product\/yoast-seo-premium-wordpress\/ -->\n<title>R\u0103spunsul Prim\u0103riei Sector 4 dat celor 115.000 \u015foferi afecta\u0163i de taxa de 540 lei pentru parcare. Edilii vorbesc de o \u201efacilitate\u201d - Buletin de Bucure\u0219ti<\/title>\n<meta name=\"description\" content=\"R\u0103spunsul Prim\u0103riei Sector 4 folose\u015fte cuvinte precum \u201eposibilitatea\u201d \u015fi \u201efacilitatea\u201d, cu referire la taxa de 540 lei pentru parcare.\" \/>\n<meta name=\"robots\" content=\"index, follow, max-snippet:-1, max-image-preview:large, max-video-preview:-1\" \/>\n<link rel=\"canonical\" href=\"https:\/\/buletin.de\/bucuresti\/raspunsul-primariei-sector-4-dat-celor-115-000-soferi-afectati-de-taxa-de-540-lei-pentru-parcare-edilii-vorbesc-de-o-facilitate\/\" \/>\n<meta property=\"og:locale\" content=\"en_GB\" \/>\n<meta property=\"og:type\" content=\"article\" \/>\n<meta property=\"og:title\" content=\"R\u0103spunsul Prim\u0103riei Sector 4 dat celor 115.000 \u015foferi afecta\u0163i de taxa de 540 lei pentru parcare. Edilii vorbesc de o \u201efacilitate\u201d\" \/>\n<meta property=\"og:description\" content=\"R\u0103spunsul Prim\u0103riei Sector 4 folose\u015fte cuvinte precum \u201eposibilitatea\u201d \u015fi \u201efacilitatea\u201d, cu referire la taxa de 540 lei pentru parcare.\" \/>\n<meta property=\"og:url\" content=\"https:\/\/buletin.de\/bucuresti\/raspunsul-primariei-sector-4-dat-celor-115-000-soferi-afectati-de-taxa-de-540-lei-pentru-parcare-edilii-vorbesc-de-o-facilitate\/\" \/>\n<meta property=\"og:site_name\" content=\"Buletin de Bucure\u0219ti\" \/>\n<meta property=\"article:publisher\" content=\"https:\/\/www.facebook.com\/buletin.de.buc\" \/>\n<meta property=\"article:published_time\" content=\"2024-12-11T13:40:29+00:00\" \/>\n<meta property=\"article:modified_time\" content=\"2025-04-23T15:36:25+00:00\" \/>\n<meta property=\"og:image\" content=\"https:\/\/buletin.de\/bucuresti\/wp-content\/uploads\/parcare-tudor-arghezi-sursa-mobilitate-urbana-sector-4-fb.jpg\" \/>\n\t<meta property=\"og:image:width\" content=\"2000\" \/>\n\t<meta property=\"og:image:height\" content=\"1048\" \/>\n\t<meta property=\"og:image:type\" content=\"image\/jpeg\" \/>\n<meta name=\"author\" content=\"Ionu\u021b Lepa\" \/>\n<meta name=\"twitter:card\" content=\"summary_large_image\" \/>\n<meta name=\"twitter:label1\" content=\"Written by\" \/>\n\t<meta name=\"twitter:data1\" content=\"Ionu\u021b Lepa\" \/>\n\t<meta name=\"twitter:label2\" content=\"Estimated reading time\" \/>\n\t<meta name=\"twitter:data2\" content=\"5 minutes\" \/>\n<script type=\"application\/ld+json\" class=\"yoast-schema-graph\">{\"@context\":\"https:\\\/\\\/schema.org\",\"@graph\":[{\"@type\":\"Article\",\"@id\":\"https:\\\/\\\/buletin.de\\\/bucuresti\\\/raspunsul-primariei-sector-4-dat-celor-115-000-soferi-afectati-de-taxa-de-540-lei-pentru-parcare-edilii-vorbesc-de-o-facilitate\\\/#article\",\"isPartOf\":{\"@id\":\"https:\\\/\\\/buletin.de\\\/bucuresti\\\/raspunsul-primariei-sector-4-dat-celor-115-000-soferi-afectati-de-taxa-de-540-lei-pentru-parcare-edilii-vorbesc-de-o-facilitate\\\/\"},\"author\":{\"name\":\"Ionu\u021b Lepa\",\"@id\":\"https:\\\/\\\/buletin.de\\\/bucuresti\\\/#\\\/schema\\\/person\\\/5272b8a057b33890940b57b837fc4ce6\"},\"headline\":\"R\u0103spunsul Prim\u0103riei Sector 4 dat celor 115.000 \u015foferi afecta\u0163i de taxa de 540 lei pentru parcare. Edilii vorbesc de o \u201efacilitate\u201d\",\"datePublished\":\"2024-12-11T13:40:29+00:00\",\"dateModified\":\"2025-04-23T15:36:25+00:00\",\"mainEntityOfPage\":{\"@id\":\"https:\\\/\\\/buletin.de\\\/bucuresti\\\/raspunsul-primariei-sector-4-dat-celor-115-000-soferi-afectati-de-taxa-de-540-lei-pentru-parcare-edilii-vorbesc-de-o-facilitate\\\/\"},\"wordCount\":965,\"publisher\":{\"@id\":\"https:\\\/\\\/buletin.de\\\/bucuresti\\\/#organization\"},\"image\":{\"@id\":\"https:\\\/\\\/buletin.de\\\/bucuresti\\\/raspunsul-primariei-sector-4-dat-celor-115-000-soferi-afectati-de-taxa-de-540-lei-pentru-parcare-edilii-vorbesc-de-o-facilitate\\\/#primaryimage\"},\"thumbnailUrl\":\"https:\\\/\\\/buletin.de\\\/bucuresti\\\/wp-content\\\/uploads\\\/parcare-tudor-arghezi-sursa-mobilitate-urbana-sector-4-fb.jpg\",\"keywords\":[\"daniel baluta\",\"primaria sectorului 4\",\"Sector 4\",\"taxa parcare 540 lei\",\"taxa parcare s4\"],\"articleSection\":[\"Articole\",\"Main\",\"Prim\u0103rie\",\"Transport\"],\"inLanguage\":\"en-GB\",\"copyrightYear\":\"2024\",\"copyrightHolder\":{\"@id\":\"https:\\\/\\\/buletin.de\\\/bucuresti\\\/#organization\"}},{\"@type\":\"WebPage\",\"@id\":\"https:\\\/\\\/buletin.de\\\/bucuresti\\\/raspunsul-primariei-sector-4-dat-celor-115-000-soferi-afectati-de-taxa-de-540-lei-pentru-parcare-edilii-vorbesc-de-o-facilitate\\\/\",\"url\":\"https:\\\/\\\/buletin.de\\\/bucuresti\\\/raspunsul-primariei-sector-4-dat-celor-115-000-soferi-afectati-de-taxa-de-540-lei-pentru-parcare-edilii-vorbesc-de-o-facilitate\\\/\",\"name\":\"R\u0103spunsul Prim\u0103riei Sector 4 dat celor 115.000 \u015foferi afecta\u0163i de taxa de 540 lei pentru parcare. Edilii vorbesc de o \u201efacilitate\u201d - Buletin de Bucure\u0219ti\",\"isPartOf\":{\"@id\":\"https:\\\/\\\/buletin.de\\\/bucuresti\\\/#website\"},\"primaryImageOfPage\":{\"@id\":\"https:\\\/\\\/buletin.de\\\/bucuresti\\\/raspunsul-primariei-sector-4-dat-celor-115-000-soferi-afectati-de-taxa-de-540-lei-pentru-parcare-edilii-vorbesc-de-o-facilitate\\\/#primaryimage\"},\"image\":{\"@id\":\"https:\\\/\\\/buletin.de\\\/bucuresti\\\/raspunsul-primariei-sector-4-dat-celor-115-000-soferi-afectati-de-taxa-de-540-lei-pentru-parcare-edilii-vorbesc-de-o-facilitate\\\/#primaryimage\"},\"thumbnailUrl\":\"https:\\\/\\\/buletin.de\\\/bucuresti\\\/wp-content\\\/uploads\\\/parcare-tudor-arghezi-sursa-mobilitate-urbana-sector-4-fb.jpg\",\"datePublished\":\"2024-12-11T13:40:29+00:00\",\"dateModified\":\"2025-04-23T15:36:25+00:00\",\"description\":\"R\u0103spunsul Prim\u0103riei Sector 4 folose\u015fte cuvinte precum \u201eposibilitatea\u201d \u015fi \u201efacilitatea\u201d, cu referire la taxa de 540 lei pentru parcare.\",\"breadcrumb\":{\"@id\":\"https:\\\/\\\/buletin.de\\\/bucuresti\\\/raspunsul-primariei-sector-4-dat-celor-115-000-soferi-afectati-de-taxa-de-540-lei-pentru-parcare-edilii-vorbesc-de-o-facilitate\\\/#breadcrumb\"},\"inLanguage\":\"en-GB\",\"potentialAction\":[{\"@type\":\"ReadAction\",\"target\":[\"https:\\\/\\\/buletin.de\\\/bucuresti\\\/raspunsul-primariei-sector-4-dat-celor-115-000-soferi-afectati-de-taxa-de-540-lei-pentru-parcare-edilii-vorbesc-de-o-facilitate\\\/\"]}]},{\"@type\":\"ImageObject\",\"inLanguage\":\"en-GB\",\"@id\":\"https:\\\/\\\/buletin.de\\\/bucuresti\\\/raspunsul-primariei-sector-4-dat-celor-115-000-soferi-afectati-de-taxa-de-540-lei-pentru-parcare-edilii-vorbesc-de-o-facilitate\\\/#primaryimage\",\"url\":\"https:\\\/\\\/buletin.de\\\/bucuresti\\\/wp-content\\\/uploads\\\/parcare-tudor-arghezi-sursa-mobilitate-urbana-sector-4-fb.jpg\",\"contentUrl\":\"https:\\\/\\\/buletin.de\\\/bucuresti\\\/wp-content\\\/uploads\\\/parcare-tudor-arghezi-sursa-mobilitate-urbana-sector-4-fb.jpg\",\"width\":2000,\"height\":1048,\"caption\":\"R\u0103spunsul Prim\u0103riei Sector 4 \u00een privin\u0163a taxe de 540 de lei pentru parcare. FOTO: FB \\\/ Mobilitate Urban\u0103 Sector 4\"},{\"@type\":\"BreadcrumbList\",\"@id\":\"https:\\\/\\\/buletin.de\\\/bucuresti\\\/raspunsul-primariei-sector-4-dat-celor-115-000-soferi-afectati-de-taxa-de-540-lei-pentru-parcare-edilii-vorbesc-de-o-facilitate\\\/#breadcrumb\",\"itemListElement\":[{\"@type\":\"ListItem\",\"position\":1,\"name\":\"Acas\u0103\",\"item\":\"https:\\\/\\\/buletin.de\\\/bucuresti\\\/\"},{\"@type\":\"ListItem\",\"position\":2,\"name\":\"R\u0103spunsul Prim\u0103riei Sector 4 dat celor 115.000 \u015foferi afecta\u0163i de taxa de 540 lei pentru parcare. Edilii vorbesc de o \u201efacilitate\u201d\"}]},{\"@type\":\"WebSite\",\"@id\":\"https:\\\/\\\/buletin.de\\\/bucuresti\\\/#website\",\"url\":\"https:\\\/\\\/buletin.de\\\/bucuresti\\\/\",\"name\":\"Buletin de Bucure\u0219ti\",\"description\":\"\u0218tiri \u0219i investiga\u021bii esen\u021biale din capital\u0103\",\"publisher\":{\"@id\":\"https:\\\/\\\/buletin.de\\\/bucuresti\\\/#organization\"},\"potentialAction\":[{\"@type\":\"SearchAction\",\"target\":{\"@type\":\"EntryPoint\",\"urlTemplate\":\"https:\\\/\\\/buletin.de\\\/bucuresti\\\/?s={search_term_string}\"},\"query-input\":{\"@type\":\"PropertyValueSpecification\",\"valueRequired\":true,\"valueName\":\"search_term_string\"}}],\"inLanguage\":\"en-GB\"},{\"@type\":\"Organization\",\"@id\":\"https:\\\/\\\/buletin.de\\\/bucuresti\\\/#organization\",\"name\":\"Buletin de Bucure\u0219ti\",\"url\":\"https:\\\/\\\/buletin.de\\\/bucuresti\\\/\",\"logo\":{\"@type\":\"ImageObject\",\"inLanguage\":\"en-GB\",\"@id\":\"https:\\\/\\\/buletin.de\\\/bucuresti\\\/#\\\/schema\\\/logo\\\/image\\\/\",\"url\":\"https:\\\/\\\/buletin.de\\\/bucuresti\\\/wp-content\\\/uploads\\\/logo-bdb-full-wide-vernil-transparent.png\",\"contentUrl\":\"https:\\\/\\\/buletin.de\\\/bucuresti\\\/wp-content\\\/uploads\\\/logo-bdb-full-wide-vernil-transparent.png\",\"width\":1782,\"height\":626,\"caption\":\"Buletin de Bucure\u0219ti\"},\"image\":{\"@id\":\"https:\\\/\\\/buletin.de\\\/bucuresti\\\/#\\\/schema\\\/logo\\\/image\\\/\"},\"sameAs\":[\"https:\\\/\\\/www.facebook.com\\\/buletin.de.buc\",\"https:\\\/\\\/www.instagram.com\\\/buletinde.bucuresti\\\/\"]},{\"@type\":\"Person\",\"@id\":\"https:\\\/\\\/buletin.de\\\/bucuresti\\\/#\\\/schema\\\/person\\\/5272b8a057b33890940b57b837fc4ce6\",\"name\":\"Ionu\u021b Lepa\",\"image\":{\"@type\":\"ImageObject\",\"inLanguage\":\"en-GB\",\"@id\":\"https:\\\/\\\/buletin.de\\\/bucuresti\\\/wp-content\\\/uploads\\\/Ionut-Lepa-96x96.jpg5c4e4d9e049808799a8821652d2410a4\",\"url\":\"https:\\\/\\\/buletin.de\\\/bucuresti\\\/wp-content\\\/uploads\\\/Ionut-Lepa-96x96.jpg\",\"contentUrl\":\"https:\\\/\\\/buletin.de\\\/bucuresti\\\/wp-content\\\/uploads\\\/Ionut-Lepa-96x96.jpg\",\"caption\":\"Ionu\u021b Lepa\"},\"url\":\"https:\\\/\\\/buletin.de\\\/bucuresti\\\/author\\\/ionutlepa\\\/\"}]}<\/script>\n<!-- \/ Yoast SEO Premium plugin. -->","yoast_head_json":{"title":"R\u0103spunsul Prim\u0103riei Sector 4 dat celor 115.000 \u015foferi afecta\u0163i de taxa de 540 lei pentru parcare. Edilii vorbesc de o \u201efacilitate\u201d - Buletin de Bucure\u0219ti","description":"R\u0103spunsul Prim\u0103riei Sector 4 folose\u015fte cuvinte precum \u201eposibilitatea\u201d \u015fi \u201efacilitatea\u201d, cu referire la taxa de 540 lei pentru parcare.","robots":{"index":"index","follow":"follow","max-snippet":"max-snippet:-1","max-image-preview":"max-image-preview:large","max-video-preview":"max-video-preview:-1"},"canonical":"https:\/\/buletin.de\/bucuresti\/raspunsul-primariei-sector-4-dat-celor-115-000-soferi-afectati-de-taxa-de-540-lei-pentru-parcare-edilii-vorbesc-de-o-facilitate\/","og_locale":"en_GB","og_type":"article","og_title":"R\u0103spunsul Prim\u0103riei Sector 4 dat celor 115.000 \u015foferi afecta\u0163i de taxa de 540 lei pentru parcare. Edilii vorbesc de o \u201efacilitate\u201d","og_description":"R\u0103spunsul Prim\u0103riei Sector 4 folose\u015fte cuvinte precum \u201eposibilitatea\u201d \u015fi \u201efacilitatea\u201d, cu referire la taxa de 540 lei pentru parcare.","og_url":"https:\/\/buletin.de\/bucuresti\/raspunsul-primariei-sector-4-dat-celor-115-000-soferi-afectati-de-taxa-de-540-lei-pentru-parcare-edilii-vorbesc-de-o-facilitate\/","og_site_name":"Buletin de Bucure\u0219ti","article_publisher":"https:\/\/www.facebook.com\/buletin.de.buc","article_published_time":"2024-12-11T13:40:29+00:00","article_modified_time":"2025-04-23T15:36:25+00:00","og_image":[{"width":2000,"height":1048,"url":"https:\/\/buletin.de\/bucuresti\/wp-content\/uploads\/parcare-tudor-arghezi-sursa-mobilitate-urbana-sector-4-fb.jpg","type":"image\/jpeg"}],"author":"Ionu\u021b Lepa","twitter_card":"summary_large_image","twitter_misc":{"Written by":"Ionu\u021b Lepa","Estimated reading time":"5 minutes"},"schema":{"@context":"https:\/\/schema.org","@graph":[{"@type":"Article","@id":"https:\/\/buletin.de\/bucuresti\/raspunsul-primariei-sector-4-dat-celor-115-000-soferi-afectati-de-taxa-de-540-lei-pentru-parcare-edilii-vorbesc-de-o-facilitate\/#article","isPartOf":{"@id":"https:\/\/buletin.de\/bucuresti\/raspunsul-primariei-sector-4-dat-celor-115-000-soferi-afectati-de-taxa-de-540-lei-pentru-parcare-edilii-vorbesc-de-o-facilitate\/"},"author":{"name":"Ionu\u021b Lepa","@id":"https:\/\/buletin.de\/bucuresti\/#\/schema\/person\/5272b8a057b33890940b57b837fc4ce6"},"headline":"R\u0103spunsul Prim\u0103riei Sector 4 dat celor 115.000 \u015foferi afecta\u0163i de taxa de 540 lei pentru parcare. Edilii vorbesc de o \u201efacilitate\u201d","datePublished":"2024-12-11T13:40:29+00:00","dateModified":"2025-04-23T15:36:25+00:00","mainEntityOfPage":{"@id":"https:\/\/buletin.de\/bucuresti\/raspunsul-primariei-sector-4-dat-celor-115-000-soferi-afectati-de-taxa-de-540-lei-pentru-parcare-edilii-vorbesc-de-o-facilitate\/"},"wordCount":965,"publisher":{"@id":"https:\/\/buletin.de\/bucuresti\/#organization"},"image":{"@id":"https:\/\/buletin.de\/bucuresti\/raspunsul-primariei-sector-4-dat-celor-115-000-soferi-afectati-de-taxa-de-540-lei-pentru-parcare-edilii-vorbesc-de-o-facilitate\/#primaryimage"},"thumbnailUrl":"https:\/\/buletin.de\/bucuresti\/wp-content\/uploads\/parcare-tudor-arghezi-sursa-mobilitate-urbana-sector-4-fb.jpg","keywords":["daniel baluta","primaria sectorului 4","Sector 4","taxa parcare 540 lei","taxa parcare s4"],"articleSection":["Articole","Main","Prim\u0103rie","Transport"],"inLanguage":"en-GB","copyrightYear":"2024","copyrightHolder":{"@id":"https:\/\/buletin.de\/bucuresti\/#organization"}},{"@type":"WebPage","@id":"https:\/\/buletin.de\/bucuresti\/raspunsul-primariei-sector-4-dat-celor-115-000-soferi-afectati-de-taxa-de-540-lei-pentru-parcare-edilii-vorbesc-de-o-facilitate\/","url":"https:\/\/buletin.de\/bucuresti\/raspunsul-primariei-sector-4-dat-celor-115-000-soferi-afectati-de-taxa-de-540-lei-pentru-parcare-edilii-vorbesc-de-o-facilitate\/","name":"R\u0103spunsul Prim\u0103riei Sector 4 dat celor 115.000 \u015foferi afecta\u0163i de taxa de 540 lei pentru parcare. Edilii vorbesc de o \u201efacilitate\u201d - Buletin de Bucure\u0219ti","isPartOf":{"@id":"https:\/\/buletin.de\/bucuresti\/#website"},"primaryImageOfPage":{"@id":"https:\/\/buletin.de\/bucuresti\/raspunsul-primariei-sector-4-dat-celor-115-000-soferi-afectati-de-taxa-de-540-lei-pentru-parcare-edilii-vorbesc-de-o-facilitate\/#primaryimage"},"image":{"@id":"https:\/\/buletin.de\/bucuresti\/raspunsul-primariei-sector-4-dat-celor-115-000-soferi-afectati-de-taxa-de-540-lei-pentru-parcare-edilii-vorbesc-de-o-facilitate\/#primaryimage"},"thumbnailUrl":"https:\/\/buletin.de\/bucuresti\/wp-content\/uploads\/parcare-tudor-arghezi-sursa-mobilitate-urbana-sector-4-fb.jpg","datePublished":"2024-12-11T13:40:29+00:00","dateModified":"2025-04-23T15:36:25+00:00","description":"R\u0103spunsul Prim\u0103riei Sector 4 folose\u015fte cuvinte precum \u201eposibilitatea\u201d \u015fi \u201efacilitatea\u201d, cu referire la taxa de 540 lei pentru parcare.","breadcrumb":{"@id":"https:\/\/buletin.de\/bucuresti\/raspunsul-primariei-sector-4-dat-celor-115-000-soferi-afectati-de-taxa-de-540-lei-pentru-parcare-edilii-vorbesc-de-o-facilitate\/#breadcrumb"},"inLanguage":"en-GB","potentialAction":[{"@type":"ReadAction","target":["https:\/\/buletin.de\/bucuresti\/raspunsul-primariei-sector-4-dat-celor-115-000-soferi-afectati-de-taxa-de-540-lei-pentru-parcare-edilii-vorbesc-de-o-facilitate\/"]}]},{"@type":"ImageObject","inLanguage":"en-GB","@id":"https:\/\/buletin.de\/bucuresti\/raspunsul-primariei-sector-4-dat-celor-115-000-soferi-afectati-de-taxa-de-540-lei-pentru-parcare-edilii-vorbesc-de-o-facilitate\/#primaryimage","url":"https:\/\/buletin.de\/bucuresti\/wp-content\/uploads\/parcare-tudor-arghezi-sursa-mobilitate-urbana-sector-4-fb.jpg","contentUrl":"https:\/\/buletin.de\/bucuresti\/wp-content\/uploads\/parcare-tudor-arghezi-sursa-mobilitate-urbana-sector-4-fb.jpg","width":2000,"height":1048,"caption":"R\u0103spunsul Prim\u0103riei Sector 4 \u00een privin\u0163a taxe de 540 de lei pentru parcare. FOTO: FB \/ Mobilitate Urban\u0103 Sector 4"},{"@type":"BreadcrumbList","@id":"https:\/\/buletin.de\/bucuresti\/raspunsul-primariei-sector-4-dat-celor-115-000-soferi-afectati-de-taxa-de-540-lei-pentru-parcare-edilii-vorbesc-de-o-facilitate\/#breadcrumb","itemListElement":[{"@type":"ListItem","position":1,"name":"Acas\u0103","item":"https:\/\/buletin.de\/bucuresti\/"},{"@type":"ListItem","position":2,"name":"R\u0103spunsul Prim\u0103riei Sector 4 dat celor 115.000 \u015foferi afecta\u0163i de taxa de 540 lei pentru parcare. Edilii vorbesc de o \u201efacilitate\u201d"}]},{"@type":"WebSite","@id":"https:\/\/buletin.de\/bucuresti\/#website","url":"https:\/\/buletin.de\/bucuresti\/","name":"Buletin de Bucure\u0219ti","description":"\u0218tiri \u0219i investiga\u021bii esen\u021biale din capital\u0103","publisher":{"@id":"https:\/\/buletin.de\/bucuresti\/#organization"},"potentialAction":[{"@type":"SearchAction","target":{"@type":"EntryPoint","urlTemplate":"https:\/\/buletin.de\/bucuresti\/?s={search_term_string}"},"query-input":{"@type":"PropertyValueSpecification","valueRequired":true,"valueName":"search_term_string"}}],"inLanguage":"en-GB"},{"@type":"Organization","@id":"https:\/\/buletin.de\/bucuresti\/#organization","name":"Buletin de Bucure\u0219ti","url":"https:\/\/buletin.de\/bucuresti\/","logo":{"@type":"ImageObject","inLanguage":"en-GB","@id":"https:\/\/buletin.de\/bucuresti\/#\/schema\/logo\/image\/","url":"https:\/\/buletin.de\/bucuresti\/wp-content\/uploads\/logo-bdb-full-wide-vernil-transparent.png","contentUrl":"https:\/\/buletin.de\/bucuresti\/wp-content\/uploads\/logo-bdb-full-wide-vernil-transparent.png","width":1782,"height":626,"caption":"Buletin de Bucure\u0219ti"},"image":{"@id":"https:\/\/buletin.de\/bucuresti\/#\/schema\/logo\/image\/"},"sameAs":["https:\/\/www.facebook.com\/buletin.de.buc","https:\/\/www.instagram.com\/buletinde.bucuresti\/"]},{"@type":"Person","@id":"https:\/\/buletin.de\/bucuresti\/#\/schema\/person\/5272b8a057b33890940b57b837fc4ce6","name":"Ionu\u021b Lepa","image":{"@type":"ImageObject","inLanguage":"en-GB","@id":"https:\/\/buletin.de\/bucuresti\/wp-content\/uploads\/Ionut-Lepa-96x96.jpg5c4e4d9e049808799a8821652d2410a4","url":"https:\/\/buletin.de\/bucuresti\/wp-content\/uploads\/Ionut-Lepa-96x96.jpg","contentUrl":"https:\/\/buletin.de\/bucuresti\/wp-content\/uploads\/Ionut-Lepa-96x96.jpg","caption":"Ionu\u021b Lepa"},"url":"https:\/\/buletin.de\/bucuresti\/author\/ionutlepa\/"}]}},"authors":[{"term_id":22586,"user_id":8,"is_guest":0,"slug":"ionutlepa","display_name":"Ionu\u021b Lepa","avatar_url":"https:\/\/buletin.de\/bucuresti\/wp-content\/uploads\/Ionut-Lepa-96x96.jpg","0":null,"1":"","2":"","3":"","4":"","5":"","6":"","7":"","8":""}],"_links":{"self":[{"href":"https:\/\/buletin.de\/bucuresti\/wp-json\/wp\/v2\/posts\/110410","targetHints":{"allow":["GET"]}}],"collection":[{"href":"https:\/\/buletin.de\/bucuresti\/wp-json\/wp\/v2\/posts"}],"about":[{"href":"https:\/\/buletin.de\/bucuresti\/wp-json\/wp\/v2\/types\/post"}],"author":[{"embeddable":true,"href":"https:\/\/buletin.de\/bucuresti\/wp-json\/wp\/v2\/users\/8"}],"replies":[{"embeddable":true,"href":"https:\/\/buletin.de\/bucuresti\/wp-json\/wp\/v2\/comments?post=110410"}],"version-history":[{"count":7,"href":"https:\/\/buletin.de\/bucuresti\/wp-json\/wp\/v2\/posts\/110410\/revisions"}],"predecessor-version":[{"id":127410,"href":"https:\/\/buletin.de\/bucuresti\/wp-json\/wp\/v2\/posts\/110410\/revisions\/127410"}],"wp:featuredmedia":[{"embeddable":true,"href":"https:\/\/buletin.de\/bucuresti\/wp-json\/wp\/v2\/media\/110425"}],"wp:attachment":[{"href":"https:\/\/buletin.de\/bucuresti\/wp-json\/wp\/v2\/media?parent=110410"}],"wp:term":[{"taxonomy":"category","embeddable":true,"href":"https:\/\/buletin.de\/bucuresti\/wp-json\/wp\/v2\/categories?post=110410"},{"taxonomy":"post_tag","embeddable":true,"href":"https:\/\/buletin.de\/bucuresti\/wp-json\/wp\/v2\/tags?post=110410"},{"taxonomy":"author","embeddable":true,"href":"https:\/\/buletin.de\/bucuresti\/wp-json\/wp\/v2\/ppma_author?post=110410"}],"curies":[{"name":"wp","href":"https:\/\/api.w.org\/{rel}","templated":true}]}}