{"id":110050,"date":"2024-12-09T16:10:21","date_gmt":"2024-12-09T13:10:21","guid":{"rendered":"https:\/\/buletin.de\/bucuresti\/?p=110050"},"modified":"2024-12-09T16:10:22","modified_gmt":"2024-12-09T13:10:22","slug":"un-corp-al-complexului-municipal-de-economie-circulara-banca-de-alimente-si-obiecte-este-finalizat","status":"publish","type":"post","link":"https:\/\/buletin.de\/bucuresti\/un-corp-al-complexului-municipal-de-economie-circulara-banca-de-alimente-si-obiecte-este-finalizat\/","title":{"rendered":"Un corp al Complexului Municipal de Economie Circular\u0103 &#8211; Banc\u0103 de Alimente \u015fi Obiecte este finalizat. Pentru ce va fi folosit"},"content":{"rendered":"\n<p><strong>Un corp al Complexului Municipal de Economie Circular\u0103 &#8211; Banc\u0103 de Alimente \u015fi Obiecte, a fost finalizat, potrivit <a href=\"https:\/\/www.facebook.com\/NicusorDan.ro\">PMB.<\/a> Aici va func\u0163iona Centrul de Urgen\u0163\u0103 \u015fi Bibliotec\u0103.<\/strong><\/p>\n\n\n\n<p>Complexul, situat \u00een Aleea George Cristian Stanciu nr. 2-4-6, Sector 5, va include patru cl\u0103diri:<\/p>\n\n\n\n<ul class=\"wp-block-list\">\n<li>Banca de Alimente \u015fi Obiecte;<\/li>\n\n\n\n<li>Centru de Economie Circular\u0103;<\/li>\n\n\n\n<li>Centru de Urgen\u0163\u0103 \u015fi Bibliotec\u0103;<\/li>\n\n\n\n<li>birouri de consiliere;<\/li>\n\n\n\n<li>centru de zi pentru adul\u0163i \u015fi copii.<\/li>\n<\/ul>\n\n\n\n<p>\u00cen perioada 9 &#8211; 20 decembrie, \u00een noul corp al Complexului Municipal de Economie Circular\u0103 &#8211; Banc\u0103 de Alimente \u015fi Obiecte, vor avea loc mai multe evenimente dedicate copiilor.<\/p>\n\n\n\n<iframe src=\"https:\/\/www.facebook.com\/plugins\/video.php?height=476&#038;href=https%3A%2F%2Fwww.facebook.com%2Freel%2F2360520177651060%2F&#038;show_text=false&#038;width=267&#038;t=0\" width=\"267\" height=\"476\" style=\"border:none;overflow:hidden\" scrolling=\"no\" frameborder=\"0\" allowfullscreen=\"true\" allow=\"autoplay; clipboard-write; encrypted-media; picture-in-picture; web-share\" allowFullScreen=\"true\"><\/iframe>\n\n\n\n<p>Direc\u0163ia General\u0103 de Asisten\u0163\u0103 Social\u0103 a Municipiului Bucure\u015fti a preg\u0103tit  un loc pentru lectur\u0103 \u015fi o mini-libr\u0103rie de Cr\u0103ciun. Aici, cei mici pot r\u0103sfoi sau \u00eemprumuta c\u0103r\u0163i tematice de s\u0103rb\u0103tori \u015fi pot participa la un atelier de crea\u0163ie <\/p>\n\n\n\n<p><strong>Evenimentele vor avea loc pe 9, 11, 13, 16 \u015fi 20 decembrie.&nbsp;<\/strong><\/p>\n\n\n\n<p><strong>CITE\u0218TE \u0218I:<\/strong> <a href=\"https:\/\/buletin.de\/bucuresti\/parcul-kiseleff\/\">Parcul Kiseleff are cea mai mare instala\u0163ie cu v\u00e2sc, un tunel \u201eperfect instagramabil\u201d<\/a><\/p>\n\n\n\n<h3 class=\"wp-block-heading\" id=\"h-cea-mai-mare-banca-de-alimente-din-bucuresti-ridicata-pana-la-finalul-anului\">Cea mai mare banc\u0103 de alimente din Bucure\u015fti, ridicat\u0103 p\u00e2n\u0103 la finalul anului<\/h3>\n\n\n\n<p>Cea mai mare banc\u0103 de alimente f\u0103cut\u0103 de o autoritate public\u0103 \u00een Rom\u00e2nia va fi gata, p\u00e2n\u0103 la sf\u00e2r\u015fitul anului, \u00een zona Lira-Sebastian. <\/p>\n\n\n\n<p>Mai exact, acolo va fi construit, prin Direc\u0163ia de Asisten\u0163\u0103 Social\u0103, un complex de servicii sociale \u00een care vor fi amenajate banca de alimente, o cantin\u0103 social\u0103, un centru de formare profesional\u0103 \u00een domeniul HORECA pentru persoane vulnerabile, un centru de informare \u0219i consiliere pentru femei \u0219i centre de zi pentru copii \u0219i adul\u021bi cu dizabilit\u0103\u021bi.<\/p>\n\n\n\n<p>Cei de la Asisten\u021b\u0103 Social\u0103 vor colecta, depozita \u0219i distribui c\u0103tre persoanele aflate \u00een nevoie alimentele donate de produc\u0103tori din industria alimentar\u0103 \u0219i retaileri, alimente care nu mai pot fi v\u00e2ndute, dar sunt potrivite pentru consum.<\/p>\n\n\n\n<p>Pe l\u00e2ng\u0103 ajutorul social, este \u015fi o m\u0103sur\u0103 prin care se \u00eencearc\u0103 reducerea risipei alimentare.<\/p>\n\n\n\n<p><strong>CITE\u0218TE \u0218I:<\/strong> <a href=\"https:\/\/buletin.de\/bucuresti\/tramvaiele-si-sinele-vechi-din-bucuresti-pun-in-pericol-cladirile-vechi\/\">Tramvaiele \u0219i \u0219inele vechi din Bucure\u0219ti pun \u00een pericol cl\u0103dirile vechi<\/a><\/p>\n","protected":false},"excerpt":{"rendered":"<p>Un corp al Complexului Municipal de Economie Circular\u0103 &#8211; Banc\u0103 de Alimente \u015fi Obiecte, a fost finalizat, potrivit PMB. Aici va func\u0163iona Centrul de Urgen\u0163\u0103 \u015fi Bibliotec\u0103. Complexul, situat \u00een Aleea George Cristian Stanciu nr. 2-4-6, Sector 5, va include patru cl\u0103diri: \u00cen perioada 9 &#8211; 20 decembrie, \u00een noul corp al Complexului Municipal de [&hellip;]<\/p>\n","protected":false},"author":49,"featured_media":110063,"comment_status":"closed","ping_status":"open","sticky":false,"template":"","format":"standard","meta":{"_acf_changed":false,"inline_featured_image":false,"ngg_post_thumbnail":0,"footnotes":""},"categories":[6994,62],"tags":[17519,13832,17518],"ppma_author":[22574],"class_list":["post-110050","post","type-post","status-publish","format-standard","has-post-thumbnail","hentry","category-stiri-2","category-stiri","tag-aleea-george-cristian-stanciu","tag-banca-de-alimente","tag-complexul-municipal-de-economie-circulara"],"acf":[],"yoast_head":"<!-- This site is optimized with the Yoast SEO Premium plugin v25.3 (Yoast SEO v27.4) - https:\/\/yoast.com\/product\/yoast-seo-premium-wordpress\/ -->\n<title>Un corp al Complexului Municipal de Economie Circular\u0103 - Banc\u0103 de Alimente \u015fi Obiecte este finalizat. Pentru ce va fi folosit - Buletin de Bucure\u0219ti<\/title>\n<meta name=\"description\" content=\"Un corp al Complexului Municipal de Economie Circular\u0103 - Banc\u0103 de Alimente \u015fi Obiecte este finalizat. Pentru ce va fi folosit\" \/>\n<meta name=\"robots\" content=\"index, follow, max-snippet:-1, max-image-preview:large, max-video-preview:-1\" \/>\n<link rel=\"canonical\" href=\"https:\/\/buletin.de\/bucuresti\/un-corp-al-complexului-municipal-de-economie-circulara-banca-de-alimente-si-obiecte-este-finalizat\/\" \/>\n<meta property=\"og:locale\" content=\"en_GB\" \/>\n<meta property=\"og:type\" content=\"article\" \/>\n<meta property=\"og:title\" content=\"Un corp al Complexului Municipal de Economie Circular\u0103 - Banc\u0103 de Alimente \u015fi Obiecte este finalizat. Pentru ce va fi folosit\" \/>\n<meta property=\"og:description\" content=\"Un corp al Complexului Municipal de Economie Circular\u0103 - Banc\u0103 de Alimente \u015fi Obiecte este finalizat. Pentru ce va fi folosit\" \/>\n<meta property=\"og:url\" content=\"https:\/\/buletin.de\/bucuresti\/un-corp-al-complexului-municipal-de-economie-circulara-banca-de-alimente-si-obiecte-este-finalizat\/\" \/>\n<meta property=\"og:site_name\" content=\"Buletin de Bucure\u0219ti\" \/>\n<meta property=\"article:publisher\" content=\"https:\/\/www.facebook.com\/buletin.de.buc\" \/>\n<meta property=\"article:published_time\" content=\"2024-12-09T13:10:21+00:00\" \/>\n<meta property=\"article:modified_time\" content=\"2024-12-09T13:10:22+00:00\" \/>\n<meta property=\"og:image\" content=\"https:\/\/buletin.de\/bucuresti\/wp-content\/uploads\/banca-alimente-pmb-2-1.jpg\" \/>\n\t<meta property=\"og:image:width\" content=\"1346\" \/>\n\t<meta property=\"og:image:height\" content=\"1133\" \/>\n\t<meta property=\"og:image:type\" content=\"image\/jpeg\" \/>\n<meta name=\"author\" content=\"Diana Matei\" \/>\n<meta name=\"twitter:card\" content=\"summary_large_image\" \/>\n<meta name=\"twitter:label1\" content=\"Written by\" \/>\n\t<meta name=\"twitter:data1\" content=\"Diana Matei\" \/>\n\t<meta name=\"twitter:label2\" content=\"Estimated reading time\" \/>\n\t<meta name=\"twitter:data2\" content=\"2 minutes\" \/>\n<script type=\"application\/ld+json\" class=\"yoast-schema-graph\">{\"@context\":\"https:\\\/\\\/schema.org\",\"@graph\":[{\"@type\":\"Article\",\"@id\":\"https:\\\/\\\/buletin.de\\\/bucuresti\\\/un-corp-al-complexului-municipal-de-economie-circulara-banca-de-alimente-si-obiecte-este-finalizat\\\/#article\",\"isPartOf\":{\"@id\":\"https:\\\/\\\/buletin.de\\\/bucuresti\\\/un-corp-al-complexului-municipal-de-economie-circulara-banca-de-alimente-si-obiecte-este-finalizat\\\/\"},\"author\":{\"name\":\"Diana Matei\",\"@id\":\"https:\\\/\\\/buletin.de\\\/bucuresti\\\/#\\\/schema\\\/person\\\/7e46040573290777280a0835d81ea4ea\"},\"headline\":\"Un corp al Complexului Municipal de Economie Circular\u0103 &#8211; Banc\u0103 de Alimente \u015fi Obiecte este finalizat. Pentru ce va fi folosit\",\"datePublished\":\"2024-12-09T13:10:21+00:00\",\"dateModified\":\"2024-12-09T13:10:22+00:00\",\"mainEntityOfPage\":{\"@id\":\"https:\\\/\\\/buletin.de\\\/bucuresti\\\/un-corp-al-complexului-municipal-de-economie-circulara-banca-de-alimente-si-obiecte-este-finalizat\\\/\"},\"wordCount\":366,\"publisher\":{\"@id\":\"https:\\\/\\\/buletin.de\\\/bucuresti\\\/#organization\"},\"image\":{\"@id\":\"https:\\\/\\\/buletin.de\\\/bucuresti\\\/un-corp-al-complexului-municipal-de-economie-circulara-banca-de-alimente-si-obiecte-este-finalizat\\\/#primaryimage\"},\"thumbnailUrl\":\"https:\\\/\\\/buletin.de\\\/bucuresti\\\/wp-content\\\/uploads\\\/banca-alimente-pmb-2-1.jpg\",\"keywords\":[\"Aleea George Cristian Stanciu\",\"banca de alimente\",\"Complexul Municipal de Economie Circular\u0103\"],\"articleSection\":[\"Articole\",\"\u0218tiri\"],\"inLanguage\":\"en-GB\",\"copyrightYear\":\"2024\",\"copyrightHolder\":{\"@id\":\"https:\\\/\\\/buletin.de\\\/bucuresti\\\/#organization\"}},{\"@type\":\"WebPage\",\"@id\":\"https:\\\/\\\/buletin.de\\\/bucuresti\\\/un-corp-al-complexului-municipal-de-economie-circulara-banca-de-alimente-si-obiecte-este-finalizat\\\/\",\"url\":\"https:\\\/\\\/buletin.de\\\/bucuresti\\\/un-corp-al-complexului-municipal-de-economie-circulara-banca-de-alimente-si-obiecte-este-finalizat\\\/\",\"name\":\"Un corp al Complexului Municipal de Economie Circular\u0103 - Banc\u0103 de Alimente \u015fi Obiecte este finalizat. Pentru ce va fi folosit - Buletin de Bucure\u0219ti\",\"isPartOf\":{\"@id\":\"https:\\\/\\\/buletin.de\\\/bucuresti\\\/#website\"},\"primaryImageOfPage\":{\"@id\":\"https:\\\/\\\/buletin.de\\\/bucuresti\\\/un-corp-al-complexului-municipal-de-economie-circulara-banca-de-alimente-si-obiecte-este-finalizat\\\/#primaryimage\"},\"image\":{\"@id\":\"https:\\\/\\\/buletin.de\\\/bucuresti\\\/un-corp-al-complexului-municipal-de-economie-circulara-banca-de-alimente-si-obiecte-este-finalizat\\\/#primaryimage\"},\"thumbnailUrl\":\"https:\\\/\\\/buletin.de\\\/bucuresti\\\/wp-content\\\/uploads\\\/banca-alimente-pmb-2-1.jpg\",\"datePublished\":\"2024-12-09T13:10:21+00:00\",\"dateModified\":\"2024-12-09T13:10:22+00:00\",\"description\":\"Un corp al Complexului Municipal de Economie Circular\u0103 - Banc\u0103 de Alimente \u015fi Obiecte este finalizat. Pentru ce va fi folosit\",\"breadcrumb\":{\"@id\":\"https:\\\/\\\/buletin.de\\\/bucuresti\\\/un-corp-al-complexului-municipal-de-economie-circulara-banca-de-alimente-si-obiecte-este-finalizat\\\/#breadcrumb\"},\"inLanguage\":\"en-GB\",\"potentialAction\":[{\"@type\":\"ReadAction\",\"target\":[\"https:\\\/\\\/buletin.de\\\/bucuresti\\\/un-corp-al-complexului-municipal-de-economie-circulara-banca-de-alimente-si-obiecte-este-finalizat\\\/\"]}]},{\"@type\":\"ImageObject\",\"inLanguage\":\"en-GB\",\"@id\":\"https:\\\/\\\/buletin.de\\\/bucuresti\\\/un-corp-al-complexului-municipal-de-economie-circulara-banca-de-alimente-si-obiecte-este-finalizat\\\/#primaryimage\",\"url\":\"https:\\\/\\\/buletin.de\\\/bucuresti\\\/wp-content\\\/uploads\\\/banca-alimente-pmb-2-1.jpg\",\"contentUrl\":\"https:\\\/\\\/buletin.de\\\/bucuresti\\\/wp-content\\\/uploads\\\/banca-alimente-pmb-2-1.jpg\",\"width\":1346,\"height\":1133,\"caption\":\"Un corp al Complexului Municipal de Economie Circular\u0103 - Banc\u0103 de Alimente \u015fi Obiecte este finalizat. Aici vor avea loc evenimente pentru copii. FOTO: Arhiva\"},{\"@type\":\"BreadcrumbList\",\"@id\":\"https:\\\/\\\/buletin.de\\\/bucuresti\\\/un-corp-al-complexului-municipal-de-economie-circulara-banca-de-alimente-si-obiecte-este-finalizat\\\/#breadcrumb\",\"itemListElement\":[{\"@type\":\"ListItem\",\"position\":1,\"name\":\"Acas\u0103\",\"item\":\"https:\\\/\\\/buletin.de\\\/bucuresti\\\/\"},{\"@type\":\"ListItem\",\"position\":2,\"name\":\"Un corp al Complexului Municipal de Economie Circular\u0103 &#8211; Banc\u0103 de Alimente \u015fi Obiecte este finalizat. Pentru ce va fi folosit\"}]},{\"@type\":\"WebSite\",\"@id\":\"https:\\\/\\\/buletin.de\\\/bucuresti\\\/#website\",\"url\":\"https:\\\/\\\/buletin.de\\\/bucuresti\\\/\",\"name\":\"Buletin de Bucure\u0219ti\",\"description\":\"\u0218tiri \u0219i investiga\u021bii esen\u021biale din capital\u0103\",\"publisher\":{\"@id\":\"https:\\\/\\\/buletin.de\\\/bucuresti\\\/#organization\"},\"potentialAction\":[{\"@type\":\"SearchAction\",\"target\":{\"@type\":\"EntryPoint\",\"urlTemplate\":\"https:\\\/\\\/buletin.de\\\/bucuresti\\\/?s={search_term_string}\"},\"query-input\":{\"@type\":\"PropertyValueSpecification\",\"valueRequired\":true,\"valueName\":\"search_term_string\"}}],\"inLanguage\":\"en-GB\"},{\"@type\":\"Organization\",\"@id\":\"https:\\\/\\\/buletin.de\\\/bucuresti\\\/#organization\",\"name\":\"Buletin de Bucure\u0219ti\",\"url\":\"https:\\\/\\\/buletin.de\\\/bucuresti\\\/\",\"logo\":{\"@type\":\"ImageObject\",\"inLanguage\":\"en-GB\",\"@id\":\"https:\\\/\\\/buletin.de\\\/bucuresti\\\/#\\\/schema\\\/logo\\\/image\\\/\",\"url\":\"https:\\\/\\\/buletin.de\\\/bucuresti\\\/wp-content\\\/uploads\\\/logo-bdb-full-wide-vernil-transparent.png\",\"contentUrl\":\"https:\\\/\\\/buletin.de\\\/bucuresti\\\/wp-content\\\/uploads\\\/logo-bdb-full-wide-vernil-transparent.png\",\"width\":1782,\"height\":626,\"caption\":\"Buletin de Bucure\u0219ti\"},\"image\":{\"@id\":\"https:\\\/\\\/buletin.de\\\/bucuresti\\\/#\\\/schema\\\/logo\\\/image\\\/\"},\"sameAs\":[\"https:\\\/\\\/www.facebook.com\\\/buletin.de.buc\",\"https:\\\/\\\/www.instagram.com\\\/buletinde.bucuresti\\\/\"]},{\"@type\":\"Person\",\"@id\":\"https:\\\/\\\/buletin.de\\\/bucuresti\\\/#\\\/schema\\\/person\\\/7e46040573290777280a0835d81ea4ea\",\"name\":\"Diana Matei\",\"image\":{\"@type\":\"ImageObject\",\"inLanguage\":\"en-GB\",\"@id\":\"https:\\\/\\\/buletin.de\\\/bucuresti\\\/wp-content\\\/uploads\\\/9-2-96x96.jpg1e8590b30871d70e62ebcdaf2eff570c\",\"url\":\"https:\\\/\\\/buletin.de\\\/bucuresti\\\/wp-content\\\/uploads\\\/9-2-96x96.jpg\",\"contentUrl\":\"https:\\\/\\\/buletin.de\\\/bucuresti\\\/wp-content\\\/uploads\\\/9-2-96x96.jpg\",\"caption\":\"Diana Matei\"},\"url\":\"https:\\\/\\\/buletin.de\\\/bucuresti\\\/author\\\/dianamatei\\\/\"}]}<\/script>\n<!-- \/ Yoast SEO Premium plugin. -->","yoast_head_json":{"title":"Un corp al Complexului Municipal de Economie Circular\u0103 - Banc\u0103 de Alimente \u015fi Obiecte este finalizat. Pentru ce va fi folosit - Buletin de Bucure\u0219ti","description":"Un corp al Complexului Municipal de Economie Circular\u0103 - Banc\u0103 de Alimente \u015fi Obiecte este finalizat. Pentru ce va fi folosit","robots":{"index":"index","follow":"follow","max-snippet":"max-snippet:-1","max-image-preview":"max-image-preview:large","max-video-preview":"max-video-preview:-1"},"canonical":"https:\/\/buletin.de\/bucuresti\/un-corp-al-complexului-municipal-de-economie-circulara-banca-de-alimente-si-obiecte-este-finalizat\/","og_locale":"en_GB","og_type":"article","og_title":"Un corp al Complexului Municipal de Economie Circular\u0103 - Banc\u0103 de Alimente \u015fi Obiecte este finalizat. Pentru ce va fi folosit","og_description":"Un corp al Complexului Municipal de Economie Circular\u0103 - Banc\u0103 de Alimente \u015fi Obiecte este finalizat. Pentru ce va fi folosit","og_url":"https:\/\/buletin.de\/bucuresti\/un-corp-al-complexului-municipal-de-economie-circulara-banca-de-alimente-si-obiecte-este-finalizat\/","og_site_name":"Buletin de Bucure\u0219ti","article_publisher":"https:\/\/www.facebook.com\/buletin.de.buc","article_published_time":"2024-12-09T13:10:21+00:00","article_modified_time":"2024-12-09T13:10:22+00:00","og_image":[{"width":1346,"height":1133,"url":"https:\/\/buletin.de\/bucuresti\/wp-content\/uploads\/banca-alimente-pmb-2-1.jpg","type":"image\/jpeg"}],"author":"Diana Matei","twitter_card":"summary_large_image","twitter_misc":{"Written by":"Diana Matei","Estimated reading time":"2 minutes"},"schema":{"@context":"https:\/\/schema.org","@graph":[{"@type":"Article","@id":"https:\/\/buletin.de\/bucuresti\/un-corp-al-complexului-municipal-de-economie-circulara-banca-de-alimente-si-obiecte-este-finalizat\/#article","isPartOf":{"@id":"https:\/\/buletin.de\/bucuresti\/un-corp-al-complexului-municipal-de-economie-circulara-banca-de-alimente-si-obiecte-este-finalizat\/"},"author":{"name":"Diana Matei","@id":"https:\/\/buletin.de\/bucuresti\/#\/schema\/person\/7e46040573290777280a0835d81ea4ea"},"headline":"Un corp al Complexului Municipal de Economie Circular\u0103 &#8211; Banc\u0103 de Alimente \u015fi Obiecte este finalizat. Pentru ce va fi folosit","datePublished":"2024-12-09T13:10:21+00:00","dateModified":"2024-12-09T13:10:22+00:00","mainEntityOfPage":{"@id":"https:\/\/buletin.de\/bucuresti\/un-corp-al-complexului-municipal-de-economie-circulara-banca-de-alimente-si-obiecte-este-finalizat\/"},"wordCount":366,"publisher":{"@id":"https:\/\/buletin.de\/bucuresti\/#organization"},"image":{"@id":"https:\/\/buletin.de\/bucuresti\/un-corp-al-complexului-municipal-de-economie-circulara-banca-de-alimente-si-obiecte-este-finalizat\/#primaryimage"},"thumbnailUrl":"https:\/\/buletin.de\/bucuresti\/wp-content\/uploads\/banca-alimente-pmb-2-1.jpg","keywords":["Aleea George Cristian Stanciu","banca de alimente","Complexul Municipal de Economie Circular\u0103"],"articleSection":["Articole","\u0218tiri"],"inLanguage":"en-GB","copyrightYear":"2024","copyrightHolder":{"@id":"https:\/\/buletin.de\/bucuresti\/#organization"}},{"@type":"WebPage","@id":"https:\/\/buletin.de\/bucuresti\/un-corp-al-complexului-municipal-de-economie-circulara-banca-de-alimente-si-obiecte-este-finalizat\/","url":"https:\/\/buletin.de\/bucuresti\/un-corp-al-complexului-municipal-de-economie-circulara-banca-de-alimente-si-obiecte-este-finalizat\/","name":"Un corp al Complexului Municipal de Economie Circular\u0103 - Banc\u0103 de Alimente \u015fi Obiecte este finalizat. Pentru ce va fi folosit - Buletin de Bucure\u0219ti","isPartOf":{"@id":"https:\/\/buletin.de\/bucuresti\/#website"},"primaryImageOfPage":{"@id":"https:\/\/buletin.de\/bucuresti\/un-corp-al-complexului-municipal-de-economie-circulara-banca-de-alimente-si-obiecte-este-finalizat\/#primaryimage"},"image":{"@id":"https:\/\/buletin.de\/bucuresti\/un-corp-al-complexului-municipal-de-economie-circulara-banca-de-alimente-si-obiecte-este-finalizat\/#primaryimage"},"thumbnailUrl":"https:\/\/buletin.de\/bucuresti\/wp-content\/uploads\/banca-alimente-pmb-2-1.jpg","datePublished":"2024-12-09T13:10:21+00:00","dateModified":"2024-12-09T13:10:22+00:00","description":"Un corp al Complexului Municipal de Economie Circular\u0103 - Banc\u0103 de Alimente \u015fi Obiecte este finalizat. Pentru ce va fi folosit","breadcrumb":{"@id":"https:\/\/buletin.de\/bucuresti\/un-corp-al-complexului-municipal-de-economie-circulara-banca-de-alimente-si-obiecte-este-finalizat\/#breadcrumb"},"inLanguage":"en-GB","potentialAction":[{"@type":"ReadAction","target":["https:\/\/buletin.de\/bucuresti\/un-corp-al-complexului-municipal-de-economie-circulara-banca-de-alimente-si-obiecte-este-finalizat\/"]}]},{"@type":"ImageObject","inLanguage":"en-GB","@id":"https:\/\/buletin.de\/bucuresti\/un-corp-al-complexului-municipal-de-economie-circulara-banca-de-alimente-si-obiecte-este-finalizat\/#primaryimage","url":"https:\/\/buletin.de\/bucuresti\/wp-content\/uploads\/banca-alimente-pmb-2-1.jpg","contentUrl":"https:\/\/buletin.de\/bucuresti\/wp-content\/uploads\/banca-alimente-pmb-2-1.jpg","width":1346,"height":1133,"caption":"Un corp al Complexului Municipal de Economie Circular\u0103 - Banc\u0103 de Alimente \u015fi Obiecte este finalizat. Aici vor avea loc evenimente pentru copii. FOTO: Arhiva"},{"@type":"BreadcrumbList","@id":"https:\/\/buletin.de\/bucuresti\/un-corp-al-complexului-municipal-de-economie-circulara-banca-de-alimente-si-obiecte-este-finalizat\/#breadcrumb","itemListElement":[{"@type":"ListItem","position":1,"name":"Acas\u0103","item":"https:\/\/buletin.de\/bucuresti\/"},{"@type":"ListItem","position":2,"name":"Un corp al Complexului Municipal de Economie Circular\u0103 &#8211; Banc\u0103 de Alimente \u015fi Obiecte este finalizat. Pentru ce va fi folosit"}]},{"@type":"WebSite","@id":"https:\/\/buletin.de\/bucuresti\/#website","url":"https:\/\/buletin.de\/bucuresti\/","name":"Buletin de Bucure\u0219ti","description":"\u0218tiri \u0219i investiga\u021bii esen\u021biale din capital\u0103","publisher":{"@id":"https:\/\/buletin.de\/bucuresti\/#organization"},"potentialAction":[{"@type":"SearchAction","target":{"@type":"EntryPoint","urlTemplate":"https:\/\/buletin.de\/bucuresti\/?s={search_term_string}"},"query-input":{"@type":"PropertyValueSpecification","valueRequired":true,"valueName":"search_term_string"}}],"inLanguage":"en-GB"},{"@type":"Organization","@id":"https:\/\/buletin.de\/bucuresti\/#organization","name":"Buletin de Bucure\u0219ti","url":"https:\/\/buletin.de\/bucuresti\/","logo":{"@type":"ImageObject","inLanguage":"en-GB","@id":"https:\/\/buletin.de\/bucuresti\/#\/schema\/logo\/image\/","url":"https:\/\/buletin.de\/bucuresti\/wp-content\/uploads\/logo-bdb-full-wide-vernil-transparent.png","contentUrl":"https:\/\/buletin.de\/bucuresti\/wp-content\/uploads\/logo-bdb-full-wide-vernil-transparent.png","width":1782,"height":626,"caption":"Buletin de Bucure\u0219ti"},"image":{"@id":"https:\/\/buletin.de\/bucuresti\/#\/schema\/logo\/image\/"},"sameAs":["https:\/\/www.facebook.com\/buletin.de.buc","https:\/\/www.instagram.com\/buletinde.bucuresti\/"]},{"@type":"Person","@id":"https:\/\/buletin.de\/bucuresti\/#\/schema\/person\/7e46040573290777280a0835d81ea4ea","name":"Diana Matei","image":{"@type":"ImageObject","inLanguage":"en-GB","@id":"https:\/\/buletin.de\/bucuresti\/wp-content\/uploads\/9-2-96x96.jpg1e8590b30871d70e62ebcdaf2eff570c","url":"https:\/\/buletin.de\/bucuresti\/wp-content\/uploads\/9-2-96x96.jpg","contentUrl":"https:\/\/buletin.de\/bucuresti\/wp-content\/uploads\/9-2-96x96.jpg","caption":"Diana Matei"},"url":"https:\/\/buletin.de\/bucuresti\/author\/dianamatei\/"}]}},"authors":[{"term_id":22574,"user_id":49,"is_guest":0,"slug":"dianamatei","display_name":"Diana Matei","avatar_url":"https:\/\/buletin.de\/bucuresti\/wp-content\/uploads\/9-2-96x96.jpg","0":null,"1":"","2":"","3":"","4":"","5":"","6":"","7":"","8":""}],"_links":{"self":[{"href":"https:\/\/buletin.de\/bucuresti\/wp-json\/wp\/v2\/posts\/110050","targetHints":{"allow":["GET"]}}],"collection":[{"href":"https:\/\/buletin.de\/bucuresti\/wp-json\/wp\/v2\/posts"}],"about":[{"href":"https:\/\/buletin.de\/bucuresti\/wp-json\/wp\/v2\/types\/post"}],"author":[{"embeddable":true,"href":"https:\/\/buletin.de\/bucuresti\/wp-json\/wp\/v2\/users\/49"}],"replies":[{"embeddable":true,"href":"https:\/\/buletin.de\/bucuresti\/wp-json\/wp\/v2\/comments?post=110050"}],"version-history":[{"count":4,"href":"https:\/\/buletin.de\/bucuresti\/wp-json\/wp\/v2\/posts\/110050\/revisions"}],"predecessor-version":[{"id":110075,"href":"https:\/\/buletin.de\/bucuresti\/wp-json\/wp\/v2\/posts\/110050\/revisions\/110075"}],"wp:featuredmedia":[{"embeddable":true,"href":"https:\/\/buletin.de\/bucuresti\/wp-json\/wp\/v2\/media\/110063"}],"wp:attachment":[{"href":"https:\/\/buletin.de\/bucuresti\/wp-json\/wp\/v2\/media?parent=110050"}],"wp:term":[{"taxonomy":"category","embeddable":true,"href":"https:\/\/buletin.de\/bucuresti\/wp-json\/wp\/v2\/categories?post=110050"},{"taxonomy":"post_tag","embeddable":true,"href":"https:\/\/buletin.de\/bucuresti\/wp-json\/wp\/v2\/tags?post=110050"},{"taxonomy":"author","embeddable":true,"href":"https:\/\/buletin.de\/bucuresti\/wp-json\/wp\/v2\/ppma_author?post=110050"}],"curies":[{"name":"wp","href":"https:\/\/api.w.org\/{rel}","templated":true}]}}