{"id":109863,"date":"2024-12-07T17:24:19","date_gmt":"2024-12-07T14:24:19","guid":{"rendered":"https:\/\/buletin.de\/bucuresti\/?p=109863"},"modified":"2024-12-07T17:24:20","modified_gmt":"2024-12-07T14:24:20","slug":"meciul-fcsb-fc-botosani","status":"publish","type":"post","link":"https:\/\/buletin.de\/bucuresti\/meciul-fcsb-fc-botosani\/","title":{"rendered":"Meciul FCSB-FC Boto\u0219ani\u00a0ar putea restric\u021biona traficul \u00een zona Arenei Na\u021bionale"},"content":{"rendered":"\n<p><strong><a href=\"https:\/\/www.stb.ro\/info\">STB<\/a> anun\u021b\u0103 posibilitatea modific\u0103rii traseelor troleibuzelor\u00a0liniilor\u00a086, 90\u00a0\u0219i autobuzelor\u00a0liniilor\u00a0104, 143, duminic\u0103,\u00a008.12.2024. M\u0103sura este luat\u0103 pentru meciul FCSB-FC Boto\u0219ani de pe Arena Na\u021bional\u0103<\/strong>.<\/p>\n\n\n\n<p>Circula\u021bia rutier\u0103 va fi restric\u021bionat\u0103, pentru meciul FCSB-FC Boto\u0219ani, dac\u0103 va fi cazul,  \u00een zon\u0103, astfel:<\/p>\n\n\n\n<p><strong>Linia 86<\/strong>&nbsp;va func\u021biona pe traseul de baz\u0103 \u00eentre terminalul \u201eCl\u0103bucet\u201d \u0219i intersec\u021bia Str.&nbsp;Vatra Luminoas\u0103\/Str. Tony Bulandra, apoi pe un traseu modificat \u00een ambele sensuri pe Str. Tony Bulandra, cu \u00eentoarcere \u00een Depoul Vatra Luminoas\u0103.<\/p>\n\n\n\n<p><strong>Linia 90<\/strong>&nbsp;va func\u021biona pe traseul de baz\u0103 \u00eentre terminalul \u201eSem\u0103n\u0103toarea\u201d \u0219i intersec\u021bia Str. Vatra Luminoas\u0103\/Str. Tony Bulandra, apoi pe un traseu modificat \u00een ambele sensuri pe Str. Tony Bulandra, cu \u00eentoarcere \u00een Depoul Vatra Luminoas\u0103.<\/p>\n\n\n\n<h3 class=\"wp-block-heading\" id=\"h-meciul-fcsb-fc-boto\u0219ani-nbsp-ar-putea-restric\u021biona-traficul-in-zona-arenei-na\u021bionale\">Meciul FCSB-FC Boto\u0219ani&nbsp;ar putea restric\u021biona traficul \u00een zona Arenei Na\u021bionale<\/h3>\n\n\n\n<p><strong>Linia 104<\/strong>&nbsp;va func\u021biona pe traseul de baz\u0103 \u00eentre terminalul \u201eComplex Comercial Pantelimon\u201d \u0219i intersec\u021bia \u0218os. Iancului\/Bd. Pierre de Coubertin, apoi pe un traseu modificat \u00een ambele sensuri pe \u0218os. Iancului, \u0218os. Mihai Bravu, Bd. Decebal, apoi traseul actual.<\/p>\n\n\n\n<p>Tot pentru meciul FCSB-FC Boto\u0219ani, <strong>linia 143&nbsp;<\/strong>va func\u021biona pe traseul de baz\u0103, \u00eentre terminalul \u201eBucur Obor\u201d \u0219i intersec\u021bia Str.&nbsp;Baicului\/\u015eos. Pantelimon, apoi pe un traseu modificat pe \u015eos. Pantelimon, Bd.&nbsp;Ferdinand, Bd. G\u0103rii Obor, p\u00e2n\u0103 la terminalul&nbsp; \u201eBaicului\u201d (linii 69, 85, 382), cu \u00eentoarcere pe Str. Baicului, Str. Paharnicul Turturea, Str. Dumitru Slugeru, apoi traseul actual.<\/p>\n\n\n\n<p>Societatea de Transport Bucure\u0219ti pune, la dispozi\u021bia c\u0103l\u0103torilor, posibilit\u0103\u021bi multiple de informare \u00een timp real, cu privire la circula\u021bia mijloacelor de transport public de pe toate liniile. Programele de func\u021bionare, modific\u0103rile de trasee sau de sta\u021bii, precum \u0219i toate m\u0103surile ini\u021biate pentru optimizarea serviciului de transport public sunt comunicate \u00een aplica\u021bia InfoTB, pe site-ul STB \u0219i pe paginile oficiale de social media.<\/p>\n\n\n\n<p><strong>CITE\u0218TE \u0218I:<\/strong> <a href=\"https:\/\/buletin.de\/bucuresti\/interlopii-si-tiktokerii-care-l-au-sustinut-pe-calin-georgescu-posteaza-filmulete-din-care-reiese-ca-fug-din-tara\/\">Interlopii \u015fi tiktokerii care l-au sus\u0163inut pe C\u0103lin Georgescu posteaz\u0103 filmule\u0163e din care reiese c\u0103 fug din \u0163ar\u0103<\/a><\/p>\n","protected":false},"excerpt":{"rendered":"<p>STB anun\u021b\u0103 posibilitatea modific\u0103rii traseelor troleibuzelor\u00a0liniilor\u00a086, 90\u00a0\u0219i autobuzelor\u00a0liniilor\u00a0104, 143, duminic\u0103,\u00a008.12.2024. M\u0103sura este luat\u0103 pentru meciul FCSB-FC Boto\u0219ani de pe Arena Na\u021bional\u0103. Circula\u021bia rutier\u0103 va fi restric\u021bionat\u0103, pentru meciul FCSB-FC Boto\u0219ani, dac\u0103 va fi cazul, \u00een zon\u0103, astfel: Linia 86&nbsp;va func\u021biona pe traseul de baz\u0103 \u00eentre terminalul \u201eCl\u0103bucet\u201d \u0219i intersec\u021bia Str.&nbsp;Vatra Luminoas\u0103\/Str. Tony Bulandra, apoi pe [&hellip;]<\/p>\n","protected":false},"author":49,"featured_media":86147,"comment_status":"closed","ping_status":"open","sticky":false,"template":"","format":"standard","meta":{"_acf_changed":false,"inline_featured_image":false,"ngg_post_thumbnail":0,"footnotes":""},"categories":[6994,62,650],"tags":[11344,16420,12150,17473,402],"ppma_author":[22574],"class_list":["post-109863","post","type-post","status-publish","format-standard","has-post-thumbnail","hentry","category-stiri-2","category-stiri","category-transport","tag-linia-104","tag-linia-143","tag-linia-86","tag-meciul-fcsb-fc-botosani","tag-stb"],"acf":[],"yoast_head":"<!-- This site is optimized with the Yoast SEO Premium plugin v25.3 (Yoast SEO v27.4) - https:\/\/yoast.com\/product\/yoast-seo-premium-wordpress\/ -->\n<title>Meciul FCSB-FC Boto\u0219ani\u00a0ar putea restric\u021biona traficul \u00een zona Arenei Na\u021bionale - Buletin de Bucure\u0219ti<\/title>\n<meta name=\"description\" content=\"Meciul FCSB-FC Boto\u0219ani. Meciul FCSB-FC Boto\u0219ani\u00a0ar putea restric\u021biona traficul \u00een zona Arenei Na\u021bionale, duminica.\" \/>\n<meta name=\"robots\" content=\"index, follow, max-snippet:-1, max-image-preview:large, max-video-preview:-1\" \/>\n<link rel=\"canonical\" href=\"https:\/\/buletin.de\/bucuresti\/meciul-fcsb-fc-botosani\/\" \/>\n<meta property=\"og:locale\" content=\"en_GB\" \/>\n<meta property=\"og:type\" content=\"article\" \/>\n<meta property=\"og:title\" content=\"Meciul FCSB-FC Boto\u0219ani\u00a0ar putea restric\u021biona traficul \u00een zona Arenei Na\u021bionale\" \/>\n<meta property=\"og:description\" content=\"Meciul FCSB-FC Boto\u0219ani. Meciul FCSB-FC Boto\u0219ani\u00a0ar putea restric\u021biona traficul \u00een zona Arenei Na\u021bionale, duminica.\" \/>\n<meta property=\"og:url\" content=\"https:\/\/buletin.de\/bucuresti\/meciul-fcsb-fc-botosani\/\" \/>\n<meta property=\"og:site_name\" content=\"Buletin de Bucure\u0219ti\" \/>\n<meta property=\"article:publisher\" content=\"https:\/\/www.facebook.com\/buletin.de.buc\" \/>\n<meta property=\"article:published_time\" content=\"2024-12-07T14:24:19+00:00\" \/>\n<meta property=\"article:modified_time\" content=\"2024-12-07T14:24:20+00:00\" \/>\n<meta property=\"og:image\" content=\"https:\/\/buletin.de\/bucuresti\/wp-content\/uploads\/linia-104.jpeg\" \/>\n\t<meta property=\"og:image:width\" content=\"1200\" \/>\n\t<meta property=\"og:image:height\" content=\"829\" \/>\n\t<meta property=\"og:image:type\" content=\"image\/jpeg\" \/>\n<meta name=\"author\" content=\"Diana Matei\" \/>\n<meta name=\"twitter:card\" content=\"summary_large_image\" \/>\n<meta name=\"twitter:label1\" content=\"Written by\" \/>\n\t<meta name=\"twitter:data1\" content=\"Diana Matei\" \/>\n\t<meta name=\"twitter:label2\" content=\"Estimated reading time\" \/>\n\t<meta name=\"twitter:data2\" content=\"2 minutes\" \/>\n<script type=\"application\/ld+json\" class=\"yoast-schema-graph\">{\"@context\":\"https:\\\/\\\/schema.org\",\"@graph\":[{\"@type\":\"Article\",\"@id\":\"https:\\\/\\\/buletin.de\\\/bucuresti\\\/meciul-fcsb-fc-botosani\\\/#article\",\"isPartOf\":{\"@id\":\"https:\\\/\\\/buletin.de\\\/bucuresti\\\/meciul-fcsb-fc-botosani\\\/\"},\"author\":{\"name\":\"Diana Matei\",\"@id\":\"https:\\\/\\\/buletin.de\\\/bucuresti\\\/#\\\/schema\\\/person\\\/7e46040573290777280a0835d81ea4ea\"},\"headline\":\"Meciul FCSB-FC Boto\u0219ani\u00a0ar putea restric\u021biona traficul \u00een zona Arenei Na\u021bionale\",\"datePublished\":\"2024-12-07T14:24:19+00:00\",\"dateModified\":\"2024-12-07T14:24:20+00:00\",\"mainEntityOfPage\":{\"@id\":\"https:\\\/\\\/buletin.de\\\/bucuresti\\\/meciul-fcsb-fc-botosani\\\/\"},\"wordCount\":359,\"publisher\":{\"@id\":\"https:\\\/\\\/buletin.de\\\/bucuresti\\\/#organization\"},\"image\":{\"@id\":\"https:\\\/\\\/buletin.de\\\/bucuresti\\\/meciul-fcsb-fc-botosani\\\/#primaryimage\"},\"thumbnailUrl\":\"https:\\\/\\\/buletin.de\\\/bucuresti\\\/wp-content\\\/uploads\\\/linia-104.jpeg\",\"keywords\":[\"linia 104\",\"linia 143\",\"linia 86\",\"Meciul FCSB-FC Boto\u0219ani\",\"stb\"],\"articleSection\":[\"Articole\",\"\u0218tiri\",\"Transport\"],\"inLanguage\":\"en-GB\",\"copyrightYear\":\"2024\",\"copyrightHolder\":{\"@id\":\"https:\\\/\\\/buletin.de\\\/bucuresti\\\/#organization\"}},{\"@type\":\"WebPage\",\"@id\":\"https:\\\/\\\/buletin.de\\\/bucuresti\\\/meciul-fcsb-fc-botosani\\\/\",\"url\":\"https:\\\/\\\/buletin.de\\\/bucuresti\\\/meciul-fcsb-fc-botosani\\\/\",\"name\":\"Meciul FCSB-FC Boto\u0219ani\u00a0ar putea restric\u021biona traficul \u00een zona Arenei Na\u021bionale - Buletin de Bucure\u0219ti\",\"isPartOf\":{\"@id\":\"https:\\\/\\\/buletin.de\\\/bucuresti\\\/#website\"},\"primaryImageOfPage\":{\"@id\":\"https:\\\/\\\/buletin.de\\\/bucuresti\\\/meciul-fcsb-fc-botosani\\\/#primaryimage\"},\"image\":{\"@id\":\"https:\\\/\\\/buletin.de\\\/bucuresti\\\/meciul-fcsb-fc-botosani\\\/#primaryimage\"},\"thumbnailUrl\":\"https:\\\/\\\/buletin.de\\\/bucuresti\\\/wp-content\\\/uploads\\\/linia-104.jpeg\",\"datePublished\":\"2024-12-07T14:24:19+00:00\",\"dateModified\":\"2024-12-07T14:24:20+00:00\",\"description\":\"Meciul FCSB-FC Boto\u0219ani. Meciul FCSB-FC Boto\u0219ani\u00a0ar putea restric\u021biona traficul \u00een zona Arenei Na\u021bionale, duminica.\",\"breadcrumb\":{\"@id\":\"https:\\\/\\\/buletin.de\\\/bucuresti\\\/meciul-fcsb-fc-botosani\\\/#breadcrumb\"},\"inLanguage\":\"en-GB\",\"potentialAction\":[{\"@type\":\"ReadAction\",\"target\":[\"https:\\\/\\\/buletin.de\\\/bucuresti\\\/meciul-fcsb-fc-botosani\\\/\"]}]},{\"@type\":\"ImageObject\",\"inLanguage\":\"en-GB\",\"@id\":\"https:\\\/\\\/buletin.de\\\/bucuresti\\\/meciul-fcsb-fc-botosani\\\/#primaryimage\",\"url\":\"https:\\\/\\\/buletin.de\\\/bucuresti\\\/wp-content\\\/uploads\\\/linia-104.jpeg\",\"contentUrl\":\"https:\\\/\\\/buletin.de\\\/bucuresti\\\/wp-content\\\/uploads\\\/linia-104.jpeg\",\"width\":1200,\"height\":829,\"caption\":\"Meciului de fotbal Dinamo Bucure\u0219ti \u2013 Universitatea Cluj ar putea devia patru linii STB. FOTO: Arhiva\"},{\"@type\":\"BreadcrumbList\",\"@id\":\"https:\\\/\\\/buletin.de\\\/bucuresti\\\/meciul-fcsb-fc-botosani\\\/#breadcrumb\",\"itemListElement\":[{\"@type\":\"ListItem\",\"position\":1,\"name\":\"Acas\u0103\",\"item\":\"https:\\\/\\\/buletin.de\\\/bucuresti\\\/\"},{\"@type\":\"ListItem\",\"position\":2,\"name\":\"Meciul FCSB-FC Boto\u0219ani\u00a0ar putea restric\u021biona traficul \u00een zona Arenei Na\u021bionale\"}]},{\"@type\":\"WebSite\",\"@id\":\"https:\\\/\\\/buletin.de\\\/bucuresti\\\/#website\",\"url\":\"https:\\\/\\\/buletin.de\\\/bucuresti\\\/\",\"name\":\"Buletin de Bucure\u0219ti\",\"description\":\"\u0218tiri \u0219i investiga\u021bii esen\u021biale din capital\u0103\",\"publisher\":{\"@id\":\"https:\\\/\\\/buletin.de\\\/bucuresti\\\/#organization\"},\"potentialAction\":[{\"@type\":\"SearchAction\",\"target\":{\"@type\":\"EntryPoint\",\"urlTemplate\":\"https:\\\/\\\/buletin.de\\\/bucuresti\\\/?s={search_term_string}\"},\"query-input\":{\"@type\":\"PropertyValueSpecification\",\"valueRequired\":true,\"valueName\":\"search_term_string\"}}],\"inLanguage\":\"en-GB\"},{\"@type\":\"Organization\",\"@id\":\"https:\\\/\\\/buletin.de\\\/bucuresti\\\/#organization\",\"name\":\"Buletin de Bucure\u0219ti\",\"url\":\"https:\\\/\\\/buletin.de\\\/bucuresti\\\/\",\"logo\":{\"@type\":\"ImageObject\",\"inLanguage\":\"en-GB\",\"@id\":\"https:\\\/\\\/buletin.de\\\/bucuresti\\\/#\\\/schema\\\/logo\\\/image\\\/\",\"url\":\"https:\\\/\\\/buletin.de\\\/bucuresti\\\/wp-content\\\/uploads\\\/logo-bdb-full-wide-vernil-transparent.png\",\"contentUrl\":\"https:\\\/\\\/buletin.de\\\/bucuresti\\\/wp-content\\\/uploads\\\/logo-bdb-full-wide-vernil-transparent.png\",\"width\":1782,\"height\":626,\"caption\":\"Buletin de Bucure\u0219ti\"},\"image\":{\"@id\":\"https:\\\/\\\/buletin.de\\\/bucuresti\\\/#\\\/schema\\\/logo\\\/image\\\/\"},\"sameAs\":[\"https:\\\/\\\/www.facebook.com\\\/buletin.de.buc\",\"https:\\\/\\\/www.instagram.com\\\/buletinde.bucuresti\\\/\"]},{\"@type\":\"Person\",\"@id\":\"https:\\\/\\\/buletin.de\\\/bucuresti\\\/#\\\/schema\\\/person\\\/7e46040573290777280a0835d81ea4ea\",\"name\":\"Diana Matei\",\"image\":{\"@type\":\"ImageObject\",\"inLanguage\":\"en-GB\",\"@id\":\"https:\\\/\\\/buletin.de\\\/bucuresti\\\/wp-content\\\/uploads\\\/9-2-96x96.jpg1e8590b30871d70e62ebcdaf2eff570c\",\"url\":\"https:\\\/\\\/buletin.de\\\/bucuresti\\\/wp-content\\\/uploads\\\/9-2-96x96.jpg\",\"contentUrl\":\"https:\\\/\\\/buletin.de\\\/bucuresti\\\/wp-content\\\/uploads\\\/9-2-96x96.jpg\",\"caption\":\"Diana Matei\"},\"url\":\"https:\\\/\\\/buletin.de\\\/bucuresti\\\/author\\\/dianamatei\\\/\"}]}<\/script>\n<!-- \/ Yoast SEO Premium plugin. -->","yoast_head_json":{"title":"Meciul FCSB-FC Boto\u0219ani\u00a0ar putea restric\u021biona traficul \u00een zona Arenei Na\u021bionale - Buletin de Bucure\u0219ti","description":"Meciul FCSB-FC Boto\u0219ani. Meciul FCSB-FC Boto\u0219ani\u00a0ar putea restric\u021biona traficul \u00een zona Arenei Na\u021bionale, duminica.","robots":{"index":"index","follow":"follow","max-snippet":"max-snippet:-1","max-image-preview":"max-image-preview:large","max-video-preview":"max-video-preview:-1"},"canonical":"https:\/\/buletin.de\/bucuresti\/meciul-fcsb-fc-botosani\/","og_locale":"en_GB","og_type":"article","og_title":"Meciul FCSB-FC Boto\u0219ani\u00a0ar putea restric\u021biona traficul \u00een zona Arenei Na\u021bionale","og_description":"Meciul FCSB-FC Boto\u0219ani. Meciul FCSB-FC Boto\u0219ani\u00a0ar putea restric\u021biona traficul \u00een zona Arenei Na\u021bionale, duminica.","og_url":"https:\/\/buletin.de\/bucuresti\/meciul-fcsb-fc-botosani\/","og_site_name":"Buletin de Bucure\u0219ti","article_publisher":"https:\/\/www.facebook.com\/buletin.de.buc","article_published_time":"2024-12-07T14:24:19+00:00","article_modified_time":"2024-12-07T14:24:20+00:00","og_image":[{"width":1200,"height":829,"url":"https:\/\/buletin.de\/bucuresti\/wp-content\/uploads\/linia-104.jpeg","type":"image\/jpeg"}],"author":"Diana Matei","twitter_card":"summary_large_image","twitter_misc":{"Written by":"Diana Matei","Estimated reading time":"2 minutes"},"schema":{"@context":"https:\/\/schema.org","@graph":[{"@type":"Article","@id":"https:\/\/buletin.de\/bucuresti\/meciul-fcsb-fc-botosani\/#article","isPartOf":{"@id":"https:\/\/buletin.de\/bucuresti\/meciul-fcsb-fc-botosani\/"},"author":{"name":"Diana Matei","@id":"https:\/\/buletin.de\/bucuresti\/#\/schema\/person\/7e46040573290777280a0835d81ea4ea"},"headline":"Meciul FCSB-FC Boto\u0219ani\u00a0ar putea restric\u021biona traficul \u00een zona Arenei Na\u021bionale","datePublished":"2024-12-07T14:24:19+00:00","dateModified":"2024-12-07T14:24:20+00:00","mainEntityOfPage":{"@id":"https:\/\/buletin.de\/bucuresti\/meciul-fcsb-fc-botosani\/"},"wordCount":359,"publisher":{"@id":"https:\/\/buletin.de\/bucuresti\/#organization"},"image":{"@id":"https:\/\/buletin.de\/bucuresti\/meciul-fcsb-fc-botosani\/#primaryimage"},"thumbnailUrl":"https:\/\/buletin.de\/bucuresti\/wp-content\/uploads\/linia-104.jpeg","keywords":["linia 104","linia 143","linia 86","Meciul FCSB-FC Boto\u0219ani","stb"],"articleSection":["Articole","\u0218tiri","Transport"],"inLanguage":"en-GB","copyrightYear":"2024","copyrightHolder":{"@id":"https:\/\/buletin.de\/bucuresti\/#organization"}},{"@type":"WebPage","@id":"https:\/\/buletin.de\/bucuresti\/meciul-fcsb-fc-botosani\/","url":"https:\/\/buletin.de\/bucuresti\/meciul-fcsb-fc-botosani\/","name":"Meciul FCSB-FC Boto\u0219ani\u00a0ar putea restric\u021biona traficul \u00een zona Arenei Na\u021bionale - Buletin de Bucure\u0219ti","isPartOf":{"@id":"https:\/\/buletin.de\/bucuresti\/#website"},"primaryImageOfPage":{"@id":"https:\/\/buletin.de\/bucuresti\/meciul-fcsb-fc-botosani\/#primaryimage"},"image":{"@id":"https:\/\/buletin.de\/bucuresti\/meciul-fcsb-fc-botosani\/#primaryimage"},"thumbnailUrl":"https:\/\/buletin.de\/bucuresti\/wp-content\/uploads\/linia-104.jpeg","datePublished":"2024-12-07T14:24:19+00:00","dateModified":"2024-12-07T14:24:20+00:00","description":"Meciul FCSB-FC Boto\u0219ani. Meciul FCSB-FC Boto\u0219ani\u00a0ar putea restric\u021biona traficul \u00een zona Arenei Na\u021bionale, duminica.","breadcrumb":{"@id":"https:\/\/buletin.de\/bucuresti\/meciul-fcsb-fc-botosani\/#breadcrumb"},"inLanguage":"en-GB","potentialAction":[{"@type":"ReadAction","target":["https:\/\/buletin.de\/bucuresti\/meciul-fcsb-fc-botosani\/"]}]},{"@type":"ImageObject","inLanguage":"en-GB","@id":"https:\/\/buletin.de\/bucuresti\/meciul-fcsb-fc-botosani\/#primaryimage","url":"https:\/\/buletin.de\/bucuresti\/wp-content\/uploads\/linia-104.jpeg","contentUrl":"https:\/\/buletin.de\/bucuresti\/wp-content\/uploads\/linia-104.jpeg","width":1200,"height":829,"caption":"Meciului de fotbal Dinamo Bucure\u0219ti \u2013 Universitatea Cluj ar putea devia patru linii STB. FOTO: Arhiva"},{"@type":"BreadcrumbList","@id":"https:\/\/buletin.de\/bucuresti\/meciul-fcsb-fc-botosani\/#breadcrumb","itemListElement":[{"@type":"ListItem","position":1,"name":"Acas\u0103","item":"https:\/\/buletin.de\/bucuresti\/"},{"@type":"ListItem","position":2,"name":"Meciul FCSB-FC Boto\u0219ani\u00a0ar putea restric\u021biona traficul \u00een zona Arenei Na\u021bionale"}]},{"@type":"WebSite","@id":"https:\/\/buletin.de\/bucuresti\/#website","url":"https:\/\/buletin.de\/bucuresti\/","name":"Buletin de Bucure\u0219ti","description":"\u0218tiri \u0219i investiga\u021bii esen\u021biale din capital\u0103","publisher":{"@id":"https:\/\/buletin.de\/bucuresti\/#organization"},"potentialAction":[{"@type":"SearchAction","target":{"@type":"EntryPoint","urlTemplate":"https:\/\/buletin.de\/bucuresti\/?s={search_term_string}"},"query-input":{"@type":"PropertyValueSpecification","valueRequired":true,"valueName":"search_term_string"}}],"inLanguage":"en-GB"},{"@type":"Organization","@id":"https:\/\/buletin.de\/bucuresti\/#organization","name":"Buletin de Bucure\u0219ti","url":"https:\/\/buletin.de\/bucuresti\/","logo":{"@type":"ImageObject","inLanguage":"en-GB","@id":"https:\/\/buletin.de\/bucuresti\/#\/schema\/logo\/image\/","url":"https:\/\/buletin.de\/bucuresti\/wp-content\/uploads\/logo-bdb-full-wide-vernil-transparent.png","contentUrl":"https:\/\/buletin.de\/bucuresti\/wp-content\/uploads\/logo-bdb-full-wide-vernil-transparent.png","width":1782,"height":626,"caption":"Buletin de Bucure\u0219ti"},"image":{"@id":"https:\/\/buletin.de\/bucuresti\/#\/schema\/logo\/image\/"},"sameAs":["https:\/\/www.facebook.com\/buletin.de.buc","https:\/\/www.instagram.com\/buletinde.bucuresti\/"]},{"@type":"Person","@id":"https:\/\/buletin.de\/bucuresti\/#\/schema\/person\/7e46040573290777280a0835d81ea4ea","name":"Diana Matei","image":{"@type":"ImageObject","inLanguage":"en-GB","@id":"https:\/\/buletin.de\/bucuresti\/wp-content\/uploads\/9-2-96x96.jpg1e8590b30871d70e62ebcdaf2eff570c","url":"https:\/\/buletin.de\/bucuresti\/wp-content\/uploads\/9-2-96x96.jpg","contentUrl":"https:\/\/buletin.de\/bucuresti\/wp-content\/uploads\/9-2-96x96.jpg","caption":"Diana Matei"},"url":"https:\/\/buletin.de\/bucuresti\/author\/dianamatei\/"}]}},"authors":[{"term_id":22574,"user_id":49,"is_guest":0,"slug":"dianamatei","display_name":"Diana Matei","avatar_url":"https:\/\/buletin.de\/bucuresti\/wp-content\/uploads\/9-2-96x96.jpg","0":null,"1":"","2":"","3":"","4":"","5":"","6":"","7":"","8":""}],"_links":{"self":[{"href":"https:\/\/buletin.de\/bucuresti\/wp-json\/wp\/v2\/posts\/109863","targetHints":{"allow":["GET"]}}],"collection":[{"href":"https:\/\/buletin.de\/bucuresti\/wp-json\/wp\/v2\/posts"}],"about":[{"href":"https:\/\/buletin.de\/bucuresti\/wp-json\/wp\/v2\/types\/post"}],"author":[{"embeddable":true,"href":"https:\/\/buletin.de\/bucuresti\/wp-json\/wp\/v2\/users\/49"}],"replies":[{"embeddable":true,"href":"https:\/\/buletin.de\/bucuresti\/wp-json\/wp\/v2\/comments?post=109863"}],"version-history":[{"count":2,"href":"https:\/\/buletin.de\/bucuresti\/wp-json\/wp\/v2\/posts\/109863\/revisions"}],"predecessor-version":[{"id":109873,"href":"https:\/\/buletin.de\/bucuresti\/wp-json\/wp\/v2\/posts\/109863\/revisions\/109873"}],"wp:featuredmedia":[{"embeddable":true,"href":"https:\/\/buletin.de\/bucuresti\/wp-json\/wp\/v2\/media\/86147"}],"wp:attachment":[{"href":"https:\/\/buletin.de\/bucuresti\/wp-json\/wp\/v2\/media?parent=109863"}],"wp:term":[{"taxonomy":"category","embeddable":true,"href":"https:\/\/buletin.de\/bucuresti\/wp-json\/wp\/v2\/categories?post=109863"},{"taxonomy":"post_tag","embeddable":true,"href":"https:\/\/buletin.de\/bucuresti\/wp-json\/wp\/v2\/tags?post=109863"},{"taxonomy":"author","embeddable":true,"href":"https:\/\/buletin.de\/bucuresti\/wp-json\/wp\/v2\/ppma_author?post=109863"}],"curies":[{"name":"wp","href":"https:\/\/api.w.org\/{rel}","templated":true}]}}