{"id":109795,"date":"2024-12-07T12:13:10","date_gmt":"2024-12-07T09:13:10","guid":{"rendered":"https:\/\/buletin.de\/bucuresti\/?p=109795"},"modified":"2024-12-07T12:20:36","modified_gmt":"2024-12-07T09:20:36","slug":"timpul-orasului-bucuresti","status":"publish","type":"post","link":"https:\/\/buletin.de\/bucuresti\/timpul-orasului-bucuresti\/","title":{"rendered":"Volumul \u201eTimpul ora\u0219ului Bucure\u0219ti\u201d, lansat la Gaudeamus. Prilej de reamintire a \u201eBucure\u0219tiului ora\u0219 al verde\u021bii\u201d"},"content":{"rendered":"\n<p><strong>Volumul \u201eTimpul ora\u0219ului Bucure\u0219ti\u201d, al istoricului Adrian Majuru, a fost lansat, vineri, la T\u00e2rgul de Carte Gaudeamus. Evenimentul a avut loc la standul Radio Rom\u00e2nia Bucure\u0219ti FM, potrivit <a href=\"https:\/\/www.agerpres.ro\/cultura\/2024\/12\/06\/volumul-timpul-orasului-bucuresti-de-adrian-majuru-lansat-la-gaudeamus--1399838\">Agerpres.<\/a><\/strong><\/p>\n\n\n\n<p>Cartea analizeaz\u0103 mentalit\u0103\u021bi \u0219i fenomene ale vie\u021bii urbane, din Capital\u0103, din perspectiva studiilor f\u0103cute pe acest subiect.<\/p>\n\n\n\n<blockquote class=\"wp-block-quote is-layout-flow wp-block-quote-is-layout-flow\">\n<p class=\"has-medium-font-size\">Este vorba despre un instrument de lucru, pentru c\u0103 la \u00eenceputul carierei mele cea mai mare piedic\u0103 atunci c\u00e2nd eram atras de o parte a acestui ora\u015f \u015fi \u00eencepeam s\u0103 o studiez era foarte dificil s\u0103 o trec prin succesiunea de \u00eent\u00e2mpl\u0103ri, de cartografii districtuale, de cartiere care au murit \u015fi s-au transformat \u00een altele, mai ales dac\u0103 ne referim la o zon\u0103 central\u0103.<\/p>\n<cite>Adrian Majuru<\/cite><\/blockquote>\n\n\n\n<p>La lansarea c\u0103r\u021bii, a fost prezent \u0219i redactorul-\u0219ef al revistei Magazin Istoric, Dorin Matei. Acesta a explicat c\u0103 volumul ne poate face s\u0103 \u00een\u021belegem prezentul din Bucure\u0219ti, din perspectiv\u0103 istoriei ora\u0219ului.<\/p>\n\n\n\n<blockquote class=\"wp-block-quote is-layout-flow wp-block-quote-is-layout-flow\">\n<p class=\"has-medium-font-size\">(&#8230;) foarte util\u0103 din perspectiv\u0103 istoric\u0103 pentru c\u0103 \u00ee\u0163i l\u0103mure\u015fte mai bine prezentul. Bucure\u015ftiul dintotdeauna s-a dezvoltat haotic, f\u0103r\u0103 un plan. Abia la \u00eenceputul secolului XX apar ni\u015fte idei de urbanism, de plan. Bucure\u015ftiul era un ora\u015f al verde\u0163ii, ceea ce nu mai este ast\u0103zi.<\/p>\n<cite>Dorin Matei<\/cite><\/blockquote>\n\n\n\n<p>Dorin Matei a explicat \u0219i faptul c\u0103 volumul \u00eembin\u0103 cercetarea riguroas\u0103 cu istoria ora\u0219ului, lucru care \u00eel poate capta pe cititor. Mai mult a vorbit \u0219i despre o evolu\u021bie, \u00een dezvoltarea urban\u0103: <em><strong>\u201eCa pieton a\u015f remarca \u015fi imaginile cu Calea Victoriei plin\u0103 de oameni \u015fi ast\u0103zi nu mai ai loc s\u0103 circuli nici pe trotuar. Deci, e o evolu\u0163ie. (&#8230;)\u201d<\/strong><\/em><\/p>\n\n\n\n<p>Dorin Matei recomand\u0103 cartea \u201eTimpul ora\u0219ului Bucure\u0219ti\u201d oric\u0103rui cititor, interesat de istoria Capitalei. \u00cens\u0103, istoricul a declarat, la Bucure\u0219ti FM, c\u0103 ar trebui citit\u0103 \u00een special de cei care conduc Bucure\u0219tiul.<\/p>\n\n\n\n<blockquote class=\"wp-block-quote is-layout-flow wp-block-quote-is-layout-flow\">\n<p class=\"has-medium-font-size\">Celor din Prim\u0103ria Bucure\u015ftilor, cred c\u0103 lor le-ar fi cea mai util\u0103, dar absolut tuturor bucure\u015ftenilor, tuturor celor \u00eendr\u0103gosti\u0163i de ora\u015ful acesta, \u015fi tuturor celor care vor s\u0103 afle mai mult despre ora\u015ful \u00een care tr\u0103iesc.<\/p>\n<\/blockquote>\n\n\n\n<p><strong>CITE\u0218TE \u0218I:<\/strong> <a href=\"https:\/\/buletin.de\/bucuresti\/facultatea-de-istorie-din-cadrul-universitatii-bucuresti-mesaj-impotriva-activitatilor-extremiste\/\">Facultatea de Istorie din cadrul Universit\u0103\u0163ii Bucure\u015fti, mesaj \u00eempotriva activit\u0103\u0163ilor extremiste<\/a><\/p>\n\n\n\n<h3 class=\"wp-block-heading\" id=\"h-targul-de-carte-gaudeamus-2024-se-desfa\u0219oara-la-bucure\u0219ti\"><strong>T\u00e2rgul de carte Gaudeamus 2024<\/strong> se desf\u0103\u0219oar\u0103, la Bucure\u0219ti<\/h3>\n\n\n\n<p><strong>A XXXI-a edi\u021bie are loc \u00een Pavilionul B2 Romexpo. Evenimentul este ini\u021biat \u0219i organizat de Radio Rom\u00e2nia.<\/strong><\/p>\n\n\n\n<p>Pre\u0219edintele de onoare al acestei edi\u021bii&nbsp;este unul dintre cei mai cunoscu\u021bi \u0219i mai aprecia\u021bi scriitori rom\u00e2ni contemporani, Mircea C\u0103rt\u0103rescu.<\/p>\n\n\n\n<p>Poet, prozator, eseist, critic literar, publicist \u0219i profesor universitar, Mircea C\u0103rt\u0103rescu este de\u021bin\u0103torul a numeroase premii literare na\u021bionale \u0219i interna\u021bionale, \u0219i \u00een mod incontestabil, unul dintre scriitorii prefera\u021bi ai publicului Gaudeamus, care i-a desemnat adeseori operele drept \u201ecea mai r\u00e2vnit\u0103 carte a t\u00e2rgului\u201d.<\/p>\n\n\n\n<p>Programul Gaudeamus 2024 este zilnic, p\u00e2n\u0103 duminic\u0103, \u00eentre orele 10:00 \u015fi 20:00, iar accesul publicului este gratuit.<\/p>\n\n\n\n<p><strong>CITE\u015eTE \u015eI:<\/strong> <a href=\"https:\/\/buletin.de\/bucuresti\/a-inceput-targul-de-carte-gaudeamus-2024\/\">A \u00eenceput, la Bucure\u0219ti, t\u00e2rgul de carte Gaudeamus 2024<\/a><\/p>\n\n\n\n<p><\/p>\n","protected":false},"excerpt":{"rendered":"<p>Volumul \u201eTimpul ora\u0219ului Bucure\u0219ti\u201d, al istoricului Adrian Majuru, a fost lansat, vineri, la T\u00e2rgul de Carte Gaudeamus. Evenimentul a avut loc la standul Radio Rom\u00e2nia Bucure\u0219ti FM, potrivit Agerpres. Cartea analizeaz\u0103 mentalit\u0103\u021bi \u0219i fenomene ale vie\u021bii urbane, din Capital\u0103, din perspectiva studiilor f\u0103cute pe acest subiect. Este vorba despre un instrument de lucru, pentru c\u0103 [&hellip;]<\/p>\n","protected":false},"author":49,"featured_media":109798,"comment_status":"closed","ping_status":"open","sticky":false,"template":"","format":"standard","meta":{"_acf_changed":false,"inline_featured_image":false,"ngg_post_thumbnail":0,"footnotes":""},"categories":[6994,81,62],"tags":[17457,17458,17376,15532],"ppma_author":[22574],"class_list":["post-109795","post","type-post","status-publish","format-standard","has-post-thumbnail","hentry","category-stiri-2","category-cultura","category-stiri","tag-adrian-majuru","tag-dorin-matei","tag-gaudeamus","tag-lansare-carte"],"acf":[],"yoast_head":"<!-- This site is optimized with the Yoast SEO Premium plugin v25.3 (Yoast SEO v27.5) - https:\/\/yoast.com\/product\/yoast-seo-premium-wordpress\/ -->\n<title>Volumul \u201eTimpul ora\u0219ului Bucure\u0219ti\u201d, lansat la Gaudeamus. Prilej de reamintire a \u201eBucure\u0219tiului ora\u0219 al verde\u021bii\u201d - Buletin de Bucure\u0219ti<\/title>\n<meta name=\"description\" content=\"Timpul ora\u0219ului Bucure\u0219ti. Volumul \u201eTimpul ora\u0219ului Bucure\u0219ti&quot;, al istoricului \u0219i scriitorului Adrian Majuru a fost lansat la Gaudeamus.\" \/>\n<meta name=\"robots\" content=\"index, follow, max-snippet:-1, max-image-preview:large, max-video-preview:-1\" \/>\n<link rel=\"canonical\" href=\"https:\/\/buletin.de\/bucuresti\/timpul-orasului-bucuresti\/\" \/>\n<meta property=\"og:locale\" content=\"en_GB\" \/>\n<meta property=\"og:type\" content=\"article\" \/>\n<meta property=\"og:title\" content=\"Volumul \u201eTimpul ora\u0219ului Bucure\u0219ti\u201d, lansat la Gaudeamus. Prilej de reamintire a \u201eBucure\u0219tiului ora\u0219 al verde\u021bii\u201d\" \/>\n<meta property=\"og:description\" content=\"Timpul ora\u0219ului Bucure\u0219ti. Volumul \u201eTimpul ora\u0219ului Bucure\u0219ti&quot;, al istoricului \u0219i scriitorului Adrian Majuru a fost lansat la Gaudeamus.\" \/>\n<meta property=\"og:url\" content=\"https:\/\/buletin.de\/bucuresti\/timpul-orasului-bucuresti\/\" \/>\n<meta property=\"og:site_name\" content=\"Buletin de Bucure\u0219ti\" \/>\n<meta property=\"article:publisher\" content=\"https:\/\/www.facebook.com\/buletin.de.buc\" \/>\n<meta property=\"article:published_time\" content=\"2024-12-07T09:13:10+00:00\" \/>\n<meta property=\"article:modified_time\" content=\"2024-12-07T09:20:36+00:00\" \/>\n<meta property=\"og:image\" content=\"https:\/\/buletin.de\/bucuresti\/wp-content\/uploads\/icr-ist-1.png\" \/>\n\t<meta property=\"og:image:width\" content=\"1024\" \/>\n\t<meta property=\"og:image:height\" content=\"576\" \/>\n\t<meta property=\"og:image:type\" content=\"image\/png\" \/>\n<meta name=\"author\" content=\"Diana Matei\" \/>\n<meta name=\"twitter:card\" content=\"summary_large_image\" \/>\n<meta name=\"twitter:label1\" content=\"Written by\" \/>\n\t<meta name=\"twitter:data1\" content=\"Diana Matei\" \/>\n\t<meta name=\"twitter:label2\" content=\"Estimated reading time\" \/>\n\t<meta name=\"twitter:data2\" content=\"2 minutes\" \/>\n<script type=\"application\/ld+json\" class=\"yoast-schema-graph\">{\"@context\":\"https:\\\/\\\/schema.org\",\"@graph\":[{\"@type\":\"Article\",\"@id\":\"https:\\\/\\\/buletin.de\\\/bucuresti\\\/timpul-orasului-bucuresti\\\/#article\",\"isPartOf\":{\"@id\":\"https:\\\/\\\/buletin.de\\\/bucuresti\\\/timpul-orasului-bucuresti\\\/\"},\"author\":{\"name\":\"Diana Matei\",\"@id\":\"https:\\\/\\\/buletin.de\\\/bucuresti\\\/#\\\/schema\\\/person\\\/7e46040573290777280a0835d81ea4ea\"},\"headline\":\"Volumul \u201eTimpul ora\u0219ului Bucure\u0219ti\u201d, lansat la Gaudeamus. Prilej de reamintire a \u201eBucure\u0219tiului ora\u0219 al verde\u021bii\u201d\",\"datePublished\":\"2024-12-07T09:13:10+00:00\",\"dateModified\":\"2024-12-07T09:20:36+00:00\",\"mainEntityOfPage\":{\"@id\":\"https:\\\/\\\/buletin.de\\\/bucuresti\\\/timpul-orasului-bucuresti\\\/\"},\"wordCount\":532,\"publisher\":{\"@id\":\"https:\\\/\\\/buletin.de\\\/bucuresti\\\/#organization\"},\"image\":{\"@id\":\"https:\\\/\\\/buletin.de\\\/bucuresti\\\/timpul-orasului-bucuresti\\\/#primaryimage\"},\"thumbnailUrl\":\"https:\\\/\\\/buletin.de\\\/bucuresti\\\/wp-content\\\/uploads\\\/icr-ist-1.png\",\"keywords\":[\"Adrian Majuru\",\"Dorin Matei\",\"gaudeamus\",\"Lansare carte\"],\"articleSection\":[\"Articole\",\"Cultur\u0103\",\"\u0218tiri\"],\"inLanguage\":\"en-GB\",\"copyrightYear\":\"2024\",\"copyrightHolder\":{\"@id\":\"https:\\\/\\\/buletin.de\\\/bucuresti\\\/#organization\"}},{\"@type\":\"WebPage\",\"@id\":\"https:\\\/\\\/buletin.de\\\/bucuresti\\\/timpul-orasului-bucuresti\\\/\",\"url\":\"https:\\\/\\\/buletin.de\\\/bucuresti\\\/timpul-orasului-bucuresti\\\/\",\"name\":\"Volumul \u201eTimpul ora\u0219ului Bucure\u0219ti\u201d, lansat la Gaudeamus. Prilej de reamintire a \u201eBucure\u0219tiului ora\u0219 al verde\u021bii\u201d - Buletin de Bucure\u0219ti\",\"isPartOf\":{\"@id\":\"https:\\\/\\\/buletin.de\\\/bucuresti\\\/#website\"},\"primaryImageOfPage\":{\"@id\":\"https:\\\/\\\/buletin.de\\\/bucuresti\\\/timpul-orasului-bucuresti\\\/#primaryimage\"},\"image\":{\"@id\":\"https:\\\/\\\/buletin.de\\\/bucuresti\\\/timpul-orasului-bucuresti\\\/#primaryimage\"},\"thumbnailUrl\":\"https:\\\/\\\/buletin.de\\\/bucuresti\\\/wp-content\\\/uploads\\\/icr-ist-1.png\",\"datePublished\":\"2024-12-07T09:13:10+00:00\",\"dateModified\":\"2024-12-07T09:20:36+00:00\",\"description\":\"Timpul ora\u0219ului Bucure\u0219ti. Volumul \u201eTimpul ora\u0219ului Bucure\u0219ti\\\", al istoricului \u0219i scriitorului Adrian Majuru a fost lansat la Gaudeamus.\",\"breadcrumb\":{\"@id\":\"https:\\\/\\\/buletin.de\\\/bucuresti\\\/timpul-orasului-bucuresti\\\/#breadcrumb\"},\"inLanguage\":\"en-GB\",\"potentialAction\":[{\"@type\":\"ReadAction\",\"target\":[\"https:\\\/\\\/buletin.de\\\/bucuresti\\\/timpul-orasului-bucuresti\\\/\"]}]},{\"@type\":\"ImageObject\",\"inLanguage\":\"en-GB\",\"@id\":\"https:\\\/\\\/buletin.de\\\/bucuresti\\\/timpul-orasului-bucuresti\\\/#primaryimage\",\"url\":\"https:\\\/\\\/buletin.de\\\/bucuresti\\\/wp-content\\\/uploads\\\/icr-ist-1.png\",\"contentUrl\":\"https:\\\/\\\/buletin.de\\\/bucuresti\\\/wp-content\\\/uploads\\\/icr-ist-1.png\",\"width\":1024,\"height\":576,\"caption\":\"Volumul \u201eTimpul ora\u0219ului Bucure\u0219ti\\\", al istoricului Adrian Majuru, a fost lansat la Gaudeamus. FOTO: ICR\"},{\"@type\":\"BreadcrumbList\",\"@id\":\"https:\\\/\\\/buletin.de\\\/bucuresti\\\/timpul-orasului-bucuresti\\\/#breadcrumb\",\"itemListElement\":[{\"@type\":\"ListItem\",\"position\":1,\"name\":\"Acas\u0103\",\"item\":\"https:\\\/\\\/buletin.de\\\/bucuresti\\\/\"},{\"@type\":\"ListItem\",\"position\":2,\"name\":\"Volumul \u201eTimpul ora\u0219ului Bucure\u0219ti\u201d, lansat la Gaudeamus. Prilej de reamintire a \u201eBucure\u0219tiului ora\u0219 al verde\u021bii\u201d\"}]},{\"@type\":\"WebSite\",\"@id\":\"https:\\\/\\\/buletin.de\\\/bucuresti\\\/#website\",\"url\":\"https:\\\/\\\/buletin.de\\\/bucuresti\\\/\",\"name\":\"Buletin de Bucure\u0219ti\",\"description\":\"\u0218tiri \u0219i investiga\u021bii esen\u021biale din capital\u0103\",\"publisher\":{\"@id\":\"https:\\\/\\\/buletin.de\\\/bucuresti\\\/#organization\"},\"potentialAction\":[{\"@type\":\"SearchAction\",\"target\":{\"@type\":\"EntryPoint\",\"urlTemplate\":\"https:\\\/\\\/buletin.de\\\/bucuresti\\\/?s={search_term_string}\"},\"query-input\":{\"@type\":\"PropertyValueSpecification\",\"valueRequired\":true,\"valueName\":\"search_term_string\"}}],\"inLanguage\":\"en-GB\"},{\"@type\":\"Organization\",\"@id\":\"https:\\\/\\\/buletin.de\\\/bucuresti\\\/#organization\",\"name\":\"Buletin de Bucure\u0219ti\",\"url\":\"https:\\\/\\\/buletin.de\\\/bucuresti\\\/\",\"logo\":{\"@type\":\"ImageObject\",\"inLanguage\":\"en-GB\",\"@id\":\"https:\\\/\\\/buletin.de\\\/bucuresti\\\/#\\\/schema\\\/logo\\\/image\\\/\",\"url\":\"https:\\\/\\\/buletin.de\\\/bucuresti\\\/wp-content\\\/uploads\\\/logo-bdb-full-wide-vernil-transparent.png\",\"contentUrl\":\"https:\\\/\\\/buletin.de\\\/bucuresti\\\/wp-content\\\/uploads\\\/logo-bdb-full-wide-vernil-transparent.png\",\"width\":1782,\"height\":626,\"caption\":\"Buletin de Bucure\u0219ti\"},\"image\":{\"@id\":\"https:\\\/\\\/buletin.de\\\/bucuresti\\\/#\\\/schema\\\/logo\\\/image\\\/\"},\"sameAs\":[\"https:\\\/\\\/www.facebook.com\\\/buletin.de.buc\",\"https:\\\/\\\/www.instagram.com\\\/buletinde.bucuresti\\\/\"]},{\"@type\":\"Person\",\"@id\":\"https:\\\/\\\/buletin.de\\\/bucuresti\\\/#\\\/schema\\\/person\\\/7e46040573290777280a0835d81ea4ea\",\"name\":\"Diana Matei\",\"image\":{\"@type\":\"ImageObject\",\"inLanguage\":\"en-GB\",\"@id\":\"https:\\\/\\\/buletin.de\\\/bucuresti\\\/wp-content\\\/uploads\\\/9-2-96x96.jpg1e8590b30871d70e62ebcdaf2eff570c\",\"url\":\"https:\\\/\\\/buletin.de\\\/bucuresti\\\/wp-content\\\/uploads\\\/9-2-96x96.jpg\",\"contentUrl\":\"https:\\\/\\\/buletin.de\\\/bucuresti\\\/wp-content\\\/uploads\\\/9-2-96x96.jpg\",\"caption\":\"Diana Matei\"},\"url\":\"https:\\\/\\\/buletin.de\\\/bucuresti\\\/author\\\/dianamatei\\\/\"}]}<\/script>\n<!-- \/ Yoast SEO Premium plugin. -->","yoast_head_json":{"title":"Volumul \u201eTimpul ora\u0219ului Bucure\u0219ti\u201d, lansat la Gaudeamus. Prilej de reamintire a \u201eBucure\u0219tiului ora\u0219 al verde\u021bii\u201d - Buletin de Bucure\u0219ti","description":"Timpul ora\u0219ului Bucure\u0219ti. Volumul \u201eTimpul ora\u0219ului Bucure\u0219ti\", al istoricului \u0219i scriitorului Adrian Majuru a fost lansat la Gaudeamus.","robots":{"index":"index","follow":"follow","max-snippet":"max-snippet:-1","max-image-preview":"max-image-preview:large","max-video-preview":"max-video-preview:-1"},"canonical":"https:\/\/buletin.de\/bucuresti\/timpul-orasului-bucuresti\/","og_locale":"en_GB","og_type":"article","og_title":"Volumul \u201eTimpul ora\u0219ului Bucure\u0219ti\u201d, lansat la Gaudeamus. Prilej de reamintire a \u201eBucure\u0219tiului ora\u0219 al verde\u021bii\u201d","og_description":"Timpul ora\u0219ului Bucure\u0219ti. Volumul \u201eTimpul ora\u0219ului Bucure\u0219ti\", al istoricului \u0219i scriitorului Adrian Majuru a fost lansat la Gaudeamus.","og_url":"https:\/\/buletin.de\/bucuresti\/timpul-orasului-bucuresti\/","og_site_name":"Buletin de Bucure\u0219ti","article_publisher":"https:\/\/www.facebook.com\/buletin.de.buc","article_published_time":"2024-12-07T09:13:10+00:00","article_modified_time":"2024-12-07T09:20:36+00:00","og_image":[{"width":1024,"height":576,"url":"https:\/\/buletin.de\/bucuresti\/wp-content\/uploads\/icr-ist-1.png","type":"image\/png"}],"author":"Diana Matei","twitter_card":"summary_large_image","twitter_misc":{"Written by":"Diana Matei","Estimated reading time":"2 minutes"},"schema":{"@context":"https:\/\/schema.org","@graph":[{"@type":"Article","@id":"https:\/\/buletin.de\/bucuresti\/timpul-orasului-bucuresti\/#article","isPartOf":{"@id":"https:\/\/buletin.de\/bucuresti\/timpul-orasului-bucuresti\/"},"author":{"name":"Diana Matei","@id":"https:\/\/buletin.de\/bucuresti\/#\/schema\/person\/7e46040573290777280a0835d81ea4ea"},"headline":"Volumul \u201eTimpul ora\u0219ului Bucure\u0219ti\u201d, lansat la Gaudeamus. Prilej de reamintire a \u201eBucure\u0219tiului ora\u0219 al verde\u021bii\u201d","datePublished":"2024-12-07T09:13:10+00:00","dateModified":"2024-12-07T09:20:36+00:00","mainEntityOfPage":{"@id":"https:\/\/buletin.de\/bucuresti\/timpul-orasului-bucuresti\/"},"wordCount":532,"publisher":{"@id":"https:\/\/buletin.de\/bucuresti\/#organization"},"image":{"@id":"https:\/\/buletin.de\/bucuresti\/timpul-orasului-bucuresti\/#primaryimage"},"thumbnailUrl":"https:\/\/buletin.de\/bucuresti\/wp-content\/uploads\/icr-ist-1.png","keywords":["Adrian Majuru","Dorin Matei","gaudeamus","Lansare carte"],"articleSection":["Articole","Cultur\u0103","\u0218tiri"],"inLanguage":"en-GB","copyrightYear":"2024","copyrightHolder":{"@id":"https:\/\/buletin.de\/bucuresti\/#organization"}},{"@type":"WebPage","@id":"https:\/\/buletin.de\/bucuresti\/timpul-orasului-bucuresti\/","url":"https:\/\/buletin.de\/bucuresti\/timpul-orasului-bucuresti\/","name":"Volumul \u201eTimpul ora\u0219ului Bucure\u0219ti\u201d, lansat la Gaudeamus. Prilej de reamintire a \u201eBucure\u0219tiului ora\u0219 al verde\u021bii\u201d - Buletin de Bucure\u0219ti","isPartOf":{"@id":"https:\/\/buletin.de\/bucuresti\/#website"},"primaryImageOfPage":{"@id":"https:\/\/buletin.de\/bucuresti\/timpul-orasului-bucuresti\/#primaryimage"},"image":{"@id":"https:\/\/buletin.de\/bucuresti\/timpul-orasului-bucuresti\/#primaryimage"},"thumbnailUrl":"https:\/\/buletin.de\/bucuresti\/wp-content\/uploads\/icr-ist-1.png","datePublished":"2024-12-07T09:13:10+00:00","dateModified":"2024-12-07T09:20:36+00:00","description":"Timpul ora\u0219ului Bucure\u0219ti. Volumul \u201eTimpul ora\u0219ului Bucure\u0219ti\", al istoricului \u0219i scriitorului Adrian Majuru a fost lansat la Gaudeamus.","breadcrumb":{"@id":"https:\/\/buletin.de\/bucuresti\/timpul-orasului-bucuresti\/#breadcrumb"},"inLanguage":"en-GB","potentialAction":[{"@type":"ReadAction","target":["https:\/\/buletin.de\/bucuresti\/timpul-orasului-bucuresti\/"]}]},{"@type":"ImageObject","inLanguage":"en-GB","@id":"https:\/\/buletin.de\/bucuresti\/timpul-orasului-bucuresti\/#primaryimage","url":"https:\/\/buletin.de\/bucuresti\/wp-content\/uploads\/icr-ist-1.png","contentUrl":"https:\/\/buletin.de\/bucuresti\/wp-content\/uploads\/icr-ist-1.png","width":1024,"height":576,"caption":"Volumul \u201eTimpul ora\u0219ului Bucure\u0219ti\", al istoricului Adrian Majuru, a fost lansat la Gaudeamus. FOTO: ICR"},{"@type":"BreadcrumbList","@id":"https:\/\/buletin.de\/bucuresti\/timpul-orasului-bucuresti\/#breadcrumb","itemListElement":[{"@type":"ListItem","position":1,"name":"Acas\u0103","item":"https:\/\/buletin.de\/bucuresti\/"},{"@type":"ListItem","position":2,"name":"Volumul \u201eTimpul ora\u0219ului Bucure\u0219ti\u201d, lansat la Gaudeamus. Prilej de reamintire a \u201eBucure\u0219tiului ora\u0219 al verde\u021bii\u201d"}]},{"@type":"WebSite","@id":"https:\/\/buletin.de\/bucuresti\/#website","url":"https:\/\/buletin.de\/bucuresti\/","name":"Buletin de Bucure\u0219ti","description":"\u0218tiri \u0219i investiga\u021bii esen\u021biale din capital\u0103","publisher":{"@id":"https:\/\/buletin.de\/bucuresti\/#organization"},"potentialAction":[{"@type":"SearchAction","target":{"@type":"EntryPoint","urlTemplate":"https:\/\/buletin.de\/bucuresti\/?s={search_term_string}"},"query-input":{"@type":"PropertyValueSpecification","valueRequired":true,"valueName":"search_term_string"}}],"inLanguage":"en-GB"},{"@type":"Organization","@id":"https:\/\/buletin.de\/bucuresti\/#organization","name":"Buletin de Bucure\u0219ti","url":"https:\/\/buletin.de\/bucuresti\/","logo":{"@type":"ImageObject","inLanguage":"en-GB","@id":"https:\/\/buletin.de\/bucuresti\/#\/schema\/logo\/image\/","url":"https:\/\/buletin.de\/bucuresti\/wp-content\/uploads\/logo-bdb-full-wide-vernil-transparent.png","contentUrl":"https:\/\/buletin.de\/bucuresti\/wp-content\/uploads\/logo-bdb-full-wide-vernil-transparent.png","width":1782,"height":626,"caption":"Buletin de Bucure\u0219ti"},"image":{"@id":"https:\/\/buletin.de\/bucuresti\/#\/schema\/logo\/image\/"},"sameAs":["https:\/\/www.facebook.com\/buletin.de.buc","https:\/\/www.instagram.com\/buletinde.bucuresti\/"]},{"@type":"Person","@id":"https:\/\/buletin.de\/bucuresti\/#\/schema\/person\/7e46040573290777280a0835d81ea4ea","name":"Diana Matei","image":{"@type":"ImageObject","inLanguage":"en-GB","@id":"https:\/\/buletin.de\/bucuresti\/wp-content\/uploads\/9-2-96x96.jpg1e8590b30871d70e62ebcdaf2eff570c","url":"https:\/\/buletin.de\/bucuresti\/wp-content\/uploads\/9-2-96x96.jpg","contentUrl":"https:\/\/buletin.de\/bucuresti\/wp-content\/uploads\/9-2-96x96.jpg","caption":"Diana Matei"},"url":"https:\/\/buletin.de\/bucuresti\/author\/dianamatei\/"}]}},"authors":[{"term_id":22574,"user_id":49,"is_guest":0,"slug":"dianamatei","display_name":"Diana Matei","avatar_url":"https:\/\/buletin.de\/bucuresti\/wp-content\/uploads\/9-2-96x96.jpg","0":null,"1":"","2":"","3":"","4":"","5":"","6":"","7":"","8":""}],"_links":{"self":[{"href":"https:\/\/buletin.de\/bucuresti\/wp-json\/wp\/v2\/posts\/109795","targetHints":{"allow":["GET"]}}],"collection":[{"href":"https:\/\/buletin.de\/bucuresti\/wp-json\/wp\/v2\/posts"}],"about":[{"href":"https:\/\/buletin.de\/bucuresti\/wp-json\/wp\/v2\/types\/post"}],"author":[{"embeddable":true,"href":"https:\/\/buletin.de\/bucuresti\/wp-json\/wp\/v2\/users\/49"}],"replies":[{"embeddable":true,"href":"https:\/\/buletin.de\/bucuresti\/wp-json\/wp\/v2\/comments?post=109795"}],"version-history":[{"count":6,"href":"https:\/\/buletin.de\/bucuresti\/wp-json\/wp\/v2\/posts\/109795\/revisions"}],"predecessor-version":[{"id":109808,"href":"https:\/\/buletin.de\/bucuresti\/wp-json\/wp\/v2\/posts\/109795\/revisions\/109808"}],"wp:featuredmedia":[{"embeddable":true,"href":"https:\/\/buletin.de\/bucuresti\/wp-json\/wp\/v2\/media\/109798"}],"wp:attachment":[{"href":"https:\/\/buletin.de\/bucuresti\/wp-json\/wp\/v2\/media?parent=109795"}],"wp:term":[{"taxonomy":"category","embeddable":true,"href":"https:\/\/buletin.de\/bucuresti\/wp-json\/wp\/v2\/categories?post=109795"},{"taxonomy":"post_tag","embeddable":true,"href":"https:\/\/buletin.de\/bucuresti\/wp-json\/wp\/v2\/tags?post=109795"},{"taxonomy":"author","embeddable":true,"href":"https:\/\/buletin.de\/bucuresti\/wp-json\/wp\/v2\/ppma_author?post=109795"}],"curies":[{"name":"wp","href":"https:\/\/api.w.org\/{rel}","templated":true}]}}