{"id":10954,"date":"2020-08-24T10:19:11","date_gmt":"2020-08-24T07:19:11","guid":{"rendered":"https:\/\/buletin.de\/bucuresti\/?p=10954"},"modified":"2020-08-24T10:19:11","modified_gmt":"2020-08-24T07:19:11","slug":"infografic-radiografia-saptamanii-17-23-august-numarul-de-cazuri-noi-a-scazut-fata-de-saptamana-trecuta","status":"publish","type":"post","link":"https:\/\/buletin.de\/bucuresti\/infografic-radiografia-saptamanii-17-23-august-numarul-de-cazuri-noi-a-scazut-fata-de-saptamana-trecuta\/","title":{"rendered":"INFOGRAFIC | Radiografia s\u0103pt\u0103m\u00e2nii 17-23 august: num\u0103rul de cazuri noi a sc\u0103zut fa\u021b\u0103 de s\u0103pt\u0103m\u00e2na trecut\u0103"},"content":{"rendered":"\n<p><strong>\u00cen s\u0103pt\u0103m\u00e2na 17-23 august, num\u0103rul de cazuri noi depistate a sc\u0103zut fa\u021b\u0103 de s\u0103pt\u0103m\u00e2na trecut\u0103 cu 6,27%.<\/strong> <strong>\u00cen ultimele \u0219apte zile au fost \u00eenregistrate, \u00een medie, 1.149 cazuri noi pe zi, valoare care urmeaz\u0103 un trend descendent.<\/strong> <strong>De asemenea,<\/strong> <strong>s\u0103pt\u0103m\u00e2na s-a \u00eencheiat cu 480 pacien\u021bi la ATI, iar jude\u021bul Ia\u0219i a ajuns \u00een top trei jude\u021be ca num\u0103r de cazuri noi<\/strong>. <strong>\u00cen ultimele 14 zile, virusul a fost cel mai r\u0103sp\u00e2ndit \u00een jude\u021bele Arge\u0219 \u0219i Vasului.<\/strong><\/p>\n\n\n\n<div class=\"infogram-embed\" data-id=\"f40a1746-7f3e-4199-8395-d6569dcf317e\" data-type=\"interactive\" data-title=\"Analiz\u0103-s\u0103pt\u0103m\u00e2nal\u0103-23aug\"><\/div><script>!function(e,i,n,s){var t=\"InfogramEmbeds\",d=e.getElementsByTagName(\"script\")[0];if(window[t]&&window[t].initialized)window[t].process&&window[t].process();else if(!e.getElementById(n)){var o=e.createElement(\"script\");o.async=1,o.id=n,o.src=\"https:\/\/e.infogram.com\/js\/dist\/embed-loader-min.js\",d.parentNode.insertBefore(o,d)}}(document,0,\"infogram-async\");<\/script>\n","protected":false},"excerpt":{"rendered":"<p>\u00cen s\u0103pt\u0103m\u00e2na 17-23 august, num\u0103rul de cazuri noi depistate a sc\u0103zut fa\u021b\u0103 de s\u0103pt\u0103m\u00e2na trecut\u0103 cu 6,27%. \u00cen ultimele \u0219apte zile au fost \u00eenregistrate, \u00een medie, 1.149 cazuri noi pe zi, valoare care urmeaz\u0103 un trend descendent. De asemenea, s\u0103pt\u0103m\u00e2na s-a \u00eencheiat cu 480 pacien\u021bi la ATI, iar jude\u021bul Ia\u0219i a ajuns \u00een top trei [&hellip;]<\/p>\n","protected":false},"author":15,"featured_media":10955,"comment_status":"closed","ping_status":"open","sticky":false,"template":"","format":"standard","meta":{"_acf_changed":false,"inline_featured_image":false,"ngg_post_thumbnail":0,"footnotes":""},"categories":[996],"tags":[1393,643,1486,1035,1350,1395],"ppma_author":[22592],"class_list":["post-10954","post","type-post","status-publish","format-standard","has-post-thumbnail","hentry","category-covid-19","tag-analiza-date","tag-covid19","tag-date-judete","tag-infografic","tag-judete","tag-radiografia-saptamanii"],"acf":[],"yoast_head":"<!-- This site is optimized with the Yoast SEO Premium plugin v25.3 (Yoast SEO v27.4) - https:\/\/yoast.com\/product\/yoast-seo-premium-wordpress\/ -->\n<title>INFOGRAFIC | Radiografia s\u0103pt\u0103m\u00e2nii 17-23 august: num\u0103rul de cazuri noi a sc\u0103zut fa\u021b\u0103 de s\u0103pt\u0103m\u00e2na trecut\u0103 - Buletin de Bucure\u0219ti<\/title>\n<meta name=\"robots\" content=\"index, follow, max-snippet:-1, max-image-preview:large, max-video-preview:-1\" \/>\n<link rel=\"canonical\" href=\"https:\/\/buletin.de\/bucuresti\/infografic-radiografia-saptamanii-17-23-august-numarul-de-cazuri-noi-a-scazut-fata-de-saptamana-trecuta\/\" \/>\n<meta property=\"og:locale\" content=\"en_GB\" \/>\n<meta property=\"og:type\" content=\"article\" \/>\n<meta property=\"og:title\" content=\"INFOGRAFIC | Radiografia s\u0103pt\u0103m\u00e2nii 17-23 august: num\u0103rul de cazuri noi a sc\u0103zut fa\u021b\u0103 de s\u0103pt\u0103m\u00e2na trecut\u0103\" \/>\n<meta property=\"og:description\" content=\"\u00cen s\u0103pt\u0103m\u00e2na 17-23 august, num\u0103rul de cazuri noi depistate a sc\u0103zut fa\u021b\u0103 de s\u0103pt\u0103m\u00e2na trecut\u0103 cu 6,27%. \u00cen ultimele \u0219apte zile au fost \u00eenregistrate, \u00een medie, 1.149 cazuri noi pe zi, valoare care urmeaz\u0103 un trend descendent. De asemenea, s\u0103pt\u0103m\u00e2na s-a \u00eencheiat cu 480 pacien\u021bi la ATI, iar jude\u021bul Ia\u0219i a ajuns \u00een top trei [&hellip;]\" \/>\n<meta property=\"og:url\" content=\"https:\/\/buletin.de\/bucuresti\/infografic-radiografia-saptamanii-17-23-august-numarul-de-cazuri-noi-a-scazut-fata-de-saptamana-trecuta\/\" \/>\n<meta property=\"og:site_name\" content=\"Buletin de Bucure\u0219ti\" \/>\n<meta property=\"article:publisher\" content=\"https:\/\/www.facebook.com\/buletin.de.buc\" \/>\n<meta property=\"article:published_time\" content=\"2020-08-24T07:19:11+00:00\" \/>\n<meta property=\"og:image\" content=\"https:\/\/buletin.de\/bucuresti\/wp-content\/uploads\/Screen-Shot-2020-08-23-at-19.11.46.png\" \/>\n\t<meta property=\"og:image:width\" content=\"1574\" \/>\n\t<meta property=\"og:image:height\" content=\"1096\" \/>\n\t<meta property=\"og:image:type\" content=\"image\/png\" \/>\n<meta name=\"author\" content=\"Irina Anghel\" \/>\n<meta name=\"twitter:card\" content=\"summary_large_image\" \/>\n<meta name=\"twitter:label1\" content=\"Written by\" \/>\n\t<meta name=\"twitter:data1\" content=\"Irina Anghel\" \/>\n<script type=\"application\/ld+json\" class=\"yoast-schema-graph\">{\"@context\":\"https:\\\/\\\/schema.org\",\"@graph\":[{\"@type\":\"Article\",\"@id\":\"https:\\\/\\\/buletin.de\\\/bucuresti\\\/infografic-radiografia-saptamanii-17-23-august-numarul-de-cazuri-noi-a-scazut-fata-de-saptamana-trecuta\\\/#article\",\"isPartOf\":{\"@id\":\"https:\\\/\\\/buletin.de\\\/bucuresti\\\/infografic-radiografia-saptamanii-17-23-august-numarul-de-cazuri-noi-a-scazut-fata-de-saptamana-trecuta\\\/\"},\"author\":{\"name\":\"Irina Anghel\",\"@id\":\"https:\\\/\\\/buletin.de\\\/bucuresti\\\/#\\\/schema\\\/person\\\/7a01591ad05c4d2c7261fe7f0383d2af\"},\"headline\":\"INFOGRAFIC | Radiografia s\u0103pt\u0103m\u00e2nii 17-23 august: num\u0103rul de cazuri noi a sc\u0103zut fa\u021b\u0103 de s\u0103pt\u0103m\u00e2na trecut\u0103\",\"datePublished\":\"2020-08-24T07:19:11+00:00\",\"mainEntityOfPage\":{\"@id\":\"https:\\\/\\\/buletin.de\\\/bucuresti\\\/infografic-radiografia-saptamanii-17-23-august-numarul-de-cazuri-noi-a-scazut-fata-de-saptamana-trecuta\\\/\"},\"wordCount\":114,\"publisher\":{\"@id\":\"https:\\\/\\\/buletin.de\\\/bucuresti\\\/#organization\"},\"image\":{\"@id\":\"https:\\\/\\\/buletin.de\\\/bucuresti\\\/infografic-radiografia-saptamanii-17-23-august-numarul-de-cazuri-noi-a-scazut-fata-de-saptamana-trecuta\\\/#primaryimage\"},\"thumbnailUrl\":\"https:\\\/\\\/buletin.de\\\/bucuresti\\\/wp-content\\\/uploads\\\/Screen-Shot-2020-08-23-at-19.11.46.png\",\"keywords\":[\"analiza date\",\"covid19\",\"date judete\",\"infografic\",\"judete\",\"radiografia saptamanii\"],\"articleSection\":[\"Covid-19\"],\"inLanguage\":\"en-GB\",\"copyrightYear\":\"2020\",\"copyrightHolder\":{\"@id\":\"https:\\\/\\\/buletin.de\\\/bucuresti\\\/#organization\"}},{\"@type\":\"WebPage\",\"@id\":\"https:\\\/\\\/buletin.de\\\/bucuresti\\\/infografic-radiografia-saptamanii-17-23-august-numarul-de-cazuri-noi-a-scazut-fata-de-saptamana-trecuta\\\/\",\"url\":\"https:\\\/\\\/buletin.de\\\/bucuresti\\\/infografic-radiografia-saptamanii-17-23-august-numarul-de-cazuri-noi-a-scazut-fata-de-saptamana-trecuta\\\/\",\"name\":\"INFOGRAFIC | Radiografia s\u0103pt\u0103m\u00e2nii 17-23 august: num\u0103rul de cazuri noi a sc\u0103zut fa\u021b\u0103 de s\u0103pt\u0103m\u00e2na trecut\u0103 - Buletin de Bucure\u0219ti\",\"isPartOf\":{\"@id\":\"https:\\\/\\\/buletin.de\\\/bucuresti\\\/#website\"},\"primaryImageOfPage\":{\"@id\":\"https:\\\/\\\/buletin.de\\\/bucuresti\\\/infografic-radiografia-saptamanii-17-23-august-numarul-de-cazuri-noi-a-scazut-fata-de-saptamana-trecuta\\\/#primaryimage\"},\"image\":{\"@id\":\"https:\\\/\\\/buletin.de\\\/bucuresti\\\/infografic-radiografia-saptamanii-17-23-august-numarul-de-cazuri-noi-a-scazut-fata-de-saptamana-trecuta\\\/#primaryimage\"},\"thumbnailUrl\":\"https:\\\/\\\/buletin.de\\\/bucuresti\\\/wp-content\\\/uploads\\\/Screen-Shot-2020-08-23-at-19.11.46.png\",\"datePublished\":\"2020-08-24T07:19:11+00:00\",\"breadcrumb\":{\"@id\":\"https:\\\/\\\/buletin.de\\\/bucuresti\\\/infografic-radiografia-saptamanii-17-23-august-numarul-de-cazuri-noi-a-scazut-fata-de-saptamana-trecuta\\\/#breadcrumb\"},\"inLanguage\":\"en-GB\",\"potentialAction\":[{\"@type\":\"ReadAction\",\"target\":[\"https:\\\/\\\/buletin.de\\\/bucuresti\\\/infografic-radiografia-saptamanii-17-23-august-numarul-de-cazuri-noi-a-scazut-fata-de-saptamana-trecuta\\\/\"]}]},{\"@type\":\"ImageObject\",\"inLanguage\":\"en-GB\",\"@id\":\"https:\\\/\\\/buletin.de\\\/bucuresti\\\/infografic-radiografia-saptamanii-17-23-august-numarul-de-cazuri-noi-a-scazut-fata-de-saptamana-trecuta\\\/#primaryimage\",\"url\":\"https:\\\/\\\/buletin.de\\\/bucuresti\\\/wp-content\\\/uploads\\\/Screen-Shot-2020-08-23-at-19.11.46.png\",\"contentUrl\":\"https:\\\/\\\/buletin.de\\\/bucuresti\\\/wp-content\\\/uploads\\\/Screen-Shot-2020-08-23-at-19.11.46.png\",\"width\":1574,\"height\":1096},{\"@type\":\"BreadcrumbList\",\"@id\":\"https:\\\/\\\/buletin.de\\\/bucuresti\\\/infografic-radiografia-saptamanii-17-23-august-numarul-de-cazuri-noi-a-scazut-fata-de-saptamana-trecuta\\\/#breadcrumb\",\"itemListElement\":[{\"@type\":\"ListItem\",\"position\":1,\"name\":\"Acas\u0103\",\"item\":\"https:\\\/\\\/buletin.de\\\/bucuresti\\\/\"},{\"@type\":\"ListItem\",\"position\":2,\"name\":\"INFOGRAFIC | Radiografia s\u0103pt\u0103m\u00e2nii 17-23 august: num\u0103rul de cazuri noi a sc\u0103zut fa\u021b\u0103 de s\u0103pt\u0103m\u00e2na trecut\u0103\"}]},{\"@type\":\"WebSite\",\"@id\":\"https:\\\/\\\/buletin.de\\\/bucuresti\\\/#website\",\"url\":\"https:\\\/\\\/buletin.de\\\/bucuresti\\\/\",\"name\":\"Buletin de Bucure\u0219ti\",\"description\":\"\u0218tiri \u0219i investiga\u021bii esen\u021biale din capital\u0103\",\"publisher\":{\"@id\":\"https:\\\/\\\/buletin.de\\\/bucuresti\\\/#organization\"},\"potentialAction\":[{\"@type\":\"SearchAction\",\"target\":{\"@type\":\"EntryPoint\",\"urlTemplate\":\"https:\\\/\\\/buletin.de\\\/bucuresti\\\/?s={search_term_string}\"},\"query-input\":{\"@type\":\"PropertyValueSpecification\",\"valueRequired\":true,\"valueName\":\"search_term_string\"}}],\"inLanguage\":\"en-GB\"},{\"@type\":\"Organization\",\"@id\":\"https:\\\/\\\/buletin.de\\\/bucuresti\\\/#organization\",\"name\":\"Buletin de Bucure\u0219ti\",\"url\":\"https:\\\/\\\/buletin.de\\\/bucuresti\\\/\",\"logo\":{\"@type\":\"ImageObject\",\"inLanguage\":\"en-GB\",\"@id\":\"https:\\\/\\\/buletin.de\\\/bucuresti\\\/#\\\/schema\\\/logo\\\/image\\\/\",\"url\":\"https:\\\/\\\/buletin.de\\\/bucuresti\\\/wp-content\\\/uploads\\\/logo-bdb-full-wide-vernil-transparent.png\",\"contentUrl\":\"https:\\\/\\\/buletin.de\\\/bucuresti\\\/wp-content\\\/uploads\\\/logo-bdb-full-wide-vernil-transparent.png\",\"width\":1782,\"height\":626,\"caption\":\"Buletin de Bucure\u0219ti\"},\"image\":{\"@id\":\"https:\\\/\\\/buletin.de\\\/bucuresti\\\/#\\\/schema\\\/logo\\\/image\\\/\"},\"sameAs\":[\"https:\\\/\\\/www.facebook.com\\\/buletin.de.buc\",\"https:\\\/\\\/www.instagram.com\\\/buletinde.bucuresti\\\/\"]},{\"@type\":\"Person\",\"@id\":\"https:\\\/\\\/buletin.de\\\/bucuresti\\\/#\\\/schema\\\/person\\\/7a01591ad05c4d2c7261fe7f0383d2af\",\"name\":\"Irina Anghel\",\"image\":{\"@type\":\"ImageObject\",\"inLanguage\":\"en-GB\",\"@id\":\"https:\\\/\\\/secure.gravatar.com\\\/avatar\\\/e7d429cbd0c7fe915f817961c0ffb96b407bc87e15aa35cee85f77146f8cce7e?s=96&d=monsterid&r=g693374df2a66e3f4935d210ea15b95ff\",\"url\":\"https:\\\/\\\/secure.gravatar.com\\\/avatar\\\/e7d429cbd0c7fe915f817961c0ffb96b407bc87e15aa35cee85f77146f8cce7e?s=96&d=monsterid&r=g\",\"contentUrl\":\"https:\\\/\\\/secure.gravatar.com\\\/avatar\\\/e7d429cbd0c7fe915f817961c0ffb96b407bc87e15aa35cee85f77146f8cce7e?s=96&d=monsterid&r=g\",\"caption\":\"Irina Anghel\"},\"url\":\"https:\\\/\\\/buletin.de\\\/bucuresti\\\/author\\\/irina\\\/\"}]}<\/script>\n<!-- \/ Yoast SEO Premium plugin. -->","yoast_head_json":{"title":"INFOGRAFIC | Radiografia s\u0103pt\u0103m\u00e2nii 17-23 august: num\u0103rul de cazuri noi a sc\u0103zut fa\u021b\u0103 de s\u0103pt\u0103m\u00e2na trecut\u0103 - Buletin de Bucure\u0219ti","robots":{"index":"index","follow":"follow","max-snippet":"max-snippet:-1","max-image-preview":"max-image-preview:large","max-video-preview":"max-video-preview:-1"},"canonical":"https:\/\/buletin.de\/bucuresti\/infografic-radiografia-saptamanii-17-23-august-numarul-de-cazuri-noi-a-scazut-fata-de-saptamana-trecuta\/","og_locale":"en_GB","og_type":"article","og_title":"INFOGRAFIC | Radiografia s\u0103pt\u0103m\u00e2nii 17-23 august: num\u0103rul de cazuri noi a sc\u0103zut fa\u021b\u0103 de s\u0103pt\u0103m\u00e2na trecut\u0103","og_description":"\u00cen s\u0103pt\u0103m\u00e2na 17-23 august, num\u0103rul de cazuri noi depistate a sc\u0103zut fa\u021b\u0103 de s\u0103pt\u0103m\u00e2na trecut\u0103 cu 6,27%. \u00cen ultimele \u0219apte zile au fost \u00eenregistrate, \u00een medie, 1.149 cazuri noi pe zi, valoare care urmeaz\u0103 un trend descendent. De asemenea, s\u0103pt\u0103m\u00e2na s-a \u00eencheiat cu 480 pacien\u021bi la ATI, iar jude\u021bul Ia\u0219i a ajuns \u00een top trei [&hellip;]","og_url":"https:\/\/buletin.de\/bucuresti\/infografic-radiografia-saptamanii-17-23-august-numarul-de-cazuri-noi-a-scazut-fata-de-saptamana-trecuta\/","og_site_name":"Buletin de Bucure\u0219ti","article_publisher":"https:\/\/www.facebook.com\/buletin.de.buc","article_published_time":"2020-08-24T07:19:11+00:00","og_image":[{"width":1574,"height":1096,"url":"https:\/\/buletin.de\/bucuresti\/wp-content\/uploads\/Screen-Shot-2020-08-23-at-19.11.46.png","type":"image\/png"}],"author":"Irina Anghel","twitter_card":"summary_large_image","twitter_misc":{"Written by":"Irina Anghel"},"schema":{"@context":"https:\/\/schema.org","@graph":[{"@type":"Article","@id":"https:\/\/buletin.de\/bucuresti\/infografic-radiografia-saptamanii-17-23-august-numarul-de-cazuri-noi-a-scazut-fata-de-saptamana-trecuta\/#article","isPartOf":{"@id":"https:\/\/buletin.de\/bucuresti\/infografic-radiografia-saptamanii-17-23-august-numarul-de-cazuri-noi-a-scazut-fata-de-saptamana-trecuta\/"},"author":{"name":"Irina Anghel","@id":"https:\/\/buletin.de\/bucuresti\/#\/schema\/person\/7a01591ad05c4d2c7261fe7f0383d2af"},"headline":"INFOGRAFIC | Radiografia s\u0103pt\u0103m\u00e2nii 17-23 august: num\u0103rul de cazuri noi a sc\u0103zut fa\u021b\u0103 de s\u0103pt\u0103m\u00e2na trecut\u0103","datePublished":"2020-08-24T07:19:11+00:00","mainEntityOfPage":{"@id":"https:\/\/buletin.de\/bucuresti\/infografic-radiografia-saptamanii-17-23-august-numarul-de-cazuri-noi-a-scazut-fata-de-saptamana-trecuta\/"},"wordCount":114,"publisher":{"@id":"https:\/\/buletin.de\/bucuresti\/#organization"},"image":{"@id":"https:\/\/buletin.de\/bucuresti\/infografic-radiografia-saptamanii-17-23-august-numarul-de-cazuri-noi-a-scazut-fata-de-saptamana-trecuta\/#primaryimage"},"thumbnailUrl":"https:\/\/buletin.de\/bucuresti\/wp-content\/uploads\/Screen-Shot-2020-08-23-at-19.11.46.png","keywords":["analiza date","covid19","date judete","infografic","judete","radiografia saptamanii"],"articleSection":["Covid-19"],"inLanguage":"en-GB","copyrightYear":"2020","copyrightHolder":{"@id":"https:\/\/buletin.de\/bucuresti\/#organization"}},{"@type":"WebPage","@id":"https:\/\/buletin.de\/bucuresti\/infografic-radiografia-saptamanii-17-23-august-numarul-de-cazuri-noi-a-scazut-fata-de-saptamana-trecuta\/","url":"https:\/\/buletin.de\/bucuresti\/infografic-radiografia-saptamanii-17-23-august-numarul-de-cazuri-noi-a-scazut-fata-de-saptamana-trecuta\/","name":"INFOGRAFIC | Radiografia s\u0103pt\u0103m\u00e2nii 17-23 august: num\u0103rul de cazuri noi a sc\u0103zut fa\u021b\u0103 de s\u0103pt\u0103m\u00e2na trecut\u0103 - Buletin de Bucure\u0219ti","isPartOf":{"@id":"https:\/\/buletin.de\/bucuresti\/#website"},"primaryImageOfPage":{"@id":"https:\/\/buletin.de\/bucuresti\/infografic-radiografia-saptamanii-17-23-august-numarul-de-cazuri-noi-a-scazut-fata-de-saptamana-trecuta\/#primaryimage"},"image":{"@id":"https:\/\/buletin.de\/bucuresti\/infografic-radiografia-saptamanii-17-23-august-numarul-de-cazuri-noi-a-scazut-fata-de-saptamana-trecuta\/#primaryimage"},"thumbnailUrl":"https:\/\/buletin.de\/bucuresti\/wp-content\/uploads\/Screen-Shot-2020-08-23-at-19.11.46.png","datePublished":"2020-08-24T07:19:11+00:00","breadcrumb":{"@id":"https:\/\/buletin.de\/bucuresti\/infografic-radiografia-saptamanii-17-23-august-numarul-de-cazuri-noi-a-scazut-fata-de-saptamana-trecuta\/#breadcrumb"},"inLanguage":"en-GB","potentialAction":[{"@type":"ReadAction","target":["https:\/\/buletin.de\/bucuresti\/infografic-radiografia-saptamanii-17-23-august-numarul-de-cazuri-noi-a-scazut-fata-de-saptamana-trecuta\/"]}]},{"@type":"ImageObject","inLanguage":"en-GB","@id":"https:\/\/buletin.de\/bucuresti\/infografic-radiografia-saptamanii-17-23-august-numarul-de-cazuri-noi-a-scazut-fata-de-saptamana-trecuta\/#primaryimage","url":"https:\/\/buletin.de\/bucuresti\/wp-content\/uploads\/Screen-Shot-2020-08-23-at-19.11.46.png","contentUrl":"https:\/\/buletin.de\/bucuresti\/wp-content\/uploads\/Screen-Shot-2020-08-23-at-19.11.46.png","width":1574,"height":1096},{"@type":"BreadcrumbList","@id":"https:\/\/buletin.de\/bucuresti\/infografic-radiografia-saptamanii-17-23-august-numarul-de-cazuri-noi-a-scazut-fata-de-saptamana-trecuta\/#breadcrumb","itemListElement":[{"@type":"ListItem","position":1,"name":"Acas\u0103","item":"https:\/\/buletin.de\/bucuresti\/"},{"@type":"ListItem","position":2,"name":"INFOGRAFIC | Radiografia s\u0103pt\u0103m\u00e2nii 17-23 august: num\u0103rul de cazuri noi a sc\u0103zut fa\u021b\u0103 de s\u0103pt\u0103m\u00e2na trecut\u0103"}]},{"@type":"WebSite","@id":"https:\/\/buletin.de\/bucuresti\/#website","url":"https:\/\/buletin.de\/bucuresti\/","name":"Buletin de Bucure\u0219ti","description":"\u0218tiri \u0219i investiga\u021bii esen\u021biale din capital\u0103","publisher":{"@id":"https:\/\/buletin.de\/bucuresti\/#organization"},"potentialAction":[{"@type":"SearchAction","target":{"@type":"EntryPoint","urlTemplate":"https:\/\/buletin.de\/bucuresti\/?s={search_term_string}"},"query-input":{"@type":"PropertyValueSpecification","valueRequired":true,"valueName":"search_term_string"}}],"inLanguage":"en-GB"},{"@type":"Organization","@id":"https:\/\/buletin.de\/bucuresti\/#organization","name":"Buletin de Bucure\u0219ti","url":"https:\/\/buletin.de\/bucuresti\/","logo":{"@type":"ImageObject","inLanguage":"en-GB","@id":"https:\/\/buletin.de\/bucuresti\/#\/schema\/logo\/image\/","url":"https:\/\/buletin.de\/bucuresti\/wp-content\/uploads\/logo-bdb-full-wide-vernil-transparent.png","contentUrl":"https:\/\/buletin.de\/bucuresti\/wp-content\/uploads\/logo-bdb-full-wide-vernil-transparent.png","width":1782,"height":626,"caption":"Buletin de Bucure\u0219ti"},"image":{"@id":"https:\/\/buletin.de\/bucuresti\/#\/schema\/logo\/image\/"},"sameAs":["https:\/\/www.facebook.com\/buletin.de.buc","https:\/\/www.instagram.com\/buletinde.bucuresti\/"]},{"@type":"Person","@id":"https:\/\/buletin.de\/bucuresti\/#\/schema\/person\/7a01591ad05c4d2c7261fe7f0383d2af","name":"Irina Anghel","image":{"@type":"ImageObject","inLanguage":"en-GB","@id":"https:\/\/secure.gravatar.com\/avatar\/e7d429cbd0c7fe915f817961c0ffb96b407bc87e15aa35cee85f77146f8cce7e?s=96&d=monsterid&r=g693374df2a66e3f4935d210ea15b95ff","url":"https:\/\/secure.gravatar.com\/avatar\/e7d429cbd0c7fe915f817961c0ffb96b407bc87e15aa35cee85f77146f8cce7e?s=96&d=monsterid&r=g","contentUrl":"https:\/\/secure.gravatar.com\/avatar\/e7d429cbd0c7fe915f817961c0ffb96b407bc87e15aa35cee85f77146f8cce7e?s=96&d=monsterid&r=g","caption":"Irina Anghel"},"url":"https:\/\/buletin.de\/bucuresti\/author\/irina\/"}]}},"authors":[{"term_id":22592,"user_id":15,"is_guest":0,"slug":"irina","display_name":"Irina Anghel","avatar_url":"https:\/\/secure.gravatar.com\/avatar\/e7d429cbd0c7fe915f817961c0ffb96b407bc87e15aa35cee85f77146f8cce7e?s=96&d=monsterid&r=g","0":null,"1":"","2":"","3":"","4":"","5":"","6":"","7":"","8":""}],"_links":{"self":[{"href":"https:\/\/buletin.de\/bucuresti\/wp-json\/wp\/v2\/posts\/10954","targetHints":{"allow":["GET"]}}],"collection":[{"href":"https:\/\/buletin.de\/bucuresti\/wp-json\/wp\/v2\/posts"}],"about":[{"href":"https:\/\/buletin.de\/bucuresti\/wp-json\/wp\/v2\/types\/post"}],"author":[{"embeddable":true,"href":"https:\/\/buletin.de\/bucuresti\/wp-json\/wp\/v2\/users\/15"}],"replies":[{"embeddable":true,"href":"https:\/\/buletin.de\/bucuresti\/wp-json\/wp\/v2\/comments?post=10954"}],"version-history":[{"count":1,"href":"https:\/\/buletin.de\/bucuresti\/wp-json\/wp\/v2\/posts\/10954\/revisions"}],"predecessor-version":[{"id":10956,"href":"https:\/\/buletin.de\/bucuresti\/wp-json\/wp\/v2\/posts\/10954\/revisions\/10956"}],"wp:featuredmedia":[{"embeddable":true,"href":"https:\/\/buletin.de\/bucuresti\/wp-json\/wp\/v2\/media\/10955"}],"wp:attachment":[{"href":"https:\/\/buletin.de\/bucuresti\/wp-json\/wp\/v2\/media?parent=10954"}],"wp:term":[{"taxonomy":"category","embeddable":true,"href":"https:\/\/buletin.de\/bucuresti\/wp-json\/wp\/v2\/categories?post=10954"},{"taxonomy":"post_tag","embeddable":true,"href":"https:\/\/buletin.de\/bucuresti\/wp-json\/wp\/v2\/tags?post=10954"},{"taxonomy":"author","embeddable":true,"href":"https:\/\/buletin.de\/bucuresti\/wp-json\/wp\/v2\/ppma_author?post=10954"}],"curies":[{"name":"wp","href":"https:\/\/api.w.org\/{rel}","templated":true}]}}