{"id":109401,"date":"2024-12-04T15:17:18","date_gmt":"2024-12-04T12:17:18","guid":{"rendered":"https:\/\/buletin.de\/bucuresti\/?p=109401"},"modified":"2024-12-04T16:19:00","modified_gmt":"2024-12-04T13:19:00","slug":"6-bucuresteni-anchetati-de-dna-pentru-evaziune-fiscala-in-activitati-de-tip-uber-si-bolt","status":"publish","type":"post","link":"https:\/\/buletin.de\/bucuresti\/6-bucuresteni-anchetati-de-dna-pentru-evaziune-fiscala-in-activitati-de-tip-uber-si-bolt\/","title":{"rendered":"6 bucure\u0219teni, ancheta\u021bi de DNA, pentru evaziune fiscal\u0103 \u00een activit\u0103\u021bi de tip Uber \u0219i Bolt"},"content":{"rendered":"\n<p><strong>\u0218ase bucure\u0219teni sunt ancheta\u021bi de DNA \u00eentr-un dosar \u00een care este estimat un prejudiciu de 49 de milioane de lei, din evaziune fiscal\u0103 \u00een activit\u0103\u021bi de tip UBER \u0219i Bolt.<\/strong><\/p>\n\n\n\n<p>Trei dintre ei au fost re\u021binu\u021bi, mar\u021bi, pentru 24 de ore, iar ceilal\u021bi trei sunt investiga\u021bi sub control judiciar. To\u021bi coordonau, potrivit procurorilor, societ\u0103\u021bi comerciale cu activitate de transport alternativ de persoane. <\/p>\n\n\n\n<p>Primii sunt acuza\u021bi pentru s\u0103v\u00e2r\u0219irea a dou\u0103 infrac\u021biuni de evaziune fiscal\u0103 \u00een form\u0103 continuat\u0103. Cei din urm\u0103 pentru s\u0103v\u00e2r\u0219irea a dou\u0103 infrac\u021biuni de evaziune fiscal\u0103 \u00een form\u0103 continuat\u0103 (autorat \u0219i complicitate).<\/p>\n\n\n\n<p>CITE\u0218TE \u0218I:\u00a0<strong><a href=\"https:\/\/buletin.de\/bucuresti\/superman-challenge-peste-20-de-copii-raniti-ajunsi-la-grigore-alexandrescu-din-cauza-unei-provocari-pe-tiktok\/\" target=\"_blank\" rel=\"noreferrer noopener\">\u201eSuperman Challenge\u201d. Peste 20 de copii r\u0103ni\u021bi ajun\u015fi la Grigore Alexandrescu, din cauza unei provoc\u0103ri pe TikTok<\/a><\/strong><\/p>\n\n\n\n<h2 class=\"wp-block-heading\" id=\"h-evaziune-fiscala-in-activita\u021bi-de-tip-uber-\u0219i-bolt-ce-sus\u021bin-procuroriii\">Evaziune fiscal\u0103 \u00een activit\u0103\u021bi de tip Uber \u0219i Bolt. Ce sus\u021bin procuroriii<\/h2>\n\n\n\n<p><a href=\"https:\/\/www.pna.ro\/comunicat.xhtml?id=12749\" target=\"_blank\" rel=\"noreferrer noopener\">DNA afirm\u0103 <\/a>c\u0103 \u00een perioada februarie 2023 \u2013 martie 2024, cei \u0219ase ar fi coordonat activitatea unor societ\u0103\u021bi comerciale de transport alternativ de persoane, prin care ar fi produs bugetului de stat un prejudiciu total de peste 49 milioane de lei, ca urmare a sustragerii de la plata obliga\u021biilor fiscale.<\/p>\n\n\n\n<p>\u201eConcret, prejudiciul ar fi fost produs prin omisiunea \u00eenregistr\u0103rii \u00een eviden\u021ba contabil\u0103 a 10 (zece) societ\u0103\u021bi comerciale \u0219i prin nedeclararea veniturilor impozabile c\u0103tre organele fiscale, pe de o parte, iar de pe alt\u0103 parte, prin ascunderea sursei impozabile ca efect al ne\u00eencheierii unor contracte individuale de munc\u0103 \u0219i astfel, al pl\u0103\u021bii la negru a salariilor c\u0103tre proprii angaja\u021bi.<\/p>\n\n\n\n<p>\u00cen perioada men\u021bionat\u0103, au fost \u00eenfiin\u021bate mai multe societ\u0103\u021bi de transport alternativ de persoane care, sub controlul \u0219i coordonarea celor \u0219ase inculpa\u021bi, <strong>ar fi ajuns s\u0103 colaboreze cu peste 1.000 de \u0219oferi. <\/strong><\/p>\n\n\n\n<p>Dup\u0103 ce \u0219oferii erau recruta\u021bi, acestora li se solicita \u00eencheierea cu societ\u0103\u021bile controlate de inculpa\u021bi a unor contracte de comodat prin care transmiteau cu titlu gratuit autoturismul lor c\u0103tre societate &#8211; operator de transport; societatea ob\u021binea autoriza\u021bia de la Autoritatea Rutier\u0103 Rom\u00e2n\u0103 (ARR), precum \u0219i \u00eenscrierea pe platformele de ride-sharing\u201d, afirm\u0103 DNA.<\/p>\n\n\n\n<p>CITE\u0218TE \u0218I: <strong><a href=\"https:\/\/buletin.de\/bucuresti\/transparenta-de-la-ps4-cum-au-crescut-costurile-patinoarului-berceni-de-15-ori-iar-numarul-de-locuri-a-intrat-la-apa\/\" target=\"_blank\" rel=\"noreferrer noopener\">\u201eTransparen\u0163a\u201d de la PS4. Cum au crescut costurile patinoarului Berceni de 15 ori, iar num\u0103rul de locuri a \u201eintrat la ap\u0103\u201c<\/a><\/strong><\/p>\n\n\n\n<h2 class=\"wp-block-heading\" id=\"h-\u0219i-au-cumparat-autoturisme-de-lux-cu-banii-ob\u021binu\u021bi\">\u0218i-au cump\u0103rat autoturisme de lux cu banii ob\u021binu\u021bi<\/h2>\n\n\n\n<p>Anchetatorii mai acuz\u0103 c\u0103, dup\u0103 \u00eenceperea activit\u0103\u021bii, din sumele pe care le \u00eencasau de la companiile de\u021bin\u0103toare ale platformelor de ride-sharing, inculpa\u021bii, care coordonau societ\u0103\u021bile de transport, opreau un comision \u00eentre 8 \u0219i 12%, iar restul sumelor erau virate \u0219oferilor. <\/p>\n\n\n\n<p>\u201e\u00cen acest fel, av\u00e2nd \u00een vedere c\u0103 nu erau pl\u0103tite contribu\u021bii salariale, \u0219oferii primeau o indemniza\u021bie mai mare dec\u00e2t \u00een mod legal. <\/p>\n\n\n\n<p>Dup\u0103 ce erau pl\u0103tite sumele cuvenite \u0219oferilor, inculpa\u021bii \u2013 coordonatori sau administratori de drept ai societ\u0103\u021bilor comerciale, retr\u0103geau sumele r\u0103mase de la bancomat, \u00eensu\u0219indu-\u0219i aceste sume de bani.<br>Activitatea se desf\u0103\u0219ura \u00een aceast\u0103 modalitate p\u00e2n\u0103 c\u00e2nd societatea intra \u00een aten\u021bia organelor fiscale, dup\u0103 care, activitatea era mutat\u0103 pe alt\u0103 societate\u201d, sus\u021bin procurorii anticorup\u021bie.<\/p>\n\n\n\n<p>Unul dintre inculpa\u021bi, din banii ob\u021binu\u021bi , ar fi cump\u0103rat automobile de lux, imobile \u0219i ar fi creditat societ\u0103\u021bi comerciale \u00een care are calitatea de ac\u021bionar.<\/p>\n","protected":false},"excerpt":{"rendered":"<p>\u0218ase bucure\u0219teni sunt ancheta\u021bi de DNA \u00eentr-un dosar \u00een care este estimat un prejudiciu de 49 de milioane de lei, din evaziune fiscal\u0103 \u00een activit\u0103\u021bi de tip UBER \u0219i Bolt. Trei dintre ei au fost re\u021binu\u021bi, mar\u021bi, pentru 24 de ore, iar ceilal\u021bi trei sunt investiga\u021bi sub control judiciar. To\u021bi coordonau, potrivit procurorilor, societ\u0103\u021bi comerciale [&hellip;]<\/p>\n","protected":false},"author":60,"featured_media":109404,"comment_status":"closed","ping_status":"open","sticky":false,"template":"","format":"standard","meta":{"_acf_changed":false,"inline_featured_image":false,"ngg_post_thumbnail":0,"footnotes":""},"categories":[6994,9026,5762],"tags":[6684,875,2754,7805,6685,6686],"ppma_author":[22582],"class_list":["post-109401","post","type-post","status-publish","format-standard","has-post-thumbnail","hentry","category-stiri-2","category-eveniment","category-main","tag-bolt","tag-dna","tag-dosar-penal","tag-evaziune-fiscala","tag-ride-sharing","tag-uber"],"acf":[],"yoast_head":"<!-- This site is optimized with the Yoast SEO Premium plugin v25.3 (Yoast SEO v27.5) - https:\/\/yoast.com\/product\/yoast-seo-premium-wordpress\/ -->\n<title>6 bucure\u0219teni, ancheta\u021bi de DNA, pentru evaziune fiscal\u0103 \u00een activit\u0103\u021bi de tip Uber \u0219i Bolt - Buletin de Bucure\u0219ti<\/title>\n<meta name=\"description\" content=\"Dosar penal \u00een care este estimat un prejudiciu de 49 de milioane de lei, din evaziune fiscal\u0103 \u00een activit\u0103\u021bi de tip UBER \u0219i Bolt.\" \/>\n<meta name=\"robots\" content=\"index, follow, max-snippet:-1, max-image-preview:large, max-video-preview:-1\" \/>\n<link rel=\"canonical\" href=\"https:\/\/buletin.de\/bucuresti\/6-bucuresteni-anchetati-de-dna-pentru-evaziune-fiscala-in-activitati-de-tip-uber-si-bolt\/\" \/>\n<meta property=\"og:locale\" content=\"en_GB\" \/>\n<meta property=\"og:type\" content=\"article\" \/>\n<meta property=\"og:title\" content=\"6 bucure\u0219teni, ancheta\u021bi de DNA, pentru evaziune fiscal\u0103 \u00een activit\u0103\u021bi de tip Uber \u0219i Bolt\" \/>\n<meta property=\"og:description\" content=\"Dosar penal \u00een care este estimat un prejudiciu de 49 de milioane de lei, din evaziune fiscal\u0103 \u00een activit\u0103\u021bi de tip UBER \u0219i Bolt.\" \/>\n<meta property=\"og:url\" content=\"https:\/\/buletin.de\/bucuresti\/6-bucuresteni-anchetati-de-dna-pentru-evaziune-fiscala-in-activitati-de-tip-uber-si-bolt\/\" \/>\n<meta property=\"og:site_name\" content=\"Buletin de Bucure\u0219ti\" \/>\n<meta property=\"article:publisher\" content=\"https:\/\/www.facebook.com\/buletin.de.buc\" \/>\n<meta property=\"article:published_time\" content=\"2024-12-04T12:17:18+00:00\" \/>\n<meta property=\"article:modified_time\" content=\"2024-12-04T13:19:00+00:00\" \/>\n<meta property=\"og:image\" content=\"https:\/\/buletin.de\/bucuresti\/wp-content\/uploads\/rideharing_INQUAM_Photos_Alberto_Grosescu.jpg\" \/>\n\t<meta property=\"og:image:width\" content=\"1200\" \/>\n\t<meta property=\"og:image:height\" content=\"800\" \/>\n\t<meta property=\"og:image:type\" content=\"image\/jpeg\" \/>\n<meta name=\"author\" content=\"R\u0103zvan Chiru\u021b\u0103\" \/>\n<meta name=\"twitter:card\" content=\"summary_large_image\" \/>\n<meta name=\"twitter:label1\" content=\"Written by\" \/>\n\t<meta name=\"twitter:data1\" content=\"R\u0103zvan Chiru\u021b\u0103\" \/>\n\t<meta name=\"twitter:label2\" content=\"Estimated reading time\" \/>\n\t<meta name=\"twitter:data2\" content=\"3 minutes\" \/>\n<script type=\"application\/ld+json\" class=\"yoast-schema-graph\">{\"@context\":\"https:\\\/\\\/schema.org\",\"@graph\":[{\"@type\":\"Article\",\"@id\":\"https:\\\/\\\/buletin.de\\\/bucuresti\\\/6-bucuresteni-anchetati-de-dna-pentru-evaziune-fiscala-in-activitati-de-tip-uber-si-bolt\\\/#article\",\"isPartOf\":{\"@id\":\"https:\\\/\\\/buletin.de\\\/bucuresti\\\/6-bucuresteni-anchetati-de-dna-pentru-evaziune-fiscala-in-activitati-de-tip-uber-si-bolt\\\/\"},\"author\":{\"name\":\"R\u0103zvan Chiru\u021b\u0103\",\"@id\":\"https:\\\/\\\/buletin.de\\\/bucuresti\\\/#\\\/schema\\\/person\\\/a76df728dfc913795a9d90e346b253bb\"},\"headline\":\"6 bucure\u0219teni, ancheta\u021bi de DNA, pentru evaziune fiscal\u0103 \u00een activit\u0103\u021bi de tip Uber \u0219i Bolt\",\"datePublished\":\"2024-12-04T12:17:18+00:00\",\"dateModified\":\"2024-12-04T13:19:00+00:00\",\"mainEntityOfPage\":{\"@id\":\"https:\\\/\\\/buletin.de\\\/bucuresti\\\/6-bucuresteni-anchetati-de-dna-pentru-evaziune-fiscala-in-activitati-de-tip-uber-si-bolt\\\/\"},\"wordCount\":573,\"publisher\":{\"@id\":\"https:\\\/\\\/buletin.de\\\/bucuresti\\\/#organization\"},\"image\":{\"@id\":\"https:\\\/\\\/buletin.de\\\/bucuresti\\\/6-bucuresteni-anchetati-de-dna-pentru-evaziune-fiscala-in-activitati-de-tip-uber-si-bolt\\\/#primaryimage\"},\"thumbnailUrl\":\"https:\\\/\\\/buletin.de\\\/bucuresti\\\/wp-content\\\/uploads\\\/rideharing_INQUAM_Photos_Alberto_Grosescu.jpg\",\"keywords\":[\"bolt\",\"dna\",\"dosar penal\",\"evaziune fiscala\",\"ride sharing\",\"uber\"],\"articleSection\":[\"Articole\",\"Eveniment\",\"Main\"],\"inLanguage\":\"en-GB\",\"copyrightYear\":\"2024\",\"copyrightHolder\":{\"@id\":\"https:\\\/\\\/buletin.de\\\/bucuresti\\\/#organization\"}},{\"@type\":\"WebPage\",\"@id\":\"https:\\\/\\\/buletin.de\\\/bucuresti\\\/6-bucuresteni-anchetati-de-dna-pentru-evaziune-fiscala-in-activitati-de-tip-uber-si-bolt\\\/\",\"url\":\"https:\\\/\\\/buletin.de\\\/bucuresti\\\/6-bucuresteni-anchetati-de-dna-pentru-evaziune-fiscala-in-activitati-de-tip-uber-si-bolt\\\/\",\"name\":\"6 bucure\u0219teni, ancheta\u021bi de DNA, pentru evaziune fiscal\u0103 \u00een activit\u0103\u021bi de tip Uber \u0219i Bolt - Buletin de Bucure\u0219ti\",\"isPartOf\":{\"@id\":\"https:\\\/\\\/buletin.de\\\/bucuresti\\\/#website\"},\"primaryImageOfPage\":{\"@id\":\"https:\\\/\\\/buletin.de\\\/bucuresti\\\/6-bucuresteni-anchetati-de-dna-pentru-evaziune-fiscala-in-activitati-de-tip-uber-si-bolt\\\/#primaryimage\"},\"image\":{\"@id\":\"https:\\\/\\\/buletin.de\\\/bucuresti\\\/6-bucuresteni-anchetati-de-dna-pentru-evaziune-fiscala-in-activitati-de-tip-uber-si-bolt\\\/#primaryimage\"},\"thumbnailUrl\":\"https:\\\/\\\/buletin.de\\\/bucuresti\\\/wp-content\\\/uploads\\\/rideharing_INQUAM_Photos_Alberto_Grosescu.jpg\",\"datePublished\":\"2024-12-04T12:17:18+00:00\",\"dateModified\":\"2024-12-04T13:19:00+00:00\",\"description\":\"Dosar penal \u00een care este estimat un prejudiciu de 49 de milioane de lei, din evaziune fiscal\u0103 \u00een activit\u0103\u021bi de tip UBER \u0219i Bolt.\",\"breadcrumb\":{\"@id\":\"https:\\\/\\\/buletin.de\\\/bucuresti\\\/6-bucuresteni-anchetati-de-dna-pentru-evaziune-fiscala-in-activitati-de-tip-uber-si-bolt\\\/#breadcrumb\"},\"inLanguage\":\"en-GB\",\"potentialAction\":[{\"@type\":\"ReadAction\",\"target\":[\"https:\\\/\\\/buletin.de\\\/bucuresti\\\/6-bucuresteni-anchetati-de-dna-pentru-evaziune-fiscala-in-activitati-de-tip-uber-si-bolt\\\/\"]}]},{\"@type\":\"ImageObject\",\"inLanguage\":\"en-GB\",\"@id\":\"https:\\\/\\\/buletin.de\\\/bucuresti\\\/6-bucuresteni-anchetati-de-dna-pentru-evaziune-fiscala-in-activitati-de-tip-uber-si-bolt\\\/#primaryimage\",\"url\":\"https:\\\/\\\/buletin.de\\\/bucuresti\\\/wp-content\\\/uploads\\\/rideharing_INQUAM_Photos_Alberto_Grosescu.jpg\",\"contentUrl\":\"https:\\\/\\\/buletin.de\\\/bucuresti\\\/wp-content\\\/uploads\\\/rideharing_INQUAM_Photos_Alberto_Grosescu.jpg\",\"width\":1200,\"height\":800,\"caption\":\"Evaziune fiscal\u0103 \u00een activit\u0103\u021bi de tip Uber \u0219i Bolt. FOTO: Inquam Photos \\\/ Alberto Gro\u0219escu\"},{\"@type\":\"BreadcrumbList\",\"@id\":\"https:\\\/\\\/buletin.de\\\/bucuresti\\\/6-bucuresteni-anchetati-de-dna-pentru-evaziune-fiscala-in-activitati-de-tip-uber-si-bolt\\\/#breadcrumb\",\"itemListElement\":[{\"@type\":\"ListItem\",\"position\":1,\"name\":\"Acas\u0103\",\"item\":\"https:\\\/\\\/buletin.de\\\/bucuresti\\\/\"},{\"@type\":\"ListItem\",\"position\":2,\"name\":\"6 bucure\u0219teni, ancheta\u021bi de DNA, pentru evaziune fiscal\u0103 \u00een activit\u0103\u021bi de tip Uber \u0219i Bolt\"}]},{\"@type\":\"WebSite\",\"@id\":\"https:\\\/\\\/buletin.de\\\/bucuresti\\\/#website\",\"url\":\"https:\\\/\\\/buletin.de\\\/bucuresti\\\/\",\"name\":\"Buletin de Bucure\u0219ti\",\"description\":\"\u0218tiri \u0219i investiga\u021bii esen\u021biale din capital\u0103\",\"publisher\":{\"@id\":\"https:\\\/\\\/buletin.de\\\/bucuresti\\\/#organization\"},\"potentialAction\":[{\"@type\":\"SearchAction\",\"target\":{\"@type\":\"EntryPoint\",\"urlTemplate\":\"https:\\\/\\\/buletin.de\\\/bucuresti\\\/?s={search_term_string}\"},\"query-input\":{\"@type\":\"PropertyValueSpecification\",\"valueRequired\":true,\"valueName\":\"search_term_string\"}}],\"inLanguage\":\"en-GB\"},{\"@type\":\"Organization\",\"@id\":\"https:\\\/\\\/buletin.de\\\/bucuresti\\\/#organization\",\"name\":\"Buletin de Bucure\u0219ti\",\"url\":\"https:\\\/\\\/buletin.de\\\/bucuresti\\\/\",\"logo\":{\"@type\":\"ImageObject\",\"inLanguage\":\"en-GB\",\"@id\":\"https:\\\/\\\/buletin.de\\\/bucuresti\\\/#\\\/schema\\\/logo\\\/image\\\/\",\"url\":\"https:\\\/\\\/buletin.de\\\/bucuresti\\\/wp-content\\\/uploads\\\/logo-bdb-full-wide-vernil-transparent.png\",\"contentUrl\":\"https:\\\/\\\/buletin.de\\\/bucuresti\\\/wp-content\\\/uploads\\\/logo-bdb-full-wide-vernil-transparent.png\",\"width\":1782,\"height\":626,\"caption\":\"Buletin de Bucure\u0219ti\"},\"image\":{\"@id\":\"https:\\\/\\\/buletin.de\\\/bucuresti\\\/#\\\/schema\\\/logo\\\/image\\\/\"},\"sameAs\":[\"https:\\\/\\\/www.facebook.com\\\/buletin.de.buc\",\"https:\\\/\\\/www.instagram.com\\\/buletinde.bucuresti\\\/\"]},{\"@type\":\"Person\",\"@id\":\"https:\\\/\\\/buletin.de\\\/bucuresti\\\/#\\\/schema\\\/person\\\/a76df728dfc913795a9d90e346b253bb\",\"name\":\"R\u0103zvan Chiru\u021b\u0103\",\"image\":{\"@type\":\"ImageObject\",\"inLanguage\":\"en-GB\",\"@id\":\"https:\\\/\\\/buletin.de\\\/bucuresti\\\/wp-content\\\/uploads\\\/Razvan-Chiruta-96x96.jpge7143b996fd4241fbd6ee1f6b6b7b267\",\"url\":\"https:\\\/\\\/buletin.de\\\/bucuresti\\\/wp-content\\\/uploads\\\/Razvan-Chiruta-96x96.jpg\",\"contentUrl\":\"https:\\\/\\\/buletin.de\\\/bucuresti\\\/wp-content\\\/uploads\\\/Razvan-Chiruta-96x96.jpg\",\"caption\":\"R\u0103zvan Chiru\u021b\u0103\"},\"description\":\"R\u0103zvan Chiru\u021b\u0103 este redactor-\u0219ef adjunct din iulie 2024. A fost redactor-\u0219ef al PRESShub \u00eentre 2022 \u0219i iunie 2024. Anterior, a fost redactor-\u0219ef al Newsweek Rom\u00e2nia, din 2018 p\u00e2n\u0103 \u00een 2021, \u0219i al cotidianului Rom\u00e2nia liber\u0103, \u00eentre 2015 \u0219i 2017. Este absolvent de Jurnalism, \u00een cadrul Universit\u0103\u021bii \u201eAl.I.Cuza\u201d din Ia\u0219i, \u0219i a urmat un master \u00een Managementul institu\u021biilor mass-media (f\u0103r\u0103 diserta\u021bie) la Facultatea de Jurnalism \u0219i \u0218tiin\u021bele Comunic\u0103rii din cadrul Universit\u0103\u021bii din Bucure\u0219ti. \u0218i-a \u00eenceput cariera la Opinia studen\u021beasc\u0103, cunoscuta \u0219coal\u0103 de pres\u0103 din Ia\u0219i. A lucrat \u00een presa local\u0103, apoi a devenit corespondent pentru Ia\u0219i al cotidianului Evenimentul Zilei. Din 2004, a coordonat pentru \u0219ase luni sec\u021bia de coresponden\u021bi a Evenimentului Zilei. A mai lucrat la s\u0103pt\u0103m\u00e2nalul Prezent \u0219i a colaborat cu revistele Dilema Veche \u0219i Suplimentul de Cultur\u0103. Este co-autor \u00een volumele \u201eMass-media \u0219i democra\u021bia \u00een Rom\u00e2nia post-comunist\u0103\u201d (ed. a II-a), Ed. Institutul European, Ia\u0219i, 2013, \u0219i \u201eCOVID - 19. Dimensiuni ale gestionarii pandemiei\u201d, Editura Junimea, Ia\u0219i, 2020.\",\"url\":\"https:\\\/\\\/buletin.de\\\/bucuresti\\\/author\\\/razvan-chiruta\\\/\"}]}<\/script>\n<!-- \/ Yoast SEO Premium plugin. -->","yoast_head_json":{"title":"6 bucure\u0219teni, ancheta\u021bi de DNA, pentru evaziune fiscal\u0103 \u00een activit\u0103\u021bi de tip Uber \u0219i Bolt - Buletin de Bucure\u0219ti","description":"Dosar penal \u00een care este estimat un prejudiciu de 49 de milioane de lei, din evaziune fiscal\u0103 \u00een activit\u0103\u021bi de tip UBER \u0219i Bolt.","robots":{"index":"index","follow":"follow","max-snippet":"max-snippet:-1","max-image-preview":"max-image-preview:large","max-video-preview":"max-video-preview:-1"},"canonical":"https:\/\/buletin.de\/bucuresti\/6-bucuresteni-anchetati-de-dna-pentru-evaziune-fiscala-in-activitati-de-tip-uber-si-bolt\/","og_locale":"en_GB","og_type":"article","og_title":"6 bucure\u0219teni, ancheta\u021bi de DNA, pentru evaziune fiscal\u0103 \u00een activit\u0103\u021bi de tip Uber \u0219i Bolt","og_description":"Dosar penal \u00een care este estimat un prejudiciu de 49 de milioane de lei, din evaziune fiscal\u0103 \u00een activit\u0103\u021bi de tip UBER \u0219i Bolt.","og_url":"https:\/\/buletin.de\/bucuresti\/6-bucuresteni-anchetati-de-dna-pentru-evaziune-fiscala-in-activitati-de-tip-uber-si-bolt\/","og_site_name":"Buletin de Bucure\u0219ti","article_publisher":"https:\/\/www.facebook.com\/buletin.de.buc","article_published_time":"2024-12-04T12:17:18+00:00","article_modified_time":"2024-12-04T13:19:00+00:00","og_image":[{"width":1200,"height":800,"url":"https:\/\/buletin.de\/bucuresti\/wp-content\/uploads\/rideharing_INQUAM_Photos_Alberto_Grosescu.jpg","type":"image\/jpeg"}],"author":"R\u0103zvan Chiru\u021b\u0103","twitter_card":"summary_large_image","twitter_misc":{"Written by":"R\u0103zvan Chiru\u021b\u0103","Estimated reading time":"3 minutes"},"schema":{"@context":"https:\/\/schema.org","@graph":[{"@type":"Article","@id":"https:\/\/buletin.de\/bucuresti\/6-bucuresteni-anchetati-de-dna-pentru-evaziune-fiscala-in-activitati-de-tip-uber-si-bolt\/#article","isPartOf":{"@id":"https:\/\/buletin.de\/bucuresti\/6-bucuresteni-anchetati-de-dna-pentru-evaziune-fiscala-in-activitati-de-tip-uber-si-bolt\/"},"author":{"name":"R\u0103zvan Chiru\u021b\u0103","@id":"https:\/\/buletin.de\/bucuresti\/#\/schema\/person\/a76df728dfc913795a9d90e346b253bb"},"headline":"6 bucure\u0219teni, ancheta\u021bi de DNA, pentru evaziune fiscal\u0103 \u00een activit\u0103\u021bi de tip Uber \u0219i Bolt","datePublished":"2024-12-04T12:17:18+00:00","dateModified":"2024-12-04T13:19:00+00:00","mainEntityOfPage":{"@id":"https:\/\/buletin.de\/bucuresti\/6-bucuresteni-anchetati-de-dna-pentru-evaziune-fiscala-in-activitati-de-tip-uber-si-bolt\/"},"wordCount":573,"publisher":{"@id":"https:\/\/buletin.de\/bucuresti\/#organization"},"image":{"@id":"https:\/\/buletin.de\/bucuresti\/6-bucuresteni-anchetati-de-dna-pentru-evaziune-fiscala-in-activitati-de-tip-uber-si-bolt\/#primaryimage"},"thumbnailUrl":"https:\/\/buletin.de\/bucuresti\/wp-content\/uploads\/rideharing_INQUAM_Photos_Alberto_Grosescu.jpg","keywords":["bolt","dna","dosar penal","evaziune fiscala","ride sharing","uber"],"articleSection":["Articole","Eveniment","Main"],"inLanguage":"en-GB","copyrightYear":"2024","copyrightHolder":{"@id":"https:\/\/buletin.de\/bucuresti\/#organization"}},{"@type":"WebPage","@id":"https:\/\/buletin.de\/bucuresti\/6-bucuresteni-anchetati-de-dna-pentru-evaziune-fiscala-in-activitati-de-tip-uber-si-bolt\/","url":"https:\/\/buletin.de\/bucuresti\/6-bucuresteni-anchetati-de-dna-pentru-evaziune-fiscala-in-activitati-de-tip-uber-si-bolt\/","name":"6 bucure\u0219teni, ancheta\u021bi de DNA, pentru evaziune fiscal\u0103 \u00een activit\u0103\u021bi de tip Uber \u0219i Bolt - Buletin de Bucure\u0219ti","isPartOf":{"@id":"https:\/\/buletin.de\/bucuresti\/#website"},"primaryImageOfPage":{"@id":"https:\/\/buletin.de\/bucuresti\/6-bucuresteni-anchetati-de-dna-pentru-evaziune-fiscala-in-activitati-de-tip-uber-si-bolt\/#primaryimage"},"image":{"@id":"https:\/\/buletin.de\/bucuresti\/6-bucuresteni-anchetati-de-dna-pentru-evaziune-fiscala-in-activitati-de-tip-uber-si-bolt\/#primaryimage"},"thumbnailUrl":"https:\/\/buletin.de\/bucuresti\/wp-content\/uploads\/rideharing_INQUAM_Photos_Alberto_Grosescu.jpg","datePublished":"2024-12-04T12:17:18+00:00","dateModified":"2024-12-04T13:19:00+00:00","description":"Dosar penal \u00een care este estimat un prejudiciu de 49 de milioane de lei, din evaziune fiscal\u0103 \u00een activit\u0103\u021bi de tip UBER \u0219i Bolt.","breadcrumb":{"@id":"https:\/\/buletin.de\/bucuresti\/6-bucuresteni-anchetati-de-dna-pentru-evaziune-fiscala-in-activitati-de-tip-uber-si-bolt\/#breadcrumb"},"inLanguage":"en-GB","potentialAction":[{"@type":"ReadAction","target":["https:\/\/buletin.de\/bucuresti\/6-bucuresteni-anchetati-de-dna-pentru-evaziune-fiscala-in-activitati-de-tip-uber-si-bolt\/"]}]},{"@type":"ImageObject","inLanguage":"en-GB","@id":"https:\/\/buletin.de\/bucuresti\/6-bucuresteni-anchetati-de-dna-pentru-evaziune-fiscala-in-activitati-de-tip-uber-si-bolt\/#primaryimage","url":"https:\/\/buletin.de\/bucuresti\/wp-content\/uploads\/rideharing_INQUAM_Photos_Alberto_Grosescu.jpg","contentUrl":"https:\/\/buletin.de\/bucuresti\/wp-content\/uploads\/rideharing_INQUAM_Photos_Alberto_Grosescu.jpg","width":1200,"height":800,"caption":"Evaziune fiscal\u0103 \u00een activit\u0103\u021bi de tip Uber \u0219i Bolt. FOTO: Inquam Photos \/ Alberto Gro\u0219escu"},{"@type":"BreadcrumbList","@id":"https:\/\/buletin.de\/bucuresti\/6-bucuresteni-anchetati-de-dna-pentru-evaziune-fiscala-in-activitati-de-tip-uber-si-bolt\/#breadcrumb","itemListElement":[{"@type":"ListItem","position":1,"name":"Acas\u0103","item":"https:\/\/buletin.de\/bucuresti\/"},{"@type":"ListItem","position":2,"name":"6 bucure\u0219teni, ancheta\u021bi de DNA, pentru evaziune fiscal\u0103 \u00een activit\u0103\u021bi de tip Uber \u0219i Bolt"}]},{"@type":"WebSite","@id":"https:\/\/buletin.de\/bucuresti\/#website","url":"https:\/\/buletin.de\/bucuresti\/","name":"Buletin de Bucure\u0219ti","description":"\u0218tiri \u0219i investiga\u021bii esen\u021biale din capital\u0103","publisher":{"@id":"https:\/\/buletin.de\/bucuresti\/#organization"},"potentialAction":[{"@type":"SearchAction","target":{"@type":"EntryPoint","urlTemplate":"https:\/\/buletin.de\/bucuresti\/?s={search_term_string}"},"query-input":{"@type":"PropertyValueSpecification","valueRequired":true,"valueName":"search_term_string"}}],"inLanguage":"en-GB"},{"@type":"Organization","@id":"https:\/\/buletin.de\/bucuresti\/#organization","name":"Buletin de Bucure\u0219ti","url":"https:\/\/buletin.de\/bucuresti\/","logo":{"@type":"ImageObject","inLanguage":"en-GB","@id":"https:\/\/buletin.de\/bucuresti\/#\/schema\/logo\/image\/","url":"https:\/\/buletin.de\/bucuresti\/wp-content\/uploads\/logo-bdb-full-wide-vernil-transparent.png","contentUrl":"https:\/\/buletin.de\/bucuresti\/wp-content\/uploads\/logo-bdb-full-wide-vernil-transparent.png","width":1782,"height":626,"caption":"Buletin de Bucure\u0219ti"},"image":{"@id":"https:\/\/buletin.de\/bucuresti\/#\/schema\/logo\/image\/"},"sameAs":["https:\/\/www.facebook.com\/buletin.de.buc","https:\/\/www.instagram.com\/buletinde.bucuresti\/"]},{"@type":"Person","@id":"https:\/\/buletin.de\/bucuresti\/#\/schema\/person\/a76df728dfc913795a9d90e346b253bb","name":"R\u0103zvan Chiru\u021b\u0103","image":{"@type":"ImageObject","inLanguage":"en-GB","@id":"https:\/\/buletin.de\/bucuresti\/wp-content\/uploads\/Razvan-Chiruta-96x96.jpge7143b996fd4241fbd6ee1f6b6b7b267","url":"https:\/\/buletin.de\/bucuresti\/wp-content\/uploads\/Razvan-Chiruta-96x96.jpg","contentUrl":"https:\/\/buletin.de\/bucuresti\/wp-content\/uploads\/Razvan-Chiruta-96x96.jpg","caption":"R\u0103zvan Chiru\u021b\u0103"},"description":"R\u0103zvan Chiru\u021b\u0103 este redactor-\u0219ef adjunct din iulie 2024. A fost redactor-\u0219ef al PRESShub \u00eentre 2022 \u0219i iunie 2024. Anterior, a fost redactor-\u0219ef al Newsweek Rom\u00e2nia, din 2018 p\u00e2n\u0103 \u00een 2021, \u0219i al cotidianului Rom\u00e2nia liber\u0103, \u00eentre 2015 \u0219i 2017. Este absolvent de Jurnalism, \u00een cadrul Universit\u0103\u021bii \u201eAl.I.Cuza\u201d din Ia\u0219i, \u0219i a urmat un master \u00een Managementul institu\u021biilor mass-media (f\u0103r\u0103 diserta\u021bie) la Facultatea de Jurnalism \u0219i \u0218tiin\u021bele Comunic\u0103rii din cadrul Universit\u0103\u021bii din Bucure\u0219ti. \u0218i-a \u00eenceput cariera la Opinia studen\u021beasc\u0103, cunoscuta \u0219coal\u0103 de pres\u0103 din Ia\u0219i. A lucrat \u00een presa local\u0103, apoi a devenit corespondent pentru Ia\u0219i al cotidianului Evenimentul Zilei. Din 2004, a coordonat pentru \u0219ase luni sec\u021bia de coresponden\u021bi a Evenimentului Zilei. A mai lucrat la s\u0103pt\u0103m\u00e2nalul Prezent \u0219i a colaborat cu revistele Dilema Veche \u0219i Suplimentul de Cultur\u0103. Este co-autor \u00een volumele \u201eMass-media \u0219i democra\u021bia \u00een Rom\u00e2nia post-comunist\u0103\u201d (ed. a II-a), Ed. Institutul European, Ia\u0219i, 2013, \u0219i \u201eCOVID - 19. Dimensiuni ale gestionarii pandemiei\u201d, Editura Junimea, Ia\u0219i, 2020.","url":"https:\/\/buletin.de\/bucuresti\/author\/razvan-chiruta\/"}]}},"authors":[{"term_id":22582,"user_id":60,"is_guest":0,"slug":"razvan-chiruta","display_name":"R\u0103zvan Chiru\u021b\u0103","avatar_url":"https:\/\/buletin.de\/bucuresti\/wp-content\/uploads\/Razvan-Chiruta-96x96.jpg","0":null,"1":"","2":"","3":"","4":"","5":"","6":"","7":"","8":""}],"_links":{"self":[{"href":"https:\/\/buletin.de\/bucuresti\/wp-json\/wp\/v2\/posts\/109401","targetHints":{"allow":["GET"]}}],"collection":[{"href":"https:\/\/buletin.de\/bucuresti\/wp-json\/wp\/v2\/posts"}],"about":[{"href":"https:\/\/buletin.de\/bucuresti\/wp-json\/wp\/v2\/types\/post"}],"author":[{"embeddable":true,"href":"https:\/\/buletin.de\/bucuresti\/wp-json\/wp\/v2\/users\/60"}],"replies":[{"embeddable":true,"href":"https:\/\/buletin.de\/bucuresti\/wp-json\/wp\/v2\/comments?post=109401"}],"version-history":[{"count":5,"href":"https:\/\/buletin.de\/bucuresti\/wp-json\/wp\/v2\/posts\/109401\/revisions"}],"predecessor-version":[{"id":109411,"href":"https:\/\/buletin.de\/bucuresti\/wp-json\/wp\/v2\/posts\/109401\/revisions\/109411"}],"wp:featuredmedia":[{"embeddable":true,"href":"https:\/\/buletin.de\/bucuresti\/wp-json\/wp\/v2\/media\/109404"}],"wp:attachment":[{"href":"https:\/\/buletin.de\/bucuresti\/wp-json\/wp\/v2\/media?parent=109401"}],"wp:term":[{"taxonomy":"category","embeddable":true,"href":"https:\/\/buletin.de\/bucuresti\/wp-json\/wp\/v2\/categories?post=109401"},{"taxonomy":"post_tag","embeddable":true,"href":"https:\/\/buletin.de\/bucuresti\/wp-json\/wp\/v2\/tags?post=109401"},{"taxonomy":"author","embeddable":true,"href":"https:\/\/buletin.de\/bucuresti\/wp-json\/wp\/v2\/ppma_author?post=109401"}],"curies":[{"name":"wp","href":"https:\/\/api.w.org\/{rel}","templated":true}]}}