{"id":109300,"date":"2024-12-04T09:41:27","date_gmt":"2024-12-04T06:41:27","guid":{"rendered":"https:\/\/buletin.de\/bucuresti\/?p=109300"},"modified":"2024-12-06T14:56:48","modified_gmt":"2024-12-06T11:56:48","slug":"a0-nord-lotul-3","status":"publish","type":"post","link":"https:\/\/buletin.de\/bucuresti\/a0-nord-lotul-3\/","title":{"rendered":"E85 va fi conectat la \u201eautostrada muzeu\u201d. DN2, leg\u0103tur\u0103 direct\u0103 cu DN1, \u00een Nordul Capitalei"},"content":{"rendered":"\n<p><strong>Parte din primul tronson din A0 Nord- Lotul 3 ar putea fi dat \u00een trafic joi, pe 5 decembrie. Este vorba despre aproape 2 kilometri, cuprin\u0219i \u00eentre DN2 \u0219i tronsonul din Autostrada Bucure\u0219tiului A0 aferent Lotului 2 Nord p\u00e2n\u0103 la A3. Astfel, DN2 va avea leg\u0103tur\u0103 direct\u0103 cu DN1 prin autostrada de centur\u0103.<\/strong><\/p>\n\n\n\n<p>Conectarea Drumului Na\u021bional 2(E85) cu <a href=\"https:\/\/buletin.de\/bucuresti\/video-autostrada-bucuresti-chinezii-sau-conectat-la-autostrada-muzeu-din-nordul-capitalei-si-lucreaza-la-bretelele-de-acces-catre-e85\/\">autostrada muzeu din Nordul Capitalei<\/a> se va face printr-o desc\u0103rcare provizorie, printr-un sens giratoriu cu bretele de leg\u0103tur\u0103 directe, pozi\u021bionat sub viitorul pasaj al A0 peste DN2.<\/p>\n\n\n\n<p>CITE\u0218TE \u0218I <a href=\"https:\/\/buletin.de\/bucuresti\/video-autostrada-bucuresti-chinezii-sau-conectat-la-autostrada-muzeu-din-nordul-capitalei-si-lucreaza-la-bretelele-de-acces-catre-e85\/\">VIDEO | Autostrada Bucure\u0219ti: Chinezii s-au conectat la autostrada \u201emuzeu\u201d din Nordul Capitalei \u0219i lucreaz\u0103 la bretelele de acces c\u0103tre E85<\/a><\/p>\n\n\n\n<figure class=\"wp-block-gallery has-nested-images columns-default is-cropped wp-block-gallery-1 is-layout-flex wp-block-gallery-is-layout-flex\">\n<figure class=\"wp-block-image size-large\"><img fetchpriority=\"high\" decoding=\"async\" width=\"675\" height=\"900\" data-id=\"109335\" src=\"data:image\/gif;base64,R0lGODlhAQABAAAAACH5BAEKAAEALAAAAAABAAEAAAICTAEAOw==\" data-src=\"https:\/\/buletin.de\/bucuresti\/wp-content\/uploads\/465224397_1097482428430279_7582605178498967407_n-675x900.jpg\" alt=\"DN2, leg\u0103tur\u0103 direct\u0103 cu DN1\" class=\"wp-image-109335 lazyload\" data-sizes=\"auto\" data-srcset=\"https:\/\/buletin.de\/bucuresti\/wp-content\/uploads\/465224397_1097482428430279_7582605178498967407_n-675x900.jpg 675w, https:\/\/buletin.de\/bucuresti\/wp-content\/uploads\/465224397_1097482428430279_7582605178498967407_n-225x300.jpg 225w, https:\/\/buletin.de\/bucuresti\/wp-content\/uploads\/465224397_1097482428430279_7582605178498967407_n-768x1024.jpg 768w, https:\/\/buletin.de\/bucuresti\/wp-content\/uploads\/465224397_1097482428430279_7582605178498967407_n-1152x1536.jpg 1152w, https:\/\/buletin.de\/bucuresti\/wp-content\/uploads\/465224397_1097482428430279_7582605178498967407_n-1100x1467.jpg 1100w, https:\/\/buletin.de\/bucuresti\/wp-content\/uploads\/465224397_1097482428430279_7582605178498967407_n-600x800.jpg 600w, https:\/\/buletin.de\/bucuresti\/wp-content\/uploads\/465224397_1097482428430279_7582605178498967407_n-20x27.jpg 20w, https:\/\/buletin.de\/bucuresti\/wp-content\/uploads\/465224397_1097482428430279_7582605178498967407_n.jpg 1200w\" sizes=\"(max-width: 675px) 100vw, 675px\" \/><figcaption class=\"wp-element-caption\">DN2, leg\u0103tur\u0103 direct\u0103 cu DN1<\/figcaption><\/figure>\n\n\n\n<figure class=\"wp-block-image size-large\"><img decoding=\"async\" width=\"900\" height=\"675\" data-id=\"109336\" src=\"data:image\/gif;base64,R0lGODlhAQABAAAAACH5BAEKAAEALAAAAAABAAEAAAICTAEAOw==\" data-src=\"https:\/\/buletin.de\/bucuresti\/wp-content\/uploads\/468955461_1097482608430261_6322546354424468561_n-900x675.jpg\" alt=\"DN2, leg\u0103tur\u0103 direct\u0103 cu DN1\" class=\"wp-image-109336 lazyload\" data-sizes=\"auto\" data-srcset=\"https:\/\/buletin.de\/bucuresti\/wp-content\/uploads\/468955461_1097482608430261_6322546354424468561_n-900x675.jpg 900w, https:\/\/buletin.de\/bucuresti\/wp-content\/uploads\/468955461_1097482608430261_6322546354424468561_n-300x225.jpg 300w, https:\/\/buletin.de\/bucuresti\/wp-content\/uploads\/468955461_1097482608430261_6322546354424468561_n-768x576.jpg 768w, https:\/\/buletin.de\/bucuresti\/wp-content\/uploads\/468955461_1097482608430261_6322546354424468561_n-1536x1152.jpg 1536w, https:\/\/buletin.de\/bucuresti\/wp-content\/uploads\/468955461_1097482608430261_6322546354424468561_n-1100x825.jpg 1100w, https:\/\/buletin.de\/bucuresti\/wp-content\/uploads\/468955461_1097482608430261_6322546354424468561_n-600x450.jpg 600w, https:\/\/buletin.de\/bucuresti\/wp-content\/uploads\/468955461_1097482608430261_6322546354424468561_n-20x15.jpg 20w, https:\/\/buletin.de\/bucuresti\/wp-content\/uploads\/468955461_1097482608430261_6322546354424468561_n.jpg 1600w\" sizes=\"(max-width: 900px) 100vw, 900px\" \/><\/figure>\n\n\n\n<figure class=\"wp-block-image size-large\"><img decoding=\"async\" width=\"900\" height=\"675\" data-id=\"109334\" src=\"data:image\/gif;base64,R0lGODlhAQABAAAAACH5BAEKAAEALAAAAAABAAEAAAICTAEAOw==\" data-src=\"https:\/\/buletin.de\/bucuresti\/wp-content\/uploads\/468706174_1097482791763576_5727918566763910382_n-900x675.jpg\" alt=\"\" class=\"wp-image-109334 lazyload\" data-sizes=\"auto\" data-srcset=\"https:\/\/buletin.de\/bucuresti\/wp-content\/uploads\/468706174_1097482791763576_5727918566763910382_n-900x675.jpg 900w, https:\/\/buletin.de\/bucuresti\/wp-content\/uploads\/468706174_1097482791763576_5727918566763910382_n-300x225.jpg 300w, https:\/\/buletin.de\/bucuresti\/wp-content\/uploads\/468706174_1097482791763576_5727918566763910382_n-768x576.jpg 768w, https:\/\/buletin.de\/bucuresti\/wp-content\/uploads\/468706174_1097482791763576_5727918566763910382_n-1536x1152.jpg 1536w, https:\/\/buletin.de\/bucuresti\/wp-content\/uploads\/468706174_1097482791763576_5727918566763910382_n-1100x825.jpg 1100w, https:\/\/buletin.de\/bucuresti\/wp-content\/uploads\/468706174_1097482791763576_5727918566763910382_n-600x450.jpg 600w, https:\/\/buletin.de\/bucuresti\/wp-content\/uploads\/468706174_1097482791763576_5727918566763910382_n-20x15.jpg 20w, https:\/\/buletin.de\/bucuresti\/wp-content\/uploads\/468706174_1097482791763576_5727918566763910382_n.jpg 1600w\" sizes=\"(max-width: 900px) 100vw, 900px\" \/><\/figure>\n<\/figure>\n\n\n\n<p><\/p>\n\n\n\n<h2 class=\"wp-block-heading\" id=\"h-dn2-legatura-directa-cu-dn1-stadiul-lucrarilor-este-urmatorul\">DN2, leg\u0103tur\u0103 direct\u0103 cu DN1. Stadiul lucr\u0103rilor este urm\u0103torul:<\/h2>\n\n\n\n<ul class=\"wp-block-list\">\n<li>s-au finalizat lucr\u0103rile de asfaltare a bretelelor de leg\u0103tur\u0103 cu DN2;<\/li>\n\n\n\n<li>se lucreaz\u0103 la realizarea semnaliz\u0103rii rutiere verticale \u0219i orizontale;<\/li>\n\n\n\n<li>se monteaz\u0103 parapetului median \u0219i parapetul lateral pe ultimele zone;<\/li>\n\n\n\n<li>se fac testele sistemului de iluminat de public.<\/li>\n<\/ul>\n\n\n\n<p>\u00cen continuare, se fac lucr\u0103ri pe restul amplasamentului:<\/p>\n\n\n\n<ul class=\"wp-block-list\">\n<li>nodul rutier definitiv;<\/li>\n\n\n\n<li>realizare a sistemelor de scurgere ape pluviale;<\/li>\n\n\n\n<li>sistemul ITS;<\/li>\n\n\n\n<li>pe amplasamentul p\u00e2n\u0103 la jonc\u021biunea cu Lotul 4 Nord, \u00een proximitatea DN3.<\/li>\n<\/ul>\n\n\n\n<p>Traseul complet Lotului 3 Nord este cuprins pe teritoriul jude\u021bului Ilfov \u00eentre DN2 \u00een dreptul localit\u0103\u021bii Afuma\u021bi \u0219i DN3 \u00een zona Cernica \u0219i are o lungime de 8,6 km.<\/p>\n\n\n\n<p><strong>CITE\u0218TE \u0218I:<\/strong> <a href=\"ttps:\/\/buletin.de\/bucuresti\/primele-ghene-subterane\/\"><strong>Sector 6 | Au fost montate primele ghene subterane. 222 vor fi amplasate p\u00e2n\u0103 la \u00eenceputul anului 2025<\/strong><\/a><\/p>\n\n\n\n<h3 class=\"wp-block-heading\" id=\"h-conexiunea-dintre-autostrada-a0-nord-\u0219i-dn2-aproape-gata\">Conexiunea dintre Autostrada A0 Nord \u0219i DN2, aproape gata <\/h3>\n\n\n\n<p>\u00cen octombrie, era anun\u021bat faptul ca <strong>por\u021biunea dintre Autostrada A0 Nord \u0219i DN2 ar putea fi finalizat\u0103 anul acesta. <\/strong><\/p>\n\n\n\n<p><em>\u201eEvolu\u021bie bun\u0103 pe cei 8,6 km ai Lotului 3 (Afuma\u021bi-Pantelimon) al A0 Nord!<\/em>&nbsp;<em>Antreprenorul chinez a ajuns la un stadiu fizic de 19,5% pe \u00eentregul \u0219antier \u0219i de 33,4% pe nodul rutier care va asigura conexiunea A0 cu DN2<\/em>\u201d,&nbsp;<a href=\"https:\/\/www.facebook.com\/share\/p\/wPN3ajAqmNHNJxSM\/\" target=\"_blank\" rel=\"noreferrer noopener\">transmitea ministrul Transporturilor<\/a>.&nbsp;<\/p>\n\n\n\n<p><strong>CITE\u0218TE \u0218I:<\/strong> <a href=\"https:\/\/buletin.de\/bucuresti\/alfred-bulai-va-fi-in-arest-la-domiciliu-si-la-inceput-de-2025-masura-prelungita-de-judecatoria-sectorului-1\/\"><strong>Alfred Bulai va fi \u00een arest la domiciliu \u015fi la \u00eenceput de 2025. M\u0103sura, prelungit\u0103 de Judec\u0103toria Sectorului 1<\/strong><\/a><\/p>\n\n\n\n<h2 class=\"wp-block-heading\" id=\"h-conexiunea-dintre-autostrada-a0-nord-\u0219i-dn2-va-permite-circula\u021bia-pe-21-de-kilometri\">Conexiunea dintre Autostrada A0 Nord \u0219i DN2 va permite circula\u021bia pe 21 de kilometri<\/h2>\n\n\n\n<p>Mai departe, odat\u0103 finalizat\u0103 par\u021bial aceast\u0103 conexiune, se va putea circula pe autostrad\u0103 \u00eentre DN1, A3 \u0219i DN2 pe o distan\u021b\u0103 de 21 de kilometri.&nbsp;<\/p>\n\n\n\n<p>Ministrul a precizat c\u0103 proiectul are o durat\u0103 de 30 de luni, conform contractului, dintre care 12 luni pentru proiectare \u0219i 18 pentru execu\u021bie. Valoarea contractului, asigurat\u0103 de Programul Transport, este de&nbsp;<strong><mark>397,99 de milioane de lei,<\/mark><\/strong>&nbsp;f\u0103r\u0103 TVA.&nbsp;<\/p>\n\n\n\n<p>Execu\u021bia lucr\u0103rilor pe Lotul 3 Nord al A0 a \u00eenceput par\u021bial \u00een prim\u0103vara acestui an, pe o por\u021biune de 2,3 km din totalul de 8,6 km. Prioritatea acestei sec\u021biuni a fost de a facilita desc\u0103rcarea traficului de pe A0 dinspre A3 (Lotul 2 Nord) c\u0103tre DN2, permi\u021b\u00e2nd astfel circula\u021bia pe \u00eentregul Lot 2 Nord, deschis par\u021bial la sf\u00e2r\u0219itul anului trecut, relateaz\u0103 economica.net.&nbsp;<\/p>\n\n\n\n<p>La sf\u00e2r\u0219itul lunii iulie, CNAIR a anun\u021bat c\u0103 antreprenorul chinez a atins un stadiu fizic de 19,8% pentru nodul rutier cu DN2, \u00een doar patru luni de la \u00eenceperea lucr\u0103rilor.<\/p>\n\n\n\n<p><strong>CITE\u0218TE \u0218I:<\/strong> <a href=\"https:\/\/buletin.de\/bucuresti\/superman-challenge-peste-20-de-copii-raniti-ajunsi-la-grigore-alexandrescu-din-cauza-unei-provocari-pe-tiktok\/\">\u201e<strong>Superman Challenge\u201d. Peste 20 de copii r\u0103ni\u021bi ajun\u015fi la Grigore Alexandrescu, din cauza unei provoc\u0103ri pe TikTok<\/strong><\/a><\/p>\n","protected":false},"excerpt":{"rendered":"<p>Parte din primul tronson din A0 Nord- Lotul 3 ar putea fi dat \u00een trafic joi, pe 5 decembrie. Este vorba despre aproape 2 kilometri, cuprin\u0219i \u00eentre DN2 \u0219i tronsonul din Autostrada Bucure\u0219tiului A0 aferent Lotului 2 Nord p\u00e2n\u0103 la A3. Astfel, DN2 va avea leg\u0103tur\u0103 direct\u0103 cu DN1 prin autostrada de centur\u0103. Conectarea Drumului [&hellip;]<\/p>\n","protected":false},"author":49,"featured_media":109333,"comment_status":"closed","ping_status":"open","sticky":false,"template":"","format":"standard","meta":{"_acf_changed":false,"inline_featured_image":false,"ngg_post_thumbnail":0,"footnotes":""},"categories":[6994,3419,650],"tags":[17368,7898,1939,983,820,17369],"ppma_author":[22574],"class_list":["post-109300","post","type-post","status-publish","format-standard","has-post-thumbnail","hentry","category-stiri-2","category-featured","category-transport","tag-a0-nord-lotul-3","tag-a3","tag-afumati","tag-dn2","tag-ilfov","tag-legatura-dn1"],"acf":[],"yoast_head":"<!-- This site is optimized with the Yoast SEO Premium plugin v25.3 (Yoast SEO v27.5) - https:\/\/yoast.com\/product\/yoast-seo-premium-wordpress\/ -->\n<title>E85 va fi conectat la \u201eautostrada muzeu\u201d. DN2, leg\u0103tur\u0103 direct\u0103 cu DN1, \u00een Nordul Capitalei - Buletin de Bucure\u0219ti<\/title>\n<meta name=\"description\" content=\"A0 Nord- Lotul 3. Primul tronson din A0 Nord- Lotul 3 ar putea fi dat \u00een trafic joi, pe 5 decembrie. DN2 va avea leg\u0103tur\u0103 direct\u0103 cu DN1.\" \/>\n<meta name=\"robots\" content=\"index, follow, max-snippet:-1, max-image-preview:large, max-video-preview:-1\" \/>\n<link rel=\"canonical\" href=\"https:\/\/buletin.de\/bucuresti\/a0-nord-lotul-3\/\" \/>\n<meta property=\"og:locale\" content=\"en_GB\" \/>\n<meta property=\"og:type\" content=\"article\" \/>\n<meta property=\"og:title\" content=\"E85 va fi conectat la \u201eautostrada muzeu\u201d. DN2, leg\u0103tur\u0103 direct\u0103 cu DN1, \u00een Nordul Capitalei\" \/>\n<meta property=\"og:description\" content=\"A0 Nord- Lotul 3. Primul tronson din A0 Nord- Lotul 3 ar putea fi dat \u00een trafic joi, pe 5 decembrie. DN2 va avea leg\u0103tur\u0103 direct\u0103 cu DN1.\" \/>\n<meta property=\"og:url\" content=\"https:\/\/buletin.de\/bucuresti\/a0-nord-lotul-3\/\" \/>\n<meta property=\"og:site_name\" content=\"Buletin de Bucure\u0219ti\" \/>\n<meta property=\"article:publisher\" content=\"https:\/\/www.facebook.com\/buletin.de.buc\" \/>\n<meta property=\"article:published_time\" content=\"2024-12-04T06:41:27+00:00\" \/>\n<meta property=\"article:modified_time\" content=\"2024-12-06T11:56:48+00:00\" \/>\n<meta property=\"og:image\" content=\"https:\/\/buletin.de\/bucuresti\/wp-content\/uploads\/469048606_1097482278430294_4571948813358279869_n.jpg\" \/>\n\t<meta property=\"og:image:width\" content=\"1600\" \/>\n\t<meta property=\"og:image:height\" content=\"1200\" \/>\n\t<meta property=\"og:image:type\" content=\"image\/jpeg\" \/>\n<meta name=\"author\" content=\"Diana Matei\" \/>\n<meta name=\"twitter:card\" content=\"summary_large_image\" \/>\n<meta name=\"twitter:label1\" content=\"Written by\" \/>\n\t<meta name=\"twitter:data1\" content=\"Diana Matei\" \/>\n\t<meta name=\"twitter:label2\" content=\"Estimated reading time\" \/>\n\t<meta name=\"twitter:data2\" content=\"4 minutes\" \/>\n<script type=\"application\/ld+json\" class=\"yoast-schema-graph\">{\"@context\":\"https:\\\/\\\/schema.org\",\"@graph\":[{\"@type\":\"Article\",\"@id\":\"https:\\\/\\\/buletin.de\\\/bucuresti\\\/a0-nord-lotul-3\\\/#article\",\"isPartOf\":{\"@id\":\"https:\\\/\\\/buletin.de\\\/bucuresti\\\/a0-nord-lotul-3\\\/\"},\"author\":{\"name\":\"Diana Matei\",\"@id\":\"https:\\\/\\\/buletin.de\\\/bucuresti\\\/#\\\/schema\\\/person\\\/7e46040573290777280a0835d81ea4ea\"},\"headline\":\"E85 va fi conectat la \u201eautostrada muzeu\u201d. DN2, leg\u0103tur\u0103 direct\u0103 cu DN1, \u00een Nordul Capitalei\",\"datePublished\":\"2024-12-04T06:41:27+00:00\",\"dateModified\":\"2024-12-06T11:56:48+00:00\",\"mainEntityOfPage\":{\"@id\":\"https:\\\/\\\/buletin.de\\\/bucuresti\\\/a0-nord-lotul-3\\\/\"},\"wordCount\":574,\"publisher\":{\"@id\":\"https:\\\/\\\/buletin.de\\\/bucuresti\\\/#organization\"},\"image\":{\"@id\":\"https:\\\/\\\/buletin.de\\\/bucuresti\\\/a0-nord-lotul-3\\\/#primaryimage\"},\"thumbnailUrl\":\"https:\\\/\\\/buletin.de\\\/bucuresti\\\/wp-content\\\/uploads\\\/469048606_1097482278430294_4571948813358279869_n.jpg\",\"keywords\":[\"A0 Nord- Lotul 3\",\"a3\",\"Afuma\u021bi\",\"dn2\",\"Ilfov\",\"legatura dn1\"],\"articleSection\":[\"Articole\",\"Featured\",\"Transport\"],\"inLanguage\":\"en-GB\",\"copyrightYear\":\"2024\",\"copyrightHolder\":{\"@id\":\"https:\\\/\\\/buletin.de\\\/bucuresti\\\/#organization\"}},{\"@type\":\"WebPage\",\"@id\":\"https:\\\/\\\/buletin.de\\\/bucuresti\\\/a0-nord-lotul-3\\\/\",\"url\":\"https:\\\/\\\/buletin.de\\\/bucuresti\\\/a0-nord-lotul-3\\\/\",\"name\":\"E85 va fi conectat la \u201eautostrada muzeu\u201d. DN2, leg\u0103tur\u0103 direct\u0103 cu DN1, \u00een Nordul Capitalei - Buletin de Bucure\u0219ti\",\"isPartOf\":{\"@id\":\"https:\\\/\\\/buletin.de\\\/bucuresti\\\/#website\"},\"primaryImageOfPage\":{\"@id\":\"https:\\\/\\\/buletin.de\\\/bucuresti\\\/a0-nord-lotul-3\\\/#primaryimage\"},\"image\":{\"@id\":\"https:\\\/\\\/buletin.de\\\/bucuresti\\\/a0-nord-lotul-3\\\/#primaryimage\"},\"thumbnailUrl\":\"https:\\\/\\\/buletin.de\\\/bucuresti\\\/wp-content\\\/uploads\\\/469048606_1097482278430294_4571948813358279869_n.jpg\",\"datePublished\":\"2024-12-04T06:41:27+00:00\",\"dateModified\":\"2024-12-06T11:56:48+00:00\",\"description\":\"A0 Nord- Lotul 3. Primul tronson din A0 Nord- Lotul 3 ar putea fi dat \u00een trafic joi, pe 5 decembrie. DN2 va avea leg\u0103tur\u0103 direct\u0103 cu DN1.\",\"breadcrumb\":{\"@id\":\"https:\\\/\\\/buletin.de\\\/bucuresti\\\/a0-nord-lotul-3\\\/#breadcrumb\"},\"inLanguage\":\"en-GB\",\"potentialAction\":[{\"@type\":\"ReadAction\",\"target\":[\"https:\\\/\\\/buletin.de\\\/bucuresti\\\/a0-nord-lotul-3\\\/\"]}]},{\"@type\":\"ImageObject\",\"inLanguage\":\"en-GB\",\"@id\":\"https:\\\/\\\/buletin.de\\\/bucuresti\\\/a0-nord-lotul-3\\\/#primaryimage\",\"url\":\"https:\\\/\\\/buletin.de\\\/bucuresti\\\/wp-content\\\/uploads\\\/469048606_1097482278430294_4571948813358279869_n.jpg\",\"contentUrl\":\"https:\\\/\\\/buletin.de\\\/bucuresti\\\/wp-content\\\/uploads\\\/469048606_1097482278430294_4571948813358279869_n.jpg\",\"width\":1600,\"height\":1200,\"caption\":\"Primul tronson din A0 Nord- Lotul 3 va fi dat \u00een trafic. Circula\u021bia se va face pe \u00eenc\u0103 2 kilometri. FOTO: Ionel Sriosteanu\\\/Facebook\"},{\"@type\":\"BreadcrumbList\",\"@id\":\"https:\\\/\\\/buletin.de\\\/bucuresti\\\/a0-nord-lotul-3\\\/#breadcrumb\",\"itemListElement\":[{\"@type\":\"ListItem\",\"position\":1,\"name\":\"Acas\u0103\",\"item\":\"https:\\\/\\\/buletin.de\\\/bucuresti\\\/\"},{\"@type\":\"ListItem\",\"position\":2,\"name\":\"E85 va fi conectat la \u201eautostrada muzeu\u201d. DN2, leg\u0103tur\u0103 direct\u0103 cu DN1, \u00een Nordul Capitalei\"}]},{\"@type\":\"WebSite\",\"@id\":\"https:\\\/\\\/buletin.de\\\/bucuresti\\\/#website\",\"url\":\"https:\\\/\\\/buletin.de\\\/bucuresti\\\/\",\"name\":\"Buletin de Bucure\u0219ti\",\"description\":\"\u0218tiri \u0219i investiga\u021bii esen\u021biale din capital\u0103\",\"publisher\":{\"@id\":\"https:\\\/\\\/buletin.de\\\/bucuresti\\\/#organization\"},\"potentialAction\":[{\"@type\":\"SearchAction\",\"target\":{\"@type\":\"EntryPoint\",\"urlTemplate\":\"https:\\\/\\\/buletin.de\\\/bucuresti\\\/?s={search_term_string}\"},\"query-input\":{\"@type\":\"PropertyValueSpecification\",\"valueRequired\":true,\"valueName\":\"search_term_string\"}}],\"inLanguage\":\"en-GB\"},{\"@type\":\"Organization\",\"@id\":\"https:\\\/\\\/buletin.de\\\/bucuresti\\\/#organization\",\"name\":\"Buletin de Bucure\u0219ti\",\"url\":\"https:\\\/\\\/buletin.de\\\/bucuresti\\\/\",\"logo\":{\"@type\":\"ImageObject\",\"inLanguage\":\"en-GB\",\"@id\":\"https:\\\/\\\/buletin.de\\\/bucuresti\\\/#\\\/schema\\\/logo\\\/image\\\/\",\"url\":\"https:\\\/\\\/buletin.de\\\/bucuresti\\\/wp-content\\\/uploads\\\/logo-bdb-full-wide-vernil-transparent.png\",\"contentUrl\":\"https:\\\/\\\/buletin.de\\\/bucuresti\\\/wp-content\\\/uploads\\\/logo-bdb-full-wide-vernil-transparent.png\",\"width\":1782,\"height\":626,\"caption\":\"Buletin de Bucure\u0219ti\"},\"image\":{\"@id\":\"https:\\\/\\\/buletin.de\\\/bucuresti\\\/#\\\/schema\\\/logo\\\/image\\\/\"},\"sameAs\":[\"https:\\\/\\\/www.facebook.com\\\/buletin.de.buc\",\"https:\\\/\\\/www.instagram.com\\\/buletinde.bucuresti\\\/\"]},{\"@type\":\"Person\",\"@id\":\"https:\\\/\\\/buletin.de\\\/bucuresti\\\/#\\\/schema\\\/person\\\/7e46040573290777280a0835d81ea4ea\",\"name\":\"Diana Matei\",\"image\":{\"@type\":\"ImageObject\",\"inLanguage\":\"en-GB\",\"@id\":\"https:\\\/\\\/buletin.de\\\/bucuresti\\\/wp-content\\\/uploads\\\/9-2-96x96.jpg1e8590b30871d70e62ebcdaf2eff570c\",\"url\":\"https:\\\/\\\/buletin.de\\\/bucuresti\\\/wp-content\\\/uploads\\\/9-2-96x96.jpg\",\"contentUrl\":\"https:\\\/\\\/buletin.de\\\/bucuresti\\\/wp-content\\\/uploads\\\/9-2-96x96.jpg\",\"caption\":\"Diana Matei\"},\"url\":\"https:\\\/\\\/buletin.de\\\/bucuresti\\\/author\\\/dianamatei\\\/\"}]}<\/script>\n<!-- \/ Yoast SEO Premium plugin. -->","yoast_head_json":{"title":"E85 va fi conectat la \u201eautostrada muzeu\u201d. DN2, leg\u0103tur\u0103 direct\u0103 cu DN1, \u00een Nordul Capitalei - Buletin de Bucure\u0219ti","description":"A0 Nord- Lotul 3. Primul tronson din A0 Nord- Lotul 3 ar putea fi dat \u00een trafic joi, pe 5 decembrie. DN2 va avea leg\u0103tur\u0103 direct\u0103 cu DN1.","robots":{"index":"index","follow":"follow","max-snippet":"max-snippet:-1","max-image-preview":"max-image-preview:large","max-video-preview":"max-video-preview:-1"},"canonical":"https:\/\/buletin.de\/bucuresti\/a0-nord-lotul-3\/","og_locale":"en_GB","og_type":"article","og_title":"E85 va fi conectat la \u201eautostrada muzeu\u201d. DN2, leg\u0103tur\u0103 direct\u0103 cu DN1, \u00een Nordul Capitalei","og_description":"A0 Nord- Lotul 3. Primul tronson din A0 Nord- Lotul 3 ar putea fi dat \u00een trafic joi, pe 5 decembrie. DN2 va avea leg\u0103tur\u0103 direct\u0103 cu DN1.","og_url":"https:\/\/buletin.de\/bucuresti\/a0-nord-lotul-3\/","og_site_name":"Buletin de Bucure\u0219ti","article_publisher":"https:\/\/www.facebook.com\/buletin.de.buc","article_published_time":"2024-12-04T06:41:27+00:00","article_modified_time":"2024-12-06T11:56:48+00:00","og_image":[{"width":1600,"height":1200,"url":"https:\/\/buletin.de\/bucuresti\/wp-content\/uploads\/469048606_1097482278430294_4571948813358279869_n.jpg","type":"image\/jpeg"}],"author":"Diana Matei","twitter_card":"summary_large_image","twitter_misc":{"Written by":"Diana Matei","Estimated reading time":"4 minutes"},"schema":{"@context":"https:\/\/schema.org","@graph":[{"@type":"Article","@id":"https:\/\/buletin.de\/bucuresti\/a0-nord-lotul-3\/#article","isPartOf":{"@id":"https:\/\/buletin.de\/bucuresti\/a0-nord-lotul-3\/"},"author":{"name":"Diana Matei","@id":"https:\/\/buletin.de\/bucuresti\/#\/schema\/person\/7e46040573290777280a0835d81ea4ea"},"headline":"E85 va fi conectat la \u201eautostrada muzeu\u201d. DN2, leg\u0103tur\u0103 direct\u0103 cu DN1, \u00een Nordul Capitalei","datePublished":"2024-12-04T06:41:27+00:00","dateModified":"2024-12-06T11:56:48+00:00","mainEntityOfPage":{"@id":"https:\/\/buletin.de\/bucuresti\/a0-nord-lotul-3\/"},"wordCount":574,"publisher":{"@id":"https:\/\/buletin.de\/bucuresti\/#organization"},"image":{"@id":"https:\/\/buletin.de\/bucuresti\/a0-nord-lotul-3\/#primaryimage"},"thumbnailUrl":"https:\/\/buletin.de\/bucuresti\/wp-content\/uploads\/469048606_1097482278430294_4571948813358279869_n.jpg","keywords":["A0 Nord- Lotul 3","a3","Afuma\u021bi","dn2","Ilfov","legatura dn1"],"articleSection":["Articole","Featured","Transport"],"inLanguage":"en-GB","copyrightYear":"2024","copyrightHolder":{"@id":"https:\/\/buletin.de\/bucuresti\/#organization"}},{"@type":"WebPage","@id":"https:\/\/buletin.de\/bucuresti\/a0-nord-lotul-3\/","url":"https:\/\/buletin.de\/bucuresti\/a0-nord-lotul-3\/","name":"E85 va fi conectat la \u201eautostrada muzeu\u201d. DN2, leg\u0103tur\u0103 direct\u0103 cu DN1, \u00een Nordul Capitalei - Buletin de Bucure\u0219ti","isPartOf":{"@id":"https:\/\/buletin.de\/bucuresti\/#website"},"primaryImageOfPage":{"@id":"https:\/\/buletin.de\/bucuresti\/a0-nord-lotul-3\/#primaryimage"},"image":{"@id":"https:\/\/buletin.de\/bucuresti\/a0-nord-lotul-3\/#primaryimage"},"thumbnailUrl":"https:\/\/buletin.de\/bucuresti\/wp-content\/uploads\/469048606_1097482278430294_4571948813358279869_n.jpg","datePublished":"2024-12-04T06:41:27+00:00","dateModified":"2024-12-06T11:56:48+00:00","description":"A0 Nord- Lotul 3. Primul tronson din A0 Nord- Lotul 3 ar putea fi dat \u00een trafic joi, pe 5 decembrie. DN2 va avea leg\u0103tur\u0103 direct\u0103 cu DN1.","breadcrumb":{"@id":"https:\/\/buletin.de\/bucuresti\/a0-nord-lotul-3\/#breadcrumb"},"inLanguage":"en-GB","potentialAction":[{"@type":"ReadAction","target":["https:\/\/buletin.de\/bucuresti\/a0-nord-lotul-3\/"]}]},{"@type":"ImageObject","inLanguage":"en-GB","@id":"https:\/\/buletin.de\/bucuresti\/a0-nord-lotul-3\/#primaryimage","url":"https:\/\/buletin.de\/bucuresti\/wp-content\/uploads\/469048606_1097482278430294_4571948813358279869_n.jpg","contentUrl":"https:\/\/buletin.de\/bucuresti\/wp-content\/uploads\/469048606_1097482278430294_4571948813358279869_n.jpg","width":1600,"height":1200,"caption":"Primul tronson din A0 Nord- Lotul 3 va fi dat \u00een trafic. Circula\u021bia se va face pe \u00eenc\u0103 2 kilometri. FOTO: Ionel Sriosteanu\/Facebook"},{"@type":"BreadcrumbList","@id":"https:\/\/buletin.de\/bucuresti\/a0-nord-lotul-3\/#breadcrumb","itemListElement":[{"@type":"ListItem","position":1,"name":"Acas\u0103","item":"https:\/\/buletin.de\/bucuresti\/"},{"@type":"ListItem","position":2,"name":"E85 va fi conectat la \u201eautostrada muzeu\u201d. DN2, leg\u0103tur\u0103 direct\u0103 cu DN1, \u00een Nordul Capitalei"}]},{"@type":"WebSite","@id":"https:\/\/buletin.de\/bucuresti\/#website","url":"https:\/\/buletin.de\/bucuresti\/","name":"Buletin de Bucure\u0219ti","description":"\u0218tiri \u0219i investiga\u021bii esen\u021biale din capital\u0103","publisher":{"@id":"https:\/\/buletin.de\/bucuresti\/#organization"},"potentialAction":[{"@type":"SearchAction","target":{"@type":"EntryPoint","urlTemplate":"https:\/\/buletin.de\/bucuresti\/?s={search_term_string}"},"query-input":{"@type":"PropertyValueSpecification","valueRequired":true,"valueName":"search_term_string"}}],"inLanguage":"en-GB"},{"@type":"Organization","@id":"https:\/\/buletin.de\/bucuresti\/#organization","name":"Buletin de Bucure\u0219ti","url":"https:\/\/buletin.de\/bucuresti\/","logo":{"@type":"ImageObject","inLanguage":"en-GB","@id":"https:\/\/buletin.de\/bucuresti\/#\/schema\/logo\/image\/","url":"https:\/\/buletin.de\/bucuresti\/wp-content\/uploads\/logo-bdb-full-wide-vernil-transparent.png","contentUrl":"https:\/\/buletin.de\/bucuresti\/wp-content\/uploads\/logo-bdb-full-wide-vernil-transparent.png","width":1782,"height":626,"caption":"Buletin de Bucure\u0219ti"},"image":{"@id":"https:\/\/buletin.de\/bucuresti\/#\/schema\/logo\/image\/"},"sameAs":["https:\/\/www.facebook.com\/buletin.de.buc","https:\/\/www.instagram.com\/buletinde.bucuresti\/"]},{"@type":"Person","@id":"https:\/\/buletin.de\/bucuresti\/#\/schema\/person\/7e46040573290777280a0835d81ea4ea","name":"Diana Matei","image":{"@type":"ImageObject","inLanguage":"en-GB","@id":"https:\/\/buletin.de\/bucuresti\/wp-content\/uploads\/9-2-96x96.jpg1e8590b30871d70e62ebcdaf2eff570c","url":"https:\/\/buletin.de\/bucuresti\/wp-content\/uploads\/9-2-96x96.jpg","contentUrl":"https:\/\/buletin.de\/bucuresti\/wp-content\/uploads\/9-2-96x96.jpg","caption":"Diana Matei"},"url":"https:\/\/buletin.de\/bucuresti\/author\/dianamatei\/"}]}},"authors":[{"term_id":22574,"user_id":49,"is_guest":0,"slug":"dianamatei","display_name":"Diana Matei","avatar_url":"https:\/\/buletin.de\/bucuresti\/wp-content\/uploads\/9-2-96x96.jpg","0":null,"1":"","2":"","3":"","4":"","5":"","6":"","7":"","8":""}],"_links":{"self":[{"href":"https:\/\/buletin.de\/bucuresti\/wp-json\/wp\/v2\/posts\/109300","targetHints":{"allow":["GET"]}}],"collection":[{"href":"https:\/\/buletin.de\/bucuresti\/wp-json\/wp\/v2\/posts"}],"about":[{"href":"https:\/\/buletin.de\/bucuresti\/wp-json\/wp\/v2\/types\/post"}],"author":[{"embeddable":true,"href":"https:\/\/buletin.de\/bucuresti\/wp-json\/wp\/v2\/users\/49"}],"replies":[{"embeddable":true,"href":"https:\/\/buletin.de\/bucuresti\/wp-json\/wp\/v2\/comments?post=109300"}],"version-history":[{"count":4,"href":"https:\/\/buletin.de\/bucuresti\/wp-json\/wp\/v2\/posts\/109300\/revisions"}],"predecessor-version":[{"id":109728,"href":"https:\/\/buletin.de\/bucuresti\/wp-json\/wp\/v2\/posts\/109300\/revisions\/109728"}],"wp:featuredmedia":[{"embeddable":true,"href":"https:\/\/buletin.de\/bucuresti\/wp-json\/wp\/v2\/media\/109333"}],"wp:attachment":[{"href":"https:\/\/buletin.de\/bucuresti\/wp-json\/wp\/v2\/media?parent=109300"}],"wp:term":[{"taxonomy":"category","embeddable":true,"href":"https:\/\/buletin.de\/bucuresti\/wp-json\/wp\/v2\/categories?post=109300"},{"taxonomy":"post_tag","embeddable":true,"href":"https:\/\/buletin.de\/bucuresti\/wp-json\/wp\/v2\/tags?post=109300"},{"taxonomy":"author","embeddable":true,"href":"https:\/\/buletin.de\/bucuresti\/wp-json\/wp\/v2\/ppma_author?post=109300"}],"curies":[{"name":"wp","href":"https:\/\/api.w.org\/{rel}","templated":true}]}}