{"id":109244,"date":"2024-12-03T13:33:58","date_gmt":"2024-12-03T10:33:58","guid":{"rendered":"https:\/\/buletin.de\/bucuresti\/?p=109244"},"modified":"2024-12-03T13:33:59","modified_gmt":"2024-12-03T10:33:59","slug":"inca-un-tren-trimis-de-impiegat-pe-linia-gresita-in-zona-chitila-la-nici-doua-luni-de-la-primul-incident-feroviar-de-acest-fel","status":"publish","type":"post","link":"https:\/\/buletin.de\/bucuresti\/inca-un-tren-trimis-de-impiegat-pe-linia-gresita-in-zona-chitila-la-nici-doua-luni-de-la-primul-incident-feroviar-de-acest-fel\/","title":{"rendered":"\u00cenc\u0103 un tren trimis de impiegat pe linia gre\u015fit\u0103, \u00een zona Chitila, la nici dou\u0103 luni de la primul incident feroviar de acest fel"},"content":{"rendered":"\n<p><strong>\u00cenc\u0103 un tren a fost trimis pe linia gre\u015fit\u0103 de un impiegat de mi\u015fcare din sta\u0163ia CF Chitila, scriu jurnali\u015ftii de la <a href=\"https:\/\/clubferoviar.ro\/al-doilea-incident-feroviar-la-chitila\/\">clubferoviar.ro<\/a>, care citeaz\u0103 un raport al AGIFER (Agen\u0163ia de Investigare Feroviar\u0103 Rom\u00e2n\u0103). <\/strong><\/p>\n\n\n\n<p>Acest incident s-a \u00eenregistrat \u00een luna august, dup\u0103 un altul, tras la indigo, de pe 21 iunie, despre care a scris \u015fi Buletin de Bucure\u015fti <a href=\"https:\/\/buletin.de\/bucuresti\/un-tren-de-calatori-a-intrat-pe-o-linie-gresita-la-chitila-erori-successive\/\">AICI<\/a>. Atunci, a contat \u015fi faptul c\u0103 trenurile implicate aveau pl\u0103cu\u0163ele de identificare schimbate, dar f\u0103r\u0103 ca aceast\u0103 schimbare s\u0103 fie actualizat\u0103 \u00een sistem.<\/p>\n\n\n\n<p>\u00cenc\u0103 un tren pe linia gre\u015fit\u0103: de aceast\u0103 dat\u0103, scriu jurnali\u015ftii cita\u0163i, a fost vorba de un incident produs pe data de 10 august 2024. Cauzele sunt acelea\u015fi ca \u015fi \u00een prima situa\u0163ie: un \u015fir de neaten\u0163ii ale impiega\u0163ilor de mi\u015fcare din sta\u0163ia de l\u00e2ng\u0103 Bucure\u015fti. <\/p>\n\n\n\n<p>Cei care se \u00eengrijesc s\u0103 dirijeze trenurile i-au transmis mecanicului s\u0103 intre pe firul III, \u00een loc de firul II, a\u015fa cum ar fi trebuit. <\/p>\n\n\n\n<p>Norocul a f\u0103cut ca mecanicul s\u0103 fie atent \u015fi s\u0103 observe c\u0103 a fost trimis pe o linie gre\u015fit\u0103, Pajura &#8211; Bucure\u015fti Nord. Drept urmare, a fr\u00e2nat \u015fi a \u201etras pe dreapta\u201d, pe o linie izolat\u0103, evit\u00e2nd astfel s\u0103 se produc\u0103 o tragedie. I-a informat pe coordonatori de ceea ce s-a \u00eent\u00e2mplat, care l-au rerutat pe linia corect\u0103, Chitila &#8211; Bucure\u015fti Nord. <\/p>\n\n\n\n<p>Inspectorii AGIFER au stat de vorb\u0103 cu to\u021bi cei implica\u021bi \u00een acest incident feroviar la Chitila \u0219i au ajuns la concluzia c\u0103 acesta a fost cauzat de \u201do serie de erori succesive, a trei operatori umani diferi\u021bi\u201d, din cauza \u201dlipsei de aten\u021bie\u201d. \u201eSuprapunerea acestor erori, care au constat \u00een efectuarea defectuoas\u0103 sau omiterea unei p\u0103r\u021bi din sarcina de munc\u0103, a determinat producerea incidentului\u201d, se mai arat\u0103 \u00een raportul AGIFER.<\/p>\n\n\n\n<p><strong>CITE\u015eTE<\/strong> \u00eentregul articol pe <a href=\"https:\/\/clubferoviar.ro\/al-doilea-incident-feroviar-la-chitila\/\">clubferoviar.ro<\/a>.<\/p>\n\n\n\n<p><strong>CITE\u015eTE \u015eI:<\/strong> <a href=\"https:\/\/buletin.de\/bucuresti\/un-tren-de-calatori-a-intrat-pe-o-linie-gresita-la-chitila-erori-successive\/\">Tren de c\u0103l\u0103tori, pe o linie gre\u0219it\u0103 la Chitila. Erori succesive \u201ereparate\u201d de mecanicul de locomotiv\u0103<\/a><br><\/p>\n","protected":false},"excerpt":{"rendered":"<p>\u00cenc\u0103 un tren a fost trimis pe linia gre\u015fit\u0103 de un impiegat de mi\u015fcare din sta\u0163ia CF Chitila, scriu jurnali\u015ftii de la clubferoviar.ro, care citeaz\u0103 un raport al AGIFER (Agen\u0163ia de Investigare Feroviar\u0103 Rom\u00e2n\u0103). Acest incident s-a \u00eenregistrat \u00een luna august, dup\u0103 un altul, tras la indigo, de pe 21 iunie, despre care a scris [&hellip;]<\/p>\n","protected":false},"author":1,"featured_media":109269,"comment_status":"closed","ping_status":"open","sticky":false,"template":"","format":"standard","meta":{"_acf_changed":false,"inline_featured_image":false,"ngg_post_thumbnail":0,"footnotes":""},"categories":[6994,62,650],"tags":[17345,599,17343,17341,17346,17344,17347,17342],"ppma_author":[22583],"class_list":["post-109244","post","type-post","status-publish","format-standard","has-post-thumbnail","hentry","category-stiri-2","category-stiri","category-transport","tag-agifer","tag-cfr","tag-chitila-incident-feroviar","tag-gara-chitila","tag-pericol-linia-ferata","tag-tren-bagat-pe-linia-gresita","tag-tren-calatori","tag-triaj-chitila"],"acf":[],"yoast_head":"<!-- This site is optimized with the Yoast SEO Premium plugin v25.3 (Yoast SEO v27.4) - https:\/\/yoast.com\/product\/yoast-seo-premium-wordpress\/ -->\n<title>\u00cenc\u0103 un tren trimis de impiegat pe linia gre\u015fit\u0103, \u00een zona Chitila, la nici dou\u0103 luni de la primul incident feroviar de acest fel - Buletin de Bucure\u0219ti<\/title>\n<meta name=\"description\" content=\"\u00cenc\u0103 un tren a fost trimis pe linia gre\u015fit\u0103 de un impiegat de mi\u015fcare din sta\u0163ia CF Chitila, scriu jurnali\u015ftii de la clubferoviar.ro\" \/>\n<meta name=\"robots\" content=\"index, follow, max-snippet:-1, max-image-preview:large, max-video-preview:-1\" \/>\n<link rel=\"canonical\" href=\"https:\/\/buletin.de\/bucuresti\/inca-un-tren-trimis-de-impiegat-pe-linia-gresita-in-zona-chitila-la-nici-doua-luni-de-la-primul-incident-feroviar-de-acest-fel\/\" \/>\n<meta property=\"og:locale\" content=\"en_GB\" \/>\n<meta property=\"og:type\" content=\"article\" \/>\n<meta property=\"og:title\" content=\"\u00cenc\u0103 un tren trimis de impiegat pe linia gre\u015fit\u0103, \u00een zona Chitila, la nici dou\u0103 luni de la primul incident feroviar de acest fel\" \/>\n<meta property=\"og:description\" content=\"\u00cenc\u0103 un tren a fost trimis pe linia gre\u015fit\u0103 de un impiegat de mi\u015fcare din sta\u0163ia CF Chitila, scriu jurnali\u015ftii de la clubferoviar.ro\" \/>\n<meta property=\"og:url\" content=\"https:\/\/buletin.de\/bucuresti\/inca-un-tren-trimis-de-impiegat-pe-linia-gresita-in-zona-chitila-la-nici-doua-luni-de-la-primul-incident-feroviar-de-acest-fel\/\" \/>\n<meta property=\"og:site_name\" content=\"Buletin de Bucure\u0219ti\" \/>\n<meta property=\"article:publisher\" content=\"https:\/\/www.facebook.com\/buletin.de.buc\" \/>\n<meta property=\"article:published_time\" content=\"2024-12-03T10:33:58+00:00\" \/>\n<meta property=\"article:modified_time\" content=\"2024-12-03T10:33:59+00:00\" \/>\n<meta property=\"og:image\" content=\"https:\/\/buletin.de\/bucuresti\/wp-content\/uploads\/gara-chitila.png\" \/>\n\t<meta property=\"og:image:width\" content=\"1156\" \/>\n\t<meta property=\"og:image:height\" content=\"550\" \/>\n\t<meta property=\"og:image:type\" content=\"image\/png\" \/>\n<meta name=\"author\" content=\"Redac\u021bia Buletin de Bucure\u0219ti\" \/>\n<meta name=\"twitter:card\" content=\"summary_large_image\" \/>\n<meta name=\"twitter:label1\" content=\"Written by\" \/>\n\t<meta name=\"twitter:data1\" content=\"Redac\u021bia Buletin de Bucure\u0219ti\" \/>\n\t<meta name=\"twitter:label2\" content=\"Estimated reading time\" \/>\n\t<meta name=\"twitter:data2\" content=\"2 minutes\" \/>\n<script type=\"application\/ld+json\" class=\"yoast-schema-graph\">{\"@context\":\"https:\\\/\\\/schema.org\",\"@graph\":[{\"@type\":\"Article\",\"@id\":\"https:\\\/\\\/buletin.de\\\/bucuresti\\\/inca-un-tren-trimis-de-impiegat-pe-linia-gresita-in-zona-chitila-la-nici-doua-luni-de-la-primul-incident-feroviar-de-acest-fel\\\/#article\",\"isPartOf\":{\"@id\":\"https:\\\/\\\/buletin.de\\\/bucuresti\\\/inca-un-tren-trimis-de-impiegat-pe-linia-gresita-in-zona-chitila-la-nici-doua-luni-de-la-primul-incident-feroviar-de-acest-fel\\\/\"},\"author\":{\"name\":\"Redac\u021bia Buletin de Bucure\u0219ti\",\"@id\":\"https:\\\/\\\/buletin.de\\\/bucuresti\\\/#\\\/schema\\\/person\\\/2bbcf854e5f2419a13804af574d06ab1\"},\"headline\":\"\u00cenc\u0103 un tren trimis de impiegat pe linia gre\u015fit\u0103, \u00een zona Chitila, la nici dou\u0103 luni de la primul incident feroviar de acest fel\",\"datePublished\":\"2024-12-03T10:33:58+00:00\",\"dateModified\":\"2024-12-03T10:33:59+00:00\",\"mainEntityOfPage\":{\"@id\":\"https:\\\/\\\/buletin.de\\\/bucuresti\\\/inca-un-tren-trimis-de-impiegat-pe-linia-gresita-in-zona-chitila-la-nici-doua-luni-de-la-primul-incident-feroviar-de-acest-fel\\\/\"},\"wordCount\":372,\"publisher\":{\"@id\":\"https:\\\/\\\/buletin.de\\\/bucuresti\\\/#organization\"},\"image\":{\"@id\":\"https:\\\/\\\/buletin.de\\\/bucuresti\\\/inca-un-tren-trimis-de-impiegat-pe-linia-gresita-in-zona-chitila-la-nici-doua-luni-de-la-primul-incident-feroviar-de-acest-fel\\\/#primaryimage\"},\"thumbnailUrl\":\"https:\\\/\\\/buletin.de\\\/bucuresti\\\/wp-content\\\/uploads\\\/gara-chitila.png\",\"keywords\":[\"agifer\",\"cfr\",\"chitila incident feroviar\",\"gara chitila\",\"pericol linia ferata\",\"tren bagat pe linia gresita\",\"tren calatori\",\"triaj chitila\"],\"articleSection\":[\"Articole\",\"\u0218tiri\",\"Transport\"],\"inLanguage\":\"en-GB\",\"copyrightYear\":\"2024\",\"copyrightHolder\":{\"@id\":\"https:\\\/\\\/buletin.de\\\/bucuresti\\\/#organization\"}},{\"@type\":\"WebPage\",\"@id\":\"https:\\\/\\\/buletin.de\\\/bucuresti\\\/inca-un-tren-trimis-de-impiegat-pe-linia-gresita-in-zona-chitila-la-nici-doua-luni-de-la-primul-incident-feroviar-de-acest-fel\\\/\",\"url\":\"https:\\\/\\\/buletin.de\\\/bucuresti\\\/inca-un-tren-trimis-de-impiegat-pe-linia-gresita-in-zona-chitila-la-nici-doua-luni-de-la-primul-incident-feroviar-de-acest-fel\\\/\",\"name\":\"\u00cenc\u0103 un tren trimis de impiegat pe linia gre\u015fit\u0103, \u00een zona Chitila, la nici dou\u0103 luni de la primul incident feroviar de acest fel - Buletin de Bucure\u0219ti\",\"isPartOf\":{\"@id\":\"https:\\\/\\\/buletin.de\\\/bucuresti\\\/#website\"},\"primaryImageOfPage\":{\"@id\":\"https:\\\/\\\/buletin.de\\\/bucuresti\\\/inca-un-tren-trimis-de-impiegat-pe-linia-gresita-in-zona-chitila-la-nici-doua-luni-de-la-primul-incident-feroviar-de-acest-fel\\\/#primaryimage\"},\"image\":{\"@id\":\"https:\\\/\\\/buletin.de\\\/bucuresti\\\/inca-un-tren-trimis-de-impiegat-pe-linia-gresita-in-zona-chitila-la-nici-doua-luni-de-la-primul-incident-feroviar-de-acest-fel\\\/#primaryimage\"},\"thumbnailUrl\":\"https:\\\/\\\/buletin.de\\\/bucuresti\\\/wp-content\\\/uploads\\\/gara-chitila.png\",\"datePublished\":\"2024-12-03T10:33:58+00:00\",\"dateModified\":\"2024-12-03T10:33:59+00:00\",\"description\":\"\u00cenc\u0103 un tren a fost trimis pe linia gre\u015fit\u0103 de un impiegat de mi\u015fcare din sta\u0163ia CF Chitila, scriu jurnali\u015ftii de la clubferoviar.ro\",\"breadcrumb\":{\"@id\":\"https:\\\/\\\/buletin.de\\\/bucuresti\\\/inca-un-tren-trimis-de-impiegat-pe-linia-gresita-in-zona-chitila-la-nici-doua-luni-de-la-primul-incident-feroviar-de-acest-fel\\\/#breadcrumb\"},\"inLanguage\":\"en-GB\",\"potentialAction\":[{\"@type\":\"ReadAction\",\"target\":[\"https:\\\/\\\/buletin.de\\\/bucuresti\\\/inca-un-tren-trimis-de-impiegat-pe-linia-gresita-in-zona-chitila-la-nici-doua-luni-de-la-primul-incident-feroviar-de-acest-fel\\\/\"]}]},{\"@type\":\"ImageObject\",\"inLanguage\":\"en-GB\",\"@id\":\"https:\\\/\\\/buletin.de\\\/bucuresti\\\/inca-un-tren-trimis-de-impiegat-pe-linia-gresita-in-zona-chitila-la-nici-doua-luni-de-la-primul-incident-feroviar-de-acest-fel\\\/#primaryimage\",\"url\":\"https:\\\/\\\/buletin.de\\\/bucuresti\\\/wp-content\\\/uploads\\\/gara-chitila.png\",\"contentUrl\":\"https:\\\/\\\/buletin.de\\\/bucuresti\\\/wp-content\\\/uploads\\\/gara-chitila.png\",\"width\":1156,\"height\":550,\"caption\":\"\u00cenc\u0103 un tren trimis pe o linie gre\u015fit\u0103 din \u201eeroare uman\u0103\u201d. FOTO: Google Satellite View\"},{\"@type\":\"BreadcrumbList\",\"@id\":\"https:\\\/\\\/buletin.de\\\/bucuresti\\\/inca-un-tren-trimis-de-impiegat-pe-linia-gresita-in-zona-chitila-la-nici-doua-luni-de-la-primul-incident-feroviar-de-acest-fel\\\/#breadcrumb\",\"itemListElement\":[{\"@type\":\"ListItem\",\"position\":1,\"name\":\"Acas\u0103\",\"item\":\"https:\\\/\\\/buletin.de\\\/bucuresti\\\/\"},{\"@type\":\"ListItem\",\"position\":2,\"name\":\"\u00cenc\u0103 un tren trimis de impiegat pe linia gre\u015fit\u0103, \u00een zona Chitila, la nici dou\u0103 luni de la primul incident feroviar de acest fel\"}]},{\"@type\":\"WebSite\",\"@id\":\"https:\\\/\\\/buletin.de\\\/bucuresti\\\/#website\",\"url\":\"https:\\\/\\\/buletin.de\\\/bucuresti\\\/\",\"name\":\"Buletin de Bucure\u0219ti\",\"description\":\"\u0218tiri \u0219i investiga\u021bii esen\u021biale din capital\u0103\",\"publisher\":{\"@id\":\"https:\\\/\\\/buletin.de\\\/bucuresti\\\/#organization\"},\"potentialAction\":[{\"@type\":\"SearchAction\",\"target\":{\"@type\":\"EntryPoint\",\"urlTemplate\":\"https:\\\/\\\/buletin.de\\\/bucuresti\\\/?s={search_term_string}\"},\"query-input\":{\"@type\":\"PropertyValueSpecification\",\"valueRequired\":true,\"valueName\":\"search_term_string\"}}],\"inLanguage\":\"en-GB\"},{\"@type\":\"Organization\",\"@id\":\"https:\\\/\\\/buletin.de\\\/bucuresti\\\/#organization\",\"name\":\"Buletin de Bucure\u0219ti\",\"url\":\"https:\\\/\\\/buletin.de\\\/bucuresti\\\/\",\"logo\":{\"@type\":\"ImageObject\",\"inLanguage\":\"en-GB\",\"@id\":\"https:\\\/\\\/buletin.de\\\/bucuresti\\\/#\\\/schema\\\/logo\\\/image\\\/\",\"url\":\"https:\\\/\\\/buletin.de\\\/bucuresti\\\/wp-content\\\/uploads\\\/logo-bdb-full-wide-vernil-transparent.png\",\"contentUrl\":\"https:\\\/\\\/buletin.de\\\/bucuresti\\\/wp-content\\\/uploads\\\/logo-bdb-full-wide-vernil-transparent.png\",\"width\":1782,\"height\":626,\"caption\":\"Buletin de Bucure\u0219ti\"},\"image\":{\"@id\":\"https:\\\/\\\/buletin.de\\\/bucuresti\\\/#\\\/schema\\\/logo\\\/image\\\/\"},\"sameAs\":[\"https:\\\/\\\/www.facebook.com\\\/buletin.de.buc\",\"https:\\\/\\\/www.instagram.com\\\/buletinde.bucuresti\\\/\"]},{\"@type\":\"Person\",\"@id\":\"https:\\\/\\\/buletin.de\\\/bucuresti\\\/#\\\/schema\\\/person\\\/2bbcf854e5f2419a13804af574d06ab1\",\"name\":\"Redac\u021bia Buletin de Bucure\u0219ti\",\"image\":{\"@type\":\"ImageObject\",\"inLanguage\":\"en-GB\",\"@id\":\"https:\\\/\\\/secure.gravatar.com\\\/avatar\\\/18c5342381ed1a08620e6280424e3e5efc958618f5d67c522c9e44c1bc6f9226?s=96&d=monsterid&r=g60c7cd0ad92c68c049fcd4bb3504d609\",\"url\":\"https:\\\/\\\/secure.gravatar.com\\\/avatar\\\/18c5342381ed1a08620e6280424e3e5efc958618f5d67c522c9e44c1bc6f9226?s=96&d=monsterid&r=g\",\"contentUrl\":\"https:\\\/\\\/secure.gravatar.com\\\/avatar\\\/18c5342381ed1a08620e6280424e3e5efc958618f5d67c522c9e44c1bc6f9226?s=96&d=monsterid&r=g\",\"caption\":\"Redac\u021bia Buletin de Bucure\u0219ti\"},\"description\":\"Buletin de Bucure\u0219ti exist\u0103 din vara anului 2019.\",\"url\":\"https:\\\/\\\/buletin.de\\\/bucuresti\\\/author\\\/adminbuletin\\\/\"}]}<\/script>\n<!-- \/ Yoast SEO Premium plugin. -->","yoast_head_json":{"title":"\u00cenc\u0103 un tren trimis de impiegat pe linia gre\u015fit\u0103, \u00een zona Chitila, la nici dou\u0103 luni de la primul incident feroviar de acest fel - Buletin de Bucure\u0219ti","description":"\u00cenc\u0103 un tren a fost trimis pe linia gre\u015fit\u0103 de un impiegat de mi\u015fcare din sta\u0163ia CF Chitila, scriu jurnali\u015ftii de la clubferoviar.ro","robots":{"index":"index","follow":"follow","max-snippet":"max-snippet:-1","max-image-preview":"max-image-preview:large","max-video-preview":"max-video-preview:-1"},"canonical":"https:\/\/buletin.de\/bucuresti\/inca-un-tren-trimis-de-impiegat-pe-linia-gresita-in-zona-chitila-la-nici-doua-luni-de-la-primul-incident-feroviar-de-acest-fel\/","og_locale":"en_GB","og_type":"article","og_title":"\u00cenc\u0103 un tren trimis de impiegat pe linia gre\u015fit\u0103, \u00een zona Chitila, la nici dou\u0103 luni de la primul incident feroviar de acest fel","og_description":"\u00cenc\u0103 un tren a fost trimis pe linia gre\u015fit\u0103 de un impiegat de mi\u015fcare din sta\u0163ia CF Chitila, scriu jurnali\u015ftii de la clubferoviar.ro","og_url":"https:\/\/buletin.de\/bucuresti\/inca-un-tren-trimis-de-impiegat-pe-linia-gresita-in-zona-chitila-la-nici-doua-luni-de-la-primul-incident-feroviar-de-acest-fel\/","og_site_name":"Buletin de Bucure\u0219ti","article_publisher":"https:\/\/www.facebook.com\/buletin.de.buc","article_published_time":"2024-12-03T10:33:58+00:00","article_modified_time":"2024-12-03T10:33:59+00:00","og_image":[{"width":1156,"height":550,"url":"https:\/\/buletin.de\/bucuresti\/wp-content\/uploads\/gara-chitila.png","type":"image\/png"}],"author":"Redac\u021bia Buletin de Bucure\u0219ti","twitter_card":"summary_large_image","twitter_misc":{"Written by":"Redac\u021bia Buletin de Bucure\u0219ti","Estimated reading time":"2 minutes"},"schema":{"@context":"https:\/\/schema.org","@graph":[{"@type":"Article","@id":"https:\/\/buletin.de\/bucuresti\/inca-un-tren-trimis-de-impiegat-pe-linia-gresita-in-zona-chitila-la-nici-doua-luni-de-la-primul-incident-feroviar-de-acest-fel\/#article","isPartOf":{"@id":"https:\/\/buletin.de\/bucuresti\/inca-un-tren-trimis-de-impiegat-pe-linia-gresita-in-zona-chitila-la-nici-doua-luni-de-la-primul-incident-feroviar-de-acest-fel\/"},"author":{"name":"Redac\u021bia Buletin de Bucure\u0219ti","@id":"https:\/\/buletin.de\/bucuresti\/#\/schema\/person\/2bbcf854e5f2419a13804af574d06ab1"},"headline":"\u00cenc\u0103 un tren trimis de impiegat pe linia gre\u015fit\u0103, \u00een zona Chitila, la nici dou\u0103 luni de la primul incident feroviar de acest fel","datePublished":"2024-12-03T10:33:58+00:00","dateModified":"2024-12-03T10:33:59+00:00","mainEntityOfPage":{"@id":"https:\/\/buletin.de\/bucuresti\/inca-un-tren-trimis-de-impiegat-pe-linia-gresita-in-zona-chitila-la-nici-doua-luni-de-la-primul-incident-feroviar-de-acest-fel\/"},"wordCount":372,"publisher":{"@id":"https:\/\/buletin.de\/bucuresti\/#organization"},"image":{"@id":"https:\/\/buletin.de\/bucuresti\/inca-un-tren-trimis-de-impiegat-pe-linia-gresita-in-zona-chitila-la-nici-doua-luni-de-la-primul-incident-feroviar-de-acest-fel\/#primaryimage"},"thumbnailUrl":"https:\/\/buletin.de\/bucuresti\/wp-content\/uploads\/gara-chitila.png","keywords":["agifer","cfr","chitila incident feroviar","gara chitila","pericol linia ferata","tren bagat pe linia gresita","tren calatori","triaj chitila"],"articleSection":["Articole","\u0218tiri","Transport"],"inLanguage":"en-GB","copyrightYear":"2024","copyrightHolder":{"@id":"https:\/\/buletin.de\/bucuresti\/#organization"}},{"@type":"WebPage","@id":"https:\/\/buletin.de\/bucuresti\/inca-un-tren-trimis-de-impiegat-pe-linia-gresita-in-zona-chitila-la-nici-doua-luni-de-la-primul-incident-feroviar-de-acest-fel\/","url":"https:\/\/buletin.de\/bucuresti\/inca-un-tren-trimis-de-impiegat-pe-linia-gresita-in-zona-chitila-la-nici-doua-luni-de-la-primul-incident-feroviar-de-acest-fel\/","name":"\u00cenc\u0103 un tren trimis de impiegat pe linia gre\u015fit\u0103, \u00een zona Chitila, la nici dou\u0103 luni de la primul incident feroviar de acest fel - Buletin de Bucure\u0219ti","isPartOf":{"@id":"https:\/\/buletin.de\/bucuresti\/#website"},"primaryImageOfPage":{"@id":"https:\/\/buletin.de\/bucuresti\/inca-un-tren-trimis-de-impiegat-pe-linia-gresita-in-zona-chitila-la-nici-doua-luni-de-la-primul-incident-feroviar-de-acest-fel\/#primaryimage"},"image":{"@id":"https:\/\/buletin.de\/bucuresti\/inca-un-tren-trimis-de-impiegat-pe-linia-gresita-in-zona-chitila-la-nici-doua-luni-de-la-primul-incident-feroviar-de-acest-fel\/#primaryimage"},"thumbnailUrl":"https:\/\/buletin.de\/bucuresti\/wp-content\/uploads\/gara-chitila.png","datePublished":"2024-12-03T10:33:58+00:00","dateModified":"2024-12-03T10:33:59+00:00","description":"\u00cenc\u0103 un tren a fost trimis pe linia gre\u015fit\u0103 de un impiegat de mi\u015fcare din sta\u0163ia CF Chitila, scriu jurnali\u015ftii de la clubferoviar.ro","breadcrumb":{"@id":"https:\/\/buletin.de\/bucuresti\/inca-un-tren-trimis-de-impiegat-pe-linia-gresita-in-zona-chitila-la-nici-doua-luni-de-la-primul-incident-feroviar-de-acest-fel\/#breadcrumb"},"inLanguage":"en-GB","potentialAction":[{"@type":"ReadAction","target":["https:\/\/buletin.de\/bucuresti\/inca-un-tren-trimis-de-impiegat-pe-linia-gresita-in-zona-chitila-la-nici-doua-luni-de-la-primul-incident-feroviar-de-acest-fel\/"]}]},{"@type":"ImageObject","inLanguage":"en-GB","@id":"https:\/\/buletin.de\/bucuresti\/inca-un-tren-trimis-de-impiegat-pe-linia-gresita-in-zona-chitila-la-nici-doua-luni-de-la-primul-incident-feroviar-de-acest-fel\/#primaryimage","url":"https:\/\/buletin.de\/bucuresti\/wp-content\/uploads\/gara-chitila.png","contentUrl":"https:\/\/buletin.de\/bucuresti\/wp-content\/uploads\/gara-chitila.png","width":1156,"height":550,"caption":"\u00cenc\u0103 un tren trimis pe o linie gre\u015fit\u0103 din \u201eeroare uman\u0103\u201d. FOTO: Google Satellite View"},{"@type":"BreadcrumbList","@id":"https:\/\/buletin.de\/bucuresti\/inca-un-tren-trimis-de-impiegat-pe-linia-gresita-in-zona-chitila-la-nici-doua-luni-de-la-primul-incident-feroviar-de-acest-fel\/#breadcrumb","itemListElement":[{"@type":"ListItem","position":1,"name":"Acas\u0103","item":"https:\/\/buletin.de\/bucuresti\/"},{"@type":"ListItem","position":2,"name":"\u00cenc\u0103 un tren trimis de impiegat pe linia gre\u015fit\u0103, \u00een zona Chitila, la nici dou\u0103 luni de la primul incident feroviar de acest fel"}]},{"@type":"WebSite","@id":"https:\/\/buletin.de\/bucuresti\/#website","url":"https:\/\/buletin.de\/bucuresti\/","name":"Buletin de Bucure\u0219ti","description":"\u0218tiri \u0219i investiga\u021bii esen\u021biale din capital\u0103","publisher":{"@id":"https:\/\/buletin.de\/bucuresti\/#organization"},"potentialAction":[{"@type":"SearchAction","target":{"@type":"EntryPoint","urlTemplate":"https:\/\/buletin.de\/bucuresti\/?s={search_term_string}"},"query-input":{"@type":"PropertyValueSpecification","valueRequired":true,"valueName":"search_term_string"}}],"inLanguage":"en-GB"},{"@type":"Organization","@id":"https:\/\/buletin.de\/bucuresti\/#organization","name":"Buletin de Bucure\u0219ti","url":"https:\/\/buletin.de\/bucuresti\/","logo":{"@type":"ImageObject","inLanguage":"en-GB","@id":"https:\/\/buletin.de\/bucuresti\/#\/schema\/logo\/image\/","url":"https:\/\/buletin.de\/bucuresti\/wp-content\/uploads\/logo-bdb-full-wide-vernil-transparent.png","contentUrl":"https:\/\/buletin.de\/bucuresti\/wp-content\/uploads\/logo-bdb-full-wide-vernil-transparent.png","width":1782,"height":626,"caption":"Buletin de Bucure\u0219ti"},"image":{"@id":"https:\/\/buletin.de\/bucuresti\/#\/schema\/logo\/image\/"},"sameAs":["https:\/\/www.facebook.com\/buletin.de.buc","https:\/\/www.instagram.com\/buletinde.bucuresti\/"]},{"@type":"Person","@id":"https:\/\/buletin.de\/bucuresti\/#\/schema\/person\/2bbcf854e5f2419a13804af574d06ab1","name":"Redac\u021bia Buletin de Bucure\u0219ti","image":{"@type":"ImageObject","inLanguage":"en-GB","@id":"https:\/\/secure.gravatar.com\/avatar\/18c5342381ed1a08620e6280424e3e5efc958618f5d67c522c9e44c1bc6f9226?s=96&d=monsterid&r=g60c7cd0ad92c68c049fcd4bb3504d609","url":"https:\/\/secure.gravatar.com\/avatar\/18c5342381ed1a08620e6280424e3e5efc958618f5d67c522c9e44c1bc6f9226?s=96&d=monsterid&r=g","contentUrl":"https:\/\/secure.gravatar.com\/avatar\/18c5342381ed1a08620e6280424e3e5efc958618f5d67c522c9e44c1bc6f9226?s=96&d=monsterid&r=g","caption":"Redac\u021bia Buletin de Bucure\u0219ti"},"description":"Buletin de Bucure\u0219ti exist\u0103 din vara anului 2019.","url":"https:\/\/buletin.de\/bucuresti\/author\/adminbuletin\/"}]}},"authors":[{"term_id":22583,"user_id":1,"is_guest":0,"slug":"adminbuletin","display_name":"Redac\u021bia Buletin de Bucure\u0219ti","avatar_url":"https:\/\/secure.gravatar.com\/avatar\/18c5342381ed1a08620e6280424e3e5efc958618f5d67c522c9e44c1bc6f9226?s=96&d=monsterid&r=g","0":null,"1":"","2":"","3":"","4":"","5":"","6":"","7":"","8":""}],"_links":{"self":[{"href":"https:\/\/buletin.de\/bucuresti\/wp-json\/wp\/v2\/posts\/109244","targetHints":{"allow":["GET"]}}],"collection":[{"href":"https:\/\/buletin.de\/bucuresti\/wp-json\/wp\/v2\/posts"}],"about":[{"href":"https:\/\/buletin.de\/bucuresti\/wp-json\/wp\/v2\/types\/post"}],"author":[{"embeddable":true,"href":"https:\/\/buletin.de\/bucuresti\/wp-json\/wp\/v2\/users\/1"}],"replies":[{"embeddable":true,"href":"https:\/\/buletin.de\/bucuresti\/wp-json\/wp\/v2\/comments?post=109244"}],"version-history":[{"count":2,"href":"https:\/\/buletin.de\/bucuresti\/wp-json\/wp\/v2\/posts\/109244\/revisions"}],"predecessor-version":[{"id":109270,"href":"https:\/\/buletin.de\/bucuresti\/wp-json\/wp\/v2\/posts\/109244\/revisions\/109270"}],"wp:featuredmedia":[{"embeddable":true,"href":"https:\/\/buletin.de\/bucuresti\/wp-json\/wp\/v2\/media\/109269"}],"wp:attachment":[{"href":"https:\/\/buletin.de\/bucuresti\/wp-json\/wp\/v2\/media?parent=109244"}],"wp:term":[{"taxonomy":"category","embeddable":true,"href":"https:\/\/buletin.de\/bucuresti\/wp-json\/wp\/v2\/categories?post=109244"},{"taxonomy":"post_tag","embeddable":true,"href":"https:\/\/buletin.de\/bucuresti\/wp-json\/wp\/v2\/tags?post=109244"},{"taxonomy":"author","embeddable":true,"href":"https:\/\/buletin.de\/bucuresti\/wp-json\/wp\/v2\/ppma_author?post=109244"}],"curies":[{"name":"wp","href":"https:\/\/api.w.org\/{rel}","templated":true}]}}