{"id":10908,"date":"2020-08-24T14:04:04","date_gmt":"2020-08-24T11:04:04","guid":{"rendered":"https:\/\/buletin.de\/bucuresti\/?p=10908"},"modified":"2020-08-31T16:53:06","modified_gmt":"2020-08-31T13:53:06","slug":"instanta-a-decis-ca-dorina-lazar-fosta-directoare-a-teatrului-odeon-a-fost-demisa-ilegal-primaria-capitalei-refuza-sa-o-repuna-in-functie","status":"publish","type":"post","link":"https:\/\/buletin.de\/bucuresti\/instanta-a-decis-ca-dorina-lazar-fosta-directoare-a-teatrului-odeon-a-fost-demisa-ilegal-primaria-capitalei-refuza-sa-o-repuna-in-functie\/","title":{"rendered":"Instan\u021ba a decis c\u0103 Dorina Laz\u0103r, fosta directoare a Teatrului Odeon, a fost demis\u0103 ilegal. Prim\u0103ria Capitalei refuz\u0103 s\u0103 o repun\u0103 \u00een func\u021bie"},"content":{"rendered":"\n<p><strong>Fosta directoare a Teatrului Odeon a c\u00e2\u0219tigat procesul cu Gabriela Firea dup\u0103 ce primarul a demis-o pe nedrept \u00een 2017. Instan\u021ba a decis ca Dorina Laz\u0103r s\u0103 fie repus\u0103 \u00een func\u021bie, s\u0103 i se pl\u0103teasc\u0103 drepturilor salariale pentru perioada de suspendare \u0219i 1 leu daune morale, a\u0219a cum a cerut actri\u021ba simbolic. De\u0219i au trecut mai bine de dou\u0103 luni de c\u00e2nd s-a pronun\u021bat hot\u0103r\u00e2rea definitiv\u0103, Prim\u0103ria Capitalei ignor\u0103 hot\u0103r\u00e2rea \u0219i refuz\u0103 s\u0103 o pun\u0103 \u00een aplicare. <\/strong><\/p>\n\n\n\n<p>\u201e<em>Am r\u0103mas consecvent\u0103 \u0219i credincioas\u0103 acestui teatru pe care \u00eel iubesc \u0219i \u00een care am crescut, am \u00eemb\u0103tr\u00e2nit<\/em>\u201d, mi-a spus actri\u021ba Dorina Laz\u0103r care, la 79 de ani, caut\u0103 dreptatea \u0219i se lupt\u0103 cu Primarul General al Capitalei, Gabriela Firea. Dup\u0103 trei ani, lupta a fost c\u00e2\u0219tigat\u0103. Dar doar pe h\u00e2rtie. Prim\u0103ria refuz\u0103 s\u0103 ia cuno\u0219tin\u021b\u0103 de hot\u0103r\u00e2rea judec\u0103toreasc\u0103 \u0219i se comport\u0103 de parc\u0103 nu ar exista. <\/p>\n\n\n\n<p>Dorina Laz\u0103r &#8211; sau\nMaria din <em>Nu ne na\u0219tem to\u021bi la aceea\u0219i v\u00e2rst\u0103<\/em>, sau Veta din <em>O noapte\nFurtunoas\u0103<\/em>, sau mama lui \u0218erban din <em>Liceeni &#8211; &nbsp;<\/em>joac\u0103 pe scenele Bucure\u0219tiului din 1969. Din\n1996 a devenit implicat\u0103 \u00een conducerea Teatrului Odeon ca director artistic,\niar \u00een 2003 a dat concurs pentru pozi\u021bia de director general. A str\u00e2ns laolalt\u0103\no echip\u0103 de actori tineri ori, cum zice ea, \u201e<em>cel mai bun nucleu de actori\ntineri pe care \u00eei are Bucure\u0219tiul<\/em>\u201d, a plecat cu ei \u00een turnee \u0219i a pus\nTeatru Odeon \u00een topul teatrelor din \u021bar\u0103. <\/p>\n\n\n\n<blockquote class=\"wp-block-quote is-layout-flow wp-block-quote-is-layout-flow\"><p>Primul concurs pe care l-am dat, am luat 10. \u021ain minte c\u0103 eram la New York cu Pino Caramitri \u0219i cu Corina \u0218uteu \u0219i Corina a zis: \u201e<em>Uite, Dorina a luat 10 la concurs.<\/em>\u201d \u0218i Pino s-a oprit \u0219i s-a uitat \u0219i-a zis \u201e<em>M\u0103i, eu am auzit c\u0103 numai \u00eengerii iau 10.<\/em>\u201d <\/p><cite>actri\u021ba Dorina Laz\u0103r<\/cite><\/blockquote>\n\n\n\n<p>\u00cen fiecare an, toamna, Dorina Laz\u0103r f\u0103cea un raport de sute de pagini despre activitatea din ultimul an a teatrului, pe care era obligat\u0103 s\u0103 \u00eel dea prim\u0103riei. \u00cen martie era chemat\u0103 \u00een fa\u021ba unei comisii care \u00eei d\u0103dea o not\u0103. An de an a luat peste 9. La fel s-a \u00eent\u00e2mplat \u0219i \u00een anul demiterii. De obicei \u00een maxim o lun\u0103 primarul trimitea un document prin care era reiterat\u0103 pe post. \u00cen 2017, la \u00eenceputul mandatului de 4 ani al Gabrielei Firea, documentul respectiv a venit abia la jum\u0103tatea lui august. A\u0219adar, Firea \u00ee\u0219i d\u0103duse semn\u0103tura pentru ca doamna Laz\u0103r s\u0103 continue \u00een func\u021bia de director al Teatrului Odeon deoarece a trecut de evaluare cu brio. La doar c\u00e2teva zile dup\u0103, viceprimarul Aurelian B\u0103dulescu semneaz\u0103 \u0219i el un document cu numele Dorinei Laz\u0103r; el semneaz\u0103 desfacerea contractului, de\u0219i actri\u021ba mai avea 2 ani \u0219i 3 luni de directorat conform concursului c\u00e2\u0219tigat. <\/p>\n\n\n\n<figure class=\"wp-block-image size-large is-resized\"><img fetchpriority=\"high\" decoding=\"async\" src=\"data:image\/gif;base64,R0lGODlhAQABAAAAACH5BAEKAAEALAAAAAABAAEAAAICTAEAOw==\" data-src=\"https:\/\/buletin.de\/bucuresti\/wp-content\/uploads\/ID76064_INQUAM_Photos_Alexandru_Busca-900x600.jpg\" alt=\"\" class=\"wp-image-10993 lazyload\" width=\"900\" height=\"600\" data-sizes=\"auto\" data-srcset=\"https:\/\/buletin.de\/bucuresti\/wp-content\/uploads\/ID76064_INQUAM_Photos_Alexandru_Busca-900x600.jpg 900w, https:\/\/buletin.de\/bucuresti\/wp-content\/uploads\/ID76064_INQUAM_Photos_Alexandru_Busca-scaled-600x400.jpg 600w, https:\/\/buletin.de\/bucuresti\/wp-content\/uploads\/ID76064_INQUAM_Photos_Alexandru_Busca-300x200.jpg 300w, https:\/\/buletin.de\/bucuresti\/wp-content\/uploads\/ID76064_INQUAM_Photos_Alexandru_Busca-768x512.jpg 768w, https:\/\/buletin.de\/bucuresti\/wp-content\/uploads\/ID76064_INQUAM_Photos_Alexandru_Busca-1536x1024.jpg 1536w, https:\/\/buletin.de\/bucuresti\/wp-content\/uploads\/ID76064_INQUAM_Photos_Alexandru_Busca-2048x1365.jpg 2048w, https:\/\/buletin.de\/bucuresti\/wp-content\/uploads\/ID76064_INQUAM_Photos_Alexandru_Busca-1060x707.jpg 1060w, https:\/\/buletin.de\/bucuresti\/wp-content\/uploads\/ID76064_INQUAM_Photos_Alexandru_Busca-550x367.jpg 550w, https:\/\/buletin.de\/bucuresti\/wp-content\/uploads\/ID76064_INQUAM_Photos_Alexandru_Busca-750x500.jpg 750w, https:\/\/buletin.de\/bucuresti\/wp-content\/uploads\/ID76064_INQUAM_Photos_Alexandru_Busca-1920x1280.jpg 1920w, https:\/\/buletin.de\/bucuresti\/wp-content\/uploads\/ID76064_INQUAM_Photos_Alexandru_Busca-1620x1080.jpg 1620w\" sizes=\"(max-width: 900px) 100vw, 900px\" \/><figcaption>Conferin\u021ba de pres\u0103 organizat\u0103 de UNITER privind demiterea directoarei Teatrului Odeon, la sediul UNITER, vineri, 1 septembrie 2017. Inquam Photos \/ Alexandru Busca<\/figcaption><\/figure>\n\n\n\n<p><\/p>\n\n\n\n<h3 class=\"wp-block-heading\"><strong>Ce s-a \u00eent\u00e2mplat\ndin martie \u0219i p\u00e2n\u0103 \u00een august? Doamna Laz\u0103r, \u00eentr-o ultim\u0103 \u00eencercare de a \u00ee\u0219i\nface dreptate, ne-a spus varianta ei de poveste \u0219i cum a ajuns de la un\ndirector de nota 10 la concediere. <\/strong><\/h3>\n\n\n\n<p>Odat\u0103 cu venirea\nGabrielei Firea la conducerea Capitalei au ap\u0103rut \u0219i multe opinii legate de ea,\npro sau contra. Contabila angajat\u0103 la Teatrul Odeon din subordinea Prim\u0103riei\nBucure\u0219ti f\u0103cea parte din categoria contra. Avea \u00een jur de 60 de ani c\u00e2nd \u0219i-a\nf\u0103cut profil de Facebook \u0219i a \u00eenceput s\u0103 dea comentarii \u0219i s\u0103 distribuie\ncon\u021binut anti PSD \u0219i anti Firea. <\/p>\n\n\n\n<p>Consilierii din\ndirec\u021bia de cultur\u0103 angaja\u021bi de Gabriela Firea au ac\u021bionat. Au chemat-o pe\nDorina Laz\u0103r \u00een birou \u0219i, \u00een cuvintele aproximative pe care \u0219i le aminte\u0219te\nactri\u021ba, i-au spus: \u201e<em>Doamn\u0103, contabila dumneavoastr\u0103 e foarte vehement\u0103.\nN-a\u021bi putea s-o mai potoli\u021bi pu\u021bin?\u201d.<\/em> Directoarea Teatrului Odeon a\nrefuzat.<\/p>\n\n\n\n<blockquote class=\"wp-block-quote is-layout-flow wp-block-quote-is-layout-flow\"><p>E o femeie la 60 de ani. Eu nu m\u0103 apuc s\u0103 bag pumnul \u00een gur\u0103 nim\u0103nui. Nu am nimic ce s\u0103-i repro\u0219ez \u00een materie de profesionalism, nimic, nimic. Am ie\u0219it bine la toate controalele. Ce face ea acas\u0103, ce face ea cu telefonul, asta este treaba ei.<\/p><cite>fosta directoare a Teatrului Odeon, Dorina Laz\u0103r<\/cite><\/blockquote>\n\n\n\n<p>Corpul de Control\ndin cadrul PMB a venit \u00een inspec\u021bie la teatru, dup\u0103 care au chemat-o pe Dorina\nLaz\u0103r \u00een fa\u021ba unei comisii unde i s-a repro\u0219at c\u00e2t de prost a condus Teatrul\nOdeon. \u0218efa cadrelor i-a atras din nou aten\u021bia cu privire la contabila \u201e<em>cam\nstrident\u0103, care vorbe\u0219te, care posteaz\u0103<\/em>\u201d. O lun\u0103 mai t\u00e2rziu un func\u021bionar\npublic a anun\u021bat-o pe doamna Laz\u0103r c\u0103 a fost demis\u0103. <a href=\"https:\/\/recorder.ro\/actrita-dorina-lazar-demisa-de-primaria-capitalei-de-la-teatrul-odeon-hai-sa-mergem-acasa-ca-astia-s-mai-rau-decat-ceilalti\/\">Recorder<\/a>\na surprins-o pe actri\u021b\u0103 la o conferin\u021b\u0103 de pres\u0103 unde a interpretat \u00eentreaga\nscen\u0103.<\/p>\n\n\n\n<figure class=\"wp-block-embed-youtube wp-block-embed is-type-video is-provider-youtube wp-embed-aspect-16-9 wp-has-aspect-ratio\"><div class=\"wp-block-embed__wrapper\">\n<div class=\"jlvid_container\"><iframe title=\"Dorina Laz\u0103r \u201einterpreteaz\u0103\u201c scena demiterii sale de la Teatrul Odeon\" width=\"1200\" height=\"675\" src=\"https:\/\/www.youtube.com\/embed\/lSRERoZTXxk?start=59&#038;feature=oembed\" frameborder=\"0\" allow=\"accelerometer; autoplay; clipboard-write; encrypted-media; gyroscope; picture-in-picture; web-share\" allowfullscreen><\/iframe><\/div>\n<\/div><\/figure>\n\n\n\n<p>La 3 zile dup\u0103, directoarea de personal din PMB \u0219i Cristian \u0218ofron, actor la Teatrul Notarra la momentul respectiv, au intrat \u00een biroul Dorinei Laz\u0103r \u0219i i-au aruncat lucrurile. Cristian \u0218ofron a fost instalat \u00een func\u021bia de director pe care o exercit\u0103 \u0219i ast\u0103zi, de\u0219i judec\u0103toria a hot\u0103r\u00e2t cu mai bine de dou\u0103 luni \u00een urm\u0103 ca doamna Laz\u0103r s\u0103-\u0219i recapete pozi\u021bia. \u00cen 2017, \u00een momentul concedierii, cei din jurul ei i-au spus c\u0103 e un conflict de munc\u0103 care se va rezolva \u00een trei s\u0103pt\u0103m\u00e2ni. \u201e<em>Luna viitoare sunt trei ani. Trei ani. Trei ani \u00een care a\u0219 fi putut s\u0103 fac foarte multe lucruri.<\/em>\u201d<\/p>\n\n\n\n<figure class=\"wp-block-image size-large is-resized\"><img decoding=\"async\" src=\"data:image\/gif;base64,R0lGODlhAQABAAAAACH5BAEKAAEALAAAAAABAAEAAAICTAEAOw==\" data-src=\"https:\/\/buletin.de\/bucuresti\/wp-content\/uploads\/ID67787_INQUAM_Photos_Octav_Ganea-900x600.jpg\" alt=\"\" class=\"wp-image-10994 lazyload\" width=\"900\" height=\"600\" data-sizes=\"auto\" data-srcset=\"https:\/\/buletin.de\/bucuresti\/wp-content\/uploads\/ID67787_INQUAM_Photos_Octav_Ganea-900x600.jpg 900w, https:\/\/buletin.de\/bucuresti\/wp-content\/uploads\/ID67787_INQUAM_Photos_Octav_Ganea-scaled-600x400.jpg 600w, https:\/\/buletin.de\/bucuresti\/wp-content\/uploads\/ID67787_INQUAM_Photos_Octav_Ganea-300x200.jpg 300w, https:\/\/buletin.de\/bucuresti\/wp-content\/uploads\/ID67787_INQUAM_Photos_Octav_Ganea-768x512.jpg 768w, https:\/\/buletin.de\/bucuresti\/wp-content\/uploads\/ID67787_INQUAM_Photos_Octav_Ganea-1536x1024.jpg 1536w, https:\/\/buletin.de\/bucuresti\/wp-content\/uploads\/ID67787_INQUAM_Photos_Octav_Ganea-2048x1365.jpg 2048w, https:\/\/buletin.de\/bucuresti\/wp-content\/uploads\/ID67787_INQUAM_Photos_Octav_Ganea-1060x707.jpg 1060w, https:\/\/buletin.de\/bucuresti\/wp-content\/uploads\/ID67787_INQUAM_Photos_Octav_Ganea-550x367.jpg 550w, https:\/\/buletin.de\/bucuresti\/wp-content\/uploads\/ID67787_INQUAM_Photos_Octav_Ganea-750x500.jpg 750w, https:\/\/buletin.de\/bucuresti\/wp-content\/uploads\/ID67787_INQUAM_Photos_Octav_Ganea-1920x1280.jpg 1920w, https:\/\/buletin.de\/bucuresti\/wp-content\/uploads\/ID67787_INQUAM_Photos_Octav_Ganea-1620x1080.jpg 1620w\" sizes=\"(max-width: 900px) 100vw, 900px\" \/><figcaption> &nbsp;Inquam Photos \/ Octav Ganea <\/figcaption><\/figure>\n\n\n\n<p><\/p>\n\n\n\n<p>\u00cen iunie 2020 un\njudec\u0103tor a demonstrat c\u0103 primarul nu are competen\u021ba legal\u0103 de a dispune\n\u00eencetarea contractului de management, a\u0219a cum era contractul semnat de Dorina\nLaz\u0103r, dec\u00e2t \u00een condi\u021biile \u00een care Comisia Special\u0103 de Evaluare stabile\u0219te o\nevaluare anual\u0103 cu nota sub 7. Ori doamna Laz\u0103r a luat peste 9 \u00een anul \u00een care\na fost demis\u0103. Conform legisla\u021biei \u00een vigoare, \u00een orice alt\u0103 situa\u021bie doar\ninstan\u021ba de judecat\u0103 poate rezilia un astfel de contract. <\/p>\n\n\n\n<p>Chiar dac\u0103 a ac\u021bionat ilegal, Gabriela Firea continu\u0103 s\u0103 ignore \u0219i nu \u00eei ofer\u0103 actri\u021bei cele c\u00e2\u0219tigate \u00een urma acestui proces lung. Am luat leg\u0103tura cu Prim\u0103ria Capitalei, \u00eens\u0103 p\u00e2n\u0103 la momentul public\u0103rii articolului nu ne-au r\u0103spuns la \u00eentreb\u0103ri \u0219i nu ne-au explicat de ce ignor\u0103 hot\u0103t\u00e2rea judec\u0103toreasc\u0103. <\/p>\n\n\n\n<blockquote class=\"wp-block-quote is-layout-flow wp-block-quote-is-layout-flow\"><p>Cu siguran\u021b\u0103 c\u0103 am f\u0103cut \u00een via\u021b\u0103 compromisuri. Dar n-am f\u0103cut compromisuri care s\u0103 aduc\u0103 pat\u0103 asupra institu\u021biei sau s\u0103 fac ceva r\u0103u institu\u021biei ca s\u0103-mi fie mie bine. Pentru nimic \u00een lume! [\u2026] Chiar nu vreau s\u0103 fiu obiectul unei nedrept\u0103\u021bi. M\u0103car s\u0103 se \u0219tie c\u0103 am c\u00e2\u0219tigat.<\/p><cite>Dorina Laz\u0103r<\/cite><\/blockquote>\n\n\n\n<p><\/p>\n\n\n\n<p>Surse fotografii cover: www.teatru-odeon.ro<\/p>\n","protected":false},"excerpt":{"rendered":"<p>Fosta directoare a Teatrului Odeon a c\u00e2\u0219tigat procesul cu Gabriela Firea dup\u0103 ce primarul a demis-o pe nedrept \u00een 2017. Instan\u021ba a decis ca Dorina Laz\u0103r s\u0103 fie repus\u0103 \u00een func\u021bie, s\u0103 i se pl\u0103teasc\u0103 drepturilor salariale pentru perioada de suspendare \u0219i 1 leu daune morale, a\u0219a cum a cerut actri\u021ba simbolic. De\u0219i au trecut [&hellip;]<\/p>\n","protected":false},"author":6,"featured_media":10909,"comment_status":"closed","ping_status":"open","sticky":false,"template":"","format":"standard","meta":{"_acf_changed":false,"inline_featured_image":false,"ngg_post_thumbnail":0,"footnotes":""},"categories":[81,24,62],"tags":[1484,36,276,1485],"ppma_author":[22588],"class_list":["post-10908","post","type-post","status-publish","format-standard","has-post-thumbnail","hentry","category-cultura","category-primarie","category-stiri","tag-dorina-lazar","tag-gabriela-firea","tag-primaria-bucuresti","tag-teatru-odeon"],"acf":[],"yoast_head":"<!-- This site is optimized with the Yoast SEO Premium plugin v25.3 (Yoast SEO v27.4) - https:\/\/yoast.com\/product\/yoast-seo-premium-wordpress\/ -->\n<title>Instan\u021ba a decis c\u0103 Dorina Laz\u0103r, fosta directoare a Teatrului Odeon, a fost demis\u0103 ilegal. Prim\u0103ria Capitalei refuz\u0103 s\u0103 o repun\u0103 \u00een func\u021bie - Buletin de Bucure\u0219ti<\/title>\n<meta name=\"robots\" content=\"index, follow, max-snippet:-1, max-image-preview:large, max-video-preview:-1\" \/>\n<link rel=\"canonical\" href=\"https:\/\/buletin.de\/bucuresti\/instanta-a-decis-ca-dorina-lazar-fosta-directoare-a-teatrului-odeon-a-fost-demisa-ilegal-primaria-capitalei-refuza-sa-o-repuna-in-functie\/\" \/>\n<meta property=\"og:locale\" content=\"en_GB\" \/>\n<meta property=\"og:type\" content=\"article\" \/>\n<meta property=\"og:title\" content=\"Instan\u021ba a decis c\u0103 Dorina Laz\u0103r, fosta directoare a Teatrului Odeon, a fost demis\u0103 ilegal. Prim\u0103ria Capitalei refuz\u0103 s\u0103 o repun\u0103 \u00een func\u021bie\" \/>\n<meta property=\"og:description\" content=\"Fosta directoare a Teatrului Odeon a c\u00e2\u0219tigat procesul cu Gabriela Firea dup\u0103 ce primarul a demis-o pe nedrept \u00een 2017. Instan\u021ba a decis ca Dorina Laz\u0103r s\u0103 fie repus\u0103 \u00een func\u021bie, s\u0103 i se pl\u0103teasc\u0103 drepturilor salariale pentru perioada de suspendare \u0219i 1 leu daune morale, a\u0219a cum a cerut actri\u021ba simbolic. De\u0219i au trecut [&hellip;]\" \/>\n<meta property=\"og:url\" content=\"https:\/\/buletin.de\/bucuresti\/instanta-a-decis-ca-dorina-lazar-fosta-directoare-a-teatrului-odeon-a-fost-demisa-ilegal-primaria-capitalei-refuza-sa-o-repuna-in-functie\/\" \/>\n<meta property=\"og:site_name\" content=\"Buletin de Bucure\u0219ti\" \/>\n<meta property=\"article:publisher\" content=\"https:\/\/www.facebook.com\/buletin.de.buc\" \/>\n<meta property=\"article:published_time\" content=\"2020-08-24T11:04:04+00:00\" \/>\n<meta property=\"article:modified_time\" content=\"2020-08-31T13:53:06+00:00\" \/>\n<meta property=\"og:image\" content=\"https:\/\/buletin.de\/bucuresti\/wp-content\/uploads\/BeFunky-collage-1-5-900x484.png\" \/>\n\t<meta property=\"og:image:width\" content=\"900\" \/>\n\t<meta property=\"og:image:height\" content=\"484\" \/>\n\t<meta property=\"og:image:type\" content=\"image\/png\" \/>\n<meta name=\"author\" content=\"Bianca Albu\" \/>\n<meta name=\"twitter:card\" content=\"summary_large_image\" \/>\n<meta name=\"twitter:label1\" content=\"Written by\" \/>\n\t<meta name=\"twitter:data1\" content=\"Bianca Albu\" \/>\n\t<meta name=\"twitter:label2\" content=\"Estimated reading time\" \/>\n\t<meta name=\"twitter:data2\" content=\"6 minutes\" \/>\n<script type=\"application\/ld+json\" class=\"yoast-schema-graph\">{\"@context\":\"https:\\\/\\\/schema.org\",\"@graph\":[{\"@type\":\"Article\",\"@id\":\"https:\\\/\\\/buletin.de\\\/bucuresti\\\/instanta-a-decis-ca-dorina-lazar-fosta-directoare-a-teatrului-odeon-a-fost-demisa-ilegal-primaria-capitalei-refuza-sa-o-repuna-in-functie\\\/#article\",\"isPartOf\":{\"@id\":\"https:\\\/\\\/buletin.de\\\/bucuresti\\\/instanta-a-decis-ca-dorina-lazar-fosta-directoare-a-teatrului-odeon-a-fost-demisa-ilegal-primaria-capitalei-refuza-sa-o-repuna-in-functie\\\/\"},\"author\":{\"name\":\"Bianca Albu\",\"@id\":\"https:\\\/\\\/buletin.de\\\/bucuresti\\\/#\\\/schema\\\/person\\\/295dc2228d2dc79294d636619468dc7f\"},\"headline\":\"Instan\u021ba a decis c\u0103 Dorina Laz\u0103r, fosta directoare a Teatrului Odeon, a fost demis\u0103 ilegal. Prim\u0103ria Capitalei refuz\u0103 s\u0103 o repun\u0103 \u00een func\u021bie\",\"datePublished\":\"2020-08-24T11:04:04+00:00\",\"dateModified\":\"2020-08-31T13:53:06+00:00\",\"mainEntityOfPage\":{\"@id\":\"https:\\\/\\\/buletin.de\\\/bucuresti\\\/instanta-a-decis-ca-dorina-lazar-fosta-directoare-a-teatrului-odeon-a-fost-demisa-ilegal-primaria-capitalei-refuza-sa-o-repuna-in-functie\\\/\"},\"wordCount\":1200,\"publisher\":{\"@id\":\"https:\\\/\\\/buletin.de\\\/bucuresti\\\/#organization\"},\"image\":{\"@id\":\"https:\\\/\\\/buletin.de\\\/bucuresti\\\/instanta-a-decis-ca-dorina-lazar-fosta-directoare-a-teatrului-odeon-a-fost-demisa-ilegal-primaria-capitalei-refuza-sa-o-repuna-in-functie\\\/#primaryimage\"},\"thumbnailUrl\":\"https:\\\/\\\/buletin.de\\\/bucuresti\\\/wp-content\\\/uploads\\\/BeFunky-collage-1-5.png\",\"keywords\":[\"dorina lazar\",\"gabriela firea\",\"primaria bucuresti\",\"teatru odeon\"],\"articleSection\":[\"Cultur\u0103\",\"Prim\u0103rie\",\"\u0218tiri\"],\"inLanguage\":\"en-GB\",\"copyrightYear\":\"2020\",\"copyrightHolder\":{\"@id\":\"https:\\\/\\\/buletin.de\\\/bucuresti\\\/#organization\"}},{\"@type\":\"WebPage\",\"@id\":\"https:\\\/\\\/buletin.de\\\/bucuresti\\\/instanta-a-decis-ca-dorina-lazar-fosta-directoare-a-teatrului-odeon-a-fost-demisa-ilegal-primaria-capitalei-refuza-sa-o-repuna-in-functie\\\/\",\"url\":\"https:\\\/\\\/buletin.de\\\/bucuresti\\\/instanta-a-decis-ca-dorina-lazar-fosta-directoare-a-teatrului-odeon-a-fost-demisa-ilegal-primaria-capitalei-refuza-sa-o-repuna-in-functie\\\/\",\"name\":\"Instan\u021ba a decis c\u0103 Dorina Laz\u0103r, fosta directoare a Teatrului Odeon, a fost demis\u0103 ilegal. Prim\u0103ria Capitalei refuz\u0103 s\u0103 o repun\u0103 \u00een func\u021bie - Buletin de Bucure\u0219ti\",\"isPartOf\":{\"@id\":\"https:\\\/\\\/buletin.de\\\/bucuresti\\\/#website\"},\"primaryImageOfPage\":{\"@id\":\"https:\\\/\\\/buletin.de\\\/bucuresti\\\/instanta-a-decis-ca-dorina-lazar-fosta-directoare-a-teatrului-odeon-a-fost-demisa-ilegal-primaria-capitalei-refuza-sa-o-repuna-in-functie\\\/#primaryimage\"},\"image\":{\"@id\":\"https:\\\/\\\/buletin.de\\\/bucuresti\\\/instanta-a-decis-ca-dorina-lazar-fosta-directoare-a-teatrului-odeon-a-fost-demisa-ilegal-primaria-capitalei-refuza-sa-o-repuna-in-functie\\\/#primaryimage\"},\"thumbnailUrl\":\"https:\\\/\\\/buletin.de\\\/bucuresti\\\/wp-content\\\/uploads\\\/BeFunky-collage-1-5.png\",\"datePublished\":\"2020-08-24T11:04:04+00:00\",\"dateModified\":\"2020-08-31T13:53:06+00:00\",\"breadcrumb\":{\"@id\":\"https:\\\/\\\/buletin.de\\\/bucuresti\\\/instanta-a-decis-ca-dorina-lazar-fosta-directoare-a-teatrului-odeon-a-fost-demisa-ilegal-primaria-capitalei-refuza-sa-o-repuna-in-functie\\\/#breadcrumb\"},\"inLanguage\":\"en-GB\",\"potentialAction\":[{\"@type\":\"ReadAction\",\"target\":[\"https:\\\/\\\/buletin.de\\\/bucuresti\\\/instanta-a-decis-ca-dorina-lazar-fosta-directoare-a-teatrului-odeon-a-fost-demisa-ilegal-primaria-capitalei-refuza-sa-o-repuna-in-functie\\\/\"]}]},{\"@type\":\"ImageObject\",\"inLanguage\":\"en-GB\",\"@id\":\"https:\\\/\\\/buletin.de\\\/bucuresti\\\/instanta-a-decis-ca-dorina-lazar-fosta-directoare-a-teatrului-odeon-a-fost-demisa-ilegal-primaria-capitalei-refuza-sa-o-repuna-in-functie\\\/#primaryimage\",\"url\":\"https:\\\/\\\/buletin.de\\\/bucuresti\\\/wp-content\\\/uploads\\\/BeFunky-collage-1-5.png\",\"contentUrl\":\"https:\\\/\\\/buletin.de\\\/bucuresti\\\/wp-content\\\/uploads\\\/BeFunky-collage-1-5.png\",\"width\":3264,\"height\":1757},{\"@type\":\"BreadcrumbList\",\"@id\":\"https:\\\/\\\/buletin.de\\\/bucuresti\\\/instanta-a-decis-ca-dorina-lazar-fosta-directoare-a-teatrului-odeon-a-fost-demisa-ilegal-primaria-capitalei-refuza-sa-o-repuna-in-functie\\\/#breadcrumb\",\"itemListElement\":[{\"@type\":\"ListItem\",\"position\":1,\"name\":\"Acas\u0103\",\"item\":\"https:\\\/\\\/buletin.de\\\/bucuresti\\\/\"},{\"@type\":\"ListItem\",\"position\":2,\"name\":\"Instan\u021ba a decis c\u0103 Dorina Laz\u0103r, fosta directoare a Teatrului Odeon, a fost demis\u0103 ilegal. Prim\u0103ria Capitalei refuz\u0103 s\u0103 o repun\u0103 \u00een func\u021bie\"}]},{\"@type\":\"WebSite\",\"@id\":\"https:\\\/\\\/buletin.de\\\/bucuresti\\\/#website\",\"url\":\"https:\\\/\\\/buletin.de\\\/bucuresti\\\/\",\"name\":\"Buletin de Bucure\u0219ti\",\"description\":\"\u0218tiri \u0219i investiga\u021bii esen\u021biale din capital\u0103\",\"publisher\":{\"@id\":\"https:\\\/\\\/buletin.de\\\/bucuresti\\\/#organization\"},\"potentialAction\":[{\"@type\":\"SearchAction\",\"target\":{\"@type\":\"EntryPoint\",\"urlTemplate\":\"https:\\\/\\\/buletin.de\\\/bucuresti\\\/?s={search_term_string}\"},\"query-input\":{\"@type\":\"PropertyValueSpecification\",\"valueRequired\":true,\"valueName\":\"search_term_string\"}}],\"inLanguage\":\"en-GB\"},{\"@type\":\"Organization\",\"@id\":\"https:\\\/\\\/buletin.de\\\/bucuresti\\\/#organization\",\"name\":\"Buletin de Bucure\u0219ti\",\"url\":\"https:\\\/\\\/buletin.de\\\/bucuresti\\\/\",\"logo\":{\"@type\":\"ImageObject\",\"inLanguage\":\"en-GB\",\"@id\":\"https:\\\/\\\/buletin.de\\\/bucuresti\\\/#\\\/schema\\\/logo\\\/image\\\/\",\"url\":\"https:\\\/\\\/buletin.de\\\/bucuresti\\\/wp-content\\\/uploads\\\/logo-bdb-full-wide-vernil-transparent.png\",\"contentUrl\":\"https:\\\/\\\/buletin.de\\\/bucuresti\\\/wp-content\\\/uploads\\\/logo-bdb-full-wide-vernil-transparent.png\",\"width\":1782,\"height\":626,\"caption\":\"Buletin de Bucure\u0219ti\"},\"image\":{\"@id\":\"https:\\\/\\\/buletin.de\\\/bucuresti\\\/#\\\/schema\\\/logo\\\/image\\\/\"},\"sameAs\":[\"https:\\\/\\\/www.facebook.com\\\/buletin.de.buc\",\"https:\\\/\\\/www.instagram.com\\\/buletinde.bucuresti\\\/\"]},{\"@type\":\"Person\",\"@id\":\"https:\\\/\\\/buletin.de\\\/bucuresti\\\/#\\\/schema\\\/person\\\/295dc2228d2dc79294d636619468dc7f\",\"name\":\"Bianca Albu\",\"image\":{\"@type\":\"ImageObject\",\"inLanguage\":\"en-GB\",\"@id\":\"https:\\\/\\\/secure.gravatar.com\\\/avatar\\\/3df2e34e20f529e6fd7be4311ee1f7c4ec4aa886971590baf6fa214b15743516?s=96&d=monsterid&r=gf541c715eeec409ce8101252a3c0d8a7\",\"url\":\"https:\\\/\\\/secure.gravatar.com\\\/avatar\\\/3df2e34e20f529e6fd7be4311ee1f7c4ec4aa886971590baf6fa214b15743516?s=96&d=monsterid&r=g\",\"contentUrl\":\"https:\\\/\\\/secure.gravatar.com\\\/avatar\\\/3df2e34e20f529e6fd7be4311ee1f7c4ec4aa886971590baf6fa214b15743516?s=96&d=monsterid&r=g\",\"caption\":\"Bianca Albu\"},\"description\":\"Reporter\",\"url\":\"https:\\\/\\\/buletin.de\\\/bucuresti\\\/author\\\/biancaalbu\\\/\"}]}<\/script>\n<!-- \/ Yoast SEO Premium plugin. -->","yoast_head_json":{"title":"Instan\u021ba a decis c\u0103 Dorina Laz\u0103r, fosta directoare a Teatrului Odeon, a fost demis\u0103 ilegal. Prim\u0103ria Capitalei refuz\u0103 s\u0103 o repun\u0103 \u00een func\u021bie - Buletin de Bucure\u0219ti","robots":{"index":"index","follow":"follow","max-snippet":"max-snippet:-1","max-image-preview":"max-image-preview:large","max-video-preview":"max-video-preview:-1"},"canonical":"https:\/\/buletin.de\/bucuresti\/instanta-a-decis-ca-dorina-lazar-fosta-directoare-a-teatrului-odeon-a-fost-demisa-ilegal-primaria-capitalei-refuza-sa-o-repuna-in-functie\/","og_locale":"en_GB","og_type":"article","og_title":"Instan\u021ba a decis c\u0103 Dorina Laz\u0103r, fosta directoare a Teatrului Odeon, a fost demis\u0103 ilegal. Prim\u0103ria Capitalei refuz\u0103 s\u0103 o repun\u0103 \u00een func\u021bie","og_description":"Fosta directoare a Teatrului Odeon a c\u00e2\u0219tigat procesul cu Gabriela Firea dup\u0103 ce primarul a demis-o pe nedrept \u00een 2017. Instan\u021ba a decis ca Dorina Laz\u0103r s\u0103 fie repus\u0103 \u00een func\u021bie, s\u0103 i se pl\u0103teasc\u0103 drepturilor salariale pentru perioada de suspendare \u0219i 1 leu daune morale, a\u0219a cum a cerut actri\u021ba simbolic. De\u0219i au trecut [&hellip;]","og_url":"https:\/\/buletin.de\/bucuresti\/instanta-a-decis-ca-dorina-lazar-fosta-directoare-a-teatrului-odeon-a-fost-demisa-ilegal-primaria-capitalei-refuza-sa-o-repuna-in-functie\/","og_site_name":"Buletin de Bucure\u0219ti","article_publisher":"https:\/\/www.facebook.com\/buletin.de.buc","article_published_time":"2020-08-24T11:04:04+00:00","article_modified_time":"2020-08-31T13:53:06+00:00","og_image":[{"width":900,"height":484,"url":"https:\/\/buletin.de\/bucuresti\/wp-content\/uploads\/BeFunky-collage-1-5-900x484.png","type":"image\/png"}],"author":"Bianca Albu","twitter_card":"summary_large_image","twitter_misc":{"Written by":"Bianca Albu","Estimated reading time":"6 minutes"},"schema":{"@context":"https:\/\/schema.org","@graph":[{"@type":"Article","@id":"https:\/\/buletin.de\/bucuresti\/instanta-a-decis-ca-dorina-lazar-fosta-directoare-a-teatrului-odeon-a-fost-demisa-ilegal-primaria-capitalei-refuza-sa-o-repuna-in-functie\/#article","isPartOf":{"@id":"https:\/\/buletin.de\/bucuresti\/instanta-a-decis-ca-dorina-lazar-fosta-directoare-a-teatrului-odeon-a-fost-demisa-ilegal-primaria-capitalei-refuza-sa-o-repuna-in-functie\/"},"author":{"name":"Bianca Albu","@id":"https:\/\/buletin.de\/bucuresti\/#\/schema\/person\/295dc2228d2dc79294d636619468dc7f"},"headline":"Instan\u021ba a decis c\u0103 Dorina Laz\u0103r, fosta directoare a Teatrului Odeon, a fost demis\u0103 ilegal. Prim\u0103ria Capitalei refuz\u0103 s\u0103 o repun\u0103 \u00een func\u021bie","datePublished":"2020-08-24T11:04:04+00:00","dateModified":"2020-08-31T13:53:06+00:00","mainEntityOfPage":{"@id":"https:\/\/buletin.de\/bucuresti\/instanta-a-decis-ca-dorina-lazar-fosta-directoare-a-teatrului-odeon-a-fost-demisa-ilegal-primaria-capitalei-refuza-sa-o-repuna-in-functie\/"},"wordCount":1200,"publisher":{"@id":"https:\/\/buletin.de\/bucuresti\/#organization"},"image":{"@id":"https:\/\/buletin.de\/bucuresti\/instanta-a-decis-ca-dorina-lazar-fosta-directoare-a-teatrului-odeon-a-fost-demisa-ilegal-primaria-capitalei-refuza-sa-o-repuna-in-functie\/#primaryimage"},"thumbnailUrl":"https:\/\/buletin.de\/bucuresti\/wp-content\/uploads\/BeFunky-collage-1-5.png","keywords":["dorina lazar","gabriela firea","primaria bucuresti","teatru odeon"],"articleSection":["Cultur\u0103","Prim\u0103rie","\u0218tiri"],"inLanguage":"en-GB","copyrightYear":"2020","copyrightHolder":{"@id":"https:\/\/buletin.de\/bucuresti\/#organization"}},{"@type":"WebPage","@id":"https:\/\/buletin.de\/bucuresti\/instanta-a-decis-ca-dorina-lazar-fosta-directoare-a-teatrului-odeon-a-fost-demisa-ilegal-primaria-capitalei-refuza-sa-o-repuna-in-functie\/","url":"https:\/\/buletin.de\/bucuresti\/instanta-a-decis-ca-dorina-lazar-fosta-directoare-a-teatrului-odeon-a-fost-demisa-ilegal-primaria-capitalei-refuza-sa-o-repuna-in-functie\/","name":"Instan\u021ba a decis c\u0103 Dorina Laz\u0103r, fosta directoare a Teatrului Odeon, a fost demis\u0103 ilegal. Prim\u0103ria Capitalei refuz\u0103 s\u0103 o repun\u0103 \u00een func\u021bie - Buletin de Bucure\u0219ti","isPartOf":{"@id":"https:\/\/buletin.de\/bucuresti\/#website"},"primaryImageOfPage":{"@id":"https:\/\/buletin.de\/bucuresti\/instanta-a-decis-ca-dorina-lazar-fosta-directoare-a-teatrului-odeon-a-fost-demisa-ilegal-primaria-capitalei-refuza-sa-o-repuna-in-functie\/#primaryimage"},"image":{"@id":"https:\/\/buletin.de\/bucuresti\/instanta-a-decis-ca-dorina-lazar-fosta-directoare-a-teatrului-odeon-a-fost-demisa-ilegal-primaria-capitalei-refuza-sa-o-repuna-in-functie\/#primaryimage"},"thumbnailUrl":"https:\/\/buletin.de\/bucuresti\/wp-content\/uploads\/BeFunky-collage-1-5.png","datePublished":"2020-08-24T11:04:04+00:00","dateModified":"2020-08-31T13:53:06+00:00","breadcrumb":{"@id":"https:\/\/buletin.de\/bucuresti\/instanta-a-decis-ca-dorina-lazar-fosta-directoare-a-teatrului-odeon-a-fost-demisa-ilegal-primaria-capitalei-refuza-sa-o-repuna-in-functie\/#breadcrumb"},"inLanguage":"en-GB","potentialAction":[{"@type":"ReadAction","target":["https:\/\/buletin.de\/bucuresti\/instanta-a-decis-ca-dorina-lazar-fosta-directoare-a-teatrului-odeon-a-fost-demisa-ilegal-primaria-capitalei-refuza-sa-o-repuna-in-functie\/"]}]},{"@type":"ImageObject","inLanguage":"en-GB","@id":"https:\/\/buletin.de\/bucuresti\/instanta-a-decis-ca-dorina-lazar-fosta-directoare-a-teatrului-odeon-a-fost-demisa-ilegal-primaria-capitalei-refuza-sa-o-repuna-in-functie\/#primaryimage","url":"https:\/\/buletin.de\/bucuresti\/wp-content\/uploads\/BeFunky-collage-1-5.png","contentUrl":"https:\/\/buletin.de\/bucuresti\/wp-content\/uploads\/BeFunky-collage-1-5.png","width":3264,"height":1757},{"@type":"BreadcrumbList","@id":"https:\/\/buletin.de\/bucuresti\/instanta-a-decis-ca-dorina-lazar-fosta-directoare-a-teatrului-odeon-a-fost-demisa-ilegal-primaria-capitalei-refuza-sa-o-repuna-in-functie\/#breadcrumb","itemListElement":[{"@type":"ListItem","position":1,"name":"Acas\u0103","item":"https:\/\/buletin.de\/bucuresti\/"},{"@type":"ListItem","position":2,"name":"Instan\u021ba a decis c\u0103 Dorina Laz\u0103r, fosta directoare a Teatrului Odeon, a fost demis\u0103 ilegal. Prim\u0103ria Capitalei refuz\u0103 s\u0103 o repun\u0103 \u00een func\u021bie"}]},{"@type":"WebSite","@id":"https:\/\/buletin.de\/bucuresti\/#website","url":"https:\/\/buletin.de\/bucuresti\/","name":"Buletin de Bucure\u0219ti","description":"\u0218tiri \u0219i investiga\u021bii esen\u021biale din capital\u0103","publisher":{"@id":"https:\/\/buletin.de\/bucuresti\/#organization"},"potentialAction":[{"@type":"SearchAction","target":{"@type":"EntryPoint","urlTemplate":"https:\/\/buletin.de\/bucuresti\/?s={search_term_string}"},"query-input":{"@type":"PropertyValueSpecification","valueRequired":true,"valueName":"search_term_string"}}],"inLanguage":"en-GB"},{"@type":"Organization","@id":"https:\/\/buletin.de\/bucuresti\/#organization","name":"Buletin de Bucure\u0219ti","url":"https:\/\/buletin.de\/bucuresti\/","logo":{"@type":"ImageObject","inLanguage":"en-GB","@id":"https:\/\/buletin.de\/bucuresti\/#\/schema\/logo\/image\/","url":"https:\/\/buletin.de\/bucuresti\/wp-content\/uploads\/logo-bdb-full-wide-vernil-transparent.png","contentUrl":"https:\/\/buletin.de\/bucuresti\/wp-content\/uploads\/logo-bdb-full-wide-vernil-transparent.png","width":1782,"height":626,"caption":"Buletin de Bucure\u0219ti"},"image":{"@id":"https:\/\/buletin.de\/bucuresti\/#\/schema\/logo\/image\/"},"sameAs":["https:\/\/www.facebook.com\/buletin.de.buc","https:\/\/www.instagram.com\/buletinde.bucuresti\/"]},{"@type":"Person","@id":"https:\/\/buletin.de\/bucuresti\/#\/schema\/person\/295dc2228d2dc79294d636619468dc7f","name":"Bianca Albu","image":{"@type":"ImageObject","inLanguage":"en-GB","@id":"https:\/\/secure.gravatar.com\/avatar\/3df2e34e20f529e6fd7be4311ee1f7c4ec4aa886971590baf6fa214b15743516?s=96&d=monsterid&r=gf541c715eeec409ce8101252a3c0d8a7","url":"https:\/\/secure.gravatar.com\/avatar\/3df2e34e20f529e6fd7be4311ee1f7c4ec4aa886971590baf6fa214b15743516?s=96&d=monsterid&r=g","contentUrl":"https:\/\/secure.gravatar.com\/avatar\/3df2e34e20f529e6fd7be4311ee1f7c4ec4aa886971590baf6fa214b15743516?s=96&d=monsterid&r=g","caption":"Bianca Albu"},"description":"Reporter","url":"https:\/\/buletin.de\/bucuresti\/author\/biancaalbu\/"}]}},"authors":[{"term_id":22588,"user_id":6,"is_guest":0,"slug":"biancaalbu","display_name":"Bianca Albu","avatar_url":"https:\/\/secure.gravatar.com\/avatar\/3df2e34e20f529e6fd7be4311ee1f7c4ec4aa886971590baf6fa214b15743516?s=96&d=monsterid&r=g","0":null,"1":"","2":"","3":"","4":"","5":"","6":"","7":"","8":""}],"_links":{"self":[{"href":"https:\/\/buletin.de\/bucuresti\/wp-json\/wp\/v2\/posts\/10908","targetHints":{"allow":["GET"]}}],"collection":[{"href":"https:\/\/buletin.de\/bucuresti\/wp-json\/wp\/v2\/posts"}],"about":[{"href":"https:\/\/buletin.de\/bucuresti\/wp-json\/wp\/v2\/types\/post"}],"author":[{"embeddable":true,"href":"https:\/\/buletin.de\/bucuresti\/wp-json\/wp\/v2\/users\/6"}],"replies":[{"embeddable":true,"href":"https:\/\/buletin.de\/bucuresti\/wp-json\/wp\/v2\/comments?post=10908"}],"version-history":[{"count":12,"href":"https:\/\/buletin.de\/bucuresti\/wp-json\/wp\/v2\/posts\/10908\/revisions"}],"predecessor-version":[{"id":11381,"href":"https:\/\/buletin.de\/bucuresti\/wp-json\/wp\/v2\/posts\/10908\/revisions\/11381"}],"wp:featuredmedia":[{"embeddable":true,"href":"https:\/\/buletin.de\/bucuresti\/wp-json\/wp\/v2\/media\/10909"}],"wp:attachment":[{"href":"https:\/\/buletin.de\/bucuresti\/wp-json\/wp\/v2\/media?parent=10908"}],"wp:term":[{"taxonomy":"category","embeddable":true,"href":"https:\/\/buletin.de\/bucuresti\/wp-json\/wp\/v2\/categories?post=10908"},{"taxonomy":"post_tag","embeddable":true,"href":"https:\/\/buletin.de\/bucuresti\/wp-json\/wp\/v2\/tags?post=10908"},{"taxonomy":"author","embeddable":true,"href":"https:\/\/buletin.de\/bucuresti\/wp-json\/wp\/v2\/ppma_author?post=10908"}],"curies":[{"name":"wp","href":"https:\/\/api.w.org\/{rel}","templated":true}]}}