{"id":108994,"date":"2024-12-01T19:21:36","date_gmt":"2024-12-01T16:21:36","guid":{"rendered":"https:\/\/buletin.de\/bucuresti\/?p=108994"},"modified":"2024-12-02T01:12:43","modified_gmt":"2024-12-01T22:12:43","slug":"reportaj-in-penitenciarul-rahova-cum-arata-ziua-votului-intr-un-loc-unde-nu-a-ajuns-tiktok","status":"publish","type":"post","link":"https:\/\/buletin.de\/bucuresti\/reportaj-in-penitenciarul-rahova-cum-arata-ziua-votului-intr-un-loc-unde-nu-a-ajuns-tiktok\/","title":{"rendered":"Reportaj \u00een Penitenciarul Rahova | Cum arat\u0103 ziua votului \u00eentr-un loc unde nu a ajuns TikTok"},"content":{"rendered":"\n<p><strong>\u00cen spatele gratiilor, departe de TikTok \u0219i agita\u021bia din ultima s\u0103pt\u0103m\u00e2n\u0103, dreptul la vot devine un exerci\u021biu de democra\u021bie \u00een toat\u0103 puterea cuv\u00e2ntului. \u00cen Penitenciarul Rahova, 791 de de\u021binu\u021bi \u0219i-au exprimat dorin\u021ba de a vota, dintr-un total de 832 care aveau acest drept. <\/strong><\/p>\n\n\n\n<p><strong>Cu toate limit\u0103rile vie\u021bii \u00een deten\u021bie, persoanele private de libertate n-au ezitat s\u0103-\u0219i exprime op\u021biunile \u0219i s\u0103 influen\u021beze viitorul societ\u0103\u021bii.<\/strong><\/p>\n\n\n\n<h2 class=\"wp-block-heading\" id=\"h-urna-mobila-\u0219tampila-\u0219i-buletinele-de-vot\">Urna mobil\u0103, \u0219tampila \u0219i buletinele de vot<\/h2>\n\n\n\n<p>Penitenciarul Rahova g\u0103zduie\u0219te la aceast\u0103 or\u0103 peste 1.500 de oameni. Aproape jum\u0103tate dintre ei nu au dreptul de a vota ast\u0103zi, fie pentru c\u0103 le-a fost interzis printr-o decizie a judec\u0103torilor de drepturi \u015fi libert\u0103\u0163i, fie pentru c\u0103 nu au adresa de re\u015fedin\u0163\u0103 \u00een Bucure\u0219ti.<\/p>\n\n\n\n<p>Procesul de organizare a votului din spatele gratiilor este unul meticulos. De\u021binu\u021bii sunt informa\u021bi din timp despre alegeri, iar cei care doresc s\u0103 voteze completeaz\u0103 cereri pentru urna mobil\u0103. <\/p>\n\n\n\n<p>\u00cen ziua scrutinului, doi reprezentan\u021bi ai unei sec\u0163ii de votare arondat\u0103 \u00eenchisorii, \u00eenso\u021bi\u021bi de poli\u021bi\u0219ti din penitenciar, aduc urna mobil\u0103, \u0219tampila \u0219i buletinele de vot. <\/p>\n\n\n\n<p>Totul are loc \u00eentr-o \u00eenc\u0103pere amenajat\u0103 cu c\u00e2te dou\u0103 cabine, pentru a respecta secretul votului.<\/p>\n\n\n\n<figure class=\"wp-block-embed is-type-video is-provider-youtube wp-block-embed-youtube wp-embed-aspect-16-9 wp-has-aspect-ratio\"><div class=\"wp-block-embed__wrapper\">\n<iframe title=\"Cum arat\u0103 ziua votului \u00eentr-un loc unde nu a ajuns TikTok\" width=\"1200\" height=\"675\" src=\"https:\/\/www.youtube.com\/embed\/WKH3fUssQqw?feature=oembed\" frameborder=\"0\" allow=\"accelerometer; autoplay; clipboard-write; encrypted-media; gyroscope; picture-in-picture; web-share\" referrerpolicy=\"strict-origin-when-cross-origin\" allowfullscreen><\/iframe>\n<\/div><figcaption class=\"wp-element-caption\">Cum arat\u0103 ziua votului \u00een Penitenciarul Rahova<\/figcaption><\/figure>\n\n\n\n<blockquote class=\"wp-block-quote is-layout-flow wp-block-quote-is-layout-flow\">\n<p><em>\u201eEste important s\u0103 ne asigur\u0103m c\u0103 fiecare persoan\u0103 care are dreptul de a vota poate s\u0103 o fac\u0103\u201d<\/em><\/p>\n<cite>Costel Puiu, responsabilul cu eviden\u021ba popula\u021biei \u00een penitenciarul Rahova.<\/cite><\/blockquote>\n\n\n\n<p><strong>Spre deosebire de mul\u021bi rom\u00e2ni, de\u021binu\u021bii din Rahova nu s-au informat de pe re\u021belele sociale cu privire la op\u021biunile de pe buletinele de vot, pentru c\u0103 nu au acces la astfel de canale de informare (sau dezinformare, de ce nu<\/strong>).<\/p>\n\n\n\n<p>Pe modelul renum\u0103r\u0103rii voturilor, care a devenit sarcina aparatului administrativ, se pare c\u0103 \u0219i \u00een Penitenciarul Rahova informarea de\u021binu\u021bilor despre procesul electoral revine tot aparatului guvernamental, \u00een spe\u0163\u0103 conducerii institu\u0163iei. <\/p>\n\n\n\n<p>Este vorba despre director \u0219i ceilal\u021bi angaja\u021bi delega\u021bi s\u0103 coordoneze aceast\u0103 activitate, a mai explicat agentul Puiu. Conducerea se asigur\u0103 c\u0103 fiecare persoan\u0103 privat\u0103 de libertate este informat\u0103 despre drepturile sale \u0219i despre pa\u0219ii necesari pentru a cere urna mobil\u0103.<\/p>\n\n\n\n<p>CITE\u0218TE \u0218I: <a href=\"https:\/\/buletin.de\/bucuresti\/parlamentarele-in-vremea-legionarilor\/\"><strong>\u00cen Penitenciarul Rahova, 791 de de\u021binu\u021bi \u0219i-au exprimat dorin\u021ba de a vota, dintr-un total de 832 care aveau acest drept. <\/strong><\/a><\/p>\n\n\n\n<h2 class=\"wp-block-heading\" id=\"h-in-tranzit-prin-suprapopulare\"><strong>\u00cen tranzit prin suprapopulare<\/strong><\/h2>\n\n\n\n<p>La aproape opt kilometri de forfota din Pia\u021ba Unirii, Penitenciarul Rahova se \u00eentinde ca o insul\u0103 izolat\u0103, m\u0103rginit\u0103 de \u0219oseaua care leag\u0103 Bucure\u0219tiul de Alexandria, pe un teren care m\u0103soar\u0103 peste 92.000 de metri p\u0103tra\u021bi. Construit pe amplasamentul vechiului penitenciar demolat \u00een 1988, \u201ecomplexul\u201d actual a fost dat \u00een folosin\u021b\u0103 \u00een 1997.<\/p>\n\n\n\n<p>La fa\u0163a locului, Penitenciarul Rahova seam\u0103n\u0103 mai degrab\u0103 cu o ma\u0219in\u0103rie administrativ\u0103 bine pus\u0103 la punct. <\/p>\n\n\n\n<p>Cele 243 de celule, cu o capacitate ce variaz\u0103 \u00eentre 4 \u0219i 26 de paturi, alc\u0103tuiesc un peisaj al suprapopul\u0103rii. Fiecare col\u021b al celor 62.000 de metri p\u0103tra\u021bi construi\u021bi pare destinat s\u0103 optimizeze deten\u021bia.<\/p>\n\n\n\n<p><strong>De\u0219i <a href=\"https:\/\/anp.gov.ro\/penitenciarul-bucuresti-rahova\/\">site-ul institu\u021biei men\u021bioneaz\u0103 o capacitate legal\u0103 de de\u021binere de 1.394<\/a> de locuri, agentul Puiu a afirmat c\u0103 1.545 de oameni \u00ee\u0219i isp\u0103\u0219esc \u00een prezent pedeapsa \u00een \u201efort\u0103rea\u021ba\u201d de la periferia Capitalei.<\/strong><\/p>\n\n\n\n<p>Pentru mul\u021bi de\u021binu\u021bi, Rahova nu este destina\u021bia final\u0103, ci doar o etap\u0103 intermediar\u0103. Ca penitenciar de tranzit, unitatea g\u0103zduie\u0219te temporar majoritatea persoanelor private de libertate care urmeaz\u0103 s\u0103 fie redistribuite c\u0103tre alte penitenciare, \u00een func\u021bie de regimul de deten\u021bie stabilit \u0219i de locurile disponibile, dar \u0219i pe cei care sunt aresta\u021bi preventiv sau \u00ee\u0219i a\u0219teapt\u0103 condamnarea.<\/p>\n\n\n\n<p>Aici, fiecare \u201enou venit\u201d trece printr-o perioad\u0103 de carantin\u0103, menit\u0103 s\u0103 asigure o evaluare a st\u0103rii de s\u0103n\u0103tate \u0219i modul cum se adapteaz\u0103 la via\u021ba lipsit\u0103 de libertate.<\/p>\n\n\n\n<h2 class=\"wp-block-heading\" id=\"h-nu-trebuie-sa-cadem-intr-un-extremism\"><strong>\u201eNu trebuie s\u0103 c\u0103dem \u00eentr-un extremism\u201d<\/strong><\/h2>\n\n\n\n<p>Cu \u0219apca neagr\u0103 tras\u0103 pe cap, Alexandru Badea se pierde \u00een mul\u021bimea captiv\u0103 din Rahova. Barba sa foarte scurt\u0103, aproape invizibil\u0103, mai ales de la dep\u0103rtare, \u0219i statura medie \u00eei ofer\u0103 un aspect obi\u0219nuit, dar privirea sa, o combina\u021bie de resemnare \u0219i speran\u021b\u0103, spune o poveste mai profund\u0103.<\/p>\n\n\n\n<p>La 33 de ani, Alexandru \u00ee\u0219i num\u0103r\u0103 zilele r\u0103mase dintr-o pedeaps\u0103 de 11 ani. Timpul petrecut deja \u00eentre zidurile Rahovei, opt ani \u0219i cinci luni deja, l-a schimbat, dup\u0103 cum recunoa\u0219te chiar el.<\/p>\n\n\n\n<blockquote class=\"wp-block-quote is-layout-flow wp-block-quote-is-layout-flow\">\n<p>\u201eEu am ajuns cu violen\u021b\u0103 aici. Nu am vrut s\u0103 se ajung\u0103 at\u00e2t de departe\u201d, mi-a declarat, cu o voce calm\u0103, dar care parc\u0103 tr\u0103deaz\u0103 regrete ad\u00e2nci.<\/p>\n<\/blockquote>\n\n\n\n<p>Povestea sa a \u00eenceput \u00een galeria echipei Rapid, unde a c\u0103utat, \u00een tinere\u021be, un sens, o apartenen\u021b\u0103.<\/p>\n\n\n\n<p><em>\u201e\u00cemi doream afirmare, cred\u201d<\/em>, a explicat simplu, de parc\u0103 nici el nu-\u0219i \u00een\u021belege alegerile.<\/p>\n\n\n\n<p><strong>Incidentul care l-a adus la Rahova, o \u00eenc\u0103ierare cu o alt\u0103 brigad\u0103 de microbi\u0219ti, \u00eencheiat\u0103 tragic cu pierderea unei vie\u021bi, este un subiect pe care nu a vrut s\u0103-l aprofundeze, dar tonul lui a exprimat un regret clar \u0219i r\u0103spicat.<\/strong><\/p>\n\n\n\n<p>\u00centr-un loc f\u0103r\u0103 TikTok, unde, atunci c\u00e2nd nu sunt la punctul de lucru, timpul se m\u0103soar\u0103 \u00een ziare citite \u0219i ore petrecute ascult\u00e2nd radioul, Alexandru Badea observ\u0103 lumea din afar\u0103 dintr-un unghi aparte.<\/p>\n\n\n\n<p><em>\u201eNu \u0219tim nimic despre C\u0103lin Georgescu. S-a promovat pe TikTok din c\u00e2te am \u00een\u021beles, noi aici nu avem acces\u201d<\/em>, a explicat Alexandru, u\u0219or amuzat.<\/p>\n\n\n\n<p>\u00cen schimb, politica \u00een r\u00e2ndul de\u021binu\u021bilor se rezum\u0103 adesea tot la o lupt\u0103 anti-sistem.<\/p>\n\n\n\n<p>Alexandru poveste\u0219te c\u0103 mul\u021bi dintre \u201ecolegii\u201d lui au votat tot cu extremi\u0219ti de dreapta, \u00eens\u0103 dintre cei care au ap\u0103rut \u0219i la televizor.&nbsp;<\/p>\n\n\n\n<p><strong>Nu au pus \u0219tampila pe ei pentru c\u0103 ar fi fost convin\u0219i de vreun program politic sau lider de partid.&nbsp;<\/strong><\/p>\n\n\n\n<blockquote class=\"wp-block-quote is-layout-flow wp-block-quote-is-layout-flow\">\n<p><em>\u201eN-au fost convin\u0219i de nimic \u00een mod special, au vrut s\u0103 fr\u00e2ng\u0103 un pic sistemul politic\u201d<\/em>, a explicat Alexandru, cu o not\u0103 de \u00een\u021belegere, dar \u0219i de distan\u021b\u0103 fa\u021b\u0103 de alegerea lor.<\/p>\n<\/blockquote>\n\n\n\n<p>De\u0219i el \u00eensu\u0219i nu a votat, ci \u0219i-a anulat votul, Alexandru vede \u00een prezen\u021ba la urne un act esen\u021bial pentru viitorul societ\u0103\u021bii.<\/p>\n\n\n\n<p><em>\u201eMi se pare foarte important s\u0103 mergi la vot, c\u0103 p\u00e2n\u0103 la urm\u0103 nu trebuie s\u0103 c\u0103dem \u00eentr-un extremism. Cu to\u021bii vrem ceva mai bun pentru noi, copiii no\u0219tri, pentru popor\u201d<\/em>, a afirmat el cu gravitate.<\/p>\n\n\n\n<h2 class=\"wp-block-heading\" id=\"h-suntem-peste-tot-acasa-in-penitenciarul-rahova\"><strong>\u201eSuntem peste tot acas\u0103\u201d<\/strong>, \u00een Penitenciarul Rahova<\/h2>\n\n\n\n<p>Timpul s\u0103u la Rahova este structurat \u00een jurul muncii. Alexandru se ocup\u0103 de cur\u0103\u021benie \u00een comandament, locul unde \u00ee\u0219i desf\u0103\u0219oar\u0103 activitatea ofi\u021berii.<\/p>\n\n\n\n<p><em>\u201eFac curat, dau cu m\u0103tura, cu mopul, duc gunoiul, toate \u00een prezen\u021ba lor, evident\u201d<\/em>, a povestit el simplu. \u00ce\u0219i face treaba f\u0103r\u0103 pl\u00e2ngeri, ca \u0219i cum aceast\u0103 rutin\u0103 zilnic\u0103 ar fi un mod de a-\u0219i cur\u0103\u021ba \u0219i g\u00e2ndurile.<\/p>\n\n\n\n<p>De\u0219i pasiunea pentru Rapid, echipa vie\u021bii sale, \u00eencepe s\u0103 se estompeze, el r\u0103m\u00e2ne rapidist \u00een suflet. Totu\u0219i, <em>\u201e<\/em>meciurile\u201d de orice fel, care l-au adus la Rahova \u00een cele din urm\u0103, nu \u00eel mai atrag.<\/p>\n\n\n\n<p><em>\u201eNu mai am aceast\u0103 pasiune\u201d<\/em>, a admis fostul <em>\u201e<\/em>extremist sportiv\u201d, ca semn al <em>\u201e<\/em>reabilit\u0103rii\u201d suflete\u015fti la cap\u0103tul a opt ani de facut pace cu sine \u00eensu\u015fi.&nbsp;<\/p>\n\n\n\n<p><strong>CITE\u0218TE \u0218I:<\/strong> <strong><a href=\"https:\/\/buletin.de\/bucuresti\/parlamentarele-in-vremea-legionarilor\/\">Parlamentarele \u00een vremea legionarilor | \u201eAgen\u0163i electorali, cu ciomege serioase sub bra\u0163, spre a intimida pe aleg\u0103torii slabi de \u00eenger\u201d din Capital\u0103 (I)<\/a><\/strong><\/p>\n","protected":false},"excerpt":{"rendered":"<p>\u00cen spatele gratiilor, departe de TikTok \u0219i agita\u021bia din ultima s\u0103pt\u0103m\u00e2n\u0103, dreptul la vot devine un exerci\u021biu de democra\u021bie \u00een toat\u0103 puterea cuv\u00e2ntului. \u00cen Penitenciarul Rahova, 791 de de\u021binu\u021bi \u0219i-au exprimat dorin\u021ba de a vota, dintr-un total de 832 care aveau acest drept. Cu toate limit\u0103rile vie\u021bii \u00een deten\u021bie, persoanele private de libertate n-au ezitat [&hellip;]<\/p>\n","protected":false},"author":59,"featured_media":108997,"comment_status":"closed","ping_status":"open","sticky":false,"template":"","format":"standard","meta":{"_acf_changed":false,"inline_featured_image":false,"ngg_post_thumbnail":0,"footnotes":""},"categories":[6994,5762,169],"tags":[363,2063,2779,15065,1717,17287,1342,1341,368],"ppma_author":[22572],"class_list":["post-108994","post","type-post","status-publish","format-standard","has-post-thumbnail","hentry","category-stiri-2","category-main","category-reportaj","tag-alegeri","tag-bucuresti-2","tag-capitala-2","tag-extremism","tag-parlamentare","tag-partide","tag-penitenciar","tag-rahova","tag-vot"],"acf":[],"yoast_head":"<!-- This site is optimized with the Yoast SEO Premium plugin v25.3 (Yoast SEO v27.5) - https:\/\/yoast.com\/product\/yoast-seo-premium-wordpress\/ -->\n<title>Reportaj \u00een Penitenciarul Rahova | Cum arat\u0103 ziua votului \u00eentr-un loc unde nu a ajuns TikTok - Buletin de Bucure\u0219ti<\/title>\n<meta name=\"description\" content=\"REPORTAJ | Penitenciarul Rahova: Cum arat\u0103 ziua votului \u00eentr-un loc f\u0103r\u0103 TikTok. De\u021binut condamnat pentru omor.\" \/>\n<meta name=\"robots\" content=\"index, follow, max-snippet:-1, max-image-preview:large, max-video-preview:-1\" \/>\n<link rel=\"canonical\" href=\"https:\/\/buletin.de\/bucuresti\/reportaj-in-penitenciarul-rahova-cum-arata-ziua-votului-intr-un-loc-unde-nu-a-ajuns-tiktok\/\" \/>\n<meta property=\"og:locale\" content=\"en_GB\" \/>\n<meta property=\"og:type\" content=\"article\" \/>\n<meta property=\"og:title\" content=\"Reportaj \u00een Penitenciarul Rahova | Cum arat\u0103 ziua votului \u00eentr-un loc unde nu a ajuns TikTok\" \/>\n<meta property=\"og:description\" content=\"REPORTAJ | Penitenciarul Rahova: Cum arat\u0103 ziua votului \u00eentr-un loc f\u0103r\u0103 TikTok. De\u021binut condamnat pentru omor.\" \/>\n<meta property=\"og:url\" content=\"https:\/\/buletin.de\/bucuresti\/reportaj-in-penitenciarul-rahova-cum-arata-ziua-votului-intr-un-loc-unde-nu-a-ajuns-tiktok\/\" \/>\n<meta property=\"og:site_name\" content=\"Buletin de Bucure\u0219ti\" \/>\n<meta property=\"article:publisher\" content=\"https:\/\/www.facebook.com\/buletin.de.buc\" \/>\n<meta property=\"article:published_time\" content=\"2024-12-01T16:21:36+00:00\" \/>\n<meta property=\"article:modified_time\" content=\"2024-12-01T22:12:43+00:00\" \/>\n<meta property=\"og:image\" content=\"https:\/\/buletin.de\/bucuresti\/wp-content\/uploads\/image-2-1.jpg\" \/>\n\t<meta property=\"og:image:width\" content=\"1055\" \/>\n\t<meta property=\"og:image:height\" content=\"596\" \/>\n\t<meta property=\"og:image:type\" content=\"image\/jpeg\" \/>\n<meta name=\"author\" content=\"C\u0103t\u0103lin Anghel-Dimache\" \/>\n<meta name=\"twitter:card\" content=\"summary_large_image\" \/>\n<meta name=\"twitter:label1\" content=\"Written by\" \/>\n\t<meta name=\"twitter:data1\" content=\"C\u0103t\u0103lin Anghel-Dimache\" \/>\n\t<meta name=\"twitter:label2\" content=\"Estimated reading time\" \/>\n\t<meta name=\"twitter:data2\" content=\"5 minutes\" \/>\n<script type=\"application\/ld+json\" class=\"yoast-schema-graph\">{\"@context\":\"https:\\\/\\\/schema.org\",\"@graph\":[{\"@type\":\"Article\",\"@id\":\"https:\\\/\\\/buletin.de\\\/bucuresti\\\/reportaj-in-penitenciarul-rahova-cum-arata-ziua-votului-intr-un-loc-unde-nu-a-ajuns-tiktok\\\/#article\",\"isPartOf\":{\"@id\":\"https:\\\/\\\/buletin.de\\\/bucuresti\\\/reportaj-in-penitenciarul-rahova-cum-arata-ziua-votului-intr-un-loc-unde-nu-a-ajuns-tiktok\\\/\"},\"author\":{\"name\":\"C\u0103t\u0103lin Anghel-Dimache\",\"@id\":\"https:\\\/\\\/buletin.de\\\/bucuresti\\\/#\\\/schema\\\/person\\\/0ac9db30080482be87c7386a30f98796\"},\"headline\":\"Reportaj \u00een Penitenciarul Rahova | Cum arat\u0103 ziua votului \u00eentr-un loc unde nu a ajuns TikTok\",\"datePublished\":\"2024-12-01T16:21:36+00:00\",\"dateModified\":\"2024-12-01T22:12:43+00:00\",\"mainEntityOfPage\":{\"@id\":\"https:\\\/\\\/buletin.de\\\/bucuresti\\\/reportaj-in-penitenciarul-rahova-cum-arata-ziua-votului-intr-un-loc-unde-nu-a-ajuns-tiktok\\\/\"},\"wordCount\":1287,\"publisher\":{\"@id\":\"https:\\\/\\\/buletin.de\\\/bucuresti\\\/#organization\"},\"image\":{\"@id\":\"https:\\\/\\\/buletin.de\\\/bucuresti\\\/reportaj-in-penitenciarul-rahova-cum-arata-ziua-votului-intr-un-loc-unde-nu-a-ajuns-tiktok\\\/#primaryimage\"},\"thumbnailUrl\":\"https:\\\/\\\/buletin.de\\\/bucuresti\\\/wp-content\\\/uploads\\\/image-2-1.jpg\",\"keywords\":[\"alegeri\",\"Bucure\u0219ti\",\"Capital\u0103\",\"extremism\",\"parlamentare\",\"partide\",\"penitenciar\",\"rahova\",\"vot\"],\"articleSection\":[\"Articole\",\"Main\",\"Reportaj\"],\"inLanguage\":\"en-GB\",\"copyrightYear\":\"2024\",\"copyrightHolder\":{\"@id\":\"https:\\\/\\\/buletin.de\\\/bucuresti\\\/#organization\"}},{\"@type\":\"WebPage\",\"@id\":\"https:\\\/\\\/buletin.de\\\/bucuresti\\\/reportaj-in-penitenciarul-rahova-cum-arata-ziua-votului-intr-un-loc-unde-nu-a-ajuns-tiktok\\\/\",\"url\":\"https:\\\/\\\/buletin.de\\\/bucuresti\\\/reportaj-in-penitenciarul-rahova-cum-arata-ziua-votului-intr-un-loc-unde-nu-a-ajuns-tiktok\\\/\",\"name\":\"Reportaj \u00een Penitenciarul Rahova | Cum arat\u0103 ziua votului \u00eentr-un loc unde nu a ajuns TikTok - Buletin de Bucure\u0219ti\",\"isPartOf\":{\"@id\":\"https:\\\/\\\/buletin.de\\\/bucuresti\\\/#website\"},\"primaryImageOfPage\":{\"@id\":\"https:\\\/\\\/buletin.de\\\/bucuresti\\\/reportaj-in-penitenciarul-rahova-cum-arata-ziua-votului-intr-un-loc-unde-nu-a-ajuns-tiktok\\\/#primaryimage\"},\"image\":{\"@id\":\"https:\\\/\\\/buletin.de\\\/bucuresti\\\/reportaj-in-penitenciarul-rahova-cum-arata-ziua-votului-intr-un-loc-unde-nu-a-ajuns-tiktok\\\/#primaryimage\"},\"thumbnailUrl\":\"https:\\\/\\\/buletin.de\\\/bucuresti\\\/wp-content\\\/uploads\\\/image-2-1.jpg\",\"datePublished\":\"2024-12-01T16:21:36+00:00\",\"dateModified\":\"2024-12-01T22:12:43+00:00\",\"description\":\"REPORTAJ | Penitenciarul Rahova: Cum arat\u0103 ziua votului \u00eentr-un loc f\u0103r\u0103 TikTok. De\u021binut condamnat pentru omor.\",\"breadcrumb\":{\"@id\":\"https:\\\/\\\/buletin.de\\\/bucuresti\\\/reportaj-in-penitenciarul-rahova-cum-arata-ziua-votului-intr-un-loc-unde-nu-a-ajuns-tiktok\\\/#breadcrumb\"},\"inLanguage\":\"en-GB\",\"potentialAction\":[{\"@type\":\"ReadAction\",\"target\":[\"https:\\\/\\\/buletin.de\\\/bucuresti\\\/reportaj-in-penitenciarul-rahova-cum-arata-ziua-votului-intr-un-loc-unde-nu-a-ajuns-tiktok\\\/\"]}]},{\"@type\":\"ImageObject\",\"inLanguage\":\"en-GB\",\"@id\":\"https:\\\/\\\/buletin.de\\\/bucuresti\\\/reportaj-in-penitenciarul-rahova-cum-arata-ziua-votului-intr-un-loc-unde-nu-a-ajuns-tiktok\\\/#primaryimage\",\"url\":\"https:\\\/\\\/buletin.de\\\/bucuresti\\\/wp-content\\\/uploads\\\/image-2-1.jpg\",\"contentUrl\":\"https:\\\/\\\/buletin.de\\\/bucuresti\\\/wp-content\\\/uploads\\\/image-2-1.jpg\",\"width\":1055,\"height\":596,\"caption\":\"Reportaj \u00een Penitenciarul Rahova. Foto: Penitenciarul Rahova\"},{\"@type\":\"BreadcrumbList\",\"@id\":\"https:\\\/\\\/buletin.de\\\/bucuresti\\\/reportaj-in-penitenciarul-rahova-cum-arata-ziua-votului-intr-un-loc-unde-nu-a-ajuns-tiktok\\\/#breadcrumb\",\"itemListElement\":[{\"@type\":\"ListItem\",\"position\":1,\"name\":\"Acas\u0103\",\"item\":\"https:\\\/\\\/buletin.de\\\/bucuresti\\\/\"},{\"@type\":\"ListItem\",\"position\":2,\"name\":\"Reportaj \u00een Penitenciarul Rahova | Cum arat\u0103 ziua votului \u00eentr-un loc unde nu a ajuns TikTok\"}]},{\"@type\":\"WebSite\",\"@id\":\"https:\\\/\\\/buletin.de\\\/bucuresti\\\/#website\",\"url\":\"https:\\\/\\\/buletin.de\\\/bucuresti\\\/\",\"name\":\"Buletin de Bucure\u0219ti\",\"description\":\"\u0218tiri \u0219i investiga\u021bii esen\u021biale din capital\u0103\",\"publisher\":{\"@id\":\"https:\\\/\\\/buletin.de\\\/bucuresti\\\/#organization\"},\"potentialAction\":[{\"@type\":\"SearchAction\",\"target\":{\"@type\":\"EntryPoint\",\"urlTemplate\":\"https:\\\/\\\/buletin.de\\\/bucuresti\\\/?s={search_term_string}\"},\"query-input\":{\"@type\":\"PropertyValueSpecification\",\"valueRequired\":true,\"valueName\":\"search_term_string\"}}],\"inLanguage\":\"en-GB\"},{\"@type\":\"Organization\",\"@id\":\"https:\\\/\\\/buletin.de\\\/bucuresti\\\/#organization\",\"name\":\"Buletin de Bucure\u0219ti\",\"url\":\"https:\\\/\\\/buletin.de\\\/bucuresti\\\/\",\"logo\":{\"@type\":\"ImageObject\",\"inLanguage\":\"en-GB\",\"@id\":\"https:\\\/\\\/buletin.de\\\/bucuresti\\\/#\\\/schema\\\/logo\\\/image\\\/\",\"url\":\"https:\\\/\\\/buletin.de\\\/bucuresti\\\/wp-content\\\/uploads\\\/logo-bdb-full-wide-vernil-transparent.png\",\"contentUrl\":\"https:\\\/\\\/buletin.de\\\/bucuresti\\\/wp-content\\\/uploads\\\/logo-bdb-full-wide-vernil-transparent.png\",\"width\":1782,\"height\":626,\"caption\":\"Buletin de Bucure\u0219ti\"},\"image\":{\"@id\":\"https:\\\/\\\/buletin.de\\\/bucuresti\\\/#\\\/schema\\\/logo\\\/image\\\/\"},\"sameAs\":[\"https:\\\/\\\/www.facebook.com\\\/buletin.de.buc\",\"https:\\\/\\\/www.instagram.com\\\/buletinde.bucuresti\\\/\"]},{\"@type\":\"Person\",\"@id\":\"https:\\\/\\\/buletin.de\\\/bucuresti\\\/#\\\/schema\\\/person\\\/0ac9db30080482be87c7386a30f98796\",\"name\":\"C\u0103t\u0103lin Anghel-Dimache\",\"image\":{\"@type\":\"ImageObject\",\"inLanguage\":\"en-GB\",\"@id\":\"https:\\\/\\\/buletin.de\\\/bucuresti\\\/wp-content\\\/uploads\\\/Catalin-Anghel-Dimache-96x96.jpgbd9e43c5b25186d5b8e917ac61ad86c4\",\"url\":\"https:\\\/\\\/buletin.de\\\/bucuresti\\\/wp-content\\\/uploads\\\/Catalin-Anghel-Dimache-96x96.jpg\",\"contentUrl\":\"https:\\\/\\\/buletin.de\\\/bucuresti\\\/wp-content\\\/uploads\\\/Catalin-Anghel-Dimache-96x96.jpg\",\"caption\":\"C\u0103t\u0103lin Anghel-Dimache\"},\"description\":\"A absolvit Facultatea de Jurnalism \u0219i \u0218tiin\u021bele Comunic\u0103rii a Universit\u0103\u021bii din Bucure\u0219ti \u00een 2024. Scrie despre mediu \u0219i teme sociale, dar \u0219i despre cum se reflect\u0103 ele \u00een via\u021ba cotidian\u0103 a bucure\u0219tenilor, cu un ochi atent la pove\u0219tile personale din spatele titlurilor. N\u0103scut \u0219i crescut \u00een Bucure\u0219ti, a f\u0103cut un pas c\u0103tre presa local\u0103, din pasiune pentru ora\u0219ul s\u0103u \u0219i oamenii din el.\",\"url\":\"https:\\\/\\\/buletin.de\\\/bucuresti\\\/author\\\/catalin-anghel-dimache\\\/\"}]}<\/script>\n<!-- \/ Yoast SEO Premium plugin. -->","yoast_head_json":{"title":"Reportaj \u00een Penitenciarul Rahova | Cum arat\u0103 ziua votului \u00eentr-un loc unde nu a ajuns TikTok - Buletin de Bucure\u0219ti","description":"REPORTAJ | Penitenciarul Rahova: Cum arat\u0103 ziua votului \u00eentr-un loc f\u0103r\u0103 TikTok. De\u021binut condamnat pentru omor.","robots":{"index":"index","follow":"follow","max-snippet":"max-snippet:-1","max-image-preview":"max-image-preview:large","max-video-preview":"max-video-preview:-1"},"canonical":"https:\/\/buletin.de\/bucuresti\/reportaj-in-penitenciarul-rahova-cum-arata-ziua-votului-intr-un-loc-unde-nu-a-ajuns-tiktok\/","og_locale":"en_GB","og_type":"article","og_title":"Reportaj \u00een Penitenciarul Rahova | Cum arat\u0103 ziua votului \u00eentr-un loc unde nu a ajuns TikTok","og_description":"REPORTAJ | Penitenciarul Rahova: Cum arat\u0103 ziua votului \u00eentr-un loc f\u0103r\u0103 TikTok. De\u021binut condamnat pentru omor.","og_url":"https:\/\/buletin.de\/bucuresti\/reportaj-in-penitenciarul-rahova-cum-arata-ziua-votului-intr-un-loc-unde-nu-a-ajuns-tiktok\/","og_site_name":"Buletin de Bucure\u0219ti","article_publisher":"https:\/\/www.facebook.com\/buletin.de.buc","article_published_time":"2024-12-01T16:21:36+00:00","article_modified_time":"2024-12-01T22:12:43+00:00","og_image":[{"width":1055,"height":596,"url":"https:\/\/buletin.de\/bucuresti\/wp-content\/uploads\/image-2-1.jpg","type":"image\/jpeg"}],"author":"C\u0103t\u0103lin Anghel-Dimache","twitter_card":"summary_large_image","twitter_misc":{"Written by":"C\u0103t\u0103lin Anghel-Dimache","Estimated reading time":"5 minutes"},"schema":{"@context":"https:\/\/schema.org","@graph":[{"@type":"Article","@id":"https:\/\/buletin.de\/bucuresti\/reportaj-in-penitenciarul-rahova-cum-arata-ziua-votului-intr-un-loc-unde-nu-a-ajuns-tiktok\/#article","isPartOf":{"@id":"https:\/\/buletin.de\/bucuresti\/reportaj-in-penitenciarul-rahova-cum-arata-ziua-votului-intr-un-loc-unde-nu-a-ajuns-tiktok\/"},"author":{"name":"C\u0103t\u0103lin Anghel-Dimache","@id":"https:\/\/buletin.de\/bucuresti\/#\/schema\/person\/0ac9db30080482be87c7386a30f98796"},"headline":"Reportaj \u00een Penitenciarul Rahova | Cum arat\u0103 ziua votului \u00eentr-un loc unde nu a ajuns TikTok","datePublished":"2024-12-01T16:21:36+00:00","dateModified":"2024-12-01T22:12:43+00:00","mainEntityOfPage":{"@id":"https:\/\/buletin.de\/bucuresti\/reportaj-in-penitenciarul-rahova-cum-arata-ziua-votului-intr-un-loc-unde-nu-a-ajuns-tiktok\/"},"wordCount":1287,"publisher":{"@id":"https:\/\/buletin.de\/bucuresti\/#organization"},"image":{"@id":"https:\/\/buletin.de\/bucuresti\/reportaj-in-penitenciarul-rahova-cum-arata-ziua-votului-intr-un-loc-unde-nu-a-ajuns-tiktok\/#primaryimage"},"thumbnailUrl":"https:\/\/buletin.de\/bucuresti\/wp-content\/uploads\/image-2-1.jpg","keywords":["alegeri","Bucure\u0219ti","Capital\u0103","extremism","parlamentare","partide","penitenciar","rahova","vot"],"articleSection":["Articole","Main","Reportaj"],"inLanguage":"en-GB","copyrightYear":"2024","copyrightHolder":{"@id":"https:\/\/buletin.de\/bucuresti\/#organization"}},{"@type":"WebPage","@id":"https:\/\/buletin.de\/bucuresti\/reportaj-in-penitenciarul-rahova-cum-arata-ziua-votului-intr-un-loc-unde-nu-a-ajuns-tiktok\/","url":"https:\/\/buletin.de\/bucuresti\/reportaj-in-penitenciarul-rahova-cum-arata-ziua-votului-intr-un-loc-unde-nu-a-ajuns-tiktok\/","name":"Reportaj \u00een Penitenciarul Rahova | Cum arat\u0103 ziua votului \u00eentr-un loc unde nu a ajuns TikTok - Buletin de Bucure\u0219ti","isPartOf":{"@id":"https:\/\/buletin.de\/bucuresti\/#website"},"primaryImageOfPage":{"@id":"https:\/\/buletin.de\/bucuresti\/reportaj-in-penitenciarul-rahova-cum-arata-ziua-votului-intr-un-loc-unde-nu-a-ajuns-tiktok\/#primaryimage"},"image":{"@id":"https:\/\/buletin.de\/bucuresti\/reportaj-in-penitenciarul-rahova-cum-arata-ziua-votului-intr-un-loc-unde-nu-a-ajuns-tiktok\/#primaryimage"},"thumbnailUrl":"https:\/\/buletin.de\/bucuresti\/wp-content\/uploads\/image-2-1.jpg","datePublished":"2024-12-01T16:21:36+00:00","dateModified":"2024-12-01T22:12:43+00:00","description":"REPORTAJ | Penitenciarul Rahova: Cum arat\u0103 ziua votului \u00eentr-un loc f\u0103r\u0103 TikTok. De\u021binut condamnat pentru omor.","breadcrumb":{"@id":"https:\/\/buletin.de\/bucuresti\/reportaj-in-penitenciarul-rahova-cum-arata-ziua-votului-intr-un-loc-unde-nu-a-ajuns-tiktok\/#breadcrumb"},"inLanguage":"en-GB","potentialAction":[{"@type":"ReadAction","target":["https:\/\/buletin.de\/bucuresti\/reportaj-in-penitenciarul-rahova-cum-arata-ziua-votului-intr-un-loc-unde-nu-a-ajuns-tiktok\/"]}]},{"@type":"ImageObject","inLanguage":"en-GB","@id":"https:\/\/buletin.de\/bucuresti\/reportaj-in-penitenciarul-rahova-cum-arata-ziua-votului-intr-un-loc-unde-nu-a-ajuns-tiktok\/#primaryimage","url":"https:\/\/buletin.de\/bucuresti\/wp-content\/uploads\/image-2-1.jpg","contentUrl":"https:\/\/buletin.de\/bucuresti\/wp-content\/uploads\/image-2-1.jpg","width":1055,"height":596,"caption":"Reportaj \u00een Penitenciarul Rahova. Foto: Penitenciarul Rahova"},{"@type":"BreadcrumbList","@id":"https:\/\/buletin.de\/bucuresti\/reportaj-in-penitenciarul-rahova-cum-arata-ziua-votului-intr-un-loc-unde-nu-a-ajuns-tiktok\/#breadcrumb","itemListElement":[{"@type":"ListItem","position":1,"name":"Acas\u0103","item":"https:\/\/buletin.de\/bucuresti\/"},{"@type":"ListItem","position":2,"name":"Reportaj \u00een Penitenciarul Rahova | Cum arat\u0103 ziua votului \u00eentr-un loc unde nu a ajuns TikTok"}]},{"@type":"WebSite","@id":"https:\/\/buletin.de\/bucuresti\/#website","url":"https:\/\/buletin.de\/bucuresti\/","name":"Buletin de Bucure\u0219ti","description":"\u0218tiri \u0219i investiga\u021bii esen\u021biale din capital\u0103","publisher":{"@id":"https:\/\/buletin.de\/bucuresti\/#organization"},"potentialAction":[{"@type":"SearchAction","target":{"@type":"EntryPoint","urlTemplate":"https:\/\/buletin.de\/bucuresti\/?s={search_term_string}"},"query-input":{"@type":"PropertyValueSpecification","valueRequired":true,"valueName":"search_term_string"}}],"inLanguage":"en-GB"},{"@type":"Organization","@id":"https:\/\/buletin.de\/bucuresti\/#organization","name":"Buletin de Bucure\u0219ti","url":"https:\/\/buletin.de\/bucuresti\/","logo":{"@type":"ImageObject","inLanguage":"en-GB","@id":"https:\/\/buletin.de\/bucuresti\/#\/schema\/logo\/image\/","url":"https:\/\/buletin.de\/bucuresti\/wp-content\/uploads\/logo-bdb-full-wide-vernil-transparent.png","contentUrl":"https:\/\/buletin.de\/bucuresti\/wp-content\/uploads\/logo-bdb-full-wide-vernil-transparent.png","width":1782,"height":626,"caption":"Buletin de Bucure\u0219ti"},"image":{"@id":"https:\/\/buletin.de\/bucuresti\/#\/schema\/logo\/image\/"},"sameAs":["https:\/\/www.facebook.com\/buletin.de.buc","https:\/\/www.instagram.com\/buletinde.bucuresti\/"]},{"@type":"Person","@id":"https:\/\/buletin.de\/bucuresti\/#\/schema\/person\/0ac9db30080482be87c7386a30f98796","name":"C\u0103t\u0103lin Anghel-Dimache","image":{"@type":"ImageObject","inLanguage":"en-GB","@id":"https:\/\/buletin.de\/bucuresti\/wp-content\/uploads\/Catalin-Anghel-Dimache-96x96.jpgbd9e43c5b25186d5b8e917ac61ad86c4","url":"https:\/\/buletin.de\/bucuresti\/wp-content\/uploads\/Catalin-Anghel-Dimache-96x96.jpg","contentUrl":"https:\/\/buletin.de\/bucuresti\/wp-content\/uploads\/Catalin-Anghel-Dimache-96x96.jpg","caption":"C\u0103t\u0103lin Anghel-Dimache"},"description":"A absolvit Facultatea de Jurnalism \u0219i \u0218tiin\u021bele Comunic\u0103rii a Universit\u0103\u021bii din Bucure\u0219ti \u00een 2024. Scrie despre mediu \u0219i teme sociale, dar \u0219i despre cum se reflect\u0103 ele \u00een via\u021ba cotidian\u0103 a bucure\u0219tenilor, cu un ochi atent la pove\u0219tile personale din spatele titlurilor. N\u0103scut \u0219i crescut \u00een Bucure\u0219ti, a f\u0103cut un pas c\u0103tre presa local\u0103, din pasiune pentru ora\u0219ul s\u0103u \u0219i oamenii din el.","url":"https:\/\/buletin.de\/bucuresti\/author\/catalin-anghel-dimache\/"}]}},"authors":[{"term_id":22572,"user_id":59,"is_guest":0,"slug":"catalin-anghel-dimache","display_name":"C\u0103t\u0103lin Anghel-Dimache","avatar_url":"https:\/\/buletin.de\/bucuresti\/wp-content\/uploads\/Catalin-Anghel-Dimache-96x96.jpg","0":null,"1":"","2":"","3":"","4":"","5":"","6":"","7":"","8":""}],"_links":{"self":[{"href":"https:\/\/buletin.de\/bucuresti\/wp-json\/wp\/v2\/posts\/108994","targetHints":{"allow":["GET"]}}],"collection":[{"href":"https:\/\/buletin.de\/bucuresti\/wp-json\/wp\/v2\/posts"}],"about":[{"href":"https:\/\/buletin.de\/bucuresti\/wp-json\/wp\/v2\/types\/post"}],"author":[{"embeddable":true,"href":"https:\/\/buletin.de\/bucuresti\/wp-json\/wp\/v2\/users\/59"}],"replies":[{"embeddable":true,"href":"https:\/\/buletin.de\/bucuresti\/wp-json\/wp\/v2\/comments?post=108994"}],"version-history":[{"count":6,"href":"https:\/\/buletin.de\/bucuresti\/wp-json\/wp\/v2\/posts\/108994\/revisions"}],"predecessor-version":[{"id":109015,"href":"https:\/\/buletin.de\/bucuresti\/wp-json\/wp\/v2\/posts\/108994\/revisions\/109015"}],"wp:featuredmedia":[{"embeddable":true,"href":"https:\/\/buletin.de\/bucuresti\/wp-json\/wp\/v2\/media\/108997"}],"wp:attachment":[{"href":"https:\/\/buletin.de\/bucuresti\/wp-json\/wp\/v2\/media?parent=108994"}],"wp:term":[{"taxonomy":"category","embeddable":true,"href":"https:\/\/buletin.de\/bucuresti\/wp-json\/wp\/v2\/categories?post=108994"},{"taxonomy":"post_tag","embeddable":true,"href":"https:\/\/buletin.de\/bucuresti\/wp-json\/wp\/v2\/tags?post=108994"},{"taxonomy":"author","embeddable":true,"href":"https:\/\/buletin.de\/bucuresti\/wp-json\/wp\/v2\/ppma_author?post=108994"}],"curies":[{"name":"wp","href":"https:\/\/api.w.org\/{rel}","templated":true}]}}