{"id":108783,"date":"2024-11-30T21:02:32","date_gmt":"2024-11-30T18:02:32","guid":{"rendered":"https:\/\/buletin.de\/bucuresti\/?p=108783"},"modified":"2024-11-30T21:17:25","modified_gmt":"2024-11-30T18:17:25","slug":"s-a-deschis-si-targul-de-craciun-laminor-wonderland","status":"publish","type":"post","link":"https:\/\/buletin.de\/bucuresti\/s-a-deschis-si-targul-de-craciun-laminor-wonderland\/","title":{"rendered":"S-a deschis \u0219i t\u00e2rgul de Cr\u0103ciun Laminor Wonderland"},"content":{"rendered":"\n<p><strong>A fost inaugurat \u0219i t\u00e2rgul de Cr\u0103ciun Laminor Wonderland, organizat de Prim\u0103ria Sectorului 3 la Hala Laminor. T\u00e2rgul a fost deschis cu un spectacol de acroba\u021bie, sus\u021binut de Florin Romascu Percussion &amp; Acrobats. <\/strong><\/p>\n\n\n\n<iframe src=\"https:\/\/www.facebook.com\/plugins\/video.php?height=476&#038;href=https%3A%2F%2Fwww.facebook.com%2Flaminorwonderland%2Fvideos%2F895783386035448%2F&#038;show_text=false&#038;width=267&#038;t=0\" width=\"267\" height=\"476\" style=\"border:none;overflow:hidden\" scrolling=\"no\" frameborder=\"0\" allowfullscreen=\"true\" allow=\"autoplay; clipboard-write; encrypted-media; picture-in-picture; web-share\" allowFullScreen=\"true\"><\/iframe>\n\n\n\n<p>A fost urmat de o demonstra\u021bie de patinaj,<\/p>\n\n\n\n<figure class=\"wp-block-gallery has-nested-images columns-default is-cropped wp-block-gallery-1 is-layout-flex wp-block-gallery-is-layout-flex\">\n<figure class=\"wp-block-image size-large\"><img fetchpriority=\"high\" decoding=\"async\" width=\"900\" height=\"507\" data-id=\"108784\" src=\"data:image\/gif;base64,R0lGODlhAQABAAAAACH5BAEKAAEALAAAAAABAAEAAAICTAEAOw==\" data-src=\"https:\/\/buletin.de\/bucuresti\/wp-content\/uploads\/laminorcraciun-900x507.jpg\" alt=\"\" class=\"wp-image-108784 lazyload\" data-sizes=\"auto\" data-srcset=\"https:\/\/buletin.de\/bucuresti\/wp-content\/uploads\/laminorcraciun-900x507.jpg 900w, https:\/\/buletin.de\/bucuresti\/wp-content\/uploads\/laminorcraciun-300x169.jpg 300w, https:\/\/buletin.de\/bucuresti\/wp-content\/uploads\/laminorcraciun-768x432.jpg 768w, https:\/\/buletin.de\/bucuresti\/wp-content\/uploads\/laminorcraciun-1536x865.jpg 1536w, https:\/\/buletin.de\/bucuresti\/wp-content\/uploads\/laminorcraciun-1600x901.jpg 1600w, https:\/\/buletin.de\/bucuresti\/wp-content\/uploads\/laminorcraciun-1100x619.jpg 1100w, https:\/\/buletin.de\/bucuresti\/wp-content\/uploads\/laminorcraciun-600x338.jpg 600w, https:\/\/buletin.de\/bucuresti\/wp-content\/uploads\/laminorcraciun-20x11.jpg 20w, https:\/\/buletin.de\/bucuresti\/wp-content\/uploads\/laminorcraciun.jpg 2000w\" sizes=\"(max-width: 900px) 100vw, 900px\" \/><\/figure>\n\n\n\n<figure class=\"wp-block-image size-large\"><img decoding=\"async\" width=\"900\" height=\"507\" data-id=\"108786\" src=\"data:image\/gif;base64,R0lGODlhAQABAAAAACH5BAEKAAEALAAAAAABAAEAAAICTAEAOw==\" data-src=\"https:\/\/buletin.de\/bucuresti\/wp-content\/uploads\/laminorcraciun2-900x507.jpg\" alt=\"\" class=\"wp-image-108786 lazyload\" data-sizes=\"auto\" data-srcset=\"https:\/\/buletin.de\/bucuresti\/wp-content\/uploads\/laminorcraciun2-900x507.jpg 900w, https:\/\/buletin.de\/bucuresti\/wp-content\/uploads\/laminorcraciun2-300x169.jpg 300w, https:\/\/buletin.de\/bucuresti\/wp-content\/uploads\/laminorcraciun2-768x432.jpg 768w, https:\/\/buletin.de\/bucuresti\/wp-content\/uploads\/laminorcraciun2-1536x865.jpg 1536w, https:\/\/buletin.de\/bucuresti\/wp-content\/uploads\/laminorcraciun2-1600x901.jpg 1600w, https:\/\/buletin.de\/bucuresti\/wp-content\/uploads\/laminorcraciun2-1100x619.jpg 1100w, https:\/\/buletin.de\/bucuresti\/wp-content\/uploads\/laminorcraciun2-600x338.jpg 600w, https:\/\/buletin.de\/bucuresti\/wp-content\/uploads\/laminorcraciun2-20x11.jpg 20w, https:\/\/buletin.de\/bucuresti\/wp-content\/uploads\/laminorcraciun2.jpg 2000w\" sizes=\"(max-width: 900px) 100vw, 900px\" \/><\/figure>\n\n\n\n<figure class=\"wp-block-image size-large\"><img decoding=\"async\" width=\"900\" height=\"507\" data-id=\"108787\" src=\"data:image\/gif;base64,R0lGODlhAQABAAAAACH5BAEKAAEALAAAAAABAAEAAAICTAEAOw==\" data-src=\"https:\/\/buletin.de\/bucuresti\/wp-content\/uploads\/laminorcraciun3-900x507.jpg\" alt=\"\" class=\"wp-image-108787 lazyload\" data-sizes=\"auto\" data-srcset=\"https:\/\/buletin.de\/bucuresti\/wp-content\/uploads\/laminorcraciun3-900x507.jpg 900w, https:\/\/buletin.de\/bucuresti\/wp-content\/uploads\/laminorcraciun3-300x169.jpg 300w, https:\/\/buletin.de\/bucuresti\/wp-content\/uploads\/laminorcraciun3-768x432.jpg 768w, https:\/\/buletin.de\/bucuresti\/wp-content\/uploads\/laminorcraciun3-1536x865.jpg 1536w, https:\/\/buletin.de\/bucuresti\/wp-content\/uploads\/laminorcraciun3-1600x901.jpg 1600w, https:\/\/buletin.de\/bucuresti\/wp-content\/uploads\/laminorcraciun3-1100x619.jpg 1100w, https:\/\/buletin.de\/bucuresti\/wp-content\/uploads\/laminorcraciun3-600x338.jpg 600w, https:\/\/buletin.de\/bucuresti\/wp-content\/uploads\/laminorcraciun3-20x11.jpg 20w, https:\/\/buletin.de\/bucuresti\/wp-content\/uploads\/laminorcraciun3.jpg 2000w\" sizes=\"(max-width: 900px) 100vw, 900px\" \/><\/figure>\n\n\n\n<figure class=\"wp-block-image size-large\"><img loading=\"lazy\" decoding=\"async\" width=\"900\" height=\"507\" data-id=\"108788\" src=\"data:image\/gif;base64,R0lGODlhAQABAAAAACH5BAEKAAEALAAAAAABAAEAAAICTAEAOw==\" data-src=\"https:\/\/buletin.de\/bucuresti\/wp-content\/uploads\/laminorcraciun4-900x507.jpg\" alt=\"\" class=\"wp-image-108788 lazyload\" data-sizes=\"auto\" data-srcset=\"https:\/\/buletin.de\/bucuresti\/wp-content\/uploads\/laminorcraciun4-900x507.jpg 900w, https:\/\/buletin.de\/bucuresti\/wp-content\/uploads\/laminorcraciun4-300x169.jpg 300w, https:\/\/buletin.de\/bucuresti\/wp-content\/uploads\/laminorcraciun4-768x432.jpg 768w, https:\/\/buletin.de\/bucuresti\/wp-content\/uploads\/laminorcraciun4-1536x865.jpg 1536w, https:\/\/buletin.de\/bucuresti\/wp-content\/uploads\/laminorcraciun4-1600x901.jpg 1600w, https:\/\/buletin.de\/bucuresti\/wp-content\/uploads\/laminorcraciun4-1100x619.jpg 1100w, https:\/\/buletin.de\/bucuresti\/wp-content\/uploads\/laminorcraciun4-600x338.jpg 600w, https:\/\/buletin.de\/bucuresti\/wp-content\/uploads\/laminorcraciun4-20x11.jpg 20w, https:\/\/buletin.de\/bucuresti\/wp-content\/uploads\/laminorcraciun4.jpg 2000w\" sizes=\"(max-width: 900px) 100vw, 900px\" \/><\/figure>\n\n\n\n<figure class=\"wp-block-image size-large\"><img loading=\"lazy\" decoding=\"async\" width=\"900\" height=\"620\" data-id=\"108789\" src=\"data:image\/gif;base64,R0lGODlhAQABAAAAACH5BAEKAAEALAAAAAABAAEAAAICTAEAOw==\" data-src=\"https:\/\/buletin.de\/bucuresti\/wp-content\/uploads\/laminorcraciun5-900x620.jpg\" alt=\"\" class=\"wp-image-108789 lazyload\" data-sizes=\"auto\" data-srcset=\"https:\/\/buletin.de\/bucuresti\/wp-content\/uploads\/laminorcraciun5-900x620.jpg 900w, https:\/\/buletin.de\/bucuresti\/wp-content\/uploads\/laminorcraciun5-300x207.jpg 300w, https:\/\/buletin.de\/bucuresti\/wp-content\/uploads\/laminorcraciun5-768x529.jpg 768w, https:\/\/buletin.de\/bucuresti\/wp-content\/uploads\/laminorcraciun5-1536x1058.jpg 1536w, https:\/\/buletin.de\/bucuresti\/wp-content\/uploads\/laminorcraciun5-1600x1102.jpg 1600w, https:\/\/buletin.de\/bucuresti\/wp-content\/uploads\/laminorcraciun5-1100x757.jpg 1100w, https:\/\/buletin.de\/bucuresti\/wp-content\/uploads\/laminorcraciun5-600x413.jpg 600w, https:\/\/buletin.de\/bucuresti\/wp-content\/uploads\/laminorcraciun5-20x14.jpg 20w, https:\/\/buletin.de\/bucuresti\/wp-content\/uploads\/laminorcraciun5.jpg 2000w\" sizes=\"(max-width: 900px) 100vw, 900px\" \/><\/figure>\n\n\n\n<figure class=\"wp-block-image size-large\"><img loading=\"lazy\" decoding=\"async\" width=\"900\" height=\"507\" data-id=\"108790\" src=\"data:image\/gif;base64,R0lGODlhAQABAAAAACH5BAEKAAEALAAAAAABAAEAAAICTAEAOw==\" data-src=\"https:\/\/buletin.de\/bucuresti\/wp-content\/uploads\/laminorcraciun6-900x507.jpg\" alt=\"S-a deschis \u0219i t\u00e2rgul de Cr\u0103ciun Laminor Wonderland. Foto Prim\u0103ria Sector 3\" class=\"wp-image-108790 lazyload\" data-sizes=\"auto\" data-srcset=\"https:\/\/buletin.de\/bucuresti\/wp-content\/uploads\/laminorcraciun6-900x507.jpg 900w, https:\/\/buletin.de\/bucuresti\/wp-content\/uploads\/laminorcraciun6-300x169.jpg 300w, https:\/\/buletin.de\/bucuresti\/wp-content\/uploads\/laminorcraciun6-768x432.jpg 768w, https:\/\/buletin.de\/bucuresti\/wp-content\/uploads\/laminorcraciun6-1536x865.jpg 1536w, https:\/\/buletin.de\/bucuresti\/wp-content\/uploads\/laminorcraciun6-1600x901.jpg 1600w, https:\/\/buletin.de\/bucuresti\/wp-content\/uploads\/laminorcraciun6-1100x619.jpg 1100w, https:\/\/buletin.de\/bucuresti\/wp-content\/uploads\/laminorcraciun6-600x338.jpg 600w, https:\/\/buletin.de\/bucuresti\/wp-content\/uploads\/laminorcraciun6-20x11.jpg 20w, https:\/\/buletin.de\/bucuresti\/wp-content\/uploads\/laminorcraciun6.jpg 2000w\" sizes=\"(max-width: 900px) 100vw, 900px\" \/><\/figure>\n<\/figure>\n\n\n\n<p><strong>Concertul de deschidere a fost sus\u021binut de c\u0103tre Puya \u0219i Horia Brenciu&amp;HB Orchestra.<\/strong><\/p>\n\n\n\n<iframe src=\"https:\/\/www.facebook.com\/plugins\/video.php?height=476&#038;href=https%3A%2F%2Fwww.facebook.com%2Flaminorwonderland%2Fvideos%2F1681226649093632%2F&#038;show_text=false&#038;width=267&#038;t=0\" width=\"267\" height=\"476\" style=\"border:none;overflow:hidden\" scrolling=\"no\" frameborder=\"0\" allowfullscreen=\"true\" allow=\"autoplay; clipboard-write; encrypted-media; picture-in-picture; web-share\" allowFullScreen=\"true\"><\/iframe>\n\n\n\n<p>CITE\u0218TE \u0218I: <strong><a href=\"https:\/\/buletin.de\/bucuresti\/foto-cum-arata-west-side-christmas-market-targul-de-craciun-din-drumul-taberei\/\" target=\"_blank\" rel=\"noreferrer noopener\">FOTO | Cum arat\u0103 West Side Christmas Market, t\u00e2rgul de Cr\u0103ciun din Drumul Taberei<\/a><\/strong><\/p>\n\n\n\n<h2 class=\"wp-block-heading\" id=\"h-cum-se-poate-ajunge-la-targul-de-craciun-laminor-wonderland\">Cum se poate ajunge la t\u00e2rgul de Cr\u0103ciun Laminor Wonderland<\/h2>\n\n\n\n<p>Hala Laminor se afl\u0103 pe Bd. Basarabia Nr. 256. <a href=\"https:\/\/www.facebook.com\/laminorwonderland\" target=\"_blank\" rel=\"noreferrer noopener\">T\u00e2rgul de Cr\u0103ciun Laminor Wonderland<\/a> este deschis de luni p\u00e2n\u0103 miercuri, \u00eentre orele 15:00 &#8211; 23:00, \u0219i de joi p\u00e2n\u0103 duminic\u0103 \u00eentre orele 12:00 &#8211; 24:00.<\/p>\n\n\n\n<p>F\u0103r\u0103 ma\u0219in\u0103, \u00een zon\u0103 se poate ajunge cu metroul, p\u00e2n\u0103 la sta\u021bia Republica, apoi 2 minute pe jos.<\/p>\n\n\n\n<p>T\u00e2rgul de Cr\u0103ciun din Sectorul 3, singurul organizat la interior din Bucure\u0219ti, este organizat \u00een cinci \u201et\u0103r\u00e2muri\u201d. Vizitatorii vor trece \u00eent\u00e2i prin T\u0103r\u00e2mul \u201eNorth Pole\u201d, apoi prin T\u0103r\u00e2mul \u201eMagic Forest\u201d, T\u0103r\u00e2mul \u201eTropical Xmas\u201d, urmat de T\u0103r\u00e2mul \u201eCircus Xmas\u201d \u0219i T\u0103r\u00e2mul \u201eIsland\u201d.<\/p>\n\n\n\n<p>\u201eLa cap\u0103tul acestui traseu magic se afl\u0103 chiar re\u0219edin\u021ba lui Mo\u0219 Cr\u0103ciun, cu o statuie impresionant\u0103 de 9 metri \u00een\u0103l\u021bime \u0219i un tren care \u00eei va conduce pe vizitatori spre destina\u021bia mult a\u0219teptat\u0103\u201d, potrivit Prim\u0103riei Sector 3.<\/p>\n\n\n\n<p>\u00cen exterior, Laminor Wonderland are un patinoar extins, mai mare dec\u00e2t \u00een anii trecu\u021bi, \u0219i o roat\u0103 panoramic\u0103 de 30 de metri.<\/p>\n\n\n\n<p>Vor mai fi baloane cu aer cald, carusel tematic, ateliere creative pentru cei mici \u0219i o zona gastronomic\u0103 &amp; cadouri.<\/p>\n\n\n\n<p>CITE\u0218TE \u0218I: <strong><a href=\"https:\/\/buletin.de\/bucuresti\/foto-cum-arata-targul-de-craciun-de-la-hala-laminor-decoratiunile-sunt-montate\/\" target=\"_blank\" rel=\"noreferrer noopener\">FOTO | Cum arat\u0103 t\u00e2rgul de Cr\u0103ciun de la Hala Laminor. Decora\u021biunile sunt montate<\/a><\/strong><\/p>\n\n\n\n<h2 class=\"wp-block-heading\" id=\"h-programul-targului-de-craciun-din-sectorul-3\">Programul t\u00e2rgului de Cr\u0103ciun din Sectorul 3<\/h2>\n\n\n\n<p>\u00cen programul Laminor Wonderland,&nbsp;<strong>vor fi concerte \u015fi al ateliere pentru copii de la orele 19.00 \u2013 21.00, cu 2 arti\u0219ti\/ sear\u0103 \u00een zilele de 29, 30 noiembrie \u015fi 1, 6, 7, 8, 13,14, 15, 20, 21, 22, 27 decembrie.<\/strong><\/p>\n\n\n\n<p><strong>\u00cen perioada 2- 20 decembrie vor fi 5 ateliere diferite pentru copii dup\u0103 urm\u0103torul program: de luni p\u00e2n\u0103 vineri de la 10.00 la 12.00, iar \u00een weekend de la 10.00 la 12.00 \u0219i de la 17.00 la 19.00.<\/strong><\/p>\n\n\n\n<p>\u201eT\u00e2rgul va cuprinde peste 150 de zone de cadouri \u0219i multiple spa\u021bii culinare, organizate at\u00e2t \u00een interior, c\u00e2t \u0219i \u00een exterior\u201d, a precizat Prim\u0103ria.<\/p>\n","protected":false},"excerpt":{"rendered":"<p>A fost inaugurat \u0219i t\u00e2rgul de Cr\u0103ciun Laminor Wonderland, organizat de Prim\u0103ria Sectorului 3 la Hala Laminor. T\u00e2rgul a fost deschis cu un spectacol de acroba\u021bie, sus\u021binut de Florin Romascu Percussion &amp; Acrobats. A fost urmat de o demonstra\u021bie de patinaj, Concertul de deschidere a fost sus\u021binut de c\u0103tre Puya \u0219i Horia Brenciu&amp;HB Orchestra. CITE\u0218TE [&hellip;]<\/p>\n","protected":false},"author":1,"featured_media":108785,"comment_status":"closed","ping_status":"open","sticky":false,"template":"","format":"standard","meta":{"_acf_changed":false,"inline_featured_image":false,"ngg_post_thumbnail":0,"footnotes":""},"categories":[6994,9026,62],"tags":[9,3396,16981,17147,16897,440,3472],"ppma_author":[22583],"class_list":["post-108783","post","type-post","status-publish","format-standard","has-post-thumbnail","hentry","category-stiri-2","category-eveniment","category-stiri","tag-bucuresti","tag-hala-laminor","tag-laminor-wonderland","tag-program-laminor","tag-program-targ-craciun","tag-sector-3","tag-targ-de-craciun"],"acf":[],"yoast_head":"<!-- This site is optimized with the Yoast SEO Premium plugin v25.3 (Yoast SEO v27.4) - https:\/\/yoast.com\/product\/yoast-seo-premium-wordpress\/ -->\n<title>S-a deschis \u0219i t\u00e2rgul de Cr\u0103ciun Laminor Wonderland - Buletin de Bucure\u0219ti<\/title>\n<meta name=\"description\" content=\"S\u00e2mb\u0103t\u0103 seara, a fost inaugurat \u0219i t\u00e2rgul de Cr\u0103ciun Laminor Wonderland, organizat de Prim\u0103ria Sectorului 3 la Hala Laminor.\" \/>\n<meta name=\"robots\" content=\"index, follow, max-snippet:-1, max-image-preview:large, max-video-preview:-1\" \/>\n<link rel=\"canonical\" href=\"https:\/\/buletin.de\/bucuresti\/s-a-deschis-si-targul-de-craciun-laminor-wonderland\/\" \/>\n<meta property=\"og:locale\" content=\"en_GB\" \/>\n<meta property=\"og:type\" content=\"article\" \/>\n<meta property=\"og:title\" content=\"S-a deschis \u0219i t\u00e2rgul de Cr\u0103ciun Laminor Wonderland\" \/>\n<meta property=\"og:description\" content=\"S\u00e2mb\u0103t\u0103 seara, a fost inaugurat \u0219i t\u00e2rgul de Cr\u0103ciun Laminor Wonderland, organizat de Prim\u0103ria Sectorului 3 la Hala Laminor.\" \/>\n<meta property=\"og:url\" content=\"https:\/\/buletin.de\/bucuresti\/s-a-deschis-si-targul-de-craciun-laminor-wonderland\/\" \/>\n<meta property=\"og:site_name\" content=\"Buletin de Bucure\u0219ti\" \/>\n<meta property=\"article:publisher\" content=\"https:\/\/www.facebook.com\/buletin.de.buc\" \/>\n<meta property=\"article:published_time\" content=\"2024-11-30T18:02:32+00:00\" \/>\n<meta property=\"article:modified_time\" content=\"2024-11-30T18:17:25+00:00\" \/>\n<meta property=\"og:image\" content=\"https:\/\/buletin.de\/bucuresti\/wp-content\/uploads\/laminorcraciun1.jpg\" \/>\n\t<meta property=\"og:image:width\" content=\"2000\" \/>\n\t<meta property=\"og:image:height\" content=\"1126\" \/>\n\t<meta property=\"og:image:type\" content=\"image\/jpeg\" \/>\n<meta name=\"author\" content=\"Redac\u021bia Buletin de Bucure\u0219ti\" \/>\n<meta name=\"twitter:card\" content=\"summary_large_image\" \/>\n<meta name=\"twitter:label1\" content=\"Written by\" \/>\n\t<meta name=\"twitter:data1\" content=\"Redac\u021bia Buletin de Bucure\u0219ti\" \/>\n\t<meta name=\"twitter:label2\" content=\"Estimated reading time\" \/>\n\t<meta name=\"twitter:data2\" content=\"4 minutes\" \/>\n<script type=\"application\/ld+json\" class=\"yoast-schema-graph\">{\"@context\":\"https:\\\/\\\/schema.org\",\"@graph\":[{\"@type\":\"Article\",\"@id\":\"https:\\\/\\\/buletin.de\\\/bucuresti\\\/s-a-deschis-si-targul-de-craciun-laminor-wonderland\\\/#article\",\"isPartOf\":{\"@id\":\"https:\\\/\\\/buletin.de\\\/bucuresti\\\/s-a-deschis-si-targul-de-craciun-laminor-wonderland\\\/\"},\"author\":{\"name\":\"Redac\u021bia Buletin de Bucure\u0219ti\",\"@id\":\"https:\\\/\\\/buletin.de\\\/bucuresti\\\/#\\\/schema\\\/person\\\/2bbcf854e5f2419a13804af574d06ab1\"},\"headline\":\"S-a deschis \u0219i t\u00e2rgul de Cr\u0103ciun Laminor Wonderland\",\"datePublished\":\"2024-11-30T18:02:32+00:00\",\"dateModified\":\"2024-11-30T18:17:25+00:00\",\"mainEntityOfPage\":{\"@id\":\"https:\\\/\\\/buletin.de\\\/bucuresti\\\/s-a-deschis-si-targul-de-craciun-laminor-wonderland\\\/\"},\"wordCount\":415,\"publisher\":{\"@id\":\"https:\\\/\\\/buletin.de\\\/bucuresti\\\/#organization\"},\"image\":{\"@id\":\"https:\\\/\\\/buletin.de\\\/bucuresti\\\/s-a-deschis-si-targul-de-craciun-laminor-wonderland\\\/#primaryimage\"},\"thumbnailUrl\":\"https:\\\/\\\/buletin.de\\\/bucuresti\\\/wp-content\\\/uploads\\\/laminorcraciun1.jpg\",\"keywords\":[\"bucuresti\",\"Hala Laminor\",\"laminor wonderland\",\"program laminor\",\"program t\u00e2rg craciun\",\"Sector 3\",\"targ de craciun\"],\"articleSection\":[\"Articole\",\"Eveniment\",\"\u0218tiri\"],\"inLanguage\":\"en-GB\",\"copyrightYear\":\"2024\",\"copyrightHolder\":{\"@id\":\"https:\\\/\\\/buletin.de\\\/bucuresti\\\/#organization\"}},{\"@type\":\"WebPage\",\"@id\":\"https:\\\/\\\/buletin.de\\\/bucuresti\\\/s-a-deschis-si-targul-de-craciun-laminor-wonderland\\\/\",\"url\":\"https:\\\/\\\/buletin.de\\\/bucuresti\\\/s-a-deschis-si-targul-de-craciun-laminor-wonderland\\\/\",\"name\":\"S-a deschis \u0219i t\u00e2rgul de Cr\u0103ciun Laminor Wonderland - Buletin de Bucure\u0219ti\",\"isPartOf\":{\"@id\":\"https:\\\/\\\/buletin.de\\\/bucuresti\\\/#website\"},\"primaryImageOfPage\":{\"@id\":\"https:\\\/\\\/buletin.de\\\/bucuresti\\\/s-a-deschis-si-targul-de-craciun-laminor-wonderland\\\/#primaryimage\"},\"image\":{\"@id\":\"https:\\\/\\\/buletin.de\\\/bucuresti\\\/s-a-deschis-si-targul-de-craciun-laminor-wonderland\\\/#primaryimage\"},\"thumbnailUrl\":\"https:\\\/\\\/buletin.de\\\/bucuresti\\\/wp-content\\\/uploads\\\/laminorcraciun1.jpg\",\"datePublished\":\"2024-11-30T18:02:32+00:00\",\"dateModified\":\"2024-11-30T18:17:25+00:00\",\"description\":\"S\u00e2mb\u0103t\u0103 seara, a fost inaugurat \u0219i t\u00e2rgul de Cr\u0103ciun Laminor Wonderland, organizat de Prim\u0103ria Sectorului 3 la Hala Laminor.\",\"breadcrumb\":{\"@id\":\"https:\\\/\\\/buletin.de\\\/bucuresti\\\/s-a-deschis-si-targul-de-craciun-laminor-wonderland\\\/#breadcrumb\"},\"inLanguage\":\"en-GB\",\"potentialAction\":[{\"@type\":\"ReadAction\",\"target\":[\"https:\\\/\\\/buletin.de\\\/bucuresti\\\/s-a-deschis-si-targul-de-craciun-laminor-wonderland\\\/\"]}]},{\"@type\":\"ImageObject\",\"inLanguage\":\"en-GB\",\"@id\":\"https:\\\/\\\/buletin.de\\\/bucuresti\\\/s-a-deschis-si-targul-de-craciun-laminor-wonderland\\\/#primaryimage\",\"url\":\"https:\\\/\\\/buletin.de\\\/bucuresti\\\/wp-content\\\/uploads\\\/laminorcraciun1.jpg\",\"contentUrl\":\"https:\\\/\\\/buletin.de\\\/bucuresti\\\/wp-content\\\/uploads\\\/laminorcraciun1.jpg\",\"width\":2000,\"height\":1126,\"caption\":\"S-a deschis \u0219i t\u00e2rgul de Cr\u0103ciun Laminor Wonderland. Foto Prim\u0103ria Sector 3\"},{\"@type\":\"BreadcrumbList\",\"@id\":\"https:\\\/\\\/buletin.de\\\/bucuresti\\\/s-a-deschis-si-targul-de-craciun-laminor-wonderland\\\/#breadcrumb\",\"itemListElement\":[{\"@type\":\"ListItem\",\"position\":1,\"name\":\"Acas\u0103\",\"item\":\"https:\\\/\\\/buletin.de\\\/bucuresti\\\/\"},{\"@type\":\"ListItem\",\"position\":2,\"name\":\"S-a deschis \u0219i t\u00e2rgul de Cr\u0103ciun Laminor Wonderland\"}]},{\"@type\":\"WebSite\",\"@id\":\"https:\\\/\\\/buletin.de\\\/bucuresti\\\/#website\",\"url\":\"https:\\\/\\\/buletin.de\\\/bucuresti\\\/\",\"name\":\"Buletin de Bucure\u0219ti\",\"description\":\"\u0218tiri \u0219i investiga\u021bii esen\u021biale din capital\u0103\",\"publisher\":{\"@id\":\"https:\\\/\\\/buletin.de\\\/bucuresti\\\/#organization\"},\"potentialAction\":[{\"@type\":\"SearchAction\",\"target\":{\"@type\":\"EntryPoint\",\"urlTemplate\":\"https:\\\/\\\/buletin.de\\\/bucuresti\\\/?s={search_term_string}\"},\"query-input\":{\"@type\":\"PropertyValueSpecification\",\"valueRequired\":true,\"valueName\":\"search_term_string\"}}],\"inLanguage\":\"en-GB\"},{\"@type\":\"Organization\",\"@id\":\"https:\\\/\\\/buletin.de\\\/bucuresti\\\/#organization\",\"name\":\"Buletin de Bucure\u0219ti\",\"url\":\"https:\\\/\\\/buletin.de\\\/bucuresti\\\/\",\"logo\":{\"@type\":\"ImageObject\",\"inLanguage\":\"en-GB\",\"@id\":\"https:\\\/\\\/buletin.de\\\/bucuresti\\\/#\\\/schema\\\/logo\\\/image\\\/\",\"url\":\"https:\\\/\\\/buletin.de\\\/bucuresti\\\/wp-content\\\/uploads\\\/logo-bdb-full-wide-vernil-transparent.png\",\"contentUrl\":\"https:\\\/\\\/buletin.de\\\/bucuresti\\\/wp-content\\\/uploads\\\/logo-bdb-full-wide-vernil-transparent.png\",\"width\":1782,\"height\":626,\"caption\":\"Buletin de Bucure\u0219ti\"},\"image\":{\"@id\":\"https:\\\/\\\/buletin.de\\\/bucuresti\\\/#\\\/schema\\\/logo\\\/image\\\/\"},\"sameAs\":[\"https:\\\/\\\/www.facebook.com\\\/buletin.de.buc\",\"https:\\\/\\\/www.instagram.com\\\/buletinde.bucuresti\\\/\"]},{\"@type\":\"Person\",\"@id\":\"https:\\\/\\\/buletin.de\\\/bucuresti\\\/#\\\/schema\\\/person\\\/2bbcf854e5f2419a13804af574d06ab1\",\"name\":\"Redac\u021bia Buletin de Bucure\u0219ti\",\"image\":{\"@type\":\"ImageObject\",\"inLanguage\":\"en-GB\",\"@id\":\"https:\\\/\\\/secure.gravatar.com\\\/avatar\\\/18c5342381ed1a08620e6280424e3e5efc958618f5d67c522c9e44c1bc6f9226?s=96&d=monsterid&r=g60c7cd0ad92c68c049fcd4bb3504d609\",\"url\":\"https:\\\/\\\/secure.gravatar.com\\\/avatar\\\/18c5342381ed1a08620e6280424e3e5efc958618f5d67c522c9e44c1bc6f9226?s=96&d=monsterid&r=g\",\"contentUrl\":\"https:\\\/\\\/secure.gravatar.com\\\/avatar\\\/18c5342381ed1a08620e6280424e3e5efc958618f5d67c522c9e44c1bc6f9226?s=96&d=monsterid&r=g\",\"caption\":\"Redac\u021bia Buletin de Bucure\u0219ti\"},\"description\":\"Buletin de Bucure\u0219ti exist\u0103 din vara anului 2019.\",\"url\":\"https:\\\/\\\/buletin.de\\\/bucuresti\\\/author\\\/adminbuletin\\\/\"}]}<\/script>\n<!-- \/ Yoast SEO Premium plugin. -->","yoast_head_json":{"title":"S-a deschis \u0219i t\u00e2rgul de Cr\u0103ciun Laminor Wonderland - Buletin de Bucure\u0219ti","description":"S\u00e2mb\u0103t\u0103 seara, a fost inaugurat \u0219i t\u00e2rgul de Cr\u0103ciun Laminor Wonderland, organizat de Prim\u0103ria Sectorului 3 la Hala Laminor.","robots":{"index":"index","follow":"follow","max-snippet":"max-snippet:-1","max-image-preview":"max-image-preview:large","max-video-preview":"max-video-preview:-1"},"canonical":"https:\/\/buletin.de\/bucuresti\/s-a-deschis-si-targul-de-craciun-laminor-wonderland\/","og_locale":"en_GB","og_type":"article","og_title":"S-a deschis \u0219i t\u00e2rgul de Cr\u0103ciun Laminor Wonderland","og_description":"S\u00e2mb\u0103t\u0103 seara, a fost inaugurat \u0219i t\u00e2rgul de Cr\u0103ciun Laminor Wonderland, organizat de Prim\u0103ria Sectorului 3 la Hala Laminor.","og_url":"https:\/\/buletin.de\/bucuresti\/s-a-deschis-si-targul-de-craciun-laminor-wonderland\/","og_site_name":"Buletin de Bucure\u0219ti","article_publisher":"https:\/\/www.facebook.com\/buletin.de.buc","article_published_time":"2024-11-30T18:02:32+00:00","article_modified_time":"2024-11-30T18:17:25+00:00","og_image":[{"width":2000,"height":1126,"url":"https:\/\/buletin.de\/bucuresti\/wp-content\/uploads\/laminorcraciun1.jpg","type":"image\/jpeg"}],"author":"Redac\u021bia Buletin de Bucure\u0219ti","twitter_card":"summary_large_image","twitter_misc":{"Written by":"Redac\u021bia Buletin de Bucure\u0219ti","Estimated reading time":"4 minutes"},"schema":{"@context":"https:\/\/schema.org","@graph":[{"@type":"Article","@id":"https:\/\/buletin.de\/bucuresti\/s-a-deschis-si-targul-de-craciun-laminor-wonderland\/#article","isPartOf":{"@id":"https:\/\/buletin.de\/bucuresti\/s-a-deschis-si-targul-de-craciun-laminor-wonderland\/"},"author":{"name":"Redac\u021bia Buletin de Bucure\u0219ti","@id":"https:\/\/buletin.de\/bucuresti\/#\/schema\/person\/2bbcf854e5f2419a13804af574d06ab1"},"headline":"S-a deschis \u0219i t\u00e2rgul de Cr\u0103ciun Laminor Wonderland","datePublished":"2024-11-30T18:02:32+00:00","dateModified":"2024-11-30T18:17:25+00:00","mainEntityOfPage":{"@id":"https:\/\/buletin.de\/bucuresti\/s-a-deschis-si-targul-de-craciun-laminor-wonderland\/"},"wordCount":415,"publisher":{"@id":"https:\/\/buletin.de\/bucuresti\/#organization"},"image":{"@id":"https:\/\/buletin.de\/bucuresti\/s-a-deschis-si-targul-de-craciun-laminor-wonderland\/#primaryimage"},"thumbnailUrl":"https:\/\/buletin.de\/bucuresti\/wp-content\/uploads\/laminorcraciun1.jpg","keywords":["bucuresti","Hala Laminor","laminor wonderland","program laminor","program t\u00e2rg craciun","Sector 3","targ de craciun"],"articleSection":["Articole","Eveniment","\u0218tiri"],"inLanguage":"en-GB","copyrightYear":"2024","copyrightHolder":{"@id":"https:\/\/buletin.de\/bucuresti\/#organization"}},{"@type":"WebPage","@id":"https:\/\/buletin.de\/bucuresti\/s-a-deschis-si-targul-de-craciun-laminor-wonderland\/","url":"https:\/\/buletin.de\/bucuresti\/s-a-deschis-si-targul-de-craciun-laminor-wonderland\/","name":"S-a deschis \u0219i t\u00e2rgul de Cr\u0103ciun Laminor Wonderland - Buletin de Bucure\u0219ti","isPartOf":{"@id":"https:\/\/buletin.de\/bucuresti\/#website"},"primaryImageOfPage":{"@id":"https:\/\/buletin.de\/bucuresti\/s-a-deschis-si-targul-de-craciun-laminor-wonderland\/#primaryimage"},"image":{"@id":"https:\/\/buletin.de\/bucuresti\/s-a-deschis-si-targul-de-craciun-laminor-wonderland\/#primaryimage"},"thumbnailUrl":"https:\/\/buletin.de\/bucuresti\/wp-content\/uploads\/laminorcraciun1.jpg","datePublished":"2024-11-30T18:02:32+00:00","dateModified":"2024-11-30T18:17:25+00:00","description":"S\u00e2mb\u0103t\u0103 seara, a fost inaugurat \u0219i t\u00e2rgul de Cr\u0103ciun Laminor Wonderland, organizat de Prim\u0103ria Sectorului 3 la Hala Laminor.","breadcrumb":{"@id":"https:\/\/buletin.de\/bucuresti\/s-a-deschis-si-targul-de-craciun-laminor-wonderland\/#breadcrumb"},"inLanguage":"en-GB","potentialAction":[{"@type":"ReadAction","target":["https:\/\/buletin.de\/bucuresti\/s-a-deschis-si-targul-de-craciun-laminor-wonderland\/"]}]},{"@type":"ImageObject","inLanguage":"en-GB","@id":"https:\/\/buletin.de\/bucuresti\/s-a-deschis-si-targul-de-craciun-laminor-wonderland\/#primaryimage","url":"https:\/\/buletin.de\/bucuresti\/wp-content\/uploads\/laminorcraciun1.jpg","contentUrl":"https:\/\/buletin.de\/bucuresti\/wp-content\/uploads\/laminorcraciun1.jpg","width":2000,"height":1126,"caption":"S-a deschis \u0219i t\u00e2rgul de Cr\u0103ciun Laminor Wonderland. Foto Prim\u0103ria Sector 3"},{"@type":"BreadcrumbList","@id":"https:\/\/buletin.de\/bucuresti\/s-a-deschis-si-targul-de-craciun-laminor-wonderland\/#breadcrumb","itemListElement":[{"@type":"ListItem","position":1,"name":"Acas\u0103","item":"https:\/\/buletin.de\/bucuresti\/"},{"@type":"ListItem","position":2,"name":"S-a deschis \u0219i t\u00e2rgul de Cr\u0103ciun Laminor Wonderland"}]},{"@type":"WebSite","@id":"https:\/\/buletin.de\/bucuresti\/#website","url":"https:\/\/buletin.de\/bucuresti\/","name":"Buletin de Bucure\u0219ti","description":"\u0218tiri \u0219i investiga\u021bii esen\u021biale din capital\u0103","publisher":{"@id":"https:\/\/buletin.de\/bucuresti\/#organization"},"potentialAction":[{"@type":"SearchAction","target":{"@type":"EntryPoint","urlTemplate":"https:\/\/buletin.de\/bucuresti\/?s={search_term_string}"},"query-input":{"@type":"PropertyValueSpecification","valueRequired":true,"valueName":"search_term_string"}}],"inLanguage":"en-GB"},{"@type":"Organization","@id":"https:\/\/buletin.de\/bucuresti\/#organization","name":"Buletin de Bucure\u0219ti","url":"https:\/\/buletin.de\/bucuresti\/","logo":{"@type":"ImageObject","inLanguage":"en-GB","@id":"https:\/\/buletin.de\/bucuresti\/#\/schema\/logo\/image\/","url":"https:\/\/buletin.de\/bucuresti\/wp-content\/uploads\/logo-bdb-full-wide-vernil-transparent.png","contentUrl":"https:\/\/buletin.de\/bucuresti\/wp-content\/uploads\/logo-bdb-full-wide-vernil-transparent.png","width":1782,"height":626,"caption":"Buletin de Bucure\u0219ti"},"image":{"@id":"https:\/\/buletin.de\/bucuresti\/#\/schema\/logo\/image\/"},"sameAs":["https:\/\/www.facebook.com\/buletin.de.buc","https:\/\/www.instagram.com\/buletinde.bucuresti\/"]},{"@type":"Person","@id":"https:\/\/buletin.de\/bucuresti\/#\/schema\/person\/2bbcf854e5f2419a13804af574d06ab1","name":"Redac\u021bia Buletin de Bucure\u0219ti","image":{"@type":"ImageObject","inLanguage":"en-GB","@id":"https:\/\/secure.gravatar.com\/avatar\/18c5342381ed1a08620e6280424e3e5efc958618f5d67c522c9e44c1bc6f9226?s=96&d=monsterid&r=g60c7cd0ad92c68c049fcd4bb3504d609","url":"https:\/\/secure.gravatar.com\/avatar\/18c5342381ed1a08620e6280424e3e5efc958618f5d67c522c9e44c1bc6f9226?s=96&d=monsterid&r=g","contentUrl":"https:\/\/secure.gravatar.com\/avatar\/18c5342381ed1a08620e6280424e3e5efc958618f5d67c522c9e44c1bc6f9226?s=96&d=monsterid&r=g","caption":"Redac\u021bia Buletin de Bucure\u0219ti"},"description":"Buletin de Bucure\u0219ti exist\u0103 din vara anului 2019.","url":"https:\/\/buletin.de\/bucuresti\/author\/adminbuletin\/"}]}},"authors":[{"term_id":22583,"user_id":1,"is_guest":0,"slug":"adminbuletin","display_name":"Redac\u021bia Buletin de Bucure\u0219ti","avatar_url":"https:\/\/secure.gravatar.com\/avatar\/18c5342381ed1a08620e6280424e3e5efc958618f5d67c522c9e44c1bc6f9226?s=96&d=monsterid&r=g","0":null,"1":"","2":"","3":"","4":"","5":"","6":"","7":"","8":""}],"_links":{"self":[{"href":"https:\/\/buletin.de\/bucuresti\/wp-json\/wp\/v2\/posts\/108783","targetHints":{"allow":["GET"]}}],"collection":[{"href":"https:\/\/buletin.de\/bucuresti\/wp-json\/wp\/v2\/posts"}],"about":[{"href":"https:\/\/buletin.de\/bucuresti\/wp-json\/wp\/v2\/types\/post"}],"author":[{"embeddable":true,"href":"https:\/\/buletin.de\/bucuresti\/wp-json\/wp\/v2\/users\/1"}],"replies":[{"embeddable":true,"href":"https:\/\/buletin.de\/bucuresti\/wp-json\/wp\/v2\/comments?post=108783"}],"version-history":[{"count":8,"href":"https:\/\/buletin.de\/bucuresti\/wp-json\/wp\/v2\/posts\/108783\/revisions"}],"predecessor-version":[{"id":108804,"href":"https:\/\/buletin.de\/bucuresti\/wp-json\/wp\/v2\/posts\/108783\/revisions\/108804"}],"wp:featuredmedia":[{"embeddable":true,"href":"https:\/\/buletin.de\/bucuresti\/wp-json\/wp\/v2\/media\/108785"}],"wp:attachment":[{"href":"https:\/\/buletin.de\/bucuresti\/wp-json\/wp\/v2\/media?parent=108783"}],"wp:term":[{"taxonomy":"category","embeddable":true,"href":"https:\/\/buletin.de\/bucuresti\/wp-json\/wp\/v2\/categories?post=108783"},{"taxonomy":"post_tag","embeddable":true,"href":"https:\/\/buletin.de\/bucuresti\/wp-json\/wp\/v2\/tags?post=108783"},{"taxonomy":"author","embeddable":true,"href":"https:\/\/buletin.de\/bucuresti\/wp-json\/wp\/v2\/ppma_author?post=108783"}],"curies":[{"name":"wp","href":"https:\/\/api.w.org\/{rel}","templated":true}]}}