{"id":108469,"date":"2024-11-28T18:13:08","date_gmt":"2024-11-28T15:13:08","guid":{"rendered":"https:\/\/buletin.de\/bucuresti\/?p=108469"},"modified":"2024-11-29T10:38:08","modified_gmt":"2024-11-29T07:38:08","slug":"video-i-activist-care-lupta-impotriva-taierilor-ilegale-din-ior-agresat-de-unul-dintre-chiriasii-zonei-retrocedate","status":"publish","type":"post","link":"https:\/\/buletin.de\/bucuresti\/video-i-activist-care-lupta-impotriva-taierilor-ilegale-din-ior-agresat-de-unul-dintre-chiriasii-zonei-retrocedate\/","title":{"rendered":"VIDEO I Activist care lupt\u0103 \u00eempotriva t\u0103ierilor ilegale din IOR, agresat de unul dintre chiria\u015fii zonei retrocedate"},"content":{"rendered":"\n<p><strong>Unul dintre cet\u0103\u0163enii care lupt\u0103 \u00eempotriva t\u0103ierilor ilegale din IOR, din zona retrocedat\u0103, a fost agresat fizic \u015fi verbal de Sorin Mu\u015fat, unul dintre chiria\u015fii terenului, arat\u0103 o filmare postat\u0103 de mi\u015fcarea civic\u0103<a href=\"https:\/\/www.facebook.com\/profile.php?id=100095506269140\"> \u201eAici a fost o p\u0103dure\/ aici ar putea fi o p\u0103dure\u201d.<\/a><\/strong><\/p>\n\n\n\n<p>De altfel, nu este prima dat\u0103 c\u00e2nd Sorin Mu\u0219at devine agresiv cu cet\u0103\u021benii care se opun defri\u0219\u0103rii p\u0103r\u021bii retrocedate. \u00cen iulie 2024, b\u0103rbatul l-a amenin\u021bat \u0219i pe activistul Beniamin Ghorghi\u021b\u0103 c\u0103 va fi ars de viu \u0219i b\u0103tut cu toporul, a\u0219a cum a scris Buletin de Bucure\u0219ti aici.<\/p>\n\n\n\n<p>Incidentul a avut loc \u00een aceast\u0103 diminea\u021b\u0103, \u00een jurul orei 11:00. Buletin de Bucure\u015fti a luat leg\u0103tura cu victima, care a povestit c\u0103 locuie\u015fte \u00een zon\u0103 \u015fi c\u0103, al\u0103turi de al\u0163i cet\u0103\u0163eni, s-a organizat s\u0103 stea de veghe ultimilor platani r\u0103ma\u0219i din IOR.<\/p>\n\n\n\n<p><strong>CITE\u0218TE \u0218I: <a href=\"https:\/\/buletin.de\/bucuresti\/sector-3-amenintat-ca-va-fi-ars-de-viu-pentru-ca-se-opune-taierilor-din-zona-retrocedata-a-ior\/\">Sector 3 | Amenin\u021bat c\u0103 va fi ars de viu, pentru c\u0103 se opune t\u0103ierilor din zona retrocedat\u0103 a IOR<\/a><\/strong><\/p>\n\n\n\n<figure class=\"wp-block-embed is-type-video is-provider-youtube wp-block-embed-youtube wp-embed-aspect-16-9 wp-has-aspect-ratio\"><div class=\"wp-block-embed__wrapper\">\n<div class=\"jlvid_container\"><iframe title=\"Activist care lupt\u0103 \u00eempotriva t\u0103ierilor din IOR, agresat de unul dintre chiria\u015fii zonei retrocedate\" width=\"1200\" height=\"675\" src=\"https:\/\/www.youtube.com\/embed\/KmIzS1Z14ZA?feature=oembed\" frameborder=\"0\" allow=\"accelerometer; autoplay; clipboard-write; encrypted-media; gyroscope; picture-in-picture; web-share\" referrerpolicy=\"strict-origin-when-cross-origin\" allowfullscreen><\/iframe><\/div>\n<\/div><\/figure>\n\n\n\n<p>De data aceasta, activistul a mers singur. <\/p>\n\n\n\n<blockquote class=\"wp-block-quote is-layout-flow wp-block-quote-is-layout-flow\">\n<p>Am fost singur la platani, la Potcoav\u0103. Erau patru: Mu\u0219at \u0219i \u00eenc\u0103 trei, undeva la Titan, l\u00e2ng\u0103 sta\u021bia de metrou. M-am dus, i-am filmat cu telefonul \u0219i practic, m-au luat la b\u0103taie. M-am trezit cu un picior \u00een stomac, \u00eembr\u00e2ncit. M-am retras, am f\u0103cut pl\u00e2ngere.<\/p>\n<\/blockquote>\n\n\n\n<p><strong>Dup\u0103 ce s-a retras, cet\u0103\u021benul a sunat la 112. Poli\u021bia a venit \u00een aproximativ 10 minute \u0219i l-a sanc\u021bionat pe Sorin Mu\u0219at cu o amend\u0103 de 500 lei, pentru injurii. De altfel, chiria\u0219ul zonei retrocedate a continuat s\u0103 \u00eenjure chiar \u0219i \u00een prezen\u021ba poli\u021bi\u0219tilor, sus\u021bine victima.<\/strong><\/p>\n\n\n\n<p>\u201eEu eram singur, ei erau patru. Mi-a zis poli\u021bia: \u201eP\u0103i, de ce te-ai mai dus?\u201d. P\u0103i, dac\u0103 st\u0103m to\u021bi acas\u0103, nu se \u00eent\u00e2mpl\u0103 nimic \u00een \u021bara asta\u201d, a declarat locuitorul Sectorului 3 pentru Buletin de Bucure\u0219ti.<\/p>\n\n\n\n<p>C\u00e2t despre agresiunea fizic\u0103, acesta a fost \u00eendrumat s\u0103 depun\u0103 pl\u00e2ngere penal\u0103 la Sec\u0163ia 12 de Poli\u0163ie, ceea ce a \u015fi f\u0103cut.<\/p>\n\n\n\n<blockquote class=\"wp-block-quote is-layout-flow wp-block-quote-is-layout-flow\">\n<p>Ceea ce el risc\u0103 este o amend\u0103 penal\u0103, dar nu voi renun\u021ba, pentru c\u0103 nu este normal s\u0103 ba\u021bi lumea pe strad\u0103 \u00een halul \u0103sta.<\/p>\n<\/blockquote>\n\n\n\n<p>Conform <a href=\"https:\/\/legislatie.just.ro\/Public\/DetaliiDocument\/223635\">articolului 193 din Codul Penal<\/a>, <em>\u201elovirea sau orice acte de violen\u021b\u0103 cauzatoare de suferin\u021be fizice se pedepsesc cu \u00eenchisoare de la 3 luni la 2 ani sau cu amend\u0103.\u201d<\/em><\/p>\n\n\n\n<p>\u00cen cazul \u00een care se produc leziuni traumatice sau victima are nevoie de zile de \u00eengrijiri medicale, pedeapsa poate cre\u0219te la cinci ani.<\/p>\n\n\n\n<h2 class=\"wp-block-heading\" id=\"h-cine-este-sorin-musat-cel-care-l-a-agresat-pe-activistul-care-lupta-impotriva-taierilor-ilegale-din-ior\">Cine este Sorin Mu\u015fat, cel care l-a agresat pe activistul care lupt\u0103 \u00eempotriva t\u0103ierilor ilegale din IOR<\/h2>\n\n\n\n<p><strong>Sorin Mu\u0219at este fiul lui Mihai Mu\u0219at, un om de afaceri care de\u021bine utilaje de distrac\u0163ie \u00een Or\u0103\u015felul Copiilor \u0219i care ar fi conectat cu lumea interlop\u0103 din Sectorul 4, conform unei <a href=\"https:\/\/www.riseproject.ro\/investigations\/uncategorized\/ce-pazeste-nelu-lupu\/?fbclid=IwAR17vEizWVPx_suBUFYCR1xGFWwCiki2gJTexcDk8Oj-ZRZ0uXzSsvDhG7g\">investiga\u021bii Rise Project din 2020.<\/a><\/strong><\/p>\n\n\n\n<p>Doi ani mai t\u00e2rziu, \u00een zona retrocedat\u0103 din Parcul IOR a ap\u0103rut un panou care anun\u021ba construirea unui parc de distrac\u021bii, \u201e<em>Disney Mania<\/em>\u201d. Acesta ar fi urmat s\u0103 se \u00eentind\u0103 pe toat\u0103 bucata dinspre blocul Potcoav\u0103, iar termenul de execu\u021bie anun\u021bat era de trei ani, relata <a href=\"https:\/\/pressone.ro\/exclusiv-cel-mai-verde-sector-nu-mai-e-chiar-asa-de-verde-din-cenusa-parcului-ior-rasar-clatite-si-tiribombe\">PressOne <\/a>la acea vreme.<\/p>\n\n\n\n<p>Leg\u0103tura dintre distrugerea voit\u0103 a vegeta\u021biei \u0219i afacerile ap\u0103rute pe terenul retrocedat a fost f\u0103cut\u0103 chiar de Poli\u021bia Local\u0103 a Sectorului 3, conform aceleia\u0219i surse:<\/p>\n\n\n\n<p><strong>\u201eSuprafa\u021ba retrocedat\u0103 din Parcul IOR este \u00een plin\u0103 degradare din cauza distrugerilor vegetale, prin incendii provocate repetat \u0219i uscarea copacilor cu tot felul de substan\u021be, toate aceste ac\u021biuni av\u00e2nd un singur scop: amplasarea pe zona retrocedat\u0103 a numeroase construc\u021bii cu destina\u021bie agrement \u0219i comer\u021b\u201d<\/strong>, au transmis autorit\u0103\u0163ile pentru<a href=\"https:\/\/pressone.ro\/exclusiv-cel-mai-verde-sector-nu-mai-e-chiar-asa-de-verde-din-cenusa-parcului-ior-rasar-clatite-si-tiribombe\"> PressOne<\/a>.<\/p>\n\n\n\n<p>Potrivit unui articol <a href=\"https:\/\/observatornews.ro\/social\/balci-ilegal-aparut-in-ior-primaria-acuza-proprietarul-parcului-ca-vrea-sa-ridice-fara-acte-un-minidisneyland-491669.html\">observatornews.ro, <\/a>Mihai Mu\u0219at a negat c\u0103 ar avea vreo leg\u0103tur\u0103 cu afacerile fiului s\u0103u, declar\u00e2nd:<em> \u201eE b\u0103iatul meu dar nici el nu mi-a zis nimic mie. Eu nici nu-l bag \u00een seam\u0103. Ce o avea el \u00een cap, nu \u015ftiu. Nu discut\u0103m pentru c\u0103 avem alte principii de via\u0163\u0103.\u201d<\/em><\/p>\n\n\n\n<p>Acum, \u201eDisney Mania\u201d zace abandonat\u0103, dup\u0103 ce instala\u021biile de agrement au fost luate din teren. \u00cen urm\u0103 au r\u0103mas doar \u201ec\u00e2teva plastice\u201d ponosite, declar\u0103 activistul Beniamin Gheorghi\u021b\u0103.<\/p>\n\n\n\n<p>\u00cen prezen\u021ba poli\u021biei, drujba\u0219ii sus\u021bin c\u0103 \u00eengrijesc terenul \u0219i taie arborii usca\u021bi. \u00cen aceast\u0103 diminea\u021b\u0103, arborii defri\u0219a\u021bi erau por\u021biona\u021bi \u00een buc\u0103\u021bi c\u00e2t mai mici, cel mai probabil pentru a elibera zona, poveste\u0219te activistul agresat.<\/p>\n\n\n\n<figure class=\"wp-block-embed is-type-video is-provider-youtube wp-block-embed-youtube wp-embed-aspect-16-9 wp-has-aspect-ratio\"><div class=\"wp-block-embed__wrapper\">\n<div class=\"jlvid_container\"><iframe title=\"T\u0103ieri zona retrocedat\u0103 IOR\" width=\"1200\" height=\"675\" src=\"https:\/\/www.youtube.com\/embed\/ZN8iWAAf7VU?feature=oembed\" frameborder=\"0\" allow=\"accelerometer; autoplay; clipboard-write; encrypted-media; gyroscope; picture-in-picture; web-share\" referrerpolicy=\"strict-origin-when-cross-origin\" allowfullscreen><\/iframe><\/div>\n<\/div><\/figure>\n\n\n\n<p><strong>Reporterii Buletin de Bucure\u015fti l-au c\u0103utat pe Sorin Mu\u0219at pe teren, pentru a r\u0103spunde acuza\u021biilor, \u00eens\u0103 nu l-au g\u0103sit.<\/strong><\/p>\n\n\n\n<h2 class=\"wp-block-heading\" id=\"h-peste-400-de-arbori-doborati-fara-aviz-in-parcul-ior\">Peste 400 de arbori dobor\u00e2\u0163i f\u0103r\u0103 aviz \u00een Parcul IOR<\/h2>\n\n\n\n<p>Societatea civil\u0103 solicit\u0103 m\u0103suri urgente pentru oprirea t\u0103ierilor ilegale din Parcul IOR \u015fi salvarea ultimilor platani, printr-o scrisoare deschis\u0103 c\u0103tre primarul general Nicu\u015for Dan \u015fi premierul Marcel Ciolacu.<\/p>\n\n\n\n<p>Ac\u0163iunea are loc \u00een contextul \u00een care peste 400 arbori au fost dobor\u00e2\u0163i f\u0103r\u0103 aviz \u00een ultimele dou\u0103 s\u0103pt\u0103m\u00e2ni, chiar sub ochii autorit\u0103\u0163ilor.<\/p>\n\n\n\n<p><strong>CITE\u015eTE \u015eI:<a href=\"https:\/\/buletin.de\/bucuresti\/scrisoare-deschisa-pentru-parcul-ior-un-ecocid-in-mijlocul-bucurestiului-peste-400-de-arbori-macelariti-in-ultimele-doua-saptamani\/\"> Scrisoare deschis\u0103 pentru Parcul IOR: \u201eUn ecocid \u00een mijlocul Bucure\u0219tiului\u201d. Peste 400 de arbori m\u0103cel\u0103ri\u021bi \u00een ultimele dou\u0103 s\u0103pt\u0103m\u00e2ni<\/a><\/strong><\/p>\n","protected":false},"excerpt":{"rendered":"<p>Unul dintre cet\u0103\u0163enii care lupt\u0103 \u00eempotriva t\u0103ierilor ilegale din IOR, din zona retrocedat\u0103, a fost agresat fizic \u015fi verbal de Sorin Mu\u015fat, unul dintre chiria\u015fii terenului, arat\u0103 o filmare postat\u0103 de mi\u015fcarea civic\u0103 \u201eAici a fost o p\u0103dure\/ aici ar putea fi o p\u0103dure\u201d. De altfel, nu este prima dat\u0103 c\u00e2nd Sorin Mu\u0219at devine agresiv [&hellip;]<\/p>\n","protected":false},"author":55,"featured_media":108514,"comment_status":"closed","ping_status":"open","sticky":false,"template":"","format":"standard","meta":{"_acf_changed":false,"inline_featured_image":false,"ngg_post_thumbnail":0,"footnotes":""},"categories":[6994,9026,5762,109],"tags":[17226,16863,13503,17227,17225,5726,14934,16864,440,17224,12022,17230,6660],"ppma_author":[22573],"class_list":["post-108469","post","type-post","status-publish","format-standard","has-post-thumbnail","hentry","category-stiri-2","category-eveniment","category-main","category-mediu","tag-activist-amenintat","tag-aici-a-fost-o-padure-aici-ar-putea-fi-o-padure","tag-beniamin-gheorghita","tag-cetatean-agresat-de-sorin-musat","tag-disney-mania","tag-ior","tag-politia-locala-sector-3","tag-sectia-12-politie","tag-sector-3","tag-sorin-musat","tag-spatii-verzi-bucuresti-2","tag-taieri-ilegale-2","tag-zona-retrocedata"],"acf":[],"yoast_head":"<!-- This site is optimized with the Yoast SEO Premium plugin v25.3 (Yoast SEO v27.5) - https:\/\/yoast.com\/product\/yoast-seo-premium-wordpress\/ -->\n<title>VIDEO I Activist care lupt\u0103 \u00eempotriva t\u0103ierilor ilegale din IOR, agresat de unul dintre chiria\u015fii zonei retrocedate - Buletin de Bucure\u0219ti<\/title>\n<meta name=\"description\" content=\"Unul dintre cet\u0103\u0163enii care lupt\u0103 \u00eempotriva t\u0103ierilor ilegale din zona retrocedat\u0103 a Parcului IOR a fost agresat fizic \u015fi verbal.\" \/>\n<meta name=\"robots\" content=\"index, follow, max-snippet:-1, max-image-preview:large, max-video-preview:-1\" \/>\n<link rel=\"canonical\" href=\"https:\/\/buletin.de\/bucuresti\/video-i-activist-care-lupta-impotriva-taierilor-ilegale-din-ior-agresat-de-unul-dintre-chiriasii-zonei-retrocedate\/\" \/>\n<meta property=\"og:locale\" content=\"en_GB\" \/>\n<meta property=\"og:type\" content=\"article\" \/>\n<meta property=\"og:title\" content=\"VIDEO I Activist care lupt\u0103 \u00eempotriva t\u0103ierilor ilegale din IOR, agresat de unul dintre chiria\u015fii zonei retrocedate\" \/>\n<meta property=\"og:description\" content=\"Unul dintre cet\u0103\u0163enii care lupt\u0103 \u00eempotriva t\u0103ierilor ilegale din zona retrocedat\u0103 a Parcului IOR a fost agresat fizic \u015fi verbal.\" \/>\n<meta property=\"og:url\" content=\"https:\/\/buletin.de\/bucuresti\/video-i-activist-care-lupta-impotriva-taierilor-ilegale-din-ior-agresat-de-unul-dintre-chiriasii-zonei-retrocedate\/\" \/>\n<meta property=\"og:site_name\" content=\"Buletin de Bucure\u0219ti\" \/>\n<meta property=\"article:publisher\" content=\"https:\/\/www.facebook.com\/buletin.de.buc\" \/>\n<meta property=\"article:published_time\" content=\"2024-11-28T15:13:08+00:00\" \/>\n<meta property=\"article:modified_time\" content=\"2024-11-29T07:38:08+00:00\" \/>\n<meta property=\"og:image\" content=\"https:\/\/buletin.de\/bucuresti\/wp-content\/uploads\/WhatsApp-Image-2024-11-28-at-16.40.57_8d4d6275-1.jpg\" \/>\n\t<meta property=\"og:image:width\" content=\"1600\" \/>\n\t<meta property=\"og:image:height\" content=\"1200\" \/>\n\t<meta property=\"og:image:type\" content=\"image\/jpeg\" \/>\n<meta name=\"author\" content=\"Andreea Tudor\" \/>\n<meta name=\"twitter:card\" content=\"summary_large_image\" \/>\n<meta name=\"twitter:label1\" content=\"Written by\" \/>\n\t<meta name=\"twitter:data1\" content=\"Andreea Tudor\" \/>\n\t<meta name=\"twitter:label2\" content=\"Estimated reading time\" \/>\n\t<meta name=\"twitter:data2\" content=\"4 minutes\" \/>\n<script type=\"application\/ld+json\" class=\"yoast-schema-graph\">{\"@context\":\"https:\\\/\\\/schema.org\",\"@graph\":[{\"@type\":\"Article\",\"@id\":\"https:\\\/\\\/buletin.de\\\/bucuresti\\\/video-i-activist-care-lupta-impotriva-taierilor-ilegale-din-ior-agresat-de-unul-dintre-chiriasii-zonei-retrocedate\\\/#article\",\"isPartOf\":{\"@id\":\"https:\\\/\\\/buletin.de\\\/bucuresti\\\/video-i-activist-care-lupta-impotriva-taierilor-ilegale-din-ior-agresat-de-unul-dintre-chiriasii-zonei-retrocedate\\\/\"},\"author\":{\"name\":\"Andreea Tudor\",\"@id\":\"https:\\\/\\\/buletin.de\\\/bucuresti\\\/#\\\/schema\\\/person\\\/150590659efde715459d159da012f501\"},\"headline\":\"VIDEO I Activist care lupt\u0103 \u00eempotriva t\u0103ierilor ilegale din IOR, agresat de unul dintre chiria\u015fii zonei retrocedate\",\"datePublished\":\"2024-11-28T15:13:08+00:00\",\"dateModified\":\"2024-11-29T07:38:08+00:00\",\"mainEntityOfPage\":{\"@id\":\"https:\\\/\\\/buletin.de\\\/bucuresti\\\/video-i-activist-care-lupta-impotriva-taierilor-ilegale-din-ior-agresat-de-unul-dintre-chiriasii-zonei-retrocedate\\\/\"},\"wordCount\":939,\"publisher\":{\"@id\":\"https:\\\/\\\/buletin.de\\\/bucuresti\\\/#organization\"},\"image\":{\"@id\":\"https:\\\/\\\/buletin.de\\\/bucuresti\\\/video-i-activist-care-lupta-impotriva-taierilor-ilegale-din-ior-agresat-de-unul-dintre-chiriasii-zonei-retrocedate\\\/#primaryimage\"},\"thumbnailUrl\":\"https:\\\/\\\/buletin.de\\\/bucuresti\\\/wp-content\\\/uploads\\\/WhatsApp-Image-2024-11-28-at-16.40.57_8d4d6275-1.jpg\",\"keywords\":[\"activist amenintat\",\"aici a fost o p\u0103dure \\\/ aici ar putea fi o p\u0103dure\",\"beniamin gheorghita\",\"cetatean agresat de sorin musat\",\"disney mania\",\"IOR\",\"politia locala sector 3\",\"sectia 12 politie\",\"Sector 3\",\"sorin musat\",\"spatii verzi bucuresti\",\"taieri ilegale\",\"zona retrocedata\"],\"articleSection\":[\"Articole\",\"Eveniment\",\"Main\",\"Mediu\"],\"inLanguage\":\"en-GB\",\"copyrightYear\":\"2024\",\"copyrightHolder\":{\"@id\":\"https:\\\/\\\/buletin.de\\\/bucuresti\\\/#organization\"}},{\"@type\":\"WebPage\",\"@id\":\"https:\\\/\\\/buletin.de\\\/bucuresti\\\/video-i-activist-care-lupta-impotriva-taierilor-ilegale-din-ior-agresat-de-unul-dintre-chiriasii-zonei-retrocedate\\\/\",\"url\":\"https:\\\/\\\/buletin.de\\\/bucuresti\\\/video-i-activist-care-lupta-impotriva-taierilor-ilegale-din-ior-agresat-de-unul-dintre-chiriasii-zonei-retrocedate\\\/\",\"name\":\"VIDEO I Activist care lupt\u0103 \u00eempotriva t\u0103ierilor ilegale din IOR, agresat de unul dintre chiria\u015fii zonei retrocedate - Buletin de Bucure\u0219ti\",\"isPartOf\":{\"@id\":\"https:\\\/\\\/buletin.de\\\/bucuresti\\\/#website\"},\"primaryImageOfPage\":{\"@id\":\"https:\\\/\\\/buletin.de\\\/bucuresti\\\/video-i-activist-care-lupta-impotriva-taierilor-ilegale-din-ior-agresat-de-unul-dintre-chiriasii-zonei-retrocedate\\\/#primaryimage\"},\"image\":{\"@id\":\"https:\\\/\\\/buletin.de\\\/bucuresti\\\/video-i-activist-care-lupta-impotriva-taierilor-ilegale-din-ior-agresat-de-unul-dintre-chiriasii-zonei-retrocedate\\\/#primaryimage\"},\"thumbnailUrl\":\"https:\\\/\\\/buletin.de\\\/bucuresti\\\/wp-content\\\/uploads\\\/WhatsApp-Image-2024-11-28-at-16.40.57_8d4d6275-1.jpg\",\"datePublished\":\"2024-11-28T15:13:08+00:00\",\"dateModified\":\"2024-11-29T07:38:08+00:00\",\"description\":\"Unul dintre cet\u0103\u0163enii care lupt\u0103 \u00eempotriva t\u0103ierilor ilegale din zona retrocedat\u0103 a Parcului IOR a fost agresat fizic \u015fi verbal.\",\"breadcrumb\":{\"@id\":\"https:\\\/\\\/buletin.de\\\/bucuresti\\\/video-i-activist-care-lupta-impotriva-taierilor-ilegale-din-ior-agresat-de-unul-dintre-chiriasii-zonei-retrocedate\\\/#breadcrumb\"},\"inLanguage\":\"en-GB\",\"potentialAction\":[{\"@type\":\"ReadAction\",\"target\":[\"https:\\\/\\\/buletin.de\\\/bucuresti\\\/video-i-activist-care-lupta-impotriva-taierilor-ilegale-din-ior-agresat-de-unul-dintre-chiriasii-zonei-retrocedate\\\/\"]}]},{\"@type\":\"ImageObject\",\"inLanguage\":\"en-GB\",\"@id\":\"https:\\\/\\\/buletin.de\\\/bucuresti\\\/video-i-activist-care-lupta-impotriva-taierilor-ilegale-din-ior-agresat-de-unul-dintre-chiriasii-zonei-retrocedate\\\/#primaryimage\",\"url\":\"https:\\\/\\\/buletin.de\\\/bucuresti\\\/wp-content\\\/uploads\\\/WhatsApp-Image-2024-11-28-at-16.40.57_8d4d6275-1.jpg\",\"contentUrl\":\"https:\\\/\\\/buletin.de\\\/bucuresti\\\/wp-content\\\/uploads\\\/WhatsApp-Image-2024-11-28-at-16.40.57_8d4d6275-1.jpg\",\"width\":1600,\"height\":1200,\"caption\":\"Activist care lupt\u0103 \u00eempotriva t\u0103ierilor ilegale din IOR, agresat de unul dintre chiria\u015fii zonei retrocedate. Foto: C\u0103t\u0103lin Anghel-Dimache\"},{\"@type\":\"BreadcrumbList\",\"@id\":\"https:\\\/\\\/buletin.de\\\/bucuresti\\\/video-i-activist-care-lupta-impotriva-taierilor-ilegale-din-ior-agresat-de-unul-dintre-chiriasii-zonei-retrocedate\\\/#breadcrumb\",\"itemListElement\":[{\"@type\":\"ListItem\",\"position\":1,\"name\":\"Acas\u0103\",\"item\":\"https:\\\/\\\/buletin.de\\\/bucuresti\\\/\"},{\"@type\":\"ListItem\",\"position\":2,\"name\":\"VIDEO I Activist care lupt\u0103 \u00eempotriva t\u0103ierilor ilegale din IOR, agresat de unul dintre chiria\u015fii zonei retrocedate\"}]},{\"@type\":\"WebSite\",\"@id\":\"https:\\\/\\\/buletin.de\\\/bucuresti\\\/#website\",\"url\":\"https:\\\/\\\/buletin.de\\\/bucuresti\\\/\",\"name\":\"Buletin de Bucure\u0219ti\",\"description\":\"\u0218tiri \u0219i investiga\u021bii esen\u021biale din capital\u0103\",\"publisher\":{\"@id\":\"https:\\\/\\\/buletin.de\\\/bucuresti\\\/#organization\"},\"potentialAction\":[{\"@type\":\"SearchAction\",\"target\":{\"@type\":\"EntryPoint\",\"urlTemplate\":\"https:\\\/\\\/buletin.de\\\/bucuresti\\\/?s={search_term_string}\"},\"query-input\":{\"@type\":\"PropertyValueSpecification\",\"valueRequired\":true,\"valueName\":\"search_term_string\"}}],\"inLanguage\":\"en-GB\"},{\"@type\":\"Organization\",\"@id\":\"https:\\\/\\\/buletin.de\\\/bucuresti\\\/#organization\",\"name\":\"Buletin de Bucure\u0219ti\",\"url\":\"https:\\\/\\\/buletin.de\\\/bucuresti\\\/\",\"logo\":{\"@type\":\"ImageObject\",\"inLanguage\":\"en-GB\",\"@id\":\"https:\\\/\\\/buletin.de\\\/bucuresti\\\/#\\\/schema\\\/logo\\\/image\\\/\",\"url\":\"https:\\\/\\\/buletin.de\\\/bucuresti\\\/wp-content\\\/uploads\\\/logo-bdb-full-wide-vernil-transparent.png\",\"contentUrl\":\"https:\\\/\\\/buletin.de\\\/bucuresti\\\/wp-content\\\/uploads\\\/logo-bdb-full-wide-vernil-transparent.png\",\"width\":1782,\"height\":626,\"caption\":\"Buletin de Bucure\u0219ti\"},\"image\":{\"@id\":\"https:\\\/\\\/buletin.de\\\/bucuresti\\\/#\\\/schema\\\/logo\\\/image\\\/\"},\"sameAs\":[\"https:\\\/\\\/www.facebook.com\\\/buletin.de.buc\",\"https:\\\/\\\/www.instagram.com\\\/buletinde.bucuresti\\\/\"]},{\"@type\":\"Person\",\"@id\":\"https:\\\/\\\/buletin.de\\\/bucuresti\\\/#\\\/schema\\\/person\\\/150590659efde715459d159da012f501\",\"name\":\"Andreea Tudor\",\"image\":{\"@type\":\"ImageObject\",\"inLanguage\":\"en-GB\",\"@id\":\"https:\\\/\\\/secure.gravatar.com\\\/avatar\\\/a88705a186ab0b67f3349bcbced506c09e37256fbaad0e7f3bd1a79b4599f589?s=96&d=monsterid&r=g79290610aa1a65c2b86eebc2ca5aee8f\",\"url\":\"https:\\\/\\\/secure.gravatar.com\\\/avatar\\\/a88705a186ab0b67f3349bcbced506c09e37256fbaad0e7f3bd1a79b4599f589?s=96&d=monsterid&r=g\",\"contentUrl\":\"https:\\\/\\\/secure.gravatar.com\\\/avatar\\\/a88705a186ab0b67f3349bcbced506c09e37256fbaad0e7f3bd1a79b4599f589?s=96&d=monsterid&r=g\",\"caption\":\"Andreea Tudor\"},\"description\":\"N\u0103scut\u0103 \u0219i crescut\u0103 \u00een Bucure\u0219ti, sus\u021bin\u0103toare a presei independente. A\u0219a am ajuns redactor la Buletin de Bucure\u0219ti. Fiind eu, \u00eens\u0103mi, parte a sistemului de \u00eenv\u0103\u021b\u0103m\u00e2nt rom\u00e2nesc \u0219i pasionat\u0103 de domeniul social, pun sub lup\u0103 tot ceea ce se \u00eent\u00e2mpl\u0103 \u00een sfera educa\u021biei. Cred cu t\u0103rie c\u0103 presa \u201epentru cet\u0103\u021beni\u201d este presa independent\u0103. Oamenii au nevoie de o informare corect\u0103 pentru a \u00een\u021belege pe deplin ce se \u00eent\u00e2mpl\u0103 \u00een jurul lor \u0219i pentru a lua ac\u021biune \u00eempotriva nedrept\u0103\u021bilor.\",\"url\":\"https:\\\/\\\/buletin.de\\\/bucuresti\\\/author\\\/andreeatudor\\\/\"}]}<\/script>\n<!-- \/ Yoast SEO Premium plugin. -->","yoast_head_json":{"title":"VIDEO I Activist care lupt\u0103 \u00eempotriva t\u0103ierilor ilegale din IOR, agresat de unul dintre chiria\u015fii zonei retrocedate - Buletin de Bucure\u0219ti","description":"Unul dintre cet\u0103\u0163enii care lupt\u0103 \u00eempotriva t\u0103ierilor ilegale din zona retrocedat\u0103 a Parcului IOR a fost agresat fizic \u015fi verbal.","robots":{"index":"index","follow":"follow","max-snippet":"max-snippet:-1","max-image-preview":"max-image-preview:large","max-video-preview":"max-video-preview:-1"},"canonical":"https:\/\/buletin.de\/bucuresti\/video-i-activist-care-lupta-impotriva-taierilor-ilegale-din-ior-agresat-de-unul-dintre-chiriasii-zonei-retrocedate\/","og_locale":"en_GB","og_type":"article","og_title":"VIDEO I Activist care lupt\u0103 \u00eempotriva t\u0103ierilor ilegale din IOR, agresat de unul dintre chiria\u015fii zonei retrocedate","og_description":"Unul dintre cet\u0103\u0163enii care lupt\u0103 \u00eempotriva t\u0103ierilor ilegale din zona retrocedat\u0103 a Parcului IOR a fost agresat fizic \u015fi verbal.","og_url":"https:\/\/buletin.de\/bucuresti\/video-i-activist-care-lupta-impotriva-taierilor-ilegale-din-ior-agresat-de-unul-dintre-chiriasii-zonei-retrocedate\/","og_site_name":"Buletin de Bucure\u0219ti","article_publisher":"https:\/\/www.facebook.com\/buletin.de.buc","article_published_time":"2024-11-28T15:13:08+00:00","article_modified_time":"2024-11-29T07:38:08+00:00","og_image":[{"width":1600,"height":1200,"url":"https:\/\/buletin.de\/bucuresti\/wp-content\/uploads\/WhatsApp-Image-2024-11-28-at-16.40.57_8d4d6275-1.jpg","type":"image\/jpeg"}],"author":"Andreea Tudor","twitter_card":"summary_large_image","twitter_misc":{"Written by":"Andreea Tudor","Estimated reading time":"4 minutes"},"schema":{"@context":"https:\/\/schema.org","@graph":[{"@type":"Article","@id":"https:\/\/buletin.de\/bucuresti\/video-i-activist-care-lupta-impotriva-taierilor-ilegale-din-ior-agresat-de-unul-dintre-chiriasii-zonei-retrocedate\/#article","isPartOf":{"@id":"https:\/\/buletin.de\/bucuresti\/video-i-activist-care-lupta-impotriva-taierilor-ilegale-din-ior-agresat-de-unul-dintre-chiriasii-zonei-retrocedate\/"},"author":{"name":"Andreea Tudor","@id":"https:\/\/buletin.de\/bucuresti\/#\/schema\/person\/150590659efde715459d159da012f501"},"headline":"VIDEO I Activist care lupt\u0103 \u00eempotriva t\u0103ierilor ilegale din IOR, agresat de unul dintre chiria\u015fii zonei retrocedate","datePublished":"2024-11-28T15:13:08+00:00","dateModified":"2024-11-29T07:38:08+00:00","mainEntityOfPage":{"@id":"https:\/\/buletin.de\/bucuresti\/video-i-activist-care-lupta-impotriva-taierilor-ilegale-din-ior-agresat-de-unul-dintre-chiriasii-zonei-retrocedate\/"},"wordCount":939,"publisher":{"@id":"https:\/\/buletin.de\/bucuresti\/#organization"},"image":{"@id":"https:\/\/buletin.de\/bucuresti\/video-i-activist-care-lupta-impotriva-taierilor-ilegale-din-ior-agresat-de-unul-dintre-chiriasii-zonei-retrocedate\/#primaryimage"},"thumbnailUrl":"https:\/\/buletin.de\/bucuresti\/wp-content\/uploads\/WhatsApp-Image-2024-11-28-at-16.40.57_8d4d6275-1.jpg","keywords":["activist amenintat","aici a fost o p\u0103dure \/ aici ar putea fi o p\u0103dure","beniamin gheorghita","cetatean agresat de sorin musat","disney mania","IOR","politia locala sector 3","sectia 12 politie","Sector 3","sorin musat","spatii verzi bucuresti","taieri ilegale","zona retrocedata"],"articleSection":["Articole","Eveniment","Main","Mediu"],"inLanguage":"en-GB","copyrightYear":"2024","copyrightHolder":{"@id":"https:\/\/buletin.de\/bucuresti\/#organization"}},{"@type":"WebPage","@id":"https:\/\/buletin.de\/bucuresti\/video-i-activist-care-lupta-impotriva-taierilor-ilegale-din-ior-agresat-de-unul-dintre-chiriasii-zonei-retrocedate\/","url":"https:\/\/buletin.de\/bucuresti\/video-i-activist-care-lupta-impotriva-taierilor-ilegale-din-ior-agresat-de-unul-dintre-chiriasii-zonei-retrocedate\/","name":"VIDEO I Activist care lupt\u0103 \u00eempotriva t\u0103ierilor ilegale din IOR, agresat de unul dintre chiria\u015fii zonei retrocedate - Buletin de Bucure\u0219ti","isPartOf":{"@id":"https:\/\/buletin.de\/bucuresti\/#website"},"primaryImageOfPage":{"@id":"https:\/\/buletin.de\/bucuresti\/video-i-activist-care-lupta-impotriva-taierilor-ilegale-din-ior-agresat-de-unul-dintre-chiriasii-zonei-retrocedate\/#primaryimage"},"image":{"@id":"https:\/\/buletin.de\/bucuresti\/video-i-activist-care-lupta-impotriva-taierilor-ilegale-din-ior-agresat-de-unul-dintre-chiriasii-zonei-retrocedate\/#primaryimage"},"thumbnailUrl":"https:\/\/buletin.de\/bucuresti\/wp-content\/uploads\/WhatsApp-Image-2024-11-28-at-16.40.57_8d4d6275-1.jpg","datePublished":"2024-11-28T15:13:08+00:00","dateModified":"2024-11-29T07:38:08+00:00","description":"Unul dintre cet\u0103\u0163enii care lupt\u0103 \u00eempotriva t\u0103ierilor ilegale din zona retrocedat\u0103 a Parcului IOR a fost agresat fizic \u015fi verbal.","breadcrumb":{"@id":"https:\/\/buletin.de\/bucuresti\/video-i-activist-care-lupta-impotriva-taierilor-ilegale-din-ior-agresat-de-unul-dintre-chiriasii-zonei-retrocedate\/#breadcrumb"},"inLanguage":"en-GB","potentialAction":[{"@type":"ReadAction","target":["https:\/\/buletin.de\/bucuresti\/video-i-activist-care-lupta-impotriva-taierilor-ilegale-din-ior-agresat-de-unul-dintre-chiriasii-zonei-retrocedate\/"]}]},{"@type":"ImageObject","inLanguage":"en-GB","@id":"https:\/\/buletin.de\/bucuresti\/video-i-activist-care-lupta-impotriva-taierilor-ilegale-din-ior-agresat-de-unul-dintre-chiriasii-zonei-retrocedate\/#primaryimage","url":"https:\/\/buletin.de\/bucuresti\/wp-content\/uploads\/WhatsApp-Image-2024-11-28-at-16.40.57_8d4d6275-1.jpg","contentUrl":"https:\/\/buletin.de\/bucuresti\/wp-content\/uploads\/WhatsApp-Image-2024-11-28-at-16.40.57_8d4d6275-1.jpg","width":1600,"height":1200,"caption":"Activist care lupt\u0103 \u00eempotriva t\u0103ierilor ilegale din IOR, agresat de unul dintre chiria\u015fii zonei retrocedate. Foto: C\u0103t\u0103lin Anghel-Dimache"},{"@type":"BreadcrumbList","@id":"https:\/\/buletin.de\/bucuresti\/video-i-activist-care-lupta-impotriva-taierilor-ilegale-din-ior-agresat-de-unul-dintre-chiriasii-zonei-retrocedate\/#breadcrumb","itemListElement":[{"@type":"ListItem","position":1,"name":"Acas\u0103","item":"https:\/\/buletin.de\/bucuresti\/"},{"@type":"ListItem","position":2,"name":"VIDEO I Activist care lupt\u0103 \u00eempotriva t\u0103ierilor ilegale din IOR, agresat de unul dintre chiria\u015fii zonei retrocedate"}]},{"@type":"WebSite","@id":"https:\/\/buletin.de\/bucuresti\/#website","url":"https:\/\/buletin.de\/bucuresti\/","name":"Buletin de Bucure\u0219ti","description":"\u0218tiri \u0219i investiga\u021bii esen\u021biale din capital\u0103","publisher":{"@id":"https:\/\/buletin.de\/bucuresti\/#organization"},"potentialAction":[{"@type":"SearchAction","target":{"@type":"EntryPoint","urlTemplate":"https:\/\/buletin.de\/bucuresti\/?s={search_term_string}"},"query-input":{"@type":"PropertyValueSpecification","valueRequired":true,"valueName":"search_term_string"}}],"inLanguage":"en-GB"},{"@type":"Organization","@id":"https:\/\/buletin.de\/bucuresti\/#organization","name":"Buletin de Bucure\u0219ti","url":"https:\/\/buletin.de\/bucuresti\/","logo":{"@type":"ImageObject","inLanguage":"en-GB","@id":"https:\/\/buletin.de\/bucuresti\/#\/schema\/logo\/image\/","url":"https:\/\/buletin.de\/bucuresti\/wp-content\/uploads\/logo-bdb-full-wide-vernil-transparent.png","contentUrl":"https:\/\/buletin.de\/bucuresti\/wp-content\/uploads\/logo-bdb-full-wide-vernil-transparent.png","width":1782,"height":626,"caption":"Buletin de Bucure\u0219ti"},"image":{"@id":"https:\/\/buletin.de\/bucuresti\/#\/schema\/logo\/image\/"},"sameAs":["https:\/\/www.facebook.com\/buletin.de.buc","https:\/\/www.instagram.com\/buletinde.bucuresti\/"]},{"@type":"Person","@id":"https:\/\/buletin.de\/bucuresti\/#\/schema\/person\/150590659efde715459d159da012f501","name":"Andreea Tudor","image":{"@type":"ImageObject","inLanguage":"en-GB","@id":"https:\/\/secure.gravatar.com\/avatar\/a88705a186ab0b67f3349bcbced506c09e37256fbaad0e7f3bd1a79b4599f589?s=96&d=monsterid&r=g79290610aa1a65c2b86eebc2ca5aee8f","url":"https:\/\/secure.gravatar.com\/avatar\/a88705a186ab0b67f3349bcbced506c09e37256fbaad0e7f3bd1a79b4599f589?s=96&d=monsterid&r=g","contentUrl":"https:\/\/secure.gravatar.com\/avatar\/a88705a186ab0b67f3349bcbced506c09e37256fbaad0e7f3bd1a79b4599f589?s=96&d=monsterid&r=g","caption":"Andreea Tudor"},"description":"N\u0103scut\u0103 \u0219i crescut\u0103 \u00een Bucure\u0219ti, sus\u021bin\u0103toare a presei independente. A\u0219a am ajuns redactor la Buletin de Bucure\u0219ti. Fiind eu, \u00eens\u0103mi, parte a sistemului de \u00eenv\u0103\u021b\u0103m\u00e2nt rom\u00e2nesc \u0219i pasionat\u0103 de domeniul social, pun sub lup\u0103 tot ceea ce se \u00eent\u00e2mpl\u0103 \u00een sfera educa\u021biei. Cred cu t\u0103rie c\u0103 presa \u201epentru cet\u0103\u021beni\u201d este presa independent\u0103. Oamenii au nevoie de o informare corect\u0103 pentru a \u00een\u021belege pe deplin ce se \u00eent\u00e2mpl\u0103 \u00een jurul lor \u0219i pentru a lua ac\u021biune \u00eempotriva nedrept\u0103\u021bilor.","url":"https:\/\/buletin.de\/bucuresti\/author\/andreeatudor\/"}]}},"authors":[{"term_id":22573,"user_id":55,"is_guest":0,"slug":"andreeatudor","display_name":"Andreea Tudor","avatar_url":"https:\/\/secure.gravatar.com\/avatar\/a88705a186ab0b67f3349bcbced506c09e37256fbaad0e7f3bd1a79b4599f589?s=96&d=monsterid&r=g","0":null,"1":"","2":"","3":"","4":"","5":"","6":"","7":"","8":""}],"_links":{"self":[{"href":"https:\/\/buletin.de\/bucuresti\/wp-json\/wp\/v2\/posts\/108469","targetHints":{"allow":["GET"]}}],"collection":[{"href":"https:\/\/buletin.de\/bucuresti\/wp-json\/wp\/v2\/posts"}],"about":[{"href":"https:\/\/buletin.de\/bucuresti\/wp-json\/wp\/v2\/types\/post"}],"author":[{"embeddable":true,"href":"https:\/\/buletin.de\/bucuresti\/wp-json\/wp\/v2\/users\/55"}],"replies":[{"embeddable":true,"href":"https:\/\/buletin.de\/bucuresti\/wp-json\/wp\/v2\/comments?post=108469"}],"version-history":[{"count":11,"href":"https:\/\/buletin.de\/bucuresti\/wp-json\/wp\/v2\/posts\/108469\/revisions"}],"predecessor-version":[{"id":108553,"href":"https:\/\/buletin.de\/bucuresti\/wp-json\/wp\/v2\/posts\/108469\/revisions\/108553"}],"wp:featuredmedia":[{"embeddable":true,"href":"https:\/\/buletin.de\/bucuresti\/wp-json\/wp\/v2\/media\/108514"}],"wp:attachment":[{"href":"https:\/\/buletin.de\/bucuresti\/wp-json\/wp\/v2\/media?parent=108469"}],"wp:term":[{"taxonomy":"category","embeddable":true,"href":"https:\/\/buletin.de\/bucuresti\/wp-json\/wp\/v2\/categories?post=108469"},{"taxonomy":"post_tag","embeddable":true,"href":"https:\/\/buletin.de\/bucuresti\/wp-json\/wp\/v2\/tags?post=108469"},{"taxonomy":"author","embeddable":true,"href":"https:\/\/buletin.de\/bucuresti\/wp-json\/wp\/v2\/ppma_author?post=108469"}],"curies":[{"name":"wp","href":"https:\/\/api.w.org\/{rel}","templated":true}]}}