{"id":10839,"date":"2020-08-21T11:36:48","date_gmt":"2020-08-21T09:36:48","guid":{"rendered":"https:\/\/buletin.de\/bucuresti\/?p=10839"},"modified":"2023-09-19T15:36:36","modified_gmt":"2023-09-19T13:36:36","slug":"trolling-electoral-primarul-dan-tudorache-asaltat-de-fanii-slapului-pe-facebook-dupa-ce-s-a-plans-ca-tudor-tubel-schinagel-i-a-contestat-candidatura","status":"publish","type":"post","link":"https:\/\/buletin.de\/bucuresti\/trolling-electoral-primarul-dan-tudorache-asaltat-de-fanii-slapului-pe-facebook-dupa-ce-s-a-plans-ca-tudor-tubel-schinagel-i-a-contestat-candidatura\/","title":{"rendered":"Trolling electoral! Primarul Dan Tudorache, asaltat de fanii \u201e\u0218lapului\u201d pe Facebook dup\u0103 ce s-a pl\u00e2ns c\u0103 Tudor Tubel Schinagel i-a contestat candidatura"},"content":{"rendered":"\n<p><strong>Pe pagina de Facebook a primarului Dan Tudorache de la sectorul 1 a luat amploare un trolling electoral, dup\u0103 ce acesta a postat despre faptul c\u0103 contracandidatul Tudor Tubelu Schinagel i-a contestat candidatura. Comentarii precum \u201eVota\u021bi \u0218LAPUL!\u201d sau \u201eVrem secretul \u00eembog\u0103\u021birii grabnice\u201d au inundat pagina primarului Tudorache. Tubelu a declarat pentru Buletin de Bucure\u0219ti c\u0103 ini\u021biativa lui este o satir\u0103 la adres\u0103 actualei clase politice, lucru pe care actual primar sectorului 1 nu l-a sesizat.<\/strong><\/p>\n\n\n\n<p><\/p>\n\n\n\n<p>Primarul sectorului 1, Dan Tudorache, a fost asaltat cu comentarii ironice pe Facebook dup\u0103 ce a publicat un status despre cum contracandidatul lui, Tudor Schinagel, cunoscut drept Tubelu, i-a contestat candidatura. Primarul Tudorache a scris c\u0103 este curios ce anume dore\u0219te Tudor Schinagel, \u201e<em>un personaj cu totul original<\/em>\u201d, \u0219i, totodat\u0103, l-a anun\u021bat pe acesta c\u0103 \u201e<em>\u0219i eu port \u0219lapi, doar c\u0103 numai cu anumite ocazii. Probabil e nemul\u021bumit c\u0103 nu avem acela\u0219i num\u0103r.<\/em>\u201d<\/p>\n\n\n\n<iframe src=\"https:\/\/www.facebook.com\/plugins\/post.php?href=https%3A%2F%2Fwww.facebook.com%2Fdan.tudorache.primar.s1%2Fposts%2F1652270121610780&#038;width=500\" width=\"500\" height=\"797\" style=\"border:none;overflow:hidden\" scrolling=\"no\" frameborder=\"0\" allowTransparency=\"true\" allow=\"encrypted-media\"><\/iframe>\n\n\n\n<p>Fanii \u0219lapului, simbolul asumat de Tubelu, au sesizat imediat postarea actualului primar care nu a \u00een\u021beles aspectul satiric al ini\u021biativei lui Tudor Schinagel. <\/p>\n\n\n\n<figure class=\"wp-block-gallery columns-2 is-cropped wp-block-gallery-1 is-layout-flex wp-block-gallery-is-layout-flex\"><ul class=\"blocks-gallery-grid\"><li class=\"blocks-gallery-item\"><figure><img fetchpriority=\"high\" decoding=\"async\" width=\"668\" height=\"596\" src=\"data:image\/gif;base64,R0lGODlhAQABAAAAACH5BAEKAAEALAAAAAABAAEAAAICTAEAOw==\" data-src=\"https:\/\/buletin.de\/bucuresti\/wp-content\/uploads\/Screenshot_2-17.png\" alt=\"\" data-id=\"10841\" data-full-url=\"https:\/\/buletin.de\/bucuresti\/wp-content\/uploads\/Screenshot_2-17.png\" data-link=\"https:\/\/buletin.de\/bucuresti\/?attachment_id=10841\" class=\"wp-image-10841 lazyload\" data-sizes=\"auto\" data-srcset=\"https:\/\/buletin.de\/bucuresti\/wp-content\/uploads\/Screenshot_2-17.png 668w, https:\/\/buletin.de\/bucuresti\/wp-content\/uploads\/Screenshot_2-17-600x535.png 600w, https:\/\/buletin.de\/bucuresti\/wp-content\/uploads\/Screenshot_2-17-300x268.png 300w, https:\/\/buletin.de\/bucuresti\/wp-content\/uploads\/Screenshot_2-17-550x491.png 550w, https:\/\/buletin.de\/bucuresti\/wp-content\/uploads\/Screenshot_2-17-560x500.png 560w\" sizes=\"(max-width: 668px) 100vw, 668px\" \/><\/figure><\/li><li class=\"blocks-gallery-item\"><figure><img decoding=\"async\" width=\"666\" height=\"651\" src=\"data:image\/gif;base64,R0lGODlhAQABAAAAACH5BAEKAAEALAAAAAABAAEAAAICTAEAOw==\" data-src=\"https:\/\/buletin.de\/bucuresti\/wp-content\/uploads\/Screenshot_1-23.png\" alt=\"\" data-id=\"10842\" data-full-url=\"https:\/\/buletin.de\/bucuresti\/wp-content\/uploads\/Screenshot_1-23.png\" data-link=\"https:\/\/buletin.de\/bucuresti\/?attachment_id=10842\" class=\"wp-image-10842 lazyload\" data-sizes=\"auto\" data-srcset=\"https:\/\/buletin.de\/bucuresti\/wp-content\/uploads\/Screenshot_1-23.png 666w, https:\/\/buletin.de\/bucuresti\/wp-content\/uploads\/Screenshot_1-23-600x586.png 600w, https:\/\/buletin.de\/bucuresti\/wp-content\/uploads\/Screenshot_1-23-300x293.png 300w, https:\/\/buletin.de\/bucuresti\/wp-content\/uploads\/Screenshot_1-23-550x538.png 550w, https:\/\/buletin.de\/bucuresti\/wp-content\/uploads\/Screenshot_1-23-512x500.png 512w\" sizes=\"(max-width: 666px) 100vw, 666px\" \/><\/figure><\/li><\/ul><\/figure>\n\n\n\n<figure class=\"wp-block-gallery columns-2 is-cropped wp-block-gallery-2 is-layout-flex wp-block-gallery-is-layout-flex\"><ul class=\"blocks-gallery-grid\"><li class=\"blocks-gallery-item\"><figure><img decoding=\"async\" width=\"647\" height=\"664\" src=\"data:image\/gif;base64,R0lGODlhAQABAAAAACH5BAEKAAEALAAAAAABAAEAAAICTAEAOw==\" data-src=\"https:\/\/buletin.de\/bucuresti\/wp-content\/uploads\/Screenshot_4-10.png\" alt=\"\" data-id=\"10843\" data-full-url=\"https:\/\/buletin.de\/bucuresti\/wp-content\/uploads\/Screenshot_4-10.png\" data-link=\"https:\/\/buletin.de\/bucuresti\/?attachment_id=10843\" class=\"wp-image-10843 lazyload\" data-sizes=\"auto\" data-srcset=\"https:\/\/buletin.de\/bucuresti\/wp-content\/uploads\/Screenshot_4-10.png 647w, https:\/\/buletin.de\/bucuresti\/wp-content\/uploads\/Screenshot_4-10-600x616.png 600w, https:\/\/buletin.de\/bucuresti\/wp-content\/uploads\/Screenshot_4-10-292x300.png 292w, https:\/\/buletin.de\/bucuresti\/wp-content\/uploads\/Screenshot_4-10-550x564.png 550w, https:\/\/buletin.de\/bucuresti\/wp-content\/uploads\/Screenshot_4-10-487x500.png 487w\" sizes=\"(max-width: 647px) 100vw, 647px\" \/><\/figure><\/li><li class=\"blocks-gallery-item\"><figure><img loading=\"lazy\" decoding=\"async\" width=\"658\" height=\"692\" src=\"data:image\/gif;base64,R0lGODlhAQABAAAAACH5BAEKAAEALAAAAAABAAEAAAICTAEAOw==\" data-src=\"https:\/\/buletin.de\/bucuresti\/wp-content\/uploads\/Screenshot_3-16.png\" alt=\"\" data-id=\"10844\" data-full-url=\"https:\/\/buletin.de\/bucuresti\/wp-content\/uploads\/Screenshot_3-16.png\" data-link=\"https:\/\/buletin.de\/bucuresti\/?attachment_id=10844\" class=\"wp-image-10844 lazyload\" data-sizes=\"auto\" data-srcset=\"https:\/\/buletin.de\/bucuresti\/wp-content\/uploads\/Screenshot_3-16.png 658w, https:\/\/buletin.de\/bucuresti\/wp-content\/uploads\/Screenshot_3-16-600x631.png 600w, https:\/\/buletin.de\/bucuresti\/wp-content\/uploads\/Screenshot_3-16-285x300.png 285w, https:\/\/buletin.de\/bucuresti\/wp-content\/uploads\/Screenshot_3-16-550x578.png 550w, https:\/\/buletin.de\/bucuresti\/wp-content\/uploads\/Screenshot_3-16-475x500.png 475w\" sizes=\"(max-width: 658px) 100vw, 658px\" \/><\/figure><\/li><\/ul><\/figure>\n\n\n\n<figure class=\"wp-block-gallery columns-2 is-cropped wp-block-gallery-3 is-layout-flex wp-block-gallery-is-layout-flex\"><ul class=\"blocks-gallery-grid\"><li class=\"blocks-gallery-item\"><figure><img loading=\"lazy\" decoding=\"async\" width=\"650\" height=\"550\" src=\"data:image\/gif;base64,R0lGODlhAQABAAAAACH5BAEKAAEALAAAAAABAAEAAAICTAEAOw==\" data-src=\"https:\/\/buletin.de\/bucuresti\/wp-content\/uploads\/Screenshot_5-8.png\" alt=\"\" data-id=\"10845\" data-full-url=\"https:\/\/buletin.de\/bucuresti\/wp-content\/uploads\/Screenshot_5-8.png\" data-link=\"https:\/\/buletin.de\/bucuresti\/?attachment_id=10845\" class=\"wp-image-10845 lazyload\" data-sizes=\"auto\" data-srcset=\"https:\/\/buletin.de\/bucuresti\/wp-content\/uploads\/Screenshot_5-8.png 650w, https:\/\/buletin.de\/bucuresti\/wp-content\/uploads\/Screenshot_5-8-600x508.png 600w, https:\/\/buletin.de\/bucuresti\/wp-content\/uploads\/Screenshot_5-8-300x254.png 300w, https:\/\/buletin.de\/bucuresti\/wp-content\/uploads\/Screenshot_5-8-550x465.png 550w, https:\/\/buletin.de\/bucuresti\/wp-content\/uploads\/Screenshot_5-8-591x500.png 591w\" sizes=\"(max-width: 650px) 100vw, 650px\" \/><\/figure><\/li><li class=\"blocks-gallery-item\"><figure><img loading=\"lazy\" decoding=\"async\" width=\"668\" height=\"615\" src=\"data:image\/gif;base64,R0lGODlhAQABAAAAACH5BAEKAAEALAAAAAABAAEAAAICTAEAOw==\" data-src=\"https:\/\/buletin.de\/bucuresti\/wp-content\/uploads\/Screenshot_6-2.png\" alt=\"\" data-id=\"10846\" data-full-url=\"https:\/\/buletin.de\/bucuresti\/wp-content\/uploads\/Screenshot_6-2.png\" data-link=\"https:\/\/buletin.de\/bucuresti\/?attachment_id=10846\" class=\"wp-image-10846 lazyload\" data-sizes=\"auto\" data-srcset=\"https:\/\/buletin.de\/bucuresti\/wp-content\/uploads\/Screenshot_6-2.png 668w, https:\/\/buletin.de\/bucuresti\/wp-content\/uploads\/Screenshot_6-2-600x552.png 600w, https:\/\/buletin.de\/bucuresti\/wp-content\/uploads\/Screenshot_6-2-300x276.png 300w, https:\/\/buletin.de\/bucuresti\/wp-content\/uploads\/Screenshot_6-2-550x506.png 550w, https:\/\/buletin.de\/bucuresti\/wp-content\/uploads\/Screenshot_6-2-543x500.png 543w\" sizes=\"(max-width: 668px) 100vw, 668px\" \/><\/figure><\/li><\/ul><\/figure>\n\n\n\n<figure class=\"wp-block-gallery columns-2 is-cropped wp-block-gallery-4 is-layout-flex wp-block-gallery-is-layout-flex\"><ul class=\"blocks-gallery-grid\"><li class=\"blocks-gallery-item\"><figure><img loading=\"lazy\" decoding=\"async\" width=\"652\" height=\"574\" src=\"data:image\/gif;base64,R0lGODlhAQABAAAAACH5BAEKAAEALAAAAAABAAEAAAICTAEAOw==\" data-src=\"https:\/\/buletin.de\/bucuresti\/wp-content\/uploads\/Screenshot_8-2.png\" alt=\"\" data-id=\"10847\" data-full-url=\"https:\/\/buletin.de\/bucuresti\/wp-content\/uploads\/Screenshot_8-2.png\" data-link=\"https:\/\/buletin.de\/bucuresti\/?attachment_id=10847\" class=\"wp-image-10847 lazyload\" data-sizes=\"auto\" data-srcset=\"https:\/\/buletin.de\/bucuresti\/wp-content\/uploads\/Screenshot_8-2.png 652w, https:\/\/buletin.de\/bucuresti\/wp-content\/uploads\/Screenshot_8-2-600x528.png 600w, https:\/\/buletin.de\/bucuresti\/wp-content\/uploads\/Screenshot_8-2-300x264.png 300w, https:\/\/buletin.de\/bucuresti\/wp-content\/uploads\/Screenshot_8-2-550x484.png 550w, https:\/\/buletin.de\/bucuresti\/wp-content\/uploads\/Screenshot_8-2-568x500.png 568w\" sizes=\"(max-width: 652px) 100vw, 652px\" \/><\/figure><\/li><li class=\"blocks-gallery-item\"><figure><img loading=\"lazy\" decoding=\"async\" width=\"662\" height=\"531\" src=\"data:image\/gif;base64,R0lGODlhAQABAAAAACH5BAEKAAEALAAAAAABAAEAAAICTAEAOw==\" data-src=\"https:\/\/buletin.de\/bucuresti\/wp-content\/uploads\/Screenshot_7-2.png\" alt=\"\" data-id=\"10848\" data-full-url=\"https:\/\/buletin.de\/bucuresti\/wp-content\/uploads\/Screenshot_7-2.png\" data-link=\"https:\/\/buletin.de\/bucuresti\/?attachment_id=10848\" class=\"wp-image-10848 lazyload\" data-sizes=\"auto\" data-srcset=\"https:\/\/buletin.de\/bucuresti\/wp-content\/uploads\/Screenshot_7-2.png 662w, https:\/\/buletin.de\/bucuresti\/wp-content\/uploads\/Screenshot_7-2-600x481.png 600w, https:\/\/buletin.de\/bucuresti\/wp-content\/uploads\/Screenshot_7-2-300x241.png 300w, https:\/\/buletin.de\/bucuresti\/wp-content\/uploads\/Screenshot_7-2-550x441.png 550w, https:\/\/buletin.de\/bucuresti\/wp-content\/uploads\/Screenshot_7-2-623x500.png 623w\" sizes=\"(max-width: 662px) 100vw, 662px\" \/><\/figure><\/li><\/ul><\/figure>\n\n\n\n<p>Contracandidatul\nTubel i-a r\u0103spuns primarului Tudorache printr-un comentariu la postarea de pe\nFacebook: \u201e<em>Domnule Primar, cu toata consideratia, eu nu sus\u021bin violenta de\nniciun fel. Abordarea mea este una satirica, ceea ce se poate vedea \u0219i \u00een\ncontestatia depusa. Vorba ilustrului Toma Caragiu, Ca asa e \u00een tenis. Fiecare\ncu votantii lui. Nu o sa dau curs tuturor celor care m-au \u201capostat\u201d \u00een postarea\ndvs. pentru ca nu e cuser. Satira comunitatii noastre sper sa fie inteleasa \u0219i\nnu interpretata gresit de catre nimeni. Acestea fiind zise, Slapul este \u00een toti\n\u0219i \u00een toate<\/em>\u201d.<\/p>\n\n\n\n<p>Tubel a declarat\npentru reporterii Buletin de Bucure\u0219ti c\u0103 tot ceea ce face reprezint\u0103 o satir\u0103\nla adres\u0103 actualei clase politice. El promite s\u0103 se \u00eembog\u0103\u021beasc\u0103, s\u0103 legalizeze\nmariajuana, s\u0103 \u00ee\u0219i fac\u0103 statuie \u0219i s\u0103 construiasc\u0103 un port \u00een sectorul 1. Mai\nmulte comunit\u0103\u021bi online de umor formate din arhitec\u021bi, avoca\u021bi, atreprenori \u0219i\ncorporati\u0219ti l-au ajutat s\u0103 ob\u021bin\u0103 aproape 2.300 de semn\u0103turi. El \u0219i-a depus dosarul\nde candidat \u0219i a anun\u021bat c\u0103 \u00eel va contesta. <\/p>\n\n\n\n<p>Buletin de\nBucure\u0219ti a f\u0103cut un reportaj video despre Tudor Tubel Schinagel pe care \u00eel\npute\u021bi vedea \u00een \u00eentregime <a href=\"https:\/\/buletin.de\/bucuresti\/videoreportaj-n-am-dar-vreau-candidatul-la-primaria-sectorului-1-al-mai-multor-comunitati-online-de-umor-compuse-din-arhitecti-corporatisti-si-antreprenori-candidatura-satira\/?preview=true&amp;_thumbnail_id=10746&amp;fbclid=IwAR2S8z2MAAtoTNYgylsgmcHn5IyZj-O6C1Oc-PxbK09aBLAlh2DWvhRrQVc\">la<\/a>\n<a href=\"https:\/\/buletin.de\/bucuresti\/videoreportaj-n-am-dar-vreau-candidatul-la-primaria-sectorului-1-al-mai-multor-comunitati-online-de-umor-compuse-din-arhitecti-corporatisti-si-antreprenori-candidatura-satira\/?preview=true&amp;_thumbnail_id=10746&amp;fbclid=IwAR2S8z2MAAtoTNYgylsgmcHn5IyZj-O6C1Oc-PxbK09aBLAlh2DWvhRrQVc\">acest\nlink<\/a> sau mai jos.<\/p>\n\n\n\n<figure class=\"wp-block-embed-youtube wp-block-embed is-type-video is-provider-youtube wp-embed-aspect-16-9 wp-has-aspect-ratio\"><div class=\"wp-block-embed__wrapper\">\n<div class=\"jlvid_container\"><iframe title=\"Un candidat la Prim\u0103ria Sectorului 1 promite s\u0103 legalizeze marijuana \u0219i s\u0103-\u0219i fac\u0103 statuie\" width=\"1200\" height=\"675\" src=\"https:\/\/www.youtube.com\/embed\/6lRatF39BxA?feature=oembed\" frameborder=\"0\" allow=\"accelerometer; autoplay; clipboard-write; encrypted-media; gyroscope; picture-in-picture; web-share\" allowfullscreen><\/iframe><\/div>\n<\/div><\/figure>\n\n\n\n<p><\/p>\n\n\n\n<p style=\"font-size:15px\"><em>Toate comentariile de mai sus sunt luate de pe pagin\u0103 de Facebook Dan Tudorache.<\/em><\/p>\n","protected":false},"excerpt":{"rendered":"<p>Pe pagina de Facebook a primarului Dan Tudorache de la sectorul 1 a luat amploare un trolling electoral, dup\u0103 ce acesta a postat despre faptul c\u0103 contracandidatul Tudor Tubelu Schinagel i-a contestat candidatura. Comentarii precum \u201eVota\u021bi \u0218LAPUL!\u201d sau \u201eVrem secretul \u00eembog\u0103\u021birii grabnice\u201d au inundat pagina primarului Tudorache. Tubelu a declarat pentru Buletin de Bucure\u0219ti c\u0103 [&hellip;]<\/p>\n","protected":false},"author":6,"featured_media":10849,"comment_status":"closed","ping_status":"open","sticky":false,"template":"","format":"standard","meta":{"_acf_changed":false,"inline_featured_image":false,"ngg_post_thumbnail":0,"footnotes":""},"categories":[1113,24],"tags":[1476,663,1475,308,1474,1473],"ppma_author":[22588],"class_list":["post-10839","post","type-post","status-publish","format-standard","has-post-thumbnail","hentry","category-locale-2020","category-primarie","tag-alegeri-locale-bucuresti","tag-dan-tudorache","tag-satira","tag-sector-1","tag-slapul","tag-tubelu"],"acf":[],"yoast_head":"<!-- This site is optimized with the Yoast SEO Premium plugin v25.3 (Yoast SEO v27.5) - https:\/\/yoast.com\/product\/yoast-seo-premium-wordpress\/ -->\n<title>Trolling electoral! Primarul Dan Tudorache, asaltat de fanii \u201e\u0218lapului\u201d pe Facebook dup\u0103 ce s-a pl\u00e2ns c\u0103 Tudor Tubel Schinagel i-a contestat candidatura - Buletin de Bucure\u0219ti<\/title>\n<meta name=\"robots\" content=\"index, follow, max-snippet:-1, max-image-preview:large, max-video-preview:-1\" \/>\n<link rel=\"canonical\" href=\"https:\/\/buletin.de\/bucuresti\/trolling-electoral-primarul-dan-tudorache-asaltat-de-fanii-slapului-pe-facebook-dupa-ce-s-a-plans-ca-tudor-tubel-schinagel-i-a-contestat-candidatura\/\" \/>\n<meta property=\"og:locale\" content=\"en_GB\" \/>\n<meta property=\"og:type\" content=\"article\" \/>\n<meta property=\"og:title\" content=\"Trolling electoral! Primarul Dan Tudorache, asaltat de fanii \u201e\u0218lapului\u201d pe Facebook dup\u0103 ce s-a pl\u00e2ns c\u0103 Tudor Tubel Schinagel i-a contestat candidatura\" \/>\n<meta property=\"og:description\" content=\"Pe pagina de Facebook a primarului Dan Tudorache de la sectorul 1 a luat amploare un trolling electoral, dup\u0103 ce acesta a postat despre faptul c\u0103 contracandidatul Tudor Tubelu Schinagel i-a contestat candidatura. Comentarii precum \u201eVota\u021bi \u0218LAPUL!\u201d sau \u201eVrem secretul \u00eembog\u0103\u021birii grabnice\u201d au inundat pagina primarului Tudorache. Tubelu a declarat pentru Buletin de Bucure\u0219ti c\u0103 [&hellip;]\" \/>\n<meta property=\"og:url\" content=\"https:\/\/buletin.de\/bucuresti\/trolling-electoral-primarul-dan-tudorache-asaltat-de-fanii-slapului-pe-facebook-dupa-ce-s-a-plans-ca-tudor-tubel-schinagel-i-a-contestat-candidatura\/\" \/>\n<meta property=\"og:site_name\" content=\"Buletin de Bucure\u0219ti\" \/>\n<meta property=\"article:publisher\" content=\"https:\/\/www.facebook.com\/buletin.de.buc\" \/>\n<meta property=\"article:published_time\" content=\"2020-08-21T09:36:48+00:00\" \/>\n<meta property=\"article:modified_time\" content=\"2023-09-19T13:36:36+00:00\" \/>\n<meta property=\"og:image\" content=\"https:\/\/buletin.de\/bucuresti\/wp-content\/uploads\/BeFunky-collage-7.png\" \/>\n\t<meta property=\"og:image:width\" content=\"3264\" \/>\n\t<meta property=\"og:image:height\" content=\"1898\" \/>\n\t<meta property=\"og:image:type\" content=\"image\/png\" \/>\n<meta name=\"author\" content=\"Bianca Albu\" \/>\n<meta name=\"twitter:card\" content=\"summary_large_image\" \/>\n<meta name=\"twitter:label1\" content=\"Written by\" \/>\n\t<meta name=\"twitter:data1\" content=\"Bianca Albu\" \/>\n\t<meta name=\"twitter:label2\" content=\"Estimated reading time\" \/>\n\t<meta name=\"twitter:data2\" content=\"2 minutes\" \/>\n<script type=\"application\/ld+json\" class=\"yoast-schema-graph\">{\"@context\":\"https:\\\/\\\/schema.org\",\"@graph\":[{\"@type\":\"Article\",\"@id\":\"https:\\\/\\\/buletin.de\\\/bucuresti\\\/trolling-electoral-primarul-dan-tudorache-asaltat-de-fanii-slapului-pe-facebook-dupa-ce-s-a-plans-ca-tudor-tubel-schinagel-i-a-contestat-candidatura\\\/#article\",\"isPartOf\":{\"@id\":\"https:\\\/\\\/buletin.de\\\/bucuresti\\\/trolling-electoral-primarul-dan-tudorache-asaltat-de-fanii-slapului-pe-facebook-dupa-ce-s-a-plans-ca-tudor-tubel-schinagel-i-a-contestat-candidatura\\\/\"},\"author\":{\"name\":\"Bianca Albu\",\"@id\":\"https:\\\/\\\/buletin.de\\\/bucuresti\\\/#\\\/schema\\\/person\\\/295dc2228d2dc79294d636619468dc7f\"},\"headline\":\"Trolling electoral! Primarul Dan Tudorache, asaltat de fanii \u201e\u0218lapului\u201d pe Facebook dup\u0103 ce s-a pl\u00e2ns c\u0103 Tudor Tubel Schinagel i-a contestat candidatura\",\"datePublished\":\"2020-08-21T09:36:48+00:00\",\"dateModified\":\"2023-09-19T13:36:36+00:00\",\"mainEntityOfPage\":{\"@id\":\"https:\\\/\\\/buletin.de\\\/bucuresti\\\/trolling-electoral-primarul-dan-tudorache-asaltat-de-fanii-slapului-pe-facebook-dupa-ce-s-a-plans-ca-tudor-tubel-schinagel-i-a-contestat-candidatura\\\/\"},\"wordCount\":434,\"publisher\":{\"@id\":\"https:\\\/\\\/buletin.de\\\/bucuresti\\\/#organization\"},\"image\":{\"@id\":\"https:\\\/\\\/buletin.de\\\/bucuresti\\\/trolling-electoral-primarul-dan-tudorache-asaltat-de-fanii-slapului-pe-facebook-dupa-ce-s-a-plans-ca-tudor-tubel-schinagel-i-a-contestat-candidatura\\\/#primaryimage\"},\"thumbnailUrl\":\"https:\\\/\\\/buletin.de\\\/bucuresti\\\/wp-content\\\/uploads\\\/BeFunky-collage-7.png\",\"keywords\":[\"alegeri locale bucuresti\",\"dan tudorache\",\"satira\",\"Sector 1\",\"slapul\",\"tubelu\"],\"articleSection\":[\"Locale 2020\",\"Prim\u0103rie\"],\"inLanguage\":\"en-GB\",\"copyrightYear\":\"2020\",\"copyrightHolder\":{\"@id\":\"https:\\\/\\\/buletin.de\\\/bucuresti\\\/#organization\"}},{\"@type\":\"WebPage\",\"@id\":\"https:\\\/\\\/buletin.de\\\/bucuresti\\\/trolling-electoral-primarul-dan-tudorache-asaltat-de-fanii-slapului-pe-facebook-dupa-ce-s-a-plans-ca-tudor-tubel-schinagel-i-a-contestat-candidatura\\\/\",\"url\":\"https:\\\/\\\/buletin.de\\\/bucuresti\\\/trolling-electoral-primarul-dan-tudorache-asaltat-de-fanii-slapului-pe-facebook-dupa-ce-s-a-plans-ca-tudor-tubel-schinagel-i-a-contestat-candidatura\\\/\",\"name\":\"Trolling electoral! Primarul Dan Tudorache, asaltat de fanii \u201e\u0218lapului\u201d pe Facebook dup\u0103 ce s-a pl\u00e2ns c\u0103 Tudor Tubel Schinagel i-a contestat candidatura - Buletin de Bucure\u0219ti\",\"isPartOf\":{\"@id\":\"https:\\\/\\\/buletin.de\\\/bucuresti\\\/#website\"},\"primaryImageOfPage\":{\"@id\":\"https:\\\/\\\/buletin.de\\\/bucuresti\\\/trolling-electoral-primarul-dan-tudorache-asaltat-de-fanii-slapului-pe-facebook-dupa-ce-s-a-plans-ca-tudor-tubel-schinagel-i-a-contestat-candidatura\\\/#primaryimage\"},\"image\":{\"@id\":\"https:\\\/\\\/buletin.de\\\/bucuresti\\\/trolling-electoral-primarul-dan-tudorache-asaltat-de-fanii-slapului-pe-facebook-dupa-ce-s-a-plans-ca-tudor-tubel-schinagel-i-a-contestat-candidatura\\\/#primaryimage\"},\"thumbnailUrl\":\"https:\\\/\\\/buletin.de\\\/bucuresti\\\/wp-content\\\/uploads\\\/BeFunky-collage-7.png\",\"datePublished\":\"2020-08-21T09:36:48+00:00\",\"dateModified\":\"2023-09-19T13:36:36+00:00\",\"breadcrumb\":{\"@id\":\"https:\\\/\\\/buletin.de\\\/bucuresti\\\/trolling-electoral-primarul-dan-tudorache-asaltat-de-fanii-slapului-pe-facebook-dupa-ce-s-a-plans-ca-tudor-tubel-schinagel-i-a-contestat-candidatura\\\/#breadcrumb\"},\"inLanguage\":\"en-GB\",\"potentialAction\":[{\"@type\":\"ReadAction\",\"target\":[\"https:\\\/\\\/buletin.de\\\/bucuresti\\\/trolling-electoral-primarul-dan-tudorache-asaltat-de-fanii-slapului-pe-facebook-dupa-ce-s-a-plans-ca-tudor-tubel-schinagel-i-a-contestat-candidatura\\\/\"]}]},{\"@type\":\"ImageObject\",\"inLanguage\":\"en-GB\",\"@id\":\"https:\\\/\\\/buletin.de\\\/bucuresti\\\/trolling-electoral-primarul-dan-tudorache-asaltat-de-fanii-slapului-pe-facebook-dupa-ce-s-a-plans-ca-tudor-tubel-schinagel-i-a-contestat-candidatura\\\/#primaryimage\",\"url\":\"https:\\\/\\\/buletin.de\\\/bucuresti\\\/wp-content\\\/uploads\\\/BeFunky-collage-7.png\",\"contentUrl\":\"https:\\\/\\\/buletin.de\\\/bucuresti\\\/wp-content\\\/uploads\\\/BeFunky-collage-7.png\",\"width\":3264,\"height\":1898},{\"@type\":\"BreadcrumbList\",\"@id\":\"https:\\\/\\\/buletin.de\\\/bucuresti\\\/trolling-electoral-primarul-dan-tudorache-asaltat-de-fanii-slapului-pe-facebook-dupa-ce-s-a-plans-ca-tudor-tubel-schinagel-i-a-contestat-candidatura\\\/#breadcrumb\",\"itemListElement\":[{\"@type\":\"ListItem\",\"position\":1,\"name\":\"Acas\u0103\",\"item\":\"https:\\\/\\\/buletin.de\\\/bucuresti\\\/\"},{\"@type\":\"ListItem\",\"position\":2,\"name\":\"Trolling electoral! Primarul Dan Tudorache, asaltat de fanii \u201e\u0218lapului\u201d pe Facebook dup\u0103 ce s-a pl\u00e2ns c\u0103 Tudor Tubel Schinagel i-a contestat candidatura\"}]},{\"@type\":\"WebSite\",\"@id\":\"https:\\\/\\\/buletin.de\\\/bucuresti\\\/#website\",\"url\":\"https:\\\/\\\/buletin.de\\\/bucuresti\\\/\",\"name\":\"Buletin de Bucure\u0219ti\",\"description\":\"\u0218tiri \u0219i investiga\u021bii esen\u021biale din capital\u0103\",\"publisher\":{\"@id\":\"https:\\\/\\\/buletin.de\\\/bucuresti\\\/#organization\"},\"potentialAction\":[{\"@type\":\"SearchAction\",\"target\":{\"@type\":\"EntryPoint\",\"urlTemplate\":\"https:\\\/\\\/buletin.de\\\/bucuresti\\\/?s={search_term_string}\"},\"query-input\":{\"@type\":\"PropertyValueSpecification\",\"valueRequired\":true,\"valueName\":\"search_term_string\"}}],\"inLanguage\":\"en-GB\"},{\"@type\":\"Organization\",\"@id\":\"https:\\\/\\\/buletin.de\\\/bucuresti\\\/#organization\",\"name\":\"Buletin de Bucure\u0219ti\",\"url\":\"https:\\\/\\\/buletin.de\\\/bucuresti\\\/\",\"logo\":{\"@type\":\"ImageObject\",\"inLanguage\":\"en-GB\",\"@id\":\"https:\\\/\\\/buletin.de\\\/bucuresti\\\/#\\\/schema\\\/logo\\\/image\\\/\",\"url\":\"https:\\\/\\\/buletin.de\\\/bucuresti\\\/wp-content\\\/uploads\\\/logo-bdb-full-wide-vernil-transparent.png\",\"contentUrl\":\"https:\\\/\\\/buletin.de\\\/bucuresti\\\/wp-content\\\/uploads\\\/logo-bdb-full-wide-vernil-transparent.png\",\"width\":1782,\"height\":626,\"caption\":\"Buletin de Bucure\u0219ti\"},\"image\":{\"@id\":\"https:\\\/\\\/buletin.de\\\/bucuresti\\\/#\\\/schema\\\/logo\\\/image\\\/\"},\"sameAs\":[\"https:\\\/\\\/www.facebook.com\\\/buletin.de.buc\",\"https:\\\/\\\/www.instagram.com\\\/buletinde.bucuresti\\\/\"]},{\"@type\":\"Person\",\"@id\":\"https:\\\/\\\/buletin.de\\\/bucuresti\\\/#\\\/schema\\\/person\\\/295dc2228d2dc79294d636619468dc7f\",\"name\":\"Bianca Albu\",\"image\":{\"@type\":\"ImageObject\",\"inLanguage\":\"en-GB\",\"@id\":\"https:\\\/\\\/secure.gravatar.com\\\/avatar\\\/3df2e34e20f529e6fd7be4311ee1f7c4ec4aa886971590baf6fa214b15743516?s=96&d=monsterid&r=gf541c715eeec409ce8101252a3c0d8a7\",\"url\":\"https:\\\/\\\/secure.gravatar.com\\\/avatar\\\/3df2e34e20f529e6fd7be4311ee1f7c4ec4aa886971590baf6fa214b15743516?s=96&d=monsterid&r=g\",\"contentUrl\":\"https:\\\/\\\/secure.gravatar.com\\\/avatar\\\/3df2e34e20f529e6fd7be4311ee1f7c4ec4aa886971590baf6fa214b15743516?s=96&d=monsterid&r=g\",\"caption\":\"Bianca Albu\"},\"description\":\"Reporter\",\"url\":\"https:\\\/\\\/buletin.de\\\/bucuresti\\\/author\\\/biancaalbu\\\/\"}]}<\/script>\n<!-- \/ Yoast SEO Premium plugin. -->","yoast_head_json":{"title":"Trolling electoral! Primarul Dan Tudorache, asaltat de fanii \u201e\u0218lapului\u201d pe Facebook dup\u0103 ce s-a pl\u00e2ns c\u0103 Tudor Tubel Schinagel i-a contestat candidatura - Buletin de Bucure\u0219ti","robots":{"index":"index","follow":"follow","max-snippet":"max-snippet:-1","max-image-preview":"max-image-preview:large","max-video-preview":"max-video-preview:-1"},"canonical":"https:\/\/buletin.de\/bucuresti\/trolling-electoral-primarul-dan-tudorache-asaltat-de-fanii-slapului-pe-facebook-dupa-ce-s-a-plans-ca-tudor-tubel-schinagel-i-a-contestat-candidatura\/","og_locale":"en_GB","og_type":"article","og_title":"Trolling electoral! Primarul Dan Tudorache, asaltat de fanii \u201e\u0218lapului\u201d pe Facebook dup\u0103 ce s-a pl\u00e2ns c\u0103 Tudor Tubel Schinagel i-a contestat candidatura","og_description":"Pe pagina de Facebook a primarului Dan Tudorache de la sectorul 1 a luat amploare un trolling electoral, dup\u0103 ce acesta a postat despre faptul c\u0103 contracandidatul Tudor Tubelu Schinagel i-a contestat candidatura. Comentarii precum \u201eVota\u021bi \u0218LAPUL!\u201d sau \u201eVrem secretul \u00eembog\u0103\u021birii grabnice\u201d au inundat pagina primarului Tudorache. Tubelu a declarat pentru Buletin de Bucure\u0219ti c\u0103 [&hellip;]","og_url":"https:\/\/buletin.de\/bucuresti\/trolling-electoral-primarul-dan-tudorache-asaltat-de-fanii-slapului-pe-facebook-dupa-ce-s-a-plans-ca-tudor-tubel-schinagel-i-a-contestat-candidatura\/","og_site_name":"Buletin de Bucure\u0219ti","article_publisher":"https:\/\/www.facebook.com\/buletin.de.buc","article_published_time":"2020-08-21T09:36:48+00:00","article_modified_time":"2023-09-19T13:36:36+00:00","og_image":[{"width":3264,"height":1898,"url":"https:\/\/buletin.de\/bucuresti\/wp-content\/uploads\/BeFunky-collage-7.png","type":"image\/png"}],"author":"Bianca Albu","twitter_card":"summary_large_image","twitter_misc":{"Written by":"Bianca Albu","Estimated reading time":"2 minutes"},"schema":{"@context":"https:\/\/schema.org","@graph":[{"@type":"Article","@id":"https:\/\/buletin.de\/bucuresti\/trolling-electoral-primarul-dan-tudorache-asaltat-de-fanii-slapului-pe-facebook-dupa-ce-s-a-plans-ca-tudor-tubel-schinagel-i-a-contestat-candidatura\/#article","isPartOf":{"@id":"https:\/\/buletin.de\/bucuresti\/trolling-electoral-primarul-dan-tudorache-asaltat-de-fanii-slapului-pe-facebook-dupa-ce-s-a-plans-ca-tudor-tubel-schinagel-i-a-contestat-candidatura\/"},"author":{"name":"Bianca Albu","@id":"https:\/\/buletin.de\/bucuresti\/#\/schema\/person\/295dc2228d2dc79294d636619468dc7f"},"headline":"Trolling electoral! Primarul Dan Tudorache, asaltat de fanii \u201e\u0218lapului\u201d pe Facebook dup\u0103 ce s-a pl\u00e2ns c\u0103 Tudor Tubel Schinagel i-a contestat candidatura","datePublished":"2020-08-21T09:36:48+00:00","dateModified":"2023-09-19T13:36:36+00:00","mainEntityOfPage":{"@id":"https:\/\/buletin.de\/bucuresti\/trolling-electoral-primarul-dan-tudorache-asaltat-de-fanii-slapului-pe-facebook-dupa-ce-s-a-plans-ca-tudor-tubel-schinagel-i-a-contestat-candidatura\/"},"wordCount":434,"publisher":{"@id":"https:\/\/buletin.de\/bucuresti\/#organization"},"image":{"@id":"https:\/\/buletin.de\/bucuresti\/trolling-electoral-primarul-dan-tudorache-asaltat-de-fanii-slapului-pe-facebook-dupa-ce-s-a-plans-ca-tudor-tubel-schinagel-i-a-contestat-candidatura\/#primaryimage"},"thumbnailUrl":"https:\/\/buletin.de\/bucuresti\/wp-content\/uploads\/BeFunky-collage-7.png","keywords":["alegeri locale bucuresti","dan tudorache","satira","Sector 1","slapul","tubelu"],"articleSection":["Locale 2020","Prim\u0103rie"],"inLanguage":"en-GB","copyrightYear":"2020","copyrightHolder":{"@id":"https:\/\/buletin.de\/bucuresti\/#organization"}},{"@type":"WebPage","@id":"https:\/\/buletin.de\/bucuresti\/trolling-electoral-primarul-dan-tudorache-asaltat-de-fanii-slapului-pe-facebook-dupa-ce-s-a-plans-ca-tudor-tubel-schinagel-i-a-contestat-candidatura\/","url":"https:\/\/buletin.de\/bucuresti\/trolling-electoral-primarul-dan-tudorache-asaltat-de-fanii-slapului-pe-facebook-dupa-ce-s-a-plans-ca-tudor-tubel-schinagel-i-a-contestat-candidatura\/","name":"Trolling electoral! Primarul Dan Tudorache, asaltat de fanii \u201e\u0218lapului\u201d pe Facebook dup\u0103 ce s-a pl\u00e2ns c\u0103 Tudor Tubel Schinagel i-a contestat candidatura - Buletin de Bucure\u0219ti","isPartOf":{"@id":"https:\/\/buletin.de\/bucuresti\/#website"},"primaryImageOfPage":{"@id":"https:\/\/buletin.de\/bucuresti\/trolling-electoral-primarul-dan-tudorache-asaltat-de-fanii-slapului-pe-facebook-dupa-ce-s-a-plans-ca-tudor-tubel-schinagel-i-a-contestat-candidatura\/#primaryimage"},"image":{"@id":"https:\/\/buletin.de\/bucuresti\/trolling-electoral-primarul-dan-tudorache-asaltat-de-fanii-slapului-pe-facebook-dupa-ce-s-a-plans-ca-tudor-tubel-schinagel-i-a-contestat-candidatura\/#primaryimage"},"thumbnailUrl":"https:\/\/buletin.de\/bucuresti\/wp-content\/uploads\/BeFunky-collage-7.png","datePublished":"2020-08-21T09:36:48+00:00","dateModified":"2023-09-19T13:36:36+00:00","breadcrumb":{"@id":"https:\/\/buletin.de\/bucuresti\/trolling-electoral-primarul-dan-tudorache-asaltat-de-fanii-slapului-pe-facebook-dupa-ce-s-a-plans-ca-tudor-tubel-schinagel-i-a-contestat-candidatura\/#breadcrumb"},"inLanguage":"en-GB","potentialAction":[{"@type":"ReadAction","target":["https:\/\/buletin.de\/bucuresti\/trolling-electoral-primarul-dan-tudorache-asaltat-de-fanii-slapului-pe-facebook-dupa-ce-s-a-plans-ca-tudor-tubel-schinagel-i-a-contestat-candidatura\/"]}]},{"@type":"ImageObject","inLanguage":"en-GB","@id":"https:\/\/buletin.de\/bucuresti\/trolling-electoral-primarul-dan-tudorache-asaltat-de-fanii-slapului-pe-facebook-dupa-ce-s-a-plans-ca-tudor-tubel-schinagel-i-a-contestat-candidatura\/#primaryimage","url":"https:\/\/buletin.de\/bucuresti\/wp-content\/uploads\/BeFunky-collage-7.png","contentUrl":"https:\/\/buletin.de\/bucuresti\/wp-content\/uploads\/BeFunky-collage-7.png","width":3264,"height":1898},{"@type":"BreadcrumbList","@id":"https:\/\/buletin.de\/bucuresti\/trolling-electoral-primarul-dan-tudorache-asaltat-de-fanii-slapului-pe-facebook-dupa-ce-s-a-plans-ca-tudor-tubel-schinagel-i-a-contestat-candidatura\/#breadcrumb","itemListElement":[{"@type":"ListItem","position":1,"name":"Acas\u0103","item":"https:\/\/buletin.de\/bucuresti\/"},{"@type":"ListItem","position":2,"name":"Trolling electoral! Primarul Dan Tudorache, asaltat de fanii \u201e\u0218lapului\u201d pe Facebook dup\u0103 ce s-a pl\u00e2ns c\u0103 Tudor Tubel Schinagel i-a contestat candidatura"}]},{"@type":"WebSite","@id":"https:\/\/buletin.de\/bucuresti\/#website","url":"https:\/\/buletin.de\/bucuresti\/","name":"Buletin de Bucure\u0219ti","description":"\u0218tiri \u0219i investiga\u021bii esen\u021biale din capital\u0103","publisher":{"@id":"https:\/\/buletin.de\/bucuresti\/#organization"},"potentialAction":[{"@type":"SearchAction","target":{"@type":"EntryPoint","urlTemplate":"https:\/\/buletin.de\/bucuresti\/?s={search_term_string}"},"query-input":{"@type":"PropertyValueSpecification","valueRequired":true,"valueName":"search_term_string"}}],"inLanguage":"en-GB"},{"@type":"Organization","@id":"https:\/\/buletin.de\/bucuresti\/#organization","name":"Buletin de Bucure\u0219ti","url":"https:\/\/buletin.de\/bucuresti\/","logo":{"@type":"ImageObject","inLanguage":"en-GB","@id":"https:\/\/buletin.de\/bucuresti\/#\/schema\/logo\/image\/","url":"https:\/\/buletin.de\/bucuresti\/wp-content\/uploads\/logo-bdb-full-wide-vernil-transparent.png","contentUrl":"https:\/\/buletin.de\/bucuresti\/wp-content\/uploads\/logo-bdb-full-wide-vernil-transparent.png","width":1782,"height":626,"caption":"Buletin de Bucure\u0219ti"},"image":{"@id":"https:\/\/buletin.de\/bucuresti\/#\/schema\/logo\/image\/"},"sameAs":["https:\/\/www.facebook.com\/buletin.de.buc","https:\/\/www.instagram.com\/buletinde.bucuresti\/"]},{"@type":"Person","@id":"https:\/\/buletin.de\/bucuresti\/#\/schema\/person\/295dc2228d2dc79294d636619468dc7f","name":"Bianca Albu","image":{"@type":"ImageObject","inLanguage":"en-GB","@id":"https:\/\/secure.gravatar.com\/avatar\/3df2e34e20f529e6fd7be4311ee1f7c4ec4aa886971590baf6fa214b15743516?s=96&d=monsterid&r=gf541c715eeec409ce8101252a3c0d8a7","url":"https:\/\/secure.gravatar.com\/avatar\/3df2e34e20f529e6fd7be4311ee1f7c4ec4aa886971590baf6fa214b15743516?s=96&d=monsterid&r=g","contentUrl":"https:\/\/secure.gravatar.com\/avatar\/3df2e34e20f529e6fd7be4311ee1f7c4ec4aa886971590baf6fa214b15743516?s=96&d=monsterid&r=g","caption":"Bianca Albu"},"description":"Reporter","url":"https:\/\/buletin.de\/bucuresti\/author\/biancaalbu\/"}]}},"authors":[{"term_id":22588,"user_id":6,"is_guest":0,"slug":"biancaalbu","display_name":"Bianca Albu","avatar_url":"https:\/\/secure.gravatar.com\/avatar\/3df2e34e20f529e6fd7be4311ee1f7c4ec4aa886971590baf6fa214b15743516?s=96&d=monsterid&r=g","0":null,"1":"","2":"","3":"","4":"","5":"","6":"","7":"","8":""}],"_links":{"self":[{"href":"https:\/\/buletin.de\/bucuresti\/wp-json\/wp\/v2\/posts\/10839","targetHints":{"allow":["GET"]}}],"collection":[{"href":"https:\/\/buletin.de\/bucuresti\/wp-json\/wp\/v2\/posts"}],"about":[{"href":"https:\/\/buletin.de\/bucuresti\/wp-json\/wp\/v2\/types\/post"}],"author":[{"embeddable":true,"href":"https:\/\/buletin.de\/bucuresti\/wp-json\/wp\/v2\/users\/6"}],"replies":[{"embeddable":true,"href":"https:\/\/buletin.de\/bucuresti\/wp-json\/wp\/v2\/comments?post=10839"}],"version-history":[{"count":4,"href":"https:\/\/buletin.de\/bucuresti\/wp-json\/wp\/v2\/posts\/10839\/revisions"}],"predecessor-version":[{"id":10855,"href":"https:\/\/buletin.de\/bucuresti\/wp-json\/wp\/v2\/posts\/10839\/revisions\/10855"}],"wp:featuredmedia":[{"embeddable":true,"href":"https:\/\/buletin.de\/bucuresti\/wp-json\/wp\/v2\/media\/10849"}],"wp:attachment":[{"href":"https:\/\/buletin.de\/bucuresti\/wp-json\/wp\/v2\/media?parent=10839"}],"wp:term":[{"taxonomy":"category","embeddable":true,"href":"https:\/\/buletin.de\/bucuresti\/wp-json\/wp\/v2\/categories?post=10839"},{"taxonomy":"post_tag","embeddable":true,"href":"https:\/\/buletin.de\/bucuresti\/wp-json\/wp\/v2\/tags?post=10839"},{"taxonomy":"author","embeddable":true,"href":"https:\/\/buletin.de\/bucuresti\/wp-json\/wp\/v2\/ppma_author?post=10839"}],"curies":[{"name":"wp","href":"https:\/\/api.w.org\/{rel}","templated":true}]}}