{"id":10808,"date":"2020-08-20T17:30:24","date_gmt":"2020-08-20T14:30:24","guid":{"rendered":"https:\/\/buletin.de\/bucuresti\/?p=10808"},"modified":"2020-08-20T17:30:24","modified_gmt":"2020-08-20T14:30:24","slug":"motiunea-de-cenzura-a-fost-citita-azi-in-parlament-vot-final-luni","status":"publish","type":"post","link":"https:\/\/buletin.de\/bucuresti\/motiunea-de-cenzura-a-fost-citita-azi-in-parlament-vot-final-luni\/","title":{"rendered":"Mo\u021biunea de cenzur\u0103 a fost citit\u0103, azi, \u00een Parlament. Vot final, luni!"},"content":{"rendered":"\n<p>Textul mo\u021biunii \u00eencepe prin a acuza Guvernul c\u0103 a e\u0219uat \u00een gestionarea pandemiei de Covid19 \u0219i a economiei:<\/p>\n\n\n\n<blockquote class=\"wp-block-quote is-layout-flow wp-block-quote-is-layout-flow\"><p>Prezenta mo\u0163iune de cenzur\u0103 \u00eempotriva Guvernului Orban 2 reprezint\u0103 solu\u0163ia ra\u0163ional\u0103, logic\u0103 \u015fi politic\u0103 pentru a opri pr\u0103bu\u015firea Rom\u00e2niei \u00eentr-o criz\u0103 economic\u0103 \u015fi social\u0103 profund\u0103, cu efecte negative incalculabile asupra popula\u0163iei. &#8216;Pas cu pas&#8217;, Guvernul Orban 2 a e\u015fuat lamentabil \u00een gestionarea pandemiei \u015fi a economiei. Rom\u00e2nia merge \u00eentr-o direc\u0163ie profund gre\u015fit\u0103. \u00cen fiecare zi cu acest guvern \u00een func\u0163ie, \u0163ara se \u00eendreapt\u0103 cu pa\u015fi repezi spre recesiune, austeritate \u015fi spre s\u0103r\u0103cirea sever\u0103 a popula\u0163iei<\/p><cite>Se arat\u0103 \u00een textul mo\u021biunii<\/cite><\/blockquote>\n\n\n\n<p>Mai mult, \u00een document este precizat\u0103 c\u0103 Guvernul a fost <em>\u201eincapabil\u201d<\/em> s\u0103 fac\u0103 o legisla\u021bie bun\u0103 pentru combaterea pandemiei: <\/p>\n\n\n\n<blockquote class=\"wp-block-quote is-layout-flow wp-block-quote-is-layout-flow\"><p>Scopul principal al reglement\u0103rilor f\u0103cute de guvernan\u0163i \u00een pandemie a fost de a-\u015fi crea un cadrul legal care s\u0103 le permit\u0103 s\u0103 fure din banii publici \u015fi s\u0103 \u00ee\u015fi pun\u0103 pilele, rudele \u015fi politrucii \u00een func\u0163iile publice, inclusiv la conducerea spitalelor. Parlamentul a \u00eempiedicat acest lucru!<\/p><cite>Se precizeaz\u0103 \u00een mo\u021biune<\/cite><\/blockquote>\n\n\n\n<p>Mo\u021biunea de cenzur\u0103 dezb\u0103tut\u0103 ast\u0103zi va fi votat\u0103 luni \u00een parlament, iar pentru a trece are nevoie de 233 de voturi pentru. <\/p>\n\n\n\n<p>Sursa Foto: Camera Deputa\u021bilor<\/p>\n","protected":false},"excerpt":{"rendered":"<p>Textul mo\u021biunii \u00eencepe prin a acuza Guvernul c\u0103 a e\u0219uat \u00een gestionarea pandemiei de Covid19 \u0219i a economiei: Prezenta mo\u0163iune de cenzur\u0103 \u00eempotriva Guvernului Orban 2 reprezint\u0103 solu\u0163ia ra\u0163ional\u0103, logic\u0103 \u015fi politic\u0103 pentru a opri pr\u0103bu\u015firea Rom\u00e2niei \u00eentr-o criz\u0103 economic\u0103 \u015fi social\u0103 profund\u0103, cu efecte negative incalculabile asupra popula\u0163iei. &#8216;Pas cu pas&#8217;, Guvernul Orban 2 [&hellip;]<\/p>\n","protected":false},"author":17,"featured_media":10817,"comment_status":"closed","ping_status":"open","sticky":false,"template":"","format":"standard","meta":{"_acf_changed":false,"inline_featured_image":false,"ngg_post_thumbnail":0,"footnotes":""},"categories":[1],"tags":[],"ppma_author":[22576],"class_list":["post-10808","post","type-post","status-publish","format-standard","has-post-thumbnail","hentry","category-diverse"],"acf":[],"yoast_head":"<!-- This site is optimized with the Yoast SEO Premium plugin v25.3 (Yoast SEO v27.5) - https:\/\/yoast.com\/product\/yoast-seo-premium-wordpress\/ -->\n<title>Mo\u021biunea de cenzur\u0103 a fost citit\u0103, azi, \u00een Parlament. Vot final, luni! - Buletin de Bucure\u0219ti<\/title>\n<meta name=\"robots\" content=\"index, follow, max-snippet:-1, max-image-preview:large, max-video-preview:-1\" \/>\n<link rel=\"canonical\" href=\"https:\/\/buletin.de\/bucuresti\/motiunea-de-cenzura-a-fost-citita-azi-in-parlament-vot-final-luni\/\" \/>\n<meta property=\"og:locale\" content=\"en_GB\" \/>\n<meta property=\"og:type\" content=\"article\" \/>\n<meta property=\"og:title\" content=\"Mo\u021biunea de cenzur\u0103 a fost citit\u0103, azi, \u00een Parlament. Vot final, luni!\" \/>\n<meta property=\"og:description\" content=\"Textul mo\u021biunii \u00eencepe prin a acuza Guvernul c\u0103 a e\u0219uat \u00een gestionarea pandemiei de Covid19 \u0219i a economiei: Prezenta mo\u0163iune de cenzur\u0103 \u00eempotriva Guvernului Orban 2 reprezint\u0103 solu\u0163ia ra\u0163ional\u0103, logic\u0103 \u015fi politic\u0103 pentru a opri pr\u0103bu\u015firea Rom\u00e2niei \u00eentr-o criz\u0103 economic\u0103 \u015fi social\u0103 profund\u0103, cu efecte negative incalculabile asupra popula\u0163iei. &#8216;Pas cu pas&#8217;, Guvernul Orban 2 [&hellip;]\" \/>\n<meta property=\"og:url\" content=\"https:\/\/buletin.de\/bucuresti\/motiunea-de-cenzura-a-fost-citita-azi-in-parlament-vot-final-luni\/\" \/>\n<meta property=\"og:site_name\" content=\"Buletin de Bucure\u0219ti\" \/>\n<meta property=\"article:publisher\" content=\"https:\/\/www.facebook.com\/buletin.de.buc\" \/>\n<meta property=\"article:published_time\" content=\"2020-08-20T14:30:24+00:00\" \/>\n<meta property=\"og:image\" content=\"https:\/\/buletin.de\/bucuresti\/wp-content\/uploads\/20200820_172413.jpg\" \/>\n\t<meta property=\"og:image:width\" content=\"1279\" \/>\n\t<meta property=\"og:image:height\" content=\"719\" \/>\n\t<meta property=\"og:image:type\" content=\"image\/jpeg\" \/>\n<meta name=\"author\" content=\"Florin R\u00e2\u0219teiu\" \/>\n<meta name=\"twitter:card\" content=\"summary_large_image\" \/>\n<meta name=\"twitter:label1\" content=\"Written by\" \/>\n\t<meta name=\"twitter:data1\" content=\"Florin R\u00e2\u0219teiu\" \/>\n\t<meta name=\"twitter:label2\" content=\"Estimated reading time\" \/>\n\t<meta name=\"twitter:data2\" content=\"1 minute\" \/>\n<script type=\"application\/ld+json\" class=\"yoast-schema-graph\">{\"@context\":\"https:\\\/\\\/schema.org\",\"@graph\":[{\"@type\":\"Article\",\"@id\":\"https:\\\/\\\/buletin.de\\\/bucuresti\\\/motiunea-de-cenzura-a-fost-citita-azi-in-parlament-vot-final-luni\\\/#article\",\"isPartOf\":{\"@id\":\"https:\\\/\\\/buletin.de\\\/bucuresti\\\/motiunea-de-cenzura-a-fost-citita-azi-in-parlament-vot-final-luni\\\/\"},\"author\":{\"name\":\"Florin R\u00e2\u0219teiu\",\"@id\":\"https:\\\/\\\/buletin.de\\\/bucuresti\\\/#\\\/schema\\\/person\\\/b0686d7a8b666c6afc78239777fd8a89\"},\"headline\":\"Mo\u021biunea de cenzur\u0103 a fost citit\u0103, azi, \u00een Parlament. Vot final, luni!\",\"datePublished\":\"2020-08-20T14:30:24+00:00\",\"mainEntityOfPage\":{\"@id\":\"https:\\\/\\\/buletin.de\\\/bucuresti\\\/motiunea-de-cenzura-a-fost-citita-azi-in-parlament-vot-final-luni\\\/\"},\"wordCount\":233,\"publisher\":{\"@id\":\"https:\\\/\\\/buletin.de\\\/bucuresti\\\/#organization\"},\"image\":{\"@id\":\"https:\\\/\\\/buletin.de\\\/bucuresti\\\/motiunea-de-cenzura-a-fost-citita-azi-in-parlament-vot-final-luni\\\/#primaryimage\"},\"thumbnailUrl\":\"https:\\\/\\\/buletin.de\\\/bucuresti\\\/wp-content\\\/uploads\\\/20200820_172413.jpg\",\"articleSection\":[\"Diverse\"],\"inLanguage\":\"en-GB\",\"copyrightYear\":\"2020\",\"copyrightHolder\":{\"@id\":\"https:\\\/\\\/buletin.de\\\/bucuresti\\\/#organization\"}},{\"@type\":\"WebPage\",\"@id\":\"https:\\\/\\\/buletin.de\\\/bucuresti\\\/motiunea-de-cenzura-a-fost-citita-azi-in-parlament-vot-final-luni\\\/\",\"url\":\"https:\\\/\\\/buletin.de\\\/bucuresti\\\/motiunea-de-cenzura-a-fost-citita-azi-in-parlament-vot-final-luni\\\/\",\"name\":\"Mo\u021biunea de cenzur\u0103 a fost citit\u0103, azi, \u00een Parlament. Vot final, luni! - Buletin de Bucure\u0219ti\",\"isPartOf\":{\"@id\":\"https:\\\/\\\/buletin.de\\\/bucuresti\\\/#website\"},\"primaryImageOfPage\":{\"@id\":\"https:\\\/\\\/buletin.de\\\/bucuresti\\\/motiunea-de-cenzura-a-fost-citita-azi-in-parlament-vot-final-luni\\\/#primaryimage\"},\"image\":{\"@id\":\"https:\\\/\\\/buletin.de\\\/bucuresti\\\/motiunea-de-cenzura-a-fost-citita-azi-in-parlament-vot-final-luni\\\/#primaryimage\"},\"thumbnailUrl\":\"https:\\\/\\\/buletin.de\\\/bucuresti\\\/wp-content\\\/uploads\\\/20200820_172413.jpg\",\"datePublished\":\"2020-08-20T14:30:24+00:00\",\"breadcrumb\":{\"@id\":\"https:\\\/\\\/buletin.de\\\/bucuresti\\\/motiunea-de-cenzura-a-fost-citita-azi-in-parlament-vot-final-luni\\\/#breadcrumb\"},\"inLanguage\":\"en-GB\",\"potentialAction\":[{\"@type\":\"ReadAction\",\"target\":[\"https:\\\/\\\/buletin.de\\\/bucuresti\\\/motiunea-de-cenzura-a-fost-citita-azi-in-parlament-vot-final-luni\\\/\"]}]},{\"@type\":\"ImageObject\",\"inLanguage\":\"en-GB\",\"@id\":\"https:\\\/\\\/buletin.de\\\/bucuresti\\\/motiunea-de-cenzura-a-fost-citita-azi-in-parlament-vot-final-luni\\\/#primaryimage\",\"url\":\"https:\\\/\\\/buletin.de\\\/bucuresti\\\/wp-content\\\/uploads\\\/20200820_172413.jpg\",\"contentUrl\":\"https:\\\/\\\/buletin.de\\\/bucuresti\\\/wp-content\\\/uploads\\\/20200820_172413.jpg\",\"width\":1279,\"height\":719},{\"@type\":\"BreadcrumbList\",\"@id\":\"https:\\\/\\\/buletin.de\\\/bucuresti\\\/motiunea-de-cenzura-a-fost-citita-azi-in-parlament-vot-final-luni\\\/#breadcrumb\",\"itemListElement\":[{\"@type\":\"ListItem\",\"position\":1,\"name\":\"Acas\u0103\",\"item\":\"https:\\\/\\\/buletin.de\\\/bucuresti\\\/\"},{\"@type\":\"ListItem\",\"position\":2,\"name\":\"Mo\u021biunea de cenzur\u0103 a fost citit\u0103, azi, \u00een Parlament. Vot final, luni!\"}]},{\"@type\":\"WebSite\",\"@id\":\"https:\\\/\\\/buletin.de\\\/bucuresti\\\/#website\",\"url\":\"https:\\\/\\\/buletin.de\\\/bucuresti\\\/\",\"name\":\"Buletin de Bucure\u0219ti\",\"description\":\"\u0218tiri \u0219i investiga\u021bii esen\u021biale din capital\u0103\",\"publisher\":{\"@id\":\"https:\\\/\\\/buletin.de\\\/bucuresti\\\/#organization\"},\"potentialAction\":[{\"@type\":\"SearchAction\",\"target\":{\"@type\":\"EntryPoint\",\"urlTemplate\":\"https:\\\/\\\/buletin.de\\\/bucuresti\\\/?s={search_term_string}\"},\"query-input\":{\"@type\":\"PropertyValueSpecification\",\"valueRequired\":true,\"valueName\":\"search_term_string\"}}],\"inLanguage\":\"en-GB\"},{\"@type\":\"Organization\",\"@id\":\"https:\\\/\\\/buletin.de\\\/bucuresti\\\/#organization\",\"name\":\"Buletin de Bucure\u0219ti\",\"url\":\"https:\\\/\\\/buletin.de\\\/bucuresti\\\/\",\"logo\":{\"@type\":\"ImageObject\",\"inLanguage\":\"en-GB\",\"@id\":\"https:\\\/\\\/buletin.de\\\/bucuresti\\\/#\\\/schema\\\/logo\\\/image\\\/\",\"url\":\"https:\\\/\\\/buletin.de\\\/bucuresti\\\/wp-content\\\/uploads\\\/logo-bdb-full-wide-vernil-transparent.png\",\"contentUrl\":\"https:\\\/\\\/buletin.de\\\/bucuresti\\\/wp-content\\\/uploads\\\/logo-bdb-full-wide-vernil-transparent.png\",\"width\":1782,\"height\":626,\"caption\":\"Buletin de Bucure\u0219ti\"},\"image\":{\"@id\":\"https:\\\/\\\/buletin.de\\\/bucuresti\\\/#\\\/schema\\\/logo\\\/image\\\/\"},\"sameAs\":[\"https:\\\/\\\/www.facebook.com\\\/buletin.de.buc\",\"https:\\\/\\\/www.instagram.com\\\/buletinde.bucuresti\\\/\"]},{\"@type\":\"Person\",\"@id\":\"https:\\\/\\\/buletin.de\\\/bucuresti\\\/#\\\/schema\\\/person\\\/b0686d7a8b666c6afc78239777fd8a89\",\"name\":\"Florin R\u00e2\u0219teiu\",\"image\":{\"@type\":\"ImageObject\",\"inLanguage\":\"en-GB\",\"@id\":\"https:\\\/\\\/buletin.de\\\/bucuresti\\\/wp-content\\\/uploads\\\/Florin-Rasteiu-96x96.jpgf0a6fe28453aa12f0a60e4d0a2e3a78c\",\"url\":\"https:\\\/\\\/buletin.de\\\/bucuresti\\\/wp-content\\\/uploads\\\/Florin-Rasteiu-96x96.jpg\",\"contentUrl\":\"https:\\\/\\\/buletin.de\\\/bucuresti\\\/wp-content\\\/uploads\\\/Florin-Rasteiu-96x96.jpg\",\"caption\":\"Florin R\u00e2\u0219teiu\"},\"description\":\"Jurnalist de investiga\u021bie. Lucreaz\u0103 de aproape 6 ani la Buletin de Bucure\u0219ti, unde a publicat articole care scot la suprafa\u021b\u0103 corup\u021bia din Capital\u0103. Analizeaz\u0103 baze de date zilnic \u0219i scoate pove\u0219ti din exceluri pline de cifre. Pune reflectorul pe adev\u0103r cu fiecare ocazie. A c\u00e2\u0219tigat premiul I la categoria Pres\u0103 Local\u0103 \u00een 2025 \u0219i locul al II-lea la aceea\u0219i categorie \u00een 2024 \u00een cadrul Premiilor Superscrieri pentru jurnalism independent.\",\"url\":\"https:\\\/\\\/buletin.de\\\/bucuresti\\\/author\\\/florinrasteiu\\\/\"}]}<\/script>\n<!-- \/ Yoast SEO Premium plugin. -->","yoast_head_json":{"title":"Mo\u021biunea de cenzur\u0103 a fost citit\u0103, azi, \u00een Parlament. Vot final, luni! - Buletin de Bucure\u0219ti","robots":{"index":"index","follow":"follow","max-snippet":"max-snippet:-1","max-image-preview":"max-image-preview:large","max-video-preview":"max-video-preview:-1"},"canonical":"https:\/\/buletin.de\/bucuresti\/motiunea-de-cenzura-a-fost-citita-azi-in-parlament-vot-final-luni\/","og_locale":"en_GB","og_type":"article","og_title":"Mo\u021biunea de cenzur\u0103 a fost citit\u0103, azi, \u00een Parlament. Vot final, luni!","og_description":"Textul mo\u021biunii \u00eencepe prin a acuza Guvernul c\u0103 a e\u0219uat \u00een gestionarea pandemiei de Covid19 \u0219i a economiei: Prezenta mo\u0163iune de cenzur\u0103 \u00eempotriva Guvernului Orban 2 reprezint\u0103 solu\u0163ia ra\u0163ional\u0103, logic\u0103 \u015fi politic\u0103 pentru a opri pr\u0103bu\u015firea Rom\u00e2niei \u00eentr-o criz\u0103 economic\u0103 \u015fi social\u0103 profund\u0103, cu efecte negative incalculabile asupra popula\u0163iei. &#8216;Pas cu pas&#8217;, Guvernul Orban 2 [&hellip;]","og_url":"https:\/\/buletin.de\/bucuresti\/motiunea-de-cenzura-a-fost-citita-azi-in-parlament-vot-final-luni\/","og_site_name":"Buletin de Bucure\u0219ti","article_publisher":"https:\/\/www.facebook.com\/buletin.de.buc","article_published_time":"2020-08-20T14:30:24+00:00","og_image":[{"width":1279,"height":719,"url":"https:\/\/buletin.de\/bucuresti\/wp-content\/uploads\/20200820_172413.jpg","type":"image\/jpeg"}],"author":"Florin R\u00e2\u0219teiu","twitter_card":"summary_large_image","twitter_misc":{"Written by":"Florin R\u00e2\u0219teiu","Estimated reading time":"1 minute"},"schema":{"@context":"https:\/\/schema.org","@graph":[{"@type":"Article","@id":"https:\/\/buletin.de\/bucuresti\/motiunea-de-cenzura-a-fost-citita-azi-in-parlament-vot-final-luni\/#article","isPartOf":{"@id":"https:\/\/buletin.de\/bucuresti\/motiunea-de-cenzura-a-fost-citita-azi-in-parlament-vot-final-luni\/"},"author":{"name":"Florin R\u00e2\u0219teiu","@id":"https:\/\/buletin.de\/bucuresti\/#\/schema\/person\/b0686d7a8b666c6afc78239777fd8a89"},"headline":"Mo\u021biunea de cenzur\u0103 a fost citit\u0103, azi, \u00een Parlament. Vot final, luni!","datePublished":"2020-08-20T14:30:24+00:00","mainEntityOfPage":{"@id":"https:\/\/buletin.de\/bucuresti\/motiunea-de-cenzura-a-fost-citita-azi-in-parlament-vot-final-luni\/"},"wordCount":233,"publisher":{"@id":"https:\/\/buletin.de\/bucuresti\/#organization"},"image":{"@id":"https:\/\/buletin.de\/bucuresti\/motiunea-de-cenzura-a-fost-citita-azi-in-parlament-vot-final-luni\/#primaryimage"},"thumbnailUrl":"https:\/\/buletin.de\/bucuresti\/wp-content\/uploads\/20200820_172413.jpg","articleSection":["Diverse"],"inLanguage":"en-GB","copyrightYear":"2020","copyrightHolder":{"@id":"https:\/\/buletin.de\/bucuresti\/#organization"}},{"@type":"WebPage","@id":"https:\/\/buletin.de\/bucuresti\/motiunea-de-cenzura-a-fost-citita-azi-in-parlament-vot-final-luni\/","url":"https:\/\/buletin.de\/bucuresti\/motiunea-de-cenzura-a-fost-citita-azi-in-parlament-vot-final-luni\/","name":"Mo\u021biunea de cenzur\u0103 a fost citit\u0103, azi, \u00een Parlament. Vot final, luni! - Buletin de Bucure\u0219ti","isPartOf":{"@id":"https:\/\/buletin.de\/bucuresti\/#website"},"primaryImageOfPage":{"@id":"https:\/\/buletin.de\/bucuresti\/motiunea-de-cenzura-a-fost-citita-azi-in-parlament-vot-final-luni\/#primaryimage"},"image":{"@id":"https:\/\/buletin.de\/bucuresti\/motiunea-de-cenzura-a-fost-citita-azi-in-parlament-vot-final-luni\/#primaryimage"},"thumbnailUrl":"https:\/\/buletin.de\/bucuresti\/wp-content\/uploads\/20200820_172413.jpg","datePublished":"2020-08-20T14:30:24+00:00","breadcrumb":{"@id":"https:\/\/buletin.de\/bucuresti\/motiunea-de-cenzura-a-fost-citita-azi-in-parlament-vot-final-luni\/#breadcrumb"},"inLanguage":"en-GB","potentialAction":[{"@type":"ReadAction","target":["https:\/\/buletin.de\/bucuresti\/motiunea-de-cenzura-a-fost-citita-azi-in-parlament-vot-final-luni\/"]}]},{"@type":"ImageObject","inLanguage":"en-GB","@id":"https:\/\/buletin.de\/bucuresti\/motiunea-de-cenzura-a-fost-citita-azi-in-parlament-vot-final-luni\/#primaryimage","url":"https:\/\/buletin.de\/bucuresti\/wp-content\/uploads\/20200820_172413.jpg","contentUrl":"https:\/\/buletin.de\/bucuresti\/wp-content\/uploads\/20200820_172413.jpg","width":1279,"height":719},{"@type":"BreadcrumbList","@id":"https:\/\/buletin.de\/bucuresti\/motiunea-de-cenzura-a-fost-citita-azi-in-parlament-vot-final-luni\/#breadcrumb","itemListElement":[{"@type":"ListItem","position":1,"name":"Acas\u0103","item":"https:\/\/buletin.de\/bucuresti\/"},{"@type":"ListItem","position":2,"name":"Mo\u021biunea de cenzur\u0103 a fost citit\u0103, azi, \u00een Parlament. Vot final, luni!"}]},{"@type":"WebSite","@id":"https:\/\/buletin.de\/bucuresti\/#website","url":"https:\/\/buletin.de\/bucuresti\/","name":"Buletin de Bucure\u0219ti","description":"\u0218tiri \u0219i investiga\u021bii esen\u021biale din capital\u0103","publisher":{"@id":"https:\/\/buletin.de\/bucuresti\/#organization"},"potentialAction":[{"@type":"SearchAction","target":{"@type":"EntryPoint","urlTemplate":"https:\/\/buletin.de\/bucuresti\/?s={search_term_string}"},"query-input":{"@type":"PropertyValueSpecification","valueRequired":true,"valueName":"search_term_string"}}],"inLanguage":"en-GB"},{"@type":"Organization","@id":"https:\/\/buletin.de\/bucuresti\/#organization","name":"Buletin de Bucure\u0219ti","url":"https:\/\/buletin.de\/bucuresti\/","logo":{"@type":"ImageObject","inLanguage":"en-GB","@id":"https:\/\/buletin.de\/bucuresti\/#\/schema\/logo\/image\/","url":"https:\/\/buletin.de\/bucuresti\/wp-content\/uploads\/logo-bdb-full-wide-vernil-transparent.png","contentUrl":"https:\/\/buletin.de\/bucuresti\/wp-content\/uploads\/logo-bdb-full-wide-vernil-transparent.png","width":1782,"height":626,"caption":"Buletin de Bucure\u0219ti"},"image":{"@id":"https:\/\/buletin.de\/bucuresti\/#\/schema\/logo\/image\/"},"sameAs":["https:\/\/www.facebook.com\/buletin.de.buc","https:\/\/www.instagram.com\/buletinde.bucuresti\/"]},{"@type":"Person","@id":"https:\/\/buletin.de\/bucuresti\/#\/schema\/person\/b0686d7a8b666c6afc78239777fd8a89","name":"Florin R\u00e2\u0219teiu","image":{"@type":"ImageObject","inLanguage":"en-GB","@id":"https:\/\/buletin.de\/bucuresti\/wp-content\/uploads\/Florin-Rasteiu-96x96.jpgf0a6fe28453aa12f0a60e4d0a2e3a78c","url":"https:\/\/buletin.de\/bucuresti\/wp-content\/uploads\/Florin-Rasteiu-96x96.jpg","contentUrl":"https:\/\/buletin.de\/bucuresti\/wp-content\/uploads\/Florin-Rasteiu-96x96.jpg","caption":"Florin R\u00e2\u0219teiu"},"description":"Jurnalist de investiga\u021bie. Lucreaz\u0103 de aproape 6 ani la Buletin de Bucure\u0219ti, unde a publicat articole care scot la suprafa\u021b\u0103 corup\u021bia din Capital\u0103. Analizeaz\u0103 baze de date zilnic \u0219i scoate pove\u0219ti din exceluri pline de cifre. Pune reflectorul pe adev\u0103r cu fiecare ocazie. A c\u00e2\u0219tigat premiul I la categoria Pres\u0103 Local\u0103 \u00een 2025 \u0219i locul al II-lea la aceea\u0219i categorie \u00een 2024 \u00een cadrul Premiilor Superscrieri pentru jurnalism independent.","url":"https:\/\/buletin.de\/bucuresti\/author\/florinrasteiu\/"}]}},"authors":[{"term_id":22576,"user_id":17,"is_guest":0,"slug":"florinrasteiu","display_name":"Florin R\u00e2\u0219teiu","avatar_url":"https:\/\/buletin.de\/bucuresti\/wp-content\/uploads\/Florin-Rasteiu-96x96.jpg","0":null,"1":"","2":"","3":"","4":"","5":"","6":"","7":"","8":""}],"_links":{"self":[{"href":"https:\/\/buletin.de\/bucuresti\/wp-json\/wp\/v2\/posts\/10808","targetHints":{"allow":["GET"]}}],"collection":[{"href":"https:\/\/buletin.de\/bucuresti\/wp-json\/wp\/v2\/posts"}],"about":[{"href":"https:\/\/buletin.de\/bucuresti\/wp-json\/wp\/v2\/types\/post"}],"author":[{"embeddable":true,"href":"https:\/\/buletin.de\/bucuresti\/wp-json\/wp\/v2\/users\/17"}],"replies":[{"embeddable":true,"href":"https:\/\/buletin.de\/bucuresti\/wp-json\/wp\/v2\/comments?post=10808"}],"version-history":[{"count":3,"href":"https:\/\/buletin.de\/bucuresti\/wp-json\/wp\/v2\/posts\/10808\/revisions"}],"predecessor-version":[{"id":10819,"href":"https:\/\/buletin.de\/bucuresti\/wp-json\/wp\/v2\/posts\/10808\/revisions\/10819"}],"wp:featuredmedia":[{"embeddable":true,"href":"https:\/\/buletin.de\/bucuresti\/wp-json\/wp\/v2\/media\/10817"}],"wp:attachment":[{"href":"https:\/\/buletin.de\/bucuresti\/wp-json\/wp\/v2\/media?parent=10808"}],"wp:term":[{"taxonomy":"category","embeddable":true,"href":"https:\/\/buletin.de\/bucuresti\/wp-json\/wp\/v2\/categories?post=10808"},{"taxonomy":"post_tag","embeddable":true,"href":"https:\/\/buletin.de\/bucuresti\/wp-json\/wp\/v2\/tags?post=10808"},{"taxonomy":"author","embeddable":true,"href":"https:\/\/buletin.de\/bucuresti\/wp-json\/wp\/v2\/ppma_author?post=10808"}],"curies":[{"name":"wp","href":"https:\/\/api.w.org\/{rel}","templated":true}]}}