{"id":108072,"date":"2024-11-25T21:26:38","date_gmt":"2024-11-25T18:26:38","guid":{"rendered":"https:\/\/buletin.de\/bucuresti\/?p=108072"},"modified":"2024-11-25T21:33:13","modified_gmt":"2024-11-25T18:33:13","slug":"ascensiunea-lui-calin-georgescu-i-a-speriat-pe-elevii-din-bucuresti","status":"publish","type":"post","link":"https:\/\/buletin.de\/bucuresti\/ascensiunea-lui-calin-georgescu-i-a-speriat-pe-elevii-din-bucuresti\/","title":{"rendered":"Ascensiunea lui C\u0103lin Georgescu i-a speriat pe elevii din Bucure\u0219ti"},"content":{"rendered":"\n<p><strong>Ascensiunea lui C\u0103lin Georgescu \u00een primul tur al alegerilor preziden\u021biale a fost subiect de discu\u021bie inclusiv \u00een liceele din Bucure\u0219ti, luni. Multe reac\u021bii au fost mai degrab\u0103 de team\u0103 \u0219i surprindere.<\/strong><\/p>\n\n\n\n<h2 class=\"wp-block-heading\" id=\"h-cel-mai-probabil-ma-voi-muta-din-\u021bara\">\u201eCel mai probabil m\u0103 voi muta din \u021bar\u0103&#8221;<\/h2>\n\n\n\n<p>\u201eMi-e team\u0103 s\u0103 nu se n\u0103ruie ce-au cl\u0103dit p\u0103rin\u021bii no\u0219trii din 1989 \u00eencoace&#8221;, ne-a m\u0103rturisit Andrei, elev la un colegiu din Capital\u0103 (vom men\u021biona doar prenumele pentru c\u0103, pe ideea c\u0103 \u00een \u0219coal\u0103 nu se face politic\u0103 \u0219i av\u00e2nd \u00een vedere c\u0103 am discutat cu minori, am preferat s\u0103 \u00eei protej\u0103m).<\/p>\n\n\n\n<p>\u201eSunt extrem de \u00eengrijorat\u0103 de ce urmeaz\u0103 s\u0103 se \u00eent\u00e2mple. Dac\u0103 alegerile vor fi c\u00e2\u0219tigate de o persoan\u0103 care promoveaz\u0103 misoginismul, antisemitismul, ideile pro-ruse, rasismul si homofobia, cel mai probabil m\u0103 voi muta din \u021bar\u0103&#8221;, a fost concluzia radical\u0103 a unei alte eleve.<\/p>\n\n\n\n<p>CITE\u0218TE \u0218I: <strong><a href=\"https:\/\/buletin.de\/bucuresti\/protest-anti-georgescu-la-caralegiana-de-la-tnb-tik-tok-tik-tok-ne-ai-prostit-de-tot\/\" target=\"_blank\" rel=\"noreferrer noopener\">Protest anti-Georgescu la \u201eCarageliana\u201d de la TNB: \u201eTik-tok, tik-tok, ne-ai prostit de tot\u201d<\/a><\/strong><\/p>\n\n\n\n<h2 class=\"wp-block-heading\" id=\"h-ascensiunea-lui-calin-georgescu-fascismul-este-doar-capitalismul-pe-pat-de-moarte\">Ascensiunea lui C\u0103lin Georgescu. \u201eFascismul este doar capitalismul pe pat de moarte\u201d<\/h2>\n\n\n\n<p><strong>\u201eMi-e teama ca, prin alegerea unui asemenea om legionar, fascist care e pro-rusia \u0219i care e efectiv un simbol pentru toate otr\u0103vurile \u021b\u0103rii noastre, romanii se \u00eendreapt\u0103 \u00eenapoi \u00een era comunist\u0103. <\/strong><\/p>\n\n\n\n<p>E greu de zis dac\u0103 este mai \u00eengrijor\u0103tor faptul c\u0103 exist\u0103 rom\u00e2ni care \u00eel voteaz\u0103 con\u0219tient cu toate moravurile sale sau c\u0103 sunt at\u00e2\u021bia care voteaz\u0103 complet incon\u0219tient, \u00een special cei din str\u0103in\u0103tate, av\u00e2nd \u00een vedere c\u0103 voturile lor ar trebui s\u0103 reflecte motivele pentru care au plecat din \u021bar\u0103 \u00een primul r\u00e2nd&#8221;, a precizat Florin, un elev dintr-un alt liceu din Capital\u0103.<\/p>\n\n\n\n<p>\u201eSitua\u0163ia amar\u0103 \u00een care ne afl\u0103m acum este rezultatul logic al sistemului economic \u00een care tr\u0103im. Fascismul este doar capitalismul pe pat de moarte.<\/p>\n\n\n\n<p>C\u00e2nd nu te mai cred muncitorii c\u0103 dac\u0103 lucreaz\u0103 15 ore pe salariu minim o s\u0103 devin\u0103 milionari trebuie s\u0103 inventezi m\u00e2ndria na\u021bional\u0103 \u0219i s\u0103 promovezi ura c\u0103tre minorit\u0103\u021bi, ca \u00een timp ce proletariatul este ocupat s\u0103 urasc\u0103 persoanele LGBT, tu s\u0103 le po\u021bi exploata \u00een pace\u201d, a men\u021bionat Elena, o elev\u0103 de clasa a XII-a.<\/p>\n\n\n\n<p>CITE\u0218TE \u0218I: <strong><a href=\"https:\/\/buletin.de\/bucuresti\/editorial-la-cald-de-ce-a-fost-votat-calin-georgescu-inclusiv-in-bucuresti\/\" target=\"_blank\" rel=\"noreferrer noopener\">EDITORIAL LA CALD | De ce a fost votat C\u0103lin Georgescu. Inclusiv \u00een Bucure\u0219ti<\/a><\/strong><\/p>\n\n\n\n<p><strong><em>Editor R\u0103zvan Chiru\u021b\u0103<\/em><\/strong><\/p>\n","protected":false},"excerpt":{"rendered":"<p>Ascensiunea lui C\u0103lin Georgescu \u00een primul tur al alegerilor preziden\u021biale a fost subiect de discu\u021bie inclusiv \u00een liceele din Bucure\u0219ti, luni. Multe reac\u021bii au fost mai degrab\u0103 de team\u0103 \u0219i surprindere. \u201eCel mai probabil m\u0103 voi muta din \u021bar\u0103&#8221; \u201eMi-e team\u0103 s\u0103 nu se n\u0103ruie ce-au cl\u0103dit p\u0103rin\u021bii no\u0219trii din 1989 \u00eencoace&#8221;, ne-a m\u0103rturisit Andrei, [&hellip;]<\/p>\n","protected":false},"author":61,"featured_media":108081,"comment_status":"closed","ping_status":"open","sticky":false,"template":"","format":"standard","meta":{"_acf_changed":false,"inline_featured_image":false,"ngg_post_thumbnail":0,"footnotes":""},"categories":[6994,9026,62],"tags":[17137,2100,17139,17138],"ppma_author":[22577],"class_list":["post-108072","post","type-post","status-publish","format-standard","has-post-thumbnail","hentry","category-stiri-2","category-eveniment","category-stiri","tag-ascensiunea-lui-calin-georgescu","tag-calin-georgescu","tag-elevi-de-liceu","tag-vot-calin-georgescu"],"acf":[],"yoast_head":"<!-- This site is optimized with the Yoast SEO Premium plugin v25.3 (Yoast SEO v27.4) - https:\/\/yoast.com\/product\/yoast-seo-premium-wordpress\/ -->\n<title>Ascensiunea lui C\u0103lin Georgescu i-a speriat pe elevii din Bucure\u0219ti - Buletin de Bucure\u0219ti<\/title>\n<meta name=\"description\" content=\"Ascensiunea lui C\u0103lin Georgescu \u00een primul tur al alegerilor preziden\u021biale a fost subiect de discu\u021bie inclusiv \u00een liceele din Bucure\u0219ti, luni.\" \/>\n<meta name=\"robots\" content=\"index, follow, max-snippet:-1, max-image-preview:large, max-video-preview:-1\" \/>\n<link rel=\"canonical\" href=\"https:\/\/buletin.de\/bucuresti\/ascensiunea-lui-calin-georgescu-i-a-speriat-pe-elevii-din-bucuresti\/\" \/>\n<meta property=\"og:locale\" content=\"en_GB\" \/>\n<meta property=\"og:type\" content=\"article\" \/>\n<meta property=\"og:title\" content=\"Ascensiunea lui C\u0103lin Georgescu i-a speriat pe elevii din Bucure\u0219ti\" \/>\n<meta property=\"og:description\" content=\"Ascensiunea lui C\u0103lin Georgescu \u00een primul tur al alegerilor preziden\u021biale a fost subiect de discu\u021bie inclusiv \u00een liceele din Bucure\u0219ti, luni.\" \/>\n<meta property=\"og:url\" content=\"https:\/\/buletin.de\/bucuresti\/ascensiunea-lui-calin-georgescu-i-a-speriat-pe-elevii-din-bucuresti\/\" \/>\n<meta property=\"og:site_name\" content=\"Buletin de Bucure\u0219ti\" \/>\n<meta property=\"article:publisher\" content=\"https:\/\/www.facebook.com\/buletin.de.buc\" \/>\n<meta property=\"article:published_time\" content=\"2024-11-25T18:26:38+00:00\" \/>\n<meta property=\"article:modified_time\" content=\"2024-11-25T18:33:13+00:00\" \/>\n<meta property=\"og:image\" content=\"https:\/\/buletin.de\/bucuresti\/wp-content\/uploads\/calingeorgescu-2.jpg\" \/>\n\t<meta property=\"og:image:width\" content=\"1600\" \/>\n\t<meta property=\"og:image:height\" content=\"1134\" \/>\n\t<meta property=\"og:image:type\" content=\"image\/jpeg\" \/>\n<meta name=\"author\" content=\"Alexandru Stan\" \/>\n<meta name=\"twitter:card\" content=\"summary_large_image\" \/>\n<meta name=\"twitter:label1\" content=\"Written by\" \/>\n\t<meta name=\"twitter:data1\" content=\"Alexandru Stan\" \/>\n\t<meta name=\"twitter:label2\" content=\"Estimated reading time\" \/>\n\t<meta name=\"twitter:data2\" content=\"2 minutes\" \/>\n<script type=\"application\/ld+json\" class=\"yoast-schema-graph\">{\"@context\":\"https:\\\/\\\/schema.org\",\"@graph\":[{\"@type\":\"Article\",\"@id\":\"https:\\\/\\\/buletin.de\\\/bucuresti\\\/ascensiunea-lui-calin-georgescu-i-a-speriat-pe-elevii-din-bucuresti\\\/#article\",\"isPartOf\":{\"@id\":\"https:\\\/\\\/buletin.de\\\/bucuresti\\\/ascensiunea-lui-calin-georgescu-i-a-speriat-pe-elevii-din-bucuresti\\\/\"},\"author\":{\"name\":\"Alexandru Stan\",\"@id\":\"https:\\\/\\\/buletin.de\\\/bucuresti\\\/#\\\/schema\\\/person\\\/104a46bbe8be6e336fecf63974383951\"},\"headline\":\"Ascensiunea lui C\u0103lin Georgescu i-a speriat pe elevii din Bucure\u0219ti\",\"datePublished\":\"2024-11-25T18:26:38+00:00\",\"dateModified\":\"2024-11-25T18:33:13+00:00\",\"mainEntityOfPage\":{\"@id\":\"https:\\\/\\\/buletin.de\\\/bucuresti\\\/ascensiunea-lui-calin-georgescu-i-a-speriat-pe-elevii-din-bucuresti\\\/\"},\"wordCount\":404,\"publisher\":{\"@id\":\"https:\\\/\\\/buletin.de\\\/bucuresti\\\/#organization\"},\"image\":{\"@id\":\"https:\\\/\\\/buletin.de\\\/bucuresti\\\/ascensiunea-lui-calin-georgescu-i-a-speriat-pe-elevii-din-bucuresti\\\/#primaryimage\"},\"thumbnailUrl\":\"https:\\\/\\\/buletin.de\\\/bucuresti\\\/wp-content\\\/uploads\\\/calingeorgescu-2.jpg\",\"keywords\":[\"ascensiunea lui calin georgescu\",\"calin georgescu\",\"elevi de liceu\",\"vot calin georgescu\"],\"articleSection\":[\"Articole\",\"Eveniment\",\"\u0218tiri\"],\"inLanguage\":\"en-GB\",\"copyrightYear\":\"2024\",\"copyrightHolder\":{\"@id\":\"https:\\\/\\\/buletin.de\\\/bucuresti\\\/#organization\"}},{\"@type\":\"WebPage\",\"@id\":\"https:\\\/\\\/buletin.de\\\/bucuresti\\\/ascensiunea-lui-calin-georgescu-i-a-speriat-pe-elevii-din-bucuresti\\\/\",\"url\":\"https:\\\/\\\/buletin.de\\\/bucuresti\\\/ascensiunea-lui-calin-georgescu-i-a-speriat-pe-elevii-din-bucuresti\\\/\",\"name\":\"Ascensiunea lui C\u0103lin Georgescu i-a speriat pe elevii din Bucure\u0219ti - Buletin de Bucure\u0219ti\",\"isPartOf\":{\"@id\":\"https:\\\/\\\/buletin.de\\\/bucuresti\\\/#website\"},\"primaryImageOfPage\":{\"@id\":\"https:\\\/\\\/buletin.de\\\/bucuresti\\\/ascensiunea-lui-calin-georgescu-i-a-speriat-pe-elevii-din-bucuresti\\\/#primaryimage\"},\"image\":{\"@id\":\"https:\\\/\\\/buletin.de\\\/bucuresti\\\/ascensiunea-lui-calin-georgescu-i-a-speriat-pe-elevii-din-bucuresti\\\/#primaryimage\"},\"thumbnailUrl\":\"https:\\\/\\\/buletin.de\\\/bucuresti\\\/wp-content\\\/uploads\\\/calingeorgescu-2.jpg\",\"datePublished\":\"2024-11-25T18:26:38+00:00\",\"dateModified\":\"2024-11-25T18:33:13+00:00\",\"description\":\"Ascensiunea lui C\u0103lin Georgescu \u00een primul tur al alegerilor preziden\u021biale a fost subiect de discu\u021bie inclusiv \u00een liceele din Bucure\u0219ti, luni.\",\"breadcrumb\":{\"@id\":\"https:\\\/\\\/buletin.de\\\/bucuresti\\\/ascensiunea-lui-calin-georgescu-i-a-speriat-pe-elevii-din-bucuresti\\\/#breadcrumb\"},\"inLanguage\":\"en-GB\",\"potentialAction\":[{\"@type\":\"ReadAction\",\"target\":[\"https:\\\/\\\/buletin.de\\\/bucuresti\\\/ascensiunea-lui-calin-georgescu-i-a-speriat-pe-elevii-din-bucuresti\\\/\"]}]},{\"@type\":\"ImageObject\",\"inLanguage\":\"en-GB\",\"@id\":\"https:\\\/\\\/buletin.de\\\/bucuresti\\\/ascensiunea-lui-calin-georgescu-i-a-speriat-pe-elevii-din-bucuresti\\\/#primaryimage\",\"url\":\"https:\\\/\\\/buletin.de\\\/bucuresti\\\/wp-content\\\/uploads\\\/calingeorgescu-2.jpg\",\"contentUrl\":\"https:\\\/\\\/buletin.de\\\/bucuresti\\\/wp-content\\\/uploads\\\/calingeorgescu-2.jpg\",\"width\":1600,\"height\":1134,\"caption\":\"Ascensiunea lui C\u0103lin Georgescu i-a speriat pe elevii din Bucure\u0219ti. Foto FB C\u0103lin Georgescu\"},{\"@type\":\"BreadcrumbList\",\"@id\":\"https:\\\/\\\/buletin.de\\\/bucuresti\\\/ascensiunea-lui-calin-georgescu-i-a-speriat-pe-elevii-din-bucuresti\\\/#breadcrumb\",\"itemListElement\":[{\"@type\":\"ListItem\",\"position\":1,\"name\":\"Acas\u0103\",\"item\":\"https:\\\/\\\/buletin.de\\\/bucuresti\\\/\"},{\"@type\":\"ListItem\",\"position\":2,\"name\":\"Ascensiunea lui C\u0103lin Georgescu i-a speriat pe elevii din Bucure\u0219ti\"}]},{\"@type\":\"WebSite\",\"@id\":\"https:\\\/\\\/buletin.de\\\/bucuresti\\\/#website\",\"url\":\"https:\\\/\\\/buletin.de\\\/bucuresti\\\/\",\"name\":\"Buletin de Bucure\u0219ti\",\"description\":\"\u0218tiri \u0219i investiga\u021bii esen\u021biale din capital\u0103\",\"publisher\":{\"@id\":\"https:\\\/\\\/buletin.de\\\/bucuresti\\\/#organization\"},\"potentialAction\":[{\"@type\":\"SearchAction\",\"target\":{\"@type\":\"EntryPoint\",\"urlTemplate\":\"https:\\\/\\\/buletin.de\\\/bucuresti\\\/?s={search_term_string}\"},\"query-input\":{\"@type\":\"PropertyValueSpecification\",\"valueRequired\":true,\"valueName\":\"search_term_string\"}}],\"inLanguage\":\"en-GB\"},{\"@type\":\"Organization\",\"@id\":\"https:\\\/\\\/buletin.de\\\/bucuresti\\\/#organization\",\"name\":\"Buletin de Bucure\u0219ti\",\"url\":\"https:\\\/\\\/buletin.de\\\/bucuresti\\\/\",\"logo\":{\"@type\":\"ImageObject\",\"inLanguage\":\"en-GB\",\"@id\":\"https:\\\/\\\/buletin.de\\\/bucuresti\\\/#\\\/schema\\\/logo\\\/image\\\/\",\"url\":\"https:\\\/\\\/buletin.de\\\/bucuresti\\\/wp-content\\\/uploads\\\/logo-bdb-full-wide-vernil-transparent.png\",\"contentUrl\":\"https:\\\/\\\/buletin.de\\\/bucuresti\\\/wp-content\\\/uploads\\\/logo-bdb-full-wide-vernil-transparent.png\",\"width\":1782,\"height\":626,\"caption\":\"Buletin de Bucure\u0219ti\"},\"image\":{\"@id\":\"https:\\\/\\\/buletin.de\\\/bucuresti\\\/#\\\/schema\\\/logo\\\/image\\\/\"},\"sameAs\":[\"https:\\\/\\\/www.facebook.com\\\/buletin.de.buc\",\"https:\\\/\\\/www.instagram.com\\\/buletinde.bucuresti\\\/\"]},{\"@type\":\"Person\",\"@id\":\"https:\\\/\\\/buletin.de\\\/bucuresti\\\/#\\\/schema\\\/person\\\/104a46bbe8be6e336fecf63974383951\",\"name\":\"Alexandru Stan\",\"image\":{\"@type\":\"ImageObject\",\"inLanguage\":\"en-GB\",\"@id\":\"https:\\\/\\\/buletin.de\\\/bucuresti\\\/wp-content\\\/uploads\\\/2025\\\/12\\\/IMG-20251216-WA0045-e1766134343668-96x96.jpgd0ca12809ae3e1d27116a2afe8926544\",\"url\":\"https:\\\/\\\/buletin.de\\\/bucuresti\\\/wp-content\\\/uploads\\\/2025\\\/12\\\/IMG-20251216-WA0045-e1766134343668-96x96.jpg\",\"contentUrl\":\"https:\\\/\\\/buletin.de\\\/bucuresti\\\/wp-content\\\/uploads\\\/2025\\\/12\\\/IMG-20251216-WA0045-e1766134343668-96x96.jpg\",\"caption\":\"Alexandru Stan\"},\"description\":\"Sunt elev la un colegiu de prestigiu din Capital\u0103 \u0219i reporter la Buletin de Bucure\u0219ti. M-am n\u0103scut \u0219i am crescut cu m\u00e2ndrie \u00een Capital\u0103, ora\u0219 al pove\u0219tilor, al tramvaiului tras de cai \u0219i al c\u0103su\u021belor cu porti\u021b\u0103 \u0219i ci\u0219mea. Prin articolele mele, m\u0103 str\u0103duiesc s\u0103 descriu cu acurate\u021be via\u021ba din Bucure\u0219ti pe ecranele cititorilor no\u0219tri \u0219i \u00eencerc totodat\u0103 s\u0103 fac accesibile subiecte de interes general tuturor, de la mic la mare.\",\"url\":\"https:\\\/\\\/buletin.de\\\/bucuresti\\\/author\\\/alexandru-stan\\\/\"}]}<\/script>\n<!-- \/ Yoast SEO Premium plugin. -->","yoast_head_json":{"title":"Ascensiunea lui C\u0103lin Georgescu i-a speriat pe elevii din Bucure\u0219ti - Buletin de Bucure\u0219ti","description":"Ascensiunea lui C\u0103lin Georgescu \u00een primul tur al alegerilor preziden\u021biale a fost subiect de discu\u021bie inclusiv \u00een liceele din Bucure\u0219ti, luni.","robots":{"index":"index","follow":"follow","max-snippet":"max-snippet:-1","max-image-preview":"max-image-preview:large","max-video-preview":"max-video-preview:-1"},"canonical":"https:\/\/buletin.de\/bucuresti\/ascensiunea-lui-calin-georgescu-i-a-speriat-pe-elevii-din-bucuresti\/","og_locale":"en_GB","og_type":"article","og_title":"Ascensiunea lui C\u0103lin Georgescu i-a speriat pe elevii din Bucure\u0219ti","og_description":"Ascensiunea lui C\u0103lin Georgescu \u00een primul tur al alegerilor preziden\u021biale a fost subiect de discu\u021bie inclusiv \u00een liceele din Bucure\u0219ti, luni.","og_url":"https:\/\/buletin.de\/bucuresti\/ascensiunea-lui-calin-georgescu-i-a-speriat-pe-elevii-din-bucuresti\/","og_site_name":"Buletin de Bucure\u0219ti","article_publisher":"https:\/\/www.facebook.com\/buletin.de.buc","article_published_time":"2024-11-25T18:26:38+00:00","article_modified_time":"2024-11-25T18:33:13+00:00","og_image":[{"width":1600,"height":1134,"url":"https:\/\/buletin.de\/bucuresti\/wp-content\/uploads\/calingeorgescu-2.jpg","type":"image\/jpeg"}],"author":"Alexandru Stan","twitter_card":"summary_large_image","twitter_misc":{"Written by":"Alexandru Stan","Estimated reading time":"2 minutes"},"schema":{"@context":"https:\/\/schema.org","@graph":[{"@type":"Article","@id":"https:\/\/buletin.de\/bucuresti\/ascensiunea-lui-calin-georgescu-i-a-speriat-pe-elevii-din-bucuresti\/#article","isPartOf":{"@id":"https:\/\/buletin.de\/bucuresti\/ascensiunea-lui-calin-georgescu-i-a-speriat-pe-elevii-din-bucuresti\/"},"author":{"name":"Alexandru Stan","@id":"https:\/\/buletin.de\/bucuresti\/#\/schema\/person\/104a46bbe8be6e336fecf63974383951"},"headline":"Ascensiunea lui C\u0103lin Georgescu i-a speriat pe elevii din Bucure\u0219ti","datePublished":"2024-11-25T18:26:38+00:00","dateModified":"2024-11-25T18:33:13+00:00","mainEntityOfPage":{"@id":"https:\/\/buletin.de\/bucuresti\/ascensiunea-lui-calin-georgescu-i-a-speriat-pe-elevii-din-bucuresti\/"},"wordCount":404,"publisher":{"@id":"https:\/\/buletin.de\/bucuresti\/#organization"},"image":{"@id":"https:\/\/buletin.de\/bucuresti\/ascensiunea-lui-calin-georgescu-i-a-speriat-pe-elevii-din-bucuresti\/#primaryimage"},"thumbnailUrl":"https:\/\/buletin.de\/bucuresti\/wp-content\/uploads\/calingeorgescu-2.jpg","keywords":["ascensiunea lui calin georgescu","calin georgescu","elevi de liceu","vot calin georgescu"],"articleSection":["Articole","Eveniment","\u0218tiri"],"inLanguage":"en-GB","copyrightYear":"2024","copyrightHolder":{"@id":"https:\/\/buletin.de\/bucuresti\/#organization"}},{"@type":"WebPage","@id":"https:\/\/buletin.de\/bucuresti\/ascensiunea-lui-calin-georgescu-i-a-speriat-pe-elevii-din-bucuresti\/","url":"https:\/\/buletin.de\/bucuresti\/ascensiunea-lui-calin-georgescu-i-a-speriat-pe-elevii-din-bucuresti\/","name":"Ascensiunea lui C\u0103lin Georgescu i-a speriat pe elevii din Bucure\u0219ti - Buletin de Bucure\u0219ti","isPartOf":{"@id":"https:\/\/buletin.de\/bucuresti\/#website"},"primaryImageOfPage":{"@id":"https:\/\/buletin.de\/bucuresti\/ascensiunea-lui-calin-georgescu-i-a-speriat-pe-elevii-din-bucuresti\/#primaryimage"},"image":{"@id":"https:\/\/buletin.de\/bucuresti\/ascensiunea-lui-calin-georgescu-i-a-speriat-pe-elevii-din-bucuresti\/#primaryimage"},"thumbnailUrl":"https:\/\/buletin.de\/bucuresti\/wp-content\/uploads\/calingeorgescu-2.jpg","datePublished":"2024-11-25T18:26:38+00:00","dateModified":"2024-11-25T18:33:13+00:00","description":"Ascensiunea lui C\u0103lin Georgescu \u00een primul tur al alegerilor preziden\u021biale a fost subiect de discu\u021bie inclusiv \u00een liceele din Bucure\u0219ti, luni.","breadcrumb":{"@id":"https:\/\/buletin.de\/bucuresti\/ascensiunea-lui-calin-georgescu-i-a-speriat-pe-elevii-din-bucuresti\/#breadcrumb"},"inLanguage":"en-GB","potentialAction":[{"@type":"ReadAction","target":["https:\/\/buletin.de\/bucuresti\/ascensiunea-lui-calin-georgescu-i-a-speriat-pe-elevii-din-bucuresti\/"]}]},{"@type":"ImageObject","inLanguage":"en-GB","@id":"https:\/\/buletin.de\/bucuresti\/ascensiunea-lui-calin-georgescu-i-a-speriat-pe-elevii-din-bucuresti\/#primaryimage","url":"https:\/\/buletin.de\/bucuresti\/wp-content\/uploads\/calingeorgescu-2.jpg","contentUrl":"https:\/\/buletin.de\/bucuresti\/wp-content\/uploads\/calingeorgescu-2.jpg","width":1600,"height":1134,"caption":"Ascensiunea lui C\u0103lin Georgescu i-a speriat pe elevii din Bucure\u0219ti. Foto FB C\u0103lin Georgescu"},{"@type":"BreadcrumbList","@id":"https:\/\/buletin.de\/bucuresti\/ascensiunea-lui-calin-georgescu-i-a-speriat-pe-elevii-din-bucuresti\/#breadcrumb","itemListElement":[{"@type":"ListItem","position":1,"name":"Acas\u0103","item":"https:\/\/buletin.de\/bucuresti\/"},{"@type":"ListItem","position":2,"name":"Ascensiunea lui C\u0103lin Georgescu i-a speriat pe elevii din Bucure\u0219ti"}]},{"@type":"WebSite","@id":"https:\/\/buletin.de\/bucuresti\/#website","url":"https:\/\/buletin.de\/bucuresti\/","name":"Buletin de Bucure\u0219ti","description":"\u0218tiri \u0219i investiga\u021bii esen\u021biale din capital\u0103","publisher":{"@id":"https:\/\/buletin.de\/bucuresti\/#organization"},"potentialAction":[{"@type":"SearchAction","target":{"@type":"EntryPoint","urlTemplate":"https:\/\/buletin.de\/bucuresti\/?s={search_term_string}"},"query-input":{"@type":"PropertyValueSpecification","valueRequired":true,"valueName":"search_term_string"}}],"inLanguage":"en-GB"},{"@type":"Organization","@id":"https:\/\/buletin.de\/bucuresti\/#organization","name":"Buletin de Bucure\u0219ti","url":"https:\/\/buletin.de\/bucuresti\/","logo":{"@type":"ImageObject","inLanguage":"en-GB","@id":"https:\/\/buletin.de\/bucuresti\/#\/schema\/logo\/image\/","url":"https:\/\/buletin.de\/bucuresti\/wp-content\/uploads\/logo-bdb-full-wide-vernil-transparent.png","contentUrl":"https:\/\/buletin.de\/bucuresti\/wp-content\/uploads\/logo-bdb-full-wide-vernil-transparent.png","width":1782,"height":626,"caption":"Buletin de Bucure\u0219ti"},"image":{"@id":"https:\/\/buletin.de\/bucuresti\/#\/schema\/logo\/image\/"},"sameAs":["https:\/\/www.facebook.com\/buletin.de.buc","https:\/\/www.instagram.com\/buletinde.bucuresti\/"]},{"@type":"Person","@id":"https:\/\/buletin.de\/bucuresti\/#\/schema\/person\/104a46bbe8be6e336fecf63974383951","name":"Alexandru Stan","image":{"@type":"ImageObject","inLanguage":"en-GB","@id":"https:\/\/buletin.de\/bucuresti\/wp-content\/uploads\/2025\/12\/IMG-20251216-WA0045-e1766134343668-96x96.jpgd0ca12809ae3e1d27116a2afe8926544","url":"https:\/\/buletin.de\/bucuresti\/wp-content\/uploads\/2025\/12\/IMG-20251216-WA0045-e1766134343668-96x96.jpg","contentUrl":"https:\/\/buletin.de\/bucuresti\/wp-content\/uploads\/2025\/12\/IMG-20251216-WA0045-e1766134343668-96x96.jpg","caption":"Alexandru Stan"},"description":"Sunt elev la un colegiu de prestigiu din Capital\u0103 \u0219i reporter la Buletin de Bucure\u0219ti. M-am n\u0103scut \u0219i am crescut cu m\u00e2ndrie \u00een Capital\u0103, ora\u0219 al pove\u0219tilor, al tramvaiului tras de cai \u0219i al c\u0103su\u021belor cu porti\u021b\u0103 \u0219i ci\u0219mea. Prin articolele mele, m\u0103 str\u0103duiesc s\u0103 descriu cu acurate\u021be via\u021ba din Bucure\u0219ti pe ecranele cititorilor no\u0219tri \u0219i \u00eencerc totodat\u0103 s\u0103 fac accesibile subiecte de interes general tuturor, de la mic la mare.","url":"https:\/\/buletin.de\/bucuresti\/author\/alexandru-stan\/"}]}},"authors":[{"term_id":22577,"user_id":61,"is_guest":0,"slug":"alexandru-stan","display_name":"Alexandru Stan","avatar_url":"https:\/\/buletin.de\/bucuresti\/wp-content\/uploads\/2025\/12\/IMG-20251216-WA0045-e1766134343668-96x96.jpg","0":null,"1":"","2":"","3":"","4":"","5":"","6":"","7":"","8":""}],"_links":{"self":[{"href":"https:\/\/buletin.de\/bucuresti\/wp-json\/wp\/v2\/posts\/108072","targetHints":{"allow":["GET"]}}],"collection":[{"href":"https:\/\/buletin.de\/bucuresti\/wp-json\/wp\/v2\/posts"}],"about":[{"href":"https:\/\/buletin.de\/bucuresti\/wp-json\/wp\/v2\/types\/post"}],"author":[{"embeddable":true,"href":"https:\/\/buletin.de\/bucuresti\/wp-json\/wp\/v2\/users\/61"}],"replies":[{"embeddable":true,"href":"https:\/\/buletin.de\/bucuresti\/wp-json\/wp\/v2\/comments?post=108072"}],"version-history":[{"count":3,"href":"https:\/\/buletin.de\/bucuresti\/wp-json\/wp\/v2\/posts\/108072\/revisions"}],"predecessor-version":[{"id":108086,"href":"https:\/\/buletin.de\/bucuresti\/wp-json\/wp\/v2\/posts\/108072\/revisions\/108086"}],"wp:featuredmedia":[{"embeddable":true,"href":"https:\/\/buletin.de\/bucuresti\/wp-json\/wp\/v2\/media\/108081"}],"wp:attachment":[{"href":"https:\/\/buletin.de\/bucuresti\/wp-json\/wp\/v2\/media?parent=108072"}],"wp:term":[{"taxonomy":"category","embeddable":true,"href":"https:\/\/buletin.de\/bucuresti\/wp-json\/wp\/v2\/categories?post=108072"},{"taxonomy":"post_tag","embeddable":true,"href":"https:\/\/buletin.de\/bucuresti\/wp-json\/wp\/v2\/tags?post=108072"},{"taxonomy":"author","embeddable":true,"href":"https:\/\/buletin.de\/bucuresti\/wp-json\/wp\/v2\/ppma_author?post=108072"}],"curies":[{"name":"wp","href":"https:\/\/api.w.org\/{rel}","templated":true}]}}