{"id":108003,"date":"2024-11-25T17:48:24","date_gmt":"2024-11-25T14:48:24","guid":{"rendered":"https:\/\/buletin.de\/bucuresti\/?p=108003"},"modified":"2024-11-25T20:16:04","modified_gmt":"2024-11-25T17:16:04","slug":"ce-spun-primarii-de-sector-despre-rezultatele-referendumului-care-propune-sa-le-fie-diminuate-atributiile","status":"publish","type":"post","link":"https:\/\/buletin.de\/bucuresti\/ce-spun-primarii-de-sector-despre-rezultatele-referendumului-care-propune-sa-le-fie-diminuate-atributiile\/","title":{"rendered":"Ce spun primarii de sector despre rezultatele referendumului care propune s\u0103 le fie diminuate atribu\u021biile"},"content":{"rendered":"\n<p><strong>Buletin de Bucure\u0219ti au vrut s\u0103 afle ce p\u0103rere au primarii de sector despre rezultatele referendumului care a avut loc duminic\u0103, \u00een condi\u021biile \u00een care locuitorii Capitalei au votat pentru ca atribu\u021biile lor s\u0103 fie diminuate.<\/strong><\/p>\n\n\n\n<p><strong>I-am contactat pe to\u021bi pentru a ob\u021bine un punct de vedere<\/strong>. <strong>De\u0219i scrutinul local, organizat la ini\u021biativa primarului general, vizeaz\u0103 at\u00e2t bugetul, c\u00e2t \u0219i dezvoltarea urban\u0103 a sectoarelor pe care le conduc, niciunul dintre edili nu a f\u0103cut vreo referire public\u0103 la rezultatele consult\u0103rii \u00een social media. <\/strong><\/p>\n\n\n\n<p>De altfel, referendumul local nu a fost amintit nici m\u0103car \u00een ziua votului, c\u00e2nd primarii de sector au postat mesaje legate doar de alegerile preziden\u021biale sau de subiecte politice conexe, a\u0219a cum a scris Buletin de Bucure\u0219ti <a href=\"https:\/\/buletin.de\/bucuresti\/primarii-de-sector-in-ziua-votului-nicio-mentiune-in-social-media-despre-referendumul-care-ii-vizeaza\/\"><strong>aici<\/strong><\/a>.<\/p>\n\n\n\n<h2 class=\"wp-block-heading\" id=\"h-rare\u0219-hopinca-despre-rezultatele-referendumului-erau-previzibile\">Rare\u0219 Hopinc\u0103, despre rezultatele referendumului: Erau previzibile<\/h2>\n\n\n\n<p><strong>Singurul care a r\u0103spuns solicit\u0103rii Buletin de Bucure\u0219ti p\u00e2n\u0103 la momentul public\u0103rii articolului a fost Rare\u0219 Hopinc\u0103, edilul Sectorului 2, care a sus\u0163inut c\u0103 se a\u015ftepta la un astfel de rezultat.<\/strong><\/p>\n\n\n\n<p><em>\u201eEste un rezultat previzibil, pe care l-am anticipat. Sigur c\u0103 \u00een acest moment, trebuie urmat traseul legislativ, astfel \u00eenc\u00e2t <mark style=\"background-color:rgba(0, 0, 0, 0)\" class=\"has-inline-color has-vivid-red-color\">rezultatele referendumului s\u0103 fie aduse la cuno\u015ftin\u0163a Parlamentului, care are atribu\u021bii de a reglementa prin lege<\/mark> aspectele solicitate de primarul general\u201d<\/em>, a declarat Rare\u0219 Hopinc\u0103.<\/p>\n\n\n\n<p>Referendumul desf\u0103\u0219urat duminic\u0103, 24 noiembrie, este consultativ. Dac\u0103 rezultatele acestuia vor fi transpuse sau nu \u00een lege depinde de Parlament.<\/p>\n\n\n\n<p>\u00cen cazul unei schimb\u0103ri, conteaz\u0103 ca reglement\u0103rile legislative s\u0103 fie clare \u0219i precise, a r\u0103spuns primarul \u00eentrebat despre posibile efecte ale referendumului asupra administra\u021biei pe care o conduce.<\/p>\n\n\n\n<blockquote class=\"wp-block-quote is-layout-flow wp-block-quote-is-layout-flow\">\n<p>Faptul de a pune ordine \u00een atribu\u021biile sectoarelor \u0219i ale Prim\u0103riei Capitalei \u0219i de a bugeta \u00een func\u021bie de aceste atribu\u021bii este unul corect. Mai departe \u00eens\u0103, \u00een acest traseu legislativ va trebui s\u0103 ne asigur\u0103m c\u0103 legea este una echitabil\u0103 pentru to\u021bi locuitorii Bucure\u0219tiului, nu pentru un sector sau altul, nu pentru o prim\u0103rie sau alta.<\/p>\n<\/blockquote>\n\n\n\n<p>\u00centrebat dac\u0103 consider\u0103 c\u0103 sistemul actual de bugetare este echitabil, edilul Sectorului 2 a r\u0103spuns:<\/p>\n\n\n\n<p><em>\u201eAv\u00e2nd \u00een vedere c\u0103 formulele de calcul \u00een ceea ce prive\u0219te distribuirea sumelor din impozitul pe venit vizau num\u0103rul de locuitori, e o formul\u0103 care poate fi considerat\u0103 echitabil\u0103.<\/em><\/p>\n\n\n\n<p><em>Sigur, <mark style=\"background-color:rgba(0, 0, 0, 0)\" class=\"has-inline-color has-vivid-red-color\">trebuie s\u0103 vedem \u0219i marile domenii de activitate \u00een care are atribu\u021bii Prim\u0103ria General\u0103 \u0219i s\u0103 vedem dac\u0103 acestea sunt bugetate suficient<\/mark>, lucru cu care \u00een mod evident sunt de acord.\u201d<\/em><\/p>\n\n\n\n<p>Referitor la centralizarea autoriza\u021biilor de construire, Rare\u0219 Hopinc\u0103 a ad\u0103ugat c\u0103 este de acord cu aceast\u0103 propunere,<mark style=\"background-color:rgba(0, 0, 0, 0)\" class=\"has-inline-color has-vivid-red-color\"><em> \u201eat\u00e2ta timp c\u00e2t va exista un aparat administrativ bine dimensionat, astfel \u00eenc\u00e2t oamenii s\u0103 poat\u0103 s\u0103-\u0219i ob\u021bin\u0103 drepturile legale \u00eentr-un timp legal \u0219i rezonabil.\u201d<\/em><\/mark><\/p>\n\n\n\n<p><strong>La solicitarea Buletin de Bucure\u0219ti, edilul Sectorului 2 a precizat c\u0103 nu a votat la referendum, ci doar la turul I al alegerilor preziden\u021biale.<\/strong><\/p>\n\n\n\n<p><strong>CITE\u0218TE \u0218I: <a href=\"https:\/\/buletin.de\/bucuresti\/referendum-bucuresti-ce-cred-primarii-de-sector-despre-initiativa-lui-nicusor-dan-i\/\">Referendum Bucure\u015fti | Ce cred primarii de sector despre ini\u0163iativa lui Nicu\u015for Dan (I)<\/a><\/strong><\/p>\n\n\n\n<h4 class=\"wp-block-heading\" id=\"h-ciprian-ciucu-nu-comentez\">Ciprian Ciucu: Nu comentez<\/h4>\n\n\n\n<p>Primarul Ciprian Ciucu nu a dorit s\u0103 comenteze rezultatele referendumului<strong>, de\u0219i dou\u0103 din cele trei \u00eentreb\u0103ri la care bucure\u0219tenii au r\u0103spuns \u00een majoritate cu DA ar putea afecta modul de administrare al Sectorului 6, <\/strong><\/p>\n\n\n\n<p><strong>Restul primarilor de sector nu au r\u0103spuns la \u00eentreb\u0103rile adresate de Buletin de Bucure\u0219ti p\u00e2n\u0103 la momentul public\u0103rii, \u00een ciuda faptului c\u0103 am \u00eencercat s\u0103-i contact\u0103m pe diverse mijloace de comunicare. <\/strong><\/p>\n\n\n\n<p><strong>CITE\u0218TE \u0218I:<a href=\"https:\/\/buletin.de\/bucuresti\/primarii-de-sector-in-ziua-votului-nicio-mentiune-in-social-media-despre-referendumul-care-ii-vizeaza\/\"> Primarii de sector \u00een ziua votului, nicio men\u021biune \u00een social media despre referendumul care \u00eei vizeaz\u0103<\/a><\/strong><\/p>\n\n\n\n<h2 class=\"wp-block-heading\" id=\"h-cum-au-votat-bucurestenii\">Cum au votat bucure\u015ftenii?<\/h2>\n\n\n\n<p><strong>Rezultatele referendumului din Capital\u0103: prezen\u021ba la vot a fost de 40,97%. Asta \u00eenseamn\u0103 c\u0103 732.132 de aleg\u0103tori din cei 1.786.929 \u00eenscri\u0219i pe listele permanente \u0219i-au exprimat opinia cu privire la cele trei \u00eentreb\u0103ri de pe buletinele de vot, arat\u0103 datele&nbsp;<a href=\"https:\/\/prezenta.roaep.ro\/referendum24112024\/presence\/romania\/table\/\" target=\"_blank\" rel=\"noreferrer noopener\">Autorit\u0103\u021bii Electorale Permanente<\/a>.&nbsp;<\/strong><\/p>\n\n\n\n<ul class=\"wp-block-list\">\n<li>Sunte\u021bi de acord ca Primarul General al Municipiului Bucure\u0219ti s\u0103 emit\u0103 Autoriza\u021biile de Construire pe \u00eentreg teritoriul administrativ al ora\u0219ului?&nbsp;(propus\u0103 de primarul general)<\/li>\n\n\n\n<li>Sunte\u021bi de acord ca repartizarea \u00eentre Prim\u0103ria Municipiului Bucure\u0219ti \u0219i Prim\u0103riile de Sector a impozitelor pe venit \u0219i a taxelor \u0219i impozitelor locale colectate de la bucure\u0219teni s\u0103 fie aprobat\u0103 de c\u0103tre Consiliul General al Municipiului Bucure\u0219ti?&nbsp;(propus\u0103 de primarul general)<\/li>\n\n\n\n<li>&nbsp;Sunte\u021bi de acord ca Prim\u0103ria Municipiului Bucure\u0219ti s\u0103 finan\u021beze \u0219i s\u0103 implementeze un program de educa\u021bie pentru s\u0103n\u0103tate \u0219i prevenire a consumului de droguri \u00een toate \u0219colile din Bucure\u0219ti? (<em>propus\u0103 de PSD<\/em>).<\/li>\n<\/ul>\n\n\n\n<p><strong>CITE\u0218TE \u0218I:<a href=\"https:\/\/buletin.de\/bucuresti\/rezultatele-referendumului-din-capitala-bucurestenii-au-votat-pentru-centralizare-si-preventie-in-scoli\/\"> Rezultatele referendumului din Capital\u0103: Bucure\u0219tenii au votat pentru centralizare \u0219i preven\u021bie \u00een \u0219coli<\/a><\/strong><\/p>\n\n\n\n<p><\/p>\n","protected":false},"excerpt":{"rendered":"<p>Buletin de Bucure\u0219ti au vrut s\u0103 afle ce p\u0103rere au primarii de sector despre rezultatele referendumului care a avut loc duminic\u0103, \u00een condi\u021biile \u00een care locuitorii Capitalei au votat pentru ca atribu\u021biile lor s\u0103 fie diminuate. I-am contactat pe to\u021bi pentru a ob\u021bine un punct de vedere. De\u0219i scrutinul local, organizat la ini\u021biativa primarului general, [&hellip;]<\/p>\n","protected":false},"author":55,"featured_media":108008,"comment_status":"closed","ping_status":"open","sticky":false,"template":"","format":"standard","meta":{"_acf_changed":false,"inline_featured_image":false,"ngg_post_thumbnail":0,"footnotes":""},"categories":[6994,5762,24],"tags":[4413,6414,17125,2089,1204,9325,223,104,17126,7088,16041,17124,220,308,229,440,765,188,523,4177],"ppma_author":[22573],"class_list":["post-108003","post","type-post","status-publish","format-standard","has-post-thumbnail","hentry","category-stiri-2","category-main","category-primarie","tag-alegeri-2024","tag-autorizatii-de-construire","tag-buget-primarii","tag-ciprian-ciucu","tag-daniel-baluta","tag-george-tuta","tag-nicusor-dan","tag-pmb","tag-program-preventie-droguri-in-scolie","tag-rares-hopinca-2","tag-referendum-bucuresti","tag-rezultate-referendum-24-noiembrie","tag-robert-negoita","tag-sector-1","tag-sector-2","tag-sector-3","tag-sector-4","tag-sector-5","tag-sector-6","tag-vlad-popescu-piedone"],"acf":[],"yoast_head":"<!-- This site is optimized with the Yoast SEO Premium plugin v25.3 (Yoast SEO v27.4) - https:\/\/yoast.com\/product\/yoast-seo-premium-wordpress\/ -->\n<title>Ce spun primarii de sector despre rezultatele referendumului care propune s\u0103 le fie diminuate atribu\u021biile - Buletin de Bucure\u0219ti<\/title>\n<meta name=\"description\" content=\"Buletin de Bucure\u0219ti au vrut s\u0103 afle ce p\u0103rere au primarii de sector despre rezultatele referendumului care a avut loc duminic\u0103\" \/>\n<meta name=\"robots\" content=\"index, follow, max-snippet:-1, max-image-preview:large, max-video-preview:-1\" \/>\n<link rel=\"canonical\" href=\"https:\/\/buletin.de\/bucuresti\/ce-spun-primarii-de-sector-despre-rezultatele-referendumului-care-propune-sa-le-fie-diminuate-atributiile\/\" \/>\n<meta property=\"og:locale\" content=\"en_GB\" \/>\n<meta property=\"og:type\" content=\"article\" \/>\n<meta property=\"og:title\" content=\"Ce spun primarii de sector despre rezultatele referendumului care propune s\u0103 le fie diminuate atribu\u021biile\" \/>\n<meta property=\"og:description\" content=\"Buletin de Bucure\u0219ti au vrut s\u0103 afle ce p\u0103rere au primarii de sector despre rezultatele referendumului care a avut loc duminic\u0103\" \/>\n<meta property=\"og:url\" content=\"https:\/\/buletin.de\/bucuresti\/ce-spun-primarii-de-sector-despre-rezultatele-referendumului-care-propune-sa-le-fie-diminuate-atributiile\/\" \/>\n<meta property=\"og:site_name\" content=\"Buletin de Bucure\u0219ti\" \/>\n<meta property=\"article:publisher\" content=\"https:\/\/www.facebook.com\/buletin.de.buc\" \/>\n<meta property=\"article:published_time\" content=\"2024-11-25T14:48:24+00:00\" \/>\n<meta property=\"article:modified_time\" content=\"2024-11-25T17:16:04+00:00\" \/>\n<meta property=\"og:image\" content=\"https:\/\/buletin.de\/bucuresti\/wp-content\/uploads\/Covers-BdB-14-2-1600x900-1.png\" \/>\n\t<meta property=\"og:image:width\" content=\"1600\" \/>\n\t<meta property=\"og:image:height\" content=\"900\" \/>\n\t<meta property=\"og:image:type\" content=\"image\/png\" \/>\n<meta name=\"author\" content=\"Andreea Tudor\" \/>\n<meta name=\"twitter:card\" content=\"summary_large_image\" \/>\n<meta name=\"twitter:label1\" content=\"Written by\" \/>\n\t<meta name=\"twitter:data1\" content=\"Andreea Tudor\" \/>\n\t<meta name=\"twitter:label2\" content=\"Estimated reading time\" \/>\n\t<meta name=\"twitter:data2\" content=\"4 minutes\" \/>\n<script type=\"application\/ld+json\" class=\"yoast-schema-graph\">{\"@context\":\"https:\\\/\\\/schema.org\",\"@graph\":[{\"@type\":\"Article\",\"@id\":\"https:\\\/\\\/buletin.de\\\/bucuresti\\\/ce-spun-primarii-de-sector-despre-rezultatele-referendumului-care-propune-sa-le-fie-diminuate-atributiile\\\/#article\",\"isPartOf\":{\"@id\":\"https:\\\/\\\/buletin.de\\\/bucuresti\\\/ce-spun-primarii-de-sector-despre-rezultatele-referendumului-care-propune-sa-le-fie-diminuate-atributiile\\\/\"},\"author\":{\"name\":\"Andreea Tudor\",\"@id\":\"https:\\\/\\\/buletin.de\\\/bucuresti\\\/#\\\/schema\\\/person\\\/150590659efde715459d159da012f501\"},\"headline\":\"Ce spun primarii de sector despre rezultatele referendumului care propune s\u0103 le fie diminuate atribu\u021biile\",\"datePublished\":\"2024-11-25T14:48:24+00:00\",\"dateModified\":\"2024-11-25T17:16:04+00:00\",\"mainEntityOfPage\":{\"@id\":\"https:\\\/\\\/buletin.de\\\/bucuresti\\\/ce-spun-primarii-de-sector-despre-rezultatele-referendumului-care-propune-sa-le-fie-diminuate-atributiile\\\/\"},\"wordCount\":825,\"publisher\":{\"@id\":\"https:\\\/\\\/buletin.de\\\/bucuresti\\\/#organization\"},\"image\":{\"@id\":\"https:\\\/\\\/buletin.de\\\/bucuresti\\\/ce-spun-primarii-de-sector-despre-rezultatele-referendumului-care-propune-sa-le-fie-diminuate-atributiile\\\/#primaryimage\"},\"thumbnailUrl\":\"https:\\\/\\\/buletin.de\\\/bucuresti\\\/wp-content\\\/uploads\\\/Covers-BdB-14-2-1600x900-1.png\",\"keywords\":[\"alegeri 2024\",\"autorizatii de construire\",\"buget primarii\",\"ciprian ciucu\",\"daniel baluta\",\"george tuta\",\"nicusor dan\",\"pmb\",\"program preventie droguri in scolie\",\"rares hopinca\",\"referendum bucuresti\",\"rezultate referendum 24 noiembrie\",\"robert negoita\",\"Sector 1\",\"Sector 2\",\"Sector 3\",\"Sector 4\",\"Sector 5\",\"Sector 6\",\"vlad popescu piedone\"],\"articleSection\":[\"Articole\",\"Main\",\"Prim\u0103rie\"],\"inLanguage\":\"en-GB\",\"copyrightYear\":\"2024\",\"copyrightHolder\":{\"@id\":\"https:\\\/\\\/buletin.de\\\/bucuresti\\\/#organization\"}},{\"@type\":\"WebPage\",\"@id\":\"https:\\\/\\\/buletin.de\\\/bucuresti\\\/ce-spun-primarii-de-sector-despre-rezultatele-referendumului-care-propune-sa-le-fie-diminuate-atributiile\\\/\",\"url\":\"https:\\\/\\\/buletin.de\\\/bucuresti\\\/ce-spun-primarii-de-sector-despre-rezultatele-referendumului-care-propune-sa-le-fie-diminuate-atributiile\\\/\",\"name\":\"Ce spun primarii de sector despre rezultatele referendumului care propune s\u0103 le fie diminuate atribu\u021biile - Buletin de Bucure\u0219ti\",\"isPartOf\":{\"@id\":\"https:\\\/\\\/buletin.de\\\/bucuresti\\\/#website\"},\"primaryImageOfPage\":{\"@id\":\"https:\\\/\\\/buletin.de\\\/bucuresti\\\/ce-spun-primarii-de-sector-despre-rezultatele-referendumului-care-propune-sa-le-fie-diminuate-atributiile\\\/#primaryimage\"},\"image\":{\"@id\":\"https:\\\/\\\/buletin.de\\\/bucuresti\\\/ce-spun-primarii-de-sector-despre-rezultatele-referendumului-care-propune-sa-le-fie-diminuate-atributiile\\\/#primaryimage\"},\"thumbnailUrl\":\"https:\\\/\\\/buletin.de\\\/bucuresti\\\/wp-content\\\/uploads\\\/Covers-BdB-14-2-1600x900-1.png\",\"datePublished\":\"2024-11-25T14:48:24+00:00\",\"dateModified\":\"2024-11-25T17:16:04+00:00\",\"description\":\"Buletin de Bucure\u0219ti au vrut s\u0103 afle ce p\u0103rere au primarii de sector despre rezultatele referendumului care a avut loc duminic\u0103\",\"breadcrumb\":{\"@id\":\"https:\\\/\\\/buletin.de\\\/bucuresti\\\/ce-spun-primarii-de-sector-despre-rezultatele-referendumului-care-propune-sa-le-fie-diminuate-atributiile\\\/#breadcrumb\"},\"inLanguage\":\"en-GB\",\"potentialAction\":[{\"@type\":\"ReadAction\",\"target\":[\"https:\\\/\\\/buletin.de\\\/bucuresti\\\/ce-spun-primarii-de-sector-despre-rezultatele-referendumului-care-propune-sa-le-fie-diminuate-atributiile\\\/\"]}]},{\"@type\":\"ImageObject\",\"inLanguage\":\"en-GB\",\"@id\":\"https:\\\/\\\/buletin.de\\\/bucuresti\\\/ce-spun-primarii-de-sector-despre-rezultatele-referendumului-care-propune-sa-le-fie-diminuate-atributiile\\\/#primaryimage\",\"url\":\"https:\\\/\\\/buletin.de\\\/bucuresti\\\/wp-content\\\/uploads\\\/Covers-BdB-14-2-1600x900-1.png\",\"contentUrl\":\"https:\\\/\\\/buletin.de\\\/bucuresti\\\/wp-content\\\/uploads\\\/Covers-BdB-14-2-1600x900-1.png\",\"width\":1600,\"height\":900,\"caption\":\"Ce cred primarii de sector despre rezultatele referendumului din Capital\u0103. Foto: Colaj\"},{\"@type\":\"BreadcrumbList\",\"@id\":\"https:\\\/\\\/buletin.de\\\/bucuresti\\\/ce-spun-primarii-de-sector-despre-rezultatele-referendumului-care-propune-sa-le-fie-diminuate-atributiile\\\/#breadcrumb\",\"itemListElement\":[{\"@type\":\"ListItem\",\"position\":1,\"name\":\"Acas\u0103\",\"item\":\"https:\\\/\\\/buletin.de\\\/bucuresti\\\/\"},{\"@type\":\"ListItem\",\"position\":2,\"name\":\"Ce spun primarii de sector despre rezultatele referendumului care propune s\u0103 le fie diminuate atribu\u021biile\"}]},{\"@type\":\"WebSite\",\"@id\":\"https:\\\/\\\/buletin.de\\\/bucuresti\\\/#website\",\"url\":\"https:\\\/\\\/buletin.de\\\/bucuresti\\\/\",\"name\":\"Buletin de Bucure\u0219ti\",\"description\":\"\u0218tiri \u0219i investiga\u021bii esen\u021biale din capital\u0103\",\"publisher\":{\"@id\":\"https:\\\/\\\/buletin.de\\\/bucuresti\\\/#organization\"},\"potentialAction\":[{\"@type\":\"SearchAction\",\"target\":{\"@type\":\"EntryPoint\",\"urlTemplate\":\"https:\\\/\\\/buletin.de\\\/bucuresti\\\/?s={search_term_string}\"},\"query-input\":{\"@type\":\"PropertyValueSpecification\",\"valueRequired\":true,\"valueName\":\"search_term_string\"}}],\"inLanguage\":\"en-GB\"},{\"@type\":\"Organization\",\"@id\":\"https:\\\/\\\/buletin.de\\\/bucuresti\\\/#organization\",\"name\":\"Buletin de Bucure\u0219ti\",\"url\":\"https:\\\/\\\/buletin.de\\\/bucuresti\\\/\",\"logo\":{\"@type\":\"ImageObject\",\"inLanguage\":\"en-GB\",\"@id\":\"https:\\\/\\\/buletin.de\\\/bucuresti\\\/#\\\/schema\\\/logo\\\/image\\\/\",\"url\":\"https:\\\/\\\/buletin.de\\\/bucuresti\\\/wp-content\\\/uploads\\\/logo-bdb-full-wide-vernil-transparent.png\",\"contentUrl\":\"https:\\\/\\\/buletin.de\\\/bucuresti\\\/wp-content\\\/uploads\\\/logo-bdb-full-wide-vernil-transparent.png\",\"width\":1782,\"height\":626,\"caption\":\"Buletin de Bucure\u0219ti\"},\"image\":{\"@id\":\"https:\\\/\\\/buletin.de\\\/bucuresti\\\/#\\\/schema\\\/logo\\\/image\\\/\"},\"sameAs\":[\"https:\\\/\\\/www.facebook.com\\\/buletin.de.buc\",\"https:\\\/\\\/www.instagram.com\\\/buletinde.bucuresti\\\/\"]},{\"@type\":\"Person\",\"@id\":\"https:\\\/\\\/buletin.de\\\/bucuresti\\\/#\\\/schema\\\/person\\\/150590659efde715459d159da012f501\",\"name\":\"Andreea Tudor\",\"image\":{\"@type\":\"ImageObject\",\"inLanguage\":\"en-GB\",\"@id\":\"https:\\\/\\\/secure.gravatar.com\\\/avatar\\\/a88705a186ab0b67f3349bcbced506c09e37256fbaad0e7f3bd1a79b4599f589?s=96&d=monsterid&r=g79290610aa1a65c2b86eebc2ca5aee8f\",\"url\":\"https:\\\/\\\/secure.gravatar.com\\\/avatar\\\/a88705a186ab0b67f3349bcbced506c09e37256fbaad0e7f3bd1a79b4599f589?s=96&d=monsterid&r=g\",\"contentUrl\":\"https:\\\/\\\/secure.gravatar.com\\\/avatar\\\/a88705a186ab0b67f3349bcbced506c09e37256fbaad0e7f3bd1a79b4599f589?s=96&d=monsterid&r=g\",\"caption\":\"Andreea Tudor\"},\"description\":\"N\u0103scut\u0103 \u0219i crescut\u0103 \u00een Bucure\u0219ti, sus\u021bin\u0103toare a presei independente. A\u0219a am ajuns redactor la Buletin de Bucure\u0219ti. Fiind eu, \u00eens\u0103mi, parte a sistemului de \u00eenv\u0103\u021b\u0103m\u00e2nt rom\u00e2nesc \u0219i pasionat\u0103 de domeniul social, pun sub lup\u0103 tot ceea ce se \u00eent\u00e2mpl\u0103 \u00een sfera educa\u021biei. Cred cu t\u0103rie c\u0103 presa \u201epentru cet\u0103\u021beni\u201d este presa independent\u0103. Oamenii au nevoie de o informare corect\u0103 pentru a \u00een\u021belege pe deplin ce se \u00eent\u00e2mpl\u0103 \u00een jurul lor \u0219i pentru a lua ac\u021biune \u00eempotriva nedrept\u0103\u021bilor.\",\"url\":\"https:\\\/\\\/buletin.de\\\/bucuresti\\\/author\\\/andreeatudor\\\/\"}]}<\/script>\n<!-- \/ Yoast SEO Premium plugin. -->","yoast_head_json":{"title":"Ce spun primarii de sector despre rezultatele referendumului care propune s\u0103 le fie diminuate atribu\u021biile - Buletin de Bucure\u0219ti","description":"Buletin de Bucure\u0219ti au vrut s\u0103 afle ce p\u0103rere au primarii de sector despre rezultatele referendumului care a avut loc duminic\u0103","robots":{"index":"index","follow":"follow","max-snippet":"max-snippet:-1","max-image-preview":"max-image-preview:large","max-video-preview":"max-video-preview:-1"},"canonical":"https:\/\/buletin.de\/bucuresti\/ce-spun-primarii-de-sector-despre-rezultatele-referendumului-care-propune-sa-le-fie-diminuate-atributiile\/","og_locale":"en_GB","og_type":"article","og_title":"Ce spun primarii de sector despre rezultatele referendumului care propune s\u0103 le fie diminuate atribu\u021biile","og_description":"Buletin de Bucure\u0219ti au vrut s\u0103 afle ce p\u0103rere au primarii de sector despre rezultatele referendumului care a avut loc duminic\u0103","og_url":"https:\/\/buletin.de\/bucuresti\/ce-spun-primarii-de-sector-despre-rezultatele-referendumului-care-propune-sa-le-fie-diminuate-atributiile\/","og_site_name":"Buletin de Bucure\u0219ti","article_publisher":"https:\/\/www.facebook.com\/buletin.de.buc","article_published_time":"2024-11-25T14:48:24+00:00","article_modified_time":"2024-11-25T17:16:04+00:00","og_image":[{"width":1600,"height":900,"url":"https:\/\/buletin.de\/bucuresti\/wp-content\/uploads\/Covers-BdB-14-2-1600x900-1.png","type":"image\/png"}],"author":"Andreea Tudor","twitter_card":"summary_large_image","twitter_misc":{"Written by":"Andreea Tudor","Estimated reading time":"4 minutes"},"schema":{"@context":"https:\/\/schema.org","@graph":[{"@type":"Article","@id":"https:\/\/buletin.de\/bucuresti\/ce-spun-primarii-de-sector-despre-rezultatele-referendumului-care-propune-sa-le-fie-diminuate-atributiile\/#article","isPartOf":{"@id":"https:\/\/buletin.de\/bucuresti\/ce-spun-primarii-de-sector-despre-rezultatele-referendumului-care-propune-sa-le-fie-diminuate-atributiile\/"},"author":{"name":"Andreea Tudor","@id":"https:\/\/buletin.de\/bucuresti\/#\/schema\/person\/150590659efde715459d159da012f501"},"headline":"Ce spun primarii de sector despre rezultatele referendumului care propune s\u0103 le fie diminuate atribu\u021biile","datePublished":"2024-11-25T14:48:24+00:00","dateModified":"2024-11-25T17:16:04+00:00","mainEntityOfPage":{"@id":"https:\/\/buletin.de\/bucuresti\/ce-spun-primarii-de-sector-despre-rezultatele-referendumului-care-propune-sa-le-fie-diminuate-atributiile\/"},"wordCount":825,"publisher":{"@id":"https:\/\/buletin.de\/bucuresti\/#organization"},"image":{"@id":"https:\/\/buletin.de\/bucuresti\/ce-spun-primarii-de-sector-despre-rezultatele-referendumului-care-propune-sa-le-fie-diminuate-atributiile\/#primaryimage"},"thumbnailUrl":"https:\/\/buletin.de\/bucuresti\/wp-content\/uploads\/Covers-BdB-14-2-1600x900-1.png","keywords":["alegeri 2024","autorizatii de construire","buget primarii","ciprian ciucu","daniel baluta","george tuta","nicusor dan","pmb","program preventie droguri in scolie","rares hopinca","referendum bucuresti","rezultate referendum 24 noiembrie","robert negoita","Sector 1","Sector 2","Sector 3","Sector 4","Sector 5","Sector 6","vlad popescu piedone"],"articleSection":["Articole","Main","Prim\u0103rie"],"inLanguage":"en-GB","copyrightYear":"2024","copyrightHolder":{"@id":"https:\/\/buletin.de\/bucuresti\/#organization"}},{"@type":"WebPage","@id":"https:\/\/buletin.de\/bucuresti\/ce-spun-primarii-de-sector-despre-rezultatele-referendumului-care-propune-sa-le-fie-diminuate-atributiile\/","url":"https:\/\/buletin.de\/bucuresti\/ce-spun-primarii-de-sector-despre-rezultatele-referendumului-care-propune-sa-le-fie-diminuate-atributiile\/","name":"Ce spun primarii de sector despre rezultatele referendumului care propune s\u0103 le fie diminuate atribu\u021biile - Buletin de Bucure\u0219ti","isPartOf":{"@id":"https:\/\/buletin.de\/bucuresti\/#website"},"primaryImageOfPage":{"@id":"https:\/\/buletin.de\/bucuresti\/ce-spun-primarii-de-sector-despre-rezultatele-referendumului-care-propune-sa-le-fie-diminuate-atributiile\/#primaryimage"},"image":{"@id":"https:\/\/buletin.de\/bucuresti\/ce-spun-primarii-de-sector-despre-rezultatele-referendumului-care-propune-sa-le-fie-diminuate-atributiile\/#primaryimage"},"thumbnailUrl":"https:\/\/buletin.de\/bucuresti\/wp-content\/uploads\/Covers-BdB-14-2-1600x900-1.png","datePublished":"2024-11-25T14:48:24+00:00","dateModified":"2024-11-25T17:16:04+00:00","description":"Buletin de Bucure\u0219ti au vrut s\u0103 afle ce p\u0103rere au primarii de sector despre rezultatele referendumului care a avut loc duminic\u0103","breadcrumb":{"@id":"https:\/\/buletin.de\/bucuresti\/ce-spun-primarii-de-sector-despre-rezultatele-referendumului-care-propune-sa-le-fie-diminuate-atributiile\/#breadcrumb"},"inLanguage":"en-GB","potentialAction":[{"@type":"ReadAction","target":["https:\/\/buletin.de\/bucuresti\/ce-spun-primarii-de-sector-despre-rezultatele-referendumului-care-propune-sa-le-fie-diminuate-atributiile\/"]}]},{"@type":"ImageObject","inLanguage":"en-GB","@id":"https:\/\/buletin.de\/bucuresti\/ce-spun-primarii-de-sector-despre-rezultatele-referendumului-care-propune-sa-le-fie-diminuate-atributiile\/#primaryimage","url":"https:\/\/buletin.de\/bucuresti\/wp-content\/uploads\/Covers-BdB-14-2-1600x900-1.png","contentUrl":"https:\/\/buletin.de\/bucuresti\/wp-content\/uploads\/Covers-BdB-14-2-1600x900-1.png","width":1600,"height":900,"caption":"Ce cred primarii de sector despre rezultatele referendumului din Capital\u0103. Foto: Colaj"},{"@type":"BreadcrumbList","@id":"https:\/\/buletin.de\/bucuresti\/ce-spun-primarii-de-sector-despre-rezultatele-referendumului-care-propune-sa-le-fie-diminuate-atributiile\/#breadcrumb","itemListElement":[{"@type":"ListItem","position":1,"name":"Acas\u0103","item":"https:\/\/buletin.de\/bucuresti\/"},{"@type":"ListItem","position":2,"name":"Ce spun primarii de sector despre rezultatele referendumului care propune s\u0103 le fie diminuate atribu\u021biile"}]},{"@type":"WebSite","@id":"https:\/\/buletin.de\/bucuresti\/#website","url":"https:\/\/buletin.de\/bucuresti\/","name":"Buletin de Bucure\u0219ti","description":"\u0218tiri \u0219i investiga\u021bii esen\u021biale din capital\u0103","publisher":{"@id":"https:\/\/buletin.de\/bucuresti\/#organization"},"potentialAction":[{"@type":"SearchAction","target":{"@type":"EntryPoint","urlTemplate":"https:\/\/buletin.de\/bucuresti\/?s={search_term_string}"},"query-input":{"@type":"PropertyValueSpecification","valueRequired":true,"valueName":"search_term_string"}}],"inLanguage":"en-GB"},{"@type":"Organization","@id":"https:\/\/buletin.de\/bucuresti\/#organization","name":"Buletin de Bucure\u0219ti","url":"https:\/\/buletin.de\/bucuresti\/","logo":{"@type":"ImageObject","inLanguage":"en-GB","@id":"https:\/\/buletin.de\/bucuresti\/#\/schema\/logo\/image\/","url":"https:\/\/buletin.de\/bucuresti\/wp-content\/uploads\/logo-bdb-full-wide-vernil-transparent.png","contentUrl":"https:\/\/buletin.de\/bucuresti\/wp-content\/uploads\/logo-bdb-full-wide-vernil-transparent.png","width":1782,"height":626,"caption":"Buletin de Bucure\u0219ti"},"image":{"@id":"https:\/\/buletin.de\/bucuresti\/#\/schema\/logo\/image\/"},"sameAs":["https:\/\/www.facebook.com\/buletin.de.buc","https:\/\/www.instagram.com\/buletinde.bucuresti\/"]},{"@type":"Person","@id":"https:\/\/buletin.de\/bucuresti\/#\/schema\/person\/150590659efde715459d159da012f501","name":"Andreea Tudor","image":{"@type":"ImageObject","inLanguage":"en-GB","@id":"https:\/\/secure.gravatar.com\/avatar\/a88705a186ab0b67f3349bcbced506c09e37256fbaad0e7f3bd1a79b4599f589?s=96&d=monsterid&r=g79290610aa1a65c2b86eebc2ca5aee8f","url":"https:\/\/secure.gravatar.com\/avatar\/a88705a186ab0b67f3349bcbced506c09e37256fbaad0e7f3bd1a79b4599f589?s=96&d=monsterid&r=g","contentUrl":"https:\/\/secure.gravatar.com\/avatar\/a88705a186ab0b67f3349bcbced506c09e37256fbaad0e7f3bd1a79b4599f589?s=96&d=monsterid&r=g","caption":"Andreea Tudor"},"description":"N\u0103scut\u0103 \u0219i crescut\u0103 \u00een Bucure\u0219ti, sus\u021bin\u0103toare a presei independente. A\u0219a am ajuns redactor la Buletin de Bucure\u0219ti. Fiind eu, \u00eens\u0103mi, parte a sistemului de \u00eenv\u0103\u021b\u0103m\u00e2nt rom\u00e2nesc \u0219i pasionat\u0103 de domeniul social, pun sub lup\u0103 tot ceea ce se \u00eent\u00e2mpl\u0103 \u00een sfera educa\u021biei. Cred cu t\u0103rie c\u0103 presa \u201epentru cet\u0103\u021beni\u201d este presa independent\u0103. Oamenii au nevoie de o informare corect\u0103 pentru a \u00een\u021belege pe deplin ce se \u00eent\u00e2mpl\u0103 \u00een jurul lor \u0219i pentru a lua ac\u021biune \u00eempotriva nedrept\u0103\u021bilor.","url":"https:\/\/buletin.de\/bucuresti\/author\/andreeatudor\/"}]}},"authors":[{"term_id":22573,"user_id":55,"is_guest":0,"slug":"andreeatudor","display_name":"Andreea Tudor","avatar_url":"https:\/\/secure.gravatar.com\/avatar\/a88705a186ab0b67f3349bcbced506c09e37256fbaad0e7f3bd1a79b4599f589?s=96&d=monsterid&r=g","0":null,"1":"","2":"","3":"","4":"","5":"","6":"","7":"","8":""}],"_links":{"self":[{"href":"https:\/\/buletin.de\/bucuresti\/wp-json\/wp\/v2\/posts\/108003","targetHints":{"allow":["GET"]}}],"collection":[{"href":"https:\/\/buletin.de\/bucuresti\/wp-json\/wp\/v2\/posts"}],"about":[{"href":"https:\/\/buletin.de\/bucuresti\/wp-json\/wp\/v2\/types\/post"}],"author":[{"embeddable":true,"href":"https:\/\/buletin.de\/bucuresti\/wp-json\/wp\/v2\/users\/55"}],"replies":[{"embeddable":true,"href":"https:\/\/buletin.de\/bucuresti\/wp-json\/wp\/v2\/comments?post=108003"}],"version-history":[{"count":10,"href":"https:\/\/buletin.de\/bucuresti\/wp-json\/wp\/v2\/posts\/108003\/revisions"}],"predecessor-version":[{"id":108059,"href":"https:\/\/buletin.de\/bucuresti\/wp-json\/wp\/v2\/posts\/108003\/revisions\/108059"}],"wp:featuredmedia":[{"embeddable":true,"href":"https:\/\/buletin.de\/bucuresti\/wp-json\/wp\/v2\/media\/108008"}],"wp:attachment":[{"href":"https:\/\/buletin.de\/bucuresti\/wp-json\/wp\/v2\/media?parent=108003"}],"wp:term":[{"taxonomy":"category","embeddable":true,"href":"https:\/\/buletin.de\/bucuresti\/wp-json\/wp\/v2\/categories?post=108003"},{"taxonomy":"post_tag","embeddable":true,"href":"https:\/\/buletin.de\/bucuresti\/wp-json\/wp\/v2\/tags?post=108003"},{"taxonomy":"author","embeddable":true,"href":"https:\/\/buletin.de\/bucuresti\/wp-json\/wp\/v2\/ppma_author?post=108003"}],"curies":[{"name":"wp","href":"https:\/\/api.w.org\/{rel}","templated":true}]}}