{"id":107767,"date":"2024-11-24T17:06:05","date_gmt":"2024-11-24T14:06:05","guid":{"rendered":"https:\/\/buletin.de\/bucuresti\/?p=107767"},"modified":"2024-11-24T17:16:05","modified_gmt":"2024-11-24T14:16:05","slug":"primarii-de-sector-in-ziua-votului-nicio-mentiune-in-social-media-despre-referendumul-care-ii-vizeaza","status":"publish","type":"post","link":"https:\/\/buletin.de\/bucuresti\/primarii-de-sector-in-ziua-votului-nicio-mentiune-in-social-media-despre-referendumul-care-ii-vizeaza\/","title":{"rendered":"Primarii de sector \u00een ziua votului, nicio men\u021biune \u00een social media despre referendumul care \u00eei vizeaz\u0103"},"content":{"rendered":"\n<p><strong>Primarii de sector nu au f\u0103cut nicio referire la referendumul Bucure\u0219tiului \u00een ziua votului. \u00cen schimb, au avut mesaje legate de alegerile preziden\u021biale sau despre subiecte politice conexe. <\/strong><\/p>\n\n\n\n<p>P\u00e2n\u0103 la ora 15:00, primarul Sectorului 1, George Tu\u021b\u0103, nu a postat nimic \u00een duminica alegerilor. Ultima sa postare pe Facebook este despre fanionul pe care l-a primit de la fostul mare rapidist Ion Goan\u021b\u0103.<\/p>\n\n\n\n<p>Primarul Sectorului 2, Rare\u0219 Hopinc\u0103, a dat un mesaj video, \u00eentr-un cadru \u00een care apare \u00eenconjurat de colegi de partid. \u201e<em>Am votat pentru un veritabil prieten al Sectorului 2, pentru un viitor pre\u0219edinte care va asigura stabilitatea politic\u0103 \u00een Rom\u00e2nia, va asigura consensul \u0219i un drum lin c\u0103tre dezvoltarea \u021b\u0103rii noastre<\/em>\u201d. <\/p>\n\n\n\n<iframe src=\"https:\/\/www.facebook.com\/plugins\/video.php?height=314&#038;href=https%3A%2F%2Fwww.facebook.com%2Fr.hopinca%2Fvideos%2F1665639973995586%2F&#038;show_text=false&#038;width=560&#038;t=0\" width=\"560\" height=\"314\" style=\"border:none;overflow:hidden\" scrolling=\"no\" frameborder=\"0\" allowfullscreen=\"true\" allow=\"autoplay; clipboard-write; encrypted-media; picture-in-picture; web-share\" allowFullScreen=\"true\"><\/iframe>\n\n\n\n<p>Robert Negoi\u021b\u0103, primarul Sectorului 3, a optat pentru un mesaj video live pe Facebook. \u201eAm votat pentru persoana care consider eu c\u0103 m\u0103 poate reprezenta cel mai bine, un pre\u0219edinte pentru to\u021bi, nu doar pentru unii, pentru cei mul\u021bi \u0219i un pre\u0219edinte responsabil\u201d. <\/p>\n\n\n\n<iframe src=\"https:\/\/www.facebook.com\/plugins\/video.php?height=476&#038;href=https%3A%2F%2Fwww.facebook.com%2FRobert.Negoita%2Fvideos%2F1620793212171243%2F&#038;show_text=false&#038;width=267&#038;t=0\" width=\"267\" height=\"476\" style=\"border:none;overflow:hidden\" scrolling=\"no\" frameborder=\"0\" allowfullscreen=\"true\" allow=\"autoplay; clipboard-write; encrypted-media; picture-in-picture; web-share\" allowFullScreen=\"true\"><\/iframe>\n\n\n\n<h2 class=\"wp-block-heading\" id=\"h-ce-spun-primarii-de-sector-de-la-4-5-\u0219i-6\">Ce spun primarii de sector de la 4, 5 \u0219i 6<\/h2>\n\n\n\n<p>Un alt mesaj video g\u0103sim \u0219i pe pagina edilului de la Sectorul 4, Daniel B\u0103lu\u021b\u0103. <em>S\u0103 vot\u0103m \u00eempreun\u0103 calea sigur\u0103 pentru Bucure\u0219ti \u0219i calea sigur\u0103 pentru Rom\u00e2nia<\/em>, a transmis acesta \u00eentr-un mesaj mai lung, cu puternic iz electoral. <\/p>\n\n\n\n<iframe src=\"https:\/\/www.facebook.com\/plugins\/video.php?height=314&#038;href=https%3A%2F%2Fwww.facebook.com%2Fdanielbalutaprimar%2Fvideos%2F583698587502104%2F&#038;show_text=false&#038;width=560&#038;t=0\" width=\"560\" height=\"314\" style=\"border:none;overflow:hidden\" scrolling=\"no\" frameborder=\"0\" allowfullscreen=\"true\" allow=\"autoplay; clipboard-write; encrypted-media; picture-in-picture; web-share\" allowFullScreen=\"true\"><\/iframe>\n\n\n\n<p>Primarul de la Sectorul 5, Vlad Popescu Piedone, a postat \u0219i el un mesaj \u00een care a vorbit numai despre preziden\u021biale. <\/p>\n\n\n\n<iframe src=\"https:\/\/www.facebook.com\/plugins\/post.php?href=https%3A%2F%2Fwww.facebook.com%2Fvladpopescupiedone%2Fposts%2Fpfbid02rdUjQWK7qVJnsNCm8VTdNje8G2jByQNst7ted4qfFhKzBytgYr3YZZd6fPGW2U2Bl&#038;show_text=true&#038;width=500\" width=\"500\" height=\"753\" style=\"border:none;overflow:hidden\" scrolling=\"no\" frameborder=\"0\" allowfullscreen=\"true\" allow=\"autoplay; clipboard-write; encrypted-media; picture-in-picture; web-share\"><\/iframe>\n\n\n\n<p>Pe feed-ul lui <a href=\"https:\/\/www.facebook.com\/ciprian.ciucu\/?locale=ro_RO\">Ciprian Ciucu<\/a> apare o bucat\u0103 dintr-un interviu TV, distribuit de unul dintre candida\u021bii la preziden\u021biale. Dup\u0103 acest interviu, mai este o postare \u00een care edilul transmite \u201eSpune\u021bi al\u0103turi de mine un mare NU populismului de joas\u0103 spe\u021b\u0103 \u0219i agitatorilor de profesie!\u201d, probabil aluzie la o postare a lui Mihai Enache de la AUR, care \u00eel soma s\u0103 opreasc\u0103 fraudele la alegeri cu urna mobil\u0103, dar f\u0103r\u0103 s\u0103 aduc\u0103 dovezi \u00een sensul \u00een care edilul ar fi implicat \u00een a\u0219a ceva.<\/p>\n\n\n\n<p><strong>CITE\u0218TE \u0218I:<\/strong> <a href=\"https:\/\/buletin.de\/bucuresti\/referendum-bucuresti-primarul-general-spune-ca-vrea-ca-orasul-sa-devina-ordonat-si-guvernabil\/\">Referendum Bucure\u0219ti | Primarul general spune c\u0103 vrea ca ora\u0219ul s\u0103 devin\u0103 \u201eordonat \u0219i guvernabil\u201d<\/a><br><\/p>\n","protected":false},"excerpt":{"rendered":"<p>Primarii de sector nu au f\u0103cut nicio referire la referendumul Bucure\u0219tiului \u00een ziua votului. \u00cen schimb, au avut mesaje legate de alegerile preziden\u021biale sau despre subiecte politice conexe. P\u00e2n\u0103 la ora 15:00, primarul Sectorului 1, George Tu\u021b\u0103, nu a postat nimic \u00een duminica alegerilor. Ultima sa postare pe Facebook este despre fanionul pe care l-a [&hellip;]<\/p>\n","protected":false},"author":8,"featured_media":107789,"comment_status":"closed","ping_status":"open","sticky":false,"template":"","format":"standard","meta":{"_acf_changed":false,"inline_featured_image":false,"ngg_post_thumbnail":0,"footnotes":""},"categories":[6994,5762,9025],"tags":[2089,1204,9325,7088,16041,220,4177],"ppma_author":[22586],"class_list":["post-107767","post","type-post","status-publish","format-standard","has-post-thumbnail","hentry","category-stiri-2","category-main","category-politic","tag-ciprian-ciucu","tag-daniel-baluta","tag-george-tuta","tag-rares-hopinca-2","tag-referendum-bucuresti","tag-robert-negoita","tag-vlad-popescu-piedone"],"acf":[],"yoast_head":"<!-- This site is optimized with the Yoast SEO Premium plugin v25.3 (Yoast SEO v27.4) - https:\/\/yoast.com\/product\/yoast-seo-premium-wordpress\/ -->\n<title>Primarii de sector \u00een ziua votului, nicio men\u021biune \u00een social media despre referendumul care \u00eei vizeaz\u0103 - Buletin de Bucure\u0219ti<\/title>\n<meta name=\"description\" content=\"Primarii de sector nu au f\u0103cut nicio referire la referendumul Bucure\u0219tiului \u00een ziua votului. \u00cen schimb, au vorbit de alegerile preziden\u021biale\" \/>\n<meta name=\"robots\" content=\"index, follow, max-snippet:-1, max-image-preview:large, max-video-preview:-1\" \/>\n<link rel=\"canonical\" href=\"https:\/\/buletin.de\/bucuresti\/primarii-de-sector-in-ziua-votului-nicio-mentiune-in-social-media-despre-referendumul-care-ii-vizeaza\/\" \/>\n<meta property=\"og:locale\" content=\"en_GB\" \/>\n<meta property=\"og:type\" content=\"article\" \/>\n<meta property=\"og:title\" content=\"Primarii de sector \u00een ziua votului, nicio men\u021biune \u00een social media despre referendumul care \u00eei vizeaz\u0103\" \/>\n<meta property=\"og:description\" content=\"Primarii de sector nu au f\u0103cut nicio referire la referendumul Bucure\u0219tiului \u00een ziua votului. \u00cen schimb, au vorbit de alegerile preziden\u021biale\" \/>\n<meta property=\"og:url\" content=\"https:\/\/buletin.de\/bucuresti\/primarii-de-sector-in-ziua-votului-nicio-mentiune-in-social-media-despre-referendumul-care-ii-vizeaza\/\" \/>\n<meta property=\"og:site_name\" content=\"Buletin de Bucure\u0219ti\" \/>\n<meta property=\"article:publisher\" content=\"https:\/\/www.facebook.com\/buletin.de.buc\" \/>\n<meta property=\"article:published_time\" content=\"2024-11-24T14:06:05+00:00\" \/>\n<meta property=\"article:modified_time\" content=\"2024-11-24T14:16:05+00:00\" \/>\n<meta property=\"og:image\" content=\"https:\/\/buletin.de\/bucuresti\/wp-content\/uploads\/Covers-BdB-14-2-900x506.png\" \/>\n\t<meta property=\"og:image:width\" content=\"900\" \/>\n\t<meta property=\"og:image:height\" content=\"506\" \/>\n\t<meta property=\"og:image:type\" content=\"image\/png\" \/>\n<meta name=\"author\" content=\"Ionu\u021b Lepa\" \/>\n<meta name=\"twitter:card\" content=\"summary_large_image\" \/>\n<meta name=\"twitter:label1\" content=\"Written by\" \/>\n\t<meta name=\"twitter:data1\" content=\"Ionu\u021b Lepa\" \/>\n\t<meta name=\"twitter:label2\" content=\"Estimated reading time\" \/>\n\t<meta name=\"twitter:data2\" content=\"2 minutes\" \/>\n<script type=\"application\/ld+json\" class=\"yoast-schema-graph\">{\"@context\":\"https:\\\/\\\/schema.org\",\"@graph\":[{\"@type\":\"Article\",\"@id\":\"https:\\\/\\\/buletin.de\\\/bucuresti\\\/primarii-de-sector-in-ziua-votului-nicio-mentiune-in-social-media-despre-referendumul-care-ii-vizeaza\\\/#article\",\"isPartOf\":{\"@id\":\"https:\\\/\\\/buletin.de\\\/bucuresti\\\/primarii-de-sector-in-ziua-votului-nicio-mentiune-in-social-media-despre-referendumul-care-ii-vizeaza\\\/\"},\"author\":{\"name\":\"Ionu\u021b Lepa\",\"@id\":\"https:\\\/\\\/buletin.de\\\/bucuresti\\\/#\\\/schema\\\/person\\\/5272b8a057b33890940b57b837fc4ce6\"},\"headline\":\"Primarii de sector \u00een ziua votului, nicio men\u021biune \u00een social media despre referendumul care \u00eei vizeaz\u0103\",\"datePublished\":\"2024-11-24T14:06:05+00:00\",\"dateModified\":\"2024-11-24T14:16:05+00:00\",\"mainEntityOfPage\":{\"@id\":\"https:\\\/\\\/buletin.de\\\/bucuresti\\\/primarii-de-sector-in-ziua-votului-nicio-mentiune-in-social-media-despre-referendumul-care-ii-vizeaza\\\/\"},\"wordCount\":359,\"publisher\":{\"@id\":\"https:\\\/\\\/buletin.de\\\/bucuresti\\\/#organization\"},\"image\":{\"@id\":\"https:\\\/\\\/buletin.de\\\/bucuresti\\\/primarii-de-sector-in-ziua-votului-nicio-mentiune-in-social-media-despre-referendumul-care-ii-vizeaza\\\/#primaryimage\"},\"thumbnailUrl\":\"https:\\\/\\\/buletin.de\\\/bucuresti\\\/wp-content\\\/uploads\\\/Covers-BdB-14-2.png\",\"keywords\":[\"ciprian ciucu\",\"daniel baluta\",\"george tuta\",\"rares hopinca\",\"referendum bucuresti\",\"robert negoita\",\"vlad popescu piedone\"],\"articleSection\":[\"Articole\",\"Main\",\"Politic\"],\"inLanguage\":\"en-GB\",\"copyrightYear\":\"2024\",\"copyrightHolder\":{\"@id\":\"https:\\\/\\\/buletin.de\\\/bucuresti\\\/#organization\"}},{\"@type\":\"WebPage\",\"@id\":\"https:\\\/\\\/buletin.de\\\/bucuresti\\\/primarii-de-sector-in-ziua-votului-nicio-mentiune-in-social-media-despre-referendumul-care-ii-vizeaza\\\/\",\"url\":\"https:\\\/\\\/buletin.de\\\/bucuresti\\\/primarii-de-sector-in-ziua-votului-nicio-mentiune-in-social-media-despre-referendumul-care-ii-vizeaza\\\/\",\"name\":\"Primarii de sector \u00een ziua votului, nicio men\u021biune \u00een social media despre referendumul care \u00eei vizeaz\u0103 - Buletin de Bucure\u0219ti\",\"isPartOf\":{\"@id\":\"https:\\\/\\\/buletin.de\\\/bucuresti\\\/#website\"},\"primaryImageOfPage\":{\"@id\":\"https:\\\/\\\/buletin.de\\\/bucuresti\\\/primarii-de-sector-in-ziua-votului-nicio-mentiune-in-social-media-despre-referendumul-care-ii-vizeaza\\\/#primaryimage\"},\"image\":{\"@id\":\"https:\\\/\\\/buletin.de\\\/bucuresti\\\/primarii-de-sector-in-ziua-votului-nicio-mentiune-in-social-media-despre-referendumul-care-ii-vizeaza\\\/#primaryimage\"},\"thumbnailUrl\":\"https:\\\/\\\/buletin.de\\\/bucuresti\\\/wp-content\\\/uploads\\\/Covers-BdB-14-2.png\",\"datePublished\":\"2024-11-24T14:06:05+00:00\",\"dateModified\":\"2024-11-24T14:16:05+00:00\",\"description\":\"Primarii de sector nu au f\u0103cut nicio referire la referendumul Bucure\u0219tiului \u00een ziua votului. \u00cen schimb, au vorbit de alegerile preziden\u021biale\",\"breadcrumb\":{\"@id\":\"https:\\\/\\\/buletin.de\\\/bucuresti\\\/primarii-de-sector-in-ziua-votului-nicio-mentiune-in-social-media-despre-referendumul-care-ii-vizeaza\\\/#breadcrumb\"},\"inLanguage\":\"en-GB\",\"potentialAction\":[{\"@type\":\"ReadAction\",\"target\":[\"https:\\\/\\\/buletin.de\\\/bucuresti\\\/primarii-de-sector-in-ziua-votului-nicio-mentiune-in-social-media-despre-referendumul-care-ii-vizeaza\\\/\"]}]},{\"@type\":\"ImageObject\",\"inLanguage\":\"en-GB\",\"@id\":\"https:\\\/\\\/buletin.de\\\/bucuresti\\\/primarii-de-sector-in-ziua-votului-nicio-mentiune-in-social-media-despre-referendumul-care-ii-vizeaza\\\/#primaryimage\",\"url\":\"https:\\\/\\\/buletin.de\\\/bucuresti\\\/wp-content\\\/uploads\\\/Covers-BdB-14-2.png\",\"contentUrl\":\"https:\\\/\\\/buletin.de\\\/bucuresti\\\/wp-content\\\/uploads\\\/Covers-BdB-14-2.png\",\"width\":1920,\"height\":1080},{\"@type\":\"BreadcrumbList\",\"@id\":\"https:\\\/\\\/buletin.de\\\/bucuresti\\\/primarii-de-sector-in-ziua-votului-nicio-mentiune-in-social-media-despre-referendumul-care-ii-vizeaza\\\/#breadcrumb\",\"itemListElement\":[{\"@type\":\"ListItem\",\"position\":1,\"name\":\"Acas\u0103\",\"item\":\"https:\\\/\\\/buletin.de\\\/bucuresti\\\/\"},{\"@type\":\"ListItem\",\"position\":2,\"name\":\"Primarii de sector \u00een ziua votului, nicio men\u021biune \u00een social media despre referendumul care \u00eei vizeaz\u0103\"}]},{\"@type\":\"WebSite\",\"@id\":\"https:\\\/\\\/buletin.de\\\/bucuresti\\\/#website\",\"url\":\"https:\\\/\\\/buletin.de\\\/bucuresti\\\/\",\"name\":\"Buletin de Bucure\u0219ti\",\"description\":\"\u0218tiri \u0219i investiga\u021bii esen\u021biale din capital\u0103\",\"publisher\":{\"@id\":\"https:\\\/\\\/buletin.de\\\/bucuresti\\\/#organization\"},\"potentialAction\":[{\"@type\":\"SearchAction\",\"target\":{\"@type\":\"EntryPoint\",\"urlTemplate\":\"https:\\\/\\\/buletin.de\\\/bucuresti\\\/?s={search_term_string}\"},\"query-input\":{\"@type\":\"PropertyValueSpecification\",\"valueRequired\":true,\"valueName\":\"search_term_string\"}}],\"inLanguage\":\"en-GB\"},{\"@type\":\"Organization\",\"@id\":\"https:\\\/\\\/buletin.de\\\/bucuresti\\\/#organization\",\"name\":\"Buletin de Bucure\u0219ti\",\"url\":\"https:\\\/\\\/buletin.de\\\/bucuresti\\\/\",\"logo\":{\"@type\":\"ImageObject\",\"inLanguage\":\"en-GB\",\"@id\":\"https:\\\/\\\/buletin.de\\\/bucuresti\\\/#\\\/schema\\\/logo\\\/image\\\/\",\"url\":\"https:\\\/\\\/buletin.de\\\/bucuresti\\\/wp-content\\\/uploads\\\/logo-bdb-full-wide-vernil-transparent.png\",\"contentUrl\":\"https:\\\/\\\/buletin.de\\\/bucuresti\\\/wp-content\\\/uploads\\\/logo-bdb-full-wide-vernil-transparent.png\",\"width\":1782,\"height\":626,\"caption\":\"Buletin de Bucure\u0219ti\"},\"image\":{\"@id\":\"https:\\\/\\\/buletin.de\\\/bucuresti\\\/#\\\/schema\\\/logo\\\/image\\\/\"},\"sameAs\":[\"https:\\\/\\\/www.facebook.com\\\/buletin.de.buc\",\"https:\\\/\\\/www.instagram.com\\\/buletinde.bucuresti\\\/\"]},{\"@type\":\"Person\",\"@id\":\"https:\\\/\\\/buletin.de\\\/bucuresti\\\/#\\\/schema\\\/person\\\/5272b8a057b33890940b57b837fc4ce6\",\"name\":\"Ionu\u021b Lepa\",\"image\":{\"@type\":\"ImageObject\",\"inLanguage\":\"en-GB\",\"@id\":\"https:\\\/\\\/buletin.de\\\/bucuresti\\\/wp-content\\\/uploads\\\/Ionut-Lepa-96x96.jpg5c4e4d9e049808799a8821652d2410a4\",\"url\":\"https:\\\/\\\/buletin.de\\\/bucuresti\\\/wp-content\\\/uploads\\\/Ionut-Lepa-96x96.jpg\",\"contentUrl\":\"https:\\\/\\\/buletin.de\\\/bucuresti\\\/wp-content\\\/uploads\\\/Ionut-Lepa-96x96.jpg\",\"caption\":\"Ionu\u021b Lepa\"},\"url\":\"https:\\\/\\\/buletin.de\\\/bucuresti\\\/author\\\/ionutlepa\\\/\"}]}<\/script>\n<!-- \/ Yoast SEO Premium plugin. -->","yoast_head_json":{"title":"Primarii de sector \u00een ziua votului, nicio men\u021biune \u00een social media despre referendumul care \u00eei vizeaz\u0103 - Buletin de Bucure\u0219ti","description":"Primarii de sector nu au f\u0103cut nicio referire la referendumul Bucure\u0219tiului \u00een ziua votului. \u00cen schimb, au vorbit de alegerile preziden\u021biale","robots":{"index":"index","follow":"follow","max-snippet":"max-snippet:-1","max-image-preview":"max-image-preview:large","max-video-preview":"max-video-preview:-1"},"canonical":"https:\/\/buletin.de\/bucuresti\/primarii-de-sector-in-ziua-votului-nicio-mentiune-in-social-media-despre-referendumul-care-ii-vizeaza\/","og_locale":"en_GB","og_type":"article","og_title":"Primarii de sector \u00een ziua votului, nicio men\u021biune \u00een social media despre referendumul care \u00eei vizeaz\u0103","og_description":"Primarii de sector nu au f\u0103cut nicio referire la referendumul Bucure\u0219tiului \u00een ziua votului. \u00cen schimb, au vorbit de alegerile preziden\u021biale","og_url":"https:\/\/buletin.de\/bucuresti\/primarii-de-sector-in-ziua-votului-nicio-mentiune-in-social-media-despre-referendumul-care-ii-vizeaza\/","og_site_name":"Buletin de Bucure\u0219ti","article_publisher":"https:\/\/www.facebook.com\/buletin.de.buc","article_published_time":"2024-11-24T14:06:05+00:00","article_modified_time":"2024-11-24T14:16:05+00:00","og_image":[{"width":900,"height":506,"url":"https:\/\/buletin.de\/bucuresti\/wp-content\/uploads\/Covers-BdB-14-2-900x506.png","type":"image\/png"}],"author":"Ionu\u021b Lepa","twitter_card":"summary_large_image","twitter_misc":{"Written by":"Ionu\u021b Lepa","Estimated reading time":"2 minutes"},"schema":{"@context":"https:\/\/schema.org","@graph":[{"@type":"Article","@id":"https:\/\/buletin.de\/bucuresti\/primarii-de-sector-in-ziua-votului-nicio-mentiune-in-social-media-despre-referendumul-care-ii-vizeaza\/#article","isPartOf":{"@id":"https:\/\/buletin.de\/bucuresti\/primarii-de-sector-in-ziua-votului-nicio-mentiune-in-social-media-despre-referendumul-care-ii-vizeaza\/"},"author":{"name":"Ionu\u021b Lepa","@id":"https:\/\/buletin.de\/bucuresti\/#\/schema\/person\/5272b8a057b33890940b57b837fc4ce6"},"headline":"Primarii de sector \u00een ziua votului, nicio men\u021biune \u00een social media despre referendumul care \u00eei vizeaz\u0103","datePublished":"2024-11-24T14:06:05+00:00","dateModified":"2024-11-24T14:16:05+00:00","mainEntityOfPage":{"@id":"https:\/\/buletin.de\/bucuresti\/primarii-de-sector-in-ziua-votului-nicio-mentiune-in-social-media-despre-referendumul-care-ii-vizeaza\/"},"wordCount":359,"publisher":{"@id":"https:\/\/buletin.de\/bucuresti\/#organization"},"image":{"@id":"https:\/\/buletin.de\/bucuresti\/primarii-de-sector-in-ziua-votului-nicio-mentiune-in-social-media-despre-referendumul-care-ii-vizeaza\/#primaryimage"},"thumbnailUrl":"https:\/\/buletin.de\/bucuresti\/wp-content\/uploads\/Covers-BdB-14-2.png","keywords":["ciprian ciucu","daniel baluta","george tuta","rares hopinca","referendum bucuresti","robert negoita","vlad popescu piedone"],"articleSection":["Articole","Main","Politic"],"inLanguage":"en-GB","copyrightYear":"2024","copyrightHolder":{"@id":"https:\/\/buletin.de\/bucuresti\/#organization"}},{"@type":"WebPage","@id":"https:\/\/buletin.de\/bucuresti\/primarii-de-sector-in-ziua-votului-nicio-mentiune-in-social-media-despre-referendumul-care-ii-vizeaza\/","url":"https:\/\/buletin.de\/bucuresti\/primarii-de-sector-in-ziua-votului-nicio-mentiune-in-social-media-despre-referendumul-care-ii-vizeaza\/","name":"Primarii de sector \u00een ziua votului, nicio men\u021biune \u00een social media despre referendumul care \u00eei vizeaz\u0103 - Buletin de Bucure\u0219ti","isPartOf":{"@id":"https:\/\/buletin.de\/bucuresti\/#website"},"primaryImageOfPage":{"@id":"https:\/\/buletin.de\/bucuresti\/primarii-de-sector-in-ziua-votului-nicio-mentiune-in-social-media-despre-referendumul-care-ii-vizeaza\/#primaryimage"},"image":{"@id":"https:\/\/buletin.de\/bucuresti\/primarii-de-sector-in-ziua-votului-nicio-mentiune-in-social-media-despre-referendumul-care-ii-vizeaza\/#primaryimage"},"thumbnailUrl":"https:\/\/buletin.de\/bucuresti\/wp-content\/uploads\/Covers-BdB-14-2.png","datePublished":"2024-11-24T14:06:05+00:00","dateModified":"2024-11-24T14:16:05+00:00","description":"Primarii de sector nu au f\u0103cut nicio referire la referendumul Bucure\u0219tiului \u00een ziua votului. \u00cen schimb, au vorbit de alegerile preziden\u021biale","breadcrumb":{"@id":"https:\/\/buletin.de\/bucuresti\/primarii-de-sector-in-ziua-votului-nicio-mentiune-in-social-media-despre-referendumul-care-ii-vizeaza\/#breadcrumb"},"inLanguage":"en-GB","potentialAction":[{"@type":"ReadAction","target":["https:\/\/buletin.de\/bucuresti\/primarii-de-sector-in-ziua-votului-nicio-mentiune-in-social-media-despre-referendumul-care-ii-vizeaza\/"]}]},{"@type":"ImageObject","inLanguage":"en-GB","@id":"https:\/\/buletin.de\/bucuresti\/primarii-de-sector-in-ziua-votului-nicio-mentiune-in-social-media-despre-referendumul-care-ii-vizeaza\/#primaryimage","url":"https:\/\/buletin.de\/bucuresti\/wp-content\/uploads\/Covers-BdB-14-2.png","contentUrl":"https:\/\/buletin.de\/bucuresti\/wp-content\/uploads\/Covers-BdB-14-2.png","width":1920,"height":1080},{"@type":"BreadcrumbList","@id":"https:\/\/buletin.de\/bucuresti\/primarii-de-sector-in-ziua-votului-nicio-mentiune-in-social-media-despre-referendumul-care-ii-vizeaza\/#breadcrumb","itemListElement":[{"@type":"ListItem","position":1,"name":"Acas\u0103","item":"https:\/\/buletin.de\/bucuresti\/"},{"@type":"ListItem","position":2,"name":"Primarii de sector \u00een ziua votului, nicio men\u021biune \u00een social media despre referendumul care \u00eei vizeaz\u0103"}]},{"@type":"WebSite","@id":"https:\/\/buletin.de\/bucuresti\/#website","url":"https:\/\/buletin.de\/bucuresti\/","name":"Buletin de Bucure\u0219ti","description":"\u0218tiri \u0219i investiga\u021bii esen\u021biale din capital\u0103","publisher":{"@id":"https:\/\/buletin.de\/bucuresti\/#organization"},"potentialAction":[{"@type":"SearchAction","target":{"@type":"EntryPoint","urlTemplate":"https:\/\/buletin.de\/bucuresti\/?s={search_term_string}"},"query-input":{"@type":"PropertyValueSpecification","valueRequired":true,"valueName":"search_term_string"}}],"inLanguage":"en-GB"},{"@type":"Organization","@id":"https:\/\/buletin.de\/bucuresti\/#organization","name":"Buletin de Bucure\u0219ti","url":"https:\/\/buletin.de\/bucuresti\/","logo":{"@type":"ImageObject","inLanguage":"en-GB","@id":"https:\/\/buletin.de\/bucuresti\/#\/schema\/logo\/image\/","url":"https:\/\/buletin.de\/bucuresti\/wp-content\/uploads\/logo-bdb-full-wide-vernil-transparent.png","contentUrl":"https:\/\/buletin.de\/bucuresti\/wp-content\/uploads\/logo-bdb-full-wide-vernil-transparent.png","width":1782,"height":626,"caption":"Buletin de Bucure\u0219ti"},"image":{"@id":"https:\/\/buletin.de\/bucuresti\/#\/schema\/logo\/image\/"},"sameAs":["https:\/\/www.facebook.com\/buletin.de.buc","https:\/\/www.instagram.com\/buletinde.bucuresti\/"]},{"@type":"Person","@id":"https:\/\/buletin.de\/bucuresti\/#\/schema\/person\/5272b8a057b33890940b57b837fc4ce6","name":"Ionu\u021b Lepa","image":{"@type":"ImageObject","inLanguage":"en-GB","@id":"https:\/\/buletin.de\/bucuresti\/wp-content\/uploads\/Ionut-Lepa-96x96.jpg5c4e4d9e049808799a8821652d2410a4","url":"https:\/\/buletin.de\/bucuresti\/wp-content\/uploads\/Ionut-Lepa-96x96.jpg","contentUrl":"https:\/\/buletin.de\/bucuresti\/wp-content\/uploads\/Ionut-Lepa-96x96.jpg","caption":"Ionu\u021b Lepa"},"url":"https:\/\/buletin.de\/bucuresti\/author\/ionutlepa\/"}]}},"authors":[{"term_id":22586,"user_id":8,"is_guest":0,"slug":"ionutlepa","display_name":"Ionu\u021b Lepa","avatar_url":"https:\/\/buletin.de\/bucuresti\/wp-content\/uploads\/Ionut-Lepa-96x96.jpg","0":null,"1":"","2":"","3":"","4":"","5":"","6":"","7":"","8":""}],"_links":{"self":[{"href":"https:\/\/buletin.de\/bucuresti\/wp-json\/wp\/v2\/posts\/107767","targetHints":{"allow":["GET"]}}],"collection":[{"href":"https:\/\/buletin.de\/bucuresti\/wp-json\/wp\/v2\/posts"}],"about":[{"href":"https:\/\/buletin.de\/bucuresti\/wp-json\/wp\/v2\/types\/post"}],"author":[{"embeddable":true,"href":"https:\/\/buletin.de\/bucuresti\/wp-json\/wp\/v2\/users\/8"}],"replies":[{"embeddable":true,"href":"https:\/\/buletin.de\/bucuresti\/wp-json\/wp\/v2\/comments?post=107767"}],"version-history":[{"count":3,"href":"https:\/\/buletin.de\/bucuresti\/wp-json\/wp\/v2\/posts\/107767\/revisions"}],"predecessor-version":[{"id":107786,"href":"https:\/\/buletin.de\/bucuresti\/wp-json\/wp\/v2\/posts\/107767\/revisions\/107786"}],"wp:featuredmedia":[{"embeddable":true,"href":"https:\/\/buletin.de\/bucuresti\/wp-json\/wp\/v2\/media\/107789"}],"wp:attachment":[{"href":"https:\/\/buletin.de\/bucuresti\/wp-json\/wp\/v2\/media?parent=107767"}],"wp:term":[{"taxonomy":"category","embeddable":true,"href":"https:\/\/buletin.de\/bucuresti\/wp-json\/wp\/v2\/categories?post=107767"},{"taxonomy":"post_tag","embeddable":true,"href":"https:\/\/buletin.de\/bucuresti\/wp-json\/wp\/v2\/tags?post=107767"},{"taxonomy":"author","embeddable":true,"href":"https:\/\/buletin.de\/bucuresti\/wp-json\/wp\/v2\/ppma_author?post=107767"}],"curies":[{"name":"wp","href":"https:\/\/api.w.org\/{rel}","templated":true}]}}