{"id":107662,"date":"2024-11-24T10:05:36","date_gmt":"2024-11-24T07:05:36","guid":{"rendered":"https:\/\/buletin.de\/bucuresti\/?p=107662"},"modified":"2024-11-24T22:40:31","modified_gmt":"2024-11-24T19:40:31","slug":"prezenta-la-vot-in-bucuresti-si-ilfov-update-ora-0900","status":"publish","type":"post","link":"https:\/\/buletin.de\/bucuresti\/prezenta-la-vot-in-bucuresti-si-ilfov-update-ora-0900\/","title":{"rendered":"Prezen\u021ba la vot \u00een Bucure\u0219ti \u0219i Ilfov, la ora 21.00. Peste 50% \u00een \u021bar\u0103, peste pragul de validare la referendum"},"content":{"rendered":"\n<p><strong>Buletin de Bucure\u0219ti v\u0103 prezint\u0103, or\u0103 de or\u0103, care este prezen\u021ba la vot \u00een Bucure\u0219ti \u0219i Ilfov, alegerile preziden\u021biale \u0219i la referendum.<\/strong><\/p>\n\n\n\n<h2 class=\"wp-block-heading\" id=\"h-ora-21-00\">ORA 21:00<\/h2>\n\n\n\n<p><strong>Municipiul Bucure\u0219ti are o prezen\u021b\u0103 la vot de 52.09% la ora 21:00, or\u0103 la care urnele s-au \u00eenchis \u0219i nu se mai poate vota.<\/strong> \u00cen cifre absolute, \u00eenseamn\u0103 c\u0103 p\u00e2n\u0103 la aceast\u0103 or\u0103 au votat, la alegerile preziden\u021biale, 929.369 de bucure\u0219teni. \u00cen compara\u021bie, prezen\u021ba la nivel na\u021bional la aceast\u0103 or\u0103 este de 52.46% (9.4 milioane).<\/p>\n\n\n\n<p>\u00cen topul prezen\u021bei r\u0103m\u00e2ne Sectorul 1 (59.86%), iar la coada clasamentului se afl\u0103 Sectorul 3, unde doar 43.63% dintre cet\u0103\u021benii \u00eenscri\u0219i pe liste s-au prezentat la urne.<\/p>\n\n\n\n<h2 class=\"wp-block-heading\" id=\"h-prezen\u021ba-la-vot-in-bucure\u0219ti-\u0219i-ilfov-la-alegerile-preziden\u021biale-defalcat-cifrele-sunt\">Prezen\u021ba la vot \u00een Bucure\u0219ti \u0219i Ilfov, la alegerile preziden\u021biale. Defalcat, cifrele sunt:<\/h2>\n\n\n\n<p><strong>Sectorul 1<\/strong> \u2013 59.86% (125.304)<br><strong>Sectorul 2<\/strong> \u2013 53.30% (156.284)<br><strong>Sectorul 3<\/strong> \u2013 43.63% (194.496)<br><strong>Sectorul 4<\/strong> \u2013 54.08% (146.569)<br><strong>Sectorul 5<\/strong> \u2013 49.09% (117.657)<br><strong>Sectorul 6<\/strong> \u2013 58.14% (189.131)<\/p>\n\n\n\n<p><strong>\u00cen ceea ce prive\u0219te referendumul, prezen\u021ba la vot la nivelul \u00eentregii Capitale este de 40.97%, adic\u0103 732.108.<\/strong><\/p>\n\n\n\n<h2 class=\"wp-block-heading\" id=\"h-prezen\u021ba-la-vot-la-referendum-defalcat-cifrele-sunt\">Prezen\u021ba la vot la referendum. Defalcat, cifrele sunt:<\/h2>\n\n\n\n<p><strong>Sectorul 1<\/strong> \u2013 45.42% (95.313)<br><strong>Sectorul 2<\/strong> \u2013 42.57% (125.034)<br><strong>Sectorul 3<\/strong> \u2013 35.04% (156.424)<br><strong>Sectorul 4<\/strong> \u2013 43.63% (118.407)<br><strong>Sectorul 5<\/strong> \u2013 39.19% (94.032)<br><strong>Sectorul 6<\/strong> \u2013 43,85% (142.859)<\/p>\n\n\n\n<h2 class=\"wp-block-heading\" id=\"h-ora-20-00\">ORA 20:00<\/h2>\n\n\n\n<p>Municipiul Bucure\u0219ti are o prezen\u021b\u0103 la vot de 49.91% la ora 20:00. \u00cen cifre absolute, \u00eenseamn\u0103 c\u0103 p\u00e2n\u0103 la aceast\u0103 or\u0103 au votat, la alegerile preziden\u021biale, 890.543 de cet\u0103\u021beni. Comparativ, prezen\u021ba la nivel na\u021bional la aceast\u0103 or\u0103 este de 51.19% (9.2 milioane).<\/p>\n\n\n\n<p>Frunta\u0219 r\u0103m\u00e2ne Sectorul 1, \u00een vreme ce coda\u0219 este Sectorul 3, cu doar 41.86% cet\u0103\u021benii \u00eenscri\u0219i pe listele electorale.<\/p>\n\n\n\n<h2 class=\"wp-block-heading\" id=\"h-prezen\u021ba-la-vot-in-bucure\u0219ti-\u0219i-ilfov-la-alegerile-preziden\u021biale-defalcat-cifrele-sunt\">Prezen\u021ba la vot \u00een Bucure\u0219ti \u0219i Ilfov, la alegerile preziden\u021biale. Defalcat, cifrele sunt:<\/h2>\n\n\n\n<p><strong>Sectorul 1<\/strong> &#8211; 57.01% (119.333)<br><strong>Sectorul 2<\/strong> &#8211; 51.16% (150.030)<br><strong>Sectorul 3<\/strong> &#8211; 41.86% (186.600)<br><strong>Sectorul 4<\/strong> &#8211; 51.83% (140.474)<br><strong>Sectorul 5<\/strong> &#8211; 47.31% (113.388)<br><strong>Sectorul 6<\/strong> &#8211; 55.56% (180.718)<\/p>\n\n\n\n<p>\u00cen ceea ce prive\u0219te referendumul, prezen\u021ba la vot la nivelul \u00eentregii Capitale este de 39.40%, adic\u0103 704.094. Frunta\u0219 este sectorul 1, \u00een vreme ce sectorul 3 este la coada cotei de prezen\u021b\u0103.<\/p>\n\n\n\n<h2 class=\"wp-block-heading\" id=\"h-prezen\u021ba-la-vot-la-referendum-defalcat-cifrele-sunt\">Prezen\u021ba la vot la referendum. Defalcat, cifrele sunt:<\/h2>\n\n\n\n<p><strong>Sectorul 1<\/strong> &#8211; 43.49% (91.269)<br><strong>Sectorul 2<\/strong> &#8211; 41.07% (120.624)<br><strong>Sectorul 3<\/strong> &#8211; 33.70% (150.463)<br><strong>Sectorul 4<\/strong> &#8211; 41.91% (113.754)<br><strong>Sectorul 5<\/strong> &#8211; 37.83% (90.770)<br><strong>Sectorul 6<\/strong> &#8211; 42.12% (137.214)<\/p>\n\n\n\n<h2 class=\"wp-block-heading\" id=\"h-ora-19-00\">ORA 19:00<\/h2>\n\n\n\n<p>Municipiul Bucure\u0219ti are o prezen\u021b\u0103 la vot de 46.68% la ora 19:00. \u00cen cifre absolute, \u00eenseamn\u0103 c\u0103 p\u00e2n\u0103 la aceast\u0103 or\u0103 au votat, la alegerile preziden\u021biale, 832.876 de cet\u0103\u021beni. Comparativ, prezen\u021ba la nivel na\u021bional la aceast\u0103 or\u0103 este de 49.01% (8.8 milioane).<\/p>\n\n\n\n<p>Frunta\u0219 r\u0103m\u00e2ne Sectorul 1, \u00een vreme ce coda\u0219 este Sectorul 3, cu doar 39.18% cet\u0103\u021benii \u00eenscri\u0219i pe listele electorale.<\/p>\n\n\n\n<h2 class=\"wp-block-heading\" id=\"h-prezen\u021ba-la-vot-in-bucure\u0219ti-\u0219i-ilfov-la-alegerile-preziden\u021biale-defalcat-cifrele-sunt-0\">Prezen\u021ba la vot \u00een Bucure\u0219ti \u0219i Ilfov, la alegerile preziden\u021biale. Defalcat, cifrele sunt:<\/h2>\n\n\n\n<p><strong>Sectorul 1<\/strong> &#8211; 53.10% (111.165)<br><strong>Sectorul 2<\/strong> &#8211; 48.03% (140.827)<br><strong>Sectorul 3<\/strong> &#8211; 39.18% (174.659)<br><strong>Sectorul 4<\/strong> &#8211; 48.22% (130.686)<br><strong>Sectorul 5<\/strong> &#8211; 44.19% (106.646)<br><strong>Sectorul 6<\/strong> &#8211; 51.92% (168.893)<\/p>\n\n\n\n<p>\u00cen ceea ce prive\u0219te referendumul, prezen\u021ba la vot la nivelul \u00eentregii Capitale este de 36.96%, adic\u0103 660.463. Frunta\u0219 este sectorul 1, \u00een vreme ce sectorul 3 este la coada cotei de prezen\u021b\u0103.<\/p>\n\n\n\n<h2 class=\"wp-block-heading\" id=\"h-prezen\u021ba-la-vot-la-referendum-defalcat-cifrele-sunt-0\">Prezen\u021ba la vot la referendum. Defalcat, cifrele sunt:<\/h2>\n\n\n\n<p><strong>Sectorul 1<\/strong> &#8211; 40.67% (85.349)<br><strong>Sectorul 2<\/strong> &#8211; 38.64% (113.490)<br><strong>Sectorul 3<\/strong> &#8211; 31.64% (141.254)<br><strong>Sectorul 4<\/strong> &#8211; 39.07% (106.054)<br><strong>Sectorul 5<\/strong> &#8211; 35.66% (85.576)<br><strong>Sectorul 6<\/strong> &#8211; 39.52% (128.740)<\/p>\n\n\n\n<h2 class=\"wp-block-heading\" id=\"h-ora-18-00\">ORA 18:00<\/h2>\n\n\n\n<p>Municipiul Bucure\u0219ti are o prezen\u021b\u0103 la vot de 42.59% la ora 18:00. \u00cen cifre absolute, \u00eenseamn\u0103 c\u0103 p\u00e2n\u0103 la aceast\u0103 or\u0103 au votat, la alegerile preziden\u021biale, 759.973 de cet\u0103\u021beni. Comparativ, prezen\u021ba la nivel na\u021bional la aceast\u0103 or\u0103 este de 45.85% (8.2 milioane).<\/p>\n\n\n\n<p>Frunta\u0219 r\u0103m\u00e2ne Sectorul 1, \u00een vreme ce coda\u0219 este Sectorul 3, cu doar 35.76% cet\u0103\u021benii \u00eenscri\u0219i pe listele electorale.<\/p>\n\n\n\n<h2 class=\"wp-block-heading\" id=\"h-prezen\u021ba-la-vot-in-bucure\u0219ti-\u0219i-ilfov-la-alegerile-preziden\u021biale-defalcat-cifrele-sunt-1\">Prezen\u021ba la vot \u00een Bucure\u0219ti \u0219i Ilfov, la alegerile preziden\u021biale. Defalcat, cifrele sunt:<\/h2>\n\n\n\n<p><strong>Sectorul 1<\/strong> &#8211; 48.28% (101.059)<br><strong>Sectorul 2<\/strong> &#8211; 43.97% (128.936)<br><strong>Sectorul 3<\/strong> &#8211; 35.76% (159.396)<br><strong>Sectorul 4<\/strong> &#8211; 43.76% (118.608)<br><strong>Sectorul 5<\/strong> &#8211; 40.81% (97.819)<br><strong>Sectorul 6<\/strong> &#8211; 47.39% (154.155)<\/p>\n\n\n\n<p>\u00cen ceea ce prive\u0219te referendumul, prezen\u021ba la vot la nivelul \u00eentregii Capitale este de 34.05%, adic\u0103 608.578. Frunta\u0219 este sectorul 1, \u00een vreme ce sectorul 3 este la coada cotei de prezen\u021b\u0103.<\/p>\n\n\n\n<h2 class=\"wp-block-heading\" id=\"h-prezen\u021ba-la-vot-la-referendum-defalcat-cifrele-sunt-1\">Prezen\u021ba la vot la referendum. Defalcat, cifrele sunt:<\/h2>\n\n\n\n<p><strong>Sectorul 1<\/strong> &#8211; 37.38% (78.447)<br><strong>Sectorul 2<\/strong> &#8211; 35.75% (105.009)<br><strong>Sectorul 3<\/strong> &#8211; 29.12% (130.013)<br><strong>Sectorul 4<\/strong> &#8211; 35.88% (97.388)<br><strong>Sectorul 5<\/strong> &#8211; 33.03% (79.254)<br><strong>Sectorul 6<\/strong> &#8211; 36.51% (118.936)<\/p>\n\n\n\n<h2 class=\"wp-block-heading\" id=\"h-ora-17-00\">ORA 17:00<\/h2>\n\n\n\n<p>Municipiul Bucure\u0219ti are o prezen\u021b\u0103 la vot de 37.96% la ora 17:00. \u00cen cifre absolute, \u00eenseamn\u0103 c\u0103 p\u00e2n\u0103 la aceast\u0103 or\u0103 au votat, la alegerile preziden\u021biale, 677.407 de cet\u0103\u021beni. Comparativ, prezen\u021ba la nivel na\u021bional la aceast\u0103 or\u0103 este de 41.48% (7.5 milioane).<\/p>\n\n\n\n<p>Frunta\u0219 r\u0103m\u00e2ne Sectorul 1, \u00een vreme ce coda\u0219 este Sectorul 3, cu doar 31.92% cet\u0103\u021benii \u00eenscri\u0219i pe listele electorale.<\/p>\n\n\n\n<h2 class=\"wp-block-heading\" id=\"h-prezen\u021ba-la-vot-in-bucure\u0219ti-\u0219i-ilfov-la-alegerile-preziden\u021biale-defalcat-cifrele-sunt-2\">Prezen\u021ba la vot \u00een Bucure\u0219ti \u0219i Ilfov, la alegerile preziden\u021biale. Defalcat, cifrele sunt:<\/h2>\n\n\n\n<p><strong>Sectorul 1<\/strong> &#8211; 42.94% (89.891)<br><strong>Sectorul 2<\/strong> &#8211; 39.17% (114.860)<br><strong>Sectorul 3<\/strong> &#8211; 31.92% (142.286)<br><strong>Sectorul 4<\/strong> &#8211; 38.94% (105.531)<br><strong>Sectorul 5<\/strong> &#8211; 36.41% (87.266)<br><strong>Sectorul 6<\/strong> &#8211; 42.29% (137.573)<\/p>\n\n\n\n<p>\u00cen ceea ce prive\u0219te referendumul, prezen\u021ba la vot la nivelul \u00eentregii Capitale este de 30.27%, adic\u0103 541.036. Frunta\u0219 este sectorul 1, \u00een vreme ce sectorul 3 este la coada cotei de prezen\u021b\u0103.<\/p>\n\n\n\n<h2 class=\"wp-block-heading\" id=\"h-prezen\u021ba-la-vot-la-referendum-defalcat-cifrele-sunt-2\">Prezen\u021ba la vot la referendum. Defalcat, cifrele sunt:<\/h2>\n\n\n\n<p><strong>Sectorul 1<\/strong> &#8211; 33.18% (69.633)<br><strong>Sectorul 2<\/strong> &#8211; 31.82% (93.463)<br><strong>Sectorul 3<\/strong> &#8211; 25.90% (115.613)<br><strong>Sectorul 4<\/strong> &#8211; 31.76% (86.196)<br><strong>Sectorul 5<\/strong> &#8211; 29.26% (70.220)<br><strong>Sectorul 6<\/strong> &#8211; 32.51% (105.911)<\/p>\n\n\n\n<h2 class=\"wp-block-heading\" id=\"h-ora-16-00\">ORA 16:00<\/h2>\n\n\n\n<p>Municipiul Bucure\u0219ti are o prezen\u021b\u0103 la vot de 33.41% la ora 16:00. \u00cen cifre absolute, \u00eenseamn\u0103 c\u0103 p\u00e2n\u0103 la aceast\u0103 or\u0103 au votat, la alegerile preziden\u021biale, 596.168 de cet\u0103\u021beni. Comparativ, prezen\u021ba la nivel na\u021bional la aceast\u0103 or\u0103 este de 36.76% (6.6 milioane).<\/p>\n\n\n\n<p>Frunta\u0219 r\u0103m\u00e2ne Sectorul 1, \u00een vreme ce coda\u0219 este Sectorul 3, cu doar 28,09% cet\u0103\u021benii \u00eenscri\u0219i pe listele electorale.<\/p>\n\n\n\n<h2 class=\"wp-block-heading\" id=\"h-prezen\u021ba-la-vot-in-bucure\u0219ti-\u0219i-ilfov-la-alegerile-preziden\u021biale-defalcat-cifrele-sunt-3\">Prezen\u021ba la vot \u00een Bucure\u0219ti \u0219i Ilfov, la alegerile preziden\u021biale. Defalcat, cifrele sunt:<\/h2>\n\n\n\n<p><strong>Sectorul 1<\/strong> &#8211; 37.77% (79.065)<br><strong>Sectorul 2<\/strong> &#8211; 34.44% (100.995)<br><strong>Sectorul 3<\/strong> &#8211; 28.09% (125.250)<br><strong>Sectorul 4<\/strong> &#8211; 34.26% (92.862)<br><strong>Sectorul 5<\/strong> &#8211; 31.99% (76.683)<br><strong>Sectorul 6<\/strong> &#8211; 37.29% (121.313)<\/p>\n\n\n\n<p>\u00cen ceea ce prive\u0219te referendumul, prezen\u021ba la vot la nivelul \u00eentregii Capitale este de 26.79%, adic\u0103 478.848. Frunta\u0219 este sectorul 1, \u00een vreme ce sectorul 3 este la coada cotei de prezen\u021b\u0103.<\/p>\n\n\n\n<h2 class=\"wp-block-heading\" id=\"h-prezen\u021ba-la-vot-la-referendum-defalcat-cifrele-sunt-3\">Prezen\u021ba la vot la referendum. Defalcat, cifrele sunt:<\/h2>\n\n\n\n<p><strong>Sectorul 1<\/strong> &#8211; 29.37% (61.623)<br><strong>Sectorul 2<\/strong> &#8211; 28.14% (82.654)<br><strong>Sectorul 3<\/strong> &#8211; 22.89% (102.193)<br><strong>Sectorul 4<\/strong> &#8211; 28.09% (76.251)<br><strong>Sectorul 5<\/strong> &#8211; 25.91% (62.182)<br><strong>Sectorul 6<\/strong> &#8211; 28.83% (93.945)<\/p>\n\n\n\n<h2 class=\"wp-block-heading\" id=\"h-ora-15-00\">ORA 15:00<\/h2>\n\n\n\n<p>Municipiul Bucure\u0219ti are o prezen\u021b\u0103 la vot de 29.10% la ora 15:00. \u00cen cifre absolute, \u00eenseamn\u0103 c\u0103 p\u00e2n\u0103 la aceast\u0103 or\u0103 au votat, la alegerile preziden\u021biale, 519.203 de cet\u0103\u021beni. Comparativ, prezen\u021ba la nivel na\u021bional la aceast\u0103 or\u0103 este de 32.18% (5.8 milioane).<\/p>\n\n\n\n<p>Frunta\u0219 r\u0103m\u00e2ne Sectorul 1, \u00een vreme ce coda\u0219 este Sectorul 3, cu doar 24.52% dintre cet\u0103\u021benii \u00eenscri\u0219i pe listele electorale.<\/p>\n\n\n\n<p>Prezen\u021ba la vot \u00een Bucure\u0219ti \u0219i Ilfov, la alegerile preziden\u021biale. Defalcat, cifrele sunt:<\/p>\n\n\n\n<p><strong>Sectorul 1<\/strong> &#8211; 32.83% (68.726)<br><strong>Sectorul 2<\/strong> &#8211; 30.05% (88.116)<br><strong>Sectorul 3<\/strong> &#8211; 24.52% (109.316)<br><strong>Sectorul 4<\/strong> &#8211; 29.71% (80.721)<br><strong>Sectorul 5<\/strong> &#8211; 27.95% (66.994)<br><strong>Sectorul 6<\/strong> &#8211; 32.58% (105.971)<\/p>\n\n\n\n<p>\u00cen ceea ce prive\u0219te referendumul, prezen\u021ba la vot la nivelul \u00eentregii Capitale este de 23.29%, adic\u0103 416.312. Frunta\u0219 este sectorul 1, \u00een vreme ce sectorul 3 este la coada cotei de prezen\u021b\u0103.<\/p>\n\n\n\n<h2 class=\"wp-block-heading\" id=\"h-prezen\u021ba-la-vot-la-referendum-defalcat-cifrele-sunt-4\">Prezen\u021ba la vot la referendum. Defalcat, cifrele sunt:<\/h2>\n\n\n\n<p><strong>Sectorul 1<\/strong> &#8211; 25.54% (53.596)<br><strong>Sectorul 2<\/strong> &#8211; 24.49% (71.936)<br><strong>Sectorul 3<\/strong> &#8211; 19.91% (88.896)<br><strong>Sectorul 4<\/strong> &#8211; 24.30% (65.953)<br><strong>Sectorul 5<\/strong> &#8211; 22.55% (54.103)<br><strong>Sectorul 6<\/strong> &#8211; 25.11% (81.828)<\/p>\n\n\n\n<h2 class=\"wp-block-heading\" id=\"h-ora-14-00\">ORA 14:00<\/h2>\n\n\n\n<p>Municipiul Bucure\u0219ti are o prezen\u021b\u0103 la vot de 24.12% la ora 14:00. \u00cen cifre absolute, \u00eenseamn\u0103 c\u0103 p\u00e2n\u0103 la aceast\u0103 or\u0103 au votat, la alegerile preziden\u021biale, 339.500 de cet\u0103\u021beni. Comparativ, prezen\u021ba la nivel na\u021bional la aceast\u0103 or\u0103 este de 27.11% (4.9 milioane).<\/p>\n\n\n\n<p>Frunta\u0219 r\u0103m\u00e2ne Sectorul 1, \u00een vreme ce coda\u0219 este Sectorul 3, cu doar 20.37% dintre cet\u0103\u021benii \u00eenscri\u0219i pe listele electorale.<\/p>\n\n\n\n<p>Prezen\u021ba la vot \u00een Bucure\u0219ti \u0219i Ilfov, la alegerile preziden\u021biale. Defalcat, cifrele sunt:<\/p>\n\n\n\n<p><strong>Sectorul 1<\/strong> &#8211; 27.12% (56.775)<br><strong>Sectorul 2<\/strong> &#8211; 24.98% (73.258)<br><strong>Sectorul 3<\/strong> &#8211; 20.37% (90.812)<br><strong>Sectorul 4<\/strong> &#8211; 24.59% (66.647)<br><strong>Sectorul 5<\/strong> &#8211; 23.08% (55.321)<br><strong>Sectorul 6<\/strong> &#8211; 26.93% (87.592)<\/p>\n\n\n\n<p>\u00cen ceea ce prive\u0219te referendumul, prezen\u021ba la vot la nivelul \u00eentregii Capitale este de 19.59%, adic\u0103 350.220. Frunta\u0219 este sectorul 1, \u00een vreme ce sectorul 3 este la coada cotei de prezen\u021b\u0103.<\/p>\n\n\n\n<p>Prezen\u021ba la vot la referendum. Defalcat, cifrele sunt:<\/p>\n\n\n\n<p><strong>Sectorul 1<\/strong> &#8211; 21.40% (44.903)<br><strong>Sectorul 2<\/strong> &#8211; 20.61% (60.551)<br><strong>Sectorul 3<\/strong> &#8211; 16.75% (74.786)<br><strong>Sectorul 4<\/strong> &#8211; 20.41% (55.404)<br><strong>Sectorul 5<\/strong> &#8211; 18.94% (45.460)<br><strong>Sectorul 6<\/strong> &#8211; 21.21% (69.116)<\/p>\n\n\n\n<h2 class=\"wp-block-heading\" id=\"h-ora-13-00\">ORA 13:00 <\/h2>\n\n\n\n<p>Municipiul Bucure\u0219ti are o prezen\u021b\u0103 la vot de 19.02% la ora 13:00. \u00cen cifre absolute, \u00eenseamn\u0103 c\u0103 p\u00e2n\u0103 la aceast\u0103 or\u0103 au votat, la alegerile preziden\u021biale, 339.500 de cet\u0103\u021beni. Comparativ, prezen\u021ba la nivel na\u021bional la aceast\u0103 or\u0103 este de 21.99% (3.9 milioane).<\/p>\n\n\n\n<p>Frunta\u0219 r\u0103m\u00e2ne Sectorul 1, \u00een vreme ce coda\u0219 este Sectorul 3, cu doar 16.07% dintre cet\u0103\u021benii \u00eenscri\u0219i pe listele electorale.<\/p>\n\n\n\n<p>Prezen\u021ba la vot \u00een Bucure\u0219ti \u0219i Ilfov, la alegerile preziden\u021biale. Defalcat, cifrele sunt:<\/p>\n\n\n\n<p><strong>Sectorul 1<\/strong> &#8211; 21.31% (44.616)<br><strong>Sectorul 2<\/strong> &#8211; 19.77% (57.980)<br><strong>Sectorul 3<\/strong> &#8211; 16.07% (71.643)<br><strong>Sectorul 4<\/strong> &#8211; 19.38% (52.543)<br><strong>Sectorul 5<\/strong> &#8211; 18.25% (43.754)<br><strong>Sectorul 6<\/strong> &#8211; 21.20% (68.964)<\/p>\n\n\n\n<p>\u00cen ceea ce prive\u0219te referendumul, prezen\u021ba la vot la nivelul \u00eentregii Capitale este de 15.56%, adic\u0103 278.087. Frunta\u0219 este sectorul 1, \u00een vreme ce sectorul 3 este la coada cotei de prezen\u021b\u0103.<\/p>\n\n\n\n<p>Prezen\u021ba la vot la referendum. Defalcat, cifrele sunt:<\/p>\n\n\n\n<p><strong>Sectorul 1<\/strong> &#8211; 16.93% (35.525)<br><strong>Sectorul 2<\/strong> &#8211; 16.37% (48.077)<br><strong>Sectorul 3<\/strong> &#8211; 13.28% (59.297)<br><strong>Sectorul 4<\/strong> &#8211; 16.20% (43.974)<br><strong>Sectorul 5<\/strong> &#8211; 15.08% (36.186)<br><strong>Sectorul 6<\/strong> &#8211; 16.89% (55.028)<\/p>\n\n\n\n<h2 class=\"wp-block-heading\" id=\"h-ora-12-00\">ORA 12:00<\/h2>\n\n\n\n<p>Municipiul Bucure\u0219ti are o prezen\u021b\u0103 la vot de 14.65% la ora 12:00. \u00cen cifre absolute, \u00eenseamn\u0103 c\u0103 p\u00e2n\u0103 la aceast\u0103 or\u0103 au votat, la alegerile preziden\u021biale, 261.483 de cet\u0103\u021beni. <\/p>\n\n\n\n<p>Comparativ, prezen\u021ba la nivel na\u021bional la aceast\u0103 or\u0103 este de 17.31% (3.1 milioane). <\/p>\n\n\n\n<p>Frunta\u0219 r\u0103m\u00e2ne Sectorul 1, \u00een vreme ce coda\u0219 este Sectorul 3, cu doar 12.44% dintre cet\u0103\u021benii \u00eenscri\u0219i pe listele electorale.<\/p>\n\n\n\n<p>Prezen\u021ba la vot \u00een Bucure\u0219ti \u0219i Ilfov, la alegerile preziden\u021biale. Defalcat, cifrele sunt:<\/p>\n\n\n\n<p><strong>Sectorul 1<\/strong> &#8211; 16.68% (34.920)<br><strong>Sectorul 2<\/strong> &#8211; 15.52% (45.517)<br><strong>Sectorul 3<\/strong> &#8211; 12.66% (56.442)<br><strong>Sectorul 4<\/strong> &#8211; 15.27% (41.385)<br><strong>Sectorul 5<\/strong> &#8211; 14.38% (34.475)<br><strong>Sectorul 6<\/strong> &#8211; 16.73% (54.416)<\/p>\n\n\n\n<p>\u00cen ceea ce prive\u0219te referendumul, prezen\u021ba la vot la nivelul \u00eentregii Capitale este de 12.30%, adic\u0103 219.811. Frunta\u0219 este sectorul 6, \u00een vreme ce sectorul 3 este la coada cotei de prezen\u021b\u0103.<\/p>\n\n\n\n<p>Prezen\u021ba la vot la referendum. Defalcat, cifrele sunt:<\/p>\n\n\n\n<p><strong>Sectorul 1<\/strong> &#8211; 12.31% (25.836)<br><strong>Sectorul 2<\/strong> &#8211; 11.94% (35.078)<br><strong>Sectorul 3<\/strong> &#8211; 9.66% (43.125)<br><strong>Sectorul 4<\/strong> &#8211; 11.79% (32.022)<br><strong>Sectorul 5<\/strong> &#8211; 10.95% (26.281)<br><strong>Sectorul 6<\/strong> &#8211; 12.34% (40.204)<\/p>\n\n\n\n<h2 class=\"wp-block-heading\" id=\"h-ora-11-00\">ORA 11:00<\/h2>\n\n\n\n<p>Municipiul Bucure\u0219ti are o prezen\u021b\u0103 la vot de 9.09% la ora 11:00. \u00cen cifre absolute, \u00eenseamn\u0103 c\u0103 p\u00e2n\u0103 la aceast\u0103 or\u0103 au votat, la alegerile preziden\u021biale, 162.304 de cet\u0103\u021beni. <\/p>\n\n\n\n<p>Comparativ, prezen\u021ba la nivel na\u021bional la aceast\u0103 or\u0103 este de 7.78%. Frunta\u0219 r\u0103m\u00e2ne Sectorul 1, \u00een vreme ce coda\u0219 este Sectorul 3, cu doar 7.64% dintre cet\u0103\u021benii \u00eenscri\u0219i pe listele electorale.<\/p>\n\n\n\n<h2 class=\"wp-block-heading\" id=\"h-prezen\u021ba-la-vot-in-bucure\u0219ti-\u0219i-ilfov-la-alegerile-preziden\u021biale-defalcat-cifrele-sunt-4\">Prezen\u021ba la vot \u00een Bucure\u0219ti \u0219i Ilfov, la alegerile preziden\u021biale. Defalcat, cifrele sunt:<\/h2>\n\n\n\n<p><strong>Sectorul 1<\/strong> &#8211; 10.22% (21.392)<br><strong>Sectorul 2<\/strong> &#8211; 9.53% (27.961)<br><strong>Sectorul 3<\/strong> &#8211; 7.64% (34.070)<br><strong>Sectorul 4<\/strong> &#8211; 9.20% (24.945)<br><strong>Sectorul 5<\/strong> &#8211; 8.74% (20.969)<br><strong>Sectorul 6<\/strong> &#8211; 10.13% (32.967)<\/p>\n\n\n\n<p>Prezen\u021ba la vot \u00een Bucure\u0219ti \u0219i Ilfov, la alegerile preziden\u021biale. Defalcat, cifrele sunt:<\/p>\n\n\n\n<p><strong>Sectorul 1<\/strong> &#8211; 10.22% (21.392)<br><strong>Sectorul 2<\/strong> &#8211; 9.53% (27.961)<br><strong>Sectorul 3<\/strong> &#8211; 7.64% (34.070)<br><strong>Sectorul 4<\/strong> &#8211; 9.20% (24.945)<br><strong>Sectorul 5<\/strong> &#8211; 8.74% (20.969)<br><strong>Sectorul 6<\/strong> &#8211; 10.13% (32.967)<\/p>\n\n\n\n<p>\u00cen ceea ce prive\u0219te referendumul, prezen\u021ba la vot la nivelul \u00eentregii Capitale este de 7.49%, adic\u0103 133.931. Frunta\u0219 este sectorul 6, \u00een vreme ce sectorul 3 este la coada cotei de prezen\u021b\u0103.<\/p>\n\n\n\n<h2 class=\"wp-block-heading\" id=\"h-prezen\u021ba-la-vot-la-referendum-defalcat-cifrele-sunt-5\">Prezen\u021ba la vot la referendum. Defalcat, cifrele sunt:<\/h2>\n\n\n\n<p><strong>Sectorul 1<\/strong> &#8211; 8.12% (17.055)<\/p>\n\n\n\n<p><strong>Sectorul 2<\/strong> &#8211; 7.9% (23.213)<\/p>\n\n\n\n<p><strong>Sectorul 3<\/strong> &#8211; 6.37% (28.457)<\/p>\n\n\n\n<p><strong>Sectorul 4<\/strong> &#8211; 7.78% (21.115)<\/p>\n\n\n\n<p><strong>Sectorul 5<\/strong> &#8211; 7.27% (17.453)<\/p>\n\n\n\n<p><strong>Sectorul 6<\/strong> &#8211; 8.17% (26.638)<\/p>\n\n\n\n<h2 class=\"wp-block-heading\" id=\"h-ora-10-00\">ORA 10:00<\/h2>\n\n\n\n<p>Municipiul Bucure\u0219ti are o prezen\u021b\u0103 la vot de 4.90% la ora 10:00. \u00cen cifre absolute, \u00eenseamn\u0103 c\u0103 p\u00e2n\u0103 la aceast\u0103 or\u0103 au votat, la alegerile preziden\u021biale, 87.546 de cet\u0103\u021beni. <\/p>\n\n\n\n<p>Comparativ, prezen\u021ba la nivel na\u021bional la aceast\u0103 or\u0103 este de 6.86%. Frunta\u0219 r\u0103m\u00e2ne sectorul 1, \u00een vreme ce coda\u0219 este sectorul 3, cu doar 4.12% dintre cet\u0103\u021benii \u00eenscri\u0219i pe listele electorale.<\/p>\n\n\n\n<p>Prezen\u021ba la vot la alegerile preziden\u021biale. Defalcat, cifrele sunt:<\/p>\n\n\n\n<p><strong>Sectorul 1<\/strong> &#8211; 5.76% (12.076)<br><strong>Sectorul 2<\/strong> &#8211; 5.34% (15.685)<br><strong>Sectorul 3<\/strong> &#8211; 4.16% (18.750)<br><strong>Sectorul 4<\/strong> &#8211; 5.12% (13.879)<br><strong>Sectorul 5<\/strong> &#8211; 4.87% (11.674)<br><strong>Sectorul 6<\/strong> &#8211; 5.52% (17.979)<\/p>\n\n\n\n<p>\u00cen ceea ce prive\u0219te <a href=\"https:\/\/prezenta.roaep.ro\/referendum24112024\/presence\/romania\/map\">referendumul<\/a>, prezen\u021ba la vot la nivelul \u00eentregii Capitale este de 4.21%, adic\u0103 75.388. Frunta\u0219 este sectorul 1, \u00een vreme ce sectorul 3 este la coada cotei de prezen\u021b\u0103.<\/p>\n\n\n\n<p>Prezen\u021ba la vot la referendum. Defalcat, cifrele sunt:<\/p>\n\n\n\n<p><strong>Sectorul 1<\/strong> &#8211; 4.66% (9788)<\/p>\n\n\n\n<p><strong>Sectorul 2<\/strong> &#8211; 4.5% (13.233)<\/p>\n\n\n\n<p><strong>Sectorul 3<\/strong> &#8211; 3.61% (16.119)<\/p>\n\n\n\n<p><strong>Sectorul 4<\/strong> &#8211; 4.42% (12.008)<\/p>\n\n\n\n<p><strong>Sectorul 5 <\/strong>&#8211; 4.13% (9923)<\/p>\n\n\n\n<p><strong>Sectorul 6<\/strong> &#8211; 4.55% (14.848)<\/p>\n\n\n\n<h2 class=\"wp-block-heading\" id=\"h-ora-09-00\">ORA 09:00<\/h2>\n\n\n\n<p>Municipiul Bucure\u0219ti are o prezen\u021b\u0103 la vot de 2.59% la ora 09:00. \u00cen cifre absolute, \u00eenseamn\u0103 c\u0103 p\u00e2n\u0103 la aceast\u0103 or\u0103 au votat, la alegerile preziden\u021biale, 46.218 de cet\u0103\u021beni. Comparativ, prezen\u021ba la nivel na\u021bional la aceast\u0103 or\u0103 este de 4.22%. Frunta\u0219 este sectorul 1, \u00een vreme ce \u00een sectorul 3 au votat doar 2.13% dintre cet\u0103\u021benii \u00eenscri\u0219i pe listele electorale.<\/p>\n\n\n\n<h2 class=\"wp-block-heading\" id=\"h-prezen\u021ba-la-vot-in-bucure\u0219ti-\u0219i-ilfov-la-alegerile-preziden\u021biale-defalcat-cifrele-sunt-5\">Prezen\u021ba la vot \u00een Bucure\u0219ti \u0219i Ilfov la alegerile preziden\u021biale. Defalcat, cifrele sunt:<\/h2>\n\n\n\n<p><strong>Sectorul 1<\/strong> &#8211; 2.89% (6057)<br><strong>Sectorul 2<\/strong> &#8211; 2.69% (7903)<br><strong>Sectorul 3 <\/strong>&#8211; 2.06% (9218)<br><strong>Sectorul 4<\/strong> &#8211; 2.55% (6917)<br><strong>Sectorul 5<\/strong> &#8211; 2.47% (5926)<br><strong>Sectorul 6<\/strong> &#8211; 2.80% (9110)<\/p>\n\n\n\n<p>\u00cen ceea ce prive\u0219te <a href=\"https:\/\/prezenta.roaep.ro\/referendum24112024\/presence\/romania\/map\">referendumul<\/a>, prezen\u021ba la vot la nivelul \u00eentregii Capitale este de 2.15%, adic\u0103 38.435. Frunta\u0219 este sectorul 1, \u00een vreme ce sectorul 3 este la coada cotei de prezen\u021b\u0103, cu doar 1.79%. <\/p>\n\n\n\n<p>Prezen\u021ba la vot la referendum. Defalcat, cifrele sunt:<\/p>\n\n\n\n<p><strong>Sectorul 1<\/strong> &#8211; 2.42% (5093)<\/p>\n\n\n\n<p><strong>Sectorul 2<\/strong> &#8211; 2.32% (6818)<\/p>\n\n\n\n<p><strong>Sectorul 3<\/strong> &#8211; 1.81% (8118)<\/p>\n\n\n\n<p><strong>Sectorul 4<\/strong> &#8211; 2.25% (6131)<\/p>\n\n\n\n<p><strong>Sectorul 5<\/strong> &#8211; 2.16% (5189)<\/p>\n\n\n\n<p><strong>Sectorul 6 <\/strong>&#8211; 2.34% (7644)<\/p>\n\n\n\n<p><\/p>\n\n\n\n<p><strong>Sectorul 1 are:<\/strong><\/p>\n\n\n\n<ul class=\"wp-block-list\">\n<li>\u00censcri\u0219i pe liste permanente 209.313<\/li>\n\n\n\n<li>Sec\u021bii de votare 166<\/li>\n<\/ul>\n\n\n\n<p><strong>Sectorul 2 are:<\/strong><\/p>\n\n\n\n<ul class=\"wp-block-list\">\n<li>\u00censcri\u0219i pe liste permanente 293.202<\/li>\n\n\n\n<li>Sec\u021bii de votare 202<\/li>\n<\/ul>\n\n\n\n<p><strong>Sectorul 3 are:<\/strong><\/p>\n\n\n\n<ul class=\"wp-block-list\">\n<li>\u00censcri\u0219i pe liste permanente 445.736<\/li>\n\n\n\n<li>Sec\u021bii de votare 294<\/li>\n<\/ul>\n\n\n\n<p><strong>Sectorul 4 are:<\/strong><\/p>\n\n\n\n<ul class=\"wp-block-list\">\n<li>\u00censcri\u0219i pe liste permanente 270.997<\/li>\n\n\n\n<li>Sec\u021bii de votare 189<\/li>\n<\/ul>\n\n\n\n<p><strong>Sectorul 5 are:<\/strong><\/p>\n\n\n\n<ul class=\"wp-block-list\">\n<li>\u00censcri\u0219i pe liste permanente 239.664<\/li>\n\n\n\n<li>Sec\u021bii de votare 198<\/li>\n<\/ul>\n\n\n\n<p><strong>Sectorul 6 are:<\/strong><\/p>\n\n\n\n<ul class=\"wp-block-list\">\n<li>\u00censcri\u0219i pe liste permanente 325.241<\/li>\n\n\n\n<li>Sec\u021bii de votare 240<\/li>\n<\/ul>\n\n\n\n<p><strong>CITE\u0218TE \u0218I:<\/strong> <strong><a href=\"https:\/\/buletin.de\/bucuresti\/bucuresti-capitala-celor-doua-alegeri\/\">Bucure\u0219ti, Capitala celor dou\u0103 alegeri \u015fi patru r\u0103spunsuri<\/a><br><\/strong><\/p>\n\n\n\n<p><\/p>\n","protected":false},"excerpt":{"rendered":"<p>Buletin de Bucure\u0219ti v\u0103 prezint\u0103, or\u0103 de or\u0103, care este prezen\u021ba la vot \u00een Bucure\u0219ti \u0219i Ilfov, alegerile preziden\u021biale \u0219i la referendum. ORA 21:00 Municipiul Bucure\u0219ti are o prezen\u021b\u0103 la vot de 52.09% la ora 21:00, or\u0103 la care urnele s-au \u00eenchis \u0219i nu se mai poate vota. \u00cen cifre absolute, \u00eenseamn\u0103 c\u0103 p\u00e2n\u0103 la [&hellip;]<\/p>\n","protected":false},"author":8,"featured_media":107670,"comment_status":"closed","ping_status":"open","sticky":false,"template":"","format":"standard","meta":{"_acf_changed":false,"inline_featured_image":false,"ngg_post_thumbnail":0,"footnotes":""},"categories":[6994,9026,5762,9025],"tags":[17072,17071,17073],"ppma_author":[22586],"class_list":["post-107662","post","type-post","status-publish","format-standard","has-post-thumbnail","hentry","category-stiri-2","category-eveniment","category-main","category-politic","tag-alegeri-prezidentiale-prezenta-bucuresti","tag-prezenta-la-vot-bucuresti-2024","tag-referendum-bucuresti-prezenta-2024"],"acf":[],"yoast_head":"<!-- This site is optimized with the Yoast SEO Premium plugin v25.3 (Yoast SEO v27.5) - https:\/\/yoast.com\/product\/yoast-seo-premium-wordpress\/ -->\n<title>Prezen\u021ba la vot \u00een Bucure\u0219ti \u0219i Ilfov, la ora 21.00. Peste 50% \u00een \u021bar\u0103, peste pragul de validare la referendum - Buletin de Bucure\u0219ti<\/title>\n<meta name=\"description\" content=\"Buletin de Bucure\u0219ti v\u0103 prezint\u0103, or\u0103 de or\u0103, care este prezen\u021ba la vot \u00een Bucure\u0219ti \u0219i Ilfov, alegerile preziden\u021biale \u0219i la referendum.\" \/>\n<meta name=\"robots\" content=\"index, follow, max-snippet:-1, max-image-preview:large, max-video-preview:-1\" \/>\n<link rel=\"canonical\" href=\"https:\/\/buletin.de\/bucuresti\/prezenta-la-vot-in-bucuresti-si-ilfov-update-ora-0900\/\" \/>\n<meta property=\"og:locale\" content=\"en_GB\" \/>\n<meta property=\"og:type\" content=\"article\" \/>\n<meta property=\"og:title\" content=\"Prezen\u021ba la vot \u00een Bucure\u0219ti \u0219i Ilfov, la ora 21.00. Peste 50% \u00een \u021bar\u0103, peste pragul de validare la referendum\" \/>\n<meta property=\"og:description\" content=\"Buletin de Bucure\u0219ti v\u0103 prezint\u0103, or\u0103 de or\u0103, care este prezen\u021ba la vot \u00een Bucure\u0219ti \u0219i Ilfov, alegerile preziden\u021biale \u0219i la referendum.\" \/>\n<meta property=\"og:url\" content=\"https:\/\/buletin.de\/bucuresti\/prezenta-la-vot-in-bucuresti-si-ilfov-update-ora-0900\/\" \/>\n<meta property=\"og:site_name\" content=\"Buletin de Bucure\u0219ti\" \/>\n<meta property=\"article:publisher\" content=\"https:\/\/www.facebook.com\/buletin.de.buc\" \/>\n<meta property=\"article:published_time\" content=\"2024-11-24T07:05:36+00:00\" \/>\n<meta property=\"article:modified_time\" content=\"2024-11-24T19:40:31+00:00\" \/>\n<meta property=\"og:image\" content=\"https:\/\/buletin.de\/bucuresti\/wp-content\/uploads\/stampila-si-buletin-de-vot-INQUAM_Photos_George_Calin.jpg\" \/>\n\t<meta property=\"og:image:width\" content=\"2000\" \/>\n\t<meta property=\"og:image:height\" content=\"1334\" \/>\n\t<meta property=\"og:image:type\" content=\"image\/jpeg\" \/>\n<meta name=\"author\" content=\"Ionu\u021b Lepa\" \/>\n<meta name=\"twitter:card\" content=\"summary_large_image\" \/>\n<meta name=\"twitter:label1\" content=\"Written by\" \/>\n\t<meta name=\"twitter:data1\" content=\"Ionu\u021b Lepa\" \/>\n\t<meta name=\"twitter:label2\" content=\"Estimated reading time\" \/>\n\t<meta name=\"twitter:data2\" content=\"11 minutes\" \/>\n<script type=\"application\/ld+json\" class=\"yoast-schema-graph\">{\"@context\":\"https:\\\/\\\/schema.org\",\"@graph\":[{\"@type\":\"Article\",\"@id\":\"https:\\\/\\\/buletin.de\\\/bucuresti\\\/prezenta-la-vot-in-bucuresti-si-ilfov-update-ora-0900\\\/#article\",\"isPartOf\":{\"@id\":\"https:\\\/\\\/buletin.de\\\/bucuresti\\\/prezenta-la-vot-in-bucuresti-si-ilfov-update-ora-0900\\\/\"},\"author\":{\"name\":\"Ionu\u021b Lepa\",\"@id\":\"https:\\\/\\\/buletin.de\\\/bucuresti\\\/#\\\/schema\\\/person\\\/5272b8a057b33890940b57b837fc4ce6\"},\"headline\":\"Prezen\u021ba la vot \u00een Bucure\u0219ti \u0219i Ilfov, la ora 21.00. Peste 50% \u00een \u021bar\u0103, peste pragul de validare la referendum\",\"datePublished\":\"2024-11-24T07:05:36+00:00\",\"dateModified\":\"2024-11-24T19:40:31+00:00\",\"mainEntityOfPage\":{\"@id\":\"https:\\\/\\\/buletin.de\\\/bucuresti\\\/prezenta-la-vot-in-bucuresti-si-ilfov-update-ora-0900\\\/\"},\"wordCount\":2008,\"publisher\":{\"@id\":\"https:\\\/\\\/buletin.de\\\/bucuresti\\\/#organization\"},\"image\":{\"@id\":\"https:\\\/\\\/buletin.de\\\/bucuresti\\\/prezenta-la-vot-in-bucuresti-si-ilfov-update-ora-0900\\\/#primaryimage\"},\"thumbnailUrl\":\"https:\\\/\\\/buletin.de\\\/bucuresti\\\/wp-content\\\/uploads\\\/stampila-si-buletin-de-vot-INQUAM_Photos_George_Calin.jpg\",\"keywords\":[\"alegeri prezidentiale prezenta bucuresti\",\"prezenta la vot bucuresti 2024\",\"referendum bucuresti prezenta 2024\"],\"articleSection\":[\"Articole\",\"Eveniment\",\"Main\",\"Politic\"],\"inLanguage\":\"en-GB\",\"copyrightYear\":\"2024\",\"copyrightHolder\":{\"@id\":\"https:\\\/\\\/buletin.de\\\/bucuresti\\\/#organization\"}},{\"@type\":\"WebPage\",\"@id\":\"https:\\\/\\\/buletin.de\\\/bucuresti\\\/prezenta-la-vot-in-bucuresti-si-ilfov-update-ora-0900\\\/\",\"url\":\"https:\\\/\\\/buletin.de\\\/bucuresti\\\/prezenta-la-vot-in-bucuresti-si-ilfov-update-ora-0900\\\/\",\"name\":\"Prezen\u021ba la vot \u00een Bucure\u0219ti \u0219i Ilfov, la ora 21.00. Peste 50% \u00een \u021bar\u0103, peste pragul de validare la referendum - Buletin de Bucure\u0219ti\",\"isPartOf\":{\"@id\":\"https:\\\/\\\/buletin.de\\\/bucuresti\\\/#website\"},\"primaryImageOfPage\":{\"@id\":\"https:\\\/\\\/buletin.de\\\/bucuresti\\\/prezenta-la-vot-in-bucuresti-si-ilfov-update-ora-0900\\\/#primaryimage\"},\"image\":{\"@id\":\"https:\\\/\\\/buletin.de\\\/bucuresti\\\/prezenta-la-vot-in-bucuresti-si-ilfov-update-ora-0900\\\/#primaryimage\"},\"thumbnailUrl\":\"https:\\\/\\\/buletin.de\\\/bucuresti\\\/wp-content\\\/uploads\\\/stampila-si-buletin-de-vot-INQUAM_Photos_George_Calin.jpg\",\"datePublished\":\"2024-11-24T07:05:36+00:00\",\"dateModified\":\"2024-11-24T19:40:31+00:00\",\"description\":\"Buletin de Bucure\u0219ti v\u0103 prezint\u0103, or\u0103 de or\u0103, care este prezen\u021ba la vot \u00een Bucure\u0219ti \u0219i Ilfov, alegerile preziden\u021biale \u0219i la referendum.\",\"breadcrumb\":{\"@id\":\"https:\\\/\\\/buletin.de\\\/bucuresti\\\/prezenta-la-vot-in-bucuresti-si-ilfov-update-ora-0900\\\/#breadcrumb\"},\"inLanguage\":\"en-GB\",\"potentialAction\":[{\"@type\":\"ReadAction\",\"target\":[\"https:\\\/\\\/buletin.de\\\/bucuresti\\\/prezenta-la-vot-in-bucuresti-si-ilfov-update-ora-0900\\\/\"]}]},{\"@type\":\"ImageObject\",\"inLanguage\":\"en-GB\",\"@id\":\"https:\\\/\\\/buletin.de\\\/bucuresti\\\/prezenta-la-vot-in-bucuresti-si-ilfov-update-ora-0900\\\/#primaryimage\",\"url\":\"https:\\\/\\\/buletin.de\\\/bucuresti\\\/wp-content\\\/uploads\\\/stampila-si-buletin-de-vot-INQUAM_Photos_George_Calin.jpg\",\"contentUrl\":\"https:\\\/\\\/buletin.de\\\/bucuresti\\\/wp-content\\\/uploads\\\/stampila-si-buletin-de-vot-INQUAM_Photos_George_Calin.jpg\",\"width\":2000,\"height\":1334,\"caption\":\"Alegeri preziden\u021biale 2025 | Fotografierea sau filmarea buletinului de vot este interzis\u0103. FOTO: INQUAM \\\/ George C\u0103lin\"},{\"@type\":\"BreadcrumbList\",\"@id\":\"https:\\\/\\\/buletin.de\\\/bucuresti\\\/prezenta-la-vot-in-bucuresti-si-ilfov-update-ora-0900\\\/#breadcrumb\",\"itemListElement\":[{\"@type\":\"ListItem\",\"position\":1,\"name\":\"Acas\u0103\",\"item\":\"https:\\\/\\\/buletin.de\\\/bucuresti\\\/\"},{\"@type\":\"ListItem\",\"position\":2,\"name\":\"Prezen\u021ba la vot \u00een Bucure\u0219ti \u0219i Ilfov, la ora 21.00. Peste 50% \u00een \u021bar\u0103, peste pragul de validare la referendum\"}]},{\"@type\":\"WebSite\",\"@id\":\"https:\\\/\\\/buletin.de\\\/bucuresti\\\/#website\",\"url\":\"https:\\\/\\\/buletin.de\\\/bucuresti\\\/\",\"name\":\"Buletin de Bucure\u0219ti\",\"description\":\"\u0218tiri \u0219i investiga\u021bii esen\u021biale din capital\u0103\",\"publisher\":{\"@id\":\"https:\\\/\\\/buletin.de\\\/bucuresti\\\/#organization\"},\"potentialAction\":[{\"@type\":\"SearchAction\",\"target\":{\"@type\":\"EntryPoint\",\"urlTemplate\":\"https:\\\/\\\/buletin.de\\\/bucuresti\\\/?s={search_term_string}\"},\"query-input\":{\"@type\":\"PropertyValueSpecification\",\"valueRequired\":true,\"valueName\":\"search_term_string\"}}],\"inLanguage\":\"en-GB\"},{\"@type\":\"Organization\",\"@id\":\"https:\\\/\\\/buletin.de\\\/bucuresti\\\/#organization\",\"name\":\"Buletin de Bucure\u0219ti\",\"url\":\"https:\\\/\\\/buletin.de\\\/bucuresti\\\/\",\"logo\":{\"@type\":\"ImageObject\",\"inLanguage\":\"en-GB\",\"@id\":\"https:\\\/\\\/buletin.de\\\/bucuresti\\\/#\\\/schema\\\/logo\\\/image\\\/\",\"url\":\"https:\\\/\\\/buletin.de\\\/bucuresti\\\/wp-content\\\/uploads\\\/logo-bdb-full-wide-vernil-transparent.png\",\"contentUrl\":\"https:\\\/\\\/buletin.de\\\/bucuresti\\\/wp-content\\\/uploads\\\/logo-bdb-full-wide-vernil-transparent.png\",\"width\":1782,\"height\":626,\"caption\":\"Buletin de Bucure\u0219ti\"},\"image\":{\"@id\":\"https:\\\/\\\/buletin.de\\\/bucuresti\\\/#\\\/schema\\\/logo\\\/image\\\/\"},\"sameAs\":[\"https:\\\/\\\/www.facebook.com\\\/buletin.de.buc\",\"https:\\\/\\\/www.instagram.com\\\/buletinde.bucuresti\\\/\"]},{\"@type\":\"Person\",\"@id\":\"https:\\\/\\\/buletin.de\\\/bucuresti\\\/#\\\/schema\\\/person\\\/5272b8a057b33890940b57b837fc4ce6\",\"name\":\"Ionu\u021b Lepa\",\"image\":{\"@type\":\"ImageObject\",\"inLanguage\":\"en-GB\",\"@id\":\"https:\\\/\\\/buletin.de\\\/bucuresti\\\/wp-content\\\/uploads\\\/Ionut-Lepa-96x96.jpg5c4e4d9e049808799a8821652d2410a4\",\"url\":\"https:\\\/\\\/buletin.de\\\/bucuresti\\\/wp-content\\\/uploads\\\/Ionut-Lepa-96x96.jpg\",\"contentUrl\":\"https:\\\/\\\/buletin.de\\\/bucuresti\\\/wp-content\\\/uploads\\\/Ionut-Lepa-96x96.jpg\",\"caption\":\"Ionu\u021b Lepa\"},\"url\":\"https:\\\/\\\/buletin.de\\\/bucuresti\\\/author\\\/ionutlepa\\\/\"}]}<\/script>\n<!-- \/ Yoast SEO Premium plugin. -->","yoast_head_json":{"title":"Prezen\u021ba la vot \u00een Bucure\u0219ti \u0219i Ilfov, la ora 21.00. Peste 50% \u00een \u021bar\u0103, peste pragul de validare la referendum - Buletin de Bucure\u0219ti","description":"Buletin de Bucure\u0219ti v\u0103 prezint\u0103, or\u0103 de or\u0103, care este prezen\u021ba la vot \u00een Bucure\u0219ti \u0219i Ilfov, alegerile preziden\u021biale \u0219i la referendum.","robots":{"index":"index","follow":"follow","max-snippet":"max-snippet:-1","max-image-preview":"max-image-preview:large","max-video-preview":"max-video-preview:-1"},"canonical":"https:\/\/buletin.de\/bucuresti\/prezenta-la-vot-in-bucuresti-si-ilfov-update-ora-0900\/","og_locale":"en_GB","og_type":"article","og_title":"Prezen\u021ba la vot \u00een Bucure\u0219ti \u0219i Ilfov, la ora 21.00. Peste 50% \u00een \u021bar\u0103, peste pragul de validare la referendum","og_description":"Buletin de Bucure\u0219ti v\u0103 prezint\u0103, or\u0103 de or\u0103, care este prezen\u021ba la vot \u00een Bucure\u0219ti \u0219i Ilfov, alegerile preziden\u021biale \u0219i la referendum.","og_url":"https:\/\/buletin.de\/bucuresti\/prezenta-la-vot-in-bucuresti-si-ilfov-update-ora-0900\/","og_site_name":"Buletin de Bucure\u0219ti","article_publisher":"https:\/\/www.facebook.com\/buletin.de.buc","article_published_time":"2024-11-24T07:05:36+00:00","article_modified_time":"2024-11-24T19:40:31+00:00","og_image":[{"width":2000,"height":1334,"url":"https:\/\/buletin.de\/bucuresti\/wp-content\/uploads\/stampila-si-buletin-de-vot-INQUAM_Photos_George_Calin.jpg","type":"image\/jpeg"}],"author":"Ionu\u021b Lepa","twitter_card":"summary_large_image","twitter_misc":{"Written by":"Ionu\u021b Lepa","Estimated reading time":"11 minutes"},"schema":{"@context":"https:\/\/schema.org","@graph":[{"@type":"Article","@id":"https:\/\/buletin.de\/bucuresti\/prezenta-la-vot-in-bucuresti-si-ilfov-update-ora-0900\/#article","isPartOf":{"@id":"https:\/\/buletin.de\/bucuresti\/prezenta-la-vot-in-bucuresti-si-ilfov-update-ora-0900\/"},"author":{"name":"Ionu\u021b Lepa","@id":"https:\/\/buletin.de\/bucuresti\/#\/schema\/person\/5272b8a057b33890940b57b837fc4ce6"},"headline":"Prezen\u021ba la vot \u00een Bucure\u0219ti \u0219i Ilfov, la ora 21.00. Peste 50% \u00een \u021bar\u0103, peste pragul de validare la referendum","datePublished":"2024-11-24T07:05:36+00:00","dateModified":"2024-11-24T19:40:31+00:00","mainEntityOfPage":{"@id":"https:\/\/buletin.de\/bucuresti\/prezenta-la-vot-in-bucuresti-si-ilfov-update-ora-0900\/"},"wordCount":2008,"publisher":{"@id":"https:\/\/buletin.de\/bucuresti\/#organization"},"image":{"@id":"https:\/\/buletin.de\/bucuresti\/prezenta-la-vot-in-bucuresti-si-ilfov-update-ora-0900\/#primaryimage"},"thumbnailUrl":"https:\/\/buletin.de\/bucuresti\/wp-content\/uploads\/stampila-si-buletin-de-vot-INQUAM_Photos_George_Calin.jpg","keywords":["alegeri prezidentiale prezenta bucuresti","prezenta la vot bucuresti 2024","referendum bucuresti prezenta 2024"],"articleSection":["Articole","Eveniment","Main","Politic"],"inLanguage":"en-GB","copyrightYear":"2024","copyrightHolder":{"@id":"https:\/\/buletin.de\/bucuresti\/#organization"}},{"@type":"WebPage","@id":"https:\/\/buletin.de\/bucuresti\/prezenta-la-vot-in-bucuresti-si-ilfov-update-ora-0900\/","url":"https:\/\/buletin.de\/bucuresti\/prezenta-la-vot-in-bucuresti-si-ilfov-update-ora-0900\/","name":"Prezen\u021ba la vot \u00een Bucure\u0219ti \u0219i Ilfov, la ora 21.00. Peste 50% \u00een \u021bar\u0103, peste pragul de validare la referendum - Buletin de Bucure\u0219ti","isPartOf":{"@id":"https:\/\/buletin.de\/bucuresti\/#website"},"primaryImageOfPage":{"@id":"https:\/\/buletin.de\/bucuresti\/prezenta-la-vot-in-bucuresti-si-ilfov-update-ora-0900\/#primaryimage"},"image":{"@id":"https:\/\/buletin.de\/bucuresti\/prezenta-la-vot-in-bucuresti-si-ilfov-update-ora-0900\/#primaryimage"},"thumbnailUrl":"https:\/\/buletin.de\/bucuresti\/wp-content\/uploads\/stampila-si-buletin-de-vot-INQUAM_Photos_George_Calin.jpg","datePublished":"2024-11-24T07:05:36+00:00","dateModified":"2024-11-24T19:40:31+00:00","description":"Buletin de Bucure\u0219ti v\u0103 prezint\u0103, or\u0103 de or\u0103, care este prezen\u021ba la vot \u00een Bucure\u0219ti \u0219i Ilfov, alegerile preziden\u021biale \u0219i la referendum.","breadcrumb":{"@id":"https:\/\/buletin.de\/bucuresti\/prezenta-la-vot-in-bucuresti-si-ilfov-update-ora-0900\/#breadcrumb"},"inLanguage":"en-GB","potentialAction":[{"@type":"ReadAction","target":["https:\/\/buletin.de\/bucuresti\/prezenta-la-vot-in-bucuresti-si-ilfov-update-ora-0900\/"]}]},{"@type":"ImageObject","inLanguage":"en-GB","@id":"https:\/\/buletin.de\/bucuresti\/prezenta-la-vot-in-bucuresti-si-ilfov-update-ora-0900\/#primaryimage","url":"https:\/\/buletin.de\/bucuresti\/wp-content\/uploads\/stampila-si-buletin-de-vot-INQUAM_Photos_George_Calin.jpg","contentUrl":"https:\/\/buletin.de\/bucuresti\/wp-content\/uploads\/stampila-si-buletin-de-vot-INQUAM_Photos_George_Calin.jpg","width":2000,"height":1334,"caption":"Alegeri preziden\u021biale 2025 | Fotografierea sau filmarea buletinului de vot este interzis\u0103. FOTO: INQUAM \/ George C\u0103lin"},{"@type":"BreadcrumbList","@id":"https:\/\/buletin.de\/bucuresti\/prezenta-la-vot-in-bucuresti-si-ilfov-update-ora-0900\/#breadcrumb","itemListElement":[{"@type":"ListItem","position":1,"name":"Acas\u0103","item":"https:\/\/buletin.de\/bucuresti\/"},{"@type":"ListItem","position":2,"name":"Prezen\u021ba la vot \u00een Bucure\u0219ti \u0219i Ilfov, la ora 21.00. Peste 50% \u00een \u021bar\u0103, peste pragul de validare la referendum"}]},{"@type":"WebSite","@id":"https:\/\/buletin.de\/bucuresti\/#website","url":"https:\/\/buletin.de\/bucuresti\/","name":"Buletin de Bucure\u0219ti","description":"\u0218tiri \u0219i investiga\u021bii esen\u021biale din capital\u0103","publisher":{"@id":"https:\/\/buletin.de\/bucuresti\/#organization"},"potentialAction":[{"@type":"SearchAction","target":{"@type":"EntryPoint","urlTemplate":"https:\/\/buletin.de\/bucuresti\/?s={search_term_string}"},"query-input":{"@type":"PropertyValueSpecification","valueRequired":true,"valueName":"search_term_string"}}],"inLanguage":"en-GB"},{"@type":"Organization","@id":"https:\/\/buletin.de\/bucuresti\/#organization","name":"Buletin de Bucure\u0219ti","url":"https:\/\/buletin.de\/bucuresti\/","logo":{"@type":"ImageObject","inLanguage":"en-GB","@id":"https:\/\/buletin.de\/bucuresti\/#\/schema\/logo\/image\/","url":"https:\/\/buletin.de\/bucuresti\/wp-content\/uploads\/logo-bdb-full-wide-vernil-transparent.png","contentUrl":"https:\/\/buletin.de\/bucuresti\/wp-content\/uploads\/logo-bdb-full-wide-vernil-transparent.png","width":1782,"height":626,"caption":"Buletin de Bucure\u0219ti"},"image":{"@id":"https:\/\/buletin.de\/bucuresti\/#\/schema\/logo\/image\/"},"sameAs":["https:\/\/www.facebook.com\/buletin.de.buc","https:\/\/www.instagram.com\/buletinde.bucuresti\/"]},{"@type":"Person","@id":"https:\/\/buletin.de\/bucuresti\/#\/schema\/person\/5272b8a057b33890940b57b837fc4ce6","name":"Ionu\u021b Lepa","image":{"@type":"ImageObject","inLanguage":"en-GB","@id":"https:\/\/buletin.de\/bucuresti\/wp-content\/uploads\/Ionut-Lepa-96x96.jpg5c4e4d9e049808799a8821652d2410a4","url":"https:\/\/buletin.de\/bucuresti\/wp-content\/uploads\/Ionut-Lepa-96x96.jpg","contentUrl":"https:\/\/buletin.de\/bucuresti\/wp-content\/uploads\/Ionut-Lepa-96x96.jpg","caption":"Ionu\u021b Lepa"},"url":"https:\/\/buletin.de\/bucuresti\/author\/ionutlepa\/"}]}},"authors":[{"term_id":22586,"user_id":8,"is_guest":0,"slug":"ionutlepa","display_name":"Ionu\u021b Lepa","avatar_url":"https:\/\/buletin.de\/bucuresti\/wp-content\/uploads\/Ionut-Lepa-96x96.jpg","0":null,"1":"","2":"","3":"","4":"","5":"","6":"","7":"","8":""}],"_links":{"self":[{"href":"https:\/\/buletin.de\/bucuresti\/wp-json\/wp\/v2\/posts\/107662","targetHints":{"allow":["GET"]}}],"collection":[{"href":"https:\/\/buletin.de\/bucuresti\/wp-json\/wp\/v2\/posts"}],"about":[{"href":"https:\/\/buletin.de\/bucuresti\/wp-json\/wp\/v2\/types\/post"}],"author":[{"embeddable":true,"href":"https:\/\/buletin.de\/bucuresti\/wp-json\/wp\/v2\/users\/8"}],"replies":[{"embeddable":true,"href":"https:\/\/buletin.de\/bucuresti\/wp-json\/wp\/v2\/comments?post=107662"}],"version-history":[{"count":18,"href":"https:\/\/buletin.de\/bucuresti\/wp-json\/wp\/v2\/posts\/107662\/revisions"}],"predecessor-version":[{"id":107891,"href":"https:\/\/buletin.de\/bucuresti\/wp-json\/wp\/v2\/posts\/107662\/revisions\/107891"}],"wp:featuredmedia":[{"embeddable":true,"href":"https:\/\/buletin.de\/bucuresti\/wp-json\/wp\/v2\/media\/107670"}],"wp:attachment":[{"href":"https:\/\/buletin.de\/bucuresti\/wp-json\/wp\/v2\/media?parent=107662"}],"wp:term":[{"taxonomy":"category","embeddable":true,"href":"https:\/\/buletin.de\/bucuresti\/wp-json\/wp\/v2\/categories?post=107662"},{"taxonomy":"post_tag","embeddable":true,"href":"https:\/\/buletin.de\/bucuresti\/wp-json\/wp\/v2\/tags?post=107662"},{"taxonomy":"author","embeddable":true,"href":"https:\/\/buletin.de\/bucuresti\/wp-json\/wp\/v2\/ppma_author?post=107662"}],"curies":[{"name":"wp","href":"https:\/\/api.w.org\/{rel}","templated":true}]}}