{"id":107636,"date":"2024-11-24T09:12:47","date_gmt":"2024-11-24T06:12:47","guid":{"rendered":"https:\/\/buletin.de\/bucuresti\/?p=107636"},"modified":"2024-11-24T12:51:08","modified_gmt":"2024-11-24T09:51:08","slug":"capitala-intre-exclusivism-si-accesibilitate-topul-cartierelor-din-bucuresti","status":"publish","type":"post","link":"https:\/\/buletin.de\/bucuresti\/capitala-intre-exclusivism-si-accesibilitate-topul-cartierelor-din-bucuresti\/","title":{"rendered":"Capitala &#8211; \u00eentre exclusivism \u0219i accesibilitate. Topul cartierelor din Bucure\u0219ti"},"content":{"rendered":"\n<p><strong>Topul cartierelor din Bucure\u0219ti. \u00centr-un ora\u0219 sufocat de trafic, claxoane \u0219i nervi la semafor, alegerea cartierului de reziden\u021b\u0103 poate p\u0103rea o misiune dificil\u0103. Indexul T.R.A.I. (Trafic, Repere, Calitatea aerului \u0219i Imobiliare), <a href=\"https:\/\/trai.storia.ro\/\">dezvoltat de o platforma imobiliar\u0103<\/a>, colecteaz\u0103 date din Google Traffic, Google Places, Airly \u0219i Storia pentru a calcula diver\u0219i indici din care rezult\u0103 nivelul de trai al locuitorilor din cartierele Capitale.<\/strong><\/p>\n\n\n\n<figure class=\"wp-block-image size-large\"><img fetchpriority=\"high\" decoding=\"async\" width=\"900\" height=\"675\" src=\"data:image\/gif;base64,R0lGODlhAQABAAAAACH5BAEKAAEALAAAAAABAAEAAAICTAEAOw==\" data-src=\"https:\/\/buletin.de\/bucuresti\/wp-content\/uploads\/Grafic-Indicele-Trai-1-900x675.png\" alt=\"Topul cartierelor din Bucure\u0219ti. Grafic cu indicele TRAI pentru o serie de cartiere din Capital\u0103 - conform datelor Storia\" class=\"wp-image-107639 lazyload\" data-sizes=\"auto\" data-srcset=\"https:\/\/buletin.de\/bucuresti\/wp-content\/uploads\/Grafic-Indicele-Trai-1-900x675.png 900w, https:\/\/buletin.de\/bucuresti\/wp-content\/uploads\/Grafic-Indicele-Trai-1-300x225.png 300w, https:\/\/buletin.de\/bucuresti\/wp-content\/uploads\/Grafic-Indicele-Trai-1-768x576.png 768w, https:\/\/buletin.de\/bucuresti\/wp-content\/uploads\/Grafic-Indicele-Trai-1-600x450.png 600w, https:\/\/buletin.de\/bucuresti\/wp-content\/uploads\/Grafic-Indicele-Trai-1-20x15.png 20w, https:\/\/buletin.de\/bucuresti\/wp-content\/uploads\/Grafic-Indicele-Trai-1.png 1024w\" sizes=\"(max-width: 900px) 100vw, 900px\" \/><figcaption class=\"wp-element-caption\">Topul cartierelor din Bucure\u0219ti. Grafic cu indicele TRAI pentru o serie de cartiere din Capital\u0103 &#8211; conform datelor Storia<\/figcaption><\/figure>\n\n\n\n<h2 class=\"wp-block-heading\" id=\"h-topul-cartierelor-din-bucure\u0219ti\">Topul cartierelor din Bucure\u0219ti<\/h2>\n\n\n\n<p>\u00cen topul cartierelor bucure\u0219tene, <strong>Prim\u0103verii<\/strong> ocup\u0103 primul loc. Specificul acestuia \u0163ine de traficul intens \u0219i costul ridicat al locuirii. Prim\u0103verii este de asemenea \u0219i cas\u0103 pentru multe repere din Capital\u0103 precum Casa Ceau\u0219escu, Liceul Teoretic Jean Monnet dar \u0219i o serie de restaurante \u0219i cafenele.&nbsp;<\/p>\n\n\n\n<p>Pentru a locui aici, doritorii trebuie s\u0103 scoat\u0103 din buzunar aproximativ 110.000 de euro pentru o garsonier\u0103 de 40 de metri p\u0103tra\u021bi. Tot aici, un apartament cu dou\u0103 camere se apropie de suma de 150.000 de euro.<\/p>\n\n\n\n<p>Aproape de pre\u021burile \u0219i nivelul de trai din Prim\u0103verii este \u015fi cartierul vecin <strong>Floreasca<\/strong>.  La fel \u015fi <strong>Cotroceni<\/strong>, unde pentru o garsonier\u0103 situat\u0103 \u00een apropierea parcului Izvor doritorii pl\u0103tesc undeva la 70.000 de euro, potrivit Storia.ro<\/p>\n\n\n\n<p>Mai accesibil dar totu\u0219i la fel de simbolic pentru Bucure\u0219ti este \u0219i cartierul Vatra Luminoas\u0103, care \u00ee\u0219i face loc printre primele 20 de cartiere din Capital\u0103. Str\u0103juit la Sud de strada Maior Coravu, Vatra Luminoas\u0103 este un cartier reper datorit\u0103 imobilelor cu \u0219taif \u0219i recomandat de unii \u015fi pentru plimb\u0103ri nocturne.&nbsp;<\/p>\n\n\n\n<p>Tot Vatra Luminoas\u0103 este \u0219i locul unde Regina Elisabeta a \u00eenfiin\u021bat mai multe facilit\u0103\u021bi pentru nev\u0103z\u0103tori. Ast\u0103zi, dup\u0103 mai multe perioade de dezvoltare, cei care \u00ee\u0219i doresc s\u0103 se mute \u00een zon\u0103 ajung s\u0103 pl\u0103teasc\u0103 pentru un apartament cu dou\u0103 camere \u00een jur de 75.000 de euro, pre\u021bul variind \u00een func\u021bie de starea acestuia. Dac\u0103 totu\u0219i \u00ee\u0219i doresc s\u0103 stea c\u00e2t mai aproape de Arena Na\u021bional\u0103, pre\u021bul cre\u0219te spre aproape 90.000 de euro.<\/p>\n\n\n\n<p>Aproape de mijlocul clasamentului este cartierului Tineretului care, situat ceva mai central, se bucur\u0103 de pre\u021buri asem\u0103n\u0103toare cu cele ale apartamentelor din Vatra Luminoas\u0103.&nbsp;<\/p>\n\n\n\n<h2 class=\"wp-block-heading\" id=\"h-cartierele-accesibile-o-gura-de-aer-pentru-cei-cu-buletin-de-bucure\u0219ti\">Cartierele accesibile &#8211; o gur\u0103 de aer pentru cei cu buletin de Bucure\u0219ti<\/h2>\n\n\n\n<p>Situat \u00een Sudul capitalei \u0219i demn de men\u021bionat este \u0219i cartierul Berceni. Printre reperele istorice ale acestei zone se num\u0103r\u0103 \u015fi celebra c\u00e2rciuma interbelic\u0103 Mandravela ce reunea trei drumuri: unul c\u0103tre \u00eenchisoare, unul spre spitalul de nebuni \u0219i iar cel de-al treilea c\u0103tre cimitir.<\/p>\n\n\n\n<p>Simbol al Berceniului este \u0219i strada Pu\u021bul cu Tei, despre care se spune c\u0103 \u0219i-a c\u00e2\u0219tigat numele de la pu\u021bul cu crucea de piatr\u0103 \u00eenfiin\u021bat pe la \u00eenceputul secolului al 19-lea dup\u0103 trecerea pandurilor lui Tudor Vladimirescu. Conform indicelui T.R.A.I., cartierul Berceni se afl\u0103 al\u0103turi de Dristor, Ghencea \u0219i Progresu \u00een r\u00e2ndul cartierelor mai accesibile.<\/p>\n\n\n\n<p>Pre\u021bul unui apartament cu dou\u0103 camere \u00een acest cartier porne\u0219te de la 30-40.000 de euro \u0219i poate dep\u0103\u0219i chiar \u0219i 100.000 de euro \u00een func\u021bie de suprafa\u021b\u0103, zon\u0103 \u0219i apropierea fa\u021b\u0103 de metrou sau cele mai importante centre comerciale.<\/p>\n\n\n\n<p>CITE\u015eTE \u015eI <a href=\"https:\/\/buletin.de\/bucuresti\/metroul-giurgiu-in-teste-pe-15-km-de-linie\/\">Metroul \u201eGiurgiu\u201d, \u00een teste pe 1,5 km de linie. Mai are de parcurs 10.000 de km \u00een probe p\u00e2n\u0103 s\u0103 ajung\u0103 pe Magistrala 5<\/a><\/p>\n\n\n\n<p>Cel mai mic scor r\u0103m\u00e2ne cel al cartierului Tei Toboc fiind astfel considerat cel mai accesibil din punct de vedere al indicelui T.R.A.I., mai arat\u0103 platforma Storia.<\/p>\n\n\n\n<h2 class=\"wp-block-heading\" id=\"h-topul-cartierelor-din-bucure\u0219ti-ce-factori-au-fost-lua\u021bi-in-calcul\">Topul cartierelor din Bucure\u0219ti. <strong>Ce factori au fost lua\u021bi \u00een calcul?<\/strong><\/h2>\n\n\n\n<p>Printre indicatorii subiectivi evalua\u021bi \u00een calculul indicelui T.R.A.I. se afl\u0103:<\/p>\n\n\n\n<ul class=\"wp-block-list\">\n<li><strong>Trafic<\/strong> &#8211; Afi\u0219eaz\u0103 date precise despre circula\u021bia rutier\u0103 \u0219i viteza de deplasare, \u00een raport cu viteza maxim\u0103 legal\u0103 admis\u0103 \u00een zon\u0103. Cu c\u00e2t scorul se apropie de 100, cu at\u00e2t traficul este mai redus \u00een cartierul ales de tine.<\/li>\n<\/ul>\n\n\n\n<ul class=\"wp-block-list\">\n<li><strong>Repere <\/strong>&#8211; Este luat \u00een calcul num\u0103rul total de magazine, supermarketuri, baruri \u0219i restaurante, gr\u0103dini\u021be, \u0219coli, parcuri, locuri de joac\u0103, facilit\u0103\u021bi medicale \u0219i mijloace de transport \u00een comun disponibile. Cu c\u00e2t scorul este mai mare zona are mai multe puncte de interes pe metru p\u0103trat.<\/li>\n<\/ul>\n\n\n\n<ul class=\"wp-block-list\">\n<li><strong>Aer <\/strong>&#8211; Monitorizeaz\u0103 constant calitatea aerului pe baza indicatorilor de poluare. Un scor mai mare arat\u0103 c\u0103 locuitorii se bucur\u0103 de un aer mai curat.<\/li>\n<\/ul>\n\n\n\n<ul class=\"wp-block-list\">\n<li><strong>Imobiliare <\/strong>&#8211; Calculeaz\u0103 costul mediu pe metru p\u0103trat al locuin\u021belor din cartier, raportat la media pre\u021burilor imobiliare la nivel na\u021bional. Cu c\u00e2t scorul se apropie de 100, cu at\u00e2t locuin\u021bele din cartier au pre\u021buri mai ridicate pentru cump\u0103rare.<\/li>\n<\/ul>\n\n\n\n<p>CITE\u015eTE \u015eI <a href=\"https:\/\/buletin.de\/bucuresti\/bucuresti-capitala-celor-doua-alegeri\/\">Bucure\u0219ti, Capitala celor dou\u0103 alegeri \u015fi patru r\u0103spunsuri<\/a><\/p>\n","protected":false},"excerpt":{"rendered":"<p>Topul cartierelor din Bucure\u0219ti. \u00centr-un ora\u0219 sufocat de trafic, claxoane \u0219i nervi la semafor, alegerea cartierului de reziden\u021b\u0103 poate p\u0103rea o misiune dificil\u0103. Indexul T.R.A.I. (Trafic, Repere, Calitatea aerului \u0219i Imobiliare), dezvoltat de o platforma imobiliar\u0103, colecteaz\u0103 date din Google Traffic, Google Places, Airly \u0219i Storia pentru a calcula diver\u0219i indici din care rezult\u0103 nivelul [&hellip;]<\/p>\n","protected":false},"author":61,"featured_media":107665,"comment_status":"closed","ping_status":"open","sticky":false,"template":"","format":"standard","meta":{"_acf_changed":false,"inline_featured_image":false,"ngg_post_thumbnail":0,"footnotes":""},"categories":[6994,1,62],"tags":[17077,17078,17076,17075],"ppma_author":[22577],"class_list":["post-107636","post","type-post","status-publish","format-standard","has-post-thumbnail","hentry","category-stiri-2","category-diverse","category-stiri","tag-cartere-accesibile","tag-cartiere-scumpe","tag-intre-exclusivism-si-accesibilitate","tag-topul-cartierelor"],"acf":[],"yoast_head":"<!-- This site is optimized with the Yoast SEO Premium plugin v25.3 (Yoast SEO v27.5) - https:\/\/yoast.com\/product\/yoast-seo-premium-wordpress\/ -->\n<title>Topul cartierelor din Bucure\u0219ti<\/title>\n<meta name=\"description\" content=\"Topul cartierelor din Bucure\u0219ti. Indexul T.R.A.I. colecteaz\u0103 date din Google Traffic, Google Places, Airly \u0219i Storia.\" \/>\n<meta name=\"robots\" content=\"index, follow, max-snippet:-1, max-image-preview:large, max-video-preview:-1\" \/>\n<link rel=\"canonical\" href=\"https:\/\/buletin.de\/bucuresti\/capitala-intre-exclusivism-si-accesibilitate-topul-cartierelor-din-bucuresti\/\" \/>\n<meta property=\"og:locale\" content=\"en_GB\" \/>\n<meta property=\"og:type\" content=\"article\" \/>\n<meta property=\"og:title\" content=\"Capitala - \u00eentre exclusivism \u0219i accesibilitate. Topul cartierelor din Bucure\u0219ti\" \/>\n<meta property=\"og:description\" content=\"Topul cartierelor din Bucure\u0219ti. Indexul T.R.A.I. colecteaz\u0103 date din Google Traffic, Google Places, Airly \u0219i Storia.\" \/>\n<meta property=\"og:url\" content=\"https:\/\/buletin.de\/bucuresti\/capitala-intre-exclusivism-si-accesibilitate-topul-cartierelor-din-bucuresti\/\" \/>\n<meta property=\"og:site_name\" content=\"Buletin de Bucure\u0219ti\" \/>\n<meta property=\"article:publisher\" content=\"https:\/\/www.facebook.com\/buletin.de.buc\" \/>\n<meta property=\"article:published_time\" content=\"2024-11-24T06:12:47+00:00\" \/>\n<meta property=\"article:modified_time\" content=\"2024-11-24T09:51:08+00:00\" \/>\n<meta property=\"og:image\" content=\"https:\/\/buletin.de\/bucuresti\/wp-content\/uploads\/i4q6zgebwao.jpg\" \/>\n\t<meta property=\"og:image:width\" content=\"1600\" \/>\n\t<meta property=\"og:image:height\" content=\"1067\" \/>\n\t<meta property=\"og:image:type\" content=\"image\/jpeg\" \/>\n<meta name=\"author\" content=\"Alexandru Stan\" \/>\n<meta name=\"twitter:card\" content=\"summary_large_image\" \/>\n<meta name=\"twitter:label1\" content=\"Written by\" \/>\n\t<meta name=\"twitter:data1\" content=\"Alexandru Stan\" \/>\n\t<meta name=\"twitter:label2\" content=\"Estimated reading time\" \/>\n\t<meta name=\"twitter:data2\" content=\"4 minutes\" \/>\n<script type=\"application\/ld+json\" class=\"yoast-schema-graph\">{\"@context\":\"https:\\\/\\\/schema.org\",\"@graph\":[{\"@type\":\"Article\",\"@id\":\"https:\\\/\\\/buletin.de\\\/bucuresti\\\/capitala-intre-exclusivism-si-accesibilitate-topul-cartierelor-din-bucuresti\\\/#article\",\"isPartOf\":{\"@id\":\"https:\\\/\\\/buletin.de\\\/bucuresti\\\/capitala-intre-exclusivism-si-accesibilitate-topul-cartierelor-din-bucuresti\\\/\"},\"author\":{\"name\":\"Alexandru Stan\",\"@id\":\"https:\\\/\\\/buletin.de\\\/bucuresti\\\/#\\\/schema\\\/person\\\/104a46bbe8be6e336fecf63974383951\"},\"headline\":\"Capitala &#8211; \u00eentre exclusivism \u0219i accesibilitate. Topul cartierelor din Bucure\u0219ti\",\"datePublished\":\"2024-11-24T06:12:47+00:00\",\"dateModified\":\"2024-11-24T09:51:08+00:00\",\"mainEntityOfPage\":{\"@id\":\"https:\\\/\\\/buletin.de\\\/bucuresti\\\/capitala-intre-exclusivism-si-accesibilitate-topul-cartierelor-din-bucuresti\\\/\"},\"wordCount\":826,\"publisher\":{\"@id\":\"https:\\\/\\\/buletin.de\\\/bucuresti\\\/#organization\"},\"image\":{\"@id\":\"https:\\\/\\\/buletin.de\\\/bucuresti\\\/capitala-intre-exclusivism-si-accesibilitate-topul-cartierelor-din-bucuresti\\\/#primaryimage\"},\"thumbnailUrl\":\"https:\\\/\\\/buletin.de\\\/bucuresti\\\/wp-content\\\/uploads\\\/i4q6zgebwao.jpg\",\"keywords\":[\"cartere accesibile\",\"cartiere scumpe\",\"intre exclusivism si accesibilitate\",\"topul cartierelor\"],\"articleSection\":[\"Articole\",\"Diverse\",\"\u0218tiri\"],\"inLanguage\":\"en-GB\",\"copyrightYear\":\"2024\",\"copyrightHolder\":{\"@id\":\"https:\\\/\\\/buletin.de\\\/bucuresti\\\/#organization\"}},{\"@type\":\"WebPage\",\"@id\":\"https:\\\/\\\/buletin.de\\\/bucuresti\\\/capitala-intre-exclusivism-si-accesibilitate-topul-cartierelor-din-bucuresti\\\/\",\"url\":\"https:\\\/\\\/buletin.de\\\/bucuresti\\\/capitala-intre-exclusivism-si-accesibilitate-topul-cartierelor-din-bucuresti\\\/\",\"name\":\"Topul cartierelor din Bucure\u0219ti\",\"isPartOf\":{\"@id\":\"https:\\\/\\\/buletin.de\\\/bucuresti\\\/#website\"},\"primaryImageOfPage\":{\"@id\":\"https:\\\/\\\/buletin.de\\\/bucuresti\\\/capitala-intre-exclusivism-si-accesibilitate-topul-cartierelor-din-bucuresti\\\/#primaryimage\"},\"image\":{\"@id\":\"https:\\\/\\\/buletin.de\\\/bucuresti\\\/capitala-intre-exclusivism-si-accesibilitate-topul-cartierelor-din-bucuresti\\\/#primaryimage\"},\"thumbnailUrl\":\"https:\\\/\\\/buletin.de\\\/bucuresti\\\/wp-content\\\/uploads\\\/i4q6zgebwao.jpg\",\"datePublished\":\"2024-11-24T06:12:47+00:00\",\"dateModified\":\"2024-11-24T09:51:08+00:00\",\"description\":\"Topul cartierelor din Bucure\u0219ti. Indexul T.R.A.I. colecteaz\u0103 date din Google Traffic, Google Places, Airly \u0219i Storia.\",\"breadcrumb\":{\"@id\":\"https:\\\/\\\/buletin.de\\\/bucuresti\\\/capitala-intre-exclusivism-si-accesibilitate-topul-cartierelor-din-bucuresti\\\/#breadcrumb\"},\"inLanguage\":\"en-GB\",\"potentialAction\":[{\"@type\":\"ReadAction\",\"target\":[\"https:\\\/\\\/buletin.de\\\/bucuresti\\\/capitala-intre-exclusivism-si-accesibilitate-topul-cartierelor-din-bucuresti\\\/\"]}]},{\"@type\":\"ImageObject\",\"inLanguage\":\"en-GB\",\"@id\":\"https:\\\/\\\/buletin.de\\\/bucuresti\\\/capitala-intre-exclusivism-si-accesibilitate-topul-cartierelor-din-bucuresti\\\/#primaryimage\",\"url\":\"https:\\\/\\\/buletin.de\\\/bucuresti\\\/wp-content\\\/uploads\\\/i4q6zgebwao.jpg\",\"contentUrl\":\"https:\\\/\\\/buletin.de\\\/bucuresti\\\/wp-content\\\/uploads\\\/i4q6zgebwao.jpg\",\"width\":1600,\"height\":1067,\"caption\":\"Capitala \u2013 \u00eentre exclusivism \u0219i accesibilitate. FOTO: Sebastian Herrmann\"},{\"@type\":\"BreadcrumbList\",\"@id\":\"https:\\\/\\\/buletin.de\\\/bucuresti\\\/capitala-intre-exclusivism-si-accesibilitate-topul-cartierelor-din-bucuresti\\\/#breadcrumb\",\"itemListElement\":[{\"@type\":\"ListItem\",\"position\":1,\"name\":\"Acas\u0103\",\"item\":\"https:\\\/\\\/buletin.de\\\/bucuresti\\\/\"},{\"@type\":\"ListItem\",\"position\":2,\"name\":\"Capitala &#8211; \u00eentre exclusivism \u0219i accesibilitate. Topul cartierelor din Bucure\u0219ti\"}]},{\"@type\":\"WebSite\",\"@id\":\"https:\\\/\\\/buletin.de\\\/bucuresti\\\/#website\",\"url\":\"https:\\\/\\\/buletin.de\\\/bucuresti\\\/\",\"name\":\"Buletin de Bucure\u0219ti\",\"description\":\"\u0218tiri \u0219i investiga\u021bii esen\u021biale din capital\u0103\",\"publisher\":{\"@id\":\"https:\\\/\\\/buletin.de\\\/bucuresti\\\/#organization\"},\"potentialAction\":[{\"@type\":\"SearchAction\",\"target\":{\"@type\":\"EntryPoint\",\"urlTemplate\":\"https:\\\/\\\/buletin.de\\\/bucuresti\\\/?s={search_term_string}\"},\"query-input\":{\"@type\":\"PropertyValueSpecification\",\"valueRequired\":true,\"valueName\":\"search_term_string\"}}],\"inLanguage\":\"en-GB\"},{\"@type\":\"Organization\",\"@id\":\"https:\\\/\\\/buletin.de\\\/bucuresti\\\/#organization\",\"name\":\"Buletin de Bucure\u0219ti\",\"url\":\"https:\\\/\\\/buletin.de\\\/bucuresti\\\/\",\"logo\":{\"@type\":\"ImageObject\",\"inLanguage\":\"en-GB\",\"@id\":\"https:\\\/\\\/buletin.de\\\/bucuresti\\\/#\\\/schema\\\/logo\\\/image\\\/\",\"url\":\"https:\\\/\\\/buletin.de\\\/bucuresti\\\/wp-content\\\/uploads\\\/logo-bdb-full-wide-vernil-transparent.png\",\"contentUrl\":\"https:\\\/\\\/buletin.de\\\/bucuresti\\\/wp-content\\\/uploads\\\/logo-bdb-full-wide-vernil-transparent.png\",\"width\":1782,\"height\":626,\"caption\":\"Buletin de Bucure\u0219ti\"},\"image\":{\"@id\":\"https:\\\/\\\/buletin.de\\\/bucuresti\\\/#\\\/schema\\\/logo\\\/image\\\/\"},\"sameAs\":[\"https:\\\/\\\/www.facebook.com\\\/buletin.de.buc\",\"https:\\\/\\\/www.instagram.com\\\/buletinde.bucuresti\\\/\"]},{\"@type\":\"Person\",\"@id\":\"https:\\\/\\\/buletin.de\\\/bucuresti\\\/#\\\/schema\\\/person\\\/104a46bbe8be6e336fecf63974383951\",\"name\":\"Alexandru Stan\",\"image\":{\"@type\":\"ImageObject\",\"inLanguage\":\"en-GB\",\"@id\":\"https:\\\/\\\/buletin.de\\\/bucuresti\\\/wp-content\\\/uploads\\\/2025\\\/12\\\/IMG-20251216-WA0045-e1766134343668-96x96.jpgd0ca12809ae3e1d27116a2afe8926544\",\"url\":\"https:\\\/\\\/buletin.de\\\/bucuresti\\\/wp-content\\\/uploads\\\/2025\\\/12\\\/IMG-20251216-WA0045-e1766134343668-96x96.jpg\",\"contentUrl\":\"https:\\\/\\\/buletin.de\\\/bucuresti\\\/wp-content\\\/uploads\\\/2025\\\/12\\\/IMG-20251216-WA0045-e1766134343668-96x96.jpg\",\"caption\":\"Alexandru Stan\"},\"description\":\"Sunt elev la un colegiu de prestigiu din Capital\u0103 \u0219i reporter la Buletin de Bucure\u0219ti. M-am n\u0103scut \u0219i am crescut cu m\u00e2ndrie \u00een Capital\u0103, ora\u0219 al pove\u0219tilor, al tramvaiului tras de cai \u0219i al c\u0103su\u021belor cu porti\u021b\u0103 \u0219i ci\u0219mea. Prin articolele mele, m\u0103 str\u0103duiesc s\u0103 descriu cu acurate\u021be via\u021ba din Bucure\u0219ti pe ecranele cititorilor no\u0219tri \u0219i \u00eencerc totodat\u0103 s\u0103 fac accesibile subiecte de interes general tuturor, de la mic la mare.\",\"url\":\"https:\\\/\\\/buletin.de\\\/bucuresti\\\/author\\\/alexandru-stan\\\/\"}]}<\/script>\n<!-- \/ Yoast SEO Premium plugin. -->","yoast_head_json":{"title":"Topul cartierelor din Bucure\u0219ti","description":"Topul cartierelor din Bucure\u0219ti. Indexul T.R.A.I. colecteaz\u0103 date din Google Traffic, Google Places, Airly \u0219i Storia.","robots":{"index":"index","follow":"follow","max-snippet":"max-snippet:-1","max-image-preview":"max-image-preview:large","max-video-preview":"max-video-preview:-1"},"canonical":"https:\/\/buletin.de\/bucuresti\/capitala-intre-exclusivism-si-accesibilitate-topul-cartierelor-din-bucuresti\/","og_locale":"en_GB","og_type":"article","og_title":"Capitala - \u00eentre exclusivism \u0219i accesibilitate. Topul cartierelor din Bucure\u0219ti","og_description":"Topul cartierelor din Bucure\u0219ti. Indexul T.R.A.I. colecteaz\u0103 date din Google Traffic, Google Places, Airly \u0219i Storia.","og_url":"https:\/\/buletin.de\/bucuresti\/capitala-intre-exclusivism-si-accesibilitate-topul-cartierelor-din-bucuresti\/","og_site_name":"Buletin de Bucure\u0219ti","article_publisher":"https:\/\/www.facebook.com\/buletin.de.buc","article_published_time":"2024-11-24T06:12:47+00:00","article_modified_time":"2024-11-24T09:51:08+00:00","og_image":[{"width":1600,"height":1067,"url":"https:\/\/buletin.de\/bucuresti\/wp-content\/uploads\/i4q6zgebwao.jpg","type":"image\/jpeg"}],"author":"Alexandru Stan","twitter_card":"summary_large_image","twitter_misc":{"Written by":"Alexandru Stan","Estimated reading time":"4 minutes"},"schema":{"@context":"https:\/\/schema.org","@graph":[{"@type":"Article","@id":"https:\/\/buletin.de\/bucuresti\/capitala-intre-exclusivism-si-accesibilitate-topul-cartierelor-din-bucuresti\/#article","isPartOf":{"@id":"https:\/\/buletin.de\/bucuresti\/capitala-intre-exclusivism-si-accesibilitate-topul-cartierelor-din-bucuresti\/"},"author":{"name":"Alexandru Stan","@id":"https:\/\/buletin.de\/bucuresti\/#\/schema\/person\/104a46bbe8be6e336fecf63974383951"},"headline":"Capitala &#8211; \u00eentre exclusivism \u0219i accesibilitate. Topul cartierelor din Bucure\u0219ti","datePublished":"2024-11-24T06:12:47+00:00","dateModified":"2024-11-24T09:51:08+00:00","mainEntityOfPage":{"@id":"https:\/\/buletin.de\/bucuresti\/capitala-intre-exclusivism-si-accesibilitate-topul-cartierelor-din-bucuresti\/"},"wordCount":826,"publisher":{"@id":"https:\/\/buletin.de\/bucuresti\/#organization"},"image":{"@id":"https:\/\/buletin.de\/bucuresti\/capitala-intre-exclusivism-si-accesibilitate-topul-cartierelor-din-bucuresti\/#primaryimage"},"thumbnailUrl":"https:\/\/buletin.de\/bucuresti\/wp-content\/uploads\/i4q6zgebwao.jpg","keywords":["cartere accesibile","cartiere scumpe","intre exclusivism si accesibilitate","topul cartierelor"],"articleSection":["Articole","Diverse","\u0218tiri"],"inLanguage":"en-GB","copyrightYear":"2024","copyrightHolder":{"@id":"https:\/\/buletin.de\/bucuresti\/#organization"}},{"@type":"WebPage","@id":"https:\/\/buletin.de\/bucuresti\/capitala-intre-exclusivism-si-accesibilitate-topul-cartierelor-din-bucuresti\/","url":"https:\/\/buletin.de\/bucuresti\/capitala-intre-exclusivism-si-accesibilitate-topul-cartierelor-din-bucuresti\/","name":"Topul cartierelor din Bucure\u0219ti","isPartOf":{"@id":"https:\/\/buletin.de\/bucuresti\/#website"},"primaryImageOfPage":{"@id":"https:\/\/buletin.de\/bucuresti\/capitala-intre-exclusivism-si-accesibilitate-topul-cartierelor-din-bucuresti\/#primaryimage"},"image":{"@id":"https:\/\/buletin.de\/bucuresti\/capitala-intre-exclusivism-si-accesibilitate-topul-cartierelor-din-bucuresti\/#primaryimage"},"thumbnailUrl":"https:\/\/buletin.de\/bucuresti\/wp-content\/uploads\/i4q6zgebwao.jpg","datePublished":"2024-11-24T06:12:47+00:00","dateModified":"2024-11-24T09:51:08+00:00","description":"Topul cartierelor din Bucure\u0219ti. Indexul T.R.A.I. colecteaz\u0103 date din Google Traffic, Google Places, Airly \u0219i Storia.","breadcrumb":{"@id":"https:\/\/buletin.de\/bucuresti\/capitala-intre-exclusivism-si-accesibilitate-topul-cartierelor-din-bucuresti\/#breadcrumb"},"inLanguage":"en-GB","potentialAction":[{"@type":"ReadAction","target":["https:\/\/buletin.de\/bucuresti\/capitala-intre-exclusivism-si-accesibilitate-topul-cartierelor-din-bucuresti\/"]}]},{"@type":"ImageObject","inLanguage":"en-GB","@id":"https:\/\/buletin.de\/bucuresti\/capitala-intre-exclusivism-si-accesibilitate-topul-cartierelor-din-bucuresti\/#primaryimage","url":"https:\/\/buletin.de\/bucuresti\/wp-content\/uploads\/i4q6zgebwao.jpg","contentUrl":"https:\/\/buletin.de\/bucuresti\/wp-content\/uploads\/i4q6zgebwao.jpg","width":1600,"height":1067,"caption":"Capitala \u2013 \u00eentre exclusivism \u0219i accesibilitate. FOTO: Sebastian Herrmann"},{"@type":"BreadcrumbList","@id":"https:\/\/buletin.de\/bucuresti\/capitala-intre-exclusivism-si-accesibilitate-topul-cartierelor-din-bucuresti\/#breadcrumb","itemListElement":[{"@type":"ListItem","position":1,"name":"Acas\u0103","item":"https:\/\/buletin.de\/bucuresti\/"},{"@type":"ListItem","position":2,"name":"Capitala &#8211; \u00eentre exclusivism \u0219i accesibilitate. Topul cartierelor din Bucure\u0219ti"}]},{"@type":"WebSite","@id":"https:\/\/buletin.de\/bucuresti\/#website","url":"https:\/\/buletin.de\/bucuresti\/","name":"Buletin de Bucure\u0219ti","description":"\u0218tiri \u0219i investiga\u021bii esen\u021biale din capital\u0103","publisher":{"@id":"https:\/\/buletin.de\/bucuresti\/#organization"},"potentialAction":[{"@type":"SearchAction","target":{"@type":"EntryPoint","urlTemplate":"https:\/\/buletin.de\/bucuresti\/?s={search_term_string}"},"query-input":{"@type":"PropertyValueSpecification","valueRequired":true,"valueName":"search_term_string"}}],"inLanguage":"en-GB"},{"@type":"Organization","@id":"https:\/\/buletin.de\/bucuresti\/#organization","name":"Buletin de Bucure\u0219ti","url":"https:\/\/buletin.de\/bucuresti\/","logo":{"@type":"ImageObject","inLanguage":"en-GB","@id":"https:\/\/buletin.de\/bucuresti\/#\/schema\/logo\/image\/","url":"https:\/\/buletin.de\/bucuresti\/wp-content\/uploads\/logo-bdb-full-wide-vernil-transparent.png","contentUrl":"https:\/\/buletin.de\/bucuresti\/wp-content\/uploads\/logo-bdb-full-wide-vernil-transparent.png","width":1782,"height":626,"caption":"Buletin de Bucure\u0219ti"},"image":{"@id":"https:\/\/buletin.de\/bucuresti\/#\/schema\/logo\/image\/"},"sameAs":["https:\/\/www.facebook.com\/buletin.de.buc","https:\/\/www.instagram.com\/buletinde.bucuresti\/"]},{"@type":"Person","@id":"https:\/\/buletin.de\/bucuresti\/#\/schema\/person\/104a46bbe8be6e336fecf63974383951","name":"Alexandru Stan","image":{"@type":"ImageObject","inLanguage":"en-GB","@id":"https:\/\/buletin.de\/bucuresti\/wp-content\/uploads\/2025\/12\/IMG-20251216-WA0045-e1766134343668-96x96.jpgd0ca12809ae3e1d27116a2afe8926544","url":"https:\/\/buletin.de\/bucuresti\/wp-content\/uploads\/2025\/12\/IMG-20251216-WA0045-e1766134343668-96x96.jpg","contentUrl":"https:\/\/buletin.de\/bucuresti\/wp-content\/uploads\/2025\/12\/IMG-20251216-WA0045-e1766134343668-96x96.jpg","caption":"Alexandru Stan"},"description":"Sunt elev la un colegiu de prestigiu din Capital\u0103 \u0219i reporter la Buletin de Bucure\u0219ti. M-am n\u0103scut \u0219i am crescut cu m\u00e2ndrie \u00een Capital\u0103, ora\u0219 al pove\u0219tilor, al tramvaiului tras de cai \u0219i al c\u0103su\u021belor cu porti\u021b\u0103 \u0219i ci\u0219mea. Prin articolele mele, m\u0103 str\u0103duiesc s\u0103 descriu cu acurate\u021be via\u021ba din Bucure\u0219ti pe ecranele cititorilor no\u0219tri \u0219i \u00eencerc totodat\u0103 s\u0103 fac accesibile subiecte de interes general tuturor, de la mic la mare.","url":"https:\/\/buletin.de\/bucuresti\/author\/alexandru-stan\/"}]}},"authors":[{"term_id":22577,"user_id":61,"is_guest":0,"slug":"alexandru-stan","display_name":"Alexandru Stan","avatar_url":"https:\/\/buletin.de\/bucuresti\/wp-content\/uploads\/2025\/12\/IMG-20251216-WA0045-e1766134343668-96x96.jpg","0":null,"1":"","2":"","3":"","4":"","5":"","6":"","7":"","8":""}],"_links":{"self":[{"href":"https:\/\/buletin.de\/bucuresti\/wp-json\/wp\/v2\/posts\/107636","targetHints":{"allow":["GET"]}}],"collection":[{"href":"https:\/\/buletin.de\/bucuresti\/wp-json\/wp\/v2\/posts"}],"about":[{"href":"https:\/\/buletin.de\/bucuresti\/wp-json\/wp\/v2\/types\/post"}],"author":[{"embeddable":true,"href":"https:\/\/buletin.de\/bucuresti\/wp-json\/wp\/v2\/users\/61"}],"replies":[{"embeddable":true,"href":"https:\/\/buletin.de\/bucuresti\/wp-json\/wp\/v2\/comments?post=107636"}],"version-history":[{"count":5,"href":"https:\/\/buletin.de\/bucuresti\/wp-json\/wp\/v2\/posts\/107636\/revisions"}],"predecessor-version":[{"id":107691,"href":"https:\/\/buletin.de\/bucuresti\/wp-json\/wp\/v2\/posts\/107636\/revisions\/107691"}],"wp:featuredmedia":[{"embeddable":true,"href":"https:\/\/buletin.de\/bucuresti\/wp-json\/wp\/v2\/media\/107665"}],"wp:attachment":[{"href":"https:\/\/buletin.de\/bucuresti\/wp-json\/wp\/v2\/media?parent=107636"}],"wp:term":[{"taxonomy":"category","embeddable":true,"href":"https:\/\/buletin.de\/bucuresti\/wp-json\/wp\/v2\/categories?post=107636"},{"taxonomy":"post_tag","embeddable":true,"href":"https:\/\/buletin.de\/bucuresti\/wp-json\/wp\/v2\/tags?post=107636"},{"taxonomy":"author","embeddable":true,"href":"https:\/\/buletin.de\/bucuresti\/wp-json\/wp\/v2\/ppma_author?post=107636"}],"curies":[{"name":"wp","href":"https:\/\/api.w.org\/{rel}","templated":true}]}}