{"id":107624,"date":"2024-11-24T11:24:20","date_gmt":"2024-11-24T08:24:20","guid":{"rendered":"https:\/\/buletin.de\/bucuresti\/?p=107624"},"modified":"2024-11-24T12:30:10","modified_gmt":"2024-11-24T09:30:10","slug":"vreme-rece","status":"publish","type":"post","link":"https:\/\/buletin.de\/bucuresti\/vreme-rece\/","title":{"rendered":"METEO | Vreme rece s\u0103pt\u0103m\u00e2na viitoare, \u00een Capital\u0103. Totu\u0219i, nu plou\u0103, iar v\u00e2ntul scade \u00een intensitate"},"content":{"rendered":"\n<p><strong><a href=\"https:\/\/www.meteoromania.ro\/\">Administra\u021bia Na\u021bional\u0103 de Meteorologie<\/a> anun\u021b\u0103 vreme rece s\u0103pt\u0103m\u00e2na viitoare, \u00een Capital\u0103. Temperaturile r\u0103m\u00e2n sc\u0103zute, dar nu sunt anun\u021bate precipita\u021bii.<\/strong><\/p>\n\n\n\n<p><strong>Luni, 25 noiembrie, <\/strong>cerul va fi variabil, pe tot parcursul zilei, \u00eens\u0103 nu sunt \u0219anse de precipita\u021bii. Temperatura maxim\u0103 se va situa \u00een jurul valorii de 8 grade, iar cea minim\u0103 nu trece de 0 grade. V\u00e2ntul sufl\u0103 cu 7 km\/h.<\/p>\n\n\n\n<p><strong>Mar\u021bi, 26 noiembrie, <\/strong>vreme rece \u0219i cer par\u021bial noros, \u00een Capital\u0103. Minima termic\u0103 mai scade \u0219i r\u0103m\u00e2ne la -1 grad. \u0218i maxima termic\u0103 r\u0103m\u00e2ne la 8 grade, iar v\u00e2ntul bate cu 6 km\/h.<\/p>\n\n\n\n<h2 class=\"wp-block-heading\" id=\"h-vreme-rece-saptamana-viitoare-in-capitala\">Vreme rece s\u0103pt\u0103m\u00e2na viitoare, \u00een Capital\u0103<\/h2>\n\n\n\n<p><strong>Miercuri, 27 noiembrie,<\/strong> \u0219i nori \u0219i soare, la Bucure\u0219ti. La pr\u00e2nz, termometrele vor ar\u0103ta 10 grade, ceva mai mult dec\u00e2t \u00een ziua precedent\u0103. \u0218i temperatura minim\u0103 mai cre\u0219te pu\u021bin. V\u00e2ntul bate slab, cu 6 km\/h.<\/p>\n\n\n\n<p><strong>Joi, 28 noiembrie, <\/strong>sunt nori, pe tot parcursul zilei \u0219i cresc \u0219i \u0219ansele de precipita\u021bii slabe. La 9 grade se va situa maxima termic\u0103 \u0219i la 3 grade, minima. V\u00e2ntul nu are intensific\u0103ri \u0219i bate cu 6 km\/h.<\/p>\n\n\n\n<p>Vreme rece \u0219i la final de s\u0103pt\u0103m\u00e2n\u0103, cu temperaturi cuprinse \u00eentre 3 \u0219i cel mult 7 grade. \u0218i temperaturile minime sunt sc\u0103zute, 0&#8230; 2 grade. S\u00e2mb\u0103t\u0103 \u0219i duminic\u0103 este vreme rece, \u00eens\u0103 apare soarele \u0219i nu sunt anun\u021bate precipita\u021bii.<br><\/p>\n\n\n\n<p><strong>CITE\u0218TE \u0218I:<\/strong> <a href=\"https:\/\/buletin.de\/bucuresti\/sector-4-taxa-noua-pentru-cei-care-au-masina-dar-nu-au-parcare-proiectul-in-dezbatere-publica-inca-o-saptamana\/\"><strong>Sector 4 | Tax\u0103 nou\u0103 pentru cei care au ma\u015fin\u0103, dar nu au parcare. Proiectul, \u00een dezbatere public\u0103 \u00eenc\u0103 o s\u0103pt\u0103m\u00e2n\u0103<\/strong><\/a><\/p>\n","protected":false},"excerpt":{"rendered":"<p>Administra\u021bia Na\u021bional\u0103 de Meteorologie anun\u021b\u0103 vreme rece s\u0103pt\u0103m\u00e2na viitoare, \u00een Capital\u0103. Temperaturile r\u0103m\u00e2n sc\u0103zute, dar nu sunt anun\u021bate precipita\u021bii. Luni, 25 noiembrie, cerul va fi variabil, pe tot parcursul zilei, \u00eens\u0103 nu sunt \u0219anse de precipita\u021bii. Temperatura maxim\u0103 se va situa \u00een jurul valorii de 8 grade, iar cea minim\u0103 nu trece de 0 grade. [&hellip;]<\/p>\n","protected":false},"author":49,"featured_media":107625,"comment_status":"closed","ping_status":"open","sticky":false,"template":"","format":"standard","meta":{"_acf_changed":false,"inline_featured_image":false,"ngg_post_thumbnail":0,"footnotes":""},"categories":[6994,1,62],"tags":[4314,5928,10452],"ppma_author":[22574],"class_list":["post-107624","post","type-post","status-publish","format-standard","has-post-thumbnail","hentry","category-stiri-2","category-diverse","category-stiri","tag-anm","tag-anm-prognoza-meteo","tag-temperaturi-bucuresti"],"acf":[],"yoast_head":"<!-- This site is optimized with the Yoast SEO Premium plugin v25.3 (Yoast SEO v27.5) - https:\/\/yoast.com\/product\/yoast-seo-premium-wordpress\/ -->\n<title>METEO | Vreme rece s\u0103pt\u0103m\u00e2na viitoare, \u00een Capital\u0103. Totu\u0219i, nu plou\u0103, iar v\u00e2ntul scade \u00een intensitate - Buletin de Bucure\u0219ti<\/title>\n<meta name=\"description\" content=\"ANM anun\u021b\u0103 vreme rece s\u0103pt\u0103m\u00e2na viitoare, \u00een Capital\u0103. Temperaturile r\u0103m\u00e2n sc\u0103zute dar nu sunt anun\u021bate precipita\u021bii.\" \/>\n<meta name=\"robots\" content=\"index, follow, max-snippet:-1, max-image-preview:large, max-video-preview:-1\" \/>\n<link rel=\"canonical\" href=\"https:\/\/buletin.de\/bucuresti\/vreme-rece\/\" \/>\n<meta property=\"og:locale\" content=\"en_GB\" \/>\n<meta property=\"og:type\" content=\"article\" \/>\n<meta property=\"og:title\" content=\"METEO | Vreme rece s\u0103pt\u0103m\u00e2na viitoare, \u00een Capital\u0103. Totu\u0219i, nu plou\u0103, iar v\u00e2ntul scade \u00een intensitate\" \/>\n<meta property=\"og:description\" content=\"ANM anun\u021b\u0103 vreme rece s\u0103pt\u0103m\u00e2na viitoare, \u00een Capital\u0103. Temperaturile r\u0103m\u00e2n sc\u0103zute dar nu sunt anun\u021bate precipita\u021bii.\" \/>\n<meta property=\"og:url\" content=\"https:\/\/buletin.de\/bucuresti\/vreme-rece\/\" \/>\n<meta property=\"og:site_name\" content=\"Buletin de Bucure\u0219ti\" \/>\n<meta property=\"article:publisher\" content=\"https:\/\/www.facebook.com\/buletin.de.buc\" \/>\n<meta property=\"article:published_time\" content=\"2024-11-24T08:24:20+00:00\" \/>\n<meta property=\"article:modified_time\" content=\"2024-11-24T09:30:10+00:00\" \/>\n<meta property=\"og:image\" content=\"https:\/\/buletin.de\/bucuresti\/wp-content\/uploads\/https___www.gandul.ro_wp-content_uploads_2024_04_1-1.webp\" \/>\n\t<meta property=\"og:image:width\" content=\"820\" \/>\n\t<meta property=\"og:image:height\" content=\"460\" \/>\n\t<meta property=\"og:image:type\" content=\"image\/webp\" \/>\n<meta name=\"author\" content=\"Diana Matei\" \/>\n<meta name=\"twitter:card\" content=\"summary_large_image\" \/>\n<meta name=\"twitter:label1\" content=\"Written by\" \/>\n\t<meta name=\"twitter:data1\" content=\"Diana Matei\" \/>\n\t<meta name=\"twitter:label2\" content=\"Estimated reading time\" \/>\n\t<meta name=\"twitter:data2\" content=\"2 minutes\" \/>\n<script type=\"application\/ld+json\" class=\"yoast-schema-graph\">{\"@context\":\"https:\\\/\\\/schema.org\",\"@graph\":[{\"@type\":\"Article\",\"@id\":\"https:\\\/\\\/buletin.de\\\/bucuresti\\\/vreme-rece\\\/#article\",\"isPartOf\":{\"@id\":\"https:\\\/\\\/buletin.de\\\/bucuresti\\\/vreme-rece\\\/\"},\"author\":{\"name\":\"Diana Matei\",\"@id\":\"https:\\\/\\\/buletin.de\\\/bucuresti\\\/#\\\/schema\\\/person\\\/7e46040573290777280a0835d81ea4ea\"},\"headline\":\"METEO | Vreme rece s\u0103pt\u0103m\u00e2na viitoare, \u00een Capital\u0103. Totu\u0219i, nu plou\u0103, iar v\u00e2ntul scade \u00een intensitate\",\"datePublished\":\"2024-11-24T08:24:20+00:00\",\"dateModified\":\"2024-11-24T09:30:10+00:00\",\"mainEntityOfPage\":{\"@id\":\"https:\\\/\\\/buletin.de\\\/bucuresti\\\/vreme-rece\\\/\"},\"wordCount\":283,\"publisher\":{\"@id\":\"https:\\\/\\\/buletin.de\\\/bucuresti\\\/#organization\"},\"image\":{\"@id\":\"https:\\\/\\\/buletin.de\\\/bucuresti\\\/vreme-rece\\\/#primaryimage\"},\"thumbnailUrl\":\"https:\\\/\\\/buletin.de\\\/bucuresti\\\/wp-content\\\/uploads\\\/https___www.gandul.ro_wp-content_uploads_2024_04_1-1.webp\",\"keywords\":[\"anm\",\"anm prognoza meteo\",\"temperaturi Bucuresti\"],\"articleSection\":[\"Articole\",\"Diverse\",\"\u0218tiri\"],\"inLanguage\":\"en-GB\",\"copyrightYear\":\"2024\",\"copyrightHolder\":{\"@id\":\"https:\\\/\\\/buletin.de\\\/bucuresti\\\/#organization\"}},{\"@type\":\"WebPage\",\"@id\":\"https:\\\/\\\/buletin.de\\\/bucuresti\\\/vreme-rece\\\/\",\"url\":\"https:\\\/\\\/buletin.de\\\/bucuresti\\\/vreme-rece\\\/\",\"name\":\"METEO | Vreme rece s\u0103pt\u0103m\u00e2na viitoare, \u00een Capital\u0103. Totu\u0219i, nu plou\u0103, iar v\u00e2ntul scade \u00een intensitate - Buletin de Bucure\u0219ti\",\"isPartOf\":{\"@id\":\"https:\\\/\\\/buletin.de\\\/bucuresti\\\/#website\"},\"primaryImageOfPage\":{\"@id\":\"https:\\\/\\\/buletin.de\\\/bucuresti\\\/vreme-rece\\\/#primaryimage\"},\"image\":{\"@id\":\"https:\\\/\\\/buletin.de\\\/bucuresti\\\/vreme-rece\\\/#primaryimage\"},\"thumbnailUrl\":\"https:\\\/\\\/buletin.de\\\/bucuresti\\\/wp-content\\\/uploads\\\/https___www.gandul.ro_wp-content_uploads_2024_04_1-1.webp\",\"datePublished\":\"2024-11-24T08:24:20+00:00\",\"dateModified\":\"2024-11-24T09:30:10+00:00\",\"description\":\"ANM anun\u021b\u0103 vreme rece s\u0103pt\u0103m\u00e2na viitoare, \u00een Capital\u0103. Temperaturile r\u0103m\u00e2n sc\u0103zute dar nu sunt anun\u021bate precipita\u021bii.\",\"breadcrumb\":{\"@id\":\"https:\\\/\\\/buletin.de\\\/bucuresti\\\/vreme-rece\\\/#breadcrumb\"},\"inLanguage\":\"en-GB\",\"potentialAction\":[{\"@type\":\"ReadAction\",\"target\":[\"https:\\\/\\\/buletin.de\\\/bucuresti\\\/vreme-rece\\\/\"]}]},{\"@type\":\"ImageObject\",\"inLanguage\":\"en-GB\",\"@id\":\"https:\\\/\\\/buletin.de\\\/bucuresti\\\/vreme-rece\\\/#primaryimage\",\"url\":\"https:\\\/\\\/buletin.de\\\/bucuresti\\\/wp-content\\\/uploads\\\/https___www.gandul.ro_wp-content_uploads_2024_04_1-1.webp\",\"contentUrl\":\"https:\\\/\\\/buletin.de\\\/bucuresti\\\/wp-content\\\/uploads\\\/https___www.gandul.ro_wp-content_uploads_2024_04_1-1.webp\",\"width\":820,\"height\":460,\"caption\":\"METEO | Cod galben de v\u00e2nt, \u00een Capital\u0103. Temperaturile r\u0103m\u00e2n \u00eens\u0103 ridicate, pentru aceast\u0103 perioad\u0103. FOTO: Arhiva\"},{\"@type\":\"BreadcrumbList\",\"@id\":\"https:\\\/\\\/buletin.de\\\/bucuresti\\\/vreme-rece\\\/#breadcrumb\",\"itemListElement\":[{\"@type\":\"ListItem\",\"position\":1,\"name\":\"Acas\u0103\",\"item\":\"https:\\\/\\\/buletin.de\\\/bucuresti\\\/\"},{\"@type\":\"ListItem\",\"position\":2,\"name\":\"METEO | Vreme rece s\u0103pt\u0103m\u00e2na viitoare, \u00een Capital\u0103. Totu\u0219i, nu plou\u0103, iar v\u00e2ntul scade \u00een intensitate\"}]},{\"@type\":\"WebSite\",\"@id\":\"https:\\\/\\\/buletin.de\\\/bucuresti\\\/#website\",\"url\":\"https:\\\/\\\/buletin.de\\\/bucuresti\\\/\",\"name\":\"Buletin de Bucure\u0219ti\",\"description\":\"\u0218tiri \u0219i investiga\u021bii esen\u021biale din capital\u0103\",\"publisher\":{\"@id\":\"https:\\\/\\\/buletin.de\\\/bucuresti\\\/#organization\"},\"potentialAction\":[{\"@type\":\"SearchAction\",\"target\":{\"@type\":\"EntryPoint\",\"urlTemplate\":\"https:\\\/\\\/buletin.de\\\/bucuresti\\\/?s={search_term_string}\"},\"query-input\":{\"@type\":\"PropertyValueSpecification\",\"valueRequired\":true,\"valueName\":\"search_term_string\"}}],\"inLanguage\":\"en-GB\"},{\"@type\":\"Organization\",\"@id\":\"https:\\\/\\\/buletin.de\\\/bucuresti\\\/#organization\",\"name\":\"Buletin de Bucure\u0219ti\",\"url\":\"https:\\\/\\\/buletin.de\\\/bucuresti\\\/\",\"logo\":{\"@type\":\"ImageObject\",\"inLanguage\":\"en-GB\",\"@id\":\"https:\\\/\\\/buletin.de\\\/bucuresti\\\/#\\\/schema\\\/logo\\\/image\\\/\",\"url\":\"https:\\\/\\\/buletin.de\\\/bucuresti\\\/wp-content\\\/uploads\\\/logo-bdb-full-wide-vernil-transparent.png\",\"contentUrl\":\"https:\\\/\\\/buletin.de\\\/bucuresti\\\/wp-content\\\/uploads\\\/logo-bdb-full-wide-vernil-transparent.png\",\"width\":1782,\"height\":626,\"caption\":\"Buletin de Bucure\u0219ti\"},\"image\":{\"@id\":\"https:\\\/\\\/buletin.de\\\/bucuresti\\\/#\\\/schema\\\/logo\\\/image\\\/\"},\"sameAs\":[\"https:\\\/\\\/www.facebook.com\\\/buletin.de.buc\",\"https:\\\/\\\/www.instagram.com\\\/buletinde.bucuresti\\\/\"]},{\"@type\":\"Person\",\"@id\":\"https:\\\/\\\/buletin.de\\\/bucuresti\\\/#\\\/schema\\\/person\\\/7e46040573290777280a0835d81ea4ea\",\"name\":\"Diana Matei\",\"image\":{\"@type\":\"ImageObject\",\"inLanguage\":\"en-GB\",\"@id\":\"https:\\\/\\\/buletin.de\\\/bucuresti\\\/wp-content\\\/uploads\\\/9-2-96x96.jpg1e8590b30871d70e62ebcdaf2eff570c\",\"url\":\"https:\\\/\\\/buletin.de\\\/bucuresti\\\/wp-content\\\/uploads\\\/9-2-96x96.jpg\",\"contentUrl\":\"https:\\\/\\\/buletin.de\\\/bucuresti\\\/wp-content\\\/uploads\\\/9-2-96x96.jpg\",\"caption\":\"Diana Matei\"},\"url\":\"https:\\\/\\\/buletin.de\\\/bucuresti\\\/author\\\/dianamatei\\\/\"}]}<\/script>\n<!-- \/ Yoast SEO Premium plugin. -->","yoast_head_json":{"title":"METEO | Vreme rece s\u0103pt\u0103m\u00e2na viitoare, \u00een Capital\u0103. Totu\u0219i, nu plou\u0103, iar v\u00e2ntul scade \u00een intensitate - Buletin de Bucure\u0219ti","description":"ANM anun\u021b\u0103 vreme rece s\u0103pt\u0103m\u00e2na viitoare, \u00een Capital\u0103. Temperaturile r\u0103m\u00e2n sc\u0103zute dar nu sunt anun\u021bate precipita\u021bii.","robots":{"index":"index","follow":"follow","max-snippet":"max-snippet:-1","max-image-preview":"max-image-preview:large","max-video-preview":"max-video-preview:-1"},"canonical":"https:\/\/buletin.de\/bucuresti\/vreme-rece\/","og_locale":"en_GB","og_type":"article","og_title":"METEO | Vreme rece s\u0103pt\u0103m\u00e2na viitoare, \u00een Capital\u0103. Totu\u0219i, nu plou\u0103, iar v\u00e2ntul scade \u00een intensitate","og_description":"ANM anun\u021b\u0103 vreme rece s\u0103pt\u0103m\u00e2na viitoare, \u00een Capital\u0103. Temperaturile r\u0103m\u00e2n sc\u0103zute dar nu sunt anun\u021bate precipita\u021bii.","og_url":"https:\/\/buletin.de\/bucuresti\/vreme-rece\/","og_site_name":"Buletin de Bucure\u0219ti","article_publisher":"https:\/\/www.facebook.com\/buletin.de.buc","article_published_time":"2024-11-24T08:24:20+00:00","article_modified_time":"2024-11-24T09:30:10+00:00","og_image":[{"width":820,"height":460,"url":"https:\/\/buletin.de\/bucuresti\/wp-content\/uploads\/https___www.gandul.ro_wp-content_uploads_2024_04_1-1.webp","type":"image\/webp"}],"author":"Diana Matei","twitter_card":"summary_large_image","twitter_misc":{"Written by":"Diana Matei","Estimated reading time":"2 minutes"},"schema":{"@context":"https:\/\/schema.org","@graph":[{"@type":"Article","@id":"https:\/\/buletin.de\/bucuresti\/vreme-rece\/#article","isPartOf":{"@id":"https:\/\/buletin.de\/bucuresti\/vreme-rece\/"},"author":{"name":"Diana Matei","@id":"https:\/\/buletin.de\/bucuresti\/#\/schema\/person\/7e46040573290777280a0835d81ea4ea"},"headline":"METEO | Vreme rece s\u0103pt\u0103m\u00e2na viitoare, \u00een Capital\u0103. Totu\u0219i, nu plou\u0103, iar v\u00e2ntul scade \u00een intensitate","datePublished":"2024-11-24T08:24:20+00:00","dateModified":"2024-11-24T09:30:10+00:00","mainEntityOfPage":{"@id":"https:\/\/buletin.de\/bucuresti\/vreme-rece\/"},"wordCount":283,"publisher":{"@id":"https:\/\/buletin.de\/bucuresti\/#organization"},"image":{"@id":"https:\/\/buletin.de\/bucuresti\/vreme-rece\/#primaryimage"},"thumbnailUrl":"https:\/\/buletin.de\/bucuresti\/wp-content\/uploads\/https___www.gandul.ro_wp-content_uploads_2024_04_1-1.webp","keywords":["anm","anm prognoza meteo","temperaturi Bucuresti"],"articleSection":["Articole","Diverse","\u0218tiri"],"inLanguage":"en-GB","copyrightYear":"2024","copyrightHolder":{"@id":"https:\/\/buletin.de\/bucuresti\/#organization"}},{"@type":"WebPage","@id":"https:\/\/buletin.de\/bucuresti\/vreme-rece\/","url":"https:\/\/buletin.de\/bucuresti\/vreme-rece\/","name":"METEO | Vreme rece s\u0103pt\u0103m\u00e2na viitoare, \u00een Capital\u0103. Totu\u0219i, nu plou\u0103, iar v\u00e2ntul scade \u00een intensitate - Buletin de Bucure\u0219ti","isPartOf":{"@id":"https:\/\/buletin.de\/bucuresti\/#website"},"primaryImageOfPage":{"@id":"https:\/\/buletin.de\/bucuresti\/vreme-rece\/#primaryimage"},"image":{"@id":"https:\/\/buletin.de\/bucuresti\/vreme-rece\/#primaryimage"},"thumbnailUrl":"https:\/\/buletin.de\/bucuresti\/wp-content\/uploads\/https___www.gandul.ro_wp-content_uploads_2024_04_1-1.webp","datePublished":"2024-11-24T08:24:20+00:00","dateModified":"2024-11-24T09:30:10+00:00","description":"ANM anun\u021b\u0103 vreme rece s\u0103pt\u0103m\u00e2na viitoare, \u00een Capital\u0103. Temperaturile r\u0103m\u00e2n sc\u0103zute dar nu sunt anun\u021bate precipita\u021bii.","breadcrumb":{"@id":"https:\/\/buletin.de\/bucuresti\/vreme-rece\/#breadcrumb"},"inLanguage":"en-GB","potentialAction":[{"@type":"ReadAction","target":["https:\/\/buletin.de\/bucuresti\/vreme-rece\/"]}]},{"@type":"ImageObject","inLanguage":"en-GB","@id":"https:\/\/buletin.de\/bucuresti\/vreme-rece\/#primaryimage","url":"https:\/\/buletin.de\/bucuresti\/wp-content\/uploads\/https___www.gandul.ro_wp-content_uploads_2024_04_1-1.webp","contentUrl":"https:\/\/buletin.de\/bucuresti\/wp-content\/uploads\/https___www.gandul.ro_wp-content_uploads_2024_04_1-1.webp","width":820,"height":460,"caption":"METEO | Cod galben de v\u00e2nt, \u00een Capital\u0103. Temperaturile r\u0103m\u00e2n \u00eens\u0103 ridicate, pentru aceast\u0103 perioad\u0103. FOTO: Arhiva"},{"@type":"BreadcrumbList","@id":"https:\/\/buletin.de\/bucuresti\/vreme-rece\/#breadcrumb","itemListElement":[{"@type":"ListItem","position":1,"name":"Acas\u0103","item":"https:\/\/buletin.de\/bucuresti\/"},{"@type":"ListItem","position":2,"name":"METEO | Vreme rece s\u0103pt\u0103m\u00e2na viitoare, \u00een Capital\u0103. Totu\u0219i, nu plou\u0103, iar v\u00e2ntul scade \u00een intensitate"}]},{"@type":"WebSite","@id":"https:\/\/buletin.de\/bucuresti\/#website","url":"https:\/\/buletin.de\/bucuresti\/","name":"Buletin de Bucure\u0219ti","description":"\u0218tiri \u0219i investiga\u021bii esen\u021biale din capital\u0103","publisher":{"@id":"https:\/\/buletin.de\/bucuresti\/#organization"},"potentialAction":[{"@type":"SearchAction","target":{"@type":"EntryPoint","urlTemplate":"https:\/\/buletin.de\/bucuresti\/?s={search_term_string}"},"query-input":{"@type":"PropertyValueSpecification","valueRequired":true,"valueName":"search_term_string"}}],"inLanguage":"en-GB"},{"@type":"Organization","@id":"https:\/\/buletin.de\/bucuresti\/#organization","name":"Buletin de Bucure\u0219ti","url":"https:\/\/buletin.de\/bucuresti\/","logo":{"@type":"ImageObject","inLanguage":"en-GB","@id":"https:\/\/buletin.de\/bucuresti\/#\/schema\/logo\/image\/","url":"https:\/\/buletin.de\/bucuresti\/wp-content\/uploads\/logo-bdb-full-wide-vernil-transparent.png","contentUrl":"https:\/\/buletin.de\/bucuresti\/wp-content\/uploads\/logo-bdb-full-wide-vernil-transparent.png","width":1782,"height":626,"caption":"Buletin de Bucure\u0219ti"},"image":{"@id":"https:\/\/buletin.de\/bucuresti\/#\/schema\/logo\/image\/"},"sameAs":["https:\/\/www.facebook.com\/buletin.de.buc","https:\/\/www.instagram.com\/buletinde.bucuresti\/"]},{"@type":"Person","@id":"https:\/\/buletin.de\/bucuresti\/#\/schema\/person\/7e46040573290777280a0835d81ea4ea","name":"Diana Matei","image":{"@type":"ImageObject","inLanguage":"en-GB","@id":"https:\/\/buletin.de\/bucuresti\/wp-content\/uploads\/9-2-96x96.jpg1e8590b30871d70e62ebcdaf2eff570c","url":"https:\/\/buletin.de\/bucuresti\/wp-content\/uploads\/9-2-96x96.jpg","contentUrl":"https:\/\/buletin.de\/bucuresti\/wp-content\/uploads\/9-2-96x96.jpg","caption":"Diana Matei"},"url":"https:\/\/buletin.de\/bucuresti\/author\/dianamatei\/"}]}},"authors":[{"term_id":22574,"user_id":49,"is_guest":0,"slug":"dianamatei","display_name":"Diana Matei","avatar_url":"https:\/\/buletin.de\/bucuresti\/wp-content\/uploads\/9-2-96x96.jpg","0":null,"1":"","2":"","3":"","4":"","5":"","6":"","7":"","8":""}],"_links":{"self":[{"href":"https:\/\/buletin.de\/bucuresti\/wp-json\/wp\/v2\/posts\/107624","targetHints":{"allow":["GET"]}}],"collection":[{"href":"https:\/\/buletin.de\/bucuresti\/wp-json\/wp\/v2\/posts"}],"about":[{"href":"https:\/\/buletin.de\/bucuresti\/wp-json\/wp\/v2\/types\/post"}],"author":[{"embeddable":true,"href":"https:\/\/buletin.de\/bucuresti\/wp-json\/wp\/v2\/users\/49"}],"replies":[{"embeddable":true,"href":"https:\/\/buletin.de\/bucuresti\/wp-json\/wp\/v2\/comments?post=107624"}],"version-history":[{"count":4,"href":"https:\/\/buletin.de\/bucuresti\/wp-json\/wp\/v2\/posts\/107624\/revisions"}],"predecessor-version":[{"id":107686,"href":"https:\/\/buletin.de\/bucuresti\/wp-json\/wp\/v2\/posts\/107624\/revisions\/107686"}],"wp:featuredmedia":[{"embeddable":true,"href":"https:\/\/buletin.de\/bucuresti\/wp-json\/wp\/v2\/media\/107625"}],"wp:attachment":[{"href":"https:\/\/buletin.de\/bucuresti\/wp-json\/wp\/v2\/media?parent=107624"}],"wp:term":[{"taxonomy":"category","embeddable":true,"href":"https:\/\/buletin.de\/bucuresti\/wp-json\/wp\/v2\/categories?post=107624"},{"taxonomy":"post_tag","embeddable":true,"href":"https:\/\/buletin.de\/bucuresti\/wp-json\/wp\/v2\/tags?post=107624"},{"taxonomy":"author","embeddable":true,"href":"https:\/\/buletin.de\/bucuresti\/wp-json\/wp\/v2\/ppma_author?post=107624"}],"curies":[{"name":"wp","href":"https:\/\/api.w.org\/{rel}","templated":true}]}}