{"id":107175,"date":"2024-11-21T06:00:00","date_gmt":"2024-11-21T03:00:00","guid":{"rendered":"https:\/\/buletin.de\/bucuresti\/?p=107175"},"modified":"2024-11-22T10:22:44","modified_gmt":"2024-11-22T07:22:44","slug":"referendum-bucuresti-ce-cred-primarii-de-sector-despre-initiativa-lui-nicusor-dan-i","status":"publish","type":"post","link":"https:\/\/buletin.de\/bucuresti\/referendum-bucuresti-ce-cred-primarii-de-sector-despre-initiativa-lui-nicusor-dan-i\/","title":{"rendered":"Referendum Bucure\u015fti | Ce cred primarii de sector despre ini\u0163iativa lui Nicu\u015for Dan (I)"},"content":{"rendered":"\n<p><strong>Referendumul bucure\u015ftenilor este ini\u0163iativa lui Nicu\u015for Dan prin care vrea s\u0103 \u00eencline balan\u0163a bugetelor c\u0103tre Prim\u0103ria General\u0103. Prim\u0103rie care are, printre altele, cheltuieli uria\u015fe cu subven\u0163ia pentru transport ori termoficare.<\/strong><\/p>\n\n\n\n<p><strong>\u00cens\u0103, pe cel\u0103lalt taler al balan\u0163ei stau prim\u0103riile de sector, care s-ar putea s\u0103 se trezeasc\u0103 cu vistieria mai goal\u0103. Este bine, este r\u0103u? I-am \u00eentrebat chiar pe cei afecta\u0163i &#8211; managerii celor \u015fase sectoare, primarii abia (re)intra\u0163i \u00een p\u00e2ine. <\/strong><\/p>\n\n\n\n<p><strong>Primul care a r\u0103spuns acestui demers a fost Ciprian Ciucu, primarul liberal al Sectorului 6.<\/strong><\/p>\n\n\n\n<h2 class=\"wp-block-heading\" id=\"h-ciucu-nu-e-in-regula-ca-bugetul-sa-fie-rezultatul-unui-troc-intre-partidele-politice\">Ciucu: Nu e \u00een regul\u0103 ca bugetul s\u0103 fie rezultatul unui troc \u00eentre partidele politice<\/h2>\n\n\n\n<p><strong>Buletin de Bucure\u0219ti: Ce p\u0103rere ave\u0163i de ini\u0163iativa lui Nicu\u015for Dan de a organiza un astfel de referendum? Am observat un consens \u00een spa\u0163iul public, c\u0103 este un demers democratic \u015fi, incontestabil, este benefic, dac\u0103 vine vorba de voin\u0163a popular\u0103. <\/strong><\/p>\n\n\n\n<p><strong>Dar poate avea el \u015fi consecin\u0163e pozitive? M\u0103 g\u00e2ndesc aici la tot parcursul de la vot p\u00e2n\u0103 la a fi promulgate legi care s\u0103 bat\u0103 \u00een cuie ini\u0163iativele. Pe scurt, s\u0103 ne a\u015ftept\u0103m c\u0103 va fi, vorba aia, ca apa sfin\u0163it\u0103, nu face nici r\u0103u, nici bine?<\/strong><\/p>\n\n\n\n<p><strong>Ciprian Ciucu: <\/strong>Incontestabil, discu\u0163ia despre ra\u021bionalizarea Bucure\u0219tiului, despre cre\u0219terea coeren\u021bei administrative, este extrem de util\u0103. Referendumul este util. Mi se pare prost ales momentul, fiind alegeri preziden\u021biale \u0219i parlamentare.<\/p>\n\n\n\n<p>De aceea nu avem o dezbatere real\u0103, ci avem pozi\u021bion\u0103ri politice, lupte duse \u00een tran\u0219ee \u0219i multe discu\u021bii pe l\u00e2ng\u0103, care nu fac obiectul referendumului, cum ar fi desfiin\u021barea sectoarelor. <\/p>\n\n\n\n<p>Aceast\u0103 idee nu face obiectul referendumului si nu este sus\u021binut\u0103 nici de c\u0103tre primarul general, pentru c\u0103 este o idee proast\u0103. <\/p>\n\n\n\n<p>De ce este o idee proast\u0103? Pentru c\u0103 peste tot \u00een lumea civilizat\u0103 ora\u015fele mari \u015fi complexe, a\u0219a cum este Bucure\u015ftiul, au dou\u0103 niveluri administrative. <mark style=\"background-color:rgba(0, 0, 0, 0)\" class=\"has-inline-color has-vivid-red-color\"><strong>Ora\u0219ul este prea mare pentru a putea fi administrat eficient de c\u0103tre un singur nivel administrativ<\/strong><\/mark>.<\/p>\n\n\n\n<p><strong>CITE\u015eTE \u015eI:<\/strong> <a href=\"https:\/\/buletin.de\/bucuresti\/referendum-bucuresti-este-importanta-participarea-bucurestenilor-sociolog-o-primarie-generala-puternica-este-modelul-predilect-in-lume-pentru-orasele-mari\/\"><strong>Referendum Bucure\u015fti | Este important\u0103 participarea bucure\u0219tenilor? Sociolog: \u201eO Prim\u0103rie General\u0103 puternic\u0103 este modelul predilect \u00een lume pentru ora\u0219ele mari\u201d<\/strong><\/a><\/p>\n\n\n\n<p>Nu este obligatoriu ca un referendum local s\u0103 produc\u0103 schimb\u0103ri la nivelul unor legi na\u021bionale, care s\u0103 fie adoptate de c\u0103tre Parlament. Exist\u0103 \u0219i obiec\u021bii de constitu\u021bionalitate \u0219i m\u0103 a\u0219tept s\u0103 fie atacat de c\u0103tre diver\u0219i pe baza acestor obiec\u021bii. <\/p>\n\n\n\n<p>Pentru ca referendumul s\u0103 se transforme \u00een lege, primarul general va avea nevoie de sprijin parlamentar. Nu \u0219tim cum pot s\u0103 arate viitoarele prevederi legale, cel pu\u0163in una dintre \u00eentreb\u0103ri, cea referitoare la buget, nefiind, \u00een aceast\u0103 form\u0103, dup\u0103 p\u0103rerea mea, nici oportun\u0103, nici clar\u0103. Necesit\u0103 analize, dezbateri \u0219i clarific\u0103ri ulterioare.<\/p>\n\n\n\n<p>Referendumul, dac\u0103 va trece, \u00eei va da primarului general un cal de b\u0103taie, o unealt\u0103 politic\u0103 pe care s\u0103 o foloseasc\u0103 \u00een urm\u0103torul ciclu electoral. Dar \u015fi mie, pentru c\u0103 m\u0103 voi bate pentru respectarea voin\u021bei bucure\u0219tenilor!<\/p>\n\n\n\n<p><strong>De aici, s\u0103 ne imagin\u0103m c\u0103 suntem \u00een scenariul \u00een care chiar produce efecte legislative. Cum v-ar afecta pe dumneavoastr\u0103 un shift al bugetelor &#8211; mai mul\u0163i bani la Capital\u0103, mai pu\u0163ini la sectoare.<\/strong> <strong>Dac\u0103 vorbim de o balan\u0163\u0103 \u00eentre PMB \u015fi sectoare, considera\u0163i c\u0103 e doar o modalitate de a u\u015fura via\u0163a unuia \u015fi a \u00eengreuna via\u0163a altora? Rezolv\u0103m probleme pe de-o parte \u015fi le facem nerezolvabile pe altele, din cauza lipsei banilor?<\/strong><\/p>\n\n\n\n<p>Eu sunt de acord c\u0103 este nevoie de mai mult\u0103 coeren\u021b\u0103 administrativ\u0103. Este nevoie s\u0103 departaj\u0103m clar competen\u021bele legale (responsabilit\u0103\u021bile) pe care le are PMB de cele ale sectoarelor. \u0218i da, sunt de acord, ca dup\u0103 ce facem acest lucru banii s\u0103 urmeze responsabilit\u0103\u021bile at\u00e2t \u00een ceea ce prive\u015fte:<br>(1) Administrarea serviciilor mari (transport, ap\u0103-canal, termoficare, managementul de\u0219eurilor, sistemul \u015fcolar, parcurile etc),<br>(2) C\u00e2t \u0219i \u00een ceea ce prive\u015fte investi\u021biile necesare oper\u0103rii \u00een condi\u021bii optime ale acestor servicii publice.<\/p>\n\n\n\n<p><strong>Cu ce l-ar ajuta pe primarul general actual aceast\u0103 nou\u0103 \u00eemp\u0103r\u0163ire a banilor, at\u00e2ta vreme c\u00e2t Consiliul General al Municipiului Bucure\u0219ti ar urma s\u0103 \u00eempart\u0103 bugetele, iar CGMB este eminamente politic, \u00een vreme ce Nicu\u015for Dan e independent? Oare nu va exista tenta\u0163ia consilierilor s\u0103 direc\u0163ioneze banii c\u0103tre primarii de sector care le sunt colegi de partid?<\/strong><\/p>\n\n\n\n<p>Din p\u0103cate, \u00eentrebarea referitoare la bani pus\u0103 \u00een cadrul referendumului mi se pare prost aleas\u0103. Suntem \u00eentreba\u0163i dac\u0103 suntem de acord ca, de la un moment dat, banii s\u0103 nu mai fie atribui\u0163i \u00eentre PMB \u0219i sectoare \u00een baza unei formule predictibile, ci \u00een baza unei negocieri politice \u00een cadrul Consiliului General. Iar aici intervin dou\u0103 probleme:<\/p>\n\n\n\n<ol class=\"wp-block-list\">\n<li>Consilierii generali se \u00eentrunesc sporadic, c\u00e2\u0219tig\u0103 echivalentul a 250 de euro pe lun\u0103 si nu au timp fizic s\u0103 analizeze \u0219i s\u0103 \u00een\u021beleag\u0103 complexitatea \u0219i dimensiunea proiectelor de investi\u021bii \u0219i necesarul financiar pentru a opera diferitele servicii ale PMB \u0219i ale 6 prim\u0103rii de sectoare;<\/li>\n\n\n\n<li><strong><mark style=\"background-color:rgba(0, 0, 0, 0)\" class=\"has-inline-color has-vivid-red-color\">Nu este deloc \u00een regul\u0103 ca bugetul Bucure\u015ftiului s\u0103 fie rezultatul unui troc \u00eentre partidele politice<\/mark>.<\/strong> Pe scurt, acest referendum pune c\u0103ru\u021ba \u00eenaintea boilor: \u00eenainte delimit\u0103m responsabilit\u0103\u021bile (cine se ocup\u0103 de ce anume), vedem c\u00e2t ne cost\u0103 operarea serviciilor \u015fi necesarul de investi\u021bii, apoi, ra\u021bional, discut\u0103m despre bani \u0219i aloc\u0103m bani. Dar, cu toate acestea, poate fi un bun imbold pentru noi to\u021bi s\u0103 discut\u0103m \u0219i s\u0103 ne apuc\u0103m de reforma administrativ\u0103 a Bucure\u0219tiului!<\/li>\n<\/ol>\n\n\n\n<ol class=\"wp-block-list\">\n<li><\/li>\n<\/ol>\n\n\n\n<p>Cred c\u0103 referendumul, indiferent de rezultat, trebuie s\u0103 stea la baza unei dezbateri serioase \u0219i s\u0103 ne apuc\u0103m \u00eempreun\u0103 de reforma Bucure\u0219tiului.<\/p>\n\n\n\n<p><strong>CITE\u015eTE \u015eI:<\/strong> <a href=\"https:\/\/buletin.de\/bucuresti\/vrei-sa-mergi-la-vot\/\"><strong>Vrei s\u0103 mergi la vot? Asigur\u0103-te c\u0103 ai act de identitate valabil<\/strong><\/a><\/p>\n\n\n\n<h2 class=\"wp-block-heading\" id=\"h-personal-cred-ca-serviciul-de-urbanism-al-pmb-va-sucomba\">Personal, cred c\u0103 serviciul de urbanism al PMB va sucomba!<\/h2>\n\n\n\n<p><strong>Considera\u0163i c\u0103 poate PMB s\u0103 fac\u0103 fa\u0163\u0103 la emiterea tuturor autoriza\u0163iilor necesare? Au fost destule exemple c\u00e2nd institu\u0163ia s-a \u00eempotmolit \u00een emiterea unor avize, autoriza\u0163ii \u00een timp util.<\/strong><\/p>\n\n\n\n<p><strong>Ciprian Ciucu: <\/strong>Da, sunt de acord ca autoriza\u021biile de construire s\u0103 fie preluate de c\u0103tre PMB. Dar sunt nevoit s\u0103 pun c\u00e2teva lucruri \u00een discu\u021bie: Nu cred c\u0103 PMB are efectiv capacitatea administrativ\u0103 s\u0103 le gestioneze. <\/p>\n\n\n\n<p>\u00cen ultimii ani, \u015fi toate cifrele o demonstreaz\u0103 clar, avem \u00eent\u00e2rzieri fabuloase la nivelul serviciului de urbanism al PMB. De aceea, vin cu urm\u0103toarea propunere: s\u0103 le ia pe toate, dar s\u0103 le l\u0103s\u0103m pe cele publice la nivelul prim\u0103riilor de sector, pentru c\u0103 altfel NU vor mai exista investi\u021bii publice.<\/p>\n\n\n\n<p>PS6 are cel pu\u0163in 6 proiecte blocate sau \u00eent\u00e2rziate la PMB \u0219i am pierdut finan\u021b\u0103ri importate. <strong><mark style=\"background-color:rgba(0, 0, 0, 0)\" class=\"has-inline-color has-vivid-red-color\">Da, s\u0103 le ia doar pe cele private, dar s\u0103 le l\u0103s\u0103m la sectoare pe cele publice<\/mark>.<\/strong> Nu am v\u0103zut la nivelul PMB vreo cre\u015ftere a capacit\u0103\u021bii administrative la nivelul serviciului de urbanism. Personal, cred c\u0103 va sucomba.<\/p>\n\n\n\n<p><strong>Considera\u0163i un demers real sau, dimpotriv\u0103, unul politicianist, \u00eentrebarea nr. 3, cu privire la droguri? Poate fi aceast\u0103 problem\u0103 rezolvat\u0103 la nivel local sau e nevoie de legisla\u0163ie na\u0163ional\u0103, institu\u0163ii na\u0163ionale implicate \u015fi, eventual, poate chiar <a href=\"https:\/\/csat.presidency.ro\/\">CSAT<\/a>, dat\u0103 fiind amploarea fenomenului?<\/strong><\/p>\n\n\n\n<p>Pentru a evita o confruntare cu dl. primar general (care ar fi mobilizat lumea \u00eempotriva PSD, ca \u015fi \u00een alte d\u0103\u0163i), PSD avea nevoie de un motiv pentru care s\u0103 voteze \u00een CGMB pentru organizarea referendumului. Da, aceast\u0103 \u00eentrebare nu va produce niciun fel de efecte. <\/p>\n\n\n\n<p>Dar va da foarte bine din punct de vedere politic atunci c\u00e2nd va fi singura care va trece sau c\u00e2nd va avea un num\u0103r mai mare de voturi dec\u00e2t celelalte \u00eentreb\u0103ri.<\/p>\n\n\n\n<p><strong><mark style=\"background-color:rgba(0, 0, 0, 0)\" class=\"has-inline-color has-vivid-red-color\">M\u00e2ine, vom publica interviul cu primarul Sectorului 2, social-democratul Rare\u015f Hopinc\u0103, pe tema referendumului privind reorganizarea Bucure\u0219tiului.<\/mark><\/strong><\/p>\n\n\n\n<p><strong>CITE\u015eTE \u015eI:<\/strong> <a href=\"https:\/\/buletin.de\/bucuresti\/bani-in-plus-pentru-personalul-din-sectiile-de-votare-din-bugetul-bucurestiului-indemnizatia-pentru-referendum\/\"><strong>Referendum Bucure\u015fti | Bani \u00een plus pentru personalul din sec\u0163iile de votare, din bugetul local<\/strong><\/a><\/p>\n","protected":false},"excerpt":{"rendered":"<p>Referendumul bucure\u015ftenilor este ini\u0163iativa lui Nicu\u015for Dan prin care vrea s\u0103 \u00eencline balan\u0163a bugetelor c\u0103tre Prim\u0103ria General\u0103. Prim\u0103rie care are, printre altele, cheltuieli uria\u015fe cu subven\u0163ia pentru transport ori termoficare. \u00cens\u0103, pe cel\u0103lalt taler al balan\u0163ei stau prim\u0103riile de sector, care s-ar putea s\u0103 se trezeasc\u0103 cu vistieria mai goal\u0103. Este bine, este r\u0103u? I-am [&hellip;]<\/p>\n","protected":false},"author":8,"featured_media":107193,"comment_status":"closed","ping_status":"open","sticky":false,"template":"","format":"standard","meta":{"_acf_changed":false,"inline_featured_image":false,"ngg_post_thumbnail":0,"footnotes":""},"categories":[6994,3238,5762,9025,24],"tags":[2089,16994,16995,16993,223,16996,16041,523],"ppma_author":[22586],"class_list":["post-107175","post","type-post","status-publish","format-standard","has-post-thumbnail","hentry","category-stiri-2","category-interviu","category-main","category-politic","category-primarie","tag-ciprian-ciucu","tag-intrebare-buget-referendum","tag-intrebare-droguri-referendum","tag-intrebari-urbanism-referendum","tag-nicusor-dan","tag-parere-primari-sector-referendum","tag-referendum-bucuresti","tag-sector-6"],"acf":[],"yoast_head":"<!-- This site is optimized with the Yoast SEO Premium plugin v25.3 (Yoast SEO v27.5) - https:\/\/yoast.com\/product\/yoast-seo-premium-wordpress\/ -->\n<title>Referendum Bucure\u015fti | Ce cred primarii de sector despre ini\u0163iativa lui Nicu\u015for Dan (I) - Buletin de Bucure\u0219ti<\/title>\n<meta name=\"description\" content=\"Ce cred primarii despre ini\u0163iativa lui Nicu\u015for Dan cu referendumul. Ciprian Ciucu, primarul Sectorului 6, a explicat care este pozi\u021bia sa.\" \/>\n<meta name=\"robots\" content=\"index, follow, max-snippet:-1, max-image-preview:large, max-video-preview:-1\" \/>\n<link rel=\"canonical\" href=\"https:\/\/buletin.de\/bucuresti\/referendum-bucuresti-ce-cred-primarii-de-sector-despre-initiativa-lui-nicusor-dan-i\/\" \/>\n<meta property=\"og:locale\" content=\"en_GB\" \/>\n<meta property=\"og:type\" content=\"article\" \/>\n<meta property=\"og:title\" content=\"Referendum Bucure\u015fti | Ce cred primarii de sector despre ini\u0163iativa lui Nicu\u015for Dan (I)\" \/>\n<meta property=\"og:description\" content=\"Ce cred primarii despre ini\u0163iativa lui Nicu\u015for Dan cu referendumul. Ciprian Ciucu, primarul Sectorului 6, a explicat care este pozi\u021bia sa.\" \/>\n<meta property=\"og:url\" content=\"https:\/\/buletin.de\/bucuresti\/referendum-bucuresti-ce-cred-primarii-de-sector-despre-initiativa-lui-nicusor-dan-i\/\" \/>\n<meta property=\"og:site_name\" content=\"Buletin de Bucure\u0219ti\" \/>\n<meta property=\"article:publisher\" content=\"https:\/\/www.facebook.com\/buletin.de.buc\" \/>\n<meta property=\"article:published_time\" content=\"2024-11-21T03:00:00+00:00\" \/>\n<meta property=\"article:modified_time\" content=\"2024-11-22T07:22:44+00:00\" \/>\n<meta property=\"og:image\" content=\"https:\/\/buletin.de\/bucuresti\/wp-content\/uploads\/Ciprian-Ciucu-pansiv-INQUAM-Malina-Norocea.jpg\" \/>\n\t<meta property=\"og:image:width\" content=\"2000\" \/>\n\t<meta property=\"og:image:height\" content=\"1333\" \/>\n\t<meta property=\"og:image:type\" content=\"image\/jpeg\" \/>\n<meta name=\"author\" content=\"Ionu\u021b Lepa\" \/>\n<meta name=\"twitter:card\" content=\"summary_large_image\" \/>\n<meta name=\"twitter:label1\" content=\"Written by\" \/>\n\t<meta name=\"twitter:data1\" content=\"Ionu\u021b Lepa\" \/>\n\t<meta name=\"twitter:label2\" content=\"Estimated reading time\" \/>\n\t<meta name=\"twitter:data2\" content=\"6 minutes\" \/>\n<script type=\"application\/ld+json\" class=\"yoast-schema-graph\">{\"@context\":\"https:\\\/\\\/schema.org\",\"@graph\":[{\"@type\":\"Article\",\"@id\":\"https:\\\/\\\/buletin.de\\\/bucuresti\\\/referendum-bucuresti-ce-cred-primarii-de-sector-despre-initiativa-lui-nicusor-dan-i\\\/#article\",\"isPartOf\":{\"@id\":\"https:\\\/\\\/buletin.de\\\/bucuresti\\\/referendum-bucuresti-ce-cred-primarii-de-sector-despre-initiativa-lui-nicusor-dan-i\\\/\"},\"author\":{\"name\":\"Ionu\u021b Lepa\",\"@id\":\"https:\\\/\\\/buletin.de\\\/bucuresti\\\/#\\\/schema\\\/person\\\/5272b8a057b33890940b57b837fc4ce6\"},\"headline\":\"Referendum Bucure\u015fti | Ce cred primarii de sector despre ini\u0163iativa lui Nicu\u015for Dan (I)\",\"datePublished\":\"2024-11-21T03:00:00+00:00\",\"dateModified\":\"2024-11-22T07:22:44+00:00\",\"mainEntityOfPage\":{\"@id\":\"https:\\\/\\\/buletin.de\\\/bucuresti\\\/referendum-bucuresti-ce-cred-primarii-de-sector-despre-initiativa-lui-nicusor-dan-i\\\/\"},\"wordCount\":1385,\"publisher\":{\"@id\":\"https:\\\/\\\/buletin.de\\\/bucuresti\\\/#organization\"},\"image\":{\"@id\":\"https:\\\/\\\/buletin.de\\\/bucuresti\\\/referendum-bucuresti-ce-cred-primarii-de-sector-despre-initiativa-lui-nicusor-dan-i\\\/#primaryimage\"},\"thumbnailUrl\":\"https:\\\/\\\/buletin.de\\\/bucuresti\\\/wp-content\\\/uploads\\\/Ciprian-Ciucu-pansiv-INQUAM-Malina-Norocea.jpg\",\"keywords\":[\"ciprian ciucu\",\"intrebare buget referendum\",\"intrebare droguri referendum\",\"intrebari urbanism referendum\",\"nicusor dan\",\"parere primari sector referendum\",\"referendum bucuresti\",\"Sector 6\"],\"articleSection\":[\"Articole\",\"Interviu\",\"Main\",\"Politic\",\"Prim\u0103rie\"],\"inLanguage\":\"en-GB\",\"copyrightYear\":\"2024\",\"copyrightHolder\":{\"@id\":\"https:\\\/\\\/buletin.de\\\/bucuresti\\\/#organization\"}},{\"@type\":\"WebPage\",\"@id\":\"https:\\\/\\\/buletin.de\\\/bucuresti\\\/referendum-bucuresti-ce-cred-primarii-de-sector-despre-initiativa-lui-nicusor-dan-i\\\/\",\"url\":\"https:\\\/\\\/buletin.de\\\/bucuresti\\\/referendum-bucuresti-ce-cred-primarii-de-sector-despre-initiativa-lui-nicusor-dan-i\\\/\",\"name\":\"Referendum Bucure\u015fti | Ce cred primarii de sector despre ini\u0163iativa lui Nicu\u015for Dan (I) - Buletin de Bucure\u0219ti\",\"isPartOf\":{\"@id\":\"https:\\\/\\\/buletin.de\\\/bucuresti\\\/#website\"},\"primaryImageOfPage\":{\"@id\":\"https:\\\/\\\/buletin.de\\\/bucuresti\\\/referendum-bucuresti-ce-cred-primarii-de-sector-despre-initiativa-lui-nicusor-dan-i\\\/#primaryimage\"},\"image\":{\"@id\":\"https:\\\/\\\/buletin.de\\\/bucuresti\\\/referendum-bucuresti-ce-cred-primarii-de-sector-despre-initiativa-lui-nicusor-dan-i\\\/#primaryimage\"},\"thumbnailUrl\":\"https:\\\/\\\/buletin.de\\\/bucuresti\\\/wp-content\\\/uploads\\\/Ciprian-Ciucu-pansiv-INQUAM-Malina-Norocea.jpg\",\"datePublished\":\"2024-11-21T03:00:00+00:00\",\"dateModified\":\"2024-11-22T07:22:44+00:00\",\"description\":\"Ce cred primarii despre ini\u0163iativa lui Nicu\u015for Dan cu referendumul. Ciprian Ciucu, primarul Sectorului 6, a explicat care este pozi\u021bia sa.\",\"breadcrumb\":{\"@id\":\"https:\\\/\\\/buletin.de\\\/bucuresti\\\/referendum-bucuresti-ce-cred-primarii-de-sector-despre-initiativa-lui-nicusor-dan-i\\\/#breadcrumb\"},\"inLanguage\":\"en-GB\",\"potentialAction\":[{\"@type\":\"ReadAction\",\"target\":[\"https:\\\/\\\/buletin.de\\\/bucuresti\\\/referendum-bucuresti-ce-cred-primarii-de-sector-despre-initiativa-lui-nicusor-dan-i\\\/\"]}]},{\"@type\":\"ImageObject\",\"inLanguage\":\"en-GB\",\"@id\":\"https:\\\/\\\/buletin.de\\\/bucuresti\\\/referendum-bucuresti-ce-cred-primarii-de-sector-despre-initiativa-lui-nicusor-dan-i\\\/#primaryimage\",\"url\":\"https:\\\/\\\/buletin.de\\\/bucuresti\\\/wp-content\\\/uploads\\\/Ciprian-Ciucu-pansiv-INQUAM-Malina-Norocea.jpg\",\"contentUrl\":\"https:\\\/\\\/buletin.de\\\/bucuresti\\\/wp-content\\\/uploads\\\/Ciprian-Ciucu-pansiv-INQUAM-Malina-Norocea.jpg\",\"width\":2000,\"height\":1333,\"caption\":\"Ce crede Ciprian Ciucu despre ini\u0163iativa lui Nicu\u015for Dan. FOTO: M\u0103lina Norocea, INQUAM\"},{\"@type\":\"BreadcrumbList\",\"@id\":\"https:\\\/\\\/buletin.de\\\/bucuresti\\\/referendum-bucuresti-ce-cred-primarii-de-sector-despre-initiativa-lui-nicusor-dan-i\\\/#breadcrumb\",\"itemListElement\":[{\"@type\":\"ListItem\",\"position\":1,\"name\":\"Acas\u0103\",\"item\":\"https:\\\/\\\/buletin.de\\\/bucuresti\\\/\"},{\"@type\":\"ListItem\",\"position\":2,\"name\":\"Referendum Bucure\u015fti | Ce cred primarii de sector despre ini\u0163iativa lui Nicu\u015for Dan (I)\"}]},{\"@type\":\"WebSite\",\"@id\":\"https:\\\/\\\/buletin.de\\\/bucuresti\\\/#website\",\"url\":\"https:\\\/\\\/buletin.de\\\/bucuresti\\\/\",\"name\":\"Buletin de Bucure\u0219ti\",\"description\":\"\u0218tiri \u0219i investiga\u021bii esen\u021biale din capital\u0103\",\"publisher\":{\"@id\":\"https:\\\/\\\/buletin.de\\\/bucuresti\\\/#organization\"},\"potentialAction\":[{\"@type\":\"SearchAction\",\"target\":{\"@type\":\"EntryPoint\",\"urlTemplate\":\"https:\\\/\\\/buletin.de\\\/bucuresti\\\/?s={search_term_string}\"},\"query-input\":{\"@type\":\"PropertyValueSpecification\",\"valueRequired\":true,\"valueName\":\"search_term_string\"}}],\"inLanguage\":\"en-GB\"},{\"@type\":\"Organization\",\"@id\":\"https:\\\/\\\/buletin.de\\\/bucuresti\\\/#organization\",\"name\":\"Buletin de Bucure\u0219ti\",\"url\":\"https:\\\/\\\/buletin.de\\\/bucuresti\\\/\",\"logo\":{\"@type\":\"ImageObject\",\"inLanguage\":\"en-GB\",\"@id\":\"https:\\\/\\\/buletin.de\\\/bucuresti\\\/#\\\/schema\\\/logo\\\/image\\\/\",\"url\":\"https:\\\/\\\/buletin.de\\\/bucuresti\\\/wp-content\\\/uploads\\\/logo-bdb-full-wide-vernil-transparent.png\",\"contentUrl\":\"https:\\\/\\\/buletin.de\\\/bucuresti\\\/wp-content\\\/uploads\\\/logo-bdb-full-wide-vernil-transparent.png\",\"width\":1782,\"height\":626,\"caption\":\"Buletin de Bucure\u0219ti\"},\"image\":{\"@id\":\"https:\\\/\\\/buletin.de\\\/bucuresti\\\/#\\\/schema\\\/logo\\\/image\\\/\"},\"sameAs\":[\"https:\\\/\\\/www.facebook.com\\\/buletin.de.buc\",\"https:\\\/\\\/www.instagram.com\\\/buletinde.bucuresti\\\/\"]},{\"@type\":\"Person\",\"@id\":\"https:\\\/\\\/buletin.de\\\/bucuresti\\\/#\\\/schema\\\/person\\\/5272b8a057b33890940b57b837fc4ce6\",\"name\":\"Ionu\u021b Lepa\",\"image\":{\"@type\":\"ImageObject\",\"inLanguage\":\"en-GB\",\"@id\":\"https:\\\/\\\/buletin.de\\\/bucuresti\\\/wp-content\\\/uploads\\\/Ionut-Lepa-96x96.jpg5c4e4d9e049808799a8821652d2410a4\",\"url\":\"https:\\\/\\\/buletin.de\\\/bucuresti\\\/wp-content\\\/uploads\\\/Ionut-Lepa-96x96.jpg\",\"contentUrl\":\"https:\\\/\\\/buletin.de\\\/bucuresti\\\/wp-content\\\/uploads\\\/Ionut-Lepa-96x96.jpg\",\"caption\":\"Ionu\u021b Lepa\"},\"url\":\"https:\\\/\\\/buletin.de\\\/bucuresti\\\/author\\\/ionutlepa\\\/\"}]}<\/script>\n<!-- \/ Yoast SEO Premium plugin. -->","yoast_head_json":{"title":"Referendum Bucure\u015fti | Ce cred primarii de sector despre ini\u0163iativa lui Nicu\u015for Dan (I) - Buletin de Bucure\u0219ti","description":"Ce cred primarii despre ini\u0163iativa lui Nicu\u015for Dan cu referendumul. Ciprian Ciucu, primarul Sectorului 6, a explicat care este pozi\u021bia sa.","robots":{"index":"index","follow":"follow","max-snippet":"max-snippet:-1","max-image-preview":"max-image-preview:large","max-video-preview":"max-video-preview:-1"},"canonical":"https:\/\/buletin.de\/bucuresti\/referendum-bucuresti-ce-cred-primarii-de-sector-despre-initiativa-lui-nicusor-dan-i\/","og_locale":"en_GB","og_type":"article","og_title":"Referendum Bucure\u015fti | Ce cred primarii de sector despre ini\u0163iativa lui Nicu\u015for Dan (I)","og_description":"Ce cred primarii despre ini\u0163iativa lui Nicu\u015for Dan cu referendumul. Ciprian Ciucu, primarul Sectorului 6, a explicat care este pozi\u021bia sa.","og_url":"https:\/\/buletin.de\/bucuresti\/referendum-bucuresti-ce-cred-primarii-de-sector-despre-initiativa-lui-nicusor-dan-i\/","og_site_name":"Buletin de Bucure\u0219ti","article_publisher":"https:\/\/www.facebook.com\/buletin.de.buc","article_published_time":"2024-11-21T03:00:00+00:00","article_modified_time":"2024-11-22T07:22:44+00:00","og_image":[{"width":2000,"height":1333,"url":"https:\/\/buletin.de\/bucuresti\/wp-content\/uploads\/Ciprian-Ciucu-pansiv-INQUAM-Malina-Norocea.jpg","type":"image\/jpeg"}],"author":"Ionu\u021b Lepa","twitter_card":"summary_large_image","twitter_misc":{"Written by":"Ionu\u021b Lepa","Estimated reading time":"6 minutes"},"schema":{"@context":"https:\/\/schema.org","@graph":[{"@type":"Article","@id":"https:\/\/buletin.de\/bucuresti\/referendum-bucuresti-ce-cred-primarii-de-sector-despre-initiativa-lui-nicusor-dan-i\/#article","isPartOf":{"@id":"https:\/\/buletin.de\/bucuresti\/referendum-bucuresti-ce-cred-primarii-de-sector-despre-initiativa-lui-nicusor-dan-i\/"},"author":{"name":"Ionu\u021b Lepa","@id":"https:\/\/buletin.de\/bucuresti\/#\/schema\/person\/5272b8a057b33890940b57b837fc4ce6"},"headline":"Referendum Bucure\u015fti | Ce cred primarii de sector despre ini\u0163iativa lui Nicu\u015for Dan (I)","datePublished":"2024-11-21T03:00:00+00:00","dateModified":"2024-11-22T07:22:44+00:00","mainEntityOfPage":{"@id":"https:\/\/buletin.de\/bucuresti\/referendum-bucuresti-ce-cred-primarii-de-sector-despre-initiativa-lui-nicusor-dan-i\/"},"wordCount":1385,"publisher":{"@id":"https:\/\/buletin.de\/bucuresti\/#organization"},"image":{"@id":"https:\/\/buletin.de\/bucuresti\/referendum-bucuresti-ce-cred-primarii-de-sector-despre-initiativa-lui-nicusor-dan-i\/#primaryimage"},"thumbnailUrl":"https:\/\/buletin.de\/bucuresti\/wp-content\/uploads\/Ciprian-Ciucu-pansiv-INQUAM-Malina-Norocea.jpg","keywords":["ciprian ciucu","intrebare buget referendum","intrebare droguri referendum","intrebari urbanism referendum","nicusor dan","parere primari sector referendum","referendum bucuresti","Sector 6"],"articleSection":["Articole","Interviu","Main","Politic","Prim\u0103rie"],"inLanguage":"en-GB","copyrightYear":"2024","copyrightHolder":{"@id":"https:\/\/buletin.de\/bucuresti\/#organization"}},{"@type":"WebPage","@id":"https:\/\/buletin.de\/bucuresti\/referendum-bucuresti-ce-cred-primarii-de-sector-despre-initiativa-lui-nicusor-dan-i\/","url":"https:\/\/buletin.de\/bucuresti\/referendum-bucuresti-ce-cred-primarii-de-sector-despre-initiativa-lui-nicusor-dan-i\/","name":"Referendum Bucure\u015fti | Ce cred primarii de sector despre ini\u0163iativa lui Nicu\u015for Dan (I) - Buletin de Bucure\u0219ti","isPartOf":{"@id":"https:\/\/buletin.de\/bucuresti\/#website"},"primaryImageOfPage":{"@id":"https:\/\/buletin.de\/bucuresti\/referendum-bucuresti-ce-cred-primarii-de-sector-despre-initiativa-lui-nicusor-dan-i\/#primaryimage"},"image":{"@id":"https:\/\/buletin.de\/bucuresti\/referendum-bucuresti-ce-cred-primarii-de-sector-despre-initiativa-lui-nicusor-dan-i\/#primaryimage"},"thumbnailUrl":"https:\/\/buletin.de\/bucuresti\/wp-content\/uploads\/Ciprian-Ciucu-pansiv-INQUAM-Malina-Norocea.jpg","datePublished":"2024-11-21T03:00:00+00:00","dateModified":"2024-11-22T07:22:44+00:00","description":"Ce cred primarii despre ini\u0163iativa lui Nicu\u015for Dan cu referendumul. Ciprian Ciucu, primarul Sectorului 6, a explicat care este pozi\u021bia sa.","breadcrumb":{"@id":"https:\/\/buletin.de\/bucuresti\/referendum-bucuresti-ce-cred-primarii-de-sector-despre-initiativa-lui-nicusor-dan-i\/#breadcrumb"},"inLanguage":"en-GB","potentialAction":[{"@type":"ReadAction","target":["https:\/\/buletin.de\/bucuresti\/referendum-bucuresti-ce-cred-primarii-de-sector-despre-initiativa-lui-nicusor-dan-i\/"]}]},{"@type":"ImageObject","inLanguage":"en-GB","@id":"https:\/\/buletin.de\/bucuresti\/referendum-bucuresti-ce-cred-primarii-de-sector-despre-initiativa-lui-nicusor-dan-i\/#primaryimage","url":"https:\/\/buletin.de\/bucuresti\/wp-content\/uploads\/Ciprian-Ciucu-pansiv-INQUAM-Malina-Norocea.jpg","contentUrl":"https:\/\/buletin.de\/bucuresti\/wp-content\/uploads\/Ciprian-Ciucu-pansiv-INQUAM-Malina-Norocea.jpg","width":2000,"height":1333,"caption":"Ce crede Ciprian Ciucu despre ini\u0163iativa lui Nicu\u015for Dan. FOTO: M\u0103lina Norocea, INQUAM"},{"@type":"BreadcrumbList","@id":"https:\/\/buletin.de\/bucuresti\/referendum-bucuresti-ce-cred-primarii-de-sector-despre-initiativa-lui-nicusor-dan-i\/#breadcrumb","itemListElement":[{"@type":"ListItem","position":1,"name":"Acas\u0103","item":"https:\/\/buletin.de\/bucuresti\/"},{"@type":"ListItem","position":2,"name":"Referendum Bucure\u015fti | Ce cred primarii de sector despre ini\u0163iativa lui Nicu\u015for Dan (I)"}]},{"@type":"WebSite","@id":"https:\/\/buletin.de\/bucuresti\/#website","url":"https:\/\/buletin.de\/bucuresti\/","name":"Buletin de Bucure\u0219ti","description":"\u0218tiri \u0219i investiga\u021bii esen\u021biale din capital\u0103","publisher":{"@id":"https:\/\/buletin.de\/bucuresti\/#organization"},"potentialAction":[{"@type":"SearchAction","target":{"@type":"EntryPoint","urlTemplate":"https:\/\/buletin.de\/bucuresti\/?s={search_term_string}"},"query-input":{"@type":"PropertyValueSpecification","valueRequired":true,"valueName":"search_term_string"}}],"inLanguage":"en-GB"},{"@type":"Organization","@id":"https:\/\/buletin.de\/bucuresti\/#organization","name":"Buletin de Bucure\u0219ti","url":"https:\/\/buletin.de\/bucuresti\/","logo":{"@type":"ImageObject","inLanguage":"en-GB","@id":"https:\/\/buletin.de\/bucuresti\/#\/schema\/logo\/image\/","url":"https:\/\/buletin.de\/bucuresti\/wp-content\/uploads\/logo-bdb-full-wide-vernil-transparent.png","contentUrl":"https:\/\/buletin.de\/bucuresti\/wp-content\/uploads\/logo-bdb-full-wide-vernil-transparent.png","width":1782,"height":626,"caption":"Buletin de Bucure\u0219ti"},"image":{"@id":"https:\/\/buletin.de\/bucuresti\/#\/schema\/logo\/image\/"},"sameAs":["https:\/\/www.facebook.com\/buletin.de.buc","https:\/\/www.instagram.com\/buletinde.bucuresti\/"]},{"@type":"Person","@id":"https:\/\/buletin.de\/bucuresti\/#\/schema\/person\/5272b8a057b33890940b57b837fc4ce6","name":"Ionu\u021b Lepa","image":{"@type":"ImageObject","inLanguage":"en-GB","@id":"https:\/\/buletin.de\/bucuresti\/wp-content\/uploads\/Ionut-Lepa-96x96.jpg5c4e4d9e049808799a8821652d2410a4","url":"https:\/\/buletin.de\/bucuresti\/wp-content\/uploads\/Ionut-Lepa-96x96.jpg","contentUrl":"https:\/\/buletin.de\/bucuresti\/wp-content\/uploads\/Ionut-Lepa-96x96.jpg","caption":"Ionu\u021b Lepa"},"url":"https:\/\/buletin.de\/bucuresti\/author\/ionutlepa\/"}]}},"authors":[{"term_id":22586,"user_id":8,"is_guest":0,"slug":"ionutlepa","display_name":"Ionu\u021b Lepa","avatar_url":"https:\/\/buletin.de\/bucuresti\/wp-content\/uploads\/Ionut-Lepa-96x96.jpg","0":null,"1":"","2":"","3":"","4":"","5":"","6":"","7":"","8":""}],"_links":{"self":[{"href":"https:\/\/buletin.de\/bucuresti\/wp-json\/wp\/v2\/posts\/107175","targetHints":{"allow":["GET"]}}],"collection":[{"href":"https:\/\/buletin.de\/bucuresti\/wp-json\/wp\/v2\/posts"}],"about":[{"href":"https:\/\/buletin.de\/bucuresti\/wp-json\/wp\/v2\/types\/post"}],"author":[{"embeddable":true,"href":"https:\/\/buletin.de\/bucuresti\/wp-json\/wp\/v2\/users\/8"}],"replies":[{"embeddable":true,"href":"https:\/\/buletin.de\/bucuresti\/wp-json\/wp\/v2\/comments?post=107175"}],"version-history":[{"count":4,"href":"https:\/\/buletin.de\/bucuresti\/wp-json\/wp\/v2\/posts\/107175\/revisions"}],"predecessor-version":[{"id":107459,"href":"https:\/\/buletin.de\/bucuresti\/wp-json\/wp\/v2\/posts\/107175\/revisions\/107459"}],"wp:featuredmedia":[{"embeddable":true,"href":"https:\/\/buletin.de\/bucuresti\/wp-json\/wp\/v2\/media\/107193"}],"wp:attachment":[{"href":"https:\/\/buletin.de\/bucuresti\/wp-json\/wp\/v2\/media?parent=107175"}],"wp:term":[{"taxonomy":"category","embeddable":true,"href":"https:\/\/buletin.de\/bucuresti\/wp-json\/wp\/v2\/categories?post=107175"},{"taxonomy":"post_tag","embeddable":true,"href":"https:\/\/buletin.de\/bucuresti\/wp-json\/wp\/v2\/tags?post=107175"},{"taxonomy":"author","embeddable":true,"href":"https:\/\/buletin.de\/bucuresti\/wp-json\/wp\/v2\/ppma_author?post=107175"}],"curies":[{"name":"wp","href":"https:\/\/api.w.org\/{rel}","templated":true}]}}