{"id":107143,"date":"2024-11-20T13:14:06","date_gmt":"2024-11-20T10:14:06","guid":{"rendered":"https:\/\/buletin.de\/bucuresti\/?p=107143"},"modified":"2024-11-20T13:40:40","modified_gmt":"2024-11-20T10:40:40","slug":"sector-5-mircea-horatiu-nicolaidis-ramane-viceprimar-inca-un-mandat-al-doilea-viceprimar-a-fost-inlocuit","status":"publish","type":"post","link":"https:\/\/buletin.de\/bucuresti\/sector-5-mircea-horatiu-nicolaidis-ramane-viceprimar-inca-un-mandat-al-doilea-viceprimar-a-fost-inlocuit\/","title":{"rendered":"Sector 5 | Mircea-Hora\u021biu Nicolaidis r\u0103m\u00e2ne viceprimar \u00eenc\u0103 un mandat. Al doilea viceprimar a fost \u00eenlocuit"},"content":{"rendered":"\n<p><strong>Mircea-Hora\u021biu Nicolaidis r\u0103m\u00e2ne viceprimar al Sectorului 5 pentru \u00eenc\u0103 un mandat. Consiliul Local a votat \u0219i un al doilea viceprimar, \u00een persoana lui Alexandru Sebastian Lazarov.<\/strong><\/p>\n\n\n\n<h2 class=\"wp-block-heading\" id=\"h-cine-este-mircea-hora\u021biu-nicolaidis\">Cine este Mircea-Hora\u021biu Nicolaidis<\/h2>\n\n\n\n<p><strong>A devenit consilier local, apoi viceprimar al Sectorului 5 \u00een 2020, pe listele Partidului Puterii Umaniste, din care f\u0103cea parte \u0219i Piedone. Forma\u021biuna a fost fondat\u0103 de Dan Voiculescu.<\/strong><\/p>\n\n\n\n<p>Nicolaidis are o rela\u021bie profesional\u0103 veche cu fostul primar al Sectorului 5, Cristian Popescu Piedone, cu care a lucrat timp de peste 20 de ani, \u00eenc\u0103 de c\u00e2nd acesta din urm\u0103 era angajat al Prim\u0103riei Sectorului 6. <\/p>\n\n\n\n<p>\u00centre 1996 \u0219i 2004, Mircea-Hora\u021biu Nicolaidis a fost \u0219eful Administra\u021biei Pie\u021belor Sector 6, iar \u00een perioada 2000-2004, Cristian Popescu Piedone a de\u021binut func\u021bia de consilier general \u0219i inspector la Prim\u0103ria Sectorului 6, scria <strong><a href=\"https:\/\/www.libertatea.ro\/stiri\/cine-este-mircea-horatiu-nicolaidis-succesorul-lui-piedone-primaria-sectorului-5-4125394\" target=\"_blank\" rel=\"noreferrer noopener\">Libertatea<\/a><\/strong>.<\/p>\n\n\n\n<p>\u00cen 2005, actualul viceprimar \u0219i-a muat activitatea la Sectorul 4, \u00een cadrul DGASPC. Timp de un an a fost inspector de specialitate \u00een cadrul Serviciului Corp Control, iar \u00een perioada 2006-2009 a fost directorul executiv adjunct al DGASPC Sector 4, pentru ca p\u00e2n\u0103 \u00een 2017 s\u0103 de\u021bin\u0103 func\u021bia de director al institu\u021biei.\u00a0<\/p>\n\n\n\n<p><strong>Din 2008 p\u00e2n\u0103 \u00een 2015, a lucrat din nou cu Cristian Popescu Piedone, care devenise primar al Sectorului 4.<\/strong><\/p>\n\n\n\n<p>CITE\u0218TE \u0218I: <strong><a href=\"https:\/\/buletin.de\/bucuresti\/ce-promit-partidele-pentru-bucuresti-daca-ajung-la-guvernare-idei-reimpachetate-pentru-pentru-trenuri-metropolitane-si-metrou\/\" target=\"_blank\" rel=\"noreferrer noopener\">Ce promit partidele pentru Bucure\u0219ti, dac\u0103 ajung la guvernare: idei re\u00eempachetate pentru pentru trenuri metropolitane \u0219i metrou<\/a><\/strong><\/p>\n\n\n\n<h2 class=\"wp-block-heading\" id=\"h-mircea-hora\u021biu-nicolaidis-ramane-viceprimar-lipit-de-cristian-popescu-piedone-inclusiv-la-penitenciar\">Mircea-Hora\u021biu Nicolaidis r\u0103m\u00e2ne viceprimar. Lipit de Cristian Popescu Piedone, inclusiv la penitenciar<\/h2>\n\n\n\n<p>\u00cen 2014, Mircea-Hora\u021biu Nicolaidis a fost implicat \u00eentr-un scandal public, dup\u0103 ce \u0219ase persoane cu dizabilit\u0103\u021bi mintale, aflate \u00een grija DGASPC 4, au murit \u00eentr-un centru ilegal din Breaza. <\/p>\n\n\n\n<p>Cazul a fost investigat de pres\u0103 \u0219i s-a descoperit c\u0103 decesul unei singure persoane era \u00eenregistrat la Breaza \u2013 restul, la sectorul 4 din Bucure\u0219ti \u2013 pentru c\u0103 nimeni nu a anun\u021bat autorit\u0103\u021bile judiciare \u00een cazul niciuneia dintre mor\u021bi, mai scrie Libertatea. <\/p>\n\n\n\n<p>A plecat de la Prim\u0103ria Sector 4 o dat\u0103 cu Piedone, care a demisionat dup\u0103 tragedia de la Colectiv, \u0219i a devenit consilier la Administra\u021bia Porturilor Dun\u0103rii Giurgiu.\u00a0<\/p>\n\n\n\n<p><strong>A revenit \u00een administra\u021bia public\u0103 din Bucure\u0219ti o dat\u0103 cu Cristian Popescu Piedone, care a fost ales, \u00een 2020, primar al Sectorului 5. <\/strong><\/p>\n\n\n\n<p>Dup\u0103 ce Piedone a fost condamnat la 4 ani de \u00eenchisoare, pentru implicarea sa \u00een moartea celor 65 de tineri \u00een incendiul de la Colectiv, \u00een 2022, Mircea-Hora\u021biu Nicolaidis<a href=\"https:\/\/www.libertatea.ro\/stiri\/cine-este-mircea-horatiu-nicolaidis-succesorul-lui-piedone-primaria-sectorului-5-4125394\" target=\"_blank\" rel=\"noreferrer noopener\"> a mers la poarta penitenciarului <\/a>unde era \u00eenchis primarul, pentru a-\u0219i declara sus\u021binerea pentru acesta. <\/p>\n\n\n\n<p>Ulterior, a asigurat conducerea interimar\u0103 a Prim\u0103riei Sector 5, p\u00e2n\u0103 la organizarea de noi alegeri. <\/p>\n\n\n\n<p>CITE\u0218TE \u0218I: <strong><a href=\"https:\/\/buletin.de\/bucuresti\/investigatie-virusul-soacra-care-a-dus-la-furtul-bazei-de-date-din-sectorul-5-mentenanta-site-urilor-primariei-lui-piedone-facuta-de-familia-purtatoarei-de-cuvant\/\" target=\"_blank\" rel=\"noreferrer noopener\">INVESTIGA\u021aIE | \u201eVirusul soacra\u201d care a dus la furtul bazei de date din Sectorul 5. Mentenan\u021ba site-urilor Prim\u0103riei lui Piedone, f\u0103cut\u0103 de familia purt\u0103toarei de cuv\u00e2nt<\/a><\/strong><\/p>\n\n\n\n<p>Noul consiliu local al Sectorului 5 a decis, \u00een \u0219edin\u021ba de mar\u021bi, 19 noiembrie, c\u0103 Mircea-Hora\u021biu Nicolaidis r\u0103m\u00e2ne viceprimar \u00eenc\u0103 patru ani. Acum, va lucra cu fiul partenerului s\u0103u, Vlad Popescu Piedone.<\/p>\n\n\n\n<h2 class=\"wp-block-heading\" id=\"h-cine-este-alexandru-sebastian-lazarov\">Cine este Alexandru Sebastian Lazarov<\/h2>\n\n\n\n<p><strong>Sebastian Alexandru Lazarov\u00a0este membru PSD \u0219i a devenit consilier local la Sectorul 5 din partea PSD-PNL. Este la al treilea mandat de consilier local \u0219i la primul mandat de viceprimar. <\/strong><\/p>\n\n\n\n<p>\u00cen 2016, a candidat, pe listele Uniunii Na\u021bionale pentru Progresul Rom\u00e2niei (UNPR), tot pentru un post de consilier local la Sectorul 5, conform publica\u021biei <a href=\"https:\/\/lumeapolitica.ro\/social-democrat\/sebastian-alexandru-lazarov\/\" target=\"_blank\" rel=\"noreferrer noopener\">Lumea Politic\u0103<\/a>.<\/p>\n\n\n\n<figure class=\"wp-block-image size-large\"><img fetchpriority=\"high\" decoding=\"async\" width=\"900\" height=\"625\" src=\"data:image\/gif;base64,R0lGODlhAQABAAAAACH5BAEKAAEALAAAAAABAAEAAAICTAEAOw==\" data-src=\"https:\/\/buletin.de\/bucuresti\/wp-content\/uploads\/lazarov-900x625.jpg\" alt=\"Sebastian Alexandru Lazarov. Foto FB Sebastian Alexandru Lazarov\" class=\"wp-image-107159 lazyload\" data-sizes=\"auto\" data-srcset=\"https:\/\/buletin.de\/bucuresti\/wp-content\/uploads\/lazarov-900x625.jpg 900w, https:\/\/buletin.de\/bucuresti\/wp-content\/uploads\/lazarov-300x208.jpg 300w, https:\/\/buletin.de\/bucuresti\/wp-content\/uploads\/lazarov-768x533.jpg 768w, https:\/\/buletin.de\/bucuresti\/wp-content\/uploads\/lazarov-1100x763.jpg 1100w, https:\/\/buletin.de\/bucuresti\/wp-content\/uploads\/lazarov-600x416.jpg 600w, https:\/\/buletin.de\/bucuresti\/wp-content\/uploads\/lazarov-20x14.jpg 20w, https:\/\/buletin.de\/bucuresti\/wp-content\/uploads\/lazarov.jpg 1536w\" sizes=\"(max-width: 900px) 100vw, 900px\" \/><figcaption class=\"wp-element-caption\">Sebastian Alexandru Lazarov. Foto FB Sebastian Alexandru Lazarov<\/figcaption><\/figure>\n\n\n\n<p><strong>A lucrat \u00een mediul privat p\u00e2n\u0103 \u00een 2015, c\u00e2nd a fost numit pentru doi ani la conducerea Biroului de Turism pentru Tineret. Din 2016 \u00een 2018, a fost administrator financiar la Politehnica\u00a0Bucure\u0219ti. <\/strong><\/p>\n\n\n\n<p>Din 2018 \u00een 2020, a fost pre\u0219edintele Consiliului de Administra\u021bie de la Teltrans, compania de telecomunica\u021bii a Transelectrica. Apoi, a revenit la conducerea Biroului de Turism pentru Tineret.<\/p>\n\n\n\n<p><strong>\u00cen paralel, a activat \u0219i \u00een cadrul Universit\u0103\u021bii Poliotehnice Bucure\u0219ti, vreme de cinci ani, direct sub coordonarea rectorului.<\/strong><\/p>\n\n\n\n<p>\u00cen 2022, pe vremea c\u00e2nd se afla la al doilea mandat \u00een consiliul local al Sectorului 5, Sebastian Alexandru Lazarov a f\u0103cut devenit director general al Centrului Cultural, pe care l-a condus vreme de un an de zile, noteaz\u0103 Lumea Politic\u0103.<\/p>\n\n\n\n<p><strong>\u00cen mandatul de prefect al lui Rare\u0219 Hopinc\u0103, Alexandru Lazarov a fost directorul Cancelariei Prefectului\u00a0\u00a0Capitalei.<\/strong><\/p>\n\n\n\n<p>Alexandru Lazarov a fost membru \u00een comisia de Urbanism \u0219i \u00een comisia de Educa\u021bie. Politicianul a condus, p\u00e2n\u0103 la renun\u021barea la mandatul de consilier local, \u00een mandatul 2020-2024, Comisia de Protec\u021bie a Mediului.<\/p>\n\n\n\n<p><br><\/p>\n","protected":false},"excerpt":{"rendered":"<p>Mircea-Hora\u021biu Nicolaidis r\u0103m\u00e2ne viceprimar al Sectorului 5 pentru \u00eenc\u0103 un mandat. Consiliul Local a votat \u0219i un al doilea viceprimar, \u00een persoana lui Alexandru Sebastian Lazarov. Cine este Mircea-Hora\u021biu Nicolaidis A devenit consilier local, apoi viceprimar al Sectorului 5 \u00een 2020, pe listele Partidului Puterii Umaniste, din care f\u0103cea parte \u0219i Piedone. Forma\u021biuna a fost [&hellip;]<\/p>\n","protected":false},"author":60,"featured_media":107146,"comment_status":"closed","ping_status":"open","sticky":false,"template":"","format":"standard","meta":{"_acf_changed":false,"inline_featured_image":false,"ngg_post_thumbnail":0,"footnotes":""},"categories":[6994,5762,24],"tags":[16991,16989,16707,1998,188,16990],"ppma_author":[22582],"class_list":["post-107143","post","type-post","status-publish","format-standard","has-post-thumbnail","hentry","category-stiri-2","category-main","category-primarie","tag-alexandru-lazarov","tag-mircea-horatiu-nicolaidis","tag-nicolaidis","tag-primaria-sector-5","tag-sector-5","tag-viceprimar-sector-5"],"acf":[],"yoast_head":"<!-- This site is optimized with the Yoast SEO Premium plugin v25.3 (Yoast SEO v27.4) - https:\/\/yoast.com\/product\/yoast-seo-premium-wordpress\/ -->\n<title>Sector 5 | Mircea-Hora\u021biu Nicolaidis r\u0103m\u00e2ne viceprimar \u00eenc\u0103 un mandat. Al doilea viceprimar a fost \u00eenlocuit - Buletin de Bucure\u0219ti<\/title>\n<meta name=\"description\" content=\"Mircea-Hora\u021biu Nicolaidis r\u0103m\u00e2ne viceprimar al Sectorului 5 pentru \u00eenc\u0103 un mandat. Consiliul Local a votat \u0219i un al doilea viceprimar.\" \/>\n<meta name=\"robots\" content=\"index, follow, max-snippet:-1, max-image-preview:large, max-video-preview:-1\" \/>\n<link rel=\"canonical\" href=\"https:\/\/buletin.de\/bucuresti\/sector-5-mircea-horatiu-nicolaidis-ramane-viceprimar-inca-un-mandat-al-doilea-viceprimar-a-fost-inlocuit\/\" \/>\n<meta property=\"og:locale\" content=\"en_GB\" \/>\n<meta property=\"og:type\" content=\"article\" \/>\n<meta property=\"og:title\" content=\"Sector 5 | Mircea-Hora\u021biu Nicolaidis r\u0103m\u00e2ne viceprimar \u00eenc\u0103 un mandat. Al doilea viceprimar a fost \u00eenlocuit\" \/>\n<meta property=\"og:description\" content=\"Mircea-Hora\u021biu Nicolaidis r\u0103m\u00e2ne viceprimar al Sectorului 5 pentru \u00eenc\u0103 un mandat. Consiliul Local a votat \u0219i un al doilea viceprimar.\" \/>\n<meta property=\"og:url\" content=\"https:\/\/buletin.de\/bucuresti\/sector-5-mircea-horatiu-nicolaidis-ramane-viceprimar-inca-un-mandat-al-doilea-viceprimar-a-fost-inlocuit\/\" \/>\n<meta property=\"og:site_name\" content=\"Buletin de Bucure\u0219ti\" \/>\n<meta property=\"article:publisher\" content=\"https:\/\/www.facebook.com\/buletin.de.buc\" \/>\n<meta property=\"article:published_time\" content=\"2024-11-20T10:14:06+00:00\" \/>\n<meta property=\"article:modified_time\" content=\"2024-11-20T10:40:40+00:00\" \/>\n<meta property=\"og:image\" content=\"https:\/\/buletin.de\/bucuresti\/wp-content\/uploads\/nicolaidis.webp\" \/>\n\t<meta property=\"og:image:width\" content=\"1260\" \/>\n\t<meta property=\"og:image:height\" content=\"708\" \/>\n\t<meta property=\"og:image:type\" content=\"image\/webp\" \/>\n<meta name=\"author\" content=\"R\u0103zvan Chiru\u021b\u0103\" \/>\n<meta name=\"twitter:card\" content=\"summary_large_image\" \/>\n<meta name=\"twitter:label1\" content=\"Written by\" \/>\n\t<meta name=\"twitter:data1\" content=\"R\u0103zvan Chiru\u021b\u0103\" \/>\n\t<meta name=\"twitter:label2\" content=\"Estimated reading time\" \/>\n\t<meta name=\"twitter:data2\" content=\"4 minutes\" \/>\n<script type=\"application\/ld+json\" class=\"yoast-schema-graph\">{\"@context\":\"https:\\\/\\\/schema.org\",\"@graph\":[{\"@type\":\"Article\",\"@id\":\"https:\\\/\\\/buletin.de\\\/bucuresti\\\/sector-5-mircea-horatiu-nicolaidis-ramane-viceprimar-inca-un-mandat-al-doilea-viceprimar-a-fost-inlocuit\\\/#article\",\"isPartOf\":{\"@id\":\"https:\\\/\\\/buletin.de\\\/bucuresti\\\/sector-5-mircea-horatiu-nicolaidis-ramane-viceprimar-inca-un-mandat-al-doilea-viceprimar-a-fost-inlocuit\\\/\"},\"author\":{\"name\":\"R\u0103zvan Chiru\u021b\u0103\",\"@id\":\"https:\\\/\\\/buletin.de\\\/bucuresti\\\/#\\\/schema\\\/person\\\/a76df728dfc913795a9d90e346b253bb\"},\"headline\":\"Sector 5 | Mircea-Hora\u021biu Nicolaidis r\u0103m\u00e2ne viceprimar \u00eenc\u0103 un mandat. Al doilea viceprimar a fost \u00eenlocuit\",\"datePublished\":\"2024-11-20T10:14:06+00:00\",\"dateModified\":\"2024-11-20T10:40:40+00:00\",\"mainEntityOfPage\":{\"@id\":\"https:\\\/\\\/buletin.de\\\/bucuresti\\\/sector-5-mircea-horatiu-nicolaidis-ramane-viceprimar-inca-un-mandat-al-doilea-viceprimar-a-fost-inlocuit\\\/\"},\"wordCount\":758,\"publisher\":{\"@id\":\"https:\\\/\\\/buletin.de\\\/bucuresti\\\/#organization\"},\"image\":{\"@id\":\"https:\\\/\\\/buletin.de\\\/bucuresti\\\/sector-5-mircea-horatiu-nicolaidis-ramane-viceprimar-inca-un-mandat-al-doilea-viceprimar-a-fost-inlocuit\\\/#primaryimage\"},\"thumbnailUrl\":\"https:\\\/\\\/buletin.de\\\/bucuresti\\\/wp-content\\\/uploads\\\/nicolaidis.webp\",\"keywords\":[\"alexandru lazarov\",\"mircea horatiu nicolaidis\",\"nicolaidis\",\"primaria sector 5\",\"Sector 5\",\"viceprimar sector 5\"],\"articleSection\":[\"Articole\",\"Main\",\"Prim\u0103rie\"],\"inLanguage\":\"en-GB\",\"copyrightYear\":\"2024\",\"copyrightHolder\":{\"@id\":\"https:\\\/\\\/buletin.de\\\/bucuresti\\\/#organization\"}},{\"@type\":\"WebPage\",\"@id\":\"https:\\\/\\\/buletin.de\\\/bucuresti\\\/sector-5-mircea-horatiu-nicolaidis-ramane-viceprimar-inca-un-mandat-al-doilea-viceprimar-a-fost-inlocuit\\\/\",\"url\":\"https:\\\/\\\/buletin.de\\\/bucuresti\\\/sector-5-mircea-horatiu-nicolaidis-ramane-viceprimar-inca-un-mandat-al-doilea-viceprimar-a-fost-inlocuit\\\/\",\"name\":\"Sector 5 | Mircea-Hora\u021biu Nicolaidis r\u0103m\u00e2ne viceprimar \u00eenc\u0103 un mandat. Al doilea viceprimar a fost \u00eenlocuit - Buletin de Bucure\u0219ti\",\"isPartOf\":{\"@id\":\"https:\\\/\\\/buletin.de\\\/bucuresti\\\/#website\"},\"primaryImageOfPage\":{\"@id\":\"https:\\\/\\\/buletin.de\\\/bucuresti\\\/sector-5-mircea-horatiu-nicolaidis-ramane-viceprimar-inca-un-mandat-al-doilea-viceprimar-a-fost-inlocuit\\\/#primaryimage\"},\"image\":{\"@id\":\"https:\\\/\\\/buletin.de\\\/bucuresti\\\/sector-5-mircea-horatiu-nicolaidis-ramane-viceprimar-inca-un-mandat-al-doilea-viceprimar-a-fost-inlocuit\\\/#primaryimage\"},\"thumbnailUrl\":\"https:\\\/\\\/buletin.de\\\/bucuresti\\\/wp-content\\\/uploads\\\/nicolaidis.webp\",\"datePublished\":\"2024-11-20T10:14:06+00:00\",\"dateModified\":\"2024-11-20T10:40:40+00:00\",\"description\":\"Mircea-Hora\u021biu Nicolaidis r\u0103m\u00e2ne viceprimar al Sectorului 5 pentru \u00eenc\u0103 un mandat. Consiliul Local a votat \u0219i un al doilea viceprimar.\",\"breadcrumb\":{\"@id\":\"https:\\\/\\\/buletin.de\\\/bucuresti\\\/sector-5-mircea-horatiu-nicolaidis-ramane-viceprimar-inca-un-mandat-al-doilea-viceprimar-a-fost-inlocuit\\\/#breadcrumb\"},\"inLanguage\":\"en-GB\",\"potentialAction\":[{\"@type\":\"ReadAction\",\"target\":[\"https:\\\/\\\/buletin.de\\\/bucuresti\\\/sector-5-mircea-horatiu-nicolaidis-ramane-viceprimar-inca-un-mandat-al-doilea-viceprimar-a-fost-inlocuit\\\/\"]}]},{\"@type\":\"ImageObject\",\"inLanguage\":\"en-GB\",\"@id\":\"https:\\\/\\\/buletin.de\\\/bucuresti\\\/sector-5-mircea-horatiu-nicolaidis-ramane-viceprimar-inca-un-mandat-al-doilea-viceprimar-a-fost-inlocuit\\\/#primaryimage\",\"url\":\"https:\\\/\\\/buletin.de\\\/bucuresti\\\/wp-content\\\/uploads\\\/nicolaidis.webp\",\"contentUrl\":\"https:\\\/\\\/buletin.de\\\/bucuresti\\\/wp-content\\\/uploads\\\/nicolaidis.webp\",\"width\":1260,\"height\":708,\"caption\":\"Mircea-Hora\u021biu Nicolaidis r\u0103m\u00e2ne viceprimar \u00eenc\u0103 un mandat. Foto: Inquam Photos \\\/ Octav Ganea\"},{\"@type\":\"BreadcrumbList\",\"@id\":\"https:\\\/\\\/buletin.de\\\/bucuresti\\\/sector-5-mircea-horatiu-nicolaidis-ramane-viceprimar-inca-un-mandat-al-doilea-viceprimar-a-fost-inlocuit\\\/#breadcrumb\",\"itemListElement\":[{\"@type\":\"ListItem\",\"position\":1,\"name\":\"Acas\u0103\",\"item\":\"https:\\\/\\\/buletin.de\\\/bucuresti\\\/\"},{\"@type\":\"ListItem\",\"position\":2,\"name\":\"Sector 5 | Mircea-Hora\u021biu Nicolaidis r\u0103m\u00e2ne viceprimar \u00eenc\u0103 un mandat. Al doilea viceprimar a fost \u00eenlocuit\"}]},{\"@type\":\"WebSite\",\"@id\":\"https:\\\/\\\/buletin.de\\\/bucuresti\\\/#website\",\"url\":\"https:\\\/\\\/buletin.de\\\/bucuresti\\\/\",\"name\":\"Buletin de Bucure\u0219ti\",\"description\":\"\u0218tiri \u0219i investiga\u021bii esen\u021biale din capital\u0103\",\"publisher\":{\"@id\":\"https:\\\/\\\/buletin.de\\\/bucuresti\\\/#organization\"},\"potentialAction\":[{\"@type\":\"SearchAction\",\"target\":{\"@type\":\"EntryPoint\",\"urlTemplate\":\"https:\\\/\\\/buletin.de\\\/bucuresti\\\/?s={search_term_string}\"},\"query-input\":{\"@type\":\"PropertyValueSpecification\",\"valueRequired\":true,\"valueName\":\"search_term_string\"}}],\"inLanguage\":\"en-GB\"},{\"@type\":\"Organization\",\"@id\":\"https:\\\/\\\/buletin.de\\\/bucuresti\\\/#organization\",\"name\":\"Buletin de Bucure\u0219ti\",\"url\":\"https:\\\/\\\/buletin.de\\\/bucuresti\\\/\",\"logo\":{\"@type\":\"ImageObject\",\"inLanguage\":\"en-GB\",\"@id\":\"https:\\\/\\\/buletin.de\\\/bucuresti\\\/#\\\/schema\\\/logo\\\/image\\\/\",\"url\":\"https:\\\/\\\/buletin.de\\\/bucuresti\\\/wp-content\\\/uploads\\\/logo-bdb-full-wide-vernil-transparent.png\",\"contentUrl\":\"https:\\\/\\\/buletin.de\\\/bucuresti\\\/wp-content\\\/uploads\\\/logo-bdb-full-wide-vernil-transparent.png\",\"width\":1782,\"height\":626,\"caption\":\"Buletin de Bucure\u0219ti\"},\"image\":{\"@id\":\"https:\\\/\\\/buletin.de\\\/bucuresti\\\/#\\\/schema\\\/logo\\\/image\\\/\"},\"sameAs\":[\"https:\\\/\\\/www.facebook.com\\\/buletin.de.buc\",\"https:\\\/\\\/www.instagram.com\\\/buletinde.bucuresti\\\/\"]},{\"@type\":\"Person\",\"@id\":\"https:\\\/\\\/buletin.de\\\/bucuresti\\\/#\\\/schema\\\/person\\\/a76df728dfc913795a9d90e346b253bb\",\"name\":\"R\u0103zvan Chiru\u021b\u0103\",\"image\":{\"@type\":\"ImageObject\",\"inLanguage\":\"en-GB\",\"@id\":\"https:\\\/\\\/buletin.de\\\/bucuresti\\\/wp-content\\\/uploads\\\/Razvan-Chiruta-96x96.jpge7143b996fd4241fbd6ee1f6b6b7b267\",\"url\":\"https:\\\/\\\/buletin.de\\\/bucuresti\\\/wp-content\\\/uploads\\\/Razvan-Chiruta-96x96.jpg\",\"contentUrl\":\"https:\\\/\\\/buletin.de\\\/bucuresti\\\/wp-content\\\/uploads\\\/Razvan-Chiruta-96x96.jpg\",\"caption\":\"R\u0103zvan Chiru\u021b\u0103\"},\"description\":\"R\u0103zvan Chiru\u021b\u0103 este redactor-\u0219ef adjunct din iulie 2024. A fost redactor-\u0219ef al PRESShub \u00eentre 2022 \u0219i iunie 2024. Anterior, a fost redactor-\u0219ef al Newsweek Rom\u00e2nia, din 2018 p\u00e2n\u0103 \u00een 2021, \u0219i al cotidianului Rom\u00e2nia liber\u0103, \u00eentre 2015 \u0219i 2017. Este absolvent de Jurnalism, \u00een cadrul Universit\u0103\u021bii \u201eAl.I.Cuza\u201d din Ia\u0219i, \u0219i a urmat un master \u00een Managementul institu\u021biilor mass-media (f\u0103r\u0103 diserta\u021bie) la Facultatea de Jurnalism \u0219i \u0218tiin\u021bele Comunic\u0103rii din cadrul Universit\u0103\u021bii din Bucure\u0219ti. \u0218i-a \u00eenceput cariera la Opinia studen\u021beasc\u0103, cunoscuta \u0219coal\u0103 de pres\u0103 din Ia\u0219i. A lucrat \u00een presa local\u0103, apoi a devenit corespondent pentru Ia\u0219i al cotidianului Evenimentul Zilei. Din 2004, a coordonat pentru \u0219ase luni sec\u021bia de coresponden\u021bi a Evenimentului Zilei. A mai lucrat la s\u0103pt\u0103m\u00e2nalul Prezent \u0219i a colaborat cu revistele Dilema Veche \u0219i Suplimentul de Cultur\u0103. Este co-autor \u00een volumele \u201eMass-media \u0219i democra\u021bia \u00een Rom\u00e2nia post-comunist\u0103\u201d (ed. a II-a), Ed. Institutul European, Ia\u0219i, 2013, \u0219i \u201eCOVID - 19. Dimensiuni ale gestionarii pandemiei\u201d, Editura Junimea, Ia\u0219i, 2020.\",\"url\":\"https:\\\/\\\/buletin.de\\\/bucuresti\\\/author\\\/razvan-chiruta\\\/\"}]}<\/script>\n<!-- \/ Yoast SEO Premium plugin. -->","yoast_head_json":{"title":"Sector 5 | Mircea-Hora\u021biu Nicolaidis r\u0103m\u00e2ne viceprimar \u00eenc\u0103 un mandat. Al doilea viceprimar a fost \u00eenlocuit - Buletin de Bucure\u0219ti","description":"Mircea-Hora\u021biu Nicolaidis r\u0103m\u00e2ne viceprimar al Sectorului 5 pentru \u00eenc\u0103 un mandat. Consiliul Local a votat \u0219i un al doilea viceprimar.","robots":{"index":"index","follow":"follow","max-snippet":"max-snippet:-1","max-image-preview":"max-image-preview:large","max-video-preview":"max-video-preview:-1"},"canonical":"https:\/\/buletin.de\/bucuresti\/sector-5-mircea-horatiu-nicolaidis-ramane-viceprimar-inca-un-mandat-al-doilea-viceprimar-a-fost-inlocuit\/","og_locale":"en_GB","og_type":"article","og_title":"Sector 5 | Mircea-Hora\u021biu Nicolaidis r\u0103m\u00e2ne viceprimar \u00eenc\u0103 un mandat. Al doilea viceprimar a fost \u00eenlocuit","og_description":"Mircea-Hora\u021biu Nicolaidis r\u0103m\u00e2ne viceprimar al Sectorului 5 pentru \u00eenc\u0103 un mandat. Consiliul Local a votat \u0219i un al doilea viceprimar.","og_url":"https:\/\/buletin.de\/bucuresti\/sector-5-mircea-horatiu-nicolaidis-ramane-viceprimar-inca-un-mandat-al-doilea-viceprimar-a-fost-inlocuit\/","og_site_name":"Buletin de Bucure\u0219ti","article_publisher":"https:\/\/www.facebook.com\/buletin.de.buc","article_published_time":"2024-11-20T10:14:06+00:00","article_modified_time":"2024-11-20T10:40:40+00:00","og_image":[{"width":1260,"height":708,"url":"https:\/\/buletin.de\/bucuresti\/wp-content\/uploads\/nicolaidis.webp","type":"image\/webp"}],"author":"R\u0103zvan Chiru\u021b\u0103","twitter_card":"summary_large_image","twitter_misc":{"Written by":"R\u0103zvan Chiru\u021b\u0103","Estimated reading time":"4 minutes"},"schema":{"@context":"https:\/\/schema.org","@graph":[{"@type":"Article","@id":"https:\/\/buletin.de\/bucuresti\/sector-5-mircea-horatiu-nicolaidis-ramane-viceprimar-inca-un-mandat-al-doilea-viceprimar-a-fost-inlocuit\/#article","isPartOf":{"@id":"https:\/\/buletin.de\/bucuresti\/sector-5-mircea-horatiu-nicolaidis-ramane-viceprimar-inca-un-mandat-al-doilea-viceprimar-a-fost-inlocuit\/"},"author":{"name":"R\u0103zvan Chiru\u021b\u0103","@id":"https:\/\/buletin.de\/bucuresti\/#\/schema\/person\/a76df728dfc913795a9d90e346b253bb"},"headline":"Sector 5 | Mircea-Hora\u021biu Nicolaidis r\u0103m\u00e2ne viceprimar \u00eenc\u0103 un mandat. Al doilea viceprimar a fost \u00eenlocuit","datePublished":"2024-11-20T10:14:06+00:00","dateModified":"2024-11-20T10:40:40+00:00","mainEntityOfPage":{"@id":"https:\/\/buletin.de\/bucuresti\/sector-5-mircea-horatiu-nicolaidis-ramane-viceprimar-inca-un-mandat-al-doilea-viceprimar-a-fost-inlocuit\/"},"wordCount":758,"publisher":{"@id":"https:\/\/buletin.de\/bucuresti\/#organization"},"image":{"@id":"https:\/\/buletin.de\/bucuresti\/sector-5-mircea-horatiu-nicolaidis-ramane-viceprimar-inca-un-mandat-al-doilea-viceprimar-a-fost-inlocuit\/#primaryimage"},"thumbnailUrl":"https:\/\/buletin.de\/bucuresti\/wp-content\/uploads\/nicolaidis.webp","keywords":["alexandru lazarov","mircea horatiu nicolaidis","nicolaidis","primaria sector 5","Sector 5","viceprimar sector 5"],"articleSection":["Articole","Main","Prim\u0103rie"],"inLanguage":"en-GB","copyrightYear":"2024","copyrightHolder":{"@id":"https:\/\/buletin.de\/bucuresti\/#organization"}},{"@type":"WebPage","@id":"https:\/\/buletin.de\/bucuresti\/sector-5-mircea-horatiu-nicolaidis-ramane-viceprimar-inca-un-mandat-al-doilea-viceprimar-a-fost-inlocuit\/","url":"https:\/\/buletin.de\/bucuresti\/sector-5-mircea-horatiu-nicolaidis-ramane-viceprimar-inca-un-mandat-al-doilea-viceprimar-a-fost-inlocuit\/","name":"Sector 5 | Mircea-Hora\u021biu Nicolaidis r\u0103m\u00e2ne viceprimar \u00eenc\u0103 un mandat. Al doilea viceprimar a fost \u00eenlocuit - Buletin de Bucure\u0219ti","isPartOf":{"@id":"https:\/\/buletin.de\/bucuresti\/#website"},"primaryImageOfPage":{"@id":"https:\/\/buletin.de\/bucuresti\/sector-5-mircea-horatiu-nicolaidis-ramane-viceprimar-inca-un-mandat-al-doilea-viceprimar-a-fost-inlocuit\/#primaryimage"},"image":{"@id":"https:\/\/buletin.de\/bucuresti\/sector-5-mircea-horatiu-nicolaidis-ramane-viceprimar-inca-un-mandat-al-doilea-viceprimar-a-fost-inlocuit\/#primaryimage"},"thumbnailUrl":"https:\/\/buletin.de\/bucuresti\/wp-content\/uploads\/nicolaidis.webp","datePublished":"2024-11-20T10:14:06+00:00","dateModified":"2024-11-20T10:40:40+00:00","description":"Mircea-Hora\u021biu Nicolaidis r\u0103m\u00e2ne viceprimar al Sectorului 5 pentru \u00eenc\u0103 un mandat. Consiliul Local a votat \u0219i un al doilea viceprimar.","breadcrumb":{"@id":"https:\/\/buletin.de\/bucuresti\/sector-5-mircea-horatiu-nicolaidis-ramane-viceprimar-inca-un-mandat-al-doilea-viceprimar-a-fost-inlocuit\/#breadcrumb"},"inLanguage":"en-GB","potentialAction":[{"@type":"ReadAction","target":["https:\/\/buletin.de\/bucuresti\/sector-5-mircea-horatiu-nicolaidis-ramane-viceprimar-inca-un-mandat-al-doilea-viceprimar-a-fost-inlocuit\/"]}]},{"@type":"ImageObject","inLanguage":"en-GB","@id":"https:\/\/buletin.de\/bucuresti\/sector-5-mircea-horatiu-nicolaidis-ramane-viceprimar-inca-un-mandat-al-doilea-viceprimar-a-fost-inlocuit\/#primaryimage","url":"https:\/\/buletin.de\/bucuresti\/wp-content\/uploads\/nicolaidis.webp","contentUrl":"https:\/\/buletin.de\/bucuresti\/wp-content\/uploads\/nicolaidis.webp","width":1260,"height":708,"caption":"Mircea-Hora\u021biu Nicolaidis r\u0103m\u00e2ne viceprimar \u00eenc\u0103 un mandat. Foto: Inquam Photos \/ Octav Ganea"},{"@type":"BreadcrumbList","@id":"https:\/\/buletin.de\/bucuresti\/sector-5-mircea-horatiu-nicolaidis-ramane-viceprimar-inca-un-mandat-al-doilea-viceprimar-a-fost-inlocuit\/#breadcrumb","itemListElement":[{"@type":"ListItem","position":1,"name":"Acas\u0103","item":"https:\/\/buletin.de\/bucuresti\/"},{"@type":"ListItem","position":2,"name":"Sector 5 | Mircea-Hora\u021biu Nicolaidis r\u0103m\u00e2ne viceprimar \u00eenc\u0103 un mandat. Al doilea viceprimar a fost \u00eenlocuit"}]},{"@type":"WebSite","@id":"https:\/\/buletin.de\/bucuresti\/#website","url":"https:\/\/buletin.de\/bucuresti\/","name":"Buletin de Bucure\u0219ti","description":"\u0218tiri \u0219i investiga\u021bii esen\u021biale din capital\u0103","publisher":{"@id":"https:\/\/buletin.de\/bucuresti\/#organization"},"potentialAction":[{"@type":"SearchAction","target":{"@type":"EntryPoint","urlTemplate":"https:\/\/buletin.de\/bucuresti\/?s={search_term_string}"},"query-input":{"@type":"PropertyValueSpecification","valueRequired":true,"valueName":"search_term_string"}}],"inLanguage":"en-GB"},{"@type":"Organization","@id":"https:\/\/buletin.de\/bucuresti\/#organization","name":"Buletin de Bucure\u0219ti","url":"https:\/\/buletin.de\/bucuresti\/","logo":{"@type":"ImageObject","inLanguage":"en-GB","@id":"https:\/\/buletin.de\/bucuresti\/#\/schema\/logo\/image\/","url":"https:\/\/buletin.de\/bucuresti\/wp-content\/uploads\/logo-bdb-full-wide-vernil-transparent.png","contentUrl":"https:\/\/buletin.de\/bucuresti\/wp-content\/uploads\/logo-bdb-full-wide-vernil-transparent.png","width":1782,"height":626,"caption":"Buletin de Bucure\u0219ti"},"image":{"@id":"https:\/\/buletin.de\/bucuresti\/#\/schema\/logo\/image\/"},"sameAs":["https:\/\/www.facebook.com\/buletin.de.buc","https:\/\/www.instagram.com\/buletinde.bucuresti\/"]},{"@type":"Person","@id":"https:\/\/buletin.de\/bucuresti\/#\/schema\/person\/a76df728dfc913795a9d90e346b253bb","name":"R\u0103zvan Chiru\u021b\u0103","image":{"@type":"ImageObject","inLanguage":"en-GB","@id":"https:\/\/buletin.de\/bucuresti\/wp-content\/uploads\/Razvan-Chiruta-96x96.jpge7143b996fd4241fbd6ee1f6b6b7b267","url":"https:\/\/buletin.de\/bucuresti\/wp-content\/uploads\/Razvan-Chiruta-96x96.jpg","contentUrl":"https:\/\/buletin.de\/bucuresti\/wp-content\/uploads\/Razvan-Chiruta-96x96.jpg","caption":"R\u0103zvan Chiru\u021b\u0103"},"description":"R\u0103zvan Chiru\u021b\u0103 este redactor-\u0219ef adjunct din iulie 2024. A fost redactor-\u0219ef al PRESShub \u00eentre 2022 \u0219i iunie 2024. Anterior, a fost redactor-\u0219ef al Newsweek Rom\u00e2nia, din 2018 p\u00e2n\u0103 \u00een 2021, \u0219i al cotidianului Rom\u00e2nia liber\u0103, \u00eentre 2015 \u0219i 2017. Este absolvent de Jurnalism, \u00een cadrul Universit\u0103\u021bii \u201eAl.I.Cuza\u201d din Ia\u0219i, \u0219i a urmat un master \u00een Managementul institu\u021biilor mass-media (f\u0103r\u0103 diserta\u021bie) la Facultatea de Jurnalism \u0219i \u0218tiin\u021bele Comunic\u0103rii din cadrul Universit\u0103\u021bii din Bucure\u0219ti. \u0218i-a \u00eenceput cariera la Opinia studen\u021beasc\u0103, cunoscuta \u0219coal\u0103 de pres\u0103 din Ia\u0219i. A lucrat \u00een presa local\u0103, apoi a devenit corespondent pentru Ia\u0219i al cotidianului Evenimentul Zilei. Din 2004, a coordonat pentru \u0219ase luni sec\u021bia de coresponden\u021bi a Evenimentului Zilei. A mai lucrat la s\u0103pt\u0103m\u00e2nalul Prezent \u0219i a colaborat cu revistele Dilema Veche \u0219i Suplimentul de Cultur\u0103. Este co-autor \u00een volumele \u201eMass-media \u0219i democra\u021bia \u00een Rom\u00e2nia post-comunist\u0103\u201d (ed. a II-a), Ed. Institutul European, Ia\u0219i, 2013, \u0219i \u201eCOVID - 19. Dimensiuni ale gestionarii pandemiei\u201d, Editura Junimea, Ia\u0219i, 2020.","url":"https:\/\/buletin.de\/bucuresti\/author\/razvan-chiruta\/"}]}},"authors":[{"term_id":22582,"user_id":60,"is_guest":0,"slug":"razvan-chiruta","display_name":"R\u0103zvan Chiru\u021b\u0103","avatar_url":"https:\/\/buletin.de\/bucuresti\/wp-content\/uploads\/Razvan-Chiruta-96x96.jpg","0":null,"1":"","2":"","3":"","4":"","5":"","6":"","7":"","8":""}],"_links":{"self":[{"href":"https:\/\/buletin.de\/bucuresti\/wp-json\/wp\/v2\/posts\/107143","targetHints":{"allow":["GET"]}}],"collection":[{"href":"https:\/\/buletin.de\/bucuresti\/wp-json\/wp\/v2\/posts"}],"about":[{"href":"https:\/\/buletin.de\/bucuresti\/wp-json\/wp\/v2\/types\/post"}],"author":[{"embeddable":true,"href":"https:\/\/buletin.de\/bucuresti\/wp-json\/wp\/v2\/users\/60"}],"replies":[{"embeddable":true,"href":"https:\/\/buletin.de\/bucuresti\/wp-json\/wp\/v2\/comments?post=107143"}],"version-history":[{"count":9,"href":"https:\/\/buletin.de\/bucuresti\/wp-json\/wp\/v2\/posts\/107143\/revisions"}],"predecessor-version":[{"id":107162,"href":"https:\/\/buletin.de\/bucuresti\/wp-json\/wp\/v2\/posts\/107143\/revisions\/107162"}],"wp:featuredmedia":[{"embeddable":true,"href":"https:\/\/buletin.de\/bucuresti\/wp-json\/wp\/v2\/media\/107146"}],"wp:attachment":[{"href":"https:\/\/buletin.de\/bucuresti\/wp-json\/wp\/v2\/media?parent=107143"}],"wp:term":[{"taxonomy":"category","embeddable":true,"href":"https:\/\/buletin.de\/bucuresti\/wp-json\/wp\/v2\/categories?post=107143"},{"taxonomy":"post_tag","embeddable":true,"href":"https:\/\/buletin.de\/bucuresti\/wp-json\/wp\/v2\/tags?post=107143"},{"taxonomy":"author","embeddable":true,"href":"https:\/\/buletin.de\/bucuresti\/wp-json\/wp\/v2\/ppma_author?post=107143"}],"curies":[{"name":"wp","href":"https:\/\/api.w.org\/{rel}","templated":true}]}}